{"id":9448,"date":"2025-10-17T21:35:05","date_gmt":"2025-10-17T19:35:05","guid":{"rendered":"https:\/\/www.pogotowieflagowe.pl\/aktualne\/sedzia-ktory-przeciwstawil-sie-lukaszence-i-uratowal-rodziny-przed-ekstradycja-teraz-blokuje-wniosek-niemiec-o-nord-stream\/"},"modified":"2025-10-17T21:35:06","modified_gmt":"2025-10-17T19:35:06","slug":"sedzia-ktory-przeciwstawil-sie-lukaszence-i-uratowal-rodziny-przed-ekstradycja-teraz-blokuje-wniosek-niemiec-o-nord-stream","status":"publish","type":"post","link":"https:\/\/www.pogotowieflagowe.pl\/aktualne\/sedzia-ktory-przeciwstawil-sie-lukaszence-i-uratowal-rodziny-przed-ekstradycja-teraz-blokuje-wniosek-niemiec-o-nord-stream\/","title":{"rendered":"S\u0119dzia, kt\u00f3ry przeciwstawi\u0142 si\u0119 \u0141ukaszence i uratowa\u0142 rodziny przed ekstradycj\u0105, teraz blokuje wniosek Niemiec o Nord Stream"},"content":{"rendered":"\n<div class=\"td_block_wrap tdb_single_content tdi_41 td-pb-border-top td_block_template_8 td-post-content tagdiv-type\" data-td-block-uid=\"tdi_41\">\n<style>.tdi_41{margines-top:0px!important;margin-bottom:0px!important;dope\u0142nienie-g\u00f3ra:0px!important;dope\u0142nienie-d\u00f3\u0142:0px!important}<\/style>\n<style>.tdb_single_content{margin-bottom:0;*zoom:1}.tdb_single_content:before,.tdb_single_content:after{display:table;content:'';line-height:0}.tdb_single_content:after{clear:both}.tdb_single_content .tdb-block-inner>*:not(.wp-block-quote):not(.alignwide):not(.alignfull.wp-block-cover.has-parallax):not(.td-a-ad){margin-left:auto;margin-right:auto}.tdb_single_content a{pointer-events:auto}.tdb_single_content .td-spot-id-top_ad .tdc-placeholder-title:before{content:'Article Top Ad'!important}.tdb_single_content .td-spot-id-inline_ad0 .tdc-placeholder-title:before{content:'Article Reklama wbudowana 1'!important}.tdb_single_content .td-spot-id-inline_ad1 .tdc-placeholder-title:before{content:'Reklama wbudowana w artyku\u0142 2'!important}.tdb_single_content .td-spot-id-inline_ad2 .tdc-placeholder-title:before{content:'Reklama w tek\u015bcie artyku\u0142u 3'!important}.tdb_single_content .td-spot-id-bottom_ad .tdc-placeholder-title:before{content:'Article Bottom Ad'!important}.tdb_single_content .id_top_ad,.tdb_single_content .id_bottom_ad{clear:both;margin-bottom:21px;text-align:center}.tdb_single_content .id_top_ad img,.tdb_single_content .id_bottom_ad img{margin-bottom:0}.tdb_single_content .id_top_ad .adsbygoogle,.tdb_single_content .id_bottom_ad .adsbygoogle{position:relative}.tdb_single_content .id_ad_content-horiz-left,.tdb_single_content .id_ad_content-horiz-right,.tdb_single_content .id_ad_content-horiz-center{margin-bottom:15px}.tdb_single_content .id_ad_content-horiz-left img,.tdb_single_content .id_ad_content-horiz-right img,.tdb_single_content .id_ad_content-horiz-center img{margin-bottom:0}.tdb_single_content .id_ad_content-horiz-center{text-align:center}.tdb_single_content .id_ad_content-horiz-center img{margin-right:auto;margin-left:auto}.tdb_single_content .id_ad_content-horiz-left{float:left;margin-top:9px;margin-right:21px}.tdb_single_content .id_ad_content-horiz-right{float:right;margin-top:6px;margin-left:21px}.tdb_single_content .tdc-a-ad .tdc-placeholder-title{width:300px;height:250px}.tdb_single_content .tdc-a-ad .tdc-placeholder-title:before{position:absolute;top:50%;-webkit-transform:translateY(-50%);transform:translateY(-50%);margin:auto;display:table;width:100%}.tdb_single_content .tdb-block-inner.td-fix-index{word-break:break-word}.tdi_41,.tdi_41>p,.tdi_41 .tdb-block-inner>p,.wp-block-column>p{font-size:16px!important;line-height:1.6!important}.tdi_41 .tdb-block-inner cytat blokowy p{font-style:normal!important}@media (max-width:767px){.tdb_single_content .id_ad_content-horiz-left,.tdb_single_content .id_ad_content-horiz-right,.tdb_single_content .id_ad_content-horiz-center{margin:0 auto 26 pikseli auto}}@media (max-width:767px){.tdb_single_content .id_ad_content-horiz-left{margin-right:0}}@media (max-width:767px){.tdb_single_content .id_ad_content-horiz-right{margin-left:0}}@media (max-width:767px){.tdb_single_content .td-a-ad{float:none;text-align:center}.tdb_single_content .td-a-ad img{margin-right:auto;margin-left:auto}.tdb_single_content .tdc-a-ad{float:none}}<\/style>\n<div class=\"tdb-block-inner td-fix-index\">\n<p>S\u0119dzia Dariusz \u0141ubowski postanowi\u0142 odrzuci\u0107 wniosek w\u0142adz niemieckich o ekstradycj\u0119 Wo\u0142odymyra \u017b. Uchyli\u0142 tak\u017ce \u015brodek zapobiegawczy w postaci tymczasowego aresztowania i nakaza\u0142 natychmiastowe zwolnienie. To nie pierwsze tak g\u0142o\u015bne orzeczenie tego s\u0119dziego. W 2022 roku Prokuratura Generalna Bia\u0142orusi wszcz\u0119\u0142a post\u0119powanie karne przeciwko \u0141ubowskiemu w zwi\u0105zku z odmow\u0105 ekstradycji na Bia\u0142oru\u015b za\u0142o\u017cyciela NEXTA.<\/p>\n<p>Pod koniec wrze\u015bnia Wo\u0142odymyr \u017b., obywatel Ukrainy poszukiwany przez Niemcy za rzekome zniszczenie infrastruktury gazoci\u0105gu Nord Stream na Morzu Ba\u0142tyckim, zosta\u0142 zatrzymany w Polsce na podstawie Europejskiego Nakazu Aresztowania.<\/p>\n<p>S\u0119dzia \u0141ubowski oddali\u0142 niemiecki wniosek o ekstradycj\u0119. W uzasadnieniu podkre\u015bli\u0142, \u017ce celem niniejszego post\u0119powania nie by\u0142o ustalenie, czy poszukiwany dopu\u015bci\u0142 si\u0119 zarzucanego przez stron\u0119 niemieck\u0105 czynu, a jedynie ustalenie, czy czyn ten m\u00f3g\u0142 stanowi\u0107 podstaw\u0119 do wykonania Europejskiego Nakazu Aresztowania.<\/p>\n<p>\u201ePolski s\u0105d nie ma w tej sprawie dowod\u00f3w, gdy\u017c w\u0142adze niemieckie przekaza\u0142y jedynie bardzo og\u00f3lne informacje\u201d \u2013 podkre\u015bli\u0142.<\/p>\n<p>To nie pierwszy raz, kiedy s\u0119dzia trafi\u0142 na pierwsze strony gazet. W 2022 roku \u0141ubowski odm\u00f3wi\u0142 ekstradycji bia\u0142oruskiego dzia\u0142acza opozycji i dziennikarza NEXTA Stsiapana Putili. W zwi\u0105zku z t\u0105 decyzj\u0105 Bia\u0142oruska Prokuratura Generalna wszcz\u0119\u0142a przeciwko niemu post\u0119powanie karne.<\/p>\n<p>W uzasadnieniu dotycz\u0105cym bia\u0142oruskiego opozycjonisty s\u0119dzia orzek\u0142, \u017ce \u201enie mo\u017cna oddawa\u0107 kogo\u015b wymiarowi sprawiedliwo\u015bci, kt\u00f3rego w rzeczywisto\u015bci nie ma\u201d. Wskaza\u0142 tak\u017ce na systemowe \u0142amanie praw cz\u0142owieka na Bia\u0142orusi.<\/p>\n<p>\u201eTen kraj \u017c\u0105da ekstradycji ca\u0142kowicie niewinnej osoby tylko dlatego, \u017ce ma ona inne pogl\u0105dy ni\u017c psychopatyczny dyktator\u201d \u2013 zauwa\u017cy\u0142.<\/p>\n<p>Wcze\u015bniej, w lipcu 2019 r., s\u0119dzia \u0141ubowski odm\u00f3wi\u0142 ekstradycji Denisa Lisowa w\u0142adzom szwedzkim. Lisov by\u0142 poszukiwany Europejskim Nakazem Aresztowania po tym, jak odebra\u0142 c\u00f3rki muzu\u0142ma\u0144skiej rodzinie zast\u0119pczej.<\/p>\n<p>&#8222;Denis Lisow zosta\u0142 postawiony w beznadziejnej sytuacji, w prawdziwej pu\u0142apce. Odebrano mu dzieci, a jednocze\u015bnie stworzono warunki ich odzyskania, kt\u00f3rych nie m\u00f3g\u0142 spe\u0142ni\u0107, bo nie otrzyma\u0142 pozwolenia na pobyt sta\u0142y. W\u0142adze nie zapewni\u0142y mu nale\u017cytych kontakt\u00f3w z c\u00f3rkami, a rodzin\u0119 zast\u0119pcz\u0105 umieszczono w znacznej odleg\u0142o\u015bci od miejsca zamieszkania&#8221; &#8211; argumentowa\u0142 w\u00f3wczas s\u0119dzia \u0141ubowski.<\/p>\n<p>W 2020 roku s\u0119dzia odm\u00f3wi\u0142 tak\u017ce ekstradycji do Holandii rodzic\u00f3w autystycznego dziecka, kt\u00f3re uciek\u0142o z tego kraju w obawie, \u017ce strac\u0105 opiek\u0119 nad synem.<\/p>\n<p>&#8222;Nie trzeba specjalistycznej wiedzy psychologicznej czy medycznej, aby stwierdzi\u0107, \u017ce ka\u017cde dziecko &#8211; a zw\u0142aszcza dziecko autystyczne &#8211; potrzebuje przede wszystkim rodzicielskiej mi\u0142o\u015bci, spokoju i poczucia bezpiecze\u0144stwa, kt\u00f3re w bezpiecznym domu mog\u0105 zapewni\u0107 tylko rodzice, a zw\u0142aszcza matka. Takie zachowanie nale\u017cy uzna\u0107 za ca\u0142kowicie nieludzkie i barbarzy\u0144skie&#8221; &#8211; napisano s\u0119dzia w swoim postanowieniu.<\/p>\n<p>Nast\u0119pnie zwr\u00f3ci\u0142 uwag\u0119, \u017ce w Holandii dziecko ze spektrum autyzmu \u201epo uko\u0144czeniu 12. roku \u017cycia mo\u017ce zosta\u0107 pozbawione \u017cycia przez lekarzy bez zgody, a nawet wiedzy rodzic\u00f3w\u201d.<\/p>\n<\/div>\n<\/div>\n","protected":false},"excerpt":{"rendered":"<p>S\u0119dzia Dariusz \u0141ubowski postanowi\u0142 odrzuci\u0107 wniosek w\u0142adz niemieckich o ekstradycj\u0119 Wo\u0142odymyra \u017b. Uchyli\u0142 tak\u017ce \u015brodek zapobiegawczy w postaci tymczasowego aresztowania<\/p>\n","protected":false},"author":1,"featured_media":9449,"comment_status":"open","ping_status":"open","sticky":false,"template":"","format":"standard","meta":{"footnotes":""},"categories":[4748],"tags":[1255,10379,1010,10959,753,37,10958,643,1580,3212,150,38,1334,10960,6023],"class_list":["post-9448","post","type-post","status-publish","format-standard","has-post-thumbnail","hentry","category-aktualne","tag-blokuje","tag-ekstradycja","tag-ktory","tag-lukaszence","tag-niemiec","tag-nord","tag-przeciwstawil","tag-przed","tag-rodziny","tag-sedzia","tag-sie","tag-stream","tag-teraz","tag-uratowal","tag-wniosek","generate-columns","tablet-grid-50","mobile-grid-100","grid-parent","grid-50","resize-featured-image"],"yoast_head":"<!-- This site is optimized with the Yoast SEO plugin v23.2 - https:\/\/yoast.com\/wordpress\/plugins\/seo\/ -->\n<title>S\u0119dzia, kt\u00f3ry przeciwstawi\u0142 si\u0119 \u0141ukaszence i uratowa\u0142 rodziny przed ekstradycj\u0105, teraz blokuje wniosek Niemiec o Nord Stream - POGOTOWIE FLAGOWE\u00ae<\/title>\n<meta name=\"robots\" content=\"index, follow, max-snippet:-1, max-image-preview:large, max-video-preview:-1\" \/>\n<link rel=\"canonical\" href=\"https:\/\/www.pogotowieflagowe.pl\/aktualne\/sedzia-ktory-przeciwstawil-sie-lukaszence-i-uratowal-rodziny-przed-ekstradycja-teraz-blokuje-wniosek-niemiec-o-nord-stream\/\" \/>\n<meta property=\"og:locale\" content=\"pl_PL\" \/>\n<meta property=\"og:type\" content=\"article\" \/>\n<meta property=\"og:title\" content=\"S\u0119dzia, kt\u00f3ry przeciwstawi\u0142 si\u0119 \u0141ukaszence i uratowa\u0142 rodziny przed ekstradycj\u0105, teraz blokuje wniosek Niemiec o Nord Stream - POGOTOWIE FLAGOWE\u00ae\" \/>\n<meta property=\"og:description\" content=\"S\u0119dzia Dariusz \u0141ubowski postanowi\u0142 odrzuci\u0107 wniosek w\u0142adz niemieckich o ekstradycj\u0119 Wo\u0142odymyra \u017b. Uchyli\u0142 tak\u017ce \u015brodek zapobiegawczy w postaci tymczasowego aresztowania\" \/>\n<meta property=\"og:url\" content=\"https:\/\/www.pogotowieflagowe.pl\/aktualne\/sedzia-ktory-przeciwstawil-sie-lukaszence-i-uratowal-rodziny-przed-ekstradycja-teraz-blokuje-wniosek-niemiec-o-nord-stream\/\" \/>\n<meta property=\"og:site_name\" content=\"POGOTOWIE FLAGOWE\u00ae\" \/>\n<meta property=\"article:published_time\" content=\"2025-10-17T19:35:05+00:00\" \/>\n<meta property=\"article:modified_time\" content=\"2025-10-17T19:35:06+00:00\" \/>\n<meta property=\"og:image\" content=\"https:\/\/www.pogotowieflagowe.pl\/aktualne\/wp-content\/uploads\/2025\/10\/Sedzia-ktory-przeciwstawil-sie-Lukaszence-i-uratowal-rodziny-przed-ekstradycja.webp.webp\" \/>\n\t<meta property=\"og:image:width\" content=\"1280\" \/>\n\t<meta property=\"og:image:height\" content=\"720\" \/>\n\t<meta property=\"og:image:type\" content=\"image\/webp\" \/>\n<meta name=\"author\" content=\"Filip\" \/>\n<meta name=\"twitter:card\" content=\"summary_large_image\" \/>\n<meta name=\"twitter:label1\" content=\"Napisane przez\" \/>\n\t<meta name=\"twitter:data1\" content=\"Filip\" \/>\n\t<meta name=\"twitter:label2\" content=\"Szacowany czas czytania\" \/>\n\t<meta name=\"twitter:data2\" content=\"2 minuty\" \/>\n<script type=\"application\/ld+json\" class=\"yoast-schema-graph\">{\"@context\":\"https:\/\/schema.org\",\"@graph\":[{\"@type\":\"Article\",\"@id\":\"https:\/\/www.pogotowieflagowe.pl\/aktualne\/sedzia-ktory-przeciwstawil-sie-lukaszence-i-uratowal-rodziny-przed-ekstradycja-teraz-blokuje-wniosek-niemiec-o-nord-stream\/#article\",\"isPartOf\":{\"@id\":\"https:\/\/www.pogotowieflagowe.pl\/aktualne\/sedzia-ktory-przeciwstawil-sie-lukaszence-i-uratowal-rodziny-przed-ekstradycja-teraz-blokuje-wniosek-niemiec-o-nord-stream\/\"},\"author\":{\"name\":\"Filip\",\"@id\":\"https:\/\/www.pogotowieflagowe.pl\/aktualne\/#\/schema\/person\/9c2fb7d2362ebf6fa088960d7f0d27b0\"},\"headline\":\"S\u0119dzia, kt\u00f3ry przeciwstawi\u0142 si\u0119 \u0141ukaszence i uratowa\u0142 rodziny przed ekstradycj\u0105, teraz blokuje wniosek Niemiec o Nord Stream\",\"datePublished\":\"2025-10-17T19:35:05+00:00\",\"dateModified\":\"2025-10-17T19:35:06+00:00\",\"mainEntityOfPage\":{\"@id\":\"https:\/\/www.pogotowieflagowe.pl\/aktualne\/sedzia-ktory-przeciwstawil-sie-lukaszence-i-uratowal-rodziny-przed-ekstradycja-teraz-blokuje-wniosek-niemiec-o-nord-stream\/\"},\"wordCount\":515,\"commentCount\":0,\"publisher\":{\"@id\":\"https:\/\/www.pogotowieflagowe.pl\/aktualne\/#organization\"},\"image\":{\"@id\":\"https:\/\/www.pogotowieflagowe.pl\/aktualne\/sedzia-ktory-przeciwstawil-sie-lukaszence-i-uratowal-rodziny-przed-ekstradycja-teraz-blokuje-wniosek-niemiec-o-nord-stream\/#primaryimage\"},\"thumbnailUrl\":\"https:\/\/www.pogotowieflagowe.pl\/aktualne\/wp-content\/uploads\/2025\/10\/Sedzia-ktory-przeciwstawil-sie-Lukaszence-i-uratowal-rodziny-przed-ekstradycja.webp.webp\",\"keywords\":[\"blokuje\",\"Ekstradycja\",\"kt\u00f3ry\",\"\u0141ukaszence\",\"Niemiec\",\"Nord\",\"przeciwstawi\u0142\",\"przed\",\"rodziny\",\"s\u0119dzia\",\"si\u0119\",\"Stream\",\"Teraz\",\"uratowa\u0142\",\"wniosek\"],\"articleSection\":[\"Aktualne\"],\"inLanguage\":\"pl-PL\",\"potentialAction\":[{\"@type\":\"CommentAction\",\"name\":\"Comment\",\"target\":[\"https:\/\/www.pogotowieflagowe.pl\/aktualne\/sedzia-ktory-przeciwstawil-sie-lukaszence-i-uratowal-rodziny-przed-ekstradycja-teraz-blokuje-wniosek-niemiec-o-nord-stream\/#respond\"]}]},{\"@type\":\"WebPage\",\"@id\":\"https:\/\/www.pogotowieflagowe.pl\/aktualne\/sedzia-ktory-przeciwstawil-sie-lukaszence-i-uratowal-rodziny-przed-ekstradycja-teraz-blokuje-wniosek-niemiec-o-nord-stream\/\",\"url\":\"https:\/\/www.pogotowieflagowe.pl\/aktualne\/sedzia-ktory-przeciwstawil-sie-lukaszence-i-uratowal-rodziny-przed-ekstradycja-teraz-blokuje-wniosek-niemiec-o-nord-stream\/\",\"name\":\"S\u0119dzia, kt\u00f3ry przeciwstawi\u0142 si\u0119 \u0141ukaszence i uratowa\u0142 rodziny przed ekstradycj\u0105, teraz blokuje wniosek Niemiec o Nord Stream - POGOTOWIE FLAGOWE\u00ae\",\"isPartOf\":{\"@id\":\"https:\/\/www.pogotowieflagowe.pl\/aktualne\/#website\"},\"primaryImageOfPage\":{\"@id\":\"https:\/\/www.pogotowieflagowe.pl\/aktualne\/sedzia-ktory-przeciwstawil-sie-lukaszence-i-uratowal-rodziny-przed-ekstradycja-teraz-blokuje-wniosek-niemiec-o-nord-stream\/#primaryimage\"},\"image\":{\"@id\":\"https:\/\/www.pogotowieflagowe.pl\/aktualne\/sedzia-ktory-przeciwstawil-sie-lukaszence-i-uratowal-rodziny-przed-ekstradycja-teraz-blokuje-wniosek-niemiec-o-nord-stream\/#primaryimage\"},\"thumbnailUrl\":\"https:\/\/www.pogotowieflagowe.pl\/aktualne\/wp-content\/uploads\/2025\/10\/Sedzia-ktory-przeciwstawil-sie-Lukaszence-i-uratowal-rodziny-przed-ekstradycja.webp.webp\",\"datePublished\":\"2025-10-17T19:35:05+00:00\",\"dateModified\":\"2025-10-17T19:35:06+00:00\",\"breadcrumb\":{\"@id\":\"https:\/\/www.pogotowieflagowe.pl\/aktualne\/sedzia-ktory-przeciwstawil-sie-lukaszence-i-uratowal-rodziny-przed-ekstradycja-teraz-blokuje-wniosek-niemiec-o-nord-stream\/#breadcrumb\"},\"inLanguage\":\"pl-PL\",\"potentialAction\":[{\"@type\":\"ReadAction\",\"target\":[\"https:\/\/www.pogotowieflagowe.pl\/aktualne\/sedzia-ktory-przeciwstawil-sie-lukaszence-i-uratowal-rodziny-przed-ekstradycja-teraz-blokuje-wniosek-niemiec-o-nord-stream\/\"]}]},{\"@type\":\"ImageObject\",\"inLanguage\":\"pl-PL\",\"@id\":\"https:\/\/www.pogotowieflagowe.pl\/aktualne\/sedzia-ktory-przeciwstawil-sie-lukaszence-i-uratowal-rodziny-przed-ekstradycja-teraz-blokuje-wniosek-niemiec-o-nord-stream\/#primaryimage\",\"url\":\"https:\/\/www.pogotowieflagowe.pl\/aktualne\/wp-content\/uploads\/2025\/10\/Sedzia-ktory-przeciwstawil-sie-Lukaszence-i-uratowal-rodziny-przed-ekstradycja.webp.webp\",\"contentUrl\":\"https:\/\/www.pogotowieflagowe.pl\/aktualne\/wp-content\/uploads\/2025\/10\/Sedzia-ktory-przeciwstawil-sie-Lukaszence-i-uratowal-rodziny-przed-ekstradycja.webp.webp\",\"width\":1280,\"height\":720,\"caption\":\"S\u0119dzia, kt\u00f3ry przeciwstawi\u0142 si\u0119 \u0141ukaszence i uratowa\u0142 rodziny przed ekstradycj\u0105, teraz blokuje wniosek Niemiec o Nord Stream\"},{\"@type\":\"BreadcrumbList\",\"@id\":\"https:\/\/www.pogotowieflagowe.pl\/aktualne\/sedzia-ktory-przeciwstawil-sie-lukaszence-i-uratowal-rodziny-przed-ekstradycja-teraz-blokuje-wniosek-niemiec-o-nord-stream\/#breadcrumb\",\"itemListElement\":[{\"@type\":\"ListItem\",\"position\":1,\"name\":\"Home\",\"item\":\"https:\/\/www.pogotowieflagowe.pl\/aktualne\/\"},{\"@type\":\"ListItem\",\"position\":2,\"name\":\"S\u0119dzia, kt\u00f3ry przeciwstawi\u0142 si\u0119 \u0141ukaszence i uratowa\u0142 rodziny przed ekstradycj\u0105, teraz blokuje wniosek Niemiec o Nord Stream\"}]},{\"@type\":\"WebSite\",\"@id\":\"https:\/\/www.pogotowieflagowe.pl\/aktualne\/#website\",\"url\":\"https:\/\/www.pogotowieflagowe.pl\/aktualne\/\",\"name\":\"POGOTOWIE FLAGOWE\u00ae\",\"description\":\"\",\"publisher\":{\"@id\":\"https:\/\/www.pogotowieflagowe.pl\/aktualne\/#organization\"},\"potentialAction\":[{\"@type\":\"SearchAction\",\"target\":{\"@type\":\"EntryPoint\",\"urlTemplate\":\"https:\/\/www.pogotowieflagowe.pl\/aktualne\/?s={search_term_string}\"},\"query-input\":\"required name=search_term_string\"}],\"inLanguage\":\"pl-PL\"},{\"@type\":\"Organization\",\"@id\":\"https:\/\/www.pogotowieflagowe.pl\/aktualne\/#organization\",\"name\":\"POGOTOWIE FLAGOWE\u00ae\",\"url\":\"https:\/\/www.pogotowieflagowe.pl\/aktualne\/\",\"logo\":{\"@type\":\"ImageObject\",\"inLanguage\":\"pl-PL\",\"@id\":\"https:\/\/www.pogotowieflagowe.pl\/aktualne\/#\/schema\/logo\/image\/\",\"url\":\"https:\/\/www.pogotowieflagowe.pl\/aktualne\/wp-content\/uploads\/2024\/08\/cropped-pogotowieflagowe_flaga_projekt_sm.jpg\",\"contentUrl\":\"https:\/\/www.pogotowieflagowe.pl\/aktualne\/wp-content\/uploads\/2024\/08\/cropped-pogotowieflagowe_flaga_projekt_sm.jpg\",\"width\":250,\"height\":143,\"caption\":\"POGOTOWIE FLAGOWE\u00ae\"},\"image\":{\"@id\":\"https:\/\/www.pogotowieflagowe.pl\/aktualne\/#\/schema\/logo\/image\/\"}},{\"@type\":\"Person\",\"@id\":\"https:\/\/www.pogotowieflagowe.pl\/aktualne\/#\/schema\/person\/9c2fb7d2362ebf6fa088960d7f0d27b0\",\"name\":\"Filip\",\"image\":{\"@type\":\"ImageObject\",\"inLanguage\":\"pl-PL\",\"@id\":\"https:\/\/www.pogotowieflagowe.pl\/aktualne\/#\/schema\/person\/image\/\",\"url\":\"https:\/\/www.pogotowieflagowe.pl\/aktualne\/wp-content\/uploads\/2024\/08\/pogotowieflagowe.pl_.jpg\",\"contentUrl\":\"https:\/\/www.pogotowieflagowe.pl\/aktualne\/wp-content\/uploads\/2024\/08\/pogotowieflagowe.pl_.jpg\",\"caption\":\"Filip\"},\"description\":\"Jestem Filip, polski dziennikarz z dyplomem nauk politycznych Uniwersytetu Warszawskiego. Rozpoczynaj\u0105c swoj\u0105 karier\u0119 w r\u00f3\u017cnych lokalnych mediach, zdoby\u0142em solidne do\u015bwiadczenie w zakresie \u015bledztwa i redakcji. Obecnie jako redaktor w Pogotowie flagowe, staram si\u0119 dostarcza\u0107 dog\u0142\u0119bne i istotne analizy na temat najwa\u017cniejszych kwestii aktualno\u015bci, \u0142\u0105cz\u0105c rygor z pasj\u0105 dziennikarsk\u0105.\",\"sameAs\":[\"https:\/\/www.pogotowieflagowe.pl\/\"]}]}<\/script>\n<!-- \/ Yoast SEO plugin. -->","yoast_head_json":{"title":"S\u0119dzia, kt\u00f3ry przeciwstawi\u0142 si\u0119 \u0141ukaszence i uratowa\u0142 rodziny przed ekstradycj\u0105, teraz blokuje wniosek Niemiec o Nord Stream - POGOTOWIE FLAGOWE\u00ae","robots":{"index":"index","follow":"follow","max-snippet":"max-snippet:-1","max-image-preview":"max-image-preview:large","max-video-preview":"max-video-preview:-1"},"canonical":"https:\/\/www.pogotowieflagowe.pl\/aktualne\/sedzia-ktory-przeciwstawil-sie-lukaszence-i-uratowal-rodziny-przed-ekstradycja-teraz-blokuje-wniosek-niemiec-o-nord-stream\/","og_locale":"pl_PL","og_type":"article","og_title":"S\u0119dzia, kt\u00f3ry przeciwstawi\u0142 si\u0119 \u0141ukaszence i uratowa\u0142 rodziny przed ekstradycj\u0105, teraz blokuje wniosek Niemiec o Nord Stream - POGOTOWIE FLAGOWE\u00ae","og_description":"S\u0119dzia Dariusz \u0141ubowski postanowi\u0142 odrzuci\u0107 wniosek w\u0142adz niemieckich o ekstradycj\u0119 Wo\u0142odymyra \u017b. Uchyli\u0142 tak\u017ce \u015brodek zapobiegawczy w postaci tymczasowego aresztowania","og_url":"https:\/\/www.pogotowieflagowe.pl\/aktualne\/sedzia-ktory-przeciwstawil-sie-lukaszence-i-uratowal-rodziny-przed-ekstradycja-teraz-blokuje-wniosek-niemiec-o-nord-stream\/","og_site_name":"POGOTOWIE FLAGOWE\u00ae","article_published_time":"2025-10-17T19:35:05+00:00","article_modified_time":"2025-10-17T19:35:06+00:00","og_image":[{"width":1280,"height":720,"url":"https:\/\/www.pogotowieflagowe.pl\/aktualne\/wp-content\/uploads\/2025\/10\/Sedzia-ktory-przeciwstawil-sie-Lukaszence-i-uratowal-rodziny-przed-ekstradycja.webp.webp","type":"image\/webp"}],"author":"Filip","twitter_card":"summary_large_image","twitter_misc":{"Napisane przez":"Filip","Szacowany czas czytania":"2 minuty"},"schema":{"@context":"https:\/\/schema.org","@graph":[{"@type":"Article","@id":"https:\/\/www.pogotowieflagowe.pl\/aktualne\/sedzia-ktory-przeciwstawil-sie-lukaszence-i-uratowal-rodziny-przed-ekstradycja-teraz-blokuje-wniosek-niemiec-o-nord-stream\/#article","isPartOf":{"@id":"https:\/\/www.pogotowieflagowe.pl\/aktualne\/sedzia-ktory-przeciwstawil-sie-lukaszence-i-uratowal-rodziny-przed-ekstradycja-teraz-blokuje-wniosek-niemiec-o-nord-stream\/"},"author":{"name":"Filip","@id":"https:\/\/www.pogotowieflagowe.pl\/aktualne\/#\/schema\/person\/9c2fb7d2362ebf6fa088960d7f0d27b0"},"headline":"S\u0119dzia, kt\u00f3ry przeciwstawi\u0142 si\u0119 \u0141ukaszence i uratowa\u0142 rodziny przed ekstradycj\u0105, teraz blokuje wniosek Niemiec o Nord Stream","datePublished":"2025-10-17T19:35:05+00:00","dateModified":"2025-10-17T19:35:06+00:00","mainEntityOfPage":{"@id":"https:\/\/www.pogotowieflagowe.pl\/aktualne\/sedzia-ktory-przeciwstawil-sie-lukaszence-i-uratowal-rodziny-przed-ekstradycja-teraz-blokuje-wniosek-niemiec-o-nord-stream\/"},"wordCount":515,"commentCount":0,"publisher":{"@id":"https:\/\/www.pogotowieflagowe.pl\/aktualne\/#organization"},"image":{"@id":"https:\/\/www.pogotowieflagowe.pl\/aktualne\/sedzia-ktory-przeciwstawil-sie-lukaszence-i-uratowal-rodziny-przed-ekstradycja-teraz-blokuje-wniosek-niemiec-o-nord-stream\/#primaryimage"},"thumbnailUrl":"https:\/\/www.pogotowieflagowe.pl\/aktualne\/wp-content\/uploads\/2025\/10\/Sedzia-ktory-przeciwstawil-sie-Lukaszence-i-uratowal-rodziny-przed-ekstradycja.webp.webp","keywords":["blokuje","Ekstradycja","kt\u00f3ry","\u0141ukaszence","Niemiec","Nord","przeciwstawi\u0142","przed","rodziny","s\u0119dzia","si\u0119","Stream","Teraz","uratowa\u0142","wniosek"],"articleSection":["Aktualne"],"inLanguage":"pl-PL","potentialAction":[{"@type":"CommentAction","name":"Comment","target":["https:\/\/www.pogotowieflagowe.pl\/aktualne\/sedzia-ktory-przeciwstawil-sie-lukaszence-i-uratowal-rodziny-przed-ekstradycja-teraz-blokuje-wniosek-niemiec-o-nord-stream\/#respond"]}]},{"@type":"WebPage","@id":"https:\/\/www.pogotowieflagowe.pl\/aktualne\/sedzia-ktory-przeciwstawil-sie-lukaszence-i-uratowal-rodziny-przed-ekstradycja-teraz-blokuje-wniosek-niemiec-o-nord-stream\/","url":"https:\/\/www.pogotowieflagowe.pl\/aktualne\/sedzia-ktory-przeciwstawil-sie-lukaszence-i-uratowal-rodziny-przed-ekstradycja-teraz-blokuje-wniosek-niemiec-o-nord-stream\/","name":"S\u0119dzia, kt\u00f3ry przeciwstawi\u0142 si\u0119 \u0141ukaszence i uratowa\u0142 rodziny przed ekstradycj\u0105, teraz blokuje wniosek Niemiec o Nord Stream - POGOTOWIE FLAGOWE\u00ae","isPartOf":{"@id":"https:\/\/www.pogotowieflagowe.pl\/aktualne\/#website"},"primaryImageOfPage":{"@id":"https:\/\/www.pogotowieflagowe.pl\/aktualne\/sedzia-ktory-przeciwstawil-sie-lukaszence-i-uratowal-rodziny-przed-ekstradycja-teraz-blokuje-wniosek-niemiec-o-nord-stream\/#primaryimage"},"image":{"@id":"https:\/\/www.pogotowieflagowe.pl\/aktualne\/sedzia-ktory-przeciwstawil-sie-lukaszence-i-uratowal-rodziny-przed-ekstradycja-teraz-blokuje-wniosek-niemiec-o-nord-stream\/#primaryimage"},"thumbnailUrl":"https:\/\/www.pogotowieflagowe.pl\/aktualne\/wp-content\/uploads\/2025\/10\/Sedzia-ktory-przeciwstawil-sie-Lukaszence-i-uratowal-rodziny-przed-ekstradycja.webp.webp","datePublished":"2025-10-17T19:35:05+00:00","dateModified":"2025-10-17T19:35:06+00:00","breadcrumb":{"@id":"https:\/\/www.pogotowieflagowe.pl\/aktualne\/sedzia-ktory-przeciwstawil-sie-lukaszence-i-uratowal-rodziny-przed-ekstradycja-teraz-blokuje-wniosek-niemiec-o-nord-stream\/#breadcrumb"},"inLanguage":"pl-PL","potentialAction":[{"@type":"ReadAction","target":["https:\/\/www.pogotowieflagowe.pl\/aktualne\/sedzia-ktory-przeciwstawil-sie-lukaszence-i-uratowal-rodziny-przed-ekstradycja-teraz-blokuje-wniosek-niemiec-o-nord-stream\/"]}]},{"@type":"ImageObject","inLanguage":"pl-PL","@id":"https:\/\/www.pogotowieflagowe.pl\/aktualne\/sedzia-ktory-przeciwstawil-sie-lukaszence-i-uratowal-rodziny-przed-ekstradycja-teraz-blokuje-wniosek-niemiec-o-nord-stream\/#primaryimage","url":"https:\/\/www.pogotowieflagowe.pl\/aktualne\/wp-content\/uploads\/2025\/10\/Sedzia-ktory-przeciwstawil-sie-Lukaszence-i-uratowal-rodziny-przed-ekstradycja.webp.webp","contentUrl":"https:\/\/www.pogotowieflagowe.pl\/aktualne\/wp-content\/uploads\/2025\/10\/Sedzia-ktory-przeciwstawil-sie-Lukaszence-i-uratowal-rodziny-przed-ekstradycja.webp.webp","width":1280,"height":720,"caption":"S\u0119dzia, kt\u00f3ry przeciwstawi\u0142 si\u0119 \u0141ukaszence i uratowa\u0142 rodziny przed ekstradycj\u0105, teraz blokuje wniosek Niemiec o Nord Stream"},{"@type":"BreadcrumbList","@id":"https:\/\/www.pogotowieflagowe.pl\/aktualne\/sedzia-ktory-przeciwstawil-sie-lukaszence-i-uratowal-rodziny-przed-ekstradycja-teraz-blokuje-wniosek-niemiec-o-nord-stream\/#breadcrumb","itemListElement":[{"@type":"ListItem","position":1,"name":"Home","item":"https:\/\/www.pogotowieflagowe.pl\/aktualne\/"},{"@type":"ListItem","position":2,"name":"S\u0119dzia, kt\u00f3ry przeciwstawi\u0142 si\u0119 \u0141ukaszence i uratowa\u0142 rodziny przed ekstradycj\u0105, teraz blokuje wniosek Niemiec o Nord Stream"}]},{"@type":"WebSite","@id":"https:\/\/www.pogotowieflagowe.pl\/aktualne\/#website","url":"https:\/\/www.pogotowieflagowe.pl\/aktualne\/","name":"POGOTOWIE FLAGOWE\u00ae","description":"","publisher":{"@id":"https:\/\/www.pogotowieflagowe.pl\/aktualne\/#organization"},"potentialAction":[{"@type":"SearchAction","target":{"@type":"EntryPoint","urlTemplate":"https:\/\/www.pogotowieflagowe.pl\/aktualne\/?s={search_term_string}"},"query-input":"required name=search_term_string"}],"inLanguage":"pl-PL"},{"@type":"Organization","@id":"https:\/\/www.pogotowieflagowe.pl\/aktualne\/#organization","name":"POGOTOWIE FLAGOWE\u00ae","url":"https:\/\/www.pogotowieflagowe.pl\/aktualne\/","logo":{"@type":"ImageObject","inLanguage":"pl-PL","@id":"https:\/\/www.pogotowieflagowe.pl\/aktualne\/#\/schema\/logo\/image\/","url":"https:\/\/www.pogotowieflagowe.pl\/aktualne\/wp-content\/uploads\/2024\/08\/cropped-pogotowieflagowe_flaga_projekt_sm.jpg","contentUrl":"https:\/\/www.pogotowieflagowe.pl\/aktualne\/wp-content\/uploads\/2024\/08\/cropped-pogotowieflagowe_flaga_projekt_sm.jpg","width":250,"height":143,"caption":"POGOTOWIE FLAGOWE\u00ae"},"image":{"@id":"https:\/\/www.pogotowieflagowe.pl\/aktualne\/#\/schema\/logo\/image\/"}},{"@type":"Person","@id":"https:\/\/www.pogotowieflagowe.pl\/aktualne\/#\/schema\/person\/9c2fb7d2362ebf6fa088960d7f0d27b0","name":"Filip","image":{"@type":"ImageObject","inLanguage":"pl-PL","@id":"https:\/\/www.pogotowieflagowe.pl\/aktualne\/#\/schema\/person\/image\/","url":"https:\/\/www.pogotowieflagowe.pl\/aktualne\/wp-content\/uploads\/2024\/08\/pogotowieflagowe.pl_.jpg","contentUrl":"https:\/\/www.pogotowieflagowe.pl\/aktualne\/wp-content\/uploads\/2024\/08\/pogotowieflagowe.pl_.jpg","caption":"Filip"},"description":"Jestem Filip, polski dziennikarz z dyplomem nauk politycznych Uniwersytetu Warszawskiego. Rozpoczynaj\u0105c swoj\u0105 karier\u0119 w r\u00f3\u017cnych lokalnych mediach, zdoby\u0142em solidne do\u015bwiadczenie w zakresie \u015bledztwa i redakcji. Obecnie jako redaktor w Pogotowie flagowe, staram si\u0119 dostarcza\u0107 dog\u0142\u0119bne i istotne analizy na temat najwa\u017cniejszych kwestii aktualno\u015bci, \u0142\u0105cz\u0105c rygor z pasj\u0105 dziennikarsk\u0105.","sameAs":["https:\/\/www.pogotowieflagowe.pl\/"]}]}},"_links":{"self":[{"href":"https:\/\/www.pogotowieflagowe.pl\/aktualne\/wp-json\/wp\/v2\/posts\/9448","targetHints":{"allow":["GET"]}}],"collection":[{"href":"https:\/\/www.pogotowieflagowe.pl\/aktualne\/wp-json\/wp\/v2\/posts"}],"about":[{"href":"https:\/\/www.pogotowieflagowe.pl\/aktualne\/wp-json\/wp\/v2\/types\/post"}],"author":[{"embeddable":true,"href":"https:\/\/www.pogotowieflagowe.pl\/aktualne\/wp-json\/wp\/v2\/users\/1"}],"replies":[{"embeddable":true,"href":"https:\/\/www.pogotowieflagowe.pl\/aktualne\/wp-json\/wp\/v2\/comments?post=9448"}],"version-history":[{"count":1,"href":"https:\/\/www.pogotowieflagowe.pl\/aktualne\/wp-json\/wp\/v2\/posts\/9448\/revisions"}],"predecessor-version":[{"id":9450,"href":"https:\/\/www.pogotowieflagowe.pl\/aktualne\/wp-json\/wp\/v2\/posts\/9448\/revisions\/9450"}],"wp:featuredmedia":[{"embeddable":true,"href":"https:\/\/www.pogotowieflagowe.pl\/aktualne\/wp-json\/wp\/v2\/media\/9449"}],"wp:attachment":[{"href":"https:\/\/www.pogotowieflagowe.pl\/aktualne\/wp-json\/wp\/v2\/media?parent=9448"}],"wp:term":[{"taxonomy":"category","embeddable":true,"href":"https:\/\/www.pogotowieflagowe.pl\/aktualne\/wp-json\/wp\/v2\/categories?post=9448"},{"taxonomy":"post_tag","embeddable":true,"href":"https:\/\/www.pogotowieflagowe.pl\/aktualne\/wp-json\/wp\/v2\/tags?post=9448"}],"curies":[{"name":"wp","href":"https:\/\/api.w.org\/{rel}","templated":true}]}}