{"id":9458,"date":"2025-10-17T23:07:50","date_gmt":"2025-10-17T21:07:50","guid":{"rendered":"https:\/\/www.pogotowieflagowe.pl\/aktualne\/tak-dla-polskich-portow-prezydent-nawrocki-podpisuje-kolejna-inicjatywe-legislacyjna\/"},"modified":"2025-10-17T23:07:52","modified_gmt":"2025-10-17T21:07:52","slug":"tak-dla-polskich-portow-prezydent-nawrocki-podpisuje-kolejna-inicjatywe-legislacyjna","status":"publish","type":"post","link":"https:\/\/www.pogotowieflagowe.pl\/aktualne\/tak-dla-polskich-portow-prezydent-nawrocki-podpisuje-kolejna-inicjatywe-legislacyjna\/","title":{"rendered":"\u201eTak dla polskich port\u00f3w\u201d: Prezydent Nawrocki podpisuje kolejn\u0105 inicjatyw\u0119 legislacyjn\u0105"},"content":{"rendered":"\n<div class=\"td_block_wrap tdb_single_content tdi_41 td-pb-border-top td_block_template_8 td-post-content tagdiv-type\" data-td-block-uid=\"tdi_41\">\n<style>.tdi_41{margines-top:0px!important;margin-bottom:0px!important;dope\u0142nienie-g\u00f3ra:0px!important;dope\u0142nienie-d\u00f3\u0142:0px!important}<\/style>\n<style>.tdb_single_content{margin-bottom:0;*zoom:1}.tdb_single_content:before,.tdb_single_content:after{display:table;content:'';line-height:0}.tdb_single_content:after{clear:both}.tdb_single_content .tdb-block-inner>*:not(.wp-block-quote):not(.alignwide):not(.alignfull.wp-block-cover.has-parallax):not(.td-a-ad){margin-left:auto;margin-right:auto}.tdb_single_content a{pointer-events:auto}.tdb_single_content .td-spot-id-top_ad .tdc-placeholder-title:before{content:'Article Top Ad'!important}.tdb_single_content .td-spot-id-inline_ad0 .tdc-placeholder-title:before{content:'Article Reklama wbudowana 1'!important}.tdb_single_content .td-spot-id-inline_ad1 .tdc-placeholder-title:before{content:'Reklama wbudowana w artyku\u0142 2'!important}.tdb_single_content .td-spot-id-inline_ad2 .tdc-placeholder-title:before{content:'Reklama w tek\u015bcie artyku\u0142u 3'!important}.tdb_single_content .td-spot-id-bottom_ad .tdc-placeholder-title:before{content:'Article Bottom Ad'!important}.tdb_single_content .id_top_ad,.tdb_single_content .id_bottom_ad{clear:both;margin-bottom:21px;text-align:center}.tdb_single_content .id_top_ad img,.tdb_single_content .id_bottom_ad img{margin-bottom:0}.tdb_single_content .id_top_ad .adsbygoogle,.tdb_single_content .id_bottom_ad .adsbygoogle{position:relative}.tdb_single_content .id_ad_content-horiz-left,.tdb_single_content .id_ad_content-horiz-right,.tdb_single_content .id_ad_content-horiz-center{margin-bottom:15px}.tdb_single_content .id_ad_content-horiz-left img,.tdb_single_content .id_ad_content-horiz-right img,.tdb_single_content .id_ad_content-horiz-center img{margin-bottom:0}.tdb_single_content .id_ad_content-horiz-center{text-align:center}.tdb_single_content .id_ad_content-horiz-center img{margin-right:auto;margin-left:auto}.tdb_single_content .id_ad_content-horiz-left{float:left;margin-top:9px;margin-right:21px}.tdb_single_content .id_ad_content-horiz-right{float:right;margin-top:6px;margin-left:21px}.tdb_single_content .tdc-a-ad .tdc-placeholder-title{width:300px;height:250px}.tdb_single_content .tdc-a-ad .tdc-placeholder-title:before{position:absolute;top:50%;-webkit-transform:translateY(-50%);transform:translateY(-50%);margin:auto;display:table;width:100%}.tdb_single_content .tdb-block-inner.td-fix-index{word-break:break-word}.tdi_41,.tdi_41>p,.tdi_41 .tdb-block-inner>p,.wp-block-column>p{font-size:16px!important;line-height:1.6!important}.tdi_41 .tdb-block-inner cytat blokowy p{font-style:normal!important}@media (max-width:767px){.tdb_single_content .id_ad_content-horiz-left,.tdb_single_content .id_ad_content-horiz-right,.tdb_single_content .id_ad_content-horiz-center{margin:0 auto 26 pikseli auto}}@media (max-width:767px){.tdb_single_content .id_ad_content-horiz-left{margin-right:0}}@media (max-width:767px){.tdb_single_content .id_ad_content-horiz-right{margin-left:0}}@media (max-width:767px){.tdb_single_content .td-a-ad{float:none;text-align:center}.tdb_single_content .td-a-ad img{margin-right:auto;margin-left:auto}.tdb_single_content .tdc-a-ad{float:none}}<\/style>\n<div class=\"tdb-block-inner td-fix-index\">\n<p>W pi\u0105tek w Gdyni Prezydent Karol Nawrocki podpisa\u0142 inicjatyw\u0119 legislacyjn\u0105 pt <em>\u201eTak dla polskich port\u00f3w\u201d.<\/em> Przed\u0142o\u017cony projekt ustawy nak\u0142ada na rz\u0105d obowi\u0105zek przeprowadzenia szeregu inwestycji maj\u0105cych na celu ochron\u0119 interes\u00f3w gospodarczych i strategicznych Polski.<\/p>\n<p>Prezydent Karol Nawrocki podpisa\u0142 dzi\u015b kolejn\u0105 inicjatyw\u0119 legislacyjn\u0105. Tym razem tak jest <em>\u201eTak! Dla polskich port\u00f3w.\u201d<\/em><\/p>\n<figure class=\"wp-block-pullquote\">\n<blockquote>\n<p><strong>\u201eTo rzeczywi\u015bcie kolejna inicjatywa legislacyjna, kt\u00f3ra wkr\u00f3tce zostanie skierowana do Marsza\u0142ka Sejmu RP i kolejny etap realizacji moich zobowi\u0105za\u0144 wyborczych. <em>Plan 21<\/em> b\u0119d\u0105 konsekwentnie i z pe\u0142n\u0105 determinacj\u0105 realizowane przez najbli\u017csze pi\u0119\u0107 lat. I tak jak m\u00f3wi\u0142em podczas kampanii wyborczej: tak <em>CPK<\/em> \u2013 ten projekt ustawy jest ju\u017c w trakcie prac legislacyjnych w polskim Sejmie \u2013 r\u00f3wnie g\u0142o\u015bno dzisiaj z Gdyni m\u00f3wi\u0119: tak dla polskich port\u00f3w!\u201d<\/strong> \u2013 powiedzia\u0142 prezydent w Gdyni. Doda\u0142 to <strong>\u201ejest to zatem kolejny punkt, kt\u00f3ry b\u0119d\u0119 realizowa\u0142 jako Prezydent RP\u201d.<\/strong><\/p>\n<\/blockquote>\n<\/figure>\n<h3 class=\"wp-block-heading\"><strong>Realizacja Planu 21<\/strong><\/h3>\n<figure class=\"wp-block-pullquote\">\n<blockquote>\n<p>Prezydent zwr\u00f3ci\u0142 na to uwag\u0119 <strong>\u201echo\u0107 mo\u017ce to wydawa\u0107 si\u0119 oczywiste i ludzie w ca\u0142ej Polsce na pewno dobrze o tym wiedz\u0105, Morze Ba\u0142tyckie stanowi ogromny potencja\u0142 dla pa\u0144stwa polskiego\u201d.<\/strong><\/p>\n<\/blockquote>\n<\/figure>\n<figure class=\"wp-block-pullquote\">\n<blockquote>\n<p><strong>&#8222;To potencja\u0142 gospodarczy, militarny i obronny \u2013 cho\u0107 jednocze\u015bnie du\u017ce wyzwanie z punktu widzenia bezpiecze\u0144stwa narodowego Polski. Sprawno\u015b\u0107 wykorzystania przez pa\u0144stwo polskie szans, jakie daje Morze Ba\u0142tyckie, jest odpowiedzialno\u015bci\u0105 nas wszystkich, jako wsp\u00f3lnoty narodowej. I musi budzi\u0107 niepok\u00f3j Prezydenta RP. Koncepcja rozwoju polskiej infrastruktury portowej, ta z 2019 r., wybiega\u0142a w przysz\u0142o\u015b\u0107 do roku 2030. Ale ju\u017c jestem przekonana, \u017ce \u200b\u200btrzeba my\u015ble\u0107 znacznie szersza perspektywa \u2013 przynajmniej do 2035 r. I w\u0142a\u015bnie o tym m\u00f3wi tak\u017ce podpisana dzisiaj ustawa. To pr\u00f3ba strategicznego, kompleksowego spojrzenia na gospodark\u0119 morsk\u0105 Polski, na zadania stoj\u0105ce przed pa\u0144stwem polskim, ale tak\u017ce zdyscyplinowany wysi\u0142ek, aby polski rz\u0105d doko\u0144czy\u0142 inwestycje rozpocz\u0119te w ramach <em>Zjednoczona Prawica<\/em>. Chodzi tak\u017ce o umo\u017cliwienie polskiemu rz\u0105dowi rozwi\u0105zania problem\u00f3w, jakie pojawiaj\u0105 si\u0119 wok\u00f3\u0142 wielu z tych projekt\u00f3w. Inicjatywa ta nie jest zatem skierowana przeciwko komukolwiek, ale raczej stanowi strategiczne podej\u015bcie do zaspokojenia potrzeby rozwoju \u2013 a przede wszystkim \u2013 infrastruktury portowej.\u201d<\/strong> wyja\u015bni\u0142.<\/p>\n<\/blockquote>\n<\/figure>\n<figure class=\"wp-block-pullquote\">\n<blockquote>\n<p><strong>&#8222;Patrz\u0105c na infrastruktur\u0119 portow\u0105, musimy mie\u0107 \u015bwiadomo\u015b\u0107, \u017ce zdecydowana wi\u0119kszo\u015b\u0107 handlu mi\u0119dzynarodowego odbywa si\u0119 w\u0142a\u015bnie przez polskie porty. Polskie porty generuj\u0105 230 000 miejsc pracy i wnosz\u0105 do bud\u017cetu pa\u0144stwa 60 miliard\u00f3w z\u0142otych. Dynamiczny wzrost handlu przez polskie porty utrzyma\u0142 si\u0119 do 2024 roku. Ten rok by\u0142 jednak swego rodzaju kryzysem, poniewa\u017c po raz pierwszy handel przez polskie porty w 2024 roku by\u0142 ni\u017cszy ni\u017c w roku poprzednim. Niemniej jednak musimy nadal podejmowa\u0107 dzia\u0142ania dok\u0142adamy wszelkich stara\u0144 i wype\u0142niamy nasze obowi\u0105zki w zakresie rozwoju infrastruktury portowej. Bez tego nie mieliby\u015bmy bezpiecze\u0144stwa energetycznego. Bez terminalu LNG w \u015awinouj\u015bciu czy terminalu naftowego w Gda\u0144sku nie byliby\u015bmy w stanie zapewni\u0107 sobie bezpiecze\u0144stwa energetycznego ani uwolni\u0107 si\u0119 od uzale\u017cnienia od surowc\u00f3w z Federacji Rosyjskiej \u2013 doda\u0142.<\/strong> Prezes Nawrocki kontynuowa\u0142.<\/p>\n<\/blockquote>\n<\/figure>\n<h3 class=\"wp-block-heading\"><strong>Kwestia bezpiecze\u0144stwa<\/strong><\/h3>\n<p>Prezydent zwr\u00f3ci\u0142 tak\u017ce uwag\u0119, \u017ce rozw\u00f3j infrastruktury portowej przyczynia si\u0119 do znacznie skuteczniejszego bezpiecze\u0144stwa militarnego.<\/p>\n<figure class=\"wp-block-pullquote\">\n<blockquote>\n<p><strong>&#8222;Bo przecie\u017c polskie porty, a w szczeg\u00f3lno\u015bci ba\u0142tycki port kontenerowy, to tak\u017ce punkty, przez kt\u00f3re dociera do Polski sprz\u0119t wojskowy. Dla naszych sojusznik\u00f3w, Amerykan\u00f3w, ale tak\u017ce dla Polskich Si\u0142 Zbrojnych. Rozw\u00f3j infrastruktury portowej determinuje nasze bezpiecze\u0144stwo i wsp\u00f3\u0142prac\u0119 sojusznicz\u0105. To wielka odpowiedzialno\u015b\u0107 \u2013 dla mnie, dla rz\u0105du i dla przysz\u0142ych rz\u0105d\u00f3w&#8221;<\/strong> wyja\u015bni\u0142.<\/p>\n<\/blockquote>\n<\/figure>\n<figure class=\"wp-block-pullquote\">\n<blockquote>\n<p>Doda\u0142 to <strong>&#8222;Szczeg\u00f3lnie skupiam si\u0119 na konieczno\u015bci doko\u0144czenia i budowy terminalu g\u0142\u0119bokowodnego w \u015awinouj\u015bciu. Tak, \u015awinouj\u015bcie obok Gda\u0144ska powinno posiada\u0107 tak\u017ce terminal g\u0142\u0119bokowodny, poniewa\u017c umo\u017cliwi on obs\u0142ug\u0119 najwi\u0119kszych kontenerowc\u00f3w i wygeneruje konkretne zyski dla polskiej gospodarki.&#8221;<\/strong><\/p>\n<\/blockquote>\n<\/figure>\n<figure class=\"wp-block-pullquote\">\n<blockquote>\n<p>Podkre\u015bli\u0142 to <strong>\u201eTen terminal, po wybudowaniu, b\u0119dzie terminalem g\u0142\u0119bokowodnym po\u0142o\u017conym najdalej od obwodu kaliningradzkiego\u201d.<\/strong><\/p>\n<\/blockquote>\n<\/figure>\n<figure class=\"wp-block-pullquote\">\n<blockquote>\n<p><strong>&#8222;Jako Prezydent RP niepokoj\u0119 si\u0119 rosn\u0105c\u0105 dyskusj\u0105 wok\u00f3\u0142 terminalu \u2013 z jednej strony inspirowan\u0105 przez niemieckie organizacje ekologiczne, a z drugiej propozycjami modyfikacji tych projekt\u00f3w. Chc\u0119 da\u0107 polskiemu parlamentowi i rz\u0105dowi mo\u017cliwo\u015b\u0107 zako\u0144czenia tej debaty i podj\u0119cia strategicznej, fundamentalnej decyzji, \u017ce potrzebujemy terminalu g\u0142\u0119bokowodnego w \u015awinouj\u015bciu. Takiego samego podej\u015bcia potrzebujemy tak\u017ce w sprawie dr\u00f3g wodnych Odry. Tak jak to robi\u0105 Polacy, musimy umie\u0107 wykorzysta\u0107 Odrza\u0144sk\u0105 drog\u0119 wodn\u0105 do rozwoju naszych port\u00f3w i \u017ceglugi \u015br\u00f3dl\u0105dowej\u201d<\/strong> \u2013 powiedzia\u0142 Karol Nawrocki.<\/p>\n<\/blockquote>\n<\/figure>\n<figure class=\"wp-block-pullquote\">\n<blockquote>\n<p>Wyja\u015bni\u0142 to dalej <strong>\u201epo raz kolejny mamy do czynienia z dzia\u0142alno\u015bci\u0105 niemieckich organizacji pseudoekologicznych czy pr\u00f3bami utworzenia Parku Narodowego Dolnej Odry, co jako Prezydent RP niepokoi mnie w kontek\u015bcie naszej strategicznej potrzeby rozwoju gospodarki morskiej\u201d.<\/strong><\/p>\n<\/blockquote>\n<\/figure>\n<\/div>\n<\/div>\n","protected":false},"excerpt":{"rendered":"<p>W pi\u0105tek w Gdyni Prezydent Karol Nawrocki podpisa\u0142 inicjatyw\u0119 legislacyjn\u0105 pt \u201eTak dla polskich port\u00f3w\u201d. Przed\u0142o\u017cony projekt ustawy nak\u0142ada na<\/p>\n","protected":false},"author":1,"featured_media":9459,"comment_status":"open","ping_status":"open","sticky":false,"template":"","format":"standard","meta":{"footnotes":""},"categories":[4748],"tags":[131,5048,6051,4413,2727,816,83,10966,341,1547],"class_list":["post-9458","post","type-post","status-publish","format-standard","has-post-thumbnail","hentry","category-aktualne","tag-dla","tag-inicjatywe","tag-kolejna","tag-legislacyjna","tag-nawrocki","tag-podpisuje","tag-polskich","tag-portow","tag-prezydent","tag-tak","generate-columns","tablet-grid-50","mobile-grid-100","grid-parent","grid-50","resize-featured-image"],"yoast_head":"<!-- This site is optimized with the Yoast SEO plugin v23.2 - https:\/\/yoast.com\/wordpress\/plugins\/seo\/ -->\n<title>\u201eTak dla polskich port\u00f3w\u201d: Prezydent Nawrocki podpisuje kolejn\u0105 inicjatyw\u0119 legislacyjn\u0105 - POGOTOWIE FLAGOWE\u00ae<\/title>\n<meta name=\"robots\" content=\"index, follow, max-snippet:-1, max-image-preview:large, max-video-preview:-1\" \/>\n<link rel=\"canonical\" href=\"https:\/\/www.pogotowieflagowe.pl\/aktualne\/tak-dla-polskich-portow-prezydent-nawrocki-podpisuje-kolejna-inicjatywe-legislacyjna\/\" \/>\n<meta property=\"og:locale\" content=\"pl_PL\" \/>\n<meta property=\"og:type\" content=\"article\" \/>\n<meta property=\"og:title\" content=\"\u201eTak dla polskich port\u00f3w\u201d: Prezydent Nawrocki podpisuje kolejn\u0105 inicjatyw\u0119 legislacyjn\u0105 - POGOTOWIE FLAGOWE\u00ae\" \/>\n<meta property=\"og:description\" content=\"W pi\u0105tek w Gdyni Prezydent Karol Nawrocki podpisa\u0142 inicjatyw\u0119 legislacyjn\u0105 pt \u201eTak dla polskich port\u00f3w\u201d. Przed\u0142o\u017cony projekt ustawy nak\u0142ada na\" \/>\n<meta property=\"og:url\" content=\"https:\/\/www.pogotowieflagowe.pl\/aktualne\/tak-dla-polskich-portow-prezydent-nawrocki-podpisuje-kolejna-inicjatywe-legislacyjna\/\" \/>\n<meta property=\"og:site_name\" content=\"POGOTOWIE FLAGOWE\u00ae\" \/>\n<meta property=\"article:published_time\" content=\"2025-10-17T21:07:50+00:00\" \/>\n<meta property=\"article:modified_time\" content=\"2025-10-17T21:07:52+00:00\" \/>\n<meta property=\"og:image\" content=\"https:\/\/www.pogotowieflagowe.pl\/aktualne\/wp-content\/uploads\/2025\/10\/\u201eTak-dla-polskich-portow-Prezydent-Nawrocki-podpisuje-kolejna-inicjatywe-legislacyjna.jpg\" \/>\n\t<meta property=\"og:image:width\" content=\"1920\" \/>\n\t<meta property=\"og:image:height\" content=\"1280\" \/>\n\t<meta property=\"og:image:type\" content=\"image\/jpeg\" \/>\n<meta name=\"author\" content=\"Filip\" \/>\n<meta name=\"twitter:card\" content=\"summary_large_image\" \/>\n<meta name=\"twitter:label1\" content=\"Napisane przez\" \/>\n\t<meta name=\"twitter:data1\" content=\"Filip\" \/>\n\t<meta name=\"twitter:label2\" content=\"Szacowany czas czytania\" \/>\n\t<meta name=\"twitter:data2\" content=\"4 minuty\" \/>\n<script type=\"application\/ld+json\" class=\"yoast-schema-graph\">{\"@context\":\"https:\/\/schema.org\",\"@graph\":[{\"@type\":\"Article\",\"@id\":\"https:\/\/www.pogotowieflagowe.pl\/aktualne\/tak-dla-polskich-portow-prezydent-nawrocki-podpisuje-kolejna-inicjatywe-legislacyjna\/#article\",\"isPartOf\":{\"@id\":\"https:\/\/www.pogotowieflagowe.pl\/aktualne\/tak-dla-polskich-portow-prezydent-nawrocki-podpisuje-kolejna-inicjatywe-legislacyjna\/\"},\"author\":{\"name\":\"Filip\",\"@id\":\"https:\/\/www.pogotowieflagowe.pl\/aktualne\/#\/schema\/person\/9c2fb7d2362ebf6fa088960d7f0d27b0\"},\"headline\":\"\u201eTak dla polskich port\u00f3w\u201d: Prezydent Nawrocki podpisuje kolejn\u0105 inicjatyw\u0119 legislacyjn\u0105\",\"datePublished\":\"2025-10-17T21:07:50+00:00\",\"dateModified\":\"2025-10-17T21:07:52+00:00\",\"mainEntityOfPage\":{\"@id\":\"https:\/\/www.pogotowieflagowe.pl\/aktualne\/tak-dla-polskich-portow-prezydent-nawrocki-podpisuje-kolejna-inicjatywe-legislacyjna\/\"},\"wordCount\":808,\"commentCount\":0,\"publisher\":{\"@id\":\"https:\/\/www.pogotowieflagowe.pl\/aktualne\/#organization\"},\"image\":{\"@id\":\"https:\/\/www.pogotowieflagowe.pl\/aktualne\/tak-dla-polskich-portow-prezydent-nawrocki-podpisuje-kolejna-inicjatywe-legislacyjna\/#primaryimage\"},\"thumbnailUrl\":\"https:\/\/www.pogotowieflagowe.pl\/aktualne\/wp-content\/uploads\/2025\/10\/\u201eTak-dla-polskich-portow-Prezydent-Nawrocki-podpisuje-kolejna-inicjatywe-legislacyjna.jpg\",\"keywords\":[\"dla\",\"inicjatyw\u0119\",\"Kolejna\",\"legislacyjna\",\"Nawrocki\",\"podpisuje\",\"polskich\",\"port\u00f3w\",\"Prezydent\",\"tak\"],\"articleSection\":[\"Aktualne\"],\"inLanguage\":\"pl-PL\",\"potentialAction\":[{\"@type\":\"CommentAction\",\"name\":\"Comment\",\"target\":[\"https:\/\/www.pogotowieflagowe.pl\/aktualne\/tak-dla-polskich-portow-prezydent-nawrocki-podpisuje-kolejna-inicjatywe-legislacyjna\/#respond\"]}]},{\"@type\":\"WebPage\",\"@id\":\"https:\/\/www.pogotowieflagowe.pl\/aktualne\/tak-dla-polskich-portow-prezydent-nawrocki-podpisuje-kolejna-inicjatywe-legislacyjna\/\",\"url\":\"https:\/\/www.pogotowieflagowe.pl\/aktualne\/tak-dla-polskich-portow-prezydent-nawrocki-podpisuje-kolejna-inicjatywe-legislacyjna\/\",\"name\":\"\u201eTak dla polskich port\u00f3w\u201d: Prezydent Nawrocki podpisuje kolejn\u0105 inicjatyw\u0119 legislacyjn\u0105 - POGOTOWIE FLAGOWE\u00ae\",\"isPartOf\":{\"@id\":\"https:\/\/www.pogotowieflagowe.pl\/aktualne\/#website\"},\"primaryImageOfPage\":{\"@id\":\"https:\/\/www.pogotowieflagowe.pl\/aktualne\/tak-dla-polskich-portow-prezydent-nawrocki-podpisuje-kolejna-inicjatywe-legislacyjna\/#primaryimage\"},\"image\":{\"@id\":\"https:\/\/www.pogotowieflagowe.pl\/aktualne\/tak-dla-polskich-portow-prezydent-nawrocki-podpisuje-kolejna-inicjatywe-legislacyjna\/#primaryimage\"},\"thumbnailUrl\":\"https:\/\/www.pogotowieflagowe.pl\/aktualne\/wp-content\/uploads\/2025\/10\/\u201eTak-dla-polskich-portow-Prezydent-Nawrocki-podpisuje-kolejna-inicjatywe-legislacyjna.jpg\",\"datePublished\":\"2025-10-17T21:07:50+00:00\",\"dateModified\":\"2025-10-17T21:07:52+00:00\",\"breadcrumb\":{\"@id\":\"https:\/\/www.pogotowieflagowe.pl\/aktualne\/tak-dla-polskich-portow-prezydent-nawrocki-podpisuje-kolejna-inicjatywe-legislacyjna\/#breadcrumb\"},\"inLanguage\":\"pl-PL\",\"potentialAction\":[{\"@type\":\"ReadAction\",\"target\":[\"https:\/\/www.pogotowieflagowe.pl\/aktualne\/tak-dla-polskich-portow-prezydent-nawrocki-podpisuje-kolejna-inicjatywe-legislacyjna\/\"]}]},{\"@type\":\"ImageObject\",\"inLanguage\":\"pl-PL\",\"@id\":\"https:\/\/www.pogotowieflagowe.pl\/aktualne\/tak-dla-polskich-portow-prezydent-nawrocki-podpisuje-kolejna-inicjatywe-legislacyjna\/#primaryimage\",\"url\":\"https:\/\/www.pogotowieflagowe.pl\/aktualne\/wp-content\/uploads\/2025\/10\/\u201eTak-dla-polskich-portow-Prezydent-Nawrocki-podpisuje-kolejna-inicjatywe-legislacyjna.jpg\",\"contentUrl\":\"https:\/\/www.pogotowieflagowe.pl\/aktualne\/wp-content\/uploads\/2025\/10\/\u201eTak-dla-polskich-portow-Prezydent-Nawrocki-podpisuje-kolejna-inicjatywe-legislacyjna.jpg\",\"width\":1920,\"height\":1280,\"caption\":\"\u201eTak dla polskich port\u00f3w\u201d: Prezydent Nawrocki podpisuje kolejn\u0105 inicjatyw\u0119 legislacyjn\u0105\"},{\"@type\":\"BreadcrumbList\",\"@id\":\"https:\/\/www.pogotowieflagowe.pl\/aktualne\/tak-dla-polskich-portow-prezydent-nawrocki-podpisuje-kolejna-inicjatywe-legislacyjna\/#breadcrumb\",\"itemListElement\":[{\"@type\":\"ListItem\",\"position\":1,\"name\":\"Home\",\"item\":\"https:\/\/www.pogotowieflagowe.pl\/aktualne\/\"},{\"@type\":\"ListItem\",\"position\":2,\"name\":\"\u201eTak dla polskich port\u00f3w\u201d: Prezydent Nawrocki podpisuje kolejn\u0105 inicjatyw\u0119 legislacyjn\u0105\"}]},{\"@type\":\"WebSite\",\"@id\":\"https:\/\/www.pogotowieflagowe.pl\/aktualne\/#website\",\"url\":\"https:\/\/www.pogotowieflagowe.pl\/aktualne\/\",\"name\":\"POGOTOWIE FLAGOWE\u00ae\",\"description\":\"\",\"publisher\":{\"@id\":\"https:\/\/www.pogotowieflagowe.pl\/aktualne\/#organization\"},\"potentialAction\":[{\"@type\":\"SearchAction\",\"target\":{\"@type\":\"EntryPoint\",\"urlTemplate\":\"https:\/\/www.pogotowieflagowe.pl\/aktualne\/?s={search_term_string}\"},\"query-input\":\"required name=search_term_string\"}],\"inLanguage\":\"pl-PL\"},{\"@type\":\"Organization\",\"@id\":\"https:\/\/www.pogotowieflagowe.pl\/aktualne\/#organization\",\"name\":\"POGOTOWIE FLAGOWE\u00ae\",\"url\":\"https:\/\/www.pogotowieflagowe.pl\/aktualne\/\",\"logo\":{\"@type\":\"ImageObject\",\"inLanguage\":\"pl-PL\",\"@id\":\"https:\/\/www.pogotowieflagowe.pl\/aktualne\/#\/schema\/logo\/image\/\",\"url\":\"https:\/\/www.pogotowieflagowe.pl\/aktualne\/wp-content\/uploads\/2024\/08\/cropped-pogotowieflagowe_flaga_projekt_sm.jpg\",\"contentUrl\":\"https:\/\/www.pogotowieflagowe.pl\/aktualne\/wp-content\/uploads\/2024\/08\/cropped-pogotowieflagowe_flaga_projekt_sm.jpg\",\"width\":250,\"height\":143,\"caption\":\"POGOTOWIE FLAGOWE\u00ae\"},\"image\":{\"@id\":\"https:\/\/www.pogotowieflagowe.pl\/aktualne\/#\/schema\/logo\/image\/\"}},{\"@type\":\"Person\",\"@id\":\"https:\/\/www.pogotowieflagowe.pl\/aktualne\/#\/schema\/person\/9c2fb7d2362ebf6fa088960d7f0d27b0\",\"name\":\"Filip\",\"image\":{\"@type\":\"ImageObject\",\"inLanguage\":\"pl-PL\",\"@id\":\"https:\/\/www.pogotowieflagowe.pl\/aktualne\/#\/schema\/person\/image\/\",\"url\":\"https:\/\/www.pogotowieflagowe.pl\/aktualne\/wp-content\/uploads\/2024\/08\/pogotowieflagowe.pl_.jpg\",\"contentUrl\":\"https:\/\/www.pogotowieflagowe.pl\/aktualne\/wp-content\/uploads\/2024\/08\/pogotowieflagowe.pl_.jpg\",\"caption\":\"Filip\"},\"description\":\"Jestem Filip, polski dziennikarz z dyplomem nauk politycznych Uniwersytetu Warszawskiego. Rozpoczynaj\u0105c swoj\u0105 karier\u0119 w r\u00f3\u017cnych lokalnych mediach, zdoby\u0142em solidne do\u015bwiadczenie w zakresie \u015bledztwa i redakcji. Obecnie jako redaktor w Pogotowie flagowe, staram si\u0119 dostarcza\u0107 dog\u0142\u0119bne i istotne analizy na temat najwa\u017cniejszych kwestii aktualno\u015bci, \u0142\u0105cz\u0105c rygor z pasj\u0105 dziennikarsk\u0105.\",\"sameAs\":[\"https:\/\/www.pogotowieflagowe.pl\/\"]}]}<\/script>\n<!-- \/ Yoast SEO plugin. -->","yoast_head_json":{"title":"\u201eTak dla polskich port\u00f3w\u201d: Prezydent Nawrocki podpisuje kolejn\u0105 inicjatyw\u0119 legislacyjn\u0105 - POGOTOWIE FLAGOWE\u00ae","robots":{"index":"index","follow":"follow","max-snippet":"max-snippet:-1","max-image-preview":"max-image-preview:large","max-video-preview":"max-video-preview:-1"},"canonical":"https:\/\/www.pogotowieflagowe.pl\/aktualne\/tak-dla-polskich-portow-prezydent-nawrocki-podpisuje-kolejna-inicjatywe-legislacyjna\/","og_locale":"pl_PL","og_type":"article","og_title":"\u201eTak dla polskich port\u00f3w\u201d: Prezydent Nawrocki podpisuje kolejn\u0105 inicjatyw\u0119 legislacyjn\u0105 - POGOTOWIE FLAGOWE\u00ae","og_description":"W pi\u0105tek w Gdyni Prezydent Karol Nawrocki podpisa\u0142 inicjatyw\u0119 legislacyjn\u0105 pt \u201eTak dla polskich port\u00f3w\u201d. Przed\u0142o\u017cony projekt ustawy nak\u0142ada na","og_url":"https:\/\/www.pogotowieflagowe.pl\/aktualne\/tak-dla-polskich-portow-prezydent-nawrocki-podpisuje-kolejna-inicjatywe-legislacyjna\/","og_site_name":"POGOTOWIE FLAGOWE\u00ae","article_published_time":"2025-10-17T21:07:50+00:00","article_modified_time":"2025-10-17T21:07:52+00:00","og_image":[{"width":1920,"height":1280,"url":"https:\/\/www.pogotowieflagowe.pl\/aktualne\/wp-content\/uploads\/2025\/10\/\u201eTak-dla-polskich-portow-Prezydent-Nawrocki-podpisuje-kolejna-inicjatywe-legislacyjna.jpg","type":"image\/jpeg"}],"author":"Filip","twitter_card":"summary_large_image","twitter_misc":{"Napisane przez":"Filip","Szacowany czas czytania":"4 minuty"},"schema":{"@context":"https:\/\/schema.org","@graph":[{"@type":"Article","@id":"https:\/\/www.pogotowieflagowe.pl\/aktualne\/tak-dla-polskich-portow-prezydent-nawrocki-podpisuje-kolejna-inicjatywe-legislacyjna\/#article","isPartOf":{"@id":"https:\/\/www.pogotowieflagowe.pl\/aktualne\/tak-dla-polskich-portow-prezydent-nawrocki-podpisuje-kolejna-inicjatywe-legislacyjna\/"},"author":{"name":"Filip","@id":"https:\/\/www.pogotowieflagowe.pl\/aktualne\/#\/schema\/person\/9c2fb7d2362ebf6fa088960d7f0d27b0"},"headline":"\u201eTak dla polskich port\u00f3w\u201d: Prezydent Nawrocki podpisuje kolejn\u0105 inicjatyw\u0119 legislacyjn\u0105","datePublished":"2025-10-17T21:07:50+00:00","dateModified":"2025-10-17T21:07:52+00:00","mainEntityOfPage":{"@id":"https:\/\/www.pogotowieflagowe.pl\/aktualne\/tak-dla-polskich-portow-prezydent-nawrocki-podpisuje-kolejna-inicjatywe-legislacyjna\/"},"wordCount":808,"commentCount":0,"publisher":{"@id":"https:\/\/www.pogotowieflagowe.pl\/aktualne\/#organization"},"image":{"@id":"https:\/\/www.pogotowieflagowe.pl\/aktualne\/tak-dla-polskich-portow-prezydent-nawrocki-podpisuje-kolejna-inicjatywe-legislacyjna\/#primaryimage"},"thumbnailUrl":"https:\/\/www.pogotowieflagowe.pl\/aktualne\/wp-content\/uploads\/2025\/10\/\u201eTak-dla-polskich-portow-Prezydent-Nawrocki-podpisuje-kolejna-inicjatywe-legislacyjna.jpg","keywords":["dla","inicjatyw\u0119","Kolejna","legislacyjna","Nawrocki","podpisuje","polskich","port\u00f3w","Prezydent","tak"],"articleSection":["Aktualne"],"inLanguage":"pl-PL","potentialAction":[{"@type":"CommentAction","name":"Comment","target":["https:\/\/www.pogotowieflagowe.pl\/aktualne\/tak-dla-polskich-portow-prezydent-nawrocki-podpisuje-kolejna-inicjatywe-legislacyjna\/#respond"]}]},{"@type":"WebPage","@id":"https:\/\/www.pogotowieflagowe.pl\/aktualne\/tak-dla-polskich-portow-prezydent-nawrocki-podpisuje-kolejna-inicjatywe-legislacyjna\/","url":"https:\/\/www.pogotowieflagowe.pl\/aktualne\/tak-dla-polskich-portow-prezydent-nawrocki-podpisuje-kolejna-inicjatywe-legislacyjna\/","name":"\u201eTak dla polskich port\u00f3w\u201d: Prezydent Nawrocki podpisuje kolejn\u0105 inicjatyw\u0119 legislacyjn\u0105 - POGOTOWIE FLAGOWE\u00ae","isPartOf":{"@id":"https:\/\/www.pogotowieflagowe.pl\/aktualne\/#website"},"primaryImageOfPage":{"@id":"https:\/\/www.pogotowieflagowe.pl\/aktualne\/tak-dla-polskich-portow-prezydent-nawrocki-podpisuje-kolejna-inicjatywe-legislacyjna\/#primaryimage"},"image":{"@id":"https:\/\/www.pogotowieflagowe.pl\/aktualne\/tak-dla-polskich-portow-prezydent-nawrocki-podpisuje-kolejna-inicjatywe-legislacyjna\/#primaryimage"},"thumbnailUrl":"https:\/\/www.pogotowieflagowe.pl\/aktualne\/wp-content\/uploads\/2025\/10\/\u201eTak-dla-polskich-portow-Prezydent-Nawrocki-podpisuje-kolejna-inicjatywe-legislacyjna.jpg","datePublished":"2025-10-17T21:07:50+00:00","dateModified":"2025-10-17T21:07:52+00:00","breadcrumb":{"@id":"https:\/\/www.pogotowieflagowe.pl\/aktualne\/tak-dla-polskich-portow-prezydent-nawrocki-podpisuje-kolejna-inicjatywe-legislacyjna\/#breadcrumb"},"inLanguage":"pl-PL","potentialAction":[{"@type":"ReadAction","target":["https:\/\/www.pogotowieflagowe.pl\/aktualne\/tak-dla-polskich-portow-prezydent-nawrocki-podpisuje-kolejna-inicjatywe-legislacyjna\/"]}]},{"@type":"ImageObject","inLanguage":"pl-PL","@id":"https:\/\/www.pogotowieflagowe.pl\/aktualne\/tak-dla-polskich-portow-prezydent-nawrocki-podpisuje-kolejna-inicjatywe-legislacyjna\/#primaryimage","url":"https:\/\/www.pogotowieflagowe.pl\/aktualne\/wp-content\/uploads\/2025\/10\/\u201eTak-dla-polskich-portow-Prezydent-Nawrocki-podpisuje-kolejna-inicjatywe-legislacyjna.jpg","contentUrl":"https:\/\/www.pogotowieflagowe.pl\/aktualne\/wp-content\/uploads\/2025\/10\/\u201eTak-dla-polskich-portow-Prezydent-Nawrocki-podpisuje-kolejna-inicjatywe-legislacyjna.jpg","width":1920,"height":1280,"caption":"\u201eTak dla polskich port\u00f3w\u201d: Prezydent Nawrocki podpisuje kolejn\u0105 inicjatyw\u0119 legislacyjn\u0105"},{"@type":"BreadcrumbList","@id":"https:\/\/www.pogotowieflagowe.pl\/aktualne\/tak-dla-polskich-portow-prezydent-nawrocki-podpisuje-kolejna-inicjatywe-legislacyjna\/#breadcrumb","itemListElement":[{"@type":"ListItem","position":1,"name":"Home","item":"https:\/\/www.pogotowieflagowe.pl\/aktualne\/"},{"@type":"ListItem","position":2,"name":"\u201eTak dla polskich port\u00f3w\u201d: Prezydent Nawrocki podpisuje kolejn\u0105 inicjatyw\u0119 legislacyjn\u0105"}]},{"@type":"WebSite","@id":"https:\/\/www.pogotowieflagowe.pl\/aktualne\/#website","url":"https:\/\/www.pogotowieflagowe.pl\/aktualne\/","name":"POGOTOWIE FLAGOWE\u00ae","description":"","publisher":{"@id":"https:\/\/www.pogotowieflagowe.pl\/aktualne\/#organization"},"potentialAction":[{"@type":"SearchAction","target":{"@type":"EntryPoint","urlTemplate":"https:\/\/www.pogotowieflagowe.pl\/aktualne\/?s={search_term_string}"},"query-input":"required name=search_term_string"}],"inLanguage":"pl-PL"},{"@type":"Organization","@id":"https:\/\/www.pogotowieflagowe.pl\/aktualne\/#organization","name":"POGOTOWIE FLAGOWE\u00ae","url":"https:\/\/www.pogotowieflagowe.pl\/aktualne\/","logo":{"@type":"ImageObject","inLanguage":"pl-PL","@id":"https:\/\/www.pogotowieflagowe.pl\/aktualne\/#\/schema\/logo\/image\/","url":"https:\/\/www.pogotowieflagowe.pl\/aktualne\/wp-content\/uploads\/2024\/08\/cropped-pogotowieflagowe_flaga_projekt_sm.jpg","contentUrl":"https:\/\/www.pogotowieflagowe.pl\/aktualne\/wp-content\/uploads\/2024\/08\/cropped-pogotowieflagowe_flaga_projekt_sm.jpg","width":250,"height":143,"caption":"POGOTOWIE FLAGOWE\u00ae"},"image":{"@id":"https:\/\/www.pogotowieflagowe.pl\/aktualne\/#\/schema\/logo\/image\/"}},{"@type":"Person","@id":"https:\/\/www.pogotowieflagowe.pl\/aktualne\/#\/schema\/person\/9c2fb7d2362ebf6fa088960d7f0d27b0","name":"Filip","image":{"@type":"ImageObject","inLanguage":"pl-PL","@id":"https:\/\/www.pogotowieflagowe.pl\/aktualne\/#\/schema\/person\/image\/","url":"https:\/\/www.pogotowieflagowe.pl\/aktualne\/wp-content\/uploads\/2024\/08\/pogotowieflagowe.pl_.jpg","contentUrl":"https:\/\/www.pogotowieflagowe.pl\/aktualne\/wp-content\/uploads\/2024\/08\/pogotowieflagowe.pl_.jpg","caption":"Filip"},"description":"Jestem Filip, polski dziennikarz z dyplomem nauk politycznych Uniwersytetu Warszawskiego. Rozpoczynaj\u0105c swoj\u0105 karier\u0119 w r\u00f3\u017cnych lokalnych mediach, zdoby\u0142em solidne do\u015bwiadczenie w zakresie \u015bledztwa i redakcji. Obecnie jako redaktor w Pogotowie flagowe, staram si\u0119 dostarcza\u0107 dog\u0142\u0119bne i istotne analizy na temat najwa\u017cniejszych kwestii aktualno\u015bci, \u0142\u0105cz\u0105c rygor z pasj\u0105 dziennikarsk\u0105.","sameAs":["https:\/\/www.pogotowieflagowe.pl\/"]}]}},"_links":{"self":[{"href":"https:\/\/www.pogotowieflagowe.pl\/aktualne\/wp-json\/wp\/v2\/posts\/9458","targetHints":{"allow":["GET"]}}],"collection":[{"href":"https:\/\/www.pogotowieflagowe.pl\/aktualne\/wp-json\/wp\/v2\/posts"}],"about":[{"href":"https:\/\/www.pogotowieflagowe.pl\/aktualne\/wp-json\/wp\/v2\/types\/post"}],"author":[{"embeddable":true,"href":"https:\/\/www.pogotowieflagowe.pl\/aktualne\/wp-json\/wp\/v2\/users\/1"}],"replies":[{"embeddable":true,"href":"https:\/\/www.pogotowieflagowe.pl\/aktualne\/wp-json\/wp\/v2\/comments?post=9458"}],"version-history":[{"count":1,"href":"https:\/\/www.pogotowieflagowe.pl\/aktualne\/wp-json\/wp\/v2\/posts\/9458\/revisions"}],"predecessor-version":[{"id":9460,"href":"https:\/\/www.pogotowieflagowe.pl\/aktualne\/wp-json\/wp\/v2\/posts\/9458\/revisions\/9460"}],"wp:featuredmedia":[{"embeddable":true,"href":"https:\/\/www.pogotowieflagowe.pl\/aktualne\/wp-json\/wp\/v2\/media\/9459"}],"wp:attachment":[{"href":"https:\/\/www.pogotowieflagowe.pl\/aktualne\/wp-json\/wp\/v2\/media?parent=9458"}],"wp:term":[{"taxonomy":"category","embeddable":true,"href":"https:\/\/www.pogotowieflagowe.pl\/aktualne\/wp-json\/wp\/v2\/categories?post=9458"},{"taxonomy":"post_tag","embeddable":true,"href":"https:\/\/www.pogotowieflagowe.pl\/aktualne\/wp-json\/wp\/v2\/tags?post=9458"}],"curies":[{"name":"wp","href":"https:\/\/api.w.org\/{rel}","templated":true}]}}