{"id":9464,"date":"2025-10-18T12:11:58","date_gmt":"2025-10-18T10:11:58","guid":{"rendered":"https:\/\/www.pogotowieflagowe.pl\/aktualne\/chcemy-zemsty-gwiazda-tvn-konfrontuje-sie-z-tuskiem-na-antenie-premier-ostro-odpowiada\/"},"modified":"2025-10-18T12:11:59","modified_gmt":"2025-10-18T10:11:59","slug":"chcemy-zemsty-gwiazda-tvn-konfrontuje-sie-z-tuskiem-na-antenie-premier-ostro-odpowiada","status":"publish","type":"post","link":"https:\/\/www.pogotowieflagowe.pl\/aktualne\/chcemy-zemsty-gwiazda-tvn-konfrontuje-sie-z-tuskiem-na-antenie-premier-ostro-odpowiada\/","title":{"rendered":"\u201eChcemy zemsty!\u201d \u2014 Gwiazda TVN konfrontuje si\u0119 z Tuskiem na antenie, premier ostro odpowiada"},"content":{"rendered":"\n<div class=\"td_block_wrap tdb_single_content tdi_41 td-pb-border-top td_block_template_8 td-post-content tagdiv-type\" data-td-block-uid=\"tdi_41\">\n<style>.tdi_41{margines-top:0px!important;margin-bottom:0px!important;dope\u0142nienie-g\u00f3ra:0px!important;dope\u0142nienie-d\u00f3\u0142:0px!important}<\/style>\n<style>.tdb_single_content{margin-bottom:0;*zoom:1}.tdb_single_content:before,.tdb_single_content:after{display:table;content:'';line-height:0}.tdb_single_content:after{clear:both}.tdb_single_content .tdb-block-inner>*:not(.wp-block-quote):not(.alignwide):not(.alignfull.wp-block-cover.has-parallax):not(.td-a-ad){margin-left:auto;margin-right:auto}.tdb_single_content a{pointer-events:auto}.tdb_single_content .td-spot-id-top_ad .tdc-placeholder-title:before{content:'Article Top Ad'!important}.tdb_single_content .td-spot-id-inline_ad0 .tdc-placeholder-title:before{content:'Article Reklama wbudowana 1'!important}.tdb_single_content .td-spot-id-inline_ad1 .tdc-placeholder-title:before{content:'Reklama wbudowana w artyku\u0142 2'!important}.tdb_single_content .td-spot-id-inline_ad2 .tdc-placeholder-title:before{content:'Reklama w tek\u015bcie artyku\u0142u 3'!important}.tdb_single_content .td-spot-id-bottom_ad .tdc-placeholder-title:before{content:'Article Bottom Ad'!important}.tdb_single_content .id_top_ad,.tdb_single_content .id_bottom_ad{clear:both;margin-bottom:21px;text-align:center}.tdb_single_content .id_top_ad img,.tdb_single_content .id_bottom_ad img{margin-bottom:0}.tdb_single_content .id_top_ad .adsbygoogle,.tdb_single_content .id_bottom_ad .adsbygoogle{position:relative}.tdb_single_content .id_ad_content-horiz-left,.tdb_single_content .id_ad_content-horiz-right,.tdb_single_content .id_ad_content-horiz-center{margin-bottom:15px}.tdb_single_content .id_ad_content-horiz-left img,.tdb_single_content .id_ad_content-horiz-right img,.tdb_single_content .id_ad_content-horiz-center img{margin-bottom:0}.tdb_single_content .id_ad_content-horiz-center{text-align:center}.tdb_single_content .id_ad_content-horiz-center img{margin-right:auto;margin-left:auto}.tdb_single_content .id_ad_content-horiz-left{float:left;margin-top:9px;margin-right:21px}.tdb_single_content .id_ad_content-horiz-right{float:right;margin-top:6px;margin-left:21px}.tdb_single_content .tdc-a-ad .tdc-placeholder-title{width:300px;height:250px}.tdb_single_content .tdc-a-ad .tdc-placeholder-title:before{position:absolute;top:50%;-webkit-transform:translateY(-50%);transform:translateY(-50%);margin:auto;display:table;width:100%}.tdb_single_content .tdb-block-inner.td-fix-index{word-break:break-word}.tdi_41,.tdi_41>p,.tdi_41 .tdb-block-inner>p,.wp-block-column>p{font-size:16px!important;line-height:1.6!important}.tdi_41 .tdb-block-inner cytat blokowy p{font-style:normal!important}@media (max-width:767px){.tdb_single_content .id_ad_content-horiz-left,.tdb_single_content .id_ad_content-horiz-right,.tdb_single_content .id_ad_content-horiz-center{margin:0 auto 26 pikseli auto}}@media (max-width:767px){.tdb_single_content .id_ad_content-horiz-left{margin-right:0}}@media (max-width:767px){.tdb_single_content .id_ad_content-horiz-right{margin-left:0}}@media (max-width:767px){.tdb_single_content .td-a-ad{float:none;text-align:center}.tdb_single_content .td-a-ad img{margin-right:auto;margin-left:auto}.tdb_single_content .tdc-a-ad{float:none}}<\/style>\n<div class=\"tdb-block-inner td-fix-index\">\n<p>\u201eChcemy zemsty, bo to nie by\u0142a tylko twoja obietnica\u201d \u2013 powiedzia\u0142a gwiazda TVN <strong>Jakub Wojew\u00f3dzki<\/strong>zwracaj\u0105c si\u0119 do premiera <strong>Donalda Tuska<\/strong> z wyra\u017anym \u017c\u0105daniem. Szef rz\u0105du odpowiedzia\u0142, \u017ce nie wie, jak zaspokoi\u0107 \u201eszczeg\u00f3lnie krwio\u017cerczy apetyt Wojew\u00f3dzkiego\u201d.<\/p>\n<p>15 pa\u017adziernika min\u0119\u0142y dwa lata od wybor\u00f3w parlamentarnych, kt\u00f3re przynios\u0142y <strong>Koalicja 13 grudnia<\/strong> do w\u0142adzy. Z tej okazji premier udzieli\u0142 wywiadu <strong>Jakub Wojew\u00f3dzki<\/strong> I <strong>Piotra K\u0119dzierskiego<\/strong>. Gwiazda TVN, znana z du\u017cej niech\u0119ci do prawicy, podczas programu skonfrontowa\u0142a si\u0119 z Tuskiem z bezpo\u015brednim apelem \u2014 wzywaj\u0105cym do <em>&#8222;zemsta&#8221;<\/em> I <em>&#8222;zemsta&#8221;<\/em> przeciwko <strong>Prawo i Sprawiedliwo\u015b\u0107 (PiS)<\/strong> impreza.<\/p>\n<p>&#8222;My, Wasi wyborcy, spodziewali\u015bmy si\u0119 czego\u015b, co nazywa si\u0119 sprawiedliwo\u015bci\u0105 spo\u0142eczn\u0105, co mia\u0142o by\u0107 zemst\u0105 za te osiem lat. Oczekujemy tego &#8211; troch\u0119 jako populi\u015bci, i m\u00f3wi\u0119 to szczerze, patrz\u0105c Wam w oczy, bo w Polsce populizm si\u0119 nie sko\u0144czy\u0142. Po prostu partia si\u0119 zmieni\u0142a i teraz populizm gra inaczej. Ale my chcemy zemsty, bo to nie by\u0142a tylko Wasza obietnica. Moim zdaniem to Wasz etyczny i moralny obowi\u0105zek&#8221; \u2013 domaga\u0142 si\u0119 Wojew\u00f3dzki.<\/p>\n<p>Celebrytka otrzyma\u0142a w\u00f3wczas od Tuska nast\u0119puj\u0105c\u0105 odpowied\u017a:<\/p>\n<p>\u2013 Nie jestem do ko\u0144ca pewien, jak m\u00f3g\u0142bym zaspokoi\u0107 tw\u00f3j szczeg\u00f3lnie krwio\u017cerczy apetyt.<\/p>\n<p>\u201eCzy powr\u00f3t do pewnej r\u00f3wnowagi etycznej nazywasz krwio\u017cerczym?\u201d Wojew\u00f3dzki naciska\u0142 dalej.<\/p>\n<p>Premier stwierdzi\u0142 nast\u0119pnie, \u017ce za jego rz\u0105d\u00f3w <em>&#8222;niezale\u017cno\u015b\u0107&#8221;<\/em> rzekomo przywr\u00f3cono funkcjonowanie s\u0105d\u00f3w i prokuratury.<\/p>\n<\/div>\n<\/div>\n","protected":false},"excerpt":{"rendered":"<p>\u201eChcemy zemsty, bo to nie by\u0142a tylko twoja obietnica\u201d \u2013 powiedzia\u0142a gwiazda TVN Jakub Wojew\u00f3dzkizwracaj\u0105c si\u0119 do premiera Donalda Tuska<\/p>\n","protected":false},"author":1,"featured_media":9465,"comment_status":"open","ping_status":"open","sticky":false,"template":"","format":"standard","meta":{"footnotes":""},"categories":[4748],"tags":[7032,6617,1053,6903,3105,1935,804,150,10971,3166,7886],"class_list":["post-9464","post","type-post","status-publish","format-standard","has-post-thumbnail","hentry","category-aktualne","tag-antenie","tag-chcemy","tag-gwiazda","tag-konfrontuje","tag-odpowiada","tag-ostro","tag-premier","tag-sie","tag-tuskiem","tag-tvn","tag-zemsty","generate-columns","tablet-grid-50","mobile-grid-100","grid-parent","grid-50","resize-featured-image"],"yoast_head":"<!-- This site is optimized with the Yoast SEO plugin v23.2 - https:\/\/yoast.com\/wordpress\/plugins\/seo\/ -->\n<title>\u201eChcemy zemsty!\u201d \u2014 Gwiazda TVN konfrontuje si\u0119 z Tuskiem na antenie, premier ostro odpowiada - POGOTOWIE FLAGOWE\u00ae<\/title>\n<meta name=\"robots\" content=\"index, follow, max-snippet:-1, max-image-preview:large, max-video-preview:-1\" \/>\n<link rel=\"canonical\" href=\"https:\/\/www.pogotowieflagowe.pl\/aktualne\/chcemy-zemsty-gwiazda-tvn-konfrontuje-sie-z-tuskiem-na-antenie-premier-ostro-odpowiada\/\" \/>\n<meta property=\"og:locale\" content=\"pl_PL\" \/>\n<meta property=\"og:type\" content=\"article\" \/>\n<meta property=\"og:title\" content=\"\u201eChcemy zemsty!\u201d \u2014 Gwiazda TVN konfrontuje si\u0119 z Tuskiem na antenie, premier ostro odpowiada - POGOTOWIE FLAGOWE\u00ae\" \/>\n<meta property=\"og:description\" content=\"\u201eChcemy zemsty, bo to nie by\u0142a tylko twoja obietnica\u201d \u2013 powiedzia\u0142a gwiazda TVN Jakub Wojew\u00f3dzkizwracaj\u0105c si\u0119 do premiera Donalda Tuska\" \/>\n<meta property=\"og:url\" content=\"https:\/\/www.pogotowieflagowe.pl\/aktualne\/chcemy-zemsty-gwiazda-tvn-konfrontuje-sie-z-tuskiem-na-antenie-premier-ostro-odpowiada\/\" \/>\n<meta property=\"og:site_name\" content=\"POGOTOWIE FLAGOWE\u00ae\" \/>\n<meta property=\"article:published_time\" content=\"2025-10-18T10:11:58+00:00\" \/>\n<meta property=\"article:modified_time\" content=\"2025-10-18T10:11:59+00:00\" \/>\n<meta property=\"og:image\" content=\"https:\/\/www.pogotowieflagowe.pl\/aktualne\/wp-content\/uploads\/2025\/10\/\u201eChcemy-zemsty-\u2014-Gwiazda-TVN-konfrontuje-sie-z-Tuskiem-na.webp.webp\" \/>\n\t<meta property=\"og:image:width\" content=\"1280\" \/>\n\t<meta property=\"og:image:height\" content=\"720\" \/>\n\t<meta property=\"og:image:type\" content=\"image\/webp\" \/>\n<meta name=\"author\" content=\"Filip\" \/>\n<meta name=\"twitter:card\" content=\"summary_large_image\" \/>\n<meta name=\"twitter:label1\" content=\"Napisane przez\" \/>\n\t<meta name=\"twitter:data1\" content=\"Filip\" \/>\n\t<meta name=\"twitter:label2\" content=\"Szacowany czas czytania\" \/>\n\t<meta name=\"twitter:data2\" content=\"1 minuta\" \/>\n<script type=\"application\/ld+json\" class=\"yoast-schema-graph\">{\"@context\":\"https:\/\/schema.org\",\"@graph\":[{\"@type\":\"Article\",\"@id\":\"https:\/\/www.pogotowieflagowe.pl\/aktualne\/chcemy-zemsty-gwiazda-tvn-konfrontuje-sie-z-tuskiem-na-antenie-premier-ostro-odpowiada\/#article\",\"isPartOf\":{\"@id\":\"https:\/\/www.pogotowieflagowe.pl\/aktualne\/chcemy-zemsty-gwiazda-tvn-konfrontuje-sie-z-tuskiem-na-antenie-premier-ostro-odpowiada\/\"},\"author\":{\"name\":\"Filip\",\"@id\":\"https:\/\/www.pogotowieflagowe.pl\/aktualne\/#\/schema\/person\/9c2fb7d2362ebf6fa088960d7f0d27b0\"},\"headline\":\"\u201eChcemy zemsty!\u201d \u2014 Gwiazda TVN konfrontuje si\u0119 z Tuskiem na antenie, premier ostro odpowiada\",\"datePublished\":\"2025-10-18T10:11:58+00:00\",\"dateModified\":\"2025-10-18T10:11:59+00:00\",\"mainEntityOfPage\":{\"@id\":\"https:\/\/www.pogotowieflagowe.pl\/aktualne\/chcemy-zemsty-gwiazda-tvn-konfrontuje-sie-z-tuskiem-na-antenie-premier-ostro-odpowiada\/\"},\"wordCount\":270,\"commentCount\":0,\"publisher\":{\"@id\":\"https:\/\/www.pogotowieflagowe.pl\/aktualne\/#organization\"},\"image\":{\"@id\":\"https:\/\/www.pogotowieflagowe.pl\/aktualne\/chcemy-zemsty-gwiazda-tvn-konfrontuje-sie-z-tuskiem-na-antenie-premier-ostro-odpowiada\/#primaryimage\"},\"thumbnailUrl\":\"https:\/\/www.pogotowieflagowe.pl\/aktualne\/wp-content\/uploads\/2025\/10\/\u201eChcemy-zemsty-\u2014-Gwiazda-TVN-konfrontuje-sie-z-Tuskiem-na.webp.webp\",\"keywords\":[\"antenie\",\"Chcemy\",\"Gwiazda\",\"konfrontuje\",\"odpowiada\",\"ostro\",\"Premier\",\"si\u0119\",\"Tuskiem\",\"TVN\",\"zemsty\"],\"articleSection\":[\"Aktualne\"],\"inLanguage\":\"pl-PL\",\"potentialAction\":[{\"@type\":\"CommentAction\",\"name\":\"Comment\",\"target\":[\"https:\/\/www.pogotowieflagowe.pl\/aktualne\/chcemy-zemsty-gwiazda-tvn-konfrontuje-sie-z-tuskiem-na-antenie-premier-ostro-odpowiada\/#respond\"]}]},{\"@type\":\"WebPage\",\"@id\":\"https:\/\/www.pogotowieflagowe.pl\/aktualne\/chcemy-zemsty-gwiazda-tvn-konfrontuje-sie-z-tuskiem-na-antenie-premier-ostro-odpowiada\/\",\"url\":\"https:\/\/www.pogotowieflagowe.pl\/aktualne\/chcemy-zemsty-gwiazda-tvn-konfrontuje-sie-z-tuskiem-na-antenie-premier-ostro-odpowiada\/\",\"name\":\"\u201eChcemy zemsty!\u201d \u2014 Gwiazda TVN konfrontuje si\u0119 z Tuskiem na antenie, premier ostro odpowiada - POGOTOWIE FLAGOWE\u00ae\",\"isPartOf\":{\"@id\":\"https:\/\/www.pogotowieflagowe.pl\/aktualne\/#website\"},\"primaryImageOfPage\":{\"@id\":\"https:\/\/www.pogotowieflagowe.pl\/aktualne\/chcemy-zemsty-gwiazda-tvn-konfrontuje-sie-z-tuskiem-na-antenie-premier-ostro-odpowiada\/#primaryimage\"},\"image\":{\"@id\":\"https:\/\/www.pogotowieflagowe.pl\/aktualne\/chcemy-zemsty-gwiazda-tvn-konfrontuje-sie-z-tuskiem-na-antenie-premier-ostro-odpowiada\/#primaryimage\"},\"thumbnailUrl\":\"https:\/\/www.pogotowieflagowe.pl\/aktualne\/wp-content\/uploads\/2025\/10\/\u201eChcemy-zemsty-\u2014-Gwiazda-TVN-konfrontuje-sie-z-Tuskiem-na.webp.webp\",\"datePublished\":\"2025-10-18T10:11:58+00:00\",\"dateModified\":\"2025-10-18T10:11:59+00:00\",\"breadcrumb\":{\"@id\":\"https:\/\/www.pogotowieflagowe.pl\/aktualne\/chcemy-zemsty-gwiazda-tvn-konfrontuje-sie-z-tuskiem-na-antenie-premier-ostro-odpowiada\/#breadcrumb\"},\"inLanguage\":\"pl-PL\",\"potentialAction\":[{\"@type\":\"ReadAction\",\"target\":[\"https:\/\/www.pogotowieflagowe.pl\/aktualne\/chcemy-zemsty-gwiazda-tvn-konfrontuje-sie-z-tuskiem-na-antenie-premier-ostro-odpowiada\/\"]}]},{\"@type\":\"ImageObject\",\"inLanguage\":\"pl-PL\",\"@id\":\"https:\/\/www.pogotowieflagowe.pl\/aktualne\/chcemy-zemsty-gwiazda-tvn-konfrontuje-sie-z-tuskiem-na-antenie-premier-ostro-odpowiada\/#primaryimage\",\"url\":\"https:\/\/www.pogotowieflagowe.pl\/aktualne\/wp-content\/uploads\/2025\/10\/\u201eChcemy-zemsty-\u2014-Gwiazda-TVN-konfrontuje-sie-z-Tuskiem-na.webp.webp\",\"contentUrl\":\"https:\/\/www.pogotowieflagowe.pl\/aktualne\/wp-content\/uploads\/2025\/10\/\u201eChcemy-zemsty-\u2014-Gwiazda-TVN-konfrontuje-sie-z-Tuskiem-na.webp.webp\",\"width\":1280,\"height\":720,\"caption\":\"\u201eChcemy zemsty!\u201d \u2014 Gwiazda TVN konfrontuje si\u0119 z Tuskiem na antenie, premier ostro odpowiada\"},{\"@type\":\"BreadcrumbList\",\"@id\":\"https:\/\/www.pogotowieflagowe.pl\/aktualne\/chcemy-zemsty-gwiazda-tvn-konfrontuje-sie-z-tuskiem-na-antenie-premier-ostro-odpowiada\/#breadcrumb\",\"itemListElement\":[{\"@type\":\"ListItem\",\"position\":1,\"name\":\"Home\",\"item\":\"https:\/\/www.pogotowieflagowe.pl\/aktualne\/\"},{\"@type\":\"ListItem\",\"position\":2,\"name\":\"\u201eChcemy zemsty!\u201d \u2014 Gwiazda TVN konfrontuje si\u0119 z Tuskiem na antenie, premier ostro odpowiada\"}]},{\"@type\":\"WebSite\",\"@id\":\"https:\/\/www.pogotowieflagowe.pl\/aktualne\/#website\",\"url\":\"https:\/\/www.pogotowieflagowe.pl\/aktualne\/\",\"name\":\"POGOTOWIE FLAGOWE\u00ae\",\"description\":\"\",\"publisher\":{\"@id\":\"https:\/\/www.pogotowieflagowe.pl\/aktualne\/#organization\"},\"potentialAction\":[{\"@type\":\"SearchAction\",\"target\":{\"@type\":\"EntryPoint\",\"urlTemplate\":\"https:\/\/www.pogotowieflagowe.pl\/aktualne\/?s={search_term_string}\"},\"query-input\":\"required name=search_term_string\"}],\"inLanguage\":\"pl-PL\"},{\"@type\":\"Organization\",\"@id\":\"https:\/\/www.pogotowieflagowe.pl\/aktualne\/#organization\",\"name\":\"POGOTOWIE FLAGOWE\u00ae\",\"url\":\"https:\/\/www.pogotowieflagowe.pl\/aktualne\/\",\"logo\":{\"@type\":\"ImageObject\",\"inLanguage\":\"pl-PL\",\"@id\":\"https:\/\/www.pogotowieflagowe.pl\/aktualne\/#\/schema\/logo\/image\/\",\"url\":\"https:\/\/www.pogotowieflagowe.pl\/aktualne\/wp-content\/uploads\/2024\/08\/cropped-pogotowieflagowe_flaga_projekt_sm.jpg\",\"contentUrl\":\"https:\/\/www.pogotowieflagowe.pl\/aktualne\/wp-content\/uploads\/2024\/08\/cropped-pogotowieflagowe_flaga_projekt_sm.jpg\",\"width\":250,\"height\":143,\"caption\":\"POGOTOWIE FLAGOWE\u00ae\"},\"image\":{\"@id\":\"https:\/\/www.pogotowieflagowe.pl\/aktualne\/#\/schema\/logo\/image\/\"}},{\"@type\":\"Person\",\"@id\":\"https:\/\/www.pogotowieflagowe.pl\/aktualne\/#\/schema\/person\/9c2fb7d2362ebf6fa088960d7f0d27b0\",\"name\":\"Filip\",\"image\":{\"@type\":\"ImageObject\",\"inLanguage\":\"pl-PL\",\"@id\":\"https:\/\/www.pogotowieflagowe.pl\/aktualne\/#\/schema\/person\/image\/\",\"url\":\"https:\/\/www.pogotowieflagowe.pl\/aktualne\/wp-content\/uploads\/2024\/08\/pogotowieflagowe.pl_.jpg\",\"contentUrl\":\"https:\/\/www.pogotowieflagowe.pl\/aktualne\/wp-content\/uploads\/2024\/08\/pogotowieflagowe.pl_.jpg\",\"caption\":\"Filip\"},\"description\":\"Jestem Filip, polski dziennikarz z dyplomem nauk politycznych Uniwersytetu Warszawskiego. Rozpoczynaj\u0105c swoj\u0105 karier\u0119 w r\u00f3\u017cnych lokalnych mediach, zdoby\u0142em solidne do\u015bwiadczenie w zakresie \u015bledztwa i redakcji. Obecnie jako redaktor w Pogotowie flagowe, staram si\u0119 dostarcza\u0107 dog\u0142\u0119bne i istotne analizy na temat najwa\u017cniejszych kwestii aktualno\u015bci, \u0142\u0105cz\u0105c rygor z pasj\u0105 dziennikarsk\u0105.\",\"sameAs\":[\"https:\/\/www.pogotowieflagowe.pl\/\"]}]}<\/script>\n<!-- \/ Yoast SEO plugin. -->","yoast_head_json":{"title":"\u201eChcemy zemsty!\u201d \u2014 Gwiazda TVN konfrontuje si\u0119 z Tuskiem na antenie, premier ostro odpowiada - POGOTOWIE FLAGOWE\u00ae","robots":{"index":"index","follow":"follow","max-snippet":"max-snippet:-1","max-image-preview":"max-image-preview:large","max-video-preview":"max-video-preview:-1"},"canonical":"https:\/\/www.pogotowieflagowe.pl\/aktualne\/chcemy-zemsty-gwiazda-tvn-konfrontuje-sie-z-tuskiem-na-antenie-premier-ostro-odpowiada\/","og_locale":"pl_PL","og_type":"article","og_title":"\u201eChcemy zemsty!\u201d \u2014 Gwiazda TVN konfrontuje si\u0119 z Tuskiem na antenie, premier ostro odpowiada - POGOTOWIE FLAGOWE\u00ae","og_description":"\u201eChcemy zemsty, bo to nie by\u0142a tylko twoja obietnica\u201d \u2013 powiedzia\u0142a gwiazda TVN Jakub Wojew\u00f3dzkizwracaj\u0105c si\u0119 do premiera Donalda Tuska","og_url":"https:\/\/www.pogotowieflagowe.pl\/aktualne\/chcemy-zemsty-gwiazda-tvn-konfrontuje-sie-z-tuskiem-na-antenie-premier-ostro-odpowiada\/","og_site_name":"POGOTOWIE FLAGOWE\u00ae","article_published_time":"2025-10-18T10:11:58+00:00","article_modified_time":"2025-10-18T10:11:59+00:00","og_image":[{"width":1280,"height":720,"url":"https:\/\/www.pogotowieflagowe.pl\/aktualne\/wp-content\/uploads\/2025\/10\/\u201eChcemy-zemsty-\u2014-Gwiazda-TVN-konfrontuje-sie-z-Tuskiem-na.webp.webp","type":"image\/webp"}],"author":"Filip","twitter_card":"summary_large_image","twitter_misc":{"Napisane przez":"Filip","Szacowany czas czytania":"1 minuta"},"schema":{"@context":"https:\/\/schema.org","@graph":[{"@type":"Article","@id":"https:\/\/www.pogotowieflagowe.pl\/aktualne\/chcemy-zemsty-gwiazda-tvn-konfrontuje-sie-z-tuskiem-na-antenie-premier-ostro-odpowiada\/#article","isPartOf":{"@id":"https:\/\/www.pogotowieflagowe.pl\/aktualne\/chcemy-zemsty-gwiazda-tvn-konfrontuje-sie-z-tuskiem-na-antenie-premier-ostro-odpowiada\/"},"author":{"name":"Filip","@id":"https:\/\/www.pogotowieflagowe.pl\/aktualne\/#\/schema\/person\/9c2fb7d2362ebf6fa088960d7f0d27b0"},"headline":"\u201eChcemy zemsty!\u201d \u2014 Gwiazda TVN konfrontuje si\u0119 z Tuskiem na antenie, premier ostro odpowiada","datePublished":"2025-10-18T10:11:58+00:00","dateModified":"2025-10-18T10:11:59+00:00","mainEntityOfPage":{"@id":"https:\/\/www.pogotowieflagowe.pl\/aktualne\/chcemy-zemsty-gwiazda-tvn-konfrontuje-sie-z-tuskiem-na-antenie-premier-ostro-odpowiada\/"},"wordCount":270,"commentCount":0,"publisher":{"@id":"https:\/\/www.pogotowieflagowe.pl\/aktualne\/#organization"},"image":{"@id":"https:\/\/www.pogotowieflagowe.pl\/aktualne\/chcemy-zemsty-gwiazda-tvn-konfrontuje-sie-z-tuskiem-na-antenie-premier-ostro-odpowiada\/#primaryimage"},"thumbnailUrl":"https:\/\/www.pogotowieflagowe.pl\/aktualne\/wp-content\/uploads\/2025\/10\/\u201eChcemy-zemsty-\u2014-Gwiazda-TVN-konfrontuje-sie-z-Tuskiem-na.webp.webp","keywords":["antenie","Chcemy","Gwiazda","konfrontuje","odpowiada","ostro","Premier","si\u0119","Tuskiem","TVN","zemsty"],"articleSection":["Aktualne"],"inLanguage":"pl-PL","potentialAction":[{"@type":"CommentAction","name":"Comment","target":["https:\/\/www.pogotowieflagowe.pl\/aktualne\/chcemy-zemsty-gwiazda-tvn-konfrontuje-sie-z-tuskiem-na-antenie-premier-ostro-odpowiada\/#respond"]}]},{"@type":"WebPage","@id":"https:\/\/www.pogotowieflagowe.pl\/aktualne\/chcemy-zemsty-gwiazda-tvn-konfrontuje-sie-z-tuskiem-na-antenie-premier-ostro-odpowiada\/","url":"https:\/\/www.pogotowieflagowe.pl\/aktualne\/chcemy-zemsty-gwiazda-tvn-konfrontuje-sie-z-tuskiem-na-antenie-premier-ostro-odpowiada\/","name":"\u201eChcemy zemsty!\u201d \u2014 Gwiazda TVN konfrontuje si\u0119 z Tuskiem na antenie, premier ostro odpowiada - POGOTOWIE FLAGOWE\u00ae","isPartOf":{"@id":"https:\/\/www.pogotowieflagowe.pl\/aktualne\/#website"},"primaryImageOfPage":{"@id":"https:\/\/www.pogotowieflagowe.pl\/aktualne\/chcemy-zemsty-gwiazda-tvn-konfrontuje-sie-z-tuskiem-na-antenie-premier-ostro-odpowiada\/#primaryimage"},"image":{"@id":"https:\/\/www.pogotowieflagowe.pl\/aktualne\/chcemy-zemsty-gwiazda-tvn-konfrontuje-sie-z-tuskiem-na-antenie-premier-ostro-odpowiada\/#primaryimage"},"thumbnailUrl":"https:\/\/www.pogotowieflagowe.pl\/aktualne\/wp-content\/uploads\/2025\/10\/\u201eChcemy-zemsty-\u2014-Gwiazda-TVN-konfrontuje-sie-z-Tuskiem-na.webp.webp","datePublished":"2025-10-18T10:11:58+00:00","dateModified":"2025-10-18T10:11:59+00:00","breadcrumb":{"@id":"https:\/\/www.pogotowieflagowe.pl\/aktualne\/chcemy-zemsty-gwiazda-tvn-konfrontuje-sie-z-tuskiem-na-antenie-premier-ostro-odpowiada\/#breadcrumb"},"inLanguage":"pl-PL","potentialAction":[{"@type":"ReadAction","target":["https:\/\/www.pogotowieflagowe.pl\/aktualne\/chcemy-zemsty-gwiazda-tvn-konfrontuje-sie-z-tuskiem-na-antenie-premier-ostro-odpowiada\/"]}]},{"@type":"ImageObject","inLanguage":"pl-PL","@id":"https:\/\/www.pogotowieflagowe.pl\/aktualne\/chcemy-zemsty-gwiazda-tvn-konfrontuje-sie-z-tuskiem-na-antenie-premier-ostro-odpowiada\/#primaryimage","url":"https:\/\/www.pogotowieflagowe.pl\/aktualne\/wp-content\/uploads\/2025\/10\/\u201eChcemy-zemsty-\u2014-Gwiazda-TVN-konfrontuje-sie-z-Tuskiem-na.webp.webp","contentUrl":"https:\/\/www.pogotowieflagowe.pl\/aktualne\/wp-content\/uploads\/2025\/10\/\u201eChcemy-zemsty-\u2014-Gwiazda-TVN-konfrontuje-sie-z-Tuskiem-na.webp.webp","width":1280,"height":720,"caption":"\u201eChcemy zemsty!\u201d \u2014 Gwiazda TVN konfrontuje si\u0119 z Tuskiem na antenie, premier ostro odpowiada"},{"@type":"BreadcrumbList","@id":"https:\/\/www.pogotowieflagowe.pl\/aktualne\/chcemy-zemsty-gwiazda-tvn-konfrontuje-sie-z-tuskiem-na-antenie-premier-ostro-odpowiada\/#breadcrumb","itemListElement":[{"@type":"ListItem","position":1,"name":"Home","item":"https:\/\/www.pogotowieflagowe.pl\/aktualne\/"},{"@type":"ListItem","position":2,"name":"\u201eChcemy zemsty!\u201d \u2014 Gwiazda TVN konfrontuje si\u0119 z Tuskiem na antenie, premier ostro odpowiada"}]},{"@type":"WebSite","@id":"https:\/\/www.pogotowieflagowe.pl\/aktualne\/#website","url":"https:\/\/www.pogotowieflagowe.pl\/aktualne\/","name":"POGOTOWIE FLAGOWE\u00ae","description":"","publisher":{"@id":"https:\/\/www.pogotowieflagowe.pl\/aktualne\/#organization"},"potentialAction":[{"@type":"SearchAction","target":{"@type":"EntryPoint","urlTemplate":"https:\/\/www.pogotowieflagowe.pl\/aktualne\/?s={search_term_string}"},"query-input":"required name=search_term_string"}],"inLanguage":"pl-PL"},{"@type":"Organization","@id":"https:\/\/www.pogotowieflagowe.pl\/aktualne\/#organization","name":"POGOTOWIE FLAGOWE\u00ae","url":"https:\/\/www.pogotowieflagowe.pl\/aktualne\/","logo":{"@type":"ImageObject","inLanguage":"pl-PL","@id":"https:\/\/www.pogotowieflagowe.pl\/aktualne\/#\/schema\/logo\/image\/","url":"https:\/\/www.pogotowieflagowe.pl\/aktualne\/wp-content\/uploads\/2024\/08\/cropped-pogotowieflagowe_flaga_projekt_sm.jpg","contentUrl":"https:\/\/www.pogotowieflagowe.pl\/aktualne\/wp-content\/uploads\/2024\/08\/cropped-pogotowieflagowe_flaga_projekt_sm.jpg","width":250,"height":143,"caption":"POGOTOWIE FLAGOWE\u00ae"},"image":{"@id":"https:\/\/www.pogotowieflagowe.pl\/aktualne\/#\/schema\/logo\/image\/"}},{"@type":"Person","@id":"https:\/\/www.pogotowieflagowe.pl\/aktualne\/#\/schema\/person\/9c2fb7d2362ebf6fa088960d7f0d27b0","name":"Filip","image":{"@type":"ImageObject","inLanguage":"pl-PL","@id":"https:\/\/www.pogotowieflagowe.pl\/aktualne\/#\/schema\/person\/image\/","url":"https:\/\/www.pogotowieflagowe.pl\/aktualne\/wp-content\/uploads\/2024\/08\/pogotowieflagowe.pl_.jpg","contentUrl":"https:\/\/www.pogotowieflagowe.pl\/aktualne\/wp-content\/uploads\/2024\/08\/pogotowieflagowe.pl_.jpg","caption":"Filip"},"description":"Jestem Filip, polski dziennikarz z dyplomem nauk politycznych Uniwersytetu Warszawskiego. Rozpoczynaj\u0105c swoj\u0105 karier\u0119 w r\u00f3\u017cnych lokalnych mediach, zdoby\u0142em solidne do\u015bwiadczenie w zakresie \u015bledztwa i redakcji. Obecnie jako redaktor w Pogotowie flagowe, staram si\u0119 dostarcza\u0107 dog\u0142\u0119bne i istotne analizy na temat najwa\u017cniejszych kwestii aktualno\u015bci, \u0142\u0105cz\u0105c rygor z pasj\u0105 dziennikarsk\u0105.","sameAs":["https:\/\/www.pogotowieflagowe.pl\/"]}]}},"_links":{"self":[{"href":"https:\/\/www.pogotowieflagowe.pl\/aktualne\/wp-json\/wp\/v2\/posts\/9464","targetHints":{"allow":["GET"]}}],"collection":[{"href":"https:\/\/www.pogotowieflagowe.pl\/aktualne\/wp-json\/wp\/v2\/posts"}],"about":[{"href":"https:\/\/www.pogotowieflagowe.pl\/aktualne\/wp-json\/wp\/v2\/types\/post"}],"author":[{"embeddable":true,"href":"https:\/\/www.pogotowieflagowe.pl\/aktualne\/wp-json\/wp\/v2\/users\/1"}],"replies":[{"embeddable":true,"href":"https:\/\/www.pogotowieflagowe.pl\/aktualne\/wp-json\/wp\/v2\/comments?post=9464"}],"version-history":[{"count":1,"href":"https:\/\/www.pogotowieflagowe.pl\/aktualne\/wp-json\/wp\/v2\/posts\/9464\/revisions"}],"predecessor-version":[{"id":9466,"href":"https:\/\/www.pogotowieflagowe.pl\/aktualne\/wp-json\/wp\/v2\/posts\/9464\/revisions\/9466"}],"wp:featuredmedia":[{"embeddable":true,"href":"https:\/\/www.pogotowieflagowe.pl\/aktualne\/wp-json\/wp\/v2\/media\/9465"}],"wp:attachment":[{"href":"https:\/\/www.pogotowieflagowe.pl\/aktualne\/wp-json\/wp\/v2\/media?parent=9464"}],"wp:term":[{"taxonomy":"category","embeddable":true,"href":"https:\/\/www.pogotowieflagowe.pl\/aktualne\/wp-json\/wp\/v2\/categories?post=9464"},{"taxonomy":"post_tag","embeddable":true,"href":"https:\/\/www.pogotowieflagowe.pl\/aktualne\/wp-json\/wp\/v2\/tags?post=9464"}],"curies":[{"name":"wp","href":"https:\/\/api.w.org\/{rel}","templated":true}]}}