{"id":9503,"date":"2025-10-19T13:01:48","date_gmt":"2025-10-19T11:01:48","guid":{"rendered":"https:\/\/www.pogotowieflagowe.pl\/aktualne\/szmydt-odwiedzil-sejm-rp-na-zaproszenie-gasiuka-pihowicza-posel-pis-interweniuje\/"},"modified":"2025-10-19T13:01:49","modified_gmt":"2025-10-19T11:01:49","slug":"szmydt-odwiedzil-sejm-rp-na-zaproszenie-gasiuka-pihowicza-posel-pis-interweniuje","status":"publish","type":"post","link":"https:\/\/www.pogotowieflagowe.pl\/aktualne\/szmydt-odwiedzil-sejm-rp-na-zaproszenie-gasiuka-pihowicza-posel-pis-interweniuje\/","title":{"rendered":"Szmydt odwiedzi\u0142 Sejm RP na zaproszenie G\u0105siuka-Pihowicza. Pose\u0142 PiS interweniuje"},"content":{"rendered":"\n<div class=\"td_block_wrap tdb_single_content tdi_41 td-pb-border-top td_block_template_8 td-post-content tagdiv-type\" data-td-block-uid=\"tdi_41\">\n<style>.tdi_41{margines-top:0px!important;margin-bottom:0px!important;dope\u0142nienie-g\u00f3ra:0px!important;dope\u0142nienie-d\u00f3\u0142:0px!important}<\/style>\n<style>.tdb_single_content{margin-bottom:0;*zoom:1}.tdb_single_content:before,.tdb_single_content:after{display:table;content:'';line-height:0}.tdb_single_content:after{clear:both}.tdb_single_content .tdb-block-inner>*:not(.wp-block-quote):not(.alignwide):not(.alignfull.wp-block-cover.has-parallax):not(.td-a-ad){margin-left:auto;margin-right:auto}.tdb_single_content a{pointer-events:auto}.tdb_single_content .td-spot-id-top_ad .tdc-placeholder-title:before{content:'Article Top Ad'!important}.tdb_single_content .td-spot-id-inline_ad0 .tdc-placeholder-title:before{content:'Article Reklama wbudowana 1'!important}.tdb_single_content .td-spot-id-inline_ad1 .tdc-placeholder-title:before{content:'Reklama wbudowana w artyku\u0142 2'!important}.tdb_single_content .td-spot-id-inline_ad2 .tdc-placeholder-title:before{content:'Reklama w tek\u015bcie artyku\u0142u 3'!important}.tdb_single_content .td-spot-id-bottom_ad .tdc-placeholder-title:before{content:'Article Bottom Ad'!important}.tdb_single_content .id_top_ad,.tdb_single_content .id_bottom_ad{clear:both;margin-bottom:21px;text-align:center}.tdb_single_content .id_top_ad img,.tdb_single_content .id_bottom_ad img{margin-bottom:0}.tdb_single_content .id_top_ad .adsbygoogle,.tdb_single_content .id_bottom_ad .adsbygoogle{position:relative}.tdb_single_content .id_ad_content-horiz-left,.tdb_single_content .id_ad_content-horiz-right,.tdb_single_content .id_ad_content-horiz-center{margin-bottom:15px}.tdb_single_content .id_ad_content-horiz-left img,.tdb_single_content .id_ad_content-horiz-right img,.tdb_single_content .id_ad_content-horiz-center img{margin-bottom:0}.tdb_single_content .id_ad_content-horiz-center{text-align:center}.tdb_single_content .id_ad_content-horiz-center img{margin-right:auto;margin-left:auto}.tdb_single_content .id_ad_content-horiz-left{float:left;margin-top:9px;margin-right:21px}.tdb_single_content .id_ad_content-horiz-right{float:right;margin-top:6px;margin-left:21px}.tdb_single_content .tdc-a-ad .tdc-placeholder-title{width:300px;height:250px}.tdb_single_content .tdc-a-ad .tdc-placeholder-title:before{position:absolute;top:50%;-webkit-transform:translateY(-50%);transform:translateY(-50%);margin:auto;display:table;width:100%}.tdb_single_content .tdb-block-inner.td-fix-index{word-break:break-word}.tdi_41,.tdi_41>p,.tdi_41 .tdb-block-inner>p,.wp-block-column>p{font-size:16px!important;line-height:1.6!important}.tdi_41 .tdb-block-inner cytat blokowy p{font-style:normal!important}@media (max-width:767px){.tdb_single_content .id_ad_content-horiz-left,.tdb_single_content .id_ad_content-horiz-right,.tdb_single_content .id_ad_content-horiz-center{margin:0 auto 26 pikseli auto}}@media (max-width:767px){.tdb_single_content .id_ad_content-horiz-left{margin-right:0}}@media (max-width:767px){.tdb_single_content .id_ad_content-horiz-right{margin-left:0}}@media (max-width:767px){.tdb_single_content .td-a-ad{float:none;text-align:center}.tdb_single_content .td-a-ad img{margin-right:auto;margin-left:auto}.tdb_single_content .tdc-a-ad{float:none}}<\/style>\n<div class=\"tdb-block-inner td-fix-index\">\n<p>Pose\u0142 Prawa i Sprawiedliwo\u015bci (PiS) Pawe\u0142 Jab\u0142o\u0144ski z\u0142o\u017cy\u0142 interpelacj\u0119 parlamentarn\u0105 w sprawie wizyty w Sejmie bia\u0142oruskiego szpiega Tomasza Szmydta w marcu 2022 r. Wizyta odby\u0142a si\u0119 na zaproszenie pos\u0142anki Koalicji Obywatelskiej (KO) Kamili Gasiuk-Pihowicz. \u201eZ\u0142o\u017cy\u0142em w tej sprawie zapytanie z prostym pytaniem: czy w toku \u015bledztwa przes\u0142uchiwano te osoby w zwi\u0105zku z ich wsp\u00f3\u0142prac\u0105 z bia\u0142oruskim agentem?\u201d \u2013 oznajmi\u0142 pose\u0142. Otrzyma\u0142 ju\u017c oficjaln\u0105 odpowied\u017a.<\/p>\n<h2 class=\"wp-block-heading\">Bia\u0142oruski szpieg w polskim parlamencie na zaproszenie G\u0105siuka-Pihowicza<\/h2>\n<p>29 kwietnia 2022 r. Tomasz Szmydt by\u0142 obecny w siedzibie Sejmu RP na prywatne zaproszenie pos\u0142anki Kamili Gasiuk-Pihowicz. P\u00f3\u017aniej uciek\u0142 na Bia\u0142oru\u015b. 6 maja 2024 r. pojawi\u0142 si\u0119 na propagandowej konferencji prasowej w Mi\u0144sku.<\/p>\n<p>Bia\u0142oruska pa\u0144stwowa agencja informacyjna BelTA poda\u0142a, \u017ce \u200b\u200bSzmydt zwr\u00f3ci\u0142 si\u0119 do w\u0142adz bia\u0142oruskich o \u201eopiek\u0119 i ochron\u0119\u201d. Zdrajca zacz\u0105\u0142 nast\u0119pnie pojawia\u0107 si\u0119 w mediach bia\u0142oruskich i rosyjskich, powtarzaj\u0105c narracje lokalnej propagandy.<\/p>\n<p>Pose\u0142 PiS Pawe\u0142 Jab\u0142o\u0144ski z\u0142o\u017cy\u0142 formalne zapytanie w sprawie wizyty Szmydta w polskim parlamencie.<\/p>\n<p>&#8222;W tej akcji dezinformacyjnej, obok Kamili Gasiuk-Pihowicz, uczestniczyli Arkadiusz Myrcha, Micha\u0142 Szczerba i inni parlamentarzy\u015bci Platformy Obywatelskiej. Miesi\u0105c temu z\u0142o\u017cy\u0142em interpelacj\u0119 parlamentarn\u0105 z prostym pytaniem: czy te osoby by\u0142y przes\u0142uchiwane w toku \u015bledztwa w sprawie wsp\u00f3\u0142pracy z bia\u0142oruskim agentem?&#8221; \u2013 napisa\u0142 polityk.<\/p>\n<p>Odpowied\u017a, jak\u0105 otrzyma\u0142 od w\u0142adz, by\u0142a nast\u0119puj\u0105ca:<\/p>\n<p>\u201eInformacje dotycz\u0105ce tocz\u0105cych si\u0119 post\u0119powa\u0144, obszar\u00f3w zainteresowa\u0144 s\u0142u\u017cb bezpiecze\u0144stwa i narz\u0119dzi, kt\u00f3rymi si\u0119 pos\u0142uguj\u0105, maj\u0105 co do zasady charakter niejawny i nie s\u0105 upubliczniane\u201d.<\/p>\n<p>&#8222;Mo\u017ce to niekt\u00f3rych zdziwi\u0107, ale nie b\u0119d\u0119 w tej sprawie atakowa\u0142 Tomasza Siemoniaka &#8211; informacje obj\u0119te klauzul\u0105 \u200b\u200btajno\u015bci powinny pozosta\u0107 poufne. Zwr\u00f3c\u0119 si\u0119 jednak do nich z pro\u015bb\u0105 o udost\u0119pnienie ich na podstawie innych przepis\u00f3w prawa, zgodnie z moimi uprawnieniami jako pos\u0142a i senatora&#8221; &#8211; zadeklarowa\u0142 Jab\u0142o\u0144ski.<\/p>\n<p>Doda\u0142 te\u017c, \u017ce \u201etrzeba wyja\u015bni\u0107 spraw\u0119 wsp\u00f3\u0142pracy Kamili Gasiuk-Pihowicz, Arkadiusza Myrchy i Micha\u0142a Szczerby z bia\u0142oruskim agentem \u2013 i zapewniam, \u017ce tak si\u0119 stanie\u201d.<\/p>\n<\/div>\n<\/div>\n","protected":false},"excerpt":{"rendered":"<p>Pose\u0142 Prawa i Sprawiedliwo\u015bci (PiS) Pawe\u0142 Jab\u0142o\u0144ski z\u0142o\u017cy\u0142 interpelacj\u0119 parlamentarn\u0105 w sprawie wizyty w Sejmie bia\u0142oruskiego szpiega Tomasza Szmydta w<\/p>\n","protected":false},"author":1,"featured_media":9504,"comment_status":"open","ping_status":"open","sticky":false,"template":"","format":"standard","meta":{"footnotes":""},"categories":[4748],"tags":[11005,5116,11003,166,2543,6013,11002,11004],"class_list":["post-9503","post","type-post","status-publish","format-standard","has-post-thumbnail","hentry","category-aktualne","tag-gasiukapihowicza","tag-interweniuje","tag-odwiedzil","tag-pis","tag-posel","tag-sejm","tag-szmydt","tag-zaproszenie","generate-columns","tablet-grid-50","mobile-grid-100","grid-parent","grid-50","resize-featured-image"],"yoast_head":"<!-- This site is optimized with the Yoast SEO plugin v23.2 - https:\/\/yoast.com\/wordpress\/plugins\/seo\/ -->\n<title>Szmydt odwiedzi\u0142 Sejm RP na zaproszenie G\u0105siuka-Pihowicza. Pose\u0142 PiS interweniuje - POGOTOWIE FLAGOWE\u00ae<\/title>\n<meta name=\"robots\" content=\"index, follow, max-snippet:-1, max-image-preview:large, max-video-preview:-1\" \/>\n<link rel=\"canonical\" href=\"https:\/\/www.pogotowieflagowe.pl\/aktualne\/szmydt-odwiedzil-sejm-rp-na-zaproszenie-gasiuka-pihowicza-posel-pis-interweniuje\/\" \/>\n<meta property=\"og:locale\" content=\"pl_PL\" \/>\n<meta property=\"og:type\" content=\"article\" \/>\n<meta property=\"og:title\" content=\"Szmydt odwiedzi\u0142 Sejm RP na zaproszenie G\u0105siuka-Pihowicza. Pose\u0142 PiS interweniuje - POGOTOWIE FLAGOWE\u00ae\" \/>\n<meta property=\"og:description\" content=\"Pose\u0142 Prawa i Sprawiedliwo\u015bci (PiS) Pawe\u0142 Jab\u0142o\u0144ski z\u0142o\u017cy\u0142 interpelacj\u0119 parlamentarn\u0105 w sprawie wizyty w Sejmie bia\u0142oruskiego szpiega Tomasza Szmydta w\" \/>\n<meta property=\"og:url\" content=\"https:\/\/www.pogotowieflagowe.pl\/aktualne\/szmydt-odwiedzil-sejm-rp-na-zaproszenie-gasiuka-pihowicza-posel-pis-interweniuje\/\" \/>\n<meta property=\"og:site_name\" content=\"POGOTOWIE FLAGOWE\u00ae\" \/>\n<meta property=\"article:published_time\" content=\"2025-10-19T11:01:48+00:00\" \/>\n<meta property=\"article:modified_time\" content=\"2025-10-19T11:01:49+00:00\" \/>\n<meta property=\"og:image\" content=\"https:\/\/www.pogotowieflagowe.pl\/aktualne\/wp-content\/uploads\/2025\/10\/Szmydt-odwiedzil-Sejm-RP-na-zaproszenie-Gasiuka-Pihowicza-Posel-PiS-interweniuje.webp.webp\" \/>\n\t<meta property=\"og:image:width\" content=\"1280\" \/>\n\t<meta property=\"og:image:height\" content=\"719\" \/>\n\t<meta property=\"og:image:type\" content=\"image\/webp\" \/>\n<meta name=\"author\" content=\"Filip\" \/>\n<meta name=\"twitter:card\" content=\"summary_large_image\" \/>\n<meta name=\"twitter:label1\" content=\"Napisane przez\" \/>\n\t<meta name=\"twitter:data1\" content=\"Filip\" \/>\n\t<meta name=\"twitter:label2\" content=\"Szacowany czas czytania\" \/>\n\t<meta name=\"twitter:data2\" content=\"2 minuty\" \/>\n<script type=\"application\/ld+json\" class=\"yoast-schema-graph\">{\"@context\":\"https:\/\/schema.org\",\"@graph\":[{\"@type\":\"Article\",\"@id\":\"https:\/\/www.pogotowieflagowe.pl\/aktualne\/szmydt-odwiedzil-sejm-rp-na-zaproszenie-gasiuka-pihowicza-posel-pis-interweniuje\/#article\",\"isPartOf\":{\"@id\":\"https:\/\/www.pogotowieflagowe.pl\/aktualne\/szmydt-odwiedzil-sejm-rp-na-zaproszenie-gasiuka-pihowicza-posel-pis-interweniuje\/\"},\"author\":{\"name\":\"Filip\",\"@id\":\"https:\/\/www.pogotowieflagowe.pl\/aktualne\/#\/schema\/person\/9c2fb7d2362ebf6fa088960d7f0d27b0\"},\"headline\":\"Szmydt odwiedzi\u0142 Sejm RP na zaproszenie G\u0105siuka-Pihowicza. Pose\u0142 PiS interweniuje\",\"datePublished\":\"2025-10-19T11:01:48+00:00\",\"dateModified\":\"2025-10-19T11:01:49+00:00\",\"mainEntityOfPage\":{\"@id\":\"https:\/\/www.pogotowieflagowe.pl\/aktualne\/szmydt-odwiedzil-sejm-rp-na-zaproszenie-gasiuka-pihowicza-posel-pis-interweniuje\/\"},\"wordCount\":371,\"commentCount\":0,\"publisher\":{\"@id\":\"https:\/\/www.pogotowieflagowe.pl\/aktualne\/#organization\"},\"image\":{\"@id\":\"https:\/\/www.pogotowieflagowe.pl\/aktualne\/szmydt-odwiedzil-sejm-rp-na-zaproszenie-gasiuka-pihowicza-posel-pis-interweniuje\/#primaryimage\"},\"thumbnailUrl\":\"https:\/\/www.pogotowieflagowe.pl\/aktualne\/wp-content\/uploads\/2025\/10\/Szmydt-odwiedzil-Sejm-RP-na-zaproszenie-Gasiuka-Pihowicza-Posel-PiS-interweniuje.webp.webp\",\"keywords\":[\"G\u0105siukaPihowicza\",\"interweniuje\",\"odwiedzi\u0142\",\"PiS\",\"pose\u0142\",\"Sejm\",\"Szmydt\",\"zaproszenie\"],\"articleSection\":[\"Aktualne\"],\"inLanguage\":\"pl-PL\",\"potentialAction\":[{\"@type\":\"CommentAction\",\"name\":\"Comment\",\"target\":[\"https:\/\/www.pogotowieflagowe.pl\/aktualne\/szmydt-odwiedzil-sejm-rp-na-zaproszenie-gasiuka-pihowicza-posel-pis-interweniuje\/#respond\"]}]},{\"@type\":\"WebPage\",\"@id\":\"https:\/\/www.pogotowieflagowe.pl\/aktualne\/szmydt-odwiedzil-sejm-rp-na-zaproszenie-gasiuka-pihowicza-posel-pis-interweniuje\/\",\"url\":\"https:\/\/www.pogotowieflagowe.pl\/aktualne\/szmydt-odwiedzil-sejm-rp-na-zaproszenie-gasiuka-pihowicza-posel-pis-interweniuje\/\",\"name\":\"Szmydt odwiedzi\u0142 Sejm RP na zaproszenie G\u0105siuka-Pihowicza. Pose\u0142 PiS interweniuje - POGOTOWIE FLAGOWE\u00ae\",\"isPartOf\":{\"@id\":\"https:\/\/www.pogotowieflagowe.pl\/aktualne\/#website\"},\"primaryImageOfPage\":{\"@id\":\"https:\/\/www.pogotowieflagowe.pl\/aktualne\/szmydt-odwiedzil-sejm-rp-na-zaproszenie-gasiuka-pihowicza-posel-pis-interweniuje\/#primaryimage\"},\"image\":{\"@id\":\"https:\/\/www.pogotowieflagowe.pl\/aktualne\/szmydt-odwiedzil-sejm-rp-na-zaproszenie-gasiuka-pihowicza-posel-pis-interweniuje\/#primaryimage\"},\"thumbnailUrl\":\"https:\/\/www.pogotowieflagowe.pl\/aktualne\/wp-content\/uploads\/2025\/10\/Szmydt-odwiedzil-Sejm-RP-na-zaproszenie-Gasiuka-Pihowicza-Posel-PiS-interweniuje.webp.webp\",\"datePublished\":\"2025-10-19T11:01:48+00:00\",\"dateModified\":\"2025-10-19T11:01:49+00:00\",\"breadcrumb\":{\"@id\":\"https:\/\/www.pogotowieflagowe.pl\/aktualne\/szmydt-odwiedzil-sejm-rp-na-zaproszenie-gasiuka-pihowicza-posel-pis-interweniuje\/#breadcrumb\"},\"inLanguage\":\"pl-PL\",\"potentialAction\":[{\"@type\":\"ReadAction\",\"target\":[\"https:\/\/www.pogotowieflagowe.pl\/aktualne\/szmydt-odwiedzil-sejm-rp-na-zaproszenie-gasiuka-pihowicza-posel-pis-interweniuje\/\"]}]},{\"@type\":\"ImageObject\",\"inLanguage\":\"pl-PL\",\"@id\":\"https:\/\/www.pogotowieflagowe.pl\/aktualne\/szmydt-odwiedzil-sejm-rp-na-zaproszenie-gasiuka-pihowicza-posel-pis-interweniuje\/#primaryimage\",\"url\":\"https:\/\/www.pogotowieflagowe.pl\/aktualne\/wp-content\/uploads\/2025\/10\/Szmydt-odwiedzil-Sejm-RP-na-zaproszenie-Gasiuka-Pihowicza-Posel-PiS-interweniuje.webp.webp\",\"contentUrl\":\"https:\/\/www.pogotowieflagowe.pl\/aktualne\/wp-content\/uploads\/2025\/10\/Szmydt-odwiedzil-Sejm-RP-na-zaproszenie-Gasiuka-Pihowicza-Posel-PiS-interweniuje.webp.webp\",\"width\":1280,\"height\":719,\"caption\":\"Szmydt odwiedzi\u0142 Sejm RP na zaproszenie G\u0105siuka-Pihowicza. Pose\u0142 PiS interweniuje\"},{\"@type\":\"BreadcrumbList\",\"@id\":\"https:\/\/www.pogotowieflagowe.pl\/aktualne\/szmydt-odwiedzil-sejm-rp-na-zaproszenie-gasiuka-pihowicza-posel-pis-interweniuje\/#breadcrumb\",\"itemListElement\":[{\"@type\":\"ListItem\",\"position\":1,\"name\":\"Home\",\"item\":\"https:\/\/www.pogotowieflagowe.pl\/aktualne\/\"},{\"@type\":\"ListItem\",\"position\":2,\"name\":\"Szmydt odwiedzi\u0142 Sejm RP na zaproszenie G\u0105siuka-Pihowicza. Pose\u0142 PiS interweniuje\"}]},{\"@type\":\"WebSite\",\"@id\":\"https:\/\/www.pogotowieflagowe.pl\/aktualne\/#website\",\"url\":\"https:\/\/www.pogotowieflagowe.pl\/aktualne\/\",\"name\":\"POGOTOWIE FLAGOWE\u00ae\",\"description\":\"\",\"publisher\":{\"@id\":\"https:\/\/www.pogotowieflagowe.pl\/aktualne\/#organization\"},\"potentialAction\":[{\"@type\":\"SearchAction\",\"target\":{\"@type\":\"EntryPoint\",\"urlTemplate\":\"https:\/\/www.pogotowieflagowe.pl\/aktualne\/?s={search_term_string}\"},\"query-input\":\"required name=search_term_string\"}],\"inLanguage\":\"pl-PL\"},{\"@type\":\"Organization\",\"@id\":\"https:\/\/www.pogotowieflagowe.pl\/aktualne\/#organization\",\"name\":\"POGOTOWIE FLAGOWE\u00ae\",\"url\":\"https:\/\/www.pogotowieflagowe.pl\/aktualne\/\",\"logo\":{\"@type\":\"ImageObject\",\"inLanguage\":\"pl-PL\",\"@id\":\"https:\/\/www.pogotowieflagowe.pl\/aktualne\/#\/schema\/logo\/image\/\",\"url\":\"https:\/\/www.pogotowieflagowe.pl\/aktualne\/wp-content\/uploads\/2024\/08\/cropped-pogotowieflagowe_flaga_projekt_sm.jpg\",\"contentUrl\":\"https:\/\/www.pogotowieflagowe.pl\/aktualne\/wp-content\/uploads\/2024\/08\/cropped-pogotowieflagowe_flaga_projekt_sm.jpg\",\"width\":250,\"height\":143,\"caption\":\"POGOTOWIE FLAGOWE\u00ae\"},\"image\":{\"@id\":\"https:\/\/www.pogotowieflagowe.pl\/aktualne\/#\/schema\/logo\/image\/\"}},{\"@type\":\"Person\",\"@id\":\"https:\/\/www.pogotowieflagowe.pl\/aktualne\/#\/schema\/person\/9c2fb7d2362ebf6fa088960d7f0d27b0\",\"name\":\"Filip\",\"image\":{\"@type\":\"ImageObject\",\"inLanguage\":\"pl-PL\",\"@id\":\"https:\/\/www.pogotowieflagowe.pl\/aktualne\/#\/schema\/person\/image\/\",\"url\":\"https:\/\/www.pogotowieflagowe.pl\/aktualne\/wp-content\/uploads\/2024\/08\/pogotowieflagowe.pl_.jpg\",\"contentUrl\":\"https:\/\/www.pogotowieflagowe.pl\/aktualne\/wp-content\/uploads\/2024\/08\/pogotowieflagowe.pl_.jpg\",\"caption\":\"Filip\"},\"description\":\"Jestem Filip, polski dziennikarz z dyplomem nauk politycznych Uniwersytetu Warszawskiego. Rozpoczynaj\u0105c swoj\u0105 karier\u0119 w r\u00f3\u017cnych lokalnych mediach, zdoby\u0142em solidne do\u015bwiadczenie w zakresie \u015bledztwa i redakcji. Obecnie jako redaktor w Pogotowie flagowe, staram si\u0119 dostarcza\u0107 dog\u0142\u0119bne i istotne analizy na temat najwa\u017cniejszych kwestii aktualno\u015bci, \u0142\u0105cz\u0105c rygor z pasj\u0105 dziennikarsk\u0105.\",\"sameAs\":[\"https:\/\/www.pogotowieflagowe.pl\/\"]}]}<\/script>\n<!-- \/ Yoast SEO plugin. -->","yoast_head_json":{"title":"Szmydt odwiedzi\u0142 Sejm RP na zaproszenie G\u0105siuka-Pihowicza. Pose\u0142 PiS interweniuje - POGOTOWIE FLAGOWE\u00ae","robots":{"index":"index","follow":"follow","max-snippet":"max-snippet:-1","max-image-preview":"max-image-preview:large","max-video-preview":"max-video-preview:-1"},"canonical":"https:\/\/www.pogotowieflagowe.pl\/aktualne\/szmydt-odwiedzil-sejm-rp-na-zaproszenie-gasiuka-pihowicza-posel-pis-interweniuje\/","og_locale":"pl_PL","og_type":"article","og_title":"Szmydt odwiedzi\u0142 Sejm RP na zaproszenie G\u0105siuka-Pihowicza. Pose\u0142 PiS interweniuje - POGOTOWIE FLAGOWE\u00ae","og_description":"Pose\u0142 Prawa i Sprawiedliwo\u015bci (PiS) Pawe\u0142 Jab\u0142o\u0144ski z\u0142o\u017cy\u0142 interpelacj\u0119 parlamentarn\u0105 w sprawie wizyty w Sejmie bia\u0142oruskiego szpiega Tomasza Szmydta w","og_url":"https:\/\/www.pogotowieflagowe.pl\/aktualne\/szmydt-odwiedzil-sejm-rp-na-zaproszenie-gasiuka-pihowicza-posel-pis-interweniuje\/","og_site_name":"POGOTOWIE FLAGOWE\u00ae","article_published_time":"2025-10-19T11:01:48+00:00","article_modified_time":"2025-10-19T11:01:49+00:00","og_image":[{"width":1280,"height":719,"url":"https:\/\/www.pogotowieflagowe.pl\/aktualne\/wp-content\/uploads\/2025\/10\/Szmydt-odwiedzil-Sejm-RP-na-zaproszenie-Gasiuka-Pihowicza-Posel-PiS-interweniuje.webp.webp","type":"image\/webp"}],"author":"Filip","twitter_card":"summary_large_image","twitter_misc":{"Napisane przez":"Filip","Szacowany czas czytania":"2 minuty"},"schema":{"@context":"https:\/\/schema.org","@graph":[{"@type":"Article","@id":"https:\/\/www.pogotowieflagowe.pl\/aktualne\/szmydt-odwiedzil-sejm-rp-na-zaproszenie-gasiuka-pihowicza-posel-pis-interweniuje\/#article","isPartOf":{"@id":"https:\/\/www.pogotowieflagowe.pl\/aktualne\/szmydt-odwiedzil-sejm-rp-na-zaproszenie-gasiuka-pihowicza-posel-pis-interweniuje\/"},"author":{"name":"Filip","@id":"https:\/\/www.pogotowieflagowe.pl\/aktualne\/#\/schema\/person\/9c2fb7d2362ebf6fa088960d7f0d27b0"},"headline":"Szmydt odwiedzi\u0142 Sejm RP na zaproszenie G\u0105siuka-Pihowicza. Pose\u0142 PiS interweniuje","datePublished":"2025-10-19T11:01:48+00:00","dateModified":"2025-10-19T11:01:49+00:00","mainEntityOfPage":{"@id":"https:\/\/www.pogotowieflagowe.pl\/aktualne\/szmydt-odwiedzil-sejm-rp-na-zaproszenie-gasiuka-pihowicza-posel-pis-interweniuje\/"},"wordCount":371,"commentCount":0,"publisher":{"@id":"https:\/\/www.pogotowieflagowe.pl\/aktualne\/#organization"},"image":{"@id":"https:\/\/www.pogotowieflagowe.pl\/aktualne\/szmydt-odwiedzil-sejm-rp-na-zaproszenie-gasiuka-pihowicza-posel-pis-interweniuje\/#primaryimage"},"thumbnailUrl":"https:\/\/www.pogotowieflagowe.pl\/aktualne\/wp-content\/uploads\/2025\/10\/Szmydt-odwiedzil-Sejm-RP-na-zaproszenie-Gasiuka-Pihowicza-Posel-PiS-interweniuje.webp.webp","keywords":["G\u0105siukaPihowicza","interweniuje","odwiedzi\u0142","PiS","pose\u0142","Sejm","Szmydt","zaproszenie"],"articleSection":["Aktualne"],"inLanguage":"pl-PL","potentialAction":[{"@type":"CommentAction","name":"Comment","target":["https:\/\/www.pogotowieflagowe.pl\/aktualne\/szmydt-odwiedzil-sejm-rp-na-zaproszenie-gasiuka-pihowicza-posel-pis-interweniuje\/#respond"]}]},{"@type":"WebPage","@id":"https:\/\/www.pogotowieflagowe.pl\/aktualne\/szmydt-odwiedzil-sejm-rp-na-zaproszenie-gasiuka-pihowicza-posel-pis-interweniuje\/","url":"https:\/\/www.pogotowieflagowe.pl\/aktualne\/szmydt-odwiedzil-sejm-rp-na-zaproszenie-gasiuka-pihowicza-posel-pis-interweniuje\/","name":"Szmydt odwiedzi\u0142 Sejm RP na zaproszenie G\u0105siuka-Pihowicza. Pose\u0142 PiS interweniuje - POGOTOWIE FLAGOWE\u00ae","isPartOf":{"@id":"https:\/\/www.pogotowieflagowe.pl\/aktualne\/#website"},"primaryImageOfPage":{"@id":"https:\/\/www.pogotowieflagowe.pl\/aktualne\/szmydt-odwiedzil-sejm-rp-na-zaproszenie-gasiuka-pihowicza-posel-pis-interweniuje\/#primaryimage"},"image":{"@id":"https:\/\/www.pogotowieflagowe.pl\/aktualne\/szmydt-odwiedzil-sejm-rp-na-zaproszenie-gasiuka-pihowicza-posel-pis-interweniuje\/#primaryimage"},"thumbnailUrl":"https:\/\/www.pogotowieflagowe.pl\/aktualne\/wp-content\/uploads\/2025\/10\/Szmydt-odwiedzil-Sejm-RP-na-zaproszenie-Gasiuka-Pihowicza-Posel-PiS-interweniuje.webp.webp","datePublished":"2025-10-19T11:01:48+00:00","dateModified":"2025-10-19T11:01:49+00:00","breadcrumb":{"@id":"https:\/\/www.pogotowieflagowe.pl\/aktualne\/szmydt-odwiedzil-sejm-rp-na-zaproszenie-gasiuka-pihowicza-posel-pis-interweniuje\/#breadcrumb"},"inLanguage":"pl-PL","potentialAction":[{"@type":"ReadAction","target":["https:\/\/www.pogotowieflagowe.pl\/aktualne\/szmydt-odwiedzil-sejm-rp-na-zaproszenie-gasiuka-pihowicza-posel-pis-interweniuje\/"]}]},{"@type":"ImageObject","inLanguage":"pl-PL","@id":"https:\/\/www.pogotowieflagowe.pl\/aktualne\/szmydt-odwiedzil-sejm-rp-na-zaproszenie-gasiuka-pihowicza-posel-pis-interweniuje\/#primaryimage","url":"https:\/\/www.pogotowieflagowe.pl\/aktualne\/wp-content\/uploads\/2025\/10\/Szmydt-odwiedzil-Sejm-RP-na-zaproszenie-Gasiuka-Pihowicza-Posel-PiS-interweniuje.webp.webp","contentUrl":"https:\/\/www.pogotowieflagowe.pl\/aktualne\/wp-content\/uploads\/2025\/10\/Szmydt-odwiedzil-Sejm-RP-na-zaproszenie-Gasiuka-Pihowicza-Posel-PiS-interweniuje.webp.webp","width":1280,"height":719,"caption":"Szmydt odwiedzi\u0142 Sejm RP na zaproszenie G\u0105siuka-Pihowicza. Pose\u0142 PiS interweniuje"},{"@type":"BreadcrumbList","@id":"https:\/\/www.pogotowieflagowe.pl\/aktualne\/szmydt-odwiedzil-sejm-rp-na-zaproszenie-gasiuka-pihowicza-posel-pis-interweniuje\/#breadcrumb","itemListElement":[{"@type":"ListItem","position":1,"name":"Home","item":"https:\/\/www.pogotowieflagowe.pl\/aktualne\/"},{"@type":"ListItem","position":2,"name":"Szmydt odwiedzi\u0142 Sejm RP na zaproszenie G\u0105siuka-Pihowicza. Pose\u0142 PiS interweniuje"}]},{"@type":"WebSite","@id":"https:\/\/www.pogotowieflagowe.pl\/aktualne\/#website","url":"https:\/\/www.pogotowieflagowe.pl\/aktualne\/","name":"POGOTOWIE FLAGOWE\u00ae","description":"","publisher":{"@id":"https:\/\/www.pogotowieflagowe.pl\/aktualne\/#organization"},"potentialAction":[{"@type":"SearchAction","target":{"@type":"EntryPoint","urlTemplate":"https:\/\/www.pogotowieflagowe.pl\/aktualne\/?s={search_term_string}"},"query-input":"required name=search_term_string"}],"inLanguage":"pl-PL"},{"@type":"Organization","@id":"https:\/\/www.pogotowieflagowe.pl\/aktualne\/#organization","name":"POGOTOWIE FLAGOWE\u00ae","url":"https:\/\/www.pogotowieflagowe.pl\/aktualne\/","logo":{"@type":"ImageObject","inLanguage":"pl-PL","@id":"https:\/\/www.pogotowieflagowe.pl\/aktualne\/#\/schema\/logo\/image\/","url":"https:\/\/www.pogotowieflagowe.pl\/aktualne\/wp-content\/uploads\/2024\/08\/cropped-pogotowieflagowe_flaga_projekt_sm.jpg","contentUrl":"https:\/\/www.pogotowieflagowe.pl\/aktualne\/wp-content\/uploads\/2024\/08\/cropped-pogotowieflagowe_flaga_projekt_sm.jpg","width":250,"height":143,"caption":"POGOTOWIE FLAGOWE\u00ae"},"image":{"@id":"https:\/\/www.pogotowieflagowe.pl\/aktualne\/#\/schema\/logo\/image\/"}},{"@type":"Person","@id":"https:\/\/www.pogotowieflagowe.pl\/aktualne\/#\/schema\/person\/9c2fb7d2362ebf6fa088960d7f0d27b0","name":"Filip","image":{"@type":"ImageObject","inLanguage":"pl-PL","@id":"https:\/\/www.pogotowieflagowe.pl\/aktualne\/#\/schema\/person\/image\/","url":"https:\/\/www.pogotowieflagowe.pl\/aktualne\/wp-content\/uploads\/2024\/08\/pogotowieflagowe.pl_.jpg","contentUrl":"https:\/\/www.pogotowieflagowe.pl\/aktualne\/wp-content\/uploads\/2024\/08\/pogotowieflagowe.pl_.jpg","caption":"Filip"},"description":"Jestem Filip, polski dziennikarz z dyplomem nauk politycznych Uniwersytetu Warszawskiego. Rozpoczynaj\u0105c swoj\u0105 karier\u0119 w r\u00f3\u017cnych lokalnych mediach, zdoby\u0142em solidne do\u015bwiadczenie w zakresie \u015bledztwa i redakcji. Obecnie jako redaktor w Pogotowie flagowe, staram si\u0119 dostarcza\u0107 dog\u0142\u0119bne i istotne analizy na temat najwa\u017cniejszych kwestii aktualno\u015bci, \u0142\u0105cz\u0105c rygor z pasj\u0105 dziennikarsk\u0105.","sameAs":["https:\/\/www.pogotowieflagowe.pl\/"]}]}},"_links":{"self":[{"href":"https:\/\/www.pogotowieflagowe.pl\/aktualne\/wp-json\/wp\/v2\/posts\/9503","targetHints":{"allow":["GET"]}}],"collection":[{"href":"https:\/\/www.pogotowieflagowe.pl\/aktualne\/wp-json\/wp\/v2\/posts"}],"about":[{"href":"https:\/\/www.pogotowieflagowe.pl\/aktualne\/wp-json\/wp\/v2\/types\/post"}],"author":[{"embeddable":true,"href":"https:\/\/www.pogotowieflagowe.pl\/aktualne\/wp-json\/wp\/v2\/users\/1"}],"replies":[{"embeddable":true,"href":"https:\/\/www.pogotowieflagowe.pl\/aktualne\/wp-json\/wp\/v2\/comments?post=9503"}],"version-history":[{"count":1,"href":"https:\/\/www.pogotowieflagowe.pl\/aktualne\/wp-json\/wp\/v2\/posts\/9503\/revisions"}],"predecessor-version":[{"id":9505,"href":"https:\/\/www.pogotowieflagowe.pl\/aktualne\/wp-json\/wp\/v2\/posts\/9503\/revisions\/9505"}],"wp:featuredmedia":[{"embeddable":true,"href":"https:\/\/www.pogotowieflagowe.pl\/aktualne\/wp-json\/wp\/v2\/media\/9504"}],"wp:attachment":[{"href":"https:\/\/www.pogotowieflagowe.pl\/aktualne\/wp-json\/wp\/v2\/media?parent=9503"}],"wp:term":[{"taxonomy":"category","embeddable":true,"href":"https:\/\/www.pogotowieflagowe.pl\/aktualne\/wp-json\/wp\/v2\/categories?post=9503"},{"taxonomy":"post_tag","embeddable":true,"href":"https:\/\/www.pogotowieflagowe.pl\/aktualne\/wp-json\/wp\/v2\/tags?post=9503"}],"curies":[{"name":"wp","href":"https:\/\/api.w.org\/{rel}","templated":true}]}}