{"id":9512,"date":"2025-10-19T14:07:27","date_gmt":"2025-10-19T12:07:27","guid":{"rendered":"https:\/\/www.pogotowieflagowe.pl\/aktualne\/chinska-delegacja-atakuje-nato-podczas-spotkania-z-eurodeputowanymi\/"},"modified":"2025-10-19T14:07:29","modified_gmt":"2025-10-19T12:07:29","slug":"chinska-delegacja-atakuje-nato-podczas-spotkania-z-eurodeputowanymi","status":"publish","type":"post","link":"https:\/\/www.pogotowieflagowe.pl\/aktualne\/chinska-delegacja-atakuje-nato-podczas-spotkania-z-eurodeputowanymi\/","title":{"rendered":"Chi\u0144ska delegacja atakuje NATO podczas spotkania z eurodeputowanymi"},"content":{"rendered":"\n<div class=\"td_block_wrap tdb_single_content tdi_41 td-pb-border-top td_block_template_8 td-post-content tagdiv-type\" data-td-block-uid=\"tdi_41\">\n<style>.tdi_41{margines-top:0px!important;margin-bottom:0px!important;dope\u0142nienie-g\u00f3ra:0px!important;dope\u0142nienie-d\u00f3\u0142:0px!important}<\/style>\n<style>.tdb_single_content{margin-bottom:0;*zoom:1}.tdb_single_content:before,.tdb_single_content:after{display:table;content:'';line-height:0}.tdb_single_content:after{clear:both}.tdb_single_content .tdb-block-inner>*:not(.wp-block-quote):not(.alignwide):not(.alignfull.wp-block-cover.has-parallax):not(.td-a-ad){margin-left:auto;margin-right:auto}.tdb_single_content a{pointer-events:auto}.tdb_single_content .td-spot-id-top_ad .tdc-placeholder-title:before{content:'Article Top Ad'!important}.tdb_single_content .td-spot-id-inline_ad0 .tdc-placeholder-title:before{content:'Article Reklama wbudowana 1'!important}.tdb_single_content .td-spot-id-inline_ad1 .tdc-placeholder-title:before{content:'Reklama wbudowana w artyku\u0142 2'!important}.tdb_single_content .td-spot-id-inline_ad2 .tdc-placeholder-title:before{content:'Reklama w tek\u015bcie artyku\u0142u 3'!important}.tdb_single_content .td-spot-id-bottom_ad .tdc-placeholder-title:before{content:'Article Bottom Ad'!important}.tdb_single_content .id_top_ad,.tdb_single_content .id_bottom_ad{clear:both;margin-bottom:21px;text-align:center}.tdb_single_content .id_top_ad img,.tdb_single_content .id_bottom_ad img{margin-bottom:0}.tdb_single_content .id_top_ad .adsbygoogle,.tdb_single_content .id_bottom_ad .adsbygoogle{position:relative}.tdb_single_content .id_ad_content-horiz-left,.tdb_single_content .id_ad_content-horiz-right,.tdb_single_content .id_ad_content-horiz-center{margin-bottom:15px}.tdb_single_content .id_ad_content-horiz-left img,.tdb_single_content .id_ad_content-horiz-right img,.tdb_single_content .id_ad_content-horiz-center img{margin-bottom:0}.tdb_single_content .id_ad_content-horiz-center{text-align:center}.tdb_single_content .id_ad_content-horiz-center img{margin-right:auto;margin-left:auto}.tdb_single_content .id_ad_content-horiz-left{float:left;margin-top:9px;margin-right:21px}.tdb_single_content .id_ad_content-horiz-right{float:right;margin-top:6px;margin-left:21px}.tdb_single_content .tdc-a-ad .tdc-placeholder-title{width:300px;height:250px}.tdb_single_content .tdc-a-ad .tdc-placeholder-title:before{position:absolute;top:50%;-webkit-transform:translateY(-50%);transform:translateY(-50%);margin:auto;display:table;width:100%}.tdb_single_content .tdb-block-inner.td-fix-index{word-break:break-word}.tdi_41,.tdi_41>p,.tdi_41 .tdb-block-inner>p,.wp-block-column>p{font-size:16px!important;line-height:1.6!important}.tdi_41 .tdb-block-inner cytat blokowy p{font-style:normal!important}@media (max-width:767px){.tdb_single_content .id_ad_content-horiz-left,.tdb_single_content .id_ad_content-horiz-right,.tdb_single_content .id_ad_content-horiz-center{margin:0 auto 26 pikseli auto}}@media (max-width:767px){.tdb_single_content .id_ad_content-horiz-left{margin-right:0}}@media (max-width:767px){.tdb_single_content .id_ad_content-horiz-right{margin-left:0}}@media (max-width:767px){.tdb_single_content .td-a-ad{float:none;text-align:center}.tdb_single_content .td-a-ad img{margin-right:auto;margin-left:auto}.tdb_single_content .tdc-a-ad{float:none}}<\/style>\n<div class=\"tdb-block-inner td-fix-index\">\n<p>Podczas spotkania w Brukseli przedstawiciele Og\u00f3lnochi\u0144skiego Zgromadzenia Przedstawicieli Ludowych kwestionowali prawo NATO do dalszego istnienia. Szokuj\u0105ce uwagi pad\u0142y w obecno\u015bci eurodeputowanych, kt\u00f3rzy nie kryli swojego oburzenia.<\/p>\n<h2 class=\"wp-block-heading\"><strong>Chi\u0144scy urz\u0119dnicy powtarzaj\u0105 rosyjskie narracje<\/strong><\/h2>\n<p>By\u0142o to pierwsze od siedmiu lat spotkanie delegacji Parlamentu Europejskiego z przedstawicielami chi\u0144skiego parlamentu. Rozmowy mia\u0142y by\u0107 krokiem w kierunku normalizacji stosunk\u00f3w po zniesieniu przez Pekin sankcji na\u0142o\u017conych na cz\u0119\u015b\u0107 europos\u0142\u00f3w. Jednak zamiast z\u0142agodzi\u0107 napi\u0119cie, spotkanie przerodzi\u0142o si\u0119 w ostr\u0105 konfrontacj\u0119. Niemiecki eurodeputowany Engin Eroglu, szef delegacji do spraw stosunk\u00f3w z Chinami, wyrazi\u0142 zdziwienie s\u0142owami chi\u0144skich przedstawicieli, m\u00f3wi\u0105c: <strong>&#8222;Podczas spotkania strona chi\u0144ska kwestionowa\u0142a prawo NATO do istnienia. Nigdy wcze\u015bniej nie s\u0142ysza\u0142em, \u017ceby kto\u015b publicznie wyra\u017ca\u0142 tak\u0105 opini\u0119&#8221;<\/strong> jak cytuje <em>Euraktyw<\/em>.<\/p>\n<p>Wed\u0142ug Eroglu przedstawiciele Chin argumentowali, \u017ce po upadku Zwi\u0105zku Radzieckiego <em>Organizacja Traktatu P\u00f3\u0142nocnoatlantyckiego (NATO)<\/em> straci\u0142 swoje uzasadnienie:<\/p>\n<figure class=\"wp-block-pullquote\">\n<blockquote>\n<p><strong>&#8222;Z chi\u0144skiego punktu widzenia po upadku ZSRR nie ma ju\u017c powodu, aby NATO istnia\u0142o. Uwa\u017cam to za absurd w \u015bwietle agresji Rosji na Ukrain\u0119 i kraje Europy Wschodniej&#8221;<\/strong> doda\u0142 eurodeputowany.<\/p>\n<\/blockquote>\n<\/figure>\n<figure class=\"wp-block-pullquote\">\n<blockquote>\n<p>W podobnym tonie wypowiada\u0142a si\u0119 s\u0142owacka eurodeputowana Miriam Lexmann <strong>&#8222;To nie by\u0142 dialog. Nie by\u0142o pr\u00f3by odpowiedzi na nasze pytania&#8221;<\/strong> podkre\u015blaj\u0105c, \u017ce delegacja chi\u0144ska powtarza\u0142a wypowiedzi zgodne z rosyjsk\u0105 narracj\u0105 na temat wojny na Ukrainie.<\/p>\n<\/blockquote>\n<\/figure>\n<p>Lexmann zaznaczy\u0142a, \u017ce \u200b\u200bporuszy\u0142a tak\u017ce kwesti\u0119 \u0142amania praw cz\u0142owieka w Tybecie, Xinjiangu i Hongkongu. Delegacja chi\u0144ska \u2013 jak relacjonowa\u0142a \u2013 unika\u0142a bezpo\u015brednich odpowiedzi i odpowiada\u0142a wymijaj\u0105co. Spotkanie, kt\u00f3re mia\u0142o by\u0107 pr\u00f3b\u0105 odbudowania relacji Brukseli z Pekinem, zako\u0144czy\u0142o si\u0119 pe\u0142nym napi\u0119cia fiaskiem. Dla wielu europos\u0142\u00f3w wypowiedzi przedstawicieli Chin by\u0142y wyra\u017anym sygna\u0142em, \u017ce Pekin otwarcie wspiera narracj\u0119 Moskwy i d\u0105\u017cy do podwa\u017cenia roli Zachodu w strukturach globalnego bezpiecze\u0144stwa.<\/p>\n<p>Obserwatorzy ostrzegaj\u0105, \u017ce takie dzia\u0142ania mog\u0105 wpisywa\u0107 si\u0119 w szersz\u0105 chi\u0144sk\u0105 strategi\u0119, kt\u00f3ra \u2013 obok Rosji \u2013 zak\u0142ada prowadzenie hybrydowej wojny informacyjno-gospodarczej przeciwko Europie. Zdaniem analityk\u00f3w, jest to tak\u017ce wyra\u017ane ostrze\u017cenie dla pa\u0144stw cz\u0142onkowskich NATO, w tym Polski, kt\u00f3ra pozostaje jednym z kluczowych filar\u00f3w bezpiecze\u0144stwa w regionie.<\/p>\n<\/div>\n<\/div>\n","protected":false},"excerpt":{"rendered":"<p>Podczas spotkania w Brukseli przedstawiciele Og\u00f3lnochi\u0144skiego Zgromadzenia Przedstawicieli Ludowych kwestionowali prawo NATO do dalszego istnienia. Szokuj\u0105ce uwagi pad\u0142y w obecno\u015bci<\/p>\n","protected":false},"author":1,"featured_media":9513,"comment_status":"open","ping_status":"open","sticky":false,"template":"","format":"standard","meta":{"footnotes":""},"categories":[44],"tags":[5512,4493,8116,11010,515,105,2684],"class_list":["post-9512","post","type-post","status-publish","format-standard","has-post-thumbnail","hentry","category-polityka","tag-atakuje","tag-chinska","tag-delegacja","tag-eurodeputowanymi","tag-nato","tag-podczas","tag-spotkania","generate-columns","tablet-grid-50","mobile-grid-100","grid-parent","grid-50","resize-featured-image"],"yoast_head":"<!-- This site is optimized with the Yoast SEO plugin v23.2 - https:\/\/yoast.com\/wordpress\/plugins\/seo\/ -->\n<title>Chi\u0144ska delegacja atakuje NATO podczas spotkania z eurodeputowanymi - POGOTOWIE FLAGOWE\u00ae<\/title>\n<meta name=\"robots\" content=\"index, follow, max-snippet:-1, max-image-preview:large, max-video-preview:-1\" \/>\n<link rel=\"canonical\" href=\"https:\/\/www.pogotowieflagowe.pl\/aktualne\/chinska-delegacja-atakuje-nato-podczas-spotkania-z-eurodeputowanymi\/\" \/>\n<meta property=\"og:locale\" content=\"pl_PL\" \/>\n<meta property=\"og:type\" content=\"article\" \/>\n<meta property=\"og:title\" content=\"Chi\u0144ska delegacja atakuje NATO podczas spotkania z eurodeputowanymi - POGOTOWIE FLAGOWE\u00ae\" \/>\n<meta property=\"og:description\" content=\"Podczas spotkania w Brukseli przedstawiciele Og\u00f3lnochi\u0144skiego Zgromadzenia Przedstawicieli Ludowych kwestionowali prawo NATO do dalszego istnienia. Szokuj\u0105ce uwagi pad\u0142y w obecno\u015bci\" \/>\n<meta property=\"og:url\" content=\"https:\/\/www.pogotowieflagowe.pl\/aktualne\/chinska-delegacja-atakuje-nato-podczas-spotkania-z-eurodeputowanymi\/\" \/>\n<meta property=\"og:site_name\" content=\"POGOTOWIE FLAGOWE\u00ae\" \/>\n<meta property=\"article:published_time\" content=\"2025-10-19T12:07:27+00:00\" \/>\n<meta property=\"article:modified_time\" content=\"2025-10-19T12:07:29+00:00\" \/>\n<meta property=\"og:image\" content=\"https:\/\/www.pogotowieflagowe.pl\/aktualne\/wp-content\/uploads\/2025\/10\/Chinska-delegacja-atakuje-NATO-podczas-spotkania-z-eurodeputowanymi.jpg\" \/>\n\t<meta property=\"og:image:width\" content=\"1880\" \/>\n\t<meta property=\"og:image:height\" content=\"1160\" \/>\n\t<meta property=\"og:image:type\" content=\"image\/jpeg\" \/>\n<meta name=\"author\" content=\"Filip\" \/>\n<meta name=\"twitter:card\" content=\"summary_large_image\" \/>\n<meta name=\"twitter:label1\" content=\"Napisane przez\" \/>\n\t<meta name=\"twitter:data1\" content=\"Filip\" \/>\n\t<meta name=\"twitter:label2\" content=\"Szacowany czas czytania\" \/>\n\t<meta name=\"twitter:data2\" content=\"2 minuty\" \/>\n<script type=\"application\/ld+json\" class=\"yoast-schema-graph\">{\"@context\":\"https:\/\/schema.org\",\"@graph\":[{\"@type\":\"Article\",\"@id\":\"https:\/\/www.pogotowieflagowe.pl\/aktualne\/chinska-delegacja-atakuje-nato-podczas-spotkania-z-eurodeputowanymi\/#article\",\"isPartOf\":{\"@id\":\"https:\/\/www.pogotowieflagowe.pl\/aktualne\/chinska-delegacja-atakuje-nato-podczas-spotkania-z-eurodeputowanymi\/\"},\"author\":{\"name\":\"Filip\",\"@id\":\"https:\/\/www.pogotowieflagowe.pl\/aktualne\/#\/schema\/person\/9c2fb7d2362ebf6fa088960d7f0d27b0\"},\"headline\":\"Chi\u0144ska delegacja atakuje NATO podczas spotkania z eurodeputowanymi\",\"datePublished\":\"2025-10-19T12:07:27+00:00\",\"dateModified\":\"2025-10-19T12:07:29+00:00\",\"mainEntityOfPage\":{\"@id\":\"https:\/\/www.pogotowieflagowe.pl\/aktualne\/chinska-delegacja-atakuje-nato-podczas-spotkania-z-eurodeputowanymi\/\"},\"wordCount\":391,\"commentCount\":0,\"publisher\":{\"@id\":\"https:\/\/www.pogotowieflagowe.pl\/aktualne\/#organization\"},\"image\":{\"@id\":\"https:\/\/www.pogotowieflagowe.pl\/aktualne\/chinska-delegacja-atakuje-nato-podczas-spotkania-z-eurodeputowanymi\/#primaryimage\"},\"thumbnailUrl\":\"https:\/\/www.pogotowieflagowe.pl\/aktualne\/wp-content\/uploads\/2025\/10\/Chinska-delegacja-atakuje-NATO-podczas-spotkania-z-eurodeputowanymi.jpg\",\"keywords\":[\"atakuje\",\"chi\u0144sk\u0105\",\"Delegacja\",\"eurodeputowanymi\",\"NATO\",\"podczas\",\"spotkania\"],\"articleSection\":[\"Polityka\"],\"inLanguage\":\"pl-PL\",\"potentialAction\":[{\"@type\":\"CommentAction\",\"name\":\"Comment\",\"target\":[\"https:\/\/www.pogotowieflagowe.pl\/aktualne\/chinska-delegacja-atakuje-nato-podczas-spotkania-z-eurodeputowanymi\/#respond\"]}]},{\"@type\":\"WebPage\",\"@id\":\"https:\/\/www.pogotowieflagowe.pl\/aktualne\/chinska-delegacja-atakuje-nato-podczas-spotkania-z-eurodeputowanymi\/\",\"url\":\"https:\/\/www.pogotowieflagowe.pl\/aktualne\/chinska-delegacja-atakuje-nato-podczas-spotkania-z-eurodeputowanymi\/\",\"name\":\"Chi\u0144ska delegacja atakuje NATO podczas spotkania z eurodeputowanymi - POGOTOWIE FLAGOWE\u00ae\",\"isPartOf\":{\"@id\":\"https:\/\/www.pogotowieflagowe.pl\/aktualne\/#website\"},\"primaryImageOfPage\":{\"@id\":\"https:\/\/www.pogotowieflagowe.pl\/aktualne\/chinska-delegacja-atakuje-nato-podczas-spotkania-z-eurodeputowanymi\/#primaryimage\"},\"image\":{\"@id\":\"https:\/\/www.pogotowieflagowe.pl\/aktualne\/chinska-delegacja-atakuje-nato-podczas-spotkania-z-eurodeputowanymi\/#primaryimage\"},\"thumbnailUrl\":\"https:\/\/www.pogotowieflagowe.pl\/aktualne\/wp-content\/uploads\/2025\/10\/Chinska-delegacja-atakuje-NATO-podczas-spotkania-z-eurodeputowanymi.jpg\",\"datePublished\":\"2025-10-19T12:07:27+00:00\",\"dateModified\":\"2025-10-19T12:07:29+00:00\",\"breadcrumb\":{\"@id\":\"https:\/\/www.pogotowieflagowe.pl\/aktualne\/chinska-delegacja-atakuje-nato-podczas-spotkania-z-eurodeputowanymi\/#breadcrumb\"},\"inLanguage\":\"pl-PL\",\"potentialAction\":[{\"@type\":\"ReadAction\",\"target\":[\"https:\/\/www.pogotowieflagowe.pl\/aktualne\/chinska-delegacja-atakuje-nato-podczas-spotkania-z-eurodeputowanymi\/\"]}]},{\"@type\":\"ImageObject\",\"inLanguage\":\"pl-PL\",\"@id\":\"https:\/\/www.pogotowieflagowe.pl\/aktualne\/chinska-delegacja-atakuje-nato-podczas-spotkania-z-eurodeputowanymi\/#primaryimage\",\"url\":\"https:\/\/www.pogotowieflagowe.pl\/aktualne\/wp-content\/uploads\/2025\/10\/Chinska-delegacja-atakuje-NATO-podczas-spotkania-z-eurodeputowanymi.jpg\",\"contentUrl\":\"https:\/\/www.pogotowieflagowe.pl\/aktualne\/wp-content\/uploads\/2025\/10\/Chinska-delegacja-atakuje-NATO-podczas-spotkania-z-eurodeputowanymi.jpg\",\"width\":1880,\"height\":1160,\"caption\":\"Chi\u0144ska delegacja atakuje NATO podczas spotkania z eurodeputowanymi\"},{\"@type\":\"BreadcrumbList\",\"@id\":\"https:\/\/www.pogotowieflagowe.pl\/aktualne\/chinska-delegacja-atakuje-nato-podczas-spotkania-z-eurodeputowanymi\/#breadcrumb\",\"itemListElement\":[{\"@type\":\"ListItem\",\"position\":1,\"name\":\"Home\",\"item\":\"https:\/\/www.pogotowieflagowe.pl\/aktualne\/\"},{\"@type\":\"ListItem\",\"position\":2,\"name\":\"Chi\u0144ska delegacja atakuje NATO podczas spotkania z eurodeputowanymi\"}]},{\"@type\":\"WebSite\",\"@id\":\"https:\/\/www.pogotowieflagowe.pl\/aktualne\/#website\",\"url\":\"https:\/\/www.pogotowieflagowe.pl\/aktualne\/\",\"name\":\"POGOTOWIE FLAGOWE\u00ae\",\"description\":\"\",\"publisher\":{\"@id\":\"https:\/\/www.pogotowieflagowe.pl\/aktualne\/#organization\"},\"potentialAction\":[{\"@type\":\"SearchAction\",\"target\":{\"@type\":\"EntryPoint\",\"urlTemplate\":\"https:\/\/www.pogotowieflagowe.pl\/aktualne\/?s={search_term_string}\"},\"query-input\":\"required name=search_term_string\"}],\"inLanguage\":\"pl-PL\"},{\"@type\":\"Organization\",\"@id\":\"https:\/\/www.pogotowieflagowe.pl\/aktualne\/#organization\",\"name\":\"POGOTOWIE FLAGOWE\u00ae\",\"url\":\"https:\/\/www.pogotowieflagowe.pl\/aktualne\/\",\"logo\":{\"@type\":\"ImageObject\",\"inLanguage\":\"pl-PL\",\"@id\":\"https:\/\/www.pogotowieflagowe.pl\/aktualne\/#\/schema\/logo\/image\/\",\"url\":\"https:\/\/www.pogotowieflagowe.pl\/aktualne\/wp-content\/uploads\/2024\/08\/cropped-pogotowieflagowe_flaga_projekt_sm.jpg\",\"contentUrl\":\"https:\/\/www.pogotowieflagowe.pl\/aktualne\/wp-content\/uploads\/2024\/08\/cropped-pogotowieflagowe_flaga_projekt_sm.jpg\",\"width\":250,\"height\":143,\"caption\":\"POGOTOWIE FLAGOWE\u00ae\"},\"image\":{\"@id\":\"https:\/\/www.pogotowieflagowe.pl\/aktualne\/#\/schema\/logo\/image\/\"}},{\"@type\":\"Person\",\"@id\":\"https:\/\/www.pogotowieflagowe.pl\/aktualne\/#\/schema\/person\/9c2fb7d2362ebf6fa088960d7f0d27b0\",\"name\":\"Filip\",\"image\":{\"@type\":\"ImageObject\",\"inLanguage\":\"pl-PL\",\"@id\":\"https:\/\/www.pogotowieflagowe.pl\/aktualne\/#\/schema\/person\/image\/\",\"url\":\"https:\/\/www.pogotowieflagowe.pl\/aktualne\/wp-content\/uploads\/2024\/08\/pogotowieflagowe.pl_.jpg\",\"contentUrl\":\"https:\/\/www.pogotowieflagowe.pl\/aktualne\/wp-content\/uploads\/2024\/08\/pogotowieflagowe.pl_.jpg\",\"caption\":\"Filip\"},\"description\":\"Jestem Filip, polski dziennikarz z dyplomem nauk politycznych Uniwersytetu Warszawskiego. Rozpoczynaj\u0105c swoj\u0105 karier\u0119 w r\u00f3\u017cnych lokalnych mediach, zdoby\u0142em solidne do\u015bwiadczenie w zakresie \u015bledztwa i redakcji. Obecnie jako redaktor w Pogotowie flagowe, staram si\u0119 dostarcza\u0107 dog\u0142\u0119bne i istotne analizy na temat najwa\u017cniejszych kwestii aktualno\u015bci, \u0142\u0105cz\u0105c rygor z pasj\u0105 dziennikarsk\u0105.\",\"sameAs\":[\"https:\/\/www.pogotowieflagowe.pl\/\"]}]}<\/script>\n<!-- \/ Yoast SEO plugin. -->","yoast_head_json":{"title":"Chi\u0144ska delegacja atakuje NATO podczas spotkania z eurodeputowanymi - POGOTOWIE FLAGOWE\u00ae","robots":{"index":"index","follow":"follow","max-snippet":"max-snippet:-1","max-image-preview":"max-image-preview:large","max-video-preview":"max-video-preview:-1"},"canonical":"https:\/\/www.pogotowieflagowe.pl\/aktualne\/chinska-delegacja-atakuje-nato-podczas-spotkania-z-eurodeputowanymi\/","og_locale":"pl_PL","og_type":"article","og_title":"Chi\u0144ska delegacja atakuje NATO podczas spotkania z eurodeputowanymi - POGOTOWIE FLAGOWE\u00ae","og_description":"Podczas spotkania w Brukseli przedstawiciele Og\u00f3lnochi\u0144skiego Zgromadzenia Przedstawicieli Ludowych kwestionowali prawo NATO do dalszego istnienia. Szokuj\u0105ce uwagi pad\u0142y w obecno\u015bci","og_url":"https:\/\/www.pogotowieflagowe.pl\/aktualne\/chinska-delegacja-atakuje-nato-podczas-spotkania-z-eurodeputowanymi\/","og_site_name":"POGOTOWIE FLAGOWE\u00ae","article_published_time":"2025-10-19T12:07:27+00:00","article_modified_time":"2025-10-19T12:07:29+00:00","og_image":[{"width":1880,"height":1160,"url":"https:\/\/www.pogotowieflagowe.pl\/aktualne\/wp-content\/uploads\/2025\/10\/Chinska-delegacja-atakuje-NATO-podczas-spotkania-z-eurodeputowanymi.jpg","type":"image\/jpeg"}],"author":"Filip","twitter_card":"summary_large_image","twitter_misc":{"Napisane przez":"Filip","Szacowany czas czytania":"2 minuty"},"schema":{"@context":"https:\/\/schema.org","@graph":[{"@type":"Article","@id":"https:\/\/www.pogotowieflagowe.pl\/aktualne\/chinska-delegacja-atakuje-nato-podczas-spotkania-z-eurodeputowanymi\/#article","isPartOf":{"@id":"https:\/\/www.pogotowieflagowe.pl\/aktualne\/chinska-delegacja-atakuje-nato-podczas-spotkania-z-eurodeputowanymi\/"},"author":{"name":"Filip","@id":"https:\/\/www.pogotowieflagowe.pl\/aktualne\/#\/schema\/person\/9c2fb7d2362ebf6fa088960d7f0d27b0"},"headline":"Chi\u0144ska delegacja atakuje NATO podczas spotkania z eurodeputowanymi","datePublished":"2025-10-19T12:07:27+00:00","dateModified":"2025-10-19T12:07:29+00:00","mainEntityOfPage":{"@id":"https:\/\/www.pogotowieflagowe.pl\/aktualne\/chinska-delegacja-atakuje-nato-podczas-spotkania-z-eurodeputowanymi\/"},"wordCount":391,"commentCount":0,"publisher":{"@id":"https:\/\/www.pogotowieflagowe.pl\/aktualne\/#organization"},"image":{"@id":"https:\/\/www.pogotowieflagowe.pl\/aktualne\/chinska-delegacja-atakuje-nato-podczas-spotkania-z-eurodeputowanymi\/#primaryimage"},"thumbnailUrl":"https:\/\/www.pogotowieflagowe.pl\/aktualne\/wp-content\/uploads\/2025\/10\/Chinska-delegacja-atakuje-NATO-podczas-spotkania-z-eurodeputowanymi.jpg","keywords":["atakuje","chi\u0144sk\u0105","Delegacja","eurodeputowanymi","NATO","podczas","spotkania"],"articleSection":["Polityka"],"inLanguage":"pl-PL","potentialAction":[{"@type":"CommentAction","name":"Comment","target":["https:\/\/www.pogotowieflagowe.pl\/aktualne\/chinska-delegacja-atakuje-nato-podczas-spotkania-z-eurodeputowanymi\/#respond"]}]},{"@type":"WebPage","@id":"https:\/\/www.pogotowieflagowe.pl\/aktualne\/chinska-delegacja-atakuje-nato-podczas-spotkania-z-eurodeputowanymi\/","url":"https:\/\/www.pogotowieflagowe.pl\/aktualne\/chinska-delegacja-atakuje-nato-podczas-spotkania-z-eurodeputowanymi\/","name":"Chi\u0144ska delegacja atakuje NATO podczas spotkania z eurodeputowanymi - POGOTOWIE FLAGOWE\u00ae","isPartOf":{"@id":"https:\/\/www.pogotowieflagowe.pl\/aktualne\/#website"},"primaryImageOfPage":{"@id":"https:\/\/www.pogotowieflagowe.pl\/aktualne\/chinska-delegacja-atakuje-nato-podczas-spotkania-z-eurodeputowanymi\/#primaryimage"},"image":{"@id":"https:\/\/www.pogotowieflagowe.pl\/aktualne\/chinska-delegacja-atakuje-nato-podczas-spotkania-z-eurodeputowanymi\/#primaryimage"},"thumbnailUrl":"https:\/\/www.pogotowieflagowe.pl\/aktualne\/wp-content\/uploads\/2025\/10\/Chinska-delegacja-atakuje-NATO-podczas-spotkania-z-eurodeputowanymi.jpg","datePublished":"2025-10-19T12:07:27+00:00","dateModified":"2025-10-19T12:07:29+00:00","breadcrumb":{"@id":"https:\/\/www.pogotowieflagowe.pl\/aktualne\/chinska-delegacja-atakuje-nato-podczas-spotkania-z-eurodeputowanymi\/#breadcrumb"},"inLanguage":"pl-PL","potentialAction":[{"@type":"ReadAction","target":["https:\/\/www.pogotowieflagowe.pl\/aktualne\/chinska-delegacja-atakuje-nato-podczas-spotkania-z-eurodeputowanymi\/"]}]},{"@type":"ImageObject","inLanguage":"pl-PL","@id":"https:\/\/www.pogotowieflagowe.pl\/aktualne\/chinska-delegacja-atakuje-nato-podczas-spotkania-z-eurodeputowanymi\/#primaryimage","url":"https:\/\/www.pogotowieflagowe.pl\/aktualne\/wp-content\/uploads\/2025\/10\/Chinska-delegacja-atakuje-NATO-podczas-spotkania-z-eurodeputowanymi.jpg","contentUrl":"https:\/\/www.pogotowieflagowe.pl\/aktualne\/wp-content\/uploads\/2025\/10\/Chinska-delegacja-atakuje-NATO-podczas-spotkania-z-eurodeputowanymi.jpg","width":1880,"height":1160,"caption":"Chi\u0144ska delegacja atakuje NATO podczas spotkania z eurodeputowanymi"},{"@type":"BreadcrumbList","@id":"https:\/\/www.pogotowieflagowe.pl\/aktualne\/chinska-delegacja-atakuje-nato-podczas-spotkania-z-eurodeputowanymi\/#breadcrumb","itemListElement":[{"@type":"ListItem","position":1,"name":"Home","item":"https:\/\/www.pogotowieflagowe.pl\/aktualne\/"},{"@type":"ListItem","position":2,"name":"Chi\u0144ska delegacja atakuje NATO podczas spotkania z eurodeputowanymi"}]},{"@type":"WebSite","@id":"https:\/\/www.pogotowieflagowe.pl\/aktualne\/#website","url":"https:\/\/www.pogotowieflagowe.pl\/aktualne\/","name":"POGOTOWIE FLAGOWE\u00ae","description":"","publisher":{"@id":"https:\/\/www.pogotowieflagowe.pl\/aktualne\/#organization"},"potentialAction":[{"@type":"SearchAction","target":{"@type":"EntryPoint","urlTemplate":"https:\/\/www.pogotowieflagowe.pl\/aktualne\/?s={search_term_string}"},"query-input":"required name=search_term_string"}],"inLanguage":"pl-PL"},{"@type":"Organization","@id":"https:\/\/www.pogotowieflagowe.pl\/aktualne\/#organization","name":"POGOTOWIE FLAGOWE\u00ae","url":"https:\/\/www.pogotowieflagowe.pl\/aktualne\/","logo":{"@type":"ImageObject","inLanguage":"pl-PL","@id":"https:\/\/www.pogotowieflagowe.pl\/aktualne\/#\/schema\/logo\/image\/","url":"https:\/\/www.pogotowieflagowe.pl\/aktualne\/wp-content\/uploads\/2024\/08\/cropped-pogotowieflagowe_flaga_projekt_sm.jpg","contentUrl":"https:\/\/www.pogotowieflagowe.pl\/aktualne\/wp-content\/uploads\/2024\/08\/cropped-pogotowieflagowe_flaga_projekt_sm.jpg","width":250,"height":143,"caption":"POGOTOWIE FLAGOWE\u00ae"},"image":{"@id":"https:\/\/www.pogotowieflagowe.pl\/aktualne\/#\/schema\/logo\/image\/"}},{"@type":"Person","@id":"https:\/\/www.pogotowieflagowe.pl\/aktualne\/#\/schema\/person\/9c2fb7d2362ebf6fa088960d7f0d27b0","name":"Filip","image":{"@type":"ImageObject","inLanguage":"pl-PL","@id":"https:\/\/www.pogotowieflagowe.pl\/aktualne\/#\/schema\/person\/image\/","url":"https:\/\/www.pogotowieflagowe.pl\/aktualne\/wp-content\/uploads\/2024\/08\/pogotowieflagowe.pl_.jpg","contentUrl":"https:\/\/www.pogotowieflagowe.pl\/aktualne\/wp-content\/uploads\/2024\/08\/pogotowieflagowe.pl_.jpg","caption":"Filip"},"description":"Jestem Filip, polski dziennikarz z dyplomem nauk politycznych Uniwersytetu Warszawskiego. Rozpoczynaj\u0105c swoj\u0105 karier\u0119 w r\u00f3\u017cnych lokalnych mediach, zdoby\u0142em solidne do\u015bwiadczenie w zakresie \u015bledztwa i redakcji. Obecnie jako redaktor w Pogotowie flagowe, staram si\u0119 dostarcza\u0107 dog\u0142\u0119bne i istotne analizy na temat najwa\u017cniejszych kwestii aktualno\u015bci, \u0142\u0105cz\u0105c rygor z pasj\u0105 dziennikarsk\u0105.","sameAs":["https:\/\/www.pogotowieflagowe.pl\/"]}]}},"_links":{"self":[{"href":"https:\/\/www.pogotowieflagowe.pl\/aktualne\/wp-json\/wp\/v2\/posts\/9512","targetHints":{"allow":["GET"]}}],"collection":[{"href":"https:\/\/www.pogotowieflagowe.pl\/aktualne\/wp-json\/wp\/v2\/posts"}],"about":[{"href":"https:\/\/www.pogotowieflagowe.pl\/aktualne\/wp-json\/wp\/v2\/types\/post"}],"author":[{"embeddable":true,"href":"https:\/\/www.pogotowieflagowe.pl\/aktualne\/wp-json\/wp\/v2\/users\/1"}],"replies":[{"embeddable":true,"href":"https:\/\/www.pogotowieflagowe.pl\/aktualne\/wp-json\/wp\/v2\/comments?post=9512"}],"version-history":[{"count":1,"href":"https:\/\/www.pogotowieflagowe.pl\/aktualne\/wp-json\/wp\/v2\/posts\/9512\/revisions"}],"predecessor-version":[{"id":9514,"href":"https:\/\/www.pogotowieflagowe.pl\/aktualne\/wp-json\/wp\/v2\/posts\/9512\/revisions\/9514"}],"wp:featuredmedia":[{"embeddable":true,"href":"https:\/\/www.pogotowieflagowe.pl\/aktualne\/wp-json\/wp\/v2\/media\/9513"}],"wp:attachment":[{"href":"https:\/\/www.pogotowieflagowe.pl\/aktualne\/wp-json\/wp\/v2\/media?parent=9512"}],"wp:term":[{"taxonomy":"category","embeddable":true,"href":"https:\/\/www.pogotowieflagowe.pl\/aktualne\/wp-json\/wp\/v2\/categories?post=9512"},{"taxonomy":"post_tag","embeddable":true,"href":"https:\/\/www.pogotowieflagowe.pl\/aktualne\/wp-json\/wp\/v2\/tags?post=9512"}],"curies":[{"name":"wp","href":"https:\/\/api.w.org\/{rel}","templated":true}]}}