{"id":9515,"date":"2025-10-19T15:44:23","date_gmt":"2025-10-19T13:44:23","guid":{"rendered":"https:\/\/www.pogotowieflagowe.pl\/aktualne\/sedzia-lubowski-przeciwstawia-sie-niemcom-dzialania-przeciwko-agresorowi-nie-sa-przestepstwami-szef-krs-chwali-jego-odwage-i-bieglosc-w-prawie\/"},"modified":"2025-10-19T15:44:23","modified_gmt":"2025-10-19T13:44:23","slug":"sedzia-lubowski-przeciwstawia-sie-niemcom-dzialania-przeciwko-agresorowi-nie-sa-przestepstwami-szef-krs-chwali-jego-odwage-i-bieglosc-w-prawie","status":"publish","type":"post","link":"https:\/\/www.pogotowieflagowe.pl\/aktualne\/sedzia-lubowski-przeciwstawia-sie-niemcom-dzialania-przeciwko-agresorowi-nie-sa-przestepstwami-szef-krs-chwali-jego-odwage-i-bieglosc-w-prawie\/","title":{"rendered":"S\u0119dzia \u0141ubowski przeciwstawia si\u0119 Niemcom: \u201eDzia\u0142ania przeciwko agresorowi nie s\u0105 przest\u0119pstwami\u201d \u2014 szef KRS chwali jego odwag\u0119 i bieg\u0142o\u015b\u0107 w prawie"},"content":{"rendered":"\n<div class=\"td_block_wrap tdb_single_content tdi_41 td-pb-border-top td_block_template_8 td-post-content tagdiv-type\" data-td-block-uid=\"tdi_41\">\n<style>.tdi_41{margines-top:0px!important;margin-bottom:0px!important;dope\u0142nienie-g\u00f3ra:0px!important;dope\u0142nienie-d\u00f3\u0142:0px!important}<\/style>\n<style>.tdb_single_content{margin-bottom:0;*zoom:1}.tdb_single_content:before,.tdb_single_content:after{display:table;content:'';line-height:0}.tdb_single_content:after{clear:both}.tdb_single_content .tdb-block-inner>*:not(.wp-block-quote):not(.alignwide):not(.alignfull.wp-block-cover.has-parallax):not(.td-a-ad){margin-left:auto;margin-right:auto}.tdb_single_content a{pointer-events:auto}.tdb_single_content .td-spot-id-top_ad .tdc-placeholder-title:before{content:'Article Top Ad'!important}.tdb_single_content .td-spot-id-inline_ad0 .tdc-placeholder-title:before{content:'Article Reklama wbudowana 1'!important}.tdb_single_content .td-spot-id-inline_ad1 .tdc-placeholder-title:before{content:'Reklama wbudowana w artyku\u0142 2'!important}.tdb_single_content .td-spot-id-inline_ad2 .tdc-placeholder-title:before{content:'Reklama w tek\u015bcie artyku\u0142u 3'!important}.tdb_single_content .td-spot-id-bottom_ad .tdc-placeholder-title:before{content:'Article Bottom Ad'!important}.tdb_single_content .id_top_ad,.tdb_single_content .id_bottom_ad{clear:both;margin-bottom:21px;text-align:center}.tdb_single_content .id_top_ad img,.tdb_single_content .id_bottom_ad img{margin-bottom:0}.tdb_single_content .id_top_ad .adsbygoogle,.tdb_single_content .id_bottom_ad .adsbygoogle{position:relative}.tdb_single_content .id_ad_content-horiz-left,.tdb_single_content .id_ad_content-horiz-right,.tdb_single_content .id_ad_content-horiz-center{margin-bottom:15px}.tdb_single_content .id_ad_content-horiz-left img,.tdb_single_content .id_ad_content-horiz-right img,.tdb_single_content .id_ad_content-horiz-center img{margin-bottom:0}.tdb_single_content .id_ad_content-horiz-center{text-align:center}.tdb_single_content .id_ad_content-horiz-center img{margin-right:auto;margin-left:auto}.tdb_single_content .id_ad_content-horiz-left{float:left;margin-top:9px;margin-right:21px}.tdb_single_content .id_ad_content-horiz-right{float:right;margin-top:6px;margin-left:21px}.tdb_single_content .tdc-a-ad .tdc-placeholder-title{width:300px;height:250px}.tdb_single_content .tdc-a-ad .tdc-placeholder-title:before{position:absolute;top:50%;-webkit-transform:translateY(-50%);transform:translateY(-50%);margin:auto;display:table;width:100%}.tdb_single_content .tdb-block-inner.td-fix-index{word-break:break-word}.tdi_41,.tdi_41>p,.tdi_41 .tdb-block-inner>p,.wp-block-column>p{font-size:16px!important;line-height:1.6!important}.tdi_41 .tdb-block-inner cytat blokowy p{font-style:normal!important}@media (max-width:767px){.tdb_single_content .id_ad_content-horiz-left,.tdb_single_content .id_ad_content-horiz-right,.tdb_single_content .id_ad_content-horiz-center{margin:0 auto 26 pikseli auto}}@media (max-width:767px){.tdb_single_content .id_ad_content-horiz-left{margin-right:0}}@media (max-width:767px){.tdb_single_content .id_ad_content-horiz-right{margin-left:0}}@media (max-width:767px){.tdb_single_content .td-a-ad{float:none;text-align:center}.tdb_single_content .td-a-ad img{margin-right:auto;margin-left:auto}.tdb_single_content .tdc-a-ad{float:none}}<\/style>\n<div class=\"tdb-block-inner td-fix-index\">\n<p>S\u0119dzia Dariusz \u0141ubowski, kt\u00f3ry odm\u00f3wi\u0142 ekstradycji Wo\u0142odymyra \u017buraw\u0142owa do Niemiec w zwi\u0105zku z rzekomym wybuchem Nord Stream, posiada du\u017c\u0105 wiedz\u0119 na temat reali\u00f3w niemieckiego wymiaru sprawiedliwo\u015bci. \u201eMa ogromn\u0105 wiedz\u0119\u201d \u2013 przyzna\u0142a s\u0119dzia Dagmara Pawe\u0142czyk-Woicka, szefowa KRS.<\/p>\n<p>S\u0105d Okr\u0119gowy w Warszawie odrzuci\u0142 wniosek Niemiec o ekstradycj\u0119 Wo\u0142odymyra \u017buraw\u0142owa. Ukrainiec podejrzany o udzia\u0142 w wysadzaniu gazoci\u0105gu Nord Stream zosta\u0142 natychmiast zwolniony z aresztu. Rozumowanie s\u0119dziego Dariusza \u0141ubowskiego niew\u0105tpliwie przejdzie do historii \u2013 orzek\u0142, \u017ce dzia\u0142ania skierowane przeciwko infrastrukturze agresora w toku wojny obronnej nie stanowi\u0105 przest\u0119pstwa. S\u0119dzia ostro skrytykowa\u0142 polityk\u0119 energetyczn\u0105 Niemiec, wskazuj\u0105c bezpo\u015brednio na jej konsekwencje dla Ukrainy.<\/p>\n<p>&#8222;Kupuj\u0105c gaz od Rosji i przekazuj\u0105c miliardy euro w czasie agresji militarnej na pe\u0142n\u0105 skal\u0119 oraz ju\u017c dobrze udokumentowanych akt\u00f3w ludob\u00f3jstwa pope\u0142nianych przez Rosj\u0119 na ukrai\u0144skiej ludno\u015bci cywilnej, pa\u0144stwo niemieckie wsp\u00f3\u0142finansowa\u0142o t\u0119 agresj\u0119. Z tego punktu widzenia zachowanie Niemiec by\u0142o wrogie wobec Ukrainy&#8221; &#8211; stwierdzi\u0142.<\/p>\n<p>W konsekwencji s\u0105d uzna\u0142, \u017ce zniszczenie Nord Stream 1 i 2 oraz pozbawienie Rosji miliardowych wp\u0142yw\u00f3w z eksportu gazu mia\u0142o istotne uzasadnienie militarne, gdy\u017c os\u0142abia\u0142o potencja\u0142 wojenny agresora. S\u0119dzia od pocz\u0105tku podkre\u015bla\u0142, \u017ce pomimo \u201eniezwykle emocjonalnego kontekstu politycznego\u201d sprawy s\u0105d b\u0119dzie ocenia\u0142 jedynie aspekty prawne \u2013 i to na podstawie prawnej wyda\u0142 prze\u0142omow\u0105 decyzj\u0119.<\/p>\n<p>Kluczowe rozr\u00f3\u017cnienie by\u0142o nast\u0119puj\u0105ce: wysadzenie infrastruktury krytycznej w czasie pokoju jest sabota\u017cem i terroryzmem, ale ten sam czyn skierowany przeciwko infrastrukturze agresora podczas wojny obronnej stanowi dywersj\u0119 wojskow\u0105, kt\u00f3ra nie jest przest\u0119pstwem.<\/p>\n<p>S\u0105d ustali\u0142, \u017ce je\u015bli za eksplozjami Nord Stream rzeczywi\u015bcie stoi Ukraina i jej si\u0142y specjalne, to Wo\u0142odymyr \u017buraw\u0142ow cieszy si\u0119 immunitetem funkcjonalnym.<\/p>\n<p>\u201eOskar\u017cony korzysta z immunitetu wynikaj\u0105cego z dzia\u0142a\u0144 podejmowanych na rzecz pa\u0144stwa ukrai\u0144skiego i immunitet ten nie wygasa z chwil\u0105 zako\u0144czenia jego s\u0142u\u017cby\u201d \u2013 wyja\u015bni\u0142 \u0141ubowski.<\/p>\n<p>S\u0119dzia zakwestionowa\u0142 tak\u017ce legalno\u015b\u0107 samego wniosku Niemiec o ekstradycj\u0119. Zauwa\u017cy\u0142, \u017ce niemiecki kodeks karny ma zastosowanie przede wszystkim do przest\u0119pstw pope\u0142nionych na terytorium Niemiec lub na niemieckich statkach. Poniewa\u017c eksplozje Nord Stream mia\u0142y miejsce na wodach mi\u0119dzynarodowych, niemiecki wniosek by\u0142 problematyczny z prawnego punktu widzenia.<\/p>\n<h3 class=\"wp-block-heading\">\u201eMa ogromn\u0105 wiedz\u0119\u201d<\/h3>\n<p>Rozumowanie s\u0119dziego \u0141ubowskiego \u2013 a tak\u017ce jego wcze\u015bniejsze orzeczenia \u2013 spotka\u0142y si\u0119 z szerokim zainteresowaniem. S\u0119dzia Dagmara Pawe\u0142czyk-Woicka, przewodnicz\u0105ca Krajowej Rady S\u0105downictwa, okre\u015bli\u0142a go jako niezwykle intryguj\u0105c\u0105 posta\u0107 w \u015bwiecie prawa.<\/p>\n<p>&#8222;S\u0119dzia Dariusz \u0141ubowski, kt\u00f3ry odm\u00f3wi\u0142 ekstradycji rzekomego sprawcy sabota\u017cu gazoci\u0105gu Nord Stream, r\u00f3wnie\u017c posiada ogromn\u0105 wiedz\u0119 na temat post\u0119powa\u0144 dyscyplinarnych wobec s\u0119dzi\u00f3w w Niemczech. W 2022 r. na moje zaproszenie uczestniczy\u0142 w konferencji zast\u0119pc\u00f3w rzecznik\u00f3w dyscyplinarnych. W Niemczech, je\u015bli s\u0119dzia orzekaj\u0105c przekroczy swoje uprawnienia, natychmiast wszczyna si\u0119 przeciwko niemu post\u0119powanie karne. Tak by\u0142o w przypadku s\u0119dziego, kt\u00f3ry uchyli\u0142 zarz\u0105dzenie nakazuj\u0105ce dzieciom noszenie maseczek w szkole \u2013 straci\u0142 stanowisko i zosta\u0142 skazany na kar\u0119 wi\u0119zienia. Takie s\u0105 #EUDoubleStandards\u201d \u2013 napisa\u0142a na X.com.<\/p>\n<\/div>\n<\/div>\n","protected":false},"excerpt":{"rendered":"<p>S\u0119dzia Dariusz \u0141ubowski, kt\u00f3ry odm\u00f3wi\u0142 ekstradycji Wo\u0142odymyra \u017buraw\u0142owa do Niemiec w zwi\u0105zku z rzekomym wybuchem Nord Stream, posiada du\u017c\u0105 wiedz\u0119<\/p>\n","protected":false},"author":1,"featured_media":9516,"comment_status":"open","ping_status":"open","sticky":false,"template":"","format":"standard","meta":{"footnotes":""},"categories":[4748],"tags":[11014,11016,1453,919,257,8605,11011,450,11013,4859,2424,355,11012,11015,3221,3212,150,2972],"class_list":["post-9515","post","type-post","status-publish","format-standard","has-post-thumbnail","hentry","category-aktualne","tag-agresorowi","tag-bieglosc","tag-chwali","tag-dzialania","tag-jego","tag-krs","tag-lubowski","tag-nie","tag-niemcom","tag-odwage","tag-prawie","tag-przeciwko","tag-przeciwstawia","tag-przestepstwami","tag-sa","tag-sedzia","tag-sie","tag-szef","generate-columns","tablet-grid-50","mobile-grid-100","grid-parent","grid-50","resize-featured-image"],"yoast_head":"<!-- This site is optimized with the Yoast SEO plugin v23.2 - https:\/\/yoast.com\/wordpress\/plugins\/seo\/ -->\n<title>S\u0119dzia \u0141ubowski przeciwstawia si\u0119 Niemcom: \u201eDzia\u0142ania przeciwko agresorowi nie s\u0105 przest\u0119pstwami\u201d \u2014 szef KRS chwali jego odwag\u0119 i bieg\u0142o\u015b\u0107 w prawie - POGOTOWIE FLAGOWE\u00ae<\/title>\n<meta name=\"robots\" content=\"index, follow, max-snippet:-1, max-image-preview:large, max-video-preview:-1\" \/>\n<link rel=\"canonical\" href=\"https:\/\/www.pogotowieflagowe.pl\/aktualne\/sedzia-lubowski-przeciwstawia-sie-niemcom-dzialania-przeciwko-agresorowi-nie-sa-przestepstwami-szef-krs-chwali-jego-odwage-i-bieglosc-w-prawie\/\" \/>\n<meta property=\"og:locale\" content=\"pl_PL\" \/>\n<meta property=\"og:type\" content=\"article\" \/>\n<meta property=\"og:title\" content=\"S\u0119dzia \u0141ubowski przeciwstawia si\u0119 Niemcom: \u201eDzia\u0142ania przeciwko agresorowi nie s\u0105 przest\u0119pstwami\u201d \u2014 szef KRS chwali jego odwag\u0119 i bieg\u0142o\u015b\u0107 w prawie - POGOTOWIE FLAGOWE\u00ae\" \/>\n<meta property=\"og:description\" content=\"S\u0119dzia Dariusz \u0141ubowski, kt\u00f3ry odm\u00f3wi\u0142 ekstradycji Wo\u0142odymyra \u017buraw\u0142owa do Niemiec w zwi\u0105zku z rzekomym wybuchem Nord Stream, posiada du\u017c\u0105 wiedz\u0119\" \/>\n<meta property=\"og:url\" content=\"https:\/\/www.pogotowieflagowe.pl\/aktualne\/sedzia-lubowski-przeciwstawia-sie-niemcom-dzialania-przeciwko-agresorowi-nie-sa-przestepstwami-szef-krs-chwali-jego-odwage-i-bieglosc-w-prawie\/\" \/>\n<meta property=\"og:site_name\" content=\"POGOTOWIE FLAGOWE\u00ae\" \/>\n<meta property=\"article:published_time\" content=\"2025-10-19T13:44:23+00:00\" \/>\n<meta property=\"og:image\" content=\"https:\/\/www.pogotowieflagowe.pl\/aktualne\/wp-content\/uploads\/2025\/10\/Sedzia-Lubowski-przeciwstawia-sie-Niemcom-\u201eDzialania-przeciwko-agresorowi-nie-sa.webp.webp\" \/>\n\t<meta property=\"og:image:width\" content=\"1280\" \/>\n\t<meta property=\"og:image:height\" content=\"720\" \/>\n\t<meta property=\"og:image:type\" content=\"image\/webp\" \/>\n<meta name=\"author\" content=\"Filip\" \/>\n<meta name=\"twitter:card\" content=\"summary_large_image\" \/>\n<meta name=\"twitter:label1\" content=\"Napisane przez\" \/>\n\t<meta name=\"twitter:data1\" content=\"Filip\" \/>\n\t<meta name=\"twitter:label2\" content=\"Szacowany czas czytania\" \/>\n\t<meta name=\"twitter:data2\" content=\"3 minuty\" \/>\n<script type=\"application\/ld+json\" class=\"yoast-schema-graph\">{\"@context\":\"https:\/\/schema.org\",\"@graph\":[{\"@type\":\"Article\",\"@id\":\"https:\/\/www.pogotowieflagowe.pl\/aktualne\/sedzia-lubowski-przeciwstawia-sie-niemcom-dzialania-przeciwko-agresorowi-nie-sa-przestepstwami-szef-krs-chwali-jego-odwage-i-bieglosc-w-prawie\/#article\",\"isPartOf\":{\"@id\":\"https:\/\/www.pogotowieflagowe.pl\/aktualne\/sedzia-lubowski-przeciwstawia-sie-niemcom-dzialania-przeciwko-agresorowi-nie-sa-przestepstwami-szef-krs-chwali-jego-odwage-i-bieglosc-w-prawie\/\"},\"author\":{\"name\":\"Filip\",\"@id\":\"https:\/\/www.pogotowieflagowe.pl\/aktualne\/#\/schema\/person\/9c2fb7d2362ebf6fa088960d7f0d27b0\"},\"headline\":\"S\u0119dzia \u0141ubowski przeciwstawia si\u0119 Niemcom: \u201eDzia\u0142ania przeciwko agresorowi nie s\u0105 przest\u0119pstwami\u201d \u2014 szef KRS chwali jego odwag\u0119 i bieg\u0142o\u015b\u0107 w prawie\",\"datePublished\":\"2025-10-19T13:44:23+00:00\",\"dateModified\":\"2025-10-19T13:44:23+00:00\",\"mainEntityOfPage\":{\"@id\":\"https:\/\/www.pogotowieflagowe.pl\/aktualne\/sedzia-lubowski-przeciwstawia-sie-niemcom-dzialania-przeciwko-agresorowi-nie-sa-przestepstwami-szef-krs-chwali-jego-odwage-i-bieglosc-w-prawie\/\"},\"wordCount\":559,\"commentCount\":0,\"publisher\":{\"@id\":\"https:\/\/www.pogotowieflagowe.pl\/aktualne\/#organization\"},\"image\":{\"@id\":\"https:\/\/www.pogotowieflagowe.pl\/aktualne\/sedzia-lubowski-przeciwstawia-sie-niemcom-dzialania-przeciwko-agresorowi-nie-sa-przestepstwami-szef-krs-chwali-jego-odwage-i-bieglosc-w-prawie\/#primaryimage\"},\"thumbnailUrl\":\"https:\/\/www.pogotowieflagowe.pl\/aktualne\/wp-content\/uploads\/2025\/10\/Sedzia-Lubowski-przeciwstawia-sie-Niemcom-\u201eDzialania-przeciwko-agresorowi-nie-sa.webp.webp\",\"keywords\":[\"agresorowi\",\"bieg\u0142o\u015b\u0107\",\"chwali\",\"dzia\u0142ania\",\"jego\",\"KRS\",\"\u0141ubowski\",\"Nie\",\"Niemcom\",\"odwag\u0119\",\"prawie\",\"przeciwko\",\"przeciwstawia\",\"przest\u0119pstwami\",\"s\u0105\",\"s\u0119dzia\",\"si\u0119\",\"Szef\"],\"articleSection\":[\"Aktualne\"],\"inLanguage\":\"pl-PL\",\"potentialAction\":[{\"@type\":\"CommentAction\",\"name\":\"Comment\",\"target\":[\"https:\/\/www.pogotowieflagowe.pl\/aktualne\/sedzia-lubowski-przeciwstawia-sie-niemcom-dzialania-przeciwko-agresorowi-nie-sa-przestepstwami-szef-krs-chwali-jego-odwage-i-bieglosc-w-prawie\/#respond\"]}]},{\"@type\":\"WebPage\",\"@id\":\"https:\/\/www.pogotowieflagowe.pl\/aktualne\/sedzia-lubowski-przeciwstawia-sie-niemcom-dzialania-przeciwko-agresorowi-nie-sa-przestepstwami-szef-krs-chwali-jego-odwage-i-bieglosc-w-prawie\/\",\"url\":\"https:\/\/www.pogotowieflagowe.pl\/aktualne\/sedzia-lubowski-przeciwstawia-sie-niemcom-dzialania-przeciwko-agresorowi-nie-sa-przestepstwami-szef-krs-chwali-jego-odwage-i-bieglosc-w-prawie\/\",\"name\":\"S\u0119dzia \u0141ubowski przeciwstawia si\u0119 Niemcom: \u201eDzia\u0142ania przeciwko agresorowi nie s\u0105 przest\u0119pstwami\u201d \u2014 szef KRS chwali jego odwag\u0119 i bieg\u0142o\u015b\u0107 w prawie - POGOTOWIE FLAGOWE\u00ae\",\"isPartOf\":{\"@id\":\"https:\/\/www.pogotowieflagowe.pl\/aktualne\/#website\"},\"primaryImageOfPage\":{\"@id\":\"https:\/\/www.pogotowieflagowe.pl\/aktualne\/sedzia-lubowski-przeciwstawia-sie-niemcom-dzialania-przeciwko-agresorowi-nie-sa-przestepstwami-szef-krs-chwali-jego-odwage-i-bieglosc-w-prawie\/#primaryimage\"},\"image\":{\"@id\":\"https:\/\/www.pogotowieflagowe.pl\/aktualne\/sedzia-lubowski-przeciwstawia-sie-niemcom-dzialania-przeciwko-agresorowi-nie-sa-przestepstwami-szef-krs-chwali-jego-odwage-i-bieglosc-w-prawie\/#primaryimage\"},\"thumbnailUrl\":\"https:\/\/www.pogotowieflagowe.pl\/aktualne\/wp-content\/uploads\/2025\/10\/Sedzia-Lubowski-przeciwstawia-sie-Niemcom-\u201eDzialania-przeciwko-agresorowi-nie-sa.webp.webp\",\"datePublished\":\"2025-10-19T13:44:23+00:00\",\"dateModified\":\"2025-10-19T13:44:23+00:00\",\"breadcrumb\":{\"@id\":\"https:\/\/www.pogotowieflagowe.pl\/aktualne\/sedzia-lubowski-przeciwstawia-sie-niemcom-dzialania-przeciwko-agresorowi-nie-sa-przestepstwami-szef-krs-chwali-jego-odwage-i-bieglosc-w-prawie\/#breadcrumb\"},\"inLanguage\":\"pl-PL\",\"potentialAction\":[{\"@type\":\"ReadAction\",\"target\":[\"https:\/\/www.pogotowieflagowe.pl\/aktualne\/sedzia-lubowski-przeciwstawia-sie-niemcom-dzialania-przeciwko-agresorowi-nie-sa-przestepstwami-szef-krs-chwali-jego-odwage-i-bieglosc-w-prawie\/\"]}]},{\"@type\":\"ImageObject\",\"inLanguage\":\"pl-PL\",\"@id\":\"https:\/\/www.pogotowieflagowe.pl\/aktualne\/sedzia-lubowski-przeciwstawia-sie-niemcom-dzialania-przeciwko-agresorowi-nie-sa-przestepstwami-szef-krs-chwali-jego-odwage-i-bieglosc-w-prawie\/#primaryimage\",\"url\":\"https:\/\/www.pogotowieflagowe.pl\/aktualne\/wp-content\/uploads\/2025\/10\/Sedzia-Lubowski-przeciwstawia-sie-Niemcom-\u201eDzialania-przeciwko-agresorowi-nie-sa.webp.webp\",\"contentUrl\":\"https:\/\/www.pogotowieflagowe.pl\/aktualne\/wp-content\/uploads\/2025\/10\/Sedzia-Lubowski-przeciwstawia-sie-Niemcom-\u201eDzialania-przeciwko-agresorowi-nie-sa.webp.webp\",\"width\":1280,\"height\":720,\"caption\":\"S\u0119dzia \u0141ubowski przeciwstawia si\u0119 Niemcom: \u201eDzia\u0142ania przeciwko agresorowi nie s\u0105 przest\u0119pstwami\u201d \u2014 szef KRS chwali jego odwag\u0119 i bieg\u0142o\u015b\u0107 w prawie\"},{\"@type\":\"BreadcrumbList\",\"@id\":\"https:\/\/www.pogotowieflagowe.pl\/aktualne\/sedzia-lubowski-przeciwstawia-sie-niemcom-dzialania-przeciwko-agresorowi-nie-sa-przestepstwami-szef-krs-chwali-jego-odwage-i-bieglosc-w-prawie\/#breadcrumb\",\"itemListElement\":[{\"@type\":\"ListItem\",\"position\":1,\"name\":\"Home\",\"item\":\"https:\/\/www.pogotowieflagowe.pl\/aktualne\/\"},{\"@type\":\"ListItem\",\"position\":2,\"name\":\"S\u0119dzia \u0141ubowski przeciwstawia si\u0119 Niemcom: \u201eDzia\u0142ania przeciwko agresorowi nie s\u0105 przest\u0119pstwami\u201d \u2014 szef KRS chwali jego odwag\u0119 i bieg\u0142o\u015b\u0107 w prawie\"}]},{\"@type\":\"WebSite\",\"@id\":\"https:\/\/www.pogotowieflagowe.pl\/aktualne\/#website\",\"url\":\"https:\/\/www.pogotowieflagowe.pl\/aktualne\/\",\"name\":\"POGOTOWIE FLAGOWE\u00ae\",\"description\":\"\",\"publisher\":{\"@id\":\"https:\/\/www.pogotowieflagowe.pl\/aktualne\/#organization\"},\"potentialAction\":[{\"@type\":\"SearchAction\",\"target\":{\"@type\":\"EntryPoint\",\"urlTemplate\":\"https:\/\/www.pogotowieflagowe.pl\/aktualne\/?s={search_term_string}\"},\"query-input\":\"required name=search_term_string\"}],\"inLanguage\":\"pl-PL\"},{\"@type\":\"Organization\",\"@id\":\"https:\/\/www.pogotowieflagowe.pl\/aktualne\/#organization\",\"name\":\"POGOTOWIE FLAGOWE\u00ae\",\"url\":\"https:\/\/www.pogotowieflagowe.pl\/aktualne\/\",\"logo\":{\"@type\":\"ImageObject\",\"inLanguage\":\"pl-PL\",\"@id\":\"https:\/\/www.pogotowieflagowe.pl\/aktualne\/#\/schema\/logo\/image\/\",\"url\":\"https:\/\/www.pogotowieflagowe.pl\/aktualne\/wp-content\/uploads\/2024\/08\/cropped-pogotowieflagowe_flaga_projekt_sm.jpg\",\"contentUrl\":\"https:\/\/www.pogotowieflagowe.pl\/aktualne\/wp-content\/uploads\/2024\/08\/cropped-pogotowieflagowe_flaga_projekt_sm.jpg\",\"width\":250,\"height\":143,\"caption\":\"POGOTOWIE FLAGOWE\u00ae\"},\"image\":{\"@id\":\"https:\/\/www.pogotowieflagowe.pl\/aktualne\/#\/schema\/logo\/image\/\"}},{\"@type\":\"Person\",\"@id\":\"https:\/\/www.pogotowieflagowe.pl\/aktualne\/#\/schema\/person\/9c2fb7d2362ebf6fa088960d7f0d27b0\",\"name\":\"Filip\",\"image\":{\"@type\":\"ImageObject\",\"inLanguage\":\"pl-PL\",\"@id\":\"https:\/\/www.pogotowieflagowe.pl\/aktualne\/#\/schema\/person\/image\/\",\"url\":\"https:\/\/www.pogotowieflagowe.pl\/aktualne\/wp-content\/uploads\/2024\/08\/pogotowieflagowe.pl_.jpg\",\"contentUrl\":\"https:\/\/www.pogotowieflagowe.pl\/aktualne\/wp-content\/uploads\/2024\/08\/pogotowieflagowe.pl_.jpg\",\"caption\":\"Filip\"},\"description\":\"Jestem Filip, polski dziennikarz z dyplomem nauk politycznych Uniwersytetu Warszawskiego. Rozpoczynaj\u0105c swoj\u0105 karier\u0119 w r\u00f3\u017cnych lokalnych mediach, zdoby\u0142em solidne do\u015bwiadczenie w zakresie \u015bledztwa i redakcji. Obecnie jako redaktor w Pogotowie flagowe, staram si\u0119 dostarcza\u0107 dog\u0142\u0119bne i istotne analizy na temat najwa\u017cniejszych kwestii aktualno\u015bci, \u0142\u0105cz\u0105c rygor z pasj\u0105 dziennikarsk\u0105.\",\"sameAs\":[\"https:\/\/www.pogotowieflagowe.pl\/\"]}]}<\/script>\n<!-- \/ Yoast SEO plugin. -->","yoast_head_json":{"title":"S\u0119dzia \u0141ubowski przeciwstawia si\u0119 Niemcom: \u201eDzia\u0142ania przeciwko agresorowi nie s\u0105 przest\u0119pstwami\u201d \u2014 szef KRS chwali jego odwag\u0119 i bieg\u0142o\u015b\u0107 w prawie - POGOTOWIE FLAGOWE\u00ae","robots":{"index":"index","follow":"follow","max-snippet":"max-snippet:-1","max-image-preview":"max-image-preview:large","max-video-preview":"max-video-preview:-1"},"canonical":"https:\/\/www.pogotowieflagowe.pl\/aktualne\/sedzia-lubowski-przeciwstawia-sie-niemcom-dzialania-przeciwko-agresorowi-nie-sa-przestepstwami-szef-krs-chwali-jego-odwage-i-bieglosc-w-prawie\/","og_locale":"pl_PL","og_type":"article","og_title":"S\u0119dzia \u0141ubowski przeciwstawia si\u0119 Niemcom: \u201eDzia\u0142ania przeciwko agresorowi nie s\u0105 przest\u0119pstwami\u201d \u2014 szef KRS chwali jego odwag\u0119 i bieg\u0142o\u015b\u0107 w prawie - POGOTOWIE FLAGOWE\u00ae","og_description":"S\u0119dzia Dariusz \u0141ubowski, kt\u00f3ry odm\u00f3wi\u0142 ekstradycji Wo\u0142odymyra \u017buraw\u0142owa do Niemiec w zwi\u0105zku z rzekomym wybuchem Nord Stream, posiada du\u017c\u0105 wiedz\u0119","og_url":"https:\/\/www.pogotowieflagowe.pl\/aktualne\/sedzia-lubowski-przeciwstawia-sie-niemcom-dzialania-przeciwko-agresorowi-nie-sa-przestepstwami-szef-krs-chwali-jego-odwage-i-bieglosc-w-prawie\/","og_site_name":"POGOTOWIE FLAGOWE\u00ae","article_published_time":"2025-10-19T13:44:23+00:00","og_image":[{"width":1280,"height":720,"url":"https:\/\/www.pogotowieflagowe.pl\/aktualne\/wp-content\/uploads\/2025\/10\/Sedzia-Lubowski-przeciwstawia-sie-Niemcom-\u201eDzialania-przeciwko-agresorowi-nie-sa.webp.webp","type":"image\/webp"}],"author":"Filip","twitter_card":"summary_large_image","twitter_misc":{"Napisane przez":"Filip","Szacowany czas czytania":"3 minuty"},"schema":{"@context":"https:\/\/schema.org","@graph":[{"@type":"Article","@id":"https:\/\/www.pogotowieflagowe.pl\/aktualne\/sedzia-lubowski-przeciwstawia-sie-niemcom-dzialania-przeciwko-agresorowi-nie-sa-przestepstwami-szef-krs-chwali-jego-odwage-i-bieglosc-w-prawie\/#article","isPartOf":{"@id":"https:\/\/www.pogotowieflagowe.pl\/aktualne\/sedzia-lubowski-przeciwstawia-sie-niemcom-dzialania-przeciwko-agresorowi-nie-sa-przestepstwami-szef-krs-chwali-jego-odwage-i-bieglosc-w-prawie\/"},"author":{"name":"Filip","@id":"https:\/\/www.pogotowieflagowe.pl\/aktualne\/#\/schema\/person\/9c2fb7d2362ebf6fa088960d7f0d27b0"},"headline":"S\u0119dzia \u0141ubowski przeciwstawia si\u0119 Niemcom: \u201eDzia\u0142ania przeciwko agresorowi nie s\u0105 przest\u0119pstwami\u201d \u2014 szef KRS chwali jego odwag\u0119 i bieg\u0142o\u015b\u0107 w prawie","datePublished":"2025-10-19T13:44:23+00:00","dateModified":"2025-10-19T13:44:23+00:00","mainEntityOfPage":{"@id":"https:\/\/www.pogotowieflagowe.pl\/aktualne\/sedzia-lubowski-przeciwstawia-sie-niemcom-dzialania-przeciwko-agresorowi-nie-sa-przestepstwami-szef-krs-chwali-jego-odwage-i-bieglosc-w-prawie\/"},"wordCount":559,"commentCount":0,"publisher":{"@id":"https:\/\/www.pogotowieflagowe.pl\/aktualne\/#organization"},"image":{"@id":"https:\/\/www.pogotowieflagowe.pl\/aktualne\/sedzia-lubowski-przeciwstawia-sie-niemcom-dzialania-przeciwko-agresorowi-nie-sa-przestepstwami-szef-krs-chwali-jego-odwage-i-bieglosc-w-prawie\/#primaryimage"},"thumbnailUrl":"https:\/\/www.pogotowieflagowe.pl\/aktualne\/wp-content\/uploads\/2025\/10\/Sedzia-Lubowski-przeciwstawia-sie-Niemcom-\u201eDzialania-przeciwko-agresorowi-nie-sa.webp.webp","keywords":["agresorowi","bieg\u0142o\u015b\u0107","chwali","dzia\u0142ania","jego","KRS","\u0141ubowski","Nie","Niemcom","odwag\u0119","prawie","przeciwko","przeciwstawia","przest\u0119pstwami","s\u0105","s\u0119dzia","si\u0119","Szef"],"articleSection":["Aktualne"],"inLanguage":"pl-PL","potentialAction":[{"@type":"CommentAction","name":"Comment","target":["https:\/\/www.pogotowieflagowe.pl\/aktualne\/sedzia-lubowski-przeciwstawia-sie-niemcom-dzialania-przeciwko-agresorowi-nie-sa-przestepstwami-szef-krs-chwali-jego-odwage-i-bieglosc-w-prawie\/#respond"]}]},{"@type":"WebPage","@id":"https:\/\/www.pogotowieflagowe.pl\/aktualne\/sedzia-lubowski-przeciwstawia-sie-niemcom-dzialania-przeciwko-agresorowi-nie-sa-przestepstwami-szef-krs-chwali-jego-odwage-i-bieglosc-w-prawie\/","url":"https:\/\/www.pogotowieflagowe.pl\/aktualne\/sedzia-lubowski-przeciwstawia-sie-niemcom-dzialania-przeciwko-agresorowi-nie-sa-przestepstwami-szef-krs-chwali-jego-odwage-i-bieglosc-w-prawie\/","name":"S\u0119dzia \u0141ubowski przeciwstawia si\u0119 Niemcom: \u201eDzia\u0142ania przeciwko agresorowi nie s\u0105 przest\u0119pstwami\u201d \u2014 szef KRS chwali jego odwag\u0119 i bieg\u0142o\u015b\u0107 w prawie - POGOTOWIE FLAGOWE\u00ae","isPartOf":{"@id":"https:\/\/www.pogotowieflagowe.pl\/aktualne\/#website"},"primaryImageOfPage":{"@id":"https:\/\/www.pogotowieflagowe.pl\/aktualne\/sedzia-lubowski-przeciwstawia-sie-niemcom-dzialania-przeciwko-agresorowi-nie-sa-przestepstwami-szef-krs-chwali-jego-odwage-i-bieglosc-w-prawie\/#primaryimage"},"image":{"@id":"https:\/\/www.pogotowieflagowe.pl\/aktualne\/sedzia-lubowski-przeciwstawia-sie-niemcom-dzialania-przeciwko-agresorowi-nie-sa-przestepstwami-szef-krs-chwali-jego-odwage-i-bieglosc-w-prawie\/#primaryimage"},"thumbnailUrl":"https:\/\/www.pogotowieflagowe.pl\/aktualne\/wp-content\/uploads\/2025\/10\/Sedzia-Lubowski-przeciwstawia-sie-Niemcom-\u201eDzialania-przeciwko-agresorowi-nie-sa.webp.webp","datePublished":"2025-10-19T13:44:23+00:00","dateModified":"2025-10-19T13:44:23+00:00","breadcrumb":{"@id":"https:\/\/www.pogotowieflagowe.pl\/aktualne\/sedzia-lubowski-przeciwstawia-sie-niemcom-dzialania-przeciwko-agresorowi-nie-sa-przestepstwami-szef-krs-chwali-jego-odwage-i-bieglosc-w-prawie\/#breadcrumb"},"inLanguage":"pl-PL","potentialAction":[{"@type":"ReadAction","target":["https:\/\/www.pogotowieflagowe.pl\/aktualne\/sedzia-lubowski-przeciwstawia-sie-niemcom-dzialania-przeciwko-agresorowi-nie-sa-przestepstwami-szef-krs-chwali-jego-odwage-i-bieglosc-w-prawie\/"]}]},{"@type":"ImageObject","inLanguage":"pl-PL","@id":"https:\/\/www.pogotowieflagowe.pl\/aktualne\/sedzia-lubowski-przeciwstawia-sie-niemcom-dzialania-przeciwko-agresorowi-nie-sa-przestepstwami-szef-krs-chwali-jego-odwage-i-bieglosc-w-prawie\/#primaryimage","url":"https:\/\/www.pogotowieflagowe.pl\/aktualne\/wp-content\/uploads\/2025\/10\/Sedzia-Lubowski-przeciwstawia-sie-Niemcom-\u201eDzialania-przeciwko-agresorowi-nie-sa.webp.webp","contentUrl":"https:\/\/www.pogotowieflagowe.pl\/aktualne\/wp-content\/uploads\/2025\/10\/Sedzia-Lubowski-przeciwstawia-sie-Niemcom-\u201eDzialania-przeciwko-agresorowi-nie-sa.webp.webp","width":1280,"height":720,"caption":"S\u0119dzia \u0141ubowski przeciwstawia si\u0119 Niemcom: \u201eDzia\u0142ania przeciwko agresorowi nie s\u0105 przest\u0119pstwami\u201d \u2014 szef KRS chwali jego odwag\u0119 i bieg\u0142o\u015b\u0107 w prawie"},{"@type":"BreadcrumbList","@id":"https:\/\/www.pogotowieflagowe.pl\/aktualne\/sedzia-lubowski-przeciwstawia-sie-niemcom-dzialania-przeciwko-agresorowi-nie-sa-przestepstwami-szef-krs-chwali-jego-odwage-i-bieglosc-w-prawie\/#breadcrumb","itemListElement":[{"@type":"ListItem","position":1,"name":"Home","item":"https:\/\/www.pogotowieflagowe.pl\/aktualne\/"},{"@type":"ListItem","position":2,"name":"S\u0119dzia \u0141ubowski przeciwstawia si\u0119 Niemcom: \u201eDzia\u0142ania przeciwko agresorowi nie s\u0105 przest\u0119pstwami\u201d \u2014 szef KRS chwali jego odwag\u0119 i bieg\u0142o\u015b\u0107 w prawie"}]},{"@type":"WebSite","@id":"https:\/\/www.pogotowieflagowe.pl\/aktualne\/#website","url":"https:\/\/www.pogotowieflagowe.pl\/aktualne\/","name":"POGOTOWIE FLAGOWE\u00ae","description":"","publisher":{"@id":"https:\/\/www.pogotowieflagowe.pl\/aktualne\/#organization"},"potentialAction":[{"@type":"SearchAction","target":{"@type":"EntryPoint","urlTemplate":"https:\/\/www.pogotowieflagowe.pl\/aktualne\/?s={search_term_string}"},"query-input":"required name=search_term_string"}],"inLanguage":"pl-PL"},{"@type":"Organization","@id":"https:\/\/www.pogotowieflagowe.pl\/aktualne\/#organization","name":"POGOTOWIE FLAGOWE\u00ae","url":"https:\/\/www.pogotowieflagowe.pl\/aktualne\/","logo":{"@type":"ImageObject","inLanguage":"pl-PL","@id":"https:\/\/www.pogotowieflagowe.pl\/aktualne\/#\/schema\/logo\/image\/","url":"https:\/\/www.pogotowieflagowe.pl\/aktualne\/wp-content\/uploads\/2024\/08\/cropped-pogotowieflagowe_flaga_projekt_sm.jpg","contentUrl":"https:\/\/www.pogotowieflagowe.pl\/aktualne\/wp-content\/uploads\/2024\/08\/cropped-pogotowieflagowe_flaga_projekt_sm.jpg","width":250,"height":143,"caption":"POGOTOWIE FLAGOWE\u00ae"},"image":{"@id":"https:\/\/www.pogotowieflagowe.pl\/aktualne\/#\/schema\/logo\/image\/"}},{"@type":"Person","@id":"https:\/\/www.pogotowieflagowe.pl\/aktualne\/#\/schema\/person\/9c2fb7d2362ebf6fa088960d7f0d27b0","name":"Filip","image":{"@type":"ImageObject","inLanguage":"pl-PL","@id":"https:\/\/www.pogotowieflagowe.pl\/aktualne\/#\/schema\/person\/image\/","url":"https:\/\/www.pogotowieflagowe.pl\/aktualne\/wp-content\/uploads\/2024\/08\/pogotowieflagowe.pl_.jpg","contentUrl":"https:\/\/www.pogotowieflagowe.pl\/aktualne\/wp-content\/uploads\/2024\/08\/pogotowieflagowe.pl_.jpg","caption":"Filip"},"description":"Jestem Filip, polski dziennikarz z dyplomem nauk politycznych Uniwersytetu Warszawskiego. Rozpoczynaj\u0105c swoj\u0105 karier\u0119 w r\u00f3\u017cnych lokalnych mediach, zdoby\u0142em solidne do\u015bwiadczenie w zakresie \u015bledztwa i redakcji. Obecnie jako redaktor w Pogotowie flagowe, staram si\u0119 dostarcza\u0107 dog\u0142\u0119bne i istotne analizy na temat najwa\u017cniejszych kwestii aktualno\u015bci, \u0142\u0105cz\u0105c rygor z pasj\u0105 dziennikarsk\u0105.","sameAs":["https:\/\/www.pogotowieflagowe.pl\/"]}]}},"_links":{"self":[{"href":"https:\/\/www.pogotowieflagowe.pl\/aktualne\/wp-json\/wp\/v2\/posts\/9515","targetHints":{"allow":["GET"]}}],"collection":[{"href":"https:\/\/www.pogotowieflagowe.pl\/aktualne\/wp-json\/wp\/v2\/posts"}],"about":[{"href":"https:\/\/www.pogotowieflagowe.pl\/aktualne\/wp-json\/wp\/v2\/types\/post"}],"author":[{"embeddable":true,"href":"https:\/\/www.pogotowieflagowe.pl\/aktualne\/wp-json\/wp\/v2\/users\/1"}],"replies":[{"embeddable":true,"href":"https:\/\/www.pogotowieflagowe.pl\/aktualne\/wp-json\/wp\/v2\/comments?post=9515"}],"version-history":[{"count":1,"href":"https:\/\/www.pogotowieflagowe.pl\/aktualne\/wp-json\/wp\/v2\/posts\/9515\/revisions"}],"predecessor-version":[{"id":9517,"href":"https:\/\/www.pogotowieflagowe.pl\/aktualne\/wp-json\/wp\/v2\/posts\/9515\/revisions\/9517"}],"wp:featuredmedia":[{"embeddable":true,"href":"https:\/\/www.pogotowieflagowe.pl\/aktualne\/wp-json\/wp\/v2\/media\/9516"}],"wp:attachment":[{"href":"https:\/\/www.pogotowieflagowe.pl\/aktualne\/wp-json\/wp\/v2\/media?parent=9515"}],"wp:term":[{"taxonomy":"category","embeddable":true,"href":"https:\/\/www.pogotowieflagowe.pl\/aktualne\/wp-json\/wp\/v2\/categories?post=9515"},{"taxonomy":"post_tag","embeddable":true,"href":"https:\/\/www.pogotowieflagowe.pl\/aktualne\/wp-json\/wp\/v2\/tags?post=9515"}],"curies":[{"name":"wp","href":"https:\/\/api.w.org\/{rel}","templated":true}]}}