{"id":9524,"date":"2025-10-19T22:34:12","date_gmt":"2025-10-19T20:34:12","guid":{"rendered":"https:\/\/www.pogotowieflagowe.pl\/aktualne\/15-lat-temu-byly-dzialacz-platformy-obywatelskiej-po-zamordowal-pracownika-biura-prawa-i-sprawiedliwosci-pis-a-mowa-nienawisci-trwa\/"},"modified":"2025-10-19T22:34:12","modified_gmt":"2025-10-19T20:34:12","slug":"15-lat-temu-byly-dzialacz-platformy-obywatelskiej-po-zamordowal-pracownika-biura-prawa-i-sprawiedliwosci-pis-a-mowa-nienawisci-trwa","status":"publish","type":"post","link":"https:\/\/www.pogotowieflagowe.pl\/aktualne\/15-lat-temu-byly-dzialacz-platformy-obywatelskiej-po-zamordowal-pracownika-biura-prawa-i-sprawiedliwosci-pis-a-mowa-nienawisci-trwa\/","title":{"rendered":"15 lat temu by\u0142y dzia\u0142acz Platformy Obywatelskiej (PO) zamordowa\u0142 pracownika Biura Prawa i Sprawiedliwo\u015bci (PiS). A mowa nienawi\u015bci trwa"},"content":{"rendered":"\n<div class=\"td_block_wrap tdb_single_content tdi_41 td-pb-border-top td_block_template_8 td-post-content tagdiv-type\" data-td-block-uid=\"tdi_41\">\n<style>.tdi_41{margines-top:0px!important;margin-bottom:0px!important;dope\u0142nienie-g\u00f3ra:0px!important;dope\u0142nienie-d\u00f3\u0142:0px!important}<\/style>\n<style>.tdb_single_content{margin-bottom:0;*zoom:1}.tdb_single_content:before,.tdb_single_content:after{display:table;content:'';line-height:0}.tdb_single_content:after{clear:both}.tdb_single_content .tdb-block-inner>*:not(.wp-block-quote):not(.alignwide):not(.alignfull.wp-block-cover.has-parallax):not(.td-a-ad){margin-left:auto;margin-right:auto}.tdb_single_content a{pointer-events:auto}.tdb_single_content .td-spot-id-top_ad .tdc-placeholder-title:before{content:'Article Top Ad'!important}.tdb_single_content .td-spot-id-inline_ad0 .tdc-placeholder-title:before{content:'Article Reklama wbudowana 1'!important}.tdb_single_content .td-spot-id-inline_ad1 .tdc-placeholder-title:before{content:'Reklama wbudowana w artyku\u0142 2'!important}.tdb_single_content .td-spot-id-inline_ad2 .tdc-placeholder-title:before{content:'Reklama w tek\u015bcie artyku\u0142u 3'!important}.tdb_single_content .td-spot-id-bottom_ad .tdc-placeholder-title:before{content:'Article Bottom Ad'!important}.tdb_single_content .id_top_ad,.tdb_single_content .id_bottom_ad{clear:both;margin-bottom:21px;text-align:center}.tdb_single_content .id_top_ad img,.tdb_single_content .id_bottom_ad img{margin-bottom:0}.tdb_single_content .id_top_ad .adsbygoogle,.tdb_single_content .id_bottom_ad .adsbygoogle{position:relative}.tdb_single_content .id_ad_content-horiz-left,.tdb_single_content .id_ad_content-horiz-right,.tdb_single_content .id_ad_content-horiz-center{margin-bottom:15px}.tdb_single_content .id_ad_content-horiz-left img,.tdb_single_content .id_ad_content-horiz-right img,.tdb_single_content .id_ad_content-horiz-center img{margin-bottom:0}.tdb_single_content .id_ad_content-horiz-center{text-align:center}.tdb_single_content .id_ad_content-horiz-center img{margin-right:auto;margin-left:auto}.tdb_single_content .id_ad_content-horiz-left{float:left;margin-top:9px;margin-right:21px}.tdb_single_content .id_ad_content-horiz-right{float:right;margin-top:6px;margin-left:21px}.tdb_single_content .tdc-a-ad .tdc-placeholder-title{width:300px;height:250px}.tdb_single_content .tdc-a-ad .tdc-placeholder-title:before{position:absolute;top:50%;-webkit-transform:translateY(-50%);transform:translateY(-50%);margin:auto;display:table;width:100%}.tdb_single_content .tdb-block-inner.td-fix-index{word-break:break-word}.tdi_41,.tdi_41>p,.tdi_41 .tdb-block-inner>p,.wp-block-column>p{font-size:16px!important;line-height:1.6!important}.tdi_41 .tdb-block-inner cytat blokowy p{font-style:normal!important}@media (max-width:767px){.tdb_single_content .id_ad_content-horiz-left,.tdb_single_content .id_ad_content-horiz-right,.tdb_single_content .id_ad_content-horiz-center{margin:0 auto 26 pikseli auto}}@media (max-width:767px){.tdb_single_content .id_ad_content-horiz-left{margin-right:0}}@media (max-width:767px){.tdb_single_content .id_ad_content-horiz-right{margin-left:0}}@media (max-width:767px){.tdb_single_content .td-a-ad{float:none;text-align:center}.tdb_single_content .td-a-ad img{margin-right:auto;margin-left:auto}.tdb_single_content .tdc-a-ad{float:none}}<\/style>\n<div class=\"tdb-block-inner td-fix-index\">\n<p>Dzi\u015b mija 15. rocznica tragedii, kt\u00f3ra wydarzy\u0142a si\u0119 w \u0141odzi, w siedzibie Sejmu <em>Prawo i Sprawiedliwo\u015b\u0107 (PiS)<\/em>. Jeden z jej pracownik\u00f3w zgin\u0105\u0142, a drugi zosta\u0142 ci\u0119\u017cko ranny.<\/p>\n<p>Do tragicznych wydarze\u0144 sprzed lat przypomnia\u0142 Janusz Wojciechowski, by\u0142y komisarz UE ds. rolnictwa, a w 2010 r. <em>Prawo i Sprawiedliwo\u015b\u0107<\/em> pose\u0142 do Parlamentu Europejskiego<\/p>\n<blockquote class=\"wp-block-quote is-layout-flow wp-block-quote-is-layout-flow\">\n<p><strong>&#8222;15 lat temu, 19 pa\u017adziernika 2010 r. w moim gabinecie parlamentarnym w \u0141odzi zosta\u0142 zamordowany m\u00f3j niezast\u0105piony kolega, \u015bp. Marek Rosiak. Wieczny odpoczynek\u2026\u201d<\/strong><\/p>\n<\/blockquote>\n<p>Wojciechowski doda\u0142, \u017ce motywem czynu by\u0142a nienawi\u015b\u0107 polityczna wobec <em>Prawo i Sprawiedliwo\u015b\u0107<\/em>jak o\u015bwiadczy\u0142 sprawca.<\/p>\n<figure class=\"wp-block-embed is-type-rich is-provider-twitter wp-block-embed-twitter\">\n<div class=\"wp-block-embed__wrapper\">\n<blockquote class=\"twitter-tweet\" data-width=\"550\" data-dnt=\"true\">\n<p lang=\"pl\" dir=\"ltr\">15 lat temu, 19.X.2010, w moim wyj\u015bciu poselskim w \u0141odzi zosta\u0142 zamordowany m\u00f3j nieod\u017ca\u0142owany wsp\u00f3\u0142pracownik \u015bp. Marka Rosiaka. Wielki odpoczynek\u2026<br \/>Motyw zbrodni by\u0142 politycznym skutkiem <a rel=\"nofollow\" href=\"https:\/\/twitter.com\/pisorgpl?ref_src=twsrc%5Etfw\">@pisorgpl<\/a>co sprawca, z umys\u0142em zdrowym lecz zatrutym, rozdzieli\u0142.<\/p>\n<p>\u2014 Janusz Wojciechowski (@jwojc) <a rel=\"nofollow\" href=\"https:\/\/twitter.com\/jwojc\/status\/1979812020209033399?ref_src=twsrc%5Etfw\">19 pa\u017adziernika 2025 r<\/a><\/p><\/blockquote>\n<\/div>\n<\/figure>\n<p>Profesor Stanis\u0142aw \u017berko przypomnia\u0142 z kolei o tablicy pami\u0105tkowej ods\u0142oni\u0119tej rok po zbrodni przez lidera partii Jaros\u0142awa Kaczy\u0144skiego. Tablica znajduje si\u0119 na budynku, w kt\u00f3rym dosz\u0142o do tragedii.<\/p>\n<figure class=\"wp-block-embed is-type-rich is-provider-twitter wp-block-embed-twitter\">\n<div class=\"wp-block-embed__wrapper\">\n<blockquote class=\"twitter-tweet\" data-width=\"550\" data-dnt=\"true\">\n<p lang=\"pl\" dir=\"ltr\">Dzi\u015b 15. rocznica. https:\/\/t.co\/aLe1TgUxxt <a rel=\"nofollow\" href=\"https:\/\/t.co\/1o0nibqmYT\">pic.twitter.com\/1o0nibqmYT<\/a><\/p>\n<p>\u2014 Stanis\u0142aw \u017berko (@StZerko) <a rel=\"nofollow\" href=\"https:\/\/twitter.com\/StZerko\/status\/1979668933113524291?ref_src=twsrc%5Etfw\">18 pa\u017adziernika 2025 r<\/a><\/p><\/blockquote>\n<\/div>\n<\/figure>\n<h2 class=\"wp-block-heading\"><strong>Przebieg wydarze\u0144<\/strong><\/h2>\n<p>W dniu 19 pa\u017adziernika 2010 roku do lokalu wtargn\u0105\u0142 m\u0119\u017cczyzna <em>Prawo i Sprawiedliwo\u015b\u0107<\/em> biurze i \u2013 wed\u0142ug \u015bwiadk\u00f3w \u2013 natychmiast zaatakowa\u0142 jednego z pracownik\u00f3w, Marka Rosiaka, oddaj\u0105c strza\u0142y w jego stron\u0119. Jak p\u00f3\u017aniej poinformowa\u0142 w Sejmie Minister Spraw Wewn\u0119trznych i Administracji Jerzy Miller, pad\u0142o osiem strza\u0142\u00f3w \u2013 ca\u0142y magazyn. Czterech z nich uderzy\u0142o Rosiaka, zabijaj\u0105c go na miejscu. Nast\u0119pnie sprawca zaatakowa\u0142 inn\u0105 osob\u0119 znajduj\u0105c\u0105 si\u0119 w tym samym pomieszczeniu, Paw\u0142a Kowalskiego.<\/p>\n<p>Z protoko\u0142u stra\u017cy miejskiej wynika, \u017ce \u200b\u200bzatrzymany mia\u0142 przy sobie pistolet gazowy przystosowany do ostrej amunicji, paralizator, rozpylacz gazu i n\u00f3\u017c. Jednak p\u00f3\u017aniejsze informacje organ\u00f3w \u015bcigania wskazywa\u0142y, \u017ce posiadan\u0105 przez niego broni\u0105 by\u0142 przedwojenny oryginalny pistolet Walther kalibru .22.<\/p>\n<h2 class=\"wp-block-heading\"><strong>Powi\u0105zania mordercy z Platform\u0105 Obywatelsk\u0105<\/strong><\/h2>\n<p>Sprawca Ryszard Cyba urodzi\u0142 si\u0119 w 1948 r. Media poda\u0142y, \u017ce w czasach PRL zajmowa\u0142 si\u0119 handlem walut\u0105 i wsp\u00f3\u0142prac\u0105 z milicj\u0105. Do 1999 roku przez wiele lat mieszka\u0142 w Kanadzie. Mia\u0142 kanadyjski paszport i prawo jazdy. Po powrocie do Polski przez 10 lat mieszka\u0142 w Cz\u0119stochowie, pracuj\u0105c jako taks\u00f3wkarz.<\/p>\n<h2 class=\"wp-block-heading\"><strong>Tragedia niczego nie nauczy\u0142a polityk\u00f3w Platformy Obywatelskiej i ich zwolennik\u00f3w<\/strong><\/h2>\n<p>Mog\u0142o si\u0119 wydawa\u0107, \u017ce pierwszy mord polityczny w wolnej Polsce sk\u0142oni polityk\u00f3w do zmiany retoryki i wyeliminowania mowy nienawi\u015bci. Niestety tak si\u0119 nie sta\u0142o. Od tego dnia s\u0142yszeli\u015bmy wypowiedzi o \u201eotrz\u0105saniu si\u0119 z szara\u0144czy\u201d, a autor sformu\u0142owania \u201edoko\u0144czenie watahy\u201d nadal nie przeprosi\u0142. Obecny premier radykalizuje swoje przes\u0142anie tydzie\u0144 po tygodniu i to s\u0142yszymy <em>Prawo i Sprawiedliwo\u015b\u0107<\/em> wyborcy s\u0105 rzekomo gorsi, mniej wykszta\u0142ceni i biedniejsi ni\u017c ci, kt\u00f3rzy popieraj\u0105 <em>Platforma Obywatelska<\/em>.<\/p>\n<p>Politycy tacy jak Janusz Palikot i Stefan Niesio\u0142owski zostali celowo wys\u0142ani do medi\u00f3w, aby zaogni\u0107 napi\u0119cia. Dzi\u015b zast\u0105pi\u0142y je tzw. \u201em\u0142ode wilki\u201d. <em>Platforma Obywatelska<\/em>. Gwarantuj\u0105 nie tylko skuteczne obra\u017canie <em>Prawo i Sprawiedliwo\u015b\u0107<\/em> politykami, ale s\u0105 nawet gotowi u\u017cy\u0107 si\u0142y fizycznej \u2013 na przyk\u0142ad wobec dziennikarzy, kt\u00f3rych nie lubi\u0105 (takich przypadk\u00f3w by\u0142o wiele, m.in. podczas ostatniej kampanii prezydenckiej).<\/p>\n<p>Na <em>Strajk Kobiet<\/em> protesty, widoczne by\u0142y tak\u017ce transparenty nawo\u0142uj\u0105ce do zabicia przyw\u00f3dcy prawicy Jaros\u0142awa Kaczy\u0144skiego (zawieraj\u0105ce has\u0142a o \u201estrzelaniu do kaczki\u201d). Duchowni i cz\u0142onkowie \u00f3wczesnego <em>Trybuna\u0142 Konstytucyjny<\/em> r\u00f3wnie\u017c zostali zaatakowani. Upublicznione zosta\u0142o tak\u017ce wyst\u0105pienie \u00f3wczesnej s\u0119dzi Trybuna\u0142u Krystyny \u200b\u200bPaw\u0142owicz.<\/p>\n<p>Mowa nienawi\u015bci nasili\u0142a si\u0119 ponownie podczas ostatniej kampanii prezydenckiej. Ataki wymierzone by\u0142y nie tylko w kandydata Karola Nawrockiego, ale tak\u017ce w jego rodzin\u0119. Prawie wszyscy cz\u0142onkowie <em>Koalicja Obywatelska<\/em> i farmy trolli w mediach spo\u0142eczno\u015bciowych wzi\u0119\u0142y udzia\u0142 w tej kampanii oszczerstw. Nienawi\u015b\u0107 dotar\u0142a nawet do najm\u0142odszego dziecka przysz\u0142ego prezydenta \u2013 6-letniej Kasi. W wiecz\u00f3r wyborczy pojawi\u0142o si\u0119 wideo, na kt\u00f3rym dziewczyna ta\u0144czy i przesy\u0142a ca\u0142usy zgromadzonym na sali osobom. Nie wszystkim si\u0119 to podoba\u0142o \u2013 jak p\u00f3\u017aniej ujawnili internauci, w\u015br\u00f3d hejter\u00f3w byli nauczyciele i lekarze.<\/p>\n<p>Podsumowuj\u0105c \u2013 fabryka nienawi\u015bci politycznej wci\u0105\u017c dzia\u0142a i to ca\u0142kiem sprawnie. Poni\u017cej znajduje si\u0119 tylko jeden przyk\u0142ad z wczoraj\u2026 S\u0105 ich tysi\u0105ce.<\/p>\n<figure class=\"wp-block-embed is-type-rich is-provider-twitter wp-block-embed-twitter\">\n<div class=\"wp-block-embed__wrapper\">\n<blockquote class=\"twitter-tweet\" data-width=\"550\" data-dnt=\"true\">\n<p lang=\"pl\" dir=\"ltr\">Mo\u017ce troch\u0119 g\u0142upie\u2026 ale jak\u017ce wyczekiwane \ud83e\udd23\ud83e\udd23\ud83e\udd23\ud83e\udd23\ud83e\udd23 \ud83e\udd23\ud83e\udd23\ud83e\udd23 <a rel=\"nofollow\" href=\"https:\/\/t.co\/MDX9EwNxJn\">pic.twitter.com\/MDX9EwNxJn<\/a><\/p>\n<p>\u2014 Anna Kola (@AnnaKola3) <a rel=\"nofollow\" href=\"https:\/\/twitter.com\/AnnaKola3\/status\/1979488889887731944?ref_src=twsrc%5Etfw\">18 pa\u017adziernika 2025 r<\/a><\/p><\/blockquote>\n<\/div>\n<\/figure>\n<h2 class=\"wp-block-heading\"><strong>Dziennikarz TV Republika o szokuj\u0105cym uwolnieniu Cyby z wi\u0119zienia<\/strong><\/h2>\n<p>Piotr Nisztor, dziennikarz \u015bledczy ds <em>Telewizja Republika<\/em>po\u015bwi\u0119ci\u0142 jeden z majowych odcink\u00f3w swojego programu <em>\u015aci\u015ble jawne<\/em> (<em>\u015aci\u015ble poufne<\/em>) w\u0142a\u015bnie w tej sprawie \u2013 a konkretnie w szokuj\u0105cej wiadomo\u015bci o zwolnieniu Ryszarda Cyby z wi\u0119zienia. Dlaczego? Co si\u0119 za tym kry\u0142o i jak si\u0119 to sko\u0144czy\u0142o? Warto jeszcze raz obejrze\u0107 relacj\u0119. Mo\u017cna go znale\u017a\u0107 na YouTubie:<\/p>\n<figure class=\"wp-block-embed is-type-video is-provider-youtube wp-block-embed-youtube wp-embed-aspect-16-9 wp-has-aspect-ratio\">\n<div class=\"wp-block-embed__wrapper\">\n<div class=\"youtube-embed\" data-video_id=\"LxcijQlxots\"><iframe title=\"Ujawniamy, co kryj\u0105 akta Cyby! Przez 2 tygodnie morderca by\u0142 poza kontrol\u0105! | \u015aci\u015ble Jawne\" width=\"1200\" height=\"675\" src=\"https:\/\/www.youtube.com\/embed\/LxcijQlxots?feature=oembed\" frameborder=\"0\" allow=\"accelerometer; autoplay; clipboard-write; encrypted-media; gyroscope; picture-in-picture; web-share\" referrerpolicy=\"strict-origin-when-cross-origin\" allowfullscreen><\/iframe><\/div>\n<\/div>\n<\/figure>\n<\/div>\n<\/div>\n<p><script async src=\"https:\/\/platform.twitter.com\/widgets.js\" charset=\"utf-8\"><\/script><\/p>\n","protected":false},"excerpt":{"rendered":"<p>Dzi\u015b mija 15. rocznica tragedii, kt\u00f3ra wydarzy\u0142a si\u0119 w \u0141odzi, w siedzibie Sejmu Prawo i Sprawiedliwo\u015b\u0107 (PiS). Jeden z jej<\/p>\n","protected":false},"author":1,"featured_media":9525,"comment_status":"open","ping_status":"open","sticky":false,"template":"","format":"standard","meta":{"footnotes":""},"categories":[4748],"tags":[5707,1791,9772,688,5370,2204,1795,166,1794,10435,2741,757,225,2637,11022],"class_list":["post-9524","post","type-post","status-publish","format-standard","has-post-thumbnail","hentry","category-aktualne","tag-biura","tag-byly","tag-dzialacz","tag-lat","tag-mowa","tag-nienawisci","tag-obywatelskiej","tag-pis","tag-platformy","tag-pracownika","tag-prawa","tag-sprawiedliwosci","tag-temu","tag-trwa","tag-zamordowal","generate-columns","tablet-grid-50","mobile-grid-100","grid-parent","grid-50","resize-featured-image"],"yoast_head":"<!-- This site is optimized with the Yoast SEO plugin v23.2 - https:\/\/yoast.com\/wordpress\/plugins\/seo\/ -->\n<title>15 lat temu by\u0142y dzia\u0142acz Platformy Obywatelskiej (PO) zamordowa\u0142 pracownika Biura Prawa i Sprawiedliwo\u015bci (PiS). A mowa nienawi\u015bci trwa - POGOTOWIE FLAGOWE\u00ae<\/title>\n<meta name=\"robots\" content=\"index, follow, max-snippet:-1, max-image-preview:large, max-video-preview:-1\" \/>\n<link rel=\"canonical\" href=\"https:\/\/www.pogotowieflagowe.pl\/aktualne\/15-lat-temu-byly-dzialacz-platformy-obywatelskiej-po-zamordowal-pracownika-biura-prawa-i-sprawiedliwosci-pis-a-mowa-nienawisci-trwa\/\" \/>\n<meta property=\"og:locale\" content=\"pl_PL\" \/>\n<meta property=\"og:type\" content=\"article\" \/>\n<meta property=\"og:title\" content=\"15 lat temu by\u0142y dzia\u0142acz Platformy Obywatelskiej (PO) zamordowa\u0142 pracownika Biura Prawa i Sprawiedliwo\u015bci (PiS). A mowa nienawi\u015bci trwa - POGOTOWIE FLAGOWE\u00ae\" \/>\n<meta property=\"og:description\" content=\"Dzi\u015b mija 15. rocznica tragedii, kt\u00f3ra wydarzy\u0142a si\u0119 w \u0141odzi, w siedzibie Sejmu Prawo i Sprawiedliwo\u015b\u0107 (PiS). Jeden z jej\" \/>\n<meta property=\"og:url\" content=\"https:\/\/www.pogotowieflagowe.pl\/aktualne\/15-lat-temu-byly-dzialacz-platformy-obywatelskiej-po-zamordowal-pracownika-biura-prawa-i-sprawiedliwosci-pis-a-mowa-nienawisci-trwa\/\" \/>\n<meta property=\"og:site_name\" content=\"POGOTOWIE FLAGOWE\u00ae\" \/>\n<meta property=\"article:published_time\" content=\"2025-10-19T20:34:12+00:00\" \/>\n<meta property=\"og:image\" content=\"https:\/\/www.pogotowieflagowe.pl\/aktualne\/wp-content\/uploads\/2025\/10\/15-lat-temu-byly-dzialacz-Platformy-Obywatelskiej-PO-zamordowal-pracownika.webp.webp\" \/>\n\t<meta property=\"og:image:width\" content=\"1280\" \/>\n\t<meta property=\"og:image:height\" content=\"720\" \/>\n\t<meta property=\"og:image:type\" content=\"image\/webp\" \/>\n<meta name=\"author\" content=\"Filip\" \/>\n<meta name=\"twitter:card\" content=\"summary_large_image\" \/>\n<meta name=\"twitter:label1\" content=\"Napisane przez\" \/>\n\t<meta name=\"twitter:data1\" content=\"Filip\" \/>\n\t<meta name=\"twitter:label2\" content=\"Szacowany czas czytania\" \/>\n\t<meta name=\"twitter:data2\" content=\"4 minuty\" \/>\n<script type=\"application\/ld+json\" class=\"yoast-schema-graph\">{\"@context\":\"https:\/\/schema.org\",\"@graph\":[{\"@type\":\"Article\",\"@id\":\"https:\/\/www.pogotowieflagowe.pl\/aktualne\/15-lat-temu-byly-dzialacz-platformy-obywatelskiej-po-zamordowal-pracownika-biura-prawa-i-sprawiedliwosci-pis-a-mowa-nienawisci-trwa\/#article\",\"isPartOf\":{\"@id\":\"https:\/\/www.pogotowieflagowe.pl\/aktualne\/15-lat-temu-byly-dzialacz-platformy-obywatelskiej-po-zamordowal-pracownika-biura-prawa-i-sprawiedliwosci-pis-a-mowa-nienawisci-trwa\/\"},\"author\":{\"name\":\"Filip\",\"@id\":\"https:\/\/www.pogotowieflagowe.pl\/aktualne\/#\/schema\/person\/9c2fb7d2362ebf6fa088960d7f0d27b0\"},\"headline\":\"15 lat temu by\u0142y dzia\u0142acz Platformy Obywatelskiej (PO) zamordowa\u0142 pracownika Biura Prawa i Sprawiedliwo\u015bci (PiS). A mowa nienawi\u015bci trwa\",\"datePublished\":\"2025-10-19T20:34:12+00:00\",\"dateModified\":\"2025-10-19T20:34:12+00:00\",\"mainEntityOfPage\":{\"@id\":\"https:\/\/www.pogotowieflagowe.pl\/aktualne\/15-lat-temu-byly-dzialacz-platformy-obywatelskiej-po-zamordowal-pracownika-biura-prawa-i-sprawiedliwosci-pis-a-mowa-nienawisci-trwa\/\"},\"wordCount\":865,\"commentCount\":0,\"publisher\":{\"@id\":\"https:\/\/www.pogotowieflagowe.pl\/aktualne\/#organization\"},\"image\":{\"@id\":\"https:\/\/www.pogotowieflagowe.pl\/aktualne\/15-lat-temu-byly-dzialacz-platformy-obywatelskiej-po-zamordowal-pracownika-biura-prawa-i-sprawiedliwosci-pis-a-mowa-nienawisci-trwa\/#primaryimage\"},\"thumbnailUrl\":\"https:\/\/www.pogotowieflagowe.pl\/aktualne\/wp-content\/uploads\/2025\/10\/15-lat-temu-byly-dzialacz-Platformy-Obywatelskiej-PO-zamordowal-pracownika.webp.webp\",\"keywords\":[\"biura\",\"By\u0142y\",\"dzia\u0142acz\",\"lat\",\"mowa\",\"nienawi\u015bci\",\"Obywatelskiej\",\"PiS\",\"Platformy\",\"pracownika\",\"prawa\",\"sprawiedliwo\u015bci\",\"temu\",\"Trwa\",\"zamordowa\u0142\"],\"articleSection\":[\"Aktualne\"],\"inLanguage\":\"pl-PL\",\"potentialAction\":[{\"@type\":\"CommentAction\",\"name\":\"Comment\",\"target\":[\"https:\/\/www.pogotowieflagowe.pl\/aktualne\/15-lat-temu-byly-dzialacz-platformy-obywatelskiej-po-zamordowal-pracownika-biura-prawa-i-sprawiedliwosci-pis-a-mowa-nienawisci-trwa\/#respond\"]}]},{\"@type\":\"WebPage\",\"@id\":\"https:\/\/www.pogotowieflagowe.pl\/aktualne\/15-lat-temu-byly-dzialacz-platformy-obywatelskiej-po-zamordowal-pracownika-biura-prawa-i-sprawiedliwosci-pis-a-mowa-nienawisci-trwa\/\",\"url\":\"https:\/\/www.pogotowieflagowe.pl\/aktualne\/15-lat-temu-byly-dzialacz-platformy-obywatelskiej-po-zamordowal-pracownika-biura-prawa-i-sprawiedliwosci-pis-a-mowa-nienawisci-trwa\/\",\"name\":\"15 lat temu by\u0142y dzia\u0142acz Platformy Obywatelskiej (PO) zamordowa\u0142 pracownika Biura Prawa i Sprawiedliwo\u015bci (PiS). A mowa nienawi\u015bci trwa - POGOTOWIE FLAGOWE\u00ae\",\"isPartOf\":{\"@id\":\"https:\/\/www.pogotowieflagowe.pl\/aktualne\/#website\"},\"primaryImageOfPage\":{\"@id\":\"https:\/\/www.pogotowieflagowe.pl\/aktualne\/15-lat-temu-byly-dzialacz-platformy-obywatelskiej-po-zamordowal-pracownika-biura-prawa-i-sprawiedliwosci-pis-a-mowa-nienawisci-trwa\/#primaryimage\"},\"image\":{\"@id\":\"https:\/\/www.pogotowieflagowe.pl\/aktualne\/15-lat-temu-byly-dzialacz-platformy-obywatelskiej-po-zamordowal-pracownika-biura-prawa-i-sprawiedliwosci-pis-a-mowa-nienawisci-trwa\/#primaryimage\"},\"thumbnailUrl\":\"https:\/\/www.pogotowieflagowe.pl\/aktualne\/wp-content\/uploads\/2025\/10\/15-lat-temu-byly-dzialacz-Platformy-Obywatelskiej-PO-zamordowal-pracownika.webp.webp\",\"datePublished\":\"2025-10-19T20:34:12+00:00\",\"dateModified\":\"2025-10-19T20:34:12+00:00\",\"breadcrumb\":{\"@id\":\"https:\/\/www.pogotowieflagowe.pl\/aktualne\/15-lat-temu-byly-dzialacz-platformy-obywatelskiej-po-zamordowal-pracownika-biura-prawa-i-sprawiedliwosci-pis-a-mowa-nienawisci-trwa\/#breadcrumb\"},\"inLanguage\":\"pl-PL\",\"potentialAction\":[{\"@type\":\"ReadAction\",\"target\":[\"https:\/\/www.pogotowieflagowe.pl\/aktualne\/15-lat-temu-byly-dzialacz-platformy-obywatelskiej-po-zamordowal-pracownika-biura-prawa-i-sprawiedliwosci-pis-a-mowa-nienawisci-trwa\/\"]}]},{\"@type\":\"ImageObject\",\"inLanguage\":\"pl-PL\",\"@id\":\"https:\/\/www.pogotowieflagowe.pl\/aktualne\/15-lat-temu-byly-dzialacz-platformy-obywatelskiej-po-zamordowal-pracownika-biura-prawa-i-sprawiedliwosci-pis-a-mowa-nienawisci-trwa\/#primaryimage\",\"url\":\"https:\/\/www.pogotowieflagowe.pl\/aktualne\/wp-content\/uploads\/2025\/10\/15-lat-temu-byly-dzialacz-Platformy-Obywatelskiej-PO-zamordowal-pracownika.webp.webp\",\"contentUrl\":\"https:\/\/www.pogotowieflagowe.pl\/aktualne\/wp-content\/uploads\/2025\/10\/15-lat-temu-byly-dzialacz-Platformy-Obywatelskiej-PO-zamordowal-pracownika.webp.webp\",\"width\":1280,\"height\":720,\"caption\":\"15 lat temu by\u0142y dzia\u0142acz Platformy Obywatelskiej (PO) zamordowa\u0142 pracownika Biura Prawa i Sprawiedliwo\u015bci (PiS). A mowa nienawi\u015bci trwa\"},{\"@type\":\"BreadcrumbList\",\"@id\":\"https:\/\/www.pogotowieflagowe.pl\/aktualne\/15-lat-temu-byly-dzialacz-platformy-obywatelskiej-po-zamordowal-pracownika-biura-prawa-i-sprawiedliwosci-pis-a-mowa-nienawisci-trwa\/#breadcrumb\",\"itemListElement\":[{\"@type\":\"ListItem\",\"position\":1,\"name\":\"Home\",\"item\":\"https:\/\/www.pogotowieflagowe.pl\/aktualne\/\"},{\"@type\":\"ListItem\",\"position\":2,\"name\":\"15 lat temu by\u0142y dzia\u0142acz Platformy Obywatelskiej (PO) zamordowa\u0142 pracownika Biura Prawa i Sprawiedliwo\u015bci (PiS). A mowa nienawi\u015bci trwa\"}]},{\"@type\":\"WebSite\",\"@id\":\"https:\/\/www.pogotowieflagowe.pl\/aktualne\/#website\",\"url\":\"https:\/\/www.pogotowieflagowe.pl\/aktualne\/\",\"name\":\"POGOTOWIE FLAGOWE\u00ae\",\"description\":\"\",\"publisher\":{\"@id\":\"https:\/\/www.pogotowieflagowe.pl\/aktualne\/#organization\"},\"potentialAction\":[{\"@type\":\"SearchAction\",\"target\":{\"@type\":\"EntryPoint\",\"urlTemplate\":\"https:\/\/www.pogotowieflagowe.pl\/aktualne\/?s={search_term_string}\"},\"query-input\":\"required name=search_term_string\"}],\"inLanguage\":\"pl-PL\"},{\"@type\":\"Organization\",\"@id\":\"https:\/\/www.pogotowieflagowe.pl\/aktualne\/#organization\",\"name\":\"POGOTOWIE FLAGOWE\u00ae\",\"url\":\"https:\/\/www.pogotowieflagowe.pl\/aktualne\/\",\"logo\":{\"@type\":\"ImageObject\",\"inLanguage\":\"pl-PL\",\"@id\":\"https:\/\/www.pogotowieflagowe.pl\/aktualne\/#\/schema\/logo\/image\/\",\"url\":\"https:\/\/www.pogotowieflagowe.pl\/aktualne\/wp-content\/uploads\/2024\/08\/cropped-pogotowieflagowe_flaga_projekt_sm.jpg\",\"contentUrl\":\"https:\/\/www.pogotowieflagowe.pl\/aktualne\/wp-content\/uploads\/2024\/08\/cropped-pogotowieflagowe_flaga_projekt_sm.jpg\",\"width\":250,\"height\":143,\"caption\":\"POGOTOWIE FLAGOWE\u00ae\"},\"image\":{\"@id\":\"https:\/\/www.pogotowieflagowe.pl\/aktualne\/#\/schema\/logo\/image\/\"}},{\"@type\":\"Person\",\"@id\":\"https:\/\/www.pogotowieflagowe.pl\/aktualne\/#\/schema\/person\/9c2fb7d2362ebf6fa088960d7f0d27b0\",\"name\":\"Filip\",\"image\":{\"@type\":\"ImageObject\",\"inLanguage\":\"pl-PL\",\"@id\":\"https:\/\/www.pogotowieflagowe.pl\/aktualne\/#\/schema\/person\/image\/\",\"url\":\"https:\/\/www.pogotowieflagowe.pl\/aktualne\/wp-content\/uploads\/2024\/08\/pogotowieflagowe.pl_.jpg\",\"contentUrl\":\"https:\/\/www.pogotowieflagowe.pl\/aktualne\/wp-content\/uploads\/2024\/08\/pogotowieflagowe.pl_.jpg\",\"caption\":\"Filip\"},\"description\":\"Jestem Filip, polski dziennikarz z dyplomem nauk politycznych Uniwersytetu Warszawskiego. Rozpoczynaj\u0105c swoj\u0105 karier\u0119 w r\u00f3\u017cnych lokalnych mediach, zdoby\u0142em solidne do\u015bwiadczenie w zakresie \u015bledztwa i redakcji. Obecnie jako redaktor w Pogotowie flagowe, staram si\u0119 dostarcza\u0107 dog\u0142\u0119bne i istotne analizy na temat najwa\u017cniejszych kwestii aktualno\u015bci, \u0142\u0105cz\u0105c rygor z pasj\u0105 dziennikarsk\u0105.\",\"sameAs\":[\"https:\/\/www.pogotowieflagowe.pl\/\"]}]}<\/script>\n<!-- \/ Yoast SEO plugin. -->","yoast_head_json":{"title":"15 lat temu by\u0142y dzia\u0142acz Platformy Obywatelskiej (PO) zamordowa\u0142 pracownika Biura Prawa i Sprawiedliwo\u015bci (PiS). A mowa nienawi\u015bci trwa - POGOTOWIE FLAGOWE\u00ae","robots":{"index":"index","follow":"follow","max-snippet":"max-snippet:-1","max-image-preview":"max-image-preview:large","max-video-preview":"max-video-preview:-1"},"canonical":"https:\/\/www.pogotowieflagowe.pl\/aktualne\/15-lat-temu-byly-dzialacz-platformy-obywatelskiej-po-zamordowal-pracownika-biura-prawa-i-sprawiedliwosci-pis-a-mowa-nienawisci-trwa\/","og_locale":"pl_PL","og_type":"article","og_title":"15 lat temu by\u0142y dzia\u0142acz Platformy Obywatelskiej (PO) zamordowa\u0142 pracownika Biura Prawa i Sprawiedliwo\u015bci (PiS). A mowa nienawi\u015bci trwa - POGOTOWIE FLAGOWE\u00ae","og_description":"Dzi\u015b mija 15. rocznica tragedii, kt\u00f3ra wydarzy\u0142a si\u0119 w \u0141odzi, w siedzibie Sejmu Prawo i Sprawiedliwo\u015b\u0107 (PiS). Jeden z jej","og_url":"https:\/\/www.pogotowieflagowe.pl\/aktualne\/15-lat-temu-byly-dzialacz-platformy-obywatelskiej-po-zamordowal-pracownika-biura-prawa-i-sprawiedliwosci-pis-a-mowa-nienawisci-trwa\/","og_site_name":"POGOTOWIE FLAGOWE\u00ae","article_published_time":"2025-10-19T20:34:12+00:00","og_image":[{"width":1280,"height":720,"url":"https:\/\/www.pogotowieflagowe.pl\/aktualne\/wp-content\/uploads\/2025\/10\/15-lat-temu-byly-dzialacz-Platformy-Obywatelskiej-PO-zamordowal-pracownika.webp.webp","type":"image\/webp"}],"author":"Filip","twitter_card":"summary_large_image","twitter_misc":{"Napisane przez":"Filip","Szacowany czas czytania":"4 minuty"},"schema":{"@context":"https:\/\/schema.org","@graph":[{"@type":"Article","@id":"https:\/\/www.pogotowieflagowe.pl\/aktualne\/15-lat-temu-byly-dzialacz-platformy-obywatelskiej-po-zamordowal-pracownika-biura-prawa-i-sprawiedliwosci-pis-a-mowa-nienawisci-trwa\/#article","isPartOf":{"@id":"https:\/\/www.pogotowieflagowe.pl\/aktualne\/15-lat-temu-byly-dzialacz-platformy-obywatelskiej-po-zamordowal-pracownika-biura-prawa-i-sprawiedliwosci-pis-a-mowa-nienawisci-trwa\/"},"author":{"name":"Filip","@id":"https:\/\/www.pogotowieflagowe.pl\/aktualne\/#\/schema\/person\/9c2fb7d2362ebf6fa088960d7f0d27b0"},"headline":"15 lat temu by\u0142y dzia\u0142acz Platformy Obywatelskiej (PO) zamordowa\u0142 pracownika Biura Prawa i Sprawiedliwo\u015bci (PiS). A mowa nienawi\u015bci trwa","datePublished":"2025-10-19T20:34:12+00:00","dateModified":"2025-10-19T20:34:12+00:00","mainEntityOfPage":{"@id":"https:\/\/www.pogotowieflagowe.pl\/aktualne\/15-lat-temu-byly-dzialacz-platformy-obywatelskiej-po-zamordowal-pracownika-biura-prawa-i-sprawiedliwosci-pis-a-mowa-nienawisci-trwa\/"},"wordCount":865,"commentCount":0,"publisher":{"@id":"https:\/\/www.pogotowieflagowe.pl\/aktualne\/#organization"},"image":{"@id":"https:\/\/www.pogotowieflagowe.pl\/aktualne\/15-lat-temu-byly-dzialacz-platformy-obywatelskiej-po-zamordowal-pracownika-biura-prawa-i-sprawiedliwosci-pis-a-mowa-nienawisci-trwa\/#primaryimage"},"thumbnailUrl":"https:\/\/www.pogotowieflagowe.pl\/aktualne\/wp-content\/uploads\/2025\/10\/15-lat-temu-byly-dzialacz-Platformy-Obywatelskiej-PO-zamordowal-pracownika.webp.webp","keywords":["biura","By\u0142y","dzia\u0142acz","lat","mowa","nienawi\u015bci","Obywatelskiej","PiS","Platformy","pracownika","prawa","sprawiedliwo\u015bci","temu","Trwa","zamordowa\u0142"],"articleSection":["Aktualne"],"inLanguage":"pl-PL","potentialAction":[{"@type":"CommentAction","name":"Comment","target":["https:\/\/www.pogotowieflagowe.pl\/aktualne\/15-lat-temu-byly-dzialacz-platformy-obywatelskiej-po-zamordowal-pracownika-biura-prawa-i-sprawiedliwosci-pis-a-mowa-nienawisci-trwa\/#respond"]}]},{"@type":"WebPage","@id":"https:\/\/www.pogotowieflagowe.pl\/aktualne\/15-lat-temu-byly-dzialacz-platformy-obywatelskiej-po-zamordowal-pracownika-biura-prawa-i-sprawiedliwosci-pis-a-mowa-nienawisci-trwa\/","url":"https:\/\/www.pogotowieflagowe.pl\/aktualne\/15-lat-temu-byly-dzialacz-platformy-obywatelskiej-po-zamordowal-pracownika-biura-prawa-i-sprawiedliwosci-pis-a-mowa-nienawisci-trwa\/","name":"15 lat temu by\u0142y dzia\u0142acz Platformy Obywatelskiej (PO) zamordowa\u0142 pracownika Biura Prawa i Sprawiedliwo\u015bci (PiS). A mowa nienawi\u015bci trwa - POGOTOWIE FLAGOWE\u00ae","isPartOf":{"@id":"https:\/\/www.pogotowieflagowe.pl\/aktualne\/#website"},"primaryImageOfPage":{"@id":"https:\/\/www.pogotowieflagowe.pl\/aktualne\/15-lat-temu-byly-dzialacz-platformy-obywatelskiej-po-zamordowal-pracownika-biura-prawa-i-sprawiedliwosci-pis-a-mowa-nienawisci-trwa\/#primaryimage"},"image":{"@id":"https:\/\/www.pogotowieflagowe.pl\/aktualne\/15-lat-temu-byly-dzialacz-platformy-obywatelskiej-po-zamordowal-pracownika-biura-prawa-i-sprawiedliwosci-pis-a-mowa-nienawisci-trwa\/#primaryimage"},"thumbnailUrl":"https:\/\/www.pogotowieflagowe.pl\/aktualne\/wp-content\/uploads\/2025\/10\/15-lat-temu-byly-dzialacz-Platformy-Obywatelskiej-PO-zamordowal-pracownika.webp.webp","datePublished":"2025-10-19T20:34:12+00:00","dateModified":"2025-10-19T20:34:12+00:00","breadcrumb":{"@id":"https:\/\/www.pogotowieflagowe.pl\/aktualne\/15-lat-temu-byly-dzialacz-platformy-obywatelskiej-po-zamordowal-pracownika-biura-prawa-i-sprawiedliwosci-pis-a-mowa-nienawisci-trwa\/#breadcrumb"},"inLanguage":"pl-PL","potentialAction":[{"@type":"ReadAction","target":["https:\/\/www.pogotowieflagowe.pl\/aktualne\/15-lat-temu-byly-dzialacz-platformy-obywatelskiej-po-zamordowal-pracownika-biura-prawa-i-sprawiedliwosci-pis-a-mowa-nienawisci-trwa\/"]}]},{"@type":"ImageObject","inLanguage":"pl-PL","@id":"https:\/\/www.pogotowieflagowe.pl\/aktualne\/15-lat-temu-byly-dzialacz-platformy-obywatelskiej-po-zamordowal-pracownika-biura-prawa-i-sprawiedliwosci-pis-a-mowa-nienawisci-trwa\/#primaryimage","url":"https:\/\/www.pogotowieflagowe.pl\/aktualne\/wp-content\/uploads\/2025\/10\/15-lat-temu-byly-dzialacz-Platformy-Obywatelskiej-PO-zamordowal-pracownika.webp.webp","contentUrl":"https:\/\/www.pogotowieflagowe.pl\/aktualne\/wp-content\/uploads\/2025\/10\/15-lat-temu-byly-dzialacz-Platformy-Obywatelskiej-PO-zamordowal-pracownika.webp.webp","width":1280,"height":720,"caption":"15 lat temu by\u0142y dzia\u0142acz Platformy Obywatelskiej (PO) zamordowa\u0142 pracownika Biura Prawa i Sprawiedliwo\u015bci (PiS). A mowa nienawi\u015bci trwa"},{"@type":"BreadcrumbList","@id":"https:\/\/www.pogotowieflagowe.pl\/aktualne\/15-lat-temu-byly-dzialacz-platformy-obywatelskiej-po-zamordowal-pracownika-biura-prawa-i-sprawiedliwosci-pis-a-mowa-nienawisci-trwa\/#breadcrumb","itemListElement":[{"@type":"ListItem","position":1,"name":"Home","item":"https:\/\/www.pogotowieflagowe.pl\/aktualne\/"},{"@type":"ListItem","position":2,"name":"15 lat temu by\u0142y dzia\u0142acz Platformy Obywatelskiej (PO) zamordowa\u0142 pracownika Biura Prawa i Sprawiedliwo\u015bci (PiS). A mowa nienawi\u015bci trwa"}]},{"@type":"WebSite","@id":"https:\/\/www.pogotowieflagowe.pl\/aktualne\/#website","url":"https:\/\/www.pogotowieflagowe.pl\/aktualne\/","name":"POGOTOWIE FLAGOWE\u00ae","description":"","publisher":{"@id":"https:\/\/www.pogotowieflagowe.pl\/aktualne\/#organization"},"potentialAction":[{"@type":"SearchAction","target":{"@type":"EntryPoint","urlTemplate":"https:\/\/www.pogotowieflagowe.pl\/aktualne\/?s={search_term_string}"},"query-input":"required name=search_term_string"}],"inLanguage":"pl-PL"},{"@type":"Organization","@id":"https:\/\/www.pogotowieflagowe.pl\/aktualne\/#organization","name":"POGOTOWIE FLAGOWE\u00ae","url":"https:\/\/www.pogotowieflagowe.pl\/aktualne\/","logo":{"@type":"ImageObject","inLanguage":"pl-PL","@id":"https:\/\/www.pogotowieflagowe.pl\/aktualne\/#\/schema\/logo\/image\/","url":"https:\/\/www.pogotowieflagowe.pl\/aktualne\/wp-content\/uploads\/2024\/08\/cropped-pogotowieflagowe_flaga_projekt_sm.jpg","contentUrl":"https:\/\/www.pogotowieflagowe.pl\/aktualne\/wp-content\/uploads\/2024\/08\/cropped-pogotowieflagowe_flaga_projekt_sm.jpg","width":250,"height":143,"caption":"POGOTOWIE FLAGOWE\u00ae"},"image":{"@id":"https:\/\/www.pogotowieflagowe.pl\/aktualne\/#\/schema\/logo\/image\/"}},{"@type":"Person","@id":"https:\/\/www.pogotowieflagowe.pl\/aktualne\/#\/schema\/person\/9c2fb7d2362ebf6fa088960d7f0d27b0","name":"Filip","image":{"@type":"ImageObject","inLanguage":"pl-PL","@id":"https:\/\/www.pogotowieflagowe.pl\/aktualne\/#\/schema\/person\/image\/","url":"https:\/\/www.pogotowieflagowe.pl\/aktualne\/wp-content\/uploads\/2024\/08\/pogotowieflagowe.pl_.jpg","contentUrl":"https:\/\/www.pogotowieflagowe.pl\/aktualne\/wp-content\/uploads\/2024\/08\/pogotowieflagowe.pl_.jpg","caption":"Filip"},"description":"Jestem Filip, polski dziennikarz z dyplomem nauk politycznych Uniwersytetu Warszawskiego. Rozpoczynaj\u0105c swoj\u0105 karier\u0119 w r\u00f3\u017cnych lokalnych mediach, zdoby\u0142em solidne do\u015bwiadczenie w zakresie \u015bledztwa i redakcji. Obecnie jako redaktor w Pogotowie flagowe, staram si\u0119 dostarcza\u0107 dog\u0142\u0119bne i istotne analizy na temat najwa\u017cniejszych kwestii aktualno\u015bci, \u0142\u0105cz\u0105c rygor z pasj\u0105 dziennikarsk\u0105.","sameAs":["https:\/\/www.pogotowieflagowe.pl\/"]}]}},"_links":{"self":[{"href":"https:\/\/www.pogotowieflagowe.pl\/aktualne\/wp-json\/wp\/v2\/posts\/9524","targetHints":{"allow":["GET"]}}],"collection":[{"href":"https:\/\/www.pogotowieflagowe.pl\/aktualne\/wp-json\/wp\/v2\/posts"}],"about":[{"href":"https:\/\/www.pogotowieflagowe.pl\/aktualne\/wp-json\/wp\/v2\/types\/post"}],"author":[{"embeddable":true,"href":"https:\/\/www.pogotowieflagowe.pl\/aktualne\/wp-json\/wp\/v2\/users\/1"}],"replies":[{"embeddable":true,"href":"https:\/\/www.pogotowieflagowe.pl\/aktualne\/wp-json\/wp\/v2\/comments?post=9524"}],"version-history":[{"count":1,"href":"https:\/\/www.pogotowieflagowe.pl\/aktualne\/wp-json\/wp\/v2\/posts\/9524\/revisions"}],"predecessor-version":[{"id":9526,"href":"https:\/\/www.pogotowieflagowe.pl\/aktualne\/wp-json\/wp\/v2\/posts\/9524\/revisions\/9526"}],"wp:featuredmedia":[{"embeddable":true,"href":"https:\/\/www.pogotowieflagowe.pl\/aktualne\/wp-json\/wp\/v2\/media\/9525"}],"wp:attachment":[{"href":"https:\/\/www.pogotowieflagowe.pl\/aktualne\/wp-json\/wp\/v2\/media?parent=9524"}],"wp:term":[{"taxonomy":"category","embeddable":true,"href":"https:\/\/www.pogotowieflagowe.pl\/aktualne\/wp-json\/wp\/v2\/categories?post=9524"},{"taxonomy":"post_tag","embeddable":true,"href":"https:\/\/www.pogotowieflagowe.pl\/aktualne\/wp-json\/wp\/v2\/tags?post=9524"}],"curies":[{"name":"wp","href":"https:\/\/api.w.org\/{rel}","templated":true}]}}