{"id":9527,"date":"2025-10-19T23:04:55","date_gmt":"2025-10-19T21:04:55","guid":{"rendered":"https:\/\/www.pogotowieflagowe.pl\/aktualne\/w-czwartek-wyrok-w-procesie-grodzki-sakiewicz-to-zastraszanie-za-mowienie-prawdy\/"},"modified":"2025-10-19T23:04:56","modified_gmt":"2025-10-19T21:04:56","slug":"w-czwartek-wyrok-w-procesie-grodzki-sakiewicz-to-zastraszanie-za-mowienie-prawdy","status":"publish","type":"post","link":"https:\/\/www.pogotowieflagowe.pl\/aktualne\/w-czwartek-wyrok-w-procesie-grodzki-sakiewicz-to-zastraszanie-za-mowienie-prawdy\/","title":{"rendered":"W czwartek wyrok w procesie Grodzki\u2013Sakiewicz. \u201eTo zastraszanie za m\u00f3wienie prawdy\u201d"},"content":{"rendered":"\n<div class=\"td_block_wrap tdb_single_content tdi_41 td-pb-border-top td_block_template_8 td-post-content tagdiv-type\" data-td-block-uid=\"tdi_41\">\n<style>.tdi_41{margines-top:0px!important;margin-bottom:0px!important;dope\u0142nienie-g\u00f3ra:0px!important;dope\u0142nienie-d\u00f3\u0142:0px!important}<\/style>\n<style>.tdb_single_content{margin-bottom:0;*zoom:1}.tdb_single_content:before,.tdb_single_content:after{display:table;content:'';line-height:0}.tdb_single_content:after{clear:both}.tdb_single_content .tdb-block-inner>*:not(.wp-block-quote):not(.alignwide):not(.alignfull.wp-block-cover.has-parallax):not(.td-a-ad){margin-left:auto;margin-right:auto}.tdb_single_content a{pointer-events:auto}.tdb_single_content .td-spot-id-top_ad .tdc-placeholder-title:before{content:'Article Top Ad'!important}.tdb_single_content .td-spot-id-inline_ad0 .tdc-placeholder-title:before{content:'Article Reklama wbudowana 1'!important}.tdb_single_content .td-spot-id-inline_ad1 .tdc-placeholder-title:before{content:'Reklama wbudowana w artyku\u0142 2'!important}.tdb_single_content .td-spot-id-inline_ad2 .tdc-placeholder-title:before{content:'Reklama w tek\u015bcie artyku\u0142u 3'!important}.tdb_single_content .td-spot-id-bottom_ad .tdc-placeholder-title:before{content:'Article Bottom Ad'!important}.tdb_single_content .id_top_ad,.tdb_single_content .id_bottom_ad{clear:both;margin-bottom:21px;text-align:center}.tdb_single_content .id_top_ad img,.tdb_single_content .id_bottom_ad img{margin-bottom:0}.tdb_single_content .id_top_ad .adsbygoogle,.tdb_single_content .id_bottom_ad .adsbygoogle{position:relative}.tdb_single_content .id_ad_content-horiz-left,.tdb_single_content .id_ad_content-horiz-right,.tdb_single_content .id_ad_content-horiz-center{margin-bottom:15px}.tdb_single_content .id_ad_content-horiz-left img,.tdb_single_content .id_ad_content-horiz-right img,.tdb_single_content .id_ad_content-horiz-center img{margin-bottom:0}.tdb_single_content .id_ad_content-horiz-center{text-align:center}.tdb_single_content .id_ad_content-horiz-center img{margin-right:auto;margin-left:auto}.tdb_single_content .id_ad_content-horiz-left{float:left;margin-top:9px;margin-right:21px}.tdb_single_content .id_ad_content-horiz-right{float:right;margin-top:6px;margin-left:21px}.tdb_single_content .tdc-a-ad .tdc-placeholder-title{width:300px;height:250px}.tdb_single_content .tdc-a-ad .tdc-placeholder-title:before{position:absolute;top:50%;-webkit-transform:translateY(-50%);transform:translateY(-50%);margin:auto;display:table;width:100%}.tdb_single_content .tdb-block-inner.td-fix-index{word-break:break-word}.tdi_41,.tdi_41>p,.tdi_41 .tdb-block-inner>p,.wp-block-column>p{font-size:16px!important;line-height:1.6!important}.tdi_41 .tdb-block-inner cytat blokowy p{font-style:normal!important}@media (max-width:767px){.tdb_single_content .id_ad_content-horiz-left,.tdb_single_content .id_ad_content-horiz-right,.tdb_single_content .id_ad_content-horiz-center{margin:0 auto 26 pikseli auto}}@media (max-width:767px){.tdb_single_content .id_ad_content-horiz-left{margin-right:0}}@media (max-width:767px){.tdb_single_content .id_ad_content-horiz-right{margin-left:0}}@media (max-width:767px){.tdb_single_content .td-a-ad{float:none;text-align:center}.tdb_single_content .td-a-ad img{margin-right:auto;margin-left:auto}.tdb_single_content .tdc-a-ad{float:none}}<\/style>\n<div class=\"tdb-block-inner td-fix-index\">\n<p>W czwartek zapadnie wyrok w sprawie karnej prowadzonej przez Tomasza Grodzkiego przeciwko Tomaszowi Sakiewiczowi za nazwanie go \u201ezwyk\u0142ym \u0142ap\u00f3wkarzem\u201d. The <em>Telewizja Republika<\/em> prezydentowi grozi do dw\u00f3ch lat wi\u0119zienia. <strong>\u201ePod rz\u0105dami Koalicji 13 grudnia jeste\u015bmy \u015bwiadkami zastraszania za m\u00f3wienie prawdy i nazywanie rzeczy po imieniu, nawi\u0105zuj\u0105c do tego, co zrobi\u0142 marsza\u0142ek Senatu Tomasz Grodzki,<\/strong>\u2013 powiedzia\u0142a Anna Milczanowska, <em>Prawo i Sprawiedliwo\u015b\u0107 (PiS)<\/em> pose\u0142 w trakcie programu <em>Kawa polityczna<\/em>.<\/p>\n<p>Tomasz Grodzki zarzuca redaktorowi naczelnemu <em>Gazeta Polska<\/em> o znies\u0142awienie i zniewag\u0119 (art. 212 i 216 kk). Sprawa dotyczy zarzut\u00f3w korupcyjnych w szczeci\u0144skim szpitalu, w kt\u00f3rym Grodzki pracowa\u0142 jako chirurg. Post\u0119powanie toczy si\u0119 za zamkni\u0119tymi drzwiami, a wyrok ma zosta\u0107 og\u0142oszony w czwartek.<\/p>\n<h2 class=\"wp-block-heading\">Sakiewicz porusza\u0142 t\u0119 kwesti\u0119 w swoim programie <em>Kawa polityczna<\/em> <em>(Kawa polityczna)<\/em> NA <em>Telewizja Republika<\/em>:<\/h2>\n<figure class=\"wp-block-pullquote\">\n<blockquote>\n<p>&#8222;W czwartek o godz. 10.30 zostanie og\u0142oszony wyrok w procesie wytoczonym mi przez marsza\u0142ka Grodzkiego za to, \u017ce nazwa\u0142em go pospolitym \u0142ap\u00f3wkarzem. Potwierdzi\u0142o to przed s\u0105dem kilkudziesi\u0119ciu \u015bwiadk\u00f3w. <em>Centralne Biuro Antykorupcyjne (CBA)<\/em> oraz w innych sprawach s\u0105dowych. Marsza\u0142ek \u015bciga mnie z artyku\u0142u zagro\u017conego kar\u0105 do dw\u00f3ch lat wi\u0119zienia\u201d \u2013 przypomnia\u0142 <em>Telewizja Republika<\/em> prezydent.<\/p>\n<\/blockquote>\n<\/figure>\n<p>Urszula Pas\u0142awska, <em>Polska Partia Ludowa (PSL)<\/em> Pose\u0142 to skomentowa\u0142 <strong>\u201ew\u0142adza powinna wykonywa\u0107 swoje obowi\u0105zki, ale politycy nie powinni ingerowa\u0107 w \u017cadne procedury zwi\u0105zane z procesami s\u0105dowymi, niezale\u017cnie od kadencji parlamentu\u201d.<\/strong><\/p>\n<figure class=\"wp-block-pullquote\">\n<blockquote>\n<p>&#8222;S\u0105dy powinny by\u0107 niezawis\u0142e, a wyroki bezstronne. Na tym polega istota wymiaru sprawiedliwo\u015bci&#8221; &#8211; stwierdzi\u0142a.<\/p>\n<\/blockquote>\n<\/figure>\n<p>Sakiewicz jej o tym przypomnia\u0142 <strong>\u201eProblem w tym, \u017ce nawet w umowie koalicyjnej s\u0105 zapisy dotycz\u0105ce porozumie\u0144 politycznych\u201d.<\/strong><\/p>\n<figure class=\"wp-block-pullquote\">\n<blockquote>\n<p>\u201e<em>Lex \u017burek<\/em> chodzi w\u0142a\u015bnie o to, by politycznie i nielegalnie mianowani prezesi s\u0105d\u00f3w nie stosowali losowego przydzia\u0142u s\u0119dzi\u00f3w, co jest naruszeniem prawa. Za z\u0142amanie prawa mnie uwi\u0119zi\u0105\u201d \u2013 podkre\u015bli\u0142.<\/p>\n<\/blockquote>\n<\/figure>\n<p>Pas\u0142awska tak odpowiedzia\u0142a <strong>\u201esystem wymiaru sprawiedliwo\u015bci wymaga powa\u017cnych reform\u201d.<\/strong><\/p>\n<figure class=\"wp-block-pullquote\">\n<blockquote>\n<p>&#8222;Wsadz\u0105 mnie do wi\u0119zienia przy pomocy prezesa s\u0105du, kt\u00f3ry nielegalnie sprawuje sw\u00f3j urz\u0105d, bezprawnie powo\u0142aj\u0105 s\u0119dzi\u00f3w i na wniosek cz\u0142owieka, kt\u00f3rego \u015bledztwo zosta\u0142o umorzone, mimo \u017ce kilkudziesi\u0119ciu jego koleg\u00f3w wci\u0105\u017c toczy si\u0119 za siatk\u0119 korupcyjn\u0105, kt\u00f3r\u0105 wed\u0142ug prokuratury sam stworzy\u0142. A premier Tusk twierdzi, \u017ce nikomu nic z\u0142ego si\u0119 nie dzieje&#8221; &#8211; podkre\u015bli\u0142 Sakiewicz.<\/p>\n<\/blockquote>\n<\/figure>\n<p><em>Prawo i Sprawiedliwo\u015b\u0107 (PiS)<\/em> Stwierdzi\u0142a to pos\u0142anka Anna Milczanowska <strong>\u201eTo, co dzieje si\u0119 teraz, mog\u0142o pochodzi\u0107 prosto z epoki komunizmu\u201d.<\/strong><\/p>\n<figure class=\"wp-block-pullquote\">\n<blockquote>\n<p>&#8222;Wchodzimy w ten etap. Pod rz\u0105dami Koalicji 13 Grudnia panuje zastraszanie za m\u00f3wienie prawdy i nazywanie rzeczy po imieniu w nawi\u0105zaniu do tego, co zrobi\u0142 marsza\u0142ek Senatu Tomasz Grodzki. Gro\u017c\u0105 Ci dwa lata wi\u0119zienia. <em>Telewizja Republika<\/em> m\u00f3wi prawd\u0119 i tej prawdy powinni\u015bmy s\u0142ucha\u0107\u201d \u2013 o\u015bwiadczy\u0142a.<\/p>\n<\/blockquote>\n<\/figure>\n<\/div>\n<\/div>\n","protected":false},"excerpt":{"rendered":"<p>W czwartek zapadnie wyrok w sprawie karnej prowadzonej przez Tomasza Grodzkiego przeciwko Tomaszowi Sakiewiczowi za nazwanie go \u201ezwyk\u0142ym \u0142ap\u00f3wkarzem\u201d. The<\/p>\n","protected":false},"author":1,"featured_media":9528,"comment_status":"open","ping_status":"open","sticky":false,"template":"","format":"standard","meta":{"footnotes":""},"categories":[4748],"tags":[5870,11023,5932,5281,7930,3042,11024],"class_list":["post-9527","post","type-post","status-publish","format-standard","has-post-thumbnail","hentry","category-aktualne","tag-czwartek","tag-grodzkisakiewicz","tag-mowienie","tag-prawdy","tag-procesie","tag-wyrok","tag-zastraszanie","generate-columns","tablet-grid-50","mobile-grid-100","grid-parent","grid-50","resize-featured-image"],"yoast_head":"<!-- This site is optimized with the Yoast SEO plugin v23.2 - https:\/\/yoast.com\/wordpress\/plugins\/seo\/ -->\n<title>W czwartek wyrok w procesie Grodzki\u2013Sakiewicz. \u201eTo zastraszanie za m\u00f3wienie prawdy\u201d - POGOTOWIE FLAGOWE\u00ae<\/title>\n<meta name=\"robots\" content=\"index, follow, max-snippet:-1, max-image-preview:large, max-video-preview:-1\" \/>\n<link rel=\"canonical\" href=\"https:\/\/www.pogotowieflagowe.pl\/aktualne\/w-czwartek-wyrok-w-procesie-grodzki-sakiewicz-to-zastraszanie-za-mowienie-prawdy\/\" \/>\n<meta property=\"og:locale\" content=\"pl_PL\" \/>\n<meta property=\"og:type\" content=\"article\" \/>\n<meta property=\"og:title\" content=\"W czwartek wyrok w procesie Grodzki\u2013Sakiewicz. \u201eTo zastraszanie za m\u00f3wienie prawdy\u201d - POGOTOWIE FLAGOWE\u00ae\" \/>\n<meta property=\"og:description\" content=\"W czwartek zapadnie wyrok w sprawie karnej prowadzonej przez Tomasza Grodzkiego przeciwko Tomaszowi Sakiewiczowi za nazwanie go \u201ezwyk\u0142ym \u0142ap\u00f3wkarzem\u201d. The\" \/>\n<meta property=\"og:url\" content=\"https:\/\/www.pogotowieflagowe.pl\/aktualne\/w-czwartek-wyrok-w-procesie-grodzki-sakiewicz-to-zastraszanie-za-mowienie-prawdy\/\" \/>\n<meta property=\"og:site_name\" content=\"POGOTOWIE FLAGOWE\u00ae\" \/>\n<meta property=\"article:published_time\" content=\"2025-10-19T21:04:55+00:00\" \/>\n<meta property=\"article:modified_time\" content=\"2025-10-19T21:04:56+00:00\" \/>\n<meta property=\"og:image\" content=\"https:\/\/www.pogotowieflagowe.pl\/aktualne\/wp-content\/uploads\/2025\/10\/W-czwartek-wyrok-w-procesie-Grodzki\u2013Sakiewicz-\u201eTo-zastraszanie-za-mowienie.webp.webp\" \/>\n\t<meta property=\"og:image:width\" content=\"1280\" \/>\n\t<meta property=\"og:image:height\" content=\"720\" \/>\n\t<meta property=\"og:image:type\" content=\"image\/webp\" \/>\n<meta name=\"author\" content=\"Filip\" \/>\n<meta name=\"twitter:card\" content=\"summary_large_image\" \/>\n<meta name=\"twitter:label1\" content=\"Napisane przez\" \/>\n\t<meta name=\"twitter:data1\" content=\"Filip\" \/>\n\t<meta name=\"twitter:label2\" content=\"Szacowany czas czytania\" \/>\n\t<meta name=\"twitter:data2\" content=\"2 minuty\" \/>\n<script type=\"application\/ld+json\" class=\"yoast-schema-graph\">{\"@context\":\"https:\/\/schema.org\",\"@graph\":[{\"@type\":\"Article\",\"@id\":\"https:\/\/www.pogotowieflagowe.pl\/aktualne\/w-czwartek-wyrok-w-procesie-grodzki-sakiewicz-to-zastraszanie-za-mowienie-prawdy\/#article\",\"isPartOf\":{\"@id\":\"https:\/\/www.pogotowieflagowe.pl\/aktualne\/w-czwartek-wyrok-w-procesie-grodzki-sakiewicz-to-zastraszanie-za-mowienie-prawdy\/\"},\"author\":{\"name\":\"Filip\",\"@id\":\"https:\/\/www.pogotowieflagowe.pl\/aktualne\/#\/schema\/person\/9c2fb7d2362ebf6fa088960d7f0d27b0\"},\"headline\":\"W czwartek wyrok w procesie Grodzki\u2013Sakiewicz. \u201eTo zastraszanie za m\u00f3wienie prawdy\u201d\",\"datePublished\":\"2025-10-19T21:04:55+00:00\",\"dateModified\":\"2025-10-19T21:04:56+00:00\",\"mainEntityOfPage\":{\"@id\":\"https:\/\/www.pogotowieflagowe.pl\/aktualne\/w-czwartek-wyrok-w-procesie-grodzki-sakiewicz-to-zastraszanie-za-mowienie-prawdy\/\"},\"wordCount\":487,\"commentCount\":0,\"publisher\":{\"@id\":\"https:\/\/www.pogotowieflagowe.pl\/aktualne\/#organization\"},\"image\":{\"@id\":\"https:\/\/www.pogotowieflagowe.pl\/aktualne\/w-czwartek-wyrok-w-procesie-grodzki-sakiewicz-to-zastraszanie-za-mowienie-prawdy\/#primaryimage\"},\"thumbnailUrl\":\"https:\/\/www.pogotowieflagowe.pl\/aktualne\/wp-content\/uploads\/2025\/10\/W-czwartek-wyrok-w-procesie-Grodzki\u2013Sakiewicz-\u201eTo-zastraszanie-za-mowienie.webp.webp\",\"keywords\":[\"czwartek\",\"GrodzkiSakiewicz\",\"m\u00f3wienie\",\"prawdy\",\"procesie\",\"wyrok\",\"zastraszanie\"],\"articleSection\":[\"Aktualne\"],\"inLanguage\":\"pl-PL\",\"potentialAction\":[{\"@type\":\"CommentAction\",\"name\":\"Comment\",\"target\":[\"https:\/\/www.pogotowieflagowe.pl\/aktualne\/w-czwartek-wyrok-w-procesie-grodzki-sakiewicz-to-zastraszanie-za-mowienie-prawdy\/#respond\"]}]},{\"@type\":\"WebPage\",\"@id\":\"https:\/\/www.pogotowieflagowe.pl\/aktualne\/w-czwartek-wyrok-w-procesie-grodzki-sakiewicz-to-zastraszanie-za-mowienie-prawdy\/\",\"url\":\"https:\/\/www.pogotowieflagowe.pl\/aktualne\/w-czwartek-wyrok-w-procesie-grodzki-sakiewicz-to-zastraszanie-za-mowienie-prawdy\/\",\"name\":\"W czwartek wyrok w procesie Grodzki\u2013Sakiewicz. \u201eTo zastraszanie za m\u00f3wienie prawdy\u201d - POGOTOWIE FLAGOWE\u00ae\",\"isPartOf\":{\"@id\":\"https:\/\/www.pogotowieflagowe.pl\/aktualne\/#website\"},\"primaryImageOfPage\":{\"@id\":\"https:\/\/www.pogotowieflagowe.pl\/aktualne\/w-czwartek-wyrok-w-procesie-grodzki-sakiewicz-to-zastraszanie-za-mowienie-prawdy\/#primaryimage\"},\"image\":{\"@id\":\"https:\/\/www.pogotowieflagowe.pl\/aktualne\/w-czwartek-wyrok-w-procesie-grodzki-sakiewicz-to-zastraszanie-za-mowienie-prawdy\/#primaryimage\"},\"thumbnailUrl\":\"https:\/\/www.pogotowieflagowe.pl\/aktualne\/wp-content\/uploads\/2025\/10\/W-czwartek-wyrok-w-procesie-Grodzki\u2013Sakiewicz-\u201eTo-zastraszanie-za-mowienie.webp.webp\",\"datePublished\":\"2025-10-19T21:04:55+00:00\",\"dateModified\":\"2025-10-19T21:04:56+00:00\",\"breadcrumb\":{\"@id\":\"https:\/\/www.pogotowieflagowe.pl\/aktualne\/w-czwartek-wyrok-w-procesie-grodzki-sakiewicz-to-zastraszanie-za-mowienie-prawdy\/#breadcrumb\"},\"inLanguage\":\"pl-PL\",\"potentialAction\":[{\"@type\":\"ReadAction\",\"target\":[\"https:\/\/www.pogotowieflagowe.pl\/aktualne\/w-czwartek-wyrok-w-procesie-grodzki-sakiewicz-to-zastraszanie-za-mowienie-prawdy\/\"]}]},{\"@type\":\"ImageObject\",\"inLanguage\":\"pl-PL\",\"@id\":\"https:\/\/www.pogotowieflagowe.pl\/aktualne\/w-czwartek-wyrok-w-procesie-grodzki-sakiewicz-to-zastraszanie-za-mowienie-prawdy\/#primaryimage\",\"url\":\"https:\/\/www.pogotowieflagowe.pl\/aktualne\/wp-content\/uploads\/2025\/10\/W-czwartek-wyrok-w-procesie-Grodzki\u2013Sakiewicz-\u201eTo-zastraszanie-za-mowienie.webp.webp\",\"contentUrl\":\"https:\/\/www.pogotowieflagowe.pl\/aktualne\/wp-content\/uploads\/2025\/10\/W-czwartek-wyrok-w-procesie-Grodzki\u2013Sakiewicz-\u201eTo-zastraszanie-za-mowienie.webp.webp\",\"width\":1280,\"height\":720,\"caption\":\"W czwartek wyrok w procesie Grodzki\u2013Sakiewicz. \u201eTo zastraszanie za m\u00f3wienie prawdy\u201d\"},{\"@type\":\"BreadcrumbList\",\"@id\":\"https:\/\/www.pogotowieflagowe.pl\/aktualne\/w-czwartek-wyrok-w-procesie-grodzki-sakiewicz-to-zastraszanie-za-mowienie-prawdy\/#breadcrumb\",\"itemListElement\":[{\"@type\":\"ListItem\",\"position\":1,\"name\":\"Home\",\"item\":\"https:\/\/www.pogotowieflagowe.pl\/aktualne\/\"},{\"@type\":\"ListItem\",\"position\":2,\"name\":\"W czwartek wyrok w procesie Grodzki\u2013Sakiewicz. \u201eTo zastraszanie za m\u00f3wienie prawdy\u201d\"}]},{\"@type\":\"WebSite\",\"@id\":\"https:\/\/www.pogotowieflagowe.pl\/aktualne\/#website\",\"url\":\"https:\/\/www.pogotowieflagowe.pl\/aktualne\/\",\"name\":\"POGOTOWIE FLAGOWE\u00ae\",\"description\":\"\",\"publisher\":{\"@id\":\"https:\/\/www.pogotowieflagowe.pl\/aktualne\/#organization\"},\"potentialAction\":[{\"@type\":\"SearchAction\",\"target\":{\"@type\":\"EntryPoint\",\"urlTemplate\":\"https:\/\/www.pogotowieflagowe.pl\/aktualne\/?s={search_term_string}\"},\"query-input\":\"required name=search_term_string\"}],\"inLanguage\":\"pl-PL\"},{\"@type\":\"Organization\",\"@id\":\"https:\/\/www.pogotowieflagowe.pl\/aktualne\/#organization\",\"name\":\"POGOTOWIE FLAGOWE\u00ae\",\"url\":\"https:\/\/www.pogotowieflagowe.pl\/aktualne\/\",\"logo\":{\"@type\":\"ImageObject\",\"inLanguage\":\"pl-PL\",\"@id\":\"https:\/\/www.pogotowieflagowe.pl\/aktualne\/#\/schema\/logo\/image\/\",\"url\":\"https:\/\/www.pogotowieflagowe.pl\/aktualne\/wp-content\/uploads\/2024\/08\/cropped-pogotowieflagowe_flaga_projekt_sm.jpg\",\"contentUrl\":\"https:\/\/www.pogotowieflagowe.pl\/aktualne\/wp-content\/uploads\/2024\/08\/cropped-pogotowieflagowe_flaga_projekt_sm.jpg\",\"width\":250,\"height\":143,\"caption\":\"POGOTOWIE FLAGOWE\u00ae\"},\"image\":{\"@id\":\"https:\/\/www.pogotowieflagowe.pl\/aktualne\/#\/schema\/logo\/image\/\"}},{\"@type\":\"Person\",\"@id\":\"https:\/\/www.pogotowieflagowe.pl\/aktualne\/#\/schema\/person\/9c2fb7d2362ebf6fa088960d7f0d27b0\",\"name\":\"Filip\",\"image\":{\"@type\":\"ImageObject\",\"inLanguage\":\"pl-PL\",\"@id\":\"https:\/\/www.pogotowieflagowe.pl\/aktualne\/#\/schema\/person\/image\/\",\"url\":\"https:\/\/www.pogotowieflagowe.pl\/aktualne\/wp-content\/uploads\/2024\/08\/pogotowieflagowe.pl_.jpg\",\"contentUrl\":\"https:\/\/www.pogotowieflagowe.pl\/aktualne\/wp-content\/uploads\/2024\/08\/pogotowieflagowe.pl_.jpg\",\"caption\":\"Filip\"},\"description\":\"Jestem Filip, polski dziennikarz z dyplomem nauk politycznych Uniwersytetu Warszawskiego. Rozpoczynaj\u0105c swoj\u0105 karier\u0119 w r\u00f3\u017cnych lokalnych mediach, zdoby\u0142em solidne do\u015bwiadczenie w zakresie \u015bledztwa i redakcji. Obecnie jako redaktor w Pogotowie flagowe, staram si\u0119 dostarcza\u0107 dog\u0142\u0119bne i istotne analizy na temat najwa\u017cniejszych kwestii aktualno\u015bci, \u0142\u0105cz\u0105c rygor z pasj\u0105 dziennikarsk\u0105.\",\"sameAs\":[\"https:\/\/www.pogotowieflagowe.pl\/\"]}]}<\/script>\n<!-- \/ Yoast SEO plugin. -->","yoast_head_json":{"title":"W czwartek wyrok w procesie Grodzki\u2013Sakiewicz. \u201eTo zastraszanie za m\u00f3wienie prawdy\u201d - POGOTOWIE FLAGOWE\u00ae","robots":{"index":"index","follow":"follow","max-snippet":"max-snippet:-1","max-image-preview":"max-image-preview:large","max-video-preview":"max-video-preview:-1"},"canonical":"https:\/\/www.pogotowieflagowe.pl\/aktualne\/w-czwartek-wyrok-w-procesie-grodzki-sakiewicz-to-zastraszanie-za-mowienie-prawdy\/","og_locale":"pl_PL","og_type":"article","og_title":"W czwartek wyrok w procesie Grodzki\u2013Sakiewicz. \u201eTo zastraszanie za m\u00f3wienie prawdy\u201d - POGOTOWIE FLAGOWE\u00ae","og_description":"W czwartek zapadnie wyrok w sprawie karnej prowadzonej przez Tomasza Grodzkiego przeciwko Tomaszowi Sakiewiczowi za nazwanie go \u201ezwyk\u0142ym \u0142ap\u00f3wkarzem\u201d. The","og_url":"https:\/\/www.pogotowieflagowe.pl\/aktualne\/w-czwartek-wyrok-w-procesie-grodzki-sakiewicz-to-zastraszanie-za-mowienie-prawdy\/","og_site_name":"POGOTOWIE FLAGOWE\u00ae","article_published_time":"2025-10-19T21:04:55+00:00","article_modified_time":"2025-10-19T21:04:56+00:00","og_image":[{"width":1280,"height":720,"url":"https:\/\/www.pogotowieflagowe.pl\/aktualne\/wp-content\/uploads\/2025\/10\/W-czwartek-wyrok-w-procesie-Grodzki\u2013Sakiewicz-\u201eTo-zastraszanie-za-mowienie.webp.webp","type":"image\/webp"}],"author":"Filip","twitter_card":"summary_large_image","twitter_misc":{"Napisane przez":"Filip","Szacowany czas czytania":"2 minuty"},"schema":{"@context":"https:\/\/schema.org","@graph":[{"@type":"Article","@id":"https:\/\/www.pogotowieflagowe.pl\/aktualne\/w-czwartek-wyrok-w-procesie-grodzki-sakiewicz-to-zastraszanie-za-mowienie-prawdy\/#article","isPartOf":{"@id":"https:\/\/www.pogotowieflagowe.pl\/aktualne\/w-czwartek-wyrok-w-procesie-grodzki-sakiewicz-to-zastraszanie-za-mowienie-prawdy\/"},"author":{"name":"Filip","@id":"https:\/\/www.pogotowieflagowe.pl\/aktualne\/#\/schema\/person\/9c2fb7d2362ebf6fa088960d7f0d27b0"},"headline":"W czwartek wyrok w procesie Grodzki\u2013Sakiewicz. \u201eTo zastraszanie za m\u00f3wienie prawdy\u201d","datePublished":"2025-10-19T21:04:55+00:00","dateModified":"2025-10-19T21:04:56+00:00","mainEntityOfPage":{"@id":"https:\/\/www.pogotowieflagowe.pl\/aktualne\/w-czwartek-wyrok-w-procesie-grodzki-sakiewicz-to-zastraszanie-za-mowienie-prawdy\/"},"wordCount":487,"commentCount":0,"publisher":{"@id":"https:\/\/www.pogotowieflagowe.pl\/aktualne\/#organization"},"image":{"@id":"https:\/\/www.pogotowieflagowe.pl\/aktualne\/w-czwartek-wyrok-w-procesie-grodzki-sakiewicz-to-zastraszanie-za-mowienie-prawdy\/#primaryimage"},"thumbnailUrl":"https:\/\/www.pogotowieflagowe.pl\/aktualne\/wp-content\/uploads\/2025\/10\/W-czwartek-wyrok-w-procesie-Grodzki\u2013Sakiewicz-\u201eTo-zastraszanie-za-mowienie.webp.webp","keywords":["czwartek","GrodzkiSakiewicz","m\u00f3wienie","prawdy","procesie","wyrok","zastraszanie"],"articleSection":["Aktualne"],"inLanguage":"pl-PL","potentialAction":[{"@type":"CommentAction","name":"Comment","target":["https:\/\/www.pogotowieflagowe.pl\/aktualne\/w-czwartek-wyrok-w-procesie-grodzki-sakiewicz-to-zastraszanie-za-mowienie-prawdy\/#respond"]}]},{"@type":"WebPage","@id":"https:\/\/www.pogotowieflagowe.pl\/aktualne\/w-czwartek-wyrok-w-procesie-grodzki-sakiewicz-to-zastraszanie-za-mowienie-prawdy\/","url":"https:\/\/www.pogotowieflagowe.pl\/aktualne\/w-czwartek-wyrok-w-procesie-grodzki-sakiewicz-to-zastraszanie-za-mowienie-prawdy\/","name":"W czwartek wyrok w procesie Grodzki\u2013Sakiewicz. \u201eTo zastraszanie za m\u00f3wienie prawdy\u201d - POGOTOWIE FLAGOWE\u00ae","isPartOf":{"@id":"https:\/\/www.pogotowieflagowe.pl\/aktualne\/#website"},"primaryImageOfPage":{"@id":"https:\/\/www.pogotowieflagowe.pl\/aktualne\/w-czwartek-wyrok-w-procesie-grodzki-sakiewicz-to-zastraszanie-za-mowienie-prawdy\/#primaryimage"},"image":{"@id":"https:\/\/www.pogotowieflagowe.pl\/aktualne\/w-czwartek-wyrok-w-procesie-grodzki-sakiewicz-to-zastraszanie-za-mowienie-prawdy\/#primaryimage"},"thumbnailUrl":"https:\/\/www.pogotowieflagowe.pl\/aktualne\/wp-content\/uploads\/2025\/10\/W-czwartek-wyrok-w-procesie-Grodzki\u2013Sakiewicz-\u201eTo-zastraszanie-za-mowienie.webp.webp","datePublished":"2025-10-19T21:04:55+00:00","dateModified":"2025-10-19T21:04:56+00:00","breadcrumb":{"@id":"https:\/\/www.pogotowieflagowe.pl\/aktualne\/w-czwartek-wyrok-w-procesie-grodzki-sakiewicz-to-zastraszanie-za-mowienie-prawdy\/#breadcrumb"},"inLanguage":"pl-PL","potentialAction":[{"@type":"ReadAction","target":["https:\/\/www.pogotowieflagowe.pl\/aktualne\/w-czwartek-wyrok-w-procesie-grodzki-sakiewicz-to-zastraszanie-za-mowienie-prawdy\/"]}]},{"@type":"ImageObject","inLanguage":"pl-PL","@id":"https:\/\/www.pogotowieflagowe.pl\/aktualne\/w-czwartek-wyrok-w-procesie-grodzki-sakiewicz-to-zastraszanie-za-mowienie-prawdy\/#primaryimage","url":"https:\/\/www.pogotowieflagowe.pl\/aktualne\/wp-content\/uploads\/2025\/10\/W-czwartek-wyrok-w-procesie-Grodzki\u2013Sakiewicz-\u201eTo-zastraszanie-za-mowienie.webp.webp","contentUrl":"https:\/\/www.pogotowieflagowe.pl\/aktualne\/wp-content\/uploads\/2025\/10\/W-czwartek-wyrok-w-procesie-Grodzki\u2013Sakiewicz-\u201eTo-zastraszanie-za-mowienie.webp.webp","width":1280,"height":720,"caption":"W czwartek wyrok w procesie Grodzki\u2013Sakiewicz. \u201eTo zastraszanie za m\u00f3wienie prawdy\u201d"},{"@type":"BreadcrumbList","@id":"https:\/\/www.pogotowieflagowe.pl\/aktualne\/w-czwartek-wyrok-w-procesie-grodzki-sakiewicz-to-zastraszanie-za-mowienie-prawdy\/#breadcrumb","itemListElement":[{"@type":"ListItem","position":1,"name":"Home","item":"https:\/\/www.pogotowieflagowe.pl\/aktualne\/"},{"@type":"ListItem","position":2,"name":"W czwartek wyrok w procesie Grodzki\u2013Sakiewicz. \u201eTo zastraszanie za m\u00f3wienie prawdy\u201d"}]},{"@type":"WebSite","@id":"https:\/\/www.pogotowieflagowe.pl\/aktualne\/#website","url":"https:\/\/www.pogotowieflagowe.pl\/aktualne\/","name":"POGOTOWIE FLAGOWE\u00ae","description":"","publisher":{"@id":"https:\/\/www.pogotowieflagowe.pl\/aktualne\/#organization"},"potentialAction":[{"@type":"SearchAction","target":{"@type":"EntryPoint","urlTemplate":"https:\/\/www.pogotowieflagowe.pl\/aktualne\/?s={search_term_string}"},"query-input":"required name=search_term_string"}],"inLanguage":"pl-PL"},{"@type":"Organization","@id":"https:\/\/www.pogotowieflagowe.pl\/aktualne\/#organization","name":"POGOTOWIE FLAGOWE\u00ae","url":"https:\/\/www.pogotowieflagowe.pl\/aktualne\/","logo":{"@type":"ImageObject","inLanguage":"pl-PL","@id":"https:\/\/www.pogotowieflagowe.pl\/aktualne\/#\/schema\/logo\/image\/","url":"https:\/\/www.pogotowieflagowe.pl\/aktualne\/wp-content\/uploads\/2024\/08\/cropped-pogotowieflagowe_flaga_projekt_sm.jpg","contentUrl":"https:\/\/www.pogotowieflagowe.pl\/aktualne\/wp-content\/uploads\/2024\/08\/cropped-pogotowieflagowe_flaga_projekt_sm.jpg","width":250,"height":143,"caption":"POGOTOWIE FLAGOWE\u00ae"},"image":{"@id":"https:\/\/www.pogotowieflagowe.pl\/aktualne\/#\/schema\/logo\/image\/"}},{"@type":"Person","@id":"https:\/\/www.pogotowieflagowe.pl\/aktualne\/#\/schema\/person\/9c2fb7d2362ebf6fa088960d7f0d27b0","name":"Filip","image":{"@type":"ImageObject","inLanguage":"pl-PL","@id":"https:\/\/www.pogotowieflagowe.pl\/aktualne\/#\/schema\/person\/image\/","url":"https:\/\/www.pogotowieflagowe.pl\/aktualne\/wp-content\/uploads\/2024\/08\/pogotowieflagowe.pl_.jpg","contentUrl":"https:\/\/www.pogotowieflagowe.pl\/aktualne\/wp-content\/uploads\/2024\/08\/pogotowieflagowe.pl_.jpg","caption":"Filip"},"description":"Jestem Filip, polski dziennikarz z dyplomem nauk politycznych Uniwersytetu Warszawskiego. Rozpoczynaj\u0105c swoj\u0105 karier\u0119 w r\u00f3\u017cnych lokalnych mediach, zdoby\u0142em solidne do\u015bwiadczenie w zakresie \u015bledztwa i redakcji. Obecnie jako redaktor w Pogotowie flagowe, staram si\u0119 dostarcza\u0107 dog\u0142\u0119bne i istotne analizy na temat najwa\u017cniejszych kwestii aktualno\u015bci, \u0142\u0105cz\u0105c rygor z pasj\u0105 dziennikarsk\u0105.","sameAs":["https:\/\/www.pogotowieflagowe.pl\/"]}]}},"_links":{"self":[{"href":"https:\/\/www.pogotowieflagowe.pl\/aktualne\/wp-json\/wp\/v2\/posts\/9527","targetHints":{"allow":["GET"]}}],"collection":[{"href":"https:\/\/www.pogotowieflagowe.pl\/aktualne\/wp-json\/wp\/v2\/posts"}],"about":[{"href":"https:\/\/www.pogotowieflagowe.pl\/aktualne\/wp-json\/wp\/v2\/types\/post"}],"author":[{"embeddable":true,"href":"https:\/\/www.pogotowieflagowe.pl\/aktualne\/wp-json\/wp\/v2\/users\/1"}],"replies":[{"embeddable":true,"href":"https:\/\/www.pogotowieflagowe.pl\/aktualne\/wp-json\/wp\/v2\/comments?post=9527"}],"version-history":[{"count":1,"href":"https:\/\/www.pogotowieflagowe.pl\/aktualne\/wp-json\/wp\/v2\/posts\/9527\/revisions"}],"predecessor-version":[{"id":9529,"href":"https:\/\/www.pogotowieflagowe.pl\/aktualne\/wp-json\/wp\/v2\/posts\/9527\/revisions\/9529"}],"wp:featuredmedia":[{"embeddable":true,"href":"https:\/\/www.pogotowieflagowe.pl\/aktualne\/wp-json\/wp\/v2\/media\/9528"}],"wp:attachment":[{"href":"https:\/\/www.pogotowieflagowe.pl\/aktualne\/wp-json\/wp\/v2\/media?parent=9527"}],"wp:term":[{"taxonomy":"category","embeddable":true,"href":"https:\/\/www.pogotowieflagowe.pl\/aktualne\/wp-json\/wp\/v2\/categories?post=9527"},{"taxonomy":"post_tag","embeddable":true,"href":"https:\/\/www.pogotowieflagowe.pl\/aktualne\/wp-json\/wp\/v2\/tags?post=9527"}],"curies":[{"name":"wp","href":"https:\/\/api.w.org\/{rel}","templated":true}]}}