{"id":954,"date":"2024-09-28T03:48:32","date_gmt":"2024-09-28T01:48:32","guid":{"rendered":"https:\/\/www.pogotowieflagowe.pl\/aktualne\/orzeczenie-sadu-najwyzszego-dariusz-barski-prokuratorem-krajowym-przed-adamem-bodnarem-duze-wyzwanie\/"},"modified":"2024-09-28T03:48:33","modified_gmt":"2024-09-28T01:48:33","slug":"orzeczenie-sadu-najwyzszego-dariusz-barski-prokuratorem-krajowym-przed-adamem-bodnarem-duze-wyzwanie","status":"publish","type":"post","link":"https:\/\/www.pogotowieflagowe.pl\/aktualne\/orzeczenie-sadu-najwyzszego-dariusz-barski-prokuratorem-krajowym-przed-adamem-bodnarem-duze-wyzwanie\/","title":{"rendered":"Orzeczenie S\u0105du Najwy\u017cszego: Dariusz Barski Prokuratorem Krajowym, przed Adamem Bodnarem du\u017ce wyzwanie"},"content":{"rendered":"\n<div class=\"td_block_wrap tdb_single_content tdi_48 td-pb-border-top td_block_template_8 td-post-content tagdiv-type\" data-td-block-uid=\"tdi_48\">\n<style>.tdi_48{margines-g\u00f3rny:0px!important;margin-bottom:0px!important;dope\u0142nienie-g\u00f3ra:0px!important;dope\u0142nienie-d\u00f3\u0142:0px!important}<\/style>\n<style>.tdb_single_content{margin-bottom:0;*zoom:1}.tdb_single_content:before,.tdb_single_content:after{display:table;content:'';line-height:0}.tdb_single_content:after{clear:both}.tdb_single_content .tdb-block-inner>*:not(.wp-block-quote):not(.alignwide):not(.alignfull.wp-block-cover.has-parallax):not(.td-a-ad) {margin-left:auto;margin-right:auto}.tdb_single_content a{pointer-events:auto}.tdb_single_content .td-spot-id-top_ad .tdc-placeholder-title:before{content:'Najlepsza reklama artyku\u0142u'! wa\u017cne}.tdb_single_content .td-spot-id-inline_ad0 .tdc-placeholder-title:before{content:'Article Inline Ad 1'!important}.tdb_single_content .td-spot-id-inline_ad1 .tdc-placeholder-title:before {content:'Reklama wbudowana w artyku\u0142 2'!important}.tdb_single_content .td-spot-id-inline_ad2 .tdc-placeholder-title:before{content:'Reklama wbudowana w artyku\u0142 3'!important}.tdb_single_content .td-spot-id -bottom_ad .tdc-placeholder-title:before{content:'Article Bottom Ad'!important}.tdb_single_content .id_top_ad,.tdb_single_content .id_bottom_ad{clear:both;margin-bottom:21px;text-align:center}.tdb_single_content . id_top_ad img,.tdb_single_content .id_bottom_ad img{margin-bottom:0}.tdb_single_content .id_top_ad .adsbygoogle,.tdb_single_content .id_bottom_ad .adsbygoogle{position:relative}.tdb_single_content .id_ad_content-horiz- po lewej,.tdb_single_content .id_ad_content-horiz-right ,.tdb_single_content .id_ad_content-horiz-center{margin-bottom:15px}.tdb_single_content .id_ad_content-horiz-left img,.tdb_single_content .id_ad_content-horiz-right img,.tdb_single_content .id_ad_content-horiz -center img{margines-dolny: 0}.tdb_single_content .id_ad_content-horiz-center{text-align:center}.tdb_single_content .id_ad_content-horiz-center img{margin-right:auto;margin-left:auto}.tdb_single_content .id_ad_content-horiz-left{float: lewy;margin-g\u00f3rny:9px;margin-prawy:21px}.tdb_single_content .id_ad_content-horiz-right{float:right;margin-top:6px;margin-left:21px}.tdb_single_content .tdc-a-ad .tdc- placeholder-title{width:300px;height:250px}.tdb_single_content .tdc-a-ad .tdc-placeholder-title:before{position:absolute;top:50%;-webkit-transform:translateY(-50%); transform:translateY(-50%);margines:auto;display:table;width:100%}.tdb_single_content .tdb-block-inner.td-fix-index{word-break:break-word}.tdi_48,.tdi_48 >p,.tdi_48 .tdb-block-inner>p{font-size:16px!important;line-height:1.6!important}.tdi_48 .tdb-block-inner blockquote p{font-style:normal!important}@ media (maks. szeroko\u015b\u0107: 767 pikseli){.tdb_single_content .id_ad_content-horiz-left,.tdb_single_content .id_ad_content-horiz-right,.tdb_single_content .id_ad_content-horiz-center{margin:0 auto 26px auto}}@media (maks. szeroko\u015b\u0107 :767px){.tdb_single_content .id_ad_content-horiz-left{margin-right:0}}@media (max-width:767px){.tdb_single_content .id_ad_content-horiz-right{margin-left:0}}@media (max -width:767px){.tdb_single_content .td-a-ad{float:none;text-align:center}.tdb_single_content .td-a-ad img{margin-right:auto;margin-left:auto}.tdb_single_content . tdc-a-ad{float:none}}<\/style>\n<div class=\"tdb-block-inner td-fix-index\">\n<p>Dzisiejszym rozstrzygaj\u0105cym orzeczeniem S\u0105d Najwy\u017cszy (SN) wyja\u015bni\u0142 tocz\u0105cy si\u0119 sp\u00f3r wok\u00f3\u0142 roli Prokuratora Krajowego. Wydzia\u0142 Karny Trybuna\u0142u potwierdzi\u0142, \u017ce Dariusz Barski jest uprawnionym Prokuratorem Krajowym, obalaj\u0105c twierdzenia Ministra Sprawiedliwo\u015bci Adama Bodnara.<\/p>\n<p>Sprawa, pocz\u0105tkowo podniesiona przez S\u0105d Okr\u0119gowy w Gda\u0144sku, kwestionowa\u0142a legalno\u015b\u0107 powrotu Barskiego do czynnej s\u0142u\u017cby i powo\u0142ania go na Prokuratora Krajowego. Pomimo pr\u00f3b blokowania tej decyzji przez obecn\u0105 prokuratur\u0119, w tym sk\u0142adania wniosk\u00f3w o wy\u0142\u0105czenie s\u0119dzi\u00f3w S\u0105du Najwy\u017cszego, s\u0105d wyda\u0142 orzeczenie korzystne dla Barskiego.<\/p>\n<p>Komentuj\u0105c orzeczenie pose\u0142 PiS i prawnik Marek Ast stwierdzi\u0142: \u201eTo powa\u017cny cios dla ministra Bodnara, kt\u00f3rego dzia\u0142ania od dawna uznawali\u015bmy za nielegalne. Dzisiejsze orzeczenie potwierdza, \u017ce \u200b\u200bnominacja Barskiego pozostaje aktualna, a dotychczasowe dzia\u0142ania neoprokuratora Korneluka mog\u0105 teraz zosta\u0107 prawnie zakwestionowane.\u201d<\/p>\n<p>Orzeczenie to stanowi dla Bodnara powa\u017cny problem prawny i polityczny, budz\u0105cy obawy co do zasadno\u015bci tocz\u0105cego si\u0119 \u015bledztwa wszcz\u0119tego przez neoprokuratur\u0119.<\/p>\n<\/div>\n<\/div>\n","protected":false},"excerpt":{"rendered":"<p>Dzisiejszym rozstrzygaj\u0105cym orzeczeniem S\u0105d Najwy\u017cszy (SN) wyja\u015bni\u0142 tocz\u0105cy si\u0119 sp\u00f3r wok\u00f3\u0142 roli Prokuratora Krajowego. Wydzia\u0142 Karny Trybuna\u0142u potwierdzi\u0142, \u017ce Dariusz<\/p>\n","protected":false},"author":1,"featured_media":955,"comment_status":"closed","ping_status":"","sticky":false,"template":"","format":"standard","meta":{"footnotes":""},"categories":[44],"tags":[1616,1613,1617,1612,1618,1615,1611,1609,1614,643,1610,1619],"class_list":["post-954","post","type-post","status-publish","format-standard","has-post-thumbnail","hentry","category-polityka","tag-adamem","tag-barski","tag-bodnarem","tag-dariusz","tag-duze","tag-krajowym","tag-najwyzszego","tag-orzeczenie","tag-prokuratorem","tag-przed","tag-sadu","tag-wyzwanie","generate-columns","tablet-grid-50","mobile-grid-100","grid-parent","grid-50","resize-featured-image"],"yoast_head":"<!-- This site is optimized with the Yoast SEO plugin v23.2 - https:\/\/yoast.com\/wordpress\/plugins\/seo\/ -->\n<title>Orzeczenie S\u0105du Najwy\u017cszego: Dariusz Barski Prokuratorem Krajowym, przed Adamem Bodnarem du\u017ce wyzwanie - POGOTOWIE FLAGOWE\u00ae<\/title>\n<meta name=\"robots\" content=\"index, follow, max-snippet:-1, max-image-preview:large, max-video-preview:-1\" \/>\n<link rel=\"canonical\" href=\"https:\/\/www.pogotowieflagowe.pl\/aktualne\/orzeczenie-sadu-najwyzszego-dariusz-barski-prokuratorem-krajowym-przed-adamem-bodnarem-duze-wyzwanie\/\" \/>\n<meta property=\"og:locale\" content=\"pl_PL\" \/>\n<meta property=\"og:type\" content=\"article\" \/>\n<meta property=\"og:title\" content=\"Orzeczenie S\u0105du Najwy\u017cszego: Dariusz Barski Prokuratorem Krajowym, przed Adamem Bodnarem du\u017ce wyzwanie - POGOTOWIE FLAGOWE\u00ae\" \/>\n<meta property=\"og:description\" content=\"Dzisiejszym rozstrzygaj\u0105cym orzeczeniem S\u0105d Najwy\u017cszy (SN) wyja\u015bni\u0142 tocz\u0105cy si\u0119 sp\u00f3r wok\u00f3\u0142 roli Prokuratora Krajowego. Wydzia\u0142 Karny Trybuna\u0142u potwierdzi\u0142, \u017ce Dariusz\" \/>\n<meta property=\"og:url\" content=\"https:\/\/www.pogotowieflagowe.pl\/aktualne\/orzeczenie-sadu-najwyzszego-dariusz-barski-prokuratorem-krajowym-przed-adamem-bodnarem-duze-wyzwanie\/\" \/>\n<meta property=\"og:site_name\" content=\"POGOTOWIE FLAGOWE\u00ae\" \/>\n<meta property=\"article:published_time\" content=\"2024-09-28T01:48:32+00:00\" \/>\n<meta property=\"article:modified_time\" content=\"2024-09-28T01:48:33+00:00\" \/>\n<meta property=\"og:image\" content=\"https:\/\/www.pogotowieflagowe.pl\/aktualne\/wp-content\/uploads\/2024\/09\/Orzeczenie-Sadu-Najwyzszego-Dariusz-Barski-Prokuratorem-Krajowym-przed-Adamem-Bodnarem.jpg\" \/>\n\t<meta property=\"og:image:width\" content=\"1280\" \/>\n\t<meta property=\"og:image:height\" content=\"720\" \/>\n\t<meta property=\"og:image:type\" content=\"image\/jpeg\" \/>\n<meta name=\"author\" content=\"Filip\" \/>\n<meta name=\"twitter:card\" content=\"summary_large_image\" \/>\n<meta name=\"twitter:label1\" content=\"Napisane przez\" \/>\n\t<meta name=\"twitter:data1\" content=\"Filip\" \/>\n\t<meta name=\"twitter:label2\" content=\"Szacowany czas czytania\" \/>\n\t<meta name=\"twitter:data2\" content=\"1 minuta\" \/>\n<script type=\"application\/ld+json\" class=\"yoast-schema-graph\">{\"@context\":\"https:\/\/schema.org\",\"@graph\":[{\"@type\":\"Article\",\"@id\":\"https:\/\/www.pogotowieflagowe.pl\/aktualne\/orzeczenie-sadu-najwyzszego-dariusz-barski-prokuratorem-krajowym-przed-adamem-bodnarem-duze-wyzwanie\/#article\",\"isPartOf\":{\"@id\":\"https:\/\/www.pogotowieflagowe.pl\/aktualne\/orzeczenie-sadu-najwyzszego-dariusz-barski-prokuratorem-krajowym-przed-adamem-bodnarem-duze-wyzwanie\/\"},\"author\":{\"name\":\"Filip\",\"@id\":\"https:\/\/www.pogotowieflagowe.pl\/aktualne\/#\/schema\/person\/9c2fb7d2362ebf6fa088960d7f0d27b0\"},\"headline\":\"Orzeczenie S\u0105du Najwy\u017cszego: Dariusz Barski Prokuratorem Krajowym, przed Adamem Bodnarem du\u017ce wyzwanie\",\"datePublished\":\"2024-09-28T01:48:32+00:00\",\"dateModified\":\"2024-09-28T01:48:33+00:00\",\"mainEntityOfPage\":{\"@id\":\"https:\/\/www.pogotowieflagowe.pl\/aktualne\/orzeczenie-sadu-najwyzszego-dariusz-barski-prokuratorem-krajowym-przed-adamem-bodnarem-duze-wyzwanie\/\"},\"wordCount\":188,\"publisher\":{\"@id\":\"https:\/\/www.pogotowieflagowe.pl\/aktualne\/#organization\"},\"image\":{\"@id\":\"https:\/\/www.pogotowieflagowe.pl\/aktualne\/orzeczenie-sadu-najwyzszego-dariusz-barski-prokuratorem-krajowym-przed-adamem-bodnarem-duze-wyzwanie\/#primaryimage\"},\"thumbnailUrl\":\"https:\/\/www.pogotowieflagowe.pl\/aktualne\/wp-content\/uploads\/2024\/09\/Orzeczenie-Sadu-Najwyzszego-Dariusz-Barski-Prokuratorem-Krajowym-przed-Adamem-Bodnarem.jpg\",\"keywords\":[\"Adamem\",\"Barski\",\"Bodnarem\",\"Dariusz\",\"du\u017ce\",\"Krajowym\",\"Najwy\u017cszego\",\"Orzeczenie\",\"Prokuratorem\",\"przed\",\"S\u0105du\",\"wyzwanie\"],\"articleSection\":[\"Polityka\"],\"inLanguage\":\"pl-PL\"},{\"@type\":\"WebPage\",\"@id\":\"https:\/\/www.pogotowieflagowe.pl\/aktualne\/orzeczenie-sadu-najwyzszego-dariusz-barski-prokuratorem-krajowym-przed-adamem-bodnarem-duze-wyzwanie\/\",\"url\":\"https:\/\/www.pogotowieflagowe.pl\/aktualne\/orzeczenie-sadu-najwyzszego-dariusz-barski-prokuratorem-krajowym-przed-adamem-bodnarem-duze-wyzwanie\/\",\"name\":\"Orzeczenie S\u0105du Najwy\u017cszego: Dariusz Barski Prokuratorem Krajowym, przed Adamem Bodnarem du\u017ce wyzwanie - POGOTOWIE FLAGOWE\u00ae\",\"isPartOf\":{\"@id\":\"https:\/\/www.pogotowieflagowe.pl\/aktualne\/#website\"},\"primaryImageOfPage\":{\"@id\":\"https:\/\/www.pogotowieflagowe.pl\/aktualne\/orzeczenie-sadu-najwyzszego-dariusz-barski-prokuratorem-krajowym-przed-adamem-bodnarem-duze-wyzwanie\/#primaryimage\"},\"image\":{\"@id\":\"https:\/\/www.pogotowieflagowe.pl\/aktualne\/orzeczenie-sadu-najwyzszego-dariusz-barski-prokuratorem-krajowym-przed-adamem-bodnarem-duze-wyzwanie\/#primaryimage\"},\"thumbnailUrl\":\"https:\/\/www.pogotowieflagowe.pl\/aktualne\/wp-content\/uploads\/2024\/09\/Orzeczenie-Sadu-Najwyzszego-Dariusz-Barski-Prokuratorem-Krajowym-przed-Adamem-Bodnarem.jpg\",\"datePublished\":\"2024-09-28T01:48:32+00:00\",\"dateModified\":\"2024-09-28T01:48:33+00:00\",\"breadcrumb\":{\"@id\":\"https:\/\/www.pogotowieflagowe.pl\/aktualne\/orzeczenie-sadu-najwyzszego-dariusz-barski-prokuratorem-krajowym-przed-adamem-bodnarem-duze-wyzwanie\/#breadcrumb\"},\"inLanguage\":\"pl-PL\",\"potentialAction\":[{\"@type\":\"ReadAction\",\"target\":[\"https:\/\/www.pogotowieflagowe.pl\/aktualne\/orzeczenie-sadu-najwyzszego-dariusz-barski-prokuratorem-krajowym-przed-adamem-bodnarem-duze-wyzwanie\/\"]}]},{\"@type\":\"ImageObject\",\"inLanguage\":\"pl-PL\",\"@id\":\"https:\/\/www.pogotowieflagowe.pl\/aktualne\/orzeczenie-sadu-najwyzszego-dariusz-barski-prokuratorem-krajowym-przed-adamem-bodnarem-duze-wyzwanie\/#primaryimage\",\"url\":\"https:\/\/www.pogotowieflagowe.pl\/aktualne\/wp-content\/uploads\/2024\/09\/Orzeczenie-Sadu-Najwyzszego-Dariusz-Barski-Prokuratorem-Krajowym-przed-Adamem-Bodnarem.jpg\",\"contentUrl\":\"https:\/\/www.pogotowieflagowe.pl\/aktualne\/wp-content\/uploads\/2024\/09\/Orzeczenie-Sadu-Najwyzszego-Dariusz-Barski-Prokuratorem-Krajowym-przed-Adamem-Bodnarem.jpg\",\"width\":1280,\"height\":720,\"caption\":\"Orzeczenie S\u0105du Najwy\u017cszego: Dariusz Barski Prokuratorem Krajowym, przed Adamem Bodnarem du\u017ce wyzwanie\"},{\"@type\":\"BreadcrumbList\",\"@id\":\"https:\/\/www.pogotowieflagowe.pl\/aktualne\/orzeczenie-sadu-najwyzszego-dariusz-barski-prokuratorem-krajowym-przed-adamem-bodnarem-duze-wyzwanie\/#breadcrumb\",\"itemListElement\":[{\"@type\":\"ListItem\",\"position\":1,\"name\":\"Home\",\"item\":\"https:\/\/www.pogotowieflagowe.pl\/aktualne\/\"},{\"@type\":\"ListItem\",\"position\":2,\"name\":\"Orzeczenie S\u0105du Najwy\u017cszego: Dariusz Barski Prokuratorem Krajowym, przed Adamem Bodnarem du\u017ce wyzwanie\"}]},{\"@type\":\"WebSite\",\"@id\":\"https:\/\/www.pogotowieflagowe.pl\/aktualne\/#website\",\"url\":\"https:\/\/www.pogotowieflagowe.pl\/aktualne\/\",\"name\":\"POGOTOWIE FLAGOWE\u00ae\",\"description\":\"\",\"publisher\":{\"@id\":\"https:\/\/www.pogotowieflagowe.pl\/aktualne\/#organization\"},\"potentialAction\":[{\"@type\":\"SearchAction\",\"target\":{\"@type\":\"EntryPoint\",\"urlTemplate\":\"https:\/\/www.pogotowieflagowe.pl\/aktualne\/?s={search_term_string}\"},\"query-input\":\"required name=search_term_string\"}],\"inLanguage\":\"pl-PL\"},{\"@type\":\"Organization\",\"@id\":\"https:\/\/www.pogotowieflagowe.pl\/aktualne\/#organization\",\"name\":\"POGOTOWIE FLAGOWE\u00ae\",\"url\":\"https:\/\/www.pogotowieflagowe.pl\/aktualne\/\",\"logo\":{\"@type\":\"ImageObject\",\"inLanguage\":\"pl-PL\",\"@id\":\"https:\/\/www.pogotowieflagowe.pl\/aktualne\/#\/schema\/logo\/image\/\",\"url\":\"https:\/\/www.pogotowieflagowe.pl\/aktualne\/wp-content\/uploads\/2024\/08\/cropped-pogotowieflagowe_flaga_projekt_sm.jpg\",\"contentUrl\":\"https:\/\/www.pogotowieflagowe.pl\/aktualne\/wp-content\/uploads\/2024\/08\/cropped-pogotowieflagowe_flaga_projekt_sm.jpg\",\"width\":250,\"height\":143,\"caption\":\"POGOTOWIE FLAGOWE\u00ae\"},\"image\":{\"@id\":\"https:\/\/www.pogotowieflagowe.pl\/aktualne\/#\/schema\/logo\/image\/\"}},{\"@type\":\"Person\",\"@id\":\"https:\/\/www.pogotowieflagowe.pl\/aktualne\/#\/schema\/person\/9c2fb7d2362ebf6fa088960d7f0d27b0\",\"name\":\"Filip\",\"image\":{\"@type\":\"ImageObject\",\"inLanguage\":\"pl-PL\",\"@id\":\"https:\/\/www.pogotowieflagowe.pl\/aktualne\/#\/schema\/person\/image\/\",\"url\":\"https:\/\/www.pogotowieflagowe.pl\/aktualne\/wp-content\/uploads\/2024\/08\/pogotowieflagowe.pl_.jpg\",\"contentUrl\":\"https:\/\/www.pogotowieflagowe.pl\/aktualne\/wp-content\/uploads\/2024\/08\/pogotowieflagowe.pl_.jpg\",\"caption\":\"Filip\"},\"description\":\"Jestem Filip, polski dziennikarz z dyplomem nauk politycznych Uniwersytetu Warszawskiego. Rozpoczynaj\u0105c swoj\u0105 karier\u0119 w r\u00f3\u017cnych lokalnych mediach, zdoby\u0142em solidne do\u015bwiadczenie w zakresie \u015bledztwa i redakcji. Obecnie jako redaktor w Pogotowie flagowe, staram si\u0119 dostarcza\u0107 dog\u0142\u0119bne i istotne analizy na temat najwa\u017cniejszych kwestii aktualno\u015bci, \u0142\u0105cz\u0105c rygor z pasj\u0105 dziennikarsk\u0105.\",\"sameAs\":[\"https:\/\/www.pogotowieflagowe.pl\/\"]}]}<\/script>\n<!-- \/ Yoast SEO plugin. -->","yoast_head_json":{"title":"Orzeczenie S\u0105du Najwy\u017cszego: Dariusz Barski Prokuratorem Krajowym, przed Adamem Bodnarem du\u017ce wyzwanie - POGOTOWIE FLAGOWE\u00ae","robots":{"index":"index","follow":"follow","max-snippet":"max-snippet:-1","max-image-preview":"max-image-preview:large","max-video-preview":"max-video-preview:-1"},"canonical":"https:\/\/www.pogotowieflagowe.pl\/aktualne\/orzeczenie-sadu-najwyzszego-dariusz-barski-prokuratorem-krajowym-przed-adamem-bodnarem-duze-wyzwanie\/","og_locale":"pl_PL","og_type":"article","og_title":"Orzeczenie S\u0105du Najwy\u017cszego: Dariusz Barski Prokuratorem Krajowym, przed Adamem Bodnarem du\u017ce wyzwanie - POGOTOWIE FLAGOWE\u00ae","og_description":"Dzisiejszym rozstrzygaj\u0105cym orzeczeniem S\u0105d Najwy\u017cszy (SN) wyja\u015bni\u0142 tocz\u0105cy si\u0119 sp\u00f3r wok\u00f3\u0142 roli Prokuratora Krajowego. Wydzia\u0142 Karny Trybuna\u0142u potwierdzi\u0142, \u017ce Dariusz","og_url":"https:\/\/www.pogotowieflagowe.pl\/aktualne\/orzeczenie-sadu-najwyzszego-dariusz-barski-prokuratorem-krajowym-przed-adamem-bodnarem-duze-wyzwanie\/","og_site_name":"POGOTOWIE FLAGOWE\u00ae","article_published_time":"2024-09-28T01:48:32+00:00","article_modified_time":"2024-09-28T01:48:33+00:00","og_image":[{"width":1280,"height":720,"url":"https:\/\/www.pogotowieflagowe.pl\/aktualne\/wp-content\/uploads\/2024\/09\/Orzeczenie-Sadu-Najwyzszego-Dariusz-Barski-Prokuratorem-Krajowym-przed-Adamem-Bodnarem.jpg","type":"image\/jpeg"}],"author":"Filip","twitter_card":"summary_large_image","twitter_misc":{"Napisane przez":"Filip","Szacowany czas czytania":"1 minuta"},"schema":{"@context":"https:\/\/schema.org","@graph":[{"@type":"Article","@id":"https:\/\/www.pogotowieflagowe.pl\/aktualne\/orzeczenie-sadu-najwyzszego-dariusz-barski-prokuratorem-krajowym-przed-adamem-bodnarem-duze-wyzwanie\/#article","isPartOf":{"@id":"https:\/\/www.pogotowieflagowe.pl\/aktualne\/orzeczenie-sadu-najwyzszego-dariusz-barski-prokuratorem-krajowym-przed-adamem-bodnarem-duze-wyzwanie\/"},"author":{"name":"Filip","@id":"https:\/\/www.pogotowieflagowe.pl\/aktualne\/#\/schema\/person\/9c2fb7d2362ebf6fa088960d7f0d27b0"},"headline":"Orzeczenie S\u0105du Najwy\u017cszego: Dariusz Barski Prokuratorem Krajowym, przed Adamem Bodnarem du\u017ce wyzwanie","datePublished":"2024-09-28T01:48:32+00:00","dateModified":"2024-09-28T01:48:33+00:00","mainEntityOfPage":{"@id":"https:\/\/www.pogotowieflagowe.pl\/aktualne\/orzeczenie-sadu-najwyzszego-dariusz-barski-prokuratorem-krajowym-przed-adamem-bodnarem-duze-wyzwanie\/"},"wordCount":188,"publisher":{"@id":"https:\/\/www.pogotowieflagowe.pl\/aktualne\/#organization"},"image":{"@id":"https:\/\/www.pogotowieflagowe.pl\/aktualne\/orzeczenie-sadu-najwyzszego-dariusz-barski-prokuratorem-krajowym-przed-adamem-bodnarem-duze-wyzwanie\/#primaryimage"},"thumbnailUrl":"https:\/\/www.pogotowieflagowe.pl\/aktualne\/wp-content\/uploads\/2024\/09\/Orzeczenie-Sadu-Najwyzszego-Dariusz-Barski-Prokuratorem-Krajowym-przed-Adamem-Bodnarem.jpg","keywords":["Adamem","Barski","Bodnarem","Dariusz","du\u017ce","Krajowym","Najwy\u017cszego","Orzeczenie","Prokuratorem","przed","S\u0105du","wyzwanie"],"articleSection":["Polityka"],"inLanguage":"pl-PL"},{"@type":"WebPage","@id":"https:\/\/www.pogotowieflagowe.pl\/aktualne\/orzeczenie-sadu-najwyzszego-dariusz-barski-prokuratorem-krajowym-przed-adamem-bodnarem-duze-wyzwanie\/","url":"https:\/\/www.pogotowieflagowe.pl\/aktualne\/orzeczenie-sadu-najwyzszego-dariusz-barski-prokuratorem-krajowym-przed-adamem-bodnarem-duze-wyzwanie\/","name":"Orzeczenie S\u0105du Najwy\u017cszego: Dariusz Barski Prokuratorem Krajowym, przed Adamem Bodnarem du\u017ce wyzwanie - POGOTOWIE FLAGOWE\u00ae","isPartOf":{"@id":"https:\/\/www.pogotowieflagowe.pl\/aktualne\/#website"},"primaryImageOfPage":{"@id":"https:\/\/www.pogotowieflagowe.pl\/aktualne\/orzeczenie-sadu-najwyzszego-dariusz-barski-prokuratorem-krajowym-przed-adamem-bodnarem-duze-wyzwanie\/#primaryimage"},"image":{"@id":"https:\/\/www.pogotowieflagowe.pl\/aktualne\/orzeczenie-sadu-najwyzszego-dariusz-barski-prokuratorem-krajowym-przed-adamem-bodnarem-duze-wyzwanie\/#primaryimage"},"thumbnailUrl":"https:\/\/www.pogotowieflagowe.pl\/aktualne\/wp-content\/uploads\/2024\/09\/Orzeczenie-Sadu-Najwyzszego-Dariusz-Barski-Prokuratorem-Krajowym-przed-Adamem-Bodnarem.jpg","datePublished":"2024-09-28T01:48:32+00:00","dateModified":"2024-09-28T01:48:33+00:00","breadcrumb":{"@id":"https:\/\/www.pogotowieflagowe.pl\/aktualne\/orzeczenie-sadu-najwyzszego-dariusz-barski-prokuratorem-krajowym-przed-adamem-bodnarem-duze-wyzwanie\/#breadcrumb"},"inLanguage":"pl-PL","potentialAction":[{"@type":"ReadAction","target":["https:\/\/www.pogotowieflagowe.pl\/aktualne\/orzeczenie-sadu-najwyzszego-dariusz-barski-prokuratorem-krajowym-przed-adamem-bodnarem-duze-wyzwanie\/"]}]},{"@type":"ImageObject","inLanguage":"pl-PL","@id":"https:\/\/www.pogotowieflagowe.pl\/aktualne\/orzeczenie-sadu-najwyzszego-dariusz-barski-prokuratorem-krajowym-przed-adamem-bodnarem-duze-wyzwanie\/#primaryimage","url":"https:\/\/www.pogotowieflagowe.pl\/aktualne\/wp-content\/uploads\/2024\/09\/Orzeczenie-Sadu-Najwyzszego-Dariusz-Barski-Prokuratorem-Krajowym-przed-Adamem-Bodnarem.jpg","contentUrl":"https:\/\/www.pogotowieflagowe.pl\/aktualne\/wp-content\/uploads\/2024\/09\/Orzeczenie-Sadu-Najwyzszego-Dariusz-Barski-Prokuratorem-Krajowym-przed-Adamem-Bodnarem.jpg","width":1280,"height":720,"caption":"Orzeczenie S\u0105du Najwy\u017cszego: Dariusz Barski Prokuratorem Krajowym, przed Adamem Bodnarem du\u017ce wyzwanie"},{"@type":"BreadcrumbList","@id":"https:\/\/www.pogotowieflagowe.pl\/aktualne\/orzeczenie-sadu-najwyzszego-dariusz-barski-prokuratorem-krajowym-przed-adamem-bodnarem-duze-wyzwanie\/#breadcrumb","itemListElement":[{"@type":"ListItem","position":1,"name":"Home","item":"https:\/\/www.pogotowieflagowe.pl\/aktualne\/"},{"@type":"ListItem","position":2,"name":"Orzeczenie S\u0105du Najwy\u017cszego: Dariusz Barski Prokuratorem Krajowym, przed Adamem Bodnarem du\u017ce wyzwanie"}]},{"@type":"WebSite","@id":"https:\/\/www.pogotowieflagowe.pl\/aktualne\/#website","url":"https:\/\/www.pogotowieflagowe.pl\/aktualne\/","name":"POGOTOWIE FLAGOWE\u00ae","description":"","publisher":{"@id":"https:\/\/www.pogotowieflagowe.pl\/aktualne\/#organization"},"potentialAction":[{"@type":"SearchAction","target":{"@type":"EntryPoint","urlTemplate":"https:\/\/www.pogotowieflagowe.pl\/aktualne\/?s={search_term_string}"},"query-input":"required name=search_term_string"}],"inLanguage":"pl-PL"},{"@type":"Organization","@id":"https:\/\/www.pogotowieflagowe.pl\/aktualne\/#organization","name":"POGOTOWIE FLAGOWE\u00ae","url":"https:\/\/www.pogotowieflagowe.pl\/aktualne\/","logo":{"@type":"ImageObject","inLanguage":"pl-PL","@id":"https:\/\/www.pogotowieflagowe.pl\/aktualne\/#\/schema\/logo\/image\/","url":"https:\/\/www.pogotowieflagowe.pl\/aktualne\/wp-content\/uploads\/2024\/08\/cropped-pogotowieflagowe_flaga_projekt_sm.jpg","contentUrl":"https:\/\/www.pogotowieflagowe.pl\/aktualne\/wp-content\/uploads\/2024\/08\/cropped-pogotowieflagowe_flaga_projekt_sm.jpg","width":250,"height":143,"caption":"POGOTOWIE FLAGOWE\u00ae"},"image":{"@id":"https:\/\/www.pogotowieflagowe.pl\/aktualne\/#\/schema\/logo\/image\/"}},{"@type":"Person","@id":"https:\/\/www.pogotowieflagowe.pl\/aktualne\/#\/schema\/person\/9c2fb7d2362ebf6fa088960d7f0d27b0","name":"Filip","image":{"@type":"ImageObject","inLanguage":"pl-PL","@id":"https:\/\/www.pogotowieflagowe.pl\/aktualne\/#\/schema\/person\/image\/","url":"https:\/\/www.pogotowieflagowe.pl\/aktualne\/wp-content\/uploads\/2024\/08\/pogotowieflagowe.pl_.jpg","contentUrl":"https:\/\/www.pogotowieflagowe.pl\/aktualne\/wp-content\/uploads\/2024\/08\/pogotowieflagowe.pl_.jpg","caption":"Filip"},"description":"Jestem Filip, polski dziennikarz z dyplomem nauk politycznych Uniwersytetu Warszawskiego. Rozpoczynaj\u0105c swoj\u0105 karier\u0119 w r\u00f3\u017cnych lokalnych mediach, zdoby\u0142em solidne do\u015bwiadczenie w zakresie \u015bledztwa i redakcji. Obecnie jako redaktor w Pogotowie flagowe, staram si\u0119 dostarcza\u0107 dog\u0142\u0119bne i istotne analizy na temat najwa\u017cniejszych kwestii aktualno\u015bci, \u0142\u0105cz\u0105c rygor z pasj\u0105 dziennikarsk\u0105.","sameAs":["https:\/\/www.pogotowieflagowe.pl\/"]}]}},"_links":{"self":[{"href":"https:\/\/www.pogotowieflagowe.pl\/aktualne\/wp-json\/wp\/v2\/posts\/954","targetHints":{"allow":["GET"]}}],"collection":[{"href":"https:\/\/www.pogotowieflagowe.pl\/aktualne\/wp-json\/wp\/v2\/posts"}],"about":[{"href":"https:\/\/www.pogotowieflagowe.pl\/aktualne\/wp-json\/wp\/v2\/types\/post"}],"author":[{"embeddable":true,"href":"https:\/\/www.pogotowieflagowe.pl\/aktualne\/wp-json\/wp\/v2\/users\/1"}],"replies":[{"embeddable":true,"href":"https:\/\/www.pogotowieflagowe.pl\/aktualne\/wp-json\/wp\/v2\/comments?post=954"}],"version-history":[{"count":1,"href":"https:\/\/www.pogotowieflagowe.pl\/aktualne\/wp-json\/wp\/v2\/posts\/954\/revisions"}],"predecessor-version":[{"id":956,"href":"https:\/\/www.pogotowieflagowe.pl\/aktualne\/wp-json\/wp\/v2\/posts\/954\/revisions\/956"}],"wp:featuredmedia":[{"embeddable":true,"href":"https:\/\/www.pogotowieflagowe.pl\/aktualne\/wp-json\/wp\/v2\/media\/955"}],"wp:attachment":[{"href":"https:\/\/www.pogotowieflagowe.pl\/aktualne\/wp-json\/wp\/v2\/media?parent=954"}],"wp:term":[{"taxonomy":"category","embeddable":true,"href":"https:\/\/www.pogotowieflagowe.pl\/aktualne\/wp-json\/wp\/v2\/categories?post=954"},{"taxonomy":"post_tag","embeddable":true,"href":"https:\/\/www.pogotowieflagowe.pl\/aktualne\/wp-json\/wp\/v2\/tags?post=954"}],"curies":[{"name":"wp","href":"https:\/\/api.w.org\/{rel}","templated":true}]}}