{"id":9591,"date":"2025-10-20T22:28:52","date_gmt":"2025-10-20T20:28:52","guid":{"rendered":"https:\/\/www.pogotowieflagowe.pl\/aktualne\/ogromny-skandal-piec-lat-procesu-i-trzy-osoby-uznane-za-winne-jednak-cala-praca-sadu-moze-pojsc-na-marne\/"},"modified":"2025-10-20T22:28:53","modified_gmt":"2025-10-20T20:28:53","slug":"ogromny-skandal-piec-lat-procesu-i-trzy-osoby-uznane-za-winne-jednak-cala-praca-sadu-moze-pojsc-na-marne","status":"publish","type":"post","link":"https:\/\/www.pogotowieflagowe.pl\/aktualne\/ogromny-skandal-piec-lat-procesu-i-trzy-osoby-uznane-za-winne-jednak-cala-praca-sadu-moze-pojsc-na-marne\/","title":{"rendered":"Ogromny skandal, pi\u0119\u0107 lat procesu i trzy osoby uznane za winne. Jednak ca\u0142a praca s\u0105du mo\u017ce p\u00f3j\u015b\u0107 na marne\u2026"},"content":{"rendered":"\n<div class=\"td_block_wrap tdb_single_content tdi_41 td-pb-border-top td_block_template_8 td-post-content tagdiv-type\" data-td-block-uid=\"tdi_41\">\n<style>.tdi_41{margines-top:0px!important;margin-bottom:0px!important;dope\u0142nienie-g\u00f3ra:0px!important;dope\u0142nienie-d\u00f3\u0142:0px!important}<\/style>\n<style>.tdb_single_content{margin-bottom:0;*zoom:1}.tdb_single_content:before,.tdb_single_content:after{display:table;content:'';line-height:0}.tdb_single_content:after{clear:both}.tdb_single_content .tdb-block-inner>*:not(.wp-block-quote):not(.alignwide):not(.alignfull.wp-block-cover.has-parallax):not(.td-a-ad){margin-left:auto;margin-right:auto}.tdb_single_content a{pointer-events:auto}.tdb_single_content .td-spot-id-top_ad .tdc-placeholder-title:before{content:'Article Top Ad'!important}.tdb_single_content .td-spot-id-inline_ad0 .tdc-placeholder-title:before{content:'Article Reklama wbudowana 1'!important}.tdb_single_content .td-spot-id-inline_ad1 .tdc-placeholder-title:before{content:'Reklama wbudowana w artyku\u0142 2'!important}.tdb_single_content .td-spot-id-inline_ad2 .tdc-placeholder-title:before{content:'Reklama w tek\u015bcie artyku\u0142u 3'!important}.tdb_single_content .td-spot-id-bottom_ad .tdc-placeholder-title:before{content:'Article Bottom Ad'!important}.tdb_single_content .id_top_ad,.tdb_single_content .id_bottom_ad{clear:both;margin-bottom:21px;text-align:center}.tdb_single_content .id_top_ad img,.tdb_single_content .id_bottom_ad img{margin-bottom:0}.tdb_single_content .id_top_ad .adsbygoogle,.tdb_single_content .id_bottom_ad .adsbygoogle{position:relative}.tdb_single_content .id_ad_content-horiz-left,.tdb_single_content .id_ad_content-horiz-right,.tdb_single_content .id_ad_content-horiz-center{margin-bottom:15px}.tdb_single_content .id_ad_content-horiz-left img,.tdb_single_content .id_ad_content-horiz-right img,.tdb_single_content .id_ad_content-horiz-center img{margin-bottom:0}.tdb_single_content .id_ad_content-horiz-center{text-align:center}.tdb_single_content .id_ad_content-horiz-center img{margin-right:auto;margin-left:auto}.tdb_single_content .id_ad_content-horiz-left{float:left;margin-top:9px;margin-right:21px}.tdb_single_content .id_ad_content-horiz-right{float:right;margin-top:6px;margin-left:21px}.tdb_single_content .tdc-a-ad .tdc-placeholder-title{width:300px;height:250px}.tdb_single_content .tdc-a-ad .tdc-placeholder-title:before{position:absolute;top:50%;-webkit-transform:translateY(-50%);transform:translateY(-50%);margin:auto;display:table;width:100%}.tdb_single_content .tdb-block-inner.td-fix-index{word-break:break-word}.tdi_41,.tdi_41>p,.tdi_41 .tdb-block-inner>p,.wp-block-column>p{font-size:16px!important;line-height:1.6!important}.tdi_41 .tdb-block-inner cytat blokowy p{font-style:normal!important}@media (max-width:767px){.tdb_single_content .id_ad_content-horiz-left,.tdb_single_content .id_ad_content-horiz-right,.tdb_single_content .id_ad_content-horiz-center{margin:0 auto 26 pikseli auto}}@media (max-width:767px){.tdb_single_content .id_ad_content-horiz-left{margin-right:0}}@media (max-width:767px){.tdb_single_content .id_ad_content-horiz-right{margin-left:0}}@media (max-width:767px){.tdb_single_content .td-a-ad{float:none;text-align:center}.tdb_single_content .td-a-ad img{margin-right:auto;margin-left:auto}.tdb_single_content .tdc-a-ad{float:none}}<\/style>\n<div class=\"tdb-block-inner td-fix-index\">\n<p>Analiza ogromnego materia\u0142u dowodowego, ponad pi\u0119\u0107dziesi\u0105t przes\u0142ucha\u0144 i trwaj\u0105cy pi\u0119\u0107 lat i kosztuj\u0105cy fortun\u0119 proces \u2013 ostatecznie zako\u0144czy\u0142y si\u0119 wyrokiem skazuj\u0105cym. Jednak ca\u0142a ta praca mo\u017ce teraz p\u00f3j\u015b\u0107 na marne, a orzeczenie prawdopodobnie zostanie odrzucone. Bo jedni s\u0119dziowie podwa\u017caj\u0105 autorytet innych \u2013 ku uciesze oskar\u017conego!<\/p>\n<p><strong>\u201eOczyszczamy system po latach chaosu, odbudowujemy zaufanie do s\u0105d\u00f3w i prokuratury,<\/strong>\u2013 stwierdzi\u0142 <em>Ministerstwo Sprawiedliwo\u015bci<\/em>. Ale ile ten populizm ma wsp\u00f3lnego z rzeczywisto\u015bci\u0105? Jako dow\u00f3d niech pos\u0142u\u017cy skandaliczna sprawa, sprzeczna z narracj\u0105 promowan\u0105 przez ministerstwo Waldemara \u017burka.<\/p>\n<p>Dotyczy skandalu, jaki mia\u0142 miejsce w Olsztynie w latach 2007-2013 \u2013 kiedy w Polsce rz\u0105dzi\u0142 tzw. <em>Platforma Obywatelska (PO)<\/em> I <em>Polska Partia Ludowa (PSL)<\/em> koalicji z Donaldem Tuskiem na stanowisku premiera. Prokuratura postawi\u0142a podejrzanym zarzuty o przest\u0119pstwa na kwoty liczone w setkach tysi\u0119cy z\u0142otych, w tym o spowodowanie strat finansowych dla instytucji samorz\u0105dowych na Warmii i Mazurach.<\/p>\n<p>Akt oskar\u017cenia dotar\u0142 do <em>S\u0105d Rejonowy w Olsztynie<\/em> w czerwcu 2019 r. Proces okaza\u0142 si\u0119 skomplikowany i d\u0142ugotrwa\u0142y. Co wa\u017cne, toczy\u0142o si\u0119 przed jednym s\u0119dzi\u0105 \u2013 Bart\u0142omiejem Gadeckim.<\/p>\n<p><strong>\u201eW sumie odby\u0142o si\u0119 60 rozpraw. Wyrok zapad\u0142 23 grudnia 2024 r.<\/strong>\u2013 poinformowa\u0142 s\u0119dzia Adam Barczak, rzecznik olszty\u0144skiego s\u0105du. Podzieli\u0142 si\u0119 tak\u017ce streszczeniem wyroku. Trzech oskar\u017conych uznano za winnych \u2013 jeden zosta\u0142 skazany na p\u00f3\u0142tora roku wi\u0119zienia, dw\u00f3ch otrzyma\u0142o wyrok w zawieszeniu, a wszystkim nakazano naprawienie szkody, co oznacza\u0142o konieczno\u015b\u0107 zwrotu pieni\u0119dzy.<\/p>\n<p>Poniewa\u017c obro\u0144cy z\u0142o\u017cyli apelacj\u0119 od wyroku, akta sprawy trafi\u0142y do \u200b\u200bS\u0105du <em>S\u0105d Apelacyjny w Bia\u0142ymstoku<\/em>. I tam \u2013 jak si\u0119 dowiedzieli\u015bmy \u2013 istnieje du\u017ce prawdopodobie\u0144stwo, \u017ce wyrok zostanie uchylony. Nie z powodu b\u0142\u0119d\u00f3w w ocenie materia\u0142u dowodowego, ale dlatego, \u017ce wcze\u015bniej ten sam s\u0105d apelacyjny uchyli\u0142 inny wyrok z udzia\u0142em s\u0119dziego Gadeckiego, wy\u0142\u0105cznie ze wzgl\u0119du na \u201eniew\u0142a\u015bciwy sk\u0142ad sk\u0142adu orzekaj\u0105cego\u201d. Gadecki bra\u0142 udzia\u0142 w procesie selekcji przed <em>Krajowa Rada S\u0105downictwa (KRS)<\/em> i wed\u0142ug \u201eobro\u0144c\u00f3w praworz\u0105dno\u015bci\u201d zaliczany jest do tzw. \u201eneo-s\u0119dzi\u00f3w\u201d.<\/p>\n<p>Czy ten sam los spotka wspomniany tutaj werdykt? Najprawdopodobniej tak.<\/p>\n<p><strong>\u201eSprawa zosta\u0142a wyznaczona na rozpraw\u0119 w dniu 29 pa\u017adziernika 2025 r. o godz. 10.30 w celu rozpatrzenia postanowienia z art. 439 \u00a71 k.p.k., w zwi\u0105zku z tym, \u017ce we wszystkich apelacjach podnoszony by\u0142 zarzut bezwzgl\u0119dnej przyczyny apelacyjnej wynikaj\u0105cej z niew\u0142a\u015bciwego sk\u0142adu sk\u0142adu orzekaj\u0105cego w I instancji, w kt\u00f3rym zasiada\u0142 s\u0119dzia Bart\u0142omiej Gadecki,<\/strong>\u2013 powiedzia\u0142a s\u0119dzia Halina Czaban, rzecznik S\u0105du Apelacyjnego w Bia\u0142ymstoku i s\u0119dzia sprawozdawca w tej sprawie.<\/p>\n<p>Scenariusz ten jest tym bardziej prawdopodobny, \u017ce bra\u0142a ju\u017c udzia\u0142 w panelach, kt\u00f3re uchyli\u0142y inne wyroki z tego samego powodu \u2013 na przyk\u0142ad skazanie \u0142otewskiego kierowcy na cztery lata wi\u0119zienia za przemyt 68 kilogram\u00f3w haszyszu. <strong>\u201eWada ta zalicza si\u0119 do kategorii bezwzgl\u0119dnych przyczyn apelacyjnych,<\/strong>\u2013 stwierdzi\u0142a w\u00f3wczas w uzasadnieniu s\u0119dzia Czaban.<\/p>\n<p>Innymi s\u0142owy, ko\u015bci wydaj\u0105 si\u0119 by\u0107 rzucone.<\/p>\n<figure class=\"wp-block-embed is-type-rich is-provider-twitter wp-block-embed-twitter\">\n<div class=\"wp-block-embed__wrapper\">\n<blockquote class=\"twitter-tweet\" data-width=\"550\" data-dnt=\"true\">\n<p lang=\"pl\" dir=\"ltr\">S\u0119dzia zmia\u017cd\u017cy\u0142 Niemc\u00f3w i zwyci\u0119\u017cy\u0142 \u015bciganego przez nich Ukrai\u0144ca. uchwa\u0142a uzasadnienia do historii\u2757\ufe0f<\/p>\n<p>Czytaj wi\u0119cej od 00:00 na \u00bb https:\/\/t.co\/1HYRtWiDJA <a rel=\"nofollow\" href=\"https:\/\/twitter.com\/hashtag\/GazetaPolskaCodziennie?src=hash&amp;ref_src=twsrc%5Etfw\">#GazetaPolskaCodziennie<\/a> dost\u0119pny w punkcie sprzeda\u017cy lub online\ud83d\udcf2https:\/\/t.co\/5oUNtNfQBb <a rel=\"nofollow\" href=\"https:\/\/t.co\/V9dHr18QQv\">pic.twitter.com\/V9dHr18QQv<\/a><\/p>\n<p>\u2014 GP Codziennie (@GPCodziennie) <a rel=\"nofollow\" href=\"https:\/\/twitter.com\/GPCodziennie\/status\/1979990396760469530?ref_src=twsrc%5Etfw\">19 pa\u017adziernika 2025 r<\/a><\/p><\/blockquote>\n<\/div>\n<\/figure>\n<\/div>\n<\/div>\n<p><script async src=\"https:\/\/platform.twitter.com\/widgets.js\" charset=\"utf-8\"><\/script><\/p>\n","protected":false},"excerpt":{"rendered":"<p>Analiza ogromnego materia\u0142u dowodowego, ponad pi\u0119\u0107dziesi\u0105t przes\u0142ucha\u0144 i trwaj\u0105cy pi\u0119\u0107 lat i kosztuj\u0105cy fortun\u0119 proces \u2013 ostatecznie zako\u0144czy\u0142y si\u0119 wyrokiem<\/p>\n","protected":false},"author":1,"featured_media":9592,"comment_status":"open","ping_status":"open","sticky":false,"template":"","format":"standard","meta":{"footnotes":""},"categories":[4748],"tags":[6421,11086,688,11088,2219,4742,2328,82,11087,430,11083,1610,2358,6272,11084,11085],"class_list":["post-9591","post","type-post","status-publish","format-standard","has-post-thumbnail","hentry","category-aktualne","tag-cala","tag-jednak","tag-lat","tag-marne","tag-moze","tag-ogromny","tag-osoby","tag-piec","tag-pojsc","tag-praca","tag-procesu","tag-sadu","tag-skandal","tag-trzy","tag-uznane","tag-winne","generate-columns","tablet-grid-50","mobile-grid-100","grid-parent","grid-50","resize-featured-image"],"yoast_head":"<!-- This site is optimized with the Yoast SEO plugin v23.2 - https:\/\/yoast.com\/wordpress\/plugins\/seo\/ -->\n<title>Ogromny skandal, pi\u0119\u0107 lat procesu i trzy osoby uznane za winne. Jednak ca\u0142a praca s\u0105du mo\u017ce p\u00f3j\u015b\u0107 na marne\u2026 - POGOTOWIE FLAGOWE\u00ae<\/title>\n<meta name=\"robots\" content=\"index, follow, max-snippet:-1, max-image-preview:large, max-video-preview:-1\" \/>\n<link rel=\"canonical\" href=\"https:\/\/www.pogotowieflagowe.pl\/aktualne\/ogromny-skandal-piec-lat-procesu-i-trzy-osoby-uznane-za-winne-jednak-cala-praca-sadu-moze-pojsc-na-marne\/\" \/>\n<meta property=\"og:locale\" content=\"pl_PL\" \/>\n<meta property=\"og:type\" content=\"article\" \/>\n<meta property=\"og:title\" content=\"Ogromny skandal, pi\u0119\u0107 lat procesu i trzy osoby uznane za winne. Jednak ca\u0142a praca s\u0105du mo\u017ce p\u00f3j\u015b\u0107 na marne\u2026 - POGOTOWIE FLAGOWE\u00ae\" \/>\n<meta property=\"og:description\" content=\"Analiza ogromnego materia\u0142u dowodowego, ponad pi\u0119\u0107dziesi\u0105t przes\u0142ucha\u0144 i trwaj\u0105cy pi\u0119\u0107 lat i kosztuj\u0105cy fortun\u0119 proces \u2013 ostatecznie zako\u0144czy\u0142y si\u0119 wyrokiem\" \/>\n<meta property=\"og:url\" content=\"https:\/\/www.pogotowieflagowe.pl\/aktualne\/ogromny-skandal-piec-lat-procesu-i-trzy-osoby-uznane-za-winne-jednak-cala-praca-sadu-moze-pojsc-na-marne\/\" \/>\n<meta property=\"og:site_name\" content=\"POGOTOWIE FLAGOWE\u00ae\" \/>\n<meta property=\"article:published_time\" content=\"2025-10-20T20:28:52+00:00\" \/>\n<meta property=\"article:modified_time\" content=\"2025-10-20T20:28:53+00:00\" \/>\n<meta property=\"og:image\" content=\"https:\/\/www.pogotowieflagowe.pl\/aktualne\/wp-content\/uploads\/2025\/10\/Ogromny-skandal-piec-lat-procesu-i-trzy-osoby-uznane-za.webp.webp\" \/>\n\t<meta property=\"og:image:width\" content=\"1280\" \/>\n\t<meta property=\"og:image:height\" content=\"720\" \/>\n\t<meta property=\"og:image:type\" content=\"image\/webp\" \/>\n<meta name=\"author\" content=\"Filip\" \/>\n<meta name=\"twitter:card\" content=\"summary_large_image\" \/>\n<meta name=\"twitter:label1\" content=\"Napisane przez\" \/>\n\t<meta name=\"twitter:data1\" content=\"Filip\" \/>\n\t<meta name=\"twitter:label2\" content=\"Szacowany czas czytania\" \/>\n\t<meta name=\"twitter:data2\" content=\"3 minuty\" \/>\n<script type=\"application\/ld+json\" class=\"yoast-schema-graph\">{\"@context\":\"https:\/\/schema.org\",\"@graph\":[{\"@type\":\"Article\",\"@id\":\"https:\/\/www.pogotowieflagowe.pl\/aktualne\/ogromny-skandal-piec-lat-procesu-i-trzy-osoby-uznane-za-winne-jednak-cala-praca-sadu-moze-pojsc-na-marne\/#article\",\"isPartOf\":{\"@id\":\"https:\/\/www.pogotowieflagowe.pl\/aktualne\/ogromny-skandal-piec-lat-procesu-i-trzy-osoby-uznane-za-winne-jednak-cala-praca-sadu-moze-pojsc-na-marne\/\"},\"author\":{\"name\":\"Filip\",\"@id\":\"https:\/\/www.pogotowieflagowe.pl\/aktualne\/#\/schema\/person\/9c2fb7d2362ebf6fa088960d7f0d27b0\"},\"headline\":\"Ogromny skandal, pi\u0119\u0107 lat procesu i trzy osoby uznane za winne. Jednak ca\u0142a praca s\u0105du mo\u017ce p\u00f3j\u015b\u0107 na marne\u2026\",\"datePublished\":\"2025-10-20T20:28:52+00:00\",\"dateModified\":\"2025-10-20T20:28:53+00:00\",\"mainEntityOfPage\":{\"@id\":\"https:\/\/www.pogotowieflagowe.pl\/aktualne\/ogromny-skandal-piec-lat-procesu-i-trzy-osoby-uznane-za-winne-jednak-cala-praca-sadu-moze-pojsc-na-marne\/\"},\"wordCount\":604,\"commentCount\":0,\"publisher\":{\"@id\":\"https:\/\/www.pogotowieflagowe.pl\/aktualne\/#organization\"},\"image\":{\"@id\":\"https:\/\/www.pogotowieflagowe.pl\/aktualne\/ogromny-skandal-piec-lat-procesu-i-trzy-osoby-uznane-za-winne-jednak-cala-praca-sadu-moze-pojsc-na-marne\/#primaryimage\"},\"thumbnailUrl\":\"https:\/\/www.pogotowieflagowe.pl\/aktualne\/wp-content\/uploads\/2025\/10\/Ogromny-skandal-piec-lat-procesu-i-trzy-osoby-uznane-za.webp.webp\",\"keywords\":[\"ca\u0142\u0105\",\"Jednak\",\"lat\",\"marne\",\"mo\u017ce\",\"ogromny\",\"osoby\",\"Pi\u0119\u0107\",\"p\u00f3j\u015b\u0107\",\"Praca\",\"procesu\",\"S\u0105du\",\"skandal\",\"Trzy\",\"uznane\",\"winne\"],\"articleSection\":[\"Aktualne\"],\"inLanguage\":\"pl-PL\",\"potentialAction\":[{\"@type\":\"CommentAction\",\"name\":\"Comment\",\"target\":[\"https:\/\/www.pogotowieflagowe.pl\/aktualne\/ogromny-skandal-piec-lat-procesu-i-trzy-osoby-uznane-za-winne-jednak-cala-praca-sadu-moze-pojsc-na-marne\/#respond\"]}]},{\"@type\":\"WebPage\",\"@id\":\"https:\/\/www.pogotowieflagowe.pl\/aktualne\/ogromny-skandal-piec-lat-procesu-i-trzy-osoby-uznane-za-winne-jednak-cala-praca-sadu-moze-pojsc-na-marne\/\",\"url\":\"https:\/\/www.pogotowieflagowe.pl\/aktualne\/ogromny-skandal-piec-lat-procesu-i-trzy-osoby-uznane-za-winne-jednak-cala-praca-sadu-moze-pojsc-na-marne\/\",\"name\":\"Ogromny skandal, pi\u0119\u0107 lat procesu i trzy osoby uznane za winne. Jednak ca\u0142a praca s\u0105du mo\u017ce p\u00f3j\u015b\u0107 na marne\u2026 - POGOTOWIE FLAGOWE\u00ae\",\"isPartOf\":{\"@id\":\"https:\/\/www.pogotowieflagowe.pl\/aktualne\/#website\"},\"primaryImageOfPage\":{\"@id\":\"https:\/\/www.pogotowieflagowe.pl\/aktualne\/ogromny-skandal-piec-lat-procesu-i-trzy-osoby-uznane-za-winne-jednak-cala-praca-sadu-moze-pojsc-na-marne\/#primaryimage\"},\"image\":{\"@id\":\"https:\/\/www.pogotowieflagowe.pl\/aktualne\/ogromny-skandal-piec-lat-procesu-i-trzy-osoby-uznane-za-winne-jednak-cala-praca-sadu-moze-pojsc-na-marne\/#primaryimage\"},\"thumbnailUrl\":\"https:\/\/www.pogotowieflagowe.pl\/aktualne\/wp-content\/uploads\/2025\/10\/Ogromny-skandal-piec-lat-procesu-i-trzy-osoby-uznane-za.webp.webp\",\"datePublished\":\"2025-10-20T20:28:52+00:00\",\"dateModified\":\"2025-10-20T20:28:53+00:00\",\"breadcrumb\":{\"@id\":\"https:\/\/www.pogotowieflagowe.pl\/aktualne\/ogromny-skandal-piec-lat-procesu-i-trzy-osoby-uznane-za-winne-jednak-cala-praca-sadu-moze-pojsc-na-marne\/#breadcrumb\"},\"inLanguage\":\"pl-PL\",\"potentialAction\":[{\"@type\":\"ReadAction\",\"target\":[\"https:\/\/www.pogotowieflagowe.pl\/aktualne\/ogromny-skandal-piec-lat-procesu-i-trzy-osoby-uznane-za-winne-jednak-cala-praca-sadu-moze-pojsc-na-marne\/\"]}]},{\"@type\":\"ImageObject\",\"inLanguage\":\"pl-PL\",\"@id\":\"https:\/\/www.pogotowieflagowe.pl\/aktualne\/ogromny-skandal-piec-lat-procesu-i-trzy-osoby-uznane-za-winne-jednak-cala-praca-sadu-moze-pojsc-na-marne\/#primaryimage\",\"url\":\"https:\/\/www.pogotowieflagowe.pl\/aktualne\/wp-content\/uploads\/2025\/10\/Ogromny-skandal-piec-lat-procesu-i-trzy-osoby-uznane-za.webp.webp\",\"contentUrl\":\"https:\/\/www.pogotowieflagowe.pl\/aktualne\/wp-content\/uploads\/2025\/10\/Ogromny-skandal-piec-lat-procesu-i-trzy-osoby-uznane-za.webp.webp\",\"width\":1280,\"height\":720,\"caption\":\"Ogromny skandal, pi\u0119\u0107 lat procesu i trzy osoby uznane za winne. Jednak ca\u0142a praca s\u0105du mo\u017ce p\u00f3j\u015b\u0107 na marne\u2026\"},{\"@type\":\"BreadcrumbList\",\"@id\":\"https:\/\/www.pogotowieflagowe.pl\/aktualne\/ogromny-skandal-piec-lat-procesu-i-trzy-osoby-uznane-za-winne-jednak-cala-praca-sadu-moze-pojsc-na-marne\/#breadcrumb\",\"itemListElement\":[{\"@type\":\"ListItem\",\"position\":1,\"name\":\"Home\",\"item\":\"https:\/\/www.pogotowieflagowe.pl\/aktualne\/\"},{\"@type\":\"ListItem\",\"position\":2,\"name\":\"Ogromny skandal, pi\u0119\u0107 lat procesu i trzy osoby uznane za winne. Jednak ca\u0142a praca s\u0105du mo\u017ce p\u00f3j\u015b\u0107 na marne\u2026\"}]},{\"@type\":\"WebSite\",\"@id\":\"https:\/\/www.pogotowieflagowe.pl\/aktualne\/#website\",\"url\":\"https:\/\/www.pogotowieflagowe.pl\/aktualne\/\",\"name\":\"POGOTOWIE FLAGOWE\u00ae\",\"description\":\"\",\"publisher\":{\"@id\":\"https:\/\/www.pogotowieflagowe.pl\/aktualne\/#organization\"},\"potentialAction\":[{\"@type\":\"SearchAction\",\"target\":{\"@type\":\"EntryPoint\",\"urlTemplate\":\"https:\/\/www.pogotowieflagowe.pl\/aktualne\/?s={search_term_string}\"},\"query-input\":\"required name=search_term_string\"}],\"inLanguage\":\"pl-PL\"},{\"@type\":\"Organization\",\"@id\":\"https:\/\/www.pogotowieflagowe.pl\/aktualne\/#organization\",\"name\":\"POGOTOWIE FLAGOWE\u00ae\",\"url\":\"https:\/\/www.pogotowieflagowe.pl\/aktualne\/\",\"logo\":{\"@type\":\"ImageObject\",\"inLanguage\":\"pl-PL\",\"@id\":\"https:\/\/www.pogotowieflagowe.pl\/aktualne\/#\/schema\/logo\/image\/\",\"url\":\"https:\/\/www.pogotowieflagowe.pl\/aktualne\/wp-content\/uploads\/2024\/08\/cropped-pogotowieflagowe_flaga_projekt_sm.jpg\",\"contentUrl\":\"https:\/\/www.pogotowieflagowe.pl\/aktualne\/wp-content\/uploads\/2024\/08\/cropped-pogotowieflagowe_flaga_projekt_sm.jpg\",\"width\":250,\"height\":143,\"caption\":\"POGOTOWIE FLAGOWE\u00ae\"},\"image\":{\"@id\":\"https:\/\/www.pogotowieflagowe.pl\/aktualne\/#\/schema\/logo\/image\/\"}},{\"@type\":\"Person\",\"@id\":\"https:\/\/www.pogotowieflagowe.pl\/aktualne\/#\/schema\/person\/9c2fb7d2362ebf6fa088960d7f0d27b0\",\"name\":\"Filip\",\"image\":{\"@type\":\"ImageObject\",\"inLanguage\":\"pl-PL\",\"@id\":\"https:\/\/www.pogotowieflagowe.pl\/aktualne\/#\/schema\/person\/image\/\",\"url\":\"https:\/\/www.pogotowieflagowe.pl\/aktualne\/wp-content\/uploads\/2024\/08\/pogotowieflagowe.pl_.jpg\",\"contentUrl\":\"https:\/\/www.pogotowieflagowe.pl\/aktualne\/wp-content\/uploads\/2024\/08\/pogotowieflagowe.pl_.jpg\",\"caption\":\"Filip\"},\"description\":\"Jestem Filip, polski dziennikarz z dyplomem nauk politycznych Uniwersytetu Warszawskiego. Rozpoczynaj\u0105c swoj\u0105 karier\u0119 w r\u00f3\u017cnych lokalnych mediach, zdoby\u0142em solidne do\u015bwiadczenie w zakresie \u015bledztwa i redakcji. Obecnie jako redaktor w Pogotowie flagowe, staram si\u0119 dostarcza\u0107 dog\u0142\u0119bne i istotne analizy na temat najwa\u017cniejszych kwestii aktualno\u015bci, \u0142\u0105cz\u0105c rygor z pasj\u0105 dziennikarsk\u0105.\",\"sameAs\":[\"https:\/\/www.pogotowieflagowe.pl\/\"]}]}<\/script>\n<!-- \/ Yoast SEO plugin. -->","yoast_head_json":{"title":"Ogromny skandal, pi\u0119\u0107 lat procesu i trzy osoby uznane za winne. Jednak ca\u0142a praca s\u0105du mo\u017ce p\u00f3j\u015b\u0107 na marne\u2026 - POGOTOWIE FLAGOWE\u00ae","robots":{"index":"index","follow":"follow","max-snippet":"max-snippet:-1","max-image-preview":"max-image-preview:large","max-video-preview":"max-video-preview:-1"},"canonical":"https:\/\/www.pogotowieflagowe.pl\/aktualne\/ogromny-skandal-piec-lat-procesu-i-trzy-osoby-uznane-za-winne-jednak-cala-praca-sadu-moze-pojsc-na-marne\/","og_locale":"pl_PL","og_type":"article","og_title":"Ogromny skandal, pi\u0119\u0107 lat procesu i trzy osoby uznane za winne. Jednak ca\u0142a praca s\u0105du mo\u017ce p\u00f3j\u015b\u0107 na marne\u2026 - POGOTOWIE FLAGOWE\u00ae","og_description":"Analiza ogromnego materia\u0142u dowodowego, ponad pi\u0119\u0107dziesi\u0105t przes\u0142ucha\u0144 i trwaj\u0105cy pi\u0119\u0107 lat i kosztuj\u0105cy fortun\u0119 proces \u2013 ostatecznie zako\u0144czy\u0142y si\u0119 wyrokiem","og_url":"https:\/\/www.pogotowieflagowe.pl\/aktualne\/ogromny-skandal-piec-lat-procesu-i-trzy-osoby-uznane-za-winne-jednak-cala-praca-sadu-moze-pojsc-na-marne\/","og_site_name":"POGOTOWIE FLAGOWE\u00ae","article_published_time":"2025-10-20T20:28:52+00:00","article_modified_time":"2025-10-20T20:28:53+00:00","og_image":[{"width":1280,"height":720,"url":"https:\/\/www.pogotowieflagowe.pl\/aktualne\/wp-content\/uploads\/2025\/10\/Ogromny-skandal-piec-lat-procesu-i-trzy-osoby-uznane-za.webp.webp","type":"image\/webp"}],"author":"Filip","twitter_card":"summary_large_image","twitter_misc":{"Napisane przez":"Filip","Szacowany czas czytania":"3 minuty"},"schema":{"@context":"https:\/\/schema.org","@graph":[{"@type":"Article","@id":"https:\/\/www.pogotowieflagowe.pl\/aktualne\/ogromny-skandal-piec-lat-procesu-i-trzy-osoby-uznane-za-winne-jednak-cala-praca-sadu-moze-pojsc-na-marne\/#article","isPartOf":{"@id":"https:\/\/www.pogotowieflagowe.pl\/aktualne\/ogromny-skandal-piec-lat-procesu-i-trzy-osoby-uznane-za-winne-jednak-cala-praca-sadu-moze-pojsc-na-marne\/"},"author":{"name":"Filip","@id":"https:\/\/www.pogotowieflagowe.pl\/aktualne\/#\/schema\/person\/9c2fb7d2362ebf6fa088960d7f0d27b0"},"headline":"Ogromny skandal, pi\u0119\u0107 lat procesu i trzy osoby uznane za winne. Jednak ca\u0142a praca s\u0105du mo\u017ce p\u00f3j\u015b\u0107 na marne\u2026","datePublished":"2025-10-20T20:28:52+00:00","dateModified":"2025-10-20T20:28:53+00:00","mainEntityOfPage":{"@id":"https:\/\/www.pogotowieflagowe.pl\/aktualne\/ogromny-skandal-piec-lat-procesu-i-trzy-osoby-uznane-za-winne-jednak-cala-praca-sadu-moze-pojsc-na-marne\/"},"wordCount":604,"commentCount":0,"publisher":{"@id":"https:\/\/www.pogotowieflagowe.pl\/aktualne\/#organization"},"image":{"@id":"https:\/\/www.pogotowieflagowe.pl\/aktualne\/ogromny-skandal-piec-lat-procesu-i-trzy-osoby-uznane-za-winne-jednak-cala-praca-sadu-moze-pojsc-na-marne\/#primaryimage"},"thumbnailUrl":"https:\/\/www.pogotowieflagowe.pl\/aktualne\/wp-content\/uploads\/2025\/10\/Ogromny-skandal-piec-lat-procesu-i-trzy-osoby-uznane-za.webp.webp","keywords":["ca\u0142\u0105","Jednak","lat","marne","mo\u017ce","ogromny","osoby","Pi\u0119\u0107","p\u00f3j\u015b\u0107","Praca","procesu","S\u0105du","skandal","Trzy","uznane","winne"],"articleSection":["Aktualne"],"inLanguage":"pl-PL","potentialAction":[{"@type":"CommentAction","name":"Comment","target":["https:\/\/www.pogotowieflagowe.pl\/aktualne\/ogromny-skandal-piec-lat-procesu-i-trzy-osoby-uznane-za-winne-jednak-cala-praca-sadu-moze-pojsc-na-marne\/#respond"]}]},{"@type":"WebPage","@id":"https:\/\/www.pogotowieflagowe.pl\/aktualne\/ogromny-skandal-piec-lat-procesu-i-trzy-osoby-uznane-za-winne-jednak-cala-praca-sadu-moze-pojsc-na-marne\/","url":"https:\/\/www.pogotowieflagowe.pl\/aktualne\/ogromny-skandal-piec-lat-procesu-i-trzy-osoby-uznane-za-winne-jednak-cala-praca-sadu-moze-pojsc-na-marne\/","name":"Ogromny skandal, pi\u0119\u0107 lat procesu i trzy osoby uznane za winne. Jednak ca\u0142a praca s\u0105du mo\u017ce p\u00f3j\u015b\u0107 na marne\u2026 - POGOTOWIE FLAGOWE\u00ae","isPartOf":{"@id":"https:\/\/www.pogotowieflagowe.pl\/aktualne\/#website"},"primaryImageOfPage":{"@id":"https:\/\/www.pogotowieflagowe.pl\/aktualne\/ogromny-skandal-piec-lat-procesu-i-trzy-osoby-uznane-za-winne-jednak-cala-praca-sadu-moze-pojsc-na-marne\/#primaryimage"},"image":{"@id":"https:\/\/www.pogotowieflagowe.pl\/aktualne\/ogromny-skandal-piec-lat-procesu-i-trzy-osoby-uznane-za-winne-jednak-cala-praca-sadu-moze-pojsc-na-marne\/#primaryimage"},"thumbnailUrl":"https:\/\/www.pogotowieflagowe.pl\/aktualne\/wp-content\/uploads\/2025\/10\/Ogromny-skandal-piec-lat-procesu-i-trzy-osoby-uznane-za.webp.webp","datePublished":"2025-10-20T20:28:52+00:00","dateModified":"2025-10-20T20:28:53+00:00","breadcrumb":{"@id":"https:\/\/www.pogotowieflagowe.pl\/aktualne\/ogromny-skandal-piec-lat-procesu-i-trzy-osoby-uznane-za-winne-jednak-cala-praca-sadu-moze-pojsc-na-marne\/#breadcrumb"},"inLanguage":"pl-PL","potentialAction":[{"@type":"ReadAction","target":["https:\/\/www.pogotowieflagowe.pl\/aktualne\/ogromny-skandal-piec-lat-procesu-i-trzy-osoby-uznane-za-winne-jednak-cala-praca-sadu-moze-pojsc-na-marne\/"]}]},{"@type":"ImageObject","inLanguage":"pl-PL","@id":"https:\/\/www.pogotowieflagowe.pl\/aktualne\/ogromny-skandal-piec-lat-procesu-i-trzy-osoby-uznane-za-winne-jednak-cala-praca-sadu-moze-pojsc-na-marne\/#primaryimage","url":"https:\/\/www.pogotowieflagowe.pl\/aktualne\/wp-content\/uploads\/2025\/10\/Ogromny-skandal-piec-lat-procesu-i-trzy-osoby-uznane-za.webp.webp","contentUrl":"https:\/\/www.pogotowieflagowe.pl\/aktualne\/wp-content\/uploads\/2025\/10\/Ogromny-skandal-piec-lat-procesu-i-trzy-osoby-uznane-za.webp.webp","width":1280,"height":720,"caption":"Ogromny skandal, pi\u0119\u0107 lat procesu i trzy osoby uznane za winne. Jednak ca\u0142a praca s\u0105du mo\u017ce p\u00f3j\u015b\u0107 na marne\u2026"},{"@type":"BreadcrumbList","@id":"https:\/\/www.pogotowieflagowe.pl\/aktualne\/ogromny-skandal-piec-lat-procesu-i-trzy-osoby-uznane-za-winne-jednak-cala-praca-sadu-moze-pojsc-na-marne\/#breadcrumb","itemListElement":[{"@type":"ListItem","position":1,"name":"Home","item":"https:\/\/www.pogotowieflagowe.pl\/aktualne\/"},{"@type":"ListItem","position":2,"name":"Ogromny skandal, pi\u0119\u0107 lat procesu i trzy osoby uznane za winne. Jednak ca\u0142a praca s\u0105du mo\u017ce p\u00f3j\u015b\u0107 na marne\u2026"}]},{"@type":"WebSite","@id":"https:\/\/www.pogotowieflagowe.pl\/aktualne\/#website","url":"https:\/\/www.pogotowieflagowe.pl\/aktualne\/","name":"POGOTOWIE FLAGOWE\u00ae","description":"","publisher":{"@id":"https:\/\/www.pogotowieflagowe.pl\/aktualne\/#organization"},"potentialAction":[{"@type":"SearchAction","target":{"@type":"EntryPoint","urlTemplate":"https:\/\/www.pogotowieflagowe.pl\/aktualne\/?s={search_term_string}"},"query-input":"required name=search_term_string"}],"inLanguage":"pl-PL"},{"@type":"Organization","@id":"https:\/\/www.pogotowieflagowe.pl\/aktualne\/#organization","name":"POGOTOWIE FLAGOWE\u00ae","url":"https:\/\/www.pogotowieflagowe.pl\/aktualne\/","logo":{"@type":"ImageObject","inLanguage":"pl-PL","@id":"https:\/\/www.pogotowieflagowe.pl\/aktualne\/#\/schema\/logo\/image\/","url":"https:\/\/www.pogotowieflagowe.pl\/aktualne\/wp-content\/uploads\/2024\/08\/cropped-pogotowieflagowe_flaga_projekt_sm.jpg","contentUrl":"https:\/\/www.pogotowieflagowe.pl\/aktualne\/wp-content\/uploads\/2024\/08\/cropped-pogotowieflagowe_flaga_projekt_sm.jpg","width":250,"height":143,"caption":"POGOTOWIE FLAGOWE\u00ae"},"image":{"@id":"https:\/\/www.pogotowieflagowe.pl\/aktualne\/#\/schema\/logo\/image\/"}},{"@type":"Person","@id":"https:\/\/www.pogotowieflagowe.pl\/aktualne\/#\/schema\/person\/9c2fb7d2362ebf6fa088960d7f0d27b0","name":"Filip","image":{"@type":"ImageObject","inLanguage":"pl-PL","@id":"https:\/\/www.pogotowieflagowe.pl\/aktualne\/#\/schema\/person\/image\/","url":"https:\/\/www.pogotowieflagowe.pl\/aktualne\/wp-content\/uploads\/2024\/08\/pogotowieflagowe.pl_.jpg","contentUrl":"https:\/\/www.pogotowieflagowe.pl\/aktualne\/wp-content\/uploads\/2024\/08\/pogotowieflagowe.pl_.jpg","caption":"Filip"},"description":"Jestem Filip, polski dziennikarz z dyplomem nauk politycznych Uniwersytetu Warszawskiego. Rozpoczynaj\u0105c swoj\u0105 karier\u0119 w r\u00f3\u017cnych lokalnych mediach, zdoby\u0142em solidne do\u015bwiadczenie w zakresie \u015bledztwa i redakcji. Obecnie jako redaktor w Pogotowie flagowe, staram si\u0119 dostarcza\u0107 dog\u0142\u0119bne i istotne analizy na temat najwa\u017cniejszych kwestii aktualno\u015bci, \u0142\u0105cz\u0105c rygor z pasj\u0105 dziennikarsk\u0105.","sameAs":["https:\/\/www.pogotowieflagowe.pl\/"]}]}},"_links":{"self":[{"href":"https:\/\/www.pogotowieflagowe.pl\/aktualne\/wp-json\/wp\/v2\/posts\/9591","targetHints":{"allow":["GET"]}}],"collection":[{"href":"https:\/\/www.pogotowieflagowe.pl\/aktualne\/wp-json\/wp\/v2\/posts"}],"about":[{"href":"https:\/\/www.pogotowieflagowe.pl\/aktualne\/wp-json\/wp\/v2\/types\/post"}],"author":[{"embeddable":true,"href":"https:\/\/www.pogotowieflagowe.pl\/aktualne\/wp-json\/wp\/v2\/users\/1"}],"replies":[{"embeddable":true,"href":"https:\/\/www.pogotowieflagowe.pl\/aktualne\/wp-json\/wp\/v2\/comments?post=9591"}],"version-history":[{"count":1,"href":"https:\/\/www.pogotowieflagowe.pl\/aktualne\/wp-json\/wp\/v2\/posts\/9591\/revisions"}],"predecessor-version":[{"id":9593,"href":"https:\/\/www.pogotowieflagowe.pl\/aktualne\/wp-json\/wp\/v2\/posts\/9591\/revisions\/9593"}],"wp:featuredmedia":[{"embeddable":true,"href":"https:\/\/www.pogotowieflagowe.pl\/aktualne\/wp-json\/wp\/v2\/media\/9592"}],"wp:attachment":[{"href":"https:\/\/www.pogotowieflagowe.pl\/aktualne\/wp-json\/wp\/v2\/media?parent=9591"}],"wp:term":[{"taxonomy":"category","embeddable":true,"href":"https:\/\/www.pogotowieflagowe.pl\/aktualne\/wp-json\/wp\/v2\/categories?post=9591"},{"taxonomy":"post_tag","embeddable":true,"href":"https:\/\/www.pogotowieflagowe.pl\/aktualne\/wp-json\/wp\/v2\/tags?post=9591"}],"curies":[{"name":"wp","href":"https:\/\/api.w.org\/{rel}","templated":true}]}}