{"id":9614,"date":"2025-10-21T13:27:55","date_gmt":"2025-10-21T11:27:55","guid":{"rendered":"https:\/\/www.pogotowieflagowe.pl\/aktualne\/tusk-znow-pod-ostrzalem-partner-koalicji-przyznaje-ze-zmiana-premiera-mogla-wszystko-zmienic\/"},"modified":"2025-10-21T13:27:56","modified_gmt":"2025-10-21T11:27:56","slug":"tusk-znow-pod-ostrzalem-partner-koalicji-przyznaje-ze-zmiana-premiera-mogla-wszystko-zmienic","status":"publish","type":"post","link":"https:\/\/www.pogotowieflagowe.pl\/aktualne\/tusk-znow-pod-ostrzalem-partner-koalicji-przyznaje-ze-zmiana-premiera-mogla-wszystko-zmienic\/","title":{"rendered":"Tusk zn\u00f3w pod ostrza\u0142em? Partner koalicji przyznaje, \u017ce zmiana premiera mog\u0142a wszystko zmieni\u0107"},"content":{"rendered":"\n<div class=\"td_block_wrap tdb_single_content tdi_41 td-pb-border-top td_block_template_8 td-post-content tagdiv-type\" data-td-block-uid=\"tdi_41\">\n<style>.tdi_41{margines-top:0px!important;margin-bottom:0px!important;dope\u0142nienie-g\u00f3ra:0px!important;dope\u0142nienie-d\u00f3\u0142:0px!important}<\/style>\n<style>.tdb_single_content{margin-bottom:0;*zoom:1}.tdb_single_content:before,.tdb_single_content:after{display:table;content:'';line-height:0}.tdb_single_content:after{clear:both}.tdb_single_content .tdb-block-inner>*:not(.wp-block-quote):not(.alignwide):not(.alignfull.wp-block-cover.has-parallax):not(.td-a-ad){margin-left:auto;margin-right:auto}.tdb_single_content a{pointer-events:auto}.tdb_single_content .td-spot-id-top_ad .tdc-placeholder-title:before{content:'Article Top Ad'!important}.tdb_single_content .td-spot-id-inline_ad0 .tdc-placeholder-title:before{content:'Article Reklama wbudowana 1'!important}.tdb_single_content .td-spot-id-inline_ad1 .tdc-placeholder-title:before{content:'Reklama wbudowana w artyku\u0142 2'!important}.tdb_single_content .td-spot-id-inline_ad2 .tdc-placeholder-title:before{content:'Reklama w tek\u015bcie artyku\u0142u 3'!important}.tdb_single_content .td-spot-id-bottom_ad .tdc-placeholder-title:before{content:'Article Bottom Ad'!important}.tdb_single_content .id_top_ad,.tdb_single_content .id_bottom_ad{clear:both;margin-bottom:21px;text-align:center}.tdb_single_content .id_top_ad img,.tdb_single_content .id_bottom_ad img{margin-bottom:0}.tdb_single_content .id_top_ad .adsbygoogle,.tdb_single_content .id_bottom_ad .adsbygoogle{position:relative}.tdb_single_content .id_ad_content-horiz-left,.tdb_single_content .id_ad_content-horiz-right,.tdb_single_content .id_ad_content-horiz-center{margin-bottom:15px}.tdb_single_content .id_ad_content-horiz-left img,.tdb_single_content .id_ad_content-horiz-right img,.tdb_single_content .id_ad_content-horiz-center img{margin-bottom:0}.tdb_single_content .id_ad_content-horiz-center{text-align:center}.tdb_single_content .id_ad_content-horiz-center img{margin-right:auto;margin-left:auto}.tdb_single_content .id_ad_content-horiz-left{float:left;margin-top:9px;margin-right:21px}.tdb_single_content .id_ad_content-horiz-right{float:right;margin-top:6px;margin-left:21px}.tdb_single_content .tdc-a-ad .tdc-placeholder-title{width:300px;height:250px}.tdb_single_content .tdc-a-ad .tdc-placeholder-title:before{position:absolute;top:50%;-webkit-transform:translateY(-50%);transform:translateY(-50%);margin:auto;display:table;width:100%}.tdb_single_content .tdb-block-inner.td-fix-index{word-break:break-word}.tdi_41,.tdi_41>p,.tdi_41 .tdb-block-inner>p,.wp-block-column>p{font-size:16px!important;line-height:1.6!important}.tdi_41 .tdb-block-inner cytat blokowy p{font-style:normal!important}@media (max-width:767px){.tdb_single_content .id_ad_content-horiz-left,.tdb_single_content .id_ad_content-horiz-right,.tdb_single_content .id_ad_content-horiz-center{margin:0 auto 26 pikseli auto}}@media (max-width:767px){.tdb_single_content .id_ad_content-horiz-left{margin-right:0}}@media (max-width:767px){.tdb_single_content .id_ad_content-horiz-right{margin-left:0}}@media (max-width:767px){.tdb_single_content .td-a-ad{float:none;text-align:center}.tdb_single_content .td-a-ad img{margin-right:auto;margin-left:auto}.tdb_single_content .tdc-a-ad{float:none}}<\/style>\n<div class=\"tdb-block-inner td-fix-index\">\n<p>\u201eWielokrotnie m\u00f3wi\u0142em, \u017ce w ramach rekonstrukcji rz\u0105du nale\u017cy najpierw wymieni\u0107 premiera\u201d \u2013 powiedzia\u0142 w poniedzia\u0142ek pose\u0142 PSL Marek Sawicki.<\/p>\n<p>15 pa\u017adziernika min\u0119\u0142y dwa lata od obj\u0119cia w\u0142adzy przez koalicj\u0119 \u201e13 grudnia\u201d. Wed\u0142ug niedawnego sonda\u017cu przeprowadzonego przez Instytut Badawczy Pollster ds <em>Super Ekspres<\/em>wielu wyborc\u00f3w partii rz\u0105dz\u0105cej koalicji jest rozczarowanych prac\u0105 rz\u0105du. Obecnie jedynie 65 proc. g\u0142osuj\u0105cych na koalicj\u0119 w 2023 roku zrobi\u0142oby to ponownie. Dwadzie\u015bcia dwa procent wyborc\u00f3w koalicji zmieni\u0142o zdanie, a 13 procent pozostaje niezdecydowanych.<\/p>\n<h2 class=\"wp-block-heading\">\u201eM\u00f3wi\u0142em to wiele razy\u201d<\/h2>\n<p>Co ciekawe, wyniki te pojawi\u0142y si\u0119 po d\u0142ugo zapowiadanych zmianach w rz\u0105dzie. Cho\u0107 rzeczywi\u015bcie kilku ministr\u00f3w straci\u0142o stanowiska, a na ich miejsce pojawi\u0142y si\u0119 nowe twarze, na g\u00f3rze nie dosz\u0142o do zmian. Zdaniem Marka Sawickiego z PSL, od tego powinny zacz\u0105\u0107 si\u0119 przetasowania.<\/p>\n<p>&#8222;Wielokrotnie m\u00f3wi\u0142em, \u017ce w ramach rekonstrukcji rz\u0105du powinni\u015bmy najpierw wymieni\u0107 premiera. Sprawy potoczy\u0142y si\u0119 inaczej, teraz jeste\u015bmy ju\u017c ponad dwa miesi\u0105ce po zmianach w rz\u0105dzie&#8221; &#8211; m\u00f3wi\u0142 w 1. Polskim Radiu.<\/p>\n<p>Podkre\u015bli\u0142, \u017ce decyzja nale\u017cy do \u201enajwi\u0119kszego klubu koalicyjnego, Platformy Obywatelskiej\u201d.<br \/>&#8222;Stoj\u0105 u boku premiera Donalda Tuska i oczywi\u015bcie maj\u0105 do tego prawo. Jak to si\u0119 zako\u0144czy, zobaczymy za dwa lata&#8221; &#8211; zadeklarowa\u0142, dodaj\u0105c: &#8222;Wydaje mi si\u0119, \u017ce mimo wszystko zmiana premiera, po\u0142\u0105czona z rekonfiguracj\u0105 rz\u0105du i znaczn\u0105 redukcj\u0105 liczby ministerstw, poprawi\u0142aby sytuacj\u0119&#8221;.<\/p>\n<p>Zapytany, czy koalicja pod wodz\u0105 Tuska mo\u017ce wygra\u0107 najbli\u017csze wybory parlamentarne, odpowiedzia\u0142, \u017ce nie b\u0119dzie to zale\u017ca\u0142o od jednej osoby.<\/p>\n<p>\u201eKoalicja mo\u017ce do tego czasu przetrwa\u0107, ale to, czy wygra, b\u0119dzie zale\u017ca\u0142o nie tylko od Donalda Tuska, ale tak\u017ce od aktywno\u015bci pozosta\u0142ych ministr\u00f3w\u201d \u2013 oceni\u0142.<\/p>\n<h2 class=\"wp-block-heading\">Kto m\u00f3g\u0142by zast\u0105pi\u0107 Tuska?<\/h2>\n<p>Je\u015bli zmiana premiera mog\u0142aby poprawi\u0107 pozycj\u0119 koalicji, to kto m\u00f3g\u0142by zaj\u0105\u0107 miejsce Tuska? Jako potencjalnego nast\u0119pc\u0119 komentatorzy cz\u0119sto wskazywali Rados\u0142awa Sikorskiego. Na nieszcz\u0119\u015bcie zar\u00f3wno dla wicepremiera, jak i Platformy Obywatelskiej, Polacy uwa\u017caj\u0105, \u017ce takie przetasowania nie zwi\u0119ksz\u0105 szans koalicji rz\u0105dz\u0105cej na utrzymanie si\u0119 u w\u0142adzy. <\/p>\n<p>Przeczytaj wi\u0119cej<span class=\"screen-reader-text\">: Tusk znowu pod ostrza\u0142em? Partner koalicji przyznaje, \u017ce zmiana premiera mog\u0142a wszystko zmieni\u0107<\/span><\/p>\n<p>Polacy maj\u0105 do\u015b\u0107 premiera Donalda Tuska \u2013 czy minister spraw zagranicznych Rados\u0142aw Sikorski m\u00f3g\u0142by uratowa\u0107 koalicj\u0119 rz\u0105dz\u0105c\u0105? <\/p>\n<\/div>\n<\/div>\n","protected":false},"excerpt":{"rendered":"<p>\u201eWielokrotnie m\u00f3wi\u0142em, \u017ce w ramach rekonstrukcji rz\u0105du nale\u017cy najpierw wymieni\u0107 premiera\u201d \u2013 powiedzia\u0142 w poniedzia\u0142ek pose\u0142 PSL Marek Sawicki. 15<\/p>\n","protected":false},"author":1,"featured_media":9615,"comment_status":"open","ping_status":"open","sticky":false,"template":"","format":"standard","meta":{"footnotes":""},"categories":[4748],"tags":[3843,8283,3543,11110,2326,1380,5840,221,4769,453,2262,9123,635],"class_list":["post-9614","post","type-post","status-publish","format-standard","has-post-thumbnail","hentry","category-aktualne","tag-koalicji","tag-mogla","tag-ostrzalem","tag-partner","tag-pod","tag-premiera","tag-przyznaje","tag-tusk","tag-wszystko","tag-ze","tag-zmiana","tag-zmienic","tag-znow","generate-columns","tablet-grid-50","mobile-grid-100","grid-parent","grid-50","resize-featured-image"],"yoast_head":"<!-- This site is optimized with the Yoast SEO plugin v23.2 - https:\/\/yoast.com\/wordpress\/plugins\/seo\/ -->\n<title>Tusk zn\u00f3w pod ostrza\u0142em? Partner koalicji przyznaje, \u017ce zmiana premiera mog\u0142a wszystko zmieni\u0107 - POGOTOWIE FLAGOWE\u00ae<\/title>\n<meta name=\"robots\" content=\"index, follow, max-snippet:-1, max-image-preview:large, max-video-preview:-1\" \/>\n<link rel=\"canonical\" href=\"https:\/\/www.pogotowieflagowe.pl\/aktualne\/tusk-znow-pod-ostrzalem-partner-koalicji-przyznaje-ze-zmiana-premiera-mogla-wszystko-zmienic\/\" \/>\n<meta property=\"og:locale\" content=\"pl_PL\" \/>\n<meta property=\"og:type\" content=\"article\" \/>\n<meta property=\"og:title\" content=\"Tusk zn\u00f3w pod ostrza\u0142em? Partner koalicji przyznaje, \u017ce zmiana premiera mog\u0142a wszystko zmieni\u0107 - POGOTOWIE FLAGOWE\u00ae\" \/>\n<meta property=\"og:description\" content=\"\u201eWielokrotnie m\u00f3wi\u0142em, \u017ce w ramach rekonstrukcji rz\u0105du nale\u017cy najpierw wymieni\u0107 premiera\u201d \u2013 powiedzia\u0142 w poniedzia\u0142ek pose\u0142 PSL Marek Sawicki. 15\" \/>\n<meta property=\"og:url\" content=\"https:\/\/www.pogotowieflagowe.pl\/aktualne\/tusk-znow-pod-ostrzalem-partner-koalicji-przyznaje-ze-zmiana-premiera-mogla-wszystko-zmienic\/\" \/>\n<meta property=\"og:site_name\" content=\"POGOTOWIE FLAGOWE\u00ae\" \/>\n<meta property=\"article:published_time\" content=\"2025-10-21T11:27:55+00:00\" \/>\n<meta property=\"article:modified_time\" content=\"2025-10-21T11:27:56+00:00\" \/>\n<meta property=\"og:image\" content=\"https:\/\/www.pogotowieflagowe.pl\/aktualne\/wp-content\/uploads\/2025\/10\/Tusk-znow-pod-ostrzalem-Partner-koalicji-przyznaje-ze-zmiana-premiera.webp.webp\" \/>\n\t<meta property=\"og:image:width\" content=\"1280\" \/>\n\t<meta property=\"og:image:height\" content=\"719\" \/>\n\t<meta property=\"og:image:type\" content=\"image\/webp\" \/>\n<meta name=\"author\" content=\"Filip\" \/>\n<meta name=\"twitter:card\" content=\"summary_large_image\" \/>\n<meta name=\"twitter:label1\" content=\"Napisane przez\" \/>\n\t<meta name=\"twitter:data1\" content=\"Filip\" \/>\n\t<meta name=\"twitter:label2\" content=\"Szacowany czas czytania\" \/>\n\t<meta name=\"twitter:data2\" content=\"2 minuty\" \/>\n<script type=\"application\/ld+json\" class=\"yoast-schema-graph\">{\"@context\":\"https:\/\/schema.org\",\"@graph\":[{\"@type\":\"Article\",\"@id\":\"https:\/\/www.pogotowieflagowe.pl\/aktualne\/tusk-znow-pod-ostrzalem-partner-koalicji-przyznaje-ze-zmiana-premiera-mogla-wszystko-zmienic\/#article\",\"isPartOf\":{\"@id\":\"https:\/\/www.pogotowieflagowe.pl\/aktualne\/tusk-znow-pod-ostrzalem-partner-koalicji-przyznaje-ze-zmiana-premiera-mogla-wszystko-zmienic\/\"},\"author\":{\"name\":\"Filip\",\"@id\":\"https:\/\/www.pogotowieflagowe.pl\/aktualne\/#\/schema\/person\/9c2fb7d2362ebf6fa088960d7f0d27b0\"},\"headline\":\"Tusk zn\u00f3w pod ostrza\u0142em? Partner koalicji przyznaje, \u017ce zmiana premiera mog\u0142a wszystko zmieni\u0107\",\"datePublished\":\"2025-10-21T11:27:55+00:00\",\"dateModified\":\"2025-10-21T11:27:56+00:00\",\"mainEntityOfPage\":{\"@id\":\"https:\/\/www.pogotowieflagowe.pl\/aktualne\/tusk-znow-pod-ostrzalem-partner-koalicji-przyznaje-ze-zmiana-premiera-mogla-wszystko-zmienic\/\"},\"wordCount\":426,\"commentCount\":0,\"publisher\":{\"@id\":\"https:\/\/www.pogotowieflagowe.pl\/aktualne\/#organization\"},\"image\":{\"@id\":\"https:\/\/www.pogotowieflagowe.pl\/aktualne\/tusk-znow-pod-ostrzalem-partner-koalicji-przyznaje-ze-zmiana-premiera-mogla-wszystko-zmienic\/#primaryimage\"},\"thumbnailUrl\":\"https:\/\/www.pogotowieflagowe.pl\/aktualne\/wp-content\/uploads\/2025\/10\/Tusk-znow-pod-ostrzalem-Partner-koalicji-przyznaje-ze-zmiana-premiera.webp.webp\",\"keywords\":[\"Koalicji\",\"mog\u0142a\",\"ostrza\u0142em\",\"Partner\",\"pod\",\"premiera\",\"przyznaje\",\"Tusk\",\"wszystko\",\"\u017ce\",\"zmiana\",\"zmieni\u0107\",\"zn\u00f3w\"],\"articleSection\":[\"Aktualne\"],\"inLanguage\":\"pl-PL\",\"potentialAction\":[{\"@type\":\"CommentAction\",\"name\":\"Comment\",\"target\":[\"https:\/\/www.pogotowieflagowe.pl\/aktualne\/tusk-znow-pod-ostrzalem-partner-koalicji-przyznaje-ze-zmiana-premiera-mogla-wszystko-zmienic\/#respond\"]}]},{\"@type\":\"WebPage\",\"@id\":\"https:\/\/www.pogotowieflagowe.pl\/aktualne\/tusk-znow-pod-ostrzalem-partner-koalicji-przyznaje-ze-zmiana-premiera-mogla-wszystko-zmienic\/\",\"url\":\"https:\/\/www.pogotowieflagowe.pl\/aktualne\/tusk-znow-pod-ostrzalem-partner-koalicji-przyznaje-ze-zmiana-premiera-mogla-wszystko-zmienic\/\",\"name\":\"Tusk zn\u00f3w pod ostrza\u0142em? Partner koalicji przyznaje, \u017ce zmiana premiera mog\u0142a wszystko zmieni\u0107 - POGOTOWIE FLAGOWE\u00ae\",\"isPartOf\":{\"@id\":\"https:\/\/www.pogotowieflagowe.pl\/aktualne\/#website\"},\"primaryImageOfPage\":{\"@id\":\"https:\/\/www.pogotowieflagowe.pl\/aktualne\/tusk-znow-pod-ostrzalem-partner-koalicji-przyznaje-ze-zmiana-premiera-mogla-wszystko-zmienic\/#primaryimage\"},\"image\":{\"@id\":\"https:\/\/www.pogotowieflagowe.pl\/aktualne\/tusk-znow-pod-ostrzalem-partner-koalicji-przyznaje-ze-zmiana-premiera-mogla-wszystko-zmienic\/#primaryimage\"},\"thumbnailUrl\":\"https:\/\/www.pogotowieflagowe.pl\/aktualne\/wp-content\/uploads\/2025\/10\/Tusk-znow-pod-ostrzalem-Partner-koalicji-przyznaje-ze-zmiana-premiera.webp.webp\",\"datePublished\":\"2025-10-21T11:27:55+00:00\",\"dateModified\":\"2025-10-21T11:27:56+00:00\",\"breadcrumb\":{\"@id\":\"https:\/\/www.pogotowieflagowe.pl\/aktualne\/tusk-znow-pod-ostrzalem-partner-koalicji-przyznaje-ze-zmiana-premiera-mogla-wszystko-zmienic\/#breadcrumb\"},\"inLanguage\":\"pl-PL\",\"potentialAction\":[{\"@type\":\"ReadAction\",\"target\":[\"https:\/\/www.pogotowieflagowe.pl\/aktualne\/tusk-znow-pod-ostrzalem-partner-koalicji-przyznaje-ze-zmiana-premiera-mogla-wszystko-zmienic\/\"]}]},{\"@type\":\"ImageObject\",\"inLanguage\":\"pl-PL\",\"@id\":\"https:\/\/www.pogotowieflagowe.pl\/aktualne\/tusk-znow-pod-ostrzalem-partner-koalicji-przyznaje-ze-zmiana-premiera-mogla-wszystko-zmienic\/#primaryimage\",\"url\":\"https:\/\/www.pogotowieflagowe.pl\/aktualne\/wp-content\/uploads\/2025\/10\/Tusk-znow-pod-ostrzalem-Partner-koalicji-przyznaje-ze-zmiana-premiera.webp.webp\",\"contentUrl\":\"https:\/\/www.pogotowieflagowe.pl\/aktualne\/wp-content\/uploads\/2025\/10\/Tusk-znow-pod-ostrzalem-Partner-koalicji-przyznaje-ze-zmiana-premiera.webp.webp\",\"width\":1280,\"height\":719,\"caption\":\"Tusk zn\u00f3w pod ostrza\u0142em? Partner koalicji przyznaje, \u017ce zmiana premiera mog\u0142a wszystko zmieni\u0107\"},{\"@type\":\"BreadcrumbList\",\"@id\":\"https:\/\/www.pogotowieflagowe.pl\/aktualne\/tusk-znow-pod-ostrzalem-partner-koalicji-przyznaje-ze-zmiana-premiera-mogla-wszystko-zmienic\/#breadcrumb\",\"itemListElement\":[{\"@type\":\"ListItem\",\"position\":1,\"name\":\"Home\",\"item\":\"https:\/\/www.pogotowieflagowe.pl\/aktualne\/\"},{\"@type\":\"ListItem\",\"position\":2,\"name\":\"Tusk zn\u00f3w pod ostrza\u0142em? Partner koalicji przyznaje, \u017ce zmiana premiera mog\u0142a wszystko zmieni\u0107\"}]},{\"@type\":\"WebSite\",\"@id\":\"https:\/\/www.pogotowieflagowe.pl\/aktualne\/#website\",\"url\":\"https:\/\/www.pogotowieflagowe.pl\/aktualne\/\",\"name\":\"POGOTOWIE FLAGOWE\u00ae\",\"description\":\"\",\"publisher\":{\"@id\":\"https:\/\/www.pogotowieflagowe.pl\/aktualne\/#organization\"},\"potentialAction\":[{\"@type\":\"SearchAction\",\"target\":{\"@type\":\"EntryPoint\",\"urlTemplate\":\"https:\/\/www.pogotowieflagowe.pl\/aktualne\/?s={search_term_string}\"},\"query-input\":\"required name=search_term_string\"}],\"inLanguage\":\"pl-PL\"},{\"@type\":\"Organization\",\"@id\":\"https:\/\/www.pogotowieflagowe.pl\/aktualne\/#organization\",\"name\":\"POGOTOWIE FLAGOWE\u00ae\",\"url\":\"https:\/\/www.pogotowieflagowe.pl\/aktualne\/\",\"logo\":{\"@type\":\"ImageObject\",\"inLanguage\":\"pl-PL\",\"@id\":\"https:\/\/www.pogotowieflagowe.pl\/aktualne\/#\/schema\/logo\/image\/\",\"url\":\"https:\/\/www.pogotowieflagowe.pl\/aktualne\/wp-content\/uploads\/2024\/08\/cropped-pogotowieflagowe_flaga_projekt_sm.jpg\",\"contentUrl\":\"https:\/\/www.pogotowieflagowe.pl\/aktualne\/wp-content\/uploads\/2024\/08\/cropped-pogotowieflagowe_flaga_projekt_sm.jpg\",\"width\":250,\"height\":143,\"caption\":\"POGOTOWIE FLAGOWE\u00ae\"},\"image\":{\"@id\":\"https:\/\/www.pogotowieflagowe.pl\/aktualne\/#\/schema\/logo\/image\/\"}},{\"@type\":\"Person\",\"@id\":\"https:\/\/www.pogotowieflagowe.pl\/aktualne\/#\/schema\/person\/9c2fb7d2362ebf6fa088960d7f0d27b0\",\"name\":\"Filip\",\"image\":{\"@type\":\"ImageObject\",\"inLanguage\":\"pl-PL\",\"@id\":\"https:\/\/www.pogotowieflagowe.pl\/aktualne\/#\/schema\/person\/image\/\",\"url\":\"https:\/\/www.pogotowieflagowe.pl\/aktualne\/wp-content\/uploads\/2024\/08\/pogotowieflagowe.pl_.jpg\",\"contentUrl\":\"https:\/\/www.pogotowieflagowe.pl\/aktualne\/wp-content\/uploads\/2024\/08\/pogotowieflagowe.pl_.jpg\",\"caption\":\"Filip\"},\"description\":\"Jestem Filip, polski dziennikarz z dyplomem nauk politycznych Uniwersytetu Warszawskiego. Rozpoczynaj\u0105c swoj\u0105 karier\u0119 w r\u00f3\u017cnych lokalnych mediach, zdoby\u0142em solidne do\u015bwiadczenie w zakresie \u015bledztwa i redakcji. Obecnie jako redaktor w Pogotowie flagowe, staram si\u0119 dostarcza\u0107 dog\u0142\u0119bne i istotne analizy na temat najwa\u017cniejszych kwestii aktualno\u015bci, \u0142\u0105cz\u0105c rygor z pasj\u0105 dziennikarsk\u0105.\",\"sameAs\":[\"https:\/\/www.pogotowieflagowe.pl\/\"]}]}<\/script>\n<!-- \/ Yoast SEO plugin. -->","yoast_head_json":{"title":"Tusk zn\u00f3w pod ostrza\u0142em? Partner koalicji przyznaje, \u017ce zmiana premiera mog\u0142a wszystko zmieni\u0107 - POGOTOWIE FLAGOWE\u00ae","robots":{"index":"index","follow":"follow","max-snippet":"max-snippet:-1","max-image-preview":"max-image-preview:large","max-video-preview":"max-video-preview:-1"},"canonical":"https:\/\/www.pogotowieflagowe.pl\/aktualne\/tusk-znow-pod-ostrzalem-partner-koalicji-przyznaje-ze-zmiana-premiera-mogla-wszystko-zmienic\/","og_locale":"pl_PL","og_type":"article","og_title":"Tusk zn\u00f3w pod ostrza\u0142em? Partner koalicji przyznaje, \u017ce zmiana premiera mog\u0142a wszystko zmieni\u0107 - POGOTOWIE FLAGOWE\u00ae","og_description":"\u201eWielokrotnie m\u00f3wi\u0142em, \u017ce w ramach rekonstrukcji rz\u0105du nale\u017cy najpierw wymieni\u0107 premiera\u201d \u2013 powiedzia\u0142 w poniedzia\u0142ek pose\u0142 PSL Marek Sawicki. 15","og_url":"https:\/\/www.pogotowieflagowe.pl\/aktualne\/tusk-znow-pod-ostrzalem-partner-koalicji-przyznaje-ze-zmiana-premiera-mogla-wszystko-zmienic\/","og_site_name":"POGOTOWIE FLAGOWE\u00ae","article_published_time":"2025-10-21T11:27:55+00:00","article_modified_time":"2025-10-21T11:27:56+00:00","og_image":[{"width":1280,"height":719,"url":"https:\/\/www.pogotowieflagowe.pl\/aktualne\/wp-content\/uploads\/2025\/10\/Tusk-znow-pod-ostrzalem-Partner-koalicji-przyznaje-ze-zmiana-premiera.webp.webp","type":"image\/webp"}],"author":"Filip","twitter_card":"summary_large_image","twitter_misc":{"Napisane przez":"Filip","Szacowany czas czytania":"2 minuty"},"schema":{"@context":"https:\/\/schema.org","@graph":[{"@type":"Article","@id":"https:\/\/www.pogotowieflagowe.pl\/aktualne\/tusk-znow-pod-ostrzalem-partner-koalicji-przyznaje-ze-zmiana-premiera-mogla-wszystko-zmienic\/#article","isPartOf":{"@id":"https:\/\/www.pogotowieflagowe.pl\/aktualne\/tusk-znow-pod-ostrzalem-partner-koalicji-przyznaje-ze-zmiana-premiera-mogla-wszystko-zmienic\/"},"author":{"name":"Filip","@id":"https:\/\/www.pogotowieflagowe.pl\/aktualne\/#\/schema\/person\/9c2fb7d2362ebf6fa088960d7f0d27b0"},"headline":"Tusk zn\u00f3w pod ostrza\u0142em? Partner koalicji przyznaje, \u017ce zmiana premiera mog\u0142a wszystko zmieni\u0107","datePublished":"2025-10-21T11:27:55+00:00","dateModified":"2025-10-21T11:27:56+00:00","mainEntityOfPage":{"@id":"https:\/\/www.pogotowieflagowe.pl\/aktualne\/tusk-znow-pod-ostrzalem-partner-koalicji-przyznaje-ze-zmiana-premiera-mogla-wszystko-zmienic\/"},"wordCount":426,"commentCount":0,"publisher":{"@id":"https:\/\/www.pogotowieflagowe.pl\/aktualne\/#organization"},"image":{"@id":"https:\/\/www.pogotowieflagowe.pl\/aktualne\/tusk-znow-pod-ostrzalem-partner-koalicji-przyznaje-ze-zmiana-premiera-mogla-wszystko-zmienic\/#primaryimage"},"thumbnailUrl":"https:\/\/www.pogotowieflagowe.pl\/aktualne\/wp-content\/uploads\/2025\/10\/Tusk-znow-pod-ostrzalem-Partner-koalicji-przyznaje-ze-zmiana-premiera.webp.webp","keywords":["Koalicji","mog\u0142a","ostrza\u0142em","Partner","pod","premiera","przyznaje","Tusk","wszystko","\u017ce","zmiana","zmieni\u0107","zn\u00f3w"],"articleSection":["Aktualne"],"inLanguage":"pl-PL","potentialAction":[{"@type":"CommentAction","name":"Comment","target":["https:\/\/www.pogotowieflagowe.pl\/aktualne\/tusk-znow-pod-ostrzalem-partner-koalicji-przyznaje-ze-zmiana-premiera-mogla-wszystko-zmienic\/#respond"]}]},{"@type":"WebPage","@id":"https:\/\/www.pogotowieflagowe.pl\/aktualne\/tusk-znow-pod-ostrzalem-partner-koalicji-przyznaje-ze-zmiana-premiera-mogla-wszystko-zmienic\/","url":"https:\/\/www.pogotowieflagowe.pl\/aktualne\/tusk-znow-pod-ostrzalem-partner-koalicji-przyznaje-ze-zmiana-premiera-mogla-wszystko-zmienic\/","name":"Tusk zn\u00f3w pod ostrza\u0142em? Partner koalicji przyznaje, \u017ce zmiana premiera mog\u0142a wszystko zmieni\u0107 - POGOTOWIE FLAGOWE\u00ae","isPartOf":{"@id":"https:\/\/www.pogotowieflagowe.pl\/aktualne\/#website"},"primaryImageOfPage":{"@id":"https:\/\/www.pogotowieflagowe.pl\/aktualne\/tusk-znow-pod-ostrzalem-partner-koalicji-przyznaje-ze-zmiana-premiera-mogla-wszystko-zmienic\/#primaryimage"},"image":{"@id":"https:\/\/www.pogotowieflagowe.pl\/aktualne\/tusk-znow-pod-ostrzalem-partner-koalicji-przyznaje-ze-zmiana-premiera-mogla-wszystko-zmienic\/#primaryimage"},"thumbnailUrl":"https:\/\/www.pogotowieflagowe.pl\/aktualne\/wp-content\/uploads\/2025\/10\/Tusk-znow-pod-ostrzalem-Partner-koalicji-przyznaje-ze-zmiana-premiera.webp.webp","datePublished":"2025-10-21T11:27:55+00:00","dateModified":"2025-10-21T11:27:56+00:00","breadcrumb":{"@id":"https:\/\/www.pogotowieflagowe.pl\/aktualne\/tusk-znow-pod-ostrzalem-partner-koalicji-przyznaje-ze-zmiana-premiera-mogla-wszystko-zmienic\/#breadcrumb"},"inLanguage":"pl-PL","potentialAction":[{"@type":"ReadAction","target":["https:\/\/www.pogotowieflagowe.pl\/aktualne\/tusk-znow-pod-ostrzalem-partner-koalicji-przyznaje-ze-zmiana-premiera-mogla-wszystko-zmienic\/"]}]},{"@type":"ImageObject","inLanguage":"pl-PL","@id":"https:\/\/www.pogotowieflagowe.pl\/aktualne\/tusk-znow-pod-ostrzalem-partner-koalicji-przyznaje-ze-zmiana-premiera-mogla-wszystko-zmienic\/#primaryimage","url":"https:\/\/www.pogotowieflagowe.pl\/aktualne\/wp-content\/uploads\/2025\/10\/Tusk-znow-pod-ostrzalem-Partner-koalicji-przyznaje-ze-zmiana-premiera.webp.webp","contentUrl":"https:\/\/www.pogotowieflagowe.pl\/aktualne\/wp-content\/uploads\/2025\/10\/Tusk-znow-pod-ostrzalem-Partner-koalicji-przyznaje-ze-zmiana-premiera.webp.webp","width":1280,"height":719,"caption":"Tusk zn\u00f3w pod ostrza\u0142em? Partner koalicji przyznaje, \u017ce zmiana premiera mog\u0142a wszystko zmieni\u0107"},{"@type":"BreadcrumbList","@id":"https:\/\/www.pogotowieflagowe.pl\/aktualne\/tusk-znow-pod-ostrzalem-partner-koalicji-przyznaje-ze-zmiana-premiera-mogla-wszystko-zmienic\/#breadcrumb","itemListElement":[{"@type":"ListItem","position":1,"name":"Home","item":"https:\/\/www.pogotowieflagowe.pl\/aktualne\/"},{"@type":"ListItem","position":2,"name":"Tusk zn\u00f3w pod ostrza\u0142em? Partner koalicji przyznaje, \u017ce zmiana premiera mog\u0142a wszystko zmieni\u0107"}]},{"@type":"WebSite","@id":"https:\/\/www.pogotowieflagowe.pl\/aktualne\/#website","url":"https:\/\/www.pogotowieflagowe.pl\/aktualne\/","name":"POGOTOWIE FLAGOWE\u00ae","description":"","publisher":{"@id":"https:\/\/www.pogotowieflagowe.pl\/aktualne\/#organization"},"potentialAction":[{"@type":"SearchAction","target":{"@type":"EntryPoint","urlTemplate":"https:\/\/www.pogotowieflagowe.pl\/aktualne\/?s={search_term_string}"},"query-input":"required name=search_term_string"}],"inLanguage":"pl-PL"},{"@type":"Organization","@id":"https:\/\/www.pogotowieflagowe.pl\/aktualne\/#organization","name":"POGOTOWIE FLAGOWE\u00ae","url":"https:\/\/www.pogotowieflagowe.pl\/aktualne\/","logo":{"@type":"ImageObject","inLanguage":"pl-PL","@id":"https:\/\/www.pogotowieflagowe.pl\/aktualne\/#\/schema\/logo\/image\/","url":"https:\/\/www.pogotowieflagowe.pl\/aktualne\/wp-content\/uploads\/2024\/08\/cropped-pogotowieflagowe_flaga_projekt_sm.jpg","contentUrl":"https:\/\/www.pogotowieflagowe.pl\/aktualne\/wp-content\/uploads\/2024\/08\/cropped-pogotowieflagowe_flaga_projekt_sm.jpg","width":250,"height":143,"caption":"POGOTOWIE FLAGOWE\u00ae"},"image":{"@id":"https:\/\/www.pogotowieflagowe.pl\/aktualne\/#\/schema\/logo\/image\/"}},{"@type":"Person","@id":"https:\/\/www.pogotowieflagowe.pl\/aktualne\/#\/schema\/person\/9c2fb7d2362ebf6fa088960d7f0d27b0","name":"Filip","image":{"@type":"ImageObject","inLanguage":"pl-PL","@id":"https:\/\/www.pogotowieflagowe.pl\/aktualne\/#\/schema\/person\/image\/","url":"https:\/\/www.pogotowieflagowe.pl\/aktualne\/wp-content\/uploads\/2024\/08\/pogotowieflagowe.pl_.jpg","contentUrl":"https:\/\/www.pogotowieflagowe.pl\/aktualne\/wp-content\/uploads\/2024\/08\/pogotowieflagowe.pl_.jpg","caption":"Filip"},"description":"Jestem Filip, polski dziennikarz z dyplomem nauk politycznych Uniwersytetu Warszawskiego. Rozpoczynaj\u0105c swoj\u0105 karier\u0119 w r\u00f3\u017cnych lokalnych mediach, zdoby\u0142em solidne do\u015bwiadczenie w zakresie \u015bledztwa i redakcji. Obecnie jako redaktor w Pogotowie flagowe, staram si\u0119 dostarcza\u0107 dog\u0142\u0119bne i istotne analizy na temat najwa\u017cniejszych kwestii aktualno\u015bci, \u0142\u0105cz\u0105c rygor z pasj\u0105 dziennikarsk\u0105.","sameAs":["https:\/\/www.pogotowieflagowe.pl\/"]}]}},"_links":{"self":[{"href":"https:\/\/www.pogotowieflagowe.pl\/aktualne\/wp-json\/wp\/v2\/posts\/9614","targetHints":{"allow":["GET"]}}],"collection":[{"href":"https:\/\/www.pogotowieflagowe.pl\/aktualne\/wp-json\/wp\/v2\/posts"}],"about":[{"href":"https:\/\/www.pogotowieflagowe.pl\/aktualne\/wp-json\/wp\/v2\/types\/post"}],"author":[{"embeddable":true,"href":"https:\/\/www.pogotowieflagowe.pl\/aktualne\/wp-json\/wp\/v2\/users\/1"}],"replies":[{"embeddable":true,"href":"https:\/\/www.pogotowieflagowe.pl\/aktualne\/wp-json\/wp\/v2\/comments?post=9614"}],"version-history":[{"count":1,"href":"https:\/\/www.pogotowieflagowe.pl\/aktualne\/wp-json\/wp\/v2\/posts\/9614\/revisions"}],"predecessor-version":[{"id":9616,"href":"https:\/\/www.pogotowieflagowe.pl\/aktualne\/wp-json\/wp\/v2\/posts\/9614\/revisions\/9616"}],"wp:featuredmedia":[{"embeddable":true,"href":"https:\/\/www.pogotowieflagowe.pl\/aktualne\/wp-json\/wp\/v2\/media\/9615"}],"wp:attachment":[{"href":"https:\/\/www.pogotowieflagowe.pl\/aktualne\/wp-json\/wp\/v2\/media?parent=9614"}],"wp:term":[{"taxonomy":"category","embeddable":true,"href":"https:\/\/www.pogotowieflagowe.pl\/aktualne\/wp-json\/wp\/v2\/categories?post=9614"},{"taxonomy":"post_tag","embeddable":true,"href":"https:\/\/www.pogotowieflagowe.pl\/aktualne\/wp-json\/wp\/v2\/tags?post=9614"}],"curies":[{"name":"wp","href":"https:\/\/api.w.org\/{rel}","templated":true}]}}