{"id":9617,"date":"2025-10-21T13:58:54","date_gmt":"2025-10-21T11:58:54","guid":{"rendered":"https:\/\/www.pogotowieflagowe.pl\/aktualne\/jesli-nie-onz-to-ambasada-usa-prezydent-twierdzi-ze-marszalek-sejmu-szymon-holownia-bylby-lepszym-ambasadorem-niz-klich\/"},"modified":"2025-10-21T13:58:55","modified_gmt":"2025-10-21T11:58:55","slug":"jesli-nie-onz-to-ambasada-usa-prezydent-twierdzi-ze-marszalek-sejmu-szymon-holownia-bylby-lepszym-ambasadorem-niz-klich","status":"publish","type":"post","link":"https:\/\/www.pogotowieflagowe.pl\/aktualne\/jesli-nie-onz-to-ambasada-usa-prezydent-twierdzi-ze-marszalek-sejmu-szymon-holownia-bylby-lepszym-ambasadorem-niz-klich\/","title":{"rendered":"Je\u015bli nie ONZ, to ambasada USA? Prezydent twierdzi, \u017ce marsza\u0142ek Sejmu Szymon Ho\u0142ownia by\u0142by lepszym ambasadorem ni\u017c Klich"},"content":{"rendered":"\n<div class=\"td_block_wrap tdb_single_content tdi_41 td-pb-border-top td_block_template_8 td-post-content tagdiv-type\" data-td-block-uid=\"tdi_41\">\n<style>.tdi_41{margines-top:0px!important;margin-bottom:0px!important;dope\u0142nienie-g\u00f3ra:0px!important;dope\u0142nienie-d\u00f3\u0142:0px!important}<\/style>\n<style>.tdb_single_content{margin-bottom:0;*zoom:1}.tdb_single_content:before,.tdb_single_content:after{display:table;content:'';line-height:0}.tdb_single_content:after{clear:both}.tdb_single_content .tdb-block-inner>*:not(.wp-block-quote):not(.alignwide):not(.alignfull.wp-block-cover.has-parallax):not(.td-a-ad){margin-left:auto;margin-right:auto}.tdb_single_content a{pointer-events:auto}.tdb_single_content .td-spot-id-top_ad .tdc-placeholder-title:before{content:'Article Top Ad'!important}.tdb_single_content .td-spot-id-inline_ad0 .tdc-placeholder-title:before{content:'Article Reklama wbudowana 1'!important}.tdb_single_content .td-spot-id-inline_ad1 .tdc-placeholder-title:before{content:'Reklama wbudowana w artyku\u0142 2'!important}.tdb_single_content .td-spot-id-inline_ad2 .tdc-placeholder-title:before{content:'Reklama w tek\u015bcie artyku\u0142u 3'!important}.tdb_single_content .td-spot-id-bottom_ad .tdc-placeholder-title:before{content:'Article Bottom Ad'!important}.tdb_single_content .id_top_ad,.tdb_single_content .id_bottom_ad{clear:both;margin-bottom:21px;text-align:center}.tdb_single_content .id_top_ad img,.tdb_single_content .id_bottom_ad img{margin-bottom:0}.tdb_single_content .id_top_ad .adsbygoogle,.tdb_single_content .id_bottom_ad .adsbygoogle{position:relative}.tdb_single_content .id_ad_content-horiz-left,.tdb_single_content .id_ad_content-horiz-right,.tdb_single_content .id_ad_content-horiz-center{margin-bottom:15px}.tdb_single_content .id_ad_content-horiz-left img,.tdb_single_content .id_ad_content-horiz-right img,.tdb_single_content .id_ad_content-horiz-center img{margin-bottom:0}.tdb_single_content .id_ad_content-horiz-center{text-align:center}.tdb_single_content .id_ad_content-horiz-center img{margin-right:auto;margin-left:auto}.tdb_single_content .id_ad_content-horiz-left{float:left;margin-top:9px;margin-right:21px}.tdb_single_content .id_ad_content-horiz-right{float:right;margin-top:6px;margin-left:21px}.tdb_single_content .tdc-a-ad .tdc-placeholder-title{width:300px;height:250px}.tdb_single_content .tdc-a-ad .tdc-placeholder-title:before{position:absolute;top:50%;-webkit-transform:translateY(-50%);transform:translateY(-50%);margin:auto;display:table;width:100%}.tdb_single_content .tdb-block-inner.td-fix-index{word-break:break-word}.tdi_41,.tdi_41>p,.tdi_41 .tdb-block-inner>p,.wp-block-column>p{font-size:16px!important;line-height:1.6!important}.tdi_41 .tdb-block-inner cytat blokowy p{font-style:normal!important}@media (max-width:767px){.tdb_single_content .id_ad_content-horiz-left,.tdb_single_content .id_ad_content-horiz-right,.tdb_single_content .id_ad_content-horiz-center{margin:0 auto 26 pikseli auto}}@media (max-width:767px){.tdb_single_content .id_ad_content-horiz-left{margin-right:0}}@media (max-width:767px){.tdb_single_content .id_ad_content-horiz-right{margin-left:0}}@media (max-width:767px){.tdb_single_content .td-a-ad{float:none;text-align:center}.tdb_single_content .td-a-ad img{margin-right:auto;margin-left:auto}.tdb_single_content .tdc-a-ad{float:none}}<\/style>\n<div class=\"tdb-block-inner td-fix-index\">\n<p>W niedziel\u0119 doniesienia medialne sugerowa\u0142y, \u017ce je\u015bli Szymon Ho\u0142ownia nie zostanie Wysokim Komisarzem Narod\u00f3w Zjednoczonych ds. Uchod\u017ac\u00f3w, mo\u017ce ubiega\u0107 si\u0119 o stanowisko szefa ambasady Polski w Stanach Zjednoczonych. \u201eMarsza\u0142ek Sejmu Szymon Ho\u0142ownia z pewno\u015bci\u0105 by\u0142by lepszym kandydatem na stanowisko ambasadora Polski w USA ni\u017c obecny pe\u0142ni\u0105cy obowi\u0105zki ambasadora Bogdan Klich\u201d \u2013 oceni\u0142 Prezydent RP.<\/p>\n<p>Niedawno Szymon Ho\u0142ownia og\u0142osi\u0142 zamiar wycofania si\u0119 z polskiej polityki. Ujawni\u0142, \u017ce z\u0142o\u017cy\u0142 aplikacj\u0119 w og\u0142oszonym przez Sekretarza Generalnego ONZ naborze publicznym na stanowisko Wysokiego Komisarza ONZ ds. Uchod\u017ac\u00f3w. Zapowiedzia\u0142 tak\u017ce, \u017ce 13 listopada z\u0142o\u017cy rezygnacj\u0119 ze stanowiska marsza\u0142ka Sejmu, a wyb\u00f3r jego nast\u0119pcy odb\u0119dzie si\u0119 19 listopada. Potwierdzi\u0142 te\u017c, \u017ce rozmawia\u0142 ju\u017c na ten temat z W\u0142odzimierzem Czarzastym, kt\u00f3ry zgodnie z umow\u0105 koalicyjn\u0105 ma pe\u0142ni\u0107 funkcj\u0119 marsza\u0142ka w drugiej po\u0142owie kadencji.<\/p>\n<p>Zgodnie z umow\u0105 koalicyjn\u0105 lider Polski 2050 ma pozosta\u0107 marsza\u0142kiem Sejmu do 13 listopada, po czym stanowisko to obejmie wsp\u00f3\u0142przewodnicz\u0105cy Nowej Lewicy i obecny wicemarsza\u0142ek od 14 listopada i potrwa do ko\u0144ca kadencji parlamentu.<\/p>\n<p>Ho\u0142ownia podkre\u015bli\u0142a jednak w\u00f3wczas, \u017ce konieczne b\u0119dzie spe\u0142nienie pewnych warunk\u00f3w, kt\u00f3re nie s\u0105 okre\u015blone w umowie koalicyjnej. Co mia\u0142 na my\u015bli? Nawi\u0105za\u0142 do powo\u0142ania na stanowisko wicepremiera Katarzyny Pe\u0142czy\u0144skiej-Na\u0142\u0119cz, Ministra Funduszy i Polityki Regionalnej.<\/p>\n<h2 class=\"wp-block-heading\">Czy Ho\u0142ownia ma \u201eplan B\u201d?<\/h2>\n<p>Stanowisko ONZ nie jest gwarantowane. Je\u015bli Szymon Ho\u0142ownia ma opu\u015bci\u0107 polsk\u0105 scen\u0119 polityczn\u0105, ale nie trafi do Genewy, co b\u0119dzie dalej? <em>Gazety Wyborczej<\/em>powo\u0142uj\u0105c si\u0119 na polityk\u00f3w \u201ePolska 2050\u201d, podaje, \u017ce lider partii \u201ema plan B\u201d. Z ustale\u0144 gazety wynika, \u017ce \u200b\u200bHo\u0142ownia ma nadziej\u0119 na stanowisko ambasadora Polski w Stanach Zjednoczonych. Obecny Marsza\u0142ek Sejmu podobno m\u00f3wi\u0142 swoim wsp\u00f3\u0142pracownikom, \u017ce jego kandydatura prawdopodobnie zostanie dobrze przyj\u0119ta przez Pa\u0142ac Prezydencki.<\/p>\n<p>Warto jednak zaznaczy\u0107, \u017ce kandydat\u00f3w na ambasador\u00f3w zg\u0142asza Ministerstwo Spraw Zagranicznych, a Ho\u0142ownia raczej nie uzyska wsparcia Ministra Spraw Zagranicznych Rados\u0142awa Sikorskiego, <em>GW<\/em> r\u00f3wnie\u017c donosi.<\/p>\n<p>\u201eNie ma na to szans \u2013 Ho\u0142ownia nie ma kwalifikacji na takie stanowisko\u201d \u2013 poda\u0142o gazecie \u017ar\u00f3d\u0142o w rz\u0105dzie Donalda Tuska.<\/p>\n<p>Z kolei politycy zwi\u0105zani z prezydentem Karolem Nawrockim podobno twierdzili, \u017ce o \u201eplanie B\u201d Ho\u0142owni dowiedzieli si\u0119 z doniesie\u0144 medialnych.<\/p>\n<h2 class=\"wp-block-heading\">Prezydent Nawrocki: Ho\u0142ownia by\u0142aby lepsza ni\u017c Klich<\/h2>\n<p>Podczas wczorajszej konferencji prasowej na Litwie prezydent Karol Nawrocki zosta\u0142 zapytany, czy Szymon Ho\u0142ownia by\u0142by dobrym ambasadorem Polski w Stanach Zjednoczonych.<\/p>\n<p>Prezydent odpowiedzia\u0142, \u017ce \u201ena pewno by\u0142by lepszym kandydatem na ambasadora\u201d ni\u017c obecny pe\u0142ni\u0105cy obowi\u0105zki szefa misji Bogdan Klich.<\/p>\n<p>\u201ePan Klich nie wype\u0142nia swojej misji ambasadorskiej w spos\u00f3b, jakiego oczekiwaliby od niego Polacy i Polska\u201d \u2013 wyja\u015bni\u0142 Prezydent.<\/p>\n<pre class=\"wp-block-preformatted\">Bogdan Klich currently heads Poland\u2019s embassy in Washington as\u00a0<em>charg\u00e9 d\u2019affaires<\/em>. His nomination as ambassador was not approved by President Andrzej Duda. Similarly, President Nawrocki, who has repeatedly expressed support for the main directions of his predecessor\u2019s foreign policy, has criticized the government for certain ambassadorial appointments, including that of Klich.<\/pre>\n<\/div>\n<\/div>\n","protected":false},"excerpt":{"rendered":"<p>W niedziel\u0119 doniesienia medialne sugerowa\u0142y, \u017ce je\u015bli Szymon Ho\u0142ownia nie zostanie Wysokim Komisarzem Narod\u00f3w Zjednoczonych ds. Uchod\u017ac\u00f3w, mo\u017ce ubiega\u0107 si\u0119<\/p>\n","protected":false},"author":1,"featured_media":9618,"comment_status":"open","ping_status":"open","sticky":false,"template":"","format":"standard","meta":{"footnotes":""},"categories":[4748],"tags":[9166,11113,6210,11112,250,11114,9217,10459,450,3830,1472,341,11111,5557,4533,312,453],"class_list":["post-9617","post","type-post","status-publish","format-standard","has-post-thumbnail","hentry","category-aktualne","tag-ambasada","tag-ambasadorem","tag-bylby","tag-holownia","tag-jesli","tag-klich","tag-lepszym","tag-marszalek","tag-nie","tag-niz","tag-onz","tag-prezydent","tag-sejmu","tag-szymon","tag-twierdzi","tag-usa","tag-ze","generate-columns","tablet-grid-50","mobile-grid-100","grid-parent","grid-50","resize-featured-image"],"yoast_head":"<!-- This site is optimized with the Yoast SEO plugin v23.2 - https:\/\/yoast.com\/wordpress\/plugins\/seo\/ -->\n<title>Je\u015bli nie ONZ, to ambasada USA? Prezydent twierdzi, \u017ce marsza\u0142ek Sejmu Szymon Ho\u0142ownia by\u0142by lepszym ambasadorem ni\u017c Klich - POGOTOWIE FLAGOWE\u00ae<\/title>\n<meta name=\"robots\" content=\"index, follow, max-snippet:-1, max-image-preview:large, max-video-preview:-1\" \/>\n<link rel=\"canonical\" href=\"https:\/\/www.pogotowieflagowe.pl\/aktualne\/jesli-nie-onz-to-ambasada-usa-prezydent-twierdzi-ze-marszalek-sejmu-szymon-holownia-bylby-lepszym-ambasadorem-niz-klich\/\" \/>\n<meta property=\"og:locale\" content=\"pl_PL\" \/>\n<meta property=\"og:type\" content=\"article\" \/>\n<meta property=\"og:title\" content=\"Je\u015bli nie ONZ, to ambasada USA? Prezydent twierdzi, \u017ce marsza\u0142ek Sejmu Szymon Ho\u0142ownia by\u0142by lepszym ambasadorem ni\u017c Klich - POGOTOWIE FLAGOWE\u00ae\" \/>\n<meta property=\"og:description\" content=\"W niedziel\u0119 doniesienia medialne sugerowa\u0142y, \u017ce je\u015bli Szymon Ho\u0142ownia nie zostanie Wysokim Komisarzem Narod\u00f3w Zjednoczonych ds. Uchod\u017ac\u00f3w, mo\u017ce ubiega\u0107 si\u0119\" \/>\n<meta property=\"og:url\" content=\"https:\/\/www.pogotowieflagowe.pl\/aktualne\/jesli-nie-onz-to-ambasada-usa-prezydent-twierdzi-ze-marszalek-sejmu-szymon-holownia-bylby-lepszym-ambasadorem-niz-klich\/\" \/>\n<meta property=\"og:site_name\" content=\"POGOTOWIE FLAGOWE\u00ae\" \/>\n<meta property=\"article:published_time\" content=\"2025-10-21T11:58:54+00:00\" \/>\n<meta property=\"article:modified_time\" content=\"2025-10-21T11:58:55+00:00\" \/>\n<meta property=\"og:image\" content=\"https:\/\/www.pogotowieflagowe.pl\/aktualne\/wp-content\/uploads\/2025\/10\/Jesli-nie-ONZ-to-ambasada-USA-Prezydent-twierdzi-ze-marszalek.webp.webp\" \/>\n\t<meta property=\"og:image:width\" content=\"1280\" \/>\n\t<meta property=\"og:image:height\" content=\"720\" \/>\n\t<meta property=\"og:image:type\" content=\"image\/webp\" \/>\n<meta name=\"author\" content=\"Filip\" \/>\n<meta name=\"twitter:card\" content=\"summary_large_image\" \/>\n<meta name=\"twitter:label1\" content=\"Napisane przez\" \/>\n\t<meta name=\"twitter:data1\" content=\"Filip\" \/>\n\t<meta name=\"twitter:label2\" content=\"Szacowany czas czytania\" \/>\n\t<meta name=\"twitter:data2\" content=\"3 minuty\" \/>\n<script type=\"application\/ld+json\" class=\"yoast-schema-graph\">{\"@context\":\"https:\/\/schema.org\",\"@graph\":[{\"@type\":\"Article\",\"@id\":\"https:\/\/www.pogotowieflagowe.pl\/aktualne\/jesli-nie-onz-to-ambasada-usa-prezydent-twierdzi-ze-marszalek-sejmu-szymon-holownia-bylby-lepszym-ambasadorem-niz-klich\/#article\",\"isPartOf\":{\"@id\":\"https:\/\/www.pogotowieflagowe.pl\/aktualne\/jesli-nie-onz-to-ambasada-usa-prezydent-twierdzi-ze-marszalek-sejmu-szymon-holownia-bylby-lepszym-ambasadorem-niz-klich\/\"},\"author\":{\"name\":\"Filip\",\"@id\":\"https:\/\/www.pogotowieflagowe.pl\/aktualne\/#\/schema\/person\/9c2fb7d2362ebf6fa088960d7f0d27b0\"},\"headline\":\"Je\u015bli nie ONZ, to ambasada USA? Prezydent twierdzi, \u017ce marsza\u0142ek Sejmu Szymon Ho\u0142ownia by\u0142by lepszym ambasadorem ni\u017c Klich\",\"datePublished\":\"2025-10-21T11:58:54+00:00\",\"dateModified\":\"2025-10-21T11:58:55+00:00\",\"mainEntityOfPage\":{\"@id\":\"https:\/\/www.pogotowieflagowe.pl\/aktualne\/jesli-nie-onz-to-ambasada-usa-prezydent-twierdzi-ze-marszalek-sejmu-szymon-holownia-bylby-lepszym-ambasadorem-niz-klich\/\"},\"wordCount\":500,\"commentCount\":1,\"publisher\":{\"@id\":\"https:\/\/www.pogotowieflagowe.pl\/aktualne\/#organization\"},\"image\":{\"@id\":\"https:\/\/www.pogotowieflagowe.pl\/aktualne\/jesli-nie-onz-to-ambasada-usa-prezydent-twierdzi-ze-marszalek-sejmu-szymon-holownia-bylby-lepszym-ambasadorem-niz-klich\/#primaryimage\"},\"thumbnailUrl\":\"https:\/\/www.pogotowieflagowe.pl\/aktualne\/wp-content\/uploads\/2025\/10\/Jesli-nie-ONZ-to-ambasada-USA-Prezydent-twierdzi-ze-marszalek.webp.webp\",\"keywords\":[\"ambasad\u0105\",\"ambasadorem\",\"by\u0142by\",\"Ho\u0142ownia\",\"Je\u015bli\",\"Klich\",\"lepszym\",\"Marsza\u0142ek\",\"Nie\",\"ni\u017c\",\"ONZ\",\"Prezydent\",\"Sejmu\",\"Szymon\",\"twierdzi\",\"USA\",\"\u017ce\"],\"articleSection\":[\"Aktualne\"],\"inLanguage\":\"pl-PL\",\"potentialAction\":[{\"@type\":\"CommentAction\",\"name\":\"Comment\",\"target\":[\"https:\/\/www.pogotowieflagowe.pl\/aktualne\/jesli-nie-onz-to-ambasada-usa-prezydent-twierdzi-ze-marszalek-sejmu-szymon-holownia-bylby-lepszym-ambasadorem-niz-klich\/#respond\"]}]},{\"@type\":\"WebPage\",\"@id\":\"https:\/\/www.pogotowieflagowe.pl\/aktualne\/jesli-nie-onz-to-ambasada-usa-prezydent-twierdzi-ze-marszalek-sejmu-szymon-holownia-bylby-lepszym-ambasadorem-niz-klich\/\",\"url\":\"https:\/\/www.pogotowieflagowe.pl\/aktualne\/jesli-nie-onz-to-ambasada-usa-prezydent-twierdzi-ze-marszalek-sejmu-szymon-holownia-bylby-lepszym-ambasadorem-niz-klich\/\",\"name\":\"Je\u015bli nie ONZ, to ambasada USA? Prezydent twierdzi, \u017ce marsza\u0142ek Sejmu Szymon Ho\u0142ownia by\u0142by lepszym ambasadorem ni\u017c Klich - POGOTOWIE FLAGOWE\u00ae\",\"isPartOf\":{\"@id\":\"https:\/\/www.pogotowieflagowe.pl\/aktualne\/#website\"},\"primaryImageOfPage\":{\"@id\":\"https:\/\/www.pogotowieflagowe.pl\/aktualne\/jesli-nie-onz-to-ambasada-usa-prezydent-twierdzi-ze-marszalek-sejmu-szymon-holownia-bylby-lepszym-ambasadorem-niz-klich\/#primaryimage\"},\"image\":{\"@id\":\"https:\/\/www.pogotowieflagowe.pl\/aktualne\/jesli-nie-onz-to-ambasada-usa-prezydent-twierdzi-ze-marszalek-sejmu-szymon-holownia-bylby-lepszym-ambasadorem-niz-klich\/#primaryimage\"},\"thumbnailUrl\":\"https:\/\/www.pogotowieflagowe.pl\/aktualne\/wp-content\/uploads\/2025\/10\/Jesli-nie-ONZ-to-ambasada-USA-Prezydent-twierdzi-ze-marszalek.webp.webp\",\"datePublished\":\"2025-10-21T11:58:54+00:00\",\"dateModified\":\"2025-10-21T11:58:55+00:00\",\"breadcrumb\":{\"@id\":\"https:\/\/www.pogotowieflagowe.pl\/aktualne\/jesli-nie-onz-to-ambasada-usa-prezydent-twierdzi-ze-marszalek-sejmu-szymon-holownia-bylby-lepszym-ambasadorem-niz-klich\/#breadcrumb\"},\"inLanguage\":\"pl-PL\",\"potentialAction\":[{\"@type\":\"ReadAction\",\"target\":[\"https:\/\/www.pogotowieflagowe.pl\/aktualne\/jesli-nie-onz-to-ambasada-usa-prezydent-twierdzi-ze-marszalek-sejmu-szymon-holownia-bylby-lepszym-ambasadorem-niz-klich\/\"]}]},{\"@type\":\"ImageObject\",\"inLanguage\":\"pl-PL\",\"@id\":\"https:\/\/www.pogotowieflagowe.pl\/aktualne\/jesli-nie-onz-to-ambasada-usa-prezydent-twierdzi-ze-marszalek-sejmu-szymon-holownia-bylby-lepszym-ambasadorem-niz-klich\/#primaryimage\",\"url\":\"https:\/\/www.pogotowieflagowe.pl\/aktualne\/wp-content\/uploads\/2025\/10\/Jesli-nie-ONZ-to-ambasada-USA-Prezydent-twierdzi-ze-marszalek.webp.webp\",\"contentUrl\":\"https:\/\/www.pogotowieflagowe.pl\/aktualne\/wp-content\/uploads\/2025\/10\/Jesli-nie-ONZ-to-ambasada-USA-Prezydent-twierdzi-ze-marszalek.webp.webp\",\"width\":1280,\"height\":720,\"caption\":\"Je\u015bli nie ONZ, to ambasada USA? Prezydent twierdzi, \u017ce marsza\u0142ek Sejmu Szymon Ho\u0142ownia by\u0142by lepszym ambasadorem ni\u017c Klich\"},{\"@type\":\"BreadcrumbList\",\"@id\":\"https:\/\/www.pogotowieflagowe.pl\/aktualne\/jesli-nie-onz-to-ambasada-usa-prezydent-twierdzi-ze-marszalek-sejmu-szymon-holownia-bylby-lepszym-ambasadorem-niz-klich\/#breadcrumb\",\"itemListElement\":[{\"@type\":\"ListItem\",\"position\":1,\"name\":\"Home\",\"item\":\"https:\/\/www.pogotowieflagowe.pl\/aktualne\/\"},{\"@type\":\"ListItem\",\"position\":2,\"name\":\"Je\u015bli nie ONZ, to ambasada USA? Prezydent twierdzi, \u017ce marsza\u0142ek Sejmu Szymon Ho\u0142ownia by\u0142by lepszym ambasadorem ni\u017c Klich\"}]},{\"@type\":\"WebSite\",\"@id\":\"https:\/\/www.pogotowieflagowe.pl\/aktualne\/#website\",\"url\":\"https:\/\/www.pogotowieflagowe.pl\/aktualne\/\",\"name\":\"POGOTOWIE FLAGOWE\u00ae\",\"description\":\"\",\"publisher\":{\"@id\":\"https:\/\/www.pogotowieflagowe.pl\/aktualne\/#organization\"},\"potentialAction\":[{\"@type\":\"SearchAction\",\"target\":{\"@type\":\"EntryPoint\",\"urlTemplate\":\"https:\/\/www.pogotowieflagowe.pl\/aktualne\/?s={search_term_string}\"},\"query-input\":\"required name=search_term_string\"}],\"inLanguage\":\"pl-PL\"},{\"@type\":\"Organization\",\"@id\":\"https:\/\/www.pogotowieflagowe.pl\/aktualne\/#organization\",\"name\":\"POGOTOWIE FLAGOWE\u00ae\",\"url\":\"https:\/\/www.pogotowieflagowe.pl\/aktualne\/\",\"logo\":{\"@type\":\"ImageObject\",\"inLanguage\":\"pl-PL\",\"@id\":\"https:\/\/www.pogotowieflagowe.pl\/aktualne\/#\/schema\/logo\/image\/\",\"url\":\"https:\/\/www.pogotowieflagowe.pl\/aktualne\/wp-content\/uploads\/2024\/08\/cropped-pogotowieflagowe_flaga_projekt_sm.jpg\",\"contentUrl\":\"https:\/\/www.pogotowieflagowe.pl\/aktualne\/wp-content\/uploads\/2024\/08\/cropped-pogotowieflagowe_flaga_projekt_sm.jpg\",\"width\":250,\"height\":143,\"caption\":\"POGOTOWIE FLAGOWE\u00ae\"},\"image\":{\"@id\":\"https:\/\/www.pogotowieflagowe.pl\/aktualne\/#\/schema\/logo\/image\/\"}},{\"@type\":\"Person\",\"@id\":\"https:\/\/www.pogotowieflagowe.pl\/aktualne\/#\/schema\/person\/9c2fb7d2362ebf6fa088960d7f0d27b0\",\"name\":\"Filip\",\"image\":{\"@type\":\"ImageObject\",\"inLanguage\":\"pl-PL\",\"@id\":\"https:\/\/www.pogotowieflagowe.pl\/aktualne\/#\/schema\/person\/image\/\",\"url\":\"https:\/\/www.pogotowieflagowe.pl\/aktualne\/wp-content\/uploads\/2024\/08\/pogotowieflagowe.pl_.jpg\",\"contentUrl\":\"https:\/\/www.pogotowieflagowe.pl\/aktualne\/wp-content\/uploads\/2024\/08\/pogotowieflagowe.pl_.jpg\",\"caption\":\"Filip\"},\"description\":\"Jestem Filip, polski dziennikarz z dyplomem nauk politycznych Uniwersytetu Warszawskiego. Rozpoczynaj\u0105c swoj\u0105 karier\u0119 w r\u00f3\u017cnych lokalnych mediach, zdoby\u0142em solidne do\u015bwiadczenie w zakresie \u015bledztwa i redakcji. Obecnie jako redaktor w Pogotowie flagowe, staram si\u0119 dostarcza\u0107 dog\u0142\u0119bne i istotne analizy na temat najwa\u017cniejszych kwestii aktualno\u015bci, \u0142\u0105cz\u0105c rygor z pasj\u0105 dziennikarsk\u0105.\",\"sameAs\":[\"https:\/\/www.pogotowieflagowe.pl\/\"]}]}<\/script>\n<!-- \/ Yoast SEO plugin. -->","yoast_head_json":{"title":"Je\u015bli nie ONZ, to ambasada USA? Prezydent twierdzi, \u017ce marsza\u0142ek Sejmu Szymon Ho\u0142ownia by\u0142by lepszym ambasadorem ni\u017c Klich - POGOTOWIE FLAGOWE\u00ae","robots":{"index":"index","follow":"follow","max-snippet":"max-snippet:-1","max-image-preview":"max-image-preview:large","max-video-preview":"max-video-preview:-1"},"canonical":"https:\/\/www.pogotowieflagowe.pl\/aktualne\/jesli-nie-onz-to-ambasada-usa-prezydent-twierdzi-ze-marszalek-sejmu-szymon-holownia-bylby-lepszym-ambasadorem-niz-klich\/","og_locale":"pl_PL","og_type":"article","og_title":"Je\u015bli nie ONZ, to ambasada USA? Prezydent twierdzi, \u017ce marsza\u0142ek Sejmu Szymon Ho\u0142ownia by\u0142by lepszym ambasadorem ni\u017c Klich - POGOTOWIE FLAGOWE\u00ae","og_description":"W niedziel\u0119 doniesienia medialne sugerowa\u0142y, \u017ce je\u015bli Szymon Ho\u0142ownia nie zostanie Wysokim Komisarzem Narod\u00f3w Zjednoczonych ds. Uchod\u017ac\u00f3w, mo\u017ce ubiega\u0107 si\u0119","og_url":"https:\/\/www.pogotowieflagowe.pl\/aktualne\/jesli-nie-onz-to-ambasada-usa-prezydent-twierdzi-ze-marszalek-sejmu-szymon-holownia-bylby-lepszym-ambasadorem-niz-klich\/","og_site_name":"POGOTOWIE FLAGOWE\u00ae","article_published_time":"2025-10-21T11:58:54+00:00","article_modified_time":"2025-10-21T11:58:55+00:00","og_image":[{"width":1280,"height":720,"url":"https:\/\/www.pogotowieflagowe.pl\/aktualne\/wp-content\/uploads\/2025\/10\/Jesli-nie-ONZ-to-ambasada-USA-Prezydent-twierdzi-ze-marszalek.webp.webp","type":"image\/webp"}],"author":"Filip","twitter_card":"summary_large_image","twitter_misc":{"Napisane przez":"Filip","Szacowany czas czytania":"3 minuty"},"schema":{"@context":"https:\/\/schema.org","@graph":[{"@type":"Article","@id":"https:\/\/www.pogotowieflagowe.pl\/aktualne\/jesli-nie-onz-to-ambasada-usa-prezydent-twierdzi-ze-marszalek-sejmu-szymon-holownia-bylby-lepszym-ambasadorem-niz-klich\/#article","isPartOf":{"@id":"https:\/\/www.pogotowieflagowe.pl\/aktualne\/jesli-nie-onz-to-ambasada-usa-prezydent-twierdzi-ze-marszalek-sejmu-szymon-holownia-bylby-lepszym-ambasadorem-niz-klich\/"},"author":{"name":"Filip","@id":"https:\/\/www.pogotowieflagowe.pl\/aktualne\/#\/schema\/person\/9c2fb7d2362ebf6fa088960d7f0d27b0"},"headline":"Je\u015bli nie ONZ, to ambasada USA? Prezydent twierdzi, \u017ce marsza\u0142ek Sejmu Szymon Ho\u0142ownia by\u0142by lepszym ambasadorem ni\u017c Klich","datePublished":"2025-10-21T11:58:54+00:00","dateModified":"2025-10-21T11:58:55+00:00","mainEntityOfPage":{"@id":"https:\/\/www.pogotowieflagowe.pl\/aktualne\/jesli-nie-onz-to-ambasada-usa-prezydent-twierdzi-ze-marszalek-sejmu-szymon-holownia-bylby-lepszym-ambasadorem-niz-klich\/"},"wordCount":500,"commentCount":1,"publisher":{"@id":"https:\/\/www.pogotowieflagowe.pl\/aktualne\/#organization"},"image":{"@id":"https:\/\/www.pogotowieflagowe.pl\/aktualne\/jesli-nie-onz-to-ambasada-usa-prezydent-twierdzi-ze-marszalek-sejmu-szymon-holownia-bylby-lepszym-ambasadorem-niz-klich\/#primaryimage"},"thumbnailUrl":"https:\/\/www.pogotowieflagowe.pl\/aktualne\/wp-content\/uploads\/2025\/10\/Jesli-nie-ONZ-to-ambasada-USA-Prezydent-twierdzi-ze-marszalek.webp.webp","keywords":["ambasad\u0105","ambasadorem","by\u0142by","Ho\u0142ownia","Je\u015bli","Klich","lepszym","Marsza\u0142ek","Nie","ni\u017c","ONZ","Prezydent","Sejmu","Szymon","twierdzi","USA","\u017ce"],"articleSection":["Aktualne"],"inLanguage":"pl-PL","potentialAction":[{"@type":"CommentAction","name":"Comment","target":["https:\/\/www.pogotowieflagowe.pl\/aktualne\/jesli-nie-onz-to-ambasada-usa-prezydent-twierdzi-ze-marszalek-sejmu-szymon-holownia-bylby-lepszym-ambasadorem-niz-klich\/#respond"]}]},{"@type":"WebPage","@id":"https:\/\/www.pogotowieflagowe.pl\/aktualne\/jesli-nie-onz-to-ambasada-usa-prezydent-twierdzi-ze-marszalek-sejmu-szymon-holownia-bylby-lepszym-ambasadorem-niz-klich\/","url":"https:\/\/www.pogotowieflagowe.pl\/aktualne\/jesli-nie-onz-to-ambasada-usa-prezydent-twierdzi-ze-marszalek-sejmu-szymon-holownia-bylby-lepszym-ambasadorem-niz-klich\/","name":"Je\u015bli nie ONZ, to ambasada USA? Prezydent twierdzi, \u017ce marsza\u0142ek Sejmu Szymon Ho\u0142ownia by\u0142by lepszym ambasadorem ni\u017c Klich - POGOTOWIE FLAGOWE\u00ae","isPartOf":{"@id":"https:\/\/www.pogotowieflagowe.pl\/aktualne\/#website"},"primaryImageOfPage":{"@id":"https:\/\/www.pogotowieflagowe.pl\/aktualne\/jesli-nie-onz-to-ambasada-usa-prezydent-twierdzi-ze-marszalek-sejmu-szymon-holownia-bylby-lepszym-ambasadorem-niz-klich\/#primaryimage"},"image":{"@id":"https:\/\/www.pogotowieflagowe.pl\/aktualne\/jesli-nie-onz-to-ambasada-usa-prezydent-twierdzi-ze-marszalek-sejmu-szymon-holownia-bylby-lepszym-ambasadorem-niz-klich\/#primaryimage"},"thumbnailUrl":"https:\/\/www.pogotowieflagowe.pl\/aktualne\/wp-content\/uploads\/2025\/10\/Jesli-nie-ONZ-to-ambasada-USA-Prezydent-twierdzi-ze-marszalek.webp.webp","datePublished":"2025-10-21T11:58:54+00:00","dateModified":"2025-10-21T11:58:55+00:00","breadcrumb":{"@id":"https:\/\/www.pogotowieflagowe.pl\/aktualne\/jesli-nie-onz-to-ambasada-usa-prezydent-twierdzi-ze-marszalek-sejmu-szymon-holownia-bylby-lepszym-ambasadorem-niz-klich\/#breadcrumb"},"inLanguage":"pl-PL","potentialAction":[{"@type":"ReadAction","target":["https:\/\/www.pogotowieflagowe.pl\/aktualne\/jesli-nie-onz-to-ambasada-usa-prezydent-twierdzi-ze-marszalek-sejmu-szymon-holownia-bylby-lepszym-ambasadorem-niz-klich\/"]}]},{"@type":"ImageObject","inLanguage":"pl-PL","@id":"https:\/\/www.pogotowieflagowe.pl\/aktualne\/jesli-nie-onz-to-ambasada-usa-prezydent-twierdzi-ze-marszalek-sejmu-szymon-holownia-bylby-lepszym-ambasadorem-niz-klich\/#primaryimage","url":"https:\/\/www.pogotowieflagowe.pl\/aktualne\/wp-content\/uploads\/2025\/10\/Jesli-nie-ONZ-to-ambasada-USA-Prezydent-twierdzi-ze-marszalek.webp.webp","contentUrl":"https:\/\/www.pogotowieflagowe.pl\/aktualne\/wp-content\/uploads\/2025\/10\/Jesli-nie-ONZ-to-ambasada-USA-Prezydent-twierdzi-ze-marszalek.webp.webp","width":1280,"height":720,"caption":"Je\u015bli nie ONZ, to ambasada USA? Prezydent twierdzi, \u017ce marsza\u0142ek Sejmu Szymon Ho\u0142ownia by\u0142by lepszym ambasadorem ni\u017c Klich"},{"@type":"BreadcrumbList","@id":"https:\/\/www.pogotowieflagowe.pl\/aktualne\/jesli-nie-onz-to-ambasada-usa-prezydent-twierdzi-ze-marszalek-sejmu-szymon-holownia-bylby-lepszym-ambasadorem-niz-klich\/#breadcrumb","itemListElement":[{"@type":"ListItem","position":1,"name":"Home","item":"https:\/\/www.pogotowieflagowe.pl\/aktualne\/"},{"@type":"ListItem","position":2,"name":"Je\u015bli nie ONZ, to ambasada USA? Prezydent twierdzi, \u017ce marsza\u0142ek Sejmu Szymon Ho\u0142ownia by\u0142by lepszym ambasadorem ni\u017c Klich"}]},{"@type":"WebSite","@id":"https:\/\/www.pogotowieflagowe.pl\/aktualne\/#website","url":"https:\/\/www.pogotowieflagowe.pl\/aktualne\/","name":"POGOTOWIE FLAGOWE\u00ae","description":"","publisher":{"@id":"https:\/\/www.pogotowieflagowe.pl\/aktualne\/#organization"},"potentialAction":[{"@type":"SearchAction","target":{"@type":"EntryPoint","urlTemplate":"https:\/\/www.pogotowieflagowe.pl\/aktualne\/?s={search_term_string}"},"query-input":"required name=search_term_string"}],"inLanguage":"pl-PL"},{"@type":"Organization","@id":"https:\/\/www.pogotowieflagowe.pl\/aktualne\/#organization","name":"POGOTOWIE FLAGOWE\u00ae","url":"https:\/\/www.pogotowieflagowe.pl\/aktualne\/","logo":{"@type":"ImageObject","inLanguage":"pl-PL","@id":"https:\/\/www.pogotowieflagowe.pl\/aktualne\/#\/schema\/logo\/image\/","url":"https:\/\/www.pogotowieflagowe.pl\/aktualne\/wp-content\/uploads\/2024\/08\/cropped-pogotowieflagowe_flaga_projekt_sm.jpg","contentUrl":"https:\/\/www.pogotowieflagowe.pl\/aktualne\/wp-content\/uploads\/2024\/08\/cropped-pogotowieflagowe_flaga_projekt_sm.jpg","width":250,"height":143,"caption":"POGOTOWIE FLAGOWE\u00ae"},"image":{"@id":"https:\/\/www.pogotowieflagowe.pl\/aktualne\/#\/schema\/logo\/image\/"}},{"@type":"Person","@id":"https:\/\/www.pogotowieflagowe.pl\/aktualne\/#\/schema\/person\/9c2fb7d2362ebf6fa088960d7f0d27b0","name":"Filip","image":{"@type":"ImageObject","inLanguage":"pl-PL","@id":"https:\/\/www.pogotowieflagowe.pl\/aktualne\/#\/schema\/person\/image\/","url":"https:\/\/www.pogotowieflagowe.pl\/aktualne\/wp-content\/uploads\/2024\/08\/pogotowieflagowe.pl_.jpg","contentUrl":"https:\/\/www.pogotowieflagowe.pl\/aktualne\/wp-content\/uploads\/2024\/08\/pogotowieflagowe.pl_.jpg","caption":"Filip"},"description":"Jestem Filip, polski dziennikarz z dyplomem nauk politycznych Uniwersytetu Warszawskiego. Rozpoczynaj\u0105c swoj\u0105 karier\u0119 w r\u00f3\u017cnych lokalnych mediach, zdoby\u0142em solidne do\u015bwiadczenie w zakresie \u015bledztwa i redakcji. Obecnie jako redaktor w Pogotowie flagowe, staram si\u0119 dostarcza\u0107 dog\u0142\u0119bne i istotne analizy na temat najwa\u017cniejszych kwestii aktualno\u015bci, \u0142\u0105cz\u0105c rygor z pasj\u0105 dziennikarsk\u0105.","sameAs":["https:\/\/www.pogotowieflagowe.pl\/"]}]}},"_links":{"self":[{"href":"https:\/\/www.pogotowieflagowe.pl\/aktualne\/wp-json\/wp\/v2\/posts\/9617","targetHints":{"allow":["GET"]}}],"collection":[{"href":"https:\/\/www.pogotowieflagowe.pl\/aktualne\/wp-json\/wp\/v2\/posts"}],"about":[{"href":"https:\/\/www.pogotowieflagowe.pl\/aktualne\/wp-json\/wp\/v2\/types\/post"}],"author":[{"embeddable":true,"href":"https:\/\/www.pogotowieflagowe.pl\/aktualne\/wp-json\/wp\/v2\/users\/1"}],"replies":[{"embeddable":true,"href":"https:\/\/www.pogotowieflagowe.pl\/aktualne\/wp-json\/wp\/v2\/comments?post=9617"}],"version-history":[{"count":1,"href":"https:\/\/www.pogotowieflagowe.pl\/aktualne\/wp-json\/wp\/v2\/posts\/9617\/revisions"}],"predecessor-version":[{"id":9619,"href":"https:\/\/www.pogotowieflagowe.pl\/aktualne\/wp-json\/wp\/v2\/posts\/9617\/revisions\/9619"}],"wp:featuredmedia":[{"embeddable":true,"href":"https:\/\/www.pogotowieflagowe.pl\/aktualne\/wp-json\/wp\/v2\/media\/9618"}],"wp:attachment":[{"href":"https:\/\/www.pogotowieflagowe.pl\/aktualne\/wp-json\/wp\/v2\/media?parent=9617"}],"wp:term":[{"taxonomy":"category","embeddable":true,"href":"https:\/\/www.pogotowieflagowe.pl\/aktualne\/wp-json\/wp\/v2\/categories?post=9617"},{"taxonomy":"post_tag","embeddable":true,"href":"https:\/\/www.pogotowieflagowe.pl\/aktualne\/wp-json\/wp\/v2\/tags?post=9617"}],"curies":[{"name":"wp","href":"https:\/\/api.w.org\/{rel}","templated":true}]}}