{"id":9624,"date":"2025-10-21T21:44:05","date_gmt":"2025-10-21T19:44:05","guid":{"rendered":"https:\/\/www.pogotowieflagowe.pl\/aktualne\/agresywne-psy-zaatakowane-wczesniej-wlasciciel-strzelnicy-poprosil-kolegow-o-pomoc\/"},"modified":"2025-10-21T21:44:06","modified_gmt":"2025-10-21T19:44:06","slug":"agresywne-psy-zaatakowane-wczesniej-wlasciciel-strzelnicy-poprosil-kolegow-o-pomoc","status":"publish","type":"post","link":"https:\/\/www.pogotowieflagowe.pl\/aktualne\/agresywne-psy-zaatakowane-wczesniej-wlasciciel-strzelnicy-poprosil-kolegow-o-pomoc\/","title":{"rendered":"Agresywne psy zaatakowane wcze\u015bniej. W\u0142a\u015bciciel strzelnicy poprosi\u0142 koleg\u00f3w o pomoc"},"content":{"rendered":"\n<div class=\"td_block_wrap tdb_single_content tdi_41 td-pb-border-top td_block_template_8 td-post-content tagdiv-type\" data-td-block-uid=\"tdi_41\">\n<style>.tdi_41{margines-top:0px!important;margin-bottom:0px!important;dope\u0142nienie-g\u00f3ra:0px!important;dope\u0142nienie-d\u00f3\u0142:0px!important}<\/style>\n<style>.tdb_single_content{margin-bottom:0;*zoom:1}.tdb_single_content:before,.tdb_single_content:after{display:table;content:'';line-height:0}.tdb_single_content:after{clear:both}.tdb_single_content .tdb-block-inner>*:not(.wp-block-quote):not(.alignwide):not(.alignfull.wp-block-cover.has-parallax):not(.td-a-ad){margin-left:auto;margin-right:auto}.tdb_single_content a{pointer-events:auto}.tdb_single_content .td-spot-id-top_ad .tdc-placeholder-title:before{content:'Article Top Ad'!important}.tdb_single_content .td-spot-id-inline_ad0 .tdc-placeholder-title:before{content:'Article Reklama wbudowana 1'!important}.tdb_single_content .td-spot-id-inline_ad1 .tdc-placeholder-title:before{content:'Reklama wbudowana w artyku\u0142 2'!important}.tdb_single_content .td-spot-id-inline_ad2 .tdc-placeholder-title:before{content:'Reklama w tek\u015bcie artyku\u0142u 3'!important}.tdb_single_content .td-spot-id-bottom_ad .tdc-placeholder-title:before{content:'Article Bottom Ad'!important}.tdb_single_content .id_top_ad,.tdb_single_content .id_bottom_ad{clear:both;margin-bottom:21px;text-align:center}.tdb_single_content .id_top_ad img,.tdb_single_content .id_bottom_ad img{margin-bottom:0}.tdb_single_content .id_top_ad .adsbygoogle,.tdb_single_content .id_bottom_ad .adsbygoogle{position:relative}.tdb_single_content .id_ad_content-horiz-left,.tdb_single_content .id_ad_content-horiz-right,.tdb_single_content .id_ad_content-horiz-center{margin-bottom:15px}.tdb_single_content .id_ad_content-horiz-left img,.tdb_single_content .id_ad_content-horiz-right img,.tdb_single_content .id_ad_content-horiz-center img{margin-bottom:0}.tdb_single_content .id_ad_content-horiz-center{text-align:center}.tdb_single_content .id_ad_content-horiz-center img{margin-right:auto;margin-left:auto}.tdb_single_content .id_ad_content-horiz-left{float:left;margin-top:9px;margin-right:21px}.tdb_single_content .id_ad_content-horiz-right{float:right;margin-top:6px;margin-left:21px}.tdb_single_content .tdc-a-ad .tdc-placeholder-title{width:300px;height:250px}.tdb_single_content .tdc-a-ad .tdc-placeholder-title:before{position:absolute;top:50%;-webkit-transform:translateY(-50%);transform:translateY(-50%);margin:auto;display:table;width:100%}.tdb_single_content .tdb-block-inner.td-fix-index{word-break:break-word}.tdi_41,.tdi_41>p,.tdi_41 .tdb-block-inner>p,.wp-block-column>p{font-size:16px!important;line-height:1.6!important}.tdi_41 .tdb-block-inner cytat blokowy p{font-style:normal!important}@media (max-width:767px){.tdb_single_content .id_ad_content-horiz-left,.tdb_single_content .id_ad_content-horiz-right,.tdb_single_content .id_ad_content-horiz-center{margin:0 auto 26 pikseli auto}}@media (max-width:767px){.tdb_single_content .id_ad_content-horiz-left{margin-right:0}}@media (max-width:767px){.tdb_single_content .id_ad_content-horiz-right{margin-left:0}}@media (max-width:767px){.tdb_single_content .td-a-ad{float:none;text-align:center}.tdb_single_content .td-a-ad img{margin-right:auto;margin-left:auto}.tdb_single_content .tdc-a-ad{float:none}}<\/style>\n<div class=\"tdb-block-inner td-fix-index\">\n<p>Na jaw wychodz\u0105 nowe szokuj\u0105ce fakty w zwi\u0105zku z tragedi\u0105 w Zielonej G\u00f3rze. M\u0119\u017cczyzna pogryziony przez agresywne psy zmar\u0142 pomimo amputacji wszystkich ko\u0144czyn. W\u0142a\u015bcicielem zwierz\u0105t jest by\u0142y policjant, kt\u00f3ry w przesz\u0142o\u015bci w trudnych chwilach m\u00f3g\u0142 liczy\u0107 na swoich koleg\u00f3w. Lokalna spo\u0142eczno\u015b\u0107 podaje, \u017ce tragedii mo\u017cna by\u0142o unikn\u0105\u0107, jednak do tej pory nikt nie zareagowa\u0142 odpowiednio.<\/p>\n<p>Ustalenia medi\u00f3w oparte na zeznaniach ofiar jednoznacznie wskazuj\u0105, \u017ce sytuacja w zielonog\u00f3rskiej Raculi by\u0142a dobrze znana w\u0142adzom. Problem dotyczy\u0142 powa\u017cnych ugryzie\u0144 przez psy str\u00f3\u017cuj\u0105ce na strzelnicy. Ale to nie by\u0142 jedyny problem.<\/p>\n<p>Ofiary atak\u00f3w nadal cierpi\u0105 z powodu powa\u017cnych obra\u017ce\u0144, takich jak brakuj\u0105ce uszy lub g\u0142\u0119bokie blizny. Co w tym czasie robi\u0142a lokalna policja? Z zezna\u0144 pokrzywdzonych wynika, \u017ce \u200b\u200bbyli oni bierni i opieszali w wykonywaniu swoich obowi\u0105zk\u00f3w. Przybyli na miejsce kilka godzin po wezwaniu.<\/p>\n<p>W skrajnych przypadkach chronili swojego by\u0142ego koleg\u0119 przed u\u017cyciem si\u0142y, pomagaj\u0105c mu nawet, gdy schwytane zwierz\u0119ta trafia\u0142y do \u200b\u200bschroniska. W\u0142a\u015bciciel przyby\u0142 do o\u015brodka w towarzystwie funkcjonariuszy i wymusi\u0142 powr\u00f3t ps\u00f3w. Pracownicy schroniska potwierdzili, \u017ce sta\u0142o si\u0119 to po kolejnym powa\u017cnym ataku ps\u00f3w na ludzi w 2024 r. Wspomnieli r\u00f3wnie\u017c, \u017ce zauwa\u017cyli rany postrza\u0142owe i k\u0142ute ps\u00f3w, co sugerowa\u0142o, \u017ce w\u0142a\u015bciciel by\u0142 obecny na miejscu zdarzenia i prawdopodobnie pr\u00f3bowa\u0142 odci\u0105gn\u0105\u0107 w\u015bciek\u0142e psy pasterskie od ofiary. Gdy komendy zawiod\u0142y, m\u00f3g\u0142 u\u017cy\u0107 broni palnej.<\/p>\n<h2 class=\"wp-block-heading\">Terror w okolicy<\/h2>\n<p>Psy uciek\u0142y tak\u017ce poza ogrodzony teren i zaatakowa\u0142y ludzi na zewn\u0105trz. Sprawa ta nadal nie zosta\u0142a rozpatrzona przez odpowiednie w\u0142adze.<\/p>\n<p>&#8222;Mieszka\u0144cy zaniepokoili si\u0119 nie tylko agresywnym zachowaniem ps\u00f3w, ale tak\u017ce niew\u0142a\u015bciwym, ich zdaniem zabezpieczeniem strzelnicy, kt\u00f3rej w\u0142a\u015bcicielem by\u0142 by\u0142y funkcjonariusz policji. Mieszka\u0144cy okolicy, spaceruj\u0105c po lesie, cz\u0119sto natykali si\u0119 na \u0142uski po kulach&#8221; \u2013 czytamy w relacji s\u0142u\u017cb. Lokalne media poda\u0142y, \u017ce petycja okolicznych mieszka\u0144c\u00f3w \u017c\u0105daj\u0105ca zamkni\u0119cia strzelnicy zosta\u0142a zignorowana.<\/p>\n<h2 class=\"wp-block-heading\">Odpowied\u017a po fakcie<\/h2>\n<p>Dopiero 16 pa\u017adziernika prokuratura aresztowa\u0142a w\u0142a\u015bciciela ps\u00f3w i strzelnicy. Piotr M., lat 53, najbli\u017csze trzy miesi\u0105ce sp\u0119dzi w areszcie. Postawiono mu zarzut spowodowania ci\u0119\u017ckiego uszkodzenia cia\u0142a w postaci choroby zagra\u017caj\u0105cej \u017cyciu, w wyniku kt\u00f3rej pokrzywdzony zmar\u0142.<\/p>\n<p>M\u0119\u017cczyzna zosta\u0142 przes\u0142uchany i z\u0142o\u017cy\u0142 wyja\u015bnienia, ale nie czuje si\u0119 odpowiedzialny. Zgodnie z obowi\u0105zuj\u0105cymi przepisami grozi mu kara od 5 lat wi\u0119zienia do do\u017cywocia.<\/p>\n<p>46-letni m\u0119\u017cczyzna poturbowany przez psy zmar\u0142 po kilku operacjach, w tym amputacjach.<\/p>\n<p>Prokuratura apeluje do wszystkich, kt\u00f3rzy posiadaj\u0105 istotne informacje, o zg\u0142aszanie si\u0119. Szef zielonog\u00f3rskiej prokuratury Robert Kmieciak radzi\u0142, aby osoby zg\u0142asza\u0142y si\u0119 bezpo\u015brednio do prokuratury lub policji.<\/p>\n<p>Ministerstwo Spraw Wewn\u0119trznych i Administracji og\u0142osi\u0142o kontrol\u0119 Komendy G\u0142\u00f3wnej Policji, kt\u00f3ra ma na celu sprawdzenie interwencji podejmowanych na wezwania, zezwole\u0144 na prowadzenie strzelnicy oraz obowi\u0105zkowych kontroli organ\u00f3w \u015bcigania.<\/p>\n<\/div>\n<\/div>\n","protected":false},"excerpt":{"rendered":"<p>Na jaw wychodz\u0105 nowe szokuj\u0105ce fakty w zwi\u0105zku z tragedi\u0105 w Zielonej G\u00f3rze. M\u0119\u017cczyzna pogryziony przez agresywne psy zmar\u0142 pomimo<\/p>\n","protected":false},"author":1,"featured_media":9625,"comment_status":"open","ping_status":"open","sticky":false,"template":"","format":"standard","meta":{"footnotes":""},"categories":[4748],"tags":[11117,11122,1188,11121,233,11120,7286,11119,11118],"class_list":["post-9624","post","type-post","status-publish","format-standard","has-post-thumbnail","hentry","category-aktualne","tag-agresywne","tag-kolegow","tag-pomoc","tag-poprosil","tag-psy","tag-strzelnicy","tag-wczesniej","tag-wlasciciel","tag-zaatakowane","generate-columns","tablet-grid-50","mobile-grid-100","grid-parent","grid-50","resize-featured-image"],"yoast_head":"<!-- This site is optimized with the Yoast SEO plugin v23.2 - https:\/\/yoast.com\/wordpress\/plugins\/seo\/ -->\n<title>Agresywne psy zaatakowane wcze\u015bniej. W\u0142a\u015bciciel strzelnicy poprosi\u0142 koleg\u00f3w o pomoc - POGOTOWIE FLAGOWE\u00ae<\/title>\n<meta name=\"robots\" content=\"index, follow, max-snippet:-1, max-image-preview:large, max-video-preview:-1\" \/>\n<link rel=\"canonical\" href=\"https:\/\/www.pogotowieflagowe.pl\/aktualne\/agresywne-psy-zaatakowane-wczesniej-wlasciciel-strzelnicy-poprosil-kolegow-o-pomoc\/\" \/>\n<meta property=\"og:locale\" content=\"pl_PL\" \/>\n<meta property=\"og:type\" content=\"article\" \/>\n<meta property=\"og:title\" content=\"Agresywne psy zaatakowane wcze\u015bniej. W\u0142a\u015bciciel strzelnicy poprosi\u0142 koleg\u00f3w o pomoc - POGOTOWIE FLAGOWE\u00ae\" \/>\n<meta property=\"og:description\" content=\"Na jaw wychodz\u0105 nowe szokuj\u0105ce fakty w zwi\u0105zku z tragedi\u0105 w Zielonej G\u00f3rze. M\u0119\u017cczyzna pogryziony przez agresywne psy zmar\u0142 pomimo\" \/>\n<meta property=\"og:url\" content=\"https:\/\/www.pogotowieflagowe.pl\/aktualne\/agresywne-psy-zaatakowane-wczesniej-wlasciciel-strzelnicy-poprosil-kolegow-o-pomoc\/\" \/>\n<meta property=\"og:site_name\" content=\"POGOTOWIE FLAGOWE\u00ae\" \/>\n<meta property=\"article:published_time\" content=\"2025-10-21T19:44:05+00:00\" \/>\n<meta property=\"article:modified_time\" content=\"2025-10-21T19:44:06+00:00\" \/>\n<meta property=\"og:image\" content=\"https:\/\/www.pogotowieflagowe.pl\/aktualne\/wp-content\/uploads\/2025\/10\/Agresywne-psy-zaatakowane-wczesniej-Wlasciciel-strzelnicy-poprosil-kolegow-o-pomoc.webp.webp\" \/>\n\t<meta property=\"og:image:width\" content=\"1280\" \/>\n\t<meta property=\"og:image:height\" content=\"720\" \/>\n\t<meta property=\"og:image:type\" content=\"image\/webp\" \/>\n<meta name=\"author\" content=\"Filip\" \/>\n<meta name=\"twitter:card\" content=\"summary_large_image\" \/>\n<meta name=\"twitter:label1\" content=\"Napisane przez\" \/>\n\t<meta name=\"twitter:data1\" content=\"Filip\" \/>\n\t<meta name=\"twitter:label2\" content=\"Szacowany czas czytania\" \/>\n\t<meta name=\"twitter:data2\" content=\"3 minuty\" \/>\n<script type=\"application\/ld+json\" class=\"yoast-schema-graph\">{\"@context\":\"https:\/\/schema.org\",\"@graph\":[{\"@type\":\"Article\",\"@id\":\"https:\/\/www.pogotowieflagowe.pl\/aktualne\/agresywne-psy-zaatakowane-wczesniej-wlasciciel-strzelnicy-poprosil-kolegow-o-pomoc\/#article\",\"isPartOf\":{\"@id\":\"https:\/\/www.pogotowieflagowe.pl\/aktualne\/agresywne-psy-zaatakowane-wczesniej-wlasciciel-strzelnicy-poprosil-kolegow-o-pomoc\/\"},\"author\":{\"name\":\"Filip\",\"@id\":\"https:\/\/www.pogotowieflagowe.pl\/aktualne\/#\/schema\/person\/9c2fb7d2362ebf6fa088960d7f0d27b0\"},\"headline\":\"Agresywne psy zaatakowane wcze\u015bniej. W\u0142a\u015bciciel strzelnicy poprosi\u0142 koleg\u00f3w o pomoc\",\"datePublished\":\"2025-10-21T19:44:05+00:00\",\"dateModified\":\"2025-10-21T19:44:06+00:00\",\"mainEntityOfPage\":{\"@id\":\"https:\/\/www.pogotowieflagowe.pl\/aktualne\/agresywne-psy-zaatakowane-wczesniej-wlasciciel-strzelnicy-poprosil-kolegow-o-pomoc\/\"},\"wordCount\":545,\"commentCount\":0,\"publisher\":{\"@id\":\"https:\/\/www.pogotowieflagowe.pl\/aktualne\/#organization\"},\"image\":{\"@id\":\"https:\/\/www.pogotowieflagowe.pl\/aktualne\/agresywne-psy-zaatakowane-wczesniej-wlasciciel-strzelnicy-poprosil-kolegow-o-pomoc\/#primaryimage\"},\"thumbnailUrl\":\"https:\/\/www.pogotowieflagowe.pl\/aktualne\/wp-content\/uploads\/2025\/10\/Agresywne-psy-zaatakowane-wczesniej-Wlasciciel-strzelnicy-poprosil-kolegow-o-pomoc.webp.webp\",\"keywords\":[\"Agresywne\",\"koleg\u00f3w\",\"pomoc\",\"poprosi\u0142\",\"Psy\",\"strzelnicy\",\"wcze\u015bniej\",\"W\u0142a\u015bciciel\",\"zaatakowane\"],\"articleSection\":[\"Aktualne\"],\"inLanguage\":\"pl-PL\",\"potentialAction\":[{\"@type\":\"CommentAction\",\"name\":\"Comment\",\"target\":[\"https:\/\/www.pogotowieflagowe.pl\/aktualne\/agresywne-psy-zaatakowane-wczesniej-wlasciciel-strzelnicy-poprosil-kolegow-o-pomoc\/#respond\"]}]},{\"@type\":\"WebPage\",\"@id\":\"https:\/\/www.pogotowieflagowe.pl\/aktualne\/agresywne-psy-zaatakowane-wczesniej-wlasciciel-strzelnicy-poprosil-kolegow-o-pomoc\/\",\"url\":\"https:\/\/www.pogotowieflagowe.pl\/aktualne\/agresywne-psy-zaatakowane-wczesniej-wlasciciel-strzelnicy-poprosil-kolegow-o-pomoc\/\",\"name\":\"Agresywne psy zaatakowane wcze\u015bniej. W\u0142a\u015bciciel strzelnicy poprosi\u0142 koleg\u00f3w o pomoc - POGOTOWIE FLAGOWE\u00ae\",\"isPartOf\":{\"@id\":\"https:\/\/www.pogotowieflagowe.pl\/aktualne\/#website\"},\"primaryImageOfPage\":{\"@id\":\"https:\/\/www.pogotowieflagowe.pl\/aktualne\/agresywne-psy-zaatakowane-wczesniej-wlasciciel-strzelnicy-poprosil-kolegow-o-pomoc\/#primaryimage\"},\"image\":{\"@id\":\"https:\/\/www.pogotowieflagowe.pl\/aktualne\/agresywne-psy-zaatakowane-wczesniej-wlasciciel-strzelnicy-poprosil-kolegow-o-pomoc\/#primaryimage\"},\"thumbnailUrl\":\"https:\/\/www.pogotowieflagowe.pl\/aktualne\/wp-content\/uploads\/2025\/10\/Agresywne-psy-zaatakowane-wczesniej-Wlasciciel-strzelnicy-poprosil-kolegow-o-pomoc.webp.webp\",\"datePublished\":\"2025-10-21T19:44:05+00:00\",\"dateModified\":\"2025-10-21T19:44:06+00:00\",\"breadcrumb\":{\"@id\":\"https:\/\/www.pogotowieflagowe.pl\/aktualne\/agresywne-psy-zaatakowane-wczesniej-wlasciciel-strzelnicy-poprosil-kolegow-o-pomoc\/#breadcrumb\"},\"inLanguage\":\"pl-PL\",\"potentialAction\":[{\"@type\":\"ReadAction\",\"target\":[\"https:\/\/www.pogotowieflagowe.pl\/aktualne\/agresywne-psy-zaatakowane-wczesniej-wlasciciel-strzelnicy-poprosil-kolegow-o-pomoc\/\"]}]},{\"@type\":\"ImageObject\",\"inLanguage\":\"pl-PL\",\"@id\":\"https:\/\/www.pogotowieflagowe.pl\/aktualne\/agresywne-psy-zaatakowane-wczesniej-wlasciciel-strzelnicy-poprosil-kolegow-o-pomoc\/#primaryimage\",\"url\":\"https:\/\/www.pogotowieflagowe.pl\/aktualne\/wp-content\/uploads\/2025\/10\/Agresywne-psy-zaatakowane-wczesniej-Wlasciciel-strzelnicy-poprosil-kolegow-o-pomoc.webp.webp\",\"contentUrl\":\"https:\/\/www.pogotowieflagowe.pl\/aktualne\/wp-content\/uploads\/2025\/10\/Agresywne-psy-zaatakowane-wczesniej-Wlasciciel-strzelnicy-poprosil-kolegow-o-pomoc.webp.webp\",\"width\":1280,\"height\":720,\"caption\":\"Agresywne psy zaatakowane wcze\u015bniej. W\u0142a\u015bciciel strzelnicy poprosi\u0142 koleg\u00f3w o pomoc\"},{\"@type\":\"BreadcrumbList\",\"@id\":\"https:\/\/www.pogotowieflagowe.pl\/aktualne\/agresywne-psy-zaatakowane-wczesniej-wlasciciel-strzelnicy-poprosil-kolegow-o-pomoc\/#breadcrumb\",\"itemListElement\":[{\"@type\":\"ListItem\",\"position\":1,\"name\":\"Home\",\"item\":\"https:\/\/www.pogotowieflagowe.pl\/aktualne\/\"},{\"@type\":\"ListItem\",\"position\":2,\"name\":\"Agresywne psy zaatakowane wcze\u015bniej. W\u0142a\u015bciciel strzelnicy poprosi\u0142 koleg\u00f3w o pomoc\"}]},{\"@type\":\"WebSite\",\"@id\":\"https:\/\/www.pogotowieflagowe.pl\/aktualne\/#website\",\"url\":\"https:\/\/www.pogotowieflagowe.pl\/aktualne\/\",\"name\":\"POGOTOWIE FLAGOWE\u00ae\",\"description\":\"\",\"publisher\":{\"@id\":\"https:\/\/www.pogotowieflagowe.pl\/aktualne\/#organization\"},\"potentialAction\":[{\"@type\":\"SearchAction\",\"target\":{\"@type\":\"EntryPoint\",\"urlTemplate\":\"https:\/\/www.pogotowieflagowe.pl\/aktualne\/?s={search_term_string}\"},\"query-input\":\"required name=search_term_string\"}],\"inLanguage\":\"pl-PL\"},{\"@type\":\"Organization\",\"@id\":\"https:\/\/www.pogotowieflagowe.pl\/aktualne\/#organization\",\"name\":\"POGOTOWIE FLAGOWE\u00ae\",\"url\":\"https:\/\/www.pogotowieflagowe.pl\/aktualne\/\",\"logo\":{\"@type\":\"ImageObject\",\"inLanguage\":\"pl-PL\",\"@id\":\"https:\/\/www.pogotowieflagowe.pl\/aktualne\/#\/schema\/logo\/image\/\",\"url\":\"https:\/\/www.pogotowieflagowe.pl\/aktualne\/wp-content\/uploads\/2024\/08\/cropped-pogotowieflagowe_flaga_projekt_sm.jpg\",\"contentUrl\":\"https:\/\/www.pogotowieflagowe.pl\/aktualne\/wp-content\/uploads\/2024\/08\/cropped-pogotowieflagowe_flaga_projekt_sm.jpg\",\"width\":250,\"height\":143,\"caption\":\"POGOTOWIE FLAGOWE\u00ae\"},\"image\":{\"@id\":\"https:\/\/www.pogotowieflagowe.pl\/aktualne\/#\/schema\/logo\/image\/\"}},{\"@type\":\"Person\",\"@id\":\"https:\/\/www.pogotowieflagowe.pl\/aktualne\/#\/schema\/person\/9c2fb7d2362ebf6fa088960d7f0d27b0\",\"name\":\"Filip\",\"image\":{\"@type\":\"ImageObject\",\"inLanguage\":\"pl-PL\",\"@id\":\"https:\/\/www.pogotowieflagowe.pl\/aktualne\/#\/schema\/person\/image\/\",\"url\":\"https:\/\/www.pogotowieflagowe.pl\/aktualne\/wp-content\/uploads\/2024\/08\/pogotowieflagowe.pl_.jpg\",\"contentUrl\":\"https:\/\/www.pogotowieflagowe.pl\/aktualne\/wp-content\/uploads\/2024\/08\/pogotowieflagowe.pl_.jpg\",\"caption\":\"Filip\"},\"description\":\"Jestem Filip, polski dziennikarz z dyplomem nauk politycznych Uniwersytetu Warszawskiego. Rozpoczynaj\u0105c swoj\u0105 karier\u0119 w r\u00f3\u017cnych lokalnych mediach, zdoby\u0142em solidne do\u015bwiadczenie w zakresie \u015bledztwa i redakcji. Obecnie jako redaktor w Pogotowie flagowe, staram si\u0119 dostarcza\u0107 dog\u0142\u0119bne i istotne analizy na temat najwa\u017cniejszych kwestii aktualno\u015bci, \u0142\u0105cz\u0105c rygor z pasj\u0105 dziennikarsk\u0105.\",\"sameAs\":[\"https:\/\/www.pogotowieflagowe.pl\/\"]}]}<\/script>\n<!-- \/ Yoast SEO plugin. -->","yoast_head_json":{"title":"Agresywne psy zaatakowane wcze\u015bniej. W\u0142a\u015bciciel strzelnicy poprosi\u0142 koleg\u00f3w o pomoc - POGOTOWIE FLAGOWE\u00ae","robots":{"index":"index","follow":"follow","max-snippet":"max-snippet:-1","max-image-preview":"max-image-preview:large","max-video-preview":"max-video-preview:-1"},"canonical":"https:\/\/www.pogotowieflagowe.pl\/aktualne\/agresywne-psy-zaatakowane-wczesniej-wlasciciel-strzelnicy-poprosil-kolegow-o-pomoc\/","og_locale":"pl_PL","og_type":"article","og_title":"Agresywne psy zaatakowane wcze\u015bniej. W\u0142a\u015bciciel strzelnicy poprosi\u0142 koleg\u00f3w o pomoc - POGOTOWIE FLAGOWE\u00ae","og_description":"Na jaw wychodz\u0105 nowe szokuj\u0105ce fakty w zwi\u0105zku z tragedi\u0105 w Zielonej G\u00f3rze. M\u0119\u017cczyzna pogryziony przez agresywne psy zmar\u0142 pomimo","og_url":"https:\/\/www.pogotowieflagowe.pl\/aktualne\/agresywne-psy-zaatakowane-wczesniej-wlasciciel-strzelnicy-poprosil-kolegow-o-pomoc\/","og_site_name":"POGOTOWIE FLAGOWE\u00ae","article_published_time":"2025-10-21T19:44:05+00:00","article_modified_time":"2025-10-21T19:44:06+00:00","og_image":[{"width":1280,"height":720,"url":"https:\/\/www.pogotowieflagowe.pl\/aktualne\/wp-content\/uploads\/2025\/10\/Agresywne-psy-zaatakowane-wczesniej-Wlasciciel-strzelnicy-poprosil-kolegow-o-pomoc.webp.webp","type":"image\/webp"}],"author":"Filip","twitter_card":"summary_large_image","twitter_misc":{"Napisane przez":"Filip","Szacowany czas czytania":"3 minuty"},"schema":{"@context":"https:\/\/schema.org","@graph":[{"@type":"Article","@id":"https:\/\/www.pogotowieflagowe.pl\/aktualne\/agresywne-psy-zaatakowane-wczesniej-wlasciciel-strzelnicy-poprosil-kolegow-o-pomoc\/#article","isPartOf":{"@id":"https:\/\/www.pogotowieflagowe.pl\/aktualne\/agresywne-psy-zaatakowane-wczesniej-wlasciciel-strzelnicy-poprosil-kolegow-o-pomoc\/"},"author":{"name":"Filip","@id":"https:\/\/www.pogotowieflagowe.pl\/aktualne\/#\/schema\/person\/9c2fb7d2362ebf6fa088960d7f0d27b0"},"headline":"Agresywne psy zaatakowane wcze\u015bniej. W\u0142a\u015bciciel strzelnicy poprosi\u0142 koleg\u00f3w o pomoc","datePublished":"2025-10-21T19:44:05+00:00","dateModified":"2025-10-21T19:44:06+00:00","mainEntityOfPage":{"@id":"https:\/\/www.pogotowieflagowe.pl\/aktualne\/agresywne-psy-zaatakowane-wczesniej-wlasciciel-strzelnicy-poprosil-kolegow-o-pomoc\/"},"wordCount":545,"commentCount":0,"publisher":{"@id":"https:\/\/www.pogotowieflagowe.pl\/aktualne\/#organization"},"image":{"@id":"https:\/\/www.pogotowieflagowe.pl\/aktualne\/agresywne-psy-zaatakowane-wczesniej-wlasciciel-strzelnicy-poprosil-kolegow-o-pomoc\/#primaryimage"},"thumbnailUrl":"https:\/\/www.pogotowieflagowe.pl\/aktualne\/wp-content\/uploads\/2025\/10\/Agresywne-psy-zaatakowane-wczesniej-Wlasciciel-strzelnicy-poprosil-kolegow-o-pomoc.webp.webp","keywords":["Agresywne","koleg\u00f3w","pomoc","poprosi\u0142","Psy","strzelnicy","wcze\u015bniej","W\u0142a\u015bciciel","zaatakowane"],"articleSection":["Aktualne"],"inLanguage":"pl-PL","potentialAction":[{"@type":"CommentAction","name":"Comment","target":["https:\/\/www.pogotowieflagowe.pl\/aktualne\/agresywne-psy-zaatakowane-wczesniej-wlasciciel-strzelnicy-poprosil-kolegow-o-pomoc\/#respond"]}]},{"@type":"WebPage","@id":"https:\/\/www.pogotowieflagowe.pl\/aktualne\/agresywne-psy-zaatakowane-wczesniej-wlasciciel-strzelnicy-poprosil-kolegow-o-pomoc\/","url":"https:\/\/www.pogotowieflagowe.pl\/aktualne\/agresywne-psy-zaatakowane-wczesniej-wlasciciel-strzelnicy-poprosil-kolegow-o-pomoc\/","name":"Agresywne psy zaatakowane wcze\u015bniej. W\u0142a\u015bciciel strzelnicy poprosi\u0142 koleg\u00f3w o pomoc - POGOTOWIE FLAGOWE\u00ae","isPartOf":{"@id":"https:\/\/www.pogotowieflagowe.pl\/aktualne\/#website"},"primaryImageOfPage":{"@id":"https:\/\/www.pogotowieflagowe.pl\/aktualne\/agresywne-psy-zaatakowane-wczesniej-wlasciciel-strzelnicy-poprosil-kolegow-o-pomoc\/#primaryimage"},"image":{"@id":"https:\/\/www.pogotowieflagowe.pl\/aktualne\/agresywne-psy-zaatakowane-wczesniej-wlasciciel-strzelnicy-poprosil-kolegow-o-pomoc\/#primaryimage"},"thumbnailUrl":"https:\/\/www.pogotowieflagowe.pl\/aktualne\/wp-content\/uploads\/2025\/10\/Agresywne-psy-zaatakowane-wczesniej-Wlasciciel-strzelnicy-poprosil-kolegow-o-pomoc.webp.webp","datePublished":"2025-10-21T19:44:05+00:00","dateModified":"2025-10-21T19:44:06+00:00","breadcrumb":{"@id":"https:\/\/www.pogotowieflagowe.pl\/aktualne\/agresywne-psy-zaatakowane-wczesniej-wlasciciel-strzelnicy-poprosil-kolegow-o-pomoc\/#breadcrumb"},"inLanguage":"pl-PL","potentialAction":[{"@type":"ReadAction","target":["https:\/\/www.pogotowieflagowe.pl\/aktualne\/agresywne-psy-zaatakowane-wczesniej-wlasciciel-strzelnicy-poprosil-kolegow-o-pomoc\/"]}]},{"@type":"ImageObject","inLanguage":"pl-PL","@id":"https:\/\/www.pogotowieflagowe.pl\/aktualne\/agresywne-psy-zaatakowane-wczesniej-wlasciciel-strzelnicy-poprosil-kolegow-o-pomoc\/#primaryimage","url":"https:\/\/www.pogotowieflagowe.pl\/aktualne\/wp-content\/uploads\/2025\/10\/Agresywne-psy-zaatakowane-wczesniej-Wlasciciel-strzelnicy-poprosil-kolegow-o-pomoc.webp.webp","contentUrl":"https:\/\/www.pogotowieflagowe.pl\/aktualne\/wp-content\/uploads\/2025\/10\/Agresywne-psy-zaatakowane-wczesniej-Wlasciciel-strzelnicy-poprosil-kolegow-o-pomoc.webp.webp","width":1280,"height":720,"caption":"Agresywne psy zaatakowane wcze\u015bniej. W\u0142a\u015bciciel strzelnicy poprosi\u0142 koleg\u00f3w o pomoc"},{"@type":"BreadcrumbList","@id":"https:\/\/www.pogotowieflagowe.pl\/aktualne\/agresywne-psy-zaatakowane-wczesniej-wlasciciel-strzelnicy-poprosil-kolegow-o-pomoc\/#breadcrumb","itemListElement":[{"@type":"ListItem","position":1,"name":"Home","item":"https:\/\/www.pogotowieflagowe.pl\/aktualne\/"},{"@type":"ListItem","position":2,"name":"Agresywne psy zaatakowane wcze\u015bniej. W\u0142a\u015bciciel strzelnicy poprosi\u0142 koleg\u00f3w o pomoc"}]},{"@type":"WebSite","@id":"https:\/\/www.pogotowieflagowe.pl\/aktualne\/#website","url":"https:\/\/www.pogotowieflagowe.pl\/aktualne\/","name":"POGOTOWIE FLAGOWE\u00ae","description":"","publisher":{"@id":"https:\/\/www.pogotowieflagowe.pl\/aktualne\/#organization"},"potentialAction":[{"@type":"SearchAction","target":{"@type":"EntryPoint","urlTemplate":"https:\/\/www.pogotowieflagowe.pl\/aktualne\/?s={search_term_string}"},"query-input":"required name=search_term_string"}],"inLanguage":"pl-PL"},{"@type":"Organization","@id":"https:\/\/www.pogotowieflagowe.pl\/aktualne\/#organization","name":"POGOTOWIE FLAGOWE\u00ae","url":"https:\/\/www.pogotowieflagowe.pl\/aktualne\/","logo":{"@type":"ImageObject","inLanguage":"pl-PL","@id":"https:\/\/www.pogotowieflagowe.pl\/aktualne\/#\/schema\/logo\/image\/","url":"https:\/\/www.pogotowieflagowe.pl\/aktualne\/wp-content\/uploads\/2024\/08\/cropped-pogotowieflagowe_flaga_projekt_sm.jpg","contentUrl":"https:\/\/www.pogotowieflagowe.pl\/aktualne\/wp-content\/uploads\/2024\/08\/cropped-pogotowieflagowe_flaga_projekt_sm.jpg","width":250,"height":143,"caption":"POGOTOWIE FLAGOWE\u00ae"},"image":{"@id":"https:\/\/www.pogotowieflagowe.pl\/aktualne\/#\/schema\/logo\/image\/"}},{"@type":"Person","@id":"https:\/\/www.pogotowieflagowe.pl\/aktualne\/#\/schema\/person\/9c2fb7d2362ebf6fa088960d7f0d27b0","name":"Filip","image":{"@type":"ImageObject","inLanguage":"pl-PL","@id":"https:\/\/www.pogotowieflagowe.pl\/aktualne\/#\/schema\/person\/image\/","url":"https:\/\/www.pogotowieflagowe.pl\/aktualne\/wp-content\/uploads\/2024\/08\/pogotowieflagowe.pl_.jpg","contentUrl":"https:\/\/www.pogotowieflagowe.pl\/aktualne\/wp-content\/uploads\/2024\/08\/pogotowieflagowe.pl_.jpg","caption":"Filip"},"description":"Jestem Filip, polski dziennikarz z dyplomem nauk politycznych Uniwersytetu Warszawskiego. Rozpoczynaj\u0105c swoj\u0105 karier\u0119 w r\u00f3\u017cnych lokalnych mediach, zdoby\u0142em solidne do\u015bwiadczenie w zakresie \u015bledztwa i redakcji. Obecnie jako redaktor w Pogotowie flagowe, staram si\u0119 dostarcza\u0107 dog\u0142\u0119bne i istotne analizy na temat najwa\u017cniejszych kwestii aktualno\u015bci, \u0142\u0105cz\u0105c rygor z pasj\u0105 dziennikarsk\u0105.","sameAs":["https:\/\/www.pogotowieflagowe.pl\/"]}]}},"_links":{"self":[{"href":"https:\/\/www.pogotowieflagowe.pl\/aktualne\/wp-json\/wp\/v2\/posts\/9624","targetHints":{"allow":["GET"]}}],"collection":[{"href":"https:\/\/www.pogotowieflagowe.pl\/aktualne\/wp-json\/wp\/v2\/posts"}],"about":[{"href":"https:\/\/www.pogotowieflagowe.pl\/aktualne\/wp-json\/wp\/v2\/types\/post"}],"author":[{"embeddable":true,"href":"https:\/\/www.pogotowieflagowe.pl\/aktualne\/wp-json\/wp\/v2\/users\/1"}],"replies":[{"embeddable":true,"href":"https:\/\/www.pogotowieflagowe.pl\/aktualne\/wp-json\/wp\/v2\/comments?post=9624"}],"version-history":[{"count":1,"href":"https:\/\/www.pogotowieflagowe.pl\/aktualne\/wp-json\/wp\/v2\/posts\/9624\/revisions"}],"predecessor-version":[{"id":9626,"href":"https:\/\/www.pogotowieflagowe.pl\/aktualne\/wp-json\/wp\/v2\/posts\/9624\/revisions\/9626"}],"wp:featuredmedia":[{"embeddable":true,"href":"https:\/\/www.pogotowieflagowe.pl\/aktualne\/wp-json\/wp\/v2\/media\/9625"}],"wp:attachment":[{"href":"https:\/\/www.pogotowieflagowe.pl\/aktualne\/wp-json\/wp\/v2\/media?parent=9624"}],"wp:term":[{"taxonomy":"category","embeddable":true,"href":"https:\/\/www.pogotowieflagowe.pl\/aktualne\/wp-json\/wp\/v2\/categories?post=9624"},{"taxonomy":"post_tag","embeddable":true,"href":"https:\/\/www.pogotowieflagowe.pl\/aktualne\/wp-json\/wp\/v2\/tags?post=9624"}],"curies":[{"name":"wp","href":"https:\/\/api.w.org\/{rel}","templated":true}]}}