{"id":9627,"date":"2025-10-21T22:15:06","date_gmt":"2025-10-21T20:15:06","guid":{"rendered":"https:\/\/www.pogotowieflagowe.pl\/aktualne\/proba-przejecia-kontroli-nad-polskimi-lasami-przez-bruksele-nie-powiodla-sie-eurodeputowany-piotr-muller-oglasza-zwyciestwo\/"},"modified":"2025-10-21T22:15:07","modified_gmt":"2025-10-21T20:15:07","slug":"proba-przejecia-kontroli-nad-polskimi-lasami-przez-bruksele-nie-powiodla-sie-eurodeputowany-piotr-muller-oglasza-zwyciestwo","status":"publish","type":"post","link":"https:\/\/www.pogotowieflagowe.pl\/aktualne\/proba-przejecia-kontroli-nad-polskimi-lasami-przez-bruksele-nie-powiodla-sie-eurodeputowany-piotr-muller-oglasza-zwyciestwo\/","title":{"rendered":"\u201ePr\u00f3ba przej\u0119cia kontroli nad polskimi lasami przez Bruksel\u0119 nie powiod\u0142a si\u0119 \u2013 eurodeputowany Piotr Muller og\u0142asza zwyci\u0119stwo!\u201d"},"content":{"rendered":"\n<div class=\"td_block_wrap tdb_single_content tdi_41 td-pb-border-top td_block_template_8 td-post-content tagdiv-type\" data-td-block-uid=\"tdi_41\">\n<style>.tdi_41{margines-top:0px!important;margin-bottom:0px!important;dope\u0142nienie-g\u00f3ra:0px!important;dope\u0142nienie-d\u00f3\u0142:0px!important}<\/style>\n<style>.tdb_single_content{margin-bottom:0;*zoom:1}.tdb_single_content:before,.tdb_single_content:after{display:table;content:'';line-height:0}.tdb_single_content:after{clear:both}.tdb_single_content .tdb-block-inner>*:not(.wp-block-quote):not(.alignwide):not(.alignfull.wp-block-cover.has-parallax):not(.td-a-ad){margin-left:auto;margin-right:auto}.tdb_single_content a{pointer-events:auto}.tdb_single_content .td-spot-id-top_ad .tdc-placeholder-title:before{content:'Article Top Ad'!important}.tdb_single_content .td-spot-id-inline_ad0 .tdc-placeholder-title:before{content:'Article Reklama wbudowana 1'!important}.tdb_single_content .td-spot-id-inline_ad1 .tdc-placeholder-title:before{content:'Artyku\u0142owa reklama wbudowana 2'!important}.tdb_single_content .td-spot-id-inline_ad2 .tdc-placeholder-title:before{content:'Reklama w tek\u015bcie artyku\u0142u 3'!important}.tdb_single_content .td-spot-id-bottom_ad .tdc-placeholder-title:before{content:'Article Bottom Ad'!important}.tdb_single_content .id_top_ad,.tdb_single_content .id_bottom_ad{clear:both;margin-bottom:21px;text-align:center}.tdb_single_content .id_top_ad img,.tdb_single_content .id_bottom_ad img{margin-bottom:0}.tdb_single_content .id_top_ad .adsbygoogle,.tdb_single_content .id_bottom_ad .adsbygoogle{position:relative}.tdb_single_content .id_ad_content-horiz-left,.tdb_single_content .id_ad_content-horiz-right,.tdb_single_content .id_ad_content-horiz-center{margin-bottom:15px}.tdb_single_content .id_ad_content-horiz-left img,.tdb_single_content .id_ad_content-horiz-right img,.tdb_single_content .id_ad_content-horiz-center img{margin-bottom:0}.tdb_single_content .id_ad_content-horiz-center{text-align:center}.tdb_single_content .id_ad_content-horiz-center img{margin-right:auto;margin-left:auto}.tdb_single_content .id_ad_content-horiz-left{float:left;margin-top:9px;margin-right:21px}.tdb_single_content .id_ad_content-horiz-right{float:right;margin-top:6px;margin-left:21px}.tdb_single_content .tdc-a-ad .tdc-placeholder-title{width:300px;height:250px}.tdb_single_content .tdc-a-ad .tdc-placeholder-title:before{position:absolute;top:50%;-webkit-transform:translateY(-50%);transform:translateY(-50%);margin:auto;display:table;width:100%}.tdb_single_content .tdb-block-inner.td-fix-index{word-break:break-word}.tdi_41,.tdi_41>p,.tdi_41 .tdb-block-inner>p,.wp-block-column>p{font-size:16px!important;line-height:1.6!important}.tdi_41 .tdb-block-inner cytat blokowy p{font-style:normal!important}@media (max-width:767px){.tdb_single_content .id_ad_content-horiz-left,.tdb_single_content .id_ad_content-horiz-right,.tdb_single_content .id_ad_content-horiz-center{margin:0 auto 26 pikseli auto}}@media (max-width:767px){.tdb_single_content .id_ad_content-horiz-left{margin-right:0}}@media (max-width:767px){.tdb_single_content .id_ad_content-horiz-right{margin-left:0}}@media (max-width:767px){.tdb_single_content .td-a-ad{float:none;text-align:center}.tdb_single_content .td-a-ad img{margin-right:auto;margin-left:auto}.tdb_single_content .tdc-a-ad{float:none}}<\/style>\n<div class=\"tdb-block-inner td-fix-index\">\n<p>&#8222;Dzisiaj w Parlamencie Europejskim odrzucili\u015bmy propozycj\u0119 Komisji Europejskiej, aby zmusi\u0107 pa\u0144stwa cz\u0142onkowskie do udost\u0119pniania ogromnych ilo\u015bci danych o lasach. Brzmia\u0142o to jak porz\u0105dkowanie informacji, ale w rzeczywisto\u015bci by\u0142 to pierwszy krok w stron\u0119 przej\u0119cia przez Bruksel\u0119 kontroli nad lasami&#8221; &#8211; powiedzia\u0142 na platformie X Piotr Muller, eurodeputowany PiS.<\/p>\n<p>W do\u0142\u0105czonym do postu filmie podkre\u015blono, \u017ce dzisiejsze g\u0142osowanie w Parlamencie Europejskim mia\u0142o ogromne znaczenie.<\/p>\n<p>&#8222;Dzisiaj wygrali\u015bmy wa\u017cne g\u0142osowanie w sprawie las\u00f3w. Komisja Europejska chcia\u0142a, aby pa\u0144stwa cz\u0142onkowskie zg\u0142asza\u0142y do \u200b\u200bBrukseli ogromn\u0105 ilo\u015b\u0107 danych o lasach. Od powierzchni po gatunki drzew&#8221; &#8211; zauwa\u017cy\u0142 narrator.<\/p>\n<p>Doda\u0142: \u201eBrzmia\u0142o to nieszkodliwie, ale by\u0142 to pierwszy krok w kierunku przej\u0119cia przez UE polityki le\u015bnej\u201d.<\/p>\n<p>Polityki, kt\u00f3ra zgodnie z traktatami nale\u017cy do pa\u0144stw narodowych, a nie do Komisji. Uda\u0142o nam si\u0119 to zatrzyma\u0107. Pokonali\u015bmy lewic\u0119 europejsk\u0105, kt\u00f3ra chcia\u0142a z Brukseli zarz\u0105dza\u0107 naszymi lasami. Polskie lasy pozostaj\u0105 w polskich r\u0119kach\u201d \u2013 podkre\u015bli\u0142.<\/p>\n<p>Muller w swoim po\u015bcie zwr\u00f3ci\u0142 tak\u017ce uwag\u0119, \u017ce zwyci\u0119skie g\u0142osowanie \u201ejest zwyci\u0119stwem zdrowego rozs\u0105dku nad biurokracj\u0105 i kolejn\u0105 obron\u0105 polskiej suwerenno\u015bci\u201d.<\/p>\n<\/div>\n<\/div>\n","protected":false},"excerpt":{"rendered":"<p>&#8222;Dzisiaj w Parlamencie Europejskim odrzucili\u015bmy propozycj\u0119 Komisji Europejskiej, aby zmusi\u0107 pa\u0144stwa cz\u0142onkowskie do udost\u0119pniania ogromnych ilo\u015bci danych o lasach. Brzmia\u0142o<\/p>\n","protected":false},"author":1,"featured_media":9628,"comment_status":"open","ping_status":"open","sticky":false,"template":"","format":"standard","meta":{"footnotes":""},"categories":[4748],"tags":[11124,2107,1127,11123,8475,552,450,544,5290,2140,11125,3668,562,214,150,295],"class_list":["post-9627","post","type-post","status-publish","format-standard","has-post-thumbnail","hentry","category-aktualne","tag-bruksele","tag-eurodeputowany","tag-kontroli","tag-lasami","tag-muller","tag-nad","tag-nie","tag-oglasza","tag-piotr","tag-polskimi","tag-powiodla","tag-proba","tag-przejecia","tag-przez","tag-sie","tag-zwyciestwo","generate-columns","tablet-grid-50","mobile-grid-100","grid-parent","grid-50","resize-featured-image"],"yoast_head":"<!-- This site is optimized with the Yoast SEO plugin v23.2 - https:\/\/yoast.com\/wordpress\/plugins\/seo\/ -->\n<title>\u201ePr\u00f3ba przej\u0119cia kontroli nad polskimi lasami przez Bruksel\u0119 nie powiod\u0142a si\u0119 \u2013 eurodeputowany Piotr Muller og\u0142asza zwyci\u0119stwo!\u201d - POGOTOWIE FLAGOWE\u00ae<\/title>\n<meta name=\"robots\" content=\"index, follow, max-snippet:-1, max-image-preview:large, max-video-preview:-1\" \/>\n<link rel=\"canonical\" href=\"https:\/\/www.pogotowieflagowe.pl\/aktualne\/proba-przejecia-kontroli-nad-polskimi-lasami-przez-bruksele-nie-powiodla-sie-eurodeputowany-piotr-muller-oglasza-zwyciestwo\/\" \/>\n<meta property=\"og:locale\" content=\"pl_PL\" \/>\n<meta property=\"og:type\" content=\"article\" \/>\n<meta property=\"og:title\" content=\"\u201ePr\u00f3ba przej\u0119cia kontroli nad polskimi lasami przez Bruksel\u0119 nie powiod\u0142a si\u0119 \u2013 eurodeputowany Piotr Muller og\u0142asza zwyci\u0119stwo!\u201d - POGOTOWIE FLAGOWE\u00ae\" \/>\n<meta property=\"og:description\" content=\"&#8222;Dzisiaj w Parlamencie Europejskim odrzucili\u015bmy propozycj\u0119 Komisji Europejskiej, aby zmusi\u0107 pa\u0144stwa cz\u0142onkowskie do udost\u0119pniania ogromnych ilo\u015bci danych o lasach. Brzmia\u0142o\" \/>\n<meta property=\"og:url\" content=\"https:\/\/www.pogotowieflagowe.pl\/aktualne\/proba-przejecia-kontroli-nad-polskimi-lasami-przez-bruksele-nie-powiodla-sie-eurodeputowany-piotr-muller-oglasza-zwyciestwo\/\" \/>\n<meta property=\"og:site_name\" content=\"POGOTOWIE FLAGOWE\u00ae\" \/>\n<meta property=\"article:published_time\" content=\"2025-10-21T20:15:06+00:00\" \/>\n<meta property=\"article:modified_time\" content=\"2025-10-21T20:15:07+00:00\" \/>\n<meta property=\"og:image\" content=\"https:\/\/www.pogotowieflagowe.pl\/aktualne\/wp-content\/uploads\/2025\/10\/\u201eProba-przejecia-kontroli-nad-polskimi-lasami-przez-Bruksele-nie-powiodla.webp.webp\" \/>\n\t<meta property=\"og:image:width\" content=\"1280\" \/>\n\t<meta property=\"og:image:height\" content=\"720\" \/>\n\t<meta property=\"og:image:type\" content=\"image\/webp\" \/>\n<meta name=\"author\" content=\"Filip\" \/>\n<meta name=\"twitter:card\" content=\"summary_large_image\" \/>\n<meta name=\"twitter:label1\" content=\"Napisane przez\" \/>\n\t<meta name=\"twitter:data1\" content=\"Filip\" \/>\n\t<meta name=\"twitter:label2\" content=\"Szacowany czas czytania\" \/>\n\t<meta name=\"twitter:data2\" content=\"1 minuta\" \/>\n<script type=\"application\/ld+json\" class=\"yoast-schema-graph\">{\"@context\":\"https:\/\/schema.org\",\"@graph\":[{\"@type\":\"Article\",\"@id\":\"https:\/\/www.pogotowieflagowe.pl\/aktualne\/proba-przejecia-kontroli-nad-polskimi-lasami-przez-bruksele-nie-powiodla-sie-eurodeputowany-piotr-muller-oglasza-zwyciestwo\/#article\",\"isPartOf\":{\"@id\":\"https:\/\/www.pogotowieflagowe.pl\/aktualne\/proba-przejecia-kontroli-nad-polskimi-lasami-przez-bruksele-nie-powiodla-sie-eurodeputowany-piotr-muller-oglasza-zwyciestwo\/\"},\"author\":{\"name\":\"Filip\",\"@id\":\"https:\/\/www.pogotowieflagowe.pl\/aktualne\/#\/schema\/person\/9c2fb7d2362ebf6fa088960d7f0d27b0\"},\"headline\":\"\u201ePr\u00f3ba przej\u0119cia kontroli nad polskimi lasami przez Bruksel\u0119 nie powiod\u0142a si\u0119 \u2013 eurodeputowany Piotr Muller og\u0142asza zwyci\u0119stwo!\u201d\",\"datePublished\":\"2025-10-21T20:15:06+00:00\",\"dateModified\":\"2025-10-21T20:15:07+00:00\",\"mainEntityOfPage\":{\"@id\":\"https:\/\/www.pogotowieflagowe.pl\/aktualne\/proba-przejecia-kontroli-nad-polskimi-lasami-przez-bruksele-nie-powiodla-sie-eurodeputowany-piotr-muller-oglasza-zwyciestwo\/\"},\"wordCount\":229,\"commentCount\":0,\"publisher\":{\"@id\":\"https:\/\/www.pogotowieflagowe.pl\/aktualne\/#organization\"},\"image\":{\"@id\":\"https:\/\/www.pogotowieflagowe.pl\/aktualne\/proba-przejecia-kontroli-nad-polskimi-lasami-przez-bruksele-nie-powiodla-sie-eurodeputowany-piotr-muller-oglasza-zwyciestwo\/#primaryimage\"},\"thumbnailUrl\":\"https:\/\/www.pogotowieflagowe.pl\/aktualne\/wp-content\/uploads\/2025\/10\/\u201eProba-przejecia-kontroli-nad-polskimi-lasami-przez-Bruksele-nie-powiodla.webp.webp\",\"keywords\":[\"Bruksel\u0119\",\"Eurodeputowany\",\"kontroli\",\"lasami\",\"M\u00fcller\",\"nad\",\"Nie\",\"og\u0142asza\",\"Piotr\",\"Polskimi\",\"powiod\u0142a\",\"pr\u00f3ba\",\"przej\u0119cia\",\"przez\",\"si\u0119\",\"zwyci\u0119stwo\"],\"articleSection\":[\"Aktualne\"],\"inLanguage\":\"pl-PL\",\"potentialAction\":[{\"@type\":\"CommentAction\",\"name\":\"Comment\",\"target\":[\"https:\/\/www.pogotowieflagowe.pl\/aktualne\/proba-przejecia-kontroli-nad-polskimi-lasami-przez-bruksele-nie-powiodla-sie-eurodeputowany-piotr-muller-oglasza-zwyciestwo\/#respond\"]}]},{\"@type\":\"WebPage\",\"@id\":\"https:\/\/www.pogotowieflagowe.pl\/aktualne\/proba-przejecia-kontroli-nad-polskimi-lasami-przez-bruksele-nie-powiodla-sie-eurodeputowany-piotr-muller-oglasza-zwyciestwo\/\",\"url\":\"https:\/\/www.pogotowieflagowe.pl\/aktualne\/proba-przejecia-kontroli-nad-polskimi-lasami-przez-bruksele-nie-powiodla-sie-eurodeputowany-piotr-muller-oglasza-zwyciestwo\/\",\"name\":\"\u201ePr\u00f3ba przej\u0119cia kontroli nad polskimi lasami przez Bruksel\u0119 nie powiod\u0142a si\u0119 \u2013 eurodeputowany Piotr Muller og\u0142asza zwyci\u0119stwo!\u201d - POGOTOWIE FLAGOWE\u00ae\",\"isPartOf\":{\"@id\":\"https:\/\/www.pogotowieflagowe.pl\/aktualne\/#website\"},\"primaryImageOfPage\":{\"@id\":\"https:\/\/www.pogotowieflagowe.pl\/aktualne\/proba-przejecia-kontroli-nad-polskimi-lasami-przez-bruksele-nie-powiodla-sie-eurodeputowany-piotr-muller-oglasza-zwyciestwo\/#primaryimage\"},\"image\":{\"@id\":\"https:\/\/www.pogotowieflagowe.pl\/aktualne\/proba-przejecia-kontroli-nad-polskimi-lasami-przez-bruksele-nie-powiodla-sie-eurodeputowany-piotr-muller-oglasza-zwyciestwo\/#primaryimage\"},\"thumbnailUrl\":\"https:\/\/www.pogotowieflagowe.pl\/aktualne\/wp-content\/uploads\/2025\/10\/\u201eProba-przejecia-kontroli-nad-polskimi-lasami-przez-Bruksele-nie-powiodla.webp.webp\",\"datePublished\":\"2025-10-21T20:15:06+00:00\",\"dateModified\":\"2025-10-21T20:15:07+00:00\",\"breadcrumb\":{\"@id\":\"https:\/\/www.pogotowieflagowe.pl\/aktualne\/proba-przejecia-kontroli-nad-polskimi-lasami-przez-bruksele-nie-powiodla-sie-eurodeputowany-piotr-muller-oglasza-zwyciestwo\/#breadcrumb\"},\"inLanguage\":\"pl-PL\",\"potentialAction\":[{\"@type\":\"ReadAction\",\"target\":[\"https:\/\/www.pogotowieflagowe.pl\/aktualne\/proba-przejecia-kontroli-nad-polskimi-lasami-przez-bruksele-nie-powiodla-sie-eurodeputowany-piotr-muller-oglasza-zwyciestwo\/\"]}]},{\"@type\":\"ImageObject\",\"inLanguage\":\"pl-PL\",\"@id\":\"https:\/\/www.pogotowieflagowe.pl\/aktualne\/proba-przejecia-kontroli-nad-polskimi-lasami-przez-bruksele-nie-powiodla-sie-eurodeputowany-piotr-muller-oglasza-zwyciestwo\/#primaryimage\",\"url\":\"https:\/\/www.pogotowieflagowe.pl\/aktualne\/wp-content\/uploads\/2025\/10\/\u201eProba-przejecia-kontroli-nad-polskimi-lasami-przez-Bruksele-nie-powiodla.webp.webp\",\"contentUrl\":\"https:\/\/www.pogotowieflagowe.pl\/aktualne\/wp-content\/uploads\/2025\/10\/\u201eProba-przejecia-kontroli-nad-polskimi-lasami-przez-Bruksele-nie-powiodla.webp.webp\",\"width\":1280,\"height\":720,\"caption\":\"\u201ePr\u00f3ba przej\u0119cia kontroli nad polskimi lasami przez Bruksel\u0119 nie powiod\u0142a si\u0119 \u2013 eurodeputowany Piotr Muller og\u0142asza zwyci\u0119stwo!\u201d\"},{\"@type\":\"BreadcrumbList\",\"@id\":\"https:\/\/www.pogotowieflagowe.pl\/aktualne\/proba-przejecia-kontroli-nad-polskimi-lasami-przez-bruksele-nie-powiodla-sie-eurodeputowany-piotr-muller-oglasza-zwyciestwo\/#breadcrumb\",\"itemListElement\":[{\"@type\":\"ListItem\",\"position\":1,\"name\":\"Home\",\"item\":\"https:\/\/www.pogotowieflagowe.pl\/aktualne\/\"},{\"@type\":\"ListItem\",\"position\":2,\"name\":\"\u201ePr\u00f3ba przej\u0119cia kontroli nad polskimi lasami przez Bruksel\u0119 nie powiod\u0142a si\u0119 \u2013 eurodeputowany Piotr Muller og\u0142asza zwyci\u0119stwo!\u201d\"}]},{\"@type\":\"WebSite\",\"@id\":\"https:\/\/www.pogotowieflagowe.pl\/aktualne\/#website\",\"url\":\"https:\/\/www.pogotowieflagowe.pl\/aktualne\/\",\"name\":\"POGOTOWIE FLAGOWE\u00ae\",\"description\":\"\",\"publisher\":{\"@id\":\"https:\/\/www.pogotowieflagowe.pl\/aktualne\/#organization\"},\"potentialAction\":[{\"@type\":\"SearchAction\",\"target\":{\"@type\":\"EntryPoint\",\"urlTemplate\":\"https:\/\/www.pogotowieflagowe.pl\/aktualne\/?s={search_term_string}\"},\"query-input\":\"required name=search_term_string\"}],\"inLanguage\":\"pl-PL\"},{\"@type\":\"Organization\",\"@id\":\"https:\/\/www.pogotowieflagowe.pl\/aktualne\/#organization\",\"name\":\"POGOTOWIE FLAGOWE\u00ae\",\"url\":\"https:\/\/www.pogotowieflagowe.pl\/aktualne\/\",\"logo\":{\"@type\":\"ImageObject\",\"inLanguage\":\"pl-PL\",\"@id\":\"https:\/\/www.pogotowieflagowe.pl\/aktualne\/#\/schema\/logo\/image\/\",\"url\":\"https:\/\/www.pogotowieflagowe.pl\/aktualne\/wp-content\/uploads\/2024\/08\/cropped-pogotowieflagowe_flaga_projekt_sm.jpg\",\"contentUrl\":\"https:\/\/www.pogotowieflagowe.pl\/aktualne\/wp-content\/uploads\/2024\/08\/cropped-pogotowieflagowe_flaga_projekt_sm.jpg\",\"width\":250,\"height\":143,\"caption\":\"POGOTOWIE FLAGOWE\u00ae\"},\"image\":{\"@id\":\"https:\/\/www.pogotowieflagowe.pl\/aktualne\/#\/schema\/logo\/image\/\"}},{\"@type\":\"Person\",\"@id\":\"https:\/\/www.pogotowieflagowe.pl\/aktualne\/#\/schema\/person\/9c2fb7d2362ebf6fa088960d7f0d27b0\",\"name\":\"Filip\",\"image\":{\"@type\":\"ImageObject\",\"inLanguage\":\"pl-PL\",\"@id\":\"https:\/\/www.pogotowieflagowe.pl\/aktualne\/#\/schema\/person\/image\/\",\"url\":\"https:\/\/www.pogotowieflagowe.pl\/aktualne\/wp-content\/uploads\/2024\/08\/pogotowieflagowe.pl_.jpg\",\"contentUrl\":\"https:\/\/www.pogotowieflagowe.pl\/aktualne\/wp-content\/uploads\/2024\/08\/pogotowieflagowe.pl_.jpg\",\"caption\":\"Filip\"},\"description\":\"Jestem Filip, polski dziennikarz z dyplomem nauk politycznych Uniwersytetu Warszawskiego. Rozpoczynaj\u0105c swoj\u0105 karier\u0119 w r\u00f3\u017cnych lokalnych mediach, zdoby\u0142em solidne do\u015bwiadczenie w zakresie \u015bledztwa i redakcji. Obecnie jako redaktor w Pogotowie flagowe, staram si\u0119 dostarcza\u0107 dog\u0142\u0119bne i istotne analizy na temat najwa\u017cniejszych kwestii aktualno\u015bci, \u0142\u0105cz\u0105c rygor z pasj\u0105 dziennikarsk\u0105.\",\"sameAs\":[\"https:\/\/www.pogotowieflagowe.pl\/\"]}]}<\/script>\n<!-- \/ Yoast SEO plugin. -->","yoast_head_json":{"title":"\u201ePr\u00f3ba przej\u0119cia kontroli nad polskimi lasami przez Bruksel\u0119 nie powiod\u0142a si\u0119 \u2013 eurodeputowany Piotr Muller og\u0142asza zwyci\u0119stwo!\u201d - POGOTOWIE FLAGOWE\u00ae","robots":{"index":"index","follow":"follow","max-snippet":"max-snippet:-1","max-image-preview":"max-image-preview:large","max-video-preview":"max-video-preview:-1"},"canonical":"https:\/\/www.pogotowieflagowe.pl\/aktualne\/proba-przejecia-kontroli-nad-polskimi-lasami-przez-bruksele-nie-powiodla-sie-eurodeputowany-piotr-muller-oglasza-zwyciestwo\/","og_locale":"pl_PL","og_type":"article","og_title":"\u201ePr\u00f3ba przej\u0119cia kontroli nad polskimi lasami przez Bruksel\u0119 nie powiod\u0142a si\u0119 \u2013 eurodeputowany Piotr Muller og\u0142asza zwyci\u0119stwo!\u201d - POGOTOWIE FLAGOWE\u00ae","og_description":"&#8222;Dzisiaj w Parlamencie Europejskim odrzucili\u015bmy propozycj\u0119 Komisji Europejskiej, aby zmusi\u0107 pa\u0144stwa cz\u0142onkowskie do udost\u0119pniania ogromnych ilo\u015bci danych o lasach. Brzmia\u0142o","og_url":"https:\/\/www.pogotowieflagowe.pl\/aktualne\/proba-przejecia-kontroli-nad-polskimi-lasami-przez-bruksele-nie-powiodla-sie-eurodeputowany-piotr-muller-oglasza-zwyciestwo\/","og_site_name":"POGOTOWIE FLAGOWE\u00ae","article_published_time":"2025-10-21T20:15:06+00:00","article_modified_time":"2025-10-21T20:15:07+00:00","og_image":[{"width":1280,"height":720,"url":"https:\/\/www.pogotowieflagowe.pl\/aktualne\/wp-content\/uploads\/2025\/10\/\u201eProba-przejecia-kontroli-nad-polskimi-lasami-przez-Bruksele-nie-powiodla.webp.webp","type":"image\/webp"}],"author":"Filip","twitter_card":"summary_large_image","twitter_misc":{"Napisane przez":"Filip","Szacowany czas czytania":"1 minuta"},"schema":{"@context":"https:\/\/schema.org","@graph":[{"@type":"Article","@id":"https:\/\/www.pogotowieflagowe.pl\/aktualne\/proba-przejecia-kontroli-nad-polskimi-lasami-przez-bruksele-nie-powiodla-sie-eurodeputowany-piotr-muller-oglasza-zwyciestwo\/#article","isPartOf":{"@id":"https:\/\/www.pogotowieflagowe.pl\/aktualne\/proba-przejecia-kontroli-nad-polskimi-lasami-przez-bruksele-nie-powiodla-sie-eurodeputowany-piotr-muller-oglasza-zwyciestwo\/"},"author":{"name":"Filip","@id":"https:\/\/www.pogotowieflagowe.pl\/aktualne\/#\/schema\/person\/9c2fb7d2362ebf6fa088960d7f0d27b0"},"headline":"\u201ePr\u00f3ba przej\u0119cia kontroli nad polskimi lasami przez Bruksel\u0119 nie powiod\u0142a si\u0119 \u2013 eurodeputowany Piotr Muller og\u0142asza zwyci\u0119stwo!\u201d","datePublished":"2025-10-21T20:15:06+00:00","dateModified":"2025-10-21T20:15:07+00:00","mainEntityOfPage":{"@id":"https:\/\/www.pogotowieflagowe.pl\/aktualne\/proba-przejecia-kontroli-nad-polskimi-lasami-przez-bruksele-nie-powiodla-sie-eurodeputowany-piotr-muller-oglasza-zwyciestwo\/"},"wordCount":229,"commentCount":0,"publisher":{"@id":"https:\/\/www.pogotowieflagowe.pl\/aktualne\/#organization"},"image":{"@id":"https:\/\/www.pogotowieflagowe.pl\/aktualne\/proba-przejecia-kontroli-nad-polskimi-lasami-przez-bruksele-nie-powiodla-sie-eurodeputowany-piotr-muller-oglasza-zwyciestwo\/#primaryimage"},"thumbnailUrl":"https:\/\/www.pogotowieflagowe.pl\/aktualne\/wp-content\/uploads\/2025\/10\/\u201eProba-przejecia-kontroli-nad-polskimi-lasami-przez-Bruksele-nie-powiodla.webp.webp","keywords":["Bruksel\u0119","Eurodeputowany","kontroli","lasami","M\u00fcller","nad","Nie","og\u0142asza","Piotr","Polskimi","powiod\u0142a","pr\u00f3ba","przej\u0119cia","przez","si\u0119","zwyci\u0119stwo"],"articleSection":["Aktualne"],"inLanguage":"pl-PL","potentialAction":[{"@type":"CommentAction","name":"Comment","target":["https:\/\/www.pogotowieflagowe.pl\/aktualne\/proba-przejecia-kontroli-nad-polskimi-lasami-przez-bruksele-nie-powiodla-sie-eurodeputowany-piotr-muller-oglasza-zwyciestwo\/#respond"]}]},{"@type":"WebPage","@id":"https:\/\/www.pogotowieflagowe.pl\/aktualne\/proba-przejecia-kontroli-nad-polskimi-lasami-przez-bruksele-nie-powiodla-sie-eurodeputowany-piotr-muller-oglasza-zwyciestwo\/","url":"https:\/\/www.pogotowieflagowe.pl\/aktualne\/proba-przejecia-kontroli-nad-polskimi-lasami-przez-bruksele-nie-powiodla-sie-eurodeputowany-piotr-muller-oglasza-zwyciestwo\/","name":"\u201ePr\u00f3ba przej\u0119cia kontroli nad polskimi lasami przez Bruksel\u0119 nie powiod\u0142a si\u0119 \u2013 eurodeputowany Piotr Muller og\u0142asza zwyci\u0119stwo!\u201d - POGOTOWIE FLAGOWE\u00ae","isPartOf":{"@id":"https:\/\/www.pogotowieflagowe.pl\/aktualne\/#website"},"primaryImageOfPage":{"@id":"https:\/\/www.pogotowieflagowe.pl\/aktualne\/proba-przejecia-kontroli-nad-polskimi-lasami-przez-bruksele-nie-powiodla-sie-eurodeputowany-piotr-muller-oglasza-zwyciestwo\/#primaryimage"},"image":{"@id":"https:\/\/www.pogotowieflagowe.pl\/aktualne\/proba-przejecia-kontroli-nad-polskimi-lasami-przez-bruksele-nie-powiodla-sie-eurodeputowany-piotr-muller-oglasza-zwyciestwo\/#primaryimage"},"thumbnailUrl":"https:\/\/www.pogotowieflagowe.pl\/aktualne\/wp-content\/uploads\/2025\/10\/\u201eProba-przejecia-kontroli-nad-polskimi-lasami-przez-Bruksele-nie-powiodla.webp.webp","datePublished":"2025-10-21T20:15:06+00:00","dateModified":"2025-10-21T20:15:07+00:00","breadcrumb":{"@id":"https:\/\/www.pogotowieflagowe.pl\/aktualne\/proba-przejecia-kontroli-nad-polskimi-lasami-przez-bruksele-nie-powiodla-sie-eurodeputowany-piotr-muller-oglasza-zwyciestwo\/#breadcrumb"},"inLanguage":"pl-PL","potentialAction":[{"@type":"ReadAction","target":["https:\/\/www.pogotowieflagowe.pl\/aktualne\/proba-przejecia-kontroli-nad-polskimi-lasami-przez-bruksele-nie-powiodla-sie-eurodeputowany-piotr-muller-oglasza-zwyciestwo\/"]}]},{"@type":"ImageObject","inLanguage":"pl-PL","@id":"https:\/\/www.pogotowieflagowe.pl\/aktualne\/proba-przejecia-kontroli-nad-polskimi-lasami-przez-bruksele-nie-powiodla-sie-eurodeputowany-piotr-muller-oglasza-zwyciestwo\/#primaryimage","url":"https:\/\/www.pogotowieflagowe.pl\/aktualne\/wp-content\/uploads\/2025\/10\/\u201eProba-przejecia-kontroli-nad-polskimi-lasami-przez-Bruksele-nie-powiodla.webp.webp","contentUrl":"https:\/\/www.pogotowieflagowe.pl\/aktualne\/wp-content\/uploads\/2025\/10\/\u201eProba-przejecia-kontroli-nad-polskimi-lasami-przez-Bruksele-nie-powiodla.webp.webp","width":1280,"height":720,"caption":"\u201ePr\u00f3ba przej\u0119cia kontroli nad polskimi lasami przez Bruksel\u0119 nie powiod\u0142a si\u0119 \u2013 eurodeputowany Piotr Muller og\u0142asza zwyci\u0119stwo!\u201d"},{"@type":"BreadcrumbList","@id":"https:\/\/www.pogotowieflagowe.pl\/aktualne\/proba-przejecia-kontroli-nad-polskimi-lasami-przez-bruksele-nie-powiodla-sie-eurodeputowany-piotr-muller-oglasza-zwyciestwo\/#breadcrumb","itemListElement":[{"@type":"ListItem","position":1,"name":"Home","item":"https:\/\/www.pogotowieflagowe.pl\/aktualne\/"},{"@type":"ListItem","position":2,"name":"\u201ePr\u00f3ba przej\u0119cia kontroli nad polskimi lasami przez Bruksel\u0119 nie powiod\u0142a si\u0119 \u2013 eurodeputowany Piotr Muller og\u0142asza zwyci\u0119stwo!\u201d"}]},{"@type":"WebSite","@id":"https:\/\/www.pogotowieflagowe.pl\/aktualne\/#website","url":"https:\/\/www.pogotowieflagowe.pl\/aktualne\/","name":"POGOTOWIE FLAGOWE\u00ae","description":"","publisher":{"@id":"https:\/\/www.pogotowieflagowe.pl\/aktualne\/#organization"},"potentialAction":[{"@type":"SearchAction","target":{"@type":"EntryPoint","urlTemplate":"https:\/\/www.pogotowieflagowe.pl\/aktualne\/?s={search_term_string}"},"query-input":"required name=search_term_string"}],"inLanguage":"pl-PL"},{"@type":"Organization","@id":"https:\/\/www.pogotowieflagowe.pl\/aktualne\/#organization","name":"POGOTOWIE FLAGOWE\u00ae","url":"https:\/\/www.pogotowieflagowe.pl\/aktualne\/","logo":{"@type":"ImageObject","inLanguage":"pl-PL","@id":"https:\/\/www.pogotowieflagowe.pl\/aktualne\/#\/schema\/logo\/image\/","url":"https:\/\/www.pogotowieflagowe.pl\/aktualne\/wp-content\/uploads\/2024\/08\/cropped-pogotowieflagowe_flaga_projekt_sm.jpg","contentUrl":"https:\/\/www.pogotowieflagowe.pl\/aktualne\/wp-content\/uploads\/2024\/08\/cropped-pogotowieflagowe_flaga_projekt_sm.jpg","width":250,"height":143,"caption":"POGOTOWIE FLAGOWE\u00ae"},"image":{"@id":"https:\/\/www.pogotowieflagowe.pl\/aktualne\/#\/schema\/logo\/image\/"}},{"@type":"Person","@id":"https:\/\/www.pogotowieflagowe.pl\/aktualne\/#\/schema\/person\/9c2fb7d2362ebf6fa088960d7f0d27b0","name":"Filip","image":{"@type":"ImageObject","inLanguage":"pl-PL","@id":"https:\/\/www.pogotowieflagowe.pl\/aktualne\/#\/schema\/person\/image\/","url":"https:\/\/www.pogotowieflagowe.pl\/aktualne\/wp-content\/uploads\/2024\/08\/pogotowieflagowe.pl_.jpg","contentUrl":"https:\/\/www.pogotowieflagowe.pl\/aktualne\/wp-content\/uploads\/2024\/08\/pogotowieflagowe.pl_.jpg","caption":"Filip"},"description":"Jestem Filip, polski dziennikarz z dyplomem nauk politycznych Uniwersytetu Warszawskiego. Rozpoczynaj\u0105c swoj\u0105 karier\u0119 w r\u00f3\u017cnych lokalnych mediach, zdoby\u0142em solidne do\u015bwiadczenie w zakresie \u015bledztwa i redakcji. Obecnie jako redaktor w Pogotowie flagowe, staram si\u0119 dostarcza\u0107 dog\u0142\u0119bne i istotne analizy na temat najwa\u017cniejszych kwestii aktualno\u015bci, \u0142\u0105cz\u0105c rygor z pasj\u0105 dziennikarsk\u0105.","sameAs":["https:\/\/www.pogotowieflagowe.pl\/"]}]}},"_links":{"self":[{"href":"https:\/\/www.pogotowieflagowe.pl\/aktualne\/wp-json\/wp\/v2\/posts\/9627","targetHints":{"allow":["GET"]}}],"collection":[{"href":"https:\/\/www.pogotowieflagowe.pl\/aktualne\/wp-json\/wp\/v2\/posts"}],"about":[{"href":"https:\/\/www.pogotowieflagowe.pl\/aktualne\/wp-json\/wp\/v2\/types\/post"}],"author":[{"embeddable":true,"href":"https:\/\/www.pogotowieflagowe.pl\/aktualne\/wp-json\/wp\/v2\/users\/1"}],"replies":[{"embeddable":true,"href":"https:\/\/www.pogotowieflagowe.pl\/aktualne\/wp-json\/wp\/v2\/comments?post=9627"}],"version-history":[{"count":1,"href":"https:\/\/www.pogotowieflagowe.pl\/aktualne\/wp-json\/wp\/v2\/posts\/9627\/revisions"}],"predecessor-version":[{"id":9629,"href":"https:\/\/www.pogotowieflagowe.pl\/aktualne\/wp-json\/wp\/v2\/posts\/9627\/revisions\/9629"}],"wp:featuredmedia":[{"embeddable":true,"href":"https:\/\/www.pogotowieflagowe.pl\/aktualne\/wp-json\/wp\/v2\/media\/9628"}],"wp:attachment":[{"href":"https:\/\/www.pogotowieflagowe.pl\/aktualne\/wp-json\/wp\/v2\/media?parent=9627"}],"wp:term":[{"taxonomy":"category","embeddable":true,"href":"https:\/\/www.pogotowieflagowe.pl\/aktualne\/wp-json\/wp\/v2\/categories?post=9627"},{"taxonomy":"post_tag","embeddable":true,"href":"https:\/\/www.pogotowieflagowe.pl\/aktualne\/wp-json\/wp\/v2\/tags?post=9627"}],"curies":[{"name":"wp","href":"https:\/\/api.w.org\/{rel}","templated":true}]}}