{"id":966,"date":"2024-09-28T18:48:13","date_gmt":"2024-09-28T16:48:13","guid":{"rendered":"https:\/\/www.pogotowieflagowe.pl\/aktualne\/donald-trump-chwali-prezydenta-andrzeja-dude\/"},"modified":"2024-09-28T18:48:14","modified_gmt":"2024-09-28T16:48:14","slug":"donald-trump-chwali-prezydenta-andrzeja-dude","status":"publish","type":"post","link":"https:\/\/www.pogotowieflagowe.pl\/aktualne\/donald-trump-chwali-prezydenta-andrzeja-dude\/","title":{"rendered":"Donald Trump chwali prezydenta Andrzeja Dud\u0119"},"content":{"rendered":"\n<div class=\"td_block_wrap tdb_single_content tdi_48 td-pb-border-top td_block_template_8 td-post-content tagdiv-type\" data-td-block-uid=\"tdi_48\">\n<style>.tdi_48{margines-g\u00f3rny:0px!important;margin-bottom:0px!important;dope\u0142nienie-g\u00f3ra:0px!important;dope\u0142nienie-d\u00f3\u0142:0px!important}<\/style>\n<style>.tdb_single_content{margin-bottom:0;*zoom:1}.tdb_single_content:before,.tdb_single_content:after{display:table;content:'';line-height:0}.tdb_single_content:after{clear:both}.tdb_single_content .tdb-block-inner>*:not(.wp-block-quote):not(.alignwide):not(.alignfull.wp-block-cover.has-parallax):not(.td-a-ad) {margin-left:auto;margin-right:auto}.tdb_single_content a{pointer-events:auto}.tdb_single_content .td-spot-id-top_ad .tdc-placeholder-title:before{content:'Najlepsza reklama artyku\u0142u'! wa\u017cne}.tdb_single_content .td-spot-id-inline_ad0 .tdc-placeholder-title:before{content:'Article Inline Ad 1'!important}.tdb_single_content .td-spot-id-inline_ad1 .tdc-placeholder-title:before {content:'Reklama wbudowana w artyku\u0142 2'!important}.tdb_single_content .td-spot-id-inline_ad2 .tdc-placeholder-title:before{content:'Reklama wbudowana w artyku\u0142 3'!important}.tdb_single_content .td-spot-id -bottom_ad .tdc-placeholder-title:before{content:'Article Bottom Ad'!important}.tdb_single_content .id_top_ad,.tdb_single_content .id_bottom_ad{clear:both;margin-bottom:21px;text-align:center}.tdb_single_content . id_top_ad img,.tdb_single_content .id_bottom_ad img{margin-bottom:0}.tdb_single_content .id_top_ad .adsbygoogle,.tdb_single_content .id_bottom_ad .adsbygoogle{position:relative}.tdb_single_content .id_ad_content-horiz- po lewej,.tdb_single_content .id_ad_content-horiz-right ,.tdb_single_content .id_ad_content-horiz-center{margin-bottom:15px}.tdb_single_content .id_ad_content-horiz-left img,.tdb_single_content .id_ad_content-horiz-right img,.tdb_single_content .id_ad_content-horiz -center img{margines-dolny: 0}.tdb_single_content .id_ad_content-horiz-center{text-align:center}.tdb_single_content .id_ad_content-horiz-center img{margin-right:auto;margin-left:auto}.tdb_single_content .id_ad_content-horiz-left{float: lewy;margin-g\u00f3rny:9px;margin-prawy:21px}.tdb_single_content .id_ad_content-horiz-right{float:right;margin-top:6px;margin-left:21px}.tdb_single_content .tdc-a-ad .tdc- placeholder-title{width:300px;height:250px}.tdb_single_content .tdc-a-ad .tdc-placeholder-title:before{position:absolute;top:50%;-webkit-transform:translateY(-50%); transform:translateY(-50%);margines:auto;display:table;width:100%}.tdb_single_content .tdb-block-inner.td-fix-index{word-break:break-word}.tdi_48,.tdi_48 >p,.tdi_48 .tdb-block-inner>p{font-size:16px!important;line-height:1.6!important}.tdi_48 .tdb-block-inner blockquote p{font-style:normal!important}@ media (maks. szeroko\u015b\u0107: 767 pikseli){.tdb_single_content .id_ad_content-horiz-left,.tdb_single_content .id_ad_content-horiz-right,.tdb_single_content .id_ad_content-horiz-center{margin:0 auto 26px auto}}@media (maks. szeroko\u015b\u0107 :767px){.tdb_single_content .id_ad_content-horiz-left{margin-right:0}}@media (max-width:767px){.tdb_single_content .id_ad_content-horiz-right{margin-left:0}}@media (max -width:767px){.tdb_single_content .td-a-ad{float:none;text-align:center}.tdb_single_content .td-a-ad img{margin-right:auto;margin-left:auto}.tdb_single_content . tdc-a-ad{float:none}}<\/style>\n<div class=\"tdb-block-inner td-fix-index\">\n<p><strong>By\u0142y prezydent USA Donald Trump wyrazi\u0142 niedawno sw\u00f3j podziw dla polskiego prezydenta Andrzeja Dudy, kt\u00f3ry odwiedzi\u0142 Narodowe Sanktuarium Matki Bo\u017cej Cz\u0119stochowskiej w Doylestown w Pensylwanii. Wizyta Dudy mia\u0142a na celu oddanie ho\u0142du odwa\u017cnym bohaterom, kt\u00f3rzy po II wojnie \u015bwiatowej walczyli o niepodleg\u0142o\u015b\u0107 Polski. Trump wykorzysta\u0142 swoj\u0105 platform\u0119 Truth Social, aby podzieli\u0107 si\u0119 swoimi przemy\u015bleniami na temat tego wydarzenia.<\/strong><\/p>\n<h2 class=\"wp-block-heading\">\u015awiadectwo przyja\u017ani<\/h2>\n<p>Trump podkre\u015bli\u0142 swoj\u0105 siln\u0105 przyja\u017a\u0144 z Dud\u0105, podkre\u015blaj\u0105c obop\u00f3lne korzy\u015bci, jakie bliskie stosunki Polski i USA przynios\u0142y obu narodom. Pochwali\u0142 przyw\u00f3dztwo Dudy i zaanga\u017cowanie w uhonorowanie historii i bohater\u00f3w Polski, nazywaj\u0105c ten dzie\u0144 znacz\u0105cym dla spo\u0142eczno\u015bci polonijnej.<\/p>\n<p><iframe class=\"truthsocial-embed truthsocial-video lazyload\" style=\"max-width: 100%; border: 0\" width=\"600\" allowfullscreen=\"allowfullscreen\" data-src=\"https:\/\/truthsocial.com\/@realDonaldTrump\/113181668600678553\/embed\"><\/iframe><\/p>\n<p>W swoim po\u015bcie Trump przypomnia\u0142 swoje przem\u00f3wienie w Warszawie w 2017 roku, gdzie zainspirowa\u0142a go odporno\u015b\u0107 polskich bohater\u00f3w. Odwo\u0142ywa\u0142 si\u0119 do tych samych uczu\u0107, wzywaj\u0105c ludzi, aby \u201ewalczyli razem jak Polacy \u2013 o rodzin\u0119, o wolno\u015b\u0107, o ojczyzn\u0119 i o Boga\u201d. Ho\u0142d z\u0142o\u017cony przez Trumpa jeszcze bardziej umocni\u0142 wi\u0119\u017a mi\u0119dzy obydwoma przyw\u00f3dcami i ich wsp\u00f3lny szacunek dla historycznych ofiar Polski.<\/p>\n<\/div>\n<\/div>\n","protected":false},"excerpt":{"rendered":"<p>By\u0142y prezydent USA Donald Trump wyrazi\u0142 niedawno sw\u00f3j podziw dla polskiego prezydenta Andrzeja Dudy, kt\u00f3ry odwiedzi\u0142 Narodowe Sanktuarium Matki Bo\u017cej<\/p>\n","protected":false},"author":1,"featured_media":863,"comment_status":"closed","ping_status":"","sticky":false,"template":"","format":"standard","meta":{"footnotes":""},"categories":[44],"tags":[1628,1453,764,1629,568,251],"class_list":["post-966","post","type-post","status-publish","format-standard","has-post-thumbnail","hentry","category-polityka","tag-andrzeja","tag-chwali","tag-donald","tag-dude","tag-prezydenta","tag-trump","generate-columns","tablet-grid-50","mobile-grid-100","grid-parent","grid-50","resize-featured-image"],"yoast_head":"<!-- This site is optimized with the Yoast SEO plugin v23.2 - https:\/\/yoast.com\/wordpress\/plugins\/seo\/ -->\n<title>Donald Trump chwali prezydenta Andrzeja Dud\u0119 - POGOTOWIE FLAGOWE\u00ae<\/title>\n<meta name=\"robots\" content=\"index, follow, max-snippet:-1, max-image-preview:large, max-video-preview:-1\" \/>\n<link rel=\"canonical\" href=\"https:\/\/www.pogotowieflagowe.pl\/aktualne\/donald-trump-chwali-prezydenta-andrzeja-dude\/\" \/>\n<meta property=\"og:locale\" content=\"pl_PL\" \/>\n<meta property=\"og:type\" content=\"article\" \/>\n<meta property=\"og:title\" content=\"Donald Trump chwali prezydenta Andrzeja Dud\u0119 - POGOTOWIE FLAGOWE\u00ae\" \/>\n<meta property=\"og:description\" content=\"By\u0142y prezydent USA Donald Trump wyrazi\u0142 niedawno sw\u00f3j podziw dla polskiego prezydenta Andrzeja Dudy, kt\u00f3ry odwiedzi\u0142 Narodowe Sanktuarium Matki Bo\u017cej\" \/>\n<meta property=\"og:url\" content=\"https:\/\/www.pogotowieflagowe.pl\/aktualne\/donald-trump-chwali-prezydenta-andrzeja-dude\/\" \/>\n<meta property=\"og:site_name\" content=\"POGOTOWIE FLAGOWE\u00ae\" \/>\n<meta property=\"article:published_time\" content=\"2024-09-28T16:48:13+00:00\" \/>\n<meta property=\"article:modified_time\" content=\"2024-09-28T16:48:14+00:00\" \/>\n<meta property=\"og:image\" content=\"https:\/\/www.pogotowieflagowe.pl\/aktualne\/wp-content\/uploads\/2024\/09\/Trump-chwali-wizyte-prezydenta-Dudy-w-amerykanskiej-Czestochowie-\u201eWspanialy-dzien.jpg\" \/>\n\t<meta property=\"og:image:width\" content=\"750\" \/>\n\t<meta property=\"og:image:height\" content=\"425\" \/>\n\t<meta property=\"og:image:type\" content=\"image\/jpeg\" \/>\n<meta name=\"author\" content=\"Filip\" \/>\n<meta name=\"twitter:card\" content=\"summary_large_image\" \/>\n<meta name=\"twitter:label1\" content=\"Napisane przez\" \/>\n\t<meta name=\"twitter:data1\" content=\"Filip\" \/>\n\t<meta name=\"twitter:label2\" content=\"Szacowany czas czytania\" \/>\n\t<meta name=\"twitter:data2\" content=\"1 minuta\" \/>\n<script type=\"application\/ld+json\" class=\"yoast-schema-graph\">{\"@context\":\"https:\/\/schema.org\",\"@graph\":[{\"@type\":\"Article\",\"@id\":\"https:\/\/www.pogotowieflagowe.pl\/aktualne\/donald-trump-chwali-prezydenta-andrzeja-dude\/#article\",\"isPartOf\":{\"@id\":\"https:\/\/www.pogotowieflagowe.pl\/aktualne\/donald-trump-chwali-prezydenta-andrzeja-dude\/\"},\"author\":{\"name\":\"Filip\",\"@id\":\"https:\/\/www.pogotowieflagowe.pl\/aktualne\/#\/schema\/person\/9c2fb7d2362ebf6fa088960d7f0d27b0\"},\"headline\":\"Donald Trump chwali prezydenta Andrzeja Dud\u0119\",\"datePublished\":\"2024-09-28T16:48:13+00:00\",\"dateModified\":\"2024-09-28T16:48:14+00:00\",\"mainEntityOfPage\":{\"@id\":\"https:\/\/www.pogotowieflagowe.pl\/aktualne\/donald-trump-chwali-prezydenta-andrzeja-dude\/\"},\"wordCount\":198,\"publisher\":{\"@id\":\"https:\/\/www.pogotowieflagowe.pl\/aktualne\/#organization\"},\"image\":{\"@id\":\"https:\/\/www.pogotowieflagowe.pl\/aktualne\/donald-trump-chwali-prezydenta-andrzeja-dude\/#primaryimage\"},\"thumbnailUrl\":\"https:\/\/www.pogotowieflagowe.pl\/aktualne\/wp-content\/uploads\/2024\/09\/Trump-chwali-wizyte-prezydenta-Dudy-w-amerykanskiej-Czestochowie-\u201eWspanialy-dzien.jpg\",\"keywords\":[\"Andrzeja\",\"chwali\",\"Donald\",\"Dud\u0119\",\"prezydenta\",\"Trump\"],\"articleSection\":[\"Polityka\"],\"inLanguage\":\"pl-PL\"},{\"@type\":\"WebPage\",\"@id\":\"https:\/\/www.pogotowieflagowe.pl\/aktualne\/donald-trump-chwali-prezydenta-andrzeja-dude\/\",\"url\":\"https:\/\/www.pogotowieflagowe.pl\/aktualne\/donald-trump-chwali-prezydenta-andrzeja-dude\/\",\"name\":\"Donald Trump chwali prezydenta Andrzeja Dud\u0119 - POGOTOWIE FLAGOWE\u00ae\",\"isPartOf\":{\"@id\":\"https:\/\/www.pogotowieflagowe.pl\/aktualne\/#website\"},\"primaryImageOfPage\":{\"@id\":\"https:\/\/www.pogotowieflagowe.pl\/aktualne\/donald-trump-chwali-prezydenta-andrzeja-dude\/#primaryimage\"},\"image\":{\"@id\":\"https:\/\/www.pogotowieflagowe.pl\/aktualne\/donald-trump-chwali-prezydenta-andrzeja-dude\/#primaryimage\"},\"thumbnailUrl\":\"https:\/\/www.pogotowieflagowe.pl\/aktualne\/wp-content\/uploads\/2024\/09\/Trump-chwali-wizyte-prezydenta-Dudy-w-amerykanskiej-Czestochowie-\u201eWspanialy-dzien.jpg\",\"datePublished\":\"2024-09-28T16:48:13+00:00\",\"dateModified\":\"2024-09-28T16:48:14+00:00\",\"breadcrumb\":{\"@id\":\"https:\/\/www.pogotowieflagowe.pl\/aktualne\/donald-trump-chwali-prezydenta-andrzeja-dude\/#breadcrumb\"},\"inLanguage\":\"pl-PL\",\"potentialAction\":[{\"@type\":\"ReadAction\",\"target\":[\"https:\/\/www.pogotowieflagowe.pl\/aktualne\/donald-trump-chwali-prezydenta-andrzeja-dude\/\"]}]},{\"@type\":\"ImageObject\",\"inLanguage\":\"pl-PL\",\"@id\":\"https:\/\/www.pogotowieflagowe.pl\/aktualne\/donald-trump-chwali-prezydenta-andrzeja-dude\/#primaryimage\",\"url\":\"https:\/\/www.pogotowieflagowe.pl\/aktualne\/wp-content\/uploads\/2024\/09\/Trump-chwali-wizyte-prezydenta-Dudy-w-amerykanskiej-Czestochowie-\u201eWspanialy-dzien.jpg\",\"contentUrl\":\"https:\/\/www.pogotowieflagowe.pl\/aktualne\/wp-content\/uploads\/2024\/09\/Trump-chwali-wizyte-prezydenta-Dudy-w-amerykanskiej-Czestochowie-\u201eWspanialy-dzien.jpg\",\"width\":750,\"height\":425,\"caption\":\"Trump chwali wizyt\u0119 prezydenta Dudy w ameryka\u0144skiej Cz\u0119stochowie: \u201eWspania\u0142y dzie\u0144 dla naszej spo\u0142eczno\u015bci\u201d\"},{\"@type\":\"BreadcrumbList\",\"@id\":\"https:\/\/www.pogotowieflagowe.pl\/aktualne\/donald-trump-chwali-prezydenta-andrzeja-dude\/#breadcrumb\",\"itemListElement\":[{\"@type\":\"ListItem\",\"position\":1,\"name\":\"Home\",\"item\":\"https:\/\/www.pogotowieflagowe.pl\/aktualne\/\"},{\"@type\":\"ListItem\",\"position\":2,\"name\":\"Donald Trump chwali prezydenta Andrzeja Dud\u0119\"}]},{\"@type\":\"WebSite\",\"@id\":\"https:\/\/www.pogotowieflagowe.pl\/aktualne\/#website\",\"url\":\"https:\/\/www.pogotowieflagowe.pl\/aktualne\/\",\"name\":\"POGOTOWIE FLAGOWE\u00ae\",\"description\":\"\",\"publisher\":{\"@id\":\"https:\/\/www.pogotowieflagowe.pl\/aktualne\/#organization\"},\"potentialAction\":[{\"@type\":\"SearchAction\",\"target\":{\"@type\":\"EntryPoint\",\"urlTemplate\":\"https:\/\/www.pogotowieflagowe.pl\/aktualne\/?s={search_term_string}\"},\"query-input\":\"required name=search_term_string\"}],\"inLanguage\":\"pl-PL\"},{\"@type\":\"Organization\",\"@id\":\"https:\/\/www.pogotowieflagowe.pl\/aktualne\/#organization\",\"name\":\"POGOTOWIE FLAGOWE\u00ae\",\"url\":\"https:\/\/www.pogotowieflagowe.pl\/aktualne\/\",\"logo\":{\"@type\":\"ImageObject\",\"inLanguage\":\"pl-PL\",\"@id\":\"https:\/\/www.pogotowieflagowe.pl\/aktualne\/#\/schema\/logo\/image\/\",\"url\":\"https:\/\/www.pogotowieflagowe.pl\/aktualne\/wp-content\/uploads\/2024\/08\/cropped-pogotowieflagowe_flaga_projekt_sm.jpg\",\"contentUrl\":\"https:\/\/www.pogotowieflagowe.pl\/aktualne\/wp-content\/uploads\/2024\/08\/cropped-pogotowieflagowe_flaga_projekt_sm.jpg\",\"width\":250,\"height\":143,\"caption\":\"POGOTOWIE FLAGOWE\u00ae\"},\"image\":{\"@id\":\"https:\/\/www.pogotowieflagowe.pl\/aktualne\/#\/schema\/logo\/image\/\"}},{\"@type\":\"Person\",\"@id\":\"https:\/\/www.pogotowieflagowe.pl\/aktualne\/#\/schema\/person\/9c2fb7d2362ebf6fa088960d7f0d27b0\",\"name\":\"Filip\",\"image\":{\"@type\":\"ImageObject\",\"inLanguage\":\"pl-PL\",\"@id\":\"https:\/\/www.pogotowieflagowe.pl\/aktualne\/#\/schema\/person\/image\/\",\"url\":\"https:\/\/www.pogotowieflagowe.pl\/aktualne\/wp-content\/uploads\/2024\/08\/pogotowieflagowe.pl_.jpg\",\"contentUrl\":\"https:\/\/www.pogotowieflagowe.pl\/aktualne\/wp-content\/uploads\/2024\/08\/pogotowieflagowe.pl_.jpg\",\"caption\":\"Filip\"},\"description\":\"Jestem Filip, polski dziennikarz z dyplomem nauk politycznych Uniwersytetu Warszawskiego. Rozpoczynaj\u0105c swoj\u0105 karier\u0119 w r\u00f3\u017cnych lokalnych mediach, zdoby\u0142em solidne do\u015bwiadczenie w zakresie \u015bledztwa i redakcji. Obecnie jako redaktor w Pogotowie flagowe, staram si\u0119 dostarcza\u0107 dog\u0142\u0119bne i istotne analizy na temat najwa\u017cniejszych kwestii aktualno\u015bci, \u0142\u0105cz\u0105c rygor z pasj\u0105 dziennikarsk\u0105.\",\"sameAs\":[\"https:\/\/www.pogotowieflagowe.pl\/\"]}]}<\/script>\n<!-- \/ Yoast SEO plugin. -->","yoast_head_json":{"title":"Donald Trump chwali prezydenta Andrzeja Dud\u0119 - POGOTOWIE FLAGOWE\u00ae","robots":{"index":"index","follow":"follow","max-snippet":"max-snippet:-1","max-image-preview":"max-image-preview:large","max-video-preview":"max-video-preview:-1"},"canonical":"https:\/\/www.pogotowieflagowe.pl\/aktualne\/donald-trump-chwali-prezydenta-andrzeja-dude\/","og_locale":"pl_PL","og_type":"article","og_title":"Donald Trump chwali prezydenta Andrzeja Dud\u0119 - POGOTOWIE FLAGOWE\u00ae","og_description":"By\u0142y prezydent USA Donald Trump wyrazi\u0142 niedawno sw\u00f3j podziw dla polskiego prezydenta Andrzeja Dudy, kt\u00f3ry odwiedzi\u0142 Narodowe Sanktuarium Matki Bo\u017cej","og_url":"https:\/\/www.pogotowieflagowe.pl\/aktualne\/donald-trump-chwali-prezydenta-andrzeja-dude\/","og_site_name":"POGOTOWIE FLAGOWE\u00ae","article_published_time":"2024-09-28T16:48:13+00:00","article_modified_time":"2024-09-28T16:48:14+00:00","og_image":[{"width":750,"height":425,"url":"https:\/\/www.pogotowieflagowe.pl\/aktualne\/wp-content\/uploads\/2024\/09\/Trump-chwali-wizyte-prezydenta-Dudy-w-amerykanskiej-Czestochowie-\u201eWspanialy-dzien.jpg","type":"image\/jpeg"}],"author":"Filip","twitter_card":"summary_large_image","twitter_misc":{"Napisane przez":"Filip","Szacowany czas czytania":"1 minuta"},"schema":{"@context":"https:\/\/schema.org","@graph":[{"@type":"Article","@id":"https:\/\/www.pogotowieflagowe.pl\/aktualne\/donald-trump-chwali-prezydenta-andrzeja-dude\/#article","isPartOf":{"@id":"https:\/\/www.pogotowieflagowe.pl\/aktualne\/donald-trump-chwali-prezydenta-andrzeja-dude\/"},"author":{"name":"Filip","@id":"https:\/\/www.pogotowieflagowe.pl\/aktualne\/#\/schema\/person\/9c2fb7d2362ebf6fa088960d7f0d27b0"},"headline":"Donald Trump chwali prezydenta Andrzeja Dud\u0119","datePublished":"2024-09-28T16:48:13+00:00","dateModified":"2024-09-28T16:48:14+00:00","mainEntityOfPage":{"@id":"https:\/\/www.pogotowieflagowe.pl\/aktualne\/donald-trump-chwali-prezydenta-andrzeja-dude\/"},"wordCount":198,"publisher":{"@id":"https:\/\/www.pogotowieflagowe.pl\/aktualne\/#organization"},"image":{"@id":"https:\/\/www.pogotowieflagowe.pl\/aktualne\/donald-trump-chwali-prezydenta-andrzeja-dude\/#primaryimage"},"thumbnailUrl":"https:\/\/www.pogotowieflagowe.pl\/aktualne\/wp-content\/uploads\/2024\/09\/Trump-chwali-wizyte-prezydenta-Dudy-w-amerykanskiej-Czestochowie-\u201eWspanialy-dzien.jpg","keywords":["Andrzeja","chwali","Donald","Dud\u0119","prezydenta","Trump"],"articleSection":["Polityka"],"inLanguage":"pl-PL"},{"@type":"WebPage","@id":"https:\/\/www.pogotowieflagowe.pl\/aktualne\/donald-trump-chwali-prezydenta-andrzeja-dude\/","url":"https:\/\/www.pogotowieflagowe.pl\/aktualne\/donald-trump-chwali-prezydenta-andrzeja-dude\/","name":"Donald Trump chwali prezydenta Andrzeja Dud\u0119 - POGOTOWIE FLAGOWE\u00ae","isPartOf":{"@id":"https:\/\/www.pogotowieflagowe.pl\/aktualne\/#website"},"primaryImageOfPage":{"@id":"https:\/\/www.pogotowieflagowe.pl\/aktualne\/donald-trump-chwali-prezydenta-andrzeja-dude\/#primaryimage"},"image":{"@id":"https:\/\/www.pogotowieflagowe.pl\/aktualne\/donald-trump-chwali-prezydenta-andrzeja-dude\/#primaryimage"},"thumbnailUrl":"https:\/\/www.pogotowieflagowe.pl\/aktualne\/wp-content\/uploads\/2024\/09\/Trump-chwali-wizyte-prezydenta-Dudy-w-amerykanskiej-Czestochowie-\u201eWspanialy-dzien.jpg","datePublished":"2024-09-28T16:48:13+00:00","dateModified":"2024-09-28T16:48:14+00:00","breadcrumb":{"@id":"https:\/\/www.pogotowieflagowe.pl\/aktualne\/donald-trump-chwali-prezydenta-andrzeja-dude\/#breadcrumb"},"inLanguage":"pl-PL","potentialAction":[{"@type":"ReadAction","target":["https:\/\/www.pogotowieflagowe.pl\/aktualne\/donald-trump-chwali-prezydenta-andrzeja-dude\/"]}]},{"@type":"ImageObject","inLanguage":"pl-PL","@id":"https:\/\/www.pogotowieflagowe.pl\/aktualne\/donald-trump-chwali-prezydenta-andrzeja-dude\/#primaryimage","url":"https:\/\/www.pogotowieflagowe.pl\/aktualne\/wp-content\/uploads\/2024\/09\/Trump-chwali-wizyte-prezydenta-Dudy-w-amerykanskiej-Czestochowie-\u201eWspanialy-dzien.jpg","contentUrl":"https:\/\/www.pogotowieflagowe.pl\/aktualne\/wp-content\/uploads\/2024\/09\/Trump-chwali-wizyte-prezydenta-Dudy-w-amerykanskiej-Czestochowie-\u201eWspanialy-dzien.jpg","width":750,"height":425,"caption":"Trump chwali wizyt\u0119 prezydenta Dudy w ameryka\u0144skiej Cz\u0119stochowie: \u201eWspania\u0142y dzie\u0144 dla naszej spo\u0142eczno\u015bci\u201d"},{"@type":"BreadcrumbList","@id":"https:\/\/www.pogotowieflagowe.pl\/aktualne\/donald-trump-chwali-prezydenta-andrzeja-dude\/#breadcrumb","itemListElement":[{"@type":"ListItem","position":1,"name":"Home","item":"https:\/\/www.pogotowieflagowe.pl\/aktualne\/"},{"@type":"ListItem","position":2,"name":"Donald Trump chwali prezydenta Andrzeja Dud\u0119"}]},{"@type":"WebSite","@id":"https:\/\/www.pogotowieflagowe.pl\/aktualne\/#website","url":"https:\/\/www.pogotowieflagowe.pl\/aktualne\/","name":"POGOTOWIE FLAGOWE\u00ae","description":"","publisher":{"@id":"https:\/\/www.pogotowieflagowe.pl\/aktualne\/#organization"},"potentialAction":[{"@type":"SearchAction","target":{"@type":"EntryPoint","urlTemplate":"https:\/\/www.pogotowieflagowe.pl\/aktualne\/?s={search_term_string}"},"query-input":"required name=search_term_string"}],"inLanguage":"pl-PL"},{"@type":"Organization","@id":"https:\/\/www.pogotowieflagowe.pl\/aktualne\/#organization","name":"POGOTOWIE FLAGOWE\u00ae","url":"https:\/\/www.pogotowieflagowe.pl\/aktualne\/","logo":{"@type":"ImageObject","inLanguage":"pl-PL","@id":"https:\/\/www.pogotowieflagowe.pl\/aktualne\/#\/schema\/logo\/image\/","url":"https:\/\/www.pogotowieflagowe.pl\/aktualne\/wp-content\/uploads\/2024\/08\/cropped-pogotowieflagowe_flaga_projekt_sm.jpg","contentUrl":"https:\/\/www.pogotowieflagowe.pl\/aktualne\/wp-content\/uploads\/2024\/08\/cropped-pogotowieflagowe_flaga_projekt_sm.jpg","width":250,"height":143,"caption":"POGOTOWIE FLAGOWE\u00ae"},"image":{"@id":"https:\/\/www.pogotowieflagowe.pl\/aktualne\/#\/schema\/logo\/image\/"}},{"@type":"Person","@id":"https:\/\/www.pogotowieflagowe.pl\/aktualne\/#\/schema\/person\/9c2fb7d2362ebf6fa088960d7f0d27b0","name":"Filip","image":{"@type":"ImageObject","inLanguage":"pl-PL","@id":"https:\/\/www.pogotowieflagowe.pl\/aktualne\/#\/schema\/person\/image\/","url":"https:\/\/www.pogotowieflagowe.pl\/aktualne\/wp-content\/uploads\/2024\/08\/pogotowieflagowe.pl_.jpg","contentUrl":"https:\/\/www.pogotowieflagowe.pl\/aktualne\/wp-content\/uploads\/2024\/08\/pogotowieflagowe.pl_.jpg","caption":"Filip"},"description":"Jestem Filip, polski dziennikarz z dyplomem nauk politycznych Uniwersytetu Warszawskiego. Rozpoczynaj\u0105c swoj\u0105 karier\u0119 w r\u00f3\u017cnych lokalnych mediach, zdoby\u0142em solidne do\u015bwiadczenie w zakresie \u015bledztwa i redakcji. Obecnie jako redaktor w Pogotowie flagowe, staram si\u0119 dostarcza\u0107 dog\u0142\u0119bne i istotne analizy na temat najwa\u017cniejszych kwestii aktualno\u015bci, \u0142\u0105cz\u0105c rygor z pasj\u0105 dziennikarsk\u0105.","sameAs":["https:\/\/www.pogotowieflagowe.pl\/"]}]}},"_links":{"self":[{"href":"https:\/\/www.pogotowieflagowe.pl\/aktualne\/wp-json\/wp\/v2\/posts\/966","targetHints":{"allow":["GET"]}}],"collection":[{"href":"https:\/\/www.pogotowieflagowe.pl\/aktualne\/wp-json\/wp\/v2\/posts"}],"about":[{"href":"https:\/\/www.pogotowieflagowe.pl\/aktualne\/wp-json\/wp\/v2\/types\/post"}],"author":[{"embeddable":true,"href":"https:\/\/www.pogotowieflagowe.pl\/aktualne\/wp-json\/wp\/v2\/users\/1"}],"replies":[{"embeddable":true,"href":"https:\/\/www.pogotowieflagowe.pl\/aktualne\/wp-json\/wp\/v2\/comments?post=966"}],"version-history":[{"count":1,"href":"https:\/\/www.pogotowieflagowe.pl\/aktualne\/wp-json\/wp\/v2\/posts\/966\/revisions"}],"predecessor-version":[{"id":967,"href":"https:\/\/www.pogotowieflagowe.pl\/aktualne\/wp-json\/wp\/v2\/posts\/966\/revisions\/967"}],"wp:featuredmedia":[{"embeddable":true,"href":"https:\/\/www.pogotowieflagowe.pl\/aktualne\/wp-json\/wp\/v2\/media\/863"}],"wp:attachment":[{"href":"https:\/\/www.pogotowieflagowe.pl\/aktualne\/wp-json\/wp\/v2\/media?parent=966"}],"wp:term":[{"taxonomy":"category","embeddable":true,"href":"https:\/\/www.pogotowieflagowe.pl\/aktualne\/wp-json\/wp\/v2\/categories?post=966"},{"taxonomy":"post_tag","embeddable":true,"href":"https:\/\/www.pogotowieflagowe.pl\/aktualne\/wp-json\/wp\/v2\/tags?post=966"}],"curies":[{"name":"wp","href":"https:\/\/api.w.org\/{rel}","templated":true}]}}