{"id":9687,"date":"2025-10-23T14:11:59","date_gmt":"2025-10-23T12:11:59","guid":{"rendered":"https:\/\/www.pogotowieflagowe.pl\/aktualne\/to-jeszcze-nie-koniec-procesu-sakiewicz-musimy-stanac-po-stronie-ofiar\/"},"modified":"2025-10-23T14:12:00","modified_gmt":"2025-10-23T12:12:00","slug":"to-jeszcze-nie-koniec-procesu-sakiewicz-musimy-stanac-po-stronie-ofiar","status":"publish","type":"post","link":"https:\/\/www.pogotowieflagowe.pl\/aktualne\/to-jeszcze-nie-koniec-procesu-sakiewicz-musimy-stanac-po-stronie-ofiar\/","title":{"rendered":"To jeszcze nie koniec procesu! Sakiewicz: \u201eMusimy stan\u0105\u0107 po stronie ofiar\u201d"},"content":{"rendered":"\n<div class=\"td_block_wrap tdb_single_content tdi_41 td-pb-border-top td_block_template_8 td-post-content tagdiv-type\" data-td-block-uid=\"tdi_41\">\n<style>.tdi_41{margines-top:0px!important;margin-bottom:0px!important;dope\u0142nienie-g\u00f3ra:0px!important;dope\u0142nienie-d\u00f3\u0142:0px!important}<\/style>\n<style>.tdb_single_content{margin-bottom:0;*zoom:1}.tdb_single_content:before,.tdb_single_content:after{display:table;content:'';line-height:0}.tdb_single_content:after{clear:both}.tdb_single_content .tdb-block-inner>*:not(.wp-block-quote):not(.alignwide):not(.alignfull.wp-block-cover.has-parallax):not(.td-a-ad){margin-left:auto;margin-right:auto}.tdb_single_content a{pointer-events:auto}.tdb_single_content .td-spot-id-top_ad .tdc-placeholder-title:before{content:'Article Top Ad'!important}.tdb_single_content .td-spot-id-inline_ad0 .tdc-placeholder-title:before{content:'Article Reklama wbudowana 1'!important}.tdb_single_content .td-spot-id-inline_ad1 .tdc-placeholder-title:before{content:'Artyku\u0142owa reklama wbudowana 2'!important}.tdb_single_content .td-spot-id-inline_ad2 .tdc-placeholder-title:before{content:'Reklama w tek\u015bcie artyku\u0142u 3'!important}.tdb_single_content .td-spot-id-bottom_ad .tdc-placeholder-title:before{content:'Article Bottom Ad'!important}.tdb_single_content .id_top_ad,.tdb_single_content .id_bottom_ad{clear:both;margin-bottom:21px;text-align:center}.tdb_single_content .id_top_ad img,.tdb_single_content .id_bottom_ad img{margin-bottom:0}.tdb_single_content .id_top_ad .adsbygoogle,.tdb_single_content .id_bottom_ad .adsbygoogle{position:relative}.tdb_single_content .id_ad_content-horiz-left,.tdb_single_content .id_ad_content-horiz-right,.tdb_single_content .id_ad_content-horiz-center{margin-bottom:15px}.tdb_single_content .id_ad_content-horiz-left img,.tdb_single_content .id_ad_content-horiz-right img,.tdb_single_content .id_ad_content-horiz-center img{margin-bottom:0}.tdb_single_content .id_ad_content-horiz-center{text-align:center}.tdb_single_content .id_ad_content-horiz-center img{margin-right:auto;margin-left:auto}.tdb_single_content .id_ad_content-horiz-left{float:left;margin-top:9px;margin-right:21px}.tdb_single_content .id_ad_content-horiz-right{float:right;margin-top:6px;margin-left:21px}.tdb_single_content .tdc-a-ad .tdc-placeholder-title{width:300px;height:250px}.tdb_single_content .tdc-a-ad .tdc-placeholder-title:before{position:absolute;top:50%;-webkit-transform:translateY(-50%);transform:translateY(-50%);margin:auto;display:table;width:100%}.tdb_single_content .tdb-block-inner.td-fix-index{word-break:break-word}.tdi_41,.tdi_41>p,.tdi_41 .tdb-block-inner>p,.wp-block-column>p{font-size:16px!important;line-height:1.6!important}.tdi_41 .tdb-block-inner cytat blokowy p{font-style:normal!important}@media (max-width:767px){.tdb_single_content .id_ad_content-horiz-left,.tdb_single_content .id_ad_content-horiz-right,.tdb_single_content .id_ad_content-horiz-center{margin:0 auto 26 pikseli auto}}@media (max-width:767px){.tdb_single_content .id_ad_content-horiz-left{margin-right:0}}@media (max-width:767px){.tdb_single_content .id_ad_content-horiz-right{margin-left:0}}@media (max-width:767px){.tdb_single_content .td-a-ad{float:none;text-align:center}.tdb_single_content .td-a-ad img{margin-right:auto;margin-left:auto}.tdb_single_content .tdc-a-ad{float:none}}<\/style>\n<div class=\"tdb-block-inner td-fix-index\">\n<p><strong>&#8222;Gdyby to dotyczy\u0142o innego znanego polityka, przy takiej skali korupcji, musieliby\u015bmy zareagowa\u0107 w ten sam spos\u00f3b. I zareagowali\u015bmy tak samo. Przyznam jednak, \u017ce nigdy nie spotka\u0142em si\u0119 z czym\u015b na tak\u0105 skal\u0119&#8230;&#8221;<\/strong> \u2013 powiedzia\u0142 przed sal\u0105 s\u0105dow\u0105 EIC Tomasz Sakiewicz. Dzi\u015b zapad\u0142 wyrok w procesie redaktora naczelnego <em>Gazeta Polska<\/em> i Tomasza Grodzkiego mia\u0142y zosta\u0107 og\u0142oszone. Polityk nie stawi\u0142 si\u0119 jednak w s\u0105dzie, a rozprawa b\u0119dzie teraz toczy\u0107 si\u0119 w trybie zwyczajnym.<\/p>\n<p>W sprawie Tomasza Grodzkiego przeciwko Tomaszowi Sakiewiczowi mia\u0142 rozstrzygn\u0105\u0107 S\u0105d Okr\u0119gowy dla Warszawy-Woli. S\u0119dzia poprosi\u0142 jednak dziennikarzy i publiczno\u015b\u0107 o opuszczenie sali, informuj\u0105c, \u017ce w dniu dzisiejszym nie zostanie wydany wyrok w zwi\u0105zku z pojawieniem si\u0119 nowych dowod\u00f3w w sprawie.<\/p>\n<p>Stwierdzono, \u017ce wyrok zostanie wydany prawdopodobnie w ci\u0105gu tygodnia, cho\u0107 nie jest to pewne. Dlatego rozprawa mo\u017ce zosta\u0107 przed\u0142u\u017cona.<\/p>\n<h2 class=\"wp-block-heading\"><strong>Sakiewicz: \u201eNigdy nie widzia\u0142em czego\u015b na tak\u0105 skal\u0119<\/strong>\u201e<\/h2>\n<p>Przed wej\u015bciem na sal\u0119 rozpraw redaktor Tomasz Sakiewicz powiedzia\u0142:<\/p>\n<figure class=\"wp-block-pullquote\">\n<blockquote>\n<p><strong>&#8222;Nie wiem, czego si\u0119 spodziewa\u0107, ale wiem, na co licz\u0119. Je\u015bli istot\u0105 tej sprawy jest dla mnie udowodnienie, \u017ce pan Grodzki wzi\u0105\u0142 \u0142ap\u00f3wki, to uwa\u017cam, \u017ce przedstawi\u0142em na to wystarczaj\u0105ce dowody. Ale je\u015bli celem jest jedynie zastraszenie dziennikarzy, to nic nie da si\u0119 zrobi\u0107. Sprawa jest jasna. Pytanie tylko, czy s\u0105d stanie nie po mojej stronie, ale po stronie setek pokrzywdzonych. W ca\u0142ej Polsce ludzie byli nara\u017ceni na wymuszenia przez nieuczciwych lekarzy. A mo\u017ce s\u0105d stanie po stronie systemu stworzonego przez Tuska, w kt\u00f3rym dziennikarzom nie wolno krytykowa\u0107 polityk\u00f3w, o ile ci politycy s\u0105 z nimi zgodni.\u201d<\/strong><\/p>\n<\/blockquote>\n<\/figure>\n<p>Ponadto redaktor naczelny <em>Gazeta Polska<\/em> zwr\u00f3ci\u0142 na to uwag\u0119 <strong>&#8222;Gdyby to dotyczy\u0142o innego znanego polityka, przy takiej skali korupcji, musieliby\u015bmy zareagowa\u0107 w ten sam spos\u00f3b. I tak samo zareagowali\u015bmy.&#8221;<\/strong><\/p>\n<figure class=\"wp-block-pullquote\">\n<blockquote>\n<p><strong>\u201eJednak musz\u0119 przyzna\u0107, \u017ce nigdy nie spotka\u0142em si\u0119 z czym\u015b na tak\u0105 skal\u0119\u2026 S\u0142ysza\u0142em o przekupstwie, jak wszyscy w s\u0142u\u017cbie zdrowia, ale nie na tak\u0105 skal\u0119, a nie o takim systematycznym wy\u0142udzaniu pieni\u0119dzy od ludzi \u2013 cz\u0119sto tych w tragicznych okoliczno\u015bciach, pr\u00f3buj\u0105cych zap\u0142aci\u0107, cz\u0119sto w fa\u0142szywej nadziei, a naprawd\u0119 nie\u201d<\/strong> doda\u0142.<\/p>\n<\/blockquote>\n<\/figure>\n<p>W podsumowaniu stwierdzi\u0142, \u017ce <strong>&#8222;Musimy stan\u0105\u0107 po stronie tych, kt\u00f3rzy naprawd\u0119 zostali skrzywdzeni. I niezale\u017cnie od tego, czy sko\u0144cz\u0119 w wi\u0119zieniu, czy nie, b\u0119dzie to znacznie mniejsza krzywda ni\u017c ta, kt\u00f3r\u0105 ponie\u015bli ci, kt\u00f3rzy stracili bliskich, bo nie mogli zap\u0142aci\u0107.&#8221;<\/strong><\/p>\n<\/div>\n<\/div>\n","protected":false},"excerpt":{"rendered":"<p>&#8222;Gdyby to dotyczy\u0142o innego znanego polityka, przy takiej skali korupcji, musieliby\u015bmy zareagowa\u0107 w ten sam spos\u00f3b. I zareagowali\u015bmy tak samo.<\/p>\n","protected":false},"author":1,"featured_media":9688,"comment_status":"open","ping_status":"open","sticky":false,"template":"","format":"standard","meta":{"footnotes":""},"categories":[4748],"tags":[5475,1723,5700,450,1311,11083,373,7929,1662],"class_list":["post-9687","post","type-post","status-publish","format-standard","has-post-thumbnail","hentry","category-aktualne","tag-jeszcze","tag-koniec","tag-musimy","tag-nie","tag-ofiar","tag-procesu","tag-sakiewicz","tag-stanac","tag-stronie","generate-columns","tablet-grid-50","mobile-grid-100","grid-parent","grid-50","resize-featured-image"],"yoast_head":"<!-- This site is optimized with the Yoast SEO plugin v23.2 - https:\/\/yoast.com\/wordpress\/plugins\/seo\/ -->\n<title>To jeszcze nie koniec procesu! Sakiewicz: \u201eMusimy stan\u0105\u0107 po stronie ofiar\u201d - POGOTOWIE FLAGOWE\u00ae<\/title>\n<meta name=\"robots\" content=\"index, follow, max-snippet:-1, max-image-preview:large, max-video-preview:-1\" \/>\n<link rel=\"canonical\" href=\"https:\/\/www.pogotowieflagowe.pl\/aktualne\/to-jeszcze-nie-koniec-procesu-sakiewicz-musimy-stanac-po-stronie-ofiar\/\" \/>\n<meta property=\"og:locale\" content=\"pl_PL\" \/>\n<meta property=\"og:type\" content=\"article\" \/>\n<meta property=\"og:title\" content=\"To jeszcze nie koniec procesu! Sakiewicz: \u201eMusimy stan\u0105\u0107 po stronie ofiar\u201d - POGOTOWIE FLAGOWE\u00ae\" \/>\n<meta property=\"og:description\" content=\"&#8222;Gdyby to dotyczy\u0142o innego znanego polityka, przy takiej skali korupcji, musieliby\u015bmy zareagowa\u0107 w ten sam spos\u00f3b. I zareagowali\u015bmy tak samo.\" \/>\n<meta property=\"og:url\" content=\"https:\/\/www.pogotowieflagowe.pl\/aktualne\/to-jeszcze-nie-koniec-procesu-sakiewicz-musimy-stanac-po-stronie-ofiar\/\" \/>\n<meta property=\"og:site_name\" content=\"POGOTOWIE FLAGOWE\u00ae\" \/>\n<meta property=\"article:published_time\" content=\"2025-10-23T12:11:59+00:00\" \/>\n<meta property=\"article:modified_time\" content=\"2025-10-23T12:12:00+00:00\" \/>\n<meta property=\"og:image\" content=\"https:\/\/www.pogotowieflagowe.pl\/aktualne\/wp-content\/uploads\/2025\/10\/To-jeszcze-nie-koniec-procesu-Sakiewicz-\u201eMusimy-stanac-po-stronie.webp.webp\" \/>\n\t<meta property=\"og:image:width\" content=\"1280\" \/>\n\t<meta property=\"og:image:height\" content=\"720\" \/>\n\t<meta property=\"og:image:type\" content=\"image\/webp\" \/>\n<meta name=\"author\" content=\"Filip\" \/>\n<meta name=\"twitter:card\" content=\"summary_large_image\" \/>\n<meta name=\"twitter:label1\" content=\"Napisane przez\" \/>\n\t<meta name=\"twitter:data1\" content=\"Filip\" \/>\n\t<meta name=\"twitter:label2\" content=\"Szacowany czas czytania\" \/>\n\t<meta name=\"twitter:data2\" content=\"2 minuty\" \/>\n<script type=\"application\/ld+json\" class=\"yoast-schema-graph\">{\"@context\":\"https:\/\/schema.org\",\"@graph\":[{\"@type\":\"Article\",\"@id\":\"https:\/\/www.pogotowieflagowe.pl\/aktualne\/to-jeszcze-nie-koniec-procesu-sakiewicz-musimy-stanac-po-stronie-ofiar\/#article\",\"isPartOf\":{\"@id\":\"https:\/\/www.pogotowieflagowe.pl\/aktualne\/to-jeszcze-nie-koniec-procesu-sakiewicz-musimy-stanac-po-stronie-ofiar\/\"},\"author\":{\"name\":\"Filip\",\"@id\":\"https:\/\/www.pogotowieflagowe.pl\/aktualne\/#\/schema\/person\/9c2fb7d2362ebf6fa088960d7f0d27b0\"},\"headline\":\"To jeszcze nie koniec procesu! Sakiewicz: \u201eMusimy stan\u0105\u0107 po stronie ofiar\u201d\",\"datePublished\":\"2025-10-23T12:11:59+00:00\",\"dateModified\":\"2025-10-23T12:12:00+00:00\",\"mainEntityOfPage\":{\"@id\":\"https:\/\/www.pogotowieflagowe.pl\/aktualne\/to-jeszcze-nie-koniec-procesu-sakiewicz-musimy-stanac-po-stronie-ofiar\/\"},\"wordCount\":436,\"commentCount\":0,\"publisher\":{\"@id\":\"https:\/\/www.pogotowieflagowe.pl\/aktualne\/#organization\"},\"image\":{\"@id\":\"https:\/\/www.pogotowieflagowe.pl\/aktualne\/to-jeszcze-nie-koniec-procesu-sakiewicz-musimy-stanac-po-stronie-ofiar\/#primaryimage\"},\"thumbnailUrl\":\"https:\/\/www.pogotowieflagowe.pl\/aktualne\/wp-content\/uploads\/2025\/10\/To-jeszcze-nie-koniec-procesu-Sakiewicz-\u201eMusimy-stanac-po-stronie.webp.webp\",\"keywords\":[\"jeszcze\",\"koniec\",\"Musimy\",\"Nie\",\"ofiar\",\"procesu\",\"Sakiewicz\",\"stan\u0105\u0107\",\"stronie\"],\"articleSection\":[\"Aktualne\"],\"inLanguage\":\"pl-PL\",\"potentialAction\":[{\"@type\":\"CommentAction\",\"name\":\"Comment\",\"target\":[\"https:\/\/www.pogotowieflagowe.pl\/aktualne\/to-jeszcze-nie-koniec-procesu-sakiewicz-musimy-stanac-po-stronie-ofiar\/#respond\"]}]},{\"@type\":\"WebPage\",\"@id\":\"https:\/\/www.pogotowieflagowe.pl\/aktualne\/to-jeszcze-nie-koniec-procesu-sakiewicz-musimy-stanac-po-stronie-ofiar\/\",\"url\":\"https:\/\/www.pogotowieflagowe.pl\/aktualne\/to-jeszcze-nie-koniec-procesu-sakiewicz-musimy-stanac-po-stronie-ofiar\/\",\"name\":\"To jeszcze nie koniec procesu! Sakiewicz: \u201eMusimy stan\u0105\u0107 po stronie ofiar\u201d - POGOTOWIE FLAGOWE\u00ae\",\"isPartOf\":{\"@id\":\"https:\/\/www.pogotowieflagowe.pl\/aktualne\/#website\"},\"primaryImageOfPage\":{\"@id\":\"https:\/\/www.pogotowieflagowe.pl\/aktualne\/to-jeszcze-nie-koniec-procesu-sakiewicz-musimy-stanac-po-stronie-ofiar\/#primaryimage\"},\"image\":{\"@id\":\"https:\/\/www.pogotowieflagowe.pl\/aktualne\/to-jeszcze-nie-koniec-procesu-sakiewicz-musimy-stanac-po-stronie-ofiar\/#primaryimage\"},\"thumbnailUrl\":\"https:\/\/www.pogotowieflagowe.pl\/aktualne\/wp-content\/uploads\/2025\/10\/To-jeszcze-nie-koniec-procesu-Sakiewicz-\u201eMusimy-stanac-po-stronie.webp.webp\",\"datePublished\":\"2025-10-23T12:11:59+00:00\",\"dateModified\":\"2025-10-23T12:12:00+00:00\",\"breadcrumb\":{\"@id\":\"https:\/\/www.pogotowieflagowe.pl\/aktualne\/to-jeszcze-nie-koniec-procesu-sakiewicz-musimy-stanac-po-stronie-ofiar\/#breadcrumb\"},\"inLanguage\":\"pl-PL\",\"potentialAction\":[{\"@type\":\"ReadAction\",\"target\":[\"https:\/\/www.pogotowieflagowe.pl\/aktualne\/to-jeszcze-nie-koniec-procesu-sakiewicz-musimy-stanac-po-stronie-ofiar\/\"]}]},{\"@type\":\"ImageObject\",\"inLanguage\":\"pl-PL\",\"@id\":\"https:\/\/www.pogotowieflagowe.pl\/aktualne\/to-jeszcze-nie-koniec-procesu-sakiewicz-musimy-stanac-po-stronie-ofiar\/#primaryimage\",\"url\":\"https:\/\/www.pogotowieflagowe.pl\/aktualne\/wp-content\/uploads\/2025\/10\/To-jeszcze-nie-koniec-procesu-Sakiewicz-\u201eMusimy-stanac-po-stronie.webp.webp\",\"contentUrl\":\"https:\/\/www.pogotowieflagowe.pl\/aktualne\/wp-content\/uploads\/2025\/10\/To-jeszcze-nie-koniec-procesu-Sakiewicz-\u201eMusimy-stanac-po-stronie.webp.webp\",\"width\":1280,\"height\":720,\"caption\":\"To jeszcze nie koniec procesu! Sakiewicz: \u201eMusimy stan\u0105\u0107 po stronie ofiar\u201d\"},{\"@type\":\"BreadcrumbList\",\"@id\":\"https:\/\/www.pogotowieflagowe.pl\/aktualne\/to-jeszcze-nie-koniec-procesu-sakiewicz-musimy-stanac-po-stronie-ofiar\/#breadcrumb\",\"itemListElement\":[{\"@type\":\"ListItem\",\"position\":1,\"name\":\"Home\",\"item\":\"https:\/\/www.pogotowieflagowe.pl\/aktualne\/\"},{\"@type\":\"ListItem\",\"position\":2,\"name\":\"To jeszcze nie koniec procesu! Sakiewicz: \u201eMusimy stan\u0105\u0107 po stronie ofiar\u201d\"}]},{\"@type\":\"WebSite\",\"@id\":\"https:\/\/www.pogotowieflagowe.pl\/aktualne\/#website\",\"url\":\"https:\/\/www.pogotowieflagowe.pl\/aktualne\/\",\"name\":\"POGOTOWIE FLAGOWE\u00ae\",\"description\":\"\",\"publisher\":{\"@id\":\"https:\/\/www.pogotowieflagowe.pl\/aktualne\/#organization\"},\"potentialAction\":[{\"@type\":\"SearchAction\",\"target\":{\"@type\":\"EntryPoint\",\"urlTemplate\":\"https:\/\/www.pogotowieflagowe.pl\/aktualne\/?s={search_term_string}\"},\"query-input\":\"required name=search_term_string\"}],\"inLanguage\":\"pl-PL\"},{\"@type\":\"Organization\",\"@id\":\"https:\/\/www.pogotowieflagowe.pl\/aktualne\/#organization\",\"name\":\"POGOTOWIE FLAGOWE\u00ae\",\"url\":\"https:\/\/www.pogotowieflagowe.pl\/aktualne\/\",\"logo\":{\"@type\":\"ImageObject\",\"inLanguage\":\"pl-PL\",\"@id\":\"https:\/\/www.pogotowieflagowe.pl\/aktualne\/#\/schema\/logo\/image\/\",\"url\":\"https:\/\/www.pogotowieflagowe.pl\/aktualne\/wp-content\/uploads\/2024\/08\/cropped-pogotowieflagowe_flaga_projekt_sm.jpg\",\"contentUrl\":\"https:\/\/www.pogotowieflagowe.pl\/aktualne\/wp-content\/uploads\/2024\/08\/cropped-pogotowieflagowe_flaga_projekt_sm.jpg\",\"width\":250,\"height\":143,\"caption\":\"POGOTOWIE FLAGOWE\u00ae\"},\"image\":{\"@id\":\"https:\/\/www.pogotowieflagowe.pl\/aktualne\/#\/schema\/logo\/image\/\"}},{\"@type\":\"Person\",\"@id\":\"https:\/\/www.pogotowieflagowe.pl\/aktualne\/#\/schema\/person\/9c2fb7d2362ebf6fa088960d7f0d27b0\",\"name\":\"Filip\",\"image\":{\"@type\":\"ImageObject\",\"inLanguage\":\"pl-PL\",\"@id\":\"https:\/\/www.pogotowieflagowe.pl\/aktualne\/#\/schema\/person\/image\/\",\"url\":\"https:\/\/www.pogotowieflagowe.pl\/aktualne\/wp-content\/uploads\/2024\/08\/pogotowieflagowe.pl_.jpg\",\"contentUrl\":\"https:\/\/www.pogotowieflagowe.pl\/aktualne\/wp-content\/uploads\/2024\/08\/pogotowieflagowe.pl_.jpg\",\"caption\":\"Filip\"},\"description\":\"Jestem Filip, polski dziennikarz z dyplomem nauk politycznych Uniwersytetu Warszawskiego. Rozpoczynaj\u0105c swoj\u0105 karier\u0119 w r\u00f3\u017cnych lokalnych mediach, zdoby\u0142em solidne do\u015bwiadczenie w zakresie \u015bledztwa i redakcji. Obecnie jako redaktor w Pogotowie flagowe, staram si\u0119 dostarcza\u0107 dog\u0142\u0119bne i istotne analizy na temat najwa\u017cniejszych kwestii aktualno\u015bci, \u0142\u0105cz\u0105c rygor z pasj\u0105 dziennikarsk\u0105.\",\"sameAs\":[\"https:\/\/www.pogotowieflagowe.pl\/\"]}]}<\/script>\n<!-- \/ Yoast SEO plugin. -->","yoast_head_json":{"title":"To jeszcze nie koniec procesu! Sakiewicz: \u201eMusimy stan\u0105\u0107 po stronie ofiar\u201d - POGOTOWIE FLAGOWE\u00ae","robots":{"index":"index","follow":"follow","max-snippet":"max-snippet:-1","max-image-preview":"max-image-preview:large","max-video-preview":"max-video-preview:-1"},"canonical":"https:\/\/www.pogotowieflagowe.pl\/aktualne\/to-jeszcze-nie-koniec-procesu-sakiewicz-musimy-stanac-po-stronie-ofiar\/","og_locale":"pl_PL","og_type":"article","og_title":"To jeszcze nie koniec procesu! Sakiewicz: \u201eMusimy stan\u0105\u0107 po stronie ofiar\u201d - POGOTOWIE FLAGOWE\u00ae","og_description":"&#8222;Gdyby to dotyczy\u0142o innego znanego polityka, przy takiej skali korupcji, musieliby\u015bmy zareagowa\u0107 w ten sam spos\u00f3b. I zareagowali\u015bmy tak samo.","og_url":"https:\/\/www.pogotowieflagowe.pl\/aktualne\/to-jeszcze-nie-koniec-procesu-sakiewicz-musimy-stanac-po-stronie-ofiar\/","og_site_name":"POGOTOWIE FLAGOWE\u00ae","article_published_time":"2025-10-23T12:11:59+00:00","article_modified_time":"2025-10-23T12:12:00+00:00","og_image":[{"width":1280,"height":720,"url":"https:\/\/www.pogotowieflagowe.pl\/aktualne\/wp-content\/uploads\/2025\/10\/To-jeszcze-nie-koniec-procesu-Sakiewicz-\u201eMusimy-stanac-po-stronie.webp.webp","type":"image\/webp"}],"author":"Filip","twitter_card":"summary_large_image","twitter_misc":{"Napisane przez":"Filip","Szacowany czas czytania":"2 minuty"},"schema":{"@context":"https:\/\/schema.org","@graph":[{"@type":"Article","@id":"https:\/\/www.pogotowieflagowe.pl\/aktualne\/to-jeszcze-nie-koniec-procesu-sakiewicz-musimy-stanac-po-stronie-ofiar\/#article","isPartOf":{"@id":"https:\/\/www.pogotowieflagowe.pl\/aktualne\/to-jeszcze-nie-koniec-procesu-sakiewicz-musimy-stanac-po-stronie-ofiar\/"},"author":{"name":"Filip","@id":"https:\/\/www.pogotowieflagowe.pl\/aktualne\/#\/schema\/person\/9c2fb7d2362ebf6fa088960d7f0d27b0"},"headline":"To jeszcze nie koniec procesu! Sakiewicz: \u201eMusimy stan\u0105\u0107 po stronie ofiar\u201d","datePublished":"2025-10-23T12:11:59+00:00","dateModified":"2025-10-23T12:12:00+00:00","mainEntityOfPage":{"@id":"https:\/\/www.pogotowieflagowe.pl\/aktualne\/to-jeszcze-nie-koniec-procesu-sakiewicz-musimy-stanac-po-stronie-ofiar\/"},"wordCount":436,"commentCount":0,"publisher":{"@id":"https:\/\/www.pogotowieflagowe.pl\/aktualne\/#organization"},"image":{"@id":"https:\/\/www.pogotowieflagowe.pl\/aktualne\/to-jeszcze-nie-koniec-procesu-sakiewicz-musimy-stanac-po-stronie-ofiar\/#primaryimage"},"thumbnailUrl":"https:\/\/www.pogotowieflagowe.pl\/aktualne\/wp-content\/uploads\/2025\/10\/To-jeszcze-nie-koniec-procesu-Sakiewicz-\u201eMusimy-stanac-po-stronie.webp.webp","keywords":["jeszcze","koniec","Musimy","Nie","ofiar","procesu","Sakiewicz","stan\u0105\u0107","stronie"],"articleSection":["Aktualne"],"inLanguage":"pl-PL","potentialAction":[{"@type":"CommentAction","name":"Comment","target":["https:\/\/www.pogotowieflagowe.pl\/aktualne\/to-jeszcze-nie-koniec-procesu-sakiewicz-musimy-stanac-po-stronie-ofiar\/#respond"]}]},{"@type":"WebPage","@id":"https:\/\/www.pogotowieflagowe.pl\/aktualne\/to-jeszcze-nie-koniec-procesu-sakiewicz-musimy-stanac-po-stronie-ofiar\/","url":"https:\/\/www.pogotowieflagowe.pl\/aktualne\/to-jeszcze-nie-koniec-procesu-sakiewicz-musimy-stanac-po-stronie-ofiar\/","name":"To jeszcze nie koniec procesu! Sakiewicz: \u201eMusimy stan\u0105\u0107 po stronie ofiar\u201d - POGOTOWIE FLAGOWE\u00ae","isPartOf":{"@id":"https:\/\/www.pogotowieflagowe.pl\/aktualne\/#website"},"primaryImageOfPage":{"@id":"https:\/\/www.pogotowieflagowe.pl\/aktualne\/to-jeszcze-nie-koniec-procesu-sakiewicz-musimy-stanac-po-stronie-ofiar\/#primaryimage"},"image":{"@id":"https:\/\/www.pogotowieflagowe.pl\/aktualne\/to-jeszcze-nie-koniec-procesu-sakiewicz-musimy-stanac-po-stronie-ofiar\/#primaryimage"},"thumbnailUrl":"https:\/\/www.pogotowieflagowe.pl\/aktualne\/wp-content\/uploads\/2025\/10\/To-jeszcze-nie-koniec-procesu-Sakiewicz-\u201eMusimy-stanac-po-stronie.webp.webp","datePublished":"2025-10-23T12:11:59+00:00","dateModified":"2025-10-23T12:12:00+00:00","breadcrumb":{"@id":"https:\/\/www.pogotowieflagowe.pl\/aktualne\/to-jeszcze-nie-koniec-procesu-sakiewicz-musimy-stanac-po-stronie-ofiar\/#breadcrumb"},"inLanguage":"pl-PL","potentialAction":[{"@type":"ReadAction","target":["https:\/\/www.pogotowieflagowe.pl\/aktualne\/to-jeszcze-nie-koniec-procesu-sakiewicz-musimy-stanac-po-stronie-ofiar\/"]}]},{"@type":"ImageObject","inLanguage":"pl-PL","@id":"https:\/\/www.pogotowieflagowe.pl\/aktualne\/to-jeszcze-nie-koniec-procesu-sakiewicz-musimy-stanac-po-stronie-ofiar\/#primaryimage","url":"https:\/\/www.pogotowieflagowe.pl\/aktualne\/wp-content\/uploads\/2025\/10\/To-jeszcze-nie-koniec-procesu-Sakiewicz-\u201eMusimy-stanac-po-stronie.webp.webp","contentUrl":"https:\/\/www.pogotowieflagowe.pl\/aktualne\/wp-content\/uploads\/2025\/10\/To-jeszcze-nie-koniec-procesu-Sakiewicz-\u201eMusimy-stanac-po-stronie.webp.webp","width":1280,"height":720,"caption":"To jeszcze nie koniec procesu! Sakiewicz: \u201eMusimy stan\u0105\u0107 po stronie ofiar\u201d"},{"@type":"BreadcrumbList","@id":"https:\/\/www.pogotowieflagowe.pl\/aktualne\/to-jeszcze-nie-koniec-procesu-sakiewicz-musimy-stanac-po-stronie-ofiar\/#breadcrumb","itemListElement":[{"@type":"ListItem","position":1,"name":"Home","item":"https:\/\/www.pogotowieflagowe.pl\/aktualne\/"},{"@type":"ListItem","position":2,"name":"To jeszcze nie koniec procesu! Sakiewicz: \u201eMusimy stan\u0105\u0107 po stronie ofiar\u201d"}]},{"@type":"WebSite","@id":"https:\/\/www.pogotowieflagowe.pl\/aktualne\/#website","url":"https:\/\/www.pogotowieflagowe.pl\/aktualne\/","name":"POGOTOWIE FLAGOWE\u00ae","description":"","publisher":{"@id":"https:\/\/www.pogotowieflagowe.pl\/aktualne\/#organization"},"potentialAction":[{"@type":"SearchAction","target":{"@type":"EntryPoint","urlTemplate":"https:\/\/www.pogotowieflagowe.pl\/aktualne\/?s={search_term_string}"},"query-input":"required name=search_term_string"}],"inLanguage":"pl-PL"},{"@type":"Organization","@id":"https:\/\/www.pogotowieflagowe.pl\/aktualne\/#organization","name":"POGOTOWIE FLAGOWE\u00ae","url":"https:\/\/www.pogotowieflagowe.pl\/aktualne\/","logo":{"@type":"ImageObject","inLanguage":"pl-PL","@id":"https:\/\/www.pogotowieflagowe.pl\/aktualne\/#\/schema\/logo\/image\/","url":"https:\/\/www.pogotowieflagowe.pl\/aktualne\/wp-content\/uploads\/2024\/08\/cropped-pogotowieflagowe_flaga_projekt_sm.jpg","contentUrl":"https:\/\/www.pogotowieflagowe.pl\/aktualne\/wp-content\/uploads\/2024\/08\/cropped-pogotowieflagowe_flaga_projekt_sm.jpg","width":250,"height":143,"caption":"POGOTOWIE FLAGOWE\u00ae"},"image":{"@id":"https:\/\/www.pogotowieflagowe.pl\/aktualne\/#\/schema\/logo\/image\/"}},{"@type":"Person","@id":"https:\/\/www.pogotowieflagowe.pl\/aktualne\/#\/schema\/person\/9c2fb7d2362ebf6fa088960d7f0d27b0","name":"Filip","image":{"@type":"ImageObject","inLanguage":"pl-PL","@id":"https:\/\/www.pogotowieflagowe.pl\/aktualne\/#\/schema\/person\/image\/","url":"https:\/\/www.pogotowieflagowe.pl\/aktualne\/wp-content\/uploads\/2024\/08\/pogotowieflagowe.pl_.jpg","contentUrl":"https:\/\/www.pogotowieflagowe.pl\/aktualne\/wp-content\/uploads\/2024\/08\/pogotowieflagowe.pl_.jpg","caption":"Filip"},"description":"Jestem Filip, polski dziennikarz z dyplomem nauk politycznych Uniwersytetu Warszawskiego. Rozpoczynaj\u0105c swoj\u0105 karier\u0119 w r\u00f3\u017cnych lokalnych mediach, zdoby\u0142em solidne do\u015bwiadczenie w zakresie \u015bledztwa i redakcji. Obecnie jako redaktor w Pogotowie flagowe, staram si\u0119 dostarcza\u0107 dog\u0142\u0119bne i istotne analizy na temat najwa\u017cniejszych kwestii aktualno\u015bci, \u0142\u0105cz\u0105c rygor z pasj\u0105 dziennikarsk\u0105.","sameAs":["https:\/\/www.pogotowieflagowe.pl\/"]}]}},"_links":{"self":[{"href":"https:\/\/www.pogotowieflagowe.pl\/aktualne\/wp-json\/wp\/v2\/posts\/9687","targetHints":{"allow":["GET"]}}],"collection":[{"href":"https:\/\/www.pogotowieflagowe.pl\/aktualne\/wp-json\/wp\/v2\/posts"}],"about":[{"href":"https:\/\/www.pogotowieflagowe.pl\/aktualne\/wp-json\/wp\/v2\/types\/post"}],"author":[{"embeddable":true,"href":"https:\/\/www.pogotowieflagowe.pl\/aktualne\/wp-json\/wp\/v2\/users\/1"}],"replies":[{"embeddable":true,"href":"https:\/\/www.pogotowieflagowe.pl\/aktualne\/wp-json\/wp\/v2\/comments?post=9687"}],"version-history":[{"count":1,"href":"https:\/\/www.pogotowieflagowe.pl\/aktualne\/wp-json\/wp\/v2\/posts\/9687\/revisions"}],"predecessor-version":[{"id":9689,"href":"https:\/\/www.pogotowieflagowe.pl\/aktualne\/wp-json\/wp\/v2\/posts\/9687\/revisions\/9689"}],"wp:featuredmedia":[{"embeddable":true,"href":"https:\/\/www.pogotowieflagowe.pl\/aktualne\/wp-json\/wp\/v2\/media\/9688"}],"wp:attachment":[{"href":"https:\/\/www.pogotowieflagowe.pl\/aktualne\/wp-json\/wp\/v2\/media?parent=9687"}],"wp:term":[{"taxonomy":"category","embeddable":true,"href":"https:\/\/www.pogotowieflagowe.pl\/aktualne\/wp-json\/wp\/v2\/categories?post=9687"},{"taxonomy":"post_tag","embeddable":true,"href":"https:\/\/www.pogotowieflagowe.pl\/aktualne\/wp-json\/wp\/v2\/tags?post=9687"}],"curies":[{"name":"wp","href":"https:\/\/api.w.org\/{rel}","templated":true}]}}