{"id":9738,"date":"2025-10-23T21:56:27","date_gmt":"2025-10-23T19:56:27","guid":{"rendered":"https:\/\/www.pogotowieflagowe.pl\/aktualne\/bbn-odpowiada-na-falszywy-atak-strozyka-to-dyskredytuje-go-jako-osobe\/"},"modified":"2025-10-23T21:56:28","modified_gmt":"2025-10-23T19:56:28","slug":"bbn-odpowiada-na-falszywy-atak-strozyka-to-dyskredytuje-go-jako-osobe","status":"publish","type":"post","link":"https:\/\/www.pogotowieflagowe.pl\/aktualne\/bbn-odpowiada-na-falszywy-atak-strozyka-to-dyskredytuje-go-jako-osobe\/","title":{"rendered":"BBN odpowiada na fa\u0142szywy atak Str\u00f3\u017cyka: \u201eTo dyskredytuje go jako osob\u0119\u201d"},"content":{"rendered":"\n<div class=\"td_block_wrap tdb_single_content tdi_41 td-pb-border-top td_block_template_8 td-post-content tagdiv-type\" data-td-block-uid=\"tdi_41\">\n<style>.tdi_41{margines-top:0px!important;margin-bottom:0px!important;dope\u0142nienie-g\u00f3ra:0px!important;dope\u0142nienie-d\u00f3\u0142:0px!important}<\/style>\n<style>.tdb_single_content{margin-bottom:0;*zoom:1}.tdb_single_content:before,.tdb_single_content:after{display:table;content:'';line-height:0}.tdb_single_content:after{clear:both}.tdb_single_content .tdb-block-inner>*:not(.wp-block-quote):not(.alignwide):not(.alignfull.wp-block-cover.has-parallax):not(.td-a-ad){margin-left:auto;margin-right:auto}.tdb_single_content a{pointer-events:auto}.tdb_single_content .td-spot-id-top_ad .tdc-placeholder-title:before{content:'Article Top Ad'!important}.tdb_single_content .td-spot-id-inline_ad0 .tdc-placeholder-title:before{content:'Article Reklama wbudowana 1'!important}.tdb_single_content .td-spot-id-inline_ad1 .tdc-placeholder-title:before{content:'Artyku\u0142owa reklama wbudowana 2'!important}.tdb_single_content .td-spot-id-inline_ad2 .tdc-placeholder-title:before{content:'Reklama w tek\u015bcie artyku\u0142u 3'!important}.tdb_single_content .td-spot-id-bottom_ad .tdc-placeholder-title:before{content:'Article Bottom Ad'!important}.tdb_single_content .id_top_ad,.tdb_single_content .id_bottom_ad{clear:both;margin-bottom:21px;text-align:center}.tdb_single_content .id_top_ad img,.tdb_single_content .id_bottom_ad img{margin-bottom:0}.tdb_single_content .id_top_ad .adsbygoogle,.tdb_single_content .id_bottom_ad .adsbygoogle{position:relative}.tdb_single_content .id_ad_content-horiz-left,.tdb_single_content .id_ad_content-horiz-right,.tdb_single_content .id_ad_content-horiz-center{margin-bottom:15px}.tdb_single_content .id_ad_content-horiz-left img,.tdb_single_content .id_ad_content-horiz-right img,.tdb_single_content .id_ad_content-horiz-center img{margin-bottom:0}.tdb_single_content .id_ad_content-horiz-center{text-align:center}.tdb_single_content .id_ad_content-horiz-center img{margin-right:auto;margin-left:auto}.tdb_single_content .id_ad_content-horiz-left{float:left;margin-top:9px;margin-right:21px}.tdb_single_content .id_ad_content-horiz-right{float:right;margin-top:6px;margin-left:21px}.tdb_single_content .tdc-a-ad .tdc-placeholder-title{width:300px;height:250px}.tdb_single_content .tdc-a-ad .tdc-placeholder-title:before{position:absolute;top:50%;-webkit-transform:translateY(-50%);transform:translateY(-50%);margin:auto;display:table;width:100%}.tdb_single_content .tdb-block-inner.td-fix-index{word-break:break-word}.tdi_41,.tdi_41>p,.tdi_41 .tdb-block-inner>p,.wp-block-column>p{font-size:16px!important;line-height:1.6!important}.tdi_41 .tdb-block-inner cytat blokowy p{font-style:normal!important}@media (max-width:767px){.tdb_single_content .id_ad_content-horiz-left,.tdb_single_content .id_ad_content-horiz-right,.tdb_single_content .id_ad_content-horiz-center{margin:0 auto 26 pikseli auto}}@media (max-width:767px){.tdb_single_content .id_ad_content-horiz-left{margin-right:0}}@media (max-width:767px){.tdb_single_content .id_ad_content-horiz-right{margin-left:0}}@media (max-width:767px){.tdb_single_content .td-a-ad{float:none;text-align:center}.tdb_single_content .td-a-ad img{margin-right:auto;margin-left:auto}.tdb_single_content .tdc-a-ad{float:none}}<\/style>\n<div class=\"tdb-block-inner td-fix-index\">\n<p>The <em>Biuro Bezpiecze\u0144stwa Narodowego<\/em> (BBN) wyda\u0142a o\u015bwiadczenie w sprawie ataku Jaros\u0142awa Str\u00f3\u017cyka na prof. S\u0142awomira Cenckiewicza, wskazuj\u0105c, \u017ce jego uwagi s\u0105 \u201eniestosowne i fa\u0142szywe\u201d oraz \u017ce dyskredytuj\u0105 go jako osob\u0119. Biuro podkre\u015bli\u0142o tak\u017ce, \u017ce \u201esprawa dotycz\u0105ca pr\u00f3by odebrania po\u015bwiadczenia bezpiecze\u0144stwa prof. Cenckiewiczowi ma charakter czysto polityczny\u201d.<\/p>\n<h2 class=\"wp-block-heading\">Atak Str\u00f3\u017cyka na prof. Cenckiewicza<\/h2>\n<p>W \u015brodowym wywiadzie dla TVN24 szef <em>S\u0142u\u017cba Kontrwywiadu Wojskowego<\/em> (SKW), Jaros\u0142aw Str\u00f3\u017cyk, fa\u0142szywie twierdzi\u0142, \u017ce szef <em>Biuro Bezpiecze\u0144stwa Narodowego<\/em>S\u0142awomir Cenckiewicz, nie ma obecnie dost\u0119pu do informacji niejawnych. Co istotne, gen. Str\u00f3\u017cyk wzi\u0105\u0142 na siebie pe\u0142n\u0105 odpowiedzialno\u015b\u0107 za operacj\u0119 przeciwko historykowi, podkre\u015blaj\u0105c, \u017ce dokumenty w sprawie zosta\u0142y podpisane \u201ew jego imieniu, za jego pe\u0142n\u0105 wiedz\u0105 i zgod\u0105\u201d. Odm\u00f3wi\u0142 jednak podania szczeg\u00f3\u0142\u00f3w post\u0119powania, powo\u0142uj\u0105c si\u0119 na poufno\u015b\u0107 i potencjaln\u0105 odpowiedzialno\u015b\u0107 karn\u0105.<\/p>\n<h2 class=\"wp-block-heading\">The <em>Biuro Bezpiecze\u0144stwa Narodowego<\/em> opublikowa\u0142 obszerne o\u015bwiadczenie w sprawie uwag Str\u00f3\u017cyka<\/h2>\n<figure class=\"wp-block-pullquote\">\n<blockquote>\n<p><strong>&#8222;Szef SKW wprowadzi\u0142 opini\u0119 publiczn\u0105 w b\u0142\u0105d, twierdz\u0105c, \u017ce szef BBN nie posiada po\u015bwiadczenia bezpiecze\u0144stwa. Prawda jest odwrotna do tego, co twierdzi lub uwa\u017ca gen. J. Str\u00f3\u017cyk. Wyrokiem z 17 czerwca 2025 r. Wojew\u00f3dzki S\u0105d Administracyjny przywr\u00f3ci\u0142 prof. S. Cenckiewiczowi po\u015bwiadczenie bezpiecze\u0144stwa osobowego, kt\u00f3re SKW 31 lipca 2024 r. w wyniku kontroli przywr\u00f3ci\u0142o&#8221;<\/strong> stwierdzi\u0142 BBN.<\/p>\n<\/blockquote>\n<\/figure>\n<p>Przypomniano, \u017ce orzeczenie to wynika bezpo\u015brednio z art. 152 \u00a7 1 ustawy z dnia 30 sierpnia 2002 r. \u2013 Prawo o post\u0119powaniu przed s\u0105dami administracyjnymi, kt\u00f3ry stanowi, \u017ce <strong>\u201eW razie uwzgl\u0119dnienia odwo\u0142ania akt lub \u015brodek administracyjny (np. decyzja SKW o cofni\u0119ciu zezwolenia prof. S. Cenckiewicza) nie wywo\u0142uje skutk\u00f3w prawnych do czasu uprawomocnienia si\u0119 wyroku, chyba \u017ce s\u0105d postanowi inaczej.\u201d<\/strong><\/p>\n<figure class=\"wp-block-pullquote\">\n<blockquote>\n<p><strong>\u201ePomijaj\u0105c wszystkie powszechnie znane fakty w tej sprawie, nale\u017cy tak\u017ce zauwa\u017cy\u0107, \u017ce Kontrwywiad Wojskowy nie zwraca\u0142 si\u0119 do s\u0105du o wy\u0142\u0105czenie stosowania tego przepisu, chocia\u017c mia\u0142 do tego prawo\u201d \u2013 doda\u0142.<\/strong> \u2013 przypomnia\u0142o Biuro.<\/p>\n<\/blockquote>\n<\/figure>\n<p>W o\u015bwiadczeniu nawi\u0105zano nast\u0119pnie do s\u0142\u00f3w Str\u00f3\u017cyka:<\/p>\n<figure class=\"wp-block-pullquote\">\n<blockquote>\n<p><strong>\u201eJe\u015bli kto\u015b ma trudno\u015bci, powiedzia\u0142bym, z logiczn\u0105 interpretacj\u0105 ulotek medycznych, to moim zdaniem nie powinien mie\u0107 dost\u0119pu do dokument\u00f3w \u015bci\u015ble tajnych, tajnych, poufnych \u2013 bo o takich tajno\u015bciach m\u00f3wimy \u2013 aby m\u00f3g\u0142 wtedy w\u0142a\u015bciwie zrozumie\u0107 wszystkie dokumenty, w tym na przyk\u0142ad plan obronny Polski\u201d.<\/strong><\/p>\n<\/blockquote>\n<\/figure>\n<figure class=\"wp-block-pullquote\">\n<blockquote>\n<p><strong>\u201eOdbieramy to jako zawoalowan\u0105 insynuacj\u0119 sugeruj\u0105c\u0105, \u017ce prof. S. Cenckiewicz wype\u0142niaj\u0105c w 2021 r. ankiet\u0119 bezpiecze\u0144stwa osobistego w ramach procesu uzyskania zgody, sk\u0142ama\u0142 na temat leku, kt\u00f3ry w\u00f3wczas za\u017cywa\u0142 na kr\u00f3tko, twierdz\u0105c, \u017ce nie jest to lek psychotropowy, a to rzekome k\u0142amstwo wynika\u0142o z niezrozumienia ulotki tego leku\u201d<\/strong> oceni\u0142 BBN.<\/p>\n<\/blockquote>\n<\/figure>\n<figure class=\"wp-block-pullquote\">\n<blockquote>\n<p>To te\u017c doda\u0142o <strong>\u201ePoza niestosowno\u015bci\u0105 i fa\u0142szywo\u015bci\u0105 tego stwierdzenia, kt\u00f3re dyskredytuje osob\u0119 gen. J. Str\u00f3\u017cyka, nale\u017cy podkre\u015bli\u0107, \u017ce ani szef SKW, ani <em>S\u0142u\u017cba Kontrwywiadu Wojskowego<\/em> sama ma w\u0142adz\u0119 lub kompetencje do okre\u015blenia zdolno\u015bci poznawczych os\u00f3b poddawanych procedurze lustracyjnej.\u201d<\/strong><\/p>\n<\/blockquote>\n<\/figure>\n<figure class=\"wp-block-pullquote\">\n<blockquote>\n<p><strong>\u201ePonadto przedmiotowy lek nie jest \u015brodkiem psychotropowym, cho\u0107 w trakcie post\u0119powania kontrolnego prowadzonego przeciwko prof. S. Cenckiewiczowi SKW arbitralnie go tak zakwalifikowa\u0142\u201d \u2013 doda\u0142.<\/strong> o\u015bwiadczenie by\u0142o kontynuowane.<\/p>\n<\/blockquote>\n<\/figure>\n<p>Biuro to doda\u0142o <strong>\u201etermin \u00abgwarancja zachowania tajemnicy pa\u0144stwowej\u00bb jest terminem ustawowym.\u201d<\/strong><\/p>\n<figure class=\"wp-block-pullquote\">\n<blockquote>\n<p><strong>\u201eGdyby kierowa\u0107 si\u0119 logik\u0105 wypowiedzi szefa SKW, \u017ce osoba udost\u0119pniaj\u0105ca prof. S. Cenckiewiczowi informacje niejawne \u201epope\u0142nia przest\u0119pstwo\u201d, oznacza\u0142oby to, \u017ce cz\u0142onkowie SKW <em>Rada Bezpiecze\u0144stwa Narodowego<\/em> kt\u00f3ry przekaza\u0142 tak\u0105 informacj\u0119 szefowi BBN podczas posiedzenia Rady w dniu 11 wrze\u015bnia 2025 r., r\u00f3wnie\u017c dopu\u015bci\u0142 si\u0119 przest\u0119pstwa. Z wypowiedzi gen. J. Str\u00f3\u017cyka jasno wynika, \u017ce \u200b\u200bpr\u00f3ba odebrania po\u015bwiadczenia bezpiecze\u0144stwa prof. S. Cenckiewicza ma charakter czysto polityczny\u201d<\/strong> \u2013 podsumowa\u0142 BBN.<\/p>\n<\/blockquote>\n<\/figure>\n<figure class=\"wp-block-embed is-type-rich is-provider-twitter wp-block-embed-twitter\">\n<div class=\"wp-block-embed__wrapper\">\n<blockquote class=\"twitter-tweet\" data-width=\"550\" data-dnt=\"true\">\n<p lang=\"pl\" dir=\"ltr\">W reakcji na wczorajsze s\u0142owa Szefa SKW gen. Jaros\u0142awa Str\u00f3\u017cyka, skierowana wobec Szefa BBN prof. S\u0142awomira <a rel=\"nofollow\" href=\"https:\/\/twitter.com\/Cenckiewicz?ref_src=twsrc%5Etfw\">@Cenckiewicz<\/a> w programie Fakty po Faktach na antenie TVN24, u\u017cywamy, \u017ce:<\/p>\n<p>1. Szef SKW ucieka w b\u0142\u0105d, m\u00f3wi\u0105c, \u017ce Szef BBN nie ma po\u015bwiadcze\u0144\u2026 <a rel=\"nofollow\" href=\"https:\/\/t.co\/cKiyA4IWRs\">pic.twitter.com\/cKiyA4IWRs<\/a><\/p>\n<p>\u2014 BBN (@BBN_PL) <a rel=\"nofollow\" href=\"https:\/\/twitter.com\/BBN_PL\/status\/1981276729189474500?ref_src=twsrc%5Etfw\">23 pa\u017adziernika 2025 r<\/a><\/p><\/blockquote>\n<\/div>\n<\/figure>\n<\/div>\n<\/div>\n<p><script async src=\"https:\/\/platform.twitter.com\/widgets.js\" charset=\"utf-8\"><\/script><\/p>\n","protected":false},"excerpt":{"rendered":"<p>The Biuro Bezpiecze\u0144stwa Narodowego (BBN) wyda\u0142a o\u015bwiadczenie w sprawie ataku Jaros\u0142awa Str\u00f3\u017cyka na prof. S\u0142awomira Cenckiewicza, wskazuj\u0105c, \u017ce jego uwagi<\/p>\n","protected":false},"author":1,"featured_media":9739,"comment_status":"open","ping_status":"open","sticky":false,"template":"","format":"standard","meta":{"footnotes":""},"categories":[4748],"tags":[4192,9708,11239,11238,3285,3105,11240,4535],"class_list":["post-9738","post","type-post","status-publish","format-standard","has-post-thumbnail","hentry","category-aktualne","tag-atak","tag-bbn","tag-dyskredytuje","tag-falszywy","tag-jako","tag-odpowiada","tag-osobe","tag-strozyka","generate-columns","tablet-grid-50","mobile-grid-100","grid-parent","grid-50","resize-featured-image"],"yoast_head":"<!-- This site is optimized with the Yoast SEO plugin v23.2 - https:\/\/yoast.com\/wordpress\/plugins\/seo\/ -->\n<title>BBN odpowiada na fa\u0142szywy atak Str\u00f3\u017cyka: \u201eTo dyskredytuje go jako osob\u0119\u201d - POGOTOWIE FLAGOWE\u00ae<\/title>\n<meta name=\"robots\" content=\"index, follow, max-snippet:-1, max-image-preview:large, max-video-preview:-1\" \/>\n<link rel=\"canonical\" href=\"https:\/\/www.pogotowieflagowe.pl\/aktualne\/bbn-odpowiada-na-falszywy-atak-strozyka-to-dyskredytuje-go-jako-osobe\/\" \/>\n<meta property=\"og:locale\" content=\"pl_PL\" \/>\n<meta property=\"og:type\" content=\"article\" \/>\n<meta property=\"og:title\" content=\"BBN odpowiada na fa\u0142szywy atak Str\u00f3\u017cyka: \u201eTo dyskredytuje go jako osob\u0119\u201d - POGOTOWIE FLAGOWE\u00ae\" \/>\n<meta property=\"og:description\" content=\"The Biuro Bezpiecze\u0144stwa Narodowego (BBN) wyda\u0142a o\u015bwiadczenie w sprawie ataku Jaros\u0142awa Str\u00f3\u017cyka na prof. S\u0142awomira Cenckiewicza, wskazuj\u0105c, \u017ce jego uwagi\" \/>\n<meta property=\"og:url\" content=\"https:\/\/www.pogotowieflagowe.pl\/aktualne\/bbn-odpowiada-na-falszywy-atak-strozyka-to-dyskredytuje-go-jako-osobe\/\" \/>\n<meta property=\"og:site_name\" content=\"POGOTOWIE FLAGOWE\u00ae\" \/>\n<meta property=\"article:published_time\" content=\"2025-10-23T19:56:27+00:00\" \/>\n<meta property=\"article:modified_time\" content=\"2025-10-23T19:56:28+00:00\" \/>\n<meta property=\"og:image\" content=\"https:\/\/www.pogotowieflagowe.pl\/aktualne\/wp-content\/uploads\/2025\/10\/BBN-odpowiada-na-falszywy-atak-Strozyka-\u201eTo-dyskredytuje-go-jako.webp.webp\" \/>\n\t<meta property=\"og:image:width\" content=\"1280\" \/>\n\t<meta property=\"og:image:height\" content=\"720\" \/>\n\t<meta property=\"og:image:type\" content=\"image\/webp\" \/>\n<meta name=\"author\" content=\"Filip\" \/>\n<meta name=\"twitter:card\" content=\"summary_large_image\" \/>\n<meta name=\"twitter:label1\" content=\"Napisane przez\" \/>\n\t<meta name=\"twitter:data1\" content=\"Filip\" \/>\n\t<meta name=\"twitter:label2\" content=\"Szacowany czas czytania\" \/>\n\t<meta name=\"twitter:data2\" content=\"3 minuty\" \/>\n<script type=\"application\/ld+json\" class=\"yoast-schema-graph\">{\"@context\":\"https:\/\/schema.org\",\"@graph\":[{\"@type\":\"Article\",\"@id\":\"https:\/\/www.pogotowieflagowe.pl\/aktualne\/bbn-odpowiada-na-falszywy-atak-strozyka-to-dyskredytuje-go-jako-osobe\/#article\",\"isPartOf\":{\"@id\":\"https:\/\/www.pogotowieflagowe.pl\/aktualne\/bbn-odpowiada-na-falszywy-atak-strozyka-to-dyskredytuje-go-jako-osobe\/\"},\"author\":{\"name\":\"Filip\",\"@id\":\"https:\/\/www.pogotowieflagowe.pl\/aktualne\/#\/schema\/person\/9c2fb7d2362ebf6fa088960d7f0d27b0\"},\"headline\":\"BBN odpowiada na fa\u0142szywy atak Str\u00f3\u017cyka: \u201eTo dyskredytuje go jako osob\u0119\u201d\",\"datePublished\":\"2025-10-23T19:56:27+00:00\",\"dateModified\":\"2025-10-23T19:56:28+00:00\",\"mainEntityOfPage\":{\"@id\":\"https:\/\/www.pogotowieflagowe.pl\/aktualne\/bbn-odpowiada-na-falszywy-atak-strozyka-to-dyskredytuje-go-jako-osobe\/\"},\"wordCount\":708,\"commentCount\":0,\"publisher\":{\"@id\":\"https:\/\/www.pogotowieflagowe.pl\/aktualne\/#organization\"},\"image\":{\"@id\":\"https:\/\/www.pogotowieflagowe.pl\/aktualne\/bbn-odpowiada-na-falszywy-atak-strozyka-to-dyskredytuje-go-jako-osobe\/#primaryimage\"},\"thumbnailUrl\":\"https:\/\/www.pogotowieflagowe.pl\/aktualne\/wp-content\/uploads\/2025\/10\/BBN-odpowiada-na-falszywy-atak-Strozyka-\u201eTo-dyskredytuje-go-jako.webp.webp\",\"keywords\":[\"Atak\",\"BBN\",\"dyskredytuje\",\"fa\u0142szywy\",\"jako\",\"odpowiada\",\"osob\u0119\",\"Str\u00f3\u017cyka\"],\"articleSection\":[\"Aktualne\"],\"inLanguage\":\"pl-PL\",\"potentialAction\":[{\"@type\":\"CommentAction\",\"name\":\"Comment\",\"target\":[\"https:\/\/www.pogotowieflagowe.pl\/aktualne\/bbn-odpowiada-na-falszywy-atak-strozyka-to-dyskredytuje-go-jako-osobe\/#respond\"]}]},{\"@type\":\"WebPage\",\"@id\":\"https:\/\/www.pogotowieflagowe.pl\/aktualne\/bbn-odpowiada-na-falszywy-atak-strozyka-to-dyskredytuje-go-jako-osobe\/\",\"url\":\"https:\/\/www.pogotowieflagowe.pl\/aktualne\/bbn-odpowiada-na-falszywy-atak-strozyka-to-dyskredytuje-go-jako-osobe\/\",\"name\":\"BBN odpowiada na fa\u0142szywy atak Str\u00f3\u017cyka: \u201eTo dyskredytuje go jako osob\u0119\u201d - POGOTOWIE FLAGOWE\u00ae\",\"isPartOf\":{\"@id\":\"https:\/\/www.pogotowieflagowe.pl\/aktualne\/#website\"},\"primaryImageOfPage\":{\"@id\":\"https:\/\/www.pogotowieflagowe.pl\/aktualne\/bbn-odpowiada-na-falszywy-atak-strozyka-to-dyskredytuje-go-jako-osobe\/#primaryimage\"},\"image\":{\"@id\":\"https:\/\/www.pogotowieflagowe.pl\/aktualne\/bbn-odpowiada-na-falszywy-atak-strozyka-to-dyskredytuje-go-jako-osobe\/#primaryimage\"},\"thumbnailUrl\":\"https:\/\/www.pogotowieflagowe.pl\/aktualne\/wp-content\/uploads\/2025\/10\/BBN-odpowiada-na-falszywy-atak-Strozyka-\u201eTo-dyskredytuje-go-jako.webp.webp\",\"datePublished\":\"2025-10-23T19:56:27+00:00\",\"dateModified\":\"2025-10-23T19:56:28+00:00\",\"breadcrumb\":{\"@id\":\"https:\/\/www.pogotowieflagowe.pl\/aktualne\/bbn-odpowiada-na-falszywy-atak-strozyka-to-dyskredytuje-go-jako-osobe\/#breadcrumb\"},\"inLanguage\":\"pl-PL\",\"potentialAction\":[{\"@type\":\"ReadAction\",\"target\":[\"https:\/\/www.pogotowieflagowe.pl\/aktualne\/bbn-odpowiada-na-falszywy-atak-strozyka-to-dyskredytuje-go-jako-osobe\/\"]}]},{\"@type\":\"ImageObject\",\"inLanguage\":\"pl-PL\",\"@id\":\"https:\/\/www.pogotowieflagowe.pl\/aktualne\/bbn-odpowiada-na-falszywy-atak-strozyka-to-dyskredytuje-go-jako-osobe\/#primaryimage\",\"url\":\"https:\/\/www.pogotowieflagowe.pl\/aktualne\/wp-content\/uploads\/2025\/10\/BBN-odpowiada-na-falszywy-atak-Strozyka-\u201eTo-dyskredytuje-go-jako.webp.webp\",\"contentUrl\":\"https:\/\/www.pogotowieflagowe.pl\/aktualne\/wp-content\/uploads\/2025\/10\/BBN-odpowiada-na-falszywy-atak-Strozyka-\u201eTo-dyskredytuje-go-jako.webp.webp\",\"width\":1280,\"height\":720,\"caption\":\"BBN odpowiada na fa\u0142szywy atak Str\u00f3\u017cyka: \u201eTo dyskredytuje go jako osob\u0119\u201d\"},{\"@type\":\"BreadcrumbList\",\"@id\":\"https:\/\/www.pogotowieflagowe.pl\/aktualne\/bbn-odpowiada-na-falszywy-atak-strozyka-to-dyskredytuje-go-jako-osobe\/#breadcrumb\",\"itemListElement\":[{\"@type\":\"ListItem\",\"position\":1,\"name\":\"Home\",\"item\":\"https:\/\/www.pogotowieflagowe.pl\/aktualne\/\"},{\"@type\":\"ListItem\",\"position\":2,\"name\":\"BBN odpowiada na fa\u0142szywy atak Str\u00f3\u017cyka: \u201eTo dyskredytuje go jako osob\u0119\u201d\"}]},{\"@type\":\"WebSite\",\"@id\":\"https:\/\/www.pogotowieflagowe.pl\/aktualne\/#website\",\"url\":\"https:\/\/www.pogotowieflagowe.pl\/aktualne\/\",\"name\":\"POGOTOWIE FLAGOWE\u00ae\",\"description\":\"\",\"publisher\":{\"@id\":\"https:\/\/www.pogotowieflagowe.pl\/aktualne\/#organization\"},\"potentialAction\":[{\"@type\":\"SearchAction\",\"target\":{\"@type\":\"EntryPoint\",\"urlTemplate\":\"https:\/\/www.pogotowieflagowe.pl\/aktualne\/?s={search_term_string}\"},\"query-input\":\"required name=search_term_string\"}],\"inLanguage\":\"pl-PL\"},{\"@type\":\"Organization\",\"@id\":\"https:\/\/www.pogotowieflagowe.pl\/aktualne\/#organization\",\"name\":\"POGOTOWIE FLAGOWE\u00ae\",\"url\":\"https:\/\/www.pogotowieflagowe.pl\/aktualne\/\",\"logo\":{\"@type\":\"ImageObject\",\"inLanguage\":\"pl-PL\",\"@id\":\"https:\/\/www.pogotowieflagowe.pl\/aktualne\/#\/schema\/logo\/image\/\",\"url\":\"https:\/\/www.pogotowieflagowe.pl\/aktualne\/wp-content\/uploads\/2024\/08\/cropped-pogotowieflagowe_flaga_projekt_sm.jpg\",\"contentUrl\":\"https:\/\/www.pogotowieflagowe.pl\/aktualne\/wp-content\/uploads\/2024\/08\/cropped-pogotowieflagowe_flaga_projekt_sm.jpg\",\"width\":250,\"height\":143,\"caption\":\"POGOTOWIE FLAGOWE\u00ae\"},\"image\":{\"@id\":\"https:\/\/www.pogotowieflagowe.pl\/aktualne\/#\/schema\/logo\/image\/\"}},{\"@type\":\"Person\",\"@id\":\"https:\/\/www.pogotowieflagowe.pl\/aktualne\/#\/schema\/person\/9c2fb7d2362ebf6fa088960d7f0d27b0\",\"name\":\"Filip\",\"image\":{\"@type\":\"ImageObject\",\"inLanguage\":\"pl-PL\",\"@id\":\"https:\/\/www.pogotowieflagowe.pl\/aktualne\/#\/schema\/person\/image\/\",\"url\":\"https:\/\/www.pogotowieflagowe.pl\/aktualne\/wp-content\/uploads\/2024\/08\/pogotowieflagowe.pl_.jpg\",\"contentUrl\":\"https:\/\/www.pogotowieflagowe.pl\/aktualne\/wp-content\/uploads\/2024\/08\/pogotowieflagowe.pl_.jpg\",\"caption\":\"Filip\"},\"description\":\"Jestem Filip, polski dziennikarz z dyplomem nauk politycznych Uniwersytetu Warszawskiego. Rozpoczynaj\u0105c swoj\u0105 karier\u0119 w r\u00f3\u017cnych lokalnych mediach, zdoby\u0142em solidne do\u015bwiadczenie w zakresie \u015bledztwa i redakcji. Obecnie jako redaktor w Pogotowie flagowe, staram si\u0119 dostarcza\u0107 dog\u0142\u0119bne i istotne analizy na temat najwa\u017cniejszych kwestii aktualno\u015bci, \u0142\u0105cz\u0105c rygor z pasj\u0105 dziennikarsk\u0105.\",\"sameAs\":[\"https:\/\/www.pogotowieflagowe.pl\/\"]}]}<\/script>\n<!-- \/ Yoast SEO plugin. -->","yoast_head_json":{"title":"BBN odpowiada na fa\u0142szywy atak Str\u00f3\u017cyka: \u201eTo dyskredytuje go jako osob\u0119\u201d - POGOTOWIE FLAGOWE\u00ae","robots":{"index":"index","follow":"follow","max-snippet":"max-snippet:-1","max-image-preview":"max-image-preview:large","max-video-preview":"max-video-preview:-1"},"canonical":"https:\/\/www.pogotowieflagowe.pl\/aktualne\/bbn-odpowiada-na-falszywy-atak-strozyka-to-dyskredytuje-go-jako-osobe\/","og_locale":"pl_PL","og_type":"article","og_title":"BBN odpowiada na fa\u0142szywy atak Str\u00f3\u017cyka: \u201eTo dyskredytuje go jako osob\u0119\u201d - POGOTOWIE FLAGOWE\u00ae","og_description":"The Biuro Bezpiecze\u0144stwa Narodowego (BBN) wyda\u0142a o\u015bwiadczenie w sprawie ataku Jaros\u0142awa Str\u00f3\u017cyka na prof. S\u0142awomira Cenckiewicza, wskazuj\u0105c, \u017ce jego uwagi","og_url":"https:\/\/www.pogotowieflagowe.pl\/aktualne\/bbn-odpowiada-na-falszywy-atak-strozyka-to-dyskredytuje-go-jako-osobe\/","og_site_name":"POGOTOWIE FLAGOWE\u00ae","article_published_time":"2025-10-23T19:56:27+00:00","article_modified_time":"2025-10-23T19:56:28+00:00","og_image":[{"width":1280,"height":720,"url":"https:\/\/www.pogotowieflagowe.pl\/aktualne\/wp-content\/uploads\/2025\/10\/BBN-odpowiada-na-falszywy-atak-Strozyka-\u201eTo-dyskredytuje-go-jako.webp.webp","type":"image\/webp"}],"author":"Filip","twitter_card":"summary_large_image","twitter_misc":{"Napisane przez":"Filip","Szacowany czas czytania":"3 minuty"},"schema":{"@context":"https:\/\/schema.org","@graph":[{"@type":"Article","@id":"https:\/\/www.pogotowieflagowe.pl\/aktualne\/bbn-odpowiada-na-falszywy-atak-strozyka-to-dyskredytuje-go-jako-osobe\/#article","isPartOf":{"@id":"https:\/\/www.pogotowieflagowe.pl\/aktualne\/bbn-odpowiada-na-falszywy-atak-strozyka-to-dyskredytuje-go-jako-osobe\/"},"author":{"name":"Filip","@id":"https:\/\/www.pogotowieflagowe.pl\/aktualne\/#\/schema\/person\/9c2fb7d2362ebf6fa088960d7f0d27b0"},"headline":"BBN odpowiada na fa\u0142szywy atak Str\u00f3\u017cyka: \u201eTo dyskredytuje go jako osob\u0119\u201d","datePublished":"2025-10-23T19:56:27+00:00","dateModified":"2025-10-23T19:56:28+00:00","mainEntityOfPage":{"@id":"https:\/\/www.pogotowieflagowe.pl\/aktualne\/bbn-odpowiada-na-falszywy-atak-strozyka-to-dyskredytuje-go-jako-osobe\/"},"wordCount":708,"commentCount":0,"publisher":{"@id":"https:\/\/www.pogotowieflagowe.pl\/aktualne\/#organization"},"image":{"@id":"https:\/\/www.pogotowieflagowe.pl\/aktualne\/bbn-odpowiada-na-falszywy-atak-strozyka-to-dyskredytuje-go-jako-osobe\/#primaryimage"},"thumbnailUrl":"https:\/\/www.pogotowieflagowe.pl\/aktualne\/wp-content\/uploads\/2025\/10\/BBN-odpowiada-na-falszywy-atak-Strozyka-\u201eTo-dyskredytuje-go-jako.webp.webp","keywords":["Atak","BBN","dyskredytuje","fa\u0142szywy","jako","odpowiada","osob\u0119","Str\u00f3\u017cyka"],"articleSection":["Aktualne"],"inLanguage":"pl-PL","potentialAction":[{"@type":"CommentAction","name":"Comment","target":["https:\/\/www.pogotowieflagowe.pl\/aktualne\/bbn-odpowiada-na-falszywy-atak-strozyka-to-dyskredytuje-go-jako-osobe\/#respond"]}]},{"@type":"WebPage","@id":"https:\/\/www.pogotowieflagowe.pl\/aktualne\/bbn-odpowiada-na-falszywy-atak-strozyka-to-dyskredytuje-go-jako-osobe\/","url":"https:\/\/www.pogotowieflagowe.pl\/aktualne\/bbn-odpowiada-na-falszywy-atak-strozyka-to-dyskredytuje-go-jako-osobe\/","name":"BBN odpowiada na fa\u0142szywy atak Str\u00f3\u017cyka: \u201eTo dyskredytuje go jako osob\u0119\u201d - POGOTOWIE FLAGOWE\u00ae","isPartOf":{"@id":"https:\/\/www.pogotowieflagowe.pl\/aktualne\/#website"},"primaryImageOfPage":{"@id":"https:\/\/www.pogotowieflagowe.pl\/aktualne\/bbn-odpowiada-na-falszywy-atak-strozyka-to-dyskredytuje-go-jako-osobe\/#primaryimage"},"image":{"@id":"https:\/\/www.pogotowieflagowe.pl\/aktualne\/bbn-odpowiada-na-falszywy-atak-strozyka-to-dyskredytuje-go-jako-osobe\/#primaryimage"},"thumbnailUrl":"https:\/\/www.pogotowieflagowe.pl\/aktualne\/wp-content\/uploads\/2025\/10\/BBN-odpowiada-na-falszywy-atak-Strozyka-\u201eTo-dyskredytuje-go-jako.webp.webp","datePublished":"2025-10-23T19:56:27+00:00","dateModified":"2025-10-23T19:56:28+00:00","breadcrumb":{"@id":"https:\/\/www.pogotowieflagowe.pl\/aktualne\/bbn-odpowiada-na-falszywy-atak-strozyka-to-dyskredytuje-go-jako-osobe\/#breadcrumb"},"inLanguage":"pl-PL","potentialAction":[{"@type":"ReadAction","target":["https:\/\/www.pogotowieflagowe.pl\/aktualne\/bbn-odpowiada-na-falszywy-atak-strozyka-to-dyskredytuje-go-jako-osobe\/"]}]},{"@type":"ImageObject","inLanguage":"pl-PL","@id":"https:\/\/www.pogotowieflagowe.pl\/aktualne\/bbn-odpowiada-na-falszywy-atak-strozyka-to-dyskredytuje-go-jako-osobe\/#primaryimage","url":"https:\/\/www.pogotowieflagowe.pl\/aktualne\/wp-content\/uploads\/2025\/10\/BBN-odpowiada-na-falszywy-atak-Strozyka-\u201eTo-dyskredytuje-go-jako.webp.webp","contentUrl":"https:\/\/www.pogotowieflagowe.pl\/aktualne\/wp-content\/uploads\/2025\/10\/BBN-odpowiada-na-falszywy-atak-Strozyka-\u201eTo-dyskredytuje-go-jako.webp.webp","width":1280,"height":720,"caption":"BBN odpowiada na fa\u0142szywy atak Str\u00f3\u017cyka: \u201eTo dyskredytuje go jako osob\u0119\u201d"},{"@type":"BreadcrumbList","@id":"https:\/\/www.pogotowieflagowe.pl\/aktualne\/bbn-odpowiada-na-falszywy-atak-strozyka-to-dyskredytuje-go-jako-osobe\/#breadcrumb","itemListElement":[{"@type":"ListItem","position":1,"name":"Home","item":"https:\/\/www.pogotowieflagowe.pl\/aktualne\/"},{"@type":"ListItem","position":2,"name":"BBN odpowiada na fa\u0142szywy atak Str\u00f3\u017cyka: \u201eTo dyskredytuje go jako osob\u0119\u201d"}]},{"@type":"WebSite","@id":"https:\/\/www.pogotowieflagowe.pl\/aktualne\/#website","url":"https:\/\/www.pogotowieflagowe.pl\/aktualne\/","name":"POGOTOWIE FLAGOWE\u00ae","description":"","publisher":{"@id":"https:\/\/www.pogotowieflagowe.pl\/aktualne\/#organization"},"potentialAction":[{"@type":"SearchAction","target":{"@type":"EntryPoint","urlTemplate":"https:\/\/www.pogotowieflagowe.pl\/aktualne\/?s={search_term_string}"},"query-input":"required name=search_term_string"}],"inLanguage":"pl-PL"},{"@type":"Organization","@id":"https:\/\/www.pogotowieflagowe.pl\/aktualne\/#organization","name":"POGOTOWIE FLAGOWE\u00ae","url":"https:\/\/www.pogotowieflagowe.pl\/aktualne\/","logo":{"@type":"ImageObject","inLanguage":"pl-PL","@id":"https:\/\/www.pogotowieflagowe.pl\/aktualne\/#\/schema\/logo\/image\/","url":"https:\/\/www.pogotowieflagowe.pl\/aktualne\/wp-content\/uploads\/2024\/08\/cropped-pogotowieflagowe_flaga_projekt_sm.jpg","contentUrl":"https:\/\/www.pogotowieflagowe.pl\/aktualne\/wp-content\/uploads\/2024\/08\/cropped-pogotowieflagowe_flaga_projekt_sm.jpg","width":250,"height":143,"caption":"POGOTOWIE FLAGOWE\u00ae"},"image":{"@id":"https:\/\/www.pogotowieflagowe.pl\/aktualne\/#\/schema\/logo\/image\/"}},{"@type":"Person","@id":"https:\/\/www.pogotowieflagowe.pl\/aktualne\/#\/schema\/person\/9c2fb7d2362ebf6fa088960d7f0d27b0","name":"Filip","image":{"@type":"ImageObject","inLanguage":"pl-PL","@id":"https:\/\/www.pogotowieflagowe.pl\/aktualne\/#\/schema\/person\/image\/","url":"https:\/\/www.pogotowieflagowe.pl\/aktualne\/wp-content\/uploads\/2024\/08\/pogotowieflagowe.pl_.jpg","contentUrl":"https:\/\/www.pogotowieflagowe.pl\/aktualne\/wp-content\/uploads\/2024\/08\/pogotowieflagowe.pl_.jpg","caption":"Filip"},"description":"Jestem Filip, polski dziennikarz z dyplomem nauk politycznych Uniwersytetu Warszawskiego. Rozpoczynaj\u0105c swoj\u0105 karier\u0119 w r\u00f3\u017cnych lokalnych mediach, zdoby\u0142em solidne do\u015bwiadczenie w zakresie \u015bledztwa i redakcji. Obecnie jako redaktor w Pogotowie flagowe, staram si\u0119 dostarcza\u0107 dog\u0142\u0119bne i istotne analizy na temat najwa\u017cniejszych kwestii aktualno\u015bci, \u0142\u0105cz\u0105c rygor z pasj\u0105 dziennikarsk\u0105.","sameAs":["https:\/\/www.pogotowieflagowe.pl\/"]}]}},"_links":{"self":[{"href":"https:\/\/www.pogotowieflagowe.pl\/aktualne\/wp-json\/wp\/v2\/posts\/9738","targetHints":{"allow":["GET"]}}],"collection":[{"href":"https:\/\/www.pogotowieflagowe.pl\/aktualne\/wp-json\/wp\/v2\/posts"}],"about":[{"href":"https:\/\/www.pogotowieflagowe.pl\/aktualne\/wp-json\/wp\/v2\/types\/post"}],"author":[{"embeddable":true,"href":"https:\/\/www.pogotowieflagowe.pl\/aktualne\/wp-json\/wp\/v2\/users\/1"}],"replies":[{"embeddable":true,"href":"https:\/\/www.pogotowieflagowe.pl\/aktualne\/wp-json\/wp\/v2\/comments?post=9738"}],"version-history":[{"count":1,"href":"https:\/\/www.pogotowieflagowe.pl\/aktualne\/wp-json\/wp\/v2\/posts\/9738\/revisions"}],"predecessor-version":[{"id":9740,"href":"https:\/\/www.pogotowieflagowe.pl\/aktualne\/wp-json\/wp\/v2\/posts\/9738\/revisions\/9740"}],"wp:featuredmedia":[{"embeddable":true,"href":"https:\/\/www.pogotowieflagowe.pl\/aktualne\/wp-json\/wp\/v2\/media\/9739"}],"wp:attachment":[{"href":"https:\/\/www.pogotowieflagowe.pl\/aktualne\/wp-json\/wp\/v2\/media?parent=9738"}],"wp:term":[{"taxonomy":"category","embeddable":true,"href":"https:\/\/www.pogotowieflagowe.pl\/aktualne\/wp-json\/wp\/v2\/categories?post=9738"},{"taxonomy":"post_tag","embeddable":true,"href":"https:\/\/www.pogotowieflagowe.pl\/aktualne\/wp-json\/wp\/v2\/tags?post=9738"}],"curies":[{"name":"wp","href":"https:\/\/api.w.org\/{rel}","templated":true}]}}