{"id":9747,"date":"2025-10-23T23:00:49","date_gmt":"2025-10-23T21:00:49","guid":{"rendered":"https:\/\/www.pogotowieflagowe.pl\/aktualne\/flaga-ku-czci-wolynia-zablokowana-kibice-legii-niewyobrazalny-skandal\/"},"modified":"2025-10-23T23:00:49","modified_gmt":"2025-10-23T21:00:49","slug":"flaga-ku-czci-wolynia-zablokowana-kibice-legii-niewyobrazalny-skandal","status":"publish","type":"post","link":"https:\/\/www.pogotowieflagowe.pl\/aktualne\/flaga-ku-czci-wolynia-zablokowana-kibice-legii-niewyobrazalny-skandal\/","title":{"rendered":"Flaga Ku czci Wo\u0142ynia zablokowana. Kibice Legii: \u201eNiewyobra\u017calny skandal!\u201d"},"content":{"rendered":"\n<div class=\"td_block_wrap tdb_single_content tdi_41 td-pb-border-top td_block_template_8 td-post-content tagdiv-type\" data-td-block-uid=\"tdi_41\">\n<style>.tdi_41{margines-top:0px!important;margin-bottom:0px!important;dope\u0142nienie-g\u00f3ra:0px!important;dope\u0142nienie-d\u00f3\u0142:0px!important}<\/style>\n<style>.tdb_single_content{margin-bottom:0;*zoom:1}.tdb_single_content:before,.tdb_single_content:after{display:table;content:'';line-height:0}.tdb_single_content:after{clear:both}.tdb_single_content .tdb-block-inner>*:not(.wp-block-quote):not(.alignwide):not(.alignfull.wp-block-cover.has-parallax):not(.td-a-ad){margin-left:auto;margin-right:auto}.tdb_single_content a{pointer-events:auto}.tdb_single_content .td-spot-id-top_ad .tdc-placeholder-title:before{content:'Article Top Ad'!important}.tdb_single_content .td-spot-id-inline_ad0 .tdc-placeholder-title:before{content:'Article Reklama wbudowana 1'!important}.tdb_single_content .td-spot-id-inline_ad1 .tdc-placeholder-title:before{content:'Reklama wbudowana w artyku\u0142 2'!important}.tdb_single_content .td-spot-id-inline_ad2 .tdc-placeholder-title:before{content:'Reklama w tek\u015bcie artyku\u0142u 3'!important}.tdb_single_content .td-spot-id-bottom_ad .tdc-placeholder-title:before{content:'Article Bottom Ad'!important}.tdb_single_content .id_top_ad,.tdb_single_content .id_bottom_ad{clear:both;margin-bottom:21px;text-align:center}.tdb_single_content .id_top_ad img,.tdb_single_content .id_bottom_ad img{margin-bottom:0}.tdb_single_content .id_top_ad .adsbygoogle,.tdb_single_content .id_bottom_ad .adsbygoogle{position:relative}.tdb_single_content .id_ad_content-horiz-left,.tdb_single_content .id_ad_content-horiz-right,.tdb_single_content .id_ad_content-horiz-center{margin-bottom:15px}.tdb_single_content .id_ad_content-horiz-left img,.tdb_single_content .id_ad_content-horiz-right img,.tdb_single_content .id_ad_content-horiz-center img{margin-bottom:0}.tdb_single_content .id_ad_content-horiz-center{text-align:center}.tdb_single_content .id_ad_content-horiz-center img{margin-right:auto;margin-left:auto}.tdb_single_content .id_ad_content-horiz-left{float:left;margin-top:9px;margin-right:21px}.tdb_single_content .id_ad_content-horiz-right{float:right;margin-top:6px;margin-left:21px}.tdb_single_content .tdc-a-ad .tdc-placeholder-title{width:300px;height:250px}.tdb_single_content .tdc-a-ad .tdc-placeholder-title:before{position:absolute;top:50%;-webkit-transform:translateY(-50%);transform:translateY(-50%);margin:auto;display:table;width:100%}.tdb_single_content .tdb-block-inner.td-fix-index{word-break:break-word}.tdi_41,.tdi_41>p,.tdi_41 .tdb-block-inner>p,.wp-block-column>p{font-size:16px!important;line-height:1.6!important}.tdi_41 .tdb-block-inner cytat blokowy p{font-style:normal!important}@media (max-width:767px){.tdb_single_content .id_ad_content-horiz-left,.tdb_single_content .id_ad_content-horiz-right,.tdb_single_content .id_ad_content-horiz-center{margin:0 auto 26 pikseli auto}}@media (max-width:767px){.tdb_single_content .id_ad_content-horiz-left{margin-right:0}}@media (max-width:767px){.tdb_single_content .id_ad_content-horiz-right{margin-left:0}}@media (max-width:767px){.tdb_single_content .td-a-ad{float:none;text-align:center}.tdb_single_content .td-a-ad img{margin-right:auto;margin-left:auto}.tdb_single_content .tdc-a-ad{float:none}}<\/style>\n<div class=\"tdb-block-inner td-fix-index\">\n<p>Ukrai\u0144scy organizatorzy meczu Szachtar Donieck vs Legia Warszawa pocz\u0105tkowo nie wpu\u015bcili kibic\u00f3w na stadion z transparentem z napisem <em>\u201eWo\u0142y\u0144 \u2013 pami\u0119tamy\u201d.<\/em> Po licznych interwencjach decyzj\u0119 zmieniono. \u201eW tej fladze nie ma nic obra\u017aliwego. Chodzi o upami\u0119tnienie ofiar ludob\u00f3jstwa Polak\u00f3w\u201d \u2013 powiedzia\u0142 Wojciech Braun \u201eKelner\u201d, legendarny kibic Legii Warszawa, kt\u00f3ry za czas\u00f3w Platformy Obywatelskiej by\u0142 skazany za\u2026 \u201enienawi\u015b\u0107 do Rosjan\u201d.<\/p>\n<p>W czwartek Legia Warszawa zmierzy\u0142a si\u0119 z Szachtarem Donieck w drugiej rundzie Ligi Konferencyjnej Europy. Ukrai\u0144ska reprezentacja organizuje swoje europejskie mecze na stadionie Wis\u0142y Krak\u00f3w.<\/p>\n<p>Na mecz do Krakowa przyjecha\u0142a liczna grupa kibic\u00f3w Legii. Jednak przed wej\u015bciem na stadion pojawi\u0142 si\u0119 problem. Grupa fan\u00f3w Warszawy <em>Nieznani Sprawcy<\/em> (\u201eNieznani sprawcy\u201d) poinformowali, \u017ce szef ochrony Szachtara Donieck \u2013 oficjalnego gospodarza meczu \u2013 nie pozwoli\u0142 kibicom na wniesienie <em>\u201eWo\u0142y\u0144 \u2013 Pami\u0119tamy\u201d<\/em> transparent. W takich przypadkach firma ochroniarska nie decyduje samodzielnie o mo\u017cliwo\u015bci wywieszenia banera; ostatnie s\u0142owo nale\u017cy do dyrektora bezpiecze\u0144stwa lub innego urz\u0119dnika odpowiedzialnego za bezpiecze\u0144stwo imprezy.<\/p>\n<p>&#8222;Stwierdzili\u015bmy, \u017ce je\u015bli flaga nie wejdzie, to my te\u017c nie. Nie mo\u017ce by\u0107 tak, \u017ce w naszym kraju nie wolno nam odda\u0107 czci naszym rodakom, kt\u00f3rzy zgin\u0119li na Wo\u0142yniu&#8221; &#8211; powiedzia\u0142 nam jeden z lider\u00f3w kibic\u00f3w Legii, kt\u00f3ry pragn\u0105\u0142 zachowa\u0107 anonimowo\u015b\u0107.<\/p>\n<p>Przypomnia\u0142, \u017ce kibice Legii w swoich skandach i transparentach cz\u0119sto krytykowali W\u0142adimira Putina i Aleksandra \u0141ukaszenk\u0119.<\/p>\n<p>&#8222;Ta flaga ma jedynie upami\u0119tnia\u0107 naszych przodk\u00f3w, nie zawiera \u017cadnych symboli. Na szcz\u0119\u015bcie dzi\u0119ki nag\u0142o\u015bnieniu sprawy zmieniono decyzj\u0119 i pozwolono nam j\u0105 wnie\u015b\u0107. Nie mogli\u015bmy tak tego zostawi\u0107. Nasza historia jest \u015bwi\u0119ta &#8211; pokazali\u015bmy to wiele razy w Legii. Przypomn\u0119, \u017ce w naszym przypadku nawi\u0105zanie do Wo\u0142ynia jest szczeg\u00f3lnie wymowne, bo to w\u0142a\u015bnie tam Legia zosta\u0142a pierwotnie utworzona przez Pi\u0142sudskiego legionist\u00f3w\u201d \u2013 podkre\u015bli\u0142 kibic.<\/p>\n<p>Wyja\u015bni\u0142, \u017ce obecni na miejscu delegaci UEFA pocz\u0105tkowo nie byli \u015bwiadomi kontekstu historycznego i nie mieli zastrze\u017ce\u0144 do zablokowania flagi.<\/p>\n<p>Sytuacj\u0119 skomentowa\u0142 tak\u017ce Wojciech Braun \u201eKelner\u201d:<\/p>\n<p>&#8222;To niewyobra\u017calny skandal! W tej fladze nie ma nic obra\u017aliwego. Chodzi o pami\u0119\u0107 o ofiarach ludob\u00f3jstwa pope\u0142nionego na Polakach. Mamy prawo zachowa\u0107 t\u0119 pami\u0119\u0107 i nikt nie ma prawa nam tego zabroni\u0107&#8221; &#8211; stwierdzi\u0142 \u201eKelner\u201d.<\/p>\n<p>Ostatecznie kibice Legii mogli wej\u015b\u0107 na stadion ze swoj\u0105 flag\u0105. W sprawie interweniowali tak\u017ce przedstawiciele Wis\u0142y Krak\u00f3w.<\/p>\n<\/div>\n<\/div>\n","protected":false},"excerpt":{"rendered":"<p>Ukrai\u0144scy organizatorzy meczu Szachtar Donieck vs Legia Warszawa pocz\u0105tkowo nie wpu\u015bcili kibic\u00f3w na stadion z transparentem z napisem \u201eWo\u0142y\u0144 \u2013<\/p>\n","protected":false},"author":1,"featured_media":9748,"comment_status":"open","ping_status":"open","sticky":false,"template":"","format":"standard","meta":{"footnotes":""},"categories":[118],"tags":[2436,6904,2478,2206,11250,2358,628,4238],"class_list":["post-9747","post","type-post","status-publish","format-standard","has-post-thumbnail","hentry","category-lekkoatletyka","tag-czci","tag-flaga","tag-kibice","tag-legii","tag-niewyobrazalny","tag-skandal","tag-wolynia","tag-zablokowana","generate-columns","tablet-grid-50","mobile-grid-100","grid-parent","grid-50","resize-featured-image"],"yoast_head":"<!-- This site is optimized with the Yoast SEO plugin v23.2 - https:\/\/yoast.com\/wordpress\/plugins\/seo\/ -->\n<title>Flaga Ku czci Wo\u0142ynia zablokowana. Kibice Legii: \u201eNiewyobra\u017calny skandal!\u201d - POGOTOWIE FLAGOWE\u00ae<\/title>\n<meta name=\"robots\" content=\"index, follow, max-snippet:-1, max-image-preview:large, max-video-preview:-1\" \/>\n<link rel=\"canonical\" href=\"https:\/\/www.pogotowieflagowe.pl\/aktualne\/flaga-ku-czci-wolynia-zablokowana-kibice-legii-niewyobrazalny-skandal\/\" \/>\n<meta property=\"og:locale\" content=\"pl_PL\" \/>\n<meta property=\"og:type\" content=\"article\" \/>\n<meta property=\"og:title\" content=\"Flaga Ku czci Wo\u0142ynia zablokowana. Kibice Legii: \u201eNiewyobra\u017calny skandal!\u201d - POGOTOWIE FLAGOWE\u00ae\" \/>\n<meta property=\"og:description\" content=\"Ukrai\u0144scy organizatorzy meczu Szachtar Donieck vs Legia Warszawa pocz\u0105tkowo nie wpu\u015bcili kibic\u00f3w na stadion z transparentem z napisem \u201eWo\u0142y\u0144 \u2013\" \/>\n<meta property=\"og:url\" content=\"https:\/\/www.pogotowieflagowe.pl\/aktualne\/flaga-ku-czci-wolynia-zablokowana-kibice-legii-niewyobrazalny-skandal\/\" \/>\n<meta property=\"og:site_name\" content=\"POGOTOWIE FLAGOWE\u00ae\" \/>\n<meta property=\"article:published_time\" content=\"2025-10-23T21:00:49+00:00\" \/>\n<meta property=\"og:image\" content=\"https:\/\/www.pogotowieflagowe.pl\/aktualne\/wp-content\/uploads\/2025\/10\/Flaga-Ku-czci-Wolynia-zablokowana-Kibice-Legii-\u201eNiewyobrazalny-skandal.webp.webp\" \/>\n\t<meta property=\"og:image:width\" content=\"1280\" \/>\n\t<meta property=\"og:image:height\" content=\"720\" \/>\n\t<meta property=\"og:image:type\" content=\"image\/webp\" \/>\n<meta name=\"author\" content=\"Filip\" \/>\n<meta name=\"twitter:card\" content=\"summary_large_image\" \/>\n<meta name=\"twitter:label1\" content=\"Napisane przez\" \/>\n\t<meta name=\"twitter:data1\" content=\"Filip\" \/>\n\t<meta name=\"twitter:label2\" content=\"Szacowany czas czytania\" \/>\n\t<meta name=\"twitter:data2\" content=\"2 minuty\" \/>\n<script type=\"application\/ld+json\" class=\"yoast-schema-graph\">{\"@context\":\"https:\/\/schema.org\",\"@graph\":[{\"@type\":\"Article\",\"@id\":\"https:\/\/www.pogotowieflagowe.pl\/aktualne\/flaga-ku-czci-wolynia-zablokowana-kibice-legii-niewyobrazalny-skandal\/#article\",\"isPartOf\":{\"@id\":\"https:\/\/www.pogotowieflagowe.pl\/aktualne\/flaga-ku-czci-wolynia-zablokowana-kibice-legii-niewyobrazalny-skandal\/\"},\"author\":{\"name\":\"Filip\",\"@id\":\"https:\/\/www.pogotowieflagowe.pl\/aktualne\/#\/schema\/person\/9c2fb7d2362ebf6fa088960d7f0d27b0\"},\"headline\":\"Flaga Ku czci Wo\u0142ynia zablokowana. Kibice Legii: \u201eNiewyobra\u017calny skandal!\u201d\",\"datePublished\":\"2025-10-23T21:00:49+00:00\",\"dateModified\":\"2025-10-23T21:00:49+00:00\",\"mainEntityOfPage\":{\"@id\":\"https:\/\/www.pogotowieflagowe.pl\/aktualne\/flaga-ku-czci-wolynia-zablokowana-kibice-legii-niewyobrazalny-skandal\/\"},\"wordCount\":426,\"commentCount\":0,\"publisher\":{\"@id\":\"https:\/\/www.pogotowieflagowe.pl\/aktualne\/#organization\"},\"image\":{\"@id\":\"https:\/\/www.pogotowieflagowe.pl\/aktualne\/flaga-ku-czci-wolynia-zablokowana-kibice-legii-niewyobrazalny-skandal\/#primaryimage\"},\"thumbnailUrl\":\"https:\/\/www.pogotowieflagowe.pl\/aktualne\/wp-content\/uploads\/2025\/10\/Flaga-Ku-czci-Wolynia-zablokowana-Kibice-Legii-\u201eNiewyobrazalny-skandal.webp.webp\",\"keywords\":[\"czci\",\"Flag\u0105\",\"Kibice\",\"Legii\",\"Niewyobra\u017calny\",\"skandal\",\"Wo\u0142ynia\",\"zablokowana\"],\"articleSection\":[\"Lekkoatletyka\"],\"inLanguage\":\"pl-PL\",\"potentialAction\":[{\"@type\":\"CommentAction\",\"name\":\"Comment\",\"target\":[\"https:\/\/www.pogotowieflagowe.pl\/aktualne\/flaga-ku-czci-wolynia-zablokowana-kibice-legii-niewyobrazalny-skandal\/#respond\"]}]},{\"@type\":\"WebPage\",\"@id\":\"https:\/\/www.pogotowieflagowe.pl\/aktualne\/flaga-ku-czci-wolynia-zablokowana-kibice-legii-niewyobrazalny-skandal\/\",\"url\":\"https:\/\/www.pogotowieflagowe.pl\/aktualne\/flaga-ku-czci-wolynia-zablokowana-kibice-legii-niewyobrazalny-skandal\/\",\"name\":\"Flaga Ku czci Wo\u0142ynia zablokowana. Kibice Legii: \u201eNiewyobra\u017calny skandal!\u201d - POGOTOWIE FLAGOWE\u00ae\",\"isPartOf\":{\"@id\":\"https:\/\/www.pogotowieflagowe.pl\/aktualne\/#website\"},\"primaryImageOfPage\":{\"@id\":\"https:\/\/www.pogotowieflagowe.pl\/aktualne\/flaga-ku-czci-wolynia-zablokowana-kibice-legii-niewyobrazalny-skandal\/#primaryimage\"},\"image\":{\"@id\":\"https:\/\/www.pogotowieflagowe.pl\/aktualne\/flaga-ku-czci-wolynia-zablokowana-kibice-legii-niewyobrazalny-skandal\/#primaryimage\"},\"thumbnailUrl\":\"https:\/\/www.pogotowieflagowe.pl\/aktualne\/wp-content\/uploads\/2025\/10\/Flaga-Ku-czci-Wolynia-zablokowana-Kibice-Legii-\u201eNiewyobrazalny-skandal.webp.webp\",\"datePublished\":\"2025-10-23T21:00:49+00:00\",\"dateModified\":\"2025-10-23T21:00:49+00:00\",\"breadcrumb\":{\"@id\":\"https:\/\/www.pogotowieflagowe.pl\/aktualne\/flaga-ku-czci-wolynia-zablokowana-kibice-legii-niewyobrazalny-skandal\/#breadcrumb\"},\"inLanguage\":\"pl-PL\",\"potentialAction\":[{\"@type\":\"ReadAction\",\"target\":[\"https:\/\/www.pogotowieflagowe.pl\/aktualne\/flaga-ku-czci-wolynia-zablokowana-kibice-legii-niewyobrazalny-skandal\/\"]}]},{\"@type\":\"ImageObject\",\"inLanguage\":\"pl-PL\",\"@id\":\"https:\/\/www.pogotowieflagowe.pl\/aktualne\/flaga-ku-czci-wolynia-zablokowana-kibice-legii-niewyobrazalny-skandal\/#primaryimage\",\"url\":\"https:\/\/www.pogotowieflagowe.pl\/aktualne\/wp-content\/uploads\/2025\/10\/Flaga-Ku-czci-Wolynia-zablokowana-Kibice-Legii-\u201eNiewyobrazalny-skandal.webp.webp\",\"contentUrl\":\"https:\/\/www.pogotowieflagowe.pl\/aktualne\/wp-content\/uploads\/2025\/10\/Flaga-Ku-czci-Wolynia-zablokowana-Kibice-Legii-\u201eNiewyobrazalny-skandal.webp.webp\",\"width\":1280,\"height\":720,\"caption\":\"Flaga Ku czci Wo\u0142ynia zablokowana. Kibice Legii: \u201eNiewyobra\u017calny skandal!\u201d\"},{\"@type\":\"BreadcrumbList\",\"@id\":\"https:\/\/www.pogotowieflagowe.pl\/aktualne\/flaga-ku-czci-wolynia-zablokowana-kibice-legii-niewyobrazalny-skandal\/#breadcrumb\",\"itemListElement\":[{\"@type\":\"ListItem\",\"position\":1,\"name\":\"Home\",\"item\":\"https:\/\/www.pogotowieflagowe.pl\/aktualne\/\"},{\"@type\":\"ListItem\",\"position\":2,\"name\":\"Flaga Ku czci Wo\u0142ynia zablokowana. Kibice Legii: \u201eNiewyobra\u017calny skandal!\u201d\"}]},{\"@type\":\"WebSite\",\"@id\":\"https:\/\/www.pogotowieflagowe.pl\/aktualne\/#website\",\"url\":\"https:\/\/www.pogotowieflagowe.pl\/aktualne\/\",\"name\":\"POGOTOWIE FLAGOWE\u00ae\",\"description\":\"\",\"publisher\":{\"@id\":\"https:\/\/www.pogotowieflagowe.pl\/aktualne\/#organization\"},\"potentialAction\":[{\"@type\":\"SearchAction\",\"target\":{\"@type\":\"EntryPoint\",\"urlTemplate\":\"https:\/\/www.pogotowieflagowe.pl\/aktualne\/?s={search_term_string}\"},\"query-input\":\"required name=search_term_string\"}],\"inLanguage\":\"pl-PL\"},{\"@type\":\"Organization\",\"@id\":\"https:\/\/www.pogotowieflagowe.pl\/aktualne\/#organization\",\"name\":\"POGOTOWIE FLAGOWE\u00ae\",\"url\":\"https:\/\/www.pogotowieflagowe.pl\/aktualne\/\",\"logo\":{\"@type\":\"ImageObject\",\"inLanguage\":\"pl-PL\",\"@id\":\"https:\/\/www.pogotowieflagowe.pl\/aktualne\/#\/schema\/logo\/image\/\",\"url\":\"https:\/\/www.pogotowieflagowe.pl\/aktualne\/wp-content\/uploads\/2024\/08\/cropped-pogotowieflagowe_flaga_projekt_sm.jpg\",\"contentUrl\":\"https:\/\/www.pogotowieflagowe.pl\/aktualne\/wp-content\/uploads\/2024\/08\/cropped-pogotowieflagowe_flaga_projekt_sm.jpg\",\"width\":250,\"height\":143,\"caption\":\"POGOTOWIE FLAGOWE\u00ae\"},\"image\":{\"@id\":\"https:\/\/www.pogotowieflagowe.pl\/aktualne\/#\/schema\/logo\/image\/\"}},{\"@type\":\"Person\",\"@id\":\"https:\/\/www.pogotowieflagowe.pl\/aktualne\/#\/schema\/person\/9c2fb7d2362ebf6fa088960d7f0d27b0\",\"name\":\"Filip\",\"image\":{\"@type\":\"ImageObject\",\"inLanguage\":\"pl-PL\",\"@id\":\"https:\/\/www.pogotowieflagowe.pl\/aktualne\/#\/schema\/person\/image\/\",\"url\":\"https:\/\/www.pogotowieflagowe.pl\/aktualne\/wp-content\/uploads\/2024\/08\/pogotowieflagowe.pl_.jpg\",\"contentUrl\":\"https:\/\/www.pogotowieflagowe.pl\/aktualne\/wp-content\/uploads\/2024\/08\/pogotowieflagowe.pl_.jpg\",\"caption\":\"Filip\"},\"description\":\"Jestem Filip, polski dziennikarz z dyplomem nauk politycznych Uniwersytetu Warszawskiego. Rozpoczynaj\u0105c swoj\u0105 karier\u0119 w r\u00f3\u017cnych lokalnych mediach, zdoby\u0142em solidne do\u015bwiadczenie w zakresie \u015bledztwa i redakcji. Obecnie jako redaktor w Pogotowie flagowe, staram si\u0119 dostarcza\u0107 dog\u0142\u0119bne i istotne analizy na temat najwa\u017cniejszych kwestii aktualno\u015bci, \u0142\u0105cz\u0105c rygor z pasj\u0105 dziennikarsk\u0105.\",\"sameAs\":[\"https:\/\/www.pogotowieflagowe.pl\/\"]}]}<\/script>\n<!-- \/ Yoast SEO plugin. -->","yoast_head_json":{"title":"Flaga Ku czci Wo\u0142ynia zablokowana. Kibice Legii: \u201eNiewyobra\u017calny skandal!\u201d - POGOTOWIE FLAGOWE\u00ae","robots":{"index":"index","follow":"follow","max-snippet":"max-snippet:-1","max-image-preview":"max-image-preview:large","max-video-preview":"max-video-preview:-1"},"canonical":"https:\/\/www.pogotowieflagowe.pl\/aktualne\/flaga-ku-czci-wolynia-zablokowana-kibice-legii-niewyobrazalny-skandal\/","og_locale":"pl_PL","og_type":"article","og_title":"Flaga Ku czci Wo\u0142ynia zablokowana. Kibice Legii: \u201eNiewyobra\u017calny skandal!\u201d - POGOTOWIE FLAGOWE\u00ae","og_description":"Ukrai\u0144scy organizatorzy meczu Szachtar Donieck vs Legia Warszawa pocz\u0105tkowo nie wpu\u015bcili kibic\u00f3w na stadion z transparentem z napisem \u201eWo\u0142y\u0144 \u2013","og_url":"https:\/\/www.pogotowieflagowe.pl\/aktualne\/flaga-ku-czci-wolynia-zablokowana-kibice-legii-niewyobrazalny-skandal\/","og_site_name":"POGOTOWIE FLAGOWE\u00ae","article_published_time":"2025-10-23T21:00:49+00:00","og_image":[{"width":1280,"height":720,"url":"https:\/\/www.pogotowieflagowe.pl\/aktualne\/wp-content\/uploads\/2025\/10\/Flaga-Ku-czci-Wolynia-zablokowana-Kibice-Legii-\u201eNiewyobrazalny-skandal.webp.webp","type":"image\/webp"}],"author":"Filip","twitter_card":"summary_large_image","twitter_misc":{"Napisane przez":"Filip","Szacowany czas czytania":"2 minuty"},"schema":{"@context":"https:\/\/schema.org","@graph":[{"@type":"Article","@id":"https:\/\/www.pogotowieflagowe.pl\/aktualne\/flaga-ku-czci-wolynia-zablokowana-kibice-legii-niewyobrazalny-skandal\/#article","isPartOf":{"@id":"https:\/\/www.pogotowieflagowe.pl\/aktualne\/flaga-ku-czci-wolynia-zablokowana-kibice-legii-niewyobrazalny-skandal\/"},"author":{"name":"Filip","@id":"https:\/\/www.pogotowieflagowe.pl\/aktualne\/#\/schema\/person\/9c2fb7d2362ebf6fa088960d7f0d27b0"},"headline":"Flaga Ku czci Wo\u0142ynia zablokowana. Kibice Legii: \u201eNiewyobra\u017calny skandal!\u201d","datePublished":"2025-10-23T21:00:49+00:00","dateModified":"2025-10-23T21:00:49+00:00","mainEntityOfPage":{"@id":"https:\/\/www.pogotowieflagowe.pl\/aktualne\/flaga-ku-czci-wolynia-zablokowana-kibice-legii-niewyobrazalny-skandal\/"},"wordCount":426,"commentCount":0,"publisher":{"@id":"https:\/\/www.pogotowieflagowe.pl\/aktualne\/#organization"},"image":{"@id":"https:\/\/www.pogotowieflagowe.pl\/aktualne\/flaga-ku-czci-wolynia-zablokowana-kibice-legii-niewyobrazalny-skandal\/#primaryimage"},"thumbnailUrl":"https:\/\/www.pogotowieflagowe.pl\/aktualne\/wp-content\/uploads\/2025\/10\/Flaga-Ku-czci-Wolynia-zablokowana-Kibice-Legii-\u201eNiewyobrazalny-skandal.webp.webp","keywords":["czci","Flag\u0105","Kibice","Legii","Niewyobra\u017calny","skandal","Wo\u0142ynia","zablokowana"],"articleSection":["Lekkoatletyka"],"inLanguage":"pl-PL","potentialAction":[{"@type":"CommentAction","name":"Comment","target":["https:\/\/www.pogotowieflagowe.pl\/aktualne\/flaga-ku-czci-wolynia-zablokowana-kibice-legii-niewyobrazalny-skandal\/#respond"]}]},{"@type":"WebPage","@id":"https:\/\/www.pogotowieflagowe.pl\/aktualne\/flaga-ku-czci-wolynia-zablokowana-kibice-legii-niewyobrazalny-skandal\/","url":"https:\/\/www.pogotowieflagowe.pl\/aktualne\/flaga-ku-czci-wolynia-zablokowana-kibice-legii-niewyobrazalny-skandal\/","name":"Flaga Ku czci Wo\u0142ynia zablokowana. Kibice Legii: \u201eNiewyobra\u017calny skandal!\u201d - POGOTOWIE FLAGOWE\u00ae","isPartOf":{"@id":"https:\/\/www.pogotowieflagowe.pl\/aktualne\/#website"},"primaryImageOfPage":{"@id":"https:\/\/www.pogotowieflagowe.pl\/aktualne\/flaga-ku-czci-wolynia-zablokowana-kibice-legii-niewyobrazalny-skandal\/#primaryimage"},"image":{"@id":"https:\/\/www.pogotowieflagowe.pl\/aktualne\/flaga-ku-czci-wolynia-zablokowana-kibice-legii-niewyobrazalny-skandal\/#primaryimage"},"thumbnailUrl":"https:\/\/www.pogotowieflagowe.pl\/aktualne\/wp-content\/uploads\/2025\/10\/Flaga-Ku-czci-Wolynia-zablokowana-Kibice-Legii-\u201eNiewyobrazalny-skandal.webp.webp","datePublished":"2025-10-23T21:00:49+00:00","dateModified":"2025-10-23T21:00:49+00:00","breadcrumb":{"@id":"https:\/\/www.pogotowieflagowe.pl\/aktualne\/flaga-ku-czci-wolynia-zablokowana-kibice-legii-niewyobrazalny-skandal\/#breadcrumb"},"inLanguage":"pl-PL","potentialAction":[{"@type":"ReadAction","target":["https:\/\/www.pogotowieflagowe.pl\/aktualne\/flaga-ku-czci-wolynia-zablokowana-kibice-legii-niewyobrazalny-skandal\/"]}]},{"@type":"ImageObject","inLanguage":"pl-PL","@id":"https:\/\/www.pogotowieflagowe.pl\/aktualne\/flaga-ku-czci-wolynia-zablokowana-kibice-legii-niewyobrazalny-skandal\/#primaryimage","url":"https:\/\/www.pogotowieflagowe.pl\/aktualne\/wp-content\/uploads\/2025\/10\/Flaga-Ku-czci-Wolynia-zablokowana-Kibice-Legii-\u201eNiewyobrazalny-skandal.webp.webp","contentUrl":"https:\/\/www.pogotowieflagowe.pl\/aktualne\/wp-content\/uploads\/2025\/10\/Flaga-Ku-czci-Wolynia-zablokowana-Kibice-Legii-\u201eNiewyobrazalny-skandal.webp.webp","width":1280,"height":720,"caption":"Flaga Ku czci Wo\u0142ynia zablokowana. Kibice Legii: \u201eNiewyobra\u017calny skandal!\u201d"},{"@type":"BreadcrumbList","@id":"https:\/\/www.pogotowieflagowe.pl\/aktualne\/flaga-ku-czci-wolynia-zablokowana-kibice-legii-niewyobrazalny-skandal\/#breadcrumb","itemListElement":[{"@type":"ListItem","position":1,"name":"Home","item":"https:\/\/www.pogotowieflagowe.pl\/aktualne\/"},{"@type":"ListItem","position":2,"name":"Flaga Ku czci Wo\u0142ynia zablokowana. Kibice Legii: \u201eNiewyobra\u017calny skandal!\u201d"}]},{"@type":"WebSite","@id":"https:\/\/www.pogotowieflagowe.pl\/aktualne\/#website","url":"https:\/\/www.pogotowieflagowe.pl\/aktualne\/","name":"POGOTOWIE FLAGOWE\u00ae","description":"","publisher":{"@id":"https:\/\/www.pogotowieflagowe.pl\/aktualne\/#organization"},"potentialAction":[{"@type":"SearchAction","target":{"@type":"EntryPoint","urlTemplate":"https:\/\/www.pogotowieflagowe.pl\/aktualne\/?s={search_term_string}"},"query-input":"required name=search_term_string"}],"inLanguage":"pl-PL"},{"@type":"Organization","@id":"https:\/\/www.pogotowieflagowe.pl\/aktualne\/#organization","name":"POGOTOWIE FLAGOWE\u00ae","url":"https:\/\/www.pogotowieflagowe.pl\/aktualne\/","logo":{"@type":"ImageObject","inLanguage":"pl-PL","@id":"https:\/\/www.pogotowieflagowe.pl\/aktualne\/#\/schema\/logo\/image\/","url":"https:\/\/www.pogotowieflagowe.pl\/aktualne\/wp-content\/uploads\/2024\/08\/cropped-pogotowieflagowe_flaga_projekt_sm.jpg","contentUrl":"https:\/\/www.pogotowieflagowe.pl\/aktualne\/wp-content\/uploads\/2024\/08\/cropped-pogotowieflagowe_flaga_projekt_sm.jpg","width":250,"height":143,"caption":"POGOTOWIE FLAGOWE\u00ae"},"image":{"@id":"https:\/\/www.pogotowieflagowe.pl\/aktualne\/#\/schema\/logo\/image\/"}},{"@type":"Person","@id":"https:\/\/www.pogotowieflagowe.pl\/aktualne\/#\/schema\/person\/9c2fb7d2362ebf6fa088960d7f0d27b0","name":"Filip","image":{"@type":"ImageObject","inLanguage":"pl-PL","@id":"https:\/\/www.pogotowieflagowe.pl\/aktualne\/#\/schema\/person\/image\/","url":"https:\/\/www.pogotowieflagowe.pl\/aktualne\/wp-content\/uploads\/2024\/08\/pogotowieflagowe.pl_.jpg","contentUrl":"https:\/\/www.pogotowieflagowe.pl\/aktualne\/wp-content\/uploads\/2024\/08\/pogotowieflagowe.pl_.jpg","caption":"Filip"},"description":"Jestem Filip, polski dziennikarz z dyplomem nauk politycznych Uniwersytetu Warszawskiego. Rozpoczynaj\u0105c swoj\u0105 karier\u0119 w r\u00f3\u017cnych lokalnych mediach, zdoby\u0142em solidne do\u015bwiadczenie w zakresie \u015bledztwa i redakcji. Obecnie jako redaktor w Pogotowie flagowe, staram si\u0119 dostarcza\u0107 dog\u0142\u0119bne i istotne analizy na temat najwa\u017cniejszych kwestii aktualno\u015bci, \u0142\u0105cz\u0105c rygor z pasj\u0105 dziennikarsk\u0105.","sameAs":["https:\/\/www.pogotowieflagowe.pl\/"]}]}},"_links":{"self":[{"href":"https:\/\/www.pogotowieflagowe.pl\/aktualne\/wp-json\/wp\/v2\/posts\/9747","targetHints":{"allow":["GET"]}}],"collection":[{"href":"https:\/\/www.pogotowieflagowe.pl\/aktualne\/wp-json\/wp\/v2\/posts"}],"about":[{"href":"https:\/\/www.pogotowieflagowe.pl\/aktualne\/wp-json\/wp\/v2\/types\/post"}],"author":[{"embeddable":true,"href":"https:\/\/www.pogotowieflagowe.pl\/aktualne\/wp-json\/wp\/v2\/users\/1"}],"replies":[{"embeddable":true,"href":"https:\/\/www.pogotowieflagowe.pl\/aktualne\/wp-json\/wp\/v2\/comments?post=9747"}],"version-history":[{"count":1,"href":"https:\/\/www.pogotowieflagowe.pl\/aktualne\/wp-json\/wp\/v2\/posts\/9747\/revisions"}],"predecessor-version":[{"id":9749,"href":"https:\/\/www.pogotowieflagowe.pl\/aktualne\/wp-json\/wp\/v2\/posts\/9747\/revisions\/9749"}],"wp:featuredmedia":[{"embeddable":true,"href":"https:\/\/www.pogotowieflagowe.pl\/aktualne\/wp-json\/wp\/v2\/media\/9748"}],"wp:attachment":[{"href":"https:\/\/www.pogotowieflagowe.pl\/aktualne\/wp-json\/wp\/v2\/media?parent=9747"}],"wp:term":[{"taxonomy":"category","embeddable":true,"href":"https:\/\/www.pogotowieflagowe.pl\/aktualne\/wp-json\/wp\/v2\/categories?post=9747"},{"taxonomy":"post_tag","embeddable":true,"href":"https:\/\/www.pogotowieflagowe.pl\/aktualne\/wp-json\/wp\/v2\/tags?post=9747"}],"curies":[{"name":"wp","href":"https:\/\/api.w.org\/{rel}","templated":true}]}}