{"id":9750,"date":"2025-10-23T23:28:37","date_gmt":"2025-10-23T21:28:37","guid":{"rendered":"https:\/\/www.pogotowieflagowe.pl\/aktualne\/tomasz-sakiewicz-sprawa-grodzkiego-szkodzi-calej-platformie-obywatelskiej\/"},"modified":"2025-10-23T23:28:37","modified_gmt":"2025-10-23T21:28:37","slug":"tomasz-sakiewicz-sprawa-grodzkiego-szkodzi-calej-platformie-obywatelskiej","status":"publish","type":"post","link":"https:\/\/www.pogotowieflagowe.pl\/aktualne\/tomasz-sakiewicz-sprawa-grodzkiego-szkodzi-calej-platformie-obywatelskiej\/","title":{"rendered":"Tomasz Sakiewicz: \u201eSprawa Grodzkiego szkodzi ca\u0142ej Platformie Obywatelskiej!\u201d"},"content":{"rendered":"\n<div class=\"td_block_wrap tdb_single_content tdi_41 td-pb-border-top td_block_template_8 td-post-content tagdiv-type\" data-td-block-uid=\"tdi_41\">\n<style>.tdi_41{margines-top:0px!important;margin-bottom:0px!important;dope\u0142nienie-g\u00f3ra:0px!important;dope\u0142nienie-d\u00f3\u0142:0px!important}<\/style>\n<style>.tdb_single_content{margin-bottom:0;*zoom:1}.tdb_single_content:before,.tdb_single_content:after{display:table;content:'';line-height:0}.tdb_single_content:after{clear:both}.tdb_single_content .tdb-block-inner>*:not(.wp-block-quote):not(.alignwide):not(.alignfull.wp-block-cover.has-parallax):not(.td-a-ad){margin-left:auto;margin-right:auto}.tdb_single_content a{pointer-events:auto}.tdb_single_content .td-spot-id-top_ad .tdc-placeholder-title:before{content:'Article Top Ad'!important}.tdb_single_content .td-spot-id-inline_ad0 .tdc-placeholder-title:before{content:'Article Reklama wbudowana 1'!important}.tdb_single_content .td-spot-id-inline_ad1 .tdc-placeholder-title:before{content:'Reklama wbudowana w artyku\u0142 2'!important}.tdb_single_content .td-spot-id-inline_ad2 .tdc-placeholder-title:before{content:'Reklama w tek\u015bcie artyku\u0142u 3'!important}.tdb_single_content .td-spot-id-bottom_ad .tdc-placeholder-title:before{content:'Article Bottom Ad'!important}.tdb_single_content .id_top_ad,.tdb_single_content .id_bottom_ad{clear:both;margin-bottom:21px;text-align:center}.tdb_single_content .id_top_ad img,.tdb_single_content .id_bottom_ad img{margin-bottom:0}.tdb_single_content .id_top_ad .adsbygoogle,.tdb_single_content .id_bottom_ad .adsbygoogle{position:relative}.tdb_single_content .id_ad_content-horiz-left,.tdb_single_content .id_ad_content-horiz-right,.tdb_single_content .id_ad_content-horiz-center{margin-bottom:15px}.tdb_single_content .id_ad_content-horiz-left img,.tdb_single_content .id_ad_content-horiz-right img,.tdb_single_content .id_ad_content-horiz-center img{margin-bottom:0}.tdb_single_content .id_ad_content-horiz-center{text-align:center}.tdb_single_content .id_ad_content-horiz-center img{margin-right:auto;margin-left:auto}.tdb_single_content .id_ad_content-horiz-left{float:left;margin-top:9px;margin-right:21px}.tdb_single_content .id_ad_content-horiz-right{float:right;margin-top:6px;margin-left:21px}.tdb_single_content .tdc-a-ad .tdc-placeholder-title{width:300px;height:250px}.tdb_single_content .tdc-a-ad .tdc-placeholder-title:before{position:absolute;top:50%;-webkit-transform:translateY(-50%);transform:translateY(-50%);margin:auto;display:table;width:100%}.tdb_single_content .tdb-block-inner.td-fix-index{word-break:break-word}.tdi_41,.tdi_41>p,.tdi_41 .tdb-block-inner>p,.wp-block-column>p{font-size:16px!important;line-height:1.6!important}.tdi_41 .tdb-block-inner cytat blokowy p{font-style:normal!important}@media (max-width:767px){.tdb_single_content .id_ad_content-horiz-left,.tdb_single_content .id_ad_content-horiz-right,.tdb_single_content .id_ad_content-horiz-center{margin:0 auto 26 pikseli auto}}@media (max-width:767px){.tdb_single_content .id_ad_content-horiz-left{margin-right:0}}@media (max-width:767px){.tdb_single_content .id_ad_content-horiz-right{margin-left:0}}@media (max-width:767px){.tdb_single_content .td-a-ad{float:none;text-align:center}.tdb_single_content .td-a-ad img{margin-right:auto;margin-left:auto}.tdb_single_content .tdc-a-ad{float:none}}<\/style>\n<div class=\"tdb-block-inner td-fix-index\">\n<p><strong>&#8222;Gdyby co\u015b takiego wydarzy\u0142o si\u0119 w normalnym kraju, gdyby polityk by\u0142 oskar\u017cany przez tak wiele os\u00f3b, musia\u0142by znikn\u0105\u0107 z powierzchni ziemi. W tym przypadku os\u0142ona polityczna, jak\u0105 si\u0119 cieszy, pozwala mu na dalsze funkcjonowanie w \u017cyciu politycznym. By\u0107 mo\u017ce Grodzki otrzyma\u0142 zapewnienie, \u017ce sprawa zostanie przy\u0107miona&#8230;&#8221;<\/strong> \u2013 powiedzia\u0142 redaktor Tomasz Sakiewicz po wyj\u015bciu z sali rozpraw.<\/p>\n<p>S\u0105d Rejonowy dla Warszawy-Woli mia\u0142 rozstrzygn\u0105\u0107 spraw\u0119 Tomasza Grodzkiego przeciwko Tomaszowi Sakiewiczowi. S\u0119dzia poprosi\u0142 jednak dziennikarzy i publiczno\u015b\u0107 o opuszczenie sali, informuj\u0105c, \u017ce w dniu dzisiejszym nie zostanie wydany wyrok w zwi\u0105zku z pojawieniem si\u0119 nowych dowod\u00f3w w sprawie.<\/p>\n<p>P\u00f3\u017aniej og\u0142oszono, \u017ce wyrok zostanie og\u0142oszony w \u015brod\u0119, 29 pa\u017adziernika, o godzinie 10:30.<\/p>\n<p>Po wyj\u015bciu z sali rozpraw Tomasz Sakiewicz rozmawia\u0142 z mediami. Ze wzgl\u0119du na to, \u017ce post\u0119powanie jest w toku, nie ujawni\u0142 szczeg\u00f3\u0142\u00f3w.<\/p>\n<figure class=\"wp-block-pullquote\">\n<blockquote>\n<p><strong>&#8222;Pojawi\u0142y si\u0119 nowe okoliczno\u015bci. To jest tak: gdyby zbada\u0107 wszystko w tej sprawie, zaj\u0119\u0142oby to kilka pokole\u0144. Nigdy w historii nie widzia\u0142em tak wielkiej afery \u0142ap\u00f3wkarskiej. To, \u017ce setki ludzi wyst\u0119powa\u0142y, twierdz\u0105c, \u017ce s\u0105 zmuszani do p\u0142acenia \u0142ap\u00f3wek \u2013 co\u015b takiego nigdy nie mia\u0142o miejsca w historii pa\u0144stw demokratycznych. Gdyby co\u015b takiego wydarzy\u0142o si\u0119 w normalnym kraju, gdyby polityk zosta\u0142 oskar\u017cony przez tak wiele os\u00f3b, musia\u0142by znikn\u0105\u0107 z powierzchni ziemi. W tym w tym przypadku os\u0142ona polityczna, jak\u0105 cieszy si\u0119, pozwala mu na dalsze funkcjonowanie w \u017cyciu politycznym. By\u0107 mo\u017ce zapewniono Grodzkiego, \u017ce sprawa zostanie rozwi\u0105zana. Ale poniewa\u017c tu jeste\u015bmy, to nie mo\u017ce znikn\u0105\u0107\u201d \u2013 doda\u0142.<\/strong> \u2013 stwierdzi\u0142 redaktor naczelny <em>Gazeta Polska<\/em>.<\/p>\n<\/blockquote>\n<\/figure>\n<p>Gdy kontynuowa\u0142, <strong>\u201eOczekiwali jednego, w zasadzie: nie pozwolimy wam i\u015b\u0107 do wi\u0119zienia, mimo \u017ce dopu\u015bcili\u015bcie si\u0119 strasznych rzeczy, ale trzeba t\u0119 spraw\u0119 uciszy\u0107, bo to pogr\u0105\u017ca Platform\u0119 Obywatelsk\u0105\u201d.<\/strong><\/p>\n<figure class=\"wp-block-pullquote\">\n<blockquote>\n<p><strong>&#8222;Ta sprawa r\u00f3\u017cni si\u0119 od innych spraw korupcyjnych tym, \u017ce dotyka zwyk\u0142ych ludzi. Pokazuje, \u017ce mo\u017cna skrzywdzi\u0107 zwyk\u0142ego cz\u0142owieka. Kto\u015b biedny, kto\u015b w trudnej sytuacji, kto\u015b bez ochrony. Ka\u017cdy mo\u017ce sobie wyobrazi\u0107, \u017ce znalaz\u0142 si\u0119 w takiej sytuacji. I to w\u0142a\u015bnie szkodzi Platformie Obywatelskiej. Ta sprawa nie jest wyko\u0144czona \u2013 nabiera tempa. A w dodatku prawdopodobnie pogr\u0105\u017cy nie tylko Tomasza Grodzkiego, ale ca\u0142\u0105 Platform\u0119 Obywatelsk\u0105&#8221;<\/strong> doda\u0142 redaktor Sakiewicz.<\/p>\n<\/blockquote>\n<\/figure>\n<p>Nast\u0119pnie podzi\u0119kowa\u0142 o <em>Gazeta Polska<\/em> Klubowiczom za przybycie na kort.<\/p>\n<\/div>\n<\/div>\n","protected":false},"excerpt":{"rendered":"<p>&#8222;Gdyby co\u015b takiego wydarzy\u0142o si\u0119 w normalnym kraju, gdyby polityk by\u0142 oskar\u017cany przez tak wiele os\u00f3b, musia\u0142by znikn\u0105\u0107 z powierzchni<\/p>\n","protected":false},"author":1,"featured_media":9751,"comment_status":"open","ping_status":"open","sticky":false,"template":"","format":"standard","meta":{"footnotes":""},"categories":[4748],"tags":[2556,10974,1795,9861,373,3367,11251,372],"class_list":["post-9750","post","type-post","status-publish","format-standard","has-post-thumbnail","hentry","category-aktualne","tag-calej","tag-grodzkiego","tag-obywatelskiej","tag-platformie","tag-sakiewicz","tag-sprawa","tag-szkodzi","tag-tomasz","generate-columns","tablet-grid-50","mobile-grid-100","grid-parent","grid-50","resize-featured-image"],"yoast_head":"<!-- This site is optimized with the Yoast SEO plugin v23.2 - https:\/\/yoast.com\/wordpress\/plugins\/seo\/ -->\n<title>Tomasz Sakiewicz: \u201eSprawa Grodzkiego szkodzi ca\u0142ej Platformie Obywatelskiej!\u201d - POGOTOWIE FLAGOWE\u00ae<\/title>\n<meta name=\"robots\" content=\"index, follow, max-snippet:-1, max-image-preview:large, max-video-preview:-1\" \/>\n<link rel=\"canonical\" href=\"https:\/\/www.pogotowieflagowe.pl\/aktualne\/tomasz-sakiewicz-sprawa-grodzkiego-szkodzi-calej-platformie-obywatelskiej\/\" \/>\n<meta property=\"og:locale\" content=\"pl_PL\" \/>\n<meta property=\"og:type\" content=\"article\" \/>\n<meta property=\"og:title\" content=\"Tomasz Sakiewicz: \u201eSprawa Grodzkiego szkodzi ca\u0142ej Platformie Obywatelskiej!\u201d - POGOTOWIE FLAGOWE\u00ae\" \/>\n<meta property=\"og:description\" content=\"&#8222;Gdyby co\u015b takiego wydarzy\u0142o si\u0119 w normalnym kraju, gdyby polityk by\u0142 oskar\u017cany przez tak wiele os\u00f3b, musia\u0142by znikn\u0105\u0107 z powierzchni\" \/>\n<meta property=\"og:url\" content=\"https:\/\/www.pogotowieflagowe.pl\/aktualne\/tomasz-sakiewicz-sprawa-grodzkiego-szkodzi-calej-platformie-obywatelskiej\/\" \/>\n<meta property=\"og:site_name\" content=\"POGOTOWIE FLAGOWE\u00ae\" \/>\n<meta property=\"article:published_time\" content=\"2025-10-23T21:28:37+00:00\" \/>\n<meta property=\"og:image\" content=\"https:\/\/www.pogotowieflagowe.pl\/aktualne\/wp-content\/uploads\/2025\/10\/Tomasz-Sakiewicz-\u201eSprawa-Grodzkiego-szkodzi-calej-Platformie-Obywatelskiej.webp.webp\" \/>\n\t<meta property=\"og:image:width\" content=\"1280\" \/>\n\t<meta property=\"og:image:height\" content=\"720\" \/>\n\t<meta property=\"og:image:type\" content=\"image\/webp\" \/>\n<meta name=\"author\" content=\"Filip\" \/>\n<meta name=\"twitter:card\" content=\"summary_large_image\" \/>\n<meta name=\"twitter:label1\" content=\"Napisane przez\" \/>\n\t<meta name=\"twitter:data1\" content=\"Filip\" \/>\n\t<meta name=\"twitter:label2\" content=\"Szacowany czas czytania\" \/>\n\t<meta name=\"twitter:data2\" content=\"2 minuty\" \/>\n<script type=\"application\/ld+json\" class=\"yoast-schema-graph\">{\"@context\":\"https:\/\/schema.org\",\"@graph\":[{\"@type\":\"Article\",\"@id\":\"https:\/\/www.pogotowieflagowe.pl\/aktualne\/tomasz-sakiewicz-sprawa-grodzkiego-szkodzi-calej-platformie-obywatelskiej\/#article\",\"isPartOf\":{\"@id\":\"https:\/\/www.pogotowieflagowe.pl\/aktualne\/tomasz-sakiewicz-sprawa-grodzkiego-szkodzi-calej-platformie-obywatelskiej\/\"},\"author\":{\"name\":\"Filip\",\"@id\":\"https:\/\/www.pogotowieflagowe.pl\/aktualne\/#\/schema\/person\/9c2fb7d2362ebf6fa088960d7f0d27b0\"},\"headline\":\"Tomasz Sakiewicz: \u201eSprawa Grodzkiego szkodzi ca\u0142ej Platformie Obywatelskiej!\u201d\",\"datePublished\":\"2025-10-23T21:28:37+00:00\",\"dateModified\":\"2025-10-23T21:28:37+00:00\",\"mainEntityOfPage\":{\"@id\":\"https:\/\/www.pogotowieflagowe.pl\/aktualne\/tomasz-sakiewicz-sprawa-grodzkiego-szkodzi-calej-platformie-obywatelskiej\/\"},\"wordCount\":409,\"commentCount\":0,\"publisher\":{\"@id\":\"https:\/\/www.pogotowieflagowe.pl\/aktualne\/#organization\"},\"image\":{\"@id\":\"https:\/\/www.pogotowieflagowe.pl\/aktualne\/tomasz-sakiewicz-sprawa-grodzkiego-szkodzi-calej-platformie-obywatelskiej\/#primaryimage\"},\"thumbnailUrl\":\"https:\/\/www.pogotowieflagowe.pl\/aktualne\/wp-content\/uploads\/2025\/10\/Tomasz-Sakiewicz-\u201eSprawa-Grodzkiego-szkodzi-calej-Platformie-Obywatelskiej.webp.webp\",\"keywords\":[\"ca\u0142ej\",\"Grodzkiego\",\"Obywatelskiej\",\"platformie\",\"Sakiewicz\",\"Sprawa\",\"szkodzi\",\"Tomasz\"],\"articleSection\":[\"Aktualne\"],\"inLanguage\":\"pl-PL\",\"potentialAction\":[{\"@type\":\"CommentAction\",\"name\":\"Comment\",\"target\":[\"https:\/\/www.pogotowieflagowe.pl\/aktualne\/tomasz-sakiewicz-sprawa-grodzkiego-szkodzi-calej-platformie-obywatelskiej\/#respond\"]}]},{\"@type\":\"WebPage\",\"@id\":\"https:\/\/www.pogotowieflagowe.pl\/aktualne\/tomasz-sakiewicz-sprawa-grodzkiego-szkodzi-calej-platformie-obywatelskiej\/\",\"url\":\"https:\/\/www.pogotowieflagowe.pl\/aktualne\/tomasz-sakiewicz-sprawa-grodzkiego-szkodzi-calej-platformie-obywatelskiej\/\",\"name\":\"Tomasz Sakiewicz: \u201eSprawa Grodzkiego szkodzi ca\u0142ej Platformie Obywatelskiej!\u201d - POGOTOWIE FLAGOWE\u00ae\",\"isPartOf\":{\"@id\":\"https:\/\/www.pogotowieflagowe.pl\/aktualne\/#website\"},\"primaryImageOfPage\":{\"@id\":\"https:\/\/www.pogotowieflagowe.pl\/aktualne\/tomasz-sakiewicz-sprawa-grodzkiego-szkodzi-calej-platformie-obywatelskiej\/#primaryimage\"},\"image\":{\"@id\":\"https:\/\/www.pogotowieflagowe.pl\/aktualne\/tomasz-sakiewicz-sprawa-grodzkiego-szkodzi-calej-platformie-obywatelskiej\/#primaryimage\"},\"thumbnailUrl\":\"https:\/\/www.pogotowieflagowe.pl\/aktualne\/wp-content\/uploads\/2025\/10\/Tomasz-Sakiewicz-\u201eSprawa-Grodzkiego-szkodzi-calej-Platformie-Obywatelskiej.webp.webp\",\"datePublished\":\"2025-10-23T21:28:37+00:00\",\"dateModified\":\"2025-10-23T21:28:37+00:00\",\"breadcrumb\":{\"@id\":\"https:\/\/www.pogotowieflagowe.pl\/aktualne\/tomasz-sakiewicz-sprawa-grodzkiego-szkodzi-calej-platformie-obywatelskiej\/#breadcrumb\"},\"inLanguage\":\"pl-PL\",\"potentialAction\":[{\"@type\":\"ReadAction\",\"target\":[\"https:\/\/www.pogotowieflagowe.pl\/aktualne\/tomasz-sakiewicz-sprawa-grodzkiego-szkodzi-calej-platformie-obywatelskiej\/\"]}]},{\"@type\":\"ImageObject\",\"inLanguage\":\"pl-PL\",\"@id\":\"https:\/\/www.pogotowieflagowe.pl\/aktualne\/tomasz-sakiewicz-sprawa-grodzkiego-szkodzi-calej-platformie-obywatelskiej\/#primaryimage\",\"url\":\"https:\/\/www.pogotowieflagowe.pl\/aktualne\/wp-content\/uploads\/2025\/10\/Tomasz-Sakiewicz-\u201eSprawa-Grodzkiego-szkodzi-calej-Platformie-Obywatelskiej.webp.webp\",\"contentUrl\":\"https:\/\/www.pogotowieflagowe.pl\/aktualne\/wp-content\/uploads\/2025\/10\/Tomasz-Sakiewicz-\u201eSprawa-Grodzkiego-szkodzi-calej-Platformie-Obywatelskiej.webp.webp\",\"width\":1280,\"height\":720,\"caption\":\"Tomasz Sakiewicz: \u201eSprawa Grodzkiego szkodzi ca\u0142ej Platformie Obywatelskiej!\u201d\"},{\"@type\":\"BreadcrumbList\",\"@id\":\"https:\/\/www.pogotowieflagowe.pl\/aktualne\/tomasz-sakiewicz-sprawa-grodzkiego-szkodzi-calej-platformie-obywatelskiej\/#breadcrumb\",\"itemListElement\":[{\"@type\":\"ListItem\",\"position\":1,\"name\":\"Home\",\"item\":\"https:\/\/www.pogotowieflagowe.pl\/aktualne\/\"},{\"@type\":\"ListItem\",\"position\":2,\"name\":\"Tomasz Sakiewicz: \u201eSprawa Grodzkiego szkodzi ca\u0142ej Platformie Obywatelskiej!\u201d\"}]},{\"@type\":\"WebSite\",\"@id\":\"https:\/\/www.pogotowieflagowe.pl\/aktualne\/#website\",\"url\":\"https:\/\/www.pogotowieflagowe.pl\/aktualne\/\",\"name\":\"POGOTOWIE FLAGOWE\u00ae\",\"description\":\"\",\"publisher\":{\"@id\":\"https:\/\/www.pogotowieflagowe.pl\/aktualne\/#organization\"},\"potentialAction\":[{\"@type\":\"SearchAction\",\"target\":{\"@type\":\"EntryPoint\",\"urlTemplate\":\"https:\/\/www.pogotowieflagowe.pl\/aktualne\/?s={search_term_string}\"},\"query-input\":\"required name=search_term_string\"}],\"inLanguage\":\"pl-PL\"},{\"@type\":\"Organization\",\"@id\":\"https:\/\/www.pogotowieflagowe.pl\/aktualne\/#organization\",\"name\":\"POGOTOWIE FLAGOWE\u00ae\",\"url\":\"https:\/\/www.pogotowieflagowe.pl\/aktualne\/\",\"logo\":{\"@type\":\"ImageObject\",\"inLanguage\":\"pl-PL\",\"@id\":\"https:\/\/www.pogotowieflagowe.pl\/aktualne\/#\/schema\/logo\/image\/\",\"url\":\"https:\/\/www.pogotowieflagowe.pl\/aktualne\/wp-content\/uploads\/2024\/08\/cropped-pogotowieflagowe_flaga_projekt_sm.jpg\",\"contentUrl\":\"https:\/\/www.pogotowieflagowe.pl\/aktualne\/wp-content\/uploads\/2024\/08\/cropped-pogotowieflagowe_flaga_projekt_sm.jpg\",\"width\":250,\"height\":143,\"caption\":\"POGOTOWIE FLAGOWE\u00ae\"},\"image\":{\"@id\":\"https:\/\/www.pogotowieflagowe.pl\/aktualne\/#\/schema\/logo\/image\/\"}},{\"@type\":\"Person\",\"@id\":\"https:\/\/www.pogotowieflagowe.pl\/aktualne\/#\/schema\/person\/9c2fb7d2362ebf6fa088960d7f0d27b0\",\"name\":\"Filip\",\"image\":{\"@type\":\"ImageObject\",\"inLanguage\":\"pl-PL\",\"@id\":\"https:\/\/www.pogotowieflagowe.pl\/aktualne\/#\/schema\/person\/image\/\",\"url\":\"https:\/\/www.pogotowieflagowe.pl\/aktualne\/wp-content\/uploads\/2024\/08\/pogotowieflagowe.pl_.jpg\",\"contentUrl\":\"https:\/\/www.pogotowieflagowe.pl\/aktualne\/wp-content\/uploads\/2024\/08\/pogotowieflagowe.pl_.jpg\",\"caption\":\"Filip\"},\"description\":\"Jestem Filip, polski dziennikarz z dyplomem nauk politycznych Uniwersytetu Warszawskiego. Rozpoczynaj\u0105c swoj\u0105 karier\u0119 w r\u00f3\u017cnych lokalnych mediach, zdoby\u0142em solidne do\u015bwiadczenie w zakresie \u015bledztwa i redakcji. Obecnie jako redaktor w Pogotowie flagowe, staram si\u0119 dostarcza\u0107 dog\u0142\u0119bne i istotne analizy na temat najwa\u017cniejszych kwestii aktualno\u015bci, \u0142\u0105cz\u0105c rygor z pasj\u0105 dziennikarsk\u0105.\",\"sameAs\":[\"https:\/\/www.pogotowieflagowe.pl\/\"]}]}<\/script>\n<!-- \/ Yoast SEO plugin. -->","yoast_head_json":{"title":"Tomasz Sakiewicz: \u201eSprawa Grodzkiego szkodzi ca\u0142ej Platformie Obywatelskiej!\u201d - POGOTOWIE FLAGOWE\u00ae","robots":{"index":"index","follow":"follow","max-snippet":"max-snippet:-1","max-image-preview":"max-image-preview:large","max-video-preview":"max-video-preview:-1"},"canonical":"https:\/\/www.pogotowieflagowe.pl\/aktualne\/tomasz-sakiewicz-sprawa-grodzkiego-szkodzi-calej-platformie-obywatelskiej\/","og_locale":"pl_PL","og_type":"article","og_title":"Tomasz Sakiewicz: \u201eSprawa Grodzkiego szkodzi ca\u0142ej Platformie Obywatelskiej!\u201d - POGOTOWIE FLAGOWE\u00ae","og_description":"&#8222;Gdyby co\u015b takiego wydarzy\u0142o si\u0119 w normalnym kraju, gdyby polityk by\u0142 oskar\u017cany przez tak wiele os\u00f3b, musia\u0142by znikn\u0105\u0107 z powierzchni","og_url":"https:\/\/www.pogotowieflagowe.pl\/aktualne\/tomasz-sakiewicz-sprawa-grodzkiego-szkodzi-calej-platformie-obywatelskiej\/","og_site_name":"POGOTOWIE FLAGOWE\u00ae","article_published_time":"2025-10-23T21:28:37+00:00","og_image":[{"width":1280,"height":720,"url":"https:\/\/www.pogotowieflagowe.pl\/aktualne\/wp-content\/uploads\/2025\/10\/Tomasz-Sakiewicz-\u201eSprawa-Grodzkiego-szkodzi-calej-Platformie-Obywatelskiej.webp.webp","type":"image\/webp"}],"author":"Filip","twitter_card":"summary_large_image","twitter_misc":{"Napisane przez":"Filip","Szacowany czas czytania":"2 minuty"},"schema":{"@context":"https:\/\/schema.org","@graph":[{"@type":"Article","@id":"https:\/\/www.pogotowieflagowe.pl\/aktualne\/tomasz-sakiewicz-sprawa-grodzkiego-szkodzi-calej-platformie-obywatelskiej\/#article","isPartOf":{"@id":"https:\/\/www.pogotowieflagowe.pl\/aktualne\/tomasz-sakiewicz-sprawa-grodzkiego-szkodzi-calej-platformie-obywatelskiej\/"},"author":{"name":"Filip","@id":"https:\/\/www.pogotowieflagowe.pl\/aktualne\/#\/schema\/person\/9c2fb7d2362ebf6fa088960d7f0d27b0"},"headline":"Tomasz Sakiewicz: \u201eSprawa Grodzkiego szkodzi ca\u0142ej Platformie Obywatelskiej!\u201d","datePublished":"2025-10-23T21:28:37+00:00","dateModified":"2025-10-23T21:28:37+00:00","mainEntityOfPage":{"@id":"https:\/\/www.pogotowieflagowe.pl\/aktualne\/tomasz-sakiewicz-sprawa-grodzkiego-szkodzi-calej-platformie-obywatelskiej\/"},"wordCount":409,"commentCount":0,"publisher":{"@id":"https:\/\/www.pogotowieflagowe.pl\/aktualne\/#organization"},"image":{"@id":"https:\/\/www.pogotowieflagowe.pl\/aktualne\/tomasz-sakiewicz-sprawa-grodzkiego-szkodzi-calej-platformie-obywatelskiej\/#primaryimage"},"thumbnailUrl":"https:\/\/www.pogotowieflagowe.pl\/aktualne\/wp-content\/uploads\/2025\/10\/Tomasz-Sakiewicz-\u201eSprawa-Grodzkiego-szkodzi-calej-Platformie-Obywatelskiej.webp.webp","keywords":["ca\u0142ej","Grodzkiego","Obywatelskiej","platformie","Sakiewicz","Sprawa","szkodzi","Tomasz"],"articleSection":["Aktualne"],"inLanguage":"pl-PL","potentialAction":[{"@type":"CommentAction","name":"Comment","target":["https:\/\/www.pogotowieflagowe.pl\/aktualne\/tomasz-sakiewicz-sprawa-grodzkiego-szkodzi-calej-platformie-obywatelskiej\/#respond"]}]},{"@type":"WebPage","@id":"https:\/\/www.pogotowieflagowe.pl\/aktualne\/tomasz-sakiewicz-sprawa-grodzkiego-szkodzi-calej-platformie-obywatelskiej\/","url":"https:\/\/www.pogotowieflagowe.pl\/aktualne\/tomasz-sakiewicz-sprawa-grodzkiego-szkodzi-calej-platformie-obywatelskiej\/","name":"Tomasz Sakiewicz: \u201eSprawa Grodzkiego szkodzi ca\u0142ej Platformie Obywatelskiej!\u201d - POGOTOWIE FLAGOWE\u00ae","isPartOf":{"@id":"https:\/\/www.pogotowieflagowe.pl\/aktualne\/#website"},"primaryImageOfPage":{"@id":"https:\/\/www.pogotowieflagowe.pl\/aktualne\/tomasz-sakiewicz-sprawa-grodzkiego-szkodzi-calej-platformie-obywatelskiej\/#primaryimage"},"image":{"@id":"https:\/\/www.pogotowieflagowe.pl\/aktualne\/tomasz-sakiewicz-sprawa-grodzkiego-szkodzi-calej-platformie-obywatelskiej\/#primaryimage"},"thumbnailUrl":"https:\/\/www.pogotowieflagowe.pl\/aktualne\/wp-content\/uploads\/2025\/10\/Tomasz-Sakiewicz-\u201eSprawa-Grodzkiego-szkodzi-calej-Platformie-Obywatelskiej.webp.webp","datePublished":"2025-10-23T21:28:37+00:00","dateModified":"2025-10-23T21:28:37+00:00","breadcrumb":{"@id":"https:\/\/www.pogotowieflagowe.pl\/aktualne\/tomasz-sakiewicz-sprawa-grodzkiego-szkodzi-calej-platformie-obywatelskiej\/#breadcrumb"},"inLanguage":"pl-PL","potentialAction":[{"@type":"ReadAction","target":["https:\/\/www.pogotowieflagowe.pl\/aktualne\/tomasz-sakiewicz-sprawa-grodzkiego-szkodzi-calej-platformie-obywatelskiej\/"]}]},{"@type":"ImageObject","inLanguage":"pl-PL","@id":"https:\/\/www.pogotowieflagowe.pl\/aktualne\/tomasz-sakiewicz-sprawa-grodzkiego-szkodzi-calej-platformie-obywatelskiej\/#primaryimage","url":"https:\/\/www.pogotowieflagowe.pl\/aktualne\/wp-content\/uploads\/2025\/10\/Tomasz-Sakiewicz-\u201eSprawa-Grodzkiego-szkodzi-calej-Platformie-Obywatelskiej.webp.webp","contentUrl":"https:\/\/www.pogotowieflagowe.pl\/aktualne\/wp-content\/uploads\/2025\/10\/Tomasz-Sakiewicz-\u201eSprawa-Grodzkiego-szkodzi-calej-Platformie-Obywatelskiej.webp.webp","width":1280,"height":720,"caption":"Tomasz Sakiewicz: \u201eSprawa Grodzkiego szkodzi ca\u0142ej Platformie Obywatelskiej!\u201d"},{"@type":"BreadcrumbList","@id":"https:\/\/www.pogotowieflagowe.pl\/aktualne\/tomasz-sakiewicz-sprawa-grodzkiego-szkodzi-calej-platformie-obywatelskiej\/#breadcrumb","itemListElement":[{"@type":"ListItem","position":1,"name":"Home","item":"https:\/\/www.pogotowieflagowe.pl\/aktualne\/"},{"@type":"ListItem","position":2,"name":"Tomasz Sakiewicz: \u201eSprawa Grodzkiego szkodzi ca\u0142ej Platformie Obywatelskiej!\u201d"}]},{"@type":"WebSite","@id":"https:\/\/www.pogotowieflagowe.pl\/aktualne\/#website","url":"https:\/\/www.pogotowieflagowe.pl\/aktualne\/","name":"POGOTOWIE FLAGOWE\u00ae","description":"","publisher":{"@id":"https:\/\/www.pogotowieflagowe.pl\/aktualne\/#organization"},"potentialAction":[{"@type":"SearchAction","target":{"@type":"EntryPoint","urlTemplate":"https:\/\/www.pogotowieflagowe.pl\/aktualne\/?s={search_term_string}"},"query-input":"required name=search_term_string"}],"inLanguage":"pl-PL"},{"@type":"Organization","@id":"https:\/\/www.pogotowieflagowe.pl\/aktualne\/#organization","name":"POGOTOWIE FLAGOWE\u00ae","url":"https:\/\/www.pogotowieflagowe.pl\/aktualne\/","logo":{"@type":"ImageObject","inLanguage":"pl-PL","@id":"https:\/\/www.pogotowieflagowe.pl\/aktualne\/#\/schema\/logo\/image\/","url":"https:\/\/www.pogotowieflagowe.pl\/aktualne\/wp-content\/uploads\/2024\/08\/cropped-pogotowieflagowe_flaga_projekt_sm.jpg","contentUrl":"https:\/\/www.pogotowieflagowe.pl\/aktualne\/wp-content\/uploads\/2024\/08\/cropped-pogotowieflagowe_flaga_projekt_sm.jpg","width":250,"height":143,"caption":"POGOTOWIE FLAGOWE\u00ae"},"image":{"@id":"https:\/\/www.pogotowieflagowe.pl\/aktualne\/#\/schema\/logo\/image\/"}},{"@type":"Person","@id":"https:\/\/www.pogotowieflagowe.pl\/aktualne\/#\/schema\/person\/9c2fb7d2362ebf6fa088960d7f0d27b0","name":"Filip","image":{"@type":"ImageObject","inLanguage":"pl-PL","@id":"https:\/\/www.pogotowieflagowe.pl\/aktualne\/#\/schema\/person\/image\/","url":"https:\/\/www.pogotowieflagowe.pl\/aktualne\/wp-content\/uploads\/2024\/08\/pogotowieflagowe.pl_.jpg","contentUrl":"https:\/\/www.pogotowieflagowe.pl\/aktualne\/wp-content\/uploads\/2024\/08\/pogotowieflagowe.pl_.jpg","caption":"Filip"},"description":"Jestem Filip, polski dziennikarz z dyplomem nauk politycznych Uniwersytetu Warszawskiego. Rozpoczynaj\u0105c swoj\u0105 karier\u0119 w r\u00f3\u017cnych lokalnych mediach, zdoby\u0142em solidne do\u015bwiadczenie w zakresie \u015bledztwa i redakcji. Obecnie jako redaktor w Pogotowie flagowe, staram si\u0119 dostarcza\u0107 dog\u0142\u0119bne i istotne analizy na temat najwa\u017cniejszych kwestii aktualno\u015bci, \u0142\u0105cz\u0105c rygor z pasj\u0105 dziennikarsk\u0105.","sameAs":["https:\/\/www.pogotowieflagowe.pl\/"]}]}},"_links":{"self":[{"href":"https:\/\/www.pogotowieflagowe.pl\/aktualne\/wp-json\/wp\/v2\/posts\/9750","targetHints":{"allow":["GET"]}}],"collection":[{"href":"https:\/\/www.pogotowieflagowe.pl\/aktualne\/wp-json\/wp\/v2\/posts"}],"about":[{"href":"https:\/\/www.pogotowieflagowe.pl\/aktualne\/wp-json\/wp\/v2\/types\/post"}],"author":[{"embeddable":true,"href":"https:\/\/www.pogotowieflagowe.pl\/aktualne\/wp-json\/wp\/v2\/users\/1"}],"replies":[{"embeddable":true,"href":"https:\/\/www.pogotowieflagowe.pl\/aktualne\/wp-json\/wp\/v2\/comments?post=9750"}],"version-history":[{"count":1,"href":"https:\/\/www.pogotowieflagowe.pl\/aktualne\/wp-json\/wp\/v2\/posts\/9750\/revisions"}],"predecessor-version":[{"id":9752,"href":"https:\/\/www.pogotowieflagowe.pl\/aktualne\/wp-json\/wp\/v2\/posts\/9750\/revisions\/9752"}],"wp:featuredmedia":[{"embeddable":true,"href":"https:\/\/www.pogotowieflagowe.pl\/aktualne\/wp-json\/wp\/v2\/media\/9751"}],"wp:attachment":[{"href":"https:\/\/www.pogotowieflagowe.pl\/aktualne\/wp-json\/wp\/v2\/media?parent=9750"}],"wp:term":[{"taxonomy":"category","embeddable":true,"href":"https:\/\/www.pogotowieflagowe.pl\/aktualne\/wp-json\/wp\/v2\/categories?post=9750"},{"taxonomy":"post_tag","embeddable":true,"href":"https:\/\/www.pogotowieflagowe.pl\/aktualne\/wp-json\/wp\/v2\/tags?post=9750"}],"curies":[{"name":"wp","href":"https:\/\/api.w.org\/{rel}","templated":true}]}}