{"id":9753,"date":"2025-10-24T04:08:13","date_gmt":"2025-10-24T02:08:13","guid":{"rendered":"https:\/\/www.pogotowieflagowe.pl\/aktualne\/wszystko-czego-sie-dotknie-zamienia-sie-w-polityczne-zloto-cieszynski-ja-tez-licze-na-pakt-senatu\/"},"modified":"2025-10-24T04:08:13","modified_gmt":"2025-10-24T02:08:13","slug":"wszystko-czego-sie-dotknie-zamienia-sie-w-polityczne-zloto-cieszynski-ja-tez-licze-na-pakt-senatu","status":"publish","type":"post","link":"https:\/\/www.pogotowieflagowe.pl\/aktualne\/wszystko-czego-sie-dotknie-zamienia-sie-w-polityczne-zloto-cieszynski-ja-tez-licze-na-pakt-senatu\/","title":{"rendered":"\u201eWszystko, czego si\u0119 dotknie, zamienia si\u0119 w polityczne z\u0142oto\u201d. Cieszy\u0144ski: Ja te\u017c licz\u0119 na pakt Senatu"},"content":{"rendered":"\n<div class=\"td_block_wrap tdb_single_content tdi_41 td-pb-border-top td_block_template_8 td-post-content tagdiv-type\" data-td-block-uid=\"tdi_41\">\n<style>.tdi_41{margines-top:0px!important;margin-bottom:0px!important;dope\u0142nienie-g\u00f3ra:0px!important;dope\u0142nienie-d\u00f3\u0142:0px!important}<\/style>\n<style>.tdb_single_content{margin-bottom:0;*zoom:1}.tdb_single_content:before,.tdb_single_content:after{display:table;content:'';line-height:0}.tdb_single_content:after{clear:both}.tdb_single_content .tdb-block-inner>*:not(.wp-block-quote):not(.alignwide):not(.alignfull.wp-block-cover.has-parallax):not(.td-a-ad){margin-left:auto;margin-right:auto}.tdb_single_content a{pointer-events:auto}.tdb_single_content .td-spot-id-top_ad .tdc-placeholder-title:before{content:'Article Top Ad'!important}.tdb_single_content .td-spot-id-inline_ad0 .tdc-placeholder-title:before{content:'Article Reklama wbudowana 1'!important}.tdb_single_content .td-spot-id-inline_ad1 .tdc-placeholder-title:before{content:'Reklama wbudowana w artyku\u0142 2'!important}.tdb_single_content .td-spot-id-inline_ad2 .tdc-placeholder-title:before{content:'Reklama w tek\u015bcie artyku\u0142u 3'!important}.tdb_single_content .td-spot-id-bottom_ad .tdc-placeholder-title:before{content:'Article Bottom Ad'!important}.tdb_single_content .id_top_ad,.tdb_single_content .id_bottom_ad{clear:both;margin-bottom:21px;text-align:center}.tdb_single_content .id_top_ad img,.tdb_single_content .id_bottom_ad img{margin-bottom:0}.tdb_single_content .id_top_ad .adsbygoogle,.tdb_single_content .id_bottom_ad .adsbygoogle{position:relative}.tdb_single_content .id_ad_content-horiz-left,.tdb_single_content .id_ad_content-horiz-right,.tdb_single_content .id_ad_content-horiz-center{margin-bottom:15px}.tdb_single_content .id_ad_content-horiz-left img,.tdb_single_content .id_ad_content-horiz-right img,.tdb_single_content .id_ad_content-horiz-center img{margin-bottom:0}.tdb_single_content .id_ad_content-horiz-center{text-align:center}.tdb_single_content .id_ad_content-horiz-center img{margin-right:auto;margin-left:auto}.tdb_single_content .id_ad_content-horiz-left{float:left;margin-top:9px;margin-right:21px}.tdb_single_content .id_ad_content-horiz-right{float:right;margin-top:6px;margin-left:21px}.tdb_single_content .tdc-a-ad .tdc-placeholder-title{width:300px;height:250px}.tdb_single_content .tdc-a-ad .tdc-placeholder-title:before{position:absolute;top:50%;-webkit-transform:translateY(-50%);transform:translateY(-50%);margin:auto;display:table;width:100%}.tdb_single_content .tdb-block-inner.td-fix-index{word-break:break-word}.tdi_41,.tdi_41>p,.tdi_41 .tdb-block-inner>p,.wp-block-column>p{font-size:16px!important;line-height:1.6!important}.tdi_41 .tdb-block-inner cytat blokowy p{font-style:normal!important}@media (max-width:767px){.tdb_single_content .id_ad_content-horiz-left,.tdb_single_content .id_ad_content-horiz-right,.tdb_single_content .id_ad_content-horiz-center{margin:0 auto 26 pikseli auto}}@media (max-width:767px){.tdb_single_content .id_ad_content-horiz-left{margin-right:0}}@media (max-width:767px){.tdb_single_content .id_ad_content-horiz-right{margin-left:0}}@media (max-width:767px){.tdb_single_content .td-a-ad{float:none;text-align:center}.tdb_single_content .td-a-ad img{margin-right:auto;margin-left:auto}.tdb_single_content .tdc-a-ad{float:none}}<\/style>\n<div class=\"tdb-block-inner td-fix-index\">\n<p>\u201eDzi\u015b w polskiej polityce wszystko, czego dotknie prezydent Karol Nawrocki, zamienia si\u0119 w polityczne z\u0142oto\u201d \u2013 oceni\u0142 Janusz Cieszy\u0144ski (PiS). Zapytany przez radio o potencjalny \u201epakt Senatu\u201d PiS z Konfederacj\u0105 Cieszy\u0144ski przyzna\u0142, \u017ce ma nadziej\u0119, \u017ce b\u0119dzie to kolejny przyk\u0142ad \u201ez\u0142otego dotyku\u201d prezydenta.<\/p>\n<p>Na pocz\u0105tku pa\u017adziernika pomys\u0142 zawarcia prawicowego paktu senackiego po raz pierwszy podni\u00f3s\u0142 przyw\u00f3dca Konfederacji S\u0142awomir Mentzen. \u201eGdyby Karol Nawrocki by\u0142 gospodarzem paktu Senatu jednocz\u0105cego szerokie si\u0142y prawicowe, by\u0142oby to bardzo ciekawe rozwi\u0105zanie\u201d \u2013 powiedzia\u0142 w\u00f3wczas w rozmowie z Radiem Zet. Jak si\u0119 p\u00f3\u017aniej okaza\u0142o, pogl\u0105d ten podziela\u0142 Jaros\u0142aw Kaczy\u0144ski. Prezes PiS stwierdzi\u0142, \u017ce pomys\u0142 jest \u201eracjonalny\u201d, pod warunkiem, \u017ce taki pakt b\u0119dzie realizowany pod patronatem prezydenta.<\/p>\n<p>Taki \u201epakt\u201d \u2013 argumentowa\u0142 Kaczy\u0144ski \u2013 m\u00f3g\u0142by by\u0107 skuteczniejszy ni\u017c obecny, utworzony przez Koalicj\u0119 13 Grudnia. \u201e\u0141atwo policzy\u0107, \u017ce gdyby nasza strona zawar\u0142a taki pakt, to te\u017c by\u0142by on skuteczny \u2013 nawet bardziej ni\u017c ich \u2013 i dlatego warto o tym m\u00f3wi\u0107\u201d \u2013 powiedzia\u0142 Kaczy\u0144ski.<\/p>\n<p>Przez kilka kolejnych dni o pomy\u015ble nie by\u0142o g\u0142o\u015bno \u2013 a\u017c do dzisiaj, kiedy by\u0142y minister cyfryzacji Janusz Cieszy\u0144ski zach\u0119ca\u0142 prezydenta do dzia\u0142ania. Zapytany w 1. Polskim Radiu, czy prawicowy pakt Senatu rzeczywi\u015bcie dojdzie do skutku, Cieszy\u0144ski przyzna\u0142, \u017ce jeszcze nie wie, ale stwierdzi\u0142, \u017ce jest za takim rozwi\u0105zaniem.<\/p>\n<p>Pochwali\u0142 tak\u017ce Prezydenta Karola Nawrockiego:<\/p>\n<blockquote class=\"wp-block-quote is-layout-flow wp-block-quote-is-layout-flow\">\n<p>&#8222;My\u015bl\u0119, \u017ce dzi\u015b w polskiej polityce wszystko, czego dotknie prezydent Karol Nawrocki, zamienia si\u0119 w polityczne z\u0142oto. Chcia\u0142bym wi\u0119c, aby Pakt Senatu r\u00f3wnie\u017c na to m\u00f3g\u0142 liczy\u0107. Jak to si\u0119 u\u0142o\u017cy, zobaczymy&#8221; &#8211; powiedzia\u0142 Janusz Cieszy\u0144ski.<\/p>\n<\/blockquote>\n<\/div>\n<\/div>\n","protected":false},"excerpt":{"rendered":"<p>\u201eDzi\u015b w polskiej polityce wszystko, czego dotknie prezydent Karol Nawrocki, zamienia si\u0119 w polityczne z\u0142oto\u201d \u2013 oceni\u0142 Janusz Cieszy\u0144ski (PiS).<\/p>\n","protected":false},"author":1,"featured_media":7156,"comment_status":"open","ping_status":"open","sticky":false,"template":"","format":"standard","meta":{"footnotes":""},"categories":[4748],"tags":[8968,6460,11252,11254,2392,671,9762,150,7220,4769,11253,603],"class_list":["post-9753","post","type-post","status-publish","format-standard","has-post-thumbnail","hentry","category-aktualne","tag-cieszynski","tag-czego","tag-dotknie","tag-licze","tag-pakt","tag-polityczne","tag-senatu","tag-sie","tag-tez","tag-wszystko","tag-zamienia","tag-zloto","generate-columns","tablet-grid-50","mobile-grid-100","grid-parent","grid-50","resize-featured-image"],"yoast_head":"<!-- This site is optimized with the Yoast SEO plugin v23.2 - https:\/\/yoast.com\/wordpress\/plugins\/seo\/ -->\n<title>\u201eWszystko, czego si\u0119 dotknie, zamienia si\u0119 w polityczne z\u0142oto\u201d. Cieszy\u0144ski: Ja te\u017c licz\u0119 na pakt Senatu - POGOTOWIE FLAGOWE\u00ae<\/title>\n<meta name=\"robots\" content=\"index, follow, max-snippet:-1, max-image-preview:large, max-video-preview:-1\" \/>\n<link rel=\"canonical\" href=\"https:\/\/www.pogotowieflagowe.pl\/aktualne\/wszystko-czego-sie-dotknie-zamienia-sie-w-polityczne-zloto-cieszynski-ja-tez-licze-na-pakt-senatu\/\" \/>\n<meta property=\"og:locale\" content=\"pl_PL\" \/>\n<meta property=\"og:type\" content=\"article\" \/>\n<meta property=\"og:title\" content=\"\u201eWszystko, czego si\u0119 dotknie, zamienia si\u0119 w polityczne z\u0142oto\u201d. Cieszy\u0144ski: Ja te\u017c licz\u0119 na pakt Senatu - POGOTOWIE FLAGOWE\u00ae\" \/>\n<meta property=\"og:description\" content=\"\u201eDzi\u015b w polskiej polityce wszystko, czego dotknie prezydent Karol Nawrocki, zamienia si\u0119 w polityczne z\u0142oto\u201d \u2013 oceni\u0142 Janusz Cieszy\u0144ski (PiS).\" \/>\n<meta property=\"og:url\" content=\"https:\/\/www.pogotowieflagowe.pl\/aktualne\/wszystko-czego-sie-dotknie-zamienia-sie-w-polityczne-zloto-cieszynski-ja-tez-licze-na-pakt-senatu\/\" \/>\n<meta property=\"og:site_name\" content=\"POGOTOWIE FLAGOWE\u00ae\" \/>\n<meta property=\"article:published_time\" content=\"2025-10-24T02:08:13+00:00\" \/>\n<meta property=\"og:image\" content=\"https:\/\/www.pogotowieflagowe.pl\/aktualne\/wp-content\/uploads\/2025\/08\/Prezydent-Nawrocki-na-spotkanie-z-premierem-Tuska-na-prosbe-Tuska.webp.webp\" \/>\n\t<meta property=\"og:image:width\" content=\"1280\" \/>\n\t<meta property=\"og:image:height\" content=\"719\" \/>\n\t<meta property=\"og:image:type\" content=\"image\/webp\" \/>\n<meta name=\"author\" content=\"Filip\" \/>\n<meta name=\"twitter:card\" content=\"summary_large_image\" \/>\n<meta name=\"twitter:label1\" content=\"Napisane przez\" \/>\n\t<meta name=\"twitter:data1\" content=\"Filip\" \/>\n\t<meta name=\"twitter:label2\" content=\"Szacowany czas czytania\" \/>\n\t<meta name=\"twitter:data2\" content=\"1 minuta\" \/>\n<script type=\"application\/ld+json\" class=\"yoast-schema-graph\">{\"@context\":\"https:\/\/schema.org\",\"@graph\":[{\"@type\":\"Article\",\"@id\":\"https:\/\/www.pogotowieflagowe.pl\/aktualne\/wszystko-czego-sie-dotknie-zamienia-sie-w-polityczne-zloto-cieszynski-ja-tez-licze-na-pakt-senatu\/#article\",\"isPartOf\":{\"@id\":\"https:\/\/www.pogotowieflagowe.pl\/aktualne\/wszystko-czego-sie-dotknie-zamienia-sie-w-polityczne-zloto-cieszynski-ja-tez-licze-na-pakt-senatu\/\"},\"author\":{\"name\":\"Filip\",\"@id\":\"https:\/\/www.pogotowieflagowe.pl\/aktualne\/#\/schema\/person\/9c2fb7d2362ebf6fa088960d7f0d27b0\"},\"headline\":\"\u201eWszystko, czego si\u0119 dotknie, zamienia si\u0119 w polityczne z\u0142oto\u201d. Cieszy\u0144ski: Ja te\u017c licz\u0119 na pakt Senatu\",\"datePublished\":\"2025-10-24T02:08:13+00:00\",\"dateModified\":\"2025-10-24T02:08:13+00:00\",\"mainEntityOfPage\":{\"@id\":\"https:\/\/www.pogotowieflagowe.pl\/aktualne\/wszystko-czego-sie-dotknie-zamienia-sie-w-polityczne-zloto-cieszynski-ja-tez-licze-na-pakt-senatu\/\"},\"wordCount\":302,\"commentCount\":0,\"publisher\":{\"@id\":\"https:\/\/www.pogotowieflagowe.pl\/aktualne\/#organization\"},\"image\":{\"@id\":\"https:\/\/www.pogotowieflagowe.pl\/aktualne\/wszystko-czego-sie-dotknie-zamienia-sie-w-polityczne-zloto-cieszynski-ja-tez-licze-na-pakt-senatu\/#primaryimage\"},\"thumbnailUrl\":\"https:\/\/www.pogotowieflagowe.pl\/aktualne\/wp-content\/uploads\/2025\/08\/Prezydent-Nawrocki-na-spotkanie-z-premierem-Tuska-na-prosbe-Tuska.webp.webp\",\"keywords\":[\"Cieszy\u0144ski\",\"czego\",\"dotknie\",\"licz\u0119\",\"pakt\",\"polityczne\",\"Senatu\",\"si\u0119\",\"te\u017c\",\"wszystko\",\"zamienia\",\"z\u0142oto\"],\"articleSection\":[\"Aktualne\"],\"inLanguage\":\"pl-PL\",\"potentialAction\":[{\"@type\":\"CommentAction\",\"name\":\"Comment\",\"target\":[\"https:\/\/www.pogotowieflagowe.pl\/aktualne\/wszystko-czego-sie-dotknie-zamienia-sie-w-polityczne-zloto-cieszynski-ja-tez-licze-na-pakt-senatu\/#respond\"]}]},{\"@type\":\"WebPage\",\"@id\":\"https:\/\/www.pogotowieflagowe.pl\/aktualne\/wszystko-czego-sie-dotknie-zamienia-sie-w-polityczne-zloto-cieszynski-ja-tez-licze-na-pakt-senatu\/\",\"url\":\"https:\/\/www.pogotowieflagowe.pl\/aktualne\/wszystko-czego-sie-dotknie-zamienia-sie-w-polityczne-zloto-cieszynski-ja-tez-licze-na-pakt-senatu\/\",\"name\":\"\u201eWszystko, czego si\u0119 dotknie, zamienia si\u0119 w polityczne z\u0142oto\u201d. Cieszy\u0144ski: Ja te\u017c licz\u0119 na pakt Senatu - POGOTOWIE FLAGOWE\u00ae\",\"isPartOf\":{\"@id\":\"https:\/\/www.pogotowieflagowe.pl\/aktualne\/#website\"},\"primaryImageOfPage\":{\"@id\":\"https:\/\/www.pogotowieflagowe.pl\/aktualne\/wszystko-czego-sie-dotknie-zamienia-sie-w-polityczne-zloto-cieszynski-ja-tez-licze-na-pakt-senatu\/#primaryimage\"},\"image\":{\"@id\":\"https:\/\/www.pogotowieflagowe.pl\/aktualne\/wszystko-czego-sie-dotknie-zamienia-sie-w-polityczne-zloto-cieszynski-ja-tez-licze-na-pakt-senatu\/#primaryimage\"},\"thumbnailUrl\":\"https:\/\/www.pogotowieflagowe.pl\/aktualne\/wp-content\/uploads\/2025\/08\/Prezydent-Nawrocki-na-spotkanie-z-premierem-Tuska-na-prosbe-Tuska.webp.webp\",\"datePublished\":\"2025-10-24T02:08:13+00:00\",\"dateModified\":\"2025-10-24T02:08:13+00:00\",\"breadcrumb\":{\"@id\":\"https:\/\/www.pogotowieflagowe.pl\/aktualne\/wszystko-czego-sie-dotknie-zamienia-sie-w-polityczne-zloto-cieszynski-ja-tez-licze-na-pakt-senatu\/#breadcrumb\"},\"inLanguage\":\"pl-PL\",\"potentialAction\":[{\"@type\":\"ReadAction\",\"target\":[\"https:\/\/www.pogotowieflagowe.pl\/aktualne\/wszystko-czego-sie-dotknie-zamienia-sie-w-polityczne-zloto-cieszynski-ja-tez-licze-na-pakt-senatu\/\"]}]},{\"@type\":\"ImageObject\",\"inLanguage\":\"pl-PL\",\"@id\":\"https:\/\/www.pogotowieflagowe.pl\/aktualne\/wszystko-czego-sie-dotknie-zamienia-sie-w-polityczne-zloto-cieszynski-ja-tez-licze-na-pakt-senatu\/#primaryimage\",\"url\":\"https:\/\/www.pogotowieflagowe.pl\/aktualne\/wp-content\/uploads\/2025\/08\/Prezydent-Nawrocki-na-spotkanie-z-premierem-Tuska-na-prosbe-Tuska.webp.webp\",\"contentUrl\":\"https:\/\/www.pogotowieflagowe.pl\/aktualne\/wp-content\/uploads\/2025\/08\/Prezydent-Nawrocki-na-spotkanie-z-premierem-Tuska-na-prosbe-Tuska.webp.webp\",\"width\":1280,\"height\":719,\"caption\":\"Prezydent Nawrocki na spotkanie z premierem Tuska na pro\u015bb\u0119 Tuska\"},{\"@type\":\"BreadcrumbList\",\"@id\":\"https:\/\/www.pogotowieflagowe.pl\/aktualne\/wszystko-czego-sie-dotknie-zamienia-sie-w-polityczne-zloto-cieszynski-ja-tez-licze-na-pakt-senatu\/#breadcrumb\",\"itemListElement\":[{\"@type\":\"ListItem\",\"position\":1,\"name\":\"Home\",\"item\":\"https:\/\/www.pogotowieflagowe.pl\/aktualne\/\"},{\"@type\":\"ListItem\",\"position\":2,\"name\":\"\u201eWszystko, czego si\u0119 dotknie, zamienia si\u0119 w polityczne z\u0142oto\u201d. Cieszy\u0144ski: Ja te\u017c licz\u0119 na pakt Senatu\"}]},{\"@type\":\"WebSite\",\"@id\":\"https:\/\/www.pogotowieflagowe.pl\/aktualne\/#website\",\"url\":\"https:\/\/www.pogotowieflagowe.pl\/aktualne\/\",\"name\":\"POGOTOWIE FLAGOWE\u00ae\",\"description\":\"\",\"publisher\":{\"@id\":\"https:\/\/www.pogotowieflagowe.pl\/aktualne\/#organization\"},\"potentialAction\":[{\"@type\":\"SearchAction\",\"target\":{\"@type\":\"EntryPoint\",\"urlTemplate\":\"https:\/\/www.pogotowieflagowe.pl\/aktualne\/?s={search_term_string}\"},\"query-input\":\"required name=search_term_string\"}],\"inLanguage\":\"pl-PL\"},{\"@type\":\"Organization\",\"@id\":\"https:\/\/www.pogotowieflagowe.pl\/aktualne\/#organization\",\"name\":\"POGOTOWIE FLAGOWE\u00ae\",\"url\":\"https:\/\/www.pogotowieflagowe.pl\/aktualne\/\",\"logo\":{\"@type\":\"ImageObject\",\"inLanguage\":\"pl-PL\",\"@id\":\"https:\/\/www.pogotowieflagowe.pl\/aktualne\/#\/schema\/logo\/image\/\",\"url\":\"https:\/\/www.pogotowieflagowe.pl\/aktualne\/wp-content\/uploads\/2024\/08\/cropped-pogotowieflagowe_flaga_projekt_sm.jpg\",\"contentUrl\":\"https:\/\/www.pogotowieflagowe.pl\/aktualne\/wp-content\/uploads\/2024\/08\/cropped-pogotowieflagowe_flaga_projekt_sm.jpg\",\"width\":250,\"height\":143,\"caption\":\"POGOTOWIE FLAGOWE\u00ae\"},\"image\":{\"@id\":\"https:\/\/www.pogotowieflagowe.pl\/aktualne\/#\/schema\/logo\/image\/\"}},{\"@type\":\"Person\",\"@id\":\"https:\/\/www.pogotowieflagowe.pl\/aktualne\/#\/schema\/person\/9c2fb7d2362ebf6fa088960d7f0d27b0\",\"name\":\"Filip\",\"image\":{\"@type\":\"ImageObject\",\"inLanguage\":\"pl-PL\",\"@id\":\"https:\/\/www.pogotowieflagowe.pl\/aktualne\/#\/schema\/person\/image\/\",\"url\":\"https:\/\/www.pogotowieflagowe.pl\/aktualne\/wp-content\/uploads\/2024\/08\/pogotowieflagowe.pl_.jpg\",\"contentUrl\":\"https:\/\/www.pogotowieflagowe.pl\/aktualne\/wp-content\/uploads\/2024\/08\/pogotowieflagowe.pl_.jpg\",\"caption\":\"Filip\"},\"description\":\"Jestem Filip, polski dziennikarz z dyplomem nauk politycznych Uniwersytetu Warszawskiego. Rozpoczynaj\u0105c swoj\u0105 karier\u0119 w r\u00f3\u017cnych lokalnych mediach, zdoby\u0142em solidne do\u015bwiadczenie w zakresie \u015bledztwa i redakcji. Obecnie jako redaktor w Pogotowie flagowe, staram si\u0119 dostarcza\u0107 dog\u0142\u0119bne i istotne analizy na temat najwa\u017cniejszych kwestii aktualno\u015bci, \u0142\u0105cz\u0105c rygor z pasj\u0105 dziennikarsk\u0105.\",\"sameAs\":[\"https:\/\/www.pogotowieflagowe.pl\/\"]}]}<\/script>\n<!-- \/ Yoast SEO plugin. -->","yoast_head_json":{"title":"\u201eWszystko, czego si\u0119 dotknie, zamienia si\u0119 w polityczne z\u0142oto\u201d. Cieszy\u0144ski: Ja te\u017c licz\u0119 na pakt Senatu - POGOTOWIE FLAGOWE\u00ae","robots":{"index":"index","follow":"follow","max-snippet":"max-snippet:-1","max-image-preview":"max-image-preview:large","max-video-preview":"max-video-preview:-1"},"canonical":"https:\/\/www.pogotowieflagowe.pl\/aktualne\/wszystko-czego-sie-dotknie-zamienia-sie-w-polityczne-zloto-cieszynski-ja-tez-licze-na-pakt-senatu\/","og_locale":"pl_PL","og_type":"article","og_title":"\u201eWszystko, czego si\u0119 dotknie, zamienia si\u0119 w polityczne z\u0142oto\u201d. Cieszy\u0144ski: Ja te\u017c licz\u0119 na pakt Senatu - POGOTOWIE FLAGOWE\u00ae","og_description":"\u201eDzi\u015b w polskiej polityce wszystko, czego dotknie prezydent Karol Nawrocki, zamienia si\u0119 w polityczne z\u0142oto\u201d \u2013 oceni\u0142 Janusz Cieszy\u0144ski (PiS).","og_url":"https:\/\/www.pogotowieflagowe.pl\/aktualne\/wszystko-czego-sie-dotknie-zamienia-sie-w-polityczne-zloto-cieszynski-ja-tez-licze-na-pakt-senatu\/","og_site_name":"POGOTOWIE FLAGOWE\u00ae","article_published_time":"2025-10-24T02:08:13+00:00","og_image":[{"width":1280,"height":719,"url":"https:\/\/www.pogotowieflagowe.pl\/aktualne\/wp-content\/uploads\/2025\/08\/Prezydent-Nawrocki-na-spotkanie-z-premierem-Tuska-na-prosbe-Tuska.webp.webp","type":"image\/webp"}],"author":"Filip","twitter_card":"summary_large_image","twitter_misc":{"Napisane przez":"Filip","Szacowany czas czytania":"1 minuta"},"schema":{"@context":"https:\/\/schema.org","@graph":[{"@type":"Article","@id":"https:\/\/www.pogotowieflagowe.pl\/aktualne\/wszystko-czego-sie-dotknie-zamienia-sie-w-polityczne-zloto-cieszynski-ja-tez-licze-na-pakt-senatu\/#article","isPartOf":{"@id":"https:\/\/www.pogotowieflagowe.pl\/aktualne\/wszystko-czego-sie-dotknie-zamienia-sie-w-polityczne-zloto-cieszynski-ja-tez-licze-na-pakt-senatu\/"},"author":{"name":"Filip","@id":"https:\/\/www.pogotowieflagowe.pl\/aktualne\/#\/schema\/person\/9c2fb7d2362ebf6fa088960d7f0d27b0"},"headline":"\u201eWszystko, czego si\u0119 dotknie, zamienia si\u0119 w polityczne z\u0142oto\u201d. Cieszy\u0144ski: Ja te\u017c licz\u0119 na pakt Senatu","datePublished":"2025-10-24T02:08:13+00:00","dateModified":"2025-10-24T02:08:13+00:00","mainEntityOfPage":{"@id":"https:\/\/www.pogotowieflagowe.pl\/aktualne\/wszystko-czego-sie-dotknie-zamienia-sie-w-polityczne-zloto-cieszynski-ja-tez-licze-na-pakt-senatu\/"},"wordCount":302,"commentCount":0,"publisher":{"@id":"https:\/\/www.pogotowieflagowe.pl\/aktualne\/#organization"},"image":{"@id":"https:\/\/www.pogotowieflagowe.pl\/aktualne\/wszystko-czego-sie-dotknie-zamienia-sie-w-polityczne-zloto-cieszynski-ja-tez-licze-na-pakt-senatu\/#primaryimage"},"thumbnailUrl":"https:\/\/www.pogotowieflagowe.pl\/aktualne\/wp-content\/uploads\/2025\/08\/Prezydent-Nawrocki-na-spotkanie-z-premierem-Tuska-na-prosbe-Tuska.webp.webp","keywords":["Cieszy\u0144ski","czego","dotknie","licz\u0119","pakt","polityczne","Senatu","si\u0119","te\u017c","wszystko","zamienia","z\u0142oto"],"articleSection":["Aktualne"],"inLanguage":"pl-PL","potentialAction":[{"@type":"CommentAction","name":"Comment","target":["https:\/\/www.pogotowieflagowe.pl\/aktualne\/wszystko-czego-sie-dotknie-zamienia-sie-w-polityczne-zloto-cieszynski-ja-tez-licze-na-pakt-senatu\/#respond"]}]},{"@type":"WebPage","@id":"https:\/\/www.pogotowieflagowe.pl\/aktualne\/wszystko-czego-sie-dotknie-zamienia-sie-w-polityczne-zloto-cieszynski-ja-tez-licze-na-pakt-senatu\/","url":"https:\/\/www.pogotowieflagowe.pl\/aktualne\/wszystko-czego-sie-dotknie-zamienia-sie-w-polityczne-zloto-cieszynski-ja-tez-licze-na-pakt-senatu\/","name":"\u201eWszystko, czego si\u0119 dotknie, zamienia si\u0119 w polityczne z\u0142oto\u201d. Cieszy\u0144ski: Ja te\u017c licz\u0119 na pakt Senatu - POGOTOWIE FLAGOWE\u00ae","isPartOf":{"@id":"https:\/\/www.pogotowieflagowe.pl\/aktualne\/#website"},"primaryImageOfPage":{"@id":"https:\/\/www.pogotowieflagowe.pl\/aktualne\/wszystko-czego-sie-dotknie-zamienia-sie-w-polityczne-zloto-cieszynski-ja-tez-licze-na-pakt-senatu\/#primaryimage"},"image":{"@id":"https:\/\/www.pogotowieflagowe.pl\/aktualne\/wszystko-czego-sie-dotknie-zamienia-sie-w-polityczne-zloto-cieszynski-ja-tez-licze-na-pakt-senatu\/#primaryimage"},"thumbnailUrl":"https:\/\/www.pogotowieflagowe.pl\/aktualne\/wp-content\/uploads\/2025\/08\/Prezydent-Nawrocki-na-spotkanie-z-premierem-Tuska-na-prosbe-Tuska.webp.webp","datePublished":"2025-10-24T02:08:13+00:00","dateModified":"2025-10-24T02:08:13+00:00","breadcrumb":{"@id":"https:\/\/www.pogotowieflagowe.pl\/aktualne\/wszystko-czego-sie-dotknie-zamienia-sie-w-polityczne-zloto-cieszynski-ja-tez-licze-na-pakt-senatu\/#breadcrumb"},"inLanguage":"pl-PL","potentialAction":[{"@type":"ReadAction","target":["https:\/\/www.pogotowieflagowe.pl\/aktualne\/wszystko-czego-sie-dotknie-zamienia-sie-w-polityczne-zloto-cieszynski-ja-tez-licze-na-pakt-senatu\/"]}]},{"@type":"ImageObject","inLanguage":"pl-PL","@id":"https:\/\/www.pogotowieflagowe.pl\/aktualne\/wszystko-czego-sie-dotknie-zamienia-sie-w-polityczne-zloto-cieszynski-ja-tez-licze-na-pakt-senatu\/#primaryimage","url":"https:\/\/www.pogotowieflagowe.pl\/aktualne\/wp-content\/uploads\/2025\/08\/Prezydent-Nawrocki-na-spotkanie-z-premierem-Tuska-na-prosbe-Tuska.webp.webp","contentUrl":"https:\/\/www.pogotowieflagowe.pl\/aktualne\/wp-content\/uploads\/2025\/08\/Prezydent-Nawrocki-na-spotkanie-z-premierem-Tuska-na-prosbe-Tuska.webp.webp","width":1280,"height":719,"caption":"Prezydent Nawrocki na spotkanie z premierem Tuska na pro\u015bb\u0119 Tuska"},{"@type":"BreadcrumbList","@id":"https:\/\/www.pogotowieflagowe.pl\/aktualne\/wszystko-czego-sie-dotknie-zamienia-sie-w-polityczne-zloto-cieszynski-ja-tez-licze-na-pakt-senatu\/#breadcrumb","itemListElement":[{"@type":"ListItem","position":1,"name":"Home","item":"https:\/\/www.pogotowieflagowe.pl\/aktualne\/"},{"@type":"ListItem","position":2,"name":"\u201eWszystko, czego si\u0119 dotknie, zamienia si\u0119 w polityczne z\u0142oto\u201d. Cieszy\u0144ski: Ja te\u017c licz\u0119 na pakt Senatu"}]},{"@type":"WebSite","@id":"https:\/\/www.pogotowieflagowe.pl\/aktualne\/#website","url":"https:\/\/www.pogotowieflagowe.pl\/aktualne\/","name":"POGOTOWIE FLAGOWE\u00ae","description":"","publisher":{"@id":"https:\/\/www.pogotowieflagowe.pl\/aktualne\/#organization"},"potentialAction":[{"@type":"SearchAction","target":{"@type":"EntryPoint","urlTemplate":"https:\/\/www.pogotowieflagowe.pl\/aktualne\/?s={search_term_string}"},"query-input":"required name=search_term_string"}],"inLanguage":"pl-PL"},{"@type":"Organization","@id":"https:\/\/www.pogotowieflagowe.pl\/aktualne\/#organization","name":"POGOTOWIE FLAGOWE\u00ae","url":"https:\/\/www.pogotowieflagowe.pl\/aktualne\/","logo":{"@type":"ImageObject","inLanguage":"pl-PL","@id":"https:\/\/www.pogotowieflagowe.pl\/aktualne\/#\/schema\/logo\/image\/","url":"https:\/\/www.pogotowieflagowe.pl\/aktualne\/wp-content\/uploads\/2024\/08\/cropped-pogotowieflagowe_flaga_projekt_sm.jpg","contentUrl":"https:\/\/www.pogotowieflagowe.pl\/aktualne\/wp-content\/uploads\/2024\/08\/cropped-pogotowieflagowe_flaga_projekt_sm.jpg","width":250,"height":143,"caption":"POGOTOWIE FLAGOWE\u00ae"},"image":{"@id":"https:\/\/www.pogotowieflagowe.pl\/aktualne\/#\/schema\/logo\/image\/"}},{"@type":"Person","@id":"https:\/\/www.pogotowieflagowe.pl\/aktualne\/#\/schema\/person\/9c2fb7d2362ebf6fa088960d7f0d27b0","name":"Filip","image":{"@type":"ImageObject","inLanguage":"pl-PL","@id":"https:\/\/www.pogotowieflagowe.pl\/aktualne\/#\/schema\/person\/image\/","url":"https:\/\/www.pogotowieflagowe.pl\/aktualne\/wp-content\/uploads\/2024\/08\/pogotowieflagowe.pl_.jpg","contentUrl":"https:\/\/www.pogotowieflagowe.pl\/aktualne\/wp-content\/uploads\/2024\/08\/pogotowieflagowe.pl_.jpg","caption":"Filip"},"description":"Jestem Filip, polski dziennikarz z dyplomem nauk politycznych Uniwersytetu Warszawskiego. Rozpoczynaj\u0105c swoj\u0105 karier\u0119 w r\u00f3\u017cnych lokalnych mediach, zdoby\u0142em solidne do\u015bwiadczenie w zakresie \u015bledztwa i redakcji. Obecnie jako redaktor w Pogotowie flagowe, staram si\u0119 dostarcza\u0107 dog\u0142\u0119bne i istotne analizy na temat najwa\u017cniejszych kwestii aktualno\u015bci, \u0142\u0105cz\u0105c rygor z pasj\u0105 dziennikarsk\u0105.","sameAs":["https:\/\/www.pogotowieflagowe.pl\/"]}]}},"_links":{"self":[{"href":"https:\/\/www.pogotowieflagowe.pl\/aktualne\/wp-json\/wp\/v2\/posts\/9753","targetHints":{"allow":["GET"]}}],"collection":[{"href":"https:\/\/www.pogotowieflagowe.pl\/aktualne\/wp-json\/wp\/v2\/posts"}],"about":[{"href":"https:\/\/www.pogotowieflagowe.pl\/aktualne\/wp-json\/wp\/v2\/types\/post"}],"author":[{"embeddable":true,"href":"https:\/\/www.pogotowieflagowe.pl\/aktualne\/wp-json\/wp\/v2\/users\/1"}],"replies":[{"embeddable":true,"href":"https:\/\/www.pogotowieflagowe.pl\/aktualne\/wp-json\/wp\/v2\/comments?post=9753"}],"version-history":[{"count":1,"href":"https:\/\/www.pogotowieflagowe.pl\/aktualne\/wp-json\/wp\/v2\/posts\/9753\/revisions"}],"predecessor-version":[{"id":9754,"href":"https:\/\/www.pogotowieflagowe.pl\/aktualne\/wp-json\/wp\/v2\/posts\/9753\/revisions\/9754"}],"wp:featuredmedia":[{"embeddable":true,"href":"https:\/\/www.pogotowieflagowe.pl\/aktualne\/wp-json\/wp\/v2\/media\/7156"}],"wp:attachment":[{"href":"https:\/\/www.pogotowieflagowe.pl\/aktualne\/wp-json\/wp\/v2\/media?parent=9753"}],"wp:term":[{"taxonomy":"category","embeddable":true,"href":"https:\/\/www.pogotowieflagowe.pl\/aktualne\/wp-json\/wp\/v2\/categories?post=9753"},{"taxonomy":"post_tag","embeddable":true,"href":"https:\/\/www.pogotowieflagowe.pl\/aktualne\/wp-json\/wp\/v2\/tags?post=9753"}],"curies":[{"name":"wp","href":"https:\/\/api.w.org\/{rel}","templated":true}]}}