{"id":9755,"date":"2025-10-24T09:23:15","date_gmt":"2025-10-24T07:23:15","guid":{"rendered":"https:\/\/www.pogotowieflagowe.pl\/aktualne\/polakow-czeka-kolejna-podwyzka-podatkow-podwyzka-vat-z-5-do-23\/"},"modified":"2025-10-24T09:23:17","modified_gmt":"2025-10-24T07:23:17","slug":"polakow-czeka-kolejna-podwyzka-podatkow-podwyzka-vat-z-5-do-23","status":"publish","type":"post","link":"https:\/\/www.pogotowieflagowe.pl\/aktualne\/polakow-czeka-kolejna-podwyzka-podatkow-podwyzka-vat-z-5-do-23\/","title":{"rendered":"Polak\u00f3w czeka kolejna podwy\u017cka podatk\u00f3w: podwy\u017cka VAT z 5% do 23%"},"content":{"rendered":"\n<div class=\"td_block_wrap tdb_single_content tdi_41 td-pb-border-top td_block_template_8 td-post-content tagdiv-type\" data-td-block-uid=\"tdi_41\">\n<style>.tdi_41{margines-top:0px!important;margin-bottom:0px!important;dope\u0142nienie-g\u00f3ra:0px!important;dope\u0142nienie-d\u00f3\u0142:0px!important}<\/style>\n<style>.tdb_single_content{margin-bottom:0;*zoom:1}.tdb_single_content:before,.tdb_single_content:after{display:table;content:'';line-height:0}.tdb_single_content:after{clear:both}.tdb_single_content .tdb-block-inner>*:not(.wp-block-quote):not(.alignwide):not(.alignfull.wp-block-cover.has-parallax):not(.td-a-ad){margin-left:auto;margin-right:auto}.tdb_single_content a{pointer-events:auto}.tdb_single_content .td-spot-id-top_ad .tdc-placeholder-title:before{content:'Article Top Ad'!important}.tdb_single_content .td-spot-id-inline_ad0 .tdc-placeholder-title:before{content:'Article Reklama wbudowana 1'!important}.tdb_single_content .td-spot-id-inline_ad1 .tdc-placeholder-title:before{content:'Reklama wbudowana w artyku\u0142 2'!important}.tdb_single_content .td-spot-id-inline_ad2 .tdc-placeholder-title:before{content:'Reklama w tek\u015bcie artyku\u0142u 3'!important}.tdb_single_content .td-spot-id-bottom_ad .tdc-placeholder-title:before{content:'Article Bottom Ad'!important}.tdb_single_content .id_top_ad,.tdb_single_content .id_bottom_ad{clear:both;margin-bottom:21px;text-align:center}.tdb_single_content .id_top_ad img,.tdb_single_content .id_bottom_ad img{margin-bottom:0}.tdb_single_content .id_top_ad .adsbygoogle,.tdb_single_content .id_bottom_ad .adsbygoogle{position:relative}.tdb_single_content .id_ad_content-horiz-left,.tdb_single_content .id_ad_content-horiz-right,.tdb_single_content .id_ad_content-horiz-center{margin-bottom:15px}.tdb_single_content .id_ad_content-horiz-left img,.tdb_single_content .id_ad_content-horiz-right img,.tdb_single_content .id_ad_content-horiz-center img{margin-bottom:0}.tdb_single_content .id_ad_content-horiz-center{text-align:center}.tdb_single_content .id_ad_content-horiz-center img{margin-right:auto;margin-left:auto}.tdb_single_content .id_ad_content-horiz-left{float:left;margin-top:9px;margin-right:21px}.tdb_single_content .id_ad_content-horiz-right{float:right;margin-top:6px;margin-left:21px}.tdb_single_content .tdc-a-ad .tdc-placeholder-title{width:300px;height:250px}.tdb_single_content .tdc-a-ad .tdc-placeholder-title:before{position:absolute;top:50%;-webkit-transform:translateY(-50%);transform:translateY(-50%);margin:auto;display:table;width:100%}.tdb_single_content .tdb-block-inner.td-fix-index{word-break:break-word}.tdi_41,.tdi_41>p,.tdi_41 .tdb-block-inner>p,.wp-block-column>p{font-size:16px!important;line-height:1.6!important}.tdi_41 .tdb-block-inner cytat blokowy p{font-style:normal!important}@media (max-width:767px){.tdb_single_content .id_ad_content-horiz-left,.tdb_single_content .id_ad_content-horiz-right,.tdb_single_content .id_ad_content-horiz-center{margin:0 auto 26 pikseli auto}}@media (max-width:767px){.tdb_single_content .id_ad_content-horiz-left{margin-right:0}}@media (max-width:767px){.tdb_single_content .id_ad_content-horiz-right{margin-left:0}}@media (max-width:767px){.tdb_single_content .td-a-ad{float:none;text-align:center}.tdb_single_content .td-a-ad img{margin-right:auto;margin-left:auto}.tdb_single_content .tdc-a-ad{float:none}}<\/style>\n<div class=\"tdb-block-inner td-fix-index\">\n<p>Polacy jeszcze nie otrz\u0105sn\u0119li si\u0119 po ostatniej rundzie zmian, a kolejne s\u0105 ju\u017c w drodze. Rz\u0105d planuje kolejn\u0105 podwy\u017ck\u0119 stawki VAT, kt\u00f3ra b\u0119dzie dotyczy\u0107 popularnych produkt\u00f3w dost\u0119pnych w ka\u017cdym sklepie. Nowe regulacje maj\u0105 wej\u015b\u0107 w \u017cycie ju\u017c w przysz\u0142ym roku.<\/p>\n<p>Rz\u0105d przygotowuje kolejn\u0105 zmian\u0119 podatkow\u0105, kt\u00f3ra dotknie miliony konsument\u00f3w. Z dokument\u00f3w przes\u0142anych do Komisji Europejskiej wynika, \u017ce \u200b\u200bw 2026 roku wzrosn\u0105 stawki VAT na niekt\u00f3re napoje. Zmiana obejmie piwa bezalkoholowe i napoje energetyczne zawieraj\u0105ce soki owocowe.<\/p>\n<h3 class=\"wp-block-heading\">Du\u017ce obci\u0105\u017cenie dla producent\u00f3w<\/h3>\n<p>Obecnie produkty te obj\u0119te s\u0105 5% lub 8% podatkiem, w zale\u017cno\u015bci od kategorii. Po wej\u015bciu w \u017cycie nowelizacji stawka ta wzro\u015bnie do 23%. W praktyce oznacza to podwy\u017cki cen w sklepach nawet o kilkadziesi\u0105t procent. Wed\u0142ug wylicze\u0144 Ministerstwa Finans\u00f3w zmiana ta przyniesie do bud\u017cetu pa\u0144stwa dodatkowe 435 mln z\u0142 rocznie.<\/p>\n<p>Cho\u0107 kwota ta jest stosunkowo niewielka w skali ca\u0142ego bud\u017cetu pa\u0144stwa, dla wielu producent\u00f3w b\u0119dzie stanowi\u0107 znaczne obci\u0105\u017cenie, szczeg\u00f3lnie dla ma\u0142ych browar\u00f3w, kt\u00f3re w ostatnich latach poszerzy\u0142y swoj\u0105 ofert\u0119 piw bezalkoholowych. Zmiana dotknie tak\u017ce segment napoj\u00f3w funkcjonalnych, kt\u00f3ry z roku na rok ro\u015bnie w dwucyfrowym tempie.<\/p>\n<p>Sk\u0105d pomys\u0142 na podniesienie podatk\u00f3w? Okazuje si\u0119, \u017ce ka\u017cde pa\u0144stwo cz\u0142onkowskie UE dwa razy w roku musi wysy\u0142a\u0107 do Brukseli raporty przedstawiaj\u0105ce, w jaki spos\u00f3b planuje zmniejszy\u0107 deficyt sektora finans\u00f3w publicznych. Polski rz\u0105d skupi\u0142 si\u0119 na podnoszeniu podatk\u00f3w \u2013 to naj\u0142atwiejszy spos\u00f3b na szybkie za\u0142atanie dziur w bud\u017cecie.<\/p>\n<h3 class=\"wp-block-heading\">Naj\u0142atwiej jest si\u0119gn\u0105\u0107 do kieszeni konsument\u00f3w<\/h3>\n<p>Oficjalnie takie posuni\u0119cie okre\u015bla si\u0119 jako \u201euproszczenie stawek\u201d, ale prawdziwy cel jest jasny: wprowadzi\u0107 wi\u0119cej pieni\u0119dzy do kasy pa\u0144stwa bez dokonywania rzeczywistych ci\u0119\u0107 wydatk\u00f3w. Zamiast ogranicza\u0107 wydatki, rz\u0105d wybiera najprostsze rozwi\u0105zanie \u2013 si\u0119gni\u0119cie do portfeli obywateli.<\/p>\n<p>Ekonomi\u015bci s\u0105 zgodni, \u017ce jest to naj\u0142atwiejsze podej\u015bcie. Nie wymaga debat, konsultacji ani skomplikowanych proces\u00f3w legislacyjnych. Wystarczy nowelizacja jednego za\u0142\u0105cznika do ustawy o VAT i gotowe. Efekt dla bud\u017cetu jest natychmiastowy, ale dla Polak\u00f3w oznacza to kolejn\u0105 podwy\u017ck\u0119 cen, kt\u00f3rej wi\u0119kszo\u015b\u0107 nie zauwa\u017cy, dop\u00f3ki nie spojrzy na swoje wp\u0142ywy.<\/p>\n<p>W praktyce zmiany te oznaczaj\u0105, \u017ce cena butelki piwa bezalkoholowego, kt\u00f3ra obecnie kosztuje 4,50 z\u0142, mo\u017ce wkr\u00f3tce osi\u0105gn\u0105\u0107 5 z\u0142. Puszka napoju energetycznego nie b\u0119dzie ju\u017c kosztowa\u0107 6 z\u0142, ale 7 z\u0142. W skali roku oznacza to kilkaset dodatkowych z\u0142otych wydanych przez konsument\u00f3w.<\/p>\n<\/div>\n<\/div>\n","protected":false},"excerpt":{"rendered":"<p>Polacy jeszcze nie otrz\u0105sn\u0119li si\u0119 po ostatniej rundzie zmian, a kolejne s\u0105 ju\u017c w drodze. Rz\u0105d planuje kolejn\u0105 podwy\u017ck\u0119 stawki<\/p>\n","protected":false},"author":1,"featured_media":9756,"comment_status":"open","ping_status":"open","sticky":false,"template":"","format":"standard","meta":{"footnotes":""},"categories":[4748],"tags":[2501,6051,3757,1163,194,1313],"class_list":["post-9755","post","type-post","status-publish","format-standard","has-post-thumbnail","hentry","category-aktualne","tag-czeka","tag-kolejna","tag-podatkow","tag-podwyzka","tag-polakow","tag-vat","generate-columns","tablet-grid-50","mobile-grid-100","grid-parent","grid-50","resize-featured-image"],"yoast_head":"<!-- This site is optimized with the Yoast SEO plugin v23.2 - https:\/\/yoast.com\/wordpress\/plugins\/seo\/ -->\n<title>Polak\u00f3w czeka kolejna podwy\u017cka podatk\u00f3w: podwy\u017cka VAT z 5% do 23% - POGOTOWIE FLAGOWE\u00ae<\/title>\n<meta name=\"robots\" content=\"index, follow, max-snippet:-1, max-image-preview:large, max-video-preview:-1\" \/>\n<link rel=\"canonical\" href=\"https:\/\/www.pogotowieflagowe.pl\/aktualne\/polakow-czeka-kolejna-podwyzka-podatkow-podwyzka-vat-z-5-do-23\/\" \/>\n<meta property=\"og:locale\" content=\"pl_PL\" \/>\n<meta property=\"og:type\" content=\"article\" \/>\n<meta property=\"og:title\" content=\"Polak\u00f3w czeka kolejna podwy\u017cka podatk\u00f3w: podwy\u017cka VAT z 5% do 23% - POGOTOWIE FLAGOWE\u00ae\" \/>\n<meta property=\"og:description\" content=\"Polacy jeszcze nie otrz\u0105sn\u0119li si\u0119 po ostatniej rundzie zmian, a kolejne s\u0105 ju\u017c w drodze. Rz\u0105d planuje kolejn\u0105 podwy\u017ck\u0119 stawki\" \/>\n<meta property=\"og:url\" content=\"https:\/\/www.pogotowieflagowe.pl\/aktualne\/polakow-czeka-kolejna-podwyzka-podatkow-podwyzka-vat-z-5-do-23\/\" \/>\n<meta property=\"og:site_name\" content=\"POGOTOWIE FLAGOWE\u00ae\" \/>\n<meta property=\"article:published_time\" content=\"2025-10-24T07:23:15+00:00\" \/>\n<meta property=\"article:modified_time\" content=\"2025-10-24T07:23:17+00:00\" \/>\n<meta property=\"og:image\" content=\"https:\/\/www.pogotowieflagowe.pl\/aktualne\/wp-content\/uploads\/2025\/10\/Polakow-czeka-kolejna-podwyzka-podatkow-podwyzka-VAT-z-5-do.jpg\" \/>\n\t<meta property=\"og:image:width\" content=\"1280\" \/>\n\t<meta property=\"og:image:height\" content=\"961\" \/>\n\t<meta property=\"og:image:type\" content=\"image\/jpeg\" \/>\n<meta name=\"author\" content=\"Filip\" \/>\n<meta name=\"twitter:card\" content=\"summary_large_image\" \/>\n<meta name=\"twitter:label1\" content=\"Napisane przez\" \/>\n\t<meta name=\"twitter:data1\" content=\"Filip\" \/>\n\t<meta name=\"twitter:label2\" content=\"Szacowany czas czytania\" \/>\n\t<meta name=\"twitter:data2\" content=\"2 minuty\" \/>\n<script type=\"application\/ld+json\" class=\"yoast-schema-graph\">{\"@context\":\"https:\/\/schema.org\",\"@graph\":[{\"@type\":\"Article\",\"@id\":\"https:\/\/www.pogotowieflagowe.pl\/aktualne\/polakow-czeka-kolejna-podwyzka-podatkow-podwyzka-vat-z-5-do-23\/#article\",\"isPartOf\":{\"@id\":\"https:\/\/www.pogotowieflagowe.pl\/aktualne\/polakow-czeka-kolejna-podwyzka-podatkow-podwyzka-vat-z-5-do-23\/\"},\"author\":{\"name\":\"Filip\",\"@id\":\"https:\/\/www.pogotowieflagowe.pl\/aktualne\/#\/schema\/person\/9c2fb7d2362ebf6fa088960d7f0d27b0\"},\"headline\":\"Polak\u00f3w czeka kolejna podwy\u017cka podatk\u00f3w: podwy\u017cka VAT z 5% do 23%\",\"datePublished\":\"2025-10-24T07:23:15+00:00\",\"dateModified\":\"2025-10-24T07:23:17+00:00\",\"mainEntityOfPage\":{\"@id\":\"https:\/\/www.pogotowieflagowe.pl\/aktualne\/polakow-czeka-kolejna-podwyzka-podatkow-podwyzka-vat-z-5-do-23\/\"},\"wordCount\":454,\"commentCount\":0,\"publisher\":{\"@id\":\"https:\/\/www.pogotowieflagowe.pl\/aktualne\/#organization\"},\"image\":{\"@id\":\"https:\/\/www.pogotowieflagowe.pl\/aktualne\/polakow-czeka-kolejna-podwyzka-podatkow-podwyzka-vat-z-5-do-23\/#primaryimage\"},\"thumbnailUrl\":\"https:\/\/www.pogotowieflagowe.pl\/aktualne\/wp-content\/uploads\/2025\/10\/Polakow-czeka-kolejna-podwyzka-podatkow-podwyzka-VAT-z-5-do.jpg\",\"keywords\":[\"Czeka\",\"Kolejna\",\"podatk\u00f3w\",\"podwy\u017ck\u0105\",\"Polak\u00f3w\",\"VAT\"],\"articleSection\":[\"Aktualne\"],\"inLanguage\":\"pl-PL\",\"potentialAction\":[{\"@type\":\"CommentAction\",\"name\":\"Comment\",\"target\":[\"https:\/\/www.pogotowieflagowe.pl\/aktualne\/polakow-czeka-kolejna-podwyzka-podatkow-podwyzka-vat-z-5-do-23\/#respond\"]}]},{\"@type\":\"WebPage\",\"@id\":\"https:\/\/www.pogotowieflagowe.pl\/aktualne\/polakow-czeka-kolejna-podwyzka-podatkow-podwyzka-vat-z-5-do-23\/\",\"url\":\"https:\/\/www.pogotowieflagowe.pl\/aktualne\/polakow-czeka-kolejna-podwyzka-podatkow-podwyzka-vat-z-5-do-23\/\",\"name\":\"Polak\u00f3w czeka kolejna podwy\u017cka podatk\u00f3w: podwy\u017cka VAT z 5% do 23% - POGOTOWIE FLAGOWE\u00ae\",\"isPartOf\":{\"@id\":\"https:\/\/www.pogotowieflagowe.pl\/aktualne\/#website\"},\"primaryImageOfPage\":{\"@id\":\"https:\/\/www.pogotowieflagowe.pl\/aktualne\/polakow-czeka-kolejna-podwyzka-podatkow-podwyzka-vat-z-5-do-23\/#primaryimage\"},\"image\":{\"@id\":\"https:\/\/www.pogotowieflagowe.pl\/aktualne\/polakow-czeka-kolejna-podwyzka-podatkow-podwyzka-vat-z-5-do-23\/#primaryimage\"},\"thumbnailUrl\":\"https:\/\/www.pogotowieflagowe.pl\/aktualne\/wp-content\/uploads\/2025\/10\/Polakow-czeka-kolejna-podwyzka-podatkow-podwyzka-VAT-z-5-do.jpg\",\"datePublished\":\"2025-10-24T07:23:15+00:00\",\"dateModified\":\"2025-10-24T07:23:17+00:00\",\"breadcrumb\":{\"@id\":\"https:\/\/www.pogotowieflagowe.pl\/aktualne\/polakow-czeka-kolejna-podwyzka-podatkow-podwyzka-vat-z-5-do-23\/#breadcrumb\"},\"inLanguage\":\"pl-PL\",\"potentialAction\":[{\"@type\":\"ReadAction\",\"target\":[\"https:\/\/www.pogotowieflagowe.pl\/aktualne\/polakow-czeka-kolejna-podwyzka-podatkow-podwyzka-vat-z-5-do-23\/\"]}]},{\"@type\":\"ImageObject\",\"inLanguage\":\"pl-PL\",\"@id\":\"https:\/\/www.pogotowieflagowe.pl\/aktualne\/polakow-czeka-kolejna-podwyzka-podatkow-podwyzka-vat-z-5-do-23\/#primaryimage\",\"url\":\"https:\/\/www.pogotowieflagowe.pl\/aktualne\/wp-content\/uploads\/2025\/10\/Polakow-czeka-kolejna-podwyzka-podatkow-podwyzka-VAT-z-5-do.jpg\",\"contentUrl\":\"https:\/\/www.pogotowieflagowe.pl\/aktualne\/wp-content\/uploads\/2025\/10\/Polakow-czeka-kolejna-podwyzka-podatkow-podwyzka-VAT-z-5-do.jpg\",\"width\":1280,\"height\":961,\"caption\":\"Polak\u00f3w czeka kolejna podwy\u017cka podatk\u00f3w: podwy\u017cka VAT z 5% do 23%\"},{\"@type\":\"BreadcrumbList\",\"@id\":\"https:\/\/www.pogotowieflagowe.pl\/aktualne\/polakow-czeka-kolejna-podwyzka-podatkow-podwyzka-vat-z-5-do-23\/#breadcrumb\",\"itemListElement\":[{\"@type\":\"ListItem\",\"position\":1,\"name\":\"Home\",\"item\":\"https:\/\/www.pogotowieflagowe.pl\/aktualne\/\"},{\"@type\":\"ListItem\",\"position\":2,\"name\":\"Polak\u00f3w czeka kolejna podwy\u017cka podatk\u00f3w: podwy\u017cka VAT z 5% do 23%\"}]},{\"@type\":\"WebSite\",\"@id\":\"https:\/\/www.pogotowieflagowe.pl\/aktualne\/#website\",\"url\":\"https:\/\/www.pogotowieflagowe.pl\/aktualne\/\",\"name\":\"POGOTOWIE FLAGOWE\u00ae\",\"description\":\"\",\"publisher\":{\"@id\":\"https:\/\/www.pogotowieflagowe.pl\/aktualne\/#organization\"},\"potentialAction\":[{\"@type\":\"SearchAction\",\"target\":{\"@type\":\"EntryPoint\",\"urlTemplate\":\"https:\/\/www.pogotowieflagowe.pl\/aktualne\/?s={search_term_string}\"},\"query-input\":\"required name=search_term_string\"}],\"inLanguage\":\"pl-PL\"},{\"@type\":\"Organization\",\"@id\":\"https:\/\/www.pogotowieflagowe.pl\/aktualne\/#organization\",\"name\":\"POGOTOWIE FLAGOWE\u00ae\",\"url\":\"https:\/\/www.pogotowieflagowe.pl\/aktualne\/\",\"logo\":{\"@type\":\"ImageObject\",\"inLanguage\":\"pl-PL\",\"@id\":\"https:\/\/www.pogotowieflagowe.pl\/aktualne\/#\/schema\/logo\/image\/\",\"url\":\"https:\/\/www.pogotowieflagowe.pl\/aktualne\/wp-content\/uploads\/2024\/08\/cropped-pogotowieflagowe_flaga_projekt_sm.jpg\",\"contentUrl\":\"https:\/\/www.pogotowieflagowe.pl\/aktualne\/wp-content\/uploads\/2024\/08\/cropped-pogotowieflagowe_flaga_projekt_sm.jpg\",\"width\":250,\"height\":143,\"caption\":\"POGOTOWIE FLAGOWE\u00ae\"},\"image\":{\"@id\":\"https:\/\/www.pogotowieflagowe.pl\/aktualne\/#\/schema\/logo\/image\/\"}},{\"@type\":\"Person\",\"@id\":\"https:\/\/www.pogotowieflagowe.pl\/aktualne\/#\/schema\/person\/9c2fb7d2362ebf6fa088960d7f0d27b0\",\"name\":\"Filip\",\"image\":{\"@type\":\"ImageObject\",\"inLanguage\":\"pl-PL\",\"@id\":\"https:\/\/www.pogotowieflagowe.pl\/aktualne\/#\/schema\/person\/image\/\",\"url\":\"https:\/\/www.pogotowieflagowe.pl\/aktualne\/wp-content\/uploads\/2024\/08\/pogotowieflagowe.pl_.jpg\",\"contentUrl\":\"https:\/\/www.pogotowieflagowe.pl\/aktualne\/wp-content\/uploads\/2024\/08\/pogotowieflagowe.pl_.jpg\",\"caption\":\"Filip\"},\"description\":\"Jestem Filip, polski dziennikarz z dyplomem nauk politycznych Uniwersytetu Warszawskiego. Rozpoczynaj\u0105c swoj\u0105 karier\u0119 w r\u00f3\u017cnych lokalnych mediach, zdoby\u0142em solidne do\u015bwiadczenie w zakresie \u015bledztwa i redakcji. Obecnie jako redaktor w Pogotowie flagowe, staram si\u0119 dostarcza\u0107 dog\u0142\u0119bne i istotne analizy na temat najwa\u017cniejszych kwestii aktualno\u015bci, \u0142\u0105cz\u0105c rygor z pasj\u0105 dziennikarsk\u0105.\",\"sameAs\":[\"https:\/\/www.pogotowieflagowe.pl\/\"]}]}<\/script>\n<!-- \/ Yoast SEO plugin. -->","yoast_head_json":{"title":"Polak\u00f3w czeka kolejna podwy\u017cka podatk\u00f3w: podwy\u017cka VAT z 5% do 23% - POGOTOWIE FLAGOWE\u00ae","robots":{"index":"index","follow":"follow","max-snippet":"max-snippet:-1","max-image-preview":"max-image-preview:large","max-video-preview":"max-video-preview:-1"},"canonical":"https:\/\/www.pogotowieflagowe.pl\/aktualne\/polakow-czeka-kolejna-podwyzka-podatkow-podwyzka-vat-z-5-do-23\/","og_locale":"pl_PL","og_type":"article","og_title":"Polak\u00f3w czeka kolejna podwy\u017cka podatk\u00f3w: podwy\u017cka VAT z 5% do 23% - POGOTOWIE FLAGOWE\u00ae","og_description":"Polacy jeszcze nie otrz\u0105sn\u0119li si\u0119 po ostatniej rundzie zmian, a kolejne s\u0105 ju\u017c w drodze. Rz\u0105d planuje kolejn\u0105 podwy\u017ck\u0119 stawki","og_url":"https:\/\/www.pogotowieflagowe.pl\/aktualne\/polakow-czeka-kolejna-podwyzka-podatkow-podwyzka-vat-z-5-do-23\/","og_site_name":"POGOTOWIE FLAGOWE\u00ae","article_published_time":"2025-10-24T07:23:15+00:00","article_modified_time":"2025-10-24T07:23:17+00:00","og_image":[{"width":1280,"height":961,"url":"https:\/\/www.pogotowieflagowe.pl\/aktualne\/wp-content\/uploads\/2025\/10\/Polakow-czeka-kolejna-podwyzka-podatkow-podwyzka-VAT-z-5-do.jpg","type":"image\/jpeg"}],"author":"Filip","twitter_card":"summary_large_image","twitter_misc":{"Napisane przez":"Filip","Szacowany czas czytania":"2 minuty"},"schema":{"@context":"https:\/\/schema.org","@graph":[{"@type":"Article","@id":"https:\/\/www.pogotowieflagowe.pl\/aktualne\/polakow-czeka-kolejna-podwyzka-podatkow-podwyzka-vat-z-5-do-23\/#article","isPartOf":{"@id":"https:\/\/www.pogotowieflagowe.pl\/aktualne\/polakow-czeka-kolejna-podwyzka-podatkow-podwyzka-vat-z-5-do-23\/"},"author":{"name":"Filip","@id":"https:\/\/www.pogotowieflagowe.pl\/aktualne\/#\/schema\/person\/9c2fb7d2362ebf6fa088960d7f0d27b0"},"headline":"Polak\u00f3w czeka kolejna podwy\u017cka podatk\u00f3w: podwy\u017cka VAT z 5% do 23%","datePublished":"2025-10-24T07:23:15+00:00","dateModified":"2025-10-24T07:23:17+00:00","mainEntityOfPage":{"@id":"https:\/\/www.pogotowieflagowe.pl\/aktualne\/polakow-czeka-kolejna-podwyzka-podatkow-podwyzka-vat-z-5-do-23\/"},"wordCount":454,"commentCount":0,"publisher":{"@id":"https:\/\/www.pogotowieflagowe.pl\/aktualne\/#organization"},"image":{"@id":"https:\/\/www.pogotowieflagowe.pl\/aktualne\/polakow-czeka-kolejna-podwyzka-podatkow-podwyzka-vat-z-5-do-23\/#primaryimage"},"thumbnailUrl":"https:\/\/www.pogotowieflagowe.pl\/aktualne\/wp-content\/uploads\/2025\/10\/Polakow-czeka-kolejna-podwyzka-podatkow-podwyzka-VAT-z-5-do.jpg","keywords":["Czeka","Kolejna","podatk\u00f3w","podwy\u017ck\u0105","Polak\u00f3w","VAT"],"articleSection":["Aktualne"],"inLanguage":"pl-PL","potentialAction":[{"@type":"CommentAction","name":"Comment","target":["https:\/\/www.pogotowieflagowe.pl\/aktualne\/polakow-czeka-kolejna-podwyzka-podatkow-podwyzka-vat-z-5-do-23\/#respond"]}]},{"@type":"WebPage","@id":"https:\/\/www.pogotowieflagowe.pl\/aktualne\/polakow-czeka-kolejna-podwyzka-podatkow-podwyzka-vat-z-5-do-23\/","url":"https:\/\/www.pogotowieflagowe.pl\/aktualne\/polakow-czeka-kolejna-podwyzka-podatkow-podwyzka-vat-z-5-do-23\/","name":"Polak\u00f3w czeka kolejna podwy\u017cka podatk\u00f3w: podwy\u017cka VAT z 5% do 23% - POGOTOWIE FLAGOWE\u00ae","isPartOf":{"@id":"https:\/\/www.pogotowieflagowe.pl\/aktualne\/#website"},"primaryImageOfPage":{"@id":"https:\/\/www.pogotowieflagowe.pl\/aktualne\/polakow-czeka-kolejna-podwyzka-podatkow-podwyzka-vat-z-5-do-23\/#primaryimage"},"image":{"@id":"https:\/\/www.pogotowieflagowe.pl\/aktualne\/polakow-czeka-kolejna-podwyzka-podatkow-podwyzka-vat-z-5-do-23\/#primaryimage"},"thumbnailUrl":"https:\/\/www.pogotowieflagowe.pl\/aktualne\/wp-content\/uploads\/2025\/10\/Polakow-czeka-kolejna-podwyzka-podatkow-podwyzka-VAT-z-5-do.jpg","datePublished":"2025-10-24T07:23:15+00:00","dateModified":"2025-10-24T07:23:17+00:00","breadcrumb":{"@id":"https:\/\/www.pogotowieflagowe.pl\/aktualne\/polakow-czeka-kolejna-podwyzka-podatkow-podwyzka-vat-z-5-do-23\/#breadcrumb"},"inLanguage":"pl-PL","potentialAction":[{"@type":"ReadAction","target":["https:\/\/www.pogotowieflagowe.pl\/aktualne\/polakow-czeka-kolejna-podwyzka-podatkow-podwyzka-vat-z-5-do-23\/"]}]},{"@type":"ImageObject","inLanguage":"pl-PL","@id":"https:\/\/www.pogotowieflagowe.pl\/aktualne\/polakow-czeka-kolejna-podwyzka-podatkow-podwyzka-vat-z-5-do-23\/#primaryimage","url":"https:\/\/www.pogotowieflagowe.pl\/aktualne\/wp-content\/uploads\/2025\/10\/Polakow-czeka-kolejna-podwyzka-podatkow-podwyzka-VAT-z-5-do.jpg","contentUrl":"https:\/\/www.pogotowieflagowe.pl\/aktualne\/wp-content\/uploads\/2025\/10\/Polakow-czeka-kolejna-podwyzka-podatkow-podwyzka-VAT-z-5-do.jpg","width":1280,"height":961,"caption":"Polak\u00f3w czeka kolejna podwy\u017cka podatk\u00f3w: podwy\u017cka VAT z 5% do 23%"},{"@type":"BreadcrumbList","@id":"https:\/\/www.pogotowieflagowe.pl\/aktualne\/polakow-czeka-kolejna-podwyzka-podatkow-podwyzka-vat-z-5-do-23\/#breadcrumb","itemListElement":[{"@type":"ListItem","position":1,"name":"Home","item":"https:\/\/www.pogotowieflagowe.pl\/aktualne\/"},{"@type":"ListItem","position":2,"name":"Polak\u00f3w czeka kolejna podwy\u017cka podatk\u00f3w: podwy\u017cka VAT z 5% do 23%"}]},{"@type":"WebSite","@id":"https:\/\/www.pogotowieflagowe.pl\/aktualne\/#website","url":"https:\/\/www.pogotowieflagowe.pl\/aktualne\/","name":"POGOTOWIE FLAGOWE\u00ae","description":"","publisher":{"@id":"https:\/\/www.pogotowieflagowe.pl\/aktualne\/#organization"},"potentialAction":[{"@type":"SearchAction","target":{"@type":"EntryPoint","urlTemplate":"https:\/\/www.pogotowieflagowe.pl\/aktualne\/?s={search_term_string}"},"query-input":"required name=search_term_string"}],"inLanguage":"pl-PL"},{"@type":"Organization","@id":"https:\/\/www.pogotowieflagowe.pl\/aktualne\/#organization","name":"POGOTOWIE FLAGOWE\u00ae","url":"https:\/\/www.pogotowieflagowe.pl\/aktualne\/","logo":{"@type":"ImageObject","inLanguage":"pl-PL","@id":"https:\/\/www.pogotowieflagowe.pl\/aktualne\/#\/schema\/logo\/image\/","url":"https:\/\/www.pogotowieflagowe.pl\/aktualne\/wp-content\/uploads\/2024\/08\/cropped-pogotowieflagowe_flaga_projekt_sm.jpg","contentUrl":"https:\/\/www.pogotowieflagowe.pl\/aktualne\/wp-content\/uploads\/2024\/08\/cropped-pogotowieflagowe_flaga_projekt_sm.jpg","width":250,"height":143,"caption":"POGOTOWIE FLAGOWE\u00ae"},"image":{"@id":"https:\/\/www.pogotowieflagowe.pl\/aktualne\/#\/schema\/logo\/image\/"}},{"@type":"Person","@id":"https:\/\/www.pogotowieflagowe.pl\/aktualne\/#\/schema\/person\/9c2fb7d2362ebf6fa088960d7f0d27b0","name":"Filip","image":{"@type":"ImageObject","inLanguage":"pl-PL","@id":"https:\/\/www.pogotowieflagowe.pl\/aktualne\/#\/schema\/person\/image\/","url":"https:\/\/www.pogotowieflagowe.pl\/aktualne\/wp-content\/uploads\/2024\/08\/pogotowieflagowe.pl_.jpg","contentUrl":"https:\/\/www.pogotowieflagowe.pl\/aktualne\/wp-content\/uploads\/2024\/08\/pogotowieflagowe.pl_.jpg","caption":"Filip"},"description":"Jestem Filip, polski dziennikarz z dyplomem nauk politycznych Uniwersytetu Warszawskiego. Rozpoczynaj\u0105c swoj\u0105 karier\u0119 w r\u00f3\u017cnych lokalnych mediach, zdoby\u0142em solidne do\u015bwiadczenie w zakresie \u015bledztwa i redakcji. Obecnie jako redaktor w Pogotowie flagowe, staram si\u0119 dostarcza\u0107 dog\u0142\u0119bne i istotne analizy na temat najwa\u017cniejszych kwestii aktualno\u015bci, \u0142\u0105cz\u0105c rygor z pasj\u0105 dziennikarsk\u0105.","sameAs":["https:\/\/www.pogotowieflagowe.pl\/"]}]}},"_links":{"self":[{"href":"https:\/\/www.pogotowieflagowe.pl\/aktualne\/wp-json\/wp\/v2\/posts\/9755","targetHints":{"allow":["GET"]}}],"collection":[{"href":"https:\/\/www.pogotowieflagowe.pl\/aktualne\/wp-json\/wp\/v2\/posts"}],"about":[{"href":"https:\/\/www.pogotowieflagowe.pl\/aktualne\/wp-json\/wp\/v2\/types\/post"}],"author":[{"embeddable":true,"href":"https:\/\/www.pogotowieflagowe.pl\/aktualne\/wp-json\/wp\/v2\/users\/1"}],"replies":[{"embeddable":true,"href":"https:\/\/www.pogotowieflagowe.pl\/aktualne\/wp-json\/wp\/v2\/comments?post=9755"}],"version-history":[{"count":1,"href":"https:\/\/www.pogotowieflagowe.pl\/aktualne\/wp-json\/wp\/v2\/posts\/9755\/revisions"}],"predecessor-version":[{"id":9757,"href":"https:\/\/www.pogotowieflagowe.pl\/aktualne\/wp-json\/wp\/v2\/posts\/9755\/revisions\/9757"}],"wp:featuredmedia":[{"embeddable":true,"href":"https:\/\/www.pogotowieflagowe.pl\/aktualne\/wp-json\/wp\/v2\/media\/9756"}],"wp:attachment":[{"href":"https:\/\/www.pogotowieflagowe.pl\/aktualne\/wp-json\/wp\/v2\/media?parent=9755"}],"wp:term":[{"taxonomy":"category","embeddable":true,"href":"https:\/\/www.pogotowieflagowe.pl\/aktualne\/wp-json\/wp\/v2\/categories?post=9755"},{"taxonomy":"post_tag","embeddable":true,"href":"https:\/\/www.pogotowieflagowe.pl\/aktualne\/wp-json\/wp\/v2\/tags?post=9755"}],"curies":[{"name":"wp","href":"https:\/\/api.w.org\/{rel}","templated":true}]}}