{"id":9765,"date":"2025-10-24T17:15:51","date_gmt":"2025-10-24T15:15:51","guid":{"rendered":"https:\/\/www.pogotowieflagowe.pl\/aktualne\/tusk-obwiescil-sukces-nad-ets2-media-nic-sie-nie-zmienilo-straszne-wiesci\/"},"modified":"2025-10-24T17:15:52","modified_gmt":"2025-10-24T15:15:52","slug":"tusk-obwiescil-sukces-nad-ets2-media-nic-sie-nie-zmienilo-straszne-wiesci","status":"publish","type":"post","link":"https:\/\/www.pogotowieflagowe.pl\/aktualne\/tusk-obwiescil-sukces-nad-ets2-media-nic-sie-nie-zmienilo-straszne-wiesci\/","title":{"rendered":"Tusk obwie\u015bci\u0142 sukces nad ETS2. Media: Nic si\u0119 nie zmieni\u0142o. \u201eStraszne wie\u015bci\u201d"},"content":{"rendered":"\n<div class=\"td_block_wrap tdb_single_content tdi_41 td-pb-border-top td_block_template_8 td-post-content tagdiv-type\" data-td-block-uid=\"tdi_41\">\n<style>.tdi_41{margines-top:0px!important;margin-bottom:0px!important;dope\u0142nienie-g\u00f3ra:0px!important;dope\u0142nienie-d\u00f3\u0142:0px!important}<\/style>\n<style>.tdb_single_content{margin-bottom:0;*zoom:1}.tdb_single_content:before,.tdb_single_content:after{display:table;content:'';line-height:0}.tdb_single_content:after{clear:both}.tdb_single_content .tdb-block-inner>*:not(.wp-block-quote):not(.alignwide):not(.alignfull.wp-block-cover.has-parallax):not(.td-a-ad){margin-left:auto;margin-right:auto}.tdb_single_content a{pointer-events:auto}.tdb_single_content .td-spot-id-top_ad .tdc-placeholder-title:before{content:'Article Top Ad'!important}.tdb_single_content .td-spot-id-inline_ad0 .tdc-placeholder-title:before{content:'Article Reklama wbudowana 1'!important}.tdb_single_content .td-spot-id-inline_ad1 .tdc-placeholder-title:before{content:'Reklama wbudowana w artyku\u0142 2'!important}.tdb_single_content .td-spot-id-inline_ad2 .tdc-placeholder-title:before{content:'Reklama w tek\u015bcie artyku\u0142u 3'!important}.tdb_single_content .td-spot-id-bottom_ad .tdc-placeholder-title:before{content:'Article Bottom Ad'!important}.tdb_single_content .id_top_ad,.tdb_single_content .id_bottom_ad{clear:both;margin-bottom:21px;text-align:center}.tdb_single_content .id_top_ad img,.tdb_single_content .id_bottom_ad img{margin-bottom:0}.tdb_single_content .id_top_ad .adsbygoogle,.tdb_single_content .id_bottom_ad .adsbygoogle{position:relative}.tdb_single_content .id_ad_content-horiz-left,.tdb_single_content .id_ad_content-horiz-right,.tdb_single_content .id_ad_content-horiz-center{margin-bottom:15px}.tdb_single_content .id_ad_content-horiz-left img,.tdb_single_content .id_ad_content-horiz-right img,.tdb_single_content .id_ad_content-horiz-center img{margin-bottom:0}.tdb_single_content .id_ad_content-horiz-center{text-align:center}.tdb_single_content .id_ad_content-horiz-center img{margin-right:auto;margin-left:auto}.tdb_single_content .id_ad_content-horiz-left{float:left;margin-top:9px;margin-right:21px}.tdb_single_content .id_ad_content-horiz-right{float:right;margin-top:6px;margin-left:21px}.tdb_single_content .tdc-a-ad .tdc-placeholder-title{width:300px;height:250px}.tdb_single_content .tdc-a-ad .tdc-placeholder-title:before{position:absolute;top:50%;-webkit-transform:translateY(-50%);transform:translateY(-50%);margin:auto;display:table;width:100%}.tdb_single_content .tdb-block-inner.td-fix-index{word-break:break-word}.tdi_41,.tdi_41>p,.tdi_41 .tdb-block-inner>p,.wp-block-column>p{font-size:16px!important;line-height:1.6!important}.tdi_41 .tdb-block-inner cytat blokowy p{font-style:normal!important}@media (max-width:767px){.tdb_single_content .id_ad_content-horiz-left,.tdb_single_content .id_ad_content-horiz-right,.tdb_single_content .id_ad_content-horiz-center{margin:0 auto 26 pikseli auto}}@media (max-width:767px){.tdb_single_content .id_ad_content-horiz-left{margin-right:0}}@media (max-width:767px){.tdb_single_content .id_ad_content-horiz-right{margin-left:0}}@media (max-width:767px){.tdb_single_content .td-a-ad{float:none;text-align:center}.tdb_single_content .td-a-ad img{margin-right:auto;margin-left:auto}.tdb_single_content .tdc-a-ad{float:none}}<\/style>\n<div class=\"tdb-block-inner td-fix-index\">\n<p><em>Polityka<\/em>\u0179r\u00f3d\u0142a nie podzielaj\u0105 entuzjazmu Donalda Tuska po czwartkowym szczycie w Brukseli. Sprawa dotyczy wniosk\u00f3w dotycz\u0105cych celu klimatycznego Unii Europejskiej na rok 2040. Polski premier zapewni\u0142, \u017ce w ostatecznych wnioskach znalaz\u0142y si\u0119 zapisy korzystne dla Polski. Anonimowi dyplomaci twierdz\u0105 jednak, \u017ce niewiele si\u0119 zmieni\u0142o. <strong>\u201eZasada, \u017ce \u200b\u200bTusk operuje na poziomie 30%, obowi\u0105zuje tak\u017ce w Unii!\u201d<\/strong> \u2013 powiedzia\u0142 pose\u0142 do Parlamentu Europejskiego Waldemar Buda z <em>Prawo i Sprawiedliwo\u015b\u0107 (PiS)<\/em>.<\/p>\n<figure class=\"wp-block-embed is-type-rich is-provider-twitter wp-block-embed-twitter\">\n<div class=\"wp-block-embed__wrapper\">\n<blockquote class=\"twitter-tweet\" data-width=\"550\" data-dnt=\"true\">\n<p lang=\"pl\" dir=\"ltr\">Fatalne informacje z Rady Europejskiej.<br \/>Nie zakwestionowali celu klimatycznego do 2040!<br \/>Przyj\u0119te konkluzje tydzie\u0144 wcze\u015bniej, nic nie uleg\u0142o zmianie, nic nie zosta\u0142o wynegocjowane.<br \/>Zasada, \u017ce \u200b\u200bTusk dzia\u0142a na 30%, r\u00f3wnie\u017c w Unii!<br \/>Poniesiecie za to odpowiedzialno\u015b\u0107!\u2026<\/p>\n<p>\u2014 Waldemar Buda (@waldemar_buda) <a rel=\"nofollow\" href=\"https:\/\/twitter.com\/waldemar_buda\/status\/1981466507004576084?ref_src=twsrc%5Etfw\">23 pa\u017adziernika 2025 r<\/a><\/p><\/blockquote>\n<\/div>\n<\/figure>\n<p>W czwartek podczas <em>Rada Europejska<\/em> szczycie odby\u0142a si\u0119 debata na temat celu klimatycznego UE na rok 2040 oraz planowanej rozbudowy UE <em>Unijny system handlu uprawnieniami do emisji (EU ETS)<\/em> do dodatkowych sektor\u00f3w \u2013 transportu i budownictwa (<em>ETS2<\/em>) \u2013 w 2027 r.<\/p>\n<h2 class=\"wp-block-heading\">\u201eSukces\u201d Tuska<\/h2>\n<figure class=\"wp-block-pullquote\">\n<blockquote>\n<p><strong>&#8222;Jestem bardzo, bardzo usatysfakcjonowany, musz\u0119 przyzna\u0107, bo to przecie\u017c by\u0142o 13 godzin nieprzerwanych rozm\u00f3w o powa\u017cnych dla Polski sprawach. Ale dla mnie najwa\u017cniejsze, jak pisali\u015bmy wcze\u015bniej, by\u0142o zlikwidowanie tego zagro\u017cenia, szczeg\u00f3lnie dla polskich gospodarstw domowych i u\u017cytkownik\u00f3w samochod\u00f3w, zwi\u0105zanego z tzw. ETS2, czyli t\u0105 op\u0142at\u0105, czyli podatkiem klimatycznym&#8221;<\/strong> \u2013 powiedzia\u0142 premier Donald Tusk podczas konferencji prasowej w Brukseli.<\/p>\n<\/blockquote>\n<\/figure>\n<p>Przedstawi\u0142 pewn\u0105 krytyk\u0119 <em>Prawo i Sprawiedliwo\u015b\u0107 (PiS)<\/em> politycy twierdz\u0105, \u017ce tak <strong>\u201enie uda\u0142o si\u0119 rozbroi\u0107 ani wyci\u0105gn\u0105\u0107 niekt\u00f3rych z\u0119b\u00f3w z ETS2\u201d<\/strong>i og\u0142osi\u0142 sukces, przechwalaj\u0105c si\u0119, \u017ce we wnioskach uda\u0142o si\u0119 uwzgl\u0119dni\u0107 zapis dot <strong>&#8222;recenzja,&#8221;<\/strong> co \u2013 jego zdaniem \u2013 <strong>\u201enie oznacza to jeszcze gwarancji, ale mo\u017cliwo\u015b\u0107, i zasadniczo na tym polega\u0142a walka: odroczenie lub zablokowanie tej decyzji, tak aby nie wesz\u0142a w \u017cycie w 2027 r.\u201d.<\/strong><\/p>\n<h2 class=\"wp-block-heading\">\u201eOd\u0142o\u017cy\u0142em kryzys\u201d<\/h2>\n<p>Jednak jako <em>Polityka<\/em> raport\u00f3w, nic si\u0119 w\u0142a\u015bciwie nie zmieni\u0142o. <strong>\u201eOstateczne brzmienie przyj\u0119te przez przyw\u00f3dc\u00f3w nie wymaga\u0142o \u017cadnych konkretnych zmian w prawodawstwie klimatycznym\u201d \u2013 doda\u0142.<\/strong> \u2013 zauwa\u017ca outlet.<\/p>\n<p>Portal dodaje, \u017ce uzgodniony tekst jest niejasny i nie wyra\u017ca poparcia dla celu na rok 2040 oraz \u2013 cytuj\u0105c jednego z dyplomat\u00f3w \u2013 podkre\u015bla, \u017ce <strong>\u201eMo\u017cliwe, \u017ce (przyw\u00f3dcy) po prostu\u201e prze\u0142o\u017cyli kryzys \u201ddo nowych spotka\u0144 4 listopada\u201d.<\/strong> Portalowi poda\u0142o anonimowe \u017ar\u00f3d\u0142o <strong>\u201enie widzi r\u00f3\u017cnicy w u\u0142o\u017ceniu kart\u201d<\/strong> w por\u00f3wnaniu z wrze\u015bniem, kiedy ministrowie po raz pierwszy podj\u0119li pr\u00f3b\u0119 g\u0142osowania w sprawie tego celu.<\/p>\n<h2 class=\"wp-block-heading\">\u201ePonie\u015b odpowiedzialno\u015b\u0107\u201d<\/h2>\n<p>The <em>Polityka<\/em> Raport skomentowa\u0142 pose\u0142 do Parlamentu Europejskiego Waldemar Buda z dn <em>Prawo i Sprawiedliwo\u015b\u0107 (PiS)<\/em>. <strong>&#8222;Straszne wie\u015bci z Rady Europejskiej. Nie zakwestionowali celu klimatycznego na rok 2040! Przyj\u0119li wnioski przedstawione tydzie\u0144 wcze\u015bniej, niczego nie zmienili, nic nie negocjowali&#8221;<\/strong> \u2013 podkre\u015bli\u0142.<\/p>\n<figure class=\"wp-block-pullquote\">\n<blockquote>\n<p><strong>&#8222;Zasada, \u017ce \u200b\u200bTusk operuje na poziomie 30%, obowi\u0105zuje tak\u017ce w Unii! Wy b\u0119dziecie za to odpowiada\u0107!&#8221;<\/strong> o\u015bwiadczy\u0142.<\/p>\n<\/blockquote>\n<\/figure>\n<p>The <em>Komisja Europejska<\/em> zaproponowa\u0142, \u017ce <em>Unia Europejska<\/em> zobowi\u0105za\u0142y si\u0119 do ograniczenia emisji gaz\u00f3w cieplarnianych o 90 procent w por\u00f3wnaniu z poziomem z 1990 r. Cel na rok 2040 ma by\u0107 krokiem przej\u015bciowym \u2013 prowadz\u0105cym blok do osi\u0105gni\u0119cia neutralno\u015bci klimatycznej do 2050 roku.<\/p>\n<\/div>\n<\/div>\n<p><script async src=\"https:\/\/platform.twitter.com\/widgets.js\" charset=\"utf-8\"><\/script><\/p>\n","protected":false},"excerpt":{"rendered":"<p>Polityka\u0179r\u00f3d\u0142a nie podzielaj\u0105 entuzjazmu Donalda Tuska po czwartkowym szczycie w Brukseli. Sprawa dotyczy wniosk\u00f3w dotycz\u0105cych celu klimatycznego Unii Europejskiej na<\/p>\n","protected":false},"author":1,"featured_media":9766,"comment_status":"open","ping_status":"open","sticky":false,"template":"","format":"standard","meta":{"footnotes":""},"categories":[4748],"tags":[11268,4952,552,5657,450,11267,150,11269,1133,221,8905,7081],"class_list":["post-9765","post","type-post","status-publish","format-standard","has-post-thumbnail","hentry","category-aktualne","tag-ets2","tag-media","tag-nad","tag-nic","tag-nie","tag-obwiescil","tag-sie","tag-straszne","tag-sukces","tag-tusk","tag-wiesci","tag-zmienilo","generate-columns","tablet-grid-50","mobile-grid-100","grid-parent","grid-50","resize-featured-image"],"yoast_head":"<!-- This site is optimized with the Yoast SEO plugin v23.2 - https:\/\/yoast.com\/wordpress\/plugins\/seo\/ -->\n<title>Tusk obwie\u015bci\u0142 sukces nad ETS2. Media: Nic si\u0119 nie zmieni\u0142o. \u201eStraszne wie\u015bci\u201d - POGOTOWIE FLAGOWE\u00ae<\/title>\n<meta name=\"robots\" content=\"index, follow, max-snippet:-1, max-image-preview:large, max-video-preview:-1\" \/>\n<link rel=\"canonical\" href=\"https:\/\/www.pogotowieflagowe.pl\/aktualne\/tusk-obwiescil-sukces-nad-ets2-media-nic-sie-nie-zmienilo-straszne-wiesci\/\" \/>\n<meta property=\"og:locale\" content=\"pl_PL\" \/>\n<meta property=\"og:type\" content=\"article\" \/>\n<meta property=\"og:title\" content=\"Tusk obwie\u015bci\u0142 sukces nad ETS2. Media: Nic si\u0119 nie zmieni\u0142o. \u201eStraszne wie\u015bci\u201d - POGOTOWIE FLAGOWE\u00ae\" \/>\n<meta property=\"og:description\" content=\"Polityka\u0179r\u00f3d\u0142a nie podzielaj\u0105 entuzjazmu Donalda Tuska po czwartkowym szczycie w Brukseli. Sprawa dotyczy wniosk\u00f3w dotycz\u0105cych celu klimatycznego Unii Europejskiej na\" \/>\n<meta property=\"og:url\" content=\"https:\/\/www.pogotowieflagowe.pl\/aktualne\/tusk-obwiescil-sukces-nad-ets2-media-nic-sie-nie-zmienilo-straszne-wiesci\/\" \/>\n<meta property=\"og:site_name\" content=\"POGOTOWIE FLAGOWE\u00ae\" \/>\n<meta property=\"article:published_time\" content=\"2025-10-24T15:15:51+00:00\" \/>\n<meta property=\"article:modified_time\" content=\"2025-10-24T15:15:52+00:00\" \/>\n<meta property=\"og:image\" content=\"https:\/\/www.pogotowieflagowe.pl\/aktualne\/wp-content\/uploads\/2025\/10\/Tusk-obwiescil-sukces-nad-ETS2-Media-Nic-sie-nie-zmienilo.webp.webp\" \/>\n\t<meta property=\"og:image:width\" content=\"1280\" \/>\n\t<meta property=\"og:image:height\" content=\"719\" \/>\n\t<meta property=\"og:image:type\" content=\"image\/webp\" \/>\n<meta name=\"author\" content=\"Filip\" \/>\n<meta name=\"twitter:card\" content=\"summary_large_image\" \/>\n<meta name=\"twitter:label1\" content=\"Napisane przez\" \/>\n\t<meta name=\"twitter:data1\" content=\"Filip\" \/>\n\t<meta name=\"twitter:label2\" content=\"Szacowany czas czytania\" \/>\n\t<meta name=\"twitter:data2\" content=\"3 minuty\" \/>\n<script type=\"application\/ld+json\" class=\"yoast-schema-graph\">{\"@context\":\"https:\/\/schema.org\",\"@graph\":[{\"@type\":\"Article\",\"@id\":\"https:\/\/www.pogotowieflagowe.pl\/aktualne\/tusk-obwiescil-sukces-nad-ets2-media-nic-sie-nie-zmienilo-straszne-wiesci\/#article\",\"isPartOf\":{\"@id\":\"https:\/\/www.pogotowieflagowe.pl\/aktualne\/tusk-obwiescil-sukces-nad-ets2-media-nic-sie-nie-zmienilo-straszne-wiesci\/\"},\"author\":{\"name\":\"Filip\",\"@id\":\"https:\/\/www.pogotowieflagowe.pl\/aktualne\/#\/schema\/person\/9c2fb7d2362ebf6fa088960d7f0d27b0\"},\"headline\":\"Tusk obwie\u015bci\u0142 sukces nad ETS2. Media: Nic si\u0119 nie zmieni\u0142o. \u201eStraszne wie\u015bci\u201d\",\"datePublished\":\"2025-10-24T15:15:51+00:00\",\"dateModified\":\"2025-10-24T15:15:52+00:00\",\"mainEntityOfPage\":{\"@id\":\"https:\/\/www.pogotowieflagowe.pl\/aktualne\/tusk-obwiescil-sukces-nad-ets2-media-nic-sie-nie-zmienilo-straszne-wiesci\/\"},\"wordCount\":550,\"commentCount\":0,\"publisher\":{\"@id\":\"https:\/\/www.pogotowieflagowe.pl\/aktualne\/#organization\"},\"image\":{\"@id\":\"https:\/\/www.pogotowieflagowe.pl\/aktualne\/tusk-obwiescil-sukces-nad-ets2-media-nic-sie-nie-zmienilo-straszne-wiesci\/#primaryimage\"},\"thumbnailUrl\":\"https:\/\/www.pogotowieflagowe.pl\/aktualne\/wp-content\/uploads\/2025\/10\/Tusk-obwiescil-sukces-nad-ETS2-Media-Nic-sie-nie-zmienilo.webp.webp\",\"keywords\":[\"ETS2\",\"media\",\"nad\",\"nic\",\"Nie\",\"obwie\u015bci\u0142\",\"si\u0119\",\"Straszne\",\"sukces\",\"Tusk\",\"wie\u015bci\",\"zmieni\u0142o\"],\"articleSection\":[\"Aktualne\"],\"inLanguage\":\"pl-PL\",\"potentialAction\":[{\"@type\":\"CommentAction\",\"name\":\"Comment\",\"target\":[\"https:\/\/www.pogotowieflagowe.pl\/aktualne\/tusk-obwiescil-sukces-nad-ets2-media-nic-sie-nie-zmienilo-straszne-wiesci\/#respond\"]}]},{\"@type\":\"WebPage\",\"@id\":\"https:\/\/www.pogotowieflagowe.pl\/aktualne\/tusk-obwiescil-sukces-nad-ets2-media-nic-sie-nie-zmienilo-straszne-wiesci\/\",\"url\":\"https:\/\/www.pogotowieflagowe.pl\/aktualne\/tusk-obwiescil-sukces-nad-ets2-media-nic-sie-nie-zmienilo-straszne-wiesci\/\",\"name\":\"Tusk obwie\u015bci\u0142 sukces nad ETS2. Media: Nic si\u0119 nie zmieni\u0142o. \u201eStraszne wie\u015bci\u201d - POGOTOWIE FLAGOWE\u00ae\",\"isPartOf\":{\"@id\":\"https:\/\/www.pogotowieflagowe.pl\/aktualne\/#website\"},\"primaryImageOfPage\":{\"@id\":\"https:\/\/www.pogotowieflagowe.pl\/aktualne\/tusk-obwiescil-sukces-nad-ets2-media-nic-sie-nie-zmienilo-straszne-wiesci\/#primaryimage\"},\"image\":{\"@id\":\"https:\/\/www.pogotowieflagowe.pl\/aktualne\/tusk-obwiescil-sukces-nad-ets2-media-nic-sie-nie-zmienilo-straszne-wiesci\/#primaryimage\"},\"thumbnailUrl\":\"https:\/\/www.pogotowieflagowe.pl\/aktualne\/wp-content\/uploads\/2025\/10\/Tusk-obwiescil-sukces-nad-ETS2-Media-Nic-sie-nie-zmienilo.webp.webp\",\"datePublished\":\"2025-10-24T15:15:51+00:00\",\"dateModified\":\"2025-10-24T15:15:52+00:00\",\"breadcrumb\":{\"@id\":\"https:\/\/www.pogotowieflagowe.pl\/aktualne\/tusk-obwiescil-sukces-nad-ets2-media-nic-sie-nie-zmienilo-straszne-wiesci\/#breadcrumb\"},\"inLanguage\":\"pl-PL\",\"potentialAction\":[{\"@type\":\"ReadAction\",\"target\":[\"https:\/\/www.pogotowieflagowe.pl\/aktualne\/tusk-obwiescil-sukces-nad-ets2-media-nic-sie-nie-zmienilo-straszne-wiesci\/\"]}]},{\"@type\":\"ImageObject\",\"inLanguage\":\"pl-PL\",\"@id\":\"https:\/\/www.pogotowieflagowe.pl\/aktualne\/tusk-obwiescil-sukces-nad-ets2-media-nic-sie-nie-zmienilo-straszne-wiesci\/#primaryimage\",\"url\":\"https:\/\/www.pogotowieflagowe.pl\/aktualne\/wp-content\/uploads\/2025\/10\/Tusk-obwiescil-sukces-nad-ETS2-Media-Nic-sie-nie-zmienilo.webp.webp\",\"contentUrl\":\"https:\/\/www.pogotowieflagowe.pl\/aktualne\/wp-content\/uploads\/2025\/10\/Tusk-obwiescil-sukces-nad-ETS2-Media-Nic-sie-nie-zmienilo.webp.webp\",\"width\":1280,\"height\":719,\"caption\":\"Tusk obwie\u015bci\u0142 sukces nad ETS2. Media: Nic si\u0119 nie zmieni\u0142o. \u201eStraszne wie\u015bci\u201d\"},{\"@type\":\"BreadcrumbList\",\"@id\":\"https:\/\/www.pogotowieflagowe.pl\/aktualne\/tusk-obwiescil-sukces-nad-ets2-media-nic-sie-nie-zmienilo-straszne-wiesci\/#breadcrumb\",\"itemListElement\":[{\"@type\":\"ListItem\",\"position\":1,\"name\":\"Home\",\"item\":\"https:\/\/www.pogotowieflagowe.pl\/aktualne\/\"},{\"@type\":\"ListItem\",\"position\":2,\"name\":\"Tusk obwie\u015bci\u0142 sukces nad ETS2. Media: Nic si\u0119 nie zmieni\u0142o. \u201eStraszne wie\u015bci\u201d\"}]},{\"@type\":\"WebSite\",\"@id\":\"https:\/\/www.pogotowieflagowe.pl\/aktualne\/#website\",\"url\":\"https:\/\/www.pogotowieflagowe.pl\/aktualne\/\",\"name\":\"POGOTOWIE FLAGOWE\u00ae\",\"description\":\"\",\"publisher\":{\"@id\":\"https:\/\/www.pogotowieflagowe.pl\/aktualne\/#organization\"},\"potentialAction\":[{\"@type\":\"SearchAction\",\"target\":{\"@type\":\"EntryPoint\",\"urlTemplate\":\"https:\/\/www.pogotowieflagowe.pl\/aktualne\/?s={search_term_string}\"},\"query-input\":\"required name=search_term_string\"}],\"inLanguage\":\"pl-PL\"},{\"@type\":\"Organization\",\"@id\":\"https:\/\/www.pogotowieflagowe.pl\/aktualne\/#organization\",\"name\":\"POGOTOWIE FLAGOWE\u00ae\",\"url\":\"https:\/\/www.pogotowieflagowe.pl\/aktualne\/\",\"logo\":{\"@type\":\"ImageObject\",\"inLanguage\":\"pl-PL\",\"@id\":\"https:\/\/www.pogotowieflagowe.pl\/aktualne\/#\/schema\/logo\/image\/\",\"url\":\"https:\/\/www.pogotowieflagowe.pl\/aktualne\/wp-content\/uploads\/2024\/08\/cropped-pogotowieflagowe_flaga_projekt_sm.jpg\",\"contentUrl\":\"https:\/\/www.pogotowieflagowe.pl\/aktualne\/wp-content\/uploads\/2024\/08\/cropped-pogotowieflagowe_flaga_projekt_sm.jpg\",\"width\":250,\"height\":143,\"caption\":\"POGOTOWIE FLAGOWE\u00ae\"},\"image\":{\"@id\":\"https:\/\/www.pogotowieflagowe.pl\/aktualne\/#\/schema\/logo\/image\/\"}},{\"@type\":\"Person\",\"@id\":\"https:\/\/www.pogotowieflagowe.pl\/aktualne\/#\/schema\/person\/9c2fb7d2362ebf6fa088960d7f0d27b0\",\"name\":\"Filip\",\"image\":{\"@type\":\"ImageObject\",\"inLanguage\":\"pl-PL\",\"@id\":\"https:\/\/www.pogotowieflagowe.pl\/aktualne\/#\/schema\/person\/image\/\",\"url\":\"https:\/\/www.pogotowieflagowe.pl\/aktualne\/wp-content\/uploads\/2024\/08\/pogotowieflagowe.pl_.jpg\",\"contentUrl\":\"https:\/\/www.pogotowieflagowe.pl\/aktualne\/wp-content\/uploads\/2024\/08\/pogotowieflagowe.pl_.jpg\",\"caption\":\"Filip\"},\"description\":\"Jestem Filip, polski dziennikarz z dyplomem nauk politycznych Uniwersytetu Warszawskiego. Rozpoczynaj\u0105c swoj\u0105 karier\u0119 w r\u00f3\u017cnych lokalnych mediach, zdoby\u0142em solidne do\u015bwiadczenie w zakresie \u015bledztwa i redakcji. Obecnie jako redaktor w Pogotowie flagowe, staram si\u0119 dostarcza\u0107 dog\u0142\u0119bne i istotne analizy na temat najwa\u017cniejszych kwestii aktualno\u015bci, \u0142\u0105cz\u0105c rygor z pasj\u0105 dziennikarsk\u0105.\",\"sameAs\":[\"https:\/\/www.pogotowieflagowe.pl\/\"]}]}<\/script>\n<!-- \/ Yoast SEO plugin. -->","yoast_head_json":{"title":"Tusk obwie\u015bci\u0142 sukces nad ETS2. Media: Nic si\u0119 nie zmieni\u0142o. \u201eStraszne wie\u015bci\u201d - POGOTOWIE FLAGOWE\u00ae","robots":{"index":"index","follow":"follow","max-snippet":"max-snippet:-1","max-image-preview":"max-image-preview:large","max-video-preview":"max-video-preview:-1"},"canonical":"https:\/\/www.pogotowieflagowe.pl\/aktualne\/tusk-obwiescil-sukces-nad-ets2-media-nic-sie-nie-zmienilo-straszne-wiesci\/","og_locale":"pl_PL","og_type":"article","og_title":"Tusk obwie\u015bci\u0142 sukces nad ETS2. Media: Nic si\u0119 nie zmieni\u0142o. \u201eStraszne wie\u015bci\u201d - POGOTOWIE FLAGOWE\u00ae","og_description":"Polityka\u0179r\u00f3d\u0142a nie podzielaj\u0105 entuzjazmu Donalda Tuska po czwartkowym szczycie w Brukseli. Sprawa dotyczy wniosk\u00f3w dotycz\u0105cych celu klimatycznego Unii Europejskiej na","og_url":"https:\/\/www.pogotowieflagowe.pl\/aktualne\/tusk-obwiescil-sukces-nad-ets2-media-nic-sie-nie-zmienilo-straszne-wiesci\/","og_site_name":"POGOTOWIE FLAGOWE\u00ae","article_published_time":"2025-10-24T15:15:51+00:00","article_modified_time":"2025-10-24T15:15:52+00:00","og_image":[{"width":1280,"height":719,"url":"https:\/\/www.pogotowieflagowe.pl\/aktualne\/wp-content\/uploads\/2025\/10\/Tusk-obwiescil-sukces-nad-ETS2-Media-Nic-sie-nie-zmienilo.webp.webp","type":"image\/webp"}],"author":"Filip","twitter_card":"summary_large_image","twitter_misc":{"Napisane przez":"Filip","Szacowany czas czytania":"3 minuty"},"schema":{"@context":"https:\/\/schema.org","@graph":[{"@type":"Article","@id":"https:\/\/www.pogotowieflagowe.pl\/aktualne\/tusk-obwiescil-sukces-nad-ets2-media-nic-sie-nie-zmienilo-straszne-wiesci\/#article","isPartOf":{"@id":"https:\/\/www.pogotowieflagowe.pl\/aktualne\/tusk-obwiescil-sukces-nad-ets2-media-nic-sie-nie-zmienilo-straszne-wiesci\/"},"author":{"name":"Filip","@id":"https:\/\/www.pogotowieflagowe.pl\/aktualne\/#\/schema\/person\/9c2fb7d2362ebf6fa088960d7f0d27b0"},"headline":"Tusk obwie\u015bci\u0142 sukces nad ETS2. Media: Nic si\u0119 nie zmieni\u0142o. \u201eStraszne wie\u015bci\u201d","datePublished":"2025-10-24T15:15:51+00:00","dateModified":"2025-10-24T15:15:52+00:00","mainEntityOfPage":{"@id":"https:\/\/www.pogotowieflagowe.pl\/aktualne\/tusk-obwiescil-sukces-nad-ets2-media-nic-sie-nie-zmienilo-straszne-wiesci\/"},"wordCount":550,"commentCount":0,"publisher":{"@id":"https:\/\/www.pogotowieflagowe.pl\/aktualne\/#organization"},"image":{"@id":"https:\/\/www.pogotowieflagowe.pl\/aktualne\/tusk-obwiescil-sukces-nad-ets2-media-nic-sie-nie-zmienilo-straszne-wiesci\/#primaryimage"},"thumbnailUrl":"https:\/\/www.pogotowieflagowe.pl\/aktualne\/wp-content\/uploads\/2025\/10\/Tusk-obwiescil-sukces-nad-ETS2-Media-Nic-sie-nie-zmienilo.webp.webp","keywords":["ETS2","media","nad","nic","Nie","obwie\u015bci\u0142","si\u0119","Straszne","sukces","Tusk","wie\u015bci","zmieni\u0142o"],"articleSection":["Aktualne"],"inLanguage":"pl-PL","potentialAction":[{"@type":"CommentAction","name":"Comment","target":["https:\/\/www.pogotowieflagowe.pl\/aktualne\/tusk-obwiescil-sukces-nad-ets2-media-nic-sie-nie-zmienilo-straszne-wiesci\/#respond"]}]},{"@type":"WebPage","@id":"https:\/\/www.pogotowieflagowe.pl\/aktualne\/tusk-obwiescil-sukces-nad-ets2-media-nic-sie-nie-zmienilo-straszne-wiesci\/","url":"https:\/\/www.pogotowieflagowe.pl\/aktualne\/tusk-obwiescil-sukces-nad-ets2-media-nic-sie-nie-zmienilo-straszne-wiesci\/","name":"Tusk obwie\u015bci\u0142 sukces nad ETS2. Media: Nic si\u0119 nie zmieni\u0142o. \u201eStraszne wie\u015bci\u201d - POGOTOWIE FLAGOWE\u00ae","isPartOf":{"@id":"https:\/\/www.pogotowieflagowe.pl\/aktualne\/#website"},"primaryImageOfPage":{"@id":"https:\/\/www.pogotowieflagowe.pl\/aktualne\/tusk-obwiescil-sukces-nad-ets2-media-nic-sie-nie-zmienilo-straszne-wiesci\/#primaryimage"},"image":{"@id":"https:\/\/www.pogotowieflagowe.pl\/aktualne\/tusk-obwiescil-sukces-nad-ets2-media-nic-sie-nie-zmienilo-straszne-wiesci\/#primaryimage"},"thumbnailUrl":"https:\/\/www.pogotowieflagowe.pl\/aktualne\/wp-content\/uploads\/2025\/10\/Tusk-obwiescil-sukces-nad-ETS2-Media-Nic-sie-nie-zmienilo.webp.webp","datePublished":"2025-10-24T15:15:51+00:00","dateModified":"2025-10-24T15:15:52+00:00","breadcrumb":{"@id":"https:\/\/www.pogotowieflagowe.pl\/aktualne\/tusk-obwiescil-sukces-nad-ets2-media-nic-sie-nie-zmienilo-straszne-wiesci\/#breadcrumb"},"inLanguage":"pl-PL","potentialAction":[{"@type":"ReadAction","target":["https:\/\/www.pogotowieflagowe.pl\/aktualne\/tusk-obwiescil-sukces-nad-ets2-media-nic-sie-nie-zmienilo-straszne-wiesci\/"]}]},{"@type":"ImageObject","inLanguage":"pl-PL","@id":"https:\/\/www.pogotowieflagowe.pl\/aktualne\/tusk-obwiescil-sukces-nad-ets2-media-nic-sie-nie-zmienilo-straszne-wiesci\/#primaryimage","url":"https:\/\/www.pogotowieflagowe.pl\/aktualne\/wp-content\/uploads\/2025\/10\/Tusk-obwiescil-sukces-nad-ETS2-Media-Nic-sie-nie-zmienilo.webp.webp","contentUrl":"https:\/\/www.pogotowieflagowe.pl\/aktualne\/wp-content\/uploads\/2025\/10\/Tusk-obwiescil-sukces-nad-ETS2-Media-Nic-sie-nie-zmienilo.webp.webp","width":1280,"height":719,"caption":"Tusk obwie\u015bci\u0142 sukces nad ETS2. Media: Nic si\u0119 nie zmieni\u0142o. \u201eStraszne wie\u015bci\u201d"},{"@type":"BreadcrumbList","@id":"https:\/\/www.pogotowieflagowe.pl\/aktualne\/tusk-obwiescil-sukces-nad-ets2-media-nic-sie-nie-zmienilo-straszne-wiesci\/#breadcrumb","itemListElement":[{"@type":"ListItem","position":1,"name":"Home","item":"https:\/\/www.pogotowieflagowe.pl\/aktualne\/"},{"@type":"ListItem","position":2,"name":"Tusk obwie\u015bci\u0142 sukces nad ETS2. Media: Nic si\u0119 nie zmieni\u0142o. \u201eStraszne wie\u015bci\u201d"}]},{"@type":"WebSite","@id":"https:\/\/www.pogotowieflagowe.pl\/aktualne\/#website","url":"https:\/\/www.pogotowieflagowe.pl\/aktualne\/","name":"POGOTOWIE FLAGOWE\u00ae","description":"","publisher":{"@id":"https:\/\/www.pogotowieflagowe.pl\/aktualne\/#organization"},"potentialAction":[{"@type":"SearchAction","target":{"@type":"EntryPoint","urlTemplate":"https:\/\/www.pogotowieflagowe.pl\/aktualne\/?s={search_term_string}"},"query-input":"required name=search_term_string"}],"inLanguage":"pl-PL"},{"@type":"Organization","@id":"https:\/\/www.pogotowieflagowe.pl\/aktualne\/#organization","name":"POGOTOWIE FLAGOWE\u00ae","url":"https:\/\/www.pogotowieflagowe.pl\/aktualne\/","logo":{"@type":"ImageObject","inLanguage":"pl-PL","@id":"https:\/\/www.pogotowieflagowe.pl\/aktualne\/#\/schema\/logo\/image\/","url":"https:\/\/www.pogotowieflagowe.pl\/aktualne\/wp-content\/uploads\/2024\/08\/cropped-pogotowieflagowe_flaga_projekt_sm.jpg","contentUrl":"https:\/\/www.pogotowieflagowe.pl\/aktualne\/wp-content\/uploads\/2024\/08\/cropped-pogotowieflagowe_flaga_projekt_sm.jpg","width":250,"height":143,"caption":"POGOTOWIE FLAGOWE\u00ae"},"image":{"@id":"https:\/\/www.pogotowieflagowe.pl\/aktualne\/#\/schema\/logo\/image\/"}},{"@type":"Person","@id":"https:\/\/www.pogotowieflagowe.pl\/aktualne\/#\/schema\/person\/9c2fb7d2362ebf6fa088960d7f0d27b0","name":"Filip","image":{"@type":"ImageObject","inLanguage":"pl-PL","@id":"https:\/\/www.pogotowieflagowe.pl\/aktualne\/#\/schema\/person\/image\/","url":"https:\/\/www.pogotowieflagowe.pl\/aktualne\/wp-content\/uploads\/2024\/08\/pogotowieflagowe.pl_.jpg","contentUrl":"https:\/\/www.pogotowieflagowe.pl\/aktualne\/wp-content\/uploads\/2024\/08\/pogotowieflagowe.pl_.jpg","caption":"Filip"},"description":"Jestem Filip, polski dziennikarz z dyplomem nauk politycznych Uniwersytetu Warszawskiego. Rozpoczynaj\u0105c swoj\u0105 karier\u0119 w r\u00f3\u017cnych lokalnych mediach, zdoby\u0142em solidne do\u015bwiadczenie w zakresie \u015bledztwa i redakcji. Obecnie jako redaktor w Pogotowie flagowe, staram si\u0119 dostarcza\u0107 dog\u0142\u0119bne i istotne analizy na temat najwa\u017cniejszych kwestii aktualno\u015bci, \u0142\u0105cz\u0105c rygor z pasj\u0105 dziennikarsk\u0105.","sameAs":["https:\/\/www.pogotowieflagowe.pl\/"]}]}},"_links":{"self":[{"href":"https:\/\/www.pogotowieflagowe.pl\/aktualne\/wp-json\/wp\/v2\/posts\/9765","targetHints":{"allow":["GET"]}}],"collection":[{"href":"https:\/\/www.pogotowieflagowe.pl\/aktualne\/wp-json\/wp\/v2\/posts"}],"about":[{"href":"https:\/\/www.pogotowieflagowe.pl\/aktualne\/wp-json\/wp\/v2\/types\/post"}],"author":[{"embeddable":true,"href":"https:\/\/www.pogotowieflagowe.pl\/aktualne\/wp-json\/wp\/v2\/users\/1"}],"replies":[{"embeddable":true,"href":"https:\/\/www.pogotowieflagowe.pl\/aktualne\/wp-json\/wp\/v2\/comments?post=9765"}],"version-history":[{"count":1,"href":"https:\/\/www.pogotowieflagowe.pl\/aktualne\/wp-json\/wp\/v2\/posts\/9765\/revisions"}],"predecessor-version":[{"id":9767,"href":"https:\/\/www.pogotowieflagowe.pl\/aktualne\/wp-json\/wp\/v2\/posts\/9765\/revisions\/9767"}],"wp:featuredmedia":[{"embeddable":true,"href":"https:\/\/www.pogotowieflagowe.pl\/aktualne\/wp-json\/wp\/v2\/media\/9766"}],"wp:attachment":[{"href":"https:\/\/www.pogotowieflagowe.pl\/aktualne\/wp-json\/wp\/v2\/media?parent=9765"}],"wp:term":[{"taxonomy":"category","embeddable":true,"href":"https:\/\/www.pogotowieflagowe.pl\/aktualne\/wp-json\/wp\/v2\/categories?post=9765"},{"taxonomy":"post_tag","embeddable":true,"href":"https:\/\/www.pogotowieflagowe.pl\/aktualne\/wp-json\/wp\/v2\/tags?post=9765"}],"curies":[{"name":"wp","href":"https:\/\/api.w.org\/{rel}","templated":true}]}}