{"id":9768,"date":"2025-10-24T17:47:05","date_gmt":"2025-10-24T15:47:05","guid":{"rendered":"https:\/\/www.pogotowieflagowe.pl\/aktualne\/kaczynski-zapowiada-gruntowna-reforme-sluzby-zdrowia-uwiklany-w-siec-poteznych-interesow\/"},"modified":"2025-10-24T17:47:06","modified_gmt":"2025-10-24T15:47:06","slug":"kaczynski-zapowiada-gruntowna-reforme-sluzby-zdrowia-uwiklany-w-siec-poteznych-interesow","status":"publish","type":"post","link":"https:\/\/www.pogotowieflagowe.pl\/aktualne\/kaczynski-zapowiada-gruntowna-reforme-sluzby-zdrowia-uwiklany-w-siec-poteznych-interesow\/","title":{"rendered":"Kaczy\u0144ski zapowiada \u201egruntown\u0105 reform\u0119 s\u0142u\u017cby zdrowia\u201d: \u201euwik\u0142any w sie\u0107 pot\u0119\u017cnych interes\u00f3w\u201d"},"content":{"rendered":"\n<div class=\"td_block_wrap tdb_single_content tdi_41 td-pb-border-top td_block_template_8 td-post-content tagdiv-type\" data-td-block-uid=\"tdi_41\">\n<style>.tdi_41{margines-top:0px!important;margin-bottom:0px!important;dope\u0142nienie-g\u00f3ra:0px!important;dope\u0142nienie-d\u00f3\u0142:0px!important}<\/style>\n<style>.tdb_single_content{margin-bottom:0;*zoom:1}.tdb_single_content:before,.tdb_single_content:after{display:table;content:'';line-height:0}.tdb_single_content:after{clear:both}.tdb_single_content .tdb-block-inner>*:not(.wp-block-quote):not(.alignwide):not(.alignfull.wp-block-cover.has-parallax):not(.td-a-ad){margin-left:auto;margin-right:auto}.tdb_single_content a{pointer-events:auto}.tdb_single_content .td-spot-id-top_ad .tdc-placeholder-title:before{content:'Article Top Ad'!important}.tdb_single_content .td-spot-id-inline_ad0 .tdc-placeholder-title:before{content:'Article Reklama wbudowana 1'!important}.tdb_single_content .td-spot-id-inline_ad1 .tdc-placeholder-title:before{content:'Reklama wbudowana w artyku\u0142 2'!important}.tdb_single_content .td-spot-id-inline_ad2 .tdc-placeholder-title:before{content:'Reklama w tek\u015bcie artyku\u0142u 3'!important}.tdb_single_content .td-spot-id-bottom_ad .tdc-placeholder-title:before{content:'Article Bottom Ad'!important}.tdb_single_content .id_top_ad,.tdb_single_content .id_bottom_ad{clear:both;margin-bottom:21px;text-align:center}.tdb_single_content .id_top_ad img,.tdb_single_content .id_bottom_ad img{margin-bottom:0}.tdb_single_content .id_top_ad .adsbygoogle,.tdb_single_content .id_bottom_ad .adsbygoogle{position:relative}.tdb_single_content .id_ad_content-horiz-left,.tdb_single_content .id_ad_content-horiz-right,.tdb_single_content .id_ad_content-horiz-center{margin-bottom:15px}.tdb_single_content .id_ad_content-horiz-left img,.tdb_single_content .id_ad_content-horiz-right img,.tdb_single_content .id_ad_content-horiz-center img{margin-bottom:0}.tdb_single_content .id_ad_content-horiz-center{text-align:center}.tdb_single_content .id_ad_content-horiz-center img{margin-right:auto;margin-left:auto}.tdb_single_content .id_ad_content-horiz-left{float:left;margin-top:9px;margin-right:21px}.tdb_single_content .id_ad_content-horiz-right{float:right;margin-top:6px;margin-left:21px}.tdb_single_content .tdc-a-ad .tdc-placeholder-title{width:300px;height:250px}.tdb_single_content .tdc-a-ad .tdc-placeholder-title:before{position:absolute;top:50%;-webkit-transform:translateY(-50%);transform:translateY(-50%);margin:auto;display:table;width:100%}.tdb_single_content .tdb-block-inner.td-fix-index{word-break:break-word}.tdi_41,.tdi_41>p,.tdi_41 .tdb-block-inner>p,.wp-block-column>p{font-size:16px!important;line-height:1.6!important}.tdi_41 .tdb-block-inner cytat blokowy p{font-style:normal!important}@media (max-width:767px){.tdb_single_content .id_ad_content-horiz-left,.tdb_single_content .id_ad_content-horiz-right,.tdb_single_content .id_ad_content-horiz-center{margin:0 auto 26 pikseli auto}}@media (max-width:767px){.tdb_single_content .id_ad_content-horiz-left{margin-right:0}}@media (max-width:767px){.tdb_single_content .id_ad_content-horiz-right{margin-left:0}}@media (max-width:767px){.tdb_single_content .td-a-ad{float:none;text-align:center}.tdb_single_content .td-a-ad img{margin-right:auto;margin-left:auto}.tdb_single_content .tdc-a-ad{float:none}}<\/style>\n<div class=\"tdb-block-inner td-fix-index\">\n<p>&#8222;To przedsi\u0119wzi\u0119cie uwik\u0142ane &#8211; g\u0142\u00f3wnie ze wzgl\u0119du na obecn\u0105 struktur\u0119 organizacyjn\u0105 i sytuacj\u0119 w\u0142a\u015bcicielsk\u0105 &#8211; w ogromn\u0105 liczb\u0119 interes\u00f3w. To 6 proc. PKB, a to oznacza ogromne pieni\u0105dze i interesy z tym zwi\u0105zane&#8221; &#8211; m\u00f3wi\u0142 o planowanej reformie s\u0142u\u017cby zdrowia Jaros\u0142aw Kaczy\u0144ski, lider PiS.<\/p>\n<p>Podczas przem\u00f3wienia otwieraj\u0105cego <em>Prawo i Sprawiedliwo\u015b\u0107 (PiS)<\/em> konwencja <em>My\u015bl\u0105ca Polska<\/em>Prezes partii Jaros\u0142aw Kaczy\u0144ski stwierdzi\u0142, \u017ce konieczna jest kompleksowa reforma systemu opieki zdrowotnej.<\/p>\n<figure class=\"wp-block-pullquote\">\n<blockquote>\n<p><strong>&#8222;To przedsi\u0119wzi\u0119cie uwik\u0142ane &#8211; g\u0142\u00f3wnie ze wzgl\u0119du na obecn\u0105 struktur\u0119 organizacyjn\u0105 i sytuacj\u0119 w\u0142a\u015bcicielsk\u0105 &#8211; w ogromn\u0105 liczb\u0119 interes\u00f3w. To 6 proc. PKB, a to spore pieni\u0105dze i interesy z tym zwi\u0105zane. W wielu miejscach w Polsce to te\u017c kwestia zatrudnienia, co zawsze by\u0142o wa\u017cne, bo (szpitale powiatowe) to cz\u0119sto najwi\u0119ksze zak\u0142ady pracy w ca\u0142ym powiecie&#8221;<\/strong> powiedzia\u0142 Kaczy\u0144ski.<\/p>\n<\/blockquote>\n<\/figure>\n<p>Doda\u0142, \u017ce podobna sytuacja panuje w Europie Zachodniej i Stanach Zjednoczonych.<\/p>\n<figure class=\"wp-block-pullquote\">\n<blockquote>\n<p><strong>&#8222;Mamy do czynienia z sieci\u0105 r\u00f3\u017cnych interes\u00f3w \u2013 ludzi pracuj\u0105cych w s\u0142u\u017cbie zdrowia, lekarzy, piel\u0119gniarek, ale te\u017c samorz\u0105d\u00f3w, grup lobbuj\u0105cych, producent\u00f3w farmaceutycznych. Je\u015bli chce si\u0119 powa\u017cnie dyskutowa\u0107 na te tematy, trzeba stan\u0105\u0107 twarz\u0105 w twarz z prawd\u0105, a to nie jest \u0142atwe&#8221;<\/strong> podkre\u015bli\u0142 <em>Prawo i Sprawiedliwo\u015b\u0107 (PiS)<\/em> lider.<\/p>\n<\/blockquote>\n<\/figure>\n<figure class=\"wp-block-pullquote\">\n<blockquote>\n<p><strong>\u201eTrzeba zaj\u0105\u0107 si\u0119 kwesti\u0105 partykularnych interes\u00f3w, rozwik\u0142a\u0107 j\u0105, spojrze\u0107 na ni\u0105 realistycznie i na tej podstawie przygotowa\u0107 bardzo powa\u017cn\u0105 reform\u0119\u201d \u2013 doda\u0142.<\/strong> doda\u0142.<\/p>\n<\/blockquote>\n<\/figure>\n<\/div>\n<\/div>\n","protected":false},"excerpt":{"rendered":"<p>&#8222;To przedsi\u0119wzi\u0119cie uwik\u0142ane &#8211; g\u0142\u00f3wnie ze wzgl\u0119du na obecn\u0105 struktur\u0119 organizacyjn\u0105 i sytuacj\u0119 w\u0142a\u015bcicielsk\u0105 &#8211; w ogromn\u0105 liczb\u0119 interes\u00f3w. To<\/p>\n","protected":false},"author":1,"featured_media":9769,"comment_status":"open","ping_status":"open","sticky":false,"template":"","format":"standard","meta":{"footnotes":""},"categories":[4748],"tags":[11270,6782,2766,11274,11271,11273,3541,11272,2366,1639],"class_list":["post-9768","post","type-post","status-publish","format-standard","has-post-thumbnail","hentry","category-aktualne","tag-gruntowna","tag-interesow","tag-kaczynski","tag-poteznych","tag-reforme","tag-siec","tag-sluzby","tag-uwiklany","tag-zapowiada","tag-zdrowia","generate-columns","tablet-grid-50","mobile-grid-100","grid-parent","grid-50","resize-featured-image"],"yoast_head":"<!-- This site is optimized with the Yoast SEO plugin v23.2 - https:\/\/yoast.com\/wordpress\/plugins\/seo\/ -->\n<title>Kaczy\u0144ski zapowiada \u201egruntown\u0105 reform\u0119 s\u0142u\u017cby zdrowia\u201d: \u201euwik\u0142any w sie\u0107 pot\u0119\u017cnych interes\u00f3w\u201d - POGOTOWIE FLAGOWE\u00ae<\/title>\n<meta name=\"robots\" content=\"index, follow, max-snippet:-1, max-image-preview:large, max-video-preview:-1\" \/>\n<link rel=\"canonical\" href=\"https:\/\/www.pogotowieflagowe.pl\/aktualne\/kaczynski-zapowiada-gruntowna-reforme-sluzby-zdrowia-uwiklany-w-siec-poteznych-interesow\/\" \/>\n<meta property=\"og:locale\" content=\"pl_PL\" \/>\n<meta property=\"og:type\" content=\"article\" \/>\n<meta property=\"og:title\" content=\"Kaczy\u0144ski zapowiada \u201egruntown\u0105 reform\u0119 s\u0142u\u017cby zdrowia\u201d: \u201euwik\u0142any w sie\u0107 pot\u0119\u017cnych interes\u00f3w\u201d - POGOTOWIE FLAGOWE\u00ae\" \/>\n<meta property=\"og:description\" content=\"&#8222;To przedsi\u0119wzi\u0119cie uwik\u0142ane &#8211; g\u0142\u00f3wnie ze wzgl\u0119du na obecn\u0105 struktur\u0119 organizacyjn\u0105 i sytuacj\u0119 w\u0142a\u015bcicielsk\u0105 &#8211; w ogromn\u0105 liczb\u0119 interes\u00f3w. To\" \/>\n<meta property=\"og:url\" content=\"https:\/\/www.pogotowieflagowe.pl\/aktualne\/kaczynski-zapowiada-gruntowna-reforme-sluzby-zdrowia-uwiklany-w-siec-poteznych-interesow\/\" \/>\n<meta property=\"og:site_name\" content=\"POGOTOWIE FLAGOWE\u00ae\" \/>\n<meta property=\"article:published_time\" content=\"2025-10-24T15:47:05+00:00\" \/>\n<meta property=\"article:modified_time\" content=\"2025-10-24T15:47:06+00:00\" \/>\n<meta property=\"og:image\" content=\"https:\/\/www.pogotowieflagowe.pl\/aktualne\/wp-content\/uploads\/2025\/10\/Kaczynski-zapowiada-\u201egruntowna-reforme-sluzby-zdrowia-\u201euwiklany-w-siec-poteznych.webp.webp\" \/>\n\t<meta property=\"og:image:width\" content=\"1280\" \/>\n\t<meta property=\"og:image:height\" content=\"720\" \/>\n\t<meta property=\"og:image:type\" content=\"image\/webp\" \/>\n<meta name=\"author\" content=\"Filip\" \/>\n<meta name=\"twitter:card\" content=\"summary_large_image\" \/>\n<meta name=\"twitter:label1\" content=\"Napisane przez\" \/>\n\t<meta name=\"twitter:data1\" content=\"Filip\" \/>\n\t<meta name=\"twitter:label2\" content=\"Szacowany czas czytania\" \/>\n\t<meta name=\"twitter:data2\" content=\"1 minuta\" \/>\n<script type=\"application\/ld+json\" class=\"yoast-schema-graph\">{\"@context\":\"https:\/\/schema.org\",\"@graph\":[{\"@type\":\"Article\",\"@id\":\"https:\/\/www.pogotowieflagowe.pl\/aktualne\/kaczynski-zapowiada-gruntowna-reforme-sluzby-zdrowia-uwiklany-w-siec-poteznych-interesow\/#article\",\"isPartOf\":{\"@id\":\"https:\/\/www.pogotowieflagowe.pl\/aktualne\/kaczynski-zapowiada-gruntowna-reforme-sluzby-zdrowia-uwiklany-w-siec-poteznych-interesow\/\"},\"author\":{\"name\":\"Filip\",\"@id\":\"https:\/\/www.pogotowieflagowe.pl\/aktualne\/#\/schema\/person\/9c2fb7d2362ebf6fa088960d7f0d27b0\"},\"headline\":\"Kaczy\u0144ski zapowiada \u201egruntown\u0105 reform\u0119 s\u0142u\u017cby zdrowia\u201d: \u201euwik\u0142any w sie\u0107 pot\u0119\u017cnych interes\u00f3w\u201d\",\"datePublished\":\"2025-10-24T15:47:05+00:00\",\"dateModified\":\"2025-10-24T15:47:06+00:00\",\"mainEntityOfPage\":{\"@id\":\"https:\/\/www.pogotowieflagowe.pl\/aktualne\/kaczynski-zapowiada-gruntowna-reforme-sluzby-zdrowia-uwiklany-w-siec-poteznych-interesow\/\"},\"wordCount\":273,\"commentCount\":0,\"publisher\":{\"@id\":\"https:\/\/www.pogotowieflagowe.pl\/aktualne\/#organization\"},\"image\":{\"@id\":\"https:\/\/www.pogotowieflagowe.pl\/aktualne\/kaczynski-zapowiada-gruntowna-reforme-sluzby-zdrowia-uwiklany-w-siec-poteznych-interesow\/#primaryimage\"},\"thumbnailUrl\":\"https:\/\/www.pogotowieflagowe.pl\/aktualne\/wp-content\/uploads\/2025\/10\/Kaczynski-zapowiada-\u201egruntowna-reforme-sluzby-zdrowia-\u201euwiklany-w-siec-poteznych.webp.webp\",\"keywords\":[\"gruntown\u0105\",\"interes\u00f3w\",\"Kaczy\u0144ski\",\"pot\u0119\u017cnych\",\"reform\u0119\",\"sie\u0107\",\"S\u0142u\u017cby\",\"uwik\u0142any\",\"zapowiada\",\"zdrowia\"],\"articleSection\":[\"Aktualne\"],\"inLanguage\":\"pl-PL\",\"potentialAction\":[{\"@type\":\"CommentAction\",\"name\":\"Comment\",\"target\":[\"https:\/\/www.pogotowieflagowe.pl\/aktualne\/kaczynski-zapowiada-gruntowna-reforme-sluzby-zdrowia-uwiklany-w-siec-poteznych-interesow\/#respond\"]}]},{\"@type\":\"WebPage\",\"@id\":\"https:\/\/www.pogotowieflagowe.pl\/aktualne\/kaczynski-zapowiada-gruntowna-reforme-sluzby-zdrowia-uwiklany-w-siec-poteznych-interesow\/\",\"url\":\"https:\/\/www.pogotowieflagowe.pl\/aktualne\/kaczynski-zapowiada-gruntowna-reforme-sluzby-zdrowia-uwiklany-w-siec-poteznych-interesow\/\",\"name\":\"Kaczy\u0144ski zapowiada \u201egruntown\u0105 reform\u0119 s\u0142u\u017cby zdrowia\u201d: \u201euwik\u0142any w sie\u0107 pot\u0119\u017cnych interes\u00f3w\u201d - POGOTOWIE FLAGOWE\u00ae\",\"isPartOf\":{\"@id\":\"https:\/\/www.pogotowieflagowe.pl\/aktualne\/#website\"},\"primaryImageOfPage\":{\"@id\":\"https:\/\/www.pogotowieflagowe.pl\/aktualne\/kaczynski-zapowiada-gruntowna-reforme-sluzby-zdrowia-uwiklany-w-siec-poteznych-interesow\/#primaryimage\"},\"image\":{\"@id\":\"https:\/\/www.pogotowieflagowe.pl\/aktualne\/kaczynski-zapowiada-gruntowna-reforme-sluzby-zdrowia-uwiklany-w-siec-poteznych-interesow\/#primaryimage\"},\"thumbnailUrl\":\"https:\/\/www.pogotowieflagowe.pl\/aktualne\/wp-content\/uploads\/2025\/10\/Kaczynski-zapowiada-\u201egruntowna-reforme-sluzby-zdrowia-\u201euwiklany-w-siec-poteznych.webp.webp\",\"datePublished\":\"2025-10-24T15:47:05+00:00\",\"dateModified\":\"2025-10-24T15:47:06+00:00\",\"breadcrumb\":{\"@id\":\"https:\/\/www.pogotowieflagowe.pl\/aktualne\/kaczynski-zapowiada-gruntowna-reforme-sluzby-zdrowia-uwiklany-w-siec-poteznych-interesow\/#breadcrumb\"},\"inLanguage\":\"pl-PL\",\"potentialAction\":[{\"@type\":\"ReadAction\",\"target\":[\"https:\/\/www.pogotowieflagowe.pl\/aktualne\/kaczynski-zapowiada-gruntowna-reforme-sluzby-zdrowia-uwiklany-w-siec-poteznych-interesow\/\"]}]},{\"@type\":\"ImageObject\",\"inLanguage\":\"pl-PL\",\"@id\":\"https:\/\/www.pogotowieflagowe.pl\/aktualne\/kaczynski-zapowiada-gruntowna-reforme-sluzby-zdrowia-uwiklany-w-siec-poteznych-interesow\/#primaryimage\",\"url\":\"https:\/\/www.pogotowieflagowe.pl\/aktualne\/wp-content\/uploads\/2025\/10\/Kaczynski-zapowiada-\u201egruntowna-reforme-sluzby-zdrowia-\u201euwiklany-w-siec-poteznych.webp.webp\",\"contentUrl\":\"https:\/\/www.pogotowieflagowe.pl\/aktualne\/wp-content\/uploads\/2025\/10\/Kaczynski-zapowiada-\u201egruntowna-reforme-sluzby-zdrowia-\u201euwiklany-w-siec-poteznych.webp.webp\",\"width\":1280,\"height\":720,\"caption\":\"Kaczy\u0144ski zapowiada \u201egruntown\u0105 reform\u0119 s\u0142u\u017cby zdrowia\u201d: \u201euwik\u0142any w sie\u0107 pot\u0119\u017cnych interes\u00f3w\u201d\"},{\"@type\":\"BreadcrumbList\",\"@id\":\"https:\/\/www.pogotowieflagowe.pl\/aktualne\/kaczynski-zapowiada-gruntowna-reforme-sluzby-zdrowia-uwiklany-w-siec-poteznych-interesow\/#breadcrumb\",\"itemListElement\":[{\"@type\":\"ListItem\",\"position\":1,\"name\":\"Home\",\"item\":\"https:\/\/www.pogotowieflagowe.pl\/aktualne\/\"},{\"@type\":\"ListItem\",\"position\":2,\"name\":\"Kaczy\u0144ski zapowiada \u201egruntown\u0105 reform\u0119 s\u0142u\u017cby zdrowia\u201d: \u201euwik\u0142any w sie\u0107 pot\u0119\u017cnych interes\u00f3w\u201d\"}]},{\"@type\":\"WebSite\",\"@id\":\"https:\/\/www.pogotowieflagowe.pl\/aktualne\/#website\",\"url\":\"https:\/\/www.pogotowieflagowe.pl\/aktualne\/\",\"name\":\"POGOTOWIE FLAGOWE\u00ae\",\"description\":\"\",\"publisher\":{\"@id\":\"https:\/\/www.pogotowieflagowe.pl\/aktualne\/#organization\"},\"potentialAction\":[{\"@type\":\"SearchAction\",\"target\":{\"@type\":\"EntryPoint\",\"urlTemplate\":\"https:\/\/www.pogotowieflagowe.pl\/aktualne\/?s={search_term_string}\"},\"query-input\":\"required name=search_term_string\"}],\"inLanguage\":\"pl-PL\"},{\"@type\":\"Organization\",\"@id\":\"https:\/\/www.pogotowieflagowe.pl\/aktualne\/#organization\",\"name\":\"POGOTOWIE FLAGOWE\u00ae\",\"url\":\"https:\/\/www.pogotowieflagowe.pl\/aktualne\/\",\"logo\":{\"@type\":\"ImageObject\",\"inLanguage\":\"pl-PL\",\"@id\":\"https:\/\/www.pogotowieflagowe.pl\/aktualne\/#\/schema\/logo\/image\/\",\"url\":\"https:\/\/www.pogotowieflagowe.pl\/aktualne\/wp-content\/uploads\/2024\/08\/cropped-pogotowieflagowe_flaga_projekt_sm.jpg\",\"contentUrl\":\"https:\/\/www.pogotowieflagowe.pl\/aktualne\/wp-content\/uploads\/2024\/08\/cropped-pogotowieflagowe_flaga_projekt_sm.jpg\",\"width\":250,\"height\":143,\"caption\":\"POGOTOWIE FLAGOWE\u00ae\"},\"image\":{\"@id\":\"https:\/\/www.pogotowieflagowe.pl\/aktualne\/#\/schema\/logo\/image\/\"}},{\"@type\":\"Person\",\"@id\":\"https:\/\/www.pogotowieflagowe.pl\/aktualne\/#\/schema\/person\/9c2fb7d2362ebf6fa088960d7f0d27b0\",\"name\":\"Filip\",\"image\":{\"@type\":\"ImageObject\",\"inLanguage\":\"pl-PL\",\"@id\":\"https:\/\/www.pogotowieflagowe.pl\/aktualne\/#\/schema\/person\/image\/\",\"url\":\"https:\/\/www.pogotowieflagowe.pl\/aktualne\/wp-content\/uploads\/2024\/08\/pogotowieflagowe.pl_.jpg\",\"contentUrl\":\"https:\/\/www.pogotowieflagowe.pl\/aktualne\/wp-content\/uploads\/2024\/08\/pogotowieflagowe.pl_.jpg\",\"caption\":\"Filip\"},\"description\":\"Jestem Filip, polski dziennikarz z dyplomem nauk politycznych Uniwersytetu Warszawskiego. Rozpoczynaj\u0105c swoj\u0105 karier\u0119 w r\u00f3\u017cnych lokalnych mediach, zdoby\u0142em solidne do\u015bwiadczenie w zakresie \u015bledztwa i redakcji. Obecnie jako redaktor w Pogotowie flagowe, staram si\u0119 dostarcza\u0107 dog\u0142\u0119bne i istotne analizy na temat najwa\u017cniejszych kwestii aktualno\u015bci, \u0142\u0105cz\u0105c rygor z pasj\u0105 dziennikarsk\u0105.\",\"sameAs\":[\"https:\/\/www.pogotowieflagowe.pl\/\"]}]}<\/script>\n<!-- \/ Yoast SEO plugin. -->","yoast_head_json":{"title":"Kaczy\u0144ski zapowiada \u201egruntown\u0105 reform\u0119 s\u0142u\u017cby zdrowia\u201d: \u201euwik\u0142any w sie\u0107 pot\u0119\u017cnych interes\u00f3w\u201d - POGOTOWIE FLAGOWE\u00ae","robots":{"index":"index","follow":"follow","max-snippet":"max-snippet:-1","max-image-preview":"max-image-preview:large","max-video-preview":"max-video-preview:-1"},"canonical":"https:\/\/www.pogotowieflagowe.pl\/aktualne\/kaczynski-zapowiada-gruntowna-reforme-sluzby-zdrowia-uwiklany-w-siec-poteznych-interesow\/","og_locale":"pl_PL","og_type":"article","og_title":"Kaczy\u0144ski zapowiada \u201egruntown\u0105 reform\u0119 s\u0142u\u017cby zdrowia\u201d: \u201euwik\u0142any w sie\u0107 pot\u0119\u017cnych interes\u00f3w\u201d - POGOTOWIE FLAGOWE\u00ae","og_description":"&#8222;To przedsi\u0119wzi\u0119cie uwik\u0142ane &#8211; g\u0142\u00f3wnie ze wzgl\u0119du na obecn\u0105 struktur\u0119 organizacyjn\u0105 i sytuacj\u0119 w\u0142a\u015bcicielsk\u0105 &#8211; w ogromn\u0105 liczb\u0119 interes\u00f3w. To","og_url":"https:\/\/www.pogotowieflagowe.pl\/aktualne\/kaczynski-zapowiada-gruntowna-reforme-sluzby-zdrowia-uwiklany-w-siec-poteznych-interesow\/","og_site_name":"POGOTOWIE FLAGOWE\u00ae","article_published_time":"2025-10-24T15:47:05+00:00","article_modified_time":"2025-10-24T15:47:06+00:00","og_image":[{"width":1280,"height":720,"url":"https:\/\/www.pogotowieflagowe.pl\/aktualne\/wp-content\/uploads\/2025\/10\/Kaczynski-zapowiada-\u201egruntowna-reforme-sluzby-zdrowia-\u201euwiklany-w-siec-poteznych.webp.webp","type":"image\/webp"}],"author":"Filip","twitter_card":"summary_large_image","twitter_misc":{"Napisane przez":"Filip","Szacowany czas czytania":"1 minuta"},"schema":{"@context":"https:\/\/schema.org","@graph":[{"@type":"Article","@id":"https:\/\/www.pogotowieflagowe.pl\/aktualne\/kaczynski-zapowiada-gruntowna-reforme-sluzby-zdrowia-uwiklany-w-siec-poteznych-interesow\/#article","isPartOf":{"@id":"https:\/\/www.pogotowieflagowe.pl\/aktualne\/kaczynski-zapowiada-gruntowna-reforme-sluzby-zdrowia-uwiklany-w-siec-poteznych-interesow\/"},"author":{"name":"Filip","@id":"https:\/\/www.pogotowieflagowe.pl\/aktualne\/#\/schema\/person\/9c2fb7d2362ebf6fa088960d7f0d27b0"},"headline":"Kaczy\u0144ski zapowiada \u201egruntown\u0105 reform\u0119 s\u0142u\u017cby zdrowia\u201d: \u201euwik\u0142any w sie\u0107 pot\u0119\u017cnych interes\u00f3w\u201d","datePublished":"2025-10-24T15:47:05+00:00","dateModified":"2025-10-24T15:47:06+00:00","mainEntityOfPage":{"@id":"https:\/\/www.pogotowieflagowe.pl\/aktualne\/kaczynski-zapowiada-gruntowna-reforme-sluzby-zdrowia-uwiklany-w-siec-poteznych-interesow\/"},"wordCount":273,"commentCount":0,"publisher":{"@id":"https:\/\/www.pogotowieflagowe.pl\/aktualne\/#organization"},"image":{"@id":"https:\/\/www.pogotowieflagowe.pl\/aktualne\/kaczynski-zapowiada-gruntowna-reforme-sluzby-zdrowia-uwiklany-w-siec-poteznych-interesow\/#primaryimage"},"thumbnailUrl":"https:\/\/www.pogotowieflagowe.pl\/aktualne\/wp-content\/uploads\/2025\/10\/Kaczynski-zapowiada-\u201egruntowna-reforme-sluzby-zdrowia-\u201euwiklany-w-siec-poteznych.webp.webp","keywords":["gruntown\u0105","interes\u00f3w","Kaczy\u0144ski","pot\u0119\u017cnych","reform\u0119","sie\u0107","S\u0142u\u017cby","uwik\u0142any","zapowiada","zdrowia"],"articleSection":["Aktualne"],"inLanguage":"pl-PL","potentialAction":[{"@type":"CommentAction","name":"Comment","target":["https:\/\/www.pogotowieflagowe.pl\/aktualne\/kaczynski-zapowiada-gruntowna-reforme-sluzby-zdrowia-uwiklany-w-siec-poteznych-interesow\/#respond"]}]},{"@type":"WebPage","@id":"https:\/\/www.pogotowieflagowe.pl\/aktualne\/kaczynski-zapowiada-gruntowna-reforme-sluzby-zdrowia-uwiklany-w-siec-poteznych-interesow\/","url":"https:\/\/www.pogotowieflagowe.pl\/aktualne\/kaczynski-zapowiada-gruntowna-reforme-sluzby-zdrowia-uwiklany-w-siec-poteznych-interesow\/","name":"Kaczy\u0144ski zapowiada \u201egruntown\u0105 reform\u0119 s\u0142u\u017cby zdrowia\u201d: \u201euwik\u0142any w sie\u0107 pot\u0119\u017cnych interes\u00f3w\u201d - POGOTOWIE FLAGOWE\u00ae","isPartOf":{"@id":"https:\/\/www.pogotowieflagowe.pl\/aktualne\/#website"},"primaryImageOfPage":{"@id":"https:\/\/www.pogotowieflagowe.pl\/aktualne\/kaczynski-zapowiada-gruntowna-reforme-sluzby-zdrowia-uwiklany-w-siec-poteznych-interesow\/#primaryimage"},"image":{"@id":"https:\/\/www.pogotowieflagowe.pl\/aktualne\/kaczynski-zapowiada-gruntowna-reforme-sluzby-zdrowia-uwiklany-w-siec-poteznych-interesow\/#primaryimage"},"thumbnailUrl":"https:\/\/www.pogotowieflagowe.pl\/aktualne\/wp-content\/uploads\/2025\/10\/Kaczynski-zapowiada-\u201egruntowna-reforme-sluzby-zdrowia-\u201euwiklany-w-siec-poteznych.webp.webp","datePublished":"2025-10-24T15:47:05+00:00","dateModified":"2025-10-24T15:47:06+00:00","breadcrumb":{"@id":"https:\/\/www.pogotowieflagowe.pl\/aktualne\/kaczynski-zapowiada-gruntowna-reforme-sluzby-zdrowia-uwiklany-w-siec-poteznych-interesow\/#breadcrumb"},"inLanguage":"pl-PL","potentialAction":[{"@type":"ReadAction","target":["https:\/\/www.pogotowieflagowe.pl\/aktualne\/kaczynski-zapowiada-gruntowna-reforme-sluzby-zdrowia-uwiklany-w-siec-poteznych-interesow\/"]}]},{"@type":"ImageObject","inLanguage":"pl-PL","@id":"https:\/\/www.pogotowieflagowe.pl\/aktualne\/kaczynski-zapowiada-gruntowna-reforme-sluzby-zdrowia-uwiklany-w-siec-poteznych-interesow\/#primaryimage","url":"https:\/\/www.pogotowieflagowe.pl\/aktualne\/wp-content\/uploads\/2025\/10\/Kaczynski-zapowiada-\u201egruntowna-reforme-sluzby-zdrowia-\u201euwiklany-w-siec-poteznych.webp.webp","contentUrl":"https:\/\/www.pogotowieflagowe.pl\/aktualne\/wp-content\/uploads\/2025\/10\/Kaczynski-zapowiada-\u201egruntowna-reforme-sluzby-zdrowia-\u201euwiklany-w-siec-poteznych.webp.webp","width":1280,"height":720,"caption":"Kaczy\u0144ski zapowiada \u201egruntown\u0105 reform\u0119 s\u0142u\u017cby zdrowia\u201d: \u201euwik\u0142any w sie\u0107 pot\u0119\u017cnych interes\u00f3w\u201d"},{"@type":"BreadcrumbList","@id":"https:\/\/www.pogotowieflagowe.pl\/aktualne\/kaczynski-zapowiada-gruntowna-reforme-sluzby-zdrowia-uwiklany-w-siec-poteznych-interesow\/#breadcrumb","itemListElement":[{"@type":"ListItem","position":1,"name":"Home","item":"https:\/\/www.pogotowieflagowe.pl\/aktualne\/"},{"@type":"ListItem","position":2,"name":"Kaczy\u0144ski zapowiada \u201egruntown\u0105 reform\u0119 s\u0142u\u017cby zdrowia\u201d: \u201euwik\u0142any w sie\u0107 pot\u0119\u017cnych interes\u00f3w\u201d"}]},{"@type":"WebSite","@id":"https:\/\/www.pogotowieflagowe.pl\/aktualne\/#website","url":"https:\/\/www.pogotowieflagowe.pl\/aktualne\/","name":"POGOTOWIE FLAGOWE\u00ae","description":"","publisher":{"@id":"https:\/\/www.pogotowieflagowe.pl\/aktualne\/#organization"},"potentialAction":[{"@type":"SearchAction","target":{"@type":"EntryPoint","urlTemplate":"https:\/\/www.pogotowieflagowe.pl\/aktualne\/?s={search_term_string}"},"query-input":"required name=search_term_string"}],"inLanguage":"pl-PL"},{"@type":"Organization","@id":"https:\/\/www.pogotowieflagowe.pl\/aktualne\/#organization","name":"POGOTOWIE FLAGOWE\u00ae","url":"https:\/\/www.pogotowieflagowe.pl\/aktualne\/","logo":{"@type":"ImageObject","inLanguage":"pl-PL","@id":"https:\/\/www.pogotowieflagowe.pl\/aktualne\/#\/schema\/logo\/image\/","url":"https:\/\/www.pogotowieflagowe.pl\/aktualne\/wp-content\/uploads\/2024\/08\/cropped-pogotowieflagowe_flaga_projekt_sm.jpg","contentUrl":"https:\/\/www.pogotowieflagowe.pl\/aktualne\/wp-content\/uploads\/2024\/08\/cropped-pogotowieflagowe_flaga_projekt_sm.jpg","width":250,"height":143,"caption":"POGOTOWIE FLAGOWE\u00ae"},"image":{"@id":"https:\/\/www.pogotowieflagowe.pl\/aktualne\/#\/schema\/logo\/image\/"}},{"@type":"Person","@id":"https:\/\/www.pogotowieflagowe.pl\/aktualne\/#\/schema\/person\/9c2fb7d2362ebf6fa088960d7f0d27b0","name":"Filip","image":{"@type":"ImageObject","inLanguage":"pl-PL","@id":"https:\/\/www.pogotowieflagowe.pl\/aktualne\/#\/schema\/person\/image\/","url":"https:\/\/www.pogotowieflagowe.pl\/aktualne\/wp-content\/uploads\/2024\/08\/pogotowieflagowe.pl_.jpg","contentUrl":"https:\/\/www.pogotowieflagowe.pl\/aktualne\/wp-content\/uploads\/2024\/08\/pogotowieflagowe.pl_.jpg","caption":"Filip"},"description":"Jestem Filip, polski dziennikarz z dyplomem nauk politycznych Uniwersytetu Warszawskiego. Rozpoczynaj\u0105c swoj\u0105 karier\u0119 w r\u00f3\u017cnych lokalnych mediach, zdoby\u0142em solidne do\u015bwiadczenie w zakresie \u015bledztwa i redakcji. Obecnie jako redaktor w Pogotowie flagowe, staram si\u0119 dostarcza\u0107 dog\u0142\u0119bne i istotne analizy na temat najwa\u017cniejszych kwestii aktualno\u015bci, \u0142\u0105cz\u0105c rygor z pasj\u0105 dziennikarsk\u0105.","sameAs":["https:\/\/www.pogotowieflagowe.pl\/"]}]}},"_links":{"self":[{"href":"https:\/\/www.pogotowieflagowe.pl\/aktualne\/wp-json\/wp\/v2\/posts\/9768","targetHints":{"allow":["GET"]}}],"collection":[{"href":"https:\/\/www.pogotowieflagowe.pl\/aktualne\/wp-json\/wp\/v2\/posts"}],"about":[{"href":"https:\/\/www.pogotowieflagowe.pl\/aktualne\/wp-json\/wp\/v2\/types\/post"}],"author":[{"embeddable":true,"href":"https:\/\/www.pogotowieflagowe.pl\/aktualne\/wp-json\/wp\/v2\/users\/1"}],"replies":[{"embeddable":true,"href":"https:\/\/www.pogotowieflagowe.pl\/aktualne\/wp-json\/wp\/v2\/comments?post=9768"}],"version-history":[{"count":1,"href":"https:\/\/www.pogotowieflagowe.pl\/aktualne\/wp-json\/wp\/v2\/posts\/9768\/revisions"}],"predecessor-version":[{"id":9770,"href":"https:\/\/www.pogotowieflagowe.pl\/aktualne\/wp-json\/wp\/v2\/posts\/9768\/revisions\/9770"}],"wp:featuredmedia":[{"embeddable":true,"href":"https:\/\/www.pogotowieflagowe.pl\/aktualne\/wp-json\/wp\/v2\/media\/9769"}],"wp:attachment":[{"href":"https:\/\/www.pogotowieflagowe.pl\/aktualne\/wp-json\/wp\/v2\/media?parent=9768"}],"wp:term":[{"taxonomy":"category","embeddable":true,"href":"https:\/\/www.pogotowieflagowe.pl\/aktualne\/wp-json\/wp\/v2\/categories?post=9768"},{"taxonomy":"post_tag","embeddable":true,"href":"https:\/\/www.pogotowieflagowe.pl\/aktualne\/wp-json\/wp\/v2\/tags?post=9768"}],"curies":[{"name":"wp","href":"https:\/\/api.w.org\/{rel}","templated":true}]}}