{"id":9771,"date":"2025-10-24T18:18:17","date_gmt":"2025-10-24T16:18:17","guid":{"rendered":"https:\/\/www.pogotowieflagowe.pl\/aktualne\/byly-minister-tuska-bezlitosny-wobec-szefa-rzadu-nie-jest-w-stanie\/"},"modified":"2025-10-24T18:18:18","modified_gmt":"2025-10-24T16:18:18","slug":"byly-minister-tuska-bezlitosny-wobec-szefa-rzadu-nie-jest-w-stanie","status":"publish","type":"post","link":"https:\/\/www.pogotowieflagowe.pl\/aktualne\/byly-minister-tuska-bezlitosny-wobec-szefa-rzadu-nie-jest-w-stanie\/","title":{"rendered":"By\u0142y minister Tuska bezlitosny wobec szefa rz\u0105du. \u201eNie jest w stanie\u201d"},"content":{"rendered":"\n<div class=\"td_block_wrap tdb_single_content tdi_41 td-pb-border-top td_block_template_8 td-post-content tagdiv-type\" data-td-block-uid=\"tdi_41\">\n<style>.tdi_41{margines-top:0px!important;margin-bottom:0px!important;dope\u0142nienie-g\u00f3ra:0px!important;dope\u0142nienie-d\u00f3\u0142:0px!important}<\/style>\n<style>.tdb_single_content{margin-bottom:0;*zoom:1}.tdb_single_content:before,.tdb_single_content:after{display:table;content:'';line-height:0}.tdb_single_content:after{clear:both}.tdb_single_content .tdb-block-inner>*:not(.wp-block-quote):not(.alignwide):not(.alignfull.wp-block-cover.has-parallax):not(.td-a-ad){margin-left:auto;margin-right:auto}.tdb_single_content a{pointer-events:auto}.tdb_single_content .td-spot-id-top_ad .tdc-placeholder-title:before{content:'Article Top Ad'!important}.tdb_single_content .td-spot-id-inline_ad0 .tdc-placeholder-title:before{content:'Article Reklama wbudowana 1'!important}.tdb_single_content .td-spot-id-inline_ad1 .tdc-placeholder-title:before{content:'Reklama wbudowana w artyku\u0142 2'!important}.tdb_single_content .td-spot-id-inline_ad2 .tdc-placeholder-title:before{content:'Reklama w tek\u015bcie artyku\u0142u 3'!important}.tdb_single_content .td-spot-id-bottom_ad .tdc-placeholder-title:before{content:'Article Bottom Ad'!important}.tdb_single_content .id_top_ad,.tdb_single_content .id_bottom_ad{clear:both;margin-bottom:21px;text-align:center}.tdb_single_content .id_top_ad img,.tdb_single_content .id_bottom_ad img{margin-bottom:0}.tdb_single_content .id_top_ad .adsbygoogle,.tdb_single_content .id_bottom_ad .adsbygoogle{position:relative}.tdb_single_content .id_ad_content-horiz-left,.tdb_single_content .id_ad_content-horiz-right,.tdb_single_content .id_ad_content-horiz-center{margin-bottom:15px}.tdb_single_content .id_ad_content-horiz-left img,.tdb_single_content .id_ad_content-horiz-right img,.tdb_single_content .id_ad_content-horiz-center img{margin-bottom:0}.tdb_single_content .id_ad_content-horiz-center{text-align:center}.tdb_single_content .id_ad_content-horiz-center img{margin-right:auto;margin-left:auto}.tdb_single_content .id_ad_content-horiz-left{float:left;margin-top:9px;margin-right:21px}.tdb_single_content .id_ad_content-horiz-right{float:right;margin-top:6px;margin-left:21px}.tdb_single_content .tdc-a-ad .tdc-placeholder-title{width:300px;height:250px}.tdb_single_content .tdc-a-ad .tdc-placeholder-title:before{position:absolute;top:50%;-webkit-transform:translateY(-50%);transform:translateY(-50%);margin:auto;display:table;width:100%}.tdb_single_content .tdb-block-inner.td-fix-index{word-break:break-word}.tdi_41,.tdi_41>p,.tdi_41 .tdb-block-inner>p,.wp-block-column>p{font-size:16px!important;line-height:1.6!important}.tdi_41 .tdb-block-inner cytat blokowy p{font-style:normal!important}@media (max-width:767px){.tdb_single_content .id_ad_content-horiz-left,.tdb_single_content .id_ad_content-horiz-right,.tdb_single_content .id_ad_content-horiz-center{margin:0 auto 26 pikseli auto}}@media (max-width:767px){.tdb_single_content .id_ad_content-horiz-left{margin-right:0}}@media (max-width:767px){.tdb_single_content .id_ad_content-horiz-right{margin-left:0}}@media (max-width:767px){.tdb_single_content .td-a-ad{float:none;text-align:center}.tdb_single_content .td-a-ad img{margin-right:auto;margin-left:auto}.tdb_single_content .tdc-a-ad{float:none}}<\/style>\n<div class=\"tdb-block-inner td-fix-index\">\n<p><strong>\u201eNie uwa\u017cam, \u017ce wszyscy powinni\u015bmy sta\u0107 na baczno\u015b\u0107 przed najwi\u0119ksz\u0105 parti\u0105 koalicyjn\u0105\u201d<\/strong> \u2013 powiedzia\u0142a dzi\u015b by\u0142a minister sportu Joanna Mucha <em>Radia Zet<\/em>. Doda\u0142a, \u017ce \u200b\u200bDonald Tusk \u201enie potrafi przewodzi\u0107 <em>Koalicja Obywatelska<\/em> (KO) do zwyci\u0119stwa\u201d w kolejnych wyborach.<\/p>\n<p>Niedawno Donald Tusk, szef rz\u0105du i lider <em>Koalicja Obywatelska<\/em>wyrazi\u0142 pewno\u015b\u0107, \u017ce jego ob\u00f3z wygra wybory w 2027 r. Ale czy do tego czasu Tusk nadal b\u0119dzie premierem?<\/p>\n<p>Joanna Mucha, by\u0142a minister sportu w drugim rz\u0105dzie Tuska, b <em>Koalicja Obywatelska<\/em> pose\u0142, a obecnie cz\u0142onek <em>Impreza Polska 2050<\/em>stwierdzi\u0142a, \u017ce \u200b\u200bnie wie nic o Tusku, ale uwa\u017ca, \u017ce \u200b\u200brz\u0105d przetrwa do 2027 r., bo \u2013 jak twierdzi \u2013 nie ma alternatywy. <strong>\u201eWszyscy powtarzamy, \u017ce ten rz\u0105d po prostu dzia\u0142a i dzia\u0142a\u201d<\/strong> powiedzia\u0142 Mucha dalej <em>Radia Zet<\/em>.<\/p>\n<p>Nie wierzy jednak, \u017ce Tusk mo\u017ce przewodzi\u0107 <em>Koalicja Obywatelska<\/em> i jej partner\u00f3w do zwyci\u0119stwa w 2027 r.<\/p>\n<figure class=\"wp-block-pullquote\">\n<blockquote>\n<p>&#8222;Okre\u015blmy, co rozumiemy przez zwyci\u0119stwo. Dla mnie zwyci\u0119stwo oznacza, \u017ce \u200b\u200bpo 2027 r. Polsk\u0105 nadal rz\u0105dz\u0105 demokraci. Je\u015bli tak definiujemy zwyci\u0119stwo, to moim zdaniem Donald Tusk nie jest w stanie przewodzi\u0107 <em>Koalicja Obywatelska<\/em>lub jak\u0105kolwiek inn\u0105 stron\u0119 pod jak\u0105kolwiek nazw\u0105, aby odnie\u015b\u0107 wystarczaj\u0105ce zwyci\u0119stwo. Ale wci\u0105\u017c tu jeste\u015bmy. Wiem, \u017ce nasze obecne oceny i sonda\u017ce s\u0105 niskie, ale zamierzamy si\u0119 odbudowa\u0107\u201d \u2013 powiedzia\u0142 by\u0142y minister.<\/p>\n<\/blockquote>\n<\/figure>\n<p>Nast\u0119pnie zrzuci\u0142a odpowiedzialno\u015b\u0107 za wyniki wybor\u00f3w prezydenckich na prezydenta <em>Koalicja Obywatelska<\/em>.<\/p>\n<figure class=\"wp-block-pullquote\">\n<blockquote>\n<p>\u201eNie uwa\u017cam, \u017ce wszyscy powinni\u015bmy sta\u0107 na baczno\u015b\u0107 przed najwi\u0119ksz\u0105 parti\u0105 koalicyjn\u0105\u201d \u2013 doda\u0142a, wzywaj\u0105c <em>Koalicja Obywatelska<\/em> \u201eparti\u0105 30 procent\u201d.<\/p>\n<\/blockquote>\n<\/figure>\n<\/div>\n<\/div>\n","protected":false},"excerpt":{"rendered":"<p>\u201eNie uwa\u017cam, \u017ce wszyscy powinni\u015bmy sta\u0107 na baczno\u015b\u0107 przed najwi\u0119ksz\u0105 parti\u0105 koalicyjn\u0105\u201d \u2013 powiedzia\u0142a dzi\u015b by\u0142a minister sportu Joanna Mucha<\/p>\n","protected":false},"author":1,"featured_media":9772,"comment_status":"open","ping_status":"open","sticky":false,"template":"","format":"standard","meta":{"footnotes":""},"categories":[4748],"tags":[11275,1791,111,187,450,335,758,5490,567,2224],"class_list":["post-9771","post","type-post","status-publish","format-standard","has-post-thumbnail","hentry","category-aktualne","tag-bezlitosny","tag-byly","tag-jest","tag-minister","tag-nie","tag-rzadu","tag-stanie","tag-szefa","tag-tuska","tag-wobec","generate-columns","tablet-grid-50","mobile-grid-100","grid-parent","grid-50","resize-featured-image"],"yoast_head":"<!-- This site is optimized with the Yoast SEO plugin v23.2 - https:\/\/yoast.com\/wordpress\/plugins\/seo\/ -->\n<title>By\u0142y minister Tuska bezlitosny wobec szefa rz\u0105du. \u201eNie jest w stanie\u201d - POGOTOWIE FLAGOWE\u00ae<\/title>\n<meta name=\"robots\" content=\"index, follow, max-snippet:-1, max-image-preview:large, max-video-preview:-1\" \/>\n<link rel=\"canonical\" href=\"https:\/\/www.pogotowieflagowe.pl\/aktualne\/byly-minister-tuska-bezlitosny-wobec-szefa-rzadu-nie-jest-w-stanie\/\" \/>\n<meta property=\"og:locale\" content=\"pl_PL\" \/>\n<meta property=\"og:type\" content=\"article\" \/>\n<meta property=\"og:title\" content=\"By\u0142y minister Tuska bezlitosny wobec szefa rz\u0105du. \u201eNie jest w stanie\u201d - POGOTOWIE FLAGOWE\u00ae\" \/>\n<meta property=\"og:description\" content=\"\u201eNie uwa\u017cam, \u017ce wszyscy powinni\u015bmy sta\u0107 na baczno\u015b\u0107 przed najwi\u0119ksz\u0105 parti\u0105 koalicyjn\u0105\u201d \u2013 powiedzia\u0142a dzi\u015b by\u0142a minister sportu Joanna Mucha\" \/>\n<meta property=\"og:url\" content=\"https:\/\/www.pogotowieflagowe.pl\/aktualne\/byly-minister-tuska-bezlitosny-wobec-szefa-rzadu-nie-jest-w-stanie\/\" \/>\n<meta property=\"og:site_name\" content=\"POGOTOWIE FLAGOWE\u00ae\" \/>\n<meta property=\"article:published_time\" content=\"2025-10-24T16:18:17+00:00\" \/>\n<meta property=\"article:modified_time\" content=\"2025-10-24T16:18:18+00:00\" \/>\n<meta property=\"og:image\" content=\"https:\/\/www.pogotowieflagowe.pl\/aktualne\/wp-content\/uploads\/2025\/10\/Byly-minister-Tuska-bezlitosny-wobec-szefa-rzadu-\u201eNie-jest-w.webp.webp\" \/>\n\t<meta property=\"og:image:width\" content=\"1280\" \/>\n\t<meta property=\"og:image:height\" content=\"720\" \/>\n\t<meta property=\"og:image:type\" content=\"image\/webp\" \/>\n<meta name=\"author\" content=\"Filip\" \/>\n<meta name=\"twitter:card\" content=\"summary_large_image\" \/>\n<meta name=\"twitter:label1\" content=\"Napisane przez\" \/>\n\t<meta name=\"twitter:data1\" content=\"Filip\" \/>\n\t<meta name=\"twitter:label2\" content=\"Szacowany czas czytania\" \/>\n\t<meta name=\"twitter:data2\" content=\"1 minuta\" \/>\n<script type=\"application\/ld+json\" class=\"yoast-schema-graph\">{\"@context\":\"https:\/\/schema.org\",\"@graph\":[{\"@type\":\"Article\",\"@id\":\"https:\/\/www.pogotowieflagowe.pl\/aktualne\/byly-minister-tuska-bezlitosny-wobec-szefa-rzadu-nie-jest-w-stanie\/#article\",\"isPartOf\":{\"@id\":\"https:\/\/www.pogotowieflagowe.pl\/aktualne\/byly-minister-tuska-bezlitosny-wobec-szefa-rzadu-nie-jest-w-stanie\/\"},\"author\":{\"name\":\"Filip\",\"@id\":\"https:\/\/www.pogotowieflagowe.pl\/aktualne\/#\/schema\/person\/9c2fb7d2362ebf6fa088960d7f0d27b0\"},\"headline\":\"By\u0142y minister Tuska bezlitosny wobec szefa rz\u0105du. \u201eNie jest w stanie\u201d\",\"datePublished\":\"2025-10-24T16:18:17+00:00\",\"dateModified\":\"2025-10-24T16:18:18+00:00\",\"mainEntityOfPage\":{\"@id\":\"https:\/\/www.pogotowieflagowe.pl\/aktualne\/byly-minister-tuska-bezlitosny-wobec-szefa-rzadu-nie-jest-w-stanie\/\"},\"wordCount\":278,\"commentCount\":0,\"publisher\":{\"@id\":\"https:\/\/www.pogotowieflagowe.pl\/aktualne\/#organization\"},\"image\":{\"@id\":\"https:\/\/www.pogotowieflagowe.pl\/aktualne\/byly-minister-tuska-bezlitosny-wobec-szefa-rzadu-nie-jest-w-stanie\/#primaryimage\"},\"thumbnailUrl\":\"https:\/\/www.pogotowieflagowe.pl\/aktualne\/wp-content\/uploads\/2025\/10\/Byly-minister-Tuska-bezlitosny-wobec-szefa-rzadu-\u201eNie-jest-w.webp.webp\",\"keywords\":[\"bezlitosny\",\"By\u0142y\",\"jest\",\"minister\",\"Nie\",\"rz\u0105du\",\"stanie\",\"szefa\",\"Tuska\",\"wobec\"],\"articleSection\":[\"Aktualne\"],\"inLanguage\":\"pl-PL\",\"potentialAction\":[{\"@type\":\"CommentAction\",\"name\":\"Comment\",\"target\":[\"https:\/\/www.pogotowieflagowe.pl\/aktualne\/byly-minister-tuska-bezlitosny-wobec-szefa-rzadu-nie-jest-w-stanie\/#respond\"]}]},{\"@type\":\"WebPage\",\"@id\":\"https:\/\/www.pogotowieflagowe.pl\/aktualne\/byly-minister-tuska-bezlitosny-wobec-szefa-rzadu-nie-jest-w-stanie\/\",\"url\":\"https:\/\/www.pogotowieflagowe.pl\/aktualne\/byly-minister-tuska-bezlitosny-wobec-szefa-rzadu-nie-jest-w-stanie\/\",\"name\":\"By\u0142y minister Tuska bezlitosny wobec szefa rz\u0105du. \u201eNie jest w stanie\u201d - POGOTOWIE FLAGOWE\u00ae\",\"isPartOf\":{\"@id\":\"https:\/\/www.pogotowieflagowe.pl\/aktualne\/#website\"},\"primaryImageOfPage\":{\"@id\":\"https:\/\/www.pogotowieflagowe.pl\/aktualne\/byly-minister-tuska-bezlitosny-wobec-szefa-rzadu-nie-jest-w-stanie\/#primaryimage\"},\"image\":{\"@id\":\"https:\/\/www.pogotowieflagowe.pl\/aktualne\/byly-minister-tuska-bezlitosny-wobec-szefa-rzadu-nie-jest-w-stanie\/#primaryimage\"},\"thumbnailUrl\":\"https:\/\/www.pogotowieflagowe.pl\/aktualne\/wp-content\/uploads\/2025\/10\/Byly-minister-Tuska-bezlitosny-wobec-szefa-rzadu-\u201eNie-jest-w.webp.webp\",\"datePublished\":\"2025-10-24T16:18:17+00:00\",\"dateModified\":\"2025-10-24T16:18:18+00:00\",\"breadcrumb\":{\"@id\":\"https:\/\/www.pogotowieflagowe.pl\/aktualne\/byly-minister-tuska-bezlitosny-wobec-szefa-rzadu-nie-jest-w-stanie\/#breadcrumb\"},\"inLanguage\":\"pl-PL\",\"potentialAction\":[{\"@type\":\"ReadAction\",\"target\":[\"https:\/\/www.pogotowieflagowe.pl\/aktualne\/byly-minister-tuska-bezlitosny-wobec-szefa-rzadu-nie-jest-w-stanie\/\"]}]},{\"@type\":\"ImageObject\",\"inLanguage\":\"pl-PL\",\"@id\":\"https:\/\/www.pogotowieflagowe.pl\/aktualne\/byly-minister-tuska-bezlitosny-wobec-szefa-rzadu-nie-jest-w-stanie\/#primaryimage\",\"url\":\"https:\/\/www.pogotowieflagowe.pl\/aktualne\/wp-content\/uploads\/2025\/10\/Byly-minister-Tuska-bezlitosny-wobec-szefa-rzadu-\u201eNie-jest-w.webp.webp\",\"contentUrl\":\"https:\/\/www.pogotowieflagowe.pl\/aktualne\/wp-content\/uploads\/2025\/10\/Byly-minister-Tuska-bezlitosny-wobec-szefa-rzadu-\u201eNie-jest-w.webp.webp\",\"width\":1280,\"height\":720,\"caption\":\"By\u0142y minister Tuska bezlitosny wobec szefa rz\u0105du. \u201eNie jest w stanie\u201d\"},{\"@type\":\"BreadcrumbList\",\"@id\":\"https:\/\/www.pogotowieflagowe.pl\/aktualne\/byly-minister-tuska-bezlitosny-wobec-szefa-rzadu-nie-jest-w-stanie\/#breadcrumb\",\"itemListElement\":[{\"@type\":\"ListItem\",\"position\":1,\"name\":\"Home\",\"item\":\"https:\/\/www.pogotowieflagowe.pl\/aktualne\/\"},{\"@type\":\"ListItem\",\"position\":2,\"name\":\"By\u0142y minister Tuska bezlitosny wobec szefa rz\u0105du. \u201eNie jest w stanie\u201d\"}]},{\"@type\":\"WebSite\",\"@id\":\"https:\/\/www.pogotowieflagowe.pl\/aktualne\/#website\",\"url\":\"https:\/\/www.pogotowieflagowe.pl\/aktualne\/\",\"name\":\"POGOTOWIE FLAGOWE\u00ae\",\"description\":\"\",\"publisher\":{\"@id\":\"https:\/\/www.pogotowieflagowe.pl\/aktualne\/#organization\"},\"potentialAction\":[{\"@type\":\"SearchAction\",\"target\":{\"@type\":\"EntryPoint\",\"urlTemplate\":\"https:\/\/www.pogotowieflagowe.pl\/aktualne\/?s={search_term_string}\"},\"query-input\":\"required name=search_term_string\"}],\"inLanguage\":\"pl-PL\"},{\"@type\":\"Organization\",\"@id\":\"https:\/\/www.pogotowieflagowe.pl\/aktualne\/#organization\",\"name\":\"POGOTOWIE FLAGOWE\u00ae\",\"url\":\"https:\/\/www.pogotowieflagowe.pl\/aktualne\/\",\"logo\":{\"@type\":\"ImageObject\",\"inLanguage\":\"pl-PL\",\"@id\":\"https:\/\/www.pogotowieflagowe.pl\/aktualne\/#\/schema\/logo\/image\/\",\"url\":\"https:\/\/www.pogotowieflagowe.pl\/aktualne\/wp-content\/uploads\/2024\/08\/cropped-pogotowieflagowe_flaga_projekt_sm.jpg\",\"contentUrl\":\"https:\/\/www.pogotowieflagowe.pl\/aktualne\/wp-content\/uploads\/2024\/08\/cropped-pogotowieflagowe_flaga_projekt_sm.jpg\",\"width\":250,\"height\":143,\"caption\":\"POGOTOWIE FLAGOWE\u00ae\"},\"image\":{\"@id\":\"https:\/\/www.pogotowieflagowe.pl\/aktualne\/#\/schema\/logo\/image\/\"}},{\"@type\":\"Person\",\"@id\":\"https:\/\/www.pogotowieflagowe.pl\/aktualne\/#\/schema\/person\/9c2fb7d2362ebf6fa088960d7f0d27b0\",\"name\":\"Filip\",\"image\":{\"@type\":\"ImageObject\",\"inLanguage\":\"pl-PL\",\"@id\":\"https:\/\/www.pogotowieflagowe.pl\/aktualne\/#\/schema\/person\/image\/\",\"url\":\"https:\/\/www.pogotowieflagowe.pl\/aktualne\/wp-content\/uploads\/2024\/08\/pogotowieflagowe.pl_.jpg\",\"contentUrl\":\"https:\/\/www.pogotowieflagowe.pl\/aktualne\/wp-content\/uploads\/2024\/08\/pogotowieflagowe.pl_.jpg\",\"caption\":\"Filip\"},\"description\":\"Jestem Filip, polski dziennikarz z dyplomem nauk politycznych Uniwersytetu Warszawskiego. Rozpoczynaj\u0105c swoj\u0105 karier\u0119 w r\u00f3\u017cnych lokalnych mediach, zdoby\u0142em solidne do\u015bwiadczenie w zakresie \u015bledztwa i redakcji. Obecnie jako redaktor w Pogotowie flagowe, staram si\u0119 dostarcza\u0107 dog\u0142\u0119bne i istotne analizy na temat najwa\u017cniejszych kwestii aktualno\u015bci, \u0142\u0105cz\u0105c rygor z pasj\u0105 dziennikarsk\u0105.\",\"sameAs\":[\"https:\/\/www.pogotowieflagowe.pl\/\"]}]}<\/script>\n<!-- \/ Yoast SEO plugin. -->","yoast_head_json":{"title":"By\u0142y minister Tuska bezlitosny wobec szefa rz\u0105du. \u201eNie jest w stanie\u201d - POGOTOWIE FLAGOWE\u00ae","robots":{"index":"index","follow":"follow","max-snippet":"max-snippet:-1","max-image-preview":"max-image-preview:large","max-video-preview":"max-video-preview:-1"},"canonical":"https:\/\/www.pogotowieflagowe.pl\/aktualne\/byly-minister-tuska-bezlitosny-wobec-szefa-rzadu-nie-jest-w-stanie\/","og_locale":"pl_PL","og_type":"article","og_title":"By\u0142y minister Tuska bezlitosny wobec szefa rz\u0105du. \u201eNie jest w stanie\u201d - POGOTOWIE FLAGOWE\u00ae","og_description":"\u201eNie uwa\u017cam, \u017ce wszyscy powinni\u015bmy sta\u0107 na baczno\u015b\u0107 przed najwi\u0119ksz\u0105 parti\u0105 koalicyjn\u0105\u201d \u2013 powiedzia\u0142a dzi\u015b by\u0142a minister sportu Joanna Mucha","og_url":"https:\/\/www.pogotowieflagowe.pl\/aktualne\/byly-minister-tuska-bezlitosny-wobec-szefa-rzadu-nie-jest-w-stanie\/","og_site_name":"POGOTOWIE FLAGOWE\u00ae","article_published_time":"2025-10-24T16:18:17+00:00","article_modified_time":"2025-10-24T16:18:18+00:00","og_image":[{"width":1280,"height":720,"url":"https:\/\/www.pogotowieflagowe.pl\/aktualne\/wp-content\/uploads\/2025\/10\/Byly-minister-Tuska-bezlitosny-wobec-szefa-rzadu-\u201eNie-jest-w.webp.webp","type":"image\/webp"}],"author":"Filip","twitter_card":"summary_large_image","twitter_misc":{"Napisane przez":"Filip","Szacowany czas czytania":"1 minuta"},"schema":{"@context":"https:\/\/schema.org","@graph":[{"@type":"Article","@id":"https:\/\/www.pogotowieflagowe.pl\/aktualne\/byly-minister-tuska-bezlitosny-wobec-szefa-rzadu-nie-jest-w-stanie\/#article","isPartOf":{"@id":"https:\/\/www.pogotowieflagowe.pl\/aktualne\/byly-minister-tuska-bezlitosny-wobec-szefa-rzadu-nie-jest-w-stanie\/"},"author":{"name":"Filip","@id":"https:\/\/www.pogotowieflagowe.pl\/aktualne\/#\/schema\/person\/9c2fb7d2362ebf6fa088960d7f0d27b0"},"headline":"By\u0142y minister Tuska bezlitosny wobec szefa rz\u0105du. \u201eNie jest w stanie\u201d","datePublished":"2025-10-24T16:18:17+00:00","dateModified":"2025-10-24T16:18:18+00:00","mainEntityOfPage":{"@id":"https:\/\/www.pogotowieflagowe.pl\/aktualne\/byly-minister-tuska-bezlitosny-wobec-szefa-rzadu-nie-jest-w-stanie\/"},"wordCount":278,"commentCount":0,"publisher":{"@id":"https:\/\/www.pogotowieflagowe.pl\/aktualne\/#organization"},"image":{"@id":"https:\/\/www.pogotowieflagowe.pl\/aktualne\/byly-minister-tuska-bezlitosny-wobec-szefa-rzadu-nie-jest-w-stanie\/#primaryimage"},"thumbnailUrl":"https:\/\/www.pogotowieflagowe.pl\/aktualne\/wp-content\/uploads\/2025\/10\/Byly-minister-Tuska-bezlitosny-wobec-szefa-rzadu-\u201eNie-jest-w.webp.webp","keywords":["bezlitosny","By\u0142y","jest","minister","Nie","rz\u0105du","stanie","szefa","Tuska","wobec"],"articleSection":["Aktualne"],"inLanguage":"pl-PL","potentialAction":[{"@type":"CommentAction","name":"Comment","target":["https:\/\/www.pogotowieflagowe.pl\/aktualne\/byly-minister-tuska-bezlitosny-wobec-szefa-rzadu-nie-jest-w-stanie\/#respond"]}]},{"@type":"WebPage","@id":"https:\/\/www.pogotowieflagowe.pl\/aktualne\/byly-minister-tuska-bezlitosny-wobec-szefa-rzadu-nie-jest-w-stanie\/","url":"https:\/\/www.pogotowieflagowe.pl\/aktualne\/byly-minister-tuska-bezlitosny-wobec-szefa-rzadu-nie-jest-w-stanie\/","name":"By\u0142y minister Tuska bezlitosny wobec szefa rz\u0105du. \u201eNie jest w stanie\u201d - POGOTOWIE FLAGOWE\u00ae","isPartOf":{"@id":"https:\/\/www.pogotowieflagowe.pl\/aktualne\/#website"},"primaryImageOfPage":{"@id":"https:\/\/www.pogotowieflagowe.pl\/aktualne\/byly-minister-tuska-bezlitosny-wobec-szefa-rzadu-nie-jest-w-stanie\/#primaryimage"},"image":{"@id":"https:\/\/www.pogotowieflagowe.pl\/aktualne\/byly-minister-tuska-bezlitosny-wobec-szefa-rzadu-nie-jest-w-stanie\/#primaryimage"},"thumbnailUrl":"https:\/\/www.pogotowieflagowe.pl\/aktualne\/wp-content\/uploads\/2025\/10\/Byly-minister-Tuska-bezlitosny-wobec-szefa-rzadu-\u201eNie-jest-w.webp.webp","datePublished":"2025-10-24T16:18:17+00:00","dateModified":"2025-10-24T16:18:18+00:00","breadcrumb":{"@id":"https:\/\/www.pogotowieflagowe.pl\/aktualne\/byly-minister-tuska-bezlitosny-wobec-szefa-rzadu-nie-jest-w-stanie\/#breadcrumb"},"inLanguage":"pl-PL","potentialAction":[{"@type":"ReadAction","target":["https:\/\/www.pogotowieflagowe.pl\/aktualne\/byly-minister-tuska-bezlitosny-wobec-szefa-rzadu-nie-jest-w-stanie\/"]}]},{"@type":"ImageObject","inLanguage":"pl-PL","@id":"https:\/\/www.pogotowieflagowe.pl\/aktualne\/byly-minister-tuska-bezlitosny-wobec-szefa-rzadu-nie-jest-w-stanie\/#primaryimage","url":"https:\/\/www.pogotowieflagowe.pl\/aktualne\/wp-content\/uploads\/2025\/10\/Byly-minister-Tuska-bezlitosny-wobec-szefa-rzadu-\u201eNie-jest-w.webp.webp","contentUrl":"https:\/\/www.pogotowieflagowe.pl\/aktualne\/wp-content\/uploads\/2025\/10\/Byly-minister-Tuska-bezlitosny-wobec-szefa-rzadu-\u201eNie-jest-w.webp.webp","width":1280,"height":720,"caption":"By\u0142y minister Tuska bezlitosny wobec szefa rz\u0105du. \u201eNie jest w stanie\u201d"},{"@type":"BreadcrumbList","@id":"https:\/\/www.pogotowieflagowe.pl\/aktualne\/byly-minister-tuska-bezlitosny-wobec-szefa-rzadu-nie-jest-w-stanie\/#breadcrumb","itemListElement":[{"@type":"ListItem","position":1,"name":"Home","item":"https:\/\/www.pogotowieflagowe.pl\/aktualne\/"},{"@type":"ListItem","position":2,"name":"By\u0142y minister Tuska bezlitosny wobec szefa rz\u0105du. \u201eNie jest w stanie\u201d"}]},{"@type":"WebSite","@id":"https:\/\/www.pogotowieflagowe.pl\/aktualne\/#website","url":"https:\/\/www.pogotowieflagowe.pl\/aktualne\/","name":"POGOTOWIE FLAGOWE\u00ae","description":"","publisher":{"@id":"https:\/\/www.pogotowieflagowe.pl\/aktualne\/#organization"},"potentialAction":[{"@type":"SearchAction","target":{"@type":"EntryPoint","urlTemplate":"https:\/\/www.pogotowieflagowe.pl\/aktualne\/?s={search_term_string}"},"query-input":"required name=search_term_string"}],"inLanguage":"pl-PL"},{"@type":"Organization","@id":"https:\/\/www.pogotowieflagowe.pl\/aktualne\/#organization","name":"POGOTOWIE FLAGOWE\u00ae","url":"https:\/\/www.pogotowieflagowe.pl\/aktualne\/","logo":{"@type":"ImageObject","inLanguage":"pl-PL","@id":"https:\/\/www.pogotowieflagowe.pl\/aktualne\/#\/schema\/logo\/image\/","url":"https:\/\/www.pogotowieflagowe.pl\/aktualne\/wp-content\/uploads\/2024\/08\/cropped-pogotowieflagowe_flaga_projekt_sm.jpg","contentUrl":"https:\/\/www.pogotowieflagowe.pl\/aktualne\/wp-content\/uploads\/2024\/08\/cropped-pogotowieflagowe_flaga_projekt_sm.jpg","width":250,"height":143,"caption":"POGOTOWIE FLAGOWE\u00ae"},"image":{"@id":"https:\/\/www.pogotowieflagowe.pl\/aktualne\/#\/schema\/logo\/image\/"}},{"@type":"Person","@id":"https:\/\/www.pogotowieflagowe.pl\/aktualne\/#\/schema\/person\/9c2fb7d2362ebf6fa088960d7f0d27b0","name":"Filip","image":{"@type":"ImageObject","inLanguage":"pl-PL","@id":"https:\/\/www.pogotowieflagowe.pl\/aktualne\/#\/schema\/person\/image\/","url":"https:\/\/www.pogotowieflagowe.pl\/aktualne\/wp-content\/uploads\/2024\/08\/pogotowieflagowe.pl_.jpg","contentUrl":"https:\/\/www.pogotowieflagowe.pl\/aktualne\/wp-content\/uploads\/2024\/08\/pogotowieflagowe.pl_.jpg","caption":"Filip"},"description":"Jestem Filip, polski dziennikarz z dyplomem nauk politycznych Uniwersytetu Warszawskiego. Rozpoczynaj\u0105c swoj\u0105 karier\u0119 w r\u00f3\u017cnych lokalnych mediach, zdoby\u0142em solidne do\u015bwiadczenie w zakresie \u015bledztwa i redakcji. Obecnie jako redaktor w Pogotowie flagowe, staram si\u0119 dostarcza\u0107 dog\u0142\u0119bne i istotne analizy na temat najwa\u017cniejszych kwestii aktualno\u015bci, \u0142\u0105cz\u0105c rygor z pasj\u0105 dziennikarsk\u0105.","sameAs":["https:\/\/www.pogotowieflagowe.pl\/"]}]}},"_links":{"self":[{"href":"https:\/\/www.pogotowieflagowe.pl\/aktualne\/wp-json\/wp\/v2\/posts\/9771","targetHints":{"allow":["GET"]}}],"collection":[{"href":"https:\/\/www.pogotowieflagowe.pl\/aktualne\/wp-json\/wp\/v2\/posts"}],"about":[{"href":"https:\/\/www.pogotowieflagowe.pl\/aktualne\/wp-json\/wp\/v2\/types\/post"}],"author":[{"embeddable":true,"href":"https:\/\/www.pogotowieflagowe.pl\/aktualne\/wp-json\/wp\/v2\/users\/1"}],"replies":[{"embeddable":true,"href":"https:\/\/www.pogotowieflagowe.pl\/aktualne\/wp-json\/wp\/v2\/comments?post=9771"}],"version-history":[{"count":1,"href":"https:\/\/www.pogotowieflagowe.pl\/aktualne\/wp-json\/wp\/v2\/posts\/9771\/revisions"}],"predecessor-version":[{"id":9773,"href":"https:\/\/www.pogotowieflagowe.pl\/aktualne\/wp-json\/wp\/v2\/posts\/9771\/revisions\/9773"}],"wp:featuredmedia":[{"embeddable":true,"href":"https:\/\/www.pogotowieflagowe.pl\/aktualne\/wp-json\/wp\/v2\/media\/9772"}],"wp:attachment":[{"href":"https:\/\/www.pogotowieflagowe.pl\/aktualne\/wp-json\/wp\/v2\/media?parent=9771"}],"wp:term":[{"taxonomy":"category","embeddable":true,"href":"https:\/\/www.pogotowieflagowe.pl\/aktualne\/wp-json\/wp\/v2\/categories?post=9771"},{"taxonomy":"post_tag","embeddable":true,"href":"https:\/\/www.pogotowieflagowe.pl\/aktualne\/wp-json\/wp\/v2\/tags?post=9771"}],"curies":[{"name":"wp","href":"https:\/\/api.w.org\/{rel}","templated":true}]}}