{"id":9779,"date":"2025-10-24T22:29:52","date_gmt":"2025-10-24T20:29:52","guid":{"rendered":"https:\/\/www.pogotowieflagowe.pl\/aktualne\/czy-polacy-zostana-powolani-do-armii-niemieckiej-po-zmianie-prawa-pobor-do-wojska-moze-dotyczyc-tysiecy-ludzi\/"},"modified":"2025-10-24T22:29:53","modified_gmt":"2025-10-24T20:29:53","slug":"czy-polacy-zostana-powolani-do-armii-niemieckiej-po-zmianie-prawa-pobor-do-wojska-moze-dotyczyc-tysiecy-ludzi","status":"publish","type":"post","link":"https:\/\/www.pogotowieflagowe.pl\/aktualne\/czy-polacy-zostana-powolani-do-armii-niemieckiej-po-zmianie-prawa-pobor-do-wojska-moze-dotyczyc-tysiecy-ludzi\/","title":{"rendered":"Czy Polacy zostan\u0105 powo\u0142ani do armii niemieckiej? Po zmianie prawa pob\u00f3r do wojska mo\u017ce dotyczy\u0107 tysi\u0119cy ludzi"},"content":{"rendered":"\n<div class=\"td_block_wrap tdb_single_content tdi_41 td-pb-border-top td_block_template_8 td-post-content tagdiv-type\" data-td-block-uid=\"tdi_41\">\n<style>.tdi_41{margines-top:0px!important;margin-bottom:0px!important;dope\u0142nienie-g\u00f3ra:0px!important;dope\u0142nienie-d\u00f3\u0142:0px!important}<\/style>\n<style>.tdb_single_content{margin-bottom:0;*zoom:1}.tdb_single_content:before,.tdb_single_content:after{display:table;content:'';line-height:0}.tdb_single_content:after{clear:both}.tdb_single_content .tdb-block-inner>*:not(.wp-block-quote):not(.alignwide):not(.alignfull.wp-block-cover.has-parallax):not(.td-a-ad){margin-left:auto;margin-right:auto}.tdb_single_content a{pointer-events:auto}.tdb_single_content .td-spot-id-top_ad .tdc-placeholder-title:before{content:'Article Top Ad'!important}.tdb_single_content .td-spot-id-inline_ad0 .tdc-placeholder-title:before{content:'Article Reklama wbudowana 1'!important}.tdb_single_content .td-spot-id-inline_ad1 .tdc-placeholder-title:before{content:'Reklama wbudowana w artyku\u0142 2'!important}.tdb_single_content .td-spot-id-inline_ad2 .tdc-placeholder-title:before{content:'Reklama w tek\u015bcie artyku\u0142u 3'!important}.tdb_single_content .td-spot-id-bottom_ad .tdc-placeholder-title:before{content:'Article Bottom Ad'!important}.tdb_single_content .id_top_ad,.tdb_single_content .id_bottom_ad{clear:both;margin-bottom:21px;text-align:center}.tdb_single_content .id_top_ad img,.tdb_single_content .id_bottom_ad img{margin-bottom:0}.tdb_single_content .id_top_ad .adsbygoogle,.tdb_single_content .id_bottom_ad .adsbygoogle{position:relative}.tdb_single_content .id_ad_content-horiz-left,.tdb_single_content .id_ad_content-horiz-right,.tdb_single_content .id_ad_content-horiz-center{margin-bottom:15px}.tdb_single_content .id_ad_content-horiz-left img,.tdb_single_content .id_ad_content-horiz-right img,.tdb_single_content .id_ad_content-horiz-center img{margin-bottom:0}.tdb_single_content .id_ad_content-horiz-center{text-align:center}.tdb_single_content .id_ad_content-horiz-center img{margin-right:auto;margin-left:auto}.tdb_single_content .id_ad_content-horiz-left{float:left;margin-top:9px;margin-right:21px}.tdb_single_content .id_ad_content-horiz-right{float:right;margin-top:6px;margin-left:21px}.tdb_single_content .tdc-a-ad .tdc-placeholder-title{width:300px;height:250px}.tdb_single_content .tdc-a-ad .tdc-placeholder-title:before{position:absolute;top:50%;-webkit-transform:translateY(-50%);transform:translateY(-50%);margin:auto;display:table;width:100%}.tdb_single_content .tdb-block-inner.td-fix-index{word-break:break-word}.tdi_41,.tdi_41>p,.tdi_41 .tdb-block-inner>p,.wp-block-column>p{font-size:16px!important;line-height:1.6!important}.tdi_41 .tdb-block-inner cytat blokowy p{font-style:normal!important}@media (max-width:767px){.tdb_single_content .id_ad_content-horiz-left,.tdb_single_content .id_ad_content-horiz-right,.tdb_single_content .id_ad_content-horiz-center{margin:0 auto 26 pikseli auto}}@media (max-width:767px){.tdb_single_content .id_ad_content-horiz-left{margin-right:0}}@media (max-width:767px){.tdb_single_content .id_ad_content-horiz-right{margin-left:0}}@media (max-width:767px){.tdb_single_content .td-a-ad{float:none;text-align:center}.tdb_single_content .td-a-ad img{margin-right:auto;margin-left:auto}.tdb_single_content .tdc-a-ad{float:none}}<\/style>\n<div class=\"tdb-block-inner td-fix-index\">\n<p>Niemcy planuj\u0105 przywr\u00f3cenie obowi\u0105zkowego poboru do wojska, co mog\u0142oby obj\u0105\u0107 Polak\u00f3w posiadaj\u0105cych podw\u00f3jne obywatelstwo. Nowy system, inspirowany modelem du\u0144skim, budzi niepok\u00f3j w\u015br\u00f3d emigrant\u00f3w, kt\u00f3rzy wkr\u00f3tce mog\u0105 stan\u0105\u0107 przed trudnym wyborem: s\u0142u\u017cba w Bundeswehrze czy konsekwencje prawne. W zwi\u0105zku z brakiem porozumienia mi\u0119dzy Polsk\u0105 a Niemcami obywatele polscy mogli wkr\u00f3tce zosta\u0107 wybrani w drodze loterii do s\u0142u\u017cby w armii niemieckiej.<\/p>\n<p>Niemcy opracowuj\u0105 plany przywr\u00f3cenia obowi\u0105zkowej s\u0142u\u017cby wojskowej, co mo\u017ce mie\u0107 wp\u0142yw na \u017cycie milion\u00f3w ludzi \u2013 w tym Polak\u00f3w z podw\u00f3jnym obywatelstwem zamieszkuj\u0105cych za Odr\u0105. Koalicja CDU\/CSU\u2013SPD przygotowuje model inspirowany Dani\u0105, w ramach kt\u00f3rego m\u0142odzi m\u0119\u017cczy\u017ani b\u0119d\u0105 wype\u0142nia\u0107 ankiet\u0119 dotycz\u0105c\u0105 ch\u0119ci do s\u0142u\u017cby.<\/p>\n<p>W pierwszej kolejno\u015bci zostan\u0105 powo\u0142ani ochotnicy, a je\u015bli nie b\u0119dzie ich wystarczaj\u0105co du\u017co, w drodze losowania zostan\u0105 wybrani kolejni rekruci. Us\u0142uga ma trwa\u0107 minimum sze\u015b\u0107 miesi\u0119cy i b\u0119dzie poprzedzona badaniami lekarskimi oraz rozmow\u0105 kwalifikacyjn\u0105. Minister obrony Boris Pistorius zapowiedzia\u0142, \u017ce wkr\u00f3tce okre\u015bli liczb\u0119 potrzebnych rekrut\u00f3w oraz dat\u0119 wej\u015bcia w \u017cycie nowych przepis\u00f3w.<\/p>\n<p>Celem jest wzmocnienie Bundeswehry w odpowiedzi na rosn\u0105ce zagro\u017cenia bezpiecze\u0144stwa w Europie, ale plan budzi kontrowersje w\u015br\u00f3d mniejszo\u015bci etnicznych.<\/p>\n<p><strong>A co z mniejszo\u015bciami?<\/strong><\/p>\n<p>Ponad 6 milion\u00f3w ludzi w Niemczech ma pochodzenie migracyjne, w tym dziesi\u0105tki tysi\u0119cy Polak\u00f3w posiadaj\u0105cych podw\u00f3jne obywatelstwo. Nowe regulacje mog\u0105 ich dotyczy\u0107, gdy\u017c projekt nowelizacji ustawy o s\u0142u\u017cbie wojskowej nak\u0142ada na jednostki obowi\u0105zek ujawnienia wszystkich swoich obywatelstw.<\/p>\n<p>Wed\u0142ug \u201eDie Welt\u201d osoby posiadaj\u0105ce podw\u00f3jne obywatelstwo postrzegane s\u0105 jako \u201epotencjalna rezerwa kadrowa dla armii\u201d.<\/p>\n<p>Polacy, kt\u00f3rzy osiedlili si\u0119 w Niemczech, mog\u0105 stan\u0105\u0107 przed dylematem: s\u0142u\u017cy\u0107 w Bundeswehrze czy ryzykowa\u0107 konsekwencjami prawnymi, takimi jak problemy ze statusem pobytowym. Sytuacja kobiet pozostaje niejasna \u2013 na razie ich udzia\u0142 ma by\u0107 dobrowolny, ale szczeg\u00f3\u0142y nie zosta\u0142y jeszcze okre\u015blone. Dla wielu polskich emigrant\u00f3w perspektywa s\u0142u\u017cby w armii niemieckiej budzi zrozumia\u0142e obawy i pytania \u2013 na przyk\u0142ad o lojalno\u015b\u0107 wobec ojczyzny.<\/p>\n<p><strong>Prawo nie zapewnia \u017cadnej ochrony<\/strong><\/p>\n<p>Wymiar prawny tej kwestii jeszcze bardziej komplikuje spraw\u0119. Europejska konwencja o obywatelstwie z 1997 r., maj\u0105ca na celu zapobieganie podw\u00f3jnej s\u0142u\u017cbie wojskowej, zosta\u0142a ratyfikowana jedynie przez 13 z 27 pa\u0144stw cz\u0142onkowskich UE i 21 z 46 cz\u0142onk\u00f3w Rady Europy. Polska, podobnie jak Francja i W\u0142ochy, nie jest sygnatariuszem, co oznacza, \u017ce \u200b\u200bnie ma ochrony przed obowi\u0105zkiem s\u0142u\u017cby w obu krajach.<\/p>\n<p>W rezultacie Polacy posiadaj\u0105cy podw\u00f3jne obywatelstwo mog\u0105 podlega\u0107 zar\u00f3wno polskiemu, jak i niemieckiemu prawu wojskowemu. Eksperci portalu PolskiObserwator.de ostrzegaj\u0105, \u017ce bez dwustronnych porozumie\u0144 tysi\u0105ce m\u0142odych Polak\u00f3w w Niemczech mo\u017ce wkr\u00f3tce stan\u0105\u0107 przed trudnym wyborem \u2014 zw\u0142aszcza, \u017ce \u200b\u200bbrak wsp\u00f3\u0142pracy obu kraj\u00f3w mo\u017ce doprowadzi\u0107 do konfliktu prawnego.<\/p>\n<p><strong>Szansa Polski na dzia\u0142anie<\/strong><\/p>\n<p>Nowe niemieckie regulacje nie wesz\u0142y jeszcze w \u017cycie, ale ich potencjalne konsekwencje ju\u017c budz\u0105 powa\u017cne obawy. Polacy posiadaj\u0105cy podw\u00f3jne obywatelstwo powinni zatem uwa\u017cnie \u015bledzi\u0107 sytuacj\u0119, gdy\u017c brak jasnych przepis\u00f3w m\u00f3g\u0142by postawi\u0107 ich w skomplikowanej sytuacji prawnej i osobistej. Warszawa ma jeszcze szans\u0119 dzia\u0142a\u0107 \u2013 zabezpieczy\u0107 interesy swoich obywateli, zanim zmiany wejd\u0105 w \u017cycie.<\/p>\n<\/div>\n<\/div>\n","protected":false},"excerpt":{"rendered":"<p>Niemcy planuj\u0105 przywr\u00f3cenie obowi\u0105zkowego poboru do wojska, co mog\u0142oby obj\u0105\u0107 Polak\u00f3w posiadaj\u0105cych podw\u00f3jne obywatelstwo. Nowy system, inspirowany modelem du\u0144skim, budzi<\/p>\n","protected":false},"author":1,"featured_media":9780,"comment_status":"open","ping_status":"open","sticky":false,"template":"","format":"standard","meta":{"footnotes":""},"categories":[4748],"tags":[653,501,11286,1989,2219,1066,11285,888,11283,2741,1927,128,11284,5627],"class_list":["post-9779","post","type-post","status-publish","format-standard","has-post-thumbnail","hentry","category-aktualne","tag-armii","tag-czy","tag-dotyczyc","tag-ludzi","tag-moze","tag-niemieckiej","tag-pobor","tag-polacy","tag-powolani","tag-prawa","tag-tysiecy","tag-wojska","tag-zmianie","tag-zostana","generate-columns","tablet-grid-50","mobile-grid-100","grid-parent","grid-50","resize-featured-image"],"yoast_head":"<!-- This site is optimized with the Yoast SEO plugin v23.2 - https:\/\/yoast.com\/wordpress\/plugins\/seo\/ -->\n<title>Czy Polacy zostan\u0105 powo\u0142ani do armii niemieckiej? Po zmianie prawa pob\u00f3r do wojska mo\u017ce dotyczy\u0107 tysi\u0119cy ludzi - POGOTOWIE FLAGOWE\u00ae<\/title>\n<meta name=\"robots\" content=\"index, follow, max-snippet:-1, max-image-preview:large, max-video-preview:-1\" \/>\n<link rel=\"canonical\" href=\"https:\/\/www.pogotowieflagowe.pl\/aktualne\/czy-polacy-zostana-powolani-do-armii-niemieckiej-po-zmianie-prawa-pobor-do-wojska-moze-dotyczyc-tysiecy-ludzi\/\" \/>\n<meta property=\"og:locale\" content=\"pl_PL\" \/>\n<meta property=\"og:type\" content=\"article\" \/>\n<meta property=\"og:title\" content=\"Czy Polacy zostan\u0105 powo\u0142ani do armii niemieckiej? Po zmianie prawa pob\u00f3r do wojska mo\u017ce dotyczy\u0107 tysi\u0119cy ludzi - POGOTOWIE FLAGOWE\u00ae\" \/>\n<meta property=\"og:description\" content=\"Niemcy planuj\u0105 przywr\u00f3cenie obowi\u0105zkowego poboru do wojska, co mog\u0142oby obj\u0105\u0107 Polak\u00f3w posiadaj\u0105cych podw\u00f3jne obywatelstwo. Nowy system, inspirowany modelem du\u0144skim, budzi\" \/>\n<meta property=\"og:url\" content=\"https:\/\/www.pogotowieflagowe.pl\/aktualne\/czy-polacy-zostana-powolani-do-armii-niemieckiej-po-zmianie-prawa-pobor-do-wojska-moze-dotyczyc-tysiecy-ludzi\/\" \/>\n<meta property=\"og:site_name\" content=\"POGOTOWIE FLAGOWE\u00ae\" \/>\n<meta property=\"article:published_time\" content=\"2025-10-24T20:29:52+00:00\" \/>\n<meta property=\"article:modified_time\" content=\"2025-10-24T20:29:53+00:00\" \/>\n<meta property=\"og:image\" content=\"https:\/\/www.pogotowieflagowe.pl\/aktualne\/wp-content\/uploads\/2025\/10\/Czy-Polacy-zostana-powolani-do-armii-niemieckiej-Po-zmianie-prawa.webp.webp\" \/>\n\t<meta property=\"og:image:width\" content=\"1280\" \/>\n\t<meta property=\"og:image:height\" content=\"719\" \/>\n\t<meta property=\"og:image:type\" content=\"image\/webp\" \/>\n<meta name=\"author\" content=\"Filip\" \/>\n<meta name=\"twitter:card\" content=\"summary_large_image\" \/>\n<meta name=\"twitter:label1\" content=\"Napisane przez\" \/>\n\t<meta name=\"twitter:data1\" content=\"Filip\" \/>\n\t<meta name=\"twitter:label2\" content=\"Szacowany czas czytania\" \/>\n\t<meta name=\"twitter:data2\" content=\"3 minuty\" \/>\n<script type=\"application\/ld+json\" class=\"yoast-schema-graph\">{\"@context\":\"https:\/\/schema.org\",\"@graph\":[{\"@type\":\"Article\",\"@id\":\"https:\/\/www.pogotowieflagowe.pl\/aktualne\/czy-polacy-zostana-powolani-do-armii-niemieckiej-po-zmianie-prawa-pobor-do-wojska-moze-dotyczyc-tysiecy-ludzi\/#article\",\"isPartOf\":{\"@id\":\"https:\/\/www.pogotowieflagowe.pl\/aktualne\/czy-polacy-zostana-powolani-do-armii-niemieckiej-po-zmianie-prawa-pobor-do-wojska-moze-dotyczyc-tysiecy-ludzi\/\"},\"author\":{\"name\":\"Filip\",\"@id\":\"https:\/\/www.pogotowieflagowe.pl\/aktualne\/#\/schema\/person\/9c2fb7d2362ebf6fa088960d7f0d27b0\"},\"headline\":\"Czy Polacy zostan\u0105 powo\u0142ani do armii niemieckiej? Po zmianie prawa pob\u00f3r do wojska mo\u017ce dotyczy\u0107 tysi\u0119cy ludzi\",\"datePublished\":\"2025-10-24T20:29:52+00:00\",\"dateModified\":\"2025-10-24T20:29:53+00:00\",\"mainEntityOfPage\":{\"@id\":\"https:\/\/www.pogotowieflagowe.pl\/aktualne\/czy-polacy-zostana-powolani-do-armii-niemieckiej-po-zmianie-prawa-pobor-do-wojska-moze-dotyczyc-tysiecy-ludzi\/\"},\"wordCount\":592,\"commentCount\":0,\"publisher\":{\"@id\":\"https:\/\/www.pogotowieflagowe.pl\/aktualne\/#organization\"},\"image\":{\"@id\":\"https:\/\/www.pogotowieflagowe.pl\/aktualne\/czy-polacy-zostana-powolani-do-armii-niemieckiej-po-zmianie-prawa-pobor-do-wojska-moze-dotyczyc-tysiecy-ludzi\/#primaryimage\"},\"thumbnailUrl\":\"https:\/\/www.pogotowieflagowe.pl\/aktualne\/wp-content\/uploads\/2025\/10\/Czy-Polacy-zostana-powolani-do-armii-niemieckiej-Po-zmianie-prawa.webp.webp\",\"keywords\":[\"armii\",\"Czy\",\"dotyczy\u0107\",\"ludzi\",\"mo\u017ce\",\"niemieckiej\",\"pob\u00f3r\",\"Polacy\",\"powo\u0142ani\",\"prawa\",\"tysi\u0119cy\",\"Wojska\",\"zmianie\",\"zostan\u0105\"],\"articleSection\":[\"Aktualne\"],\"inLanguage\":\"pl-PL\",\"potentialAction\":[{\"@type\":\"CommentAction\",\"name\":\"Comment\",\"target\":[\"https:\/\/www.pogotowieflagowe.pl\/aktualne\/czy-polacy-zostana-powolani-do-armii-niemieckiej-po-zmianie-prawa-pobor-do-wojska-moze-dotyczyc-tysiecy-ludzi\/#respond\"]}]},{\"@type\":\"WebPage\",\"@id\":\"https:\/\/www.pogotowieflagowe.pl\/aktualne\/czy-polacy-zostana-powolani-do-armii-niemieckiej-po-zmianie-prawa-pobor-do-wojska-moze-dotyczyc-tysiecy-ludzi\/\",\"url\":\"https:\/\/www.pogotowieflagowe.pl\/aktualne\/czy-polacy-zostana-powolani-do-armii-niemieckiej-po-zmianie-prawa-pobor-do-wojska-moze-dotyczyc-tysiecy-ludzi\/\",\"name\":\"Czy Polacy zostan\u0105 powo\u0142ani do armii niemieckiej? Po zmianie prawa pob\u00f3r do wojska mo\u017ce dotyczy\u0107 tysi\u0119cy ludzi - POGOTOWIE FLAGOWE\u00ae\",\"isPartOf\":{\"@id\":\"https:\/\/www.pogotowieflagowe.pl\/aktualne\/#website\"},\"primaryImageOfPage\":{\"@id\":\"https:\/\/www.pogotowieflagowe.pl\/aktualne\/czy-polacy-zostana-powolani-do-armii-niemieckiej-po-zmianie-prawa-pobor-do-wojska-moze-dotyczyc-tysiecy-ludzi\/#primaryimage\"},\"image\":{\"@id\":\"https:\/\/www.pogotowieflagowe.pl\/aktualne\/czy-polacy-zostana-powolani-do-armii-niemieckiej-po-zmianie-prawa-pobor-do-wojska-moze-dotyczyc-tysiecy-ludzi\/#primaryimage\"},\"thumbnailUrl\":\"https:\/\/www.pogotowieflagowe.pl\/aktualne\/wp-content\/uploads\/2025\/10\/Czy-Polacy-zostana-powolani-do-armii-niemieckiej-Po-zmianie-prawa.webp.webp\",\"datePublished\":\"2025-10-24T20:29:52+00:00\",\"dateModified\":\"2025-10-24T20:29:53+00:00\",\"breadcrumb\":{\"@id\":\"https:\/\/www.pogotowieflagowe.pl\/aktualne\/czy-polacy-zostana-powolani-do-armii-niemieckiej-po-zmianie-prawa-pobor-do-wojska-moze-dotyczyc-tysiecy-ludzi\/#breadcrumb\"},\"inLanguage\":\"pl-PL\",\"potentialAction\":[{\"@type\":\"ReadAction\",\"target\":[\"https:\/\/www.pogotowieflagowe.pl\/aktualne\/czy-polacy-zostana-powolani-do-armii-niemieckiej-po-zmianie-prawa-pobor-do-wojska-moze-dotyczyc-tysiecy-ludzi\/\"]}]},{\"@type\":\"ImageObject\",\"inLanguage\":\"pl-PL\",\"@id\":\"https:\/\/www.pogotowieflagowe.pl\/aktualne\/czy-polacy-zostana-powolani-do-armii-niemieckiej-po-zmianie-prawa-pobor-do-wojska-moze-dotyczyc-tysiecy-ludzi\/#primaryimage\",\"url\":\"https:\/\/www.pogotowieflagowe.pl\/aktualne\/wp-content\/uploads\/2025\/10\/Czy-Polacy-zostana-powolani-do-armii-niemieckiej-Po-zmianie-prawa.webp.webp\",\"contentUrl\":\"https:\/\/www.pogotowieflagowe.pl\/aktualne\/wp-content\/uploads\/2025\/10\/Czy-Polacy-zostana-powolani-do-armii-niemieckiej-Po-zmianie-prawa.webp.webp\",\"width\":1280,\"height\":719,\"caption\":\"Czy Polacy zostan\u0105 powo\u0142ani do armii niemieckiej? Po zmianie prawa pob\u00f3r do wojska mo\u017ce dotyczy\u0107 tysi\u0119cy ludzi\"},{\"@type\":\"BreadcrumbList\",\"@id\":\"https:\/\/www.pogotowieflagowe.pl\/aktualne\/czy-polacy-zostana-powolani-do-armii-niemieckiej-po-zmianie-prawa-pobor-do-wojska-moze-dotyczyc-tysiecy-ludzi\/#breadcrumb\",\"itemListElement\":[{\"@type\":\"ListItem\",\"position\":1,\"name\":\"Home\",\"item\":\"https:\/\/www.pogotowieflagowe.pl\/aktualne\/\"},{\"@type\":\"ListItem\",\"position\":2,\"name\":\"Czy Polacy zostan\u0105 powo\u0142ani do armii niemieckiej? Po zmianie prawa pob\u00f3r do wojska mo\u017ce dotyczy\u0107 tysi\u0119cy ludzi\"}]},{\"@type\":\"WebSite\",\"@id\":\"https:\/\/www.pogotowieflagowe.pl\/aktualne\/#website\",\"url\":\"https:\/\/www.pogotowieflagowe.pl\/aktualne\/\",\"name\":\"POGOTOWIE FLAGOWE\u00ae\",\"description\":\"\",\"publisher\":{\"@id\":\"https:\/\/www.pogotowieflagowe.pl\/aktualne\/#organization\"},\"potentialAction\":[{\"@type\":\"SearchAction\",\"target\":{\"@type\":\"EntryPoint\",\"urlTemplate\":\"https:\/\/www.pogotowieflagowe.pl\/aktualne\/?s={search_term_string}\"},\"query-input\":\"required name=search_term_string\"}],\"inLanguage\":\"pl-PL\"},{\"@type\":\"Organization\",\"@id\":\"https:\/\/www.pogotowieflagowe.pl\/aktualne\/#organization\",\"name\":\"POGOTOWIE FLAGOWE\u00ae\",\"url\":\"https:\/\/www.pogotowieflagowe.pl\/aktualne\/\",\"logo\":{\"@type\":\"ImageObject\",\"inLanguage\":\"pl-PL\",\"@id\":\"https:\/\/www.pogotowieflagowe.pl\/aktualne\/#\/schema\/logo\/image\/\",\"url\":\"https:\/\/www.pogotowieflagowe.pl\/aktualne\/wp-content\/uploads\/2024\/08\/cropped-pogotowieflagowe_flaga_projekt_sm.jpg\",\"contentUrl\":\"https:\/\/www.pogotowieflagowe.pl\/aktualne\/wp-content\/uploads\/2024\/08\/cropped-pogotowieflagowe_flaga_projekt_sm.jpg\",\"width\":250,\"height\":143,\"caption\":\"POGOTOWIE FLAGOWE\u00ae\"},\"image\":{\"@id\":\"https:\/\/www.pogotowieflagowe.pl\/aktualne\/#\/schema\/logo\/image\/\"}},{\"@type\":\"Person\",\"@id\":\"https:\/\/www.pogotowieflagowe.pl\/aktualne\/#\/schema\/person\/9c2fb7d2362ebf6fa088960d7f0d27b0\",\"name\":\"Filip\",\"image\":{\"@type\":\"ImageObject\",\"inLanguage\":\"pl-PL\",\"@id\":\"https:\/\/www.pogotowieflagowe.pl\/aktualne\/#\/schema\/person\/image\/\",\"url\":\"https:\/\/www.pogotowieflagowe.pl\/aktualne\/wp-content\/uploads\/2024\/08\/pogotowieflagowe.pl_.jpg\",\"contentUrl\":\"https:\/\/www.pogotowieflagowe.pl\/aktualne\/wp-content\/uploads\/2024\/08\/pogotowieflagowe.pl_.jpg\",\"caption\":\"Filip\"},\"description\":\"Jestem Filip, polski dziennikarz z dyplomem nauk politycznych Uniwersytetu Warszawskiego. Rozpoczynaj\u0105c swoj\u0105 karier\u0119 w r\u00f3\u017cnych lokalnych mediach, zdoby\u0142em solidne do\u015bwiadczenie w zakresie \u015bledztwa i redakcji. Obecnie jako redaktor w Pogotowie flagowe, staram si\u0119 dostarcza\u0107 dog\u0142\u0119bne i istotne analizy na temat najwa\u017cniejszych kwestii aktualno\u015bci, \u0142\u0105cz\u0105c rygor z pasj\u0105 dziennikarsk\u0105.\",\"sameAs\":[\"https:\/\/www.pogotowieflagowe.pl\/\"]}]}<\/script>\n<!-- \/ Yoast SEO plugin. -->","yoast_head_json":{"title":"Czy Polacy zostan\u0105 powo\u0142ani do armii niemieckiej? Po zmianie prawa pob\u00f3r do wojska mo\u017ce dotyczy\u0107 tysi\u0119cy ludzi - POGOTOWIE FLAGOWE\u00ae","robots":{"index":"index","follow":"follow","max-snippet":"max-snippet:-1","max-image-preview":"max-image-preview:large","max-video-preview":"max-video-preview:-1"},"canonical":"https:\/\/www.pogotowieflagowe.pl\/aktualne\/czy-polacy-zostana-powolani-do-armii-niemieckiej-po-zmianie-prawa-pobor-do-wojska-moze-dotyczyc-tysiecy-ludzi\/","og_locale":"pl_PL","og_type":"article","og_title":"Czy Polacy zostan\u0105 powo\u0142ani do armii niemieckiej? Po zmianie prawa pob\u00f3r do wojska mo\u017ce dotyczy\u0107 tysi\u0119cy ludzi - POGOTOWIE FLAGOWE\u00ae","og_description":"Niemcy planuj\u0105 przywr\u00f3cenie obowi\u0105zkowego poboru do wojska, co mog\u0142oby obj\u0105\u0107 Polak\u00f3w posiadaj\u0105cych podw\u00f3jne obywatelstwo. Nowy system, inspirowany modelem du\u0144skim, budzi","og_url":"https:\/\/www.pogotowieflagowe.pl\/aktualne\/czy-polacy-zostana-powolani-do-armii-niemieckiej-po-zmianie-prawa-pobor-do-wojska-moze-dotyczyc-tysiecy-ludzi\/","og_site_name":"POGOTOWIE FLAGOWE\u00ae","article_published_time":"2025-10-24T20:29:52+00:00","article_modified_time":"2025-10-24T20:29:53+00:00","og_image":[{"width":1280,"height":719,"url":"https:\/\/www.pogotowieflagowe.pl\/aktualne\/wp-content\/uploads\/2025\/10\/Czy-Polacy-zostana-powolani-do-armii-niemieckiej-Po-zmianie-prawa.webp.webp","type":"image\/webp"}],"author":"Filip","twitter_card":"summary_large_image","twitter_misc":{"Napisane przez":"Filip","Szacowany czas czytania":"3 minuty"},"schema":{"@context":"https:\/\/schema.org","@graph":[{"@type":"Article","@id":"https:\/\/www.pogotowieflagowe.pl\/aktualne\/czy-polacy-zostana-powolani-do-armii-niemieckiej-po-zmianie-prawa-pobor-do-wojska-moze-dotyczyc-tysiecy-ludzi\/#article","isPartOf":{"@id":"https:\/\/www.pogotowieflagowe.pl\/aktualne\/czy-polacy-zostana-powolani-do-armii-niemieckiej-po-zmianie-prawa-pobor-do-wojska-moze-dotyczyc-tysiecy-ludzi\/"},"author":{"name":"Filip","@id":"https:\/\/www.pogotowieflagowe.pl\/aktualne\/#\/schema\/person\/9c2fb7d2362ebf6fa088960d7f0d27b0"},"headline":"Czy Polacy zostan\u0105 powo\u0142ani do armii niemieckiej? Po zmianie prawa pob\u00f3r do wojska mo\u017ce dotyczy\u0107 tysi\u0119cy ludzi","datePublished":"2025-10-24T20:29:52+00:00","dateModified":"2025-10-24T20:29:53+00:00","mainEntityOfPage":{"@id":"https:\/\/www.pogotowieflagowe.pl\/aktualne\/czy-polacy-zostana-powolani-do-armii-niemieckiej-po-zmianie-prawa-pobor-do-wojska-moze-dotyczyc-tysiecy-ludzi\/"},"wordCount":592,"commentCount":0,"publisher":{"@id":"https:\/\/www.pogotowieflagowe.pl\/aktualne\/#organization"},"image":{"@id":"https:\/\/www.pogotowieflagowe.pl\/aktualne\/czy-polacy-zostana-powolani-do-armii-niemieckiej-po-zmianie-prawa-pobor-do-wojska-moze-dotyczyc-tysiecy-ludzi\/#primaryimage"},"thumbnailUrl":"https:\/\/www.pogotowieflagowe.pl\/aktualne\/wp-content\/uploads\/2025\/10\/Czy-Polacy-zostana-powolani-do-armii-niemieckiej-Po-zmianie-prawa.webp.webp","keywords":["armii","Czy","dotyczy\u0107","ludzi","mo\u017ce","niemieckiej","pob\u00f3r","Polacy","powo\u0142ani","prawa","tysi\u0119cy","Wojska","zmianie","zostan\u0105"],"articleSection":["Aktualne"],"inLanguage":"pl-PL","potentialAction":[{"@type":"CommentAction","name":"Comment","target":["https:\/\/www.pogotowieflagowe.pl\/aktualne\/czy-polacy-zostana-powolani-do-armii-niemieckiej-po-zmianie-prawa-pobor-do-wojska-moze-dotyczyc-tysiecy-ludzi\/#respond"]}]},{"@type":"WebPage","@id":"https:\/\/www.pogotowieflagowe.pl\/aktualne\/czy-polacy-zostana-powolani-do-armii-niemieckiej-po-zmianie-prawa-pobor-do-wojska-moze-dotyczyc-tysiecy-ludzi\/","url":"https:\/\/www.pogotowieflagowe.pl\/aktualne\/czy-polacy-zostana-powolani-do-armii-niemieckiej-po-zmianie-prawa-pobor-do-wojska-moze-dotyczyc-tysiecy-ludzi\/","name":"Czy Polacy zostan\u0105 powo\u0142ani do armii niemieckiej? Po zmianie prawa pob\u00f3r do wojska mo\u017ce dotyczy\u0107 tysi\u0119cy ludzi - POGOTOWIE FLAGOWE\u00ae","isPartOf":{"@id":"https:\/\/www.pogotowieflagowe.pl\/aktualne\/#website"},"primaryImageOfPage":{"@id":"https:\/\/www.pogotowieflagowe.pl\/aktualne\/czy-polacy-zostana-powolani-do-armii-niemieckiej-po-zmianie-prawa-pobor-do-wojska-moze-dotyczyc-tysiecy-ludzi\/#primaryimage"},"image":{"@id":"https:\/\/www.pogotowieflagowe.pl\/aktualne\/czy-polacy-zostana-powolani-do-armii-niemieckiej-po-zmianie-prawa-pobor-do-wojska-moze-dotyczyc-tysiecy-ludzi\/#primaryimage"},"thumbnailUrl":"https:\/\/www.pogotowieflagowe.pl\/aktualne\/wp-content\/uploads\/2025\/10\/Czy-Polacy-zostana-powolani-do-armii-niemieckiej-Po-zmianie-prawa.webp.webp","datePublished":"2025-10-24T20:29:52+00:00","dateModified":"2025-10-24T20:29:53+00:00","breadcrumb":{"@id":"https:\/\/www.pogotowieflagowe.pl\/aktualne\/czy-polacy-zostana-powolani-do-armii-niemieckiej-po-zmianie-prawa-pobor-do-wojska-moze-dotyczyc-tysiecy-ludzi\/#breadcrumb"},"inLanguage":"pl-PL","potentialAction":[{"@type":"ReadAction","target":["https:\/\/www.pogotowieflagowe.pl\/aktualne\/czy-polacy-zostana-powolani-do-armii-niemieckiej-po-zmianie-prawa-pobor-do-wojska-moze-dotyczyc-tysiecy-ludzi\/"]}]},{"@type":"ImageObject","inLanguage":"pl-PL","@id":"https:\/\/www.pogotowieflagowe.pl\/aktualne\/czy-polacy-zostana-powolani-do-armii-niemieckiej-po-zmianie-prawa-pobor-do-wojska-moze-dotyczyc-tysiecy-ludzi\/#primaryimage","url":"https:\/\/www.pogotowieflagowe.pl\/aktualne\/wp-content\/uploads\/2025\/10\/Czy-Polacy-zostana-powolani-do-armii-niemieckiej-Po-zmianie-prawa.webp.webp","contentUrl":"https:\/\/www.pogotowieflagowe.pl\/aktualne\/wp-content\/uploads\/2025\/10\/Czy-Polacy-zostana-powolani-do-armii-niemieckiej-Po-zmianie-prawa.webp.webp","width":1280,"height":719,"caption":"Czy Polacy zostan\u0105 powo\u0142ani do armii niemieckiej? Po zmianie prawa pob\u00f3r do wojska mo\u017ce dotyczy\u0107 tysi\u0119cy ludzi"},{"@type":"BreadcrumbList","@id":"https:\/\/www.pogotowieflagowe.pl\/aktualne\/czy-polacy-zostana-powolani-do-armii-niemieckiej-po-zmianie-prawa-pobor-do-wojska-moze-dotyczyc-tysiecy-ludzi\/#breadcrumb","itemListElement":[{"@type":"ListItem","position":1,"name":"Home","item":"https:\/\/www.pogotowieflagowe.pl\/aktualne\/"},{"@type":"ListItem","position":2,"name":"Czy Polacy zostan\u0105 powo\u0142ani do armii niemieckiej? Po zmianie prawa pob\u00f3r do wojska mo\u017ce dotyczy\u0107 tysi\u0119cy ludzi"}]},{"@type":"WebSite","@id":"https:\/\/www.pogotowieflagowe.pl\/aktualne\/#website","url":"https:\/\/www.pogotowieflagowe.pl\/aktualne\/","name":"POGOTOWIE FLAGOWE\u00ae","description":"","publisher":{"@id":"https:\/\/www.pogotowieflagowe.pl\/aktualne\/#organization"},"potentialAction":[{"@type":"SearchAction","target":{"@type":"EntryPoint","urlTemplate":"https:\/\/www.pogotowieflagowe.pl\/aktualne\/?s={search_term_string}"},"query-input":"required name=search_term_string"}],"inLanguage":"pl-PL"},{"@type":"Organization","@id":"https:\/\/www.pogotowieflagowe.pl\/aktualne\/#organization","name":"POGOTOWIE FLAGOWE\u00ae","url":"https:\/\/www.pogotowieflagowe.pl\/aktualne\/","logo":{"@type":"ImageObject","inLanguage":"pl-PL","@id":"https:\/\/www.pogotowieflagowe.pl\/aktualne\/#\/schema\/logo\/image\/","url":"https:\/\/www.pogotowieflagowe.pl\/aktualne\/wp-content\/uploads\/2024\/08\/cropped-pogotowieflagowe_flaga_projekt_sm.jpg","contentUrl":"https:\/\/www.pogotowieflagowe.pl\/aktualne\/wp-content\/uploads\/2024\/08\/cropped-pogotowieflagowe_flaga_projekt_sm.jpg","width":250,"height":143,"caption":"POGOTOWIE FLAGOWE\u00ae"},"image":{"@id":"https:\/\/www.pogotowieflagowe.pl\/aktualne\/#\/schema\/logo\/image\/"}},{"@type":"Person","@id":"https:\/\/www.pogotowieflagowe.pl\/aktualne\/#\/schema\/person\/9c2fb7d2362ebf6fa088960d7f0d27b0","name":"Filip","image":{"@type":"ImageObject","inLanguage":"pl-PL","@id":"https:\/\/www.pogotowieflagowe.pl\/aktualne\/#\/schema\/person\/image\/","url":"https:\/\/www.pogotowieflagowe.pl\/aktualne\/wp-content\/uploads\/2024\/08\/pogotowieflagowe.pl_.jpg","contentUrl":"https:\/\/www.pogotowieflagowe.pl\/aktualne\/wp-content\/uploads\/2024\/08\/pogotowieflagowe.pl_.jpg","caption":"Filip"},"description":"Jestem Filip, polski dziennikarz z dyplomem nauk politycznych Uniwersytetu Warszawskiego. Rozpoczynaj\u0105c swoj\u0105 karier\u0119 w r\u00f3\u017cnych lokalnych mediach, zdoby\u0142em solidne do\u015bwiadczenie w zakresie \u015bledztwa i redakcji. Obecnie jako redaktor w Pogotowie flagowe, staram si\u0119 dostarcza\u0107 dog\u0142\u0119bne i istotne analizy na temat najwa\u017cniejszych kwestii aktualno\u015bci, \u0142\u0105cz\u0105c rygor z pasj\u0105 dziennikarsk\u0105.","sameAs":["https:\/\/www.pogotowieflagowe.pl\/"]}]}},"_links":{"self":[{"href":"https:\/\/www.pogotowieflagowe.pl\/aktualne\/wp-json\/wp\/v2\/posts\/9779","targetHints":{"allow":["GET"]}}],"collection":[{"href":"https:\/\/www.pogotowieflagowe.pl\/aktualne\/wp-json\/wp\/v2\/posts"}],"about":[{"href":"https:\/\/www.pogotowieflagowe.pl\/aktualne\/wp-json\/wp\/v2\/types\/post"}],"author":[{"embeddable":true,"href":"https:\/\/www.pogotowieflagowe.pl\/aktualne\/wp-json\/wp\/v2\/users\/1"}],"replies":[{"embeddable":true,"href":"https:\/\/www.pogotowieflagowe.pl\/aktualne\/wp-json\/wp\/v2\/comments?post=9779"}],"version-history":[{"count":1,"href":"https:\/\/www.pogotowieflagowe.pl\/aktualne\/wp-json\/wp\/v2\/posts\/9779\/revisions"}],"predecessor-version":[{"id":9781,"href":"https:\/\/www.pogotowieflagowe.pl\/aktualne\/wp-json\/wp\/v2\/posts\/9779\/revisions\/9781"}],"wp:featuredmedia":[{"embeddable":true,"href":"https:\/\/www.pogotowieflagowe.pl\/aktualne\/wp-json\/wp\/v2\/media\/9780"}],"wp:attachment":[{"href":"https:\/\/www.pogotowieflagowe.pl\/aktualne\/wp-json\/wp\/v2\/media?parent=9779"}],"wp:term":[{"taxonomy":"category","embeddable":true,"href":"https:\/\/www.pogotowieflagowe.pl\/aktualne\/wp-json\/wp\/v2\/categories?post=9779"},{"taxonomy":"post_tag","embeddable":true,"href":"https:\/\/www.pogotowieflagowe.pl\/aktualne\/wp-json\/wp\/v2\/tags?post=9779"}],"curies":[{"name":"wp","href":"https:\/\/api.w.org\/{rel}","templated":true}]}}