{"id":9791,"date":"2025-10-25T11:04:43","date_gmt":"2025-10-25T09:04:43","guid":{"rendered":"https:\/\/www.pogotowieflagowe.pl\/aktualne\/merz-zdemaskowal-tuska-w-sprawie-ue-mercosur-doradca-prezydenta-jestem-przekonany-ze-w-koncu-pojawi-sie-opor-spoleczny\/"},"modified":"2025-10-25T11:04:44","modified_gmt":"2025-10-25T09:04:44","slug":"merz-zdemaskowal-tuska-w-sprawie-ue-mercosur-doradca-prezydenta-jestem-przekonany-ze-w-koncu-pojawi-sie-opor-spoleczny","status":"publish","type":"post","link":"https:\/\/www.pogotowieflagowe.pl\/aktualne\/merz-zdemaskowal-tuska-w-sprawie-ue-mercosur-doradca-prezydenta-jestem-przekonany-ze-w-koncu-pojawi-sie-opor-spoleczny\/","title":{"rendered":"Merz zdemaskowa\u0142 Tuska w sprawie UE-Mercosur. Doradca Prezydenta: \u201eJestem przekonany, \u017ce w ko\u0144cu pojawi si\u0119 op\u00f3r spo\u0142eczny\u201d"},"content":{"rendered":"\n<div class=\"td_block_wrap tdb_single_content tdi_41 td-pb-border-top td_block_template_8 td-post-content tagdiv-type\" data-td-block-uid=\"tdi_41\">\n<style>.tdi_41{margines-top:0px!important;margin-bottom:0px!important;dope\u0142nienie-g\u00f3ra:0px!important;dope\u0142nienie-d\u00f3\u0142:0px!important}<\/style>\n<style>.tdb_single_content{margin-bottom:0;*zoom:1}.tdb_single_content:before,.tdb_single_content:after{display:table;content:'';line-height:0}.tdb_single_content:after{clear:both}.tdb_single_content .tdb-block-inner>*:not(.wp-block-quote):not(.alignwide):not(.alignfull.wp-block-cover.has-parallax):not(.td-a-ad){margin-left:auto;margin-right:auto}.tdb_single_content a{pointer-events:auto}.tdb_single_content .td-spot-id-top_ad .tdc-placeholder-title:before{content:'Article Top Ad'!important}.tdb_single_content .td-spot-id-inline_ad0 .tdc-placeholder-title:before{content:'Article Reklama wbudowana 1'!important}.tdb_single_content .td-spot-id-inline_ad1 .tdc-placeholder-title:before{content:'Reklama wbudowana w artyku\u0142 2'!important}.tdb_single_content .td-spot-id-inline_ad2 .tdc-placeholder-title:before{content:'Reklama w tek\u015bcie artyku\u0142u 3'!important}.tdb_single_content .td-spot-id-bottom_ad .tdc-placeholder-title:before{content:'Article Bottom Ad'!important}.tdb_single_content .id_top_ad,.tdb_single_content .id_bottom_ad{clear:both;margin-bottom:21px;text-align:center}.tdb_single_content .id_top_ad img,.tdb_single_content .id_bottom_ad img{margin-bottom:0}.tdb_single_content .id_top_ad .adsbygoogle,.tdb_single_content .id_bottom_ad .adsbygoogle{position:relative}.tdb_single_content .id_ad_content-horiz-left,.tdb_single_content .id_ad_content-horiz-right,.tdb_single_content .id_ad_content-horiz-center{margin-bottom:15px}.tdb_single_content .id_ad_content-horiz-left img,.tdb_single_content .id_ad_content-horiz-right img,.tdb_single_content .id_ad_content-horiz-center img{margin-bottom:0}.tdb_single_content .id_ad_content-horiz-center{text-align:center}.tdb_single_content .id_ad_content-horiz-center img{margin-right:auto;margin-left:auto}.tdb_single_content .id_ad_content-horiz-left{float:left;margin-top:9px;margin-right:21px}.tdb_single_content .id_ad_content-horiz-right{float:right;margin-top:6px;margin-left:21px}.tdb_single_content .tdc-a-ad .tdc-placeholder-title{width:300px;height:250px}.tdb_single_content .tdc-a-ad .tdc-placeholder-title:before{position:absolute;top:50%;-webkit-transform:translateY(-50%);transform:translateY(-50%);margin:auto;display:table;width:100%}.tdb_single_content .tdb-block-inner.td-fix-index{word-break:break-word}.tdi_41,.tdi_41>p,.tdi_41 .tdb-block-inner>p,.wp-block-column>p{font-size:16px!important;line-height:1.6!important}.tdi_41 .tdb-block-inner cytat blokowy p{font-style:normal!important}@media (max-width:767px){.tdb_single_content .id_ad_content-horiz-left,.tdb_single_content .id_ad_content-horiz-right,.tdb_single_content .id_ad_content-horiz-center{margin:0 auto 26 pikseli auto}}@media (max-width:767px){.tdb_single_content .id_ad_content-horiz-left{margin-right:0}}@media (max-width:767px){.tdb_single_content .id_ad_content-horiz-right{margin-left:0}}@media (max-width:767px){.tdb_single_content .td-a-ad{float:none;text-align:center}.tdb_single_content .td-a-ad img{margin-right:auto;margin-left:auto}.tdb_single_content .tdc-a-ad{float:none}}<\/style>\n<div class=\"tdb-block-inner td-fix-index\">\n<p><strong>\u201eDonald Tusk powiedzia\u0142, \u017ce podejmie dzia\u0142ania, aby zablokowa\u0107 to porozumienie, ale ostatecznie nawet si\u0119 temu nie sprzeciwi\u0142 (\u2026) nie tylko nie uda\u0142o mu si\u0119 rozszerzy\u0107 mniejszo\u015bci blokuj\u0105cej, ale tak\u017ce utraci\u0142 zgromadzony wcze\u015bniej kapita\u0142 polityczny\u201d <\/strong>\u2013 powiedzia\u0142 w wywiadzie B\u0142a\u017cej Pobo\u017cy, doradca prezydenta Karola Nawrockiego <em>Niezalezna.pl<\/em>komentuj\u0105c udzia\u0142 premiera w czwartkowym szczycie w Brukseli.<\/p>\n<h2 class=\"wp-block-heading\"><strong>Ewolucja pogl\u0105d\u00f3w<\/strong><\/h2>\n<p>Zapewnia\u0142 o tym na pocz\u0105tku wrze\u015bnia Donald Tusk <strong><strong>\u201e<\/strong>Polska b\u0119dzie temu przeciwna, je\u015bli (Mercosur \u2013 red.) stanie si\u0119 faktem<strong>\u201e<\/strong><\/strong>cho\u0107 przyzna\u0142, \u017ce ta umowa handlowa \u201eprawdopodobnie\u201d zostanie przyj\u0119ta wi\u0119kszo\u015bci\u0105 g\u0142os\u00f3w. &#8222;Polska sprzeciwi si\u0119 Mercosurowi, bo chcemy pokaza\u0107, zademonstrowa\u0107, \u017ce nie odpu\u015bcimy, je\u015bli chodzi o interesy polskich producent\u00f3w rolnych. Ale na razie nie ma partner\u00f3w, kt\u00f3rzy by to blokowali&#8221; &#8211; podkre\u015bli\u0142. P\u00f3\u0142tora miesi\u0105ca p\u00f3\u017aniej, podczas spotkania ze swoimi zwolennikami w Piotrkowie Trybunalskim, jego sprzeciw wobec porozumienia Mercosur by\u0142 ju\u017c znacznie mniej zdecydowany. Premier wyja\u015bni\u0142, \u017ce rolnicy i konsumenci nie powinni ba\u0107 si\u0119 argenty\u0144skiej wo\u0142owiny, argumentuj\u0105c, \u017ce mi\u0119so produkowane w Polsce mog\u0142oby by\u0107 konkurencyjne zar\u00f3wno cenowo, jak i jako\u015bciowo. Zapewni\u0142 te\u017c, \u017ce sam nie b\u0119dzie kupowa\u0142 argenty\u0144skiej wo\u0142owiny.<\/p>\n<h2 class=\"wp-block-heading\"><strong>Merz rozla\u0142 fasol\u0119<\/strong><\/h2>\n<p>Po powrocie z czwartku <em>Rada Europejska<\/em> szczytu, podczas kt\u00f3rego omawiano m.in. porozumienie Mercosur, Tusk milcza\u0142 w tej sprawie. Podsumowa\u0142 jedynie wnioski Rady dotycz\u0105ce rewizji rozporz\u0105dzenia <em>ETS2<\/em> systemu oraz brak porozumienia w sprawie wykorzystania zamro\u017conych rosyjskich aktyw\u00f3w do udzielenia po\u017cyczki Ukrainie.<\/p>\n<p>Kanclerz Niemiec Friedrich Merz skomentowa\u0142 jednak umow\u0119 z Mercosurem. <strong><strong>\u201e<\/strong>Pa\u0144stwa cz\u0142onkowskie nie maj\u0105 ju\u017c \u017cadnych zastrze\u017ce\u0144. To gotowe. To min\u0119\u0142o. Droga do porozumienia otwarta,<strong>\u201e<\/strong><\/strong>  powiedzia\u0142 Merz, odnosz\u0105c si\u0119 do zgody wszystkich 27 kraj\u00f3w UE na podpisanie umowy. <em>Rada Europejska<\/em> Prezydent Antonio Costa pr\u00f3bowa\u0142 zdystansowa\u0107 si\u0119 od uwag Merza, ale zar\u00f3wno on, jak i Merz przyznali, \u017ce umowa ma zosta\u0107 podpisana do ko\u0144ca roku \u2013 zdaniem Merza \u2013 do 19 grudnia.<\/p>\n<p>Ze s\u0142\u00f3w kanclerza Niemiec wynika, \u017ce \u200b\u200bwbrew swoim wcze\u015bniejszym deklaracjom Donald Tusk nie sprzeciwia\u0142 si\u0119 przyj\u0119ciu rozwi\u0105za\u0144 szkodliwych dla Polski.<\/p>\n<h2 class=\"wp-block-heading\"><strong>Tusk oszukany<\/strong><\/h2>\n<p>\u2013 powiedzia\u0142 B\u0142a\u017cej Pobo\u017cy, doradca prezydenta Karola Nawrockiego <em>Niezalezna.pl<\/em> To <strong>\u201eDonald Tusk w\u0142asne deklaracje traktuje niepowa\u017cnie i niepowa\u017cnie.<\/strong>\u2013 przypomnia\u0142 <strong>\u201ejego najbardziej wymowne o\u015bwiadczenie, kiedy pr\u00f3bowa\u0142 kpi\u0107 z w\u0142asnej kluczowej propozycji kampanii \u2013 100 szczeg\u00f3\u0142\u00f3w\u201d.<\/strong><\/p>\n<figure class=\"wp-block-pullquote\">\n<blockquote>\n<p>&#8222;I w tym przypadku sytuacja jest dok\u0142adnie taka sama. Donald Tusk powiedzia\u0142, \u017ce b\u0119dzie dzia\u0142a\u0142, aby zablokowa\u0107 to porozumienie, a ostatecznie nawet si\u0119 temu nie sprzeciwi\u0142. Co wi\u0119cej, straci\u0142 pewn\u0105 mniejszo\u015b\u0107 blokuj\u0105c\u0105, kt\u00f3ra istnia\u0142a jeszcze wtedy, gdy <em>Prawo i Sprawiedliwo\u015b\u0107<\/em> by\u0142 u w\u0142adzy. Innymi s\u0142owy, nie tylko nie uda\u0142o mu si\u0119 go rozwin\u0105\u0107, ale tak\u017ce roztrwoni\u0142 zgromadzony wcze\u015bniej kapita\u0142 polityczny\u201d \u2013 stwierdzi\u0142.<\/p>\n<\/blockquote>\n<\/figure>\n<h2 class=\"wp-block-heading\"><strong>Politycy Koalicji Obywatelskiej nie widz\u0105 problemu<\/strong><\/h2>\n<p>Zapytany, jakie dzia\u0142ania m\u00f3g\u0142by podj\u0105\u0107 w tej sytuacji prezydent Karol Nawrocki, kt\u00f3ry zadeklarowa\u0142 otwarty sprzeciw wobec porozumienia Mercosur, B\u0142a\u017cej Pobo\u017cy podkre\u015bli\u0142, \u017ce <strong>\u201ewszystkie narz\u0119dzia i instrumenty prowadzenia polityki \u2013 w tym rolnej czy szerzej polityki gospodarczej \u2013 s\u0105 w r\u0119kach rz\u0105du.<\/strong>\u201d <\/p>\n<p><strong>&#8222;Oczywi\u015bcie Prezydent mo\u017ce wspiera\u0107 wysi\u0142ki na rzecz zbudowania takiej mniejszo\u015bci zdolnej do blokowania porozumienia Mercosur poprzez inicjatywy dyplomatyczne. Wymaga\u0142oby to jednak zaanga\u017cowania rz\u0105du we wsp\u00f3lne dzia\u0142ania w tym kierunku&#8221;<\/strong> \u2013 podkre\u015bli\u0142.<\/p>\n<figure class=\"wp-block-pullquote\">\n<blockquote>\n<p>&#8222;Je\u017celi za prawdziwe uznamy wypowiedzi kanclerza Merza \u2013 a nie mamy powod\u00f3w s\u0105dzi\u0107 inaczej \u2013 to wida\u0107, \u017ce polski rz\u0105d nie jest szczeg\u00f3lnie zainteresowany t\u0105 kwesti\u0105. Co wi\u0119cej, s\u0142uchaj\u0105c wypowiedzi niekt\u00f3rych polityk\u00f3w, nawet podczas s\u0142ynnego dzi\u015b spotkania Donalda Tuska ze swoimi zwolennikami w Piotrkowie Trybunalskim, mo\u017cna odnie\u015b\u0107 wra\u017cenie, \u017ce <em>Koalicja Obywatelska<\/em> politycy tak naprawd\u0119 nie widz\u0105 problemu w tym porozumieniu\u201d \u2013 oceni\u0142.<\/p>\n<\/blockquote>\n<\/figure>\n<p>Zapewnia\u0142, \u017ce Prezydent <em>Karola Nawrockiego<\/em> <strong>\u201ejest ca\u0142kowicie po stronie polskich rolnik\u00f3w\u201d.<\/strong> &#8222;Rozumie, co to porozumienie mo\u017ce dla nich oznacza\u0107. Je\u015bli do tego dodamy, \u017ce umowa Mercosur jest realizowana r\u00f3wnolegle z umow\u0105 z Ukrain\u0105 \u2013 a bior\u0105c pod uwag\u0119, \u017ce sytuacja polskich rolnik\u00f3w jest ju\u017c z\u0142a \u2013 stanie si\u0119 to po prostu dramatyczne\u201d \u2013 wyja\u015bni\u0142, podkre\u015blaj\u0105c, \u017ce <strong><strong>\u201e<\/strong>wymagania i oczekiwania<strong>\u201e<\/strong><\/strong>  w tej sprawie nale\u017cy kierowa\u0107 do rz\u0105du.<\/p>\n<h2 class=\"wp-block-heading\"><strong>Reakcja spo\u0142eczna b\u0119dzie ogromna<\/strong><\/h2>\n<p>Zapytany, czy postrzega walk\u0119 rolnik\u00f3w jako odizolowan\u0105 i pozbawion\u0105 szerszego wsparcia spo\u0142ecznego dla ich wysi\u0142k\u00f3w na rzecz zablokowania porozumienia Mercosur, doradca prezydenta stwierdzi\u0142, \u017ce nie podziela tego wra\u017cenia.<\/p>\n<figure class=\"wp-block-pullquote\">\n<blockquote>\n<p><strong>\u201e<\/strong>By\u0107 mo\u017ce dzieje si\u0119 tak dlatego, \u017ce niestety przestrze\u0144 informacyjna jest ju\u017c wype\u0142niona wieloma sporami i konfliktami w kwestiach budz\u0105cych silniejsze emocje. Zatem co\u015b, co nie dotyczy jeszcze bezpo\u015brednio cz\u0119\u015bci obywateli, nie wywo\u0142uje wi\u0119kszej refleksji i w konsekwencji debaty publicznej. Nie mam jednak w\u0105tpliwo\u015bci, \u017ce kiedy pierwsze negatywne skutki takich dzia\u0142a\u0144 zaczn\u0105 przynosi\u0107 skutki i zaczn\u0105 dotyka\u0107 Polak\u00f3w, reakcja spo\u0142ecze\u0144stwa b\u0119dzie ogromna. Pytanie brzmi, czy wtedy nie b\u0119dzie ju\u017c za p\u00f3\u017ano na dzia\u0142anie. Niestety, rz\u0105d Donalda Tuska \u2013 i sam Tusk \u2013 potrafi kanalizowa\u0107 emocje spo\u0142eczne w dogodne dla niego obszary, czyli takie, kt\u00f3re nie dotycz\u0105 odpowiedzialno\u015bci za jego dwa lata sprawowania w\u0142adzy. Skupia si\u0119 jedynie na tych, kt\u00f3re pozwalaj\u0105 mu skoncentrowa\u0107 spory i wywo\u0142a\u0107 konflikt, jak np. kwestia dalszych \u015bledztw czy coraz bardziej gor\u0105ca sprawa Pegaza. Albo nawet najprostsza kwestia \u2013 fuzja <em>Platforma Obywatelska<\/em> z partnerami koalicyjnymi,<strong>\u201e<\/strong> wyja\u015bni\u0142.<\/p>\n<\/blockquote>\n<\/figure>\n<p>Zauwa\u017cy\u0142 to <strong>\u201eDonald Tusk zarz\u0105dza informacj\u0105, maj\u0105c za sob\u0105 media kontrolowane przez pa\u0144stwo i du\u017c\u0105 cz\u0119\u015b\u0107 medi\u00f3w mu sympatyzuj\u0105cych.<strong>\u201e<\/strong><\/strong> <\/p>\n<p><strong>&#8222;A gdyby nie pewne niezale\u017cne media czy media spo\u0142eczno\u015bciowe, niezwykle trudno by\u0142oby dotrze\u0107 do opinii publicznej z argumentami przeciwko takim rozwi\u0105zaniom. Jestem jednak przekonany, \u017ce w ko\u0144cu pojawi si\u0119 op\u00f3r spo\u0142eczny i tylko to \u2013 jak pokaza\u0142o do\u015bwiadczenie \u2013 mo\u017ce wp\u0142yn\u0105\u0107 na decyzje Donalda Tuska i jego zaplecza politycznego\u201d \u2013 doda\u0142. <\/strong>\u2013 podsumowa\u0142 B\u0142a\u017cej Pobo\u017cy.<\/p>\n<figure class=\"wp-block-embed is-type-video is-provider-youtube wp-block-embed-youtube wp-embed-aspect-16-9 wp-has-aspect-ratio\">\n<div class=\"wp-block-embed__wrapper\">\n<div class=\"youtube-embed\" data-video_id=\"dzntyCTgJMQ\"><iframe title=\"RELACJA NA \u017bYWO - OGL\u0104DAJ - Telewizja Republika! \ud83d\udcfa\ud83d\udcbb\ud83d\udcf2\" width=\"1200\" height=\"675\" src=\"https:\/\/www.youtube.com\/embed\/dzntyCTgJMQ?feature=oembed\" frameborder=\"0\" allow=\"accelerometer; autoplay; clipboard-write; encrypted-media; gyroscope; picture-in-picture; web-share\" referrerpolicy=\"strict-origin-when-cross-origin\" allowfullscreen><\/iframe><\/div>\n<\/div>\n<\/figure>\n<\/div>\n<\/div>\n","protected":false},"excerpt":{"rendered":"<p>\u201eDonald Tusk powiedzia\u0142, \u017ce podejmie dzia\u0142ania, aby zablokowa\u0107 to porozumienie, ale ostatecznie nawet si\u0119 temu nie sprzeciwi\u0142 (\u2026) nie tylko<\/p>\n","protected":false},"author":1,"featured_media":9792,"comment_status":"open","ping_status":"open","sticky":false,"template":"","format":"standard","meta":{"footnotes":""},"categories":[44],"tags":[8132,5937,7387,8512,4177,3447,568,9826,150,11300,35,567,5677,11299,453],"class_list":["post-9791","post","type-post","status-publish","format-standard","has-post-thumbnail","hentry","category-polityka","tag-doradca","tag-jestem","tag-koncu","tag-merz","tag-opor","tag-pojawi","tag-prezydenta","tag-przekonany","tag-sie","tag-spoleczny","tag-sprawie","tag-tuska","tag-uemercosur","tag-zdemaskowal","tag-ze","generate-columns","tablet-grid-50","mobile-grid-100","grid-parent","grid-50","resize-featured-image"],"yoast_head":"<!-- This site is optimized with the Yoast SEO plugin v23.2 - https:\/\/yoast.com\/wordpress\/plugins\/seo\/ -->\n<title>Merz zdemaskowa\u0142 Tuska w sprawie UE-Mercosur. Doradca Prezydenta: \u201eJestem przekonany, \u017ce w ko\u0144cu pojawi si\u0119 op\u00f3r spo\u0142eczny\u201d - POGOTOWIE FLAGOWE\u00ae<\/title>\n<meta name=\"robots\" content=\"index, follow, max-snippet:-1, max-image-preview:large, max-video-preview:-1\" \/>\n<link rel=\"canonical\" href=\"https:\/\/www.pogotowieflagowe.pl\/aktualne\/merz-zdemaskowal-tuska-w-sprawie-ue-mercosur-doradca-prezydenta-jestem-przekonany-ze-w-koncu-pojawi-sie-opor-spoleczny\/\" \/>\n<meta property=\"og:locale\" content=\"pl_PL\" \/>\n<meta property=\"og:type\" content=\"article\" \/>\n<meta property=\"og:title\" content=\"Merz zdemaskowa\u0142 Tuska w sprawie UE-Mercosur. Doradca Prezydenta: \u201eJestem przekonany, \u017ce w ko\u0144cu pojawi si\u0119 op\u00f3r spo\u0142eczny\u201d - POGOTOWIE FLAGOWE\u00ae\" \/>\n<meta property=\"og:description\" content=\"\u201eDonald Tusk powiedzia\u0142, \u017ce podejmie dzia\u0142ania, aby zablokowa\u0107 to porozumienie, ale ostatecznie nawet si\u0119 temu nie sprzeciwi\u0142 (\u2026) nie tylko\" \/>\n<meta property=\"og:url\" content=\"https:\/\/www.pogotowieflagowe.pl\/aktualne\/merz-zdemaskowal-tuska-w-sprawie-ue-mercosur-doradca-prezydenta-jestem-przekonany-ze-w-koncu-pojawi-sie-opor-spoleczny\/\" \/>\n<meta property=\"og:site_name\" content=\"POGOTOWIE FLAGOWE\u00ae\" \/>\n<meta property=\"article:published_time\" content=\"2025-10-25T09:04:43+00:00\" \/>\n<meta property=\"article:modified_time\" content=\"2025-10-25T09:04:44+00:00\" \/>\n<meta property=\"og:image\" content=\"https:\/\/www.pogotowieflagowe.pl\/aktualne\/wp-content\/uploads\/2025\/10\/Merz-zdemaskowal-Tuska-w-sprawie-UE-Mercosur-Doradca-Prezydenta-\u201eJestem-przekonany.webp.webp\" \/>\n\t<meta property=\"og:image:width\" content=\"1280\" \/>\n\t<meta property=\"og:image:height\" content=\"720\" \/>\n\t<meta property=\"og:image:type\" content=\"image\/webp\" \/>\n<meta name=\"author\" content=\"Filip\" \/>\n<meta name=\"twitter:card\" content=\"summary_large_image\" \/>\n<meta name=\"twitter:label1\" content=\"Napisane przez\" \/>\n\t<meta name=\"twitter:data1\" content=\"Filip\" \/>\n\t<meta name=\"twitter:label2\" content=\"Szacowany czas czytania\" \/>\n\t<meta name=\"twitter:data2\" content=\"5 minut\" \/>\n<script type=\"application\/ld+json\" class=\"yoast-schema-graph\">{\"@context\":\"https:\/\/schema.org\",\"@graph\":[{\"@type\":\"Article\",\"@id\":\"https:\/\/www.pogotowieflagowe.pl\/aktualne\/merz-zdemaskowal-tuska-w-sprawie-ue-mercosur-doradca-prezydenta-jestem-przekonany-ze-w-koncu-pojawi-sie-opor-spoleczny\/#article\",\"isPartOf\":{\"@id\":\"https:\/\/www.pogotowieflagowe.pl\/aktualne\/merz-zdemaskowal-tuska-w-sprawie-ue-mercosur-doradca-prezydenta-jestem-przekonany-ze-w-koncu-pojawi-sie-opor-spoleczny\/\"},\"author\":{\"name\":\"Filip\",\"@id\":\"https:\/\/www.pogotowieflagowe.pl\/aktualne\/#\/schema\/person\/9c2fb7d2362ebf6fa088960d7f0d27b0\"},\"headline\":\"Merz zdemaskowa\u0142 Tuska w sprawie UE-Mercosur. Doradca Prezydenta: \u201eJestem przekonany, \u017ce w ko\u0144cu pojawi si\u0119 op\u00f3r spo\u0142eczny\u201d\",\"datePublished\":\"2025-10-25T09:04:43+00:00\",\"dateModified\":\"2025-10-25T09:04:44+00:00\",\"mainEntityOfPage\":{\"@id\":\"https:\/\/www.pogotowieflagowe.pl\/aktualne\/merz-zdemaskowal-tuska-w-sprawie-ue-mercosur-doradca-prezydenta-jestem-przekonany-ze-w-koncu-pojawi-sie-opor-spoleczny\/\"},\"wordCount\":1040,\"commentCount\":0,\"publisher\":{\"@id\":\"https:\/\/www.pogotowieflagowe.pl\/aktualne\/#organization\"},\"image\":{\"@id\":\"https:\/\/www.pogotowieflagowe.pl\/aktualne\/merz-zdemaskowal-tuska-w-sprawie-ue-mercosur-doradca-prezydenta-jestem-przekonany-ze-w-koncu-pojawi-sie-opor-spoleczny\/#primaryimage\"},\"thumbnailUrl\":\"https:\/\/www.pogotowieflagowe.pl\/aktualne\/wp-content\/uploads\/2025\/10\/Merz-zdemaskowal-Tuska-w-sprawie-UE-Mercosur-Doradca-Prezydenta-\u201eJestem-przekonany.webp.webp\",\"keywords\":[\"doradca\",\"Jestem\",\"ko\u0144cu\",\"Merz\",\"Op\u00f3r\",\"pojawi\",\"prezydenta\",\"przekonany\",\"si\u0119\",\"spo\u0142eczny\",\"sprawie\",\"Tuska\",\"UEMercosur\",\"zdemaskowa\u0142\",\"\u017ce\"],\"articleSection\":[\"Polityka\"],\"inLanguage\":\"pl-PL\",\"potentialAction\":[{\"@type\":\"CommentAction\",\"name\":\"Comment\",\"target\":[\"https:\/\/www.pogotowieflagowe.pl\/aktualne\/merz-zdemaskowal-tuska-w-sprawie-ue-mercosur-doradca-prezydenta-jestem-przekonany-ze-w-koncu-pojawi-sie-opor-spoleczny\/#respond\"]}]},{\"@type\":\"WebPage\",\"@id\":\"https:\/\/www.pogotowieflagowe.pl\/aktualne\/merz-zdemaskowal-tuska-w-sprawie-ue-mercosur-doradca-prezydenta-jestem-przekonany-ze-w-koncu-pojawi-sie-opor-spoleczny\/\",\"url\":\"https:\/\/www.pogotowieflagowe.pl\/aktualne\/merz-zdemaskowal-tuska-w-sprawie-ue-mercosur-doradca-prezydenta-jestem-przekonany-ze-w-koncu-pojawi-sie-opor-spoleczny\/\",\"name\":\"Merz zdemaskowa\u0142 Tuska w sprawie UE-Mercosur. Doradca Prezydenta: \u201eJestem przekonany, \u017ce w ko\u0144cu pojawi si\u0119 op\u00f3r spo\u0142eczny\u201d - POGOTOWIE FLAGOWE\u00ae\",\"isPartOf\":{\"@id\":\"https:\/\/www.pogotowieflagowe.pl\/aktualne\/#website\"},\"primaryImageOfPage\":{\"@id\":\"https:\/\/www.pogotowieflagowe.pl\/aktualne\/merz-zdemaskowal-tuska-w-sprawie-ue-mercosur-doradca-prezydenta-jestem-przekonany-ze-w-koncu-pojawi-sie-opor-spoleczny\/#primaryimage\"},\"image\":{\"@id\":\"https:\/\/www.pogotowieflagowe.pl\/aktualne\/merz-zdemaskowal-tuska-w-sprawie-ue-mercosur-doradca-prezydenta-jestem-przekonany-ze-w-koncu-pojawi-sie-opor-spoleczny\/#primaryimage\"},\"thumbnailUrl\":\"https:\/\/www.pogotowieflagowe.pl\/aktualne\/wp-content\/uploads\/2025\/10\/Merz-zdemaskowal-Tuska-w-sprawie-UE-Mercosur-Doradca-Prezydenta-\u201eJestem-przekonany.webp.webp\",\"datePublished\":\"2025-10-25T09:04:43+00:00\",\"dateModified\":\"2025-10-25T09:04:44+00:00\",\"breadcrumb\":{\"@id\":\"https:\/\/www.pogotowieflagowe.pl\/aktualne\/merz-zdemaskowal-tuska-w-sprawie-ue-mercosur-doradca-prezydenta-jestem-przekonany-ze-w-koncu-pojawi-sie-opor-spoleczny\/#breadcrumb\"},\"inLanguage\":\"pl-PL\",\"potentialAction\":[{\"@type\":\"ReadAction\",\"target\":[\"https:\/\/www.pogotowieflagowe.pl\/aktualne\/merz-zdemaskowal-tuska-w-sprawie-ue-mercosur-doradca-prezydenta-jestem-przekonany-ze-w-koncu-pojawi-sie-opor-spoleczny\/\"]}]},{\"@type\":\"ImageObject\",\"inLanguage\":\"pl-PL\",\"@id\":\"https:\/\/www.pogotowieflagowe.pl\/aktualne\/merz-zdemaskowal-tuska-w-sprawie-ue-mercosur-doradca-prezydenta-jestem-przekonany-ze-w-koncu-pojawi-sie-opor-spoleczny\/#primaryimage\",\"url\":\"https:\/\/www.pogotowieflagowe.pl\/aktualne\/wp-content\/uploads\/2025\/10\/Merz-zdemaskowal-Tuska-w-sprawie-UE-Mercosur-Doradca-Prezydenta-\u201eJestem-przekonany.webp.webp\",\"contentUrl\":\"https:\/\/www.pogotowieflagowe.pl\/aktualne\/wp-content\/uploads\/2025\/10\/Merz-zdemaskowal-Tuska-w-sprawie-UE-Mercosur-Doradca-Prezydenta-\u201eJestem-przekonany.webp.webp\",\"width\":1280,\"height\":720,\"caption\":\"Merz zdemaskowa\u0142 Tuska w sprawie UE-Mercosur. Doradca Prezydenta: \u201eJestem przekonany, \u017ce w ko\u0144cu pojawi si\u0119 op\u00f3r spo\u0142eczny\u201d\"},{\"@type\":\"BreadcrumbList\",\"@id\":\"https:\/\/www.pogotowieflagowe.pl\/aktualne\/merz-zdemaskowal-tuska-w-sprawie-ue-mercosur-doradca-prezydenta-jestem-przekonany-ze-w-koncu-pojawi-sie-opor-spoleczny\/#breadcrumb\",\"itemListElement\":[{\"@type\":\"ListItem\",\"position\":1,\"name\":\"Home\",\"item\":\"https:\/\/www.pogotowieflagowe.pl\/aktualne\/\"},{\"@type\":\"ListItem\",\"position\":2,\"name\":\"Merz zdemaskowa\u0142 Tuska w sprawie UE-Mercosur. Doradca Prezydenta: \u201eJestem przekonany, \u017ce w ko\u0144cu pojawi si\u0119 op\u00f3r spo\u0142eczny\u201d\"}]},{\"@type\":\"WebSite\",\"@id\":\"https:\/\/www.pogotowieflagowe.pl\/aktualne\/#website\",\"url\":\"https:\/\/www.pogotowieflagowe.pl\/aktualne\/\",\"name\":\"POGOTOWIE FLAGOWE\u00ae\",\"description\":\"\",\"publisher\":{\"@id\":\"https:\/\/www.pogotowieflagowe.pl\/aktualne\/#organization\"},\"potentialAction\":[{\"@type\":\"SearchAction\",\"target\":{\"@type\":\"EntryPoint\",\"urlTemplate\":\"https:\/\/www.pogotowieflagowe.pl\/aktualne\/?s={search_term_string}\"},\"query-input\":\"required name=search_term_string\"}],\"inLanguage\":\"pl-PL\"},{\"@type\":\"Organization\",\"@id\":\"https:\/\/www.pogotowieflagowe.pl\/aktualne\/#organization\",\"name\":\"POGOTOWIE FLAGOWE\u00ae\",\"url\":\"https:\/\/www.pogotowieflagowe.pl\/aktualne\/\",\"logo\":{\"@type\":\"ImageObject\",\"inLanguage\":\"pl-PL\",\"@id\":\"https:\/\/www.pogotowieflagowe.pl\/aktualne\/#\/schema\/logo\/image\/\",\"url\":\"https:\/\/www.pogotowieflagowe.pl\/aktualne\/wp-content\/uploads\/2024\/08\/cropped-pogotowieflagowe_flaga_projekt_sm.jpg\",\"contentUrl\":\"https:\/\/www.pogotowieflagowe.pl\/aktualne\/wp-content\/uploads\/2024\/08\/cropped-pogotowieflagowe_flaga_projekt_sm.jpg\",\"width\":250,\"height\":143,\"caption\":\"POGOTOWIE FLAGOWE\u00ae\"},\"image\":{\"@id\":\"https:\/\/www.pogotowieflagowe.pl\/aktualne\/#\/schema\/logo\/image\/\"}},{\"@type\":\"Person\",\"@id\":\"https:\/\/www.pogotowieflagowe.pl\/aktualne\/#\/schema\/person\/9c2fb7d2362ebf6fa088960d7f0d27b0\",\"name\":\"Filip\",\"image\":{\"@type\":\"ImageObject\",\"inLanguage\":\"pl-PL\",\"@id\":\"https:\/\/www.pogotowieflagowe.pl\/aktualne\/#\/schema\/person\/image\/\",\"url\":\"https:\/\/www.pogotowieflagowe.pl\/aktualne\/wp-content\/uploads\/2024\/08\/pogotowieflagowe.pl_.jpg\",\"contentUrl\":\"https:\/\/www.pogotowieflagowe.pl\/aktualne\/wp-content\/uploads\/2024\/08\/pogotowieflagowe.pl_.jpg\",\"caption\":\"Filip\"},\"description\":\"Jestem Filip, polski dziennikarz z dyplomem nauk politycznych Uniwersytetu Warszawskiego. Rozpoczynaj\u0105c swoj\u0105 karier\u0119 w r\u00f3\u017cnych lokalnych mediach, zdoby\u0142em solidne do\u015bwiadczenie w zakresie \u015bledztwa i redakcji. Obecnie jako redaktor w Pogotowie flagowe, staram si\u0119 dostarcza\u0107 dog\u0142\u0119bne i istotne analizy na temat najwa\u017cniejszych kwestii aktualno\u015bci, \u0142\u0105cz\u0105c rygor z pasj\u0105 dziennikarsk\u0105.\",\"sameAs\":[\"https:\/\/www.pogotowieflagowe.pl\/\"]}]}<\/script>\n<!-- \/ Yoast SEO plugin. -->","yoast_head_json":{"title":"Merz zdemaskowa\u0142 Tuska w sprawie UE-Mercosur. Doradca Prezydenta: \u201eJestem przekonany, \u017ce w ko\u0144cu pojawi si\u0119 op\u00f3r spo\u0142eczny\u201d - POGOTOWIE FLAGOWE\u00ae","robots":{"index":"index","follow":"follow","max-snippet":"max-snippet:-1","max-image-preview":"max-image-preview:large","max-video-preview":"max-video-preview:-1"},"canonical":"https:\/\/www.pogotowieflagowe.pl\/aktualne\/merz-zdemaskowal-tuska-w-sprawie-ue-mercosur-doradca-prezydenta-jestem-przekonany-ze-w-koncu-pojawi-sie-opor-spoleczny\/","og_locale":"pl_PL","og_type":"article","og_title":"Merz zdemaskowa\u0142 Tuska w sprawie UE-Mercosur. Doradca Prezydenta: \u201eJestem przekonany, \u017ce w ko\u0144cu pojawi si\u0119 op\u00f3r spo\u0142eczny\u201d - POGOTOWIE FLAGOWE\u00ae","og_description":"\u201eDonald Tusk powiedzia\u0142, \u017ce podejmie dzia\u0142ania, aby zablokowa\u0107 to porozumienie, ale ostatecznie nawet si\u0119 temu nie sprzeciwi\u0142 (\u2026) nie tylko","og_url":"https:\/\/www.pogotowieflagowe.pl\/aktualne\/merz-zdemaskowal-tuska-w-sprawie-ue-mercosur-doradca-prezydenta-jestem-przekonany-ze-w-koncu-pojawi-sie-opor-spoleczny\/","og_site_name":"POGOTOWIE FLAGOWE\u00ae","article_published_time":"2025-10-25T09:04:43+00:00","article_modified_time":"2025-10-25T09:04:44+00:00","og_image":[{"width":1280,"height":720,"url":"https:\/\/www.pogotowieflagowe.pl\/aktualne\/wp-content\/uploads\/2025\/10\/Merz-zdemaskowal-Tuska-w-sprawie-UE-Mercosur-Doradca-Prezydenta-\u201eJestem-przekonany.webp.webp","type":"image\/webp"}],"author":"Filip","twitter_card":"summary_large_image","twitter_misc":{"Napisane przez":"Filip","Szacowany czas czytania":"5 minut"},"schema":{"@context":"https:\/\/schema.org","@graph":[{"@type":"Article","@id":"https:\/\/www.pogotowieflagowe.pl\/aktualne\/merz-zdemaskowal-tuska-w-sprawie-ue-mercosur-doradca-prezydenta-jestem-przekonany-ze-w-koncu-pojawi-sie-opor-spoleczny\/#article","isPartOf":{"@id":"https:\/\/www.pogotowieflagowe.pl\/aktualne\/merz-zdemaskowal-tuska-w-sprawie-ue-mercosur-doradca-prezydenta-jestem-przekonany-ze-w-koncu-pojawi-sie-opor-spoleczny\/"},"author":{"name":"Filip","@id":"https:\/\/www.pogotowieflagowe.pl\/aktualne\/#\/schema\/person\/9c2fb7d2362ebf6fa088960d7f0d27b0"},"headline":"Merz zdemaskowa\u0142 Tuska w sprawie UE-Mercosur. Doradca Prezydenta: \u201eJestem przekonany, \u017ce w ko\u0144cu pojawi si\u0119 op\u00f3r spo\u0142eczny\u201d","datePublished":"2025-10-25T09:04:43+00:00","dateModified":"2025-10-25T09:04:44+00:00","mainEntityOfPage":{"@id":"https:\/\/www.pogotowieflagowe.pl\/aktualne\/merz-zdemaskowal-tuska-w-sprawie-ue-mercosur-doradca-prezydenta-jestem-przekonany-ze-w-koncu-pojawi-sie-opor-spoleczny\/"},"wordCount":1040,"commentCount":0,"publisher":{"@id":"https:\/\/www.pogotowieflagowe.pl\/aktualne\/#organization"},"image":{"@id":"https:\/\/www.pogotowieflagowe.pl\/aktualne\/merz-zdemaskowal-tuska-w-sprawie-ue-mercosur-doradca-prezydenta-jestem-przekonany-ze-w-koncu-pojawi-sie-opor-spoleczny\/#primaryimage"},"thumbnailUrl":"https:\/\/www.pogotowieflagowe.pl\/aktualne\/wp-content\/uploads\/2025\/10\/Merz-zdemaskowal-Tuska-w-sprawie-UE-Mercosur-Doradca-Prezydenta-\u201eJestem-przekonany.webp.webp","keywords":["doradca","Jestem","ko\u0144cu","Merz","Op\u00f3r","pojawi","prezydenta","przekonany","si\u0119","spo\u0142eczny","sprawie","Tuska","UEMercosur","zdemaskowa\u0142","\u017ce"],"articleSection":["Polityka"],"inLanguage":"pl-PL","potentialAction":[{"@type":"CommentAction","name":"Comment","target":["https:\/\/www.pogotowieflagowe.pl\/aktualne\/merz-zdemaskowal-tuska-w-sprawie-ue-mercosur-doradca-prezydenta-jestem-przekonany-ze-w-koncu-pojawi-sie-opor-spoleczny\/#respond"]}]},{"@type":"WebPage","@id":"https:\/\/www.pogotowieflagowe.pl\/aktualne\/merz-zdemaskowal-tuska-w-sprawie-ue-mercosur-doradca-prezydenta-jestem-przekonany-ze-w-koncu-pojawi-sie-opor-spoleczny\/","url":"https:\/\/www.pogotowieflagowe.pl\/aktualne\/merz-zdemaskowal-tuska-w-sprawie-ue-mercosur-doradca-prezydenta-jestem-przekonany-ze-w-koncu-pojawi-sie-opor-spoleczny\/","name":"Merz zdemaskowa\u0142 Tuska w sprawie UE-Mercosur. Doradca Prezydenta: \u201eJestem przekonany, \u017ce w ko\u0144cu pojawi si\u0119 op\u00f3r spo\u0142eczny\u201d - POGOTOWIE FLAGOWE\u00ae","isPartOf":{"@id":"https:\/\/www.pogotowieflagowe.pl\/aktualne\/#website"},"primaryImageOfPage":{"@id":"https:\/\/www.pogotowieflagowe.pl\/aktualne\/merz-zdemaskowal-tuska-w-sprawie-ue-mercosur-doradca-prezydenta-jestem-przekonany-ze-w-koncu-pojawi-sie-opor-spoleczny\/#primaryimage"},"image":{"@id":"https:\/\/www.pogotowieflagowe.pl\/aktualne\/merz-zdemaskowal-tuska-w-sprawie-ue-mercosur-doradca-prezydenta-jestem-przekonany-ze-w-koncu-pojawi-sie-opor-spoleczny\/#primaryimage"},"thumbnailUrl":"https:\/\/www.pogotowieflagowe.pl\/aktualne\/wp-content\/uploads\/2025\/10\/Merz-zdemaskowal-Tuska-w-sprawie-UE-Mercosur-Doradca-Prezydenta-\u201eJestem-przekonany.webp.webp","datePublished":"2025-10-25T09:04:43+00:00","dateModified":"2025-10-25T09:04:44+00:00","breadcrumb":{"@id":"https:\/\/www.pogotowieflagowe.pl\/aktualne\/merz-zdemaskowal-tuska-w-sprawie-ue-mercosur-doradca-prezydenta-jestem-przekonany-ze-w-koncu-pojawi-sie-opor-spoleczny\/#breadcrumb"},"inLanguage":"pl-PL","potentialAction":[{"@type":"ReadAction","target":["https:\/\/www.pogotowieflagowe.pl\/aktualne\/merz-zdemaskowal-tuska-w-sprawie-ue-mercosur-doradca-prezydenta-jestem-przekonany-ze-w-koncu-pojawi-sie-opor-spoleczny\/"]}]},{"@type":"ImageObject","inLanguage":"pl-PL","@id":"https:\/\/www.pogotowieflagowe.pl\/aktualne\/merz-zdemaskowal-tuska-w-sprawie-ue-mercosur-doradca-prezydenta-jestem-przekonany-ze-w-koncu-pojawi-sie-opor-spoleczny\/#primaryimage","url":"https:\/\/www.pogotowieflagowe.pl\/aktualne\/wp-content\/uploads\/2025\/10\/Merz-zdemaskowal-Tuska-w-sprawie-UE-Mercosur-Doradca-Prezydenta-\u201eJestem-przekonany.webp.webp","contentUrl":"https:\/\/www.pogotowieflagowe.pl\/aktualne\/wp-content\/uploads\/2025\/10\/Merz-zdemaskowal-Tuska-w-sprawie-UE-Mercosur-Doradca-Prezydenta-\u201eJestem-przekonany.webp.webp","width":1280,"height":720,"caption":"Merz zdemaskowa\u0142 Tuska w sprawie UE-Mercosur. Doradca Prezydenta: \u201eJestem przekonany, \u017ce w ko\u0144cu pojawi si\u0119 op\u00f3r spo\u0142eczny\u201d"},{"@type":"BreadcrumbList","@id":"https:\/\/www.pogotowieflagowe.pl\/aktualne\/merz-zdemaskowal-tuska-w-sprawie-ue-mercosur-doradca-prezydenta-jestem-przekonany-ze-w-koncu-pojawi-sie-opor-spoleczny\/#breadcrumb","itemListElement":[{"@type":"ListItem","position":1,"name":"Home","item":"https:\/\/www.pogotowieflagowe.pl\/aktualne\/"},{"@type":"ListItem","position":2,"name":"Merz zdemaskowa\u0142 Tuska w sprawie UE-Mercosur. Doradca Prezydenta: \u201eJestem przekonany, \u017ce w ko\u0144cu pojawi si\u0119 op\u00f3r spo\u0142eczny\u201d"}]},{"@type":"WebSite","@id":"https:\/\/www.pogotowieflagowe.pl\/aktualne\/#website","url":"https:\/\/www.pogotowieflagowe.pl\/aktualne\/","name":"POGOTOWIE FLAGOWE\u00ae","description":"","publisher":{"@id":"https:\/\/www.pogotowieflagowe.pl\/aktualne\/#organization"},"potentialAction":[{"@type":"SearchAction","target":{"@type":"EntryPoint","urlTemplate":"https:\/\/www.pogotowieflagowe.pl\/aktualne\/?s={search_term_string}"},"query-input":"required name=search_term_string"}],"inLanguage":"pl-PL"},{"@type":"Organization","@id":"https:\/\/www.pogotowieflagowe.pl\/aktualne\/#organization","name":"POGOTOWIE FLAGOWE\u00ae","url":"https:\/\/www.pogotowieflagowe.pl\/aktualne\/","logo":{"@type":"ImageObject","inLanguage":"pl-PL","@id":"https:\/\/www.pogotowieflagowe.pl\/aktualne\/#\/schema\/logo\/image\/","url":"https:\/\/www.pogotowieflagowe.pl\/aktualne\/wp-content\/uploads\/2024\/08\/cropped-pogotowieflagowe_flaga_projekt_sm.jpg","contentUrl":"https:\/\/www.pogotowieflagowe.pl\/aktualne\/wp-content\/uploads\/2024\/08\/cropped-pogotowieflagowe_flaga_projekt_sm.jpg","width":250,"height":143,"caption":"POGOTOWIE FLAGOWE\u00ae"},"image":{"@id":"https:\/\/www.pogotowieflagowe.pl\/aktualne\/#\/schema\/logo\/image\/"}},{"@type":"Person","@id":"https:\/\/www.pogotowieflagowe.pl\/aktualne\/#\/schema\/person\/9c2fb7d2362ebf6fa088960d7f0d27b0","name":"Filip","image":{"@type":"ImageObject","inLanguage":"pl-PL","@id":"https:\/\/www.pogotowieflagowe.pl\/aktualne\/#\/schema\/person\/image\/","url":"https:\/\/www.pogotowieflagowe.pl\/aktualne\/wp-content\/uploads\/2024\/08\/pogotowieflagowe.pl_.jpg","contentUrl":"https:\/\/www.pogotowieflagowe.pl\/aktualne\/wp-content\/uploads\/2024\/08\/pogotowieflagowe.pl_.jpg","caption":"Filip"},"description":"Jestem Filip, polski dziennikarz z dyplomem nauk politycznych Uniwersytetu Warszawskiego. Rozpoczynaj\u0105c swoj\u0105 karier\u0119 w r\u00f3\u017cnych lokalnych mediach, zdoby\u0142em solidne do\u015bwiadczenie w zakresie \u015bledztwa i redakcji. Obecnie jako redaktor w Pogotowie flagowe, staram si\u0119 dostarcza\u0107 dog\u0142\u0119bne i istotne analizy na temat najwa\u017cniejszych kwestii aktualno\u015bci, \u0142\u0105cz\u0105c rygor z pasj\u0105 dziennikarsk\u0105.","sameAs":["https:\/\/www.pogotowieflagowe.pl\/"]}]}},"_links":{"self":[{"href":"https:\/\/www.pogotowieflagowe.pl\/aktualne\/wp-json\/wp\/v2\/posts\/9791","targetHints":{"allow":["GET"]}}],"collection":[{"href":"https:\/\/www.pogotowieflagowe.pl\/aktualne\/wp-json\/wp\/v2\/posts"}],"about":[{"href":"https:\/\/www.pogotowieflagowe.pl\/aktualne\/wp-json\/wp\/v2\/types\/post"}],"author":[{"embeddable":true,"href":"https:\/\/www.pogotowieflagowe.pl\/aktualne\/wp-json\/wp\/v2\/users\/1"}],"replies":[{"embeddable":true,"href":"https:\/\/www.pogotowieflagowe.pl\/aktualne\/wp-json\/wp\/v2\/comments?post=9791"}],"version-history":[{"count":1,"href":"https:\/\/www.pogotowieflagowe.pl\/aktualne\/wp-json\/wp\/v2\/posts\/9791\/revisions"}],"predecessor-version":[{"id":9793,"href":"https:\/\/www.pogotowieflagowe.pl\/aktualne\/wp-json\/wp\/v2\/posts\/9791\/revisions\/9793"}],"wp:featuredmedia":[{"embeddable":true,"href":"https:\/\/www.pogotowieflagowe.pl\/aktualne\/wp-json\/wp\/v2\/media\/9792"}],"wp:attachment":[{"href":"https:\/\/www.pogotowieflagowe.pl\/aktualne\/wp-json\/wp\/v2\/media?parent=9791"}],"wp:term":[{"taxonomy":"category","embeddable":true,"href":"https:\/\/www.pogotowieflagowe.pl\/aktualne\/wp-json\/wp\/v2\/categories?post=9791"},{"taxonomy":"post_tag","embeddable":true,"href":"https:\/\/www.pogotowieflagowe.pl\/aktualne\/wp-json\/wp\/v2\/tags?post=9791"}],"curies":[{"name":"wp","href":"https:\/\/api.w.org\/{rel}","templated":true}]}}