{"id":9814,"date":"2025-10-25T22:57:02","date_gmt":"2025-10-25T20:57:02","guid":{"rendered":"https:\/\/www.pogotowieflagowe.pl\/aktualne\/dziennikarz-skazany-za-ujawnianie-skandalu-grodzkiego-sad-powoluje-sie-na-bylego-stalinowskiego-funkcjonariusza-ub-jako-glownego-swiadka\/"},"modified":"2025-10-25T22:57:03","modified_gmt":"2025-10-25T20:57:03","slug":"dziennikarz-skazany-za-ujawnianie-skandalu-grodzkiego-sad-powoluje-sie-na-bylego-stalinowskiego-funkcjonariusza-ub-jako-glownego-swiadka","status":"publish","type":"post","link":"https:\/\/www.pogotowieflagowe.pl\/aktualne\/dziennikarz-skazany-za-ujawnianie-skandalu-grodzkiego-sad-powoluje-sie-na-bylego-stalinowskiego-funkcjonariusza-ub-jako-glownego-swiadka\/","title":{"rendered":"Dziennikarz skazany za ujawnianie skandalu grodzkiego \u2013 s\u0105d powo\u0142uje si\u0119 na by\u0142ego stalinowskiego funkcjonariusza UB jako g\u0142\u00f3wnego \u015bwiadka"},"content":{"rendered":"\n<div class=\"td_block_wrap tdb_single_content tdi_41 td-pb-border-top td_block_template_8 td-post-content tagdiv-type\" data-td-block-uid=\"tdi_41\">\n<style>.tdi_41{margines-top:0px!important;margin-bottom:0px!important;dope\u0142nienie-g\u00f3ra:0px!important;dope\u0142nienie-d\u00f3\u0142:0px!important}<\/style>\n<style>.tdb_single_content{margin-bottom:0;*zoom:1}.tdb_single_content:before,.tdb_single_content:after{display:table;content:'';line-height:0}.tdb_single_content:after{clear:both}.tdb_single_content .tdb-block-inner>*:not(.wp-block-quote):not(.alignwide):not(.alignfull.wp-block-cover.has-parallax):not(.td-a-ad){margin-left:auto;margin-right:auto}.tdb_single_content a{pointer-events:auto}.tdb_single_content .td-spot-id-top_ad .tdc-placeholder-title:before{content:'Article Top Ad'!important}.tdb_single_content .td-spot-id-inline_ad0 .tdc-placeholder-title:before{content:'Article Reklama wbudowana 1'!important}.tdb_single_content .td-spot-id-inline_ad1 .tdc-placeholder-title:before{content:'Reklama wbudowana w artyku\u0142 2'!important}.tdb_single_content .td-spot-id-inline_ad2 .tdc-placeholder-title:before{content:'Reklama w tek\u015bcie artyku\u0142u 3'!important}.tdb_single_content .td-spot-id-bottom_ad .tdc-placeholder-title:before{content:'Article Bottom Ad'!important}.tdb_single_content .id_top_ad,.tdb_single_content .id_bottom_ad{clear:both;margin-bottom:21px;text-align:center}.tdb_single_content .id_top_ad img,.tdb_single_content .id_bottom_ad img{margin-bottom:0}.tdb_single_content .id_top_ad .adsbygoogle,.tdb_single_content .id_bottom_ad .adsbygoogle{position:relative}.tdb_single_content .id_ad_content-horiz-left,.tdb_single_content .id_ad_content-horiz-right,.tdb_single_content .id_ad_content-horiz-center{margin-bottom:15px}.tdb_single_content .id_ad_content-horiz-left img,.tdb_single_content .id_ad_content-horiz-right img,.tdb_single_content .id_ad_content-horiz-center img{margin-bottom:0}.tdb_single_content .id_ad_content-horiz-center{text-align:center}.tdb_single_content .id_ad_content-horiz-center img{margin-right:auto;margin-left:auto}.tdb_single_content .id_ad_content-horiz-left{float:left;margin-top:9px;margin-right:21px}.tdb_single_content .id_ad_content-horiz-right{float:right;margin-top:6px;margin-left:21px}.tdb_single_content .tdc-a-ad .tdc-placeholder-title{width:300px;height:250px}.tdb_single_content .tdc-a-ad .tdc-placeholder-title:before{position:absolute;top:50%;-webkit-transform:translateY(-50%);transform:translateY(-50%);margin:auto;display:table;width:100%}.tdb_single_content .tdb-block-inner.td-fix-index{word-break:break-word}.tdi_41,.tdi_41>p,.tdi_41 .tdb-block-inner>p,.wp-block-column>p{font-size:16px!important;line-height:1.6!important}.tdi_41 .tdb-block-inner cytat blokowy p{font-style:normal!important}@media (max-width:767px){.tdb_single_content .id_ad_content-horiz-left,.tdb_single_content .id_ad_content-horiz-right,.tdb_single_content .id_ad_content-horiz-center{margin:0 auto 26 pikseli auto}}@media (max-width:767px){.tdb_single_content .id_ad_content-horiz-left{margin-right:0}}@media (max-width:767px){.tdb_single_content .id_ad_content-horiz-right{margin-left:0}}@media (max-width:767px){.tdb_single_content .td-a-ad{float:none;text-align:center}.tdb_single_content .td-a-ad img{margin-right:auto;margin-left:auto}.tdb_single_content .tdc-a-ad{float:none}}<\/style>\n<div class=\"tdb-block-inner td-fix-index\">\n<p>S\u0105d Rejonowy dla m.st. Warszawy uzna\u0142 redaktora Tomasza Duklanowskiego za winnego znies\u0142awienia w zwi\u0105zku z ujawnieniem tzw. afery kopertowej. Podstaw\u0105 wyroku okaza\u0142y si\u0119 zeznania by\u0142ego oficera stalinowskiego <em>Biuro Bezpiecze\u0144stwa (UB)<\/em>Tadeusz Staszczyk, kt\u00f3rego s\u0119dzia Iwona Ramotowska uzna\u0142a za w pe\u0142ni wiarygodne.<\/p>\n<p>Wszystko zacz\u0119\u0142o si\u0119 od dziennikarza Tomasza Duklanowskiego <em>Radia Szczecin<\/em> i w <em>Gazeta Polska Codziennie<\/em>opublikowa\u0142 relacje kilku pacjent\u00f3w i ich rodzin. Twierdz\u0105, \u017ce by\u0142y marsza\u0142ek Senatu Tomasz Grodzki przyj\u0105\u0142 od nich \u0142ap\u00f3wki. W odpowiedzi Grodzki z\u0142o\u017cy\u0142 prywatny akt oskar\u017cenia przeciwko dziennikarzowi, zarzucaj\u0105c mu znies\u0142awienie i utrzymuj\u0105c, \u017ce osoby pojawiaj\u0105ce si\u0119 w reporta\u017cach zosta\u0142y podstawione.<\/p>\n<p>Kluczowym \u015bwiadkiem oskar\u017cenia \u2013 czyli Grodzkiego \u2013 okaza\u0142 si\u0119 Tadeusz Staszczyk, przedstawiony przez Tomasza Grodzkiego na konferencji prasowej w styczniu 2020 r. jako \u201ecz\u0142owiek honoru\u201d. Staszczyk, rzekomo by\u0142y pacjent Grodzkiego, twierdzi\u0142, \u017ce zaproponowano mu 5000 z\u0142otych za postawienie profesorowi fa\u0142szywych oskar\u017ce\u0144. Jednak\u017ce zapisy z <em>Instytut Pami\u0119ci Narodowej (IPN)<\/em> wynika, \u017ce \u200b\u200bTadeusz Staszczyk by\u0142 od pocz\u0105tku lat pi\u0119\u0107dziesi\u0105tych oficerem <em>Biuro Bezpiecze\u0144stwa (UB)<\/em>gdzie zajmowa\u0142 si\u0119 tropieniem \u017co\u0142nierzy antykomunistycznego ruchu oporu. Po rozwi\u0105zaniu <em>UB<\/em>zosta\u0142 wsp\u00f3\u0142pracownikiem <em>S\u0142u\u017cba Bezpiecze\u0144stwa (SB)<\/em>.<\/p>\n<p>Cho\u0107 w nagraniu Staszczyk nie poda\u0142 \u017cadnych szczeg\u00f3\u0142\u00f3w na temat rzekomej pr\u00f3by przekupstwa ani nie opisa\u0142 osoby, kt\u00f3ra rzekomo oferowa\u0142a mu pieni\u0105dze, jego zeznania sta\u0142y si\u0119 kluczowe dla s\u0105du. S\u0119dzia Iwona Ramotowska w uzasadnieniu wyroku, do kt\u00f3rego dotar\u0142 portal <em>Niezalezna.pl<\/em>uzna\u0142 j\u0105 za w pe\u0142ni wiarygodn\u0105, \u200b\u200bstwierdzaj\u0105c, \u017ce to pierwsze <em>UB<\/em> zeznania funkcjonariusza \u201eby\u0142y szczere i sp\u00f3jne, a ponadto \u015bwiadek nie mia\u0142 interesu w przedstawianiu fa\u0142szywych okoliczno\u015bci wydarze\u0144\u201d.<\/p>\n<p>W uzasadnieniu wyroku skazuj\u0105cego redaktora Duklanowskiego wskazano, \u017ce <strong>\u201ePrzyszed\u0142 do niego nieznany m\u0119\u017cczyzna (Grodzki \u2013 przyp. <em>Niezalezna.pl<\/em>), kt\u00f3ry za kwot\u0119 5000 z\u0142otych zaproponowa\u0142 mu oskar\u017cenie powoda (Grodzki \u2013 przyp. <em>Niezalezna.pl<\/em>), twierdz\u0105c, \u017ce pow\u00f3d \u017c\u0105da\u0142 od niego pieni\u0119dzy za wykonanie operacji. (\u2026) Zeznania \u015bwiadka znajduj\u0105 potwierdzenie w zeznaniach powoda prywatnego.<\/strong>\u201e<\/p>\n<p>Wierz\u0105c by\u0142emu funkcjonariuszowi aparatu represji, s\u0105d jednocze\u015bnie podwa\u017cy\u0142 wiarygodno\u015b\u0107 kilkunastu \u015bwiadk\u00f3w, kt\u00f3rzy oskar\u017cali Tomasza Grodzkiego o przyjmowanie \u0142ap\u00f3wek.<\/p>\n<p>S\u0119dzia Iwona Ramotowska skaza\u0142a Tomasza Duklanowskiego na kar\u0119 grzywny w wysoko\u015bci 12 000 z\u0142 oraz dodatkowe 8 000 z\u0142 na cele spo\u0142eczne. W przesz\u0142o\u015bci s\u0119dzia ten podpisa\u0142 list w obronie czynnego politycznie s\u0119dziego Igora Tulei.<\/p>\n<\/div>\n<\/div>\n","protected":false},"excerpt":{"rendered":"<p>S\u0105d Rejonowy dla m.st. Warszawy uzna\u0142 redaktora Tomasza Duklanowskiego za winnego znies\u0142awienia w zwi\u0105zku z ujawnieniem tzw. afery kopertowej. Podstaw\u0105<\/p>\n","protected":false},"author":1,"featured_media":9815,"comment_status":"open","ping_status":"open","sticky":false,"template":"","format":"standard","meta":{"footnotes":""},"categories":[4748],"tags":[3533,2682,8694,4329,10974,3285,4409,2379,150,2061,2378,11328,11329,11327],"class_list":["post-9814","post","type-post","status-publish","format-standard","has-post-thumbnail","hentry","category-aktualne","tag-bylego","tag-dziennikarz","tag-funkcjonariusza","tag-glownego","tag-grodzkiego","tag-jako","tag-powoluje","tag-sad","tag-sie","tag-skandalu","tag-skazany","tag-stalinowskiego","tag-swiadka","tag-ujawnianie","generate-columns","tablet-grid-50","mobile-grid-100","grid-parent","grid-50","resize-featured-image"],"yoast_head":"<!-- This site is optimized with the Yoast SEO plugin v23.2 - https:\/\/yoast.com\/wordpress\/plugins\/seo\/ -->\n<title>Dziennikarz skazany za ujawnianie skandalu grodzkiego \u2013 s\u0105d powo\u0142uje si\u0119 na by\u0142ego stalinowskiego funkcjonariusza UB jako g\u0142\u00f3wnego \u015bwiadka - POGOTOWIE FLAGOWE\u00ae<\/title>\n<meta name=\"robots\" content=\"index, follow, max-snippet:-1, max-image-preview:large, max-video-preview:-1\" \/>\n<link rel=\"canonical\" href=\"https:\/\/www.pogotowieflagowe.pl\/aktualne\/dziennikarz-skazany-za-ujawnianie-skandalu-grodzkiego-sad-powoluje-sie-na-bylego-stalinowskiego-funkcjonariusza-ub-jako-glownego-swiadka\/\" \/>\n<meta property=\"og:locale\" content=\"pl_PL\" \/>\n<meta property=\"og:type\" content=\"article\" \/>\n<meta property=\"og:title\" content=\"Dziennikarz skazany za ujawnianie skandalu grodzkiego \u2013 s\u0105d powo\u0142uje si\u0119 na by\u0142ego stalinowskiego funkcjonariusza UB jako g\u0142\u00f3wnego \u015bwiadka - POGOTOWIE FLAGOWE\u00ae\" \/>\n<meta property=\"og:description\" content=\"S\u0105d Rejonowy dla m.st. Warszawy uzna\u0142 redaktora Tomasza Duklanowskiego za winnego znies\u0142awienia w zwi\u0105zku z ujawnieniem tzw. afery kopertowej. Podstaw\u0105\" \/>\n<meta property=\"og:url\" content=\"https:\/\/www.pogotowieflagowe.pl\/aktualne\/dziennikarz-skazany-za-ujawnianie-skandalu-grodzkiego-sad-powoluje-sie-na-bylego-stalinowskiego-funkcjonariusza-ub-jako-glownego-swiadka\/\" \/>\n<meta property=\"og:site_name\" content=\"POGOTOWIE FLAGOWE\u00ae\" \/>\n<meta property=\"article:published_time\" content=\"2025-10-25T20:57:02+00:00\" \/>\n<meta property=\"article:modified_time\" content=\"2025-10-25T20:57:03+00:00\" \/>\n<meta property=\"og:image\" content=\"https:\/\/www.pogotowieflagowe.pl\/aktualne\/wp-content\/uploads\/2025\/10\/Dziennikarz-skazany-za-ujawnianie-skandalu-grodzkiego-\u2013-sad-powoluje-sie.webp.webp\" \/>\n\t<meta property=\"og:image:width\" content=\"1280\" \/>\n\t<meta property=\"og:image:height\" content=\"720\" \/>\n\t<meta property=\"og:image:type\" content=\"image\/webp\" \/>\n<meta name=\"author\" content=\"Filip\" \/>\n<meta name=\"twitter:card\" content=\"summary_large_image\" \/>\n<meta name=\"twitter:label1\" content=\"Napisane przez\" \/>\n\t<meta name=\"twitter:data1\" content=\"Filip\" \/>\n\t<meta name=\"twitter:label2\" content=\"Szacowany czas czytania\" \/>\n\t<meta name=\"twitter:data2\" content=\"2 minuty\" \/>\n<script type=\"application\/ld+json\" class=\"yoast-schema-graph\">{\"@context\":\"https:\/\/schema.org\",\"@graph\":[{\"@type\":\"Article\",\"@id\":\"https:\/\/www.pogotowieflagowe.pl\/aktualne\/dziennikarz-skazany-za-ujawnianie-skandalu-grodzkiego-sad-powoluje-sie-na-bylego-stalinowskiego-funkcjonariusza-ub-jako-glownego-swiadka\/#article\",\"isPartOf\":{\"@id\":\"https:\/\/www.pogotowieflagowe.pl\/aktualne\/dziennikarz-skazany-za-ujawnianie-skandalu-grodzkiego-sad-powoluje-sie-na-bylego-stalinowskiego-funkcjonariusza-ub-jako-glownego-swiadka\/\"},\"author\":{\"name\":\"Filip\",\"@id\":\"https:\/\/www.pogotowieflagowe.pl\/aktualne\/#\/schema\/person\/9c2fb7d2362ebf6fa088960d7f0d27b0\"},\"headline\":\"Dziennikarz skazany za ujawnianie skandalu grodzkiego \u2013 s\u0105d powo\u0142uje si\u0119 na by\u0142ego stalinowskiego funkcjonariusza UB jako g\u0142\u00f3wnego \u015bwiadka\",\"datePublished\":\"2025-10-25T20:57:02+00:00\",\"dateModified\":\"2025-10-25T20:57:03+00:00\",\"mainEntityOfPage\":{\"@id\":\"https:\/\/www.pogotowieflagowe.pl\/aktualne\/dziennikarz-skazany-za-ujawnianie-skandalu-grodzkiego-sad-powoluje-sie-na-bylego-stalinowskiego-funkcjonariusza-ub-jako-glownego-swiadka\/\"},\"wordCount\":434,\"commentCount\":0,\"publisher\":{\"@id\":\"https:\/\/www.pogotowieflagowe.pl\/aktualne\/#organization\"},\"image\":{\"@id\":\"https:\/\/www.pogotowieflagowe.pl\/aktualne\/dziennikarz-skazany-za-ujawnianie-skandalu-grodzkiego-sad-powoluje-sie-na-bylego-stalinowskiego-funkcjonariusza-ub-jako-glownego-swiadka\/#primaryimage\"},\"thumbnailUrl\":\"https:\/\/www.pogotowieflagowe.pl\/aktualne\/wp-content\/uploads\/2025\/10\/Dziennikarz-skazany-za-ujawnianie-skandalu-grodzkiego-\u2013-sad-powoluje-sie.webp.webp\",\"keywords\":[\"by\u0142ego\",\"Dziennikarz\",\"funkcjonariusza\",\"g\u0142\u00f3wnego\",\"Grodzkiego\",\"jako\",\"powo\u0142uje\",\"S\u0105d\",\"si\u0119\",\"skandalu\",\"skazany\",\"stalinowskiego\",\"\u015bwiadka\",\"ujawnianie\"],\"articleSection\":[\"Aktualne\"],\"inLanguage\":\"pl-PL\",\"potentialAction\":[{\"@type\":\"CommentAction\",\"name\":\"Comment\",\"target\":[\"https:\/\/www.pogotowieflagowe.pl\/aktualne\/dziennikarz-skazany-za-ujawnianie-skandalu-grodzkiego-sad-powoluje-sie-na-bylego-stalinowskiego-funkcjonariusza-ub-jako-glownego-swiadka\/#respond\"]}]},{\"@type\":\"WebPage\",\"@id\":\"https:\/\/www.pogotowieflagowe.pl\/aktualne\/dziennikarz-skazany-za-ujawnianie-skandalu-grodzkiego-sad-powoluje-sie-na-bylego-stalinowskiego-funkcjonariusza-ub-jako-glownego-swiadka\/\",\"url\":\"https:\/\/www.pogotowieflagowe.pl\/aktualne\/dziennikarz-skazany-za-ujawnianie-skandalu-grodzkiego-sad-powoluje-sie-na-bylego-stalinowskiego-funkcjonariusza-ub-jako-glownego-swiadka\/\",\"name\":\"Dziennikarz skazany za ujawnianie skandalu grodzkiego \u2013 s\u0105d powo\u0142uje si\u0119 na by\u0142ego stalinowskiego funkcjonariusza UB jako g\u0142\u00f3wnego \u015bwiadka - POGOTOWIE FLAGOWE\u00ae\",\"isPartOf\":{\"@id\":\"https:\/\/www.pogotowieflagowe.pl\/aktualne\/#website\"},\"primaryImageOfPage\":{\"@id\":\"https:\/\/www.pogotowieflagowe.pl\/aktualne\/dziennikarz-skazany-za-ujawnianie-skandalu-grodzkiego-sad-powoluje-sie-na-bylego-stalinowskiego-funkcjonariusza-ub-jako-glownego-swiadka\/#primaryimage\"},\"image\":{\"@id\":\"https:\/\/www.pogotowieflagowe.pl\/aktualne\/dziennikarz-skazany-za-ujawnianie-skandalu-grodzkiego-sad-powoluje-sie-na-bylego-stalinowskiego-funkcjonariusza-ub-jako-glownego-swiadka\/#primaryimage\"},\"thumbnailUrl\":\"https:\/\/www.pogotowieflagowe.pl\/aktualne\/wp-content\/uploads\/2025\/10\/Dziennikarz-skazany-za-ujawnianie-skandalu-grodzkiego-\u2013-sad-powoluje-sie.webp.webp\",\"datePublished\":\"2025-10-25T20:57:02+00:00\",\"dateModified\":\"2025-10-25T20:57:03+00:00\",\"breadcrumb\":{\"@id\":\"https:\/\/www.pogotowieflagowe.pl\/aktualne\/dziennikarz-skazany-za-ujawnianie-skandalu-grodzkiego-sad-powoluje-sie-na-bylego-stalinowskiego-funkcjonariusza-ub-jako-glownego-swiadka\/#breadcrumb\"},\"inLanguage\":\"pl-PL\",\"potentialAction\":[{\"@type\":\"ReadAction\",\"target\":[\"https:\/\/www.pogotowieflagowe.pl\/aktualne\/dziennikarz-skazany-za-ujawnianie-skandalu-grodzkiego-sad-powoluje-sie-na-bylego-stalinowskiego-funkcjonariusza-ub-jako-glownego-swiadka\/\"]}]},{\"@type\":\"ImageObject\",\"inLanguage\":\"pl-PL\",\"@id\":\"https:\/\/www.pogotowieflagowe.pl\/aktualne\/dziennikarz-skazany-za-ujawnianie-skandalu-grodzkiego-sad-powoluje-sie-na-bylego-stalinowskiego-funkcjonariusza-ub-jako-glownego-swiadka\/#primaryimage\",\"url\":\"https:\/\/www.pogotowieflagowe.pl\/aktualne\/wp-content\/uploads\/2025\/10\/Dziennikarz-skazany-za-ujawnianie-skandalu-grodzkiego-\u2013-sad-powoluje-sie.webp.webp\",\"contentUrl\":\"https:\/\/www.pogotowieflagowe.pl\/aktualne\/wp-content\/uploads\/2025\/10\/Dziennikarz-skazany-za-ujawnianie-skandalu-grodzkiego-\u2013-sad-powoluje-sie.webp.webp\",\"width\":1280,\"height\":720,\"caption\":\"Dziennikarz skazany za ujawnianie skandalu grodzkiego \u2013 s\u0105d powo\u0142uje si\u0119 na by\u0142ego stalinowskiego funkcjonariusza UB jako g\u0142\u00f3wnego \u015bwiadka\"},{\"@type\":\"BreadcrumbList\",\"@id\":\"https:\/\/www.pogotowieflagowe.pl\/aktualne\/dziennikarz-skazany-za-ujawnianie-skandalu-grodzkiego-sad-powoluje-sie-na-bylego-stalinowskiego-funkcjonariusza-ub-jako-glownego-swiadka\/#breadcrumb\",\"itemListElement\":[{\"@type\":\"ListItem\",\"position\":1,\"name\":\"Home\",\"item\":\"https:\/\/www.pogotowieflagowe.pl\/aktualne\/\"},{\"@type\":\"ListItem\",\"position\":2,\"name\":\"Dziennikarz skazany za ujawnianie skandalu grodzkiego \u2013 s\u0105d powo\u0142uje si\u0119 na by\u0142ego stalinowskiego funkcjonariusza UB jako g\u0142\u00f3wnego \u015bwiadka\"}]},{\"@type\":\"WebSite\",\"@id\":\"https:\/\/www.pogotowieflagowe.pl\/aktualne\/#website\",\"url\":\"https:\/\/www.pogotowieflagowe.pl\/aktualne\/\",\"name\":\"POGOTOWIE FLAGOWE\u00ae\",\"description\":\"\",\"publisher\":{\"@id\":\"https:\/\/www.pogotowieflagowe.pl\/aktualne\/#organization\"},\"potentialAction\":[{\"@type\":\"SearchAction\",\"target\":{\"@type\":\"EntryPoint\",\"urlTemplate\":\"https:\/\/www.pogotowieflagowe.pl\/aktualne\/?s={search_term_string}\"},\"query-input\":\"required name=search_term_string\"}],\"inLanguage\":\"pl-PL\"},{\"@type\":\"Organization\",\"@id\":\"https:\/\/www.pogotowieflagowe.pl\/aktualne\/#organization\",\"name\":\"POGOTOWIE FLAGOWE\u00ae\",\"url\":\"https:\/\/www.pogotowieflagowe.pl\/aktualne\/\",\"logo\":{\"@type\":\"ImageObject\",\"inLanguage\":\"pl-PL\",\"@id\":\"https:\/\/www.pogotowieflagowe.pl\/aktualne\/#\/schema\/logo\/image\/\",\"url\":\"https:\/\/www.pogotowieflagowe.pl\/aktualne\/wp-content\/uploads\/2024\/08\/cropped-pogotowieflagowe_flaga_projekt_sm.jpg\",\"contentUrl\":\"https:\/\/www.pogotowieflagowe.pl\/aktualne\/wp-content\/uploads\/2024\/08\/cropped-pogotowieflagowe_flaga_projekt_sm.jpg\",\"width\":250,\"height\":143,\"caption\":\"POGOTOWIE FLAGOWE\u00ae\"},\"image\":{\"@id\":\"https:\/\/www.pogotowieflagowe.pl\/aktualne\/#\/schema\/logo\/image\/\"}},{\"@type\":\"Person\",\"@id\":\"https:\/\/www.pogotowieflagowe.pl\/aktualne\/#\/schema\/person\/9c2fb7d2362ebf6fa088960d7f0d27b0\",\"name\":\"Filip\",\"image\":{\"@type\":\"ImageObject\",\"inLanguage\":\"pl-PL\",\"@id\":\"https:\/\/www.pogotowieflagowe.pl\/aktualne\/#\/schema\/person\/image\/\",\"url\":\"https:\/\/www.pogotowieflagowe.pl\/aktualne\/wp-content\/uploads\/2024\/08\/pogotowieflagowe.pl_.jpg\",\"contentUrl\":\"https:\/\/www.pogotowieflagowe.pl\/aktualne\/wp-content\/uploads\/2024\/08\/pogotowieflagowe.pl_.jpg\",\"caption\":\"Filip\"},\"description\":\"Jestem Filip, polski dziennikarz z dyplomem nauk politycznych Uniwersytetu Warszawskiego. Rozpoczynaj\u0105c swoj\u0105 karier\u0119 w r\u00f3\u017cnych lokalnych mediach, zdoby\u0142em solidne do\u015bwiadczenie w zakresie \u015bledztwa i redakcji. Obecnie jako redaktor w Pogotowie flagowe, staram si\u0119 dostarcza\u0107 dog\u0142\u0119bne i istotne analizy na temat najwa\u017cniejszych kwestii aktualno\u015bci, \u0142\u0105cz\u0105c rygor z pasj\u0105 dziennikarsk\u0105.\",\"sameAs\":[\"https:\/\/www.pogotowieflagowe.pl\/\"]}]}<\/script>\n<!-- \/ Yoast SEO plugin. -->","yoast_head_json":{"title":"Dziennikarz skazany za ujawnianie skandalu grodzkiego \u2013 s\u0105d powo\u0142uje si\u0119 na by\u0142ego stalinowskiego funkcjonariusza UB jako g\u0142\u00f3wnego \u015bwiadka - POGOTOWIE FLAGOWE\u00ae","robots":{"index":"index","follow":"follow","max-snippet":"max-snippet:-1","max-image-preview":"max-image-preview:large","max-video-preview":"max-video-preview:-1"},"canonical":"https:\/\/www.pogotowieflagowe.pl\/aktualne\/dziennikarz-skazany-za-ujawnianie-skandalu-grodzkiego-sad-powoluje-sie-na-bylego-stalinowskiego-funkcjonariusza-ub-jako-glownego-swiadka\/","og_locale":"pl_PL","og_type":"article","og_title":"Dziennikarz skazany za ujawnianie skandalu grodzkiego \u2013 s\u0105d powo\u0142uje si\u0119 na by\u0142ego stalinowskiego funkcjonariusza UB jako g\u0142\u00f3wnego \u015bwiadka - POGOTOWIE FLAGOWE\u00ae","og_description":"S\u0105d Rejonowy dla m.st. Warszawy uzna\u0142 redaktora Tomasza Duklanowskiego za winnego znies\u0142awienia w zwi\u0105zku z ujawnieniem tzw. afery kopertowej. Podstaw\u0105","og_url":"https:\/\/www.pogotowieflagowe.pl\/aktualne\/dziennikarz-skazany-za-ujawnianie-skandalu-grodzkiego-sad-powoluje-sie-na-bylego-stalinowskiego-funkcjonariusza-ub-jako-glownego-swiadka\/","og_site_name":"POGOTOWIE FLAGOWE\u00ae","article_published_time":"2025-10-25T20:57:02+00:00","article_modified_time":"2025-10-25T20:57:03+00:00","og_image":[{"width":1280,"height":720,"url":"https:\/\/www.pogotowieflagowe.pl\/aktualne\/wp-content\/uploads\/2025\/10\/Dziennikarz-skazany-za-ujawnianie-skandalu-grodzkiego-\u2013-sad-powoluje-sie.webp.webp","type":"image\/webp"}],"author":"Filip","twitter_card":"summary_large_image","twitter_misc":{"Napisane przez":"Filip","Szacowany czas czytania":"2 minuty"},"schema":{"@context":"https:\/\/schema.org","@graph":[{"@type":"Article","@id":"https:\/\/www.pogotowieflagowe.pl\/aktualne\/dziennikarz-skazany-za-ujawnianie-skandalu-grodzkiego-sad-powoluje-sie-na-bylego-stalinowskiego-funkcjonariusza-ub-jako-glownego-swiadka\/#article","isPartOf":{"@id":"https:\/\/www.pogotowieflagowe.pl\/aktualne\/dziennikarz-skazany-za-ujawnianie-skandalu-grodzkiego-sad-powoluje-sie-na-bylego-stalinowskiego-funkcjonariusza-ub-jako-glownego-swiadka\/"},"author":{"name":"Filip","@id":"https:\/\/www.pogotowieflagowe.pl\/aktualne\/#\/schema\/person\/9c2fb7d2362ebf6fa088960d7f0d27b0"},"headline":"Dziennikarz skazany za ujawnianie skandalu grodzkiego \u2013 s\u0105d powo\u0142uje si\u0119 na by\u0142ego stalinowskiego funkcjonariusza UB jako g\u0142\u00f3wnego \u015bwiadka","datePublished":"2025-10-25T20:57:02+00:00","dateModified":"2025-10-25T20:57:03+00:00","mainEntityOfPage":{"@id":"https:\/\/www.pogotowieflagowe.pl\/aktualne\/dziennikarz-skazany-za-ujawnianie-skandalu-grodzkiego-sad-powoluje-sie-na-bylego-stalinowskiego-funkcjonariusza-ub-jako-glownego-swiadka\/"},"wordCount":434,"commentCount":0,"publisher":{"@id":"https:\/\/www.pogotowieflagowe.pl\/aktualne\/#organization"},"image":{"@id":"https:\/\/www.pogotowieflagowe.pl\/aktualne\/dziennikarz-skazany-za-ujawnianie-skandalu-grodzkiego-sad-powoluje-sie-na-bylego-stalinowskiego-funkcjonariusza-ub-jako-glownego-swiadka\/#primaryimage"},"thumbnailUrl":"https:\/\/www.pogotowieflagowe.pl\/aktualne\/wp-content\/uploads\/2025\/10\/Dziennikarz-skazany-za-ujawnianie-skandalu-grodzkiego-\u2013-sad-powoluje-sie.webp.webp","keywords":["by\u0142ego","Dziennikarz","funkcjonariusza","g\u0142\u00f3wnego","Grodzkiego","jako","powo\u0142uje","S\u0105d","si\u0119","skandalu","skazany","stalinowskiego","\u015bwiadka","ujawnianie"],"articleSection":["Aktualne"],"inLanguage":"pl-PL","potentialAction":[{"@type":"CommentAction","name":"Comment","target":["https:\/\/www.pogotowieflagowe.pl\/aktualne\/dziennikarz-skazany-za-ujawnianie-skandalu-grodzkiego-sad-powoluje-sie-na-bylego-stalinowskiego-funkcjonariusza-ub-jako-glownego-swiadka\/#respond"]}]},{"@type":"WebPage","@id":"https:\/\/www.pogotowieflagowe.pl\/aktualne\/dziennikarz-skazany-za-ujawnianie-skandalu-grodzkiego-sad-powoluje-sie-na-bylego-stalinowskiego-funkcjonariusza-ub-jako-glownego-swiadka\/","url":"https:\/\/www.pogotowieflagowe.pl\/aktualne\/dziennikarz-skazany-za-ujawnianie-skandalu-grodzkiego-sad-powoluje-sie-na-bylego-stalinowskiego-funkcjonariusza-ub-jako-glownego-swiadka\/","name":"Dziennikarz skazany za ujawnianie skandalu grodzkiego \u2013 s\u0105d powo\u0142uje si\u0119 na by\u0142ego stalinowskiego funkcjonariusza UB jako g\u0142\u00f3wnego \u015bwiadka - POGOTOWIE FLAGOWE\u00ae","isPartOf":{"@id":"https:\/\/www.pogotowieflagowe.pl\/aktualne\/#website"},"primaryImageOfPage":{"@id":"https:\/\/www.pogotowieflagowe.pl\/aktualne\/dziennikarz-skazany-za-ujawnianie-skandalu-grodzkiego-sad-powoluje-sie-na-bylego-stalinowskiego-funkcjonariusza-ub-jako-glownego-swiadka\/#primaryimage"},"image":{"@id":"https:\/\/www.pogotowieflagowe.pl\/aktualne\/dziennikarz-skazany-za-ujawnianie-skandalu-grodzkiego-sad-powoluje-sie-na-bylego-stalinowskiego-funkcjonariusza-ub-jako-glownego-swiadka\/#primaryimage"},"thumbnailUrl":"https:\/\/www.pogotowieflagowe.pl\/aktualne\/wp-content\/uploads\/2025\/10\/Dziennikarz-skazany-za-ujawnianie-skandalu-grodzkiego-\u2013-sad-powoluje-sie.webp.webp","datePublished":"2025-10-25T20:57:02+00:00","dateModified":"2025-10-25T20:57:03+00:00","breadcrumb":{"@id":"https:\/\/www.pogotowieflagowe.pl\/aktualne\/dziennikarz-skazany-za-ujawnianie-skandalu-grodzkiego-sad-powoluje-sie-na-bylego-stalinowskiego-funkcjonariusza-ub-jako-glownego-swiadka\/#breadcrumb"},"inLanguage":"pl-PL","potentialAction":[{"@type":"ReadAction","target":["https:\/\/www.pogotowieflagowe.pl\/aktualne\/dziennikarz-skazany-za-ujawnianie-skandalu-grodzkiego-sad-powoluje-sie-na-bylego-stalinowskiego-funkcjonariusza-ub-jako-glownego-swiadka\/"]}]},{"@type":"ImageObject","inLanguage":"pl-PL","@id":"https:\/\/www.pogotowieflagowe.pl\/aktualne\/dziennikarz-skazany-za-ujawnianie-skandalu-grodzkiego-sad-powoluje-sie-na-bylego-stalinowskiego-funkcjonariusza-ub-jako-glownego-swiadka\/#primaryimage","url":"https:\/\/www.pogotowieflagowe.pl\/aktualne\/wp-content\/uploads\/2025\/10\/Dziennikarz-skazany-za-ujawnianie-skandalu-grodzkiego-\u2013-sad-powoluje-sie.webp.webp","contentUrl":"https:\/\/www.pogotowieflagowe.pl\/aktualne\/wp-content\/uploads\/2025\/10\/Dziennikarz-skazany-za-ujawnianie-skandalu-grodzkiego-\u2013-sad-powoluje-sie.webp.webp","width":1280,"height":720,"caption":"Dziennikarz skazany za ujawnianie skandalu grodzkiego \u2013 s\u0105d powo\u0142uje si\u0119 na by\u0142ego stalinowskiego funkcjonariusza UB jako g\u0142\u00f3wnego \u015bwiadka"},{"@type":"BreadcrumbList","@id":"https:\/\/www.pogotowieflagowe.pl\/aktualne\/dziennikarz-skazany-za-ujawnianie-skandalu-grodzkiego-sad-powoluje-sie-na-bylego-stalinowskiego-funkcjonariusza-ub-jako-glownego-swiadka\/#breadcrumb","itemListElement":[{"@type":"ListItem","position":1,"name":"Home","item":"https:\/\/www.pogotowieflagowe.pl\/aktualne\/"},{"@type":"ListItem","position":2,"name":"Dziennikarz skazany za ujawnianie skandalu grodzkiego \u2013 s\u0105d powo\u0142uje si\u0119 na by\u0142ego stalinowskiego funkcjonariusza UB jako g\u0142\u00f3wnego \u015bwiadka"}]},{"@type":"WebSite","@id":"https:\/\/www.pogotowieflagowe.pl\/aktualne\/#website","url":"https:\/\/www.pogotowieflagowe.pl\/aktualne\/","name":"POGOTOWIE FLAGOWE\u00ae","description":"","publisher":{"@id":"https:\/\/www.pogotowieflagowe.pl\/aktualne\/#organization"},"potentialAction":[{"@type":"SearchAction","target":{"@type":"EntryPoint","urlTemplate":"https:\/\/www.pogotowieflagowe.pl\/aktualne\/?s={search_term_string}"},"query-input":"required name=search_term_string"}],"inLanguage":"pl-PL"},{"@type":"Organization","@id":"https:\/\/www.pogotowieflagowe.pl\/aktualne\/#organization","name":"POGOTOWIE FLAGOWE\u00ae","url":"https:\/\/www.pogotowieflagowe.pl\/aktualne\/","logo":{"@type":"ImageObject","inLanguage":"pl-PL","@id":"https:\/\/www.pogotowieflagowe.pl\/aktualne\/#\/schema\/logo\/image\/","url":"https:\/\/www.pogotowieflagowe.pl\/aktualne\/wp-content\/uploads\/2024\/08\/cropped-pogotowieflagowe_flaga_projekt_sm.jpg","contentUrl":"https:\/\/www.pogotowieflagowe.pl\/aktualne\/wp-content\/uploads\/2024\/08\/cropped-pogotowieflagowe_flaga_projekt_sm.jpg","width":250,"height":143,"caption":"POGOTOWIE FLAGOWE\u00ae"},"image":{"@id":"https:\/\/www.pogotowieflagowe.pl\/aktualne\/#\/schema\/logo\/image\/"}},{"@type":"Person","@id":"https:\/\/www.pogotowieflagowe.pl\/aktualne\/#\/schema\/person\/9c2fb7d2362ebf6fa088960d7f0d27b0","name":"Filip","image":{"@type":"ImageObject","inLanguage":"pl-PL","@id":"https:\/\/www.pogotowieflagowe.pl\/aktualne\/#\/schema\/person\/image\/","url":"https:\/\/www.pogotowieflagowe.pl\/aktualne\/wp-content\/uploads\/2024\/08\/pogotowieflagowe.pl_.jpg","contentUrl":"https:\/\/www.pogotowieflagowe.pl\/aktualne\/wp-content\/uploads\/2024\/08\/pogotowieflagowe.pl_.jpg","caption":"Filip"},"description":"Jestem Filip, polski dziennikarz z dyplomem nauk politycznych Uniwersytetu Warszawskiego. Rozpoczynaj\u0105c swoj\u0105 karier\u0119 w r\u00f3\u017cnych lokalnych mediach, zdoby\u0142em solidne do\u015bwiadczenie w zakresie \u015bledztwa i redakcji. Obecnie jako redaktor w Pogotowie flagowe, staram si\u0119 dostarcza\u0107 dog\u0142\u0119bne i istotne analizy na temat najwa\u017cniejszych kwestii aktualno\u015bci, \u0142\u0105cz\u0105c rygor z pasj\u0105 dziennikarsk\u0105.","sameAs":["https:\/\/www.pogotowieflagowe.pl\/"]}]}},"_links":{"self":[{"href":"https:\/\/www.pogotowieflagowe.pl\/aktualne\/wp-json\/wp\/v2\/posts\/9814","targetHints":{"allow":["GET"]}}],"collection":[{"href":"https:\/\/www.pogotowieflagowe.pl\/aktualne\/wp-json\/wp\/v2\/posts"}],"about":[{"href":"https:\/\/www.pogotowieflagowe.pl\/aktualne\/wp-json\/wp\/v2\/types\/post"}],"author":[{"embeddable":true,"href":"https:\/\/www.pogotowieflagowe.pl\/aktualne\/wp-json\/wp\/v2\/users\/1"}],"replies":[{"embeddable":true,"href":"https:\/\/www.pogotowieflagowe.pl\/aktualne\/wp-json\/wp\/v2\/comments?post=9814"}],"version-history":[{"count":1,"href":"https:\/\/www.pogotowieflagowe.pl\/aktualne\/wp-json\/wp\/v2\/posts\/9814\/revisions"}],"predecessor-version":[{"id":9816,"href":"https:\/\/www.pogotowieflagowe.pl\/aktualne\/wp-json\/wp\/v2\/posts\/9814\/revisions\/9816"}],"wp:featuredmedia":[{"embeddable":true,"href":"https:\/\/www.pogotowieflagowe.pl\/aktualne\/wp-json\/wp\/v2\/media\/9815"}],"wp:attachment":[{"href":"https:\/\/www.pogotowieflagowe.pl\/aktualne\/wp-json\/wp\/v2\/media?parent=9814"}],"wp:term":[{"taxonomy":"category","embeddable":true,"href":"https:\/\/www.pogotowieflagowe.pl\/aktualne\/wp-json\/wp\/v2\/categories?post=9814"},{"taxonomy":"post_tag","embeddable":true,"href":"https:\/\/www.pogotowieflagowe.pl\/aktualne\/wp-json\/wp\/v2\/tags?post=9814"}],"curies":[{"name":"wp","href":"https:\/\/api.w.org\/{rel}","templated":true}]}}