{"id":9826,"date":"2025-10-26T14:13:18","date_gmt":"2025-10-26T13:13:18","guid":{"rendered":"https:\/\/www.pogotowieflagowe.pl\/aktualne\/niemcy-powaznie-nasilaja-deportacje-cudzoziemcow-tysiace-wypedzonych\/"},"modified":"2025-10-26T14:13:19","modified_gmt":"2025-10-26T13:13:19","slug":"niemcy-powaznie-nasilaja-deportacje-cudzoziemcow-tysiace-wypedzonych","status":"publish","type":"post","link":"https:\/\/www.pogotowieflagowe.pl\/aktualne\/niemcy-powaznie-nasilaja-deportacje-cudzoziemcow-tysiace-wypedzonych\/","title":{"rendered":"Niemcy powa\u017cnie nasilaj\u0105 deportacj\u0119 cudzoziemc\u00f3w. Tysi\u0105ce wyp\u0119dzonych"},"content":{"rendered":"\n<div class=\"td_block_wrap tdb_single_content tdi_41 td-pb-border-top td_block_template_8 td-post-content tagdiv-type\" data-td-block-uid=\"tdi_41\">\n<style>.tdi_41{margines-top:0px!important;margin-bottom:0px!important;dope\u0142nienie-g\u00f3ra:0px!important;dope\u0142nienie-d\u00f3\u0142:0px!important}<\/style>\n<style>.tdb_single_content{margin-bottom:0;*zoom:1}.tdb_single_content:before,.tdb_single_content:after{display:table;content:'';line-height:0}.tdb_single_content:after{clear:both}.tdb_single_content .tdb-block-inner>*:not(.wp-block-quote):not(.alignwide):not(.alignfull.wp-block-cover.has-parallax):not(.td-a-ad){margin-left:auto;margin-right:auto}.tdb_single_content a{pointer-events:auto}.tdb_single_content .td-spot-id-top_ad .tdc-placeholder-title:before{content:'Article Top Ad'!important}.tdb_single_content .td-spot-id-inline_ad0 .tdc-placeholder-title:before{content:'Article Reklama wbudowana 1'!important}.tdb_single_content .td-spot-id-inline_ad1 .tdc-placeholder-title:before{content:'Reklama wbudowana w artyku\u0142 2'!important}.tdb_single_content .td-spot-id-inline_ad2 .tdc-placeholder-title:before{content:'Reklama w tek\u015bcie artyku\u0142u 3'!important}.tdb_single_content .td-spot-id-bottom_ad .tdc-placeholder-title:before{content:'Article Bottom Ad'!important}.tdb_single_content .id_top_ad,.tdb_single_content .id_bottom_ad{clear:both;margin-bottom:21px;text-align:center}.tdb_single_content .id_top_ad img,.tdb_single_content .id_bottom_ad img{margin-bottom:0}.tdb_single_content .id_top_ad .adsbygoogle,.tdb_single_content .id_bottom_ad .adsbygoogle{position:relative}.tdb_single_content .id_ad_content-horiz-left,.tdb_single_content .id_ad_content-horiz-right,.tdb_single_content .id_ad_content-horiz-center{margin-bottom:15px}.tdb_single_content .id_ad_content-horiz-left img,.tdb_single_content .id_ad_content-horiz-right img,.tdb_single_content .id_ad_content-horiz-center img{margin-bottom:0}.tdb_single_content .id_ad_content-horiz-center{text-align:center}.tdb_single_content .id_ad_content-horiz-center img{margin-right:auto;margin-left:auto}.tdb_single_content .id_ad_content-horiz-left{float:left;margin-top:9px;margin-right:21px}.tdb_single_content .id_ad_content-horiz-right{float:right;margin-top:6px;margin-left:21px}.tdb_single_content .tdc-a-ad .tdc-placeholder-title{width:300px;height:250px}.tdb_single_content .tdc-a-ad .tdc-placeholder-title:before{position:absolute;top:50%;-webkit-transform:translateY(-50%);transform:translateY(-50%);margin:auto;display:table;width:100%}.tdb_single_content .tdb-block-inner.td-fix-index{word-break:break-word}.tdi_41,.tdi_41>p,.tdi_41 .tdb-block-inner>p,.wp-block-column>p{font-size:16px!important;line-height:1.6!important}.tdi_41 .tdb-block-inner cytat blokowy p{font-style:normal!important}@media (max-width:767px){.tdb_single_content .id_ad_content-horiz-left,.tdb_single_content .id_ad_content-horiz-right,.tdb_single_content .id_ad_content-horiz-center{margin:0 auto 26 pikseli auto}}@media (max-width:767px){.tdb_single_content .id_ad_content-horiz-left{margin-right:0}}@media (max-width:767px){.tdb_single_content .id_ad_content-horiz-right{margin-left:0}}@media (max-width:767px){.tdb_single_content .td-a-ad{float:none;text-align:center}.tdb_single_content .td-a-ad img{margin-right:auto;margin-left:auto}.tdb_single_content .tdc-a-ad{float:none}}<\/style>\n<div class=\"tdb-block-inner td-fix-index\">\n<p>Od stycznia do wrze\u015bnia deportowano ok. 17,6 tys. os\u00f3b, o ok. 2,9 tys. wi\u0119cej ni\u017c w tym samym okresie ubieg\u0142ego roku. Jak podaje raport, niemieckie kraje zwi\u0105zkowe nalegaj\u0105 na bardziej konsekwentne deportacje, w tym do Afganistanu i Syrii <em>Die Welt<\/em>.<\/p>\n<h2 class=\"wp-block-heading\">Niemcy masowo wydalaj\u0105 cudzoziemc\u00f3w<\/h2>\n<p>Od stycznia do wrze\u015bnia tego roku 17 651 os\u00f3b zosta\u0142o deportowanych do kraj\u00f3w pochodzenia \u2013 poda\u0142o niemieckie Ministerstwo Spraw Wewn\u0119trznych w odpowiedzi na zapytanie Ministerstwa Spraw Wewn\u0119trznych. <em>Lewy<\/em> grupa parlamentarna. Prawie co pi\u0105ty deportowany (3095) by\u0142 dzieckiem lub nastolatkiem.<\/p>\n<p>W pierwszych trzech kwarta\u0142ach 2024 r. liczba deportacji wynios\u0142a 14 706 os\u00f3b. W tym samym okresie 2023 r. odnotowano 12 042 przypadki, a w 2022 r. \u2013 9567.<\/p>\n<p>Z odpowiedzi rz\u0105du wynika, \u017ce \u200b\u200bw tym roku najcz\u0119\u015bciej deportowanymi byli obywatele Turcji i Gruzji \u2013 odpowiednio 1614 i 1379 os\u00f3b. W \u015blad za nimi uplasowa\u0142y si\u0119 takie kraje, jak Hiszpania, Francja, Serbia, Bu\u0142garia i Albania. Jako pierwsza o tym poinformowa\u0142a gazeta <em>Neue Osnabr\u00fccker Zeitung<\/em>.<\/p>\n<p>Znacz\u0105cy wzrost deportacji wynika z aktywnych dzia\u0142a\u0144 ministra spraw wewn\u0119trznych Alexandra Dobrindta (CSU) oraz realizacji porozumienia koalicyjnego pomi\u0119dzy chadekami i socjaldemokratami. Koalicja CDU\/CSU i SPD zamierza m.in. wyeliminowa\u0107 obowi\u0105zkowego adwokata podczas zatrzyma\u0144 w zwi\u0105zku z wydaleniem. Policja otrzyma wi\u0119ksze uprawnienia, a osoby uznane za zagro\u017cenie lub sprawc\u00f3w powa\u017cnych przest\u0119pstw b\u0119d\u0105 mog\u0142y by\u0107 umieszczane w areszcie tymczasowym do czasu wydalenia. Wi\u0105\u017ce si\u0119 to tak\u017ce z planowanym znacz\u0105cym zwi\u0119kszeniem liczby miejsc w o\u015brodkach deportacyjnych.<\/p>\n<h2 class=\"wp-block-heading\">Deportacje tak\u017ce do Syrii i Afganistanu<\/h2>\n<p>Clara B\u00fcnger, cz\u0142onkini <em>Lewy<\/em> partia ostro skrytykowa\u0142a obecn\u0105 sytuacj\u0119, nazywaj\u0105c j\u0105 konsekwencj\u0105 nieludzkiej polityki. <strong>\u201eW\u0142adze nie maj\u0105 ju\u017c prawie \u017cadnych zastrze\u017ce\u0144, je\u015bli chodzi o zwi\u0119kszenie liczby deportacji<strong>\u201e<\/strong><\/strong>powiedzia\u0142a.<\/p>\n<p>B\u00fcnger przypomnia\u0142, \u017ce w Turcji <strong><strong>\u201e<\/strong>lewacy, Kurdowie i cz\u0142onkowie opozycji s\u0105 represjonowani<strong>\u201e<\/strong><\/strong>jednak\u017ce rz\u0105d niemiecki nie widzi przeszk\u00f3d w wysy\u0142aniu tam ludzi. <strong><strong>\u201e<\/strong>Polityka ta podwa\u017ca godno\u015b\u0107 ludzk\u0105, sieje strach w\u015br\u00f3d os\u00f3b o niepewnym statusie pobytowym i w \u017caden spos\u00f3b nie czyni \u017cycia w Niemczech lepszym ani bezpieczniejszym<strong>\u201e<\/strong><\/strong>\u2013 podkre\u015bli\u0142 B\u00fcnger.<\/p>\n<p>Tymczasem niemieckie kraje zwi\u0105zkowe jednomy\u015blnie popieraj\u0105 deportacje do Afganistanu i Syrii, promowane przez ministra spraw wewn\u0119trznych Alexandra Dobrindta (CSU). Wzywaj\u0105 rz\u0105d federalny do regularnych deportacji przest\u0119pc\u00f3w i os\u00f3b stwarzaj\u0105cych potencjalne zagro\u017cenie dla Afganistanu i Syrii, zgodnie z uchwa\u0142\u0105 przyj\u0119t\u0105 w pi\u0105tek przez Rad\u0119 ds. <em>Konferencja Premier\u00f3w<\/em> (MPK) w Moguncji.<\/p>\n<p>We wrze\u015bniu portal <em>Wiadomo\u015bci Euro<\/em> poda\u0142o, \u017ce w Unii Europejskiej przebywa oko\u0142o 1,3 mln syryjskich uchod\u017ac\u00f3w lub os\u00f3b ubiegaj\u0105cych si\u0119 o azyl, g\u0142\u00f3wnie w Niemczech, Szwecji i Austrii. Ch\u0119\u0107 wyjazdu Syryjczyk\u00f3w mieszkaj\u0105cych w Europie jest bardzo niska.<\/p>\n<p>W sierpniu niemieckie Ministerstwo Spraw Wewn\u0119trznych poinformowa\u0142o, \u017ce od obalenia prezydenta Bashara al-Assada w grudniu ubieg\u0142ego roku jedynie 1337 Syryjczyk\u00f3w mieszkaj\u0105cych w Niemczech wr\u00f3ci\u0142o do Syrii w ramach dobrowolnych oficjalnych program\u00f3w.<\/p>\n<\/div>\n<\/div>\n","protected":false},"excerpt":{"rendered":"<p>Od stycznia do wrze\u015bnia deportowano ok. 17,6 tys. os\u00f3b, o ok. 2,9 tys. wi\u0119cej ni\u017c w tym samym okresie ubieg\u0142ego<\/p>\n","protected":false},"author":1,"featured_media":9827,"comment_status":"open","ping_status":"open","sticky":false,"template":"","format":"standard","meta":{"footnotes":""},"categories":[44],"tags":[8075,1007,2466,30,5295,216,11337],"class_list":["post-9826","post","type-post","status-publish","format-standard","has-post-thumbnail","hentry","category-polityka","tag-cudzoziemcow","tag-deportacje","tag-nasilaja","tag-niemcy","tag-powaznie","tag-tysiace","tag-wypedzonych","generate-columns","tablet-grid-50","mobile-grid-100","grid-parent","grid-50","resize-featured-image"],"yoast_head":"<!-- This site is optimized with the Yoast SEO plugin v23.2 - https:\/\/yoast.com\/wordpress\/plugins\/seo\/ -->\n<title>Niemcy powa\u017cnie nasilaj\u0105 deportacj\u0119 cudzoziemc\u00f3w. Tysi\u0105ce wyp\u0119dzonych - POGOTOWIE FLAGOWE\u00ae<\/title>\n<meta name=\"robots\" content=\"index, follow, max-snippet:-1, max-image-preview:large, max-video-preview:-1\" \/>\n<link rel=\"canonical\" href=\"https:\/\/www.pogotowieflagowe.pl\/aktualne\/niemcy-powaznie-nasilaja-deportacje-cudzoziemcow-tysiace-wypedzonych\/\" \/>\n<meta property=\"og:locale\" content=\"pl_PL\" \/>\n<meta property=\"og:type\" content=\"article\" \/>\n<meta property=\"og:title\" content=\"Niemcy powa\u017cnie nasilaj\u0105 deportacj\u0119 cudzoziemc\u00f3w. Tysi\u0105ce wyp\u0119dzonych - POGOTOWIE FLAGOWE\u00ae\" \/>\n<meta property=\"og:description\" content=\"Od stycznia do wrze\u015bnia deportowano ok. 17,6 tys. os\u00f3b, o ok. 2,9 tys. wi\u0119cej ni\u017c w tym samym okresie ubieg\u0142ego\" \/>\n<meta property=\"og:url\" content=\"https:\/\/www.pogotowieflagowe.pl\/aktualne\/niemcy-powaznie-nasilaja-deportacje-cudzoziemcow-tysiace-wypedzonych\/\" \/>\n<meta property=\"og:site_name\" content=\"POGOTOWIE FLAGOWE\u00ae\" \/>\n<meta property=\"article:published_time\" content=\"2025-10-26T13:13:18+00:00\" \/>\n<meta property=\"article:modified_time\" content=\"2025-10-26T13:13:19+00:00\" \/>\n<meta property=\"og:image\" content=\"https:\/\/www.pogotowieflagowe.pl\/aktualne\/wp-content\/uploads\/2025\/10\/Niemcy-powaznie-nasilaja-deportacje-cudzoziemcow-Tysiace-wypedzonych.jpg\" \/>\n\t<meta property=\"og:image:width\" content=\"1200\" \/>\n\t<meta property=\"og:image:height\" content=\"675\" \/>\n\t<meta property=\"og:image:type\" content=\"image\/jpeg\" \/>\n<meta name=\"author\" content=\"Filip\" \/>\n<meta name=\"twitter:card\" content=\"summary_large_image\" \/>\n<meta name=\"twitter:label1\" content=\"Napisane przez\" \/>\n\t<meta name=\"twitter:data1\" content=\"Filip\" \/>\n\t<meta name=\"twitter:label2\" content=\"Szacowany czas czytania\" \/>\n\t<meta name=\"twitter:data2\" content=\"3 minuty\" \/>\n<script type=\"application\/ld+json\" class=\"yoast-schema-graph\">{\"@context\":\"https:\/\/schema.org\",\"@graph\":[{\"@type\":\"Article\",\"@id\":\"https:\/\/www.pogotowieflagowe.pl\/aktualne\/niemcy-powaznie-nasilaja-deportacje-cudzoziemcow-tysiace-wypedzonych\/#article\",\"isPartOf\":{\"@id\":\"https:\/\/www.pogotowieflagowe.pl\/aktualne\/niemcy-powaznie-nasilaja-deportacje-cudzoziemcow-tysiace-wypedzonych\/\"},\"author\":{\"name\":\"Filip\",\"@id\":\"https:\/\/www.pogotowieflagowe.pl\/aktualne\/#\/schema\/person\/9c2fb7d2362ebf6fa088960d7f0d27b0\"},\"headline\":\"Niemcy powa\u017cnie nasilaj\u0105 deportacj\u0119 cudzoziemc\u00f3w. Tysi\u0105ce wyp\u0119dzonych\",\"datePublished\":\"2025-10-26T13:13:18+00:00\",\"dateModified\":\"2025-10-26T13:13:19+00:00\",\"mainEntityOfPage\":{\"@id\":\"https:\/\/www.pogotowieflagowe.pl\/aktualne\/niemcy-powaznie-nasilaja-deportacje-cudzoziemcow-tysiace-wypedzonych\/\"},\"wordCount\":517,\"commentCount\":0,\"publisher\":{\"@id\":\"https:\/\/www.pogotowieflagowe.pl\/aktualne\/#organization\"},\"image\":{\"@id\":\"https:\/\/www.pogotowieflagowe.pl\/aktualne\/niemcy-powaznie-nasilaja-deportacje-cudzoziemcow-tysiace-wypedzonych\/#primaryimage\"},\"thumbnailUrl\":\"https:\/\/www.pogotowieflagowe.pl\/aktualne\/wp-content\/uploads\/2025\/10\/Niemcy-powaznie-nasilaja-deportacje-cudzoziemcow-Tysiace-wypedzonych.jpg\",\"keywords\":[\"cudzoziemc\u00f3w\",\"deportacj\u0119\",\"Nasilaj\u0105\",\"Niemcy\",\"powa\u017cnie\",\"Tysi\u0105ce\",\"wyp\u0119dzonych\"],\"articleSection\":[\"Polityka\"],\"inLanguage\":\"pl-PL\",\"potentialAction\":[{\"@type\":\"CommentAction\",\"name\":\"Comment\",\"target\":[\"https:\/\/www.pogotowieflagowe.pl\/aktualne\/niemcy-powaznie-nasilaja-deportacje-cudzoziemcow-tysiace-wypedzonych\/#respond\"]}]},{\"@type\":\"WebPage\",\"@id\":\"https:\/\/www.pogotowieflagowe.pl\/aktualne\/niemcy-powaznie-nasilaja-deportacje-cudzoziemcow-tysiace-wypedzonych\/\",\"url\":\"https:\/\/www.pogotowieflagowe.pl\/aktualne\/niemcy-powaznie-nasilaja-deportacje-cudzoziemcow-tysiace-wypedzonych\/\",\"name\":\"Niemcy powa\u017cnie nasilaj\u0105 deportacj\u0119 cudzoziemc\u00f3w. Tysi\u0105ce wyp\u0119dzonych - POGOTOWIE FLAGOWE\u00ae\",\"isPartOf\":{\"@id\":\"https:\/\/www.pogotowieflagowe.pl\/aktualne\/#website\"},\"primaryImageOfPage\":{\"@id\":\"https:\/\/www.pogotowieflagowe.pl\/aktualne\/niemcy-powaznie-nasilaja-deportacje-cudzoziemcow-tysiace-wypedzonych\/#primaryimage\"},\"image\":{\"@id\":\"https:\/\/www.pogotowieflagowe.pl\/aktualne\/niemcy-powaznie-nasilaja-deportacje-cudzoziemcow-tysiace-wypedzonych\/#primaryimage\"},\"thumbnailUrl\":\"https:\/\/www.pogotowieflagowe.pl\/aktualne\/wp-content\/uploads\/2025\/10\/Niemcy-powaznie-nasilaja-deportacje-cudzoziemcow-Tysiace-wypedzonych.jpg\",\"datePublished\":\"2025-10-26T13:13:18+00:00\",\"dateModified\":\"2025-10-26T13:13:19+00:00\",\"breadcrumb\":{\"@id\":\"https:\/\/www.pogotowieflagowe.pl\/aktualne\/niemcy-powaznie-nasilaja-deportacje-cudzoziemcow-tysiace-wypedzonych\/#breadcrumb\"},\"inLanguage\":\"pl-PL\",\"potentialAction\":[{\"@type\":\"ReadAction\",\"target\":[\"https:\/\/www.pogotowieflagowe.pl\/aktualne\/niemcy-powaznie-nasilaja-deportacje-cudzoziemcow-tysiace-wypedzonych\/\"]}]},{\"@type\":\"ImageObject\",\"inLanguage\":\"pl-PL\",\"@id\":\"https:\/\/www.pogotowieflagowe.pl\/aktualne\/niemcy-powaznie-nasilaja-deportacje-cudzoziemcow-tysiace-wypedzonych\/#primaryimage\",\"url\":\"https:\/\/www.pogotowieflagowe.pl\/aktualne\/wp-content\/uploads\/2025\/10\/Niemcy-powaznie-nasilaja-deportacje-cudzoziemcow-Tysiace-wypedzonych.jpg\",\"contentUrl\":\"https:\/\/www.pogotowieflagowe.pl\/aktualne\/wp-content\/uploads\/2025\/10\/Niemcy-powaznie-nasilaja-deportacje-cudzoziemcow-Tysiace-wypedzonych.jpg\",\"width\":1200,\"height\":675,\"caption\":\"Niemcy powa\u017cnie nasilaj\u0105 deportacj\u0119 cudzoziemc\u00f3w. Tysi\u0105ce wyp\u0119dzonych\"},{\"@type\":\"BreadcrumbList\",\"@id\":\"https:\/\/www.pogotowieflagowe.pl\/aktualne\/niemcy-powaznie-nasilaja-deportacje-cudzoziemcow-tysiace-wypedzonych\/#breadcrumb\",\"itemListElement\":[{\"@type\":\"ListItem\",\"position\":1,\"name\":\"Home\",\"item\":\"https:\/\/www.pogotowieflagowe.pl\/aktualne\/\"},{\"@type\":\"ListItem\",\"position\":2,\"name\":\"Niemcy powa\u017cnie nasilaj\u0105 deportacj\u0119 cudzoziemc\u00f3w. Tysi\u0105ce wyp\u0119dzonych\"}]},{\"@type\":\"WebSite\",\"@id\":\"https:\/\/www.pogotowieflagowe.pl\/aktualne\/#website\",\"url\":\"https:\/\/www.pogotowieflagowe.pl\/aktualne\/\",\"name\":\"POGOTOWIE FLAGOWE\u00ae\",\"description\":\"\",\"publisher\":{\"@id\":\"https:\/\/www.pogotowieflagowe.pl\/aktualne\/#organization\"},\"potentialAction\":[{\"@type\":\"SearchAction\",\"target\":{\"@type\":\"EntryPoint\",\"urlTemplate\":\"https:\/\/www.pogotowieflagowe.pl\/aktualne\/?s={search_term_string}\"},\"query-input\":\"required name=search_term_string\"}],\"inLanguage\":\"pl-PL\"},{\"@type\":\"Organization\",\"@id\":\"https:\/\/www.pogotowieflagowe.pl\/aktualne\/#organization\",\"name\":\"POGOTOWIE FLAGOWE\u00ae\",\"url\":\"https:\/\/www.pogotowieflagowe.pl\/aktualne\/\",\"logo\":{\"@type\":\"ImageObject\",\"inLanguage\":\"pl-PL\",\"@id\":\"https:\/\/www.pogotowieflagowe.pl\/aktualne\/#\/schema\/logo\/image\/\",\"url\":\"https:\/\/www.pogotowieflagowe.pl\/aktualne\/wp-content\/uploads\/2024\/08\/cropped-pogotowieflagowe_flaga_projekt_sm.jpg\",\"contentUrl\":\"https:\/\/www.pogotowieflagowe.pl\/aktualne\/wp-content\/uploads\/2024\/08\/cropped-pogotowieflagowe_flaga_projekt_sm.jpg\",\"width\":250,\"height\":143,\"caption\":\"POGOTOWIE FLAGOWE\u00ae\"},\"image\":{\"@id\":\"https:\/\/www.pogotowieflagowe.pl\/aktualne\/#\/schema\/logo\/image\/\"}},{\"@type\":\"Person\",\"@id\":\"https:\/\/www.pogotowieflagowe.pl\/aktualne\/#\/schema\/person\/9c2fb7d2362ebf6fa088960d7f0d27b0\",\"name\":\"Filip\",\"image\":{\"@type\":\"ImageObject\",\"inLanguage\":\"pl-PL\",\"@id\":\"https:\/\/www.pogotowieflagowe.pl\/aktualne\/#\/schema\/person\/image\/\",\"url\":\"https:\/\/www.pogotowieflagowe.pl\/aktualne\/wp-content\/uploads\/2024\/08\/pogotowieflagowe.pl_.jpg\",\"contentUrl\":\"https:\/\/www.pogotowieflagowe.pl\/aktualne\/wp-content\/uploads\/2024\/08\/pogotowieflagowe.pl_.jpg\",\"caption\":\"Filip\"},\"description\":\"Jestem Filip, polski dziennikarz z dyplomem nauk politycznych Uniwersytetu Warszawskiego. Rozpoczynaj\u0105c swoj\u0105 karier\u0119 w r\u00f3\u017cnych lokalnych mediach, zdoby\u0142em solidne do\u015bwiadczenie w zakresie \u015bledztwa i redakcji. Obecnie jako redaktor w Pogotowie flagowe, staram si\u0119 dostarcza\u0107 dog\u0142\u0119bne i istotne analizy na temat najwa\u017cniejszych kwestii aktualno\u015bci, \u0142\u0105cz\u0105c rygor z pasj\u0105 dziennikarsk\u0105.\",\"sameAs\":[\"https:\/\/www.pogotowieflagowe.pl\/\"]}]}<\/script>\n<!-- \/ Yoast SEO plugin. -->","yoast_head_json":{"title":"Niemcy powa\u017cnie nasilaj\u0105 deportacj\u0119 cudzoziemc\u00f3w. Tysi\u0105ce wyp\u0119dzonych - POGOTOWIE FLAGOWE\u00ae","robots":{"index":"index","follow":"follow","max-snippet":"max-snippet:-1","max-image-preview":"max-image-preview:large","max-video-preview":"max-video-preview:-1"},"canonical":"https:\/\/www.pogotowieflagowe.pl\/aktualne\/niemcy-powaznie-nasilaja-deportacje-cudzoziemcow-tysiace-wypedzonych\/","og_locale":"pl_PL","og_type":"article","og_title":"Niemcy powa\u017cnie nasilaj\u0105 deportacj\u0119 cudzoziemc\u00f3w. Tysi\u0105ce wyp\u0119dzonych - POGOTOWIE FLAGOWE\u00ae","og_description":"Od stycznia do wrze\u015bnia deportowano ok. 17,6 tys. os\u00f3b, o ok. 2,9 tys. wi\u0119cej ni\u017c w tym samym okresie ubieg\u0142ego","og_url":"https:\/\/www.pogotowieflagowe.pl\/aktualne\/niemcy-powaznie-nasilaja-deportacje-cudzoziemcow-tysiace-wypedzonych\/","og_site_name":"POGOTOWIE FLAGOWE\u00ae","article_published_time":"2025-10-26T13:13:18+00:00","article_modified_time":"2025-10-26T13:13:19+00:00","og_image":[{"width":1200,"height":675,"url":"https:\/\/www.pogotowieflagowe.pl\/aktualne\/wp-content\/uploads\/2025\/10\/Niemcy-powaznie-nasilaja-deportacje-cudzoziemcow-Tysiace-wypedzonych.jpg","type":"image\/jpeg"}],"author":"Filip","twitter_card":"summary_large_image","twitter_misc":{"Napisane przez":"Filip","Szacowany czas czytania":"3 minuty"},"schema":{"@context":"https:\/\/schema.org","@graph":[{"@type":"Article","@id":"https:\/\/www.pogotowieflagowe.pl\/aktualne\/niemcy-powaznie-nasilaja-deportacje-cudzoziemcow-tysiace-wypedzonych\/#article","isPartOf":{"@id":"https:\/\/www.pogotowieflagowe.pl\/aktualne\/niemcy-powaznie-nasilaja-deportacje-cudzoziemcow-tysiace-wypedzonych\/"},"author":{"name":"Filip","@id":"https:\/\/www.pogotowieflagowe.pl\/aktualne\/#\/schema\/person\/9c2fb7d2362ebf6fa088960d7f0d27b0"},"headline":"Niemcy powa\u017cnie nasilaj\u0105 deportacj\u0119 cudzoziemc\u00f3w. Tysi\u0105ce wyp\u0119dzonych","datePublished":"2025-10-26T13:13:18+00:00","dateModified":"2025-10-26T13:13:19+00:00","mainEntityOfPage":{"@id":"https:\/\/www.pogotowieflagowe.pl\/aktualne\/niemcy-powaznie-nasilaja-deportacje-cudzoziemcow-tysiace-wypedzonych\/"},"wordCount":517,"commentCount":0,"publisher":{"@id":"https:\/\/www.pogotowieflagowe.pl\/aktualne\/#organization"},"image":{"@id":"https:\/\/www.pogotowieflagowe.pl\/aktualne\/niemcy-powaznie-nasilaja-deportacje-cudzoziemcow-tysiace-wypedzonych\/#primaryimage"},"thumbnailUrl":"https:\/\/www.pogotowieflagowe.pl\/aktualne\/wp-content\/uploads\/2025\/10\/Niemcy-powaznie-nasilaja-deportacje-cudzoziemcow-Tysiace-wypedzonych.jpg","keywords":["cudzoziemc\u00f3w","deportacj\u0119","Nasilaj\u0105","Niemcy","powa\u017cnie","Tysi\u0105ce","wyp\u0119dzonych"],"articleSection":["Polityka"],"inLanguage":"pl-PL","potentialAction":[{"@type":"CommentAction","name":"Comment","target":["https:\/\/www.pogotowieflagowe.pl\/aktualne\/niemcy-powaznie-nasilaja-deportacje-cudzoziemcow-tysiace-wypedzonych\/#respond"]}]},{"@type":"WebPage","@id":"https:\/\/www.pogotowieflagowe.pl\/aktualne\/niemcy-powaznie-nasilaja-deportacje-cudzoziemcow-tysiace-wypedzonych\/","url":"https:\/\/www.pogotowieflagowe.pl\/aktualne\/niemcy-powaznie-nasilaja-deportacje-cudzoziemcow-tysiace-wypedzonych\/","name":"Niemcy powa\u017cnie nasilaj\u0105 deportacj\u0119 cudzoziemc\u00f3w. Tysi\u0105ce wyp\u0119dzonych - POGOTOWIE FLAGOWE\u00ae","isPartOf":{"@id":"https:\/\/www.pogotowieflagowe.pl\/aktualne\/#website"},"primaryImageOfPage":{"@id":"https:\/\/www.pogotowieflagowe.pl\/aktualne\/niemcy-powaznie-nasilaja-deportacje-cudzoziemcow-tysiace-wypedzonych\/#primaryimage"},"image":{"@id":"https:\/\/www.pogotowieflagowe.pl\/aktualne\/niemcy-powaznie-nasilaja-deportacje-cudzoziemcow-tysiace-wypedzonych\/#primaryimage"},"thumbnailUrl":"https:\/\/www.pogotowieflagowe.pl\/aktualne\/wp-content\/uploads\/2025\/10\/Niemcy-powaznie-nasilaja-deportacje-cudzoziemcow-Tysiace-wypedzonych.jpg","datePublished":"2025-10-26T13:13:18+00:00","dateModified":"2025-10-26T13:13:19+00:00","breadcrumb":{"@id":"https:\/\/www.pogotowieflagowe.pl\/aktualne\/niemcy-powaznie-nasilaja-deportacje-cudzoziemcow-tysiace-wypedzonych\/#breadcrumb"},"inLanguage":"pl-PL","potentialAction":[{"@type":"ReadAction","target":["https:\/\/www.pogotowieflagowe.pl\/aktualne\/niemcy-powaznie-nasilaja-deportacje-cudzoziemcow-tysiace-wypedzonych\/"]}]},{"@type":"ImageObject","inLanguage":"pl-PL","@id":"https:\/\/www.pogotowieflagowe.pl\/aktualne\/niemcy-powaznie-nasilaja-deportacje-cudzoziemcow-tysiace-wypedzonych\/#primaryimage","url":"https:\/\/www.pogotowieflagowe.pl\/aktualne\/wp-content\/uploads\/2025\/10\/Niemcy-powaznie-nasilaja-deportacje-cudzoziemcow-Tysiace-wypedzonych.jpg","contentUrl":"https:\/\/www.pogotowieflagowe.pl\/aktualne\/wp-content\/uploads\/2025\/10\/Niemcy-powaznie-nasilaja-deportacje-cudzoziemcow-Tysiace-wypedzonych.jpg","width":1200,"height":675,"caption":"Niemcy powa\u017cnie nasilaj\u0105 deportacj\u0119 cudzoziemc\u00f3w. Tysi\u0105ce wyp\u0119dzonych"},{"@type":"BreadcrumbList","@id":"https:\/\/www.pogotowieflagowe.pl\/aktualne\/niemcy-powaznie-nasilaja-deportacje-cudzoziemcow-tysiace-wypedzonych\/#breadcrumb","itemListElement":[{"@type":"ListItem","position":1,"name":"Home","item":"https:\/\/www.pogotowieflagowe.pl\/aktualne\/"},{"@type":"ListItem","position":2,"name":"Niemcy powa\u017cnie nasilaj\u0105 deportacj\u0119 cudzoziemc\u00f3w. Tysi\u0105ce wyp\u0119dzonych"}]},{"@type":"WebSite","@id":"https:\/\/www.pogotowieflagowe.pl\/aktualne\/#website","url":"https:\/\/www.pogotowieflagowe.pl\/aktualne\/","name":"POGOTOWIE FLAGOWE\u00ae","description":"","publisher":{"@id":"https:\/\/www.pogotowieflagowe.pl\/aktualne\/#organization"},"potentialAction":[{"@type":"SearchAction","target":{"@type":"EntryPoint","urlTemplate":"https:\/\/www.pogotowieflagowe.pl\/aktualne\/?s={search_term_string}"},"query-input":"required name=search_term_string"}],"inLanguage":"pl-PL"},{"@type":"Organization","@id":"https:\/\/www.pogotowieflagowe.pl\/aktualne\/#organization","name":"POGOTOWIE FLAGOWE\u00ae","url":"https:\/\/www.pogotowieflagowe.pl\/aktualne\/","logo":{"@type":"ImageObject","inLanguage":"pl-PL","@id":"https:\/\/www.pogotowieflagowe.pl\/aktualne\/#\/schema\/logo\/image\/","url":"https:\/\/www.pogotowieflagowe.pl\/aktualne\/wp-content\/uploads\/2024\/08\/cropped-pogotowieflagowe_flaga_projekt_sm.jpg","contentUrl":"https:\/\/www.pogotowieflagowe.pl\/aktualne\/wp-content\/uploads\/2024\/08\/cropped-pogotowieflagowe_flaga_projekt_sm.jpg","width":250,"height":143,"caption":"POGOTOWIE FLAGOWE\u00ae"},"image":{"@id":"https:\/\/www.pogotowieflagowe.pl\/aktualne\/#\/schema\/logo\/image\/"}},{"@type":"Person","@id":"https:\/\/www.pogotowieflagowe.pl\/aktualne\/#\/schema\/person\/9c2fb7d2362ebf6fa088960d7f0d27b0","name":"Filip","image":{"@type":"ImageObject","inLanguage":"pl-PL","@id":"https:\/\/www.pogotowieflagowe.pl\/aktualne\/#\/schema\/person\/image\/","url":"https:\/\/www.pogotowieflagowe.pl\/aktualne\/wp-content\/uploads\/2024\/08\/pogotowieflagowe.pl_.jpg","contentUrl":"https:\/\/www.pogotowieflagowe.pl\/aktualne\/wp-content\/uploads\/2024\/08\/pogotowieflagowe.pl_.jpg","caption":"Filip"},"description":"Jestem Filip, polski dziennikarz z dyplomem nauk politycznych Uniwersytetu Warszawskiego. Rozpoczynaj\u0105c swoj\u0105 karier\u0119 w r\u00f3\u017cnych lokalnych mediach, zdoby\u0142em solidne do\u015bwiadczenie w zakresie \u015bledztwa i redakcji. Obecnie jako redaktor w Pogotowie flagowe, staram si\u0119 dostarcza\u0107 dog\u0142\u0119bne i istotne analizy na temat najwa\u017cniejszych kwestii aktualno\u015bci, \u0142\u0105cz\u0105c rygor z pasj\u0105 dziennikarsk\u0105.","sameAs":["https:\/\/www.pogotowieflagowe.pl\/"]}]}},"_links":{"self":[{"href":"https:\/\/www.pogotowieflagowe.pl\/aktualne\/wp-json\/wp\/v2\/posts\/9826","targetHints":{"allow":["GET"]}}],"collection":[{"href":"https:\/\/www.pogotowieflagowe.pl\/aktualne\/wp-json\/wp\/v2\/posts"}],"about":[{"href":"https:\/\/www.pogotowieflagowe.pl\/aktualne\/wp-json\/wp\/v2\/types\/post"}],"author":[{"embeddable":true,"href":"https:\/\/www.pogotowieflagowe.pl\/aktualne\/wp-json\/wp\/v2\/users\/1"}],"replies":[{"embeddable":true,"href":"https:\/\/www.pogotowieflagowe.pl\/aktualne\/wp-json\/wp\/v2\/comments?post=9826"}],"version-history":[{"count":1,"href":"https:\/\/www.pogotowieflagowe.pl\/aktualne\/wp-json\/wp\/v2\/posts\/9826\/revisions"}],"predecessor-version":[{"id":9828,"href":"https:\/\/www.pogotowieflagowe.pl\/aktualne\/wp-json\/wp\/v2\/posts\/9826\/revisions\/9828"}],"wp:featuredmedia":[{"embeddable":true,"href":"https:\/\/www.pogotowieflagowe.pl\/aktualne\/wp-json\/wp\/v2\/media\/9827"}],"wp:attachment":[{"href":"https:\/\/www.pogotowieflagowe.pl\/aktualne\/wp-json\/wp\/v2\/media?parent=9826"}],"wp:term":[{"taxonomy":"category","embeddable":true,"href":"https:\/\/www.pogotowieflagowe.pl\/aktualne\/wp-json\/wp\/v2\/categories?post=9826"},{"taxonomy":"post_tag","embeddable":true,"href":"https:\/\/www.pogotowieflagowe.pl\/aktualne\/wp-json\/wp\/v2\/tags?post=9826"}],"curies":[{"name":"wp","href":"https:\/\/api.w.org\/{rel}","templated":true}]}}