{"id":9829,"date":"2025-10-26T14:37:49","date_gmt":"2025-10-26T13:37:49","guid":{"rendered":"https:\/\/www.pogotowieflagowe.pl\/aktualne\/odpolitycznienie-przedsiebiorstw-panstwowych-obajtek-to-nonsens\/"},"modified":"2025-10-26T14:37:51","modified_gmt":"2025-10-26T13:37:51","slug":"odpolitycznienie-przedsiebiorstw-panstwowych-obajtek-to-nonsens","status":"publish","type":"post","link":"https:\/\/www.pogotowieflagowe.pl\/aktualne\/odpolitycznienie-przedsiebiorstw-panstwowych-obajtek-to-nonsens\/","title":{"rendered":"Odpolitycznienie przedsi\u0119biorstw pa\u0144stwowych? Obajtek: \u201eTo nonsens\u201d"},"content":{"rendered":"\n<div class=\"td_block_wrap tdb_single_content tdi_41 td-pb-border-top td_block_template_8 td-post-content tagdiv-type\" data-td-block-uid=\"tdi_41\">\n<style>.tdi_41{margines-top:0px!important;margin-bottom:0px!important;dope\u0142nienie-g\u00f3ra:0px!important;dope\u0142nienie-d\u00f3\u0142:0px!important}<\/style>\n<style>.tdb_single_content{margin-bottom:0;*zoom:1}.tdb_single_content:before,.tdb_single_content:after{display:table;content:'';line-height:0}.tdb_single_content:after{clear:both}.tdb_single_content .tdb-block-inner>*:not(.wp-block-quote):not(.alignwide):not(.alignfull.wp-block-cover.has-parallax):not(.td-a-ad){margin-left:auto;margin-right:auto}.tdb_single_content a{pointer-events:auto}.tdb_single_content .td-spot-id-top_ad .tdc-placeholder-title:before{content:'Article Top Ad'!important}.tdb_single_content .td-spot-id-inline_ad0 .tdc-placeholder-title:before{content:'Article Reklama wbudowana 1'!important}.tdb_single_content .td-spot-id-inline_ad1 .tdc-placeholder-title:before{content:'Reklama wbudowana w artyku\u0142 2'!important}.tdb_single_content .td-spot-id-inline_ad2 .tdc-placeholder-title:before{content:'Reklama w tek\u015bcie artyku\u0142u 3'!important}.tdb_single_content .td-spot-id-bottom_ad .tdc-placeholder-title:before{content:'Article Bottom Ad'!important}.tdb_single_content .id_top_ad,.tdb_single_content .id_bottom_ad{clear:both;margin-bottom:21px;text-align:center}.tdb_single_content .id_top_ad img,.tdb_single_content .id_bottom_ad img{margin-bottom:0}.tdb_single_content .id_top_ad .adsbygoogle,.tdb_single_content .id_bottom_ad .adsbygoogle{position:relative}.tdb_single_content .id_ad_content-horiz-left,.tdb_single_content .id_ad_content-horiz-right,.tdb_single_content .id_ad_content-horiz-center{margin-bottom:15px}.tdb_single_content .id_ad_content-horiz-left img,.tdb_single_content .id_ad_content-horiz-right img,.tdb_single_content .id_ad_content-horiz-center img{margin-bottom:0}.tdb_single_content .id_ad_content-horiz-center{text-align:center}.tdb_single_content .id_ad_content-horiz-center img{margin-right:auto;margin-left:auto}.tdb_single_content .id_ad_content-horiz-left{float:left;margin-top:9px;margin-right:21px}.tdb_single_content .id_ad_content-horiz-right{float:right;margin-top:6px;margin-left:21px}.tdb_single_content .tdc-a-ad .tdc-placeholder-title{width:300px;height:250px}.tdb_single_content .tdc-a-ad .tdc-placeholder-title:before{position:absolute;top:50%;-webkit-transform:translateY(-50%);transform:translateY(-50%);margin:auto;display:table;width:100%}.tdb_single_content .tdb-block-inner.td-fix-index{word-break:break-word}.tdi_41,.tdi_41>p,.tdi_41 .tdb-block-inner>p,.wp-block-column>p{font-size:16px!important;line-height:1.6!important}.tdi_41 .tdb-block-inner cytat blokowy p{font-style:normal!important}@media (max-width:767px){.tdb_single_content .id_ad_content-horiz-left,.tdb_single_content .id_ad_content-horiz-right,.tdb_single_content .id_ad_content-horiz-center{margin:0 auto 26 pikseli auto}}@media (max-width:767px){.tdb_single_content .id_ad_content-horiz-left{margin-right:0}}@media (max-width:767px){.tdb_single_content .id_ad_content-horiz-right{margin-left:0}}@media (max-width:767px){.tdb_single_content .td-a-ad{float:none;text-align:center}.tdb_single_content .td-a-ad img{margin-right:auto;margin-left:auto}.tdb_single_content .tdc-a-ad{float:none}}<\/style>\n<div class=\"tdb-block-inner td-fix-index\">\n<p><strong>&#8222;Dzi\u015b s\u0142yszymy, \u017ce firmy b\u0119d\u0105 odpolitycznione. Wiemy, \u017ce to nonsens. Firm nie da si\u0119 odpolityczni\u0107. Ka\u017cda du\u017ca firma w Polsce i na \u015bwiecie ma powi\u0105zania polityczne. I musi je mie\u0107&#8221; <\/strong>powiedzia\u0142 w Katowicach Daniel Obajtek, by\u0142y prezes PKN Orlen.<\/p>\n<p>Podczas <em>Prawo i Sprawiedliwo\u015b\u0107<\/em> (PiS) w Katowicach odby\u0142 si\u0119 panel po\u015bwi\u0119cony sp\u00f3\u0142kom pa\u0144stwowym i metodologii ich zarz\u0105dzania. Daniel Obajtek, by\u0142y prezes PKN Orlen, a obecnie pose\u0142 do Parlamentu Europejskiego ds <em>Prawo i Sprawiedliwo\u015b\u0107<\/em> (PiS), zosta\u0142 zaproszony do dyskusji.<\/p>\n<figure class=\"wp-block-pullquote\">\n<blockquote>\n<p>\u201e<strong>Je\u015bli wybierzemy prezes\u00f3w firm, kt\u00f3rzy nie ponosz\u0105 ryzyka i nie maj\u0105 apetytu na ryzyko, nic si\u0119 nie dzieje, bo wychodzi z za\u0142o\u017cenia, \u017ce \u200b\u200bp\u0142aci si\u0119 nie za decyzje, ale za obecno\u015b\u0107. Je\u015bli nie zako\u0144czymy tej patologii, b\u0119dzie to wielka strata dla sp\u00f3\u0142ek pa\u0144stwowych<\/strong>\u2013 stwierdzi\u0142 polityk.<\/p>\n<\/blockquote>\n<\/figure>\n<figure class=\"wp-block-embed is-type-rich is-provider-twitter wp-block-embed-twitter\">\n<div class=\"wp-block-embed__wrapper\">\n<blockquote class=\"twitter-tweet\" data-width=\"550\" data-dnt=\"true\">\n<p lang=\"pl\" dir=\"ltr\">Elementy skarbu pa\u0144stwa by\u0107 podzielone i odwa\u017cne. Musze te\u017c w przysz\u0142o\u015bci z Polskiego podmiotu prywatnego \u2013 to moja recepta na ambitn\u0105 skutki \ud83c\uddf5\ud83c\uddf1 <a rel=\"nofollow\" href=\"https:\/\/t.co\/w8kjFf04Dl\">pic.twitter.com\/w8kjFf04Dl<\/a><\/p>\n<p>\u2014 Daniel Obajtek (@DanielObajtek) <a rel=\"nofollow\" href=\"https:\/\/twitter.com\/DanielObajtek\/status\/1982006804117954662?ref_src=twsrc%5Etfw\">25 pa\u017adziernika 2025 r<\/a><\/p><\/blockquote>\n<\/div>\n<\/figure>\n<p>Jak powiedzia\u0142, <strong>\u201eFirmy te odbieraj\u0105 tlen innym firmom na rynku, kt\u00f3re mog\u0142yby si\u0119 rozwija\u0107.<\/strong>\u201e<\/p>\n<figure class=\"wp-block-pullquote\">\n<blockquote>\n<p><strong>&#8222;Dzi\u015b s\u0142yszymy, \u017ce firmy zostan\u0105 odpolitycznione. Wiemy, \u017ce to nonsens. Firm nie da si\u0119 odpolityczni\u0107. Ka\u017cda du\u017ca firma w Polsce i na \u015bwiecie ma powi\u0105zania polityczne. I musi je mie\u0107. Polityka to regulacje, biznes, zysk. Politycy tworz\u0105 zasady. Na \u015bwiecie nazywa si\u0119 to lobbingiem<\/strong> \u2013 zauwa\u017cy\u0142. <strong>\u2013 Je\u015bli wybieramy prezesa firmy, powinna to by\u0107 osoba z silnym mandatem politycznym do podejmowania decyzji. Musi to by\u0107 kto\u015b o silnej pozycji w partii politycznej. Tylko wtedy taki dyrektor generalny mo\u017ce podejmowa\u0107 decyzje<\/strong>\u2013 kontynuowa\u0142.<\/p>\n<\/blockquote>\n<\/figure>\n<p>Wezwa\u0142 do zmiany podej\u015bcia:<\/p>\n<figure class=\"wp-block-pullquote\">\n<blockquote>\n<p><strong>&#8222;Musimy przesta\u0107 wybiera\u0107 ci\u0105gle te same osoby. Je\u015bli kto\u015b nie sprawdzi\u0142 si\u0119 w firmie, nie mo\u017ce wr\u00f3ci\u0107 na to samo stanowisko. Albo odnosisz sukcesy, albo co\u015b zrobi\u0142e\u015b, albo odpadasz.&#8221;<\/strong><\/p>\n<\/blockquote>\n<\/figure>\n<p>I kontynuowa\u0142: <strong>&#8222;Wiecie wi\u0119c na czym polega ratunek dla sp\u00f3\u0142ek pa\u0144stwowych? Tak zrobili\u015bmy z naszym narodowym czempionem. Stworzyli\u015bmy sp\u00f3\u0142k\u0119 opart\u0105 na wielu filarach rentowno\u015bci. Dzi\u015b dzi\u0119ki temu sp\u00f3\u0142ka ma kapitalizacj\u0119 na poziomie 100 miliard\u00f3w. Dzi\u015b ludzie chwal\u0105 si\u0119, \u017ce to dzi\u0119ki nim, mimo \u017ce nie podejmowali \u017cadnych decyzji. Jej kapitalizacja to efekt wszelkich fuzji, dywersyfikacji wydobycia ropy i gazu, zwi\u0119kszonego wydobycia, ekspansji petrochemicznej, p\u0142acenia aliment\u00f3w dywidenda wy\u017csza ni\u017c odsetki bankowe. W\u0142a\u015bnie takie firmy musimy budowa\u0107.<\/strong>\u201e<\/p>\n<figure class=\"wp-block-embed is-type-rich is-provider-twitter wp-block-embed-twitter\">\n<div class=\"wp-block-embed__wrapper\">\n<blockquote class=\"twitter-tweet\" data-width=\"550\" data-dnt=\"true\">\n<p lang=\"pl\" dir=\"ltr\">\ud83c\uddf5\ud83c\uddf1 Konwencja Programowa Prawa i Sprawiedliwo\u015bci <a rel=\"nofollow\" href=\"https:\/\/twitter.com\/hashtag\/My%C5%9Bl%C4%85cPolska?src=hash&amp;ref_src=twsrc%5Etfw\">#My\u015bl\u0105cPolska<\/a> | Katowice https:\/\/t.co\/SFsW4MqxOR<\/p>\n<p>\u2014 Prawo i Sprawiedliwo\u015b\u0107 (@pisorgpl) <a rel=\"nofollow\" href=\"https:\/\/twitter.com\/pisorgpl\/status\/1981979319091290402?ref_src=twsrc%5Etfw\">25 pa\u017adziernika 2025 r<\/a><\/p><\/blockquote>\n<\/div>\n<\/figure>\n<\/div>\n<\/div>\n<p><script async src=\"https:\/\/platform.twitter.com\/widgets.js\" charset=\"utf-8\"><\/script><\/p>\n","protected":false},"excerpt":{"rendered":"<p>&#8222;Dzi\u015b s\u0142yszymy, \u017ce firmy b\u0119d\u0105 odpolitycznione. Wiemy, \u017ce to nonsens. Firm nie da si\u0119 odpolityczni\u0107. Ka\u017cda du\u017ca firma w Polsce<\/p>\n","protected":false},"author":1,"featured_media":9830,"comment_status":"open","ping_status":"open","sticky":false,"template":"","format":"standard","meta":{"footnotes":""},"categories":[4748],"tags":[11339,1174,11338,2878,1753],"class_list":["post-9829","post","type-post","status-publish","format-standard","has-post-thumbnail","hentry","category-aktualne","tag-nonsens","tag-obajtek","tag-odpolitycznienie","tag-panstwowych","tag-przedsiebiorstw","generate-columns","tablet-grid-50","mobile-grid-100","grid-parent","grid-50","resize-featured-image"],"yoast_head":"<!-- This site is optimized with the Yoast SEO plugin v23.2 - https:\/\/yoast.com\/wordpress\/plugins\/seo\/ -->\n<title>Odpolitycznienie przedsi\u0119biorstw pa\u0144stwowych? Obajtek: \u201eTo nonsens\u201d - POGOTOWIE FLAGOWE\u00ae<\/title>\n<meta name=\"robots\" content=\"index, follow, max-snippet:-1, max-image-preview:large, max-video-preview:-1\" \/>\n<link rel=\"canonical\" href=\"https:\/\/www.pogotowieflagowe.pl\/aktualne\/odpolitycznienie-przedsiebiorstw-panstwowych-obajtek-to-nonsens\/\" \/>\n<meta property=\"og:locale\" content=\"pl_PL\" \/>\n<meta property=\"og:type\" content=\"article\" \/>\n<meta property=\"og:title\" content=\"Odpolitycznienie przedsi\u0119biorstw pa\u0144stwowych? Obajtek: \u201eTo nonsens\u201d - POGOTOWIE FLAGOWE\u00ae\" \/>\n<meta property=\"og:description\" content=\"&#8222;Dzi\u015b s\u0142yszymy, \u017ce firmy b\u0119d\u0105 odpolitycznione. Wiemy, \u017ce to nonsens. Firm nie da si\u0119 odpolityczni\u0107. Ka\u017cda du\u017ca firma w Polsce\" \/>\n<meta property=\"og:url\" content=\"https:\/\/www.pogotowieflagowe.pl\/aktualne\/odpolitycznienie-przedsiebiorstw-panstwowych-obajtek-to-nonsens\/\" \/>\n<meta property=\"og:site_name\" content=\"POGOTOWIE FLAGOWE\u00ae\" \/>\n<meta property=\"article:published_time\" content=\"2025-10-26T13:37:49+00:00\" \/>\n<meta property=\"article:modified_time\" content=\"2025-10-26T13:37:51+00:00\" \/>\n<meta property=\"og:image\" content=\"https:\/\/www.pogotowieflagowe.pl\/aktualne\/wp-content\/uploads\/2025\/10\/Odpolitycznienie-przedsiebiorstw-panstwowych-Obajtek-\u201eTo-nonsens.webp.webp\" \/>\n\t<meta property=\"og:image:width\" content=\"1280\" \/>\n\t<meta property=\"og:image:height\" content=\"720\" \/>\n\t<meta property=\"og:image:type\" content=\"image\/webp\" \/>\n<meta name=\"author\" content=\"Filip\" \/>\n<meta name=\"twitter:card\" content=\"summary_large_image\" \/>\n<meta name=\"twitter:label1\" content=\"Napisane przez\" \/>\n\t<meta name=\"twitter:data1\" content=\"Filip\" \/>\n\t<meta name=\"twitter:label2\" content=\"Szacowany czas czytania\" \/>\n\t<meta name=\"twitter:data2\" content=\"2 minuty\" \/>\n<script type=\"application\/ld+json\" class=\"yoast-schema-graph\">{\"@context\":\"https:\/\/schema.org\",\"@graph\":[{\"@type\":\"Article\",\"@id\":\"https:\/\/www.pogotowieflagowe.pl\/aktualne\/odpolitycznienie-przedsiebiorstw-panstwowych-obajtek-to-nonsens\/#article\",\"isPartOf\":{\"@id\":\"https:\/\/www.pogotowieflagowe.pl\/aktualne\/odpolitycznienie-przedsiebiorstw-panstwowych-obajtek-to-nonsens\/\"},\"author\":{\"name\":\"Filip\",\"@id\":\"https:\/\/www.pogotowieflagowe.pl\/aktualne\/#\/schema\/person\/9c2fb7d2362ebf6fa088960d7f0d27b0\"},\"headline\":\"Odpolitycznienie przedsi\u0119biorstw pa\u0144stwowych? Obajtek: \u201eTo nonsens\u201d\",\"datePublished\":\"2025-10-26T13:37:49+00:00\",\"dateModified\":\"2025-10-26T13:37:51+00:00\",\"mainEntityOfPage\":{\"@id\":\"https:\/\/www.pogotowieflagowe.pl\/aktualne\/odpolitycznienie-przedsiebiorstw-panstwowych-obajtek-to-nonsens\/\"},\"wordCount\":444,\"commentCount\":0,\"publisher\":{\"@id\":\"https:\/\/www.pogotowieflagowe.pl\/aktualne\/#organization\"},\"image\":{\"@id\":\"https:\/\/www.pogotowieflagowe.pl\/aktualne\/odpolitycznienie-przedsiebiorstw-panstwowych-obajtek-to-nonsens\/#primaryimage\"},\"thumbnailUrl\":\"https:\/\/www.pogotowieflagowe.pl\/aktualne\/wp-content\/uploads\/2025\/10\/Odpolitycznienie-przedsiebiorstw-panstwowych-Obajtek-\u201eTo-nonsens.webp.webp\",\"keywords\":[\"nonsens\",\"Obajtek\",\"Odpolitycznienie\",\"Pa\u0144stwowych\",\"przedsi\u0119biorstw\"],\"articleSection\":[\"Aktualne\"],\"inLanguage\":\"pl-PL\",\"potentialAction\":[{\"@type\":\"CommentAction\",\"name\":\"Comment\",\"target\":[\"https:\/\/www.pogotowieflagowe.pl\/aktualne\/odpolitycznienie-przedsiebiorstw-panstwowych-obajtek-to-nonsens\/#respond\"]}]},{\"@type\":\"WebPage\",\"@id\":\"https:\/\/www.pogotowieflagowe.pl\/aktualne\/odpolitycznienie-przedsiebiorstw-panstwowych-obajtek-to-nonsens\/\",\"url\":\"https:\/\/www.pogotowieflagowe.pl\/aktualne\/odpolitycznienie-przedsiebiorstw-panstwowych-obajtek-to-nonsens\/\",\"name\":\"Odpolitycznienie przedsi\u0119biorstw pa\u0144stwowych? Obajtek: \u201eTo nonsens\u201d - POGOTOWIE FLAGOWE\u00ae\",\"isPartOf\":{\"@id\":\"https:\/\/www.pogotowieflagowe.pl\/aktualne\/#website\"},\"primaryImageOfPage\":{\"@id\":\"https:\/\/www.pogotowieflagowe.pl\/aktualne\/odpolitycznienie-przedsiebiorstw-panstwowych-obajtek-to-nonsens\/#primaryimage\"},\"image\":{\"@id\":\"https:\/\/www.pogotowieflagowe.pl\/aktualne\/odpolitycznienie-przedsiebiorstw-panstwowych-obajtek-to-nonsens\/#primaryimage\"},\"thumbnailUrl\":\"https:\/\/www.pogotowieflagowe.pl\/aktualne\/wp-content\/uploads\/2025\/10\/Odpolitycznienie-przedsiebiorstw-panstwowych-Obajtek-\u201eTo-nonsens.webp.webp\",\"datePublished\":\"2025-10-26T13:37:49+00:00\",\"dateModified\":\"2025-10-26T13:37:51+00:00\",\"breadcrumb\":{\"@id\":\"https:\/\/www.pogotowieflagowe.pl\/aktualne\/odpolitycznienie-przedsiebiorstw-panstwowych-obajtek-to-nonsens\/#breadcrumb\"},\"inLanguage\":\"pl-PL\",\"potentialAction\":[{\"@type\":\"ReadAction\",\"target\":[\"https:\/\/www.pogotowieflagowe.pl\/aktualne\/odpolitycznienie-przedsiebiorstw-panstwowych-obajtek-to-nonsens\/\"]}]},{\"@type\":\"ImageObject\",\"inLanguage\":\"pl-PL\",\"@id\":\"https:\/\/www.pogotowieflagowe.pl\/aktualne\/odpolitycznienie-przedsiebiorstw-panstwowych-obajtek-to-nonsens\/#primaryimage\",\"url\":\"https:\/\/www.pogotowieflagowe.pl\/aktualne\/wp-content\/uploads\/2025\/10\/Odpolitycznienie-przedsiebiorstw-panstwowych-Obajtek-\u201eTo-nonsens.webp.webp\",\"contentUrl\":\"https:\/\/www.pogotowieflagowe.pl\/aktualne\/wp-content\/uploads\/2025\/10\/Odpolitycznienie-przedsiebiorstw-panstwowych-Obajtek-\u201eTo-nonsens.webp.webp\",\"width\":1280,\"height\":720,\"caption\":\"Odpolitycznienie przedsi\u0119biorstw pa\u0144stwowych? Obajtek: \u201eTo nonsens\u201d\"},{\"@type\":\"BreadcrumbList\",\"@id\":\"https:\/\/www.pogotowieflagowe.pl\/aktualne\/odpolitycznienie-przedsiebiorstw-panstwowych-obajtek-to-nonsens\/#breadcrumb\",\"itemListElement\":[{\"@type\":\"ListItem\",\"position\":1,\"name\":\"Home\",\"item\":\"https:\/\/www.pogotowieflagowe.pl\/aktualne\/\"},{\"@type\":\"ListItem\",\"position\":2,\"name\":\"Odpolitycznienie przedsi\u0119biorstw pa\u0144stwowych? Obajtek: \u201eTo nonsens\u201d\"}]},{\"@type\":\"WebSite\",\"@id\":\"https:\/\/www.pogotowieflagowe.pl\/aktualne\/#website\",\"url\":\"https:\/\/www.pogotowieflagowe.pl\/aktualne\/\",\"name\":\"POGOTOWIE FLAGOWE\u00ae\",\"description\":\"\",\"publisher\":{\"@id\":\"https:\/\/www.pogotowieflagowe.pl\/aktualne\/#organization\"},\"potentialAction\":[{\"@type\":\"SearchAction\",\"target\":{\"@type\":\"EntryPoint\",\"urlTemplate\":\"https:\/\/www.pogotowieflagowe.pl\/aktualne\/?s={search_term_string}\"},\"query-input\":\"required name=search_term_string\"}],\"inLanguage\":\"pl-PL\"},{\"@type\":\"Organization\",\"@id\":\"https:\/\/www.pogotowieflagowe.pl\/aktualne\/#organization\",\"name\":\"POGOTOWIE FLAGOWE\u00ae\",\"url\":\"https:\/\/www.pogotowieflagowe.pl\/aktualne\/\",\"logo\":{\"@type\":\"ImageObject\",\"inLanguage\":\"pl-PL\",\"@id\":\"https:\/\/www.pogotowieflagowe.pl\/aktualne\/#\/schema\/logo\/image\/\",\"url\":\"https:\/\/www.pogotowieflagowe.pl\/aktualne\/wp-content\/uploads\/2024\/08\/cropped-pogotowieflagowe_flaga_projekt_sm.jpg\",\"contentUrl\":\"https:\/\/www.pogotowieflagowe.pl\/aktualne\/wp-content\/uploads\/2024\/08\/cropped-pogotowieflagowe_flaga_projekt_sm.jpg\",\"width\":250,\"height\":143,\"caption\":\"POGOTOWIE FLAGOWE\u00ae\"},\"image\":{\"@id\":\"https:\/\/www.pogotowieflagowe.pl\/aktualne\/#\/schema\/logo\/image\/\"}},{\"@type\":\"Person\",\"@id\":\"https:\/\/www.pogotowieflagowe.pl\/aktualne\/#\/schema\/person\/9c2fb7d2362ebf6fa088960d7f0d27b0\",\"name\":\"Filip\",\"image\":{\"@type\":\"ImageObject\",\"inLanguage\":\"pl-PL\",\"@id\":\"https:\/\/www.pogotowieflagowe.pl\/aktualne\/#\/schema\/person\/image\/\",\"url\":\"https:\/\/www.pogotowieflagowe.pl\/aktualne\/wp-content\/uploads\/2024\/08\/pogotowieflagowe.pl_.jpg\",\"contentUrl\":\"https:\/\/www.pogotowieflagowe.pl\/aktualne\/wp-content\/uploads\/2024\/08\/pogotowieflagowe.pl_.jpg\",\"caption\":\"Filip\"},\"description\":\"Jestem Filip, polski dziennikarz z dyplomem nauk politycznych Uniwersytetu Warszawskiego. Rozpoczynaj\u0105c swoj\u0105 karier\u0119 w r\u00f3\u017cnych lokalnych mediach, zdoby\u0142em solidne do\u015bwiadczenie w zakresie \u015bledztwa i redakcji. Obecnie jako redaktor w Pogotowie flagowe, staram si\u0119 dostarcza\u0107 dog\u0142\u0119bne i istotne analizy na temat najwa\u017cniejszych kwestii aktualno\u015bci, \u0142\u0105cz\u0105c rygor z pasj\u0105 dziennikarsk\u0105.\",\"sameAs\":[\"https:\/\/www.pogotowieflagowe.pl\/\"]}]}<\/script>\n<!-- \/ Yoast SEO plugin. -->","yoast_head_json":{"title":"Odpolitycznienie przedsi\u0119biorstw pa\u0144stwowych? Obajtek: \u201eTo nonsens\u201d - POGOTOWIE FLAGOWE\u00ae","robots":{"index":"index","follow":"follow","max-snippet":"max-snippet:-1","max-image-preview":"max-image-preview:large","max-video-preview":"max-video-preview:-1"},"canonical":"https:\/\/www.pogotowieflagowe.pl\/aktualne\/odpolitycznienie-przedsiebiorstw-panstwowych-obajtek-to-nonsens\/","og_locale":"pl_PL","og_type":"article","og_title":"Odpolitycznienie przedsi\u0119biorstw pa\u0144stwowych? Obajtek: \u201eTo nonsens\u201d - POGOTOWIE FLAGOWE\u00ae","og_description":"&#8222;Dzi\u015b s\u0142yszymy, \u017ce firmy b\u0119d\u0105 odpolitycznione. Wiemy, \u017ce to nonsens. Firm nie da si\u0119 odpolityczni\u0107. Ka\u017cda du\u017ca firma w Polsce","og_url":"https:\/\/www.pogotowieflagowe.pl\/aktualne\/odpolitycznienie-przedsiebiorstw-panstwowych-obajtek-to-nonsens\/","og_site_name":"POGOTOWIE FLAGOWE\u00ae","article_published_time":"2025-10-26T13:37:49+00:00","article_modified_time":"2025-10-26T13:37:51+00:00","og_image":[{"width":1280,"height":720,"url":"https:\/\/www.pogotowieflagowe.pl\/aktualne\/wp-content\/uploads\/2025\/10\/Odpolitycznienie-przedsiebiorstw-panstwowych-Obajtek-\u201eTo-nonsens.webp.webp","type":"image\/webp"}],"author":"Filip","twitter_card":"summary_large_image","twitter_misc":{"Napisane przez":"Filip","Szacowany czas czytania":"2 minuty"},"schema":{"@context":"https:\/\/schema.org","@graph":[{"@type":"Article","@id":"https:\/\/www.pogotowieflagowe.pl\/aktualne\/odpolitycznienie-przedsiebiorstw-panstwowych-obajtek-to-nonsens\/#article","isPartOf":{"@id":"https:\/\/www.pogotowieflagowe.pl\/aktualne\/odpolitycznienie-przedsiebiorstw-panstwowych-obajtek-to-nonsens\/"},"author":{"name":"Filip","@id":"https:\/\/www.pogotowieflagowe.pl\/aktualne\/#\/schema\/person\/9c2fb7d2362ebf6fa088960d7f0d27b0"},"headline":"Odpolitycznienie przedsi\u0119biorstw pa\u0144stwowych? Obajtek: \u201eTo nonsens\u201d","datePublished":"2025-10-26T13:37:49+00:00","dateModified":"2025-10-26T13:37:51+00:00","mainEntityOfPage":{"@id":"https:\/\/www.pogotowieflagowe.pl\/aktualne\/odpolitycznienie-przedsiebiorstw-panstwowych-obajtek-to-nonsens\/"},"wordCount":444,"commentCount":0,"publisher":{"@id":"https:\/\/www.pogotowieflagowe.pl\/aktualne\/#organization"},"image":{"@id":"https:\/\/www.pogotowieflagowe.pl\/aktualne\/odpolitycznienie-przedsiebiorstw-panstwowych-obajtek-to-nonsens\/#primaryimage"},"thumbnailUrl":"https:\/\/www.pogotowieflagowe.pl\/aktualne\/wp-content\/uploads\/2025\/10\/Odpolitycznienie-przedsiebiorstw-panstwowych-Obajtek-\u201eTo-nonsens.webp.webp","keywords":["nonsens","Obajtek","Odpolitycznienie","Pa\u0144stwowych","przedsi\u0119biorstw"],"articleSection":["Aktualne"],"inLanguage":"pl-PL","potentialAction":[{"@type":"CommentAction","name":"Comment","target":["https:\/\/www.pogotowieflagowe.pl\/aktualne\/odpolitycznienie-przedsiebiorstw-panstwowych-obajtek-to-nonsens\/#respond"]}]},{"@type":"WebPage","@id":"https:\/\/www.pogotowieflagowe.pl\/aktualne\/odpolitycznienie-przedsiebiorstw-panstwowych-obajtek-to-nonsens\/","url":"https:\/\/www.pogotowieflagowe.pl\/aktualne\/odpolitycznienie-przedsiebiorstw-panstwowych-obajtek-to-nonsens\/","name":"Odpolitycznienie przedsi\u0119biorstw pa\u0144stwowych? Obajtek: \u201eTo nonsens\u201d - POGOTOWIE FLAGOWE\u00ae","isPartOf":{"@id":"https:\/\/www.pogotowieflagowe.pl\/aktualne\/#website"},"primaryImageOfPage":{"@id":"https:\/\/www.pogotowieflagowe.pl\/aktualne\/odpolitycznienie-przedsiebiorstw-panstwowych-obajtek-to-nonsens\/#primaryimage"},"image":{"@id":"https:\/\/www.pogotowieflagowe.pl\/aktualne\/odpolitycznienie-przedsiebiorstw-panstwowych-obajtek-to-nonsens\/#primaryimage"},"thumbnailUrl":"https:\/\/www.pogotowieflagowe.pl\/aktualne\/wp-content\/uploads\/2025\/10\/Odpolitycznienie-przedsiebiorstw-panstwowych-Obajtek-\u201eTo-nonsens.webp.webp","datePublished":"2025-10-26T13:37:49+00:00","dateModified":"2025-10-26T13:37:51+00:00","breadcrumb":{"@id":"https:\/\/www.pogotowieflagowe.pl\/aktualne\/odpolitycznienie-przedsiebiorstw-panstwowych-obajtek-to-nonsens\/#breadcrumb"},"inLanguage":"pl-PL","potentialAction":[{"@type":"ReadAction","target":["https:\/\/www.pogotowieflagowe.pl\/aktualne\/odpolitycznienie-przedsiebiorstw-panstwowych-obajtek-to-nonsens\/"]}]},{"@type":"ImageObject","inLanguage":"pl-PL","@id":"https:\/\/www.pogotowieflagowe.pl\/aktualne\/odpolitycznienie-przedsiebiorstw-panstwowych-obajtek-to-nonsens\/#primaryimage","url":"https:\/\/www.pogotowieflagowe.pl\/aktualne\/wp-content\/uploads\/2025\/10\/Odpolitycznienie-przedsiebiorstw-panstwowych-Obajtek-\u201eTo-nonsens.webp.webp","contentUrl":"https:\/\/www.pogotowieflagowe.pl\/aktualne\/wp-content\/uploads\/2025\/10\/Odpolitycznienie-przedsiebiorstw-panstwowych-Obajtek-\u201eTo-nonsens.webp.webp","width":1280,"height":720,"caption":"Odpolitycznienie przedsi\u0119biorstw pa\u0144stwowych? Obajtek: \u201eTo nonsens\u201d"},{"@type":"BreadcrumbList","@id":"https:\/\/www.pogotowieflagowe.pl\/aktualne\/odpolitycznienie-przedsiebiorstw-panstwowych-obajtek-to-nonsens\/#breadcrumb","itemListElement":[{"@type":"ListItem","position":1,"name":"Home","item":"https:\/\/www.pogotowieflagowe.pl\/aktualne\/"},{"@type":"ListItem","position":2,"name":"Odpolitycznienie przedsi\u0119biorstw pa\u0144stwowych? Obajtek: \u201eTo nonsens\u201d"}]},{"@type":"WebSite","@id":"https:\/\/www.pogotowieflagowe.pl\/aktualne\/#website","url":"https:\/\/www.pogotowieflagowe.pl\/aktualne\/","name":"POGOTOWIE FLAGOWE\u00ae","description":"","publisher":{"@id":"https:\/\/www.pogotowieflagowe.pl\/aktualne\/#organization"},"potentialAction":[{"@type":"SearchAction","target":{"@type":"EntryPoint","urlTemplate":"https:\/\/www.pogotowieflagowe.pl\/aktualne\/?s={search_term_string}"},"query-input":"required name=search_term_string"}],"inLanguage":"pl-PL"},{"@type":"Organization","@id":"https:\/\/www.pogotowieflagowe.pl\/aktualne\/#organization","name":"POGOTOWIE FLAGOWE\u00ae","url":"https:\/\/www.pogotowieflagowe.pl\/aktualne\/","logo":{"@type":"ImageObject","inLanguage":"pl-PL","@id":"https:\/\/www.pogotowieflagowe.pl\/aktualne\/#\/schema\/logo\/image\/","url":"https:\/\/www.pogotowieflagowe.pl\/aktualne\/wp-content\/uploads\/2024\/08\/cropped-pogotowieflagowe_flaga_projekt_sm.jpg","contentUrl":"https:\/\/www.pogotowieflagowe.pl\/aktualne\/wp-content\/uploads\/2024\/08\/cropped-pogotowieflagowe_flaga_projekt_sm.jpg","width":250,"height":143,"caption":"POGOTOWIE FLAGOWE\u00ae"},"image":{"@id":"https:\/\/www.pogotowieflagowe.pl\/aktualne\/#\/schema\/logo\/image\/"}},{"@type":"Person","@id":"https:\/\/www.pogotowieflagowe.pl\/aktualne\/#\/schema\/person\/9c2fb7d2362ebf6fa088960d7f0d27b0","name":"Filip","image":{"@type":"ImageObject","inLanguage":"pl-PL","@id":"https:\/\/www.pogotowieflagowe.pl\/aktualne\/#\/schema\/person\/image\/","url":"https:\/\/www.pogotowieflagowe.pl\/aktualne\/wp-content\/uploads\/2024\/08\/pogotowieflagowe.pl_.jpg","contentUrl":"https:\/\/www.pogotowieflagowe.pl\/aktualne\/wp-content\/uploads\/2024\/08\/pogotowieflagowe.pl_.jpg","caption":"Filip"},"description":"Jestem Filip, polski dziennikarz z dyplomem nauk politycznych Uniwersytetu Warszawskiego. Rozpoczynaj\u0105c swoj\u0105 karier\u0119 w r\u00f3\u017cnych lokalnych mediach, zdoby\u0142em solidne do\u015bwiadczenie w zakresie \u015bledztwa i redakcji. Obecnie jako redaktor w Pogotowie flagowe, staram si\u0119 dostarcza\u0107 dog\u0142\u0119bne i istotne analizy na temat najwa\u017cniejszych kwestii aktualno\u015bci, \u0142\u0105cz\u0105c rygor z pasj\u0105 dziennikarsk\u0105.","sameAs":["https:\/\/www.pogotowieflagowe.pl\/"]}]}},"_links":{"self":[{"href":"https:\/\/www.pogotowieflagowe.pl\/aktualne\/wp-json\/wp\/v2\/posts\/9829","targetHints":{"allow":["GET"]}}],"collection":[{"href":"https:\/\/www.pogotowieflagowe.pl\/aktualne\/wp-json\/wp\/v2\/posts"}],"about":[{"href":"https:\/\/www.pogotowieflagowe.pl\/aktualne\/wp-json\/wp\/v2\/types\/post"}],"author":[{"embeddable":true,"href":"https:\/\/www.pogotowieflagowe.pl\/aktualne\/wp-json\/wp\/v2\/users\/1"}],"replies":[{"embeddable":true,"href":"https:\/\/www.pogotowieflagowe.pl\/aktualne\/wp-json\/wp\/v2\/comments?post=9829"}],"version-history":[{"count":1,"href":"https:\/\/www.pogotowieflagowe.pl\/aktualne\/wp-json\/wp\/v2\/posts\/9829\/revisions"}],"predecessor-version":[{"id":9831,"href":"https:\/\/www.pogotowieflagowe.pl\/aktualne\/wp-json\/wp\/v2\/posts\/9829\/revisions\/9831"}],"wp:featuredmedia":[{"embeddable":true,"href":"https:\/\/www.pogotowieflagowe.pl\/aktualne\/wp-json\/wp\/v2\/media\/9830"}],"wp:attachment":[{"href":"https:\/\/www.pogotowieflagowe.pl\/aktualne\/wp-json\/wp\/v2\/media?parent=9829"}],"wp:term":[{"taxonomy":"category","embeddable":true,"href":"https:\/\/www.pogotowieflagowe.pl\/aktualne\/wp-json\/wp\/v2\/categories?post=9829"},{"taxonomy":"post_tag","embeddable":true,"href":"https:\/\/www.pogotowieflagowe.pl\/aktualne\/wp-json\/wp\/v2\/tags?post=9829"}],"curies":[{"name":"wp","href":"https:\/\/api.w.org\/{rel}","templated":true}]}}