{"id":9832,"date":"2025-10-26T15:10:23","date_gmt":"2025-10-26T14:10:23","guid":{"rendered":"https:\/\/www.pogotowieflagowe.pl\/aktualne\/mateusz-morawiecki-na-kongresie-pis-wisi-nad-nami-miecz-damoklesa-polsce-grozi-bankructwo\/"},"modified":"2025-10-26T15:10:25","modified_gmt":"2025-10-26T14:10:25","slug":"mateusz-morawiecki-na-kongresie-pis-wisi-nad-nami-miecz-damoklesa-polsce-grozi-bankructwo","status":"publish","type":"post","link":"https:\/\/www.pogotowieflagowe.pl\/aktualne\/mateusz-morawiecki-na-kongresie-pis-wisi-nad-nami-miecz-damoklesa-polsce-grozi-bankructwo\/","title":{"rendered":"Mateusz Morawiecki na kongresie PiS: \u201eWisi nad nami miecz Damoklesa, Polsce grozi bankructwo\u201d"},"content":{"rendered":"\n<div class=\"td_block_wrap tdb_single_content tdi_41 td-pb-border-top td_block_template_8 td-post-content tagdiv-type\" data-td-block-uid=\"tdi_41\">\n<style>.tdi_41{margines-top:0px!important;margin-bottom:0px!important;dope\u0142nienie-g\u00f3ra:0px!important;dope\u0142nienie-d\u00f3\u0142:0px!important}<\/style>\n<style>.tdb_single_content{margin-bottom:0;*zoom:1}.tdb_single_content:before,.tdb_single_content:after{display:table;content:'';line-height:0}.tdb_single_content:after{clear:both}.tdb_single_content .tdb-block-inner>*:not(.wp-block-quote):not(.alignwide):not(.alignfull.wp-block-cover.has-parallax):not(.td-a-ad){margin-left:auto;margin-right:auto}.tdb_single_content a{pointer-events:auto}.tdb_single_content .td-spot-id-top_ad .tdc-placeholder-title:before{content:'Article Top Ad'!important}.tdb_single_content .td-spot-id-inline_ad0 .tdc-placeholder-title:before{content:'Article Reklama wbudowana 1'!important}.tdb_single_content .td-spot-id-inline_ad1 .tdc-placeholder-title:before{content:'Reklama wbudowana w artyku\u0142 2'!important}.tdb_single_content .td-spot-id-inline_ad2 .tdc-placeholder-title:before{content:'Reklama w tek\u015bcie artyku\u0142u 3'!important}.tdb_single_content .td-spot-id-bottom_ad .tdc-placeholder-title:before{content:'Article Bottom Ad'!important}.tdb_single_content .id_top_ad,.tdb_single_content .id_bottom_ad{clear:both;margin-bottom:21px;text-align:center}.tdb_single_content .id_top_ad img,.tdb_single_content .id_bottom_ad img{margin-bottom:0}.tdb_single_content .id_top_ad .adsbygoogle,.tdb_single_content .id_bottom_ad .adsbygoogle{position:relative}.tdb_single_content .id_ad_content-horiz-left,.tdb_single_content .id_ad_content-horiz-right,.tdb_single_content .id_ad_content-horiz-center{margin-bottom:15px}.tdb_single_content .id_ad_content-horiz-left img,.tdb_single_content .id_ad_content-horiz-right img,.tdb_single_content .id_ad_content-horiz-center img{margin-bottom:0}.tdb_single_content .id_ad_content-horiz-center{text-align:center}.tdb_single_content .id_ad_content-horiz-center img{margin-right:auto;margin-left:auto}.tdb_single_content .id_ad_content-horiz-left{float:left;margin-top:9px;margin-right:21px}.tdb_single_content .id_ad_content-horiz-right{float:right;margin-top:6px;margin-left:21px}.tdb_single_content .tdc-a-ad .tdc-placeholder-title{width:300px;height:250px}.tdb_single_content .tdc-a-ad .tdc-placeholder-title:before{position:absolute;top:50%;-webkit-transform:translateY(-50%);transform:translateY(-50%);margin:auto;display:table;width:100%}.tdb_single_content .tdb-block-inner.td-fix-index{word-break:break-word}.tdi_41,.tdi_41>p,.tdi_41 .tdb-block-inner>p,.wp-block-column>p{font-size:16px!important;line-height:1.6!important}.tdi_41 .tdb-block-inner cytat blokowy p{font-style:normal!important}@media (max-width:767px){.tdb_single_content .id_ad_content-horiz-left,.tdb_single_content .id_ad_content-horiz-right,.tdb_single_content .id_ad_content-horiz-center{margin:0 auto 26 pikseli auto}}@media (max-width:767px){.tdb_single_content .id_ad_content-horiz-left{margin-right:0}}@media (max-width:767px){.tdb_single_content .id_ad_content-horiz-right{margin-left:0}}@media (max-width:767px){.tdb_single_content .td-a-ad{float:none;text-align:center}.tdb_single_content .td-a-ad img{margin-right:auto;margin-left:auto}.tdb_single_content .tdc-a-ad{float:none}}<\/style>\n<div class=\"tdb-block-inner td-fix-index\">\n<p><strong>\u201eJe\u015bli chodzi o finanse, wisi nad nami miecz Damoklesa \u2013 Polsce grozi bankructwo\u201d<\/strong> przyzna\u0142 by\u0142y premier Mateusz Morawiecki podczas debaty na Kongresie Programowym <em>My\u015bl\u0105ca Polska<\/em> (<em>My\u015bl\u0105c Polska<\/em>). <strong>&#8222;\u017byjemy w czasach wielkich zmian i trzeba oszcz\u0119dza\u0107 pieni\u0105dze na chude lata. Je\u015bli mia\u0142bym da\u0107 rad\u0119 mojemu nast\u0119pcy, panu Tuskowi, to powiedzia\u0142bym, \u017ce absolutnie potrzebny jest program zaostrzenia \u015bci\u0105galno\u015bci podatku VAT, CIT i akcyzy. To jest nudne \u2013 pan Tusk tego nie lubi. Ale bez tego nie da si\u0119 zapanowa\u0107 nad finansami publicznymi.&#8221;<\/strong><\/p>\n<p>Na <em>Prawo i Sprawiedliwo\u015b\u0107<\/em> (<em>PiS<\/em>) Kongres Programowy <em>My\u015bl\u0105ca Polska<\/em> (<em>My\u015bl\u0105c Polska<\/em>) w Katowicach politycy, naukowcy i dziennikarze debatowali dzi\u015b na temat stanu finans\u00f3w publicznych. Dyskusj\u0119 moderowa\u0142 by\u0142y premier Mateusz Morawiecki.<\/p>\n<h2 class=\"wp-block-heading\"><strong>\u201eFinanse s\u0105 dzi\u015b jak regaty na p\u0142ytkich wodach\u201d<\/strong> <\/h2>\n<p><strong>&#8222;W finansach zmierzamy ku krachowi. Za dziesi\u0119\u0107 lat grozi nam bankructwo, je\u015bli nic si\u0119 nie zmieni,<strong>\u201e<\/strong><\/strong>  \u2013 powiedzia\u0142 dziennikarz Tomasz Wr\u00f3blewski, prezes warszawskiego think tanku <em>Warszawski Instytut Przedsi\u0119biorczo\u015bci<\/em>podczas dzisiejszej debaty na temat finans\u00f3w publicznych.<strong><em> <\/em>&#8222;Jako kraj b\u0119dziemy obci\u0105\u017ceni podatkami ETS i ETS2 oraz problemami demograficznymi. Przek\u0142ada si\u0119 to na pogorszenie perspektyw finansowych \u2013 na przyk\u0142ad dzisiaj stracili\u015bmy kolejny punkt w rankingach przejrzysto\u015bci podatkowej. Wci\u0105\u017c \u201eoz\u0142amiamy\u201d wszystkie unijne regulacje, komplikuj\u0105c prawo. Procedura ubiegania si\u0119 o wsparcie jest niezwykle skomplikowana. Problemem jest tak\u017ce s\u0142u\u017cba zdrowia \u2013 jak zauwa\u017cy\u0142 Prezydent Jaros\u0142aw Kaczy\u0144ski, wydajemy coraz wi\u0119cej pieni\u0119dzy, ale jako\u015b\u0107 pozostaje niezadowalaj\u0105ca. Pod tym wzgl\u0119dem r\u00f3wnie\u017c wyst\u0119puj\u0105 du\u017ce dysproporcje \u2013 bogatsi maj\u0105 znacznie lepszy dost\u0119p do opieki ni\u017c ci, kt\u00f3rych nie sta\u0107 na prywatne leczenie. Wydatki publiczne s\u0105 dzi\u015b jak regaty na p\u0142ytkich wodach \u2013 pr\u0119dzej czy p\u00f3\u017aniej wszyscy uderzymy w piasek. My\u015bl\u0119 jednak, \u017ce boom finansowy, jaki widzieli\u015bmy za rz\u0105d\u00f3w Prawa i Sprawiedliwo\u015bci, jest znowu mo\u017cliwy.\u201d<\/strong><\/p>\n<h2 class=\"wp-block-heading\"><strong>\u201ePolityka jak sen J\u00f3zefa w Egipcie\u201d<\/strong><\/h2>\n<p>Ekonomista profesor \u0141ukasz Hardt, by\u0142y cz\u0142onek <em>Rada Polityki Pieni\u0119\u017cnej<\/em> (<em>Rada Polityki Pieni\u0119\u017cnej<\/em>), zgodzi\u0142a si\u0119 z dziennikark\u0105, \u017ce \u017cyjemy w czasach powa\u017cnych przemian i musimy szuka\u0107 nowych rozwi\u0105za\u0144.<\/p>\n<p><strong>&#8222;Polityka fiskalna \u2013 z czym zgadza si\u0119 wi\u0119kszo\u015b\u0107 ekonomist\u00f3w \u2013 powinna dzia\u0142a\u0107 tak, jak J\u00f3zef wyja\u015bni\u0142 biblijny sen faraona: w dobrych latach budowa\u0107 rezerwy na trudniejsze czasy. Dlaczego uda\u0142o nam si\u0119 przetrwa\u0107 pandemi\u0119? Poniewa\u017c zbudowali\u015bmy rezerwy. Teraz trzeba ponownie przemy\u015ble\u0107 polityk\u0119 gospodarcz\u0105. Oczywi\u015bcie nie ma z\u0142otej recepty na finanse publiczne \u2013 trzeba je stale aktualizowa\u0107. Je\u015bli chodzi o rozwi\u0105zania, musimy ryzykowa\u0107. Rz\u0105d PiS uda\u0142o si\u0119 zamkn\u0105\u0107 luk\u0119 w podatku VAT, ale system ten wymaga smarowania, w przeciwnym razie jego skuteczno\u015b\u0107 spadnie. W Polsce s\u0105 jeszcze sektory, w kt\u00f3rych s\u0105 pieni\u0105dze. Poniewa\u017c musimy inwestowa\u0107 w obronno\u015b\u0107, proponowa\u0142bym na przyk\u0142ad obligacje obronne\u201d.<\/strong><\/p>\n<p>By\u0142y wiceminister finans\u00f3w Piotr Patkowski uwa\u017ca, \u017ce \u200b\u200bmamy do czynienia z efektem kuli \u015bnie\u017cnej \u2013 nawet przy ni\u017cszych podatkach deficyt b\u0119dzie nadal r\u00f3s\u0142. Jego zdaniem problem nie le\u017cy w tzw <em>800+<\/em> program; to nie wydatki socjalne s\u0105 przyczyn\u0105 deficytu, ale z\u0142e zarz\u0105dzanie.<\/p>\n<h2 class=\"wp-block-heading\"><strong>\u201eBruksela wie najlepiej? Nie, nie\u201d<\/strong><\/h2>\n<p>By\u0142a Minister Funduszy i Polityki Regionalnej oraz samorz\u0105dowiec Ma\u0142gorzata Jarosi\u0144ska-Jedynak przestrzeg\u0142a podczas debaty, \u017ce rok 2026 b\u0119dzie rokiem \u201emartwym\u201d dla gmin, powiat\u00f3w i region\u00f3w \u2013 nie b\u0119dzie pieni\u0119dzy na lokalne inwestycje. <strong>&#8222;Wsparcie potrzebne jest nie tylko metropoliom, ale i mniejszym miastom &#8211; r\u00f3wnomiernie roz\u0142o\u017conym. Tak by\u0142o za Polskiego \u0141adu, kiedy budowano now\u0105 infrastruktur\u0119, drogi i mosty. Dzi\u015b mamy centralizacj\u0119 i powa\u017cne b\u0142\u0119dy. Jest np. pakiet dla region\u00f3w wschodnich, ale tylko tych granicz\u0105cych z Rosj\u0105 i Ukrain\u0105, a nie Bia\u0142orusi. Samorz\u0105dy musz\u0105 mie\u0107 wi\u0119ksze kompetencje, \u017ceby ubiega\u0107 si\u0119 o dofinansowanie, i potrzebuj\u0105 dobrze zaprojektowanych program\u00f3w, aby z niego korzysta\u0107. Bruksela zachowuje si\u0119, jakby wiedzia\u0142a najlepiej. Nie, tak nie jest. To samorz\u0105dy najlepiej wiedz\u0105, jak wywi\u0105zywa\u0107 si\u0119 ze swoich obowi\u0105zk\u00f3w.\u201d<\/strong><\/p>\n<h2 class=\"wp-block-heading\"><strong>\u201eKr\u00f3luje nieostro\u017cno\u015b\u0107, ale potrzebujemy biznesu narodowego\u201d<\/strong><\/h2>\n<p>Analityk i dziennikarz Eugeniusz Romer zwr\u00f3ci\u0142 uwag\u0119, \u017ce Polska przeznacza obecnie na obronno\u015b\u0107 4,7 proc. swojego PKB \u2013 co stanowi jedn\u0105 trzeci\u0105 jej dochod\u00f3w \u2013 i \u017ce sytuacja ta b\u0119dzie si\u0119 utrzymywa\u0107 przez dziesi\u0119ciolecia.<\/p>\n<p>Uczestnicy panelu podkre\u015blali potrzeb\u0119 wprowadzenia nowych regulacji dotycz\u0105cych s\u0142u\u017cb specjalnych. <strong>\u201eNie wysz\u0142o tak, jak niekt\u00f3rzy liczyli \u2013 \u017ce Rosja w ci\u0105gu kilku lat upadnie,<strong>\u201e<\/strong><\/strong>  wyja\u015bni\u0142 Romer. <strong><strong>\u201e<\/strong>Rosja jest silniejsza, jej gospodarka przestawi\u0142a si\u0119 na produkcj\u0119 wojenn\u0105 i wykorzystuje sztuczn\u0105 inteligencj\u0119. Musimy si\u0119 uzbroi\u0107 \u2013 chocia\u017c w finansach powinien to by\u0107 maraton, a nie sprint. W tej chwili panuje nieostro\u017cno\u015b\u0107. Mamy strategi\u0119, ale jest ona nieaktualna \u2013 dokument pochodzi z 2020 roku. Powsta\u0142 nowy projekt, ale nie uwzgl\u0119dnia migracji ani zagro\u017ce\u0144 ze strony Rosji. Dzi\u015b we wsp\u00f3\u0142czesnej wojnie chodzi o drony \u2013 Ukraina u\u017cywa ich dziennie oko\u0142o 9 tys. i sama je produkuje. To lekcja! We wra\u017cliwych sektorach musimy mie\u0107 produkcj\u0119 krajow\u0105. Niemcy i Francuzi spieraj\u0105 si\u0119 o to, kto zbuduje my\u015bliwce nowej generacji. Inwestuj\u0105 we w\u0142asne bran\u017ce. Polska musi zintensyfikowa\u0107 dzia\u0142ania i produkowa\u0107 w\u0142asn\u0105 bro\u0144 i uzbrojenie \u2013 to kwestia suwerenno\u015bci\u201d.<\/strong><\/p>\n<h2 class=\"wp-block-heading\"><strong>\u201eWisi nad nami miecz Damoklesa\u201d<\/strong><\/h2>\n<p><strong>\u201eJe\u015bli chodzi o finanse, wisi nad nami miecz Damoklesa \u2013 Polsce grozi bankructwo,<strong><strong>\u201e<\/strong><\/strong><\/strong>  podsumowa\u0142 by\u0142y premier Mateusz Morawiecki. \u201e<strong>\u017byjemy w czasach wielkich zmian i konieczne jest oszcz\u0119dzanie pieni\u0119dzy na chude lata. Je\u015bli mia\u0142bym da\u0107 rad\u0119 mojemu nast\u0119pcy, panu Tuskowi, to powiedzia\u0142bym, \u017ce absolutnie potrzebny jest program zaostrzenia \u015bci\u0105galno\u015bci podatk\u00f3w VAT, CIT i akcyzy. To nudne \u2013 pan Tusk tego nie lubi. Ale bez tego nie uda si\u0119 zapanowa\u0107 nad finansami publicznymi. Je\u015bli chodzi o inwestycje, musimy skupi\u0107 si\u0119 na obronno\u015bci, regionach i podregionach. To warunek sine qua non sukcesu.\u201d<\/strong><\/p>\n<\/div>\n<\/div>\n","protected":false},"excerpt":{"rendered":"<p>\u201eJe\u015bli chodzi o finanse, wisi nad nami miecz Damoklesa \u2013 Polsce grozi bankructwo\u201d przyzna\u0142 by\u0142y premier Mateusz Morawiecki podczas debaty<\/p>\n","protected":false},"author":1,"featured_media":9833,"comment_status":"open","ping_status":"open","sticky":false,"template":"","format":"standard","meta":{"footnotes":""},"categories":[4748],"tags":[1223,11342,1222,6778,3761,11341,419,552,1289,166,60,11340],"class_list":["post-9832","post","type-post","status-publish","format-standard","has-post-thumbnail","hentry","category-aktualne","tag-bankructwo","tag-damoklesa","tag-grozi","tag-kongresie","tag-mateusz","tag-miecz","tag-morawiecki","tag-nad","tag-nami","tag-pis","tag-polsce","tag-wisi","generate-columns","tablet-grid-50","mobile-grid-100","grid-parent","grid-50","resize-featured-image"],"yoast_head":"<!-- This site is optimized with the Yoast SEO plugin v23.2 - https:\/\/yoast.com\/wordpress\/plugins\/seo\/ -->\n<title>Mateusz Morawiecki na kongresie PiS: \u201eWisi nad nami miecz Damoklesa, Polsce grozi bankructwo\u201d - POGOTOWIE FLAGOWE\u00ae<\/title>\n<meta name=\"robots\" content=\"index, follow, max-snippet:-1, max-image-preview:large, max-video-preview:-1\" \/>\n<link rel=\"canonical\" href=\"https:\/\/www.pogotowieflagowe.pl\/aktualne\/mateusz-morawiecki-na-kongresie-pis-wisi-nad-nami-miecz-damoklesa-polsce-grozi-bankructwo\/\" \/>\n<meta property=\"og:locale\" content=\"pl_PL\" \/>\n<meta property=\"og:type\" content=\"article\" \/>\n<meta property=\"og:title\" content=\"Mateusz Morawiecki na kongresie PiS: \u201eWisi nad nami miecz Damoklesa, Polsce grozi bankructwo\u201d - POGOTOWIE FLAGOWE\u00ae\" \/>\n<meta property=\"og:description\" content=\"\u201eJe\u015bli chodzi o finanse, wisi nad nami miecz Damoklesa \u2013 Polsce grozi bankructwo\u201d przyzna\u0142 by\u0142y premier Mateusz Morawiecki podczas debaty\" \/>\n<meta property=\"og:url\" content=\"https:\/\/www.pogotowieflagowe.pl\/aktualne\/mateusz-morawiecki-na-kongresie-pis-wisi-nad-nami-miecz-damoklesa-polsce-grozi-bankructwo\/\" \/>\n<meta property=\"og:site_name\" content=\"POGOTOWIE FLAGOWE\u00ae\" \/>\n<meta property=\"article:published_time\" content=\"2025-10-26T14:10:23+00:00\" \/>\n<meta property=\"article:modified_time\" content=\"2025-10-26T14:10:25+00:00\" \/>\n<meta property=\"og:image\" content=\"https:\/\/www.pogotowieflagowe.pl\/aktualne\/wp-content\/uploads\/2025\/10\/Mateusz-Morawiecki-na-kongresie-PiS-\u201eWisi-nad-nami-miecz-Damoklesa.webp.webp\" \/>\n\t<meta property=\"og:image:width\" content=\"1280\" \/>\n\t<meta property=\"og:image:height\" content=\"720\" \/>\n\t<meta property=\"og:image:type\" content=\"image\/webp\" \/>\n<meta name=\"author\" content=\"Filip\" \/>\n<meta name=\"twitter:card\" content=\"summary_large_image\" \/>\n<meta name=\"twitter:label1\" content=\"Napisane przez\" \/>\n\t<meta name=\"twitter:data1\" content=\"Filip\" \/>\n\t<meta name=\"twitter:label2\" content=\"Szacowany czas czytania\" \/>\n\t<meta name=\"twitter:data2\" content=\"5 minut\" \/>\n<script type=\"application\/ld+json\" class=\"yoast-schema-graph\">{\"@context\":\"https:\/\/schema.org\",\"@graph\":[{\"@type\":\"Article\",\"@id\":\"https:\/\/www.pogotowieflagowe.pl\/aktualne\/mateusz-morawiecki-na-kongresie-pis-wisi-nad-nami-miecz-damoklesa-polsce-grozi-bankructwo\/#article\",\"isPartOf\":{\"@id\":\"https:\/\/www.pogotowieflagowe.pl\/aktualne\/mateusz-morawiecki-na-kongresie-pis-wisi-nad-nami-miecz-damoklesa-polsce-grozi-bankructwo\/\"},\"author\":{\"name\":\"Filip\",\"@id\":\"https:\/\/www.pogotowieflagowe.pl\/aktualne\/#\/schema\/person\/9c2fb7d2362ebf6fa088960d7f0d27b0\"},\"headline\":\"Mateusz Morawiecki na kongresie PiS: \u201eWisi nad nami miecz Damoklesa, Polsce grozi bankructwo\u201d\",\"datePublished\":\"2025-10-26T14:10:23+00:00\",\"dateModified\":\"2025-10-26T14:10:25+00:00\",\"mainEntityOfPage\":{\"@id\":\"https:\/\/www.pogotowieflagowe.pl\/aktualne\/mateusz-morawiecki-na-kongresie-pis-wisi-nad-nami-miecz-damoklesa-polsce-grozi-bankructwo\/\"},\"wordCount\":992,\"commentCount\":0,\"publisher\":{\"@id\":\"https:\/\/www.pogotowieflagowe.pl\/aktualne\/#organization\"},\"image\":{\"@id\":\"https:\/\/www.pogotowieflagowe.pl\/aktualne\/mateusz-morawiecki-na-kongresie-pis-wisi-nad-nami-miecz-damoklesa-polsce-grozi-bankructwo\/#primaryimage\"},\"thumbnailUrl\":\"https:\/\/www.pogotowieflagowe.pl\/aktualne\/wp-content\/uploads\/2025\/10\/Mateusz-Morawiecki-na-kongresie-PiS-\u201eWisi-nad-nami-miecz-Damoklesa.webp.webp\",\"keywords\":[\"bankructwo\",\"Damoklesa\",\"grozi\",\"kongresie\",\"Mateusz\",\"miecz\",\"Morawiecki\",\"nad\",\"nami\",\"PiS\",\"Polsce\",\"Wisi\"],\"articleSection\":[\"Aktualne\"],\"inLanguage\":\"pl-PL\",\"potentialAction\":[{\"@type\":\"CommentAction\",\"name\":\"Comment\",\"target\":[\"https:\/\/www.pogotowieflagowe.pl\/aktualne\/mateusz-morawiecki-na-kongresie-pis-wisi-nad-nami-miecz-damoklesa-polsce-grozi-bankructwo\/#respond\"]}]},{\"@type\":\"WebPage\",\"@id\":\"https:\/\/www.pogotowieflagowe.pl\/aktualne\/mateusz-morawiecki-na-kongresie-pis-wisi-nad-nami-miecz-damoklesa-polsce-grozi-bankructwo\/\",\"url\":\"https:\/\/www.pogotowieflagowe.pl\/aktualne\/mateusz-morawiecki-na-kongresie-pis-wisi-nad-nami-miecz-damoklesa-polsce-grozi-bankructwo\/\",\"name\":\"Mateusz Morawiecki na kongresie PiS: \u201eWisi nad nami miecz Damoklesa, Polsce grozi bankructwo\u201d - POGOTOWIE FLAGOWE\u00ae\",\"isPartOf\":{\"@id\":\"https:\/\/www.pogotowieflagowe.pl\/aktualne\/#website\"},\"primaryImageOfPage\":{\"@id\":\"https:\/\/www.pogotowieflagowe.pl\/aktualne\/mateusz-morawiecki-na-kongresie-pis-wisi-nad-nami-miecz-damoklesa-polsce-grozi-bankructwo\/#primaryimage\"},\"image\":{\"@id\":\"https:\/\/www.pogotowieflagowe.pl\/aktualne\/mateusz-morawiecki-na-kongresie-pis-wisi-nad-nami-miecz-damoklesa-polsce-grozi-bankructwo\/#primaryimage\"},\"thumbnailUrl\":\"https:\/\/www.pogotowieflagowe.pl\/aktualne\/wp-content\/uploads\/2025\/10\/Mateusz-Morawiecki-na-kongresie-PiS-\u201eWisi-nad-nami-miecz-Damoklesa.webp.webp\",\"datePublished\":\"2025-10-26T14:10:23+00:00\",\"dateModified\":\"2025-10-26T14:10:25+00:00\",\"breadcrumb\":{\"@id\":\"https:\/\/www.pogotowieflagowe.pl\/aktualne\/mateusz-morawiecki-na-kongresie-pis-wisi-nad-nami-miecz-damoklesa-polsce-grozi-bankructwo\/#breadcrumb\"},\"inLanguage\":\"pl-PL\",\"potentialAction\":[{\"@type\":\"ReadAction\",\"target\":[\"https:\/\/www.pogotowieflagowe.pl\/aktualne\/mateusz-morawiecki-na-kongresie-pis-wisi-nad-nami-miecz-damoklesa-polsce-grozi-bankructwo\/\"]}]},{\"@type\":\"ImageObject\",\"inLanguage\":\"pl-PL\",\"@id\":\"https:\/\/www.pogotowieflagowe.pl\/aktualne\/mateusz-morawiecki-na-kongresie-pis-wisi-nad-nami-miecz-damoklesa-polsce-grozi-bankructwo\/#primaryimage\",\"url\":\"https:\/\/www.pogotowieflagowe.pl\/aktualne\/wp-content\/uploads\/2025\/10\/Mateusz-Morawiecki-na-kongresie-PiS-\u201eWisi-nad-nami-miecz-Damoklesa.webp.webp\",\"contentUrl\":\"https:\/\/www.pogotowieflagowe.pl\/aktualne\/wp-content\/uploads\/2025\/10\/Mateusz-Morawiecki-na-kongresie-PiS-\u201eWisi-nad-nami-miecz-Damoklesa.webp.webp\",\"width\":1280,\"height\":720,\"caption\":\"Mateusz Morawiecki na kongresie PiS: \u201eWisi nad nami miecz Damoklesa, Polsce grozi bankructwo\u201d\"},{\"@type\":\"BreadcrumbList\",\"@id\":\"https:\/\/www.pogotowieflagowe.pl\/aktualne\/mateusz-morawiecki-na-kongresie-pis-wisi-nad-nami-miecz-damoklesa-polsce-grozi-bankructwo\/#breadcrumb\",\"itemListElement\":[{\"@type\":\"ListItem\",\"position\":1,\"name\":\"Home\",\"item\":\"https:\/\/www.pogotowieflagowe.pl\/aktualne\/\"},{\"@type\":\"ListItem\",\"position\":2,\"name\":\"Mateusz Morawiecki na kongresie PiS: \u201eWisi nad nami miecz Damoklesa, Polsce grozi bankructwo\u201d\"}]},{\"@type\":\"WebSite\",\"@id\":\"https:\/\/www.pogotowieflagowe.pl\/aktualne\/#website\",\"url\":\"https:\/\/www.pogotowieflagowe.pl\/aktualne\/\",\"name\":\"POGOTOWIE FLAGOWE\u00ae\",\"description\":\"\",\"publisher\":{\"@id\":\"https:\/\/www.pogotowieflagowe.pl\/aktualne\/#organization\"},\"potentialAction\":[{\"@type\":\"SearchAction\",\"target\":{\"@type\":\"EntryPoint\",\"urlTemplate\":\"https:\/\/www.pogotowieflagowe.pl\/aktualne\/?s={search_term_string}\"},\"query-input\":\"required name=search_term_string\"}],\"inLanguage\":\"pl-PL\"},{\"@type\":\"Organization\",\"@id\":\"https:\/\/www.pogotowieflagowe.pl\/aktualne\/#organization\",\"name\":\"POGOTOWIE FLAGOWE\u00ae\",\"url\":\"https:\/\/www.pogotowieflagowe.pl\/aktualne\/\",\"logo\":{\"@type\":\"ImageObject\",\"inLanguage\":\"pl-PL\",\"@id\":\"https:\/\/www.pogotowieflagowe.pl\/aktualne\/#\/schema\/logo\/image\/\",\"url\":\"https:\/\/www.pogotowieflagowe.pl\/aktualne\/wp-content\/uploads\/2024\/08\/cropped-pogotowieflagowe_flaga_projekt_sm.jpg\",\"contentUrl\":\"https:\/\/www.pogotowieflagowe.pl\/aktualne\/wp-content\/uploads\/2024\/08\/cropped-pogotowieflagowe_flaga_projekt_sm.jpg\",\"width\":250,\"height\":143,\"caption\":\"POGOTOWIE FLAGOWE\u00ae\"},\"image\":{\"@id\":\"https:\/\/www.pogotowieflagowe.pl\/aktualne\/#\/schema\/logo\/image\/\"}},{\"@type\":\"Person\",\"@id\":\"https:\/\/www.pogotowieflagowe.pl\/aktualne\/#\/schema\/person\/9c2fb7d2362ebf6fa088960d7f0d27b0\",\"name\":\"Filip\",\"image\":{\"@type\":\"ImageObject\",\"inLanguage\":\"pl-PL\",\"@id\":\"https:\/\/www.pogotowieflagowe.pl\/aktualne\/#\/schema\/person\/image\/\",\"url\":\"https:\/\/www.pogotowieflagowe.pl\/aktualne\/wp-content\/uploads\/2024\/08\/pogotowieflagowe.pl_.jpg\",\"contentUrl\":\"https:\/\/www.pogotowieflagowe.pl\/aktualne\/wp-content\/uploads\/2024\/08\/pogotowieflagowe.pl_.jpg\",\"caption\":\"Filip\"},\"description\":\"Jestem Filip, polski dziennikarz z dyplomem nauk politycznych Uniwersytetu Warszawskiego. Rozpoczynaj\u0105c swoj\u0105 karier\u0119 w r\u00f3\u017cnych lokalnych mediach, zdoby\u0142em solidne do\u015bwiadczenie w zakresie \u015bledztwa i redakcji. Obecnie jako redaktor w Pogotowie flagowe, staram si\u0119 dostarcza\u0107 dog\u0142\u0119bne i istotne analizy na temat najwa\u017cniejszych kwestii aktualno\u015bci, \u0142\u0105cz\u0105c rygor z pasj\u0105 dziennikarsk\u0105.\",\"sameAs\":[\"https:\/\/www.pogotowieflagowe.pl\/\"]}]}<\/script>\n<!-- \/ Yoast SEO plugin. -->","yoast_head_json":{"title":"Mateusz Morawiecki na kongresie PiS: \u201eWisi nad nami miecz Damoklesa, Polsce grozi bankructwo\u201d - POGOTOWIE FLAGOWE\u00ae","robots":{"index":"index","follow":"follow","max-snippet":"max-snippet:-1","max-image-preview":"max-image-preview:large","max-video-preview":"max-video-preview:-1"},"canonical":"https:\/\/www.pogotowieflagowe.pl\/aktualne\/mateusz-morawiecki-na-kongresie-pis-wisi-nad-nami-miecz-damoklesa-polsce-grozi-bankructwo\/","og_locale":"pl_PL","og_type":"article","og_title":"Mateusz Morawiecki na kongresie PiS: \u201eWisi nad nami miecz Damoklesa, Polsce grozi bankructwo\u201d - POGOTOWIE FLAGOWE\u00ae","og_description":"\u201eJe\u015bli chodzi o finanse, wisi nad nami miecz Damoklesa \u2013 Polsce grozi bankructwo\u201d przyzna\u0142 by\u0142y premier Mateusz Morawiecki podczas debaty","og_url":"https:\/\/www.pogotowieflagowe.pl\/aktualne\/mateusz-morawiecki-na-kongresie-pis-wisi-nad-nami-miecz-damoklesa-polsce-grozi-bankructwo\/","og_site_name":"POGOTOWIE FLAGOWE\u00ae","article_published_time":"2025-10-26T14:10:23+00:00","article_modified_time":"2025-10-26T14:10:25+00:00","og_image":[{"width":1280,"height":720,"url":"https:\/\/www.pogotowieflagowe.pl\/aktualne\/wp-content\/uploads\/2025\/10\/Mateusz-Morawiecki-na-kongresie-PiS-\u201eWisi-nad-nami-miecz-Damoklesa.webp.webp","type":"image\/webp"}],"author":"Filip","twitter_card":"summary_large_image","twitter_misc":{"Napisane przez":"Filip","Szacowany czas czytania":"5 minut"},"schema":{"@context":"https:\/\/schema.org","@graph":[{"@type":"Article","@id":"https:\/\/www.pogotowieflagowe.pl\/aktualne\/mateusz-morawiecki-na-kongresie-pis-wisi-nad-nami-miecz-damoklesa-polsce-grozi-bankructwo\/#article","isPartOf":{"@id":"https:\/\/www.pogotowieflagowe.pl\/aktualne\/mateusz-morawiecki-na-kongresie-pis-wisi-nad-nami-miecz-damoklesa-polsce-grozi-bankructwo\/"},"author":{"name":"Filip","@id":"https:\/\/www.pogotowieflagowe.pl\/aktualne\/#\/schema\/person\/9c2fb7d2362ebf6fa088960d7f0d27b0"},"headline":"Mateusz Morawiecki na kongresie PiS: \u201eWisi nad nami miecz Damoklesa, Polsce grozi bankructwo\u201d","datePublished":"2025-10-26T14:10:23+00:00","dateModified":"2025-10-26T14:10:25+00:00","mainEntityOfPage":{"@id":"https:\/\/www.pogotowieflagowe.pl\/aktualne\/mateusz-morawiecki-na-kongresie-pis-wisi-nad-nami-miecz-damoklesa-polsce-grozi-bankructwo\/"},"wordCount":992,"commentCount":0,"publisher":{"@id":"https:\/\/www.pogotowieflagowe.pl\/aktualne\/#organization"},"image":{"@id":"https:\/\/www.pogotowieflagowe.pl\/aktualne\/mateusz-morawiecki-na-kongresie-pis-wisi-nad-nami-miecz-damoklesa-polsce-grozi-bankructwo\/#primaryimage"},"thumbnailUrl":"https:\/\/www.pogotowieflagowe.pl\/aktualne\/wp-content\/uploads\/2025\/10\/Mateusz-Morawiecki-na-kongresie-PiS-\u201eWisi-nad-nami-miecz-Damoklesa.webp.webp","keywords":["bankructwo","Damoklesa","grozi","kongresie","Mateusz","miecz","Morawiecki","nad","nami","PiS","Polsce","Wisi"],"articleSection":["Aktualne"],"inLanguage":"pl-PL","potentialAction":[{"@type":"CommentAction","name":"Comment","target":["https:\/\/www.pogotowieflagowe.pl\/aktualne\/mateusz-morawiecki-na-kongresie-pis-wisi-nad-nami-miecz-damoklesa-polsce-grozi-bankructwo\/#respond"]}]},{"@type":"WebPage","@id":"https:\/\/www.pogotowieflagowe.pl\/aktualne\/mateusz-morawiecki-na-kongresie-pis-wisi-nad-nami-miecz-damoklesa-polsce-grozi-bankructwo\/","url":"https:\/\/www.pogotowieflagowe.pl\/aktualne\/mateusz-morawiecki-na-kongresie-pis-wisi-nad-nami-miecz-damoklesa-polsce-grozi-bankructwo\/","name":"Mateusz Morawiecki na kongresie PiS: \u201eWisi nad nami miecz Damoklesa, Polsce grozi bankructwo\u201d - POGOTOWIE FLAGOWE\u00ae","isPartOf":{"@id":"https:\/\/www.pogotowieflagowe.pl\/aktualne\/#website"},"primaryImageOfPage":{"@id":"https:\/\/www.pogotowieflagowe.pl\/aktualne\/mateusz-morawiecki-na-kongresie-pis-wisi-nad-nami-miecz-damoklesa-polsce-grozi-bankructwo\/#primaryimage"},"image":{"@id":"https:\/\/www.pogotowieflagowe.pl\/aktualne\/mateusz-morawiecki-na-kongresie-pis-wisi-nad-nami-miecz-damoklesa-polsce-grozi-bankructwo\/#primaryimage"},"thumbnailUrl":"https:\/\/www.pogotowieflagowe.pl\/aktualne\/wp-content\/uploads\/2025\/10\/Mateusz-Morawiecki-na-kongresie-PiS-\u201eWisi-nad-nami-miecz-Damoklesa.webp.webp","datePublished":"2025-10-26T14:10:23+00:00","dateModified":"2025-10-26T14:10:25+00:00","breadcrumb":{"@id":"https:\/\/www.pogotowieflagowe.pl\/aktualne\/mateusz-morawiecki-na-kongresie-pis-wisi-nad-nami-miecz-damoklesa-polsce-grozi-bankructwo\/#breadcrumb"},"inLanguage":"pl-PL","potentialAction":[{"@type":"ReadAction","target":["https:\/\/www.pogotowieflagowe.pl\/aktualne\/mateusz-morawiecki-na-kongresie-pis-wisi-nad-nami-miecz-damoklesa-polsce-grozi-bankructwo\/"]}]},{"@type":"ImageObject","inLanguage":"pl-PL","@id":"https:\/\/www.pogotowieflagowe.pl\/aktualne\/mateusz-morawiecki-na-kongresie-pis-wisi-nad-nami-miecz-damoklesa-polsce-grozi-bankructwo\/#primaryimage","url":"https:\/\/www.pogotowieflagowe.pl\/aktualne\/wp-content\/uploads\/2025\/10\/Mateusz-Morawiecki-na-kongresie-PiS-\u201eWisi-nad-nami-miecz-Damoklesa.webp.webp","contentUrl":"https:\/\/www.pogotowieflagowe.pl\/aktualne\/wp-content\/uploads\/2025\/10\/Mateusz-Morawiecki-na-kongresie-PiS-\u201eWisi-nad-nami-miecz-Damoklesa.webp.webp","width":1280,"height":720,"caption":"Mateusz Morawiecki na kongresie PiS: \u201eWisi nad nami miecz Damoklesa, Polsce grozi bankructwo\u201d"},{"@type":"BreadcrumbList","@id":"https:\/\/www.pogotowieflagowe.pl\/aktualne\/mateusz-morawiecki-na-kongresie-pis-wisi-nad-nami-miecz-damoklesa-polsce-grozi-bankructwo\/#breadcrumb","itemListElement":[{"@type":"ListItem","position":1,"name":"Home","item":"https:\/\/www.pogotowieflagowe.pl\/aktualne\/"},{"@type":"ListItem","position":2,"name":"Mateusz Morawiecki na kongresie PiS: \u201eWisi nad nami miecz Damoklesa, Polsce grozi bankructwo\u201d"}]},{"@type":"WebSite","@id":"https:\/\/www.pogotowieflagowe.pl\/aktualne\/#website","url":"https:\/\/www.pogotowieflagowe.pl\/aktualne\/","name":"POGOTOWIE FLAGOWE\u00ae","description":"","publisher":{"@id":"https:\/\/www.pogotowieflagowe.pl\/aktualne\/#organization"},"potentialAction":[{"@type":"SearchAction","target":{"@type":"EntryPoint","urlTemplate":"https:\/\/www.pogotowieflagowe.pl\/aktualne\/?s={search_term_string}"},"query-input":"required name=search_term_string"}],"inLanguage":"pl-PL"},{"@type":"Organization","@id":"https:\/\/www.pogotowieflagowe.pl\/aktualne\/#organization","name":"POGOTOWIE FLAGOWE\u00ae","url":"https:\/\/www.pogotowieflagowe.pl\/aktualne\/","logo":{"@type":"ImageObject","inLanguage":"pl-PL","@id":"https:\/\/www.pogotowieflagowe.pl\/aktualne\/#\/schema\/logo\/image\/","url":"https:\/\/www.pogotowieflagowe.pl\/aktualne\/wp-content\/uploads\/2024\/08\/cropped-pogotowieflagowe_flaga_projekt_sm.jpg","contentUrl":"https:\/\/www.pogotowieflagowe.pl\/aktualne\/wp-content\/uploads\/2024\/08\/cropped-pogotowieflagowe_flaga_projekt_sm.jpg","width":250,"height":143,"caption":"POGOTOWIE FLAGOWE\u00ae"},"image":{"@id":"https:\/\/www.pogotowieflagowe.pl\/aktualne\/#\/schema\/logo\/image\/"}},{"@type":"Person","@id":"https:\/\/www.pogotowieflagowe.pl\/aktualne\/#\/schema\/person\/9c2fb7d2362ebf6fa088960d7f0d27b0","name":"Filip","image":{"@type":"ImageObject","inLanguage":"pl-PL","@id":"https:\/\/www.pogotowieflagowe.pl\/aktualne\/#\/schema\/person\/image\/","url":"https:\/\/www.pogotowieflagowe.pl\/aktualne\/wp-content\/uploads\/2024\/08\/pogotowieflagowe.pl_.jpg","contentUrl":"https:\/\/www.pogotowieflagowe.pl\/aktualne\/wp-content\/uploads\/2024\/08\/pogotowieflagowe.pl_.jpg","caption":"Filip"},"description":"Jestem Filip, polski dziennikarz z dyplomem nauk politycznych Uniwersytetu Warszawskiego. Rozpoczynaj\u0105c swoj\u0105 karier\u0119 w r\u00f3\u017cnych lokalnych mediach, zdoby\u0142em solidne do\u015bwiadczenie w zakresie \u015bledztwa i redakcji. Obecnie jako redaktor w Pogotowie flagowe, staram si\u0119 dostarcza\u0107 dog\u0142\u0119bne i istotne analizy na temat najwa\u017cniejszych kwestii aktualno\u015bci, \u0142\u0105cz\u0105c rygor z pasj\u0105 dziennikarsk\u0105.","sameAs":["https:\/\/www.pogotowieflagowe.pl\/"]}]}},"_links":{"self":[{"href":"https:\/\/www.pogotowieflagowe.pl\/aktualne\/wp-json\/wp\/v2\/posts\/9832","targetHints":{"allow":["GET"]}}],"collection":[{"href":"https:\/\/www.pogotowieflagowe.pl\/aktualne\/wp-json\/wp\/v2\/posts"}],"about":[{"href":"https:\/\/www.pogotowieflagowe.pl\/aktualne\/wp-json\/wp\/v2\/types\/post"}],"author":[{"embeddable":true,"href":"https:\/\/www.pogotowieflagowe.pl\/aktualne\/wp-json\/wp\/v2\/users\/1"}],"replies":[{"embeddable":true,"href":"https:\/\/www.pogotowieflagowe.pl\/aktualne\/wp-json\/wp\/v2\/comments?post=9832"}],"version-history":[{"count":1,"href":"https:\/\/www.pogotowieflagowe.pl\/aktualne\/wp-json\/wp\/v2\/posts\/9832\/revisions"}],"predecessor-version":[{"id":9834,"href":"https:\/\/www.pogotowieflagowe.pl\/aktualne\/wp-json\/wp\/v2\/posts\/9832\/revisions\/9834"}],"wp:featuredmedia":[{"embeddable":true,"href":"https:\/\/www.pogotowieflagowe.pl\/aktualne\/wp-json\/wp\/v2\/media\/9833"}],"wp:attachment":[{"href":"https:\/\/www.pogotowieflagowe.pl\/aktualne\/wp-json\/wp\/v2\/media?parent=9832"}],"wp:term":[{"taxonomy":"category","embeddable":true,"href":"https:\/\/www.pogotowieflagowe.pl\/aktualne\/wp-json\/wp\/v2\/categories?post=9832"},{"taxonomy":"post_tag","embeddable":true,"href":"https:\/\/www.pogotowieflagowe.pl\/aktualne\/wp-json\/wp\/v2\/tags?post=9832"}],"curies":[{"name":"wp","href":"https:\/\/api.w.org\/{rel}","templated":true}]}}