{"id":9835,"date":"2025-10-26T15:43:29","date_gmt":"2025-10-26T14:43:29","guid":{"rendered":"https:\/\/www.pogotowieflagowe.pl\/aktualne\/kaczynski-kpil-z-konwencji-platformy-obywatelskiej-to-oni-sa-pierwsi-naprawde-gratulacje\/"},"modified":"2025-10-26T15:43:30","modified_gmt":"2025-10-26T14:43:30","slug":"kaczynski-kpil-z-konwencji-platformy-obywatelskiej-to-oni-sa-pierwsi-naprawde-gratulacje","status":"publish","type":"post","link":"https:\/\/www.pogotowieflagowe.pl\/aktualne\/kaczynski-kpil-z-konwencji-platformy-obywatelskiej-to-oni-sa-pierwsi-naprawde-gratulacje\/","title":{"rendered":"Kaczy\u0144ski kpi\u0142 z konwencji Platformy Obywatelskiej: \u201eTo oni s\u0105 pierwsi, naprawd\u0119, gratulacje\u201d."},"content":{"rendered":"\n<div class=\"td_block_wrap tdb_single_content tdi_41 td-pb-border-top td_block_template_8 td-post-content tagdiv-type\" data-td-block-uid=\"tdi_41\">\n<style>.tdi_41{margines-top:0px!important;margin-bottom:0px!important;dope\u0142nienie-g\u00f3ra:0px!important;dope\u0142nienie-d\u00f3\u0142:0px!important}<\/style>\n<style>.tdb_single_content{margin-bottom:0;*zoom:1}.tdb_single_content:before,.tdb_single_content:after{display:table;content:'';line-height:0}.tdb_single_content:after{clear:both}.tdb_single_content .tdb-block-inner>*:not(.wp-block-quote):not(.alignwide):not(.alignfull.wp-block-cover.has-parallax):not(.td-a-ad){margin-left:auto;margin-right:auto}.tdb_single_content a{pointer-events:auto}.tdb_single_content .td-spot-id-top_ad .tdc-placeholder-title:before{content:'Article Top Ad'!important}.tdb_single_content .td-spot-id-inline_ad0 .tdc-placeholder-title:before{content:'Article Reklama wbudowana 1'!important}.tdb_single_content .td-spot-id-inline_ad1 .tdc-placeholder-title:before{content:'Reklama wbudowana w artyku\u0142 2'!important}.tdb_single_content .td-spot-id-inline_ad2 .tdc-placeholder-title:before{content:'Reklama w tek\u015bcie artyku\u0142u 3'!important}.tdb_single_content .td-spot-id-bottom_ad .tdc-placeholder-title:before{content:'Article Bottom Ad'!important}.tdb_single_content .id_top_ad,.tdb_single_content .id_bottom_ad{clear:both;margin-bottom:21px;text-align:center}.tdb_single_content .id_top_ad img,.tdb_single_content .id_bottom_ad img{margin-bottom:0}.tdb_single_content .id_top_ad .adsbygoogle,.tdb_single_content .id_bottom_ad .adsbygoogle{position:relative}.tdb_single_content .id_ad_content-horiz-left,.tdb_single_content .id_ad_content-horiz-right,.tdb_single_content .id_ad_content-horiz-center{margin-bottom:15px}.tdb_single_content .id_ad_content-horiz-left img,.tdb_single_content .id_ad_content-horiz-right img,.tdb_single_content .id_ad_content-horiz-center img{margin-bottom:0}.tdb_single_content .id_ad_content-horiz-center{text-align:center}.tdb_single_content .id_ad_content-horiz-center img{margin-right:auto;margin-left:auto}.tdb_single_content .id_ad_content-horiz-left{float:left;margin-top:9px;margin-right:21px}.tdb_single_content .id_ad_content-horiz-right{float:right;margin-top:6px;margin-left:21px}.tdb_single_content .tdc-a-ad .tdc-placeholder-title{width:300px;height:250px}.tdb_single_content .tdc-a-ad .tdc-placeholder-title:before{position:absolute;top:50%;-webkit-transform:translateY(-50%);transform:translateY(-50%);margin:auto;display:table;width:100%}.tdb_single_content .tdb-block-inner.td-fix-index{word-break:break-word}.tdi_41,.tdi_41>p,.tdi_41 .tdb-block-inner>p,.wp-block-column>p{font-size:16px!important;line-height:1.6!important}.tdi_41 .tdb-block-inner cytat blokowy p{font-style:normal!important}@media (max-width:767px){.tdb_single_content .id_ad_content-horiz-left,.tdb_single_content .id_ad_content-horiz-right,.tdb_single_content .id_ad_content-horiz-center{margin:0 auto 26 pikseli auto}}@media (max-width:767px){.tdb_single_content .id_ad_content-horiz-left{margin-right:0}}@media (max-width:767px){.tdb_single_content .id_ad_content-horiz-right{margin-left:0}}@media (max-width:767px){.tdb_single_content .td-a-ad{float:none;text-align:center}.tdb_single_content .td-a-ad img{margin-right:auto;margin-left:auto}.tdb_single_content .tdc-a-ad{float:none}}<\/style>\n<div class=\"tdb-block-inner td-fix-index\">\n<p><strong>\u201eDwie strony \u2013 dyskretne \u2013 po\u0142\u0105czy\u0142y si\u0119 z drug\u0105 \u2013 ju\u017c nie tak dyskretn\u0105 \u2013 i nawet zdecydowa\u0142y si\u0119 na now\u0105 nazw\u0119\u2026 tak\u0105 sam\u0105 jak poprzednio\u201d<\/strong> powiedzia\u0142 <em>Prawo i Sprawiedliwo\u015b\u0107<\/em> (<em>PiS<\/em>) lider Jaros\u0142aw Kaczy\u0144ski, nawi\u0105zuj\u0105c do sobotniej konwencji Platformy Obywatelskiej.<\/p>\n<p>W sobot\u0119 podczas Krajowego Zjazdu im <em>Platforma Obywatelska<\/em> (<em>PO<\/em>), lider partii Donald Tusk zapowiedzia\u0142 po\u0142\u0105czenie <em>Platforma Obywatelska<\/em>, <em>Inicjatywa polska<\/em>I <em>Nowoczesny<\/em> w jedn\u0105 parti\u0119 polityczn\u0105. Nowy podmiot b\u0119dzie nosi\u0142 nazw\u0119\u2026 <em>Koalicja Obywatelska<\/em>.<\/p>\n<p>Lider PiS Jaros\u0142aw Kaczy\u0144ski skomentowa\u0142 \u201ezmian\u0119\u201d podczas zjazdu swojej partii w Katowicach. Stwierdzi\u0142, \u017ce praca przedstawicieli jego partii przyniesie pozytywne rezultaty za dwa lata lub wcze\u015bniej. <strong>&#8222;Szczeg\u00f3lnie przekonali mnie ci, kt\u00f3rzy dzisiaj zorganizowali w Warszawie kolejne spotkanie. Mo\u017cna powiedzie\u0107, \u017ce wa\u017cne. No c\u00f3\u017c, jedna partia, kt\u00f3ra niew\u0105tpliwie istnieje &#8211; jest nawet du\u017ca, silna, czasami cieszy si\u0119 wysokimi wynikami sonda\u017cy, cho\u0107 dziwnie powi\u0105zana z r\u00f3\u017cnymi swoimi przedsi\u0119wzi\u0119ciami, to tylko sugestia, nie oceniam &#8211; i partia ta po\u0142\u0105czy\u0142a si\u0119 teraz z dwoma innymi, kt\u00f3re te\u017c istniej\u0105, ale dyskretnie&#8221;<\/strong> powiedzia\u0142.<\/p>\n<p><strong>\u201eNo c\u00f3\u017c, dyskrecja to naprawd\u0119 wielka cnota, wi\u0119c nie ma si\u0119 z czego \u015bmia\u0107\u201d<\/strong> doda\u0142.<\/p>\n<p>Kaczy\u0144ski kontynuowa\u0142: <strong>\u201eTak wi\u0119c te dwie partie \u2013 dyskretne \u2013 po\u0142\u0105czy\u0142y si\u0119 z t\u0105 niedyskretn\u0105, a tak\u017ce zdecydowa\u0142y si\u0119 na now\u0105 nazw\u0119\u2026 tak\u0105 sam\u0105 jak poprzednio.\u201d<\/strong><\/p>\n<figure class=\"wp-block-pullquote\">\n<blockquote>\n<p><strong>&#8222;Polityk\u0105 interesuj\u0119 si\u0119 od najm\u0142odszych lat, od dzieci\u0144stwa &#8211; mog\u0119 szczerze powiedzie\u0107, od zamachu stanu de Gaulle&#8217;a w 1958 r., wi\u0119c dla zdecydowanej wi\u0119kszo\u015bci tu siedz\u0105cych by\u0142o to na d\u0142ugo przed ich urodzeniem. C\u00f3\u017c, co\u015b takiego nigdy wcze\u015bniej si\u0119 nie wydarzy\u0142o. S\u0105 pierwsi, naprawd\u0119, wi\u0119c gratulacje &#8222;<\/strong> o\u015bwiadczy\u0142.<\/p>\n<\/blockquote>\n<\/figure>\n<figure class=\"wp-block-pullquote\">\n<blockquote>\n<p><strong>&#8222;Chocia\u017c my\u015bl\u0119, \u017ce w pewnym momencie mogli straci\u0107 wiar\u0119 w to wielkie osi\u0105gni\u0119cie. Podobno jutro b\u0119d\u0105 jakie\u015b panele&#8221;<\/strong> powiedzia\u0142.<\/p>\n<\/blockquote>\n<\/figure>\n<p>M\u00f3wi\u0105c powa\u017cniej doda\u0142: <strong>\u201ePrzeciwnik, cho\u0107 czasami \u2013 jak to przed chwil\u0105 powiedzia\u0142em, a ty si\u0119 \u015bmia\u0142e\u015b \u2013 wr\u0119cz komiczny w swoich przedsi\u0119wzi\u0119ciach, nadal istnieje i nadal na r\u00f3\u017cne sposoby, bez jakichkolwiek ogranicze\u0144 moralnych, my\u015bli o tym, jak utrzyma\u0107 si\u0119 przy w\u0142adzy, bo wie, \u017ce utrata w\u0142adzy by\u0142aby dla niego naprawd\u0119 bardzo powa\u017cnym nieszcz\u0119\u015bciem\u201d.<\/strong><\/p>\n<\/div>\n<\/div>\n","protected":false},"excerpt":{"rendered":"<p>\u201eDwie strony \u2013 dyskretne \u2013 po\u0142\u0105czy\u0142y si\u0119 z drug\u0105 \u2013 ju\u017c nie tak dyskretn\u0105 \u2013 i nawet zdecydowa\u0142y si\u0119 na<\/p>\n","protected":false},"author":1,"featured_media":9836,"comment_status":"open","ping_status":"open","sticky":false,"template":"","format":"standard","meta":{"footnotes":""},"categories":[4748],"tags":[11345,2766,11320,11343,6432,1795,3725,11344,1794,3221],"class_list":["post-9835","post","type-post","status-publish","format-standard","has-post-thumbnail","hentry","category-aktualne","tag-gratulacje","tag-kaczynski","tag-konwencji","tag-kpil","tag-naprawde","tag-obywatelskiej","tag-oni","tag-pierwsi","tag-platformy","tag-sa","generate-columns","tablet-grid-50","mobile-grid-100","grid-parent","grid-50","resize-featured-image"],"yoast_head":"<!-- This site is optimized with the Yoast SEO plugin v23.2 - https:\/\/yoast.com\/wordpress\/plugins\/seo\/ -->\n<title>Kaczy\u0144ski kpi\u0142 z konwencji Platformy Obywatelskiej: \u201eTo oni s\u0105 pierwsi, naprawd\u0119, gratulacje\u201d. - POGOTOWIE FLAGOWE\u00ae<\/title>\n<meta name=\"robots\" content=\"index, follow, max-snippet:-1, max-image-preview:large, max-video-preview:-1\" \/>\n<link rel=\"canonical\" href=\"https:\/\/www.pogotowieflagowe.pl\/aktualne\/kaczynski-kpil-z-konwencji-platformy-obywatelskiej-to-oni-sa-pierwsi-naprawde-gratulacje\/\" \/>\n<meta property=\"og:locale\" content=\"pl_PL\" \/>\n<meta property=\"og:type\" content=\"article\" \/>\n<meta property=\"og:title\" content=\"Kaczy\u0144ski kpi\u0142 z konwencji Platformy Obywatelskiej: \u201eTo oni s\u0105 pierwsi, naprawd\u0119, gratulacje\u201d. - POGOTOWIE FLAGOWE\u00ae\" \/>\n<meta property=\"og:description\" content=\"\u201eDwie strony \u2013 dyskretne \u2013 po\u0142\u0105czy\u0142y si\u0119 z drug\u0105 \u2013 ju\u017c nie tak dyskretn\u0105 \u2013 i nawet zdecydowa\u0142y si\u0119 na\" \/>\n<meta property=\"og:url\" content=\"https:\/\/www.pogotowieflagowe.pl\/aktualne\/kaczynski-kpil-z-konwencji-platformy-obywatelskiej-to-oni-sa-pierwsi-naprawde-gratulacje\/\" \/>\n<meta property=\"og:site_name\" content=\"POGOTOWIE FLAGOWE\u00ae\" \/>\n<meta property=\"article:published_time\" content=\"2025-10-26T14:43:29+00:00\" \/>\n<meta property=\"article:modified_time\" content=\"2025-10-26T14:43:30+00:00\" \/>\n<meta property=\"og:image\" content=\"https:\/\/www.pogotowieflagowe.pl\/aktualne\/wp-content\/uploads\/2025\/10\/Kaczynski-kpil-z-konwencji-Platformy-Obywatelskiej-\u201eTo-oni-sa-pierwsi.webp.webp\" \/>\n\t<meta property=\"og:image:width\" content=\"1280\" \/>\n\t<meta property=\"og:image:height\" content=\"720\" \/>\n\t<meta property=\"og:image:type\" content=\"image\/webp\" \/>\n<meta name=\"author\" content=\"Filip\" \/>\n<meta name=\"twitter:card\" content=\"summary_large_image\" \/>\n<meta name=\"twitter:label1\" content=\"Napisane przez\" \/>\n\t<meta name=\"twitter:data1\" content=\"Filip\" \/>\n\t<meta name=\"twitter:label2\" content=\"Szacowany czas czytania\" \/>\n\t<meta name=\"twitter:data2\" content=\"2 minuty\" \/>\n<script type=\"application\/ld+json\" class=\"yoast-schema-graph\">{\"@context\":\"https:\/\/schema.org\",\"@graph\":[{\"@type\":\"Article\",\"@id\":\"https:\/\/www.pogotowieflagowe.pl\/aktualne\/kaczynski-kpil-z-konwencji-platformy-obywatelskiej-to-oni-sa-pierwsi-naprawde-gratulacje\/#article\",\"isPartOf\":{\"@id\":\"https:\/\/www.pogotowieflagowe.pl\/aktualne\/kaczynski-kpil-z-konwencji-platformy-obywatelskiej-to-oni-sa-pierwsi-naprawde-gratulacje\/\"},\"author\":{\"name\":\"Filip\",\"@id\":\"https:\/\/www.pogotowieflagowe.pl\/aktualne\/#\/schema\/person\/9c2fb7d2362ebf6fa088960d7f0d27b0\"},\"headline\":\"Kaczy\u0144ski kpi\u0142 z konwencji Platformy Obywatelskiej: \u201eTo oni s\u0105 pierwsi, naprawd\u0119, gratulacje\u201d.\",\"datePublished\":\"2025-10-26T14:43:29+00:00\",\"dateModified\":\"2025-10-26T14:43:30+00:00\",\"mainEntityOfPage\":{\"@id\":\"https:\/\/www.pogotowieflagowe.pl\/aktualne\/kaczynski-kpil-z-konwencji-platformy-obywatelskiej-to-oni-sa-pierwsi-naprawde-gratulacje\/\"},\"wordCount\":388,\"commentCount\":0,\"publisher\":{\"@id\":\"https:\/\/www.pogotowieflagowe.pl\/aktualne\/#organization\"},\"image\":{\"@id\":\"https:\/\/www.pogotowieflagowe.pl\/aktualne\/kaczynski-kpil-z-konwencji-platformy-obywatelskiej-to-oni-sa-pierwsi-naprawde-gratulacje\/#primaryimage\"},\"thumbnailUrl\":\"https:\/\/www.pogotowieflagowe.pl\/aktualne\/wp-content\/uploads\/2025\/10\/Kaczynski-kpil-z-konwencji-Platformy-Obywatelskiej-\u201eTo-oni-sa-pierwsi.webp.webp\",\"keywords\":[\"gratulacje\",\"Kaczy\u0144ski\",\"konwencji\",\"kpi\u0142\",\"naprawd\u0119\",\"Obywatelskiej\",\"oni\",\"pierwsi\",\"Platformy\",\"s\u0105\"],\"articleSection\":[\"Aktualne\"],\"inLanguage\":\"pl-PL\",\"potentialAction\":[{\"@type\":\"CommentAction\",\"name\":\"Comment\",\"target\":[\"https:\/\/www.pogotowieflagowe.pl\/aktualne\/kaczynski-kpil-z-konwencji-platformy-obywatelskiej-to-oni-sa-pierwsi-naprawde-gratulacje\/#respond\"]}]},{\"@type\":\"WebPage\",\"@id\":\"https:\/\/www.pogotowieflagowe.pl\/aktualne\/kaczynski-kpil-z-konwencji-platformy-obywatelskiej-to-oni-sa-pierwsi-naprawde-gratulacje\/\",\"url\":\"https:\/\/www.pogotowieflagowe.pl\/aktualne\/kaczynski-kpil-z-konwencji-platformy-obywatelskiej-to-oni-sa-pierwsi-naprawde-gratulacje\/\",\"name\":\"Kaczy\u0144ski kpi\u0142 z konwencji Platformy Obywatelskiej: \u201eTo oni s\u0105 pierwsi, naprawd\u0119, gratulacje\u201d. - POGOTOWIE FLAGOWE\u00ae\",\"isPartOf\":{\"@id\":\"https:\/\/www.pogotowieflagowe.pl\/aktualne\/#website\"},\"primaryImageOfPage\":{\"@id\":\"https:\/\/www.pogotowieflagowe.pl\/aktualne\/kaczynski-kpil-z-konwencji-platformy-obywatelskiej-to-oni-sa-pierwsi-naprawde-gratulacje\/#primaryimage\"},\"image\":{\"@id\":\"https:\/\/www.pogotowieflagowe.pl\/aktualne\/kaczynski-kpil-z-konwencji-platformy-obywatelskiej-to-oni-sa-pierwsi-naprawde-gratulacje\/#primaryimage\"},\"thumbnailUrl\":\"https:\/\/www.pogotowieflagowe.pl\/aktualne\/wp-content\/uploads\/2025\/10\/Kaczynski-kpil-z-konwencji-Platformy-Obywatelskiej-\u201eTo-oni-sa-pierwsi.webp.webp\",\"datePublished\":\"2025-10-26T14:43:29+00:00\",\"dateModified\":\"2025-10-26T14:43:30+00:00\",\"breadcrumb\":{\"@id\":\"https:\/\/www.pogotowieflagowe.pl\/aktualne\/kaczynski-kpil-z-konwencji-platformy-obywatelskiej-to-oni-sa-pierwsi-naprawde-gratulacje\/#breadcrumb\"},\"inLanguage\":\"pl-PL\",\"potentialAction\":[{\"@type\":\"ReadAction\",\"target\":[\"https:\/\/www.pogotowieflagowe.pl\/aktualne\/kaczynski-kpil-z-konwencji-platformy-obywatelskiej-to-oni-sa-pierwsi-naprawde-gratulacje\/\"]}]},{\"@type\":\"ImageObject\",\"inLanguage\":\"pl-PL\",\"@id\":\"https:\/\/www.pogotowieflagowe.pl\/aktualne\/kaczynski-kpil-z-konwencji-platformy-obywatelskiej-to-oni-sa-pierwsi-naprawde-gratulacje\/#primaryimage\",\"url\":\"https:\/\/www.pogotowieflagowe.pl\/aktualne\/wp-content\/uploads\/2025\/10\/Kaczynski-kpil-z-konwencji-Platformy-Obywatelskiej-\u201eTo-oni-sa-pierwsi.webp.webp\",\"contentUrl\":\"https:\/\/www.pogotowieflagowe.pl\/aktualne\/wp-content\/uploads\/2025\/10\/Kaczynski-kpil-z-konwencji-Platformy-Obywatelskiej-\u201eTo-oni-sa-pierwsi.webp.webp\",\"width\":1280,\"height\":720,\"caption\":\"Kaczy\u0144ski kpi\u0142 z konwencji Platformy Obywatelskiej: \u201eTo oni s\u0105 pierwsi, naprawd\u0119, gratulacje\u201d.\"},{\"@type\":\"BreadcrumbList\",\"@id\":\"https:\/\/www.pogotowieflagowe.pl\/aktualne\/kaczynski-kpil-z-konwencji-platformy-obywatelskiej-to-oni-sa-pierwsi-naprawde-gratulacje\/#breadcrumb\",\"itemListElement\":[{\"@type\":\"ListItem\",\"position\":1,\"name\":\"Home\",\"item\":\"https:\/\/www.pogotowieflagowe.pl\/aktualne\/\"},{\"@type\":\"ListItem\",\"position\":2,\"name\":\"Kaczy\u0144ski kpi\u0142 z konwencji Platformy Obywatelskiej: \u201eTo oni s\u0105 pierwsi, naprawd\u0119, gratulacje\u201d.\"}]},{\"@type\":\"WebSite\",\"@id\":\"https:\/\/www.pogotowieflagowe.pl\/aktualne\/#website\",\"url\":\"https:\/\/www.pogotowieflagowe.pl\/aktualne\/\",\"name\":\"POGOTOWIE FLAGOWE\u00ae\",\"description\":\"\",\"publisher\":{\"@id\":\"https:\/\/www.pogotowieflagowe.pl\/aktualne\/#organization\"},\"potentialAction\":[{\"@type\":\"SearchAction\",\"target\":{\"@type\":\"EntryPoint\",\"urlTemplate\":\"https:\/\/www.pogotowieflagowe.pl\/aktualne\/?s={search_term_string}\"},\"query-input\":\"required name=search_term_string\"}],\"inLanguage\":\"pl-PL\"},{\"@type\":\"Organization\",\"@id\":\"https:\/\/www.pogotowieflagowe.pl\/aktualne\/#organization\",\"name\":\"POGOTOWIE FLAGOWE\u00ae\",\"url\":\"https:\/\/www.pogotowieflagowe.pl\/aktualne\/\",\"logo\":{\"@type\":\"ImageObject\",\"inLanguage\":\"pl-PL\",\"@id\":\"https:\/\/www.pogotowieflagowe.pl\/aktualne\/#\/schema\/logo\/image\/\",\"url\":\"https:\/\/www.pogotowieflagowe.pl\/aktualne\/wp-content\/uploads\/2024\/08\/cropped-pogotowieflagowe_flaga_projekt_sm.jpg\",\"contentUrl\":\"https:\/\/www.pogotowieflagowe.pl\/aktualne\/wp-content\/uploads\/2024\/08\/cropped-pogotowieflagowe_flaga_projekt_sm.jpg\",\"width\":250,\"height\":143,\"caption\":\"POGOTOWIE FLAGOWE\u00ae\"},\"image\":{\"@id\":\"https:\/\/www.pogotowieflagowe.pl\/aktualne\/#\/schema\/logo\/image\/\"}},{\"@type\":\"Person\",\"@id\":\"https:\/\/www.pogotowieflagowe.pl\/aktualne\/#\/schema\/person\/9c2fb7d2362ebf6fa088960d7f0d27b0\",\"name\":\"Filip\",\"image\":{\"@type\":\"ImageObject\",\"inLanguage\":\"pl-PL\",\"@id\":\"https:\/\/www.pogotowieflagowe.pl\/aktualne\/#\/schema\/person\/image\/\",\"url\":\"https:\/\/www.pogotowieflagowe.pl\/aktualne\/wp-content\/uploads\/2024\/08\/pogotowieflagowe.pl_.jpg\",\"contentUrl\":\"https:\/\/www.pogotowieflagowe.pl\/aktualne\/wp-content\/uploads\/2024\/08\/pogotowieflagowe.pl_.jpg\",\"caption\":\"Filip\"},\"description\":\"Jestem Filip, polski dziennikarz z dyplomem nauk politycznych Uniwersytetu Warszawskiego. Rozpoczynaj\u0105c swoj\u0105 karier\u0119 w r\u00f3\u017cnych lokalnych mediach, zdoby\u0142em solidne do\u015bwiadczenie w zakresie \u015bledztwa i redakcji. Obecnie jako redaktor w Pogotowie flagowe, staram si\u0119 dostarcza\u0107 dog\u0142\u0119bne i istotne analizy na temat najwa\u017cniejszych kwestii aktualno\u015bci, \u0142\u0105cz\u0105c rygor z pasj\u0105 dziennikarsk\u0105.\",\"sameAs\":[\"https:\/\/www.pogotowieflagowe.pl\/\"]}]}<\/script>\n<!-- \/ Yoast SEO plugin. -->","yoast_head_json":{"title":"Kaczy\u0144ski kpi\u0142 z konwencji Platformy Obywatelskiej: \u201eTo oni s\u0105 pierwsi, naprawd\u0119, gratulacje\u201d. - POGOTOWIE FLAGOWE\u00ae","robots":{"index":"index","follow":"follow","max-snippet":"max-snippet:-1","max-image-preview":"max-image-preview:large","max-video-preview":"max-video-preview:-1"},"canonical":"https:\/\/www.pogotowieflagowe.pl\/aktualne\/kaczynski-kpil-z-konwencji-platformy-obywatelskiej-to-oni-sa-pierwsi-naprawde-gratulacje\/","og_locale":"pl_PL","og_type":"article","og_title":"Kaczy\u0144ski kpi\u0142 z konwencji Platformy Obywatelskiej: \u201eTo oni s\u0105 pierwsi, naprawd\u0119, gratulacje\u201d. - POGOTOWIE FLAGOWE\u00ae","og_description":"\u201eDwie strony \u2013 dyskretne \u2013 po\u0142\u0105czy\u0142y si\u0119 z drug\u0105 \u2013 ju\u017c nie tak dyskretn\u0105 \u2013 i nawet zdecydowa\u0142y si\u0119 na","og_url":"https:\/\/www.pogotowieflagowe.pl\/aktualne\/kaczynski-kpil-z-konwencji-platformy-obywatelskiej-to-oni-sa-pierwsi-naprawde-gratulacje\/","og_site_name":"POGOTOWIE FLAGOWE\u00ae","article_published_time":"2025-10-26T14:43:29+00:00","article_modified_time":"2025-10-26T14:43:30+00:00","og_image":[{"width":1280,"height":720,"url":"https:\/\/www.pogotowieflagowe.pl\/aktualne\/wp-content\/uploads\/2025\/10\/Kaczynski-kpil-z-konwencji-Platformy-Obywatelskiej-\u201eTo-oni-sa-pierwsi.webp.webp","type":"image\/webp"}],"author":"Filip","twitter_card":"summary_large_image","twitter_misc":{"Napisane przez":"Filip","Szacowany czas czytania":"2 minuty"},"schema":{"@context":"https:\/\/schema.org","@graph":[{"@type":"Article","@id":"https:\/\/www.pogotowieflagowe.pl\/aktualne\/kaczynski-kpil-z-konwencji-platformy-obywatelskiej-to-oni-sa-pierwsi-naprawde-gratulacje\/#article","isPartOf":{"@id":"https:\/\/www.pogotowieflagowe.pl\/aktualne\/kaczynski-kpil-z-konwencji-platformy-obywatelskiej-to-oni-sa-pierwsi-naprawde-gratulacje\/"},"author":{"name":"Filip","@id":"https:\/\/www.pogotowieflagowe.pl\/aktualne\/#\/schema\/person\/9c2fb7d2362ebf6fa088960d7f0d27b0"},"headline":"Kaczy\u0144ski kpi\u0142 z konwencji Platformy Obywatelskiej: \u201eTo oni s\u0105 pierwsi, naprawd\u0119, gratulacje\u201d.","datePublished":"2025-10-26T14:43:29+00:00","dateModified":"2025-10-26T14:43:30+00:00","mainEntityOfPage":{"@id":"https:\/\/www.pogotowieflagowe.pl\/aktualne\/kaczynski-kpil-z-konwencji-platformy-obywatelskiej-to-oni-sa-pierwsi-naprawde-gratulacje\/"},"wordCount":388,"commentCount":0,"publisher":{"@id":"https:\/\/www.pogotowieflagowe.pl\/aktualne\/#organization"},"image":{"@id":"https:\/\/www.pogotowieflagowe.pl\/aktualne\/kaczynski-kpil-z-konwencji-platformy-obywatelskiej-to-oni-sa-pierwsi-naprawde-gratulacje\/#primaryimage"},"thumbnailUrl":"https:\/\/www.pogotowieflagowe.pl\/aktualne\/wp-content\/uploads\/2025\/10\/Kaczynski-kpil-z-konwencji-Platformy-Obywatelskiej-\u201eTo-oni-sa-pierwsi.webp.webp","keywords":["gratulacje","Kaczy\u0144ski","konwencji","kpi\u0142","naprawd\u0119","Obywatelskiej","oni","pierwsi","Platformy","s\u0105"],"articleSection":["Aktualne"],"inLanguage":"pl-PL","potentialAction":[{"@type":"CommentAction","name":"Comment","target":["https:\/\/www.pogotowieflagowe.pl\/aktualne\/kaczynski-kpil-z-konwencji-platformy-obywatelskiej-to-oni-sa-pierwsi-naprawde-gratulacje\/#respond"]}]},{"@type":"WebPage","@id":"https:\/\/www.pogotowieflagowe.pl\/aktualne\/kaczynski-kpil-z-konwencji-platformy-obywatelskiej-to-oni-sa-pierwsi-naprawde-gratulacje\/","url":"https:\/\/www.pogotowieflagowe.pl\/aktualne\/kaczynski-kpil-z-konwencji-platformy-obywatelskiej-to-oni-sa-pierwsi-naprawde-gratulacje\/","name":"Kaczy\u0144ski kpi\u0142 z konwencji Platformy Obywatelskiej: \u201eTo oni s\u0105 pierwsi, naprawd\u0119, gratulacje\u201d. - POGOTOWIE FLAGOWE\u00ae","isPartOf":{"@id":"https:\/\/www.pogotowieflagowe.pl\/aktualne\/#website"},"primaryImageOfPage":{"@id":"https:\/\/www.pogotowieflagowe.pl\/aktualne\/kaczynski-kpil-z-konwencji-platformy-obywatelskiej-to-oni-sa-pierwsi-naprawde-gratulacje\/#primaryimage"},"image":{"@id":"https:\/\/www.pogotowieflagowe.pl\/aktualne\/kaczynski-kpil-z-konwencji-platformy-obywatelskiej-to-oni-sa-pierwsi-naprawde-gratulacje\/#primaryimage"},"thumbnailUrl":"https:\/\/www.pogotowieflagowe.pl\/aktualne\/wp-content\/uploads\/2025\/10\/Kaczynski-kpil-z-konwencji-Platformy-Obywatelskiej-\u201eTo-oni-sa-pierwsi.webp.webp","datePublished":"2025-10-26T14:43:29+00:00","dateModified":"2025-10-26T14:43:30+00:00","breadcrumb":{"@id":"https:\/\/www.pogotowieflagowe.pl\/aktualne\/kaczynski-kpil-z-konwencji-platformy-obywatelskiej-to-oni-sa-pierwsi-naprawde-gratulacje\/#breadcrumb"},"inLanguage":"pl-PL","potentialAction":[{"@type":"ReadAction","target":["https:\/\/www.pogotowieflagowe.pl\/aktualne\/kaczynski-kpil-z-konwencji-platformy-obywatelskiej-to-oni-sa-pierwsi-naprawde-gratulacje\/"]}]},{"@type":"ImageObject","inLanguage":"pl-PL","@id":"https:\/\/www.pogotowieflagowe.pl\/aktualne\/kaczynski-kpil-z-konwencji-platformy-obywatelskiej-to-oni-sa-pierwsi-naprawde-gratulacje\/#primaryimage","url":"https:\/\/www.pogotowieflagowe.pl\/aktualne\/wp-content\/uploads\/2025\/10\/Kaczynski-kpil-z-konwencji-Platformy-Obywatelskiej-\u201eTo-oni-sa-pierwsi.webp.webp","contentUrl":"https:\/\/www.pogotowieflagowe.pl\/aktualne\/wp-content\/uploads\/2025\/10\/Kaczynski-kpil-z-konwencji-Platformy-Obywatelskiej-\u201eTo-oni-sa-pierwsi.webp.webp","width":1280,"height":720,"caption":"Kaczy\u0144ski kpi\u0142 z konwencji Platformy Obywatelskiej: \u201eTo oni s\u0105 pierwsi, naprawd\u0119, gratulacje\u201d."},{"@type":"BreadcrumbList","@id":"https:\/\/www.pogotowieflagowe.pl\/aktualne\/kaczynski-kpil-z-konwencji-platformy-obywatelskiej-to-oni-sa-pierwsi-naprawde-gratulacje\/#breadcrumb","itemListElement":[{"@type":"ListItem","position":1,"name":"Home","item":"https:\/\/www.pogotowieflagowe.pl\/aktualne\/"},{"@type":"ListItem","position":2,"name":"Kaczy\u0144ski kpi\u0142 z konwencji Platformy Obywatelskiej: \u201eTo oni s\u0105 pierwsi, naprawd\u0119, gratulacje\u201d."}]},{"@type":"WebSite","@id":"https:\/\/www.pogotowieflagowe.pl\/aktualne\/#website","url":"https:\/\/www.pogotowieflagowe.pl\/aktualne\/","name":"POGOTOWIE FLAGOWE\u00ae","description":"","publisher":{"@id":"https:\/\/www.pogotowieflagowe.pl\/aktualne\/#organization"},"potentialAction":[{"@type":"SearchAction","target":{"@type":"EntryPoint","urlTemplate":"https:\/\/www.pogotowieflagowe.pl\/aktualne\/?s={search_term_string}"},"query-input":"required name=search_term_string"}],"inLanguage":"pl-PL"},{"@type":"Organization","@id":"https:\/\/www.pogotowieflagowe.pl\/aktualne\/#organization","name":"POGOTOWIE FLAGOWE\u00ae","url":"https:\/\/www.pogotowieflagowe.pl\/aktualne\/","logo":{"@type":"ImageObject","inLanguage":"pl-PL","@id":"https:\/\/www.pogotowieflagowe.pl\/aktualne\/#\/schema\/logo\/image\/","url":"https:\/\/www.pogotowieflagowe.pl\/aktualne\/wp-content\/uploads\/2024\/08\/cropped-pogotowieflagowe_flaga_projekt_sm.jpg","contentUrl":"https:\/\/www.pogotowieflagowe.pl\/aktualne\/wp-content\/uploads\/2024\/08\/cropped-pogotowieflagowe_flaga_projekt_sm.jpg","width":250,"height":143,"caption":"POGOTOWIE FLAGOWE\u00ae"},"image":{"@id":"https:\/\/www.pogotowieflagowe.pl\/aktualne\/#\/schema\/logo\/image\/"}},{"@type":"Person","@id":"https:\/\/www.pogotowieflagowe.pl\/aktualne\/#\/schema\/person\/9c2fb7d2362ebf6fa088960d7f0d27b0","name":"Filip","image":{"@type":"ImageObject","inLanguage":"pl-PL","@id":"https:\/\/www.pogotowieflagowe.pl\/aktualne\/#\/schema\/person\/image\/","url":"https:\/\/www.pogotowieflagowe.pl\/aktualne\/wp-content\/uploads\/2024\/08\/pogotowieflagowe.pl_.jpg","contentUrl":"https:\/\/www.pogotowieflagowe.pl\/aktualne\/wp-content\/uploads\/2024\/08\/pogotowieflagowe.pl_.jpg","caption":"Filip"},"description":"Jestem Filip, polski dziennikarz z dyplomem nauk politycznych Uniwersytetu Warszawskiego. Rozpoczynaj\u0105c swoj\u0105 karier\u0119 w r\u00f3\u017cnych lokalnych mediach, zdoby\u0142em solidne do\u015bwiadczenie w zakresie \u015bledztwa i redakcji. Obecnie jako redaktor w Pogotowie flagowe, staram si\u0119 dostarcza\u0107 dog\u0142\u0119bne i istotne analizy na temat najwa\u017cniejszych kwestii aktualno\u015bci, \u0142\u0105cz\u0105c rygor z pasj\u0105 dziennikarsk\u0105.","sameAs":["https:\/\/www.pogotowieflagowe.pl\/"]}]}},"_links":{"self":[{"href":"https:\/\/www.pogotowieflagowe.pl\/aktualne\/wp-json\/wp\/v2\/posts\/9835","targetHints":{"allow":["GET"]}}],"collection":[{"href":"https:\/\/www.pogotowieflagowe.pl\/aktualne\/wp-json\/wp\/v2\/posts"}],"about":[{"href":"https:\/\/www.pogotowieflagowe.pl\/aktualne\/wp-json\/wp\/v2\/types\/post"}],"author":[{"embeddable":true,"href":"https:\/\/www.pogotowieflagowe.pl\/aktualne\/wp-json\/wp\/v2\/users\/1"}],"replies":[{"embeddable":true,"href":"https:\/\/www.pogotowieflagowe.pl\/aktualne\/wp-json\/wp\/v2\/comments?post=9835"}],"version-history":[{"count":1,"href":"https:\/\/www.pogotowieflagowe.pl\/aktualne\/wp-json\/wp\/v2\/posts\/9835\/revisions"}],"predecessor-version":[{"id":9837,"href":"https:\/\/www.pogotowieflagowe.pl\/aktualne\/wp-json\/wp\/v2\/posts\/9835\/revisions\/9837"}],"wp:featuredmedia":[{"embeddable":true,"href":"https:\/\/www.pogotowieflagowe.pl\/aktualne\/wp-json\/wp\/v2\/media\/9836"}],"wp:attachment":[{"href":"https:\/\/www.pogotowieflagowe.pl\/aktualne\/wp-json\/wp\/v2\/media?parent=9835"}],"wp:term":[{"taxonomy":"category","embeddable":true,"href":"https:\/\/www.pogotowieflagowe.pl\/aktualne\/wp-json\/wp\/v2\/categories?post=9835"},{"taxonomy":"post_tag","embeddable":true,"href":"https:\/\/www.pogotowieflagowe.pl\/aktualne\/wp-json\/wp\/v2\/tags?post=9835"}],"curies":[{"name":"wp","href":"https:\/\/api.w.org\/{rel}","templated":true}]}}