{"id":9846,"date":"2025-10-26T22:45:53","date_gmt":"2025-10-26T21:45:53","guid":{"rendered":"https:\/\/www.pogotowieflagowe.pl\/aktualne\/tusk-oglasza-nowy-program-najblizszych-wyborow-parlamentarnych-a-100-szczegolow\/"},"modified":"2025-10-26T22:45:55","modified_gmt":"2025-10-26T21:45:55","slug":"tusk-oglasza-nowy-program-najblizszych-wyborow-parlamentarnych-a-100-szczegolow","status":"publish","type":"post","link":"https:\/\/www.pogotowieflagowe.pl\/aktualne\/tusk-oglasza-nowy-program-najblizszych-wyborow-parlamentarnych-a-100-szczegolow\/","title":{"rendered":"Tusk og\u0142asza nowy program najbli\u017cszych wybor\u00f3w parlamentarnych. A \u201e100 szczeg\u00f3\u0142\u00f3w\u201d?"},"content":{"rendered":"\n<div class=\"td_block_wrap tdb_single_content tdi_41 td-pb-border-top td_block_template_8 td-post-content tagdiv-type\" data-td-block-uid=\"tdi_41\">\n<style>.tdi_41{margines-top:0px!important;margin-bottom:0px!important;dope\u0142nienie-g\u00f3ra:0px!important;dope\u0142nienie-d\u00f3\u0142:0px!important}<\/style>\n<style>.tdb_single_content{margin-bottom:0;*zoom:1}.tdb_single_content:before,.tdb_single_content:after{display:table;content:'';line-height:0}.tdb_single_content:after{clear:both}.tdb_single_content .tdb-block-inner>*:not(.wp-block-quote):not(.alignwide):not(.alignfull.wp-block-cover.has-parallax):not(.td-a-ad){margin-left:auto;margin-right:auto}.tdb_single_content a{pointer-events:auto}.tdb_single_content .td-spot-id-top_ad .tdc-placeholder-title:before{content:'Article Top Ad'!important}.tdb_single_content .td-spot-id-inline_ad0 .tdc-placeholder-title:before{content:'Article Reklama wbudowana 1'!important}.tdb_single_content .td-spot-id-inline_ad1 .tdc-placeholder-title:before{content:'Reklama wbudowana w artyku\u0142 2'!important}.tdb_single_content .td-spot-id-inline_ad2 .tdc-placeholder-title:before{content:'Reklama w tek\u015bcie artyku\u0142u 3'!important}.tdb_single_content .td-spot-id-bottom_ad .tdc-placeholder-title:before{content:'Article Bottom Ad'!important}.tdb_single_content .id_top_ad,.tdb_single_content .id_bottom_ad{clear:both;margin-bottom:21px;text-align:center}.tdb_single_content .id_top_ad img,.tdb_single_content .id_bottom_ad img{margin-bottom:0}.tdb_single_content .id_top_ad .adsbygoogle,.tdb_single_content .id_bottom_ad .adsbygoogle{position:relative}.tdb_single_content .id_ad_content-horiz-left,.tdb_single_content .id_ad_content-horiz-right,.tdb_single_content .id_ad_content-horiz-center{margin-bottom:15px}.tdb_single_content .id_ad_content-horiz-left img,.tdb_single_content .id_ad_content-horiz-right img,.tdb_single_content .id_ad_content-horiz-center img{margin-bottom:0}.tdb_single_content .id_ad_content-horiz-center{text-align:center}.tdb_single_content .id_ad_content-horiz-center img{margin-right:auto;margin-left:auto}.tdb_single_content .id_ad_content-horiz-left{float:left;margin-top:9px;margin-right:21px}.tdb_single_content .id_ad_content-horiz-right{float:right;margin-top:6px;margin-left:21px}.tdb_single_content .tdc-a-ad .tdc-placeholder-title{width:300px;height:250px}.tdb_single_content .tdc-a-ad .tdc-placeholder-title:before{position:absolute;top:50%;-webkit-transform:translateY(-50%);transform:translateY(-50%);margin:auto;display:table;width:100%}.tdb_single_content .tdb-block-inner.td-fix-index{word-break:break-word}.tdi_41,.tdi_41>p,.tdi_41 .tdb-block-inner>p,.wp-block-column>p{font-size:16px!important;line-height:1.6!important}.tdi_41 .tdb-block-inner cytat blokowy p{font-style:normal!important}@media (max-width:767px){.tdb_single_content .id_ad_content-horiz-left,.tdb_single_content .id_ad_content-horiz-right,.tdb_single_content .id_ad_content-horiz-center{margin:0 auto 26 pikseli auto}}@media (max-width:767px){.tdb_single_content .id_ad_content-horiz-left{margin-right:0}}@media (max-width:767px){.tdb_single_content .id_ad_content-horiz-right{margin-left:0}}@media (max-width:767px){.tdb_single_content .td-a-ad{float:none;text-align:center}.tdb_single_content .td-a-ad img{margin-right:auto;margin-left:auto}.tdb_single_content .tdc-a-ad{float:none}}<\/style>\n<div class=\"tdb-block-inner td-fix-index\">\n<p>Premier Donald Tusk obiecuje nowy program Koalicji Obywatelskiej na nast\u0119pn\u0105 kadencj\u0119, cho\u0107 wiele za\u0142o\u017ce\u0144 z kampanii 2023 oczekuje jeszcze na realizacj\u0119. \u201ePrzed nami z\u0142ota dekada\u201d \u2013 oznajmi\u0142 szef rz\u0105du. A co z \u201e100 szczeg\u00f3\u0142ami na 100 dni\u201d?<\/p>\n<p>Niedzielne wyst\u0105pienie Tuska w Centrum Nauki Kopernik by\u0142o zapowiedzi\u0105 nowego startu w Koalicji Obywatelskiej. Lider partii zapewni\u0142, \u017ce przed wyborami parlamentarnymi w 2027 roku wyborcy poznaj\u0105 program na nast\u0119pn\u0105 kadencj\u0119. Zapowiedzia\u0142 tak\u017ce start w wyborach do wewn\u0119trznego kierownictwa partii, kt\u00f3re maj\u0105 si\u0119 rozpocz\u0105\u0107 jeszcze w tym roku.<\/p>\n<h2 class=\"wp-block-heading\">Nowe obietnice przy\u0107mione przez niezrealizowane<\/h2>\n<p>Optymistyczne przes\u0142anie premiera nadesz\u0142o w momencie, gdy stan realizacji obietnic wyborczych na rok 2023 pozostawia wiele do \u017cyczenia. Cho\u0107 rz\u0105d Tuska obj\u0105\u0142 w\u0142adz\u0119 pod has\u0142ami szybkich zmian i \u201eprzywr\u00f3cenia praworz\u0105dno\u015bci\u201d, wiele kluczowych zobowi\u0105za\u0144 nie zosta\u0142o zrealizowanych. Na przyk\u0142ad Polacy wci\u0105\u017c czekaj\u0105 na kwot\u0119 woln\u0105 od podatku w wysoko\u015bci 60 000 z\u0142.<\/p>\n<p>Mimo to Tusk pozostaje optymist\u0105. \u201eJestem przekonany, \u017ce b\u0119dzie to program, kt\u00f3ry sami nazwiecie programem na z\u0142ot\u0105 dekad\u0119 Polski, bo naprawd\u0119 z\u0142ota dekada nas czeka\u201d \u2013 zapowiedzia\u0142 premier.<\/p>\n<p>Jego deklaracje pojawi\u0142y si\u0119 dzie\u0144 po konwencji w Warszawie, na kt\u00f3rej Platforma Obywatelska, Nowoczesna i Inicjatywa Polska oficjalnie og\u0142osi\u0142y, \u017ce po\u0142\u0105cz\u0105 si\u0119 w jedn\u0105 parti\u0119 pod szyldem Koalicji Obywatelskiej.<\/p>\n<h2 class=\"wp-block-heading\">Tusk chce pozosta\u0107 liderem KO: \u201eNa razie mam jeszcze nad czym pracowa\u0107\u201d<\/h2>\n<p>Pytany o kandydowanie na lidera partii Tusk nie kry\u0142 si\u0119 ze swoimi planami. &#8222;B\u0119d\u0119 kandydowa\u0107, b\u0119d\u0119 ubiega\u0107 si\u0119 o to stanowisko. I podobno mam nawet jak\u0105\u015b szans\u0119. Nigdy nie mo\u017cna by\u0107 pewnym, ale m\u00f3wi\u0105, \u017ce mam szans\u0119&#8221; &#8211; powiedzia\u0142 ironicznie.<\/p>\n<p>Tusk podkre\u015bli\u0142, \u017ce zgodnie z demokratycznymi zasadami panuj\u0105cymi w partii wszyscy cz\u0142onkowie b\u0119d\u0105 mieli g\u0142os w wyborach bezpo\u015brednich. Wy\u0142onione zostan\u0105 nie tylko najwy\u017csze stanowiska, ale tak\u017ce w\u0142adze na ni\u017cszych szczeblach struktury partyjnej.<\/p>\n<p>Zaznaczy\u0142 jednak, \u017ce prezentacja nowego programu nie nast\u0105pi od razu. \u201eNa razie mam jeszcze du\u017co pracy\u201d \u2013 przyzna\u0142 premier, sygnalizuj\u0105c, \u017ce w pierwszej kolejno\u015bci zamierza skupi\u0107 si\u0119 na bie\u017c\u0105cych wyzwaniach. Nie zadeklarowa\u0142, czy s\u0142ynne \u201e100 Konkret\u00f3w\u201d w ko\u0144cu zostanie dostarczone. Wr\u0119cz przeciwnie, Tusk niedawno stwierdzi\u0142, \u017ce zrealizowa\u0142 tylko cz\u0119\u015b\u0107 z nich, bo otrzyma\u0142 31 proc. g\u0142os\u00f3w, a nie 100 proc.<\/p>\n<p>Pozostaje pytanie, czy nowy program KO b\u0119dzie bardziej realistyczny od poprzedniego i czy wyborcy, pami\u0119taj\u0105c o niezrealizowanych obietnicach, dadz\u0105 premierowi korzy\u015b\u0107 w postaci w\u0105tpliwo\u015bci na kolejn\u0105 kadencj\u0119. Na razie zasadnicze pytanie brzmi inaczej: czy rz\u0105d premiera Tuska przetrwa do ko\u0144ca obecnej kadencji.<\/p>\n<\/div>\n<\/div>\n","protected":false},"excerpt":{"rendered":"<p>Premier Donald Tusk obiecuje nowy program Koalicji Obywatelskiej na nast\u0119pn\u0105 kadencj\u0119, cho\u0107 wiele za\u0142o\u017ce\u0144 z kampanii 2023 oczekuje jeszcze na<\/p>\n","protected":false},"author":1,"featured_media":9847,"comment_status":"open","ping_status":"open","sticky":false,"template":"","format":"standard","meta":{"footnotes":""},"categories":[4748],"tags":[8606,581,544,11356,1199,11357,221,768],"class_list":["post-9846","post","type-post","status-publish","format-standard","has-post-thumbnail","hentry","category-aktualne","tag-najblizszych","tag-nowy","tag-oglasza","tag-parlamentarnych","tag-program","tag-szczegolow","tag-tusk","tag-wyborow","generate-columns","tablet-grid-50","mobile-grid-100","grid-parent","grid-50","resize-featured-image"],"yoast_head":"<!-- This site is optimized with the Yoast SEO plugin v23.2 - https:\/\/yoast.com\/wordpress\/plugins\/seo\/ -->\n<title>Tusk og\u0142asza nowy program najbli\u017cszych wybor\u00f3w parlamentarnych. A \u201e100 szczeg\u00f3\u0142\u00f3w\u201d? - POGOTOWIE FLAGOWE\u00ae<\/title>\n<meta name=\"robots\" content=\"index, follow, max-snippet:-1, max-image-preview:large, max-video-preview:-1\" \/>\n<link rel=\"canonical\" href=\"https:\/\/www.pogotowieflagowe.pl\/aktualne\/tusk-oglasza-nowy-program-najblizszych-wyborow-parlamentarnych-a-100-szczegolow\/\" \/>\n<meta property=\"og:locale\" content=\"pl_PL\" \/>\n<meta property=\"og:type\" content=\"article\" \/>\n<meta property=\"og:title\" content=\"Tusk og\u0142asza nowy program najbli\u017cszych wybor\u00f3w parlamentarnych. A \u201e100 szczeg\u00f3\u0142\u00f3w\u201d? - POGOTOWIE FLAGOWE\u00ae\" \/>\n<meta property=\"og:description\" content=\"Premier Donald Tusk obiecuje nowy program Koalicji Obywatelskiej na nast\u0119pn\u0105 kadencj\u0119, cho\u0107 wiele za\u0142o\u017ce\u0144 z kampanii 2023 oczekuje jeszcze na\" \/>\n<meta property=\"og:url\" content=\"https:\/\/www.pogotowieflagowe.pl\/aktualne\/tusk-oglasza-nowy-program-najblizszych-wyborow-parlamentarnych-a-100-szczegolow\/\" \/>\n<meta property=\"og:site_name\" content=\"POGOTOWIE FLAGOWE\u00ae\" \/>\n<meta property=\"article:published_time\" content=\"2025-10-26T21:45:53+00:00\" \/>\n<meta property=\"article:modified_time\" content=\"2025-10-26T21:45:55+00:00\" \/>\n<meta property=\"og:image\" content=\"https:\/\/www.pogotowieflagowe.pl\/aktualne\/wp-content\/uploads\/2025\/10\/Tusk-oglasza-nowy-program-najblizszych-wyborow-parlamentarnych-A-\u201e100-szczegolow.webp.webp\" \/>\n\t<meta property=\"og:image:width\" content=\"1280\" \/>\n\t<meta property=\"og:image:height\" content=\"719\" \/>\n\t<meta property=\"og:image:type\" content=\"image\/webp\" \/>\n<meta name=\"author\" content=\"Filip\" \/>\n<meta name=\"twitter:card\" content=\"summary_large_image\" \/>\n<meta name=\"twitter:label1\" content=\"Napisane przez\" \/>\n\t<meta name=\"twitter:data1\" content=\"Filip\" \/>\n\t<meta name=\"twitter:label2\" content=\"Szacowany czas czytania\" \/>\n\t<meta name=\"twitter:data2\" content=\"2 minuty\" \/>\n<script type=\"application\/ld+json\" class=\"yoast-schema-graph\">{\"@context\":\"https:\/\/schema.org\",\"@graph\":[{\"@type\":\"Article\",\"@id\":\"https:\/\/www.pogotowieflagowe.pl\/aktualne\/tusk-oglasza-nowy-program-najblizszych-wyborow-parlamentarnych-a-100-szczegolow\/#article\",\"isPartOf\":{\"@id\":\"https:\/\/www.pogotowieflagowe.pl\/aktualne\/tusk-oglasza-nowy-program-najblizszych-wyborow-parlamentarnych-a-100-szczegolow\/\"},\"author\":{\"name\":\"Filip\",\"@id\":\"https:\/\/www.pogotowieflagowe.pl\/aktualne\/#\/schema\/person\/9c2fb7d2362ebf6fa088960d7f0d27b0\"},\"headline\":\"Tusk og\u0142asza nowy program najbli\u017cszych wybor\u00f3w parlamentarnych. A \u201e100 szczeg\u00f3\u0142\u00f3w\u201d?\",\"datePublished\":\"2025-10-26T21:45:53+00:00\",\"dateModified\":\"2025-10-26T21:45:55+00:00\",\"mainEntityOfPage\":{\"@id\":\"https:\/\/www.pogotowieflagowe.pl\/aktualne\/tusk-oglasza-nowy-program-najblizszych-wyborow-parlamentarnych-a-100-szczegolow\/\"},\"wordCount\":450,\"commentCount\":0,\"publisher\":{\"@id\":\"https:\/\/www.pogotowieflagowe.pl\/aktualne\/#organization\"},\"image\":{\"@id\":\"https:\/\/www.pogotowieflagowe.pl\/aktualne\/tusk-oglasza-nowy-program-najblizszych-wyborow-parlamentarnych-a-100-szczegolow\/#primaryimage\"},\"thumbnailUrl\":\"https:\/\/www.pogotowieflagowe.pl\/aktualne\/wp-content\/uploads\/2025\/10\/Tusk-oglasza-nowy-program-najblizszych-wyborow-parlamentarnych-A-\u201e100-szczegolow.webp.webp\",\"keywords\":[\"najbli\u017cszych\",\"Nowy\",\"og\u0142asza\",\"parlamentarnych\",\"program\",\"szczeg\u00f3\u0142\u00f3w\",\"Tusk\",\"wybor\u00f3w\"],\"articleSection\":[\"Aktualne\"],\"inLanguage\":\"pl-PL\",\"potentialAction\":[{\"@type\":\"CommentAction\",\"name\":\"Comment\",\"target\":[\"https:\/\/www.pogotowieflagowe.pl\/aktualne\/tusk-oglasza-nowy-program-najblizszych-wyborow-parlamentarnych-a-100-szczegolow\/#respond\"]}]},{\"@type\":\"WebPage\",\"@id\":\"https:\/\/www.pogotowieflagowe.pl\/aktualne\/tusk-oglasza-nowy-program-najblizszych-wyborow-parlamentarnych-a-100-szczegolow\/\",\"url\":\"https:\/\/www.pogotowieflagowe.pl\/aktualne\/tusk-oglasza-nowy-program-najblizszych-wyborow-parlamentarnych-a-100-szczegolow\/\",\"name\":\"Tusk og\u0142asza nowy program najbli\u017cszych wybor\u00f3w parlamentarnych. A \u201e100 szczeg\u00f3\u0142\u00f3w\u201d? - POGOTOWIE FLAGOWE\u00ae\",\"isPartOf\":{\"@id\":\"https:\/\/www.pogotowieflagowe.pl\/aktualne\/#website\"},\"primaryImageOfPage\":{\"@id\":\"https:\/\/www.pogotowieflagowe.pl\/aktualne\/tusk-oglasza-nowy-program-najblizszych-wyborow-parlamentarnych-a-100-szczegolow\/#primaryimage\"},\"image\":{\"@id\":\"https:\/\/www.pogotowieflagowe.pl\/aktualne\/tusk-oglasza-nowy-program-najblizszych-wyborow-parlamentarnych-a-100-szczegolow\/#primaryimage\"},\"thumbnailUrl\":\"https:\/\/www.pogotowieflagowe.pl\/aktualne\/wp-content\/uploads\/2025\/10\/Tusk-oglasza-nowy-program-najblizszych-wyborow-parlamentarnych-A-\u201e100-szczegolow.webp.webp\",\"datePublished\":\"2025-10-26T21:45:53+00:00\",\"dateModified\":\"2025-10-26T21:45:55+00:00\",\"breadcrumb\":{\"@id\":\"https:\/\/www.pogotowieflagowe.pl\/aktualne\/tusk-oglasza-nowy-program-najblizszych-wyborow-parlamentarnych-a-100-szczegolow\/#breadcrumb\"},\"inLanguage\":\"pl-PL\",\"potentialAction\":[{\"@type\":\"ReadAction\",\"target\":[\"https:\/\/www.pogotowieflagowe.pl\/aktualne\/tusk-oglasza-nowy-program-najblizszych-wyborow-parlamentarnych-a-100-szczegolow\/\"]}]},{\"@type\":\"ImageObject\",\"inLanguage\":\"pl-PL\",\"@id\":\"https:\/\/www.pogotowieflagowe.pl\/aktualne\/tusk-oglasza-nowy-program-najblizszych-wyborow-parlamentarnych-a-100-szczegolow\/#primaryimage\",\"url\":\"https:\/\/www.pogotowieflagowe.pl\/aktualne\/wp-content\/uploads\/2025\/10\/Tusk-oglasza-nowy-program-najblizszych-wyborow-parlamentarnych-A-\u201e100-szczegolow.webp.webp\",\"contentUrl\":\"https:\/\/www.pogotowieflagowe.pl\/aktualne\/wp-content\/uploads\/2025\/10\/Tusk-oglasza-nowy-program-najblizszych-wyborow-parlamentarnych-A-\u201e100-szczegolow.webp.webp\",\"width\":1280,\"height\":719,\"caption\":\"Tusk og\u0142asza nowy program najbli\u017cszych wybor\u00f3w parlamentarnych. A \u201e100 szczeg\u00f3\u0142\u00f3w\u201d?\"},{\"@type\":\"BreadcrumbList\",\"@id\":\"https:\/\/www.pogotowieflagowe.pl\/aktualne\/tusk-oglasza-nowy-program-najblizszych-wyborow-parlamentarnych-a-100-szczegolow\/#breadcrumb\",\"itemListElement\":[{\"@type\":\"ListItem\",\"position\":1,\"name\":\"Home\",\"item\":\"https:\/\/www.pogotowieflagowe.pl\/aktualne\/\"},{\"@type\":\"ListItem\",\"position\":2,\"name\":\"Tusk og\u0142asza nowy program najbli\u017cszych wybor\u00f3w parlamentarnych. A \u201e100 szczeg\u00f3\u0142\u00f3w\u201d?\"}]},{\"@type\":\"WebSite\",\"@id\":\"https:\/\/www.pogotowieflagowe.pl\/aktualne\/#website\",\"url\":\"https:\/\/www.pogotowieflagowe.pl\/aktualne\/\",\"name\":\"POGOTOWIE FLAGOWE\u00ae\",\"description\":\"\",\"publisher\":{\"@id\":\"https:\/\/www.pogotowieflagowe.pl\/aktualne\/#organization\"},\"potentialAction\":[{\"@type\":\"SearchAction\",\"target\":{\"@type\":\"EntryPoint\",\"urlTemplate\":\"https:\/\/www.pogotowieflagowe.pl\/aktualne\/?s={search_term_string}\"},\"query-input\":\"required name=search_term_string\"}],\"inLanguage\":\"pl-PL\"},{\"@type\":\"Organization\",\"@id\":\"https:\/\/www.pogotowieflagowe.pl\/aktualne\/#organization\",\"name\":\"POGOTOWIE FLAGOWE\u00ae\",\"url\":\"https:\/\/www.pogotowieflagowe.pl\/aktualne\/\",\"logo\":{\"@type\":\"ImageObject\",\"inLanguage\":\"pl-PL\",\"@id\":\"https:\/\/www.pogotowieflagowe.pl\/aktualne\/#\/schema\/logo\/image\/\",\"url\":\"https:\/\/www.pogotowieflagowe.pl\/aktualne\/wp-content\/uploads\/2024\/08\/cropped-pogotowieflagowe_flaga_projekt_sm.jpg\",\"contentUrl\":\"https:\/\/www.pogotowieflagowe.pl\/aktualne\/wp-content\/uploads\/2024\/08\/cropped-pogotowieflagowe_flaga_projekt_sm.jpg\",\"width\":250,\"height\":143,\"caption\":\"POGOTOWIE FLAGOWE\u00ae\"},\"image\":{\"@id\":\"https:\/\/www.pogotowieflagowe.pl\/aktualne\/#\/schema\/logo\/image\/\"}},{\"@type\":\"Person\",\"@id\":\"https:\/\/www.pogotowieflagowe.pl\/aktualne\/#\/schema\/person\/9c2fb7d2362ebf6fa088960d7f0d27b0\",\"name\":\"Filip\",\"image\":{\"@type\":\"ImageObject\",\"inLanguage\":\"pl-PL\",\"@id\":\"https:\/\/www.pogotowieflagowe.pl\/aktualne\/#\/schema\/person\/image\/\",\"url\":\"https:\/\/www.pogotowieflagowe.pl\/aktualne\/wp-content\/uploads\/2024\/08\/pogotowieflagowe.pl_.jpg\",\"contentUrl\":\"https:\/\/www.pogotowieflagowe.pl\/aktualne\/wp-content\/uploads\/2024\/08\/pogotowieflagowe.pl_.jpg\",\"caption\":\"Filip\"},\"description\":\"Jestem Filip, polski dziennikarz z dyplomem nauk politycznych Uniwersytetu Warszawskiego. Rozpoczynaj\u0105c swoj\u0105 karier\u0119 w r\u00f3\u017cnych lokalnych mediach, zdoby\u0142em solidne do\u015bwiadczenie w zakresie \u015bledztwa i redakcji. Obecnie jako redaktor w Pogotowie flagowe, staram si\u0119 dostarcza\u0107 dog\u0142\u0119bne i istotne analizy na temat najwa\u017cniejszych kwestii aktualno\u015bci, \u0142\u0105cz\u0105c rygor z pasj\u0105 dziennikarsk\u0105.\",\"sameAs\":[\"https:\/\/www.pogotowieflagowe.pl\/\"]}]}<\/script>\n<!-- \/ Yoast SEO plugin. -->","yoast_head_json":{"title":"Tusk og\u0142asza nowy program najbli\u017cszych wybor\u00f3w parlamentarnych. A \u201e100 szczeg\u00f3\u0142\u00f3w\u201d? - POGOTOWIE FLAGOWE\u00ae","robots":{"index":"index","follow":"follow","max-snippet":"max-snippet:-1","max-image-preview":"max-image-preview:large","max-video-preview":"max-video-preview:-1"},"canonical":"https:\/\/www.pogotowieflagowe.pl\/aktualne\/tusk-oglasza-nowy-program-najblizszych-wyborow-parlamentarnych-a-100-szczegolow\/","og_locale":"pl_PL","og_type":"article","og_title":"Tusk og\u0142asza nowy program najbli\u017cszych wybor\u00f3w parlamentarnych. A \u201e100 szczeg\u00f3\u0142\u00f3w\u201d? - POGOTOWIE FLAGOWE\u00ae","og_description":"Premier Donald Tusk obiecuje nowy program Koalicji Obywatelskiej na nast\u0119pn\u0105 kadencj\u0119, cho\u0107 wiele za\u0142o\u017ce\u0144 z kampanii 2023 oczekuje jeszcze na","og_url":"https:\/\/www.pogotowieflagowe.pl\/aktualne\/tusk-oglasza-nowy-program-najblizszych-wyborow-parlamentarnych-a-100-szczegolow\/","og_site_name":"POGOTOWIE FLAGOWE\u00ae","article_published_time":"2025-10-26T21:45:53+00:00","article_modified_time":"2025-10-26T21:45:55+00:00","og_image":[{"width":1280,"height":719,"url":"https:\/\/www.pogotowieflagowe.pl\/aktualne\/wp-content\/uploads\/2025\/10\/Tusk-oglasza-nowy-program-najblizszych-wyborow-parlamentarnych-A-\u201e100-szczegolow.webp.webp","type":"image\/webp"}],"author":"Filip","twitter_card":"summary_large_image","twitter_misc":{"Napisane przez":"Filip","Szacowany czas czytania":"2 minuty"},"schema":{"@context":"https:\/\/schema.org","@graph":[{"@type":"Article","@id":"https:\/\/www.pogotowieflagowe.pl\/aktualne\/tusk-oglasza-nowy-program-najblizszych-wyborow-parlamentarnych-a-100-szczegolow\/#article","isPartOf":{"@id":"https:\/\/www.pogotowieflagowe.pl\/aktualne\/tusk-oglasza-nowy-program-najblizszych-wyborow-parlamentarnych-a-100-szczegolow\/"},"author":{"name":"Filip","@id":"https:\/\/www.pogotowieflagowe.pl\/aktualne\/#\/schema\/person\/9c2fb7d2362ebf6fa088960d7f0d27b0"},"headline":"Tusk og\u0142asza nowy program najbli\u017cszych wybor\u00f3w parlamentarnych. A \u201e100 szczeg\u00f3\u0142\u00f3w\u201d?","datePublished":"2025-10-26T21:45:53+00:00","dateModified":"2025-10-26T21:45:55+00:00","mainEntityOfPage":{"@id":"https:\/\/www.pogotowieflagowe.pl\/aktualne\/tusk-oglasza-nowy-program-najblizszych-wyborow-parlamentarnych-a-100-szczegolow\/"},"wordCount":450,"commentCount":0,"publisher":{"@id":"https:\/\/www.pogotowieflagowe.pl\/aktualne\/#organization"},"image":{"@id":"https:\/\/www.pogotowieflagowe.pl\/aktualne\/tusk-oglasza-nowy-program-najblizszych-wyborow-parlamentarnych-a-100-szczegolow\/#primaryimage"},"thumbnailUrl":"https:\/\/www.pogotowieflagowe.pl\/aktualne\/wp-content\/uploads\/2025\/10\/Tusk-oglasza-nowy-program-najblizszych-wyborow-parlamentarnych-A-\u201e100-szczegolow.webp.webp","keywords":["najbli\u017cszych","Nowy","og\u0142asza","parlamentarnych","program","szczeg\u00f3\u0142\u00f3w","Tusk","wybor\u00f3w"],"articleSection":["Aktualne"],"inLanguage":"pl-PL","potentialAction":[{"@type":"CommentAction","name":"Comment","target":["https:\/\/www.pogotowieflagowe.pl\/aktualne\/tusk-oglasza-nowy-program-najblizszych-wyborow-parlamentarnych-a-100-szczegolow\/#respond"]}]},{"@type":"WebPage","@id":"https:\/\/www.pogotowieflagowe.pl\/aktualne\/tusk-oglasza-nowy-program-najblizszych-wyborow-parlamentarnych-a-100-szczegolow\/","url":"https:\/\/www.pogotowieflagowe.pl\/aktualne\/tusk-oglasza-nowy-program-najblizszych-wyborow-parlamentarnych-a-100-szczegolow\/","name":"Tusk og\u0142asza nowy program najbli\u017cszych wybor\u00f3w parlamentarnych. A \u201e100 szczeg\u00f3\u0142\u00f3w\u201d? - POGOTOWIE FLAGOWE\u00ae","isPartOf":{"@id":"https:\/\/www.pogotowieflagowe.pl\/aktualne\/#website"},"primaryImageOfPage":{"@id":"https:\/\/www.pogotowieflagowe.pl\/aktualne\/tusk-oglasza-nowy-program-najblizszych-wyborow-parlamentarnych-a-100-szczegolow\/#primaryimage"},"image":{"@id":"https:\/\/www.pogotowieflagowe.pl\/aktualne\/tusk-oglasza-nowy-program-najblizszych-wyborow-parlamentarnych-a-100-szczegolow\/#primaryimage"},"thumbnailUrl":"https:\/\/www.pogotowieflagowe.pl\/aktualne\/wp-content\/uploads\/2025\/10\/Tusk-oglasza-nowy-program-najblizszych-wyborow-parlamentarnych-A-\u201e100-szczegolow.webp.webp","datePublished":"2025-10-26T21:45:53+00:00","dateModified":"2025-10-26T21:45:55+00:00","breadcrumb":{"@id":"https:\/\/www.pogotowieflagowe.pl\/aktualne\/tusk-oglasza-nowy-program-najblizszych-wyborow-parlamentarnych-a-100-szczegolow\/#breadcrumb"},"inLanguage":"pl-PL","potentialAction":[{"@type":"ReadAction","target":["https:\/\/www.pogotowieflagowe.pl\/aktualne\/tusk-oglasza-nowy-program-najblizszych-wyborow-parlamentarnych-a-100-szczegolow\/"]}]},{"@type":"ImageObject","inLanguage":"pl-PL","@id":"https:\/\/www.pogotowieflagowe.pl\/aktualne\/tusk-oglasza-nowy-program-najblizszych-wyborow-parlamentarnych-a-100-szczegolow\/#primaryimage","url":"https:\/\/www.pogotowieflagowe.pl\/aktualne\/wp-content\/uploads\/2025\/10\/Tusk-oglasza-nowy-program-najblizszych-wyborow-parlamentarnych-A-\u201e100-szczegolow.webp.webp","contentUrl":"https:\/\/www.pogotowieflagowe.pl\/aktualne\/wp-content\/uploads\/2025\/10\/Tusk-oglasza-nowy-program-najblizszych-wyborow-parlamentarnych-A-\u201e100-szczegolow.webp.webp","width":1280,"height":719,"caption":"Tusk og\u0142asza nowy program najbli\u017cszych wybor\u00f3w parlamentarnych. A \u201e100 szczeg\u00f3\u0142\u00f3w\u201d?"},{"@type":"BreadcrumbList","@id":"https:\/\/www.pogotowieflagowe.pl\/aktualne\/tusk-oglasza-nowy-program-najblizszych-wyborow-parlamentarnych-a-100-szczegolow\/#breadcrumb","itemListElement":[{"@type":"ListItem","position":1,"name":"Home","item":"https:\/\/www.pogotowieflagowe.pl\/aktualne\/"},{"@type":"ListItem","position":2,"name":"Tusk og\u0142asza nowy program najbli\u017cszych wybor\u00f3w parlamentarnych. A \u201e100 szczeg\u00f3\u0142\u00f3w\u201d?"}]},{"@type":"WebSite","@id":"https:\/\/www.pogotowieflagowe.pl\/aktualne\/#website","url":"https:\/\/www.pogotowieflagowe.pl\/aktualne\/","name":"POGOTOWIE FLAGOWE\u00ae","description":"","publisher":{"@id":"https:\/\/www.pogotowieflagowe.pl\/aktualne\/#organization"},"potentialAction":[{"@type":"SearchAction","target":{"@type":"EntryPoint","urlTemplate":"https:\/\/www.pogotowieflagowe.pl\/aktualne\/?s={search_term_string}"},"query-input":"required name=search_term_string"}],"inLanguage":"pl-PL"},{"@type":"Organization","@id":"https:\/\/www.pogotowieflagowe.pl\/aktualne\/#organization","name":"POGOTOWIE FLAGOWE\u00ae","url":"https:\/\/www.pogotowieflagowe.pl\/aktualne\/","logo":{"@type":"ImageObject","inLanguage":"pl-PL","@id":"https:\/\/www.pogotowieflagowe.pl\/aktualne\/#\/schema\/logo\/image\/","url":"https:\/\/www.pogotowieflagowe.pl\/aktualne\/wp-content\/uploads\/2024\/08\/cropped-pogotowieflagowe_flaga_projekt_sm.jpg","contentUrl":"https:\/\/www.pogotowieflagowe.pl\/aktualne\/wp-content\/uploads\/2024\/08\/cropped-pogotowieflagowe_flaga_projekt_sm.jpg","width":250,"height":143,"caption":"POGOTOWIE FLAGOWE\u00ae"},"image":{"@id":"https:\/\/www.pogotowieflagowe.pl\/aktualne\/#\/schema\/logo\/image\/"}},{"@type":"Person","@id":"https:\/\/www.pogotowieflagowe.pl\/aktualne\/#\/schema\/person\/9c2fb7d2362ebf6fa088960d7f0d27b0","name":"Filip","image":{"@type":"ImageObject","inLanguage":"pl-PL","@id":"https:\/\/www.pogotowieflagowe.pl\/aktualne\/#\/schema\/person\/image\/","url":"https:\/\/www.pogotowieflagowe.pl\/aktualne\/wp-content\/uploads\/2024\/08\/pogotowieflagowe.pl_.jpg","contentUrl":"https:\/\/www.pogotowieflagowe.pl\/aktualne\/wp-content\/uploads\/2024\/08\/pogotowieflagowe.pl_.jpg","caption":"Filip"},"description":"Jestem Filip, polski dziennikarz z dyplomem nauk politycznych Uniwersytetu Warszawskiego. Rozpoczynaj\u0105c swoj\u0105 karier\u0119 w r\u00f3\u017cnych lokalnych mediach, zdoby\u0142em solidne do\u015bwiadczenie w zakresie \u015bledztwa i redakcji. Obecnie jako redaktor w Pogotowie flagowe, staram si\u0119 dostarcza\u0107 dog\u0142\u0119bne i istotne analizy na temat najwa\u017cniejszych kwestii aktualno\u015bci, \u0142\u0105cz\u0105c rygor z pasj\u0105 dziennikarsk\u0105.","sameAs":["https:\/\/www.pogotowieflagowe.pl\/"]}]}},"_links":{"self":[{"href":"https:\/\/www.pogotowieflagowe.pl\/aktualne\/wp-json\/wp\/v2\/posts\/9846","targetHints":{"allow":["GET"]}}],"collection":[{"href":"https:\/\/www.pogotowieflagowe.pl\/aktualne\/wp-json\/wp\/v2\/posts"}],"about":[{"href":"https:\/\/www.pogotowieflagowe.pl\/aktualne\/wp-json\/wp\/v2\/types\/post"}],"author":[{"embeddable":true,"href":"https:\/\/www.pogotowieflagowe.pl\/aktualne\/wp-json\/wp\/v2\/users\/1"}],"replies":[{"embeddable":true,"href":"https:\/\/www.pogotowieflagowe.pl\/aktualne\/wp-json\/wp\/v2\/comments?post=9846"}],"version-history":[{"count":1,"href":"https:\/\/www.pogotowieflagowe.pl\/aktualne\/wp-json\/wp\/v2\/posts\/9846\/revisions"}],"predecessor-version":[{"id":9848,"href":"https:\/\/www.pogotowieflagowe.pl\/aktualne\/wp-json\/wp\/v2\/posts\/9846\/revisions\/9848"}],"wp:featuredmedia":[{"embeddable":true,"href":"https:\/\/www.pogotowieflagowe.pl\/aktualne\/wp-json\/wp\/v2\/media\/9847"}],"wp:attachment":[{"href":"https:\/\/www.pogotowieflagowe.pl\/aktualne\/wp-json\/wp\/v2\/media?parent=9846"}],"wp:term":[{"taxonomy":"category","embeddable":true,"href":"https:\/\/www.pogotowieflagowe.pl\/aktualne\/wp-json\/wp\/v2\/categories?post=9846"},{"taxonomy":"post_tag","embeddable":true,"href":"https:\/\/www.pogotowieflagowe.pl\/aktualne\/wp-json\/wp\/v2\/tags?post=9846"}],"curies":[{"name":"wp","href":"https:\/\/api.w.org\/{rel}","templated":true}]}}