{"id":9857,"date":"2025-10-27T11:00:32","date_gmt":"2025-10-27T10:00:32","guid":{"rendered":"https:\/\/www.pogotowieflagowe.pl\/aktualne\/posel-matecki-ostrzega-przed-nowym-zagrozeniem-porownujac-je-do-acta-i-przewidujac-cos-jeszcze-gorszego\/"},"modified":"2025-10-27T11:00:34","modified_gmt":"2025-10-27T10:00:34","slug":"posel-matecki-ostrzega-przed-nowym-zagrozeniem-porownujac-je-do-acta-i-przewidujac-cos-jeszcze-gorszego","status":"publish","type":"post","link":"https:\/\/www.pogotowieflagowe.pl\/aktualne\/posel-matecki-ostrzega-przed-nowym-zagrozeniem-porownujac-je-do-acta-i-przewidujac-cos-jeszcze-gorszego\/","title":{"rendered":"Pose\u0142 Matecki ostrzega przed nowym zagro\u017ceniem, por\u00f3wnuj\u0105c je do ACTA i przewiduj\u0105c co\u015b jeszcze gorszego"},"content":{"rendered":"\n<div class=\"td_block_wrap tdb_single_content tdi_41 td-pb-border-top td_block_template_8 td-post-content tagdiv-type\" data-td-block-uid=\"tdi_41\">\n<style>.tdi_41{margines-top:0px!important;margin-bottom:0px!important;dope\u0142nienie-g\u00f3ra:0px!important;dope\u0142nienie-d\u00f3\u0142:0px!important}<\/style>\n<style>.tdb_single_content{margin-bottom:0;*zoom:1}.tdb_single_content:before,.tdb_single_content:after{display:table;content:'';line-height:0}.tdb_single_content:after{clear:both}.tdb_single_content .tdb-block-inner>*:not(.wp-block-quote):not(.alignwide):not(.alignfull.wp-block-cover.has-parallax):not(.td-a-ad){margin-left:auto;margin-right:auto}.tdb_single_content a{pointer-events:auto}.tdb_single_content .td-spot-id-top_ad .tdc-placeholder-title:before{content:'Article Top Ad'!important}.tdb_single_content .td-spot-id-inline_ad0 .tdc-placeholder-title:before{content:'Article Reklama wbudowana 1'!important}.tdb_single_content .td-spot-id-inline_ad1 .tdc-placeholder-title:before{content:'Reklama wbudowana w artyku\u0142 2'!important}.tdb_single_content .td-spot-id-inline_ad2 .tdc-placeholder-title:before{content:'Reklama w tek\u015bcie artyku\u0142u 3'!important}.tdb_single_content .td-spot-id-bottom_ad .tdc-placeholder-title:before{content:'Article Bottom Ad'!important}.tdb_single_content .id_top_ad,.tdb_single_content .id_bottom_ad{clear:both;margin-bottom:21px;text-align:center}.tdb_single_content .id_top_ad img,.tdb_single_content .id_bottom_ad img{margin-bottom:0}.tdb_single_content .id_top_ad .adsbygoogle,.tdb_single_content .id_bottom_ad .adsbygoogle{position:relative}.tdb_single_content .id_ad_content-horiz-left,.tdb_single_content .id_ad_content-horiz-right,.tdb_single_content .id_ad_content-horiz-center{margin-bottom:15px}.tdb_single_content .id_ad_content-horiz-left img,.tdb_single_content .id_ad_content-horiz-right img,.tdb_single_content .id_ad_content-horiz-center img{margin-bottom:0}.tdb_single_content .id_ad_content-horiz-center{text-align:center}.tdb_single_content .id_ad_content-horiz-center img{margin-right:auto;margin-left:auto}.tdb_single_content .id_ad_content-horiz-left{float:left;margin-top:9px;margin-right:21px}.tdb_single_content .id_ad_content-horiz-right{float:right;margin-top:6px;margin-left:21px}.tdb_single_content .tdc-a-ad .tdc-placeholder-title{width:300px;height:250px}.tdb_single_content .tdc-a-ad .tdc-placeholder-title:before{position:absolute;top:50%;-webkit-transform:translateY(-50%);transform:translateY(-50%);margin:auto;display:table;width:100%}.tdb_single_content .tdb-block-inner.td-fix-index{word-break:break-word}.tdi_41,.tdi_41>p,.tdi_41 .tdb-block-inner>p,.wp-block-column>p{font-size:16px!important;line-height:1.6!important}.tdi_41 .tdb-block-inner cytat blokowy p{font-style:normal!important}@media (max-width:767px){.tdb_single_content .id_ad_content-horiz-left,.tdb_single_content .id_ad_content-horiz-right,.tdb_single_content .id_ad_content-horiz-center{margin:0 auto 26 pikseli auto}}@media (max-width:767px){.tdb_single_content .id_ad_content-horiz-left{margin-right:0}}@media (max-width:767px){.tdb_single_content .id_ad_content-horiz-right{margin-left:0}}@media (max-width:767px){.tdb_single_content .td-a-ad{float:none;text-align:center}.tdb_single_content .td-a-ad img{margin-right:auto;margin-left:auto}.tdb_single_content .tdc-a-ad{float:none}}<\/style>\n<div class=\"tdb-block-inner td-fix-index\">\n<p>W swoim najnowszym po\u015bcie na portalu X pose\u0142 Prawa i Sprawiedliwo\u015bci Dariusz Matecki nawi\u0105zuje do projektu ACTA \u2013 do dzi\u015b kojarzonego z cenzur\u0105 Internetu \u2013 kt\u00f3ry zosta\u0142 skutecznie pokonany dzi\u0119ki protestom spo\u0142ecznym. Niestety, wydaje si\u0119, \u017ce na horyzoncie pojawia si\u0119 co\u015b gorszego.<\/p>\n<p>Pose\u0142 pisze, \u017ce to obywatelom uda\u0142o si\u0119 obali\u0107 ACTA. Teraz jednak pojawi\u0142o si\u0119 DSA \u2013 projekt, kt\u00f3ry mo\u017ce przetrwa\u0107, je\u015bli wszyscy b\u0119d\u0105 milcze\u0107.<\/p>\n<p>Nowe przepisy umo\u017cliwiaj\u0105 urz\u0119dnikom pa\u0144stwowym usuwanie tre\u015bci \u201enaruszaj\u0105cych warto\u015bci UE\u201d lub stanowi\u0105cych \u201emow\u0119 nienawi\u015bci\u201d. Ale kto definiuje te terminy? Ci sami, kt\u00f3rzy m\u00f3wi\u0105, \u017ce rodzina jest \u201eprzestarza\u0142a\u201d, a wiara \u201ezagro\u017cona\u201d \u2013 twierdzi Matecki.<\/p>\n<p>Na zako\u0144czenie podkre\u015bli\u0142, \u017ce wolno\u015b\u0107 s\u0142owa jest polskim prawem i obowi\u0105zkiem obrony prawdy, a nie europejskim przywilejem.<\/p>\n<p>Matecki ko\u0144czy swoje wyst\u0105pienie przypomnieniem, \u017ce 4 listopada odb\u0119dzie si\u0119 publiczne wys\u0142uchanie w sprawie #DSA \u2013 unijnej ustawy o cenzurze w internecie.<\/p>\n<figure class=\"wp-block-embed is-type-rich is-provider-twitter wp-block-embed-twitter\">\n<div class=\"wp-block-embed__wrapper\">\n<blockquote class=\"twitter-tweet\" data-width=\"550\" data-dnt=\"true\">\n<p lang=\"pl\" dir=\"ltr\">\ud83d\udd25 ACTA upad\u0142a dzi\u0119ki obywatelom. DSA mo\u017ce by\u0107, je\u015bli b\u0119dziemy milcze\u0107. Nowe przepisy administracyjne, kt\u00f3re usuwaj\u0105 tre\u015bci, kt\u00f3re \u201enaruszaj\u0105 warto\u015bci UE\u201d \u2013 stanowi\u0105 \u201emow\u0119 egzekwowania\u201d. Ale kto je okre\u015bla? Ci sami, kt\u00f3rzy m\u00f3wi\u0105, \u017ce rodzina na \u201eprze\u017cytek\u201d, wiara w\u2026 <a rel=\"nofollow\" href=\"https:\/\/t.co\/vkIG9HOiRY\">pic.twitter.com\/vkIG9HOiRY<\/a><\/p>\n<p>\u2014 Dariusz Matecki (@DariuszMatecki) <a rel=\"nofollow\" href=\"https:\/\/twitter.com\/DariuszMatecki\/status\/1982306716910796987?ref_src=twsrc%5Etfw\">26 pa\u017adziernika 2025 r<\/a><\/p><\/blockquote>\n<\/div>\n<\/figure>\n<h2 class=\"wp-block-heading\">Ale czym w\u0142a\u015bciwie jest DSA?<\/h2>\n<p>Ustawa o us\u0142ugach cyfrowych (DSA) to rozporz\u0105dzenie UE maj\u0105ce na celu stworzenie bezpieczniejszego i bardziej przejrzystego Internetu.<\/p>\n<p>G\u0142\u00f3wne cele dokumentu to:<\/p>\n<ul class=\"wp-block-list\">\n<li>zwi\u0119kszenie odpowiedzialno\u015bci platform internetowych za publikowane tre\u015bci,<\/li>\n<li>wzmocnienie praw u\u017cytkownik\u00f3w, w tym ulepszone procedury odwo\u0142awcze,<\/li>\n<li>zapewnienie przejrzysto\u015bci algorytm\u00f3w rekomendacji i reklam,<\/li>\n<li>skuteczniejsze zwalczanie nielegalnych tre\u015bci w internecie.<\/li>\n<\/ul>\n<p>Ustawa dotyczy przede wszystkim platform internetowych \u2013 w praktyce medi\u00f3w spo\u0142eczno\u015bciowych, portali i sklep\u00f3w internetowych.<\/p>\n<\/div>\n<\/div>\n<p><script async src=\"https:\/\/platform.twitter.com\/widgets.js\" charset=\"utf-8\"><\/script><\/p>\n","protected":false},"excerpt":{"rendered":"<p>W swoim najnowszym po\u015bcie na portalu X pose\u0142 Prawa i Sprawiedliwo\u015bci Dariusz Matecki nawi\u0105zuje do projektu ACTA \u2013 do dzi\u015b<\/p>\n","protected":false},"author":1,"featured_media":9339,"comment_status":"open","ping_status":"open","sticky":false,"template":"","format":"standard","meta":{"footnotes":""},"categories":[4748],"tags":[11367,1074,11369,5475,6078,1474,1175,11366,2543,643,11368,5228],"class_list":["post-9857","post","type-post","status-publish","format-standard","has-post-thumbnail","hentry","category-aktualne","tag-acta","tag-cos","tag-gorszego","tag-jeszcze","tag-matecki","tag-nowym","tag-ostrzega","tag-porownujac","tag-posel","tag-przed","tag-przewidujac","tag-zagrozeniem","generate-columns","tablet-grid-50","mobile-grid-100","grid-parent","grid-50","resize-featured-image"],"yoast_head":"<!-- This site is optimized with the Yoast SEO plugin v23.2 - https:\/\/yoast.com\/wordpress\/plugins\/seo\/ -->\n<title>Pose\u0142 Matecki ostrzega przed nowym zagro\u017ceniem, por\u00f3wnuj\u0105c je do ACTA i przewiduj\u0105c co\u015b jeszcze gorszego - POGOTOWIE FLAGOWE\u00ae<\/title>\n<meta name=\"robots\" content=\"index, follow, max-snippet:-1, max-image-preview:large, max-video-preview:-1\" \/>\n<link rel=\"canonical\" href=\"https:\/\/www.pogotowieflagowe.pl\/aktualne\/posel-matecki-ostrzega-przed-nowym-zagrozeniem-porownujac-je-do-acta-i-przewidujac-cos-jeszcze-gorszego\/\" \/>\n<meta property=\"og:locale\" content=\"pl_PL\" \/>\n<meta property=\"og:type\" content=\"article\" \/>\n<meta property=\"og:title\" content=\"Pose\u0142 Matecki ostrzega przed nowym zagro\u017ceniem, por\u00f3wnuj\u0105c je do ACTA i przewiduj\u0105c co\u015b jeszcze gorszego - POGOTOWIE FLAGOWE\u00ae\" \/>\n<meta property=\"og:description\" content=\"W swoim najnowszym po\u015bcie na portalu X pose\u0142 Prawa i Sprawiedliwo\u015bci Dariusz Matecki nawi\u0105zuje do projektu ACTA \u2013 do dzi\u015b\" \/>\n<meta property=\"og:url\" content=\"https:\/\/www.pogotowieflagowe.pl\/aktualne\/posel-matecki-ostrzega-przed-nowym-zagrozeniem-porownujac-je-do-acta-i-przewidujac-cos-jeszcze-gorszego\/\" \/>\n<meta property=\"og:site_name\" content=\"POGOTOWIE FLAGOWE\u00ae\" \/>\n<meta property=\"article:published_time\" content=\"2025-10-27T10:00:32+00:00\" \/>\n<meta property=\"article:modified_time\" content=\"2025-10-27T10:00:34+00:00\" \/>\n<meta property=\"og:image\" content=\"https:\/\/www.pogotowieflagowe.pl\/aktualne\/wp-content\/uploads\/2025\/10\/UE-planuje-rozprawienie-sie-z-mediami-spolecznosciowymi-\u201eCenzura-internetowa-im.jpg\" \/>\n\t<meta property=\"og:image:width\" content=\"1280\" \/>\n\t<meta property=\"og:image:height\" content=\"905\" \/>\n\t<meta property=\"og:image:type\" content=\"image\/jpeg\" \/>\n<meta name=\"author\" content=\"Filip\" \/>\n<meta name=\"twitter:card\" content=\"summary_large_image\" \/>\n<meta name=\"twitter:label1\" content=\"Napisane przez\" \/>\n\t<meta name=\"twitter:data1\" content=\"Filip\" \/>\n\t<meta name=\"twitter:label2\" content=\"Szacowany czas czytania\" \/>\n\t<meta name=\"twitter:data2\" content=\"2 minuty\" \/>\n<script type=\"application\/ld+json\" class=\"yoast-schema-graph\">{\"@context\":\"https:\/\/schema.org\",\"@graph\":[{\"@type\":\"Article\",\"@id\":\"https:\/\/www.pogotowieflagowe.pl\/aktualne\/posel-matecki-ostrzega-przed-nowym-zagrozeniem-porownujac-je-do-acta-i-przewidujac-cos-jeszcze-gorszego\/#article\",\"isPartOf\":{\"@id\":\"https:\/\/www.pogotowieflagowe.pl\/aktualne\/posel-matecki-ostrzega-przed-nowym-zagrozeniem-porownujac-je-do-acta-i-przewidujac-cos-jeszcze-gorszego\/\"},\"author\":{\"name\":\"Filip\",\"@id\":\"https:\/\/www.pogotowieflagowe.pl\/aktualne\/#\/schema\/person\/9c2fb7d2362ebf6fa088960d7f0d27b0\"},\"headline\":\"Pose\u0142 Matecki ostrzega przed nowym zagro\u017ceniem, por\u00f3wnuj\u0105c je do ACTA i przewiduj\u0105c co\u015b jeszcze gorszego\",\"datePublished\":\"2025-10-27T10:00:32+00:00\",\"dateModified\":\"2025-10-27T10:00:34+00:00\",\"mainEntityOfPage\":{\"@id\":\"https:\/\/www.pogotowieflagowe.pl\/aktualne\/posel-matecki-ostrzega-przed-nowym-zagrozeniem-porownujac-je-do-acta-i-przewidujac-cos-jeszcze-gorszego\/\"},\"wordCount\":329,\"commentCount\":0,\"publisher\":{\"@id\":\"https:\/\/www.pogotowieflagowe.pl\/aktualne\/#organization\"},\"image\":{\"@id\":\"https:\/\/www.pogotowieflagowe.pl\/aktualne\/posel-matecki-ostrzega-przed-nowym-zagrozeniem-porownujac-je-do-acta-i-przewidujac-cos-jeszcze-gorszego\/#primaryimage\"},\"thumbnailUrl\":\"https:\/\/www.pogotowieflagowe.pl\/aktualne\/wp-content\/uploads\/2025\/10\/UE-planuje-rozprawienie-sie-z-mediami-spolecznosciowymi-\u201eCenzura-internetowa-im.jpg\",\"keywords\":[\"ACTA\",\"co\u015b\",\"gorszego\",\"jeszcze\",\"Matecki\",\"Nowym\",\"ostrzega\",\"por\u00f3wnuj\u0105c\",\"pose\u0142\",\"przed\",\"przewiduj\u0105c\",\"zagro\u017ceniem\"],\"articleSection\":[\"Aktualne\"],\"inLanguage\":\"pl-PL\",\"potentialAction\":[{\"@type\":\"CommentAction\",\"name\":\"Comment\",\"target\":[\"https:\/\/www.pogotowieflagowe.pl\/aktualne\/posel-matecki-ostrzega-przed-nowym-zagrozeniem-porownujac-je-do-acta-i-przewidujac-cos-jeszcze-gorszego\/#respond\"]}]},{\"@type\":\"WebPage\",\"@id\":\"https:\/\/www.pogotowieflagowe.pl\/aktualne\/posel-matecki-ostrzega-przed-nowym-zagrozeniem-porownujac-je-do-acta-i-przewidujac-cos-jeszcze-gorszego\/\",\"url\":\"https:\/\/www.pogotowieflagowe.pl\/aktualne\/posel-matecki-ostrzega-przed-nowym-zagrozeniem-porownujac-je-do-acta-i-przewidujac-cos-jeszcze-gorszego\/\",\"name\":\"Pose\u0142 Matecki ostrzega przed nowym zagro\u017ceniem, por\u00f3wnuj\u0105c je do ACTA i przewiduj\u0105c co\u015b jeszcze gorszego - POGOTOWIE FLAGOWE\u00ae\",\"isPartOf\":{\"@id\":\"https:\/\/www.pogotowieflagowe.pl\/aktualne\/#website\"},\"primaryImageOfPage\":{\"@id\":\"https:\/\/www.pogotowieflagowe.pl\/aktualne\/posel-matecki-ostrzega-przed-nowym-zagrozeniem-porownujac-je-do-acta-i-przewidujac-cos-jeszcze-gorszego\/#primaryimage\"},\"image\":{\"@id\":\"https:\/\/www.pogotowieflagowe.pl\/aktualne\/posel-matecki-ostrzega-przed-nowym-zagrozeniem-porownujac-je-do-acta-i-przewidujac-cos-jeszcze-gorszego\/#primaryimage\"},\"thumbnailUrl\":\"https:\/\/www.pogotowieflagowe.pl\/aktualne\/wp-content\/uploads\/2025\/10\/UE-planuje-rozprawienie-sie-z-mediami-spolecznosciowymi-\u201eCenzura-internetowa-im.jpg\",\"datePublished\":\"2025-10-27T10:00:32+00:00\",\"dateModified\":\"2025-10-27T10:00:34+00:00\",\"breadcrumb\":{\"@id\":\"https:\/\/www.pogotowieflagowe.pl\/aktualne\/posel-matecki-ostrzega-przed-nowym-zagrozeniem-porownujac-je-do-acta-i-przewidujac-cos-jeszcze-gorszego\/#breadcrumb\"},\"inLanguage\":\"pl-PL\",\"potentialAction\":[{\"@type\":\"ReadAction\",\"target\":[\"https:\/\/www.pogotowieflagowe.pl\/aktualne\/posel-matecki-ostrzega-przed-nowym-zagrozeniem-porownujac-je-do-acta-i-przewidujac-cos-jeszcze-gorszego\/\"]}]},{\"@type\":\"ImageObject\",\"inLanguage\":\"pl-PL\",\"@id\":\"https:\/\/www.pogotowieflagowe.pl\/aktualne\/posel-matecki-ostrzega-przed-nowym-zagrozeniem-porownujac-je-do-acta-i-przewidujac-cos-jeszcze-gorszego\/#primaryimage\",\"url\":\"https:\/\/www.pogotowieflagowe.pl\/aktualne\/wp-content\/uploads\/2025\/10\/UE-planuje-rozprawienie-sie-z-mediami-spolecznosciowymi-\u201eCenzura-internetowa-im.jpg\",\"contentUrl\":\"https:\/\/www.pogotowieflagowe.pl\/aktualne\/wp-content\/uploads\/2025\/10\/UE-planuje-rozprawienie-sie-z-mediami-spolecznosciowymi-\u201eCenzura-internetowa-im.jpg\",\"width\":1280,\"height\":905,\"caption\":\"UE planuje rozprawienie si\u0119 z mediami spo\u0142eczno\u015bciowymi: \u201eCenzura internetowa im nie wystarczy\u2026\u201d\"},{\"@type\":\"BreadcrumbList\",\"@id\":\"https:\/\/www.pogotowieflagowe.pl\/aktualne\/posel-matecki-ostrzega-przed-nowym-zagrozeniem-porownujac-je-do-acta-i-przewidujac-cos-jeszcze-gorszego\/#breadcrumb\",\"itemListElement\":[{\"@type\":\"ListItem\",\"position\":1,\"name\":\"Home\",\"item\":\"https:\/\/www.pogotowieflagowe.pl\/aktualne\/\"},{\"@type\":\"ListItem\",\"position\":2,\"name\":\"Pose\u0142 Matecki ostrzega przed nowym zagro\u017ceniem, por\u00f3wnuj\u0105c je do ACTA i przewiduj\u0105c co\u015b jeszcze gorszego\"}]},{\"@type\":\"WebSite\",\"@id\":\"https:\/\/www.pogotowieflagowe.pl\/aktualne\/#website\",\"url\":\"https:\/\/www.pogotowieflagowe.pl\/aktualne\/\",\"name\":\"POGOTOWIE FLAGOWE\u00ae\",\"description\":\"\",\"publisher\":{\"@id\":\"https:\/\/www.pogotowieflagowe.pl\/aktualne\/#organization\"},\"potentialAction\":[{\"@type\":\"SearchAction\",\"target\":{\"@type\":\"EntryPoint\",\"urlTemplate\":\"https:\/\/www.pogotowieflagowe.pl\/aktualne\/?s={search_term_string}\"},\"query-input\":\"required name=search_term_string\"}],\"inLanguage\":\"pl-PL\"},{\"@type\":\"Organization\",\"@id\":\"https:\/\/www.pogotowieflagowe.pl\/aktualne\/#organization\",\"name\":\"POGOTOWIE FLAGOWE\u00ae\",\"url\":\"https:\/\/www.pogotowieflagowe.pl\/aktualne\/\",\"logo\":{\"@type\":\"ImageObject\",\"inLanguage\":\"pl-PL\",\"@id\":\"https:\/\/www.pogotowieflagowe.pl\/aktualne\/#\/schema\/logo\/image\/\",\"url\":\"https:\/\/www.pogotowieflagowe.pl\/aktualne\/wp-content\/uploads\/2024\/08\/cropped-pogotowieflagowe_flaga_projekt_sm.jpg\",\"contentUrl\":\"https:\/\/www.pogotowieflagowe.pl\/aktualne\/wp-content\/uploads\/2024\/08\/cropped-pogotowieflagowe_flaga_projekt_sm.jpg\",\"width\":250,\"height\":143,\"caption\":\"POGOTOWIE FLAGOWE\u00ae\"},\"image\":{\"@id\":\"https:\/\/www.pogotowieflagowe.pl\/aktualne\/#\/schema\/logo\/image\/\"}},{\"@type\":\"Person\",\"@id\":\"https:\/\/www.pogotowieflagowe.pl\/aktualne\/#\/schema\/person\/9c2fb7d2362ebf6fa088960d7f0d27b0\",\"name\":\"Filip\",\"image\":{\"@type\":\"ImageObject\",\"inLanguage\":\"pl-PL\",\"@id\":\"https:\/\/www.pogotowieflagowe.pl\/aktualne\/#\/schema\/person\/image\/\",\"url\":\"https:\/\/www.pogotowieflagowe.pl\/aktualne\/wp-content\/uploads\/2024\/08\/pogotowieflagowe.pl_.jpg\",\"contentUrl\":\"https:\/\/www.pogotowieflagowe.pl\/aktualne\/wp-content\/uploads\/2024\/08\/pogotowieflagowe.pl_.jpg\",\"caption\":\"Filip\"},\"description\":\"Jestem Filip, polski dziennikarz z dyplomem nauk politycznych Uniwersytetu Warszawskiego. Rozpoczynaj\u0105c swoj\u0105 karier\u0119 w r\u00f3\u017cnych lokalnych mediach, zdoby\u0142em solidne do\u015bwiadczenie w zakresie \u015bledztwa i redakcji. Obecnie jako redaktor w Pogotowie flagowe, staram si\u0119 dostarcza\u0107 dog\u0142\u0119bne i istotne analizy na temat najwa\u017cniejszych kwestii aktualno\u015bci, \u0142\u0105cz\u0105c rygor z pasj\u0105 dziennikarsk\u0105.\",\"sameAs\":[\"https:\/\/www.pogotowieflagowe.pl\/\"]}]}<\/script>\n<!-- \/ Yoast SEO plugin. -->","yoast_head_json":{"title":"Pose\u0142 Matecki ostrzega przed nowym zagro\u017ceniem, por\u00f3wnuj\u0105c je do ACTA i przewiduj\u0105c co\u015b jeszcze gorszego - POGOTOWIE FLAGOWE\u00ae","robots":{"index":"index","follow":"follow","max-snippet":"max-snippet:-1","max-image-preview":"max-image-preview:large","max-video-preview":"max-video-preview:-1"},"canonical":"https:\/\/www.pogotowieflagowe.pl\/aktualne\/posel-matecki-ostrzega-przed-nowym-zagrozeniem-porownujac-je-do-acta-i-przewidujac-cos-jeszcze-gorszego\/","og_locale":"pl_PL","og_type":"article","og_title":"Pose\u0142 Matecki ostrzega przed nowym zagro\u017ceniem, por\u00f3wnuj\u0105c je do ACTA i przewiduj\u0105c co\u015b jeszcze gorszego - POGOTOWIE FLAGOWE\u00ae","og_description":"W swoim najnowszym po\u015bcie na portalu X pose\u0142 Prawa i Sprawiedliwo\u015bci Dariusz Matecki nawi\u0105zuje do projektu ACTA \u2013 do dzi\u015b","og_url":"https:\/\/www.pogotowieflagowe.pl\/aktualne\/posel-matecki-ostrzega-przed-nowym-zagrozeniem-porownujac-je-do-acta-i-przewidujac-cos-jeszcze-gorszego\/","og_site_name":"POGOTOWIE FLAGOWE\u00ae","article_published_time":"2025-10-27T10:00:32+00:00","article_modified_time":"2025-10-27T10:00:34+00:00","og_image":[{"width":1280,"height":905,"url":"https:\/\/www.pogotowieflagowe.pl\/aktualne\/wp-content\/uploads\/2025\/10\/UE-planuje-rozprawienie-sie-z-mediami-spolecznosciowymi-\u201eCenzura-internetowa-im.jpg","type":"image\/jpeg"}],"author":"Filip","twitter_card":"summary_large_image","twitter_misc":{"Napisane przez":"Filip","Szacowany czas czytania":"2 minuty"},"schema":{"@context":"https:\/\/schema.org","@graph":[{"@type":"Article","@id":"https:\/\/www.pogotowieflagowe.pl\/aktualne\/posel-matecki-ostrzega-przed-nowym-zagrozeniem-porownujac-je-do-acta-i-przewidujac-cos-jeszcze-gorszego\/#article","isPartOf":{"@id":"https:\/\/www.pogotowieflagowe.pl\/aktualne\/posel-matecki-ostrzega-przed-nowym-zagrozeniem-porownujac-je-do-acta-i-przewidujac-cos-jeszcze-gorszego\/"},"author":{"name":"Filip","@id":"https:\/\/www.pogotowieflagowe.pl\/aktualne\/#\/schema\/person\/9c2fb7d2362ebf6fa088960d7f0d27b0"},"headline":"Pose\u0142 Matecki ostrzega przed nowym zagro\u017ceniem, por\u00f3wnuj\u0105c je do ACTA i przewiduj\u0105c co\u015b jeszcze gorszego","datePublished":"2025-10-27T10:00:32+00:00","dateModified":"2025-10-27T10:00:34+00:00","mainEntityOfPage":{"@id":"https:\/\/www.pogotowieflagowe.pl\/aktualne\/posel-matecki-ostrzega-przed-nowym-zagrozeniem-porownujac-je-do-acta-i-przewidujac-cos-jeszcze-gorszego\/"},"wordCount":329,"commentCount":0,"publisher":{"@id":"https:\/\/www.pogotowieflagowe.pl\/aktualne\/#organization"},"image":{"@id":"https:\/\/www.pogotowieflagowe.pl\/aktualne\/posel-matecki-ostrzega-przed-nowym-zagrozeniem-porownujac-je-do-acta-i-przewidujac-cos-jeszcze-gorszego\/#primaryimage"},"thumbnailUrl":"https:\/\/www.pogotowieflagowe.pl\/aktualne\/wp-content\/uploads\/2025\/10\/UE-planuje-rozprawienie-sie-z-mediami-spolecznosciowymi-\u201eCenzura-internetowa-im.jpg","keywords":["ACTA","co\u015b","gorszego","jeszcze","Matecki","Nowym","ostrzega","por\u00f3wnuj\u0105c","pose\u0142","przed","przewiduj\u0105c","zagro\u017ceniem"],"articleSection":["Aktualne"],"inLanguage":"pl-PL","potentialAction":[{"@type":"CommentAction","name":"Comment","target":["https:\/\/www.pogotowieflagowe.pl\/aktualne\/posel-matecki-ostrzega-przed-nowym-zagrozeniem-porownujac-je-do-acta-i-przewidujac-cos-jeszcze-gorszego\/#respond"]}]},{"@type":"WebPage","@id":"https:\/\/www.pogotowieflagowe.pl\/aktualne\/posel-matecki-ostrzega-przed-nowym-zagrozeniem-porownujac-je-do-acta-i-przewidujac-cos-jeszcze-gorszego\/","url":"https:\/\/www.pogotowieflagowe.pl\/aktualne\/posel-matecki-ostrzega-przed-nowym-zagrozeniem-porownujac-je-do-acta-i-przewidujac-cos-jeszcze-gorszego\/","name":"Pose\u0142 Matecki ostrzega przed nowym zagro\u017ceniem, por\u00f3wnuj\u0105c je do ACTA i przewiduj\u0105c co\u015b jeszcze gorszego - POGOTOWIE FLAGOWE\u00ae","isPartOf":{"@id":"https:\/\/www.pogotowieflagowe.pl\/aktualne\/#website"},"primaryImageOfPage":{"@id":"https:\/\/www.pogotowieflagowe.pl\/aktualne\/posel-matecki-ostrzega-przed-nowym-zagrozeniem-porownujac-je-do-acta-i-przewidujac-cos-jeszcze-gorszego\/#primaryimage"},"image":{"@id":"https:\/\/www.pogotowieflagowe.pl\/aktualne\/posel-matecki-ostrzega-przed-nowym-zagrozeniem-porownujac-je-do-acta-i-przewidujac-cos-jeszcze-gorszego\/#primaryimage"},"thumbnailUrl":"https:\/\/www.pogotowieflagowe.pl\/aktualne\/wp-content\/uploads\/2025\/10\/UE-planuje-rozprawienie-sie-z-mediami-spolecznosciowymi-\u201eCenzura-internetowa-im.jpg","datePublished":"2025-10-27T10:00:32+00:00","dateModified":"2025-10-27T10:00:34+00:00","breadcrumb":{"@id":"https:\/\/www.pogotowieflagowe.pl\/aktualne\/posel-matecki-ostrzega-przed-nowym-zagrozeniem-porownujac-je-do-acta-i-przewidujac-cos-jeszcze-gorszego\/#breadcrumb"},"inLanguage":"pl-PL","potentialAction":[{"@type":"ReadAction","target":["https:\/\/www.pogotowieflagowe.pl\/aktualne\/posel-matecki-ostrzega-przed-nowym-zagrozeniem-porownujac-je-do-acta-i-przewidujac-cos-jeszcze-gorszego\/"]}]},{"@type":"ImageObject","inLanguage":"pl-PL","@id":"https:\/\/www.pogotowieflagowe.pl\/aktualne\/posel-matecki-ostrzega-przed-nowym-zagrozeniem-porownujac-je-do-acta-i-przewidujac-cos-jeszcze-gorszego\/#primaryimage","url":"https:\/\/www.pogotowieflagowe.pl\/aktualne\/wp-content\/uploads\/2025\/10\/UE-planuje-rozprawienie-sie-z-mediami-spolecznosciowymi-\u201eCenzura-internetowa-im.jpg","contentUrl":"https:\/\/www.pogotowieflagowe.pl\/aktualne\/wp-content\/uploads\/2025\/10\/UE-planuje-rozprawienie-sie-z-mediami-spolecznosciowymi-\u201eCenzura-internetowa-im.jpg","width":1280,"height":905,"caption":"UE planuje rozprawienie si\u0119 z mediami spo\u0142eczno\u015bciowymi: \u201eCenzura internetowa im nie wystarczy\u2026\u201d"},{"@type":"BreadcrumbList","@id":"https:\/\/www.pogotowieflagowe.pl\/aktualne\/posel-matecki-ostrzega-przed-nowym-zagrozeniem-porownujac-je-do-acta-i-przewidujac-cos-jeszcze-gorszego\/#breadcrumb","itemListElement":[{"@type":"ListItem","position":1,"name":"Home","item":"https:\/\/www.pogotowieflagowe.pl\/aktualne\/"},{"@type":"ListItem","position":2,"name":"Pose\u0142 Matecki ostrzega przed nowym zagro\u017ceniem, por\u00f3wnuj\u0105c je do ACTA i przewiduj\u0105c co\u015b jeszcze gorszego"}]},{"@type":"WebSite","@id":"https:\/\/www.pogotowieflagowe.pl\/aktualne\/#website","url":"https:\/\/www.pogotowieflagowe.pl\/aktualne\/","name":"POGOTOWIE FLAGOWE\u00ae","description":"","publisher":{"@id":"https:\/\/www.pogotowieflagowe.pl\/aktualne\/#organization"},"potentialAction":[{"@type":"SearchAction","target":{"@type":"EntryPoint","urlTemplate":"https:\/\/www.pogotowieflagowe.pl\/aktualne\/?s={search_term_string}"},"query-input":"required name=search_term_string"}],"inLanguage":"pl-PL"},{"@type":"Organization","@id":"https:\/\/www.pogotowieflagowe.pl\/aktualne\/#organization","name":"POGOTOWIE FLAGOWE\u00ae","url":"https:\/\/www.pogotowieflagowe.pl\/aktualne\/","logo":{"@type":"ImageObject","inLanguage":"pl-PL","@id":"https:\/\/www.pogotowieflagowe.pl\/aktualne\/#\/schema\/logo\/image\/","url":"https:\/\/www.pogotowieflagowe.pl\/aktualne\/wp-content\/uploads\/2024\/08\/cropped-pogotowieflagowe_flaga_projekt_sm.jpg","contentUrl":"https:\/\/www.pogotowieflagowe.pl\/aktualne\/wp-content\/uploads\/2024\/08\/cropped-pogotowieflagowe_flaga_projekt_sm.jpg","width":250,"height":143,"caption":"POGOTOWIE FLAGOWE\u00ae"},"image":{"@id":"https:\/\/www.pogotowieflagowe.pl\/aktualne\/#\/schema\/logo\/image\/"}},{"@type":"Person","@id":"https:\/\/www.pogotowieflagowe.pl\/aktualne\/#\/schema\/person\/9c2fb7d2362ebf6fa088960d7f0d27b0","name":"Filip","image":{"@type":"ImageObject","inLanguage":"pl-PL","@id":"https:\/\/www.pogotowieflagowe.pl\/aktualne\/#\/schema\/person\/image\/","url":"https:\/\/www.pogotowieflagowe.pl\/aktualne\/wp-content\/uploads\/2024\/08\/pogotowieflagowe.pl_.jpg","contentUrl":"https:\/\/www.pogotowieflagowe.pl\/aktualne\/wp-content\/uploads\/2024\/08\/pogotowieflagowe.pl_.jpg","caption":"Filip"},"description":"Jestem Filip, polski dziennikarz z dyplomem nauk politycznych Uniwersytetu Warszawskiego. Rozpoczynaj\u0105c swoj\u0105 karier\u0119 w r\u00f3\u017cnych lokalnych mediach, zdoby\u0142em solidne do\u015bwiadczenie w zakresie \u015bledztwa i redakcji. Obecnie jako redaktor w Pogotowie flagowe, staram si\u0119 dostarcza\u0107 dog\u0142\u0119bne i istotne analizy na temat najwa\u017cniejszych kwestii aktualno\u015bci, \u0142\u0105cz\u0105c rygor z pasj\u0105 dziennikarsk\u0105.","sameAs":["https:\/\/www.pogotowieflagowe.pl\/"]}]}},"_links":{"self":[{"href":"https:\/\/www.pogotowieflagowe.pl\/aktualne\/wp-json\/wp\/v2\/posts\/9857","targetHints":{"allow":["GET"]}}],"collection":[{"href":"https:\/\/www.pogotowieflagowe.pl\/aktualne\/wp-json\/wp\/v2\/posts"}],"about":[{"href":"https:\/\/www.pogotowieflagowe.pl\/aktualne\/wp-json\/wp\/v2\/types\/post"}],"author":[{"embeddable":true,"href":"https:\/\/www.pogotowieflagowe.pl\/aktualne\/wp-json\/wp\/v2\/users\/1"}],"replies":[{"embeddable":true,"href":"https:\/\/www.pogotowieflagowe.pl\/aktualne\/wp-json\/wp\/v2\/comments?post=9857"}],"version-history":[{"count":1,"href":"https:\/\/www.pogotowieflagowe.pl\/aktualne\/wp-json\/wp\/v2\/posts\/9857\/revisions"}],"predecessor-version":[{"id":9858,"href":"https:\/\/www.pogotowieflagowe.pl\/aktualne\/wp-json\/wp\/v2\/posts\/9857\/revisions\/9858"}],"wp:featuredmedia":[{"embeddable":true,"href":"https:\/\/www.pogotowieflagowe.pl\/aktualne\/wp-json\/wp\/v2\/media\/9339"}],"wp:attachment":[{"href":"https:\/\/www.pogotowieflagowe.pl\/aktualne\/wp-json\/wp\/v2\/media?parent=9857"}],"wp:term":[{"taxonomy":"category","embeddable":true,"href":"https:\/\/www.pogotowieflagowe.pl\/aktualne\/wp-json\/wp\/v2\/categories?post=9857"},{"taxonomy":"post_tag","embeddable":true,"href":"https:\/\/www.pogotowieflagowe.pl\/aktualne\/wp-json\/wp\/v2\/tags?post=9857"}],"curies":[{"name":"wp","href":"https:\/\/api.w.org\/{rel}","templated":true}]}}