{"id":9865,"date":"2025-10-27T15:50:40","date_gmt":"2025-10-27T14:50:40","guid":{"rendered":"https:\/\/www.pogotowieflagowe.pl\/aktualne\/morawiecki-obiecuje-calodobowa-prace-krytykuje-obecny-rzad-za-luksus-i-bezczynnosc\/"},"modified":"2025-10-27T15:50:41","modified_gmt":"2025-10-27T14:50:41","slug":"morawiecki-obiecuje-calodobowa-prace-krytykuje-obecny-rzad-za-luksus-i-bezczynnosc","status":"publish","type":"post","link":"https:\/\/www.pogotowieflagowe.pl\/aktualne\/morawiecki-obiecuje-calodobowa-prace-krytykuje-obecny-rzad-za-luksus-i-bezczynnosc\/","title":{"rendered":"Morawiecki obiecuje ca\u0142odobow\u0105 prac\u0119, krytykuje obecny rz\u0105d za \u201eluksus i bezczynno\u015b\u0107\u201d"},"content":{"rendered":"\n<div class=\"td_block_wrap tdb_single_content tdi_41 td-pb-border-top td_block_template_8 td-post-content tagdiv-type\" data-td-block-uid=\"tdi_41\">\n<style>.tdi_41{margines-top:0px!important;margin-bottom:0px!important;dope\u0142nienie-g\u00f3ra:0px!important;dope\u0142nienie-d\u00f3\u0142:0px!important}<\/style>\n<style>.tdb_single_content{margin-bottom:0;*zoom:1}.tdb_single_content:before,.tdb_single_content:after{display:table;content:'';line-height:0}.tdb_single_content:after{clear:both}.tdb_single_content .tdb-block-inner>*:not(.wp-block-quote):not(.alignwide):not(.alignfull.wp-block-cover.has-parallax):not(.td-a-ad){margin-left:auto;margin-right:auto}.tdb_single_content a{pointer-events:auto}.tdb_single_content .td-spot-id-top_ad .tdc-placeholder-title:before{content:'Article Top Ad'!important}.tdb_single_content .td-spot-id-inline_ad0 .tdc-placeholder-title:before{content:'Article Reklama wbudowana 1'!important}.tdb_single_content .td-spot-id-inline_ad1 .tdc-placeholder-title:before{content:'Reklama wbudowana w artyku\u0142 2'!important}.tdb_single_content .td-spot-id-inline_ad2 .tdc-placeholder-title:before{content:'Reklama w tek\u015bcie artyku\u0142u 3'!important}.tdb_single_content .td-spot-id-bottom_ad .tdc-placeholder-title:before{content:'Article Bottom Ad'!important}.tdb_single_content .id_top_ad,.tdb_single_content .id_bottom_ad{clear:both;margin-bottom:21px;text-align:center}.tdb_single_content .id_top_ad img,.tdb_single_content .id_bottom_ad img{margin-bottom:0}.tdb_single_content .id_top_ad .adsbygoogle,.tdb_single_content .id_bottom_ad .adsbygoogle{position:relative}.tdb_single_content .id_ad_content-horiz-left,.tdb_single_content .id_ad_content-horiz-right,.tdb_single_content .id_ad_content-horiz-center{margin-bottom:15px}.tdb_single_content .id_ad_content-horiz-left img,.tdb_single_content .id_ad_content-horiz-right img,.tdb_single_content .id_ad_content-horiz-center img{margin-bottom:0}.tdb_single_content .id_ad_content-horiz-center{text-align:center}.tdb_single_content .id_ad_content-horiz-center img{margin-right:auto;margin-left:auto}.tdb_single_content .id_ad_content-horiz-left{float:left;margin-top:9px;margin-right:21px}.tdb_single_content .id_ad_content-horiz-right{float:right;margin-top:6px;margin-left:21px}.tdb_single_content .tdc-a-ad .tdc-placeholder-title{width:300px;height:250px}.tdb_single_content .tdc-a-ad .tdc-placeholder-title:before{position:absolute;top:50%;-webkit-transform:translateY(-50%);transform:translateY(-50%);margin:auto;display:table;width:100%}.tdb_single_content .tdb-block-inner.td-fix-index{word-break:break-word}.tdi_41,.tdi_41>p,.tdi_41 .tdb-block-inner>p,.wp-block-column>p{font-size:16px!important;line-height:1.6!important}.tdi_41 .tdb-block-inner cytat blokowy p{font-style:normal!important}@media (max-width:767px){.tdb_single_content .id_ad_content-horiz-left,.tdb_single_content .id_ad_content-horiz-right,.tdb_single_content .id_ad_content-horiz-center{margin:0 auto 26 pikseli auto}}@media (max-width:767px){.tdb_single_content .id_ad_content-horiz-left{margin-right:0}}@media (max-width:767px){.tdb_single_content .id_ad_content-horiz-right{margin-left:0}}@media (max-width:767px){.tdb_single_content .td-a-ad{float:none;text-align:center}.tdb_single_content .td-a-ad img{margin-right:auto;margin-left:auto}.tdb_single_content .tdc-a-ad{float:none}}<\/style>\n<div class=\"tdb-block-inner td-fix-index\">\n<p>\u201eOni zmieniali logo, a my chcemy zmieni\u0107 Polsk\u0119\u201d \u2013 powiedzia\u0142 by\u0142y premier Mateusz Morawiecki w TV Republika, nawi\u0105zuj\u0105c do odbywaj\u0105cych si\u0119 w ten weekend konwencji PiS (PiS) i KO (Koalicji Obywatelskiej).<\/p>\n<p>By\u0142y premier Mateusz Morawiecki powiedzia\u0142 w TV Republika, \u017ce \u200b\u200bwraz z kolegami pracuje nad odwa\u017cnym programem, kt\u00f3ry ma zapobiec dalszemu ni\u017cowi demograficznemu. Podkre\u015bli\u0142, \u017ce jest to najwi\u0119ksze wyzwanie na najbli\u017csze lata.<\/p>\n<p>&#8222;Rozmawiali\u015bmy o tym na kongresie. Pracowali\u015bmy nad setkami pomys\u0142\u00f3w, kt\u00f3re teraz realizujemy w ca\u0142ej Polsce. To z rozm\u00f3w z Polakami wy\u0142oni si\u0119 program na rok 2027. Demografia to kwestia bycia albo nie bycia dla narodu polskiego. Nie za 50 czy 100 lat &#8211; znacznie szybciej mo\u017ce sta\u0107 si\u0119 kamieniem m\u0142y\u0144skim u szyi&#8221; &#8211; powiedzia\u0142.<\/p>\n<p>Odpowiedzia\u0142 tak\u017ce na krytyk\u0119 ze strony koalicji rz\u0105dz\u0105cej, kt\u00f3ra w weekend odby\u0142a w\u0142asn\u0105 konwencj\u0119.<\/p>\n<p>\u201eOni zmieniali logo, a my chcemy zmienia\u0107 Polsk\u0119\u201d \u2013 podkre\u015bli\u0142 Morawiecki. Doda\u0142, \u017ce Polacy nie b\u0119d\u0105 zadowoleni z nowej nazwy i nie b\u0119d\u0105 za ni\u0105 p\u0142aci\u0107 stale rosn\u0105cymi rachunkami, w tym za energi\u0119. \u201eId\u0105 wed\u0142ug pewnego schematu: my rozmawiamy o konkretach, my m\u00f3wimy o przysz\u0142o\u015bci, a oni o PiS\u201d \u2013 podkre\u015bli\u0142 by\u0142y szef rz\u0105du.<\/p>\n<h2 class=\"wp-block-heading\">Morawiecki: Obiecuj\u0119 zakasa\u0107 r\u0119kawy<\/h2>\n<p>Dyskusja zesz\u0142a tak\u017ce na temat deficytu bud\u017cetowego i aktualnego stanu finans\u00f3w publicznych.<\/p>\n<p>&#8222;B\u0142\u0119dy, nieostro\u017cno\u015b\u0107, g\u0142upota &#8211; i to bardzo uprzejmie stawianie tego w stosunku do obecnego premiera. Mniej uprzejme wyja\u015bnienie graniczy\u0142oby z dzia\u0142aniem wbrew interesowi narodowemu Polski. Z bud\u017cetu wyciekaj\u0105 dziesi\u0105tki miliard\u00f3w. Je\u015bli tak si\u0119 stanie, \u017ce zn\u00f3w b\u0119dziemy odpowiedzialni za bud\u017cet, to za rok b\u0119dzie to 30-40 miliard\u00f3w z\u0142otych wi\u0119cej&#8221; &#8211; zapewni\u0142 Morawiecki.<\/p>\n<p>\u201eObiecuj\u0119 zakasa\u0107 r\u0119kawy i ci\u0119\u017cko pracowa\u0107 \u2013 siedem dni w tygodniu, 24 godziny na dob\u0119. Nie tak jak m\u00f3j nast\u0119pca, kt\u00f3ry, jak mi bezpo\u015brednio powiedziano, przesiaduje na ulicy Parkowej, popijaj\u0105c drogie wina i pal\u0105c cygara\u201d \u2013 doda\u0142 by\u0142y premier.<\/p>\n<figure class=\"wp-block-pullquote\">\n<blockquote>\n<p>&#8222;Bud\u017cet to katastrofa, z kt\u00f3r\u0105 trzeba si\u0119 zmierzy\u0107! Pracownikom Krajowej Administracji Skarbowej (KAS) chc\u0119 powiedzie\u0107: jeste\u015bcie nieodzown\u0105 cz\u0119\u015bci\u0105 naprawy finans\u00f3w publicznych. Mam tam plan zwi\u0119kszenia zatrudnienia &#8211; nikt nie b\u0119dzie zwalniany&#8221; <\/p>\n<p><cite>\u2013 o\u015bwiadczy\u0142 Morawiecki.<\/cite><\/p><\/blockquote>\n<\/figure>\n<\/div>\n<\/div>\n","protected":false},"excerpt":{"rendered":"<p>\u201eOni zmieniali logo, a my chcemy zmieni\u0107 Polsk\u0119\u201d \u2013 powiedzia\u0142 by\u0142y premier Mateusz Morawiecki w TV Republika, nawi\u0105zuj\u0105c do odbywaj\u0105cych<\/p>\n","protected":false},"author":1,"featured_media":9866,"comment_status":"open","ping_status":"open","sticky":false,"template":"","format":"standard","meta":{"footnotes":""},"categories":[4748],"tags":[8059,11376,596,9576,419,11377,4302,2054,1554],"class_list":["post-9865","post","type-post","status-publish","format-standard","has-post-thumbnail","hentry","category-aktualne","tag-bezczynnosc","tag-calodobowa","tag-krytykuje","tag-luksus","tag-morawiecki","tag-obecny","tag-obiecuje","tag-prace","tag-rzad","generate-columns","tablet-grid-50","mobile-grid-100","grid-parent","grid-50","resize-featured-image"],"yoast_head":"<!-- This site is optimized with the Yoast SEO plugin v23.2 - https:\/\/yoast.com\/wordpress\/plugins\/seo\/ -->\n<title>Morawiecki obiecuje ca\u0142odobow\u0105 prac\u0119, krytykuje obecny rz\u0105d za \u201eluksus i bezczynno\u015b\u0107\u201d - POGOTOWIE FLAGOWE\u00ae<\/title>\n<meta name=\"robots\" content=\"index, follow, max-snippet:-1, max-image-preview:large, max-video-preview:-1\" \/>\n<link rel=\"canonical\" href=\"https:\/\/www.pogotowieflagowe.pl\/aktualne\/morawiecki-obiecuje-calodobowa-prace-krytykuje-obecny-rzad-za-luksus-i-bezczynnosc\/\" \/>\n<meta property=\"og:locale\" content=\"pl_PL\" \/>\n<meta property=\"og:type\" content=\"article\" \/>\n<meta property=\"og:title\" content=\"Morawiecki obiecuje ca\u0142odobow\u0105 prac\u0119, krytykuje obecny rz\u0105d za \u201eluksus i bezczynno\u015b\u0107\u201d - POGOTOWIE FLAGOWE\u00ae\" \/>\n<meta property=\"og:description\" content=\"\u201eOni zmieniali logo, a my chcemy zmieni\u0107 Polsk\u0119\u201d \u2013 powiedzia\u0142 by\u0142y premier Mateusz Morawiecki w TV Republika, nawi\u0105zuj\u0105c do odbywaj\u0105cych\" \/>\n<meta property=\"og:url\" content=\"https:\/\/www.pogotowieflagowe.pl\/aktualne\/morawiecki-obiecuje-calodobowa-prace-krytykuje-obecny-rzad-za-luksus-i-bezczynnosc\/\" \/>\n<meta property=\"og:site_name\" content=\"POGOTOWIE FLAGOWE\u00ae\" \/>\n<meta property=\"article:published_time\" content=\"2025-10-27T14:50:40+00:00\" \/>\n<meta property=\"article:modified_time\" content=\"2025-10-27T14:50:41+00:00\" \/>\n<meta property=\"og:image\" content=\"https:\/\/www.pogotowieflagowe.pl\/aktualne\/wp-content\/uploads\/2025\/10\/Morawiecki-obiecuje-calodobowa-prace-krytykuje-obecny-rzad-za-\u201eluksus-i.webp.webp\" \/>\n\t<meta property=\"og:image:width\" content=\"1280\" \/>\n\t<meta property=\"og:image:height\" content=\"719\" \/>\n\t<meta property=\"og:image:type\" content=\"image\/webp\" \/>\n<meta name=\"author\" content=\"Filip\" \/>\n<meta name=\"twitter:card\" content=\"summary_large_image\" \/>\n<meta name=\"twitter:label1\" content=\"Napisane przez\" \/>\n\t<meta name=\"twitter:data1\" content=\"Filip\" \/>\n\t<meta name=\"twitter:label2\" content=\"Szacowany czas czytania\" \/>\n\t<meta name=\"twitter:data2\" content=\"2 minuty\" \/>\n<script type=\"application\/ld+json\" class=\"yoast-schema-graph\">{\"@context\":\"https:\/\/schema.org\",\"@graph\":[{\"@type\":\"Article\",\"@id\":\"https:\/\/www.pogotowieflagowe.pl\/aktualne\/morawiecki-obiecuje-calodobowa-prace-krytykuje-obecny-rzad-za-luksus-i-bezczynnosc\/#article\",\"isPartOf\":{\"@id\":\"https:\/\/www.pogotowieflagowe.pl\/aktualne\/morawiecki-obiecuje-calodobowa-prace-krytykuje-obecny-rzad-za-luksus-i-bezczynnosc\/\"},\"author\":{\"name\":\"Filip\",\"@id\":\"https:\/\/www.pogotowieflagowe.pl\/aktualne\/#\/schema\/person\/9c2fb7d2362ebf6fa088960d7f0d27b0\"},\"headline\":\"Morawiecki obiecuje ca\u0142odobow\u0105 prac\u0119, krytykuje obecny rz\u0105d za \u201eluksus i bezczynno\u015b\u0107\u201d\",\"datePublished\":\"2025-10-27T14:50:40+00:00\",\"dateModified\":\"2025-10-27T14:50:41+00:00\",\"mainEntityOfPage\":{\"@id\":\"https:\/\/www.pogotowieflagowe.pl\/aktualne\/morawiecki-obiecuje-calodobowa-prace-krytykuje-obecny-rzad-za-luksus-i-bezczynnosc\/\"},\"wordCount\":406,\"commentCount\":0,\"publisher\":{\"@id\":\"https:\/\/www.pogotowieflagowe.pl\/aktualne\/#organization\"},\"image\":{\"@id\":\"https:\/\/www.pogotowieflagowe.pl\/aktualne\/morawiecki-obiecuje-calodobowa-prace-krytykuje-obecny-rzad-za-luksus-i-bezczynnosc\/#primaryimage\"},\"thumbnailUrl\":\"https:\/\/www.pogotowieflagowe.pl\/aktualne\/wp-content\/uploads\/2025\/10\/Morawiecki-obiecuje-calodobowa-prace-krytykuje-obecny-rzad-za-\u201eluksus-i.webp.webp\",\"keywords\":[\"bezczynno\u015b\u0107\",\"ca\u0142odobow\u0105\",\"krytykuje\",\"luksus\",\"Morawiecki\",\"obecny\",\"obiecuje\",\"prac\u0119\",\"Rz\u0105d\"],\"articleSection\":[\"Aktualne\"],\"inLanguage\":\"pl-PL\",\"potentialAction\":[{\"@type\":\"CommentAction\",\"name\":\"Comment\",\"target\":[\"https:\/\/www.pogotowieflagowe.pl\/aktualne\/morawiecki-obiecuje-calodobowa-prace-krytykuje-obecny-rzad-za-luksus-i-bezczynnosc\/#respond\"]}]},{\"@type\":\"WebPage\",\"@id\":\"https:\/\/www.pogotowieflagowe.pl\/aktualne\/morawiecki-obiecuje-calodobowa-prace-krytykuje-obecny-rzad-za-luksus-i-bezczynnosc\/\",\"url\":\"https:\/\/www.pogotowieflagowe.pl\/aktualne\/morawiecki-obiecuje-calodobowa-prace-krytykuje-obecny-rzad-za-luksus-i-bezczynnosc\/\",\"name\":\"Morawiecki obiecuje ca\u0142odobow\u0105 prac\u0119, krytykuje obecny rz\u0105d za \u201eluksus i bezczynno\u015b\u0107\u201d - POGOTOWIE FLAGOWE\u00ae\",\"isPartOf\":{\"@id\":\"https:\/\/www.pogotowieflagowe.pl\/aktualne\/#website\"},\"primaryImageOfPage\":{\"@id\":\"https:\/\/www.pogotowieflagowe.pl\/aktualne\/morawiecki-obiecuje-calodobowa-prace-krytykuje-obecny-rzad-za-luksus-i-bezczynnosc\/#primaryimage\"},\"image\":{\"@id\":\"https:\/\/www.pogotowieflagowe.pl\/aktualne\/morawiecki-obiecuje-calodobowa-prace-krytykuje-obecny-rzad-za-luksus-i-bezczynnosc\/#primaryimage\"},\"thumbnailUrl\":\"https:\/\/www.pogotowieflagowe.pl\/aktualne\/wp-content\/uploads\/2025\/10\/Morawiecki-obiecuje-calodobowa-prace-krytykuje-obecny-rzad-za-\u201eluksus-i.webp.webp\",\"datePublished\":\"2025-10-27T14:50:40+00:00\",\"dateModified\":\"2025-10-27T14:50:41+00:00\",\"breadcrumb\":{\"@id\":\"https:\/\/www.pogotowieflagowe.pl\/aktualne\/morawiecki-obiecuje-calodobowa-prace-krytykuje-obecny-rzad-za-luksus-i-bezczynnosc\/#breadcrumb\"},\"inLanguage\":\"pl-PL\",\"potentialAction\":[{\"@type\":\"ReadAction\",\"target\":[\"https:\/\/www.pogotowieflagowe.pl\/aktualne\/morawiecki-obiecuje-calodobowa-prace-krytykuje-obecny-rzad-za-luksus-i-bezczynnosc\/\"]}]},{\"@type\":\"ImageObject\",\"inLanguage\":\"pl-PL\",\"@id\":\"https:\/\/www.pogotowieflagowe.pl\/aktualne\/morawiecki-obiecuje-calodobowa-prace-krytykuje-obecny-rzad-za-luksus-i-bezczynnosc\/#primaryimage\",\"url\":\"https:\/\/www.pogotowieflagowe.pl\/aktualne\/wp-content\/uploads\/2025\/10\/Morawiecki-obiecuje-calodobowa-prace-krytykuje-obecny-rzad-za-\u201eluksus-i.webp.webp\",\"contentUrl\":\"https:\/\/www.pogotowieflagowe.pl\/aktualne\/wp-content\/uploads\/2025\/10\/Morawiecki-obiecuje-calodobowa-prace-krytykuje-obecny-rzad-za-\u201eluksus-i.webp.webp\",\"width\":1280,\"height\":719,\"caption\":\"Morawiecki obiecuje ca\u0142odobow\u0105 prac\u0119, krytykuje obecny rz\u0105d za \u201eluksus i bezczynno\u015b\u0107\u201d\"},{\"@type\":\"BreadcrumbList\",\"@id\":\"https:\/\/www.pogotowieflagowe.pl\/aktualne\/morawiecki-obiecuje-calodobowa-prace-krytykuje-obecny-rzad-za-luksus-i-bezczynnosc\/#breadcrumb\",\"itemListElement\":[{\"@type\":\"ListItem\",\"position\":1,\"name\":\"Home\",\"item\":\"https:\/\/www.pogotowieflagowe.pl\/aktualne\/\"},{\"@type\":\"ListItem\",\"position\":2,\"name\":\"Morawiecki obiecuje ca\u0142odobow\u0105 prac\u0119, krytykuje obecny rz\u0105d za \u201eluksus i bezczynno\u015b\u0107\u201d\"}]},{\"@type\":\"WebSite\",\"@id\":\"https:\/\/www.pogotowieflagowe.pl\/aktualne\/#website\",\"url\":\"https:\/\/www.pogotowieflagowe.pl\/aktualne\/\",\"name\":\"POGOTOWIE FLAGOWE\u00ae\",\"description\":\"\",\"publisher\":{\"@id\":\"https:\/\/www.pogotowieflagowe.pl\/aktualne\/#organization\"},\"potentialAction\":[{\"@type\":\"SearchAction\",\"target\":{\"@type\":\"EntryPoint\",\"urlTemplate\":\"https:\/\/www.pogotowieflagowe.pl\/aktualne\/?s={search_term_string}\"},\"query-input\":\"required name=search_term_string\"}],\"inLanguage\":\"pl-PL\"},{\"@type\":\"Organization\",\"@id\":\"https:\/\/www.pogotowieflagowe.pl\/aktualne\/#organization\",\"name\":\"POGOTOWIE FLAGOWE\u00ae\",\"url\":\"https:\/\/www.pogotowieflagowe.pl\/aktualne\/\",\"logo\":{\"@type\":\"ImageObject\",\"inLanguage\":\"pl-PL\",\"@id\":\"https:\/\/www.pogotowieflagowe.pl\/aktualne\/#\/schema\/logo\/image\/\",\"url\":\"https:\/\/www.pogotowieflagowe.pl\/aktualne\/wp-content\/uploads\/2024\/08\/cropped-pogotowieflagowe_flaga_projekt_sm.jpg\",\"contentUrl\":\"https:\/\/www.pogotowieflagowe.pl\/aktualne\/wp-content\/uploads\/2024\/08\/cropped-pogotowieflagowe_flaga_projekt_sm.jpg\",\"width\":250,\"height\":143,\"caption\":\"POGOTOWIE FLAGOWE\u00ae\"},\"image\":{\"@id\":\"https:\/\/www.pogotowieflagowe.pl\/aktualne\/#\/schema\/logo\/image\/\"}},{\"@type\":\"Person\",\"@id\":\"https:\/\/www.pogotowieflagowe.pl\/aktualne\/#\/schema\/person\/9c2fb7d2362ebf6fa088960d7f0d27b0\",\"name\":\"Filip\",\"image\":{\"@type\":\"ImageObject\",\"inLanguage\":\"pl-PL\",\"@id\":\"https:\/\/www.pogotowieflagowe.pl\/aktualne\/#\/schema\/person\/image\/\",\"url\":\"https:\/\/www.pogotowieflagowe.pl\/aktualne\/wp-content\/uploads\/2024\/08\/pogotowieflagowe.pl_.jpg\",\"contentUrl\":\"https:\/\/www.pogotowieflagowe.pl\/aktualne\/wp-content\/uploads\/2024\/08\/pogotowieflagowe.pl_.jpg\",\"caption\":\"Filip\"},\"description\":\"Jestem Filip, polski dziennikarz z dyplomem nauk politycznych Uniwersytetu Warszawskiego. Rozpoczynaj\u0105c swoj\u0105 karier\u0119 w r\u00f3\u017cnych lokalnych mediach, zdoby\u0142em solidne do\u015bwiadczenie w zakresie \u015bledztwa i redakcji. Obecnie jako redaktor w Pogotowie flagowe, staram si\u0119 dostarcza\u0107 dog\u0142\u0119bne i istotne analizy na temat najwa\u017cniejszych kwestii aktualno\u015bci, \u0142\u0105cz\u0105c rygor z pasj\u0105 dziennikarsk\u0105.\",\"sameAs\":[\"https:\/\/www.pogotowieflagowe.pl\/\"]}]}<\/script>\n<!-- \/ Yoast SEO plugin. -->","yoast_head_json":{"title":"Morawiecki obiecuje ca\u0142odobow\u0105 prac\u0119, krytykuje obecny rz\u0105d za \u201eluksus i bezczynno\u015b\u0107\u201d - POGOTOWIE FLAGOWE\u00ae","robots":{"index":"index","follow":"follow","max-snippet":"max-snippet:-1","max-image-preview":"max-image-preview:large","max-video-preview":"max-video-preview:-1"},"canonical":"https:\/\/www.pogotowieflagowe.pl\/aktualne\/morawiecki-obiecuje-calodobowa-prace-krytykuje-obecny-rzad-za-luksus-i-bezczynnosc\/","og_locale":"pl_PL","og_type":"article","og_title":"Morawiecki obiecuje ca\u0142odobow\u0105 prac\u0119, krytykuje obecny rz\u0105d za \u201eluksus i bezczynno\u015b\u0107\u201d - POGOTOWIE FLAGOWE\u00ae","og_description":"\u201eOni zmieniali logo, a my chcemy zmieni\u0107 Polsk\u0119\u201d \u2013 powiedzia\u0142 by\u0142y premier Mateusz Morawiecki w TV Republika, nawi\u0105zuj\u0105c do odbywaj\u0105cych","og_url":"https:\/\/www.pogotowieflagowe.pl\/aktualne\/morawiecki-obiecuje-calodobowa-prace-krytykuje-obecny-rzad-za-luksus-i-bezczynnosc\/","og_site_name":"POGOTOWIE FLAGOWE\u00ae","article_published_time":"2025-10-27T14:50:40+00:00","article_modified_time":"2025-10-27T14:50:41+00:00","og_image":[{"width":1280,"height":719,"url":"https:\/\/www.pogotowieflagowe.pl\/aktualne\/wp-content\/uploads\/2025\/10\/Morawiecki-obiecuje-calodobowa-prace-krytykuje-obecny-rzad-za-\u201eluksus-i.webp.webp","type":"image\/webp"}],"author":"Filip","twitter_card":"summary_large_image","twitter_misc":{"Napisane przez":"Filip","Szacowany czas czytania":"2 minuty"},"schema":{"@context":"https:\/\/schema.org","@graph":[{"@type":"Article","@id":"https:\/\/www.pogotowieflagowe.pl\/aktualne\/morawiecki-obiecuje-calodobowa-prace-krytykuje-obecny-rzad-za-luksus-i-bezczynnosc\/#article","isPartOf":{"@id":"https:\/\/www.pogotowieflagowe.pl\/aktualne\/morawiecki-obiecuje-calodobowa-prace-krytykuje-obecny-rzad-za-luksus-i-bezczynnosc\/"},"author":{"name":"Filip","@id":"https:\/\/www.pogotowieflagowe.pl\/aktualne\/#\/schema\/person\/9c2fb7d2362ebf6fa088960d7f0d27b0"},"headline":"Morawiecki obiecuje ca\u0142odobow\u0105 prac\u0119, krytykuje obecny rz\u0105d za \u201eluksus i bezczynno\u015b\u0107\u201d","datePublished":"2025-10-27T14:50:40+00:00","dateModified":"2025-10-27T14:50:41+00:00","mainEntityOfPage":{"@id":"https:\/\/www.pogotowieflagowe.pl\/aktualne\/morawiecki-obiecuje-calodobowa-prace-krytykuje-obecny-rzad-za-luksus-i-bezczynnosc\/"},"wordCount":406,"commentCount":0,"publisher":{"@id":"https:\/\/www.pogotowieflagowe.pl\/aktualne\/#organization"},"image":{"@id":"https:\/\/www.pogotowieflagowe.pl\/aktualne\/morawiecki-obiecuje-calodobowa-prace-krytykuje-obecny-rzad-za-luksus-i-bezczynnosc\/#primaryimage"},"thumbnailUrl":"https:\/\/www.pogotowieflagowe.pl\/aktualne\/wp-content\/uploads\/2025\/10\/Morawiecki-obiecuje-calodobowa-prace-krytykuje-obecny-rzad-za-\u201eluksus-i.webp.webp","keywords":["bezczynno\u015b\u0107","ca\u0142odobow\u0105","krytykuje","luksus","Morawiecki","obecny","obiecuje","prac\u0119","Rz\u0105d"],"articleSection":["Aktualne"],"inLanguage":"pl-PL","potentialAction":[{"@type":"CommentAction","name":"Comment","target":["https:\/\/www.pogotowieflagowe.pl\/aktualne\/morawiecki-obiecuje-calodobowa-prace-krytykuje-obecny-rzad-za-luksus-i-bezczynnosc\/#respond"]}]},{"@type":"WebPage","@id":"https:\/\/www.pogotowieflagowe.pl\/aktualne\/morawiecki-obiecuje-calodobowa-prace-krytykuje-obecny-rzad-za-luksus-i-bezczynnosc\/","url":"https:\/\/www.pogotowieflagowe.pl\/aktualne\/morawiecki-obiecuje-calodobowa-prace-krytykuje-obecny-rzad-za-luksus-i-bezczynnosc\/","name":"Morawiecki obiecuje ca\u0142odobow\u0105 prac\u0119, krytykuje obecny rz\u0105d za \u201eluksus i bezczynno\u015b\u0107\u201d - POGOTOWIE FLAGOWE\u00ae","isPartOf":{"@id":"https:\/\/www.pogotowieflagowe.pl\/aktualne\/#website"},"primaryImageOfPage":{"@id":"https:\/\/www.pogotowieflagowe.pl\/aktualne\/morawiecki-obiecuje-calodobowa-prace-krytykuje-obecny-rzad-za-luksus-i-bezczynnosc\/#primaryimage"},"image":{"@id":"https:\/\/www.pogotowieflagowe.pl\/aktualne\/morawiecki-obiecuje-calodobowa-prace-krytykuje-obecny-rzad-za-luksus-i-bezczynnosc\/#primaryimage"},"thumbnailUrl":"https:\/\/www.pogotowieflagowe.pl\/aktualne\/wp-content\/uploads\/2025\/10\/Morawiecki-obiecuje-calodobowa-prace-krytykuje-obecny-rzad-za-\u201eluksus-i.webp.webp","datePublished":"2025-10-27T14:50:40+00:00","dateModified":"2025-10-27T14:50:41+00:00","breadcrumb":{"@id":"https:\/\/www.pogotowieflagowe.pl\/aktualne\/morawiecki-obiecuje-calodobowa-prace-krytykuje-obecny-rzad-za-luksus-i-bezczynnosc\/#breadcrumb"},"inLanguage":"pl-PL","potentialAction":[{"@type":"ReadAction","target":["https:\/\/www.pogotowieflagowe.pl\/aktualne\/morawiecki-obiecuje-calodobowa-prace-krytykuje-obecny-rzad-za-luksus-i-bezczynnosc\/"]}]},{"@type":"ImageObject","inLanguage":"pl-PL","@id":"https:\/\/www.pogotowieflagowe.pl\/aktualne\/morawiecki-obiecuje-calodobowa-prace-krytykuje-obecny-rzad-za-luksus-i-bezczynnosc\/#primaryimage","url":"https:\/\/www.pogotowieflagowe.pl\/aktualne\/wp-content\/uploads\/2025\/10\/Morawiecki-obiecuje-calodobowa-prace-krytykuje-obecny-rzad-za-\u201eluksus-i.webp.webp","contentUrl":"https:\/\/www.pogotowieflagowe.pl\/aktualne\/wp-content\/uploads\/2025\/10\/Morawiecki-obiecuje-calodobowa-prace-krytykuje-obecny-rzad-za-\u201eluksus-i.webp.webp","width":1280,"height":719,"caption":"Morawiecki obiecuje ca\u0142odobow\u0105 prac\u0119, krytykuje obecny rz\u0105d za \u201eluksus i bezczynno\u015b\u0107\u201d"},{"@type":"BreadcrumbList","@id":"https:\/\/www.pogotowieflagowe.pl\/aktualne\/morawiecki-obiecuje-calodobowa-prace-krytykuje-obecny-rzad-za-luksus-i-bezczynnosc\/#breadcrumb","itemListElement":[{"@type":"ListItem","position":1,"name":"Home","item":"https:\/\/www.pogotowieflagowe.pl\/aktualne\/"},{"@type":"ListItem","position":2,"name":"Morawiecki obiecuje ca\u0142odobow\u0105 prac\u0119, krytykuje obecny rz\u0105d za \u201eluksus i bezczynno\u015b\u0107\u201d"}]},{"@type":"WebSite","@id":"https:\/\/www.pogotowieflagowe.pl\/aktualne\/#website","url":"https:\/\/www.pogotowieflagowe.pl\/aktualne\/","name":"POGOTOWIE FLAGOWE\u00ae","description":"","publisher":{"@id":"https:\/\/www.pogotowieflagowe.pl\/aktualne\/#organization"},"potentialAction":[{"@type":"SearchAction","target":{"@type":"EntryPoint","urlTemplate":"https:\/\/www.pogotowieflagowe.pl\/aktualne\/?s={search_term_string}"},"query-input":"required name=search_term_string"}],"inLanguage":"pl-PL"},{"@type":"Organization","@id":"https:\/\/www.pogotowieflagowe.pl\/aktualne\/#organization","name":"POGOTOWIE FLAGOWE\u00ae","url":"https:\/\/www.pogotowieflagowe.pl\/aktualne\/","logo":{"@type":"ImageObject","inLanguage":"pl-PL","@id":"https:\/\/www.pogotowieflagowe.pl\/aktualne\/#\/schema\/logo\/image\/","url":"https:\/\/www.pogotowieflagowe.pl\/aktualne\/wp-content\/uploads\/2024\/08\/cropped-pogotowieflagowe_flaga_projekt_sm.jpg","contentUrl":"https:\/\/www.pogotowieflagowe.pl\/aktualne\/wp-content\/uploads\/2024\/08\/cropped-pogotowieflagowe_flaga_projekt_sm.jpg","width":250,"height":143,"caption":"POGOTOWIE FLAGOWE\u00ae"},"image":{"@id":"https:\/\/www.pogotowieflagowe.pl\/aktualne\/#\/schema\/logo\/image\/"}},{"@type":"Person","@id":"https:\/\/www.pogotowieflagowe.pl\/aktualne\/#\/schema\/person\/9c2fb7d2362ebf6fa088960d7f0d27b0","name":"Filip","image":{"@type":"ImageObject","inLanguage":"pl-PL","@id":"https:\/\/www.pogotowieflagowe.pl\/aktualne\/#\/schema\/person\/image\/","url":"https:\/\/www.pogotowieflagowe.pl\/aktualne\/wp-content\/uploads\/2024\/08\/pogotowieflagowe.pl_.jpg","contentUrl":"https:\/\/www.pogotowieflagowe.pl\/aktualne\/wp-content\/uploads\/2024\/08\/pogotowieflagowe.pl_.jpg","caption":"Filip"},"description":"Jestem Filip, polski dziennikarz z dyplomem nauk politycznych Uniwersytetu Warszawskiego. Rozpoczynaj\u0105c swoj\u0105 karier\u0119 w r\u00f3\u017cnych lokalnych mediach, zdoby\u0142em solidne do\u015bwiadczenie w zakresie \u015bledztwa i redakcji. Obecnie jako redaktor w Pogotowie flagowe, staram si\u0119 dostarcza\u0107 dog\u0142\u0119bne i istotne analizy na temat najwa\u017cniejszych kwestii aktualno\u015bci, \u0142\u0105cz\u0105c rygor z pasj\u0105 dziennikarsk\u0105.","sameAs":["https:\/\/www.pogotowieflagowe.pl\/"]}]}},"_links":{"self":[{"href":"https:\/\/www.pogotowieflagowe.pl\/aktualne\/wp-json\/wp\/v2\/posts\/9865","targetHints":{"allow":["GET"]}}],"collection":[{"href":"https:\/\/www.pogotowieflagowe.pl\/aktualne\/wp-json\/wp\/v2\/posts"}],"about":[{"href":"https:\/\/www.pogotowieflagowe.pl\/aktualne\/wp-json\/wp\/v2\/types\/post"}],"author":[{"embeddable":true,"href":"https:\/\/www.pogotowieflagowe.pl\/aktualne\/wp-json\/wp\/v2\/users\/1"}],"replies":[{"embeddable":true,"href":"https:\/\/www.pogotowieflagowe.pl\/aktualne\/wp-json\/wp\/v2\/comments?post=9865"}],"version-history":[{"count":1,"href":"https:\/\/www.pogotowieflagowe.pl\/aktualne\/wp-json\/wp\/v2\/posts\/9865\/revisions"}],"predecessor-version":[{"id":9867,"href":"https:\/\/www.pogotowieflagowe.pl\/aktualne\/wp-json\/wp\/v2\/posts\/9865\/revisions\/9867"}],"wp:featuredmedia":[{"embeddable":true,"href":"https:\/\/www.pogotowieflagowe.pl\/aktualne\/wp-json\/wp\/v2\/media\/9866"}],"wp:attachment":[{"href":"https:\/\/www.pogotowieflagowe.pl\/aktualne\/wp-json\/wp\/v2\/media?parent=9865"}],"wp:term":[{"taxonomy":"category","embeddable":true,"href":"https:\/\/www.pogotowieflagowe.pl\/aktualne\/wp-json\/wp\/v2\/categories?post=9865"},{"taxonomy":"post_tag","embeddable":true,"href":"https:\/\/www.pogotowieflagowe.pl\/aktualne\/wp-json\/wp\/v2\/tags?post=9865"}],"curies":[{"name":"wp","href":"https:\/\/api.w.org\/{rel}","templated":true}]}}