{"id":9903,"date":"2025-10-28T16:00:34","date_gmt":"2025-10-28T15:00:34","guid":{"rendered":"https:\/\/www.pogotowieflagowe.pl\/aktualne\/skandal-wokol-sprzedazy-gruntow-pod-centralny-port-komunikacyjny-pis-powola-specjalny-zespol\/"},"modified":"2025-10-28T16:00:36","modified_gmt":"2025-10-28T15:00:36","slug":"skandal-wokol-sprzedazy-gruntow-pod-centralny-port-komunikacyjny-pis-powola-specjalny-zespol","status":"publish","type":"post","link":"https:\/\/www.pogotowieflagowe.pl\/aktualne\/skandal-wokol-sprzedazy-gruntow-pod-centralny-port-komunikacyjny-pis-powola-specjalny-zespol\/","title":{"rendered":"Skandal wok\u00f3\u0142 sprzeda\u017cy grunt\u00f3w pod Centralny Port Komunikacyjny. PiS powo\u0142a specjalny zesp\u00f3\u0142!"},"content":{"rendered":"\n<div class=\"td_block_wrap tdb_single_content tdi_41 td-pb-border-top td_block_template_8 td-post-content tagdiv-type\" data-td-block-uid=\"tdi_41\">\n<style>.tdi_41{margines-top:0px!important;margin-bottom:0px!important;dope\u0142nienie-g\u00f3ra:0px!important;dope\u0142nienie-d\u00f3\u0142:0px!important}<\/style>\n<style>.tdb_single_content{margin-bottom:0;*zoom:1}.tdb_single_content:before,.tdb_single_content:after{display:table;content:'';line-height:0}.tdb_single_content:after{clear:both}.tdb_single_content .tdb-block-inner>*:not(.wp-block-quote):not(.alignwide):not(.alignfull.wp-block-cover.has-parallax):not(.td-a-ad){margin-left:auto;margin-right:auto}.tdb_single_content a{pointer-events:auto}.tdb_single_content .td-spot-id-top_ad .tdc-placeholder-title:before{content:'Article Top Ad'!important}.tdb_single_content .td-spot-id-inline_ad0 .tdc-placeholder-title:before{content:'Article Reklama wbudowana 1'!important}.tdb_single_content .td-spot-id-inline_ad1 .tdc-placeholder-title:before{content:'Reklama wbudowana w artyku\u0142 2'!important}.tdb_single_content .td-spot-id-inline_ad2 .tdc-placeholder-title:before{content:'Reklama w tek\u015bcie artyku\u0142u 3'!important}.tdb_single_content .td-spot-id-bottom_ad .tdc-placeholder-title:before{content:'Article Bottom Ad'!important}.tdb_single_content .id_top_ad,.tdb_single_content .id_bottom_ad{clear:both;margin-bottom:21px;text-align:center}.tdb_single_content .id_top_ad img,.tdb_single_content .id_bottom_ad img{margin-bottom:0}.tdb_single_content .id_top_ad .adsbygoogle,.tdb_single_content .id_bottom_ad .adsbygoogle{position:relative}.tdb_single_content .id_ad_content-horiz-left,.tdb_single_content .id_ad_content-horiz-right,.tdb_single_content .id_ad_content-horiz-center{margin-bottom:15px}.tdb_single_content .id_ad_content-horiz-left img,.tdb_single_content .id_ad_content-horiz-right img,.tdb_single_content .id_ad_content-horiz-center img{margin-bottom:0}.tdb_single_content .id_ad_content-horiz-center{text-align:center}.tdb_single_content .id_ad_content-horiz-center img{margin-right:auto;margin-left:auto}.tdb_single_content .id_ad_content-horiz-left{float:left;margin-top:9px;margin-right:21px}.tdb_single_content .id_ad_content-horiz-right{float:right;margin-top:6px;margin-left:21px}.tdb_single_content .tdc-a-ad .tdc-placeholder-title{width:300px;height:250px}.tdb_single_content .tdc-a-ad .tdc-placeholder-title:before{position:absolute;top:50%;-webkit-transform:translateY(-50%);transform:translateY(-50%);margin:auto;display:table;width:100%}.tdb_single_content .tdb-block-inner.td-fix-index{word-break:break-word}.tdi_41,.tdi_41>p,.tdi_41 .tdb-block-inner>p,.wp-block-column>p{font-size:16px!important;line-height:1.6!important}.tdi_41 .tdb-block-inner cytat blokowy p{font-style:normal!important}@media (max-width:767px){.tdb_single_content .id_ad_content-horiz-left,.tdb_single_content .id_ad_content-horiz-right,.tdb_single_content .id_ad_content-horiz-center{margin:0 auto 26 pikseli auto}}@media (max-width:767px){.tdb_single_content .id_ad_content-horiz-left{margin-right:0}}@media (max-width:767px){.tdb_single_content .id_ad_content-horiz-right{margin-left:0}}@media (max-width:767px){.tdb_single_content .td-a-ad{float:none;text-align:center}.tdb_single_content .td-a-ad img{margin-right:auto;margin-left:auto}.tdb_single_content .tdc-a-ad{float:none}}<\/style>\n<div class=\"tdb-block-inner td-fix-index\">\n<p><strong>&#8222;Ca\u0142y proces wyja\u015bniania tej sprawy b\u0119dzie polega\u0142 na powo\u0142aniu zespo\u0142u, a pos\u0142owie z\u0142o\u017c\u0105 wyja\u015bnienia. Zesp\u00f3\u0142 ten w pewnym sensie rozstrzygnie spraw\u0119 i przedstawi swoje stanowisko&#8221;<\/strong> powiedzia\u0142 <em>Prawo i Sprawiedliwo\u015b\u0107 (PiS)<\/em> lider klubu parlamentarnego Mariusz B\u0142aszczak, odnosz\u0105c si\u0119 do kontrowersji wok\u00f3\u0142 sprzeda\u017cy dzia\u0142ki, przez kt\u00f3r\u0105 jeden z <em>CPK<\/em> linie maj\u0105 biega\u0107.<\/p>\n<h2 class=\"wp-block-heading\"><strong>Grunt pod CPK sprzedany<\/strong><\/h2>\n<p>W poniedzia\u0142ek, <em>WP<\/em> poda\u0142o, \u017ce Ministerstwo Rolnictwa i Rozwoju Wsi \u2013 tu\u017c przed <em>PiS<\/em> straci\u0142 w\u0142adz\u0119 w grudniu 2023 r. \u2013 wyrazi\u0142 zgod\u0119 na sprzeda\u017c 160-hektarowej dzia\u0142ki wiceprezesowi prywatnej sp\u00f3\u0142ki Dawtona. Do sprzeda\u017cy dosz\u0142o pomimo sprzeciwu Sp\u00f3\u0142ki <em>Centralny Port Komunikacyjny<\/em> w\u0142adze, dla kt\u00f3rych budowy kluczowy by\u0142 grunt, jak linia kolei du\u017cych pr\u0119dko\u015bci z Warszawy do <em>CPK<\/em> ma przebiega\u0107 przez ten teren w Zab\u0142otni ko\u0142o Grodziska Mazowieckiego.<\/p>\n<p>Teren ten nale\u017ca\u0142 w\u00f3wczas do <em>Krajowy O\u015brodek Wsparcia Rolnictwa (KOWR)<\/em>kt\u00f3re w\u0142a\u015bciciele Dawtony dzier\u017cawili od 2008 roku, a o ich zakup starali si\u0119 ju\u017c wcze\u015bniej. Wed\u0142ug <em>WP<\/em>w 2023 r., ale przed transakcj\u0105 sprzeda\u017cy, odwiedzi\u0142 j\u0105 \u00f3wczesny Minister Rolnictwa Robert Telus. Sprzeda\u017c zosta\u0142a formalnie zako\u0144czona 1 grudnia 2023 roku; cena wynios\u0142a 22,8 mln z\u0142, natomiast obecna warto\u015b\u0107 mog\u0142a wzrosn\u0105\u0107 wielokrotnie \u2013 szacunki wskazuj\u0105, \u017ce mog\u0142a si\u0119ga\u0107 nawet 400 mln z\u0142.<\/p>\n<p>Istniej\u0105 r\u00f3wnie\u017c podejrzenia o manipulacj\u0119 dokumentami m.in <em>Wody Polskie<\/em>kt\u00f3ra tu\u017c przed sprzeda\u017c\u0105 przekwalifikowa\u0142a ciek wodny na r\u00f3w melioracyjny, umo\u017cliwiaj\u0105c w ten spos\u00f3b transakcj\u0119.<\/p>\n<h2 class=\"wp-block-heading\"><strong>\u201eDojdziemy do sedna tej sprawy\u201d<\/strong><\/h2>\n<p>Zapytany o spraw\u0119 we wtorek w radiu TOK FM B\u0142aszczak zapewni\u0142, \u017ce trzeba j\u0105 wyja\u015bni\u0107. <strong>\u201eI dojdziemy do sedna sprawy\u201d<\/strong> o\u015bwiadczy\u0142.<\/p>\n<p><strong>\u201eTa sprawa jest rzeczywi\u015bcie bardzo dziwna, st\u0105d zawieszenie naszych dw\u00f3ch parlamentarzyst\u00f3w\u201d<\/strong> podkre\u015bli\u0142 <em>PiS<\/em> lider klubu. Pod\u0105\u017caj\u0105c za <em>Wirtualna Polska<\/em> publikacja, <em>PiS<\/em> zawiesili by\u0142ego Ministra Rolnictwa Roberta Telusa i jego zast\u0119pc\u0119 Rafa\u0142a Romanowskiego, cho\u0107 Telus zaprzeczy\u0142, jakoby mia\u0142 jak\u0105kolwiek wiedz\u0119 o transakcji.<\/p>\n<p>Na pytanie, czy zawieszeni pos\u0142owie mieli mo\u017cliwo\u015b\u0107 z\u0142o\u017cenia wyja\u015bnie\u0144, B\u0142aszczak odpowiedzia\u0142, \u017ce <strong>&#8222;Ca\u0142y proces wyja\u015bniania tej sprawy b\u0119dzie polega\u0142 na powo\u0142aniu zespo\u0142u, a pos\u0142owie z\u0142o\u017c\u0105 wyja\u015bnienia. Zesp\u00f3\u0142 w pewnym sensie rozstrzygnie spraw\u0119 i przedstawi swoje stanowisko&#8221;<\/strong> zauwa\u017cy\u0142.<\/p>\n<p><strong>\u201ePrzedstawimy wyniki post\u0119powania wewn\u0119trznego, a co do post\u0119powania s\u0105dowego \u2013 B\u00f3g jeden wie, jak to si\u0119 zako\u0144czy\u201d \u2013 doda\u0142.<\/strong> doda\u0142 B\u0142aszczak.<\/p>\n<\/div>\n<\/div>\n","protected":false},"excerpt":{"rendered":"<p>&#8222;Ca\u0142y proces wyja\u015bniania tej sprawy b\u0119dzie polega\u0142 na powo\u0142aniu zespo\u0142u, a pos\u0142owie z\u0142o\u017c\u0105 wyja\u015bnienia. Zesp\u00f3\u0142 ten w pewnym sensie rozstrzygnie<\/p>\n","protected":false},"author":1,"featured_media":9904,"comment_status":"open","ping_status":"open","sticky":false,"template":"","format":"standard","meta":{"footnotes":""},"categories":[4748],"tags":[5531,11380,11420,166,2326,5532,11421,2358,9188,2533,639,2123],"class_list":["post-9903","post","type-post","status-publish","format-standard","has-post-thumbnail","hentry","category-aktualne","tag-centralny","tag-gruntow","tag-komunikacyjny","tag-pis","tag-pod","tag-port","tag-powola","tag-skandal","tag-specjalny","tag-sprzedazy","tag-wokol","tag-zespol","generate-columns","tablet-grid-50","mobile-grid-100","grid-parent","grid-50","resize-featured-image"],"yoast_head":"<!-- This site is optimized with the Yoast SEO plugin v23.2 - https:\/\/yoast.com\/wordpress\/plugins\/seo\/ -->\n<title>Skandal wok\u00f3\u0142 sprzeda\u017cy grunt\u00f3w pod Centralny Port Komunikacyjny. PiS powo\u0142a specjalny zesp\u00f3\u0142! - POGOTOWIE FLAGOWE\u00ae<\/title>\n<meta name=\"robots\" content=\"index, follow, max-snippet:-1, max-image-preview:large, max-video-preview:-1\" \/>\n<link rel=\"canonical\" href=\"https:\/\/www.pogotowieflagowe.pl\/aktualne\/skandal-wokol-sprzedazy-gruntow-pod-centralny-port-komunikacyjny-pis-powola-specjalny-zespol\/\" \/>\n<meta property=\"og:locale\" content=\"pl_PL\" \/>\n<meta property=\"og:type\" content=\"article\" \/>\n<meta property=\"og:title\" content=\"Skandal wok\u00f3\u0142 sprzeda\u017cy grunt\u00f3w pod Centralny Port Komunikacyjny. PiS powo\u0142a specjalny zesp\u00f3\u0142! - POGOTOWIE FLAGOWE\u00ae\" \/>\n<meta property=\"og:description\" content=\"&#8222;Ca\u0142y proces wyja\u015bniania tej sprawy b\u0119dzie polega\u0142 na powo\u0142aniu zespo\u0142u, a pos\u0142owie z\u0142o\u017c\u0105 wyja\u015bnienia. Zesp\u00f3\u0142 ten w pewnym sensie rozstrzygnie\" \/>\n<meta property=\"og:url\" content=\"https:\/\/www.pogotowieflagowe.pl\/aktualne\/skandal-wokol-sprzedazy-gruntow-pod-centralny-port-komunikacyjny-pis-powola-specjalny-zespol\/\" \/>\n<meta property=\"og:site_name\" content=\"POGOTOWIE FLAGOWE\u00ae\" \/>\n<meta property=\"article:published_time\" content=\"2025-10-28T15:00:34+00:00\" \/>\n<meta property=\"article:modified_time\" content=\"2025-10-28T15:00:36+00:00\" \/>\n<meta property=\"og:image\" content=\"https:\/\/www.pogotowieflagowe.pl\/aktualne\/wp-content\/uploads\/2025\/10\/Skandal-wokol-sprzedazy-gruntow-pod-Centralny-Port-Komunikacyjny-PiS-powola.webp.webp\" \/>\n\t<meta property=\"og:image:width\" content=\"1280\" \/>\n\t<meta property=\"og:image:height\" content=\"720\" \/>\n\t<meta property=\"og:image:type\" content=\"image\/webp\" \/>\n<meta name=\"author\" content=\"Filip\" \/>\n<meta name=\"twitter:card\" content=\"summary_large_image\" \/>\n<meta name=\"twitter:label1\" content=\"Napisane przez\" \/>\n\t<meta name=\"twitter:data1\" content=\"Filip\" \/>\n\t<meta name=\"twitter:label2\" content=\"Szacowany czas czytania\" \/>\n\t<meta name=\"twitter:data2\" content=\"2 minuty\" \/>\n<script type=\"application\/ld+json\" class=\"yoast-schema-graph\">{\"@context\":\"https:\/\/schema.org\",\"@graph\":[{\"@type\":\"Article\",\"@id\":\"https:\/\/www.pogotowieflagowe.pl\/aktualne\/skandal-wokol-sprzedazy-gruntow-pod-centralny-port-komunikacyjny-pis-powola-specjalny-zespol\/#article\",\"isPartOf\":{\"@id\":\"https:\/\/www.pogotowieflagowe.pl\/aktualne\/skandal-wokol-sprzedazy-gruntow-pod-centralny-port-komunikacyjny-pis-powola-specjalny-zespol\/\"},\"author\":{\"name\":\"Filip\",\"@id\":\"https:\/\/www.pogotowieflagowe.pl\/aktualne\/#\/schema\/person\/9c2fb7d2362ebf6fa088960d7f0d27b0\"},\"headline\":\"Skandal wok\u00f3\u0142 sprzeda\u017cy grunt\u00f3w pod Centralny Port Komunikacyjny. PiS powo\u0142a specjalny zesp\u00f3\u0142!\",\"datePublished\":\"2025-10-28T15:00:34+00:00\",\"dateModified\":\"2025-10-28T15:00:36+00:00\",\"mainEntityOfPage\":{\"@id\":\"https:\/\/www.pogotowieflagowe.pl\/aktualne\/skandal-wokol-sprzedazy-gruntow-pod-centralny-port-komunikacyjny-pis-powola-specjalny-zespol\/\"},\"wordCount\":428,\"commentCount\":0,\"publisher\":{\"@id\":\"https:\/\/www.pogotowieflagowe.pl\/aktualne\/#organization\"},\"image\":{\"@id\":\"https:\/\/www.pogotowieflagowe.pl\/aktualne\/skandal-wokol-sprzedazy-gruntow-pod-centralny-port-komunikacyjny-pis-powola-specjalny-zespol\/#primaryimage\"},\"thumbnailUrl\":\"https:\/\/www.pogotowieflagowe.pl\/aktualne\/wp-content\/uploads\/2025\/10\/Skandal-wokol-sprzedazy-gruntow-pod-Centralny-Port-Komunikacyjny-PiS-powola.webp.webp\",\"keywords\":[\"centralny\",\"grunt\u00f3w\",\"Komunikacyjny\",\"PiS\",\"pod\",\"port\",\"powo\u0142a\",\"skandal\",\"Specjalny\",\"sprzeda\u017cy\",\"wok\u00f3\u0142\",\"zesp\u00f3\u0142\"],\"articleSection\":[\"Aktualne\"],\"inLanguage\":\"pl-PL\",\"potentialAction\":[{\"@type\":\"CommentAction\",\"name\":\"Comment\",\"target\":[\"https:\/\/www.pogotowieflagowe.pl\/aktualne\/skandal-wokol-sprzedazy-gruntow-pod-centralny-port-komunikacyjny-pis-powola-specjalny-zespol\/#respond\"]}]},{\"@type\":\"WebPage\",\"@id\":\"https:\/\/www.pogotowieflagowe.pl\/aktualne\/skandal-wokol-sprzedazy-gruntow-pod-centralny-port-komunikacyjny-pis-powola-specjalny-zespol\/\",\"url\":\"https:\/\/www.pogotowieflagowe.pl\/aktualne\/skandal-wokol-sprzedazy-gruntow-pod-centralny-port-komunikacyjny-pis-powola-specjalny-zespol\/\",\"name\":\"Skandal wok\u00f3\u0142 sprzeda\u017cy grunt\u00f3w pod Centralny Port Komunikacyjny. PiS powo\u0142a specjalny zesp\u00f3\u0142! - POGOTOWIE FLAGOWE\u00ae\",\"isPartOf\":{\"@id\":\"https:\/\/www.pogotowieflagowe.pl\/aktualne\/#website\"},\"primaryImageOfPage\":{\"@id\":\"https:\/\/www.pogotowieflagowe.pl\/aktualne\/skandal-wokol-sprzedazy-gruntow-pod-centralny-port-komunikacyjny-pis-powola-specjalny-zespol\/#primaryimage\"},\"image\":{\"@id\":\"https:\/\/www.pogotowieflagowe.pl\/aktualne\/skandal-wokol-sprzedazy-gruntow-pod-centralny-port-komunikacyjny-pis-powola-specjalny-zespol\/#primaryimage\"},\"thumbnailUrl\":\"https:\/\/www.pogotowieflagowe.pl\/aktualne\/wp-content\/uploads\/2025\/10\/Skandal-wokol-sprzedazy-gruntow-pod-Centralny-Port-Komunikacyjny-PiS-powola.webp.webp\",\"datePublished\":\"2025-10-28T15:00:34+00:00\",\"dateModified\":\"2025-10-28T15:00:36+00:00\",\"breadcrumb\":{\"@id\":\"https:\/\/www.pogotowieflagowe.pl\/aktualne\/skandal-wokol-sprzedazy-gruntow-pod-centralny-port-komunikacyjny-pis-powola-specjalny-zespol\/#breadcrumb\"},\"inLanguage\":\"pl-PL\",\"potentialAction\":[{\"@type\":\"ReadAction\",\"target\":[\"https:\/\/www.pogotowieflagowe.pl\/aktualne\/skandal-wokol-sprzedazy-gruntow-pod-centralny-port-komunikacyjny-pis-powola-specjalny-zespol\/\"]}]},{\"@type\":\"ImageObject\",\"inLanguage\":\"pl-PL\",\"@id\":\"https:\/\/www.pogotowieflagowe.pl\/aktualne\/skandal-wokol-sprzedazy-gruntow-pod-centralny-port-komunikacyjny-pis-powola-specjalny-zespol\/#primaryimage\",\"url\":\"https:\/\/www.pogotowieflagowe.pl\/aktualne\/wp-content\/uploads\/2025\/10\/Skandal-wokol-sprzedazy-gruntow-pod-Centralny-Port-Komunikacyjny-PiS-powola.webp.webp\",\"contentUrl\":\"https:\/\/www.pogotowieflagowe.pl\/aktualne\/wp-content\/uploads\/2025\/10\/Skandal-wokol-sprzedazy-gruntow-pod-Centralny-Port-Komunikacyjny-PiS-powola.webp.webp\",\"width\":1280,\"height\":720,\"caption\":\"Skandal wok\u00f3\u0142 sprzeda\u017cy grunt\u00f3w pod Centralny Port Komunikacyjny. PiS powo\u0142a specjalny zesp\u00f3\u0142!\"},{\"@type\":\"BreadcrumbList\",\"@id\":\"https:\/\/www.pogotowieflagowe.pl\/aktualne\/skandal-wokol-sprzedazy-gruntow-pod-centralny-port-komunikacyjny-pis-powola-specjalny-zespol\/#breadcrumb\",\"itemListElement\":[{\"@type\":\"ListItem\",\"position\":1,\"name\":\"Home\",\"item\":\"https:\/\/www.pogotowieflagowe.pl\/aktualne\/\"},{\"@type\":\"ListItem\",\"position\":2,\"name\":\"Skandal wok\u00f3\u0142 sprzeda\u017cy grunt\u00f3w pod Centralny Port Komunikacyjny. PiS powo\u0142a specjalny zesp\u00f3\u0142!\"}]},{\"@type\":\"WebSite\",\"@id\":\"https:\/\/www.pogotowieflagowe.pl\/aktualne\/#website\",\"url\":\"https:\/\/www.pogotowieflagowe.pl\/aktualne\/\",\"name\":\"POGOTOWIE FLAGOWE\u00ae\",\"description\":\"\",\"publisher\":{\"@id\":\"https:\/\/www.pogotowieflagowe.pl\/aktualne\/#organization\"},\"potentialAction\":[{\"@type\":\"SearchAction\",\"target\":{\"@type\":\"EntryPoint\",\"urlTemplate\":\"https:\/\/www.pogotowieflagowe.pl\/aktualne\/?s={search_term_string}\"},\"query-input\":\"required name=search_term_string\"}],\"inLanguage\":\"pl-PL\"},{\"@type\":\"Organization\",\"@id\":\"https:\/\/www.pogotowieflagowe.pl\/aktualne\/#organization\",\"name\":\"POGOTOWIE FLAGOWE\u00ae\",\"url\":\"https:\/\/www.pogotowieflagowe.pl\/aktualne\/\",\"logo\":{\"@type\":\"ImageObject\",\"inLanguage\":\"pl-PL\",\"@id\":\"https:\/\/www.pogotowieflagowe.pl\/aktualne\/#\/schema\/logo\/image\/\",\"url\":\"https:\/\/www.pogotowieflagowe.pl\/aktualne\/wp-content\/uploads\/2024\/08\/cropped-pogotowieflagowe_flaga_projekt_sm.jpg\",\"contentUrl\":\"https:\/\/www.pogotowieflagowe.pl\/aktualne\/wp-content\/uploads\/2024\/08\/cropped-pogotowieflagowe_flaga_projekt_sm.jpg\",\"width\":250,\"height\":143,\"caption\":\"POGOTOWIE FLAGOWE\u00ae\"},\"image\":{\"@id\":\"https:\/\/www.pogotowieflagowe.pl\/aktualne\/#\/schema\/logo\/image\/\"}},{\"@type\":\"Person\",\"@id\":\"https:\/\/www.pogotowieflagowe.pl\/aktualne\/#\/schema\/person\/9c2fb7d2362ebf6fa088960d7f0d27b0\",\"name\":\"Filip\",\"image\":{\"@type\":\"ImageObject\",\"inLanguage\":\"pl-PL\",\"@id\":\"https:\/\/www.pogotowieflagowe.pl\/aktualne\/#\/schema\/person\/image\/\",\"url\":\"https:\/\/www.pogotowieflagowe.pl\/aktualne\/wp-content\/uploads\/2024\/08\/pogotowieflagowe.pl_.jpg\",\"contentUrl\":\"https:\/\/www.pogotowieflagowe.pl\/aktualne\/wp-content\/uploads\/2024\/08\/pogotowieflagowe.pl_.jpg\",\"caption\":\"Filip\"},\"description\":\"Jestem Filip, polski dziennikarz z dyplomem nauk politycznych Uniwersytetu Warszawskiego. Rozpoczynaj\u0105c swoj\u0105 karier\u0119 w r\u00f3\u017cnych lokalnych mediach, zdoby\u0142em solidne do\u015bwiadczenie w zakresie \u015bledztwa i redakcji. Obecnie jako redaktor w Pogotowie flagowe, staram si\u0119 dostarcza\u0107 dog\u0142\u0119bne i istotne analizy na temat najwa\u017cniejszych kwestii aktualno\u015bci, \u0142\u0105cz\u0105c rygor z pasj\u0105 dziennikarsk\u0105.\",\"sameAs\":[\"https:\/\/www.pogotowieflagowe.pl\/\"]}]}<\/script>\n<!-- \/ Yoast SEO plugin. -->","yoast_head_json":{"title":"Skandal wok\u00f3\u0142 sprzeda\u017cy grunt\u00f3w pod Centralny Port Komunikacyjny. PiS powo\u0142a specjalny zesp\u00f3\u0142! - POGOTOWIE FLAGOWE\u00ae","robots":{"index":"index","follow":"follow","max-snippet":"max-snippet:-1","max-image-preview":"max-image-preview:large","max-video-preview":"max-video-preview:-1"},"canonical":"https:\/\/www.pogotowieflagowe.pl\/aktualne\/skandal-wokol-sprzedazy-gruntow-pod-centralny-port-komunikacyjny-pis-powola-specjalny-zespol\/","og_locale":"pl_PL","og_type":"article","og_title":"Skandal wok\u00f3\u0142 sprzeda\u017cy grunt\u00f3w pod Centralny Port Komunikacyjny. PiS powo\u0142a specjalny zesp\u00f3\u0142! - POGOTOWIE FLAGOWE\u00ae","og_description":"&#8222;Ca\u0142y proces wyja\u015bniania tej sprawy b\u0119dzie polega\u0142 na powo\u0142aniu zespo\u0142u, a pos\u0142owie z\u0142o\u017c\u0105 wyja\u015bnienia. Zesp\u00f3\u0142 ten w pewnym sensie rozstrzygnie","og_url":"https:\/\/www.pogotowieflagowe.pl\/aktualne\/skandal-wokol-sprzedazy-gruntow-pod-centralny-port-komunikacyjny-pis-powola-specjalny-zespol\/","og_site_name":"POGOTOWIE FLAGOWE\u00ae","article_published_time":"2025-10-28T15:00:34+00:00","article_modified_time":"2025-10-28T15:00:36+00:00","og_image":[{"width":1280,"height":720,"url":"https:\/\/www.pogotowieflagowe.pl\/aktualne\/wp-content\/uploads\/2025\/10\/Skandal-wokol-sprzedazy-gruntow-pod-Centralny-Port-Komunikacyjny-PiS-powola.webp.webp","type":"image\/webp"}],"author":"Filip","twitter_card":"summary_large_image","twitter_misc":{"Napisane przez":"Filip","Szacowany czas czytania":"2 minuty"},"schema":{"@context":"https:\/\/schema.org","@graph":[{"@type":"Article","@id":"https:\/\/www.pogotowieflagowe.pl\/aktualne\/skandal-wokol-sprzedazy-gruntow-pod-centralny-port-komunikacyjny-pis-powola-specjalny-zespol\/#article","isPartOf":{"@id":"https:\/\/www.pogotowieflagowe.pl\/aktualne\/skandal-wokol-sprzedazy-gruntow-pod-centralny-port-komunikacyjny-pis-powola-specjalny-zespol\/"},"author":{"name":"Filip","@id":"https:\/\/www.pogotowieflagowe.pl\/aktualne\/#\/schema\/person\/9c2fb7d2362ebf6fa088960d7f0d27b0"},"headline":"Skandal wok\u00f3\u0142 sprzeda\u017cy grunt\u00f3w pod Centralny Port Komunikacyjny. PiS powo\u0142a specjalny zesp\u00f3\u0142!","datePublished":"2025-10-28T15:00:34+00:00","dateModified":"2025-10-28T15:00:36+00:00","mainEntityOfPage":{"@id":"https:\/\/www.pogotowieflagowe.pl\/aktualne\/skandal-wokol-sprzedazy-gruntow-pod-centralny-port-komunikacyjny-pis-powola-specjalny-zespol\/"},"wordCount":428,"commentCount":0,"publisher":{"@id":"https:\/\/www.pogotowieflagowe.pl\/aktualne\/#organization"},"image":{"@id":"https:\/\/www.pogotowieflagowe.pl\/aktualne\/skandal-wokol-sprzedazy-gruntow-pod-centralny-port-komunikacyjny-pis-powola-specjalny-zespol\/#primaryimage"},"thumbnailUrl":"https:\/\/www.pogotowieflagowe.pl\/aktualne\/wp-content\/uploads\/2025\/10\/Skandal-wokol-sprzedazy-gruntow-pod-Centralny-Port-Komunikacyjny-PiS-powola.webp.webp","keywords":["centralny","grunt\u00f3w","Komunikacyjny","PiS","pod","port","powo\u0142a","skandal","Specjalny","sprzeda\u017cy","wok\u00f3\u0142","zesp\u00f3\u0142"],"articleSection":["Aktualne"],"inLanguage":"pl-PL","potentialAction":[{"@type":"CommentAction","name":"Comment","target":["https:\/\/www.pogotowieflagowe.pl\/aktualne\/skandal-wokol-sprzedazy-gruntow-pod-centralny-port-komunikacyjny-pis-powola-specjalny-zespol\/#respond"]}]},{"@type":"WebPage","@id":"https:\/\/www.pogotowieflagowe.pl\/aktualne\/skandal-wokol-sprzedazy-gruntow-pod-centralny-port-komunikacyjny-pis-powola-specjalny-zespol\/","url":"https:\/\/www.pogotowieflagowe.pl\/aktualne\/skandal-wokol-sprzedazy-gruntow-pod-centralny-port-komunikacyjny-pis-powola-specjalny-zespol\/","name":"Skandal wok\u00f3\u0142 sprzeda\u017cy grunt\u00f3w pod Centralny Port Komunikacyjny. PiS powo\u0142a specjalny zesp\u00f3\u0142! - POGOTOWIE FLAGOWE\u00ae","isPartOf":{"@id":"https:\/\/www.pogotowieflagowe.pl\/aktualne\/#website"},"primaryImageOfPage":{"@id":"https:\/\/www.pogotowieflagowe.pl\/aktualne\/skandal-wokol-sprzedazy-gruntow-pod-centralny-port-komunikacyjny-pis-powola-specjalny-zespol\/#primaryimage"},"image":{"@id":"https:\/\/www.pogotowieflagowe.pl\/aktualne\/skandal-wokol-sprzedazy-gruntow-pod-centralny-port-komunikacyjny-pis-powola-specjalny-zespol\/#primaryimage"},"thumbnailUrl":"https:\/\/www.pogotowieflagowe.pl\/aktualne\/wp-content\/uploads\/2025\/10\/Skandal-wokol-sprzedazy-gruntow-pod-Centralny-Port-Komunikacyjny-PiS-powola.webp.webp","datePublished":"2025-10-28T15:00:34+00:00","dateModified":"2025-10-28T15:00:36+00:00","breadcrumb":{"@id":"https:\/\/www.pogotowieflagowe.pl\/aktualne\/skandal-wokol-sprzedazy-gruntow-pod-centralny-port-komunikacyjny-pis-powola-specjalny-zespol\/#breadcrumb"},"inLanguage":"pl-PL","potentialAction":[{"@type":"ReadAction","target":["https:\/\/www.pogotowieflagowe.pl\/aktualne\/skandal-wokol-sprzedazy-gruntow-pod-centralny-port-komunikacyjny-pis-powola-specjalny-zespol\/"]}]},{"@type":"ImageObject","inLanguage":"pl-PL","@id":"https:\/\/www.pogotowieflagowe.pl\/aktualne\/skandal-wokol-sprzedazy-gruntow-pod-centralny-port-komunikacyjny-pis-powola-specjalny-zespol\/#primaryimage","url":"https:\/\/www.pogotowieflagowe.pl\/aktualne\/wp-content\/uploads\/2025\/10\/Skandal-wokol-sprzedazy-gruntow-pod-Centralny-Port-Komunikacyjny-PiS-powola.webp.webp","contentUrl":"https:\/\/www.pogotowieflagowe.pl\/aktualne\/wp-content\/uploads\/2025\/10\/Skandal-wokol-sprzedazy-gruntow-pod-Centralny-Port-Komunikacyjny-PiS-powola.webp.webp","width":1280,"height":720,"caption":"Skandal wok\u00f3\u0142 sprzeda\u017cy grunt\u00f3w pod Centralny Port Komunikacyjny. PiS powo\u0142a specjalny zesp\u00f3\u0142!"},{"@type":"BreadcrumbList","@id":"https:\/\/www.pogotowieflagowe.pl\/aktualne\/skandal-wokol-sprzedazy-gruntow-pod-centralny-port-komunikacyjny-pis-powola-specjalny-zespol\/#breadcrumb","itemListElement":[{"@type":"ListItem","position":1,"name":"Home","item":"https:\/\/www.pogotowieflagowe.pl\/aktualne\/"},{"@type":"ListItem","position":2,"name":"Skandal wok\u00f3\u0142 sprzeda\u017cy grunt\u00f3w pod Centralny Port Komunikacyjny. PiS powo\u0142a specjalny zesp\u00f3\u0142!"}]},{"@type":"WebSite","@id":"https:\/\/www.pogotowieflagowe.pl\/aktualne\/#website","url":"https:\/\/www.pogotowieflagowe.pl\/aktualne\/","name":"POGOTOWIE FLAGOWE\u00ae","description":"","publisher":{"@id":"https:\/\/www.pogotowieflagowe.pl\/aktualne\/#organization"},"potentialAction":[{"@type":"SearchAction","target":{"@type":"EntryPoint","urlTemplate":"https:\/\/www.pogotowieflagowe.pl\/aktualne\/?s={search_term_string}"},"query-input":"required name=search_term_string"}],"inLanguage":"pl-PL"},{"@type":"Organization","@id":"https:\/\/www.pogotowieflagowe.pl\/aktualne\/#organization","name":"POGOTOWIE FLAGOWE\u00ae","url":"https:\/\/www.pogotowieflagowe.pl\/aktualne\/","logo":{"@type":"ImageObject","inLanguage":"pl-PL","@id":"https:\/\/www.pogotowieflagowe.pl\/aktualne\/#\/schema\/logo\/image\/","url":"https:\/\/www.pogotowieflagowe.pl\/aktualne\/wp-content\/uploads\/2024\/08\/cropped-pogotowieflagowe_flaga_projekt_sm.jpg","contentUrl":"https:\/\/www.pogotowieflagowe.pl\/aktualne\/wp-content\/uploads\/2024\/08\/cropped-pogotowieflagowe_flaga_projekt_sm.jpg","width":250,"height":143,"caption":"POGOTOWIE FLAGOWE\u00ae"},"image":{"@id":"https:\/\/www.pogotowieflagowe.pl\/aktualne\/#\/schema\/logo\/image\/"}},{"@type":"Person","@id":"https:\/\/www.pogotowieflagowe.pl\/aktualne\/#\/schema\/person\/9c2fb7d2362ebf6fa088960d7f0d27b0","name":"Filip","image":{"@type":"ImageObject","inLanguage":"pl-PL","@id":"https:\/\/www.pogotowieflagowe.pl\/aktualne\/#\/schema\/person\/image\/","url":"https:\/\/www.pogotowieflagowe.pl\/aktualne\/wp-content\/uploads\/2024\/08\/pogotowieflagowe.pl_.jpg","contentUrl":"https:\/\/www.pogotowieflagowe.pl\/aktualne\/wp-content\/uploads\/2024\/08\/pogotowieflagowe.pl_.jpg","caption":"Filip"},"description":"Jestem Filip, polski dziennikarz z dyplomem nauk politycznych Uniwersytetu Warszawskiego. Rozpoczynaj\u0105c swoj\u0105 karier\u0119 w r\u00f3\u017cnych lokalnych mediach, zdoby\u0142em solidne do\u015bwiadczenie w zakresie \u015bledztwa i redakcji. Obecnie jako redaktor w Pogotowie flagowe, staram si\u0119 dostarcza\u0107 dog\u0142\u0119bne i istotne analizy na temat najwa\u017cniejszych kwestii aktualno\u015bci, \u0142\u0105cz\u0105c rygor z pasj\u0105 dziennikarsk\u0105.","sameAs":["https:\/\/www.pogotowieflagowe.pl\/"]}]}},"_links":{"self":[{"href":"https:\/\/www.pogotowieflagowe.pl\/aktualne\/wp-json\/wp\/v2\/posts\/9903","targetHints":{"allow":["GET"]}}],"collection":[{"href":"https:\/\/www.pogotowieflagowe.pl\/aktualne\/wp-json\/wp\/v2\/posts"}],"about":[{"href":"https:\/\/www.pogotowieflagowe.pl\/aktualne\/wp-json\/wp\/v2\/types\/post"}],"author":[{"embeddable":true,"href":"https:\/\/www.pogotowieflagowe.pl\/aktualne\/wp-json\/wp\/v2\/users\/1"}],"replies":[{"embeddable":true,"href":"https:\/\/www.pogotowieflagowe.pl\/aktualne\/wp-json\/wp\/v2\/comments?post=9903"}],"version-history":[{"count":1,"href":"https:\/\/www.pogotowieflagowe.pl\/aktualne\/wp-json\/wp\/v2\/posts\/9903\/revisions"}],"predecessor-version":[{"id":9905,"href":"https:\/\/www.pogotowieflagowe.pl\/aktualne\/wp-json\/wp\/v2\/posts\/9903\/revisions\/9905"}],"wp:featuredmedia":[{"embeddable":true,"href":"https:\/\/www.pogotowieflagowe.pl\/aktualne\/wp-json\/wp\/v2\/media\/9904"}],"wp:attachment":[{"href":"https:\/\/www.pogotowieflagowe.pl\/aktualne\/wp-json\/wp\/v2\/media?parent=9903"}],"wp:term":[{"taxonomy":"category","embeddable":true,"href":"https:\/\/www.pogotowieflagowe.pl\/aktualne\/wp-json\/wp\/v2\/categories?post=9903"},{"taxonomy":"post_tag","embeddable":true,"href":"https:\/\/www.pogotowieflagowe.pl\/aktualne\/wp-json\/wp\/v2\/tags?post=9903"}],"curies":[{"name":"wp","href":"https:\/\/api.w.org\/{rel}","templated":true}]}}