{"id":9909,"date":"2025-10-28T21:13:59","date_gmt":"2025-10-28T20:13:59","guid":{"rendered":"https:\/\/www.pogotowieflagowe.pl\/aktualne\/kaczynski-o-zarzutach-wobec-ziobry-z-prawnego-punktu-widzenia-to-po-prostu-bzdury-i-bzdury\/"},"modified":"2025-10-28T21:14:00","modified_gmt":"2025-10-28T20:14:00","slug":"kaczynski-o-zarzutach-wobec-ziobry-z-prawnego-punktu-widzenia-to-po-prostu-bzdury-i-bzdury","status":"publish","type":"post","link":"https:\/\/www.pogotowieflagowe.pl\/aktualne\/kaczynski-o-zarzutach-wobec-ziobry-z-prawnego-punktu-widzenia-to-po-prostu-bzdury-i-bzdury\/","title":{"rendered":"Kaczy\u0144ski o zarzutach wobec Ziobry: \u201eZ prawnego punktu widzenia to po prostu bzdury i bzdury\u201d"},"content":{"rendered":"\n<div class=\"td_block_wrap tdb_single_content tdi_41 td-pb-border-top td_block_template_8 td-post-content tagdiv-type\" data-td-block-uid=\"tdi_41\">\n<style>.tdi_41{margines-top:0px!important;margin-bottom:0px!important;dope\u0142nienie-g\u00f3ra:0px!important;dope\u0142nienie-d\u00f3\u0142:0px!important}<\/style>\n<style>.tdb_single_content{margin-bottom:0;*zoom:1}.tdb_single_content:before,.tdb_single_content:after{display:table;content:'';line-height:0}.tdb_single_content:after{clear:both}.tdb_single_content .tdb-block-inner>*:not(.wp-block-quote):not(.alignwide):not(.alignfull.wp-block-cover.has-parallax):not(.td-a-ad){margin-left:auto;margin-right:auto}.tdb_single_content a{pointer-events:auto}.tdb_single_content .td-spot-id-top_ad .tdc-placeholder-title:before{content:'Article Top Ad'!important}.tdb_single_content .td-spot-id-inline_ad0 .tdc-placeholder-title:before{content:'Article Reklama wbudowana 1'!important}.tdb_single_content .td-spot-id-inline_ad1 .tdc-placeholder-title:before{content:'Reklama wbudowana w artyku\u0142 2'!important}.tdb_single_content .td-spot-id-inline_ad2 .tdc-placeholder-title:before{content:'Reklama w tek\u015bcie artyku\u0142u 3'!important}.tdb_single_content .td-spot-id-bottom_ad .tdc-placeholder-title:before{content:'Article Bottom Ad'!important}.tdb_single_content .id_top_ad,.tdb_single_content .id_bottom_ad{clear:both;margin-bottom:21px;text-align:center}.tdb_single_content .id_top_ad img,.tdb_single_content .id_bottom_ad img{margin-bottom:0}.tdb_single_content .id_top_ad .adsbygoogle,.tdb_single_content .id_bottom_ad .adsbygoogle{position:relative}.tdb_single_content .id_ad_content-horiz-left,.tdb_single_content .id_ad_content-horiz-right,.tdb_single_content .id_ad_content-horiz-center{margin-bottom:15px}.tdb_single_content .id_ad_content-horiz-left img,.tdb_single_content .id_ad_content-horiz-right img,.tdb_single_content .id_ad_content-horiz-center img{margin-bottom:0}.tdb_single_content .id_ad_content-horiz-center{text-align:center}.tdb_single_content .id_ad_content-horiz-center img{margin-right:auto;margin-left:auto}.tdb_single_content .id_ad_content-horiz-left{float:left;margin-top:9px;margin-right:21px}.tdb_single_content .id_ad_content-horiz-right{float:right;margin-top:6px;margin-left:21px}.tdb_single_content .tdc-a-ad .tdc-placeholder-title{width:300px;height:250px}.tdb_single_content .tdc-a-ad .tdc-placeholder-title:before{position:absolute;top:50%;-webkit-transform:translateY(-50%);transform:translateY(-50%);margin:auto;display:table;width:100%}.tdb_single_content .tdb-block-inner.td-fix-index{word-break:break-word}.tdi_41,.tdi_41>p,.tdi_41 .tdb-block-inner>p,.wp-block-column>p{font-size:16px!important;line-height:1.6!important}.tdi_41 .tdb-block-inner cytat blokowy p{font-style:normal!important}@media (max-width:767px){.tdb_single_content .id_ad_content-horiz-left,.tdb_single_content .id_ad_content-horiz-right,.tdb_single_content .id_ad_content-horiz-center{margin:0 auto 26 pikseli auto}}@media (max-width:767px){.tdb_single_content .id_ad_content-horiz-left{margin-right:0}}@media (max-width:767px){.tdb_single_content .id_ad_content-horiz-right{margin-left:0}}@media (max-width:767px){.tdb_single_content .td-a-ad{float:none;text-align:center}.tdb_single_content .td-a-ad img{margin-right:auto;margin-left:auto}.tdb_single_content .tdc-a-ad{float:none}}<\/style>\n<div class=\"tdb-block-inner td-fix-index\">\n<p>\u201eWszystko, co jest obecnie zarzucane ministrowi Ziobrze musia\u0142oby ko\u0144czy\u0107 si\u0119 bardzo wysokim wyrokiem, wieloletnim wyrokiem, tyle \u017ce z prawnego punktu widzenia jest to po prostu bzdura i nonsens\u201d \u2013 powiedzia\u0142 na konferencji prasowej Jaros\u0142aw Kaczy\u0144ski. \u201eAle dzi\u015b w Polsce, jak wiemy, prawo nie obowi\u0105zuje\u201d \u2013 doda\u0142 lider Prawa i Sprawiedliwo\u015bci (PiS).<\/p>\n<p>Rzecznik Prokuratury Generalnej Prokurator Anna Adamiak poinformowa\u0142a dzi\u015b, \u017ce minister Waldemar \u017burek z\u0142o\u017cy\u0142 w Sejmie wniosek o uchylenie immunitetu parlamentarnego i zarz\u0105dzenie tymczasowego aresztowania by\u0142ego ministra sprawiedliwo\u015bci, obecnie pos\u0142a PiS Zbigniewa Ziobry. Wed\u0142ug prokuratury \u201eistnieje uzasadnione podejrzenie, \u017ce Ziobro dopu\u015bci\u0142 si\u0119 26 przest\u0119pstw, w tym utworzenia i kierowania zorganizowan\u0105 grup\u0105 przest\u0119pcz\u0105 w ramach Ministerstwa Sprawiedliwo\u015bci, kt\u00f3ra sprzeniewierzy\u0142a ponad 150 mln z\u0142 z Funduszu Sprawiedliwo\u015bci\u201d.<\/p>\n<p>Kaczy\u0144ski odni\u00f3s\u0142 si\u0119 do zarzut\u00f3w na pospiesznie zwo\u0142anej konferencji prasowej. M\u00f3wi\u0105c o samym akcie postawienia Ziobry zarzut\u00f3w, stwierdzi\u0142, \u017ce jest to \u201ew istocie skandaliczna decyzja\u201d. &#8222;Decyzja, kt\u00f3ra, jak mo\u017cna przypuszcza\u0107, ma pod\u0142o\u017ce ca\u0142kowicie polityczne. Ten rz\u0105d zupe\u0142nie nie radzi sobie z rz\u0105dzeniem praktycznie w ka\u017cdej sferze \u017cycia, w zwi\u0105zku z czym podejmuje kolejn\u0105 operacj\u0119, maj\u0105c\u0105 na celu zwr\u00f3cenie uwagi opinii publicznej na rzekomo karalne przest\u0119pstwa Prawa i Sprawiedliwo\u015bci&#8221; &#8211; doda\u0142.<\/p>\n<p>Zdaniem Kaczy\u0144skiego, skoro rz\u0105dz\u0105cy nie s\u0105 w stanie udowodni\u0107, \u017ce kto\u015b z PiS cokolwiek ukrad\u0142, przyj\u0119li now\u0105 strategi\u0119.<\/p>\n<p>\u201eDlatego przyj\u0119li nowe konstrukty, kt\u00f3re nie maj\u0105 nic wsp\u00f3lnego z prawem karnym \u2013 ani w og\u00f3le z prawem \u2013 a mianowicie, \u017ce je\u015bli kto\u015b przekazuje \u015brodki na rzecz instytucji spo\u0142ecznych, a nawet przelewa cz\u0119\u015b\u0107 pieni\u0119dzy w ramach bud\u017cetu z jednego, \u017ce tak powiem, konta na drugie, jest to przyw\u0142aszczenie, a tym samym bardzo powa\u017cne przest\u0119pstwo, st\u0105d ta liczba 150 milion\u00f3w z\u0142otych\u201d \u2013 powiedzia\u0142 lider PiS.<\/p>\n<p>Podkre\u015bli\u0142 tak\u017ce, \u017ce Fundusz Sprawiedliwo\u015bci przekaza\u0142 pieni\u0105dze r\u00f3\u017cnym instytucjom, do czego mia\u0142 prawo. \u201eCzasami wydawa\u0142 pieni\u0105dze \u2013 to te\u017c jest jeden z zarzut\u00f3w \u2013 na przyk\u0142ad na remont Prokuratury Generalnej, do tego te\u017c mia\u0142 prawo, a tak\u017ce mia\u0142 prawo przelewa\u0107 pieni\u0105dze ze swojego rachunku bankowego na rachunek, z kt\u00f3rego s\u0142u\u017cby p\u0142aci\u0142y za zakup Pegasusa\u201d \u2013 zauwa\u017cy\u0142 Kaczy\u0144ski.<\/p>\n<p>Doda\u0142, \u017ce dodatkowym motywem dzia\u0142a\u0144 prokuratury jest zemsta.<\/p>\n<p>&#8222;Wszystko, co jest obecnie zarzucane ministrowi Ziobrze musia\u0142oby ko\u0144czy\u0107 si\u0119 bardzo wysokim wyrokiem, wieloletnim wyrokiem &#8211; tyle \u017ce z prawnego punktu widzenia jest to po prostu bzdura i nonsens. Ale dzi\u015b w Polsce, jak wiemy, prawo nie obowi\u0105zuje&#8221; &#8211; podsumowa\u0142 Jaros\u0142aw Kaczy\u0144ski.<\/p>\n<\/div>\n<\/div>\n","protected":false},"excerpt":{"rendered":"<p>\u201eWszystko, co jest obecnie zarzucane ministrowi Ziobrze musia\u0142oby ko\u0144czy\u0107 si\u0119 bardzo wysokim wyrokiem, wieloletnim wyrokiem, tyle \u017ce z prawnego punktu<\/p>\n","protected":false},"author":1,"featured_media":9910,"comment_status":"open","ping_status":"open","sticky":false,"template":"","format":"standard","meta":{"footnotes":""},"categories":[4748],"tags":[8564,2766,3857,96,10831,11426,2224,11425,11424],"class_list":["post-9909","post","type-post","status-publish","format-standard","has-post-thumbnail","hentry","category-aktualne","tag-bzdury","tag-kaczynski","tag-prawnego","tag-prostu","tag-punktu","tag-widzenia","tag-wobec","tag-zarzutach","tag-ziobry","generate-columns","tablet-grid-50","mobile-grid-100","grid-parent","grid-50","resize-featured-image"],"yoast_head":"<!-- This site is optimized with the Yoast SEO plugin v23.2 - https:\/\/yoast.com\/wordpress\/plugins\/seo\/ -->\n<title>Kaczy\u0144ski o zarzutach wobec Ziobry: \u201eZ prawnego punktu widzenia to po prostu bzdury i bzdury\u201d - POGOTOWIE FLAGOWE\u00ae<\/title>\n<meta name=\"robots\" content=\"index, follow, max-snippet:-1, max-image-preview:large, max-video-preview:-1\" \/>\n<link rel=\"canonical\" href=\"https:\/\/www.pogotowieflagowe.pl\/aktualne\/kaczynski-o-zarzutach-wobec-ziobry-z-prawnego-punktu-widzenia-to-po-prostu-bzdury-i-bzdury\/\" \/>\n<meta property=\"og:locale\" content=\"pl_PL\" \/>\n<meta property=\"og:type\" content=\"article\" \/>\n<meta property=\"og:title\" content=\"Kaczy\u0144ski o zarzutach wobec Ziobry: \u201eZ prawnego punktu widzenia to po prostu bzdury i bzdury\u201d - POGOTOWIE FLAGOWE\u00ae\" \/>\n<meta property=\"og:description\" content=\"\u201eWszystko, co jest obecnie zarzucane ministrowi Ziobrze musia\u0142oby ko\u0144czy\u0107 si\u0119 bardzo wysokim wyrokiem, wieloletnim wyrokiem, tyle \u017ce z prawnego punktu\" \/>\n<meta property=\"og:url\" content=\"https:\/\/www.pogotowieflagowe.pl\/aktualne\/kaczynski-o-zarzutach-wobec-ziobry-z-prawnego-punktu-widzenia-to-po-prostu-bzdury-i-bzdury\/\" \/>\n<meta property=\"og:site_name\" content=\"POGOTOWIE FLAGOWE\u00ae\" \/>\n<meta property=\"article:published_time\" content=\"2025-10-28T20:13:59+00:00\" \/>\n<meta property=\"article:modified_time\" content=\"2025-10-28T20:14:00+00:00\" \/>\n<meta property=\"og:image\" content=\"https:\/\/www.pogotowieflagowe.pl\/aktualne\/wp-content\/uploads\/2025\/10\/Kaczynski-o-zarzutach-wobec-Ziobry-\u201eZ-prawnego-punktu-widzenia-to.webp.webp\" \/>\n\t<meta property=\"og:image:width\" content=\"1280\" \/>\n\t<meta property=\"og:image:height\" content=\"720\" \/>\n\t<meta property=\"og:image:type\" content=\"image\/webp\" \/>\n<meta name=\"author\" content=\"Filip\" \/>\n<meta name=\"twitter:card\" content=\"summary_large_image\" \/>\n<meta name=\"twitter:label1\" content=\"Napisane przez\" \/>\n\t<meta name=\"twitter:data1\" content=\"Filip\" \/>\n\t<meta name=\"twitter:label2\" content=\"Szacowany czas czytania\" \/>\n\t<meta name=\"twitter:data2\" content=\"2 minuty\" \/>\n<script type=\"application\/ld+json\" class=\"yoast-schema-graph\">{\"@context\":\"https:\/\/schema.org\",\"@graph\":[{\"@type\":\"Article\",\"@id\":\"https:\/\/www.pogotowieflagowe.pl\/aktualne\/kaczynski-o-zarzutach-wobec-ziobry-z-prawnego-punktu-widzenia-to-po-prostu-bzdury-i-bzdury\/#article\",\"isPartOf\":{\"@id\":\"https:\/\/www.pogotowieflagowe.pl\/aktualne\/kaczynski-o-zarzutach-wobec-ziobry-z-prawnego-punktu-widzenia-to-po-prostu-bzdury-i-bzdury\/\"},\"author\":{\"name\":\"Filip\",\"@id\":\"https:\/\/www.pogotowieflagowe.pl\/aktualne\/#\/schema\/person\/9c2fb7d2362ebf6fa088960d7f0d27b0\"},\"headline\":\"Kaczy\u0144ski o zarzutach wobec Ziobry: \u201eZ prawnego punktu widzenia to po prostu bzdury i bzdury\u201d\",\"datePublished\":\"2025-10-28T20:13:59+00:00\",\"dateModified\":\"2025-10-28T20:14:00+00:00\",\"mainEntityOfPage\":{\"@id\":\"https:\/\/www.pogotowieflagowe.pl\/aktualne\/kaczynski-o-zarzutach-wobec-ziobry-z-prawnego-punktu-widzenia-to-po-prostu-bzdury-i-bzdury\/\"},\"wordCount\":463,\"commentCount\":0,\"publisher\":{\"@id\":\"https:\/\/www.pogotowieflagowe.pl\/aktualne\/#organization\"},\"image\":{\"@id\":\"https:\/\/www.pogotowieflagowe.pl\/aktualne\/kaczynski-o-zarzutach-wobec-ziobry-z-prawnego-punktu-widzenia-to-po-prostu-bzdury-i-bzdury\/#primaryimage\"},\"thumbnailUrl\":\"https:\/\/www.pogotowieflagowe.pl\/aktualne\/wp-content\/uploads\/2025\/10\/Kaczynski-o-zarzutach-wobec-Ziobry-\u201eZ-prawnego-punktu-widzenia-to.webp.webp\",\"keywords\":[\"bzdury\",\"Kaczy\u0144ski\",\"prawnego\",\"prostu\",\"punktu\",\"widzenia\",\"wobec\",\"zarzutach\",\"Ziobry\"],\"articleSection\":[\"Aktualne\"],\"inLanguage\":\"pl-PL\",\"potentialAction\":[{\"@type\":\"CommentAction\",\"name\":\"Comment\",\"target\":[\"https:\/\/www.pogotowieflagowe.pl\/aktualne\/kaczynski-o-zarzutach-wobec-ziobry-z-prawnego-punktu-widzenia-to-po-prostu-bzdury-i-bzdury\/#respond\"]}]},{\"@type\":\"WebPage\",\"@id\":\"https:\/\/www.pogotowieflagowe.pl\/aktualne\/kaczynski-o-zarzutach-wobec-ziobry-z-prawnego-punktu-widzenia-to-po-prostu-bzdury-i-bzdury\/\",\"url\":\"https:\/\/www.pogotowieflagowe.pl\/aktualne\/kaczynski-o-zarzutach-wobec-ziobry-z-prawnego-punktu-widzenia-to-po-prostu-bzdury-i-bzdury\/\",\"name\":\"Kaczy\u0144ski o zarzutach wobec Ziobry: \u201eZ prawnego punktu widzenia to po prostu bzdury i bzdury\u201d - POGOTOWIE FLAGOWE\u00ae\",\"isPartOf\":{\"@id\":\"https:\/\/www.pogotowieflagowe.pl\/aktualne\/#website\"},\"primaryImageOfPage\":{\"@id\":\"https:\/\/www.pogotowieflagowe.pl\/aktualne\/kaczynski-o-zarzutach-wobec-ziobry-z-prawnego-punktu-widzenia-to-po-prostu-bzdury-i-bzdury\/#primaryimage\"},\"image\":{\"@id\":\"https:\/\/www.pogotowieflagowe.pl\/aktualne\/kaczynski-o-zarzutach-wobec-ziobry-z-prawnego-punktu-widzenia-to-po-prostu-bzdury-i-bzdury\/#primaryimage\"},\"thumbnailUrl\":\"https:\/\/www.pogotowieflagowe.pl\/aktualne\/wp-content\/uploads\/2025\/10\/Kaczynski-o-zarzutach-wobec-Ziobry-\u201eZ-prawnego-punktu-widzenia-to.webp.webp\",\"datePublished\":\"2025-10-28T20:13:59+00:00\",\"dateModified\":\"2025-10-28T20:14:00+00:00\",\"breadcrumb\":{\"@id\":\"https:\/\/www.pogotowieflagowe.pl\/aktualne\/kaczynski-o-zarzutach-wobec-ziobry-z-prawnego-punktu-widzenia-to-po-prostu-bzdury-i-bzdury\/#breadcrumb\"},\"inLanguage\":\"pl-PL\",\"potentialAction\":[{\"@type\":\"ReadAction\",\"target\":[\"https:\/\/www.pogotowieflagowe.pl\/aktualne\/kaczynski-o-zarzutach-wobec-ziobry-z-prawnego-punktu-widzenia-to-po-prostu-bzdury-i-bzdury\/\"]}]},{\"@type\":\"ImageObject\",\"inLanguage\":\"pl-PL\",\"@id\":\"https:\/\/www.pogotowieflagowe.pl\/aktualne\/kaczynski-o-zarzutach-wobec-ziobry-z-prawnego-punktu-widzenia-to-po-prostu-bzdury-i-bzdury\/#primaryimage\",\"url\":\"https:\/\/www.pogotowieflagowe.pl\/aktualne\/wp-content\/uploads\/2025\/10\/Kaczynski-o-zarzutach-wobec-Ziobry-\u201eZ-prawnego-punktu-widzenia-to.webp.webp\",\"contentUrl\":\"https:\/\/www.pogotowieflagowe.pl\/aktualne\/wp-content\/uploads\/2025\/10\/Kaczynski-o-zarzutach-wobec-Ziobry-\u201eZ-prawnego-punktu-widzenia-to.webp.webp\",\"width\":1280,\"height\":720,\"caption\":\"Kaczy\u0144ski o zarzutach wobec Ziobry: \u201eZ prawnego punktu widzenia to po prostu bzdury i bzdury\u201d\"},{\"@type\":\"BreadcrumbList\",\"@id\":\"https:\/\/www.pogotowieflagowe.pl\/aktualne\/kaczynski-o-zarzutach-wobec-ziobry-z-prawnego-punktu-widzenia-to-po-prostu-bzdury-i-bzdury\/#breadcrumb\",\"itemListElement\":[{\"@type\":\"ListItem\",\"position\":1,\"name\":\"Home\",\"item\":\"https:\/\/www.pogotowieflagowe.pl\/aktualne\/\"},{\"@type\":\"ListItem\",\"position\":2,\"name\":\"Kaczy\u0144ski o zarzutach wobec Ziobry: \u201eZ prawnego punktu widzenia to po prostu bzdury i bzdury\u201d\"}]},{\"@type\":\"WebSite\",\"@id\":\"https:\/\/www.pogotowieflagowe.pl\/aktualne\/#website\",\"url\":\"https:\/\/www.pogotowieflagowe.pl\/aktualne\/\",\"name\":\"POGOTOWIE FLAGOWE\u00ae\",\"description\":\"\",\"publisher\":{\"@id\":\"https:\/\/www.pogotowieflagowe.pl\/aktualne\/#organization\"},\"potentialAction\":[{\"@type\":\"SearchAction\",\"target\":{\"@type\":\"EntryPoint\",\"urlTemplate\":\"https:\/\/www.pogotowieflagowe.pl\/aktualne\/?s={search_term_string}\"},\"query-input\":\"required name=search_term_string\"}],\"inLanguage\":\"pl-PL\"},{\"@type\":\"Organization\",\"@id\":\"https:\/\/www.pogotowieflagowe.pl\/aktualne\/#organization\",\"name\":\"POGOTOWIE FLAGOWE\u00ae\",\"url\":\"https:\/\/www.pogotowieflagowe.pl\/aktualne\/\",\"logo\":{\"@type\":\"ImageObject\",\"inLanguage\":\"pl-PL\",\"@id\":\"https:\/\/www.pogotowieflagowe.pl\/aktualne\/#\/schema\/logo\/image\/\",\"url\":\"https:\/\/www.pogotowieflagowe.pl\/aktualne\/wp-content\/uploads\/2024\/08\/cropped-pogotowieflagowe_flaga_projekt_sm.jpg\",\"contentUrl\":\"https:\/\/www.pogotowieflagowe.pl\/aktualne\/wp-content\/uploads\/2024\/08\/cropped-pogotowieflagowe_flaga_projekt_sm.jpg\",\"width\":250,\"height\":143,\"caption\":\"POGOTOWIE FLAGOWE\u00ae\"},\"image\":{\"@id\":\"https:\/\/www.pogotowieflagowe.pl\/aktualne\/#\/schema\/logo\/image\/\"}},{\"@type\":\"Person\",\"@id\":\"https:\/\/www.pogotowieflagowe.pl\/aktualne\/#\/schema\/person\/9c2fb7d2362ebf6fa088960d7f0d27b0\",\"name\":\"Filip\",\"image\":{\"@type\":\"ImageObject\",\"inLanguage\":\"pl-PL\",\"@id\":\"https:\/\/www.pogotowieflagowe.pl\/aktualne\/#\/schema\/person\/image\/\",\"url\":\"https:\/\/www.pogotowieflagowe.pl\/aktualne\/wp-content\/uploads\/2024\/08\/pogotowieflagowe.pl_.jpg\",\"contentUrl\":\"https:\/\/www.pogotowieflagowe.pl\/aktualne\/wp-content\/uploads\/2024\/08\/pogotowieflagowe.pl_.jpg\",\"caption\":\"Filip\"},\"description\":\"Jestem Filip, polski dziennikarz z dyplomem nauk politycznych Uniwersytetu Warszawskiego. Rozpoczynaj\u0105c swoj\u0105 karier\u0119 w r\u00f3\u017cnych lokalnych mediach, zdoby\u0142em solidne do\u015bwiadczenie w zakresie \u015bledztwa i redakcji. Obecnie jako redaktor w Pogotowie flagowe, staram si\u0119 dostarcza\u0107 dog\u0142\u0119bne i istotne analizy na temat najwa\u017cniejszych kwestii aktualno\u015bci, \u0142\u0105cz\u0105c rygor z pasj\u0105 dziennikarsk\u0105.\",\"sameAs\":[\"https:\/\/www.pogotowieflagowe.pl\/\"]}]}<\/script>\n<!-- \/ Yoast SEO plugin. -->","yoast_head_json":{"title":"Kaczy\u0144ski o zarzutach wobec Ziobry: \u201eZ prawnego punktu widzenia to po prostu bzdury i bzdury\u201d - POGOTOWIE FLAGOWE\u00ae","robots":{"index":"index","follow":"follow","max-snippet":"max-snippet:-1","max-image-preview":"max-image-preview:large","max-video-preview":"max-video-preview:-1"},"canonical":"https:\/\/www.pogotowieflagowe.pl\/aktualne\/kaczynski-o-zarzutach-wobec-ziobry-z-prawnego-punktu-widzenia-to-po-prostu-bzdury-i-bzdury\/","og_locale":"pl_PL","og_type":"article","og_title":"Kaczy\u0144ski o zarzutach wobec Ziobry: \u201eZ prawnego punktu widzenia to po prostu bzdury i bzdury\u201d - POGOTOWIE FLAGOWE\u00ae","og_description":"\u201eWszystko, co jest obecnie zarzucane ministrowi Ziobrze musia\u0142oby ko\u0144czy\u0107 si\u0119 bardzo wysokim wyrokiem, wieloletnim wyrokiem, tyle \u017ce z prawnego punktu","og_url":"https:\/\/www.pogotowieflagowe.pl\/aktualne\/kaczynski-o-zarzutach-wobec-ziobry-z-prawnego-punktu-widzenia-to-po-prostu-bzdury-i-bzdury\/","og_site_name":"POGOTOWIE FLAGOWE\u00ae","article_published_time":"2025-10-28T20:13:59+00:00","article_modified_time":"2025-10-28T20:14:00+00:00","og_image":[{"width":1280,"height":720,"url":"https:\/\/www.pogotowieflagowe.pl\/aktualne\/wp-content\/uploads\/2025\/10\/Kaczynski-o-zarzutach-wobec-Ziobry-\u201eZ-prawnego-punktu-widzenia-to.webp.webp","type":"image\/webp"}],"author":"Filip","twitter_card":"summary_large_image","twitter_misc":{"Napisane przez":"Filip","Szacowany czas czytania":"2 minuty"},"schema":{"@context":"https:\/\/schema.org","@graph":[{"@type":"Article","@id":"https:\/\/www.pogotowieflagowe.pl\/aktualne\/kaczynski-o-zarzutach-wobec-ziobry-z-prawnego-punktu-widzenia-to-po-prostu-bzdury-i-bzdury\/#article","isPartOf":{"@id":"https:\/\/www.pogotowieflagowe.pl\/aktualne\/kaczynski-o-zarzutach-wobec-ziobry-z-prawnego-punktu-widzenia-to-po-prostu-bzdury-i-bzdury\/"},"author":{"name":"Filip","@id":"https:\/\/www.pogotowieflagowe.pl\/aktualne\/#\/schema\/person\/9c2fb7d2362ebf6fa088960d7f0d27b0"},"headline":"Kaczy\u0144ski o zarzutach wobec Ziobry: \u201eZ prawnego punktu widzenia to po prostu bzdury i bzdury\u201d","datePublished":"2025-10-28T20:13:59+00:00","dateModified":"2025-10-28T20:14:00+00:00","mainEntityOfPage":{"@id":"https:\/\/www.pogotowieflagowe.pl\/aktualne\/kaczynski-o-zarzutach-wobec-ziobry-z-prawnego-punktu-widzenia-to-po-prostu-bzdury-i-bzdury\/"},"wordCount":463,"commentCount":0,"publisher":{"@id":"https:\/\/www.pogotowieflagowe.pl\/aktualne\/#organization"},"image":{"@id":"https:\/\/www.pogotowieflagowe.pl\/aktualne\/kaczynski-o-zarzutach-wobec-ziobry-z-prawnego-punktu-widzenia-to-po-prostu-bzdury-i-bzdury\/#primaryimage"},"thumbnailUrl":"https:\/\/www.pogotowieflagowe.pl\/aktualne\/wp-content\/uploads\/2025\/10\/Kaczynski-o-zarzutach-wobec-Ziobry-\u201eZ-prawnego-punktu-widzenia-to.webp.webp","keywords":["bzdury","Kaczy\u0144ski","prawnego","prostu","punktu","widzenia","wobec","zarzutach","Ziobry"],"articleSection":["Aktualne"],"inLanguage":"pl-PL","potentialAction":[{"@type":"CommentAction","name":"Comment","target":["https:\/\/www.pogotowieflagowe.pl\/aktualne\/kaczynski-o-zarzutach-wobec-ziobry-z-prawnego-punktu-widzenia-to-po-prostu-bzdury-i-bzdury\/#respond"]}]},{"@type":"WebPage","@id":"https:\/\/www.pogotowieflagowe.pl\/aktualne\/kaczynski-o-zarzutach-wobec-ziobry-z-prawnego-punktu-widzenia-to-po-prostu-bzdury-i-bzdury\/","url":"https:\/\/www.pogotowieflagowe.pl\/aktualne\/kaczynski-o-zarzutach-wobec-ziobry-z-prawnego-punktu-widzenia-to-po-prostu-bzdury-i-bzdury\/","name":"Kaczy\u0144ski o zarzutach wobec Ziobry: \u201eZ prawnego punktu widzenia to po prostu bzdury i bzdury\u201d - POGOTOWIE FLAGOWE\u00ae","isPartOf":{"@id":"https:\/\/www.pogotowieflagowe.pl\/aktualne\/#website"},"primaryImageOfPage":{"@id":"https:\/\/www.pogotowieflagowe.pl\/aktualne\/kaczynski-o-zarzutach-wobec-ziobry-z-prawnego-punktu-widzenia-to-po-prostu-bzdury-i-bzdury\/#primaryimage"},"image":{"@id":"https:\/\/www.pogotowieflagowe.pl\/aktualne\/kaczynski-o-zarzutach-wobec-ziobry-z-prawnego-punktu-widzenia-to-po-prostu-bzdury-i-bzdury\/#primaryimage"},"thumbnailUrl":"https:\/\/www.pogotowieflagowe.pl\/aktualne\/wp-content\/uploads\/2025\/10\/Kaczynski-o-zarzutach-wobec-Ziobry-\u201eZ-prawnego-punktu-widzenia-to.webp.webp","datePublished":"2025-10-28T20:13:59+00:00","dateModified":"2025-10-28T20:14:00+00:00","breadcrumb":{"@id":"https:\/\/www.pogotowieflagowe.pl\/aktualne\/kaczynski-o-zarzutach-wobec-ziobry-z-prawnego-punktu-widzenia-to-po-prostu-bzdury-i-bzdury\/#breadcrumb"},"inLanguage":"pl-PL","potentialAction":[{"@type":"ReadAction","target":["https:\/\/www.pogotowieflagowe.pl\/aktualne\/kaczynski-o-zarzutach-wobec-ziobry-z-prawnego-punktu-widzenia-to-po-prostu-bzdury-i-bzdury\/"]}]},{"@type":"ImageObject","inLanguage":"pl-PL","@id":"https:\/\/www.pogotowieflagowe.pl\/aktualne\/kaczynski-o-zarzutach-wobec-ziobry-z-prawnego-punktu-widzenia-to-po-prostu-bzdury-i-bzdury\/#primaryimage","url":"https:\/\/www.pogotowieflagowe.pl\/aktualne\/wp-content\/uploads\/2025\/10\/Kaczynski-o-zarzutach-wobec-Ziobry-\u201eZ-prawnego-punktu-widzenia-to.webp.webp","contentUrl":"https:\/\/www.pogotowieflagowe.pl\/aktualne\/wp-content\/uploads\/2025\/10\/Kaczynski-o-zarzutach-wobec-Ziobry-\u201eZ-prawnego-punktu-widzenia-to.webp.webp","width":1280,"height":720,"caption":"Kaczy\u0144ski o zarzutach wobec Ziobry: \u201eZ prawnego punktu widzenia to po prostu bzdury i bzdury\u201d"},{"@type":"BreadcrumbList","@id":"https:\/\/www.pogotowieflagowe.pl\/aktualne\/kaczynski-o-zarzutach-wobec-ziobry-z-prawnego-punktu-widzenia-to-po-prostu-bzdury-i-bzdury\/#breadcrumb","itemListElement":[{"@type":"ListItem","position":1,"name":"Home","item":"https:\/\/www.pogotowieflagowe.pl\/aktualne\/"},{"@type":"ListItem","position":2,"name":"Kaczy\u0144ski o zarzutach wobec Ziobry: \u201eZ prawnego punktu widzenia to po prostu bzdury i bzdury\u201d"}]},{"@type":"WebSite","@id":"https:\/\/www.pogotowieflagowe.pl\/aktualne\/#website","url":"https:\/\/www.pogotowieflagowe.pl\/aktualne\/","name":"POGOTOWIE FLAGOWE\u00ae","description":"","publisher":{"@id":"https:\/\/www.pogotowieflagowe.pl\/aktualne\/#organization"},"potentialAction":[{"@type":"SearchAction","target":{"@type":"EntryPoint","urlTemplate":"https:\/\/www.pogotowieflagowe.pl\/aktualne\/?s={search_term_string}"},"query-input":"required name=search_term_string"}],"inLanguage":"pl-PL"},{"@type":"Organization","@id":"https:\/\/www.pogotowieflagowe.pl\/aktualne\/#organization","name":"POGOTOWIE FLAGOWE\u00ae","url":"https:\/\/www.pogotowieflagowe.pl\/aktualne\/","logo":{"@type":"ImageObject","inLanguage":"pl-PL","@id":"https:\/\/www.pogotowieflagowe.pl\/aktualne\/#\/schema\/logo\/image\/","url":"https:\/\/www.pogotowieflagowe.pl\/aktualne\/wp-content\/uploads\/2024\/08\/cropped-pogotowieflagowe_flaga_projekt_sm.jpg","contentUrl":"https:\/\/www.pogotowieflagowe.pl\/aktualne\/wp-content\/uploads\/2024\/08\/cropped-pogotowieflagowe_flaga_projekt_sm.jpg","width":250,"height":143,"caption":"POGOTOWIE FLAGOWE\u00ae"},"image":{"@id":"https:\/\/www.pogotowieflagowe.pl\/aktualne\/#\/schema\/logo\/image\/"}},{"@type":"Person","@id":"https:\/\/www.pogotowieflagowe.pl\/aktualne\/#\/schema\/person\/9c2fb7d2362ebf6fa088960d7f0d27b0","name":"Filip","image":{"@type":"ImageObject","inLanguage":"pl-PL","@id":"https:\/\/www.pogotowieflagowe.pl\/aktualne\/#\/schema\/person\/image\/","url":"https:\/\/www.pogotowieflagowe.pl\/aktualne\/wp-content\/uploads\/2024\/08\/pogotowieflagowe.pl_.jpg","contentUrl":"https:\/\/www.pogotowieflagowe.pl\/aktualne\/wp-content\/uploads\/2024\/08\/pogotowieflagowe.pl_.jpg","caption":"Filip"},"description":"Jestem Filip, polski dziennikarz z dyplomem nauk politycznych Uniwersytetu Warszawskiego. Rozpoczynaj\u0105c swoj\u0105 karier\u0119 w r\u00f3\u017cnych lokalnych mediach, zdoby\u0142em solidne do\u015bwiadczenie w zakresie \u015bledztwa i redakcji. Obecnie jako redaktor w Pogotowie flagowe, staram si\u0119 dostarcza\u0107 dog\u0142\u0119bne i istotne analizy na temat najwa\u017cniejszych kwestii aktualno\u015bci, \u0142\u0105cz\u0105c rygor z pasj\u0105 dziennikarsk\u0105.","sameAs":["https:\/\/www.pogotowieflagowe.pl\/"]}]}},"_links":{"self":[{"href":"https:\/\/www.pogotowieflagowe.pl\/aktualne\/wp-json\/wp\/v2\/posts\/9909","targetHints":{"allow":["GET"]}}],"collection":[{"href":"https:\/\/www.pogotowieflagowe.pl\/aktualne\/wp-json\/wp\/v2\/posts"}],"about":[{"href":"https:\/\/www.pogotowieflagowe.pl\/aktualne\/wp-json\/wp\/v2\/types\/post"}],"author":[{"embeddable":true,"href":"https:\/\/www.pogotowieflagowe.pl\/aktualne\/wp-json\/wp\/v2\/users\/1"}],"replies":[{"embeddable":true,"href":"https:\/\/www.pogotowieflagowe.pl\/aktualne\/wp-json\/wp\/v2\/comments?post=9909"}],"version-history":[{"count":1,"href":"https:\/\/www.pogotowieflagowe.pl\/aktualne\/wp-json\/wp\/v2\/posts\/9909\/revisions"}],"predecessor-version":[{"id":9911,"href":"https:\/\/www.pogotowieflagowe.pl\/aktualne\/wp-json\/wp\/v2\/posts\/9909\/revisions\/9911"}],"wp:featuredmedia":[{"embeddable":true,"href":"https:\/\/www.pogotowieflagowe.pl\/aktualne\/wp-json\/wp\/v2\/media\/9910"}],"wp:attachment":[{"href":"https:\/\/www.pogotowieflagowe.pl\/aktualne\/wp-json\/wp\/v2\/media?parent=9909"}],"wp:term":[{"taxonomy":"category","embeddable":true,"href":"https:\/\/www.pogotowieflagowe.pl\/aktualne\/wp-json\/wp\/v2\/categories?post=9909"},{"taxonomy":"post_tag","embeddable":true,"href":"https:\/\/www.pogotowieflagowe.pl\/aktualne\/wp-json\/wp\/v2\/tags?post=9909"}],"curies":[{"name":"wp","href":"https:\/\/api.w.org\/{rel}","templated":true}]}}