{"id":9915,"date":"2025-10-28T22:17:37","date_gmt":"2025-10-28T21:17:37","guid":{"rendered":"https:\/\/www.pogotowieflagowe.pl\/aktualne\/skandal-wokol-sprzedazy-gruntow-dla-cpk-co-wiemy-na-razie-raport-niezalezna-pl\/"},"modified":"2025-10-28T22:17:40","modified_gmt":"2025-10-28T21:17:40","slug":"skandal-wokol-sprzedazy-gruntow-dla-cpk-co-wiemy-na-razie-raport-niezalezna-pl","status":"publish","type":"post","link":"https:\/\/www.pogotowieflagowe.pl\/aktualne\/skandal-wokol-sprzedazy-gruntow-dla-cpk-co-wiemy-na-razie-raport-niezalezna-pl\/","title":{"rendered":"Skandal wok\u00f3\u0142 sprzeda\u017cy grunt\u00f3w dla CPK. Co wiemy na razie (RAPORT Niezale\u017cna.pl)"},"content":{"rendered":"\n<div class=\"td_block_wrap tdb_single_content tdi_41 td-pb-border-top td_block_template_8 td-post-content tagdiv-type\" data-td-block-uid=\"tdi_41\">\n<style>.tdi_41{margines-top:0px!important;margin-bottom:0px!important;dope\u0142nienie-g\u00f3ra:0px!important;dope\u0142nienie-d\u00f3\u0142:0px!important}<\/style>\n<style>.tdb_single_content{margin-bottom:0;*zoom:1}.tdb_single_content:before,.tdb_single_content:after{display:table;content:'';line-height:0}.tdb_single_content:after{clear:both}.tdb_single_content .tdb-block-inner>*:not(.wp-block-quote):not(.alignwide):not(.alignfull.wp-block-cover.has-parallax):not(.td-a-ad){margin-left:auto;margin-right:auto}.tdb_single_content a{pointer-events:auto}.tdb_single_content .td-spot-id-top_ad .tdc-placeholder-title:before{content:'Article Top Ad'!important}.tdb_single_content .td-spot-id-inline_ad0 .tdc-placeholder-title:before{content:'Article Reklama wbudowana 1'!important}.tdb_single_content .td-spot-id-inline_ad1 .tdc-placeholder-title:before{content:'Reklama wbudowana w artyku\u0142 2'!important}.tdb_single_content .td-spot-id-inline_ad2 .tdc-placeholder-title:before{content:'Reklama w tek\u015bcie artyku\u0142u 3'!important}.tdb_single_content .td-spot-id-bottom_ad .tdc-placeholder-title:before{content:'Article Bottom Ad'!important}.tdb_single_content .id_top_ad,.tdb_single_content .id_bottom_ad{clear:both;margin-bottom:21px;text-align:center}.tdb_single_content .id_top_ad img,.tdb_single_content .id_bottom_ad img{margin-bottom:0}.tdb_single_content .id_top_ad .adsbygoogle,.tdb_single_content .id_bottom_ad .adsbygoogle{position:relative}.tdb_single_content .id_ad_content-horiz-left,.tdb_single_content .id_ad_content-horiz-right,.tdb_single_content .id_ad_content-horiz-center{margin-bottom:15px}.tdb_single_content .id_ad_content-horiz-left img,.tdb_single_content .id_ad_content-horiz-right img,.tdb_single_content .id_ad_content-horiz-center img{margin-bottom:0}.tdb_single_content .id_ad_content-horiz-center{text-align:center}.tdb_single_content .id_ad_content-horiz-center img{margin-right:auto;margin-left:auto}.tdb_single_content .id_ad_content-horiz-left{float:left;margin-top:9px;margin-right:21px}.tdb_single_content .id_ad_content-horiz-right{float:right;margin-top:6px;margin-left:21px}.tdb_single_content .tdc-a-ad .tdc-placeholder-title{width:300px;height:250px}.tdb_single_content .tdc-a-ad .tdc-placeholder-title:before{position:absolute;top:50%;-webkit-transform:translateY(-50%);transform:translateY(-50%);margin:auto;display:table;width:100%}.tdb_single_content .tdb-block-inner.td-fix-index{word-break:break-word}.tdi_41,.tdi_41>p,.tdi_41 .tdb-block-inner>p,.wp-block-column>p{font-size:16px!important;line-height:1.6!important}.tdi_41 .tdb-block-inner cytat blokowy p{font-style:normal!important}@media (max-width:767px){.tdb_single_content .id_ad_content-horiz-left,.tdb_single_content .id_ad_content-horiz-right,.tdb_single_content .id_ad_content-horiz-center{margin:0 auto 26 pikseli auto}}@media (max-width:767px){.tdb_single_content .id_ad_content-horiz-left{margin-right:0}}@media (max-width:767px){.tdb_single_content .id_ad_content-horiz-right{margin-left:0}}@media (max-width:767px){.tdb_single_content .td-a-ad{float:none;text-align:center}.tdb_single_content .td-a-ad img{margin-right:auto;margin-left:auto}.tdb_single_content .tdc-a-ad{float:none}}<\/style>\n<div class=\"tdb-block-inner td-fix-index\">\n<p>Informacja o sprzeda\u017cy gruntu przeznaczonego pod budow\u0119 ul <em>Centralny Port Komunikacyjny<\/em> (<em>CPK<\/em>) zszokowa\u0142o opini\u0119 publiczn\u0105. <em>Prawo i Sprawiedliwo\u015b\u0107<\/em> (<em>PiS<\/em>) przewodnicz\u0105cy Jaros\u0142aw Kaczy\u0144ski zawiesi\u0142 by\u0142ego ministra i wiceministra rolnictwa w cz\u0142onkostwie w partii. Politycy partii twierdz\u0105, \u017ce kupuj\u0105cy ziemi\u0119 popar\u0142 <em>Koalicja Obywatelska<\/em> inicjatywy. Cho\u0107 w\u0142adze wiedzia\u0142y o sprawie ju\u017c od jakiego\u015b czasu, dopiero wczoraj wszcz\u0119to \u015bledztwo. Oto opis krok po kroku tego, co wiadomo do tej pory.<\/p>\n<p>Wed\u0142ug <em>wp.pl<\/em>tu\u017c przed <em>Zjednoczona Prawica<\/em> opu\u015bci\u0142 sw\u00f3j urz\u0105d Ministerstwo Rolnictwa pod przewodnictwem Roberta Telusa wyrazi\u0142o zgod\u0119 na sprzeda\u017c dzia\u0142ki wiceprezesowi sp\u00f3\u0142ki Dawtona za 22,8 mln z\u0142. Warto\u015b\u0107 grunt\u00f3w szacowana jest na nawet 400 mln z\u0142. 160-hektarowa dzia\u0142ka po\u0142o\u017cona we wsi Zab\u0142otnia na Mazowszu le\u017cy na planowanej trasie linii Kolei Du\u017cej Pr\u0119dko\u015bci do CPK. Od 2008 roku grunty s\u0105 dzier\u017cawione przez Dawtona Sp. z oo, przedsi\u0119biorstwo przetw\u00f3rstwa rolno-spo\u017cywczego. W 2021 r. <em>Wody Polskie<\/em> wskaza\u0142o, \u017ce przez teren przebiega naturalny ciek wodny, co mo\u017ce ogranicza\u0107 obr\u00f3t nieruchomo\u015bciami. W 2023 r <em>Krajowy O\u015brodek Wsparcia Rolnictwa<\/em> (<em>KOWR<\/em>) podobno udzieli\u0142 zgody na sprzeda\u017c. Umowa kupna o warto\u015bci 22,8 mln z\u0142 zosta\u0142a podpisana 1 grudnia 2023 roku, a kupuj\u0105cym zosta\u0142 Piotr Wielgomas, wiceprezes Dawtony. P\u00f3\u017aniej sp\u00f3\u0142ka CPK zwr\u00f3ci\u0142a si\u0119 do KOWR o odkupienie dzia\u0142ki, lecz kupuj\u0105cy nie wyrazi\u0142 na to zgody.<\/p>\n<h2 class=\"wp-block-heading\"><strong>Powolny pocz\u0105tek \u015bledztwa<\/strong><\/h2>\n<p>Pe\u0142nomocnik rz\u0105du ds. CPK Maciej Lasek poinformowa\u0142, \u017ce w lipcu 2025 r. wp\u0142yn\u0119\u0142o zawiadomienie do prokuratury i \u017ce post\u0119powanie jest w toku. <em>Niezale\u017cna.pl<\/em> zweryfikowa\u0142a t\u0119 informacj\u0119 i ustali\u0142a, \u017ce \u200b\u200braport faktycznie zosta\u0142 z\u0142o\u017cony 18 wrze\u015bnia br. Poinformowa\u0142 o tym prokurator Piotr Skiba, rzecznik warszawskiej Prokuratury <em>sprawa zosta\u0142a zarejestrowana (nadano jej numer) dopiero 8 pa\u017adziernika, a \u015bledztwo wszcz\u0119to wczoraj.<\/em> W zesz\u0142ym tygodniu prezes CPK zosta\u0142 ponownie przes\u0142uchany przez policj\u0119. Po publikacji, <em>Niezale\u017cna.pl<\/em> otrzyma\u0142 sprostowanie od CPK wyja\u015bniaj\u0105ce, \u017ce raport zosta\u0142 z\u0142o\u017cony w dniu 30 lipca 2025 r. o godz. <em>Prokuratura Krajowa<\/em> przy ul. Post\u0119pu 3. Z dost\u0119pnych informacji wynika, \u017ce \u200b\u200bLasek z\u0142o\u017cy\u0142 tam raport prawdopodobnie 30 lipca, a <em>Prokuratura Krajowa<\/em> przeni\u00f3s\u0142 go do <em>Prokuratura Rejonowa<\/em> ponad p\u00f3\u0142tora miesi\u0105ca p\u00f3\u017aniej, gdzie zosta\u0142a zarejestrowana dopiero 8 pa\u017adziernika.<\/p>\n<p>Dopiero wczoraj (27 pa\u017adziernika) Prokuratura Okr\u0119gowa w Warszawie poinformowa\u0142a o wszcz\u0119ciu \u015bledztwa ws. <em>\u201edzia\u0142ania maj\u0105ce na celu osi\u0105gni\u0119cie korzy\u015bci maj\u0105tkowej oraz nadu\u017cycie w\u0142adzy przez funkcjonariuszy publicznych \u2013 pracownik\u00f3w Krajowego O\u015brodka Wsparcia Rolnictwa Oddzia\u0142 Okr\u0119gowy w Warszawie \u2013 polegaj\u0105ce na naruszeniu ustawy o zarz\u0105dzaniu maj\u0105tkiem pa\u0144stwowym oraz ustawy o Centralnym Porcie Komunikacyjnym, kt\u00f3re doprowadzi\u0142y do \u200b\u200bsprzeda\u017cy nieruchomo\u015bci stanowi\u0105cych dawny maj\u0105tek Zab\u0142otni wskazanej osobie prywatnej zamiast przekazania jej Centralnemu Portowi Komunikacyjnemu Sp. z oo, tym samym na szkod\u0119 interesu publicznego.\u201d<\/em><\/p>\n<p>Wczoraj dalej <em>TVN24<\/em>\u2013 powiedzia\u0142 Prokurator Generalny Waldemar \u017burek: <strong>\u201eProkuratura musi przeprowadzi\u0107 dochodzenie i zada\u0107 sobie pytanie, czy w przypadku zakupu grunt\u00f3w wyst\u0105pi\u0142y jakiekolwiek oznaki korupcji\u201d.<\/strong><\/p>\n<h2 class=\"wp-block-heading\"><strong>Negocjacje, zewn\u0119trzna kancelaria prawna, brak prawa odkupu<\/strong><\/h2>\n<p>Co ciekawe, sp\u00f3\u0142ka CPK poinformowa\u0142a, \u017ce \u200b\u200bju\u017c wcze\u015bniej pr\u00f3bowa\u0142a odzyska\u0107 teren w drodze negocjacji. Przedstawiciele rz\u0105du argumentuj\u0105, \u017ce sp\u00f3\u0142ka by\u0142a \u015bwiadoma tej sprawy i prowadzi\u0142a dochodzenie w tej sprawie od chwili obj\u0119cia urz\u0119du przez nowy zarz\u0105d. Tak powiedzia\u0142 Maciej Lasek <strong>\u201emateria\u0142y zosta\u0142y przekazane zewn\u0119trznej kancelarii prawnej w celu oceny, czy stanowi\u0105 podstaw\u0119 do zg\u0142oszenia podejrzenia pope\u0142nienia przest\u0119pstwa\u201d.<\/strong> Dopiero p\u00f3\u017aniej poinformowano prokuratur\u0119.<\/p>\n<p>KOWR wyda\u0142 w tej sprawie o\u015bwiadczenie, w kt\u00f3rym wyja\u015bni\u0142, \u017ce podpisana przez poprzedni zarz\u0105d umowa sprzeda\u017cy gruntu nie zawiera\u0142a klauzuli wykupu. <em>&#8222;Od marca 2010 roku KOWR (dawniej ANR) nie ma prawa odkupu na mocy obowi\u0105zuj\u0105cych przepis\u00f3w (orzeczenie Trybuna\u0142u Konstytucyjnego K 8\/08, opublikowano). Umowa sprzeda\u017cy zawarta przez poprzedni zarz\u0105d KOWR za zgod\u0105 Ministra Rolnictwa i Rozwoju Wsi w dniu 1 grudnia 2023 roku nie zawiera zapis\u00f3w, kt\u00f3re obecnie pozwala\u0142yby na umowny odkup. W sierpniu 2025 roku KOWR zwr\u00f3ci\u0142 si\u0119 do kupuj\u0105cego z pro\u015bb\u0105 o odsprzeda\u0107 nieruchomo\u015b\u0107 w celu przekazania jej na rzecz CPK. Do dnia dzisiejszego nie uzyskano zgody\u201d \u2013 doda\u0142.<\/em> czytamy w o\u015bwiadczeniu.<\/p>\n<h2 class=\"wp-block-heading\"><strong>\u201eNie mia\u0142em o tym wiedzy\u201d<\/strong><\/h2>\n<p>Decyzj\u0105 prezesa PiS Jaros\u0142awa Kaczy\u0144skiego do czasu wyja\u015bnienia sprawy zawieszono w cz\u0142onkostwie w partii by\u0142ego ministra rolnictwa Roberta Telusa i by\u0142ego wiceministra Rafa\u0142a Romanowskiego. Robert Telus o\u015bwiadczy\u0142, \u017ce nie mia\u0142 wiedzy na temat sprzeda\u017cy grunt\u00f3w i \u017ce od dawna sprzeciwia\u0142 si\u0119 sprzeda\u017cy grunt\u00f3w b\u0119d\u0105cych w\u0142asno\u015bci\u0105 pa\u0144stwa. Twierdzi\u0142, \u017ce sprawa ma charakter ataku politycznego zwi\u0105zanego z jego sprzeciwem wobec porozumienia Mercosur. M\u00f3wi\u0142 o tym tak\u017ce w TV Republika, m\u00f3wi\u0105c: <strong>&#8222;Jako minister nie wiedzia\u0142em, \u017ce taka dzia\u0142ka jest sprzedawana. Znacie mnie dobrze \u2013 gdybym wiedzia\u0142, by\u0142bym przeciwny sprzeda\u017cy. Popieram ochron\u0119 polskiej ziemi&#8221;<\/strong> powiedzia\u0142 Robert Telus w TV Republika. Prowadz\u0105cy Micha\u0142 Jelonek zauwa\u017cy\u0142, \u017ce temat Mercosuru to osobna sprawa. Naciskany dalej Telus powiedzia\u0142, \u017ce spraw\u0105 zajmowa\u0142 si\u0119 wiceminister Romanowski.<\/p>\n<p>Pose\u0142 Romanowski odni\u00f3s\u0142 si\u0119 do tej kwestii na X, pisz\u0105c: <strong>&#8222;Jestem w pe\u0142ni gotowy do wsp\u00f3\u0142pracy ze wszystkimi w\u0142a\u015bciwymi instytucjami prowadz\u0105cymi \u015bledztwo. Zale\u017cy mi na jak najszybszym wyja\u015bnieniu wszelkich w\u0105tpliwo\u015bci.&#8221;<\/strong><\/p>\n<h2 class=\"wp-block-heading\"><strong>Pytania bez odpowiedzi<\/strong><\/h2>\n<p>By\u0142y pe\u0142nomocnik rz\u0105du ds. CPK Marcin Hora\u0142a zwr\u00f3ci\u0142 uwag\u0119 na kilka aspekt\u00f3w sprawy, podkre\u015blaj\u0105c, \u017ce pod rz\u0105dami PiS CPK sk\u0142ada\u0142a wnioski o zablokowanie sprzeda\u017cy dzia\u0142ki. To te\u017c zauwa\u017cy\u0142 <strong>\u201eg\u0142\u00f3wnym beneficjentem w tym przypadku jest sponsor Campus Polska, kt\u00f3ry w ostatniej kampanii wspiera\u0142 Rafa\u0142a Trzaskowskiego.\u201d<\/strong> <\/p>\n<figure class=\"wp-block-embed is-type-rich is-provider-twitter wp-block-embed-twitter\">\n<div class=\"wp-block-embed__wrapper\">\n<blockquote class=\"twitter-tweet\" data-width=\"550\" data-dnt=\"true\">\n<p lang=\"pl\" dir=\"ltr\">Aspekty sprawy, kt\u00f3re rozwa\u017caj\u0105 umykaj\u0105 (a s\u0105 w tek\u015bcie): <\/p>\n<p>1\ufe0f\u20e3 CPK za naszym rz\u0105dem ataku si\u0119, sk\u0142adaj\u0105c konsekwencje, uniemo\u017cliwiaj\u0105c zablokowanie ataku.<\/p>\n<p>2\ufe0f\u20e3 opcjonalnie dzia\u0142ka zosta\u0142a sprzedana, chocia\u017c nie jest dost\u0119pna i us\u0142uga sprawdzania, kto dok\u0142adnie za\u2026 https:\/\/t.co\/m6EEV8Wgfn<\/p>\n<p>\u2014 Marcin Hora\u0142a (@mhorala) <a rel=\"nofollow\" href=\"https:\/\/twitter.com\/mhorala\/status\/1982729077455806858?ref_src=twsrc%5Etfw\">27 pa\u017adziernika 2025 r<\/a><\/p><\/blockquote>\n<\/div>\n<\/figure>\n<p>O\u015bwiadczenie w tej sprawie wyda\u0142 tak\u017ce rzecznik PiS Rafa\u0142 Bochenek.<\/p>\n<figure class=\"wp-block-embed is-type-rich is-provider-twitter wp-block-embed-twitter\">\n<div class=\"wp-block-embed__wrapper\">\n<blockquote class=\"twitter-tweet\" data-width=\"550\" data-dnt=\"true\">\n<p lang=\"pl\" dir=\"ltr\">W zwi\u0105zku z medialnymi doniesieniami poni\u017cej przes\u0142ania raportu. <a rel=\"nofollow\" href=\"https:\/\/t.co\/Ym1Svq8Sne\">pic.twitter.com\/Ym1Svq8Sne<\/a><\/p>\n<p>\u2014 Rafa\u0142 Bochenek (@RafalBochenek) <a rel=\"nofollow\" href=\"https:\/\/twitter.com\/RafalBochenek\/status\/1982803121228116244?ref_src=twsrc%5Etfw\">27 pa\u017adziernika 2025 r<\/a><\/p><\/blockquote>\n<\/div>\n<\/figure>\n<h2 class=\"wp-block-heading\">Kilka kluczowych pyta\u0144 pozostaje bez odpowiedzi:<\/h2>\n<ul class=\"wp-block-list\">\n<li>Czy Robert Telus naprawd\u0119 nie wiedzia\u0142 o sprzeda\u017cy? <\/li>\n<li>Czy jest mo\u017cliwe, \u017ce minister nie zosta\u0142by poinformowany o tak istotnej transakcji? <\/li>\n<li>Czy KOWR dzia\u0142a\u0142 zgodnie z prawem? <\/li>\n<li>Kto dok\u0142adnie zdecydowa\u0142 o sprzeda\u017cy? <\/li>\n<li>Jakie by\u0142y warunki umowy? <\/li>\n<li>Dlaczego ziemi\u0119 sprzedano tu\u017c przed zmian\u0105 rz\u0105du? <\/li>\n<li>Dlaczego sprzedano go za jedyne 22,8 mln z\u0142? I w jaki spos\u00f3b kupuj\u0105cy wspiera\u0142 <em>Koalicja Obywatelska<\/em> inicjatywy?<\/li>\n<\/ul>\n<\/div>\n<\/div>\n<p><script async src=\"https:\/\/platform.twitter.com\/widgets.js\" charset=\"utf-8\"><\/script><\/p>\n","protected":false},"excerpt":{"rendered":"<p>Informacja o sprzeda\u017cy gruntu przeznaczonego pod budow\u0119 ul Centralny Port Komunikacyjny (CPK) zszokowa\u0142o opini\u0119 publiczn\u0105. Prawo i Sprawiedliwo\u015b\u0107 (PiS) przewodnicz\u0105cy<\/p>\n","protected":false},"author":1,"featured_media":9916,"comment_status":"open","ping_status":"open","sticky":false,"template":"","format":"standard","meta":{"footnotes":""},"categories":[4748],"tags":[2225,131,11380,4020,1812,10763,2358,2533,5633,639],"class_list":["post-9915","post","type-post","status-publish","format-standard","has-post-thumbnail","hentry","category-aktualne","tag-cpk","tag-dla","tag-gruntow","tag-niezalezna-pl","tag-raport","tag-razie","tag-skandal","tag-sprzedazy","tag-wiemy","tag-wokol","generate-columns","tablet-grid-50","mobile-grid-100","grid-parent","grid-50","resize-featured-image"],"yoast_head":"<!-- This site is optimized with the Yoast SEO plugin v23.2 - https:\/\/yoast.com\/wordpress\/plugins\/seo\/ -->\n<title>Skandal wok\u00f3\u0142 sprzeda\u017cy grunt\u00f3w dla CPK. Co wiemy na razie (RAPORT Niezale\u017cna.pl) - POGOTOWIE FLAGOWE\u00ae<\/title>\n<meta name=\"robots\" content=\"index, follow, max-snippet:-1, max-image-preview:large, max-video-preview:-1\" \/>\n<link rel=\"canonical\" href=\"https:\/\/www.pogotowieflagowe.pl\/aktualne\/skandal-wokol-sprzedazy-gruntow-dla-cpk-co-wiemy-na-razie-raport-niezalezna-pl\/\" \/>\n<meta property=\"og:locale\" content=\"pl_PL\" \/>\n<meta property=\"og:type\" content=\"article\" \/>\n<meta property=\"og:title\" content=\"Skandal wok\u00f3\u0142 sprzeda\u017cy grunt\u00f3w dla CPK. Co wiemy na razie (RAPORT Niezale\u017cna.pl) - POGOTOWIE FLAGOWE\u00ae\" \/>\n<meta property=\"og:description\" content=\"Informacja o sprzeda\u017cy gruntu przeznaczonego pod budow\u0119 ul Centralny Port Komunikacyjny (CPK) zszokowa\u0142o opini\u0119 publiczn\u0105. Prawo i Sprawiedliwo\u015b\u0107 (PiS) przewodnicz\u0105cy\" \/>\n<meta property=\"og:url\" content=\"https:\/\/www.pogotowieflagowe.pl\/aktualne\/skandal-wokol-sprzedazy-gruntow-dla-cpk-co-wiemy-na-razie-raport-niezalezna-pl\/\" \/>\n<meta property=\"og:site_name\" content=\"POGOTOWIE FLAGOWE\u00ae\" \/>\n<meta property=\"article:published_time\" content=\"2025-10-28T21:17:37+00:00\" \/>\n<meta property=\"article:modified_time\" content=\"2025-10-28T21:17:40+00:00\" \/>\n<meta property=\"og:image\" content=\"https:\/\/www.pogotowieflagowe.pl\/aktualne\/wp-content\/uploads\/2025\/10\/Skandal-wokol-sprzedazy-gruntow-dla-CPK-Co-wiemy-na-razie.webp.webp\" \/>\n\t<meta property=\"og:image:width\" content=\"1280\" \/>\n\t<meta property=\"og:image:height\" content=\"719\" \/>\n\t<meta property=\"og:image:type\" content=\"image\/webp\" \/>\n<meta name=\"author\" content=\"Filip\" \/>\n<meta name=\"twitter:card\" content=\"summary_large_image\" \/>\n<meta name=\"twitter:label1\" content=\"Napisane przez\" \/>\n\t<meta name=\"twitter:data1\" content=\"Filip\" \/>\n\t<meta name=\"twitter:label2\" content=\"Szacowany czas czytania\" \/>\n\t<meta name=\"twitter:data2\" content=\"6 minut\" \/>\n<script type=\"application\/ld+json\" class=\"yoast-schema-graph\">{\"@context\":\"https:\/\/schema.org\",\"@graph\":[{\"@type\":\"Article\",\"@id\":\"https:\/\/www.pogotowieflagowe.pl\/aktualne\/skandal-wokol-sprzedazy-gruntow-dla-cpk-co-wiemy-na-razie-raport-niezalezna-pl\/#article\",\"isPartOf\":{\"@id\":\"https:\/\/www.pogotowieflagowe.pl\/aktualne\/skandal-wokol-sprzedazy-gruntow-dla-cpk-co-wiemy-na-razie-raport-niezalezna-pl\/\"},\"author\":{\"name\":\"Filip\",\"@id\":\"https:\/\/www.pogotowieflagowe.pl\/aktualne\/#\/schema\/person\/9c2fb7d2362ebf6fa088960d7f0d27b0\"},\"headline\":\"Skandal wok\u00f3\u0142 sprzeda\u017cy grunt\u00f3w dla CPK. Co wiemy na razie (RAPORT Niezale\u017cna.pl)\",\"datePublished\":\"2025-10-28T21:17:37+00:00\",\"dateModified\":\"2025-10-28T21:17:40+00:00\",\"mainEntityOfPage\":{\"@id\":\"https:\/\/www.pogotowieflagowe.pl\/aktualne\/skandal-wokol-sprzedazy-gruntow-dla-cpk-co-wiemy-na-razie-raport-niezalezna-pl\/\"},\"wordCount\":1164,\"commentCount\":0,\"publisher\":{\"@id\":\"https:\/\/www.pogotowieflagowe.pl\/aktualne\/#organization\"},\"image\":{\"@id\":\"https:\/\/www.pogotowieflagowe.pl\/aktualne\/skandal-wokol-sprzedazy-gruntow-dla-cpk-co-wiemy-na-razie-raport-niezalezna-pl\/#primaryimage\"},\"thumbnailUrl\":\"https:\/\/www.pogotowieflagowe.pl\/aktualne\/wp-content\/uploads\/2025\/10\/Skandal-wokol-sprzedazy-gruntow-dla-CPK-Co-wiemy-na-razie.webp.webp\",\"keywords\":[\"CPK\",\"dla\",\"grunt\u00f3w\",\"Niezalezna.pl\",\"raport\",\"razie\",\"skandal\",\"sprzeda\u017cy\",\"Wiemy\",\"wok\u00f3\u0142\"],\"articleSection\":[\"Aktualne\"],\"inLanguage\":\"pl-PL\",\"potentialAction\":[{\"@type\":\"CommentAction\",\"name\":\"Comment\",\"target\":[\"https:\/\/www.pogotowieflagowe.pl\/aktualne\/skandal-wokol-sprzedazy-gruntow-dla-cpk-co-wiemy-na-razie-raport-niezalezna-pl\/#respond\"]}]},{\"@type\":\"WebPage\",\"@id\":\"https:\/\/www.pogotowieflagowe.pl\/aktualne\/skandal-wokol-sprzedazy-gruntow-dla-cpk-co-wiemy-na-razie-raport-niezalezna-pl\/\",\"url\":\"https:\/\/www.pogotowieflagowe.pl\/aktualne\/skandal-wokol-sprzedazy-gruntow-dla-cpk-co-wiemy-na-razie-raport-niezalezna-pl\/\",\"name\":\"Skandal wok\u00f3\u0142 sprzeda\u017cy grunt\u00f3w dla CPK. Co wiemy na razie (RAPORT Niezale\u017cna.pl) - POGOTOWIE FLAGOWE\u00ae\",\"isPartOf\":{\"@id\":\"https:\/\/www.pogotowieflagowe.pl\/aktualne\/#website\"},\"primaryImageOfPage\":{\"@id\":\"https:\/\/www.pogotowieflagowe.pl\/aktualne\/skandal-wokol-sprzedazy-gruntow-dla-cpk-co-wiemy-na-razie-raport-niezalezna-pl\/#primaryimage\"},\"image\":{\"@id\":\"https:\/\/www.pogotowieflagowe.pl\/aktualne\/skandal-wokol-sprzedazy-gruntow-dla-cpk-co-wiemy-na-razie-raport-niezalezna-pl\/#primaryimage\"},\"thumbnailUrl\":\"https:\/\/www.pogotowieflagowe.pl\/aktualne\/wp-content\/uploads\/2025\/10\/Skandal-wokol-sprzedazy-gruntow-dla-CPK-Co-wiemy-na-razie.webp.webp\",\"datePublished\":\"2025-10-28T21:17:37+00:00\",\"dateModified\":\"2025-10-28T21:17:40+00:00\",\"breadcrumb\":{\"@id\":\"https:\/\/www.pogotowieflagowe.pl\/aktualne\/skandal-wokol-sprzedazy-gruntow-dla-cpk-co-wiemy-na-razie-raport-niezalezna-pl\/#breadcrumb\"},\"inLanguage\":\"pl-PL\",\"potentialAction\":[{\"@type\":\"ReadAction\",\"target\":[\"https:\/\/www.pogotowieflagowe.pl\/aktualne\/skandal-wokol-sprzedazy-gruntow-dla-cpk-co-wiemy-na-razie-raport-niezalezna-pl\/\"]}]},{\"@type\":\"ImageObject\",\"inLanguage\":\"pl-PL\",\"@id\":\"https:\/\/www.pogotowieflagowe.pl\/aktualne\/skandal-wokol-sprzedazy-gruntow-dla-cpk-co-wiemy-na-razie-raport-niezalezna-pl\/#primaryimage\",\"url\":\"https:\/\/www.pogotowieflagowe.pl\/aktualne\/wp-content\/uploads\/2025\/10\/Skandal-wokol-sprzedazy-gruntow-dla-CPK-Co-wiemy-na-razie.webp.webp\",\"contentUrl\":\"https:\/\/www.pogotowieflagowe.pl\/aktualne\/wp-content\/uploads\/2025\/10\/Skandal-wokol-sprzedazy-gruntow-dla-CPK-Co-wiemy-na-razie.webp.webp\",\"width\":1280,\"height\":719,\"caption\":\"Skandal wok\u00f3\u0142 sprzeda\u017cy grunt\u00f3w dla CPK. Co wiemy na razie (RAPORT Niezale\u017cna.pl)\"},{\"@type\":\"BreadcrumbList\",\"@id\":\"https:\/\/www.pogotowieflagowe.pl\/aktualne\/skandal-wokol-sprzedazy-gruntow-dla-cpk-co-wiemy-na-razie-raport-niezalezna-pl\/#breadcrumb\",\"itemListElement\":[{\"@type\":\"ListItem\",\"position\":1,\"name\":\"Home\",\"item\":\"https:\/\/www.pogotowieflagowe.pl\/aktualne\/\"},{\"@type\":\"ListItem\",\"position\":2,\"name\":\"Skandal wok\u00f3\u0142 sprzeda\u017cy grunt\u00f3w dla CPK. Co wiemy na razie (RAPORT Niezale\u017cna.pl)\"}]},{\"@type\":\"WebSite\",\"@id\":\"https:\/\/www.pogotowieflagowe.pl\/aktualne\/#website\",\"url\":\"https:\/\/www.pogotowieflagowe.pl\/aktualne\/\",\"name\":\"POGOTOWIE FLAGOWE\u00ae\",\"description\":\"\",\"publisher\":{\"@id\":\"https:\/\/www.pogotowieflagowe.pl\/aktualne\/#organization\"},\"potentialAction\":[{\"@type\":\"SearchAction\",\"target\":{\"@type\":\"EntryPoint\",\"urlTemplate\":\"https:\/\/www.pogotowieflagowe.pl\/aktualne\/?s={search_term_string}\"},\"query-input\":\"required name=search_term_string\"}],\"inLanguage\":\"pl-PL\"},{\"@type\":\"Organization\",\"@id\":\"https:\/\/www.pogotowieflagowe.pl\/aktualne\/#organization\",\"name\":\"POGOTOWIE FLAGOWE\u00ae\",\"url\":\"https:\/\/www.pogotowieflagowe.pl\/aktualne\/\",\"logo\":{\"@type\":\"ImageObject\",\"inLanguage\":\"pl-PL\",\"@id\":\"https:\/\/www.pogotowieflagowe.pl\/aktualne\/#\/schema\/logo\/image\/\",\"url\":\"https:\/\/www.pogotowieflagowe.pl\/aktualne\/wp-content\/uploads\/2024\/08\/cropped-pogotowieflagowe_flaga_projekt_sm.jpg\",\"contentUrl\":\"https:\/\/www.pogotowieflagowe.pl\/aktualne\/wp-content\/uploads\/2024\/08\/cropped-pogotowieflagowe_flaga_projekt_sm.jpg\",\"width\":250,\"height\":143,\"caption\":\"POGOTOWIE FLAGOWE\u00ae\"},\"image\":{\"@id\":\"https:\/\/www.pogotowieflagowe.pl\/aktualne\/#\/schema\/logo\/image\/\"}},{\"@type\":\"Person\",\"@id\":\"https:\/\/www.pogotowieflagowe.pl\/aktualne\/#\/schema\/person\/9c2fb7d2362ebf6fa088960d7f0d27b0\",\"name\":\"Filip\",\"image\":{\"@type\":\"ImageObject\",\"inLanguage\":\"pl-PL\",\"@id\":\"https:\/\/www.pogotowieflagowe.pl\/aktualne\/#\/schema\/person\/image\/\",\"url\":\"https:\/\/www.pogotowieflagowe.pl\/aktualne\/wp-content\/uploads\/2024\/08\/pogotowieflagowe.pl_.jpg\",\"contentUrl\":\"https:\/\/www.pogotowieflagowe.pl\/aktualne\/wp-content\/uploads\/2024\/08\/pogotowieflagowe.pl_.jpg\",\"caption\":\"Filip\"},\"description\":\"Jestem Filip, polski dziennikarz z dyplomem nauk politycznych Uniwersytetu Warszawskiego. Rozpoczynaj\u0105c swoj\u0105 karier\u0119 w r\u00f3\u017cnych lokalnych mediach, zdoby\u0142em solidne do\u015bwiadczenie w zakresie \u015bledztwa i redakcji. Obecnie jako redaktor w Pogotowie flagowe, staram si\u0119 dostarcza\u0107 dog\u0142\u0119bne i istotne analizy na temat najwa\u017cniejszych kwestii aktualno\u015bci, \u0142\u0105cz\u0105c rygor z pasj\u0105 dziennikarsk\u0105.\",\"sameAs\":[\"https:\/\/www.pogotowieflagowe.pl\/\"]}]}<\/script>\n<!-- \/ Yoast SEO plugin. -->","yoast_head_json":{"title":"Skandal wok\u00f3\u0142 sprzeda\u017cy grunt\u00f3w dla CPK. Co wiemy na razie (RAPORT Niezale\u017cna.pl) - POGOTOWIE FLAGOWE\u00ae","robots":{"index":"index","follow":"follow","max-snippet":"max-snippet:-1","max-image-preview":"max-image-preview:large","max-video-preview":"max-video-preview:-1"},"canonical":"https:\/\/www.pogotowieflagowe.pl\/aktualne\/skandal-wokol-sprzedazy-gruntow-dla-cpk-co-wiemy-na-razie-raport-niezalezna-pl\/","og_locale":"pl_PL","og_type":"article","og_title":"Skandal wok\u00f3\u0142 sprzeda\u017cy grunt\u00f3w dla CPK. Co wiemy na razie (RAPORT Niezale\u017cna.pl) - POGOTOWIE FLAGOWE\u00ae","og_description":"Informacja o sprzeda\u017cy gruntu przeznaczonego pod budow\u0119 ul Centralny Port Komunikacyjny (CPK) zszokowa\u0142o opini\u0119 publiczn\u0105. Prawo i Sprawiedliwo\u015b\u0107 (PiS) przewodnicz\u0105cy","og_url":"https:\/\/www.pogotowieflagowe.pl\/aktualne\/skandal-wokol-sprzedazy-gruntow-dla-cpk-co-wiemy-na-razie-raport-niezalezna-pl\/","og_site_name":"POGOTOWIE FLAGOWE\u00ae","article_published_time":"2025-10-28T21:17:37+00:00","article_modified_time":"2025-10-28T21:17:40+00:00","og_image":[{"width":1280,"height":719,"url":"https:\/\/www.pogotowieflagowe.pl\/aktualne\/wp-content\/uploads\/2025\/10\/Skandal-wokol-sprzedazy-gruntow-dla-CPK-Co-wiemy-na-razie.webp.webp","type":"image\/webp"}],"author":"Filip","twitter_card":"summary_large_image","twitter_misc":{"Napisane przez":"Filip","Szacowany czas czytania":"6 minut"},"schema":{"@context":"https:\/\/schema.org","@graph":[{"@type":"Article","@id":"https:\/\/www.pogotowieflagowe.pl\/aktualne\/skandal-wokol-sprzedazy-gruntow-dla-cpk-co-wiemy-na-razie-raport-niezalezna-pl\/#article","isPartOf":{"@id":"https:\/\/www.pogotowieflagowe.pl\/aktualne\/skandal-wokol-sprzedazy-gruntow-dla-cpk-co-wiemy-na-razie-raport-niezalezna-pl\/"},"author":{"name":"Filip","@id":"https:\/\/www.pogotowieflagowe.pl\/aktualne\/#\/schema\/person\/9c2fb7d2362ebf6fa088960d7f0d27b0"},"headline":"Skandal wok\u00f3\u0142 sprzeda\u017cy grunt\u00f3w dla CPK. Co wiemy na razie (RAPORT Niezale\u017cna.pl)","datePublished":"2025-10-28T21:17:37+00:00","dateModified":"2025-10-28T21:17:40+00:00","mainEntityOfPage":{"@id":"https:\/\/www.pogotowieflagowe.pl\/aktualne\/skandal-wokol-sprzedazy-gruntow-dla-cpk-co-wiemy-na-razie-raport-niezalezna-pl\/"},"wordCount":1164,"commentCount":0,"publisher":{"@id":"https:\/\/www.pogotowieflagowe.pl\/aktualne\/#organization"},"image":{"@id":"https:\/\/www.pogotowieflagowe.pl\/aktualne\/skandal-wokol-sprzedazy-gruntow-dla-cpk-co-wiemy-na-razie-raport-niezalezna-pl\/#primaryimage"},"thumbnailUrl":"https:\/\/www.pogotowieflagowe.pl\/aktualne\/wp-content\/uploads\/2025\/10\/Skandal-wokol-sprzedazy-gruntow-dla-CPK-Co-wiemy-na-razie.webp.webp","keywords":["CPK","dla","grunt\u00f3w","Niezalezna.pl","raport","razie","skandal","sprzeda\u017cy","Wiemy","wok\u00f3\u0142"],"articleSection":["Aktualne"],"inLanguage":"pl-PL","potentialAction":[{"@type":"CommentAction","name":"Comment","target":["https:\/\/www.pogotowieflagowe.pl\/aktualne\/skandal-wokol-sprzedazy-gruntow-dla-cpk-co-wiemy-na-razie-raport-niezalezna-pl\/#respond"]}]},{"@type":"WebPage","@id":"https:\/\/www.pogotowieflagowe.pl\/aktualne\/skandal-wokol-sprzedazy-gruntow-dla-cpk-co-wiemy-na-razie-raport-niezalezna-pl\/","url":"https:\/\/www.pogotowieflagowe.pl\/aktualne\/skandal-wokol-sprzedazy-gruntow-dla-cpk-co-wiemy-na-razie-raport-niezalezna-pl\/","name":"Skandal wok\u00f3\u0142 sprzeda\u017cy grunt\u00f3w dla CPK. Co wiemy na razie (RAPORT Niezale\u017cna.pl) - POGOTOWIE FLAGOWE\u00ae","isPartOf":{"@id":"https:\/\/www.pogotowieflagowe.pl\/aktualne\/#website"},"primaryImageOfPage":{"@id":"https:\/\/www.pogotowieflagowe.pl\/aktualne\/skandal-wokol-sprzedazy-gruntow-dla-cpk-co-wiemy-na-razie-raport-niezalezna-pl\/#primaryimage"},"image":{"@id":"https:\/\/www.pogotowieflagowe.pl\/aktualne\/skandal-wokol-sprzedazy-gruntow-dla-cpk-co-wiemy-na-razie-raport-niezalezna-pl\/#primaryimage"},"thumbnailUrl":"https:\/\/www.pogotowieflagowe.pl\/aktualne\/wp-content\/uploads\/2025\/10\/Skandal-wokol-sprzedazy-gruntow-dla-CPK-Co-wiemy-na-razie.webp.webp","datePublished":"2025-10-28T21:17:37+00:00","dateModified":"2025-10-28T21:17:40+00:00","breadcrumb":{"@id":"https:\/\/www.pogotowieflagowe.pl\/aktualne\/skandal-wokol-sprzedazy-gruntow-dla-cpk-co-wiemy-na-razie-raport-niezalezna-pl\/#breadcrumb"},"inLanguage":"pl-PL","potentialAction":[{"@type":"ReadAction","target":["https:\/\/www.pogotowieflagowe.pl\/aktualne\/skandal-wokol-sprzedazy-gruntow-dla-cpk-co-wiemy-na-razie-raport-niezalezna-pl\/"]}]},{"@type":"ImageObject","inLanguage":"pl-PL","@id":"https:\/\/www.pogotowieflagowe.pl\/aktualne\/skandal-wokol-sprzedazy-gruntow-dla-cpk-co-wiemy-na-razie-raport-niezalezna-pl\/#primaryimage","url":"https:\/\/www.pogotowieflagowe.pl\/aktualne\/wp-content\/uploads\/2025\/10\/Skandal-wokol-sprzedazy-gruntow-dla-CPK-Co-wiemy-na-razie.webp.webp","contentUrl":"https:\/\/www.pogotowieflagowe.pl\/aktualne\/wp-content\/uploads\/2025\/10\/Skandal-wokol-sprzedazy-gruntow-dla-CPK-Co-wiemy-na-razie.webp.webp","width":1280,"height":719,"caption":"Skandal wok\u00f3\u0142 sprzeda\u017cy grunt\u00f3w dla CPK. Co wiemy na razie (RAPORT Niezale\u017cna.pl)"},{"@type":"BreadcrumbList","@id":"https:\/\/www.pogotowieflagowe.pl\/aktualne\/skandal-wokol-sprzedazy-gruntow-dla-cpk-co-wiemy-na-razie-raport-niezalezna-pl\/#breadcrumb","itemListElement":[{"@type":"ListItem","position":1,"name":"Home","item":"https:\/\/www.pogotowieflagowe.pl\/aktualne\/"},{"@type":"ListItem","position":2,"name":"Skandal wok\u00f3\u0142 sprzeda\u017cy grunt\u00f3w dla CPK. Co wiemy na razie (RAPORT Niezale\u017cna.pl)"}]},{"@type":"WebSite","@id":"https:\/\/www.pogotowieflagowe.pl\/aktualne\/#website","url":"https:\/\/www.pogotowieflagowe.pl\/aktualne\/","name":"POGOTOWIE FLAGOWE\u00ae","description":"","publisher":{"@id":"https:\/\/www.pogotowieflagowe.pl\/aktualne\/#organization"},"potentialAction":[{"@type":"SearchAction","target":{"@type":"EntryPoint","urlTemplate":"https:\/\/www.pogotowieflagowe.pl\/aktualne\/?s={search_term_string}"},"query-input":"required name=search_term_string"}],"inLanguage":"pl-PL"},{"@type":"Organization","@id":"https:\/\/www.pogotowieflagowe.pl\/aktualne\/#organization","name":"POGOTOWIE FLAGOWE\u00ae","url":"https:\/\/www.pogotowieflagowe.pl\/aktualne\/","logo":{"@type":"ImageObject","inLanguage":"pl-PL","@id":"https:\/\/www.pogotowieflagowe.pl\/aktualne\/#\/schema\/logo\/image\/","url":"https:\/\/www.pogotowieflagowe.pl\/aktualne\/wp-content\/uploads\/2024\/08\/cropped-pogotowieflagowe_flaga_projekt_sm.jpg","contentUrl":"https:\/\/www.pogotowieflagowe.pl\/aktualne\/wp-content\/uploads\/2024\/08\/cropped-pogotowieflagowe_flaga_projekt_sm.jpg","width":250,"height":143,"caption":"POGOTOWIE FLAGOWE\u00ae"},"image":{"@id":"https:\/\/www.pogotowieflagowe.pl\/aktualne\/#\/schema\/logo\/image\/"}},{"@type":"Person","@id":"https:\/\/www.pogotowieflagowe.pl\/aktualne\/#\/schema\/person\/9c2fb7d2362ebf6fa088960d7f0d27b0","name":"Filip","image":{"@type":"ImageObject","inLanguage":"pl-PL","@id":"https:\/\/www.pogotowieflagowe.pl\/aktualne\/#\/schema\/person\/image\/","url":"https:\/\/www.pogotowieflagowe.pl\/aktualne\/wp-content\/uploads\/2024\/08\/pogotowieflagowe.pl_.jpg","contentUrl":"https:\/\/www.pogotowieflagowe.pl\/aktualne\/wp-content\/uploads\/2024\/08\/pogotowieflagowe.pl_.jpg","caption":"Filip"},"description":"Jestem Filip, polski dziennikarz z dyplomem nauk politycznych Uniwersytetu Warszawskiego. Rozpoczynaj\u0105c swoj\u0105 karier\u0119 w r\u00f3\u017cnych lokalnych mediach, zdoby\u0142em solidne do\u015bwiadczenie w zakresie \u015bledztwa i redakcji. Obecnie jako redaktor w Pogotowie flagowe, staram si\u0119 dostarcza\u0107 dog\u0142\u0119bne i istotne analizy na temat najwa\u017cniejszych kwestii aktualno\u015bci, \u0142\u0105cz\u0105c rygor z pasj\u0105 dziennikarsk\u0105.","sameAs":["https:\/\/www.pogotowieflagowe.pl\/"]}]}},"_links":{"self":[{"href":"https:\/\/www.pogotowieflagowe.pl\/aktualne\/wp-json\/wp\/v2\/posts\/9915","targetHints":{"allow":["GET"]}}],"collection":[{"href":"https:\/\/www.pogotowieflagowe.pl\/aktualne\/wp-json\/wp\/v2\/posts"}],"about":[{"href":"https:\/\/www.pogotowieflagowe.pl\/aktualne\/wp-json\/wp\/v2\/types\/post"}],"author":[{"embeddable":true,"href":"https:\/\/www.pogotowieflagowe.pl\/aktualne\/wp-json\/wp\/v2\/users\/1"}],"replies":[{"embeddable":true,"href":"https:\/\/www.pogotowieflagowe.pl\/aktualne\/wp-json\/wp\/v2\/comments?post=9915"}],"version-history":[{"count":1,"href":"https:\/\/www.pogotowieflagowe.pl\/aktualne\/wp-json\/wp\/v2\/posts\/9915\/revisions"}],"predecessor-version":[{"id":9917,"href":"https:\/\/www.pogotowieflagowe.pl\/aktualne\/wp-json\/wp\/v2\/posts\/9915\/revisions\/9917"}],"wp:featuredmedia":[{"embeddable":true,"href":"https:\/\/www.pogotowieflagowe.pl\/aktualne\/wp-json\/wp\/v2\/media\/9916"}],"wp:attachment":[{"href":"https:\/\/www.pogotowieflagowe.pl\/aktualne\/wp-json\/wp\/v2\/media?parent=9915"}],"wp:term":[{"taxonomy":"category","embeddable":true,"href":"https:\/\/www.pogotowieflagowe.pl\/aktualne\/wp-json\/wp\/v2\/categories?post=9915"},{"taxonomy":"post_tag","embeddable":true,"href":"https:\/\/www.pogotowieflagowe.pl\/aktualne\/wp-json\/wp\/v2\/tags?post=9915"}],"curies":[{"name":"wp","href":"https:\/\/api.w.org\/{rel}","templated":true}]}}