{"id":9929,"date":"2025-10-29T14:05:52","date_gmt":"2025-10-29T13:05:52","guid":{"rendered":"https:\/\/www.pogotowieflagowe.pl\/aktualne\/zurek-wzywa-do-aresztowania-ziobry-byla-minister-odpowiada-chodzi-o-tworzenie-falszywych-zarzutow\/"},"modified":"2025-10-29T14:05:53","modified_gmt":"2025-10-29T13:05:53","slug":"zurek-wzywa-do-aresztowania-ziobry-byla-minister-odpowiada-chodzi-o-tworzenie-falszywych-zarzutow","status":"publish","type":"post","link":"https:\/\/www.pogotowieflagowe.pl\/aktualne\/zurek-wzywa-do-aresztowania-ziobry-byla-minister-odpowiada-chodzi-o-tworzenie-falszywych-zarzutow\/","title":{"rendered":"\u017burek wzywa do aresztowania Ziobry. By\u0142a minister odpowiada: Chodzi o tworzenie fa\u0142szywych zarzut\u00f3w"},"content":{"rendered":"\n<div class=\"td_block_wrap tdb_single_content tdi_41 td-pb-border-top td_block_template_8 td-post-content tagdiv-type\" data-td-block-uid=\"tdi_41\">\n<style>.tdi_41{margines-top:0px!important;margin-bottom:0px!important;dope\u0142nienie-g\u00f3ra:0px!important;dope\u0142nienie-d\u00f3\u0142:0px!important}<\/style>\n<style>.tdb_single_content{margin-bottom:0;*zoom:1}.tdb_single_content:before,.tdb_single_content:after{display:table;content:'';line-height:0}.tdb_single_content:after{clear:both}.tdb_single_content .tdb-block-inner>*:not(.wp-block-quote):not(.alignwide):not(.alignfull.wp-block-cover.has-parallax):not(.td-a-ad){margin-left:auto;margin-right:auto}.tdb_single_content a{pointer-events:auto}.tdb_single_content .td-spot-id-top_ad .tdc-placeholder-title:before{content:'Najlepsza reklama artyku\u0142u'!important}.tdb_single_content .td-spot-id-inline_ad0 .tdc-placeholder-title:before{content:'Reklama wbudowana artyku\u0142u 1'!important}.tdb_single_content .td-spot-id-inline_ad1 .tdc-placeholder-title:before{content:'Reklama wbudowana w artyku\u0142 2'!important}.tdb_single_content .td-spot-id-inline_ad2 .tdc-placeholder-title:before{content:'Reklama wbudowana w artyku\u0142 3'!important}.tdb_single_content .td-spot-id-bottom_ad .tdc-placeholder-title:before{content:'Article Bottom Ad'!important}.tdb_single_content .id_top_ad,.tdb_single_content .id_bottom_ad{clear:both;margin-bottom:21px;text-align:center}.tdb_single_content .id_top_ad img,.tdb_single_content .id_bottom_ad img{margin-bottom:0}.tdb_single_content .id_top_ad .adsbygoogle,.tdb_single_content .id_bottom_ad .adsbygoogle{position:relative}.tdb_single_content .id_ad_content-horiz-left,.tdb_single_content .id_ad_content-horiz-right,.tdb_single_content .id_ad_content-horiz-center{margin-bottom:15px}.tdb_single_content .id_ad_content-horiz-left img,.tdb_single_content .id_ad_content-horiz-right img,.tdb_single_content .id_ad_content-horiz-center img{margin-bottom:0}.tdb_single_content .id_ad_content-horiz-center{text-align:center}.tdb_single_content .id_ad_content-horiz-center img{margin-right:auto;margin-left:auto}.tdb_single_content .id_ad_content-horiz-left{float:left;margin-top:9px;margin-right:21px}.tdb_single_content .id_ad_content-horiz-right{float:right;margin-top:6px;margin-left:21px}.tdb_single_content .tdc-a-ad .tdc-placeholder-title{width:300px;height:250px}.tdb_single_content .tdc-a-ad .tdc-placeholder-title:before{position:absolute;top:50%;-webkit-transform:translateY(-50%);transform:translateY(-50%);margin:auto;display:table;width:100%}.tdb_single_content .tdb-block-inner.td-fix-index{word-break:break-word}.tdi_41,.tdi_41>p,.tdi_41 .tdb-block-inner>p,.wp-block-column>p{font-size:16px!important;line-height:1.6!important}.tdi_41 .tdb-block-inner blockquote p{font-style:normal!important}@media (max-width:767px){.tdb_single_content .id_ad_content-horiz-left,.tdb_single_content .id_ad_content-horiz-right,.tdb_single_content .id_ad_content-horiz-center{margin:0 auto 26 pikseli auto}}@media (max-width:767px){.tdb_single_content .id_ad_content-horiz-left{margin-right:0}}@media (max-width:767px){.tdb_single_content .id_ad_content-horiz-right{margin-left:0}}@media (max-width:767px){.tdb_single_content .td-a-ad{float:none;text-align:center}.tdb_single_content .td-a-ad img{margin-right:auto;margin-left:auto}.tdb_single_content .tdc-a-ad{float:none}}<\/style>\n<div class=\"tdb-block-inner td-fix-index\">\n<p><strong>&#8222;My\u015bl\u0119, \u017ce to oddaje ca\u0142\u0105 intencj\u0119 dzia\u0142ania Tuska. Dzia\u0142anie tej przest\u0119pczej bandy, kt\u00f3ra dzisiaj rz\u0105dzi Polsk\u0105. Bandy, kt\u00f3ra z jednej strony m\u015bci si\u0119 za walk\u0119 z prawdziwymi przest\u0119pcami, tymi skorumpowanymi, kt\u00f3rzy t\u0142oczyli si\u0119 wok\u00f3\u0142 Tuska i robili to tak\u017ce wtedy&#8221;<\/strong> \u2013 powiedzia\u0142 na antenie Zbigniew Ziobro, by\u0142y minister sprawiedliwo\u015bci <em>Telewizja Republika<\/em>gdy\u017c prokuratura pod przewodnictwem Waldemara \u017burka podejmuje wobec niego dalsze represje.<\/p>\n<p>We wtorek rzecznik prasowy <em>Biuro Prokuratora Generalnego (PG)<\/em> poinformowa\u0142, \u017ce Waldemar \u017burek, dotychczasowy szef <em>Ministerstwo Sprawiedliwo\u015bci (MS)<\/em> i Prokurator Generalny, z\u0142o\u017cy\u0142 do Marsza\u0142ka Sejmu Szymona Ho\u0142owni wniosek o wyra\u017cenie zgody na poci\u0105gni\u0119cie Ziobry do odpowiedzialno\u015bci karnej oraz na jego zatrzymanie i aresztowanie.<\/p>\n<p>Sprawa dotyczy rzekomych nieprawid\u0142owo\u015bci w wydatkowaniu \u015brodk\u00f3w pochodz\u0105cych z m.in <em>Fundusz Sprawiedliwo\u015bci<\/em>. Wed\u0142ug rzecznika PG Ziobro b\u0119d\u0105c ministrem sprawiedliwo\u015bci za\u0142o\u017cy\u0142 i kierowa\u0142 zorganizowan\u0105 grup\u0105 przest\u0119pcz\u0105, kt\u00f3ra zdefraudowa\u0142a z tego funduszu ponad 150 mln z\u0142.<\/p>\n<p>Co wi\u0119cej, podczas konferencji prasowej pt. <em>Telewizja Republika<\/em> reporter Micha\u0142 Gwardy\u0144ski pyta\u0142 prokuratora Adamiaka, co stanie si\u0119 z przedmiotami zakupionymi za pieni\u0105dze z tzw <em>Fundusz Sprawiedliwo\u015bci<\/em>. W\u015br\u00f3d nich znalaz\u0142y si\u0119 takie sprz\u0119ty, jak naczynia dla stowarzysze\u0144 kobiet wiejskich czy\u2026 wozy stra\u017cackie dla Ochotniczych Stra\u017cy Po\u017carnych (<em>Ochotnicza Stra\u017c Po\u017carna<\/em>OSP).<\/p>\n<p>Nie pad\u0142a jasna odpowied\u017a. Problem w tym, \u017ce nie by\u0142o te\u017c odmowy.<\/p>\n<h2 class=\"wp-block-heading\"><strong>\u201ePolsk\u0105 rz\u0105dzi dzisiaj gang\u201d<\/strong><\/h2>\n<p>Sprawa by\u0142a komentowana <em>Telewizja Republika<\/em> dzisiaj przez g\u0142\u00f3wn\u0105 osob\u0119 zaanga\u017cowan\u0105 \u2013 Zbigniewa Ziobr\u0119.<\/p>\n<figure class=\"wp-block-pullquote\">\n<blockquote>\n<p><strong>&#8222;Dowiedzia\u0142am si\u0119, \u017ce pope\u0142ni\u0142am 26 przest\u0119pstw. A tak skromnie mnie potraktowano &#8211; dlaczego nie 260? Gdyby chcieli by\u0107 hojni, to nie powinni si\u0119 powstrzymywa\u0107. Ale tak na serio, jeden z zarzut\u00f3w, kt\u00f3ry ta prokurator przedstawi\u0142a z ca\u0142\u0105 powag\u0105, m\u00f3wi, \u017ce ukrad\u0142em 14 mln z\u0142 <em>Fundusz Sprawiedliwo\u015bci<\/em> z przeznaczeniem na remont prokuratury. My\u015bl\u0119, \u017ce nawet \u201eSilni Razem\u201d, kt\u00f3rzy p\u0142on\u0105 do mnie nienawi\u015bci\u0105, dostrzegaj\u0105 absurdalno\u015b\u0107 takiego argumentu\u201d<\/strong> \u2013 powiedzia\u0142 w rozmowie z Micha\u0142em Rachoniem.<\/p>\n<\/blockquote>\n<\/figure>\n<p>Jak oceni\u0142, <strong>\u201eTo chyba jedyny przypadek na \u015bwiecie, w kt\u00f3rym zarzuca si\u0119 ministrowi, \u017ce \u015brodki przeznaczone w jego ministerstwie na remont podleg\u0142ego mu budynku oznaczaj\u0105, \u017ce minister osobi\u015bcie przyw\u0142aszczy\u0142 sobie i ukrad\u0142 te pieni\u0105dze\u201d.<\/strong><\/p>\n<figure class=\"wp-block-pullquote\">\n<blockquote>\n<p><strong>&#8222;Chodzi o to, \u017ceby stworzy\u0107 fa\u0142szywe oskar\u017cenia, \u017ceby zrobi\u0107 wra\u017cenie na niedoinformowanych osobach, \u017ce mo\u017ce rzeczywi\u015bcie mam gdzie\u015b na koncie te 150 milion\u00f3w. W tym te 14 milion\u00f3w na remont prokuratury, a mo\u017ce nawet \u015brodki przeznaczone dla stra\u017cy po\u017carnej, na zakup tomograf\u00f3w, sprz\u0119t dla polskich szpitali. To s\u0105 \u015brodki, kt\u00f3re dzi\u015b s\u0142u\u017c\u0105 ludziom w r\u00f3\u017cnych cz\u0119\u015bciach Polski. Nie widzia\u0142em z tego ani grosza, bo wszystko przesz\u0142o przez oficjalne dokumenty&#8221;<\/strong> \u2013 kontynuowa\u0142.<\/p>\n<\/blockquote>\n<\/figure>\n<p>Wed\u0142ug niego, <strong>\u201eCelem jest wywo\u0142anie takiego wra\u017cenia\u201d.<\/strong><\/p>\n<figure class=\"wp-block-pullquote\">\n<blockquote>\n<p><strong>&#8222;My\u015bl\u0119, \u017ce to ujawnia ca\u0142y cel dzia\u0142ania Tuska. Dzia\u0142anie tej przest\u0119pczej bandy, kt\u00f3ra dzisiaj rz\u0105dzi Polsk\u0105. Bandy, kt\u00f3ra z jednej strony m\u015bci si\u0119 za walk\u0119 z prawdziwymi przest\u0119pcami, tymi skorumpowanymi, kt\u00f3rzy kr\u0119cili si\u0119 wok\u00f3\u0142 Tuska i robili to tak\u017ce wtedy. Przypomn\u0119 pan\u00f3w Nowaka, Grodzkiego, Giertycha. To s\u0105 jego najbli\u017csi wsp\u00f3\u0142pracownicy&#8230; Wszystkie te osoby, kiedy by\u0142em Prokuratorem Generalnym, mia\u0142y problemy, toczy\u0142y si\u0119 \u015bledztwa, postawiono im zarzuty. zosta\u0142 z\u0142o\u017cony\u201d<\/strong> powiedzia\u0142 Ziobro.<\/p>\n<\/blockquote>\n<\/figure>\n<p>Redakcja Racho\u0144 zada\u0142a kolejne pytanie dotycz\u0105ce przedmiot\u00f3w zakupionych za pomoc\u0105 <em>Fundusz Sprawiedliwo\u015bci<\/em> pieni\u0105dze i rozdystrybuowano je np. do jednostek OSP czy stowarzysze\u0144 kobiet wiejskich.<\/p>\n<figure class=\"wp-block-pullquote\">\n<blockquote>\n<p><strong>&#8222;To ca\u0142kowicie absurdalna sytuacja. Zgodnie z logik\u0105 przepis\u00f3w prawa \u2013 je\u015bli prokuratura post\u0119powa\u0142aby zgodnie z nimi \u2013 powinna skonfiskowa\u0107 i zaj\u0105\u0107 wszystkie te narz\u0119dzia, urz\u0105dzenia i pojazdy na potrzeby post\u0119powania, a nast\u0119pnie je przej\u0105\u0107. To pokazuje absurdalno\u015b\u0107 ca\u0142ej sytuacji. Kiedy mamy do czynienia z realnymi podejrzeniami kradzie\u017cy \u2013 a ostatnio w mediach ukaza\u0142o si\u0119, \u017ce jachty i luksusowe samochody trafiaj\u0105 do prywatnych w\u0142a\u015bcicieli powi\u0105zanych z <em>Platforma Obywatelska<\/em> \u2013 to inna historia. Tutaj pieni\u0105dze trafi\u0142y do \u200b\u200bpodmiot\u00f3w publicznych. Tego nie badaj\u0105, ale tutaj pr\u00f3buj\u0105 wcieli\u0107 si\u0119 w z\u0142odziei ludzi, kt\u00f3rzy przeznaczyli \u015brodki na wa\u017cne cele publiczne, s\u0142u\u017c\u0105ce obywatelom Polski\u201d \u2013 doda\u0142.<\/strong> odpowiedzia\u0142.<\/p>\n<\/blockquote>\n<\/figure>\n<\/div>\n<\/div>\n","protected":false},"excerpt":{"rendered":"<p>&#8222;My\u015bl\u0119, \u017ce to oddaje ca\u0142\u0105 intencj\u0119 dzia\u0142ania Tuska. Dzia\u0142anie tej przest\u0119pczej bandy, kt\u00f3ra dzisiaj rz\u0105dzi Polsk\u0105. Bandy, kt\u00f3ra z jednej<\/p>\n","protected":false},"author":1,"featured_media":9930,"comment_status":"open","ping_status":"open","sticky":false,"template":"","format":"standard","meta":{"footnotes":""},"categories":[4748],"tags":[3805,1574,4715,3672,187,3105,3483,1331,8355,11424,4131],"class_list":["post-9929","post","type-post","status-publish","format-standard","has-post-thumbnail","hentry","category-aktualne","tag-aresztowania","tag-byla","tag-chodzi","tag-falszywych","tag-minister","tag-odpowiada","tag-tworzenie","tag-wzywa","tag-zarzutow","tag-ziobry","tag-zurek","generate-columns","tablet-grid-50","mobile-grid-100","grid-parent","grid-50","resize-featured-image"],"yoast_head":"<!-- This site is optimized with the Yoast SEO plugin v23.2 - https:\/\/yoast.com\/wordpress\/plugins\/seo\/ -->\n<title>\u017burek wzywa do aresztowania Ziobry. By\u0142a minister odpowiada: Chodzi o tworzenie fa\u0142szywych zarzut\u00f3w - POGOTOWIE FLAGOWE\u00ae<\/title>\n<meta name=\"robots\" content=\"index, follow, max-snippet:-1, max-image-preview:large, max-video-preview:-1\" \/>\n<link rel=\"canonical\" href=\"https:\/\/www.pogotowieflagowe.pl\/aktualne\/zurek-wzywa-do-aresztowania-ziobry-byla-minister-odpowiada-chodzi-o-tworzenie-falszywych-zarzutow\/\" \/>\n<meta property=\"og:locale\" content=\"pl_PL\" \/>\n<meta property=\"og:type\" content=\"article\" \/>\n<meta property=\"og:title\" content=\"\u017burek wzywa do aresztowania Ziobry. By\u0142a minister odpowiada: Chodzi o tworzenie fa\u0142szywych zarzut\u00f3w - POGOTOWIE FLAGOWE\u00ae\" \/>\n<meta property=\"og:description\" content=\"&#8222;My\u015bl\u0119, \u017ce to oddaje ca\u0142\u0105 intencj\u0119 dzia\u0142ania Tuska. Dzia\u0142anie tej przest\u0119pczej bandy, kt\u00f3ra dzisiaj rz\u0105dzi Polsk\u0105. Bandy, kt\u00f3ra z jednej\" \/>\n<meta property=\"og:url\" content=\"https:\/\/www.pogotowieflagowe.pl\/aktualne\/zurek-wzywa-do-aresztowania-ziobry-byla-minister-odpowiada-chodzi-o-tworzenie-falszywych-zarzutow\/\" \/>\n<meta property=\"og:site_name\" content=\"POGOTOWIE FLAGOWE\u00ae\" \/>\n<meta property=\"article:published_time\" content=\"2025-10-29T13:05:52+00:00\" \/>\n<meta property=\"article:modified_time\" content=\"2025-10-29T13:05:53+00:00\" \/>\n<meta property=\"og:image\" content=\"https:\/\/www.pogotowieflagowe.pl\/aktualne\/wp-content\/uploads\/2025\/10\/Zurek-wzywa-do-aresztowania-Ziobry-Byla-minister-odpowiada-Chodzi-o.webp.webp\" \/>\n\t<meta property=\"og:image:width\" content=\"1280\" \/>\n\t<meta property=\"og:image:height\" content=\"720\" \/>\n\t<meta property=\"og:image:type\" content=\"image\/webp\" \/>\n<meta name=\"author\" content=\"Filip\" \/>\n<meta name=\"twitter:card\" content=\"summary_large_image\" \/>\n<meta name=\"twitter:label1\" content=\"Napisane przez\" \/>\n\t<meta name=\"twitter:data1\" content=\"Filip\" \/>\n\t<meta name=\"twitter:label2\" content=\"Szacowany czas czytania\" \/>\n\t<meta name=\"twitter:data2\" content=\"4 minuty\" \/>\n<script type=\"application\/ld+json\" class=\"yoast-schema-graph\">{\"@context\":\"https:\/\/schema.org\",\"@graph\":[{\"@type\":\"Article\",\"@id\":\"https:\/\/www.pogotowieflagowe.pl\/aktualne\/zurek-wzywa-do-aresztowania-ziobry-byla-minister-odpowiada-chodzi-o-tworzenie-falszywych-zarzutow\/#article\",\"isPartOf\":{\"@id\":\"https:\/\/www.pogotowieflagowe.pl\/aktualne\/zurek-wzywa-do-aresztowania-ziobry-byla-minister-odpowiada-chodzi-o-tworzenie-falszywych-zarzutow\/\"},\"author\":{\"name\":\"Filip\",\"@id\":\"https:\/\/www.pogotowieflagowe.pl\/aktualne\/#\/schema\/person\/9c2fb7d2362ebf6fa088960d7f0d27b0\"},\"headline\":\"\u017burek wzywa do aresztowania Ziobry. By\u0142a minister odpowiada: Chodzi o tworzenie fa\u0142szywych zarzut\u00f3w\",\"datePublished\":\"2025-10-29T13:05:52+00:00\",\"dateModified\":\"2025-10-29T13:05:53+00:00\",\"mainEntityOfPage\":{\"@id\":\"https:\/\/www.pogotowieflagowe.pl\/aktualne\/zurek-wzywa-do-aresztowania-ziobry-byla-minister-odpowiada-chodzi-o-tworzenie-falszywych-zarzutow\/\"},\"wordCount\":740,\"commentCount\":0,\"publisher\":{\"@id\":\"https:\/\/www.pogotowieflagowe.pl\/aktualne\/#organization\"},\"image\":{\"@id\":\"https:\/\/www.pogotowieflagowe.pl\/aktualne\/zurek-wzywa-do-aresztowania-ziobry-byla-minister-odpowiada-chodzi-o-tworzenie-falszywych-zarzutow\/#primaryimage\"},\"thumbnailUrl\":\"https:\/\/www.pogotowieflagowe.pl\/aktualne\/wp-content\/uploads\/2025\/10\/Zurek-wzywa-do-aresztowania-Ziobry-Byla-minister-odpowiada-Chodzi-o.webp.webp\",\"keywords\":[\"aresztowania\",\"By\u0142a\",\"chodzi\",\"fa\u0142szywych\",\"minister\",\"odpowiada\",\"Tworzenie\",\"wzywa\",\"zarzut\u00f3w\",\"Ziobry\",\"\u017burek\"],\"articleSection\":[\"Aktualne\"],\"inLanguage\":\"pl-PL\",\"potentialAction\":[{\"@type\":\"CommentAction\",\"name\":\"Comment\",\"target\":[\"https:\/\/www.pogotowieflagowe.pl\/aktualne\/zurek-wzywa-do-aresztowania-ziobry-byla-minister-odpowiada-chodzi-o-tworzenie-falszywych-zarzutow\/#respond\"]}]},{\"@type\":\"WebPage\",\"@id\":\"https:\/\/www.pogotowieflagowe.pl\/aktualne\/zurek-wzywa-do-aresztowania-ziobry-byla-minister-odpowiada-chodzi-o-tworzenie-falszywych-zarzutow\/\",\"url\":\"https:\/\/www.pogotowieflagowe.pl\/aktualne\/zurek-wzywa-do-aresztowania-ziobry-byla-minister-odpowiada-chodzi-o-tworzenie-falszywych-zarzutow\/\",\"name\":\"\u017burek wzywa do aresztowania Ziobry. By\u0142a minister odpowiada: Chodzi o tworzenie fa\u0142szywych zarzut\u00f3w - POGOTOWIE FLAGOWE\u00ae\",\"isPartOf\":{\"@id\":\"https:\/\/www.pogotowieflagowe.pl\/aktualne\/#website\"},\"primaryImageOfPage\":{\"@id\":\"https:\/\/www.pogotowieflagowe.pl\/aktualne\/zurek-wzywa-do-aresztowania-ziobry-byla-minister-odpowiada-chodzi-o-tworzenie-falszywych-zarzutow\/#primaryimage\"},\"image\":{\"@id\":\"https:\/\/www.pogotowieflagowe.pl\/aktualne\/zurek-wzywa-do-aresztowania-ziobry-byla-minister-odpowiada-chodzi-o-tworzenie-falszywych-zarzutow\/#primaryimage\"},\"thumbnailUrl\":\"https:\/\/www.pogotowieflagowe.pl\/aktualne\/wp-content\/uploads\/2025\/10\/Zurek-wzywa-do-aresztowania-Ziobry-Byla-minister-odpowiada-Chodzi-o.webp.webp\",\"datePublished\":\"2025-10-29T13:05:52+00:00\",\"dateModified\":\"2025-10-29T13:05:53+00:00\",\"breadcrumb\":{\"@id\":\"https:\/\/www.pogotowieflagowe.pl\/aktualne\/zurek-wzywa-do-aresztowania-ziobry-byla-minister-odpowiada-chodzi-o-tworzenie-falszywych-zarzutow\/#breadcrumb\"},\"inLanguage\":\"pl-PL\",\"potentialAction\":[{\"@type\":\"ReadAction\",\"target\":[\"https:\/\/www.pogotowieflagowe.pl\/aktualne\/zurek-wzywa-do-aresztowania-ziobry-byla-minister-odpowiada-chodzi-o-tworzenie-falszywych-zarzutow\/\"]}]},{\"@type\":\"ImageObject\",\"inLanguage\":\"pl-PL\",\"@id\":\"https:\/\/www.pogotowieflagowe.pl\/aktualne\/zurek-wzywa-do-aresztowania-ziobry-byla-minister-odpowiada-chodzi-o-tworzenie-falszywych-zarzutow\/#primaryimage\",\"url\":\"https:\/\/www.pogotowieflagowe.pl\/aktualne\/wp-content\/uploads\/2025\/10\/Zurek-wzywa-do-aresztowania-Ziobry-Byla-minister-odpowiada-Chodzi-o.webp.webp\",\"contentUrl\":\"https:\/\/www.pogotowieflagowe.pl\/aktualne\/wp-content\/uploads\/2025\/10\/Zurek-wzywa-do-aresztowania-Ziobry-Byla-minister-odpowiada-Chodzi-o.webp.webp\",\"width\":1280,\"height\":720,\"caption\":\"\u017burek wzywa do aresztowania Ziobry. By\u0142a minister odpowiada: Chodzi o tworzenie fa\u0142szywych zarzut\u00f3w\"},{\"@type\":\"BreadcrumbList\",\"@id\":\"https:\/\/www.pogotowieflagowe.pl\/aktualne\/zurek-wzywa-do-aresztowania-ziobry-byla-minister-odpowiada-chodzi-o-tworzenie-falszywych-zarzutow\/#breadcrumb\",\"itemListElement\":[{\"@type\":\"ListItem\",\"position\":1,\"name\":\"Home\",\"item\":\"https:\/\/www.pogotowieflagowe.pl\/aktualne\/\"},{\"@type\":\"ListItem\",\"position\":2,\"name\":\"\u017burek wzywa do aresztowania Ziobry. By\u0142a minister odpowiada: Chodzi o tworzenie fa\u0142szywych zarzut\u00f3w\"}]},{\"@type\":\"WebSite\",\"@id\":\"https:\/\/www.pogotowieflagowe.pl\/aktualne\/#website\",\"url\":\"https:\/\/www.pogotowieflagowe.pl\/aktualne\/\",\"name\":\"POGOTOWIE FLAGOWE\u00ae\",\"description\":\"\",\"publisher\":{\"@id\":\"https:\/\/www.pogotowieflagowe.pl\/aktualne\/#organization\"},\"potentialAction\":[{\"@type\":\"SearchAction\",\"target\":{\"@type\":\"EntryPoint\",\"urlTemplate\":\"https:\/\/www.pogotowieflagowe.pl\/aktualne\/?s={search_term_string}\"},\"query-input\":\"required name=search_term_string\"}],\"inLanguage\":\"pl-PL\"},{\"@type\":\"Organization\",\"@id\":\"https:\/\/www.pogotowieflagowe.pl\/aktualne\/#organization\",\"name\":\"POGOTOWIE FLAGOWE\u00ae\",\"url\":\"https:\/\/www.pogotowieflagowe.pl\/aktualne\/\",\"logo\":{\"@type\":\"ImageObject\",\"inLanguage\":\"pl-PL\",\"@id\":\"https:\/\/www.pogotowieflagowe.pl\/aktualne\/#\/schema\/logo\/image\/\",\"url\":\"https:\/\/www.pogotowieflagowe.pl\/aktualne\/wp-content\/uploads\/2024\/08\/cropped-pogotowieflagowe_flaga_projekt_sm.jpg\",\"contentUrl\":\"https:\/\/www.pogotowieflagowe.pl\/aktualne\/wp-content\/uploads\/2024\/08\/cropped-pogotowieflagowe_flaga_projekt_sm.jpg\",\"width\":250,\"height\":143,\"caption\":\"POGOTOWIE FLAGOWE\u00ae\"},\"image\":{\"@id\":\"https:\/\/www.pogotowieflagowe.pl\/aktualne\/#\/schema\/logo\/image\/\"}},{\"@type\":\"Person\",\"@id\":\"https:\/\/www.pogotowieflagowe.pl\/aktualne\/#\/schema\/person\/9c2fb7d2362ebf6fa088960d7f0d27b0\",\"name\":\"Filip\",\"image\":{\"@type\":\"ImageObject\",\"inLanguage\":\"pl-PL\",\"@id\":\"https:\/\/www.pogotowieflagowe.pl\/aktualne\/#\/schema\/person\/image\/\",\"url\":\"https:\/\/www.pogotowieflagowe.pl\/aktualne\/wp-content\/uploads\/2024\/08\/pogotowieflagowe.pl_.jpg\",\"contentUrl\":\"https:\/\/www.pogotowieflagowe.pl\/aktualne\/wp-content\/uploads\/2024\/08\/pogotowieflagowe.pl_.jpg\",\"caption\":\"Filip\"},\"description\":\"Jestem Filip, polski dziennikarz z dyplomem nauk politycznych Uniwersytetu Warszawskiego. Rozpoczynaj\u0105c swoj\u0105 karier\u0119 w r\u00f3\u017cnych lokalnych mediach, zdoby\u0142em solidne do\u015bwiadczenie w zakresie \u015bledztwa i redakcji. Obecnie jako redaktor w Pogotowie flagowe, staram si\u0119 dostarcza\u0107 dog\u0142\u0119bne i istotne analizy na temat najwa\u017cniejszych kwestii aktualno\u015bci, \u0142\u0105cz\u0105c rygor z pasj\u0105 dziennikarsk\u0105.\",\"sameAs\":[\"https:\/\/www.pogotowieflagowe.pl\/\"]}]}<\/script>\n<!-- \/ Yoast SEO plugin. -->","yoast_head_json":{"title":"\u017burek wzywa do aresztowania Ziobry. By\u0142a minister odpowiada: Chodzi o tworzenie fa\u0142szywych zarzut\u00f3w - POGOTOWIE FLAGOWE\u00ae","robots":{"index":"index","follow":"follow","max-snippet":"max-snippet:-1","max-image-preview":"max-image-preview:large","max-video-preview":"max-video-preview:-1"},"canonical":"https:\/\/www.pogotowieflagowe.pl\/aktualne\/zurek-wzywa-do-aresztowania-ziobry-byla-minister-odpowiada-chodzi-o-tworzenie-falszywych-zarzutow\/","og_locale":"pl_PL","og_type":"article","og_title":"\u017burek wzywa do aresztowania Ziobry. By\u0142a minister odpowiada: Chodzi o tworzenie fa\u0142szywych zarzut\u00f3w - POGOTOWIE FLAGOWE\u00ae","og_description":"&#8222;My\u015bl\u0119, \u017ce to oddaje ca\u0142\u0105 intencj\u0119 dzia\u0142ania Tuska. Dzia\u0142anie tej przest\u0119pczej bandy, kt\u00f3ra dzisiaj rz\u0105dzi Polsk\u0105. Bandy, kt\u00f3ra z jednej","og_url":"https:\/\/www.pogotowieflagowe.pl\/aktualne\/zurek-wzywa-do-aresztowania-ziobry-byla-minister-odpowiada-chodzi-o-tworzenie-falszywych-zarzutow\/","og_site_name":"POGOTOWIE FLAGOWE\u00ae","article_published_time":"2025-10-29T13:05:52+00:00","article_modified_time":"2025-10-29T13:05:53+00:00","og_image":[{"width":1280,"height":720,"url":"https:\/\/www.pogotowieflagowe.pl\/aktualne\/wp-content\/uploads\/2025\/10\/Zurek-wzywa-do-aresztowania-Ziobry-Byla-minister-odpowiada-Chodzi-o.webp.webp","type":"image\/webp"}],"author":"Filip","twitter_card":"summary_large_image","twitter_misc":{"Napisane przez":"Filip","Szacowany czas czytania":"4 minuty"},"schema":{"@context":"https:\/\/schema.org","@graph":[{"@type":"Article","@id":"https:\/\/www.pogotowieflagowe.pl\/aktualne\/zurek-wzywa-do-aresztowania-ziobry-byla-minister-odpowiada-chodzi-o-tworzenie-falszywych-zarzutow\/#article","isPartOf":{"@id":"https:\/\/www.pogotowieflagowe.pl\/aktualne\/zurek-wzywa-do-aresztowania-ziobry-byla-minister-odpowiada-chodzi-o-tworzenie-falszywych-zarzutow\/"},"author":{"name":"Filip","@id":"https:\/\/www.pogotowieflagowe.pl\/aktualne\/#\/schema\/person\/9c2fb7d2362ebf6fa088960d7f0d27b0"},"headline":"\u017burek wzywa do aresztowania Ziobry. By\u0142a minister odpowiada: Chodzi o tworzenie fa\u0142szywych zarzut\u00f3w","datePublished":"2025-10-29T13:05:52+00:00","dateModified":"2025-10-29T13:05:53+00:00","mainEntityOfPage":{"@id":"https:\/\/www.pogotowieflagowe.pl\/aktualne\/zurek-wzywa-do-aresztowania-ziobry-byla-minister-odpowiada-chodzi-o-tworzenie-falszywych-zarzutow\/"},"wordCount":740,"commentCount":0,"publisher":{"@id":"https:\/\/www.pogotowieflagowe.pl\/aktualne\/#organization"},"image":{"@id":"https:\/\/www.pogotowieflagowe.pl\/aktualne\/zurek-wzywa-do-aresztowania-ziobry-byla-minister-odpowiada-chodzi-o-tworzenie-falszywych-zarzutow\/#primaryimage"},"thumbnailUrl":"https:\/\/www.pogotowieflagowe.pl\/aktualne\/wp-content\/uploads\/2025\/10\/Zurek-wzywa-do-aresztowania-Ziobry-Byla-minister-odpowiada-Chodzi-o.webp.webp","keywords":["aresztowania","By\u0142a","chodzi","fa\u0142szywych","minister","odpowiada","Tworzenie","wzywa","zarzut\u00f3w","Ziobry","\u017burek"],"articleSection":["Aktualne"],"inLanguage":"pl-PL","potentialAction":[{"@type":"CommentAction","name":"Comment","target":["https:\/\/www.pogotowieflagowe.pl\/aktualne\/zurek-wzywa-do-aresztowania-ziobry-byla-minister-odpowiada-chodzi-o-tworzenie-falszywych-zarzutow\/#respond"]}]},{"@type":"WebPage","@id":"https:\/\/www.pogotowieflagowe.pl\/aktualne\/zurek-wzywa-do-aresztowania-ziobry-byla-minister-odpowiada-chodzi-o-tworzenie-falszywych-zarzutow\/","url":"https:\/\/www.pogotowieflagowe.pl\/aktualne\/zurek-wzywa-do-aresztowania-ziobry-byla-minister-odpowiada-chodzi-o-tworzenie-falszywych-zarzutow\/","name":"\u017burek wzywa do aresztowania Ziobry. By\u0142a minister odpowiada: Chodzi o tworzenie fa\u0142szywych zarzut\u00f3w - POGOTOWIE FLAGOWE\u00ae","isPartOf":{"@id":"https:\/\/www.pogotowieflagowe.pl\/aktualne\/#website"},"primaryImageOfPage":{"@id":"https:\/\/www.pogotowieflagowe.pl\/aktualne\/zurek-wzywa-do-aresztowania-ziobry-byla-minister-odpowiada-chodzi-o-tworzenie-falszywych-zarzutow\/#primaryimage"},"image":{"@id":"https:\/\/www.pogotowieflagowe.pl\/aktualne\/zurek-wzywa-do-aresztowania-ziobry-byla-minister-odpowiada-chodzi-o-tworzenie-falszywych-zarzutow\/#primaryimage"},"thumbnailUrl":"https:\/\/www.pogotowieflagowe.pl\/aktualne\/wp-content\/uploads\/2025\/10\/Zurek-wzywa-do-aresztowania-Ziobry-Byla-minister-odpowiada-Chodzi-o.webp.webp","datePublished":"2025-10-29T13:05:52+00:00","dateModified":"2025-10-29T13:05:53+00:00","breadcrumb":{"@id":"https:\/\/www.pogotowieflagowe.pl\/aktualne\/zurek-wzywa-do-aresztowania-ziobry-byla-minister-odpowiada-chodzi-o-tworzenie-falszywych-zarzutow\/#breadcrumb"},"inLanguage":"pl-PL","potentialAction":[{"@type":"ReadAction","target":["https:\/\/www.pogotowieflagowe.pl\/aktualne\/zurek-wzywa-do-aresztowania-ziobry-byla-minister-odpowiada-chodzi-o-tworzenie-falszywych-zarzutow\/"]}]},{"@type":"ImageObject","inLanguage":"pl-PL","@id":"https:\/\/www.pogotowieflagowe.pl\/aktualne\/zurek-wzywa-do-aresztowania-ziobry-byla-minister-odpowiada-chodzi-o-tworzenie-falszywych-zarzutow\/#primaryimage","url":"https:\/\/www.pogotowieflagowe.pl\/aktualne\/wp-content\/uploads\/2025\/10\/Zurek-wzywa-do-aresztowania-Ziobry-Byla-minister-odpowiada-Chodzi-o.webp.webp","contentUrl":"https:\/\/www.pogotowieflagowe.pl\/aktualne\/wp-content\/uploads\/2025\/10\/Zurek-wzywa-do-aresztowania-Ziobry-Byla-minister-odpowiada-Chodzi-o.webp.webp","width":1280,"height":720,"caption":"\u017burek wzywa do aresztowania Ziobry. By\u0142a minister odpowiada: Chodzi o tworzenie fa\u0142szywych zarzut\u00f3w"},{"@type":"BreadcrumbList","@id":"https:\/\/www.pogotowieflagowe.pl\/aktualne\/zurek-wzywa-do-aresztowania-ziobry-byla-minister-odpowiada-chodzi-o-tworzenie-falszywych-zarzutow\/#breadcrumb","itemListElement":[{"@type":"ListItem","position":1,"name":"Home","item":"https:\/\/www.pogotowieflagowe.pl\/aktualne\/"},{"@type":"ListItem","position":2,"name":"\u017burek wzywa do aresztowania Ziobry. By\u0142a minister odpowiada: Chodzi o tworzenie fa\u0142szywych zarzut\u00f3w"}]},{"@type":"WebSite","@id":"https:\/\/www.pogotowieflagowe.pl\/aktualne\/#website","url":"https:\/\/www.pogotowieflagowe.pl\/aktualne\/","name":"POGOTOWIE FLAGOWE\u00ae","description":"","publisher":{"@id":"https:\/\/www.pogotowieflagowe.pl\/aktualne\/#organization"},"potentialAction":[{"@type":"SearchAction","target":{"@type":"EntryPoint","urlTemplate":"https:\/\/www.pogotowieflagowe.pl\/aktualne\/?s={search_term_string}"},"query-input":"required name=search_term_string"}],"inLanguage":"pl-PL"},{"@type":"Organization","@id":"https:\/\/www.pogotowieflagowe.pl\/aktualne\/#organization","name":"POGOTOWIE FLAGOWE\u00ae","url":"https:\/\/www.pogotowieflagowe.pl\/aktualne\/","logo":{"@type":"ImageObject","inLanguage":"pl-PL","@id":"https:\/\/www.pogotowieflagowe.pl\/aktualne\/#\/schema\/logo\/image\/","url":"https:\/\/www.pogotowieflagowe.pl\/aktualne\/wp-content\/uploads\/2024\/08\/cropped-pogotowieflagowe_flaga_projekt_sm.jpg","contentUrl":"https:\/\/www.pogotowieflagowe.pl\/aktualne\/wp-content\/uploads\/2024\/08\/cropped-pogotowieflagowe_flaga_projekt_sm.jpg","width":250,"height":143,"caption":"POGOTOWIE FLAGOWE\u00ae"},"image":{"@id":"https:\/\/www.pogotowieflagowe.pl\/aktualne\/#\/schema\/logo\/image\/"}},{"@type":"Person","@id":"https:\/\/www.pogotowieflagowe.pl\/aktualne\/#\/schema\/person\/9c2fb7d2362ebf6fa088960d7f0d27b0","name":"Filip","image":{"@type":"ImageObject","inLanguage":"pl-PL","@id":"https:\/\/www.pogotowieflagowe.pl\/aktualne\/#\/schema\/person\/image\/","url":"https:\/\/www.pogotowieflagowe.pl\/aktualne\/wp-content\/uploads\/2024\/08\/pogotowieflagowe.pl_.jpg","contentUrl":"https:\/\/www.pogotowieflagowe.pl\/aktualne\/wp-content\/uploads\/2024\/08\/pogotowieflagowe.pl_.jpg","caption":"Filip"},"description":"Jestem Filip, polski dziennikarz z dyplomem nauk politycznych Uniwersytetu Warszawskiego. Rozpoczynaj\u0105c swoj\u0105 karier\u0119 w r\u00f3\u017cnych lokalnych mediach, zdoby\u0142em solidne do\u015bwiadczenie w zakresie \u015bledztwa i redakcji. Obecnie jako redaktor w Pogotowie flagowe, staram si\u0119 dostarcza\u0107 dog\u0142\u0119bne i istotne analizy na temat najwa\u017cniejszych kwestii aktualno\u015bci, \u0142\u0105cz\u0105c rygor z pasj\u0105 dziennikarsk\u0105.","sameAs":["https:\/\/www.pogotowieflagowe.pl\/"]}]}},"_links":{"self":[{"href":"https:\/\/www.pogotowieflagowe.pl\/aktualne\/wp-json\/wp\/v2\/posts\/9929","targetHints":{"allow":["GET"]}}],"collection":[{"href":"https:\/\/www.pogotowieflagowe.pl\/aktualne\/wp-json\/wp\/v2\/posts"}],"about":[{"href":"https:\/\/www.pogotowieflagowe.pl\/aktualne\/wp-json\/wp\/v2\/types\/post"}],"author":[{"embeddable":true,"href":"https:\/\/www.pogotowieflagowe.pl\/aktualne\/wp-json\/wp\/v2\/users\/1"}],"replies":[{"embeddable":true,"href":"https:\/\/www.pogotowieflagowe.pl\/aktualne\/wp-json\/wp\/v2\/comments?post=9929"}],"version-history":[{"count":1,"href":"https:\/\/www.pogotowieflagowe.pl\/aktualne\/wp-json\/wp\/v2\/posts\/9929\/revisions"}],"predecessor-version":[{"id":9931,"href":"https:\/\/www.pogotowieflagowe.pl\/aktualne\/wp-json\/wp\/v2\/posts\/9929\/revisions\/9931"}],"wp:featuredmedia":[{"embeddable":true,"href":"https:\/\/www.pogotowieflagowe.pl\/aktualne\/wp-json\/wp\/v2\/media\/9930"}],"wp:attachment":[{"href":"https:\/\/www.pogotowieflagowe.pl\/aktualne\/wp-json\/wp\/v2\/media?parent=9929"}],"wp:term":[{"taxonomy":"category","embeddable":true,"href":"https:\/\/www.pogotowieflagowe.pl\/aktualne\/wp-json\/wp\/v2\/categories?post=9929"},{"taxonomy":"post_tag","embeddable":true,"href":"https:\/\/www.pogotowieflagowe.pl\/aktualne\/wp-json\/wp\/v2\/tags?post=9929"}],"curies":[{"name":"wp","href":"https:\/\/api.w.org\/{rel}","templated":true}]}}