{"id":9932,"date":"2025-10-29T14:38:31","date_gmt":"2025-10-29T13:38:31","guid":{"rendered":"https:\/\/www.pogotowieflagowe.pl\/aktualne\/powolywanie-sedziow-dekretem-politycznym-rozporzadzenie-ministra-sprawiedliwosci-waldemara-zurka-skierowane-do-trybunalu-konstytucyjnego-i-prokuratury\/"},"modified":"2025-10-29T14:38:32","modified_gmt":"2025-10-29T13:38:32","slug":"powolywanie-sedziow-dekretem-politycznym-rozporzadzenie-ministra-sprawiedliwosci-waldemara-zurka-skierowane-do-trybunalu-konstytucyjnego-i-prokuratury","status":"publish","type":"post","link":"https:\/\/www.pogotowieflagowe.pl\/aktualne\/powolywanie-sedziow-dekretem-politycznym-rozporzadzenie-ministra-sprawiedliwosci-waldemara-zurka-skierowane-do-trybunalu-konstytucyjnego-i-prokuratury\/","title":{"rendered":"\u201ePowo\u0142ywanie s\u0119dzi\u00f3w dekretem politycznym\u201d: rozporz\u0105dzenie Ministra Sprawiedliwo\u015bci Waldemara \u017burka skierowane do Trybuna\u0142u Konstytucyjnego i Prokuratury"},"content":{"rendered":"\n<div class=\"td_block_wrap tdb_single_content tdi_41 td-pb-border-top td_block_template_8 td-post-content tagdiv-type\" data-td-block-uid=\"tdi_41\">\n<style>.tdi_41{margines-top:0px!important;margin-bottom:0px!important;dope\u0142nienie-g\u00f3ra:0px!important;dope\u0142nienie-d\u00f3\u0142:0px!important}<\/style>\n<style>.tdb_single_content{margin-bottom:0;*zoom:1}.tdb_single_content:before,.tdb_single_content:after{display:table;content:'';line-height:0}.tdb_single_content:after{clear:both}.tdb_single_content .tdb-block-inner>*:not(.wp-block-quote):not(.alignwide):not(.alignfull.wp-block-cover.has-parallax):not(.td-a-ad){margin-left:auto;margin-right:auto}.tdb_single_content a{pointer-events:auto}.tdb_single_content .td-spot-id-top_ad .tdc-placeholder-title:before{content:'Najlepsza reklama artyku\u0142u'!important}.tdb_single_content .td-spot-id-inline_ad0 .tdc-placeholder-title:before{content:'Reklama wbudowana artyku\u0142u 1'!important}.tdb_single_content .td-spot-id-inline_ad1 .tdc-placeholder-title:before{content:'Reklama wbudowana w artyku\u0142 2'!important}.tdb_single_content .td-spot-id-inline_ad2 .tdc-placeholder-title:before{content:'Reklama wbudowana w artyku\u0142 3'!important}.tdb_single_content .td-spot-id-bottom_ad .tdc-placeholder-title:before{content:'Article Bottom Ad'!important}.tdb_single_content .id_top_ad,.tdb_single_content .id_bottom_ad{clear:both;margin-bottom:21px;text-align:center}.tdb_single_content .id_top_ad img,.tdb_single_content .id_bottom_ad img{margin-bottom:0}.tdb_single_content .id_top_ad .adsbygoogle,.tdb_single_content .id_bottom_ad .adsbygoogle{position:relative}.tdb_single_content .id_ad_content-horiz-left,.tdb_single_content .id_ad_content-horiz-right,.tdb_single_content .id_ad_content-horiz-center{margin-bottom:15px}.tdb_single_content .id_ad_content-horiz-left img,.tdb_single_content .id_ad_content-horiz-right img,.tdb_single_content .id_ad_content-horiz-center img{margin-bottom:0}.tdb_single_content .id_ad_content-horiz-center{text-align:center}.tdb_single_content .id_ad_content-horiz-center img{margin-right:auto;margin-left:auto}.tdb_single_content .id_ad_content-horiz-left{float:left;margin-top:9px;margin-right:21px}.tdb_single_content .id_ad_content-horiz-right{float:right;margin-top:6px;margin-left:21px}.tdb_single_content .tdc-a-ad .tdc-placeholder-title{width:300px;height:250px}.tdb_single_content .tdc-a-ad .tdc-placeholder-title:before{position:absolute;top:50%;-webkit-transform:translateY(-50%);transform:translateY(-50%);margin:auto;display:table;width:100%}.tdb_single_content .tdb-block-inner.td-fix-index{word-break:break-word}.tdi_41,.tdi_41>p,.tdi_41 .tdb-block-inner>p,.wp-block-column>p{font-size:16px!important;line-height:1.6!important}.tdi_41 .tdb-block-inner blockquote p{font-style:normal!important}@media (max-width:767px){.tdb_single_content .id_ad_content-horiz-left,.tdb_single_content .id_ad_content-horiz-right,.tdb_single_content .id_ad_content-horiz-center{margin:0 auto 26 pikseli auto}}@media (max-width:767px){.tdb_single_content .id_ad_content-horiz-left{margin-right:0}}@media (max-width:767px){.tdb_single_content .id_ad_content-horiz-right{margin-left:0}}@media (max-width:767px){.tdb_single_content .td-a-ad{float:none;text-align:center}.tdb_single_content .td-a-ad img{margin-right:auto;margin-left:auto}.tdb_single_content .tdc-a-ad{float:none}}<\/style>\n<div class=\"tdb-block-inner td-fix-index\">\n<p>We wtorek Prezydent Karol Nawrocki z\u0142o\u017cy\u0142 wniosek do Trybuna\u0142u Konstytucyjnego o zbadanie, czy wydane przez Ministra Sprawiedliwo\u015bci rozporz\u0105dzenie w sprawie losowego wyboru s\u0119dzi\u00f3w jest zgodne z Konstytucj\u0105. Zdaniem g\u0142owy pa\u0144stwa Waldemara \u017burka wydaj\u0105c je, dzia\u0142a\u0142 on niezgodnie z prawem. Jak poinformowa\u0142 podczas konferencji prasowej Szef Kancelarii Prezydenta Zbigniew Bogucki, w zwi\u0105zku z decyzj\u0105 Ministra Sprawiedliwo\u015bci z\u0142o\u017cone zosta\u0142o tak\u017ce zawiadomienie o podejrzeniu pope\u0142nienia przest\u0119pstwa. \u201eZobaczymy, czy prokuratura jest naprawd\u0119 niezale\u017cna\u201d \u2013 zauwa\u017cy\u0142.<\/p>\n<p>Bogucki wymieni\u0142 najwa\u017cniejsze artyku\u0142y Konstytucji, kt\u00f3re jego zdaniem narusza rozporz\u0105dzenie Ministra Sprawiedliwo\u015bci \u2013 \u0142\u0105cznie siedem.<\/p>\n<figure class=\"wp-block-pullquote\">\n<blockquote>\n<p>&#8222;Jak wida\u0107 pan \u017burek jest do\u015b\u0107 ambitny. Nie chodzi tu o naruszenie jednego przepisu konstytucji przez t\u0119 niezgodn\u0105 z prawem regulacj\u0119, ale o kilka. W istocie jest to pr\u00f3ba ze strony w\u0142adzy wykonawczej \u2013 za po\u015brednictwem ministra \u017burka, jak rozumiem, z upowa\u017cnienia premiera Tuska \u2013 wskazania palcem politycznym, pod kt\u00f3rym s\u0119dziowie powinni rozpatrywa\u0107 sprawy. Zamiast s\u0119dzi\u00f3w przydzielanych losowo, jak to by\u0142o w praktyce, zostaliby oni teraz wyznaczani. I to w taki spos\u00f3b, \u017ce w sk\u0142adach trzyosobowych, tylko jeden s\u0119dzia by\u0142by wybierany losowo, a dw\u00f3ch pozosta\u0142ych mog\u0142o by\u0107 wybieranych r\u0119cznie \u2013 albo przez przewodnicz\u0105cego wydzia\u0142u, albo przez prezesa s\u0105du\u201d <\/p>\n<p><cite>\u2013 oznajmi\u0142 szef Kancelarii Prezydenta.<\/cite><\/p><\/blockquote>\n<\/figure>\n<p>Przypomnia\u0142, \u017ce zdaniem prezydenta prezesi s\u0105d\u00f3w s\u0105 obecnie powo\u0142ywani niezgodnie z prawem, bez konsultacji z Krajow\u0105 Rad\u0105 S\u0105downictwa.<\/p>\n<figure class=\"wp-block-pullquote\">\n<blockquote>\n<p>\u201eTak wi\u0119c prezesi powo\u0142ywani przez ministra \u017burka maj\u0105 w\u00f3wczas wyznacza\u0107 kierownik\u00f3w wydzia\u0142\u00f3w i wsp\u00f3lnie ustala\u0107 sk\u0142ady izb s\u0105dowych\u201d \u2013 doda\u0142.<\/p>\n<p><cite>  \u2013 podkre\u015bli\u0142.<\/cite><\/p><\/blockquote>\n<\/figure>\n<p>Bogucki podkre\u015bli\u0142, \u017ce nie ma lepszego systemu ni\u017c losowy dob\u00f3r s\u0119dzi\u00f3w, gdy\u017c on sam gwarantuje bezstronno\u015b\u0107 i zapobiega manipulacji przydzia\u0142ami s\u0119dziowskimi.<\/p>\n<figure class=\"wp-block-pullquote\">\n<blockquote>\n<p>&#8222;Nie potrzebujemy \u2013 i tu jest apel do ministra \u017burka i tego rz\u0105du \u2013 zaufanych s\u0119dzi\u00f3w jakiegokolwiek ministra, kimkolwiek by nie by\u0142. Potrzebni s\u0105 niezawi\u015bli s\u0119dziowie, niezawis\u0142e s\u0105dy, a nie s\u0119dziowie, kt\u00f3rych, jak rozumiem, trzeba \u201erozgrzewa\u0107\u201d do konkretnych spraw, aby wydawa\u0107 orzeczenia korzystne dla rz\u0105dz\u0105cych\u201d<\/p>\n<p><cite>  o\u015bwiadczy\u0142.<\/cite><\/p><\/blockquote>\n<\/figure>\n<p>&#8222;Ten rz\u0105d i minister \u017burek nie maj\u0105 w\u0142adzy, aby swoje cz\u0119sto nielegalne, niezgodne z prawem i skandaliczne decyzje przeforsowa\u0107 przez parlament i uzyska\u0107 podpis prezydenta. Dlatego staraj\u0105 si\u0119 w spos\u00f3b ca\u0142kowicie \u015bwiadomy, ostentacyjny i bezprecedensowy z\u0142ama\u0107 prawo i omin\u0105\u0107 prerogatywy prezydenta. W istocie, je\u015bli nie ma podpisu prezydenta pod ustaw\u0105, nie ma zgody na tego rodzaju rozwi\u0105zanie, kt\u00f3re w ustawie nale\u017cy. Dlatego te\u017c pan \u017burek chce to narzuci\u0107 drog\u0105 regulacji\u201d \u2013 podkre\u015bli\u0142.<\/p>\n<p>Szef Kancelarii Prezydenta ponowi\u0142 tak\u017ce apel Prezydenta do s\u0119dzi\u00f3w:<\/p>\n<figure class=\"wp-block-pullquote\">\n<blockquote>\n<p>\u201eJeste\u015b zwi\u0105zany tylko Konstytucj\u0105 i ustawami, a nie przepisami \u2013 zw\u0142aszcza tymi, kt\u00f3re s\u0105 w spos\u00f3b oczywisty niezgodne z prawem, niezgodne z prawem stanowionym i wydane bez podstawy prawnej\u201d <\/p>\n<p><cite>powiedzia\u0142.<\/cite><\/p><\/blockquote>\n<\/figure>\n<h2 class=\"wp-block-heading\">Zawiadomienie do Prokuratury<\/h2>\n<p>Bogucki poinformowa\u0142 tak\u017ce, \u017ce jako Szef Kancelarii Prezydenta \u201ena wniosek skierowany do Trybuna\u0142u Konstytucyjnego\u201d z\u0142o\u017cy\u0142 zawiadomienie do Prokuratury Okr\u0119gowej w Warszawie w sprawie mo\u017cliwego pope\u0142nienia przez \u017burka przest\u0119pstwa.<\/p>\n<figure class=\"wp-block-pullquote\">\n<blockquote>\n<p>\u201eZobaczymy, czy prokuratura jest niezale\u017cna, czy zajmie si\u0119 spraw\u0105 i poprowadzi \u015bledztwo\u201d \u2013 doda\u0142.<\/p>\n<p><cite>  stwierdzi\u0142.<\/cite><\/p><\/blockquote>\n<\/figure>\n<p>W uzasadnieniu wniosku do prokuratury podkre\u015bli\u0142 \u2013 powo\u0142uj\u0105c si\u0119 na opinie Rz\u0105dowego Centrum Legislacji, a tak\u017ce przedstawicieli \u015brodowiska s\u0105downiczego i prawniczego \u2013 \u017ce dzia\u0142ania \u017burka naruszaj\u0105 kilka artyku\u0142\u00f3w Konstytucji \u201epoprzez bezprawn\u0105 ingerencj\u0119 w\u0142adzy wykonawczej w niezawis\u0142o\u015b\u0107 s\u0105downictwa, niezawis\u0142o\u015b\u0107 s\u0119dzi\u00f3w i autonomi\u0119 s\u0105d\u00f3w. Narusza to prawo obywateli do ustanowionego ustaw\u0105 bezstronnego s\u0105du, stwarzaj\u0105c mo\u017cliwo\u015b\u0107 arbitralnego powo\u0142ywania sk\u0142ad\u00f3w s\u0119dziowskich. W konsekwencji Minister wyda\u0142 akt wykonawczy bez upowa\u017cnienia ustawowego i sprzeczny z prawem, przekraczaj\u0105cy tym samym uprawnienia Ministra Sprawiedliwo\u015bci i dzia\u0142aj\u0105cy ze szkod\u0105 dla interesu publicznego, czyli praworz\u0105dno\u015bci, niezawis\u0142o\u015bci s\u0105downictwa i prawa obywateli do ustanowionego ustaw\u0105 bezstronnego s\u0105du\u201d.<\/p>\n<\/div>\n<\/div>\n","protected":false},"excerpt":{"rendered":"<p>We wtorek Prezydent Karol Nawrocki z\u0142o\u017cy\u0142 wniosek do Trybuna\u0142u Konstytucyjnego o zbadanie, czy wydane przez Ministra Sprawiedliwo\u015bci rozporz\u0105dzenie w sprawie<\/p>\n","protected":false},"author":1,"featured_media":7156,"comment_status":"open","ping_status":"open","sticky":false,"template":"","format":"standard","meta":{"footnotes":""},"categories":[4748],"tags":[11449,2737,3885,2739,11448,1798,11450,2037,11452,757,2736,11451,10586],"class_list":["post-9932","post","type-post","status-publish","format-standard","has-post-thumbnail","hentry","category-aktualne","tag-dekretem","tag-konstytucyjnego","tag-ministra","tag-politycznym","tag-powolywanie","tag-prokuratury","tag-rozporzadzenie","tag-sedziow","tag-skierowane","tag-sprawiedliwosci","tag-trybunalu","tag-waldemara","tag-zurka","generate-columns","tablet-grid-50","mobile-grid-100","grid-parent","grid-50","resize-featured-image"],"yoast_head":"<!-- This site is optimized with the Yoast SEO plugin v23.2 - https:\/\/yoast.com\/wordpress\/plugins\/seo\/ -->\n<title>\u201ePowo\u0142ywanie s\u0119dzi\u00f3w dekretem politycznym\u201d: rozporz\u0105dzenie Ministra Sprawiedliwo\u015bci Waldemara \u017burka skierowane do Trybuna\u0142u Konstytucyjnego i Prokuratury - POGOTOWIE FLAGOWE\u00ae<\/title>\n<meta name=\"robots\" content=\"index, follow, max-snippet:-1, max-image-preview:large, max-video-preview:-1\" \/>\n<link rel=\"canonical\" href=\"https:\/\/www.pogotowieflagowe.pl\/aktualne\/powolywanie-sedziow-dekretem-politycznym-rozporzadzenie-ministra-sprawiedliwosci-waldemara-zurka-skierowane-do-trybunalu-konstytucyjnego-i-prokuratury\/\" \/>\n<meta property=\"og:locale\" content=\"pl_PL\" \/>\n<meta property=\"og:type\" content=\"article\" \/>\n<meta property=\"og:title\" content=\"\u201ePowo\u0142ywanie s\u0119dzi\u00f3w dekretem politycznym\u201d: rozporz\u0105dzenie Ministra Sprawiedliwo\u015bci Waldemara \u017burka skierowane do Trybuna\u0142u Konstytucyjnego i Prokuratury - POGOTOWIE FLAGOWE\u00ae\" \/>\n<meta property=\"og:description\" content=\"We wtorek Prezydent Karol Nawrocki z\u0142o\u017cy\u0142 wniosek do Trybuna\u0142u Konstytucyjnego o zbadanie, czy wydane przez Ministra Sprawiedliwo\u015bci rozporz\u0105dzenie w sprawie\" \/>\n<meta property=\"og:url\" content=\"https:\/\/www.pogotowieflagowe.pl\/aktualne\/powolywanie-sedziow-dekretem-politycznym-rozporzadzenie-ministra-sprawiedliwosci-waldemara-zurka-skierowane-do-trybunalu-konstytucyjnego-i-prokuratury\/\" \/>\n<meta property=\"og:site_name\" content=\"POGOTOWIE FLAGOWE\u00ae\" \/>\n<meta property=\"article:published_time\" content=\"2025-10-29T13:38:31+00:00\" \/>\n<meta property=\"article:modified_time\" content=\"2025-10-29T13:38:32+00:00\" \/>\n<meta property=\"og:image\" content=\"https:\/\/www.pogotowieflagowe.pl\/aktualne\/wp-content\/uploads\/2025\/08\/Prezydent-Nawrocki-na-spotkanie-z-premierem-Tuska-na-prosbe-Tuska.webp.webp\" \/>\n\t<meta property=\"og:image:width\" content=\"1280\" \/>\n\t<meta property=\"og:image:height\" content=\"719\" \/>\n\t<meta property=\"og:image:type\" content=\"image\/webp\" \/>\n<meta name=\"author\" content=\"Filip\" \/>\n<meta name=\"twitter:card\" content=\"summary_large_image\" \/>\n<meta name=\"twitter:label1\" content=\"Napisane przez\" \/>\n\t<meta name=\"twitter:data1\" content=\"Filip\" \/>\n\t<meta name=\"twitter:label2\" content=\"Szacowany czas czytania\" \/>\n\t<meta name=\"twitter:data2\" content=\"3 minuty\" \/>\n<script type=\"application\/ld+json\" class=\"yoast-schema-graph\">{\"@context\":\"https:\/\/schema.org\",\"@graph\":[{\"@type\":\"Article\",\"@id\":\"https:\/\/www.pogotowieflagowe.pl\/aktualne\/powolywanie-sedziow-dekretem-politycznym-rozporzadzenie-ministra-sprawiedliwosci-waldemara-zurka-skierowane-do-trybunalu-konstytucyjnego-i-prokuratury\/#article\",\"isPartOf\":{\"@id\":\"https:\/\/www.pogotowieflagowe.pl\/aktualne\/powolywanie-sedziow-dekretem-politycznym-rozporzadzenie-ministra-sprawiedliwosci-waldemara-zurka-skierowane-do-trybunalu-konstytucyjnego-i-prokuratury\/\"},\"author\":{\"name\":\"Filip\",\"@id\":\"https:\/\/www.pogotowieflagowe.pl\/aktualne\/#\/schema\/person\/9c2fb7d2362ebf6fa088960d7f0d27b0\"},\"headline\":\"\u201ePowo\u0142ywanie s\u0119dzi\u00f3w dekretem politycznym\u201d: rozporz\u0105dzenie Ministra Sprawiedliwo\u015bci Waldemara \u017burka skierowane do Trybuna\u0142u Konstytucyjnego i Prokuratury\",\"datePublished\":\"2025-10-29T13:38:31+00:00\",\"dateModified\":\"2025-10-29T13:38:32+00:00\",\"mainEntityOfPage\":{\"@id\":\"https:\/\/www.pogotowieflagowe.pl\/aktualne\/powolywanie-sedziow-dekretem-politycznym-rozporzadzenie-ministra-sprawiedliwosci-waldemara-zurka-skierowane-do-trybunalu-konstytucyjnego-i-prokuratury\/\"},\"wordCount\":692,\"commentCount\":0,\"publisher\":{\"@id\":\"https:\/\/www.pogotowieflagowe.pl\/aktualne\/#organization\"},\"image\":{\"@id\":\"https:\/\/www.pogotowieflagowe.pl\/aktualne\/powolywanie-sedziow-dekretem-politycznym-rozporzadzenie-ministra-sprawiedliwosci-waldemara-zurka-skierowane-do-trybunalu-konstytucyjnego-i-prokuratury\/#primaryimage\"},\"thumbnailUrl\":\"https:\/\/www.pogotowieflagowe.pl\/aktualne\/wp-content\/uploads\/2025\/08\/Prezydent-Nawrocki-na-spotkanie-z-premierem-Tuska-na-prosbe-Tuska.webp.webp\",\"keywords\":[\"dekretem\",\"Konstytucyjnego\",\"Ministra\",\"politycznym\",\"Powo\u0142ywanie\",\"prokuratury\",\"rozporz\u0105dzenie\",\"s\u0119dzi\u00f3w\",\"skierowane\",\"sprawiedliwo\u015bci\",\"Trybuna\u0142u\",\"Waldemara\",\"\u017burka\"],\"articleSection\":[\"Aktualne\"],\"inLanguage\":\"pl-PL\",\"potentialAction\":[{\"@type\":\"CommentAction\",\"name\":\"Comment\",\"target\":[\"https:\/\/www.pogotowieflagowe.pl\/aktualne\/powolywanie-sedziow-dekretem-politycznym-rozporzadzenie-ministra-sprawiedliwosci-waldemara-zurka-skierowane-do-trybunalu-konstytucyjnego-i-prokuratury\/#respond\"]}]},{\"@type\":\"WebPage\",\"@id\":\"https:\/\/www.pogotowieflagowe.pl\/aktualne\/powolywanie-sedziow-dekretem-politycznym-rozporzadzenie-ministra-sprawiedliwosci-waldemara-zurka-skierowane-do-trybunalu-konstytucyjnego-i-prokuratury\/\",\"url\":\"https:\/\/www.pogotowieflagowe.pl\/aktualne\/powolywanie-sedziow-dekretem-politycznym-rozporzadzenie-ministra-sprawiedliwosci-waldemara-zurka-skierowane-do-trybunalu-konstytucyjnego-i-prokuratury\/\",\"name\":\"\u201ePowo\u0142ywanie s\u0119dzi\u00f3w dekretem politycznym\u201d: rozporz\u0105dzenie Ministra Sprawiedliwo\u015bci Waldemara \u017burka skierowane do Trybuna\u0142u Konstytucyjnego i Prokuratury - POGOTOWIE FLAGOWE\u00ae\",\"isPartOf\":{\"@id\":\"https:\/\/www.pogotowieflagowe.pl\/aktualne\/#website\"},\"primaryImageOfPage\":{\"@id\":\"https:\/\/www.pogotowieflagowe.pl\/aktualne\/powolywanie-sedziow-dekretem-politycznym-rozporzadzenie-ministra-sprawiedliwosci-waldemara-zurka-skierowane-do-trybunalu-konstytucyjnego-i-prokuratury\/#primaryimage\"},\"image\":{\"@id\":\"https:\/\/www.pogotowieflagowe.pl\/aktualne\/powolywanie-sedziow-dekretem-politycznym-rozporzadzenie-ministra-sprawiedliwosci-waldemara-zurka-skierowane-do-trybunalu-konstytucyjnego-i-prokuratury\/#primaryimage\"},\"thumbnailUrl\":\"https:\/\/www.pogotowieflagowe.pl\/aktualne\/wp-content\/uploads\/2025\/08\/Prezydent-Nawrocki-na-spotkanie-z-premierem-Tuska-na-prosbe-Tuska.webp.webp\",\"datePublished\":\"2025-10-29T13:38:31+00:00\",\"dateModified\":\"2025-10-29T13:38:32+00:00\",\"breadcrumb\":{\"@id\":\"https:\/\/www.pogotowieflagowe.pl\/aktualne\/powolywanie-sedziow-dekretem-politycznym-rozporzadzenie-ministra-sprawiedliwosci-waldemara-zurka-skierowane-do-trybunalu-konstytucyjnego-i-prokuratury\/#breadcrumb\"},\"inLanguage\":\"pl-PL\",\"potentialAction\":[{\"@type\":\"ReadAction\",\"target\":[\"https:\/\/www.pogotowieflagowe.pl\/aktualne\/powolywanie-sedziow-dekretem-politycznym-rozporzadzenie-ministra-sprawiedliwosci-waldemara-zurka-skierowane-do-trybunalu-konstytucyjnego-i-prokuratury\/\"]}]},{\"@type\":\"ImageObject\",\"inLanguage\":\"pl-PL\",\"@id\":\"https:\/\/www.pogotowieflagowe.pl\/aktualne\/powolywanie-sedziow-dekretem-politycznym-rozporzadzenie-ministra-sprawiedliwosci-waldemara-zurka-skierowane-do-trybunalu-konstytucyjnego-i-prokuratury\/#primaryimage\",\"url\":\"https:\/\/www.pogotowieflagowe.pl\/aktualne\/wp-content\/uploads\/2025\/08\/Prezydent-Nawrocki-na-spotkanie-z-premierem-Tuska-na-prosbe-Tuska.webp.webp\",\"contentUrl\":\"https:\/\/www.pogotowieflagowe.pl\/aktualne\/wp-content\/uploads\/2025\/08\/Prezydent-Nawrocki-na-spotkanie-z-premierem-Tuska-na-prosbe-Tuska.webp.webp\",\"width\":1280,\"height\":719,\"caption\":\"Prezydent Nawrocki na spotkanie z premierem Tuska na pro\u015bb\u0119 Tuska\"},{\"@type\":\"BreadcrumbList\",\"@id\":\"https:\/\/www.pogotowieflagowe.pl\/aktualne\/powolywanie-sedziow-dekretem-politycznym-rozporzadzenie-ministra-sprawiedliwosci-waldemara-zurka-skierowane-do-trybunalu-konstytucyjnego-i-prokuratury\/#breadcrumb\",\"itemListElement\":[{\"@type\":\"ListItem\",\"position\":1,\"name\":\"Home\",\"item\":\"https:\/\/www.pogotowieflagowe.pl\/aktualne\/\"},{\"@type\":\"ListItem\",\"position\":2,\"name\":\"\u201ePowo\u0142ywanie s\u0119dzi\u00f3w dekretem politycznym\u201d: rozporz\u0105dzenie Ministra Sprawiedliwo\u015bci Waldemara \u017burka skierowane do Trybuna\u0142u Konstytucyjnego i Prokuratury\"}]},{\"@type\":\"WebSite\",\"@id\":\"https:\/\/www.pogotowieflagowe.pl\/aktualne\/#website\",\"url\":\"https:\/\/www.pogotowieflagowe.pl\/aktualne\/\",\"name\":\"POGOTOWIE FLAGOWE\u00ae\",\"description\":\"\",\"publisher\":{\"@id\":\"https:\/\/www.pogotowieflagowe.pl\/aktualne\/#organization\"},\"potentialAction\":[{\"@type\":\"SearchAction\",\"target\":{\"@type\":\"EntryPoint\",\"urlTemplate\":\"https:\/\/www.pogotowieflagowe.pl\/aktualne\/?s={search_term_string}\"},\"query-input\":\"required name=search_term_string\"}],\"inLanguage\":\"pl-PL\"},{\"@type\":\"Organization\",\"@id\":\"https:\/\/www.pogotowieflagowe.pl\/aktualne\/#organization\",\"name\":\"POGOTOWIE FLAGOWE\u00ae\",\"url\":\"https:\/\/www.pogotowieflagowe.pl\/aktualne\/\",\"logo\":{\"@type\":\"ImageObject\",\"inLanguage\":\"pl-PL\",\"@id\":\"https:\/\/www.pogotowieflagowe.pl\/aktualne\/#\/schema\/logo\/image\/\",\"url\":\"https:\/\/www.pogotowieflagowe.pl\/aktualne\/wp-content\/uploads\/2024\/08\/cropped-pogotowieflagowe_flaga_projekt_sm.jpg\",\"contentUrl\":\"https:\/\/www.pogotowieflagowe.pl\/aktualne\/wp-content\/uploads\/2024\/08\/cropped-pogotowieflagowe_flaga_projekt_sm.jpg\",\"width\":250,\"height\":143,\"caption\":\"POGOTOWIE FLAGOWE\u00ae\"},\"image\":{\"@id\":\"https:\/\/www.pogotowieflagowe.pl\/aktualne\/#\/schema\/logo\/image\/\"}},{\"@type\":\"Person\",\"@id\":\"https:\/\/www.pogotowieflagowe.pl\/aktualne\/#\/schema\/person\/9c2fb7d2362ebf6fa088960d7f0d27b0\",\"name\":\"Filip\",\"image\":{\"@type\":\"ImageObject\",\"inLanguage\":\"pl-PL\",\"@id\":\"https:\/\/www.pogotowieflagowe.pl\/aktualne\/#\/schema\/person\/image\/\",\"url\":\"https:\/\/www.pogotowieflagowe.pl\/aktualne\/wp-content\/uploads\/2024\/08\/pogotowieflagowe.pl_.jpg\",\"contentUrl\":\"https:\/\/www.pogotowieflagowe.pl\/aktualne\/wp-content\/uploads\/2024\/08\/pogotowieflagowe.pl_.jpg\",\"caption\":\"Filip\"},\"description\":\"Jestem Filip, polski dziennikarz z dyplomem nauk politycznych Uniwersytetu Warszawskiego. Rozpoczynaj\u0105c swoj\u0105 karier\u0119 w r\u00f3\u017cnych lokalnych mediach, zdoby\u0142em solidne do\u015bwiadczenie w zakresie \u015bledztwa i redakcji. Obecnie jako redaktor w Pogotowie flagowe, staram si\u0119 dostarcza\u0107 dog\u0142\u0119bne i istotne analizy na temat najwa\u017cniejszych kwestii aktualno\u015bci, \u0142\u0105cz\u0105c rygor z pasj\u0105 dziennikarsk\u0105.\",\"sameAs\":[\"https:\/\/www.pogotowieflagowe.pl\/\"]}]}<\/script>\n<!-- \/ Yoast SEO plugin. -->","yoast_head_json":{"title":"\u201ePowo\u0142ywanie s\u0119dzi\u00f3w dekretem politycznym\u201d: rozporz\u0105dzenie Ministra Sprawiedliwo\u015bci Waldemara \u017burka skierowane do Trybuna\u0142u Konstytucyjnego i Prokuratury - POGOTOWIE FLAGOWE\u00ae","robots":{"index":"index","follow":"follow","max-snippet":"max-snippet:-1","max-image-preview":"max-image-preview:large","max-video-preview":"max-video-preview:-1"},"canonical":"https:\/\/www.pogotowieflagowe.pl\/aktualne\/powolywanie-sedziow-dekretem-politycznym-rozporzadzenie-ministra-sprawiedliwosci-waldemara-zurka-skierowane-do-trybunalu-konstytucyjnego-i-prokuratury\/","og_locale":"pl_PL","og_type":"article","og_title":"\u201ePowo\u0142ywanie s\u0119dzi\u00f3w dekretem politycznym\u201d: rozporz\u0105dzenie Ministra Sprawiedliwo\u015bci Waldemara \u017burka skierowane do Trybuna\u0142u Konstytucyjnego i Prokuratury - POGOTOWIE FLAGOWE\u00ae","og_description":"We wtorek Prezydent Karol Nawrocki z\u0142o\u017cy\u0142 wniosek do Trybuna\u0142u Konstytucyjnego o zbadanie, czy wydane przez Ministra Sprawiedliwo\u015bci rozporz\u0105dzenie w sprawie","og_url":"https:\/\/www.pogotowieflagowe.pl\/aktualne\/powolywanie-sedziow-dekretem-politycznym-rozporzadzenie-ministra-sprawiedliwosci-waldemara-zurka-skierowane-do-trybunalu-konstytucyjnego-i-prokuratury\/","og_site_name":"POGOTOWIE FLAGOWE\u00ae","article_published_time":"2025-10-29T13:38:31+00:00","article_modified_time":"2025-10-29T13:38:32+00:00","og_image":[{"width":1280,"height":719,"url":"https:\/\/www.pogotowieflagowe.pl\/aktualne\/wp-content\/uploads\/2025\/08\/Prezydent-Nawrocki-na-spotkanie-z-premierem-Tuska-na-prosbe-Tuska.webp.webp","type":"image\/webp"}],"author":"Filip","twitter_card":"summary_large_image","twitter_misc":{"Napisane przez":"Filip","Szacowany czas czytania":"3 minuty"},"schema":{"@context":"https:\/\/schema.org","@graph":[{"@type":"Article","@id":"https:\/\/www.pogotowieflagowe.pl\/aktualne\/powolywanie-sedziow-dekretem-politycznym-rozporzadzenie-ministra-sprawiedliwosci-waldemara-zurka-skierowane-do-trybunalu-konstytucyjnego-i-prokuratury\/#article","isPartOf":{"@id":"https:\/\/www.pogotowieflagowe.pl\/aktualne\/powolywanie-sedziow-dekretem-politycznym-rozporzadzenie-ministra-sprawiedliwosci-waldemara-zurka-skierowane-do-trybunalu-konstytucyjnego-i-prokuratury\/"},"author":{"name":"Filip","@id":"https:\/\/www.pogotowieflagowe.pl\/aktualne\/#\/schema\/person\/9c2fb7d2362ebf6fa088960d7f0d27b0"},"headline":"\u201ePowo\u0142ywanie s\u0119dzi\u00f3w dekretem politycznym\u201d: rozporz\u0105dzenie Ministra Sprawiedliwo\u015bci Waldemara \u017burka skierowane do Trybuna\u0142u Konstytucyjnego i Prokuratury","datePublished":"2025-10-29T13:38:31+00:00","dateModified":"2025-10-29T13:38:32+00:00","mainEntityOfPage":{"@id":"https:\/\/www.pogotowieflagowe.pl\/aktualne\/powolywanie-sedziow-dekretem-politycznym-rozporzadzenie-ministra-sprawiedliwosci-waldemara-zurka-skierowane-do-trybunalu-konstytucyjnego-i-prokuratury\/"},"wordCount":692,"commentCount":0,"publisher":{"@id":"https:\/\/www.pogotowieflagowe.pl\/aktualne\/#organization"},"image":{"@id":"https:\/\/www.pogotowieflagowe.pl\/aktualne\/powolywanie-sedziow-dekretem-politycznym-rozporzadzenie-ministra-sprawiedliwosci-waldemara-zurka-skierowane-do-trybunalu-konstytucyjnego-i-prokuratury\/#primaryimage"},"thumbnailUrl":"https:\/\/www.pogotowieflagowe.pl\/aktualne\/wp-content\/uploads\/2025\/08\/Prezydent-Nawrocki-na-spotkanie-z-premierem-Tuska-na-prosbe-Tuska.webp.webp","keywords":["dekretem","Konstytucyjnego","Ministra","politycznym","Powo\u0142ywanie","prokuratury","rozporz\u0105dzenie","s\u0119dzi\u00f3w","skierowane","sprawiedliwo\u015bci","Trybuna\u0142u","Waldemara","\u017burka"],"articleSection":["Aktualne"],"inLanguage":"pl-PL","potentialAction":[{"@type":"CommentAction","name":"Comment","target":["https:\/\/www.pogotowieflagowe.pl\/aktualne\/powolywanie-sedziow-dekretem-politycznym-rozporzadzenie-ministra-sprawiedliwosci-waldemara-zurka-skierowane-do-trybunalu-konstytucyjnego-i-prokuratury\/#respond"]}]},{"@type":"WebPage","@id":"https:\/\/www.pogotowieflagowe.pl\/aktualne\/powolywanie-sedziow-dekretem-politycznym-rozporzadzenie-ministra-sprawiedliwosci-waldemara-zurka-skierowane-do-trybunalu-konstytucyjnego-i-prokuratury\/","url":"https:\/\/www.pogotowieflagowe.pl\/aktualne\/powolywanie-sedziow-dekretem-politycznym-rozporzadzenie-ministra-sprawiedliwosci-waldemara-zurka-skierowane-do-trybunalu-konstytucyjnego-i-prokuratury\/","name":"\u201ePowo\u0142ywanie s\u0119dzi\u00f3w dekretem politycznym\u201d: rozporz\u0105dzenie Ministra Sprawiedliwo\u015bci Waldemara \u017burka skierowane do Trybuna\u0142u Konstytucyjnego i Prokuratury - POGOTOWIE FLAGOWE\u00ae","isPartOf":{"@id":"https:\/\/www.pogotowieflagowe.pl\/aktualne\/#website"},"primaryImageOfPage":{"@id":"https:\/\/www.pogotowieflagowe.pl\/aktualne\/powolywanie-sedziow-dekretem-politycznym-rozporzadzenie-ministra-sprawiedliwosci-waldemara-zurka-skierowane-do-trybunalu-konstytucyjnego-i-prokuratury\/#primaryimage"},"image":{"@id":"https:\/\/www.pogotowieflagowe.pl\/aktualne\/powolywanie-sedziow-dekretem-politycznym-rozporzadzenie-ministra-sprawiedliwosci-waldemara-zurka-skierowane-do-trybunalu-konstytucyjnego-i-prokuratury\/#primaryimage"},"thumbnailUrl":"https:\/\/www.pogotowieflagowe.pl\/aktualne\/wp-content\/uploads\/2025\/08\/Prezydent-Nawrocki-na-spotkanie-z-premierem-Tuska-na-prosbe-Tuska.webp.webp","datePublished":"2025-10-29T13:38:31+00:00","dateModified":"2025-10-29T13:38:32+00:00","breadcrumb":{"@id":"https:\/\/www.pogotowieflagowe.pl\/aktualne\/powolywanie-sedziow-dekretem-politycznym-rozporzadzenie-ministra-sprawiedliwosci-waldemara-zurka-skierowane-do-trybunalu-konstytucyjnego-i-prokuratury\/#breadcrumb"},"inLanguage":"pl-PL","potentialAction":[{"@type":"ReadAction","target":["https:\/\/www.pogotowieflagowe.pl\/aktualne\/powolywanie-sedziow-dekretem-politycznym-rozporzadzenie-ministra-sprawiedliwosci-waldemara-zurka-skierowane-do-trybunalu-konstytucyjnego-i-prokuratury\/"]}]},{"@type":"ImageObject","inLanguage":"pl-PL","@id":"https:\/\/www.pogotowieflagowe.pl\/aktualne\/powolywanie-sedziow-dekretem-politycznym-rozporzadzenie-ministra-sprawiedliwosci-waldemara-zurka-skierowane-do-trybunalu-konstytucyjnego-i-prokuratury\/#primaryimage","url":"https:\/\/www.pogotowieflagowe.pl\/aktualne\/wp-content\/uploads\/2025\/08\/Prezydent-Nawrocki-na-spotkanie-z-premierem-Tuska-na-prosbe-Tuska.webp.webp","contentUrl":"https:\/\/www.pogotowieflagowe.pl\/aktualne\/wp-content\/uploads\/2025\/08\/Prezydent-Nawrocki-na-spotkanie-z-premierem-Tuska-na-prosbe-Tuska.webp.webp","width":1280,"height":719,"caption":"Prezydent Nawrocki na spotkanie z premierem Tuska na pro\u015bb\u0119 Tuska"},{"@type":"BreadcrumbList","@id":"https:\/\/www.pogotowieflagowe.pl\/aktualne\/powolywanie-sedziow-dekretem-politycznym-rozporzadzenie-ministra-sprawiedliwosci-waldemara-zurka-skierowane-do-trybunalu-konstytucyjnego-i-prokuratury\/#breadcrumb","itemListElement":[{"@type":"ListItem","position":1,"name":"Home","item":"https:\/\/www.pogotowieflagowe.pl\/aktualne\/"},{"@type":"ListItem","position":2,"name":"\u201ePowo\u0142ywanie s\u0119dzi\u00f3w dekretem politycznym\u201d: rozporz\u0105dzenie Ministra Sprawiedliwo\u015bci Waldemara \u017burka skierowane do Trybuna\u0142u Konstytucyjnego i Prokuratury"}]},{"@type":"WebSite","@id":"https:\/\/www.pogotowieflagowe.pl\/aktualne\/#website","url":"https:\/\/www.pogotowieflagowe.pl\/aktualne\/","name":"POGOTOWIE FLAGOWE\u00ae","description":"","publisher":{"@id":"https:\/\/www.pogotowieflagowe.pl\/aktualne\/#organization"},"potentialAction":[{"@type":"SearchAction","target":{"@type":"EntryPoint","urlTemplate":"https:\/\/www.pogotowieflagowe.pl\/aktualne\/?s={search_term_string}"},"query-input":"required name=search_term_string"}],"inLanguage":"pl-PL"},{"@type":"Organization","@id":"https:\/\/www.pogotowieflagowe.pl\/aktualne\/#organization","name":"POGOTOWIE FLAGOWE\u00ae","url":"https:\/\/www.pogotowieflagowe.pl\/aktualne\/","logo":{"@type":"ImageObject","inLanguage":"pl-PL","@id":"https:\/\/www.pogotowieflagowe.pl\/aktualne\/#\/schema\/logo\/image\/","url":"https:\/\/www.pogotowieflagowe.pl\/aktualne\/wp-content\/uploads\/2024\/08\/cropped-pogotowieflagowe_flaga_projekt_sm.jpg","contentUrl":"https:\/\/www.pogotowieflagowe.pl\/aktualne\/wp-content\/uploads\/2024\/08\/cropped-pogotowieflagowe_flaga_projekt_sm.jpg","width":250,"height":143,"caption":"POGOTOWIE FLAGOWE\u00ae"},"image":{"@id":"https:\/\/www.pogotowieflagowe.pl\/aktualne\/#\/schema\/logo\/image\/"}},{"@type":"Person","@id":"https:\/\/www.pogotowieflagowe.pl\/aktualne\/#\/schema\/person\/9c2fb7d2362ebf6fa088960d7f0d27b0","name":"Filip","image":{"@type":"ImageObject","inLanguage":"pl-PL","@id":"https:\/\/www.pogotowieflagowe.pl\/aktualne\/#\/schema\/person\/image\/","url":"https:\/\/www.pogotowieflagowe.pl\/aktualne\/wp-content\/uploads\/2024\/08\/pogotowieflagowe.pl_.jpg","contentUrl":"https:\/\/www.pogotowieflagowe.pl\/aktualne\/wp-content\/uploads\/2024\/08\/pogotowieflagowe.pl_.jpg","caption":"Filip"},"description":"Jestem Filip, polski dziennikarz z dyplomem nauk politycznych Uniwersytetu Warszawskiego. Rozpoczynaj\u0105c swoj\u0105 karier\u0119 w r\u00f3\u017cnych lokalnych mediach, zdoby\u0142em solidne do\u015bwiadczenie w zakresie \u015bledztwa i redakcji. Obecnie jako redaktor w Pogotowie flagowe, staram si\u0119 dostarcza\u0107 dog\u0142\u0119bne i istotne analizy na temat najwa\u017cniejszych kwestii aktualno\u015bci, \u0142\u0105cz\u0105c rygor z pasj\u0105 dziennikarsk\u0105.","sameAs":["https:\/\/www.pogotowieflagowe.pl\/"]}]}},"_links":{"self":[{"href":"https:\/\/www.pogotowieflagowe.pl\/aktualne\/wp-json\/wp\/v2\/posts\/9932","targetHints":{"allow":["GET"]}}],"collection":[{"href":"https:\/\/www.pogotowieflagowe.pl\/aktualne\/wp-json\/wp\/v2\/posts"}],"about":[{"href":"https:\/\/www.pogotowieflagowe.pl\/aktualne\/wp-json\/wp\/v2\/types\/post"}],"author":[{"embeddable":true,"href":"https:\/\/www.pogotowieflagowe.pl\/aktualne\/wp-json\/wp\/v2\/users\/1"}],"replies":[{"embeddable":true,"href":"https:\/\/www.pogotowieflagowe.pl\/aktualne\/wp-json\/wp\/v2\/comments?post=9932"}],"version-history":[{"count":1,"href":"https:\/\/www.pogotowieflagowe.pl\/aktualne\/wp-json\/wp\/v2\/posts\/9932\/revisions"}],"predecessor-version":[{"id":9933,"href":"https:\/\/www.pogotowieflagowe.pl\/aktualne\/wp-json\/wp\/v2\/posts\/9932\/revisions\/9933"}],"wp:featuredmedia":[{"embeddable":true,"href":"https:\/\/www.pogotowieflagowe.pl\/aktualne\/wp-json\/wp\/v2\/media\/7156"}],"wp:attachment":[{"href":"https:\/\/www.pogotowieflagowe.pl\/aktualne\/wp-json\/wp\/v2\/media?parent=9932"}],"wp:term":[{"taxonomy":"category","embeddable":true,"href":"https:\/\/www.pogotowieflagowe.pl\/aktualne\/wp-json\/wp\/v2\/categories?post=9932"},{"taxonomy":"post_tag","embeddable":true,"href":"https:\/\/www.pogotowieflagowe.pl\/aktualne\/wp-json\/wp\/v2\/tags?post=9932"}],"curies":[{"name":"wp","href":"https:\/\/api.w.org\/{rel}","templated":true}]}}