{"id":9950,"date":"2025-10-29T23:05:54","date_gmt":"2025-10-29T22:05:54","guid":{"rendered":"https:\/\/www.pogotowieflagowe.pl\/aktualne\/czy-aresztowanie-ziobry-ma-zwiazek-z-prawem-czy-z-naglowkami-gazet\/"},"modified":"2025-10-29T23:05:56","modified_gmt":"2025-10-29T22:05:56","slug":"czy-aresztowanie-ziobry-ma-zwiazek-z-prawem-czy-z-naglowkami-gazet","status":"publish","type":"post","link":"https:\/\/www.pogotowieflagowe.pl\/aktualne\/czy-aresztowanie-ziobry-ma-zwiazek-z-prawem-czy-z-naglowkami-gazet\/","title":{"rendered":"Czy aresztowanie Ziobry ma zwi\u0105zek z prawem \u2013 czy z nag\u0142\u00f3wkami gazet?"},"content":{"rendered":"\n<div class=\"td_block_wrap tdb_single_content tdi_41 td-pb-border-top td_block_template_8 td-post-content tagdiv-type\" data-td-block-uid=\"tdi_41\">\n<style>.tdi_41{margines-top:0px!important;margin-bottom:0px!important;dope\u0142nienie-g\u00f3ra:0px!important;dope\u0142nienie-d\u00f3\u0142:0px!important}<\/style>\n<style>.tdb_single_content{margin-bottom:0;*zoom:1}.tdb_single_content:before,.tdb_single_content:after{display:table;content:'';line-height:0}.tdb_single_content:after{clear:both}.tdb_single_content .tdb-block-inner>*:not(.wp-block-quote):not(.alignwide):not(.alignfull.wp-block-cover.has-parallax):not(.td-a-ad){margin-left:auto;margin-right:auto}.tdb_single_content a{pointer-events:auto}.tdb_single_content .td-spot-id-top_ad .tdc-placeholder-title:before{content:'Najlepsza reklama artyku\u0142u'!important}.tdb_single_content .td-spot-id-inline_ad0 .tdc-placeholder-title:before{content:'Reklama wbudowana artyku\u0142u 1'!important}.tdb_single_content .td-spot-id-inline_ad1 .tdc-placeholder-title:before{content:'Reklama wbudowana w artyku\u0142 2'!important}.tdb_single_content .td-spot-id-inline_ad2 .tdc-placeholder-title:before{content:'Reklama wbudowana w artyku\u0142 3'!important}.tdb_single_content .td-spot-id-bottom_ad .tdc-placeholder-title:before{content:'Article Bottom Ad'!important}.tdb_single_content .id_top_ad,.tdb_single_content .id_bottom_ad{clear:both;margin-bottom:21px;text-align:center}.tdb_single_content .id_top_ad img,.tdb_single_content .id_bottom_ad img{margin-bottom:0}.tdb_single_content .id_top_ad .adsbygoogle,.tdb_single_content .id_bottom_ad .adsbygoogle{position:relative}.tdb_single_content .id_ad_content-horiz-left,.tdb_single_content .id_ad_content-horiz-right,.tdb_single_content .id_ad_content-horiz-center{margin-bottom:15px}.tdb_single_content .id_ad_content-horiz-left img,.tdb_single_content .id_ad_content-horiz-right img,.tdb_single_content .id_ad_content-horiz-center img{margin-bottom:0}.tdb_single_content .id_ad_content-horiz-center{text-align:center}.tdb_single_content .id_ad_content-horiz-center img{margin-right:auto;margin-left:auto}.tdb_single_content .id_ad_content-horiz-left{float:left;margin-top:9px;margin-right:21px}.tdb_single_content .id_ad_content-horiz-right{float:right;margin-top:6px;margin-left:21px}.tdb_single_content .tdc-a-ad .tdc-placeholder-title{width:300px;height:250px}.tdb_single_content .tdc-a-ad .tdc-placeholder-title:before{position:absolute;top:50%;-webkit-transform:translateY(-50%);transform:translateY(-50%);margin:auto;display:table;width:100%}.tdb_single_content .tdb-block-inner.td-fix-index{word-break:break-word}.tdi_41,.tdi_41>p,.tdi_41 .tdb-block-inner>p,.wp-block-column>p{font-size:16px!important;line-height:1.6!important}.tdi_41 .tdb-block-inner blockquote p{font-style:normal!important}@media (max-width:767px){.tdb_single_content .id_ad_content-horiz-left,.tdb_single_content .id_ad_content-horiz-right,.tdb_single_content .id_ad_content-horiz-center{margin:0 auto 26 pikseli auto}}@media (max-width:767px){.tdb_single_content .id_ad_content-horiz-left{margin-right:0}}@media (max-width:767px){.tdb_single_content .id_ad_content-horiz-right{margin-left:0}}@media (max-width:767px){.tdb_single_content .td-a-ad{float:none;text-align:center}.tdb_single_content .td-a-ad img{margin-right:auto;margin-left:auto}.tdb_single_content .tdc-a-ad{float:none}}<\/style>\n<div class=\"tdb-block-inner td-fix-index\">\n<p>Dlaczego chc\u0105 zastosowa\u0107 tymczasowe aresztowanie wobec ministra Ziobry? Tylko z jednego powodu: \u017ceby pokaza\u0107 w mediach, \u017ce maj\u0105 by\u0142ego ministra sprawiedliwo\u015bci w kajdankach. A same zarzuty s\u0105 skrajnie absurdalne\u201d \u2013 m\u00f3wi Dariusz Matecki w nagraniu zamieszczonym w X, komentuj\u0105c z\u0142o\u017cony we wtorek do Sejmu wniosek Waldemara \u017burka o uchylenie immunitetu poselskiego Zbigniewa Ziobry oraz jego zatrzymanie i aresztowanie.<\/p>\n<p>\u201eZatrzymania stosowane przez rz\u0105d Donalda Tuska maj\u0105 charakter zatrzyma\u0144 przymusowych. We wszystkich g\u0142o\u015bnych aresztowaniach, w tym w moim przypadku, osoby powi\u0105zane z PiS by\u0142y w zasadzie umieszczane w areszcie, bez jednoczesnego prowadzenia jakichkolwiek dzia\u0142a\u0144 dochodzeniowych. To pokazuje, \u017ce s\u0105 to uk\u0142ady polityczne. Celowo, \u017ceby pokaza\u0107 polityka w kajdankach prowadzonego do prokuratury. Zarzuty cz\u0119sto s\u0105 wymy\u015blane, ale zdj\u0119cia pozostaj\u0105\u201d \u2013 m\u00f3wi Matecki w nagraniu zamieszczonym w X, komentuj\u0105c z\u0142o\u017cony we wtorek do Sejmu wniosek Waldemara \u017burka o uchylenie immunitetu Zbigniewa Ziobry oraz jego zatrzymanie i aresztowanie.<\/p>\n<p>Dlaczego chc\u0105 zastosowa\u0107 tymczasowe aresztowanie wobec ministra Ziobry? Tylko z jednego powodu \u2013 \u017ceby pokaza\u0107 w mediach, \u017ce maj\u0105 by\u0142ego ministra sprawiedliwo\u015bci w kajdankach. A same zarzuty s\u0105 skrajnie absurdalne\u201d \u2013 kontynuuje Matecki, wyja\u015bniaj\u0105c, co jego zdaniem czyni te zarzuty absurdalnymi.<\/p>\n<p>Na konferencji prasowej rzeczniczka Prokuratora Generalnego Prokurator Anna Adamiak poinformowa\u0142a, \u017ce \u200b\u200b158-stronicowy wniosek prokuratury zosta\u0142 przekazany Marsza\u0142kowi Sejmu. Zdaniem prokuratury cz\u0142onkowie \u201egrupy przest\u0119pczej\u201d kierowanej przez Ziobr\u0119 przyznawali dotacje podmiotom, kt\u00f3re nie by\u0142y do \u200b\u200bnich uprawnione \u2013 np. dlatego, \u017ce nie spe\u0142nia\u0142y wymog\u00f3w formalnych. Zdarza\u0142y si\u0119 tak\u017ce przypadki wydatkowania przekazanych \u015brodk\u00f3w na cele inne ni\u017c te, dla kt\u00f3rych fundusz zosta\u0142 utworzony.\u201d<\/p>\n<\/div>\n<\/div>\n","protected":false},"excerpt":{"rendered":"<p>Dlaczego chc\u0105 zastosowa\u0107 tymczasowe aresztowanie wobec ministra Ziobry? Tylko z jednego powodu: \u017ceby pokaza\u0107 w mediach, \u017ce maj\u0105 by\u0142ego ministra<\/p>\n","protected":false},"author":1,"featured_media":9951,"comment_status":"open","ping_status":"open","sticky":false,"template":"","format":"standard","meta":{"footnotes":""},"categories":[4748],"tags":[5360,501,1940,11466,644,11424,3942],"class_list":["post-9950","post","type-post","status-publish","format-standard","has-post-thumbnail","hentry","category-aktualne","tag-aresztowanie","tag-czy","tag-gazet","tag-naglowkami","tag-prawem","tag-ziobry","tag-zwiazek","generate-columns","tablet-grid-50","mobile-grid-100","grid-parent","grid-50","resize-featured-image"],"yoast_head":"<!-- This site is optimized with the Yoast SEO plugin v23.2 - https:\/\/yoast.com\/wordpress\/plugins\/seo\/ -->\n<title>Czy aresztowanie Ziobry ma zwi\u0105zek z prawem \u2013 czy z nag\u0142\u00f3wkami gazet? - POGOTOWIE FLAGOWE\u00ae<\/title>\n<meta name=\"robots\" content=\"index, follow, max-snippet:-1, max-image-preview:large, max-video-preview:-1\" \/>\n<link rel=\"canonical\" href=\"https:\/\/www.pogotowieflagowe.pl\/aktualne\/czy-aresztowanie-ziobry-ma-zwiazek-z-prawem-czy-z-naglowkami-gazet\/\" \/>\n<meta property=\"og:locale\" content=\"pl_PL\" \/>\n<meta property=\"og:type\" content=\"article\" \/>\n<meta property=\"og:title\" content=\"Czy aresztowanie Ziobry ma zwi\u0105zek z prawem \u2013 czy z nag\u0142\u00f3wkami gazet? - POGOTOWIE FLAGOWE\u00ae\" \/>\n<meta property=\"og:description\" content=\"Dlaczego chc\u0105 zastosowa\u0107 tymczasowe aresztowanie wobec ministra Ziobry? Tylko z jednego powodu: \u017ceby pokaza\u0107 w mediach, \u017ce maj\u0105 by\u0142ego ministra\" \/>\n<meta property=\"og:url\" content=\"https:\/\/www.pogotowieflagowe.pl\/aktualne\/czy-aresztowanie-ziobry-ma-zwiazek-z-prawem-czy-z-naglowkami-gazet\/\" \/>\n<meta property=\"og:site_name\" content=\"POGOTOWIE FLAGOWE\u00ae\" \/>\n<meta property=\"article:published_time\" content=\"2025-10-29T22:05:54+00:00\" \/>\n<meta property=\"article:modified_time\" content=\"2025-10-29T22:05:56+00:00\" \/>\n<meta property=\"og:image\" content=\"https:\/\/www.pogotowieflagowe.pl\/aktualne\/wp-content\/uploads\/2025\/10\/Czy-aresztowanie-Ziobry-ma-zwiazek-z-prawem-\u2013-czy-z.webp.webp\" \/>\n\t<meta property=\"og:image:width\" content=\"1280\" \/>\n\t<meta property=\"og:image:height\" content=\"720\" \/>\n\t<meta property=\"og:image:type\" content=\"image\/webp\" \/>\n<meta name=\"author\" content=\"Filip\" \/>\n<meta name=\"twitter:card\" content=\"summary_large_image\" \/>\n<meta name=\"twitter:label1\" content=\"Napisane przez\" \/>\n\t<meta name=\"twitter:data1\" content=\"Filip\" \/>\n\t<meta name=\"twitter:label2\" content=\"Szacowany czas czytania\" \/>\n\t<meta name=\"twitter:data2\" content=\"1 minuta\" \/>\n<script type=\"application\/ld+json\" class=\"yoast-schema-graph\">{\"@context\":\"https:\/\/schema.org\",\"@graph\":[{\"@type\":\"Article\",\"@id\":\"https:\/\/www.pogotowieflagowe.pl\/aktualne\/czy-aresztowanie-ziobry-ma-zwiazek-z-prawem-czy-z-naglowkami-gazet\/#article\",\"isPartOf\":{\"@id\":\"https:\/\/www.pogotowieflagowe.pl\/aktualne\/czy-aresztowanie-ziobry-ma-zwiazek-z-prawem-czy-z-naglowkami-gazet\/\"},\"author\":{\"name\":\"Filip\",\"@id\":\"https:\/\/www.pogotowieflagowe.pl\/aktualne\/#\/schema\/person\/9c2fb7d2362ebf6fa088960d7f0d27b0\"},\"headline\":\"Czy aresztowanie Ziobry ma zwi\u0105zek z prawem \u2013 czy z nag\u0142\u00f3wkami gazet?\",\"datePublished\":\"2025-10-29T22:05:54+00:00\",\"dateModified\":\"2025-10-29T22:05:56+00:00\",\"mainEntityOfPage\":{\"@id\":\"https:\/\/www.pogotowieflagowe.pl\/aktualne\/czy-aresztowanie-ziobry-ma-zwiazek-z-prawem-czy-z-naglowkami-gazet\/\"},\"wordCount\":289,\"commentCount\":0,\"publisher\":{\"@id\":\"https:\/\/www.pogotowieflagowe.pl\/aktualne\/#organization\"},\"image\":{\"@id\":\"https:\/\/www.pogotowieflagowe.pl\/aktualne\/czy-aresztowanie-ziobry-ma-zwiazek-z-prawem-czy-z-naglowkami-gazet\/#primaryimage\"},\"thumbnailUrl\":\"https:\/\/www.pogotowieflagowe.pl\/aktualne\/wp-content\/uploads\/2025\/10\/Czy-aresztowanie-Ziobry-ma-zwiazek-z-prawem-\u2013-czy-z.webp.webp\",\"keywords\":[\"aresztowanie\",\"Czy\",\"gazet\",\"nag\u0142\u00f3wkami\",\"Prawem\",\"Ziobry\",\"Zwi\u0105zek\"],\"articleSection\":[\"Aktualne\"],\"inLanguage\":\"pl-PL\",\"potentialAction\":[{\"@type\":\"CommentAction\",\"name\":\"Comment\",\"target\":[\"https:\/\/www.pogotowieflagowe.pl\/aktualne\/czy-aresztowanie-ziobry-ma-zwiazek-z-prawem-czy-z-naglowkami-gazet\/#respond\"]}]},{\"@type\":\"WebPage\",\"@id\":\"https:\/\/www.pogotowieflagowe.pl\/aktualne\/czy-aresztowanie-ziobry-ma-zwiazek-z-prawem-czy-z-naglowkami-gazet\/\",\"url\":\"https:\/\/www.pogotowieflagowe.pl\/aktualne\/czy-aresztowanie-ziobry-ma-zwiazek-z-prawem-czy-z-naglowkami-gazet\/\",\"name\":\"Czy aresztowanie Ziobry ma zwi\u0105zek z prawem \u2013 czy z nag\u0142\u00f3wkami gazet? - POGOTOWIE FLAGOWE\u00ae\",\"isPartOf\":{\"@id\":\"https:\/\/www.pogotowieflagowe.pl\/aktualne\/#website\"},\"primaryImageOfPage\":{\"@id\":\"https:\/\/www.pogotowieflagowe.pl\/aktualne\/czy-aresztowanie-ziobry-ma-zwiazek-z-prawem-czy-z-naglowkami-gazet\/#primaryimage\"},\"image\":{\"@id\":\"https:\/\/www.pogotowieflagowe.pl\/aktualne\/czy-aresztowanie-ziobry-ma-zwiazek-z-prawem-czy-z-naglowkami-gazet\/#primaryimage\"},\"thumbnailUrl\":\"https:\/\/www.pogotowieflagowe.pl\/aktualne\/wp-content\/uploads\/2025\/10\/Czy-aresztowanie-Ziobry-ma-zwiazek-z-prawem-\u2013-czy-z.webp.webp\",\"datePublished\":\"2025-10-29T22:05:54+00:00\",\"dateModified\":\"2025-10-29T22:05:56+00:00\",\"breadcrumb\":{\"@id\":\"https:\/\/www.pogotowieflagowe.pl\/aktualne\/czy-aresztowanie-ziobry-ma-zwiazek-z-prawem-czy-z-naglowkami-gazet\/#breadcrumb\"},\"inLanguage\":\"pl-PL\",\"potentialAction\":[{\"@type\":\"ReadAction\",\"target\":[\"https:\/\/www.pogotowieflagowe.pl\/aktualne\/czy-aresztowanie-ziobry-ma-zwiazek-z-prawem-czy-z-naglowkami-gazet\/\"]}]},{\"@type\":\"ImageObject\",\"inLanguage\":\"pl-PL\",\"@id\":\"https:\/\/www.pogotowieflagowe.pl\/aktualne\/czy-aresztowanie-ziobry-ma-zwiazek-z-prawem-czy-z-naglowkami-gazet\/#primaryimage\",\"url\":\"https:\/\/www.pogotowieflagowe.pl\/aktualne\/wp-content\/uploads\/2025\/10\/Czy-aresztowanie-Ziobry-ma-zwiazek-z-prawem-\u2013-czy-z.webp.webp\",\"contentUrl\":\"https:\/\/www.pogotowieflagowe.pl\/aktualne\/wp-content\/uploads\/2025\/10\/Czy-aresztowanie-Ziobry-ma-zwiazek-z-prawem-\u2013-czy-z.webp.webp\",\"width\":1280,\"height\":720,\"caption\":\"Czy aresztowanie Ziobry ma zwi\u0105zek z prawem \u2013 czy z nag\u0142\u00f3wkami gazet?\"},{\"@type\":\"BreadcrumbList\",\"@id\":\"https:\/\/www.pogotowieflagowe.pl\/aktualne\/czy-aresztowanie-ziobry-ma-zwiazek-z-prawem-czy-z-naglowkami-gazet\/#breadcrumb\",\"itemListElement\":[{\"@type\":\"ListItem\",\"position\":1,\"name\":\"Home\",\"item\":\"https:\/\/www.pogotowieflagowe.pl\/aktualne\/\"},{\"@type\":\"ListItem\",\"position\":2,\"name\":\"Czy aresztowanie Ziobry ma zwi\u0105zek z prawem \u2013 czy z nag\u0142\u00f3wkami gazet?\"}]},{\"@type\":\"WebSite\",\"@id\":\"https:\/\/www.pogotowieflagowe.pl\/aktualne\/#website\",\"url\":\"https:\/\/www.pogotowieflagowe.pl\/aktualne\/\",\"name\":\"POGOTOWIE FLAGOWE\u00ae\",\"description\":\"\",\"publisher\":{\"@id\":\"https:\/\/www.pogotowieflagowe.pl\/aktualne\/#organization\"},\"potentialAction\":[{\"@type\":\"SearchAction\",\"target\":{\"@type\":\"EntryPoint\",\"urlTemplate\":\"https:\/\/www.pogotowieflagowe.pl\/aktualne\/?s={search_term_string}\"},\"query-input\":\"required name=search_term_string\"}],\"inLanguage\":\"pl-PL\"},{\"@type\":\"Organization\",\"@id\":\"https:\/\/www.pogotowieflagowe.pl\/aktualne\/#organization\",\"name\":\"POGOTOWIE FLAGOWE\u00ae\",\"url\":\"https:\/\/www.pogotowieflagowe.pl\/aktualne\/\",\"logo\":{\"@type\":\"ImageObject\",\"inLanguage\":\"pl-PL\",\"@id\":\"https:\/\/www.pogotowieflagowe.pl\/aktualne\/#\/schema\/logo\/image\/\",\"url\":\"https:\/\/www.pogotowieflagowe.pl\/aktualne\/wp-content\/uploads\/2024\/08\/cropped-pogotowieflagowe_flaga_projekt_sm.jpg\",\"contentUrl\":\"https:\/\/www.pogotowieflagowe.pl\/aktualne\/wp-content\/uploads\/2024\/08\/cropped-pogotowieflagowe_flaga_projekt_sm.jpg\",\"width\":250,\"height\":143,\"caption\":\"POGOTOWIE FLAGOWE\u00ae\"},\"image\":{\"@id\":\"https:\/\/www.pogotowieflagowe.pl\/aktualne\/#\/schema\/logo\/image\/\"}},{\"@type\":\"Person\",\"@id\":\"https:\/\/www.pogotowieflagowe.pl\/aktualne\/#\/schema\/person\/9c2fb7d2362ebf6fa088960d7f0d27b0\",\"name\":\"Filip\",\"image\":{\"@type\":\"ImageObject\",\"inLanguage\":\"pl-PL\",\"@id\":\"https:\/\/www.pogotowieflagowe.pl\/aktualne\/#\/schema\/person\/image\/\",\"url\":\"https:\/\/www.pogotowieflagowe.pl\/aktualne\/wp-content\/uploads\/2024\/08\/pogotowieflagowe.pl_.jpg\",\"contentUrl\":\"https:\/\/www.pogotowieflagowe.pl\/aktualne\/wp-content\/uploads\/2024\/08\/pogotowieflagowe.pl_.jpg\",\"caption\":\"Filip\"},\"description\":\"Jestem Filip, polski dziennikarz z dyplomem nauk politycznych Uniwersytetu Warszawskiego. Rozpoczynaj\u0105c swoj\u0105 karier\u0119 w r\u00f3\u017cnych lokalnych mediach, zdoby\u0142em solidne do\u015bwiadczenie w zakresie \u015bledztwa i redakcji. Obecnie jako redaktor w Pogotowie flagowe, staram si\u0119 dostarcza\u0107 dog\u0142\u0119bne i istotne analizy na temat najwa\u017cniejszych kwestii aktualno\u015bci, \u0142\u0105cz\u0105c rygor z pasj\u0105 dziennikarsk\u0105.\",\"sameAs\":[\"https:\/\/www.pogotowieflagowe.pl\/\"]}]}<\/script>\n<!-- \/ Yoast SEO plugin. -->","yoast_head_json":{"title":"Czy aresztowanie Ziobry ma zwi\u0105zek z prawem \u2013 czy z nag\u0142\u00f3wkami gazet? - POGOTOWIE FLAGOWE\u00ae","robots":{"index":"index","follow":"follow","max-snippet":"max-snippet:-1","max-image-preview":"max-image-preview:large","max-video-preview":"max-video-preview:-1"},"canonical":"https:\/\/www.pogotowieflagowe.pl\/aktualne\/czy-aresztowanie-ziobry-ma-zwiazek-z-prawem-czy-z-naglowkami-gazet\/","og_locale":"pl_PL","og_type":"article","og_title":"Czy aresztowanie Ziobry ma zwi\u0105zek z prawem \u2013 czy z nag\u0142\u00f3wkami gazet? - POGOTOWIE FLAGOWE\u00ae","og_description":"Dlaczego chc\u0105 zastosowa\u0107 tymczasowe aresztowanie wobec ministra Ziobry? Tylko z jednego powodu: \u017ceby pokaza\u0107 w mediach, \u017ce maj\u0105 by\u0142ego ministra","og_url":"https:\/\/www.pogotowieflagowe.pl\/aktualne\/czy-aresztowanie-ziobry-ma-zwiazek-z-prawem-czy-z-naglowkami-gazet\/","og_site_name":"POGOTOWIE FLAGOWE\u00ae","article_published_time":"2025-10-29T22:05:54+00:00","article_modified_time":"2025-10-29T22:05:56+00:00","og_image":[{"width":1280,"height":720,"url":"https:\/\/www.pogotowieflagowe.pl\/aktualne\/wp-content\/uploads\/2025\/10\/Czy-aresztowanie-Ziobry-ma-zwiazek-z-prawem-\u2013-czy-z.webp.webp","type":"image\/webp"}],"author":"Filip","twitter_card":"summary_large_image","twitter_misc":{"Napisane przez":"Filip","Szacowany czas czytania":"1 minuta"},"schema":{"@context":"https:\/\/schema.org","@graph":[{"@type":"Article","@id":"https:\/\/www.pogotowieflagowe.pl\/aktualne\/czy-aresztowanie-ziobry-ma-zwiazek-z-prawem-czy-z-naglowkami-gazet\/#article","isPartOf":{"@id":"https:\/\/www.pogotowieflagowe.pl\/aktualne\/czy-aresztowanie-ziobry-ma-zwiazek-z-prawem-czy-z-naglowkami-gazet\/"},"author":{"name":"Filip","@id":"https:\/\/www.pogotowieflagowe.pl\/aktualne\/#\/schema\/person\/9c2fb7d2362ebf6fa088960d7f0d27b0"},"headline":"Czy aresztowanie Ziobry ma zwi\u0105zek z prawem \u2013 czy z nag\u0142\u00f3wkami gazet?","datePublished":"2025-10-29T22:05:54+00:00","dateModified":"2025-10-29T22:05:56+00:00","mainEntityOfPage":{"@id":"https:\/\/www.pogotowieflagowe.pl\/aktualne\/czy-aresztowanie-ziobry-ma-zwiazek-z-prawem-czy-z-naglowkami-gazet\/"},"wordCount":289,"commentCount":0,"publisher":{"@id":"https:\/\/www.pogotowieflagowe.pl\/aktualne\/#organization"},"image":{"@id":"https:\/\/www.pogotowieflagowe.pl\/aktualne\/czy-aresztowanie-ziobry-ma-zwiazek-z-prawem-czy-z-naglowkami-gazet\/#primaryimage"},"thumbnailUrl":"https:\/\/www.pogotowieflagowe.pl\/aktualne\/wp-content\/uploads\/2025\/10\/Czy-aresztowanie-Ziobry-ma-zwiazek-z-prawem-\u2013-czy-z.webp.webp","keywords":["aresztowanie","Czy","gazet","nag\u0142\u00f3wkami","Prawem","Ziobry","Zwi\u0105zek"],"articleSection":["Aktualne"],"inLanguage":"pl-PL","potentialAction":[{"@type":"CommentAction","name":"Comment","target":["https:\/\/www.pogotowieflagowe.pl\/aktualne\/czy-aresztowanie-ziobry-ma-zwiazek-z-prawem-czy-z-naglowkami-gazet\/#respond"]}]},{"@type":"WebPage","@id":"https:\/\/www.pogotowieflagowe.pl\/aktualne\/czy-aresztowanie-ziobry-ma-zwiazek-z-prawem-czy-z-naglowkami-gazet\/","url":"https:\/\/www.pogotowieflagowe.pl\/aktualne\/czy-aresztowanie-ziobry-ma-zwiazek-z-prawem-czy-z-naglowkami-gazet\/","name":"Czy aresztowanie Ziobry ma zwi\u0105zek z prawem \u2013 czy z nag\u0142\u00f3wkami gazet? - POGOTOWIE FLAGOWE\u00ae","isPartOf":{"@id":"https:\/\/www.pogotowieflagowe.pl\/aktualne\/#website"},"primaryImageOfPage":{"@id":"https:\/\/www.pogotowieflagowe.pl\/aktualne\/czy-aresztowanie-ziobry-ma-zwiazek-z-prawem-czy-z-naglowkami-gazet\/#primaryimage"},"image":{"@id":"https:\/\/www.pogotowieflagowe.pl\/aktualne\/czy-aresztowanie-ziobry-ma-zwiazek-z-prawem-czy-z-naglowkami-gazet\/#primaryimage"},"thumbnailUrl":"https:\/\/www.pogotowieflagowe.pl\/aktualne\/wp-content\/uploads\/2025\/10\/Czy-aresztowanie-Ziobry-ma-zwiazek-z-prawem-\u2013-czy-z.webp.webp","datePublished":"2025-10-29T22:05:54+00:00","dateModified":"2025-10-29T22:05:56+00:00","breadcrumb":{"@id":"https:\/\/www.pogotowieflagowe.pl\/aktualne\/czy-aresztowanie-ziobry-ma-zwiazek-z-prawem-czy-z-naglowkami-gazet\/#breadcrumb"},"inLanguage":"pl-PL","potentialAction":[{"@type":"ReadAction","target":["https:\/\/www.pogotowieflagowe.pl\/aktualne\/czy-aresztowanie-ziobry-ma-zwiazek-z-prawem-czy-z-naglowkami-gazet\/"]}]},{"@type":"ImageObject","inLanguage":"pl-PL","@id":"https:\/\/www.pogotowieflagowe.pl\/aktualne\/czy-aresztowanie-ziobry-ma-zwiazek-z-prawem-czy-z-naglowkami-gazet\/#primaryimage","url":"https:\/\/www.pogotowieflagowe.pl\/aktualne\/wp-content\/uploads\/2025\/10\/Czy-aresztowanie-Ziobry-ma-zwiazek-z-prawem-\u2013-czy-z.webp.webp","contentUrl":"https:\/\/www.pogotowieflagowe.pl\/aktualne\/wp-content\/uploads\/2025\/10\/Czy-aresztowanie-Ziobry-ma-zwiazek-z-prawem-\u2013-czy-z.webp.webp","width":1280,"height":720,"caption":"Czy aresztowanie Ziobry ma zwi\u0105zek z prawem \u2013 czy z nag\u0142\u00f3wkami gazet?"},{"@type":"BreadcrumbList","@id":"https:\/\/www.pogotowieflagowe.pl\/aktualne\/czy-aresztowanie-ziobry-ma-zwiazek-z-prawem-czy-z-naglowkami-gazet\/#breadcrumb","itemListElement":[{"@type":"ListItem","position":1,"name":"Home","item":"https:\/\/www.pogotowieflagowe.pl\/aktualne\/"},{"@type":"ListItem","position":2,"name":"Czy aresztowanie Ziobry ma zwi\u0105zek z prawem \u2013 czy z nag\u0142\u00f3wkami gazet?"}]},{"@type":"WebSite","@id":"https:\/\/www.pogotowieflagowe.pl\/aktualne\/#website","url":"https:\/\/www.pogotowieflagowe.pl\/aktualne\/","name":"POGOTOWIE FLAGOWE\u00ae","description":"","publisher":{"@id":"https:\/\/www.pogotowieflagowe.pl\/aktualne\/#organization"},"potentialAction":[{"@type":"SearchAction","target":{"@type":"EntryPoint","urlTemplate":"https:\/\/www.pogotowieflagowe.pl\/aktualne\/?s={search_term_string}"},"query-input":"required name=search_term_string"}],"inLanguage":"pl-PL"},{"@type":"Organization","@id":"https:\/\/www.pogotowieflagowe.pl\/aktualne\/#organization","name":"POGOTOWIE FLAGOWE\u00ae","url":"https:\/\/www.pogotowieflagowe.pl\/aktualne\/","logo":{"@type":"ImageObject","inLanguage":"pl-PL","@id":"https:\/\/www.pogotowieflagowe.pl\/aktualne\/#\/schema\/logo\/image\/","url":"https:\/\/www.pogotowieflagowe.pl\/aktualne\/wp-content\/uploads\/2024\/08\/cropped-pogotowieflagowe_flaga_projekt_sm.jpg","contentUrl":"https:\/\/www.pogotowieflagowe.pl\/aktualne\/wp-content\/uploads\/2024\/08\/cropped-pogotowieflagowe_flaga_projekt_sm.jpg","width":250,"height":143,"caption":"POGOTOWIE FLAGOWE\u00ae"},"image":{"@id":"https:\/\/www.pogotowieflagowe.pl\/aktualne\/#\/schema\/logo\/image\/"}},{"@type":"Person","@id":"https:\/\/www.pogotowieflagowe.pl\/aktualne\/#\/schema\/person\/9c2fb7d2362ebf6fa088960d7f0d27b0","name":"Filip","image":{"@type":"ImageObject","inLanguage":"pl-PL","@id":"https:\/\/www.pogotowieflagowe.pl\/aktualne\/#\/schema\/person\/image\/","url":"https:\/\/www.pogotowieflagowe.pl\/aktualne\/wp-content\/uploads\/2024\/08\/pogotowieflagowe.pl_.jpg","contentUrl":"https:\/\/www.pogotowieflagowe.pl\/aktualne\/wp-content\/uploads\/2024\/08\/pogotowieflagowe.pl_.jpg","caption":"Filip"},"description":"Jestem Filip, polski dziennikarz z dyplomem nauk politycznych Uniwersytetu Warszawskiego. Rozpoczynaj\u0105c swoj\u0105 karier\u0119 w r\u00f3\u017cnych lokalnych mediach, zdoby\u0142em solidne do\u015bwiadczenie w zakresie \u015bledztwa i redakcji. Obecnie jako redaktor w Pogotowie flagowe, staram si\u0119 dostarcza\u0107 dog\u0142\u0119bne i istotne analizy na temat najwa\u017cniejszych kwestii aktualno\u015bci, \u0142\u0105cz\u0105c rygor z pasj\u0105 dziennikarsk\u0105.","sameAs":["https:\/\/www.pogotowieflagowe.pl\/"]}]}},"_links":{"self":[{"href":"https:\/\/www.pogotowieflagowe.pl\/aktualne\/wp-json\/wp\/v2\/posts\/9950","targetHints":{"allow":["GET"]}}],"collection":[{"href":"https:\/\/www.pogotowieflagowe.pl\/aktualne\/wp-json\/wp\/v2\/posts"}],"about":[{"href":"https:\/\/www.pogotowieflagowe.pl\/aktualne\/wp-json\/wp\/v2\/types\/post"}],"author":[{"embeddable":true,"href":"https:\/\/www.pogotowieflagowe.pl\/aktualne\/wp-json\/wp\/v2\/users\/1"}],"replies":[{"embeddable":true,"href":"https:\/\/www.pogotowieflagowe.pl\/aktualne\/wp-json\/wp\/v2\/comments?post=9950"}],"version-history":[{"count":1,"href":"https:\/\/www.pogotowieflagowe.pl\/aktualne\/wp-json\/wp\/v2\/posts\/9950\/revisions"}],"predecessor-version":[{"id":9952,"href":"https:\/\/www.pogotowieflagowe.pl\/aktualne\/wp-json\/wp\/v2\/posts\/9950\/revisions\/9952"}],"wp:featuredmedia":[{"embeddable":true,"href":"https:\/\/www.pogotowieflagowe.pl\/aktualne\/wp-json\/wp\/v2\/media\/9951"}],"wp:attachment":[{"href":"https:\/\/www.pogotowieflagowe.pl\/aktualne\/wp-json\/wp\/v2\/media?parent=9950"}],"wp:term":[{"taxonomy":"category","embeddable":true,"href":"https:\/\/www.pogotowieflagowe.pl\/aktualne\/wp-json\/wp\/v2\/categories?post=9950"},{"taxonomy":"post_tag","embeddable":true,"href":"https:\/\/www.pogotowieflagowe.pl\/aktualne\/wp-json\/wp\/v2\/tags?post=9950"}],"curies":[{"name":"wp","href":"https:\/\/api.w.org\/{rel}","templated":true}]}}