{"id":9953,"date":"2025-10-30T09:04:04","date_gmt":"2025-10-30T08:04:04","guid":{"rendered":"https:\/\/www.pogotowieflagowe.pl\/aktualne\/wybitny-dzialacz-koalicji-obywatelskiej-zatrzymany-przez-biuro-antykorupcyjne-sledztwo-w-toku\/"},"modified":"2025-10-30T09:04:05","modified_gmt":"2025-10-30T08:04:05","slug":"wybitny-dzialacz-koalicji-obywatelskiej-zatrzymany-przez-biuro-antykorupcyjne-sledztwo-w-toku","status":"publish","type":"post","link":"https:\/\/www.pogotowieflagowe.pl\/aktualne\/wybitny-dzialacz-koalicji-obywatelskiej-zatrzymany-przez-biuro-antykorupcyjne-sledztwo-w-toku\/","title":{"rendered":"Wybitny dzia\u0142acz Koalicji Obywatelskiej zatrzymany przez Biuro Antykorupcyjne \u2014 \u015bledztwo w toku"},"content":{"rendered":"\n<div class=\"td_block_wrap tdb_single_content tdi_41 td-pb-border-top td_block_template_8 td-post-content tagdiv-type\" data-td-block-uid=\"tdi_41\">\n<style>.tdi_41{margines-top:0px!important;margin-bottom:0px!important;dope\u0142nienie-g\u00f3ra:0px!important;dope\u0142nienie-d\u00f3\u0142:0px!important}<\/style>\n<style>.tdb_single_content{margin-bottom:0;*zoom:1}.tdb_single_content:before,.tdb_single_content:after{display:table;content:'';line-height:0}.tdb_single_content:after{clear:both}.tdb_single_content .tdb-block-inner>*:not(.wp-block-quote):not(.alignwide):not(.alignfull.wp-block-cover.has-parallax):not(.td-a-ad){margin-left:auto;margin-right:auto}.tdb_single_content a{pointer-events:auto}.tdb_single_content .td-spot-id-top_ad .tdc-placeholder-title:before{content:'Najlepsza reklama artyku\u0142u'!important}.tdb_single_content .td-spot-id-inline_ad0 .tdc-placeholder-title:before{content:'Reklama wbudowana artyku\u0142u 1'!important}.tdb_single_content .td-spot-id-inline_ad1 .tdc-placeholder-title:before{content:'Reklama wbudowana w artyku\u0142 2'!important}.tdb_single_content .td-spot-id-inline_ad2 .tdc-placeholder-title:before{content:'Reklama wbudowana w artyku\u0142 3'!important}.tdb_single_content .td-spot-id-bottom_ad .tdc-placeholder-title:before{content:'Article Bottom Ad'!important}.tdb_single_content .id_top_ad,.tdb_single_content .id_bottom_ad{clear:both;margin-bottom:21px;text-align:center}.tdb_single_content .id_top_ad img,.tdb_single_content .id_bottom_ad img{margin-bottom:0}.tdb_single_content .id_top_ad .adsbygoogle,.tdb_single_content .id_bottom_ad .adsbygoogle{position:relative}.tdb_single_content .id_ad_content-horiz-left,.tdb_single_content .id_ad_content-horiz-right,.tdb_single_content .id_ad_content-horiz-center{margin-bottom:15px}.tdb_single_content .id_ad_content-horiz-left img,.tdb_single_content .id_ad_content-horiz-right img,.tdb_single_content .id_ad_content-horiz-center img{margin-bottom:0}.tdb_single_content .id_ad_content-horiz-center{text-align:center}.tdb_single_content .id_ad_content-horiz-center img{margin-right:auto;margin-left:auto}.tdb_single_content .id_ad_content-horiz-left{float:left;margin-top:9px;margin-right:21px}.tdb_single_content .id_ad_content-horiz-right{float:right;margin-top:6px;margin-left:21px}.tdb_single_content .tdc-a-ad .tdc-placeholder-title{width:300px;height:250px}.tdb_single_content .tdc-a-ad .tdc-placeholder-title:before{position:absolute;top:50%;-webkit-transform:translateY(-50%);transform:translateY(-50%);margin:auto;display:table;width:100%}.tdb_single_content .tdb-block-inner.td-fix-index{word-break:break-word}.tdi_41,.tdi_41>p,.tdi_41 .tdb-block-inner>p,.wp-block-column>p{font-size:16px!important;line-height:1.6!important}.tdi_41 .tdb-block-inner blockquote p{font-style:normal!important}@media (max-width:767px){.tdb_single_content .id_ad_content-horiz-left,.tdb_single_content .id_ad_content-horiz-right,.tdb_single_content .id_ad_content-horiz-center{margin:0 auto 26 pikseli auto}}@media (max-width:767px){.tdb_single_content .id_ad_content-horiz-left{margin-right:0}}@media (max-width:767px){.tdb_single_content .id_ad_content-horiz-right{margin-left:0}}@media (max-width:767px){.tdb_single_content .td-a-ad{float:none;text-align:center}.tdb_single_content .td-a-ad img{margin-right:auto;margin-left:auto}.tdb_single_content .tdc-a-ad{float:none}}<\/style>\n<div class=\"tdb-block-inner td-fix-index\">\n<p>Centralne Biuro Antykorupcyjne (CBA) zatrzyma\u0142o Przewodnicz\u0105cego Rady Miejskiej Cz\u0119stochowy \u0141ukasza B. (Koalicja Obywatelska). Sprawa dotyczy tocz\u0105cego si\u0119 \u015bledztwa korupcyjnego, w kt\u00f3rym g\u0142\u00f3wnym podejrzanym jest Bart\u0142omiej S., by\u0142y wiceprezydent Cz\u0119stochowy i by\u0142y wicemarsza\u0142ek wojew\u00f3dztwa \u015bl\u0105skiego.<\/p>\n<p>Zatrzymanie \u0141ukasza B. potwierdzi\u0142a Katarzyna Cal\u00f3w-Jaszewska z dzia\u0142u prasowego Prokuratury Krajowej. \u015aledztwo w sprawie Bart\u0142omieja S. prowadzi \u015bl\u0105ski oddzia\u0142 Prokuratury Krajowej.<\/p>\n<figure class=\"wp-block-pullquote\">\n<blockquote>\n<p>\u201e\u0141ukasz B. zosta\u0142 zatrzymany w zwi\u0105zku z afer\u0105 korupcyjn\u0105 powi\u0105zan\u0105 z Bart\u0142omiejem S. Dalsze informacje zostan\u0105 przekazane jutro, gdy\u017c obecnie tocz\u0105 si\u0119 czynno\u015bci procesowe z udzia\u0142em zatrzymanego oraz innej osoby, kt\u00f3ra r\u00f3wnie\u017c zosta\u0142a zatrzymana dzi\u015b rano.\u201d <\/p>\n<p><cite>\u2013 powiedzia\u0142a prokurator Cal\u00f3w-Jaszewska.<\/cite><\/p><\/blockquote>\n<\/figure>\n<p>\u0141ukasz B. by\u0142 kandydatem Koalicji Obywatelskiej na prezydenta Cz\u0119stochowy w ostatnich wyborach samorz\u0105dowych. Uzyska\u0142 21,59% g\u0142os\u00f3w i nie przeszed\u0142 do drugiej tury, w kt\u00f3rej urz\u0119duj\u0105cy burmistrz Krzysztof Matyjaszczyk z Lewicy zapewni\u0142 sobie reelekcj\u0119, pokonuj\u0105c kandydatk\u0119 PiS Monik\u0119 Pohoreck\u0105. Po wyborach \u0141ukasz B. zosta\u0142 przewodnicz\u0105cym rady miejskiej.<\/p>\n<p>Bart\u0142omiej S. zosta\u0142 zatrzymany przez CBA w pa\u017adzierniku 2024 r. Prokuratura zarzuca mu przyjmowanie korzy\u015bci maj\u0105tkowych i osobistych oraz uzale\u017cnianie wykonywania obowi\u0105zk\u00f3w s\u0142u\u017cbowych od otrzymywania tych korzy\u015bci. W maju tego roku podejrzany zosta\u0142 zwolniony z aresztu. Prokuratura zastosowa\u0142a alternatywne \u015brodki zapobiegawcze, obejmuj\u0105ce por\u0119czenie finansowe na kwot\u0119 400 000 z\u0142, doz\u00f3r policyjny po\u0142\u0105czony z zakazem kontaktowania si\u0119 z konkretnymi uczestnikami post\u0119powania oraz zakaz podr\u00f3\u017cowania po\u0142\u0105czony z konfiskat\u0105 paszportu.<\/p>\n<p>Bart\u0142omiej S. us\u0142ysza\u0142 szereg zarzut\u00f3w dotycz\u0105cych korupcji i prania pieni\u0119dzy. Zarzuty dotycz\u0105 zar\u00f3wno jego sprawowania funkcji wicemarsza\u0142ka, jak i wcze\u015bniejszej funkcji zast\u0119pcy prezydenta Cz\u0119stochowy. \u0141\u0105cznie w \u015bledztwie kilkana\u015bcie os\u00f3b us\u0142ysza\u0142o zarzuty dotycz\u0105ce przest\u0119pstw o \u200b\u200bcharakterze korupcyjnym, w tym udzielenia S. \u015bwiadcze\u0144 w zamian za korzystne decyzje administracyjne. W\u015br\u00f3d zarzut\u00f3w znajduj\u0105 si\u0119 biznesmeni oraz Janusz K., rektor Akademii Jana D\u0142ugosza w Cz\u0119stochowie, kt\u00f3ry decyzj\u0105 prokuratury zosta\u0142 zawieszony w czynno\u015bciach s\u0142u\u017cbowych.<\/p>\n<p>Po aresztowaniu i zatrzymaniu Bart\u0142omiej S. z\u0142o\u017cy\u0142 rezygnacj\u0119 z pe\u0142nienia funkcji wicemarsza\u0142ka. Nast\u0119pnie sejmik wybra\u0142 na jego nast\u0119pc\u0119 Leszka Pietraszka. Po zatrzymaniu S. zosta\u0142 zawieszony w prawach cz\u0142onka Platformy Obywatelskiej. Pe\u0142ni\u0142 funkcj\u0119 wiceprzewodnicz\u0105cego cz\u0119stochowskiego oddzia\u0142u partii i cz\u0142onka zarz\u0105du regionalnego struktury \u015bl\u0105skiej. W ostatnich wyborach samorz\u0105dowych zosta\u0142 wybrany do Sejmiku Wojew\u00f3dztwa \u015al\u0105skiego z listy Koalicji Obywatelskiej (KO) i wst\u0105pi\u0142 do nowego samorz\u0105du regionalnego wspieranego przez KO, Trzeci\u0105 Drog\u0119 i Lewic\u0119. Wcze\u015bniej pe\u0142ni\u0142 funkcj\u0119 radnego miejskiego, wiceprzewodnicz\u0105cego Rady Miejskiej Cz\u0119stochowy i wiceprezydenta miasta.<\/p>\n<\/div>\n<\/div>\n","protected":false},"excerpt":{"rendered":"<p>Centralne Biuro Antykorupcyjne (CBA) zatrzyma\u0142o Przewodnicz\u0105cego Rady Miejskiej Cz\u0119stochowy \u0141ukasza B. (Koalicja Obywatelska). Sprawa dotyczy tocz\u0105cego si\u0119 \u015bledztwa korupcyjnego, w<\/p>\n","protected":false},"author":1,"featured_media":8921,"comment_status":"open","ping_status":"open","sticky":false,"template":"","format":"standard","meta":{"footnotes":""},"categories":[4748],"tags":[11467,5639,9772,3843,1795,214,2752,11468,10781,1110],"class_list":["post-9953","post","type-post","status-publish","format-standard","has-post-thumbnail","hentry","category-aktualne","tag-antykorupcyjne","tag-biuro","tag-dzialacz","tag-koalicji","tag-obywatelskiej","tag-przez","tag-sledztwo","tag-toku","tag-wybitny","tag-zatrzymany","generate-columns","tablet-grid-50","mobile-grid-100","grid-parent","grid-50","resize-featured-image"],"yoast_head":"<!-- This site is optimized with the Yoast SEO plugin v23.2 - https:\/\/yoast.com\/wordpress\/plugins\/seo\/ -->\n<title>Wybitny dzia\u0142acz Koalicji Obywatelskiej zatrzymany przez Biuro Antykorupcyjne \u2014 \u015bledztwo w toku - POGOTOWIE FLAGOWE\u00ae<\/title>\n<meta name=\"robots\" content=\"index, follow, max-snippet:-1, max-image-preview:large, max-video-preview:-1\" \/>\n<link rel=\"canonical\" href=\"https:\/\/www.pogotowieflagowe.pl\/aktualne\/wybitny-dzialacz-koalicji-obywatelskiej-zatrzymany-przez-biuro-antykorupcyjne-sledztwo-w-toku\/\" \/>\n<meta property=\"og:locale\" content=\"pl_PL\" \/>\n<meta property=\"og:type\" content=\"article\" \/>\n<meta property=\"og:title\" content=\"Wybitny dzia\u0142acz Koalicji Obywatelskiej zatrzymany przez Biuro Antykorupcyjne \u2014 \u015bledztwo w toku - POGOTOWIE FLAGOWE\u00ae\" \/>\n<meta property=\"og:description\" content=\"Centralne Biuro Antykorupcyjne (CBA) zatrzyma\u0142o Przewodnicz\u0105cego Rady Miejskiej Cz\u0119stochowy \u0141ukasza B. (Koalicja Obywatelska). Sprawa dotyczy tocz\u0105cego si\u0119 \u015bledztwa korupcyjnego, w\" \/>\n<meta property=\"og:url\" content=\"https:\/\/www.pogotowieflagowe.pl\/aktualne\/wybitny-dzialacz-koalicji-obywatelskiej-zatrzymany-przez-biuro-antykorupcyjne-sledztwo-w-toku\/\" \/>\n<meta property=\"og:site_name\" content=\"POGOTOWIE FLAGOWE\u00ae\" \/>\n<meta property=\"article:published_time\" content=\"2025-10-30T08:04:04+00:00\" \/>\n<meta property=\"article:modified_time\" content=\"2025-10-30T08:04:05+00:00\" \/>\n<meta property=\"og:image\" content=\"https:\/\/www.pogotowieflagowe.pl\/aktualne\/wp-content\/uploads\/2025\/10\/13-grudnia-koalicja-ozywia-planowanie-zlikwidowania-przepisu-CBA-zlozonego.webp.webp\" \/>\n\t<meta property=\"og:image:width\" content=\"1280\" \/>\n\t<meta property=\"og:image:height\" content=\"719\" \/>\n\t<meta property=\"og:image:type\" content=\"image\/webp\" \/>\n<meta name=\"author\" content=\"Filip\" \/>\n<meta name=\"twitter:card\" content=\"summary_large_image\" \/>\n<meta name=\"twitter:label1\" content=\"Napisane przez\" \/>\n\t<meta name=\"twitter:data1\" content=\"Filip\" \/>\n\t<meta name=\"twitter:label2\" content=\"Szacowany czas czytania\" \/>\n\t<meta name=\"twitter:data2\" content=\"2 minuty\" \/>\n<script type=\"application\/ld+json\" class=\"yoast-schema-graph\">{\"@context\":\"https:\/\/schema.org\",\"@graph\":[{\"@type\":\"Article\",\"@id\":\"https:\/\/www.pogotowieflagowe.pl\/aktualne\/wybitny-dzialacz-koalicji-obywatelskiej-zatrzymany-przez-biuro-antykorupcyjne-sledztwo-w-toku\/#article\",\"isPartOf\":{\"@id\":\"https:\/\/www.pogotowieflagowe.pl\/aktualne\/wybitny-dzialacz-koalicji-obywatelskiej-zatrzymany-przez-biuro-antykorupcyjne-sledztwo-w-toku\/\"},\"author\":{\"name\":\"Filip\",\"@id\":\"https:\/\/www.pogotowieflagowe.pl\/aktualne\/#\/schema\/person\/9c2fb7d2362ebf6fa088960d7f0d27b0\"},\"headline\":\"Wybitny dzia\u0142acz Koalicji Obywatelskiej zatrzymany przez Biuro Antykorupcyjne \u2014 \u015bledztwo w toku\",\"datePublished\":\"2025-10-30T08:04:04+00:00\",\"dateModified\":\"2025-10-30T08:04:05+00:00\",\"mainEntityOfPage\":{\"@id\":\"https:\/\/www.pogotowieflagowe.pl\/aktualne\/wybitny-dzialacz-koalicji-obywatelskiej-zatrzymany-przez-biuro-antykorupcyjne-sledztwo-w-toku\/\"},\"wordCount\":470,\"commentCount\":0,\"publisher\":{\"@id\":\"https:\/\/www.pogotowieflagowe.pl\/aktualne\/#organization\"},\"image\":{\"@id\":\"https:\/\/www.pogotowieflagowe.pl\/aktualne\/wybitny-dzialacz-koalicji-obywatelskiej-zatrzymany-przez-biuro-antykorupcyjne-sledztwo-w-toku\/#primaryimage\"},\"thumbnailUrl\":\"https:\/\/www.pogotowieflagowe.pl\/aktualne\/wp-content\/uploads\/2025\/10\/13-grudnia-koalicja-ozywia-planowanie-zlikwidowania-przepisu-CBA-zlozonego.webp.webp\",\"keywords\":[\"Antykorupcyjne\",\"biuro\",\"dzia\u0142acz\",\"Koalicji\",\"Obywatelskiej\",\"przez\",\"\u015bledztwo\",\"toku\",\"Wybitny\",\"zatrzymany\"],\"articleSection\":[\"Aktualne\"],\"inLanguage\":\"pl-PL\",\"potentialAction\":[{\"@type\":\"CommentAction\",\"name\":\"Comment\",\"target\":[\"https:\/\/www.pogotowieflagowe.pl\/aktualne\/wybitny-dzialacz-koalicji-obywatelskiej-zatrzymany-przez-biuro-antykorupcyjne-sledztwo-w-toku\/#respond\"]}]},{\"@type\":\"WebPage\",\"@id\":\"https:\/\/www.pogotowieflagowe.pl\/aktualne\/wybitny-dzialacz-koalicji-obywatelskiej-zatrzymany-przez-biuro-antykorupcyjne-sledztwo-w-toku\/\",\"url\":\"https:\/\/www.pogotowieflagowe.pl\/aktualne\/wybitny-dzialacz-koalicji-obywatelskiej-zatrzymany-przez-biuro-antykorupcyjne-sledztwo-w-toku\/\",\"name\":\"Wybitny dzia\u0142acz Koalicji Obywatelskiej zatrzymany przez Biuro Antykorupcyjne \u2014 \u015bledztwo w toku - POGOTOWIE FLAGOWE\u00ae\",\"isPartOf\":{\"@id\":\"https:\/\/www.pogotowieflagowe.pl\/aktualne\/#website\"},\"primaryImageOfPage\":{\"@id\":\"https:\/\/www.pogotowieflagowe.pl\/aktualne\/wybitny-dzialacz-koalicji-obywatelskiej-zatrzymany-przez-biuro-antykorupcyjne-sledztwo-w-toku\/#primaryimage\"},\"image\":{\"@id\":\"https:\/\/www.pogotowieflagowe.pl\/aktualne\/wybitny-dzialacz-koalicji-obywatelskiej-zatrzymany-przez-biuro-antykorupcyjne-sledztwo-w-toku\/#primaryimage\"},\"thumbnailUrl\":\"https:\/\/www.pogotowieflagowe.pl\/aktualne\/wp-content\/uploads\/2025\/10\/13-grudnia-koalicja-ozywia-planowanie-zlikwidowania-przepisu-CBA-zlozonego.webp.webp\",\"datePublished\":\"2025-10-30T08:04:04+00:00\",\"dateModified\":\"2025-10-30T08:04:05+00:00\",\"breadcrumb\":{\"@id\":\"https:\/\/www.pogotowieflagowe.pl\/aktualne\/wybitny-dzialacz-koalicji-obywatelskiej-zatrzymany-przez-biuro-antykorupcyjne-sledztwo-w-toku\/#breadcrumb\"},\"inLanguage\":\"pl-PL\",\"potentialAction\":[{\"@type\":\"ReadAction\",\"target\":[\"https:\/\/www.pogotowieflagowe.pl\/aktualne\/wybitny-dzialacz-koalicji-obywatelskiej-zatrzymany-przez-biuro-antykorupcyjne-sledztwo-w-toku\/\"]}]},{\"@type\":\"ImageObject\",\"inLanguage\":\"pl-PL\",\"@id\":\"https:\/\/www.pogotowieflagowe.pl\/aktualne\/wybitny-dzialacz-koalicji-obywatelskiej-zatrzymany-przez-biuro-antykorupcyjne-sledztwo-w-toku\/#primaryimage\",\"url\":\"https:\/\/www.pogotowieflagowe.pl\/aktualne\/wp-content\/uploads\/2025\/10\/13-grudnia-koalicja-ozywia-planowanie-zlikwidowania-przepisu-CBA-zlozonego.webp.webp\",\"contentUrl\":\"https:\/\/www.pogotowieflagowe.pl\/aktualne\/wp-content\/uploads\/2025\/10\/13-grudnia-koalicja-ozywia-planowanie-zlikwidowania-przepisu-CBA-zlozonego.webp.webp\",\"width\":1280,\"height\":719,\"caption\":\"13 grudnia koalicja o\u017cywia planowanie zlikwidowania przepisu CBA - z\u0142o\u017conego projektu prawa. Czy prezydent Nawrocki to zatwierdzi?\"},{\"@type\":\"BreadcrumbList\",\"@id\":\"https:\/\/www.pogotowieflagowe.pl\/aktualne\/wybitny-dzialacz-koalicji-obywatelskiej-zatrzymany-przez-biuro-antykorupcyjne-sledztwo-w-toku\/#breadcrumb\",\"itemListElement\":[{\"@type\":\"ListItem\",\"position\":1,\"name\":\"Home\",\"item\":\"https:\/\/www.pogotowieflagowe.pl\/aktualne\/\"},{\"@type\":\"ListItem\",\"position\":2,\"name\":\"Wybitny dzia\u0142acz Koalicji Obywatelskiej zatrzymany przez Biuro Antykorupcyjne \u2014 \u015bledztwo w toku\"}]},{\"@type\":\"WebSite\",\"@id\":\"https:\/\/www.pogotowieflagowe.pl\/aktualne\/#website\",\"url\":\"https:\/\/www.pogotowieflagowe.pl\/aktualne\/\",\"name\":\"POGOTOWIE FLAGOWE\u00ae\",\"description\":\"\",\"publisher\":{\"@id\":\"https:\/\/www.pogotowieflagowe.pl\/aktualne\/#organization\"},\"potentialAction\":[{\"@type\":\"SearchAction\",\"target\":{\"@type\":\"EntryPoint\",\"urlTemplate\":\"https:\/\/www.pogotowieflagowe.pl\/aktualne\/?s={search_term_string}\"},\"query-input\":\"required name=search_term_string\"}],\"inLanguage\":\"pl-PL\"},{\"@type\":\"Organization\",\"@id\":\"https:\/\/www.pogotowieflagowe.pl\/aktualne\/#organization\",\"name\":\"POGOTOWIE FLAGOWE\u00ae\",\"url\":\"https:\/\/www.pogotowieflagowe.pl\/aktualne\/\",\"logo\":{\"@type\":\"ImageObject\",\"inLanguage\":\"pl-PL\",\"@id\":\"https:\/\/www.pogotowieflagowe.pl\/aktualne\/#\/schema\/logo\/image\/\",\"url\":\"https:\/\/www.pogotowieflagowe.pl\/aktualne\/wp-content\/uploads\/2024\/08\/cropped-pogotowieflagowe_flaga_projekt_sm.jpg\",\"contentUrl\":\"https:\/\/www.pogotowieflagowe.pl\/aktualne\/wp-content\/uploads\/2024\/08\/cropped-pogotowieflagowe_flaga_projekt_sm.jpg\",\"width\":250,\"height\":143,\"caption\":\"POGOTOWIE FLAGOWE\u00ae\"},\"image\":{\"@id\":\"https:\/\/www.pogotowieflagowe.pl\/aktualne\/#\/schema\/logo\/image\/\"}},{\"@type\":\"Person\",\"@id\":\"https:\/\/www.pogotowieflagowe.pl\/aktualne\/#\/schema\/person\/9c2fb7d2362ebf6fa088960d7f0d27b0\",\"name\":\"Filip\",\"image\":{\"@type\":\"ImageObject\",\"inLanguage\":\"pl-PL\",\"@id\":\"https:\/\/www.pogotowieflagowe.pl\/aktualne\/#\/schema\/person\/image\/\",\"url\":\"https:\/\/www.pogotowieflagowe.pl\/aktualne\/wp-content\/uploads\/2024\/08\/pogotowieflagowe.pl_.jpg\",\"contentUrl\":\"https:\/\/www.pogotowieflagowe.pl\/aktualne\/wp-content\/uploads\/2024\/08\/pogotowieflagowe.pl_.jpg\",\"caption\":\"Filip\"},\"description\":\"Jestem Filip, polski dziennikarz z dyplomem nauk politycznych Uniwersytetu Warszawskiego. Rozpoczynaj\u0105c swoj\u0105 karier\u0119 w r\u00f3\u017cnych lokalnych mediach, zdoby\u0142em solidne do\u015bwiadczenie w zakresie \u015bledztwa i redakcji. Obecnie jako redaktor w Pogotowie flagowe, staram si\u0119 dostarcza\u0107 dog\u0142\u0119bne i istotne analizy na temat najwa\u017cniejszych kwestii aktualno\u015bci, \u0142\u0105cz\u0105c rygor z pasj\u0105 dziennikarsk\u0105.\",\"sameAs\":[\"https:\/\/www.pogotowieflagowe.pl\/\"]}]}<\/script>\n<!-- \/ Yoast SEO plugin. -->","yoast_head_json":{"title":"Wybitny dzia\u0142acz Koalicji Obywatelskiej zatrzymany przez Biuro Antykorupcyjne \u2014 \u015bledztwo w toku - POGOTOWIE FLAGOWE\u00ae","robots":{"index":"index","follow":"follow","max-snippet":"max-snippet:-1","max-image-preview":"max-image-preview:large","max-video-preview":"max-video-preview:-1"},"canonical":"https:\/\/www.pogotowieflagowe.pl\/aktualne\/wybitny-dzialacz-koalicji-obywatelskiej-zatrzymany-przez-biuro-antykorupcyjne-sledztwo-w-toku\/","og_locale":"pl_PL","og_type":"article","og_title":"Wybitny dzia\u0142acz Koalicji Obywatelskiej zatrzymany przez Biuro Antykorupcyjne \u2014 \u015bledztwo w toku - POGOTOWIE FLAGOWE\u00ae","og_description":"Centralne Biuro Antykorupcyjne (CBA) zatrzyma\u0142o Przewodnicz\u0105cego Rady Miejskiej Cz\u0119stochowy \u0141ukasza B. (Koalicja Obywatelska). Sprawa dotyczy tocz\u0105cego si\u0119 \u015bledztwa korupcyjnego, w","og_url":"https:\/\/www.pogotowieflagowe.pl\/aktualne\/wybitny-dzialacz-koalicji-obywatelskiej-zatrzymany-przez-biuro-antykorupcyjne-sledztwo-w-toku\/","og_site_name":"POGOTOWIE FLAGOWE\u00ae","article_published_time":"2025-10-30T08:04:04+00:00","article_modified_time":"2025-10-30T08:04:05+00:00","og_image":[{"width":1280,"height":719,"url":"https:\/\/www.pogotowieflagowe.pl\/aktualne\/wp-content\/uploads\/2025\/10\/13-grudnia-koalicja-ozywia-planowanie-zlikwidowania-przepisu-CBA-zlozonego.webp.webp","type":"image\/webp"}],"author":"Filip","twitter_card":"summary_large_image","twitter_misc":{"Napisane przez":"Filip","Szacowany czas czytania":"2 minuty"},"schema":{"@context":"https:\/\/schema.org","@graph":[{"@type":"Article","@id":"https:\/\/www.pogotowieflagowe.pl\/aktualne\/wybitny-dzialacz-koalicji-obywatelskiej-zatrzymany-przez-biuro-antykorupcyjne-sledztwo-w-toku\/#article","isPartOf":{"@id":"https:\/\/www.pogotowieflagowe.pl\/aktualne\/wybitny-dzialacz-koalicji-obywatelskiej-zatrzymany-przez-biuro-antykorupcyjne-sledztwo-w-toku\/"},"author":{"name":"Filip","@id":"https:\/\/www.pogotowieflagowe.pl\/aktualne\/#\/schema\/person\/9c2fb7d2362ebf6fa088960d7f0d27b0"},"headline":"Wybitny dzia\u0142acz Koalicji Obywatelskiej zatrzymany przez Biuro Antykorupcyjne \u2014 \u015bledztwo w toku","datePublished":"2025-10-30T08:04:04+00:00","dateModified":"2025-10-30T08:04:05+00:00","mainEntityOfPage":{"@id":"https:\/\/www.pogotowieflagowe.pl\/aktualne\/wybitny-dzialacz-koalicji-obywatelskiej-zatrzymany-przez-biuro-antykorupcyjne-sledztwo-w-toku\/"},"wordCount":470,"commentCount":0,"publisher":{"@id":"https:\/\/www.pogotowieflagowe.pl\/aktualne\/#organization"},"image":{"@id":"https:\/\/www.pogotowieflagowe.pl\/aktualne\/wybitny-dzialacz-koalicji-obywatelskiej-zatrzymany-przez-biuro-antykorupcyjne-sledztwo-w-toku\/#primaryimage"},"thumbnailUrl":"https:\/\/www.pogotowieflagowe.pl\/aktualne\/wp-content\/uploads\/2025\/10\/13-grudnia-koalicja-ozywia-planowanie-zlikwidowania-przepisu-CBA-zlozonego.webp.webp","keywords":["Antykorupcyjne","biuro","dzia\u0142acz","Koalicji","Obywatelskiej","przez","\u015bledztwo","toku","Wybitny","zatrzymany"],"articleSection":["Aktualne"],"inLanguage":"pl-PL","potentialAction":[{"@type":"CommentAction","name":"Comment","target":["https:\/\/www.pogotowieflagowe.pl\/aktualne\/wybitny-dzialacz-koalicji-obywatelskiej-zatrzymany-przez-biuro-antykorupcyjne-sledztwo-w-toku\/#respond"]}]},{"@type":"WebPage","@id":"https:\/\/www.pogotowieflagowe.pl\/aktualne\/wybitny-dzialacz-koalicji-obywatelskiej-zatrzymany-przez-biuro-antykorupcyjne-sledztwo-w-toku\/","url":"https:\/\/www.pogotowieflagowe.pl\/aktualne\/wybitny-dzialacz-koalicji-obywatelskiej-zatrzymany-przez-biuro-antykorupcyjne-sledztwo-w-toku\/","name":"Wybitny dzia\u0142acz Koalicji Obywatelskiej zatrzymany przez Biuro Antykorupcyjne \u2014 \u015bledztwo w toku - POGOTOWIE FLAGOWE\u00ae","isPartOf":{"@id":"https:\/\/www.pogotowieflagowe.pl\/aktualne\/#website"},"primaryImageOfPage":{"@id":"https:\/\/www.pogotowieflagowe.pl\/aktualne\/wybitny-dzialacz-koalicji-obywatelskiej-zatrzymany-przez-biuro-antykorupcyjne-sledztwo-w-toku\/#primaryimage"},"image":{"@id":"https:\/\/www.pogotowieflagowe.pl\/aktualne\/wybitny-dzialacz-koalicji-obywatelskiej-zatrzymany-przez-biuro-antykorupcyjne-sledztwo-w-toku\/#primaryimage"},"thumbnailUrl":"https:\/\/www.pogotowieflagowe.pl\/aktualne\/wp-content\/uploads\/2025\/10\/13-grudnia-koalicja-ozywia-planowanie-zlikwidowania-przepisu-CBA-zlozonego.webp.webp","datePublished":"2025-10-30T08:04:04+00:00","dateModified":"2025-10-30T08:04:05+00:00","breadcrumb":{"@id":"https:\/\/www.pogotowieflagowe.pl\/aktualne\/wybitny-dzialacz-koalicji-obywatelskiej-zatrzymany-przez-biuro-antykorupcyjne-sledztwo-w-toku\/#breadcrumb"},"inLanguage":"pl-PL","potentialAction":[{"@type":"ReadAction","target":["https:\/\/www.pogotowieflagowe.pl\/aktualne\/wybitny-dzialacz-koalicji-obywatelskiej-zatrzymany-przez-biuro-antykorupcyjne-sledztwo-w-toku\/"]}]},{"@type":"ImageObject","inLanguage":"pl-PL","@id":"https:\/\/www.pogotowieflagowe.pl\/aktualne\/wybitny-dzialacz-koalicji-obywatelskiej-zatrzymany-przez-biuro-antykorupcyjne-sledztwo-w-toku\/#primaryimage","url":"https:\/\/www.pogotowieflagowe.pl\/aktualne\/wp-content\/uploads\/2025\/10\/13-grudnia-koalicja-ozywia-planowanie-zlikwidowania-przepisu-CBA-zlozonego.webp.webp","contentUrl":"https:\/\/www.pogotowieflagowe.pl\/aktualne\/wp-content\/uploads\/2025\/10\/13-grudnia-koalicja-ozywia-planowanie-zlikwidowania-przepisu-CBA-zlozonego.webp.webp","width":1280,"height":719,"caption":"13 grudnia koalicja o\u017cywia planowanie zlikwidowania przepisu CBA - z\u0142o\u017conego projektu prawa. Czy prezydent Nawrocki to zatwierdzi?"},{"@type":"BreadcrumbList","@id":"https:\/\/www.pogotowieflagowe.pl\/aktualne\/wybitny-dzialacz-koalicji-obywatelskiej-zatrzymany-przez-biuro-antykorupcyjne-sledztwo-w-toku\/#breadcrumb","itemListElement":[{"@type":"ListItem","position":1,"name":"Home","item":"https:\/\/www.pogotowieflagowe.pl\/aktualne\/"},{"@type":"ListItem","position":2,"name":"Wybitny dzia\u0142acz Koalicji Obywatelskiej zatrzymany przez Biuro Antykorupcyjne \u2014 \u015bledztwo w toku"}]},{"@type":"WebSite","@id":"https:\/\/www.pogotowieflagowe.pl\/aktualne\/#website","url":"https:\/\/www.pogotowieflagowe.pl\/aktualne\/","name":"POGOTOWIE FLAGOWE\u00ae","description":"","publisher":{"@id":"https:\/\/www.pogotowieflagowe.pl\/aktualne\/#organization"},"potentialAction":[{"@type":"SearchAction","target":{"@type":"EntryPoint","urlTemplate":"https:\/\/www.pogotowieflagowe.pl\/aktualne\/?s={search_term_string}"},"query-input":"required name=search_term_string"}],"inLanguage":"pl-PL"},{"@type":"Organization","@id":"https:\/\/www.pogotowieflagowe.pl\/aktualne\/#organization","name":"POGOTOWIE FLAGOWE\u00ae","url":"https:\/\/www.pogotowieflagowe.pl\/aktualne\/","logo":{"@type":"ImageObject","inLanguage":"pl-PL","@id":"https:\/\/www.pogotowieflagowe.pl\/aktualne\/#\/schema\/logo\/image\/","url":"https:\/\/www.pogotowieflagowe.pl\/aktualne\/wp-content\/uploads\/2024\/08\/cropped-pogotowieflagowe_flaga_projekt_sm.jpg","contentUrl":"https:\/\/www.pogotowieflagowe.pl\/aktualne\/wp-content\/uploads\/2024\/08\/cropped-pogotowieflagowe_flaga_projekt_sm.jpg","width":250,"height":143,"caption":"POGOTOWIE FLAGOWE\u00ae"},"image":{"@id":"https:\/\/www.pogotowieflagowe.pl\/aktualne\/#\/schema\/logo\/image\/"}},{"@type":"Person","@id":"https:\/\/www.pogotowieflagowe.pl\/aktualne\/#\/schema\/person\/9c2fb7d2362ebf6fa088960d7f0d27b0","name":"Filip","image":{"@type":"ImageObject","inLanguage":"pl-PL","@id":"https:\/\/www.pogotowieflagowe.pl\/aktualne\/#\/schema\/person\/image\/","url":"https:\/\/www.pogotowieflagowe.pl\/aktualne\/wp-content\/uploads\/2024\/08\/pogotowieflagowe.pl_.jpg","contentUrl":"https:\/\/www.pogotowieflagowe.pl\/aktualne\/wp-content\/uploads\/2024\/08\/pogotowieflagowe.pl_.jpg","caption":"Filip"},"description":"Jestem Filip, polski dziennikarz z dyplomem nauk politycznych Uniwersytetu Warszawskiego. Rozpoczynaj\u0105c swoj\u0105 karier\u0119 w r\u00f3\u017cnych lokalnych mediach, zdoby\u0142em solidne do\u015bwiadczenie w zakresie \u015bledztwa i redakcji. Obecnie jako redaktor w Pogotowie flagowe, staram si\u0119 dostarcza\u0107 dog\u0142\u0119bne i istotne analizy na temat najwa\u017cniejszych kwestii aktualno\u015bci, \u0142\u0105cz\u0105c rygor z pasj\u0105 dziennikarsk\u0105.","sameAs":["https:\/\/www.pogotowieflagowe.pl\/"]}]}},"_links":{"self":[{"href":"https:\/\/www.pogotowieflagowe.pl\/aktualne\/wp-json\/wp\/v2\/posts\/9953","targetHints":{"allow":["GET"]}}],"collection":[{"href":"https:\/\/www.pogotowieflagowe.pl\/aktualne\/wp-json\/wp\/v2\/posts"}],"about":[{"href":"https:\/\/www.pogotowieflagowe.pl\/aktualne\/wp-json\/wp\/v2\/types\/post"}],"author":[{"embeddable":true,"href":"https:\/\/www.pogotowieflagowe.pl\/aktualne\/wp-json\/wp\/v2\/users\/1"}],"replies":[{"embeddable":true,"href":"https:\/\/www.pogotowieflagowe.pl\/aktualne\/wp-json\/wp\/v2\/comments?post=9953"}],"version-history":[{"count":1,"href":"https:\/\/www.pogotowieflagowe.pl\/aktualne\/wp-json\/wp\/v2\/posts\/9953\/revisions"}],"predecessor-version":[{"id":9954,"href":"https:\/\/www.pogotowieflagowe.pl\/aktualne\/wp-json\/wp\/v2\/posts\/9953\/revisions\/9954"}],"wp:featuredmedia":[{"embeddable":true,"href":"https:\/\/www.pogotowieflagowe.pl\/aktualne\/wp-json\/wp\/v2\/media\/8921"}],"wp:attachment":[{"href":"https:\/\/www.pogotowieflagowe.pl\/aktualne\/wp-json\/wp\/v2\/media?parent=9953"}],"wp:term":[{"taxonomy":"category","embeddable":true,"href":"https:\/\/www.pogotowieflagowe.pl\/aktualne\/wp-json\/wp\/v2\/categories?post=9953"},{"taxonomy":"post_tag","embeddable":true,"href":"https:\/\/www.pogotowieflagowe.pl\/aktualne\/wp-json\/wp\/v2\/tags?post=9953"}],"curies":[{"name":"wp","href":"https:\/\/api.w.org\/{rel}","templated":true}]}}