{"id":9973,"date":"2025-10-30T20:36:54","date_gmt":"2025-10-30T19:36:54","guid":{"rendered":"https:\/\/www.pogotowieflagowe.pl\/aktualne\/viktor-orban-spotyka-sie-ze-zbigniewem-ziobro-w-budapeszcie-premier-wegier-wydaje-specjalne-oswiadczenie\/"},"modified":"2025-10-30T20:36:58","modified_gmt":"2025-10-30T19:36:58","slug":"viktor-orban-spotyka-sie-ze-zbigniewem-ziobro-w-budapeszcie-premier-wegier-wydaje-specjalne-oswiadczenie","status":"publish","type":"post","link":"https:\/\/www.pogotowieflagowe.pl\/aktualne\/viktor-orban-spotyka-sie-ze-zbigniewem-ziobro-w-budapeszcie-premier-wegier-wydaje-specjalne-oswiadczenie\/","title":{"rendered":"Viktor Orb\u00e1n spotyka si\u0119 ze Zbigniewem Ziobro w Budapeszcie \u2013 Premier W\u0119gier wydaje specjalne o\u015bwiadczenie"},"content":{"rendered":"\n<div class=\"td_block_wrap tdb_single_content tdi_41 td-pb-border-top td_block_template_8 td-post-content tagdiv-type\" data-td-block-uid=\"tdi_41\">\n<style>.tdi_41{margines-top:0px!important;margin-bottom:0px!important;dope\u0142nienie-g\u00f3ra:0px!important;dope\u0142nienie-d\u00f3\u0142:0px!important}<\/style>\n<style>.tdb_single_content{margin-bottom:0;*zoom:1}.tdb_single_content:before,.tdb_single_content:after{display:table;content:'';line-height:0}.tdb_single_content:after{clear:both}.tdb_single_content .tdb-block-inner>*:not(.wp-block-quote):not(.alignwide):not(.alignfull.wp-block-cover.has-parallax):not(.td-a-ad){margin-left:auto;margin-right:auto}.tdb_single_content a{pointer-events:auto}.tdb_single_content .td-spot-id-top_ad .tdc-placeholder-title:before{content:'Najlepsza reklama artyku\u0142u'!important}.tdb_single_content .td-spot-id-inline_ad0 .tdc-placeholder-title:before{content:'Reklama wbudowana artyku\u0142u 1'!important}.tdb_single_content .td-spot-id-inline_ad1 .tdc-placeholder-title:before{content:'Reklama wbudowana w artyku\u0142 2'!important}.tdb_single_content .td-spot-id-inline_ad2 .tdc-placeholder-title:before{content:'Reklama wbudowana w artyku\u0142 3'!important}.tdb_single_content .td-spot-id-bottom_ad .tdc-placeholder-title:before{content:'Article Bottom Ad'!important}.tdb_single_content .id_top_ad,.tdb_single_content .id_bottom_ad{clear:both;margin-bottom:21px;text-align:center}.tdb_single_content .id_top_ad img,.tdb_single_content .id_bottom_ad img{margin-bottom:0}.tdb_single_content .id_top_ad .adsbygoogle,.tdb_single_content .id_bottom_ad .adsbygoogle{position:relative}.tdb_single_content .id_ad_content-horiz-left,.tdb_single_content .id_ad_content-horiz-right,.tdb_single_content .id_ad_content-horiz-center{margin-bottom:15px}.tdb_single_content .id_ad_content-horiz-left img,.tdb_single_content .id_ad_content-horiz-right img,.tdb_single_content .id_ad_content-horiz-center img{margin-bottom:0}.tdb_single_content .id_ad_content-horiz-center{text-align:center}.tdb_single_content .id_ad_content-horiz-center img{margin-right:auto;margin-left:auto}.tdb_single_content .id_ad_content-horiz-left{float:left;margin-top:9px;margin-right:21px}.tdb_single_content .id_ad_content-horiz-right{float:right;margin-top:6px;margin-left:21px}.tdb_single_content .tdc-a-ad .tdc-placeholder-title{width:300px;height:250px}.tdb_single_content .tdc-a-ad .tdc-placeholder-title:before{position:absolute;top:50%;-webkit-transform:translateY(-50%);transform:translateY(-50%);margin:auto;display:table;width:100%}.tdb_single_content .tdb-block-inner.td-fix-index{word-break:break-word}.tdi_41,.tdi_41>p,.tdi_41 .tdb-block-inner>p,.wp-block-column>p{font-size:16px!important;line-height:1.6!important}.tdi_41 .tdb-block-inner blockquote p{font-style:normal!important}@media (max-width:767px){.tdb_single_content .id_ad_content-horiz-left,.tdb_single_content .id_ad_content-horiz-right,.tdb_single_content .id_ad_content-horiz-center{margin:0 auto 26 pikseli auto}}@media (max-width:767px){.tdb_single_content .id_ad_content-horiz-left{margin-right:0}}@media (max-width:767px){.tdb_single_content .id_ad_content-horiz-right{margin-left:0}}@media (max-width:767px){.tdb_single_content .td-a-ad{float:none;text-align:center}.tdb_single_content .td-a-ad img{margin-right:auto;margin-left:auto}.tdb_single_content .tdc-a-ad{float:none}}<\/style>\n<div class=\"tdb-block-inner td-fix-index\">\n<p>&#8222;Polska prawica odnios\u0142a ogromne zwyci\u0119stwo w wyborach prezydenckich. Od tego czasu probrukselski rz\u0105d Polski rozpocz\u0105\u0142 przeciwko niej polityczne polowanie na czarownice. Dzi\u015b spotka\u0142em si\u0119 w Budapeszcie z by\u0142ym ministrem sprawiedliwo\u015bci Zbigniewem Ziobr\u0105&#8221; &#8211; og\u0142osi\u0142 na peronie X Viktor Orb\u00e1n, premier W\u0119gier.<\/p>\n<h2 class=\"wp-block-heading\">Spotkanie Ziobro\u2013Orb\u00e1n w Budapeszcie<\/h2>\n<p>W swoim po\u015bcie w\u0119gierski polityk podkre\u015bli\u0142, \u017ce &#8222;polska prawica odnios\u0142a ogromne zwyci\u0119stwo w wyborach prezydenckich. Od tego czasu probrukselski polski rz\u0105d rozpocz\u0105\u0142 przeciwko niej polityczne polowanie na czarownice&#8221;.<\/p>\n<p>&#8222;Dzisiaj spotka\u0142em si\u0119 w Budapeszcie z by\u0142ym ministrem sprawiedliwo\u015bci Zbigniewem Ziobr\u0105. Polski rz\u0105d stara si\u0119 o jego aresztowanie. Wszystko to w sercu Europy, podczas gdy Bruksela milczy. To s\u0105 absurdalne czasy, w kt\u00f3rych \u017cyjemy\u2026\u201d \u2013 czytamy w o\u015bwiadczeniu.<\/p>\n<figure class=\"wp-block-embed is-type-rich is-provider-twitter wp-block-embed-twitter\">\n<div class=\"wp-block-embed__wrapper\">\n<blockquote class=\"twitter-tweet\" data-width=\"550\" data-dnt=\"true\">\n<p lang=\"en\" dir=\"ltr\">\ud83c\uddf5\ud83c\uddf1 Sprawiedliwo\u015b\u0107 dla Polski! Polska prawica odnios\u0142a ogromne zwyci\u0119stwo w wyborach prezydenckich. Od tego czasu probrukselski polski rz\u0105d rozpocz\u0105\u0142 przeciwko nim polityczne polowanie na czarownice.<\/p>\n<p>Spotka\u0142em si\u0119 dzisiaj z by\u0142ym Ministrem Sprawiedliwo\u015bci <a rel=\"nofollow\" href=\"https:\/\/twitter.com\/ZiobroPL?ref_src=twsrc%5Etfw\">@ZiobroPL<\/a> w Budapeszcie. Polski\u2026 <a rel=\"nofollow\" href=\"https:\/\/t.co\/U5WtAGyhhW\">pic.twitter.com\/U5WtAGyhhW<\/a><\/p>\n<p>\u2014 Orb\u00e1n Viktor (@PM_ViktorOrban) <a rel=\"nofollow\" href=\"https:\/\/twitter.com\/PM_ViktorOrban\/status\/1983926753702576556?ref_src=twsrc%5Etfw\">30 pa\u017adziernika 2025 r<\/a><\/p><\/blockquote>\n<\/div>\n<\/figure>\n<h2 class=\"wp-block-heading\">Chc\u0105 aresztowa\u0107 Ziobr\u0119<\/h2>\n<p>Waldemar \u017burek, obecny Minister Sprawiedliwo\u015bci i Prokurator Generalny, z\u0142o\u017cy\u0142 niedawno do Marsza\u0142ka Sejmu Szymona Ho\u0142owni pro\u015bb\u0119 o wyra\u017cenie zgody na poci\u0105gni\u0119cie Ziobry do odpowiedzialno\u015bci karnej oraz na jego zatrzymanie i aresztowanie. Rzecznik Prokuratury Generalnej prokurator Anna Adamiak poinformowa\u0142a na konferencji prasowej, \u017ce 158-stronicowy wniosek zosta\u0142 przekazany Marsza\u0142kowi Sejmu.<\/p>\n<p>Sprawa dotyczy rzekomych nieprawid\u0142owo\u015bci w wydatkowaniu \u015brodk\u00f3w z Funduszu Sprawiedliwo\u015bci. Wed\u0142ug rzecznika Prokuratury Generalnej Ziobro w czasie pe\u0142nienia funkcji Ministra Sprawiedliwo\u015bci za\u0142o\u017cy\u0142 i kierowa\u0142 zorganizowan\u0105 grup\u0105 przest\u0119pcz\u0105, kt\u00f3ra sprzeniewierzy\u0142a z tego funduszu ponad 150 mln z\u0142.<\/p>\n<\/div>\n<\/div>\n<p><script async src=\"https:\/\/platform.twitter.com\/widgets.js\" charset=\"utf-8\"><\/script><\/p>\n","protected":false},"excerpt":{"rendered":"<p>&#8222;Polska prawica odnios\u0142a ogromne zwyci\u0119stwo w wyborach prezydenckich. Od tego czasu probrukselski rz\u0105d Polski rozpocz\u0105\u0142 przeciwko niej polityczne polowanie na<\/p>\n","protected":false},"author":1,"featured_media":9974,"comment_status":"open","ping_status":"open","sticky":false,"template":"","format":"standard","meta":{"footnotes":""},"categories":[4748],"tags":[1095,10600,5726,804,150,7296,3602,11485,6358,7107,11486,3360],"class_list":["post-9973","post","type-post","status-publish","format-standard","has-post-thumbnail","hentry","category-aktualne","tag-budapeszcie","tag-orban","tag-oswiadczenie","tag-premier","tag-sie","tag-specjalne","tag-spotyka","tag-viktor","tag-wegier","tag-wydaje","tag-zbigniewem","tag-ziobro","generate-columns","tablet-grid-50","mobile-grid-100","grid-parent","grid-50","resize-featured-image"],"yoast_head":"<!-- This site is optimized with the Yoast SEO plugin v23.2 - https:\/\/yoast.com\/wordpress\/plugins\/seo\/ -->\n<title>Viktor Orb\u00e1n spotyka si\u0119 ze Zbigniewem Ziobro w Budapeszcie \u2013 Premier W\u0119gier wydaje specjalne o\u015bwiadczenie - POGOTOWIE FLAGOWE\u00ae<\/title>\n<meta name=\"robots\" content=\"index, follow, max-snippet:-1, max-image-preview:large, max-video-preview:-1\" \/>\n<link rel=\"canonical\" href=\"https:\/\/www.pogotowieflagowe.pl\/aktualne\/viktor-orban-spotyka-sie-ze-zbigniewem-ziobro-w-budapeszcie-premier-wegier-wydaje-specjalne-oswiadczenie\/\" \/>\n<meta property=\"og:locale\" content=\"pl_PL\" \/>\n<meta property=\"og:type\" content=\"article\" \/>\n<meta property=\"og:title\" content=\"Viktor Orb\u00e1n spotyka si\u0119 ze Zbigniewem Ziobro w Budapeszcie \u2013 Premier W\u0119gier wydaje specjalne o\u015bwiadczenie - POGOTOWIE FLAGOWE\u00ae\" \/>\n<meta property=\"og:description\" content=\"&#8222;Polska prawica odnios\u0142a ogromne zwyci\u0119stwo w wyborach prezydenckich. Od tego czasu probrukselski rz\u0105d Polski rozpocz\u0105\u0142 przeciwko niej polityczne polowanie na\" \/>\n<meta property=\"og:url\" content=\"https:\/\/www.pogotowieflagowe.pl\/aktualne\/viktor-orban-spotyka-sie-ze-zbigniewem-ziobro-w-budapeszcie-premier-wegier-wydaje-specjalne-oswiadczenie\/\" \/>\n<meta property=\"og:site_name\" content=\"POGOTOWIE FLAGOWE\u00ae\" \/>\n<meta property=\"article:published_time\" content=\"2025-10-30T19:36:54+00:00\" \/>\n<meta property=\"article:modified_time\" content=\"2025-10-30T19:36:58+00:00\" \/>\n<meta property=\"og:image\" content=\"https:\/\/www.pogotowieflagowe.pl\/aktualne\/wp-content\/uploads\/2025\/10\/Viktor-Orban-spotyka-sie-ze-Zbigniewem-Ziobro-w-Budapeszcie-\u2013.jpeg\" \/>\n\t<meta property=\"og:image:width\" content=\"1920\" \/>\n\t<meta property=\"og:image:height\" content=\"1280\" \/>\n\t<meta property=\"og:image:type\" content=\"image\/jpeg\" \/>\n<meta name=\"author\" content=\"Filip\" \/>\n<meta name=\"twitter:card\" content=\"summary_large_image\" \/>\n<meta name=\"twitter:label1\" content=\"Napisane przez\" \/>\n\t<meta name=\"twitter:data1\" content=\"Filip\" \/>\n\t<meta name=\"twitter:label2\" content=\"Szacowany czas czytania\" \/>\n\t<meta name=\"twitter:data2\" content=\"1 minuta\" \/>\n<script type=\"application\/ld+json\" class=\"yoast-schema-graph\">{\"@context\":\"https:\/\/schema.org\",\"@graph\":[{\"@type\":\"Article\",\"@id\":\"https:\/\/www.pogotowieflagowe.pl\/aktualne\/viktor-orban-spotyka-sie-ze-zbigniewem-ziobro-w-budapeszcie-premier-wegier-wydaje-specjalne-oswiadczenie\/#article\",\"isPartOf\":{\"@id\":\"https:\/\/www.pogotowieflagowe.pl\/aktualne\/viktor-orban-spotyka-sie-ze-zbigniewem-ziobro-w-budapeszcie-premier-wegier-wydaje-specjalne-oswiadczenie\/\"},\"author\":{\"name\":\"Filip\",\"@id\":\"https:\/\/www.pogotowieflagowe.pl\/aktualne\/#\/schema\/person\/9c2fb7d2362ebf6fa088960d7f0d27b0\"},\"headline\":\"Viktor Orb\u00e1n spotyka si\u0119 ze Zbigniewem Ziobro w Budapeszcie \u2013 Premier W\u0119gier wydaje specjalne o\u015bwiadczenie\",\"datePublished\":\"2025-10-30T19:36:54+00:00\",\"dateModified\":\"2025-10-30T19:36:58+00:00\",\"mainEntityOfPage\":{\"@id\":\"https:\/\/www.pogotowieflagowe.pl\/aktualne\/viktor-orban-spotyka-sie-ze-zbigniewem-ziobro-w-budapeszcie-premier-wegier-wydaje-specjalne-oswiadczenie\/\"},\"wordCount\":314,\"commentCount\":0,\"publisher\":{\"@id\":\"https:\/\/www.pogotowieflagowe.pl\/aktualne\/#organization\"},\"image\":{\"@id\":\"https:\/\/www.pogotowieflagowe.pl\/aktualne\/viktor-orban-spotyka-sie-ze-zbigniewem-ziobro-w-budapeszcie-premier-wegier-wydaje-specjalne-oswiadczenie\/#primaryimage\"},\"thumbnailUrl\":\"https:\/\/www.pogotowieflagowe.pl\/aktualne\/wp-content\/uploads\/2025\/10\/Viktor-Orban-spotyka-sie-ze-Zbigniewem-Ziobro-w-Budapeszcie-\u2013.jpeg\",\"keywords\":[\"Budapeszcie\",\"Orban\",\"O\u015bwiadczenie\",\"Premier\",\"si\u0119\",\"Specjalne\",\"spotyka\",\"Viktor\",\"W\u0119gier\",\"wydaje\",\"Zbigniewem\",\"Ziobro\"],\"articleSection\":[\"Aktualne\"],\"inLanguage\":\"pl-PL\",\"potentialAction\":[{\"@type\":\"CommentAction\",\"name\":\"Comment\",\"target\":[\"https:\/\/www.pogotowieflagowe.pl\/aktualne\/viktor-orban-spotyka-sie-ze-zbigniewem-ziobro-w-budapeszcie-premier-wegier-wydaje-specjalne-oswiadczenie\/#respond\"]}]},{\"@type\":\"WebPage\",\"@id\":\"https:\/\/www.pogotowieflagowe.pl\/aktualne\/viktor-orban-spotyka-sie-ze-zbigniewem-ziobro-w-budapeszcie-premier-wegier-wydaje-specjalne-oswiadczenie\/\",\"url\":\"https:\/\/www.pogotowieflagowe.pl\/aktualne\/viktor-orban-spotyka-sie-ze-zbigniewem-ziobro-w-budapeszcie-premier-wegier-wydaje-specjalne-oswiadczenie\/\",\"name\":\"Viktor Orb\u00e1n spotyka si\u0119 ze Zbigniewem Ziobro w Budapeszcie \u2013 Premier W\u0119gier wydaje specjalne o\u015bwiadczenie - POGOTOWIE FLAGOWE\u00ae\",\"isPartOf\":{\"@id\":\"https:\/\/www.pogotowieflagowe.pl\/aktualne\/#website\"},\"primaryImageOfPage\":{\"@id\":\"https:\/\/www.pogotowieflagowe.pl\/aktualne\/viktor-orban-spotyka-sie-ze-zbigniewem-ziobro-w-budapeszcie-premier-wegier-wydaje-specjalne-oswiadczenie\/#primaryimage\"},\"image\":{\"@id\":\"https:\/\/www.pogotowieflagowe.pl\/aktualne\/viktor-orban-spotyka-sie-ze-zbigniewem-ziobro-w-budapeszcie-premier-wegier-wydaje-specjalne-oswiadczenie\/#primaryimage\"},\"thumbnailUrl\":\"https:\/\/www.pogotowieflagowe.pl\/aktualne\/wp-content\/uploads\/2025\/10\/Viktor-Orban-spotyka-sie-ze-Zbigniewem-Ziobro-w-Budapeszcie-\u2013.jpeg\",\"datePublished\":\"2025-10-30T19:36:54+00:00\",\"dateModified\":\"2025-10-30T19:36:58+00:00\",\"breadcrumb\":{\"@id\":\"https:\/\/www.pogotowieflagowe.pl\/aktualne\/viktor-orban-spotyka-sie-ze-zbigniewem-ziobro-w-budapeszcie-premier-wegier-wydaje-specjalne-oswiadczenie\/#breadcrumb\"},\"inLanguage\":\"pl-PL\",\"potentialAction\":[{\"@type\":\"ReadAction\",\"target\":[\"https:\/\/www.pogotowieflagowe.pl\/aktualne\/viktor-orban-spotyka-sie-ze-zbigniewem-ziobro-w-budapeszcie-premier-wegier-wydaje-specjalne-oswiadczenie\/\"]}]},{\"@type\":\"ImageObject\",\"inLanguage\":\"pl-PL\",\"@id\":\"https:\/\/www.pogotowieflagowe.pl\/aktualne\/viktor-orban-spotyka-sie-ze-zbigniewem-ziobro-w-budapeszcie-premier-wegier-wydaje-specjalne-oswiadczenie\/#primaryimage\",\"url\":\"https:\/\/www.pogotowieflagowe.pl\/aktualne\/wp-content\/uploads\/2025\/10\/Viktor-Orban-spotyka-sie-ze-Zbigniewem-Ziobro-w-Budapeszcie-\u2013.jpeg\",\"contentUrl\":\"https:\/\/www.pogotowieflagowe.pl\/aktualne\/wp-content\/uploads\/2025\/10\/Viktor-Orban-spotyka-sie-ze-Zbigniewem-Ziobro-w-Budapeszcie-\u2013.jpeg\",\"width\":1920,\"height\":1280,\"caption\":\"Viktor Orb\u00e1n spotyka si\u0119 ze Zbigniewem Ziobro w Budapeszcie \u2013 Premier W\u0119gier wydaje specjalne o\u015bwiadczenie\"},{\"@type\":\"BreadcrumbList\",\"@id\":\"https:\/\/www.pogotowieflagowe.pl\/aktualne\/viktor-orban-spotyka-sie-ze-zbigniewem-ziobro-w-budapeszcie-premier-wegier-wydaje-specjalne-oswiadczenie\/#breadcrumb\",\"itemListElement\":[{\"@type\":\"ListItem\",\"position\":1,\"name\":\"Home\",\"item\":\"https:\/\/www.pogotowieflagowe.pl\/aktualne\/\"},{\"@type\":\"ListItem\",\"position\":2,\"name\":\"Viktor Orb\u00e1n spotyka si\u0119 ze Zbigniewem Ziobro w Budapeszcie \u2013 Premier W\u0119gier wydaje specjalne o\u015bwiadczenie\"}]},{\"@type\":\"WebSite\",\"@id\":\"https:\/\/www.pogotowieflagowe.pl\/aktualne\/#website\",\"url\":\"https:\/\/www.pogotowieflagowe.pl\/aktualne\/\",\"name\":\"POGOTOWIE FLAGOWE\u00ae\",\"description\":\"\",\"publisher\":{\"@id\":\"https:\/\/www.pogotowieflagowe.pl\/aktualne\/#organization\"},\"potentialAction\":[{\"@type\":\"SearchAction\",\"target\":{\"@type\":\"EntryPoint\",\"urlTemplate\":\"https:\/\/www.pogotowieflagowe.pl\/aktualne\/?s={search_term_string}\"},\"query-input\":\"required name=search_term_string\"}],\"inLanguage\":\"pl-PL\"},{\"@type\":\"Organization\",\"@id\":\"https:\/\/www.pogotowieflagowe.pl\/aktualne\/#organization\",\"name\":\"POGOTOWIE FLAGOWE\u00ae\",\"url\":\"https:\/\/www.pogotowieflagowe.pl\/aktualne\/\",\"logo\":{\"@type\":\"ImageObject\",\"inLanguage\":\"pl-PL\",\"@id\":\"https:\/\/www.pogotowieflagowe.pl\/aktualne\/#\/schema\/logo\/image\/\",\"url\":\"https:\/\/www.pogotowieflagowe.pl\/aktualne\/wp-content\/uploads\/2024\/08\/cropped-pogotowieflagowe_flaga_projekt_sm.jpg\",\"contentUrl\":\"https:\/\/www.pogotowieflagowe.pl\/aktualne\/wp-content\/uploads\/2024\/08\/cropped-pogotowieflagowe_flaga_projekt_sm.jpg\",\"width\":250,\"height\":143,\"caption\":\"POGOTOWIE FLAGOWE\u00ae\"},\"image\":{\"@id\":\"https:\/\/www.pogotowieflagowe.pl\/aktualne\/#\/schema\/logo\/image\/\"}},{\"@type\":\"Person\",\"@id\":\"https:\/\/www.pogotowieflagowe.pl\/aktualne\/#\/schema\/person\/9c2fb7d2362ebf6fa088960d7f0d27b0\",\"name\":\"Filip\",\"image\":{\"@type\":\"ImageObject\",\"inLanguage\":\"pl-PL\",\"@id\":\"https:\/\/www.pogotowieflagowe.pl\/aktualne\/#\/schema\/person\/image\/\",\"url\":\"https:\/\/www.pogotowieflagowe.pl\/aktualne\/wp-content\/uploads\/2024\/08\/pogotowieflagowe.pl_.jpg\",\"contentUrl\":\"https:\/\/www.pogotowieflagowe.pl\/aktualne\/wp-content\/uploads\/2024\/08\/pogotowieflagowe.pl_.jpg\",\"caption\":\"Filip\"},\"description\":\"Jestem Filip, polski dziennikarz z dyplomem nauk politycznych Uniwersytetu Warszawskiego. Rozpoczynaj\u0105c swoj\u0105 karier\u0119 w r\u00f3\u017cnych lokalnych mediach, zdoby\u0142em solidne do\u015bwiadczenie w zakresie \u015bledztwa i redakcji. Obecnie jako redaktor w Pogotowie flagowe, staram si\u0119 dostarcza\u0107 dog\u0142\u0119bne i istotne analizy na temat najwa\u017cniejszych kwestii aktualno\u015bci, \u0142\u0105cz\u0105c rygor z pasj\u0105 dziennikarsk\u0105.\",\"sameAs\":[\"https:\/\/www.pogotowieflagowe.pl\/\"]}]}<\/script>\n<!-- \/ Yoast SEO plugin. -->","yoast_head_json":{"title":"Viktor Orb\u00e1n spotyka si\u0119 ze Zbigniewem Ziobro w Budapeszcie \u2013 Premier W\u0119gier wydaje specjalne o\u015bwiadczenie - POGOTOWIE FLAGOWE\u00ae","robots":{"index":"index","follow":"follow","max-snippet":"max-snippet:-1","max-image-preview":"max-image-preview:large","max-video-preview":"max-video-preview:-1"},"canonical":"https:\/\/www.pogotowieflagowe.pl\/aktualne\/viktor-orban-spotyka-sie-ze-zbigniewem-ziobro-w-budapeszcie-premier-wegier-wydaje-specjalne-oswiadczenie\/","og_locale":"pl_PL","og_type":"article","og_title":"Viktor Orb\u00e1n spotyka si\u0119 ze Zbigniewem Ziobro w Budapeszcie \u2013 Premier W\u0119gier wydaje specjalne o\u015bwiadczenie - POGOTOWIE FLAGOWE\u00ae","og_description":"&#8222;Polska prawica odnios\u0142a ogromne zwyci\u0119stwo w wyborach prezydenckich. Od tego czasu probrukselski rz\u0105d Polski rozpocz\u0105\u0142 przeciwko niej polityczne polowanie na","og_url":"https:\/\/www.pogotowieflagowe.pl\/aktualne\/viktor-orban-spotyka-sie-ze-zbigniewem-ziobro-w-budapeszcie-premier-wegier-wydaje-specjalne-oswiadczenie\/","og_site_name":"POGOTOWIE FLAGOWE\u00ae","article_published_time":"2025-10-30T19:36:54+00:00","article_modified_time":"2025-10-30T19:36:58+00:00","og_image":[{"width":1920,"height":1280,"url":"https:\/\/www.pogotowieflagowe.pl\/aktualne\/wp-content\/uploads\/2025\/10\/Viktor-Orban-spotyka-sie-ze-Zbigniewem-Ziobro-w-Budapeszcie-\u2013.jpeg","type":"image\/jpeg"}],"author":"Filip","twitter_card":"summary_large_image","twitter_misc":{"Napisane przez":"Filip","Szacowany czas czytania":"1 minuta"},"schema":{"@context":"https:\/\/schema.org","@graph":[{"@type":"Article","@id":"https:\/\/www.pogotowieflagowe.pl\/aktualne\/viktor-orban-spotyka-sie-ze-zbigniewem-ziobro-w-budapeszcie-premier-wegier-wydaje-specjalne-oswiadczenie\/#article","isPartOf":{"@id":"https:\/\/www.pogotowieflagowe.pl\/aktualne\/viktor-orban-spotyka-sie-ze-zbigniewem-ziobro-w-budapeszcie-premier-wegier-wydaje-specjalne-oswiadczenie\/"},"author":{"name":"Filip","@id":"https:\/\/www.pogotowieflagowe.pl\/aktualne\/#\/schema\/person\/9c2fb7d2362ebf6fa088960d7f0d27b0"},"headline":"Viktor Orb\u00e1n spotyka si\u0119 ze Zbigniewem Ziobro w Budapeszcie \u2013 Premier W\u0119gier wydaje specjalne o\u015bwiadczenie","datePublished":"2025-10-30T19:36:54+00:00","dateModified":"2025-10-30T19:36:58+00:00","mainEntityOfPage":{"@id":"https:\/\/www.pogotowieflagowe.pl\/aktualne\/viktor-orban-spotyka-sie-ze-zbigniewem-ziobro-w-budapeszcie-premier-wegier-wydaje-specjalne-oswiadczenie\/"},"wordCount":314,"commentCount":0,"publisher":{"@id":"https:\/\/www.pogotowieflagowe.pl\/aktualne\/#organization"},"image":{"@id":"https:\/\/www.pogotowieflagowe.pl\/aktualne\/viktor-orban-spotyka-sie-ze-zbigniewem-ziobro-w-budapeszcie-premier-wegier-wydaje-specjalne-oswiadczenie\/#primaryimage"},"thumbnailUrl":"https:\/\/www.pogotowieflagowe.pl\/aktualne\/wp-content\/uploads\/2025\/10\/Viktor-Orban-spotyka-sie-ze-Zbigniewem-Ziobro-w-Budapeszcie-\u2013.jpeg","keywords":["Budapeszcie","Orban","O\u015bwiadczenie","Premier","si\u0119","Specjalne","spotyka","Viktor","W\u0119gier","wydaje","Zbigniewem","Ziobro"],"articleSection":["Aktualne"],"inLanguage":"pl-PL","potentialAction":[{"@type":"CommentAction","name":"Comment","target":["https:\/\/www.pogotowieflagowe.pl\/aktualne\/viktor-orban-spotyka-sie-ze-zbigniewem-ziobro-w-budapeszcie-premier-wegier-wydaje-specjalne-oswiadczenie\/#respond"]}]},{"@type":"WebPage","@id":"https:\/\/www.pogotowieflagowe.pl\/aktualne\/viktor-orban-spotyka-sie-ze-zbigniewem-ziobro-w-budapeszcie-premier-wegier-wydaje-specjalne-oswiadczenie\/","url":"https:\/\/www.pogotowieflagowe.pl\/aktualne\/viktor-orban-spotyka-sie-ze-zbigniewem-ziobro-w-budapeszcie-premier-wegier-wydaje-specjalne-oswiadczenie\/","name":"Viktor Orb\u00e1n spotyka si\u0119 ze Zbigniewem Ziobro w Budapeszcie \u2013 Premier W\u0119gier wydaje specjalne o\u015bwiadczenie - POGOTOWIE FLAGOWE\u00ae","isPartOf":{"@id":"https:\/\/www.pogotowieflagowe.pl\/aktualne\/#website"},"primaryImageOfPage":{"@id":"https:\/\/www.pogotowieflagowe.pl\/aktualne\/viktor-orban-spotyka-sie-ze-zbigniewem-ziobro-w-budapeszcie-premier-wegier-wydaje-specjalne-oswiadczenie\/#primaryimage"},"image":{"@id":"https:\/\/www.pogotowieflagowe.pl\/aktualne\/viktor-orban-spotyka-sie-ze-zbigniewem-ziobro-w-budapeszcie-premier-wegier-wydaje-specjalne-oswiadczenie\/#primaryimage"},"thumbnailUrl":"https:\/\/www.pogotowieflagowe.pl\/aktualne\/wp-content\/uploads\/2025\/10\/Viktor-Orban-spotyka-sie-ze-Zbigniewem-Ziobro-w-Budapeszcie-\u2013.jpeg","datePublished":"2025-10-30T19:36:54+00:00","dateModified":"2025-10-30T19:36:58+00:00","breadcrumb":{"@id":"https:\/\/www.pogotowieflagowe.pl\/aktualne\/viktor-orban-spotyka-sie-ze-zbigniewem-ziobro-w-budapeszcie-premier-wegier-wydaje-specjalne-oswiadczenie\/#breadcrumb"},"inLanguage":"pl-PL","potentialAction":[{"@type":"ReadAction","target":["https:\/\/www.pogotowieflagowe.pl\/aktualne\/viktor-orban-spotyka-sie-ze-zbigniewem-ziobro-w-budapeszcie-premier-wegier-wydaje-specjalne-oswiadczenie\/"]}]},{"@type":"ImageObject","inLanguage":"pl-PL","@id":"https:\/\/www.pogotowieflagowe.pl\/aktualne\/viktor-orban-spotyka-sie-ze-zbigniewem-ziobro-w-budapeszcie-premier-wegier-wydaje-specjalne-oswiadczenie\/#primaryimage","url":"https:\/\/www.pogotowieflagowe.pl\/aktualne\/wp-content\/uploads\/2025\/10\/Viktor-Orban-spotyka-sie-ze-Zbigniewem-Ziobro-w-Budapeszcie-\u2013.jpeg","contentUrl":"https:\/\/www.pogotowieflagowe.pl\/aktualne\/wp-content\/uploads\/2025\/10\/Viktor-Orban-spotyka-sie-ze-Zbigniewem-Ziobro-w-Budapeszcie-\u2013.jpeg","width":1920,"height":1280,"caption":"Viktor Orb\u00e1n spotyka si\u0119 ze Zbigniewem Ziobro w Budapeszcie \u2013 Premier W\u0119gier wydaje specjalne o\u015bwiadczenie"},{"@type":"BreadcrumbList","@id":"https:\/\/www.pogotowieflagowe.pl\/aktualne\/viktor-orban-spotyka-sie-ze-zbigniewem-ziobro-w-budapeszcie-premier-wegier-wydaje-specjalne-oswiadczenie\/#breadcrumb","itemListElement":[{"@type":"ListItem","position":1,"name":"Home","item":"https:\/\/www.pogotowieflagowe.pl\/aktualne\/"},{"@type":"ListItem","position":2,"name":"Viktor Orb\u00e1n spotyka si\u0119 ze Zbigniewem Ziobro w Budapeszcie \u2013 Premier W\u0119gier wydaje specjalne o\u015bwiadczenie"}]},{"@type":"WebSite","@id":"https:\/\/www.pogotowieflagowe.pl\/aktualne\/#website","url":"https:\/\/www.pogotowieflagowe.pl\/aktualne\/","name":"POGOTOWIE FLAGOWE\u00ae","description":"","publisher":{"@id":"https:\/\/www.pogotowieflagowe.pl\/aktualne\/#organization"},"potentialAction":[{"@type":"SearchAction","target":{"@type":"EntryPoint","urlTemplate":"https:\/\/www.pogotowieflagowe.pl\/aktualne\/?s={search_term_string}"},"query-input":"required name=search_term_string"}],"inLanguage":"pl-PL"},{"@type":"Organization","@id":"https:\/\/www.pogotowieflagowe.pl\/aktualne\/#organization","name":"POGOTOWIE FLAGOWE\u00ae","url":"https:\/\/www.pogotowieflagowe.pl\/aktualne\/","logo":{"@type":"ImageObject","inLanguage":"pl-PL","@id":"https:\/\/www.pogotowieflagowe.pl\/aktualne\/#\/schema\/logo\/image\/","url":"https:\/\/www.pogotowieflagowe.pl\/aktualne\/wp-content\/uploads\/2024\/08\/cropped-pogotowieflagowe_flaga_projekt_sm.jpg","contentUrl":"https:\/\/www.pogotowieflagowe.pl\/aktualne\/wp-content\/uploads\/2024\/08\/cropped-pogotowieflagowe_flaga_projekt_sm.jpg","width":250,"height":143,"caption":"POGOTOWIE FLAGOWE\u00ae"},"image":{"@id":"https:\/\/www.pogotowieflagowe.pl\/aktualne\/#\/schema\/logo\/image\/"}},{"@type":"Person","@id":"https:\/\/www.pogotowieflagowe.pl\/aktualne\/#\/schema\/person\/9c2fb7d2362ebf6fa088960d7f0d27b0","name":"Filip","image":{"@type":"ImageObject","inLanguage":"pl-PL","@id":"https:\/\/www.pogotowieflagowe.pl\/aktualne\/#\/schema\/person\/image\/","url":"https:\/\/www.pogotowieflagowe.pl\/aktualne\/wp-content\/uploads\/2024\/08\/pogotowieflagowe.pl_.jpg","contentUrl":"https:\/\/www.pogotowieflagowe.pl\/aktualne\/wp-content\/uploads\/2024\/08\/pogotowieflagowe.pl_.jpg","caption":"Filip"},"description":"Jestem Filip, polski dziennikarz z dyplomem nauk politycznych Uniwersytetu Warszawskiego. Rozpoczynaj\u0105c swoj\u0105 karier\u0119 w r\u00f3\u017cnych lokalnych mediach, zdoby\u0142em solidne do\u015bwiadczenie w zakresie \u015bledztwa i redakcji. Obecnie jako redaktor w Pogotowie flagowe, staram si\u0119 dostarcza\u0107 dog\u0142\u0119bne i istotne analizy na temat najwa\u017cniejszych kwestii aktualno\u015bci, \u0142\u0105cz\u0105c rygor z pasj\u0105 dziennikarsk\u0105.","sameAs":["https:\/\/www.pogotowieflagowe.pl\/"]}]}},"_links":{"self":[{"href":"https:\/\/www.pogotowieflagowe.pl\/aktualne\/wp-json\/wp\/v2\/posts\/9973","targetHints":{"allow":["GET"]}}],"collection":[{"href":"https:\/\/www.pogotowieflagowe.pl\/aktualne\/wp-json\/wp\/v2\/posts"}],"about":[{"href":"https:\/\/www.pogotowieflagowe.pl\/aktualne\/wp-json\/wp\/v2\/types\/post"}],"author":[{"embeddable":true,"href":"https:\/\/www.pogotowieflagowe.pl\/aktualne\/wp-json\/wp\/v2\/users\/1"}],"replies":[{"embeddable":true,"href":"https:\/\/www.pogotowieflagowe.pl\/aktualne\/wp-json\/wp\/v2\/comments?post=9973"}],"version-history":[{"count":1,"href":"https:\/\/www.pogotowieflagowe.pl\/aktualne\/wp-json\/wp\/v2\/posts\/9973\/revisions"}],"predecessor-version":[{"id":9975,"href":"https:\/\/www.pogotowieflagowe.pl\/aktualne\/wp-json\/wp\/v2\/posts\/9973\/revisions\/9975"}],"wp:featuredmedia":[{"embeddable":true,"href":"https:\/\/www.pogotowieflagowe.pl\/aktualne\/wp-json\/wp\/v2\/media\/9974"}],"wp:attachment":[{"href":"https:\/\/www.pogotowieflagowe.pl\/aktualne\/wp-json\/wp\/v2\/media?parent=9973"}],"wp:term":[{"taxonomy":"category","embeddable":true,"href":"https:\/\/www.pogotowieflagowe.pl\/aktualne\/wp-json\/wp\/v2\/categories?post=9973"},{"taxonomy":"post_tag","embeddable":true,"href":"https:\/\/www.pogotowieflagowe.pl\/aktualne\/wp-json\/wp\/v2\/tags?post=9973"}],"curies":[{"name":"wp","href":"https:\/\/api.w.org\/{rel}","templated":true}]}}