{"id":9982,"date":"2025-10-31T02:51:11","date_gmt":"2025-10-31T01:51:11","guid":{"rendered":"https:\/\/www.pogotowieflagowe.pl\/aktualne\/dozywocie-sedziego-za-potrojne-morderstwo-uchylone-poniewaz-uznano-go-za-neosedziego-sedzia-jurkiewicz-wypowiada-sie-przeciwko-decyzji\/"},"modified":"2025-10-31T02:51:13","modified_gmt":"2025-10-31T01:51:13","slug":"dozywocie-sedziego-za-potrojne-morderstwo-uchylone-poniewaz-uznano-go-za-neosedziego-sedzia-jurkiewicz-wypowiada-sie-przeciwko-decyzji","status":"publish","type":"post","link":"https:\/\/www.pogotowieflagowe.pl\/aktualne\/dozywocie-sedziego-za-potrojne-morderstwo-uchylone-poniewaz-uznano-go-za-neosedziego-sedzia-jurkiewicz-wypowiada-sie-przeciwko-decyzji\/","title":{"rendered":"Do\u017cywocie s\u0119dziego za potr\u00f3jne morderstwo uchylone, poniewa\u017c uznano go za \u201eneos\u0119dziego\u201d \u2013 s\u0119dzia Jurkiewicz wypowiada si\u0119 przeciwko decyzji"},"content":{"rendered":"\n<div class=\"td_block_wrap tdb_single_content tdi_41 td-pb-border-top td_block_template_8 td-post-content tagdiv-type\" data-td-block-uid=\"tdi_41\">\n<style>.tdi_41{margines-top:0px!important;margin-bottom:0px!important;dope\u0142nienie-g\u00f3ra:0px!important;dope\u0142nienie-d\u00f3\u0142:0px!important}<\/style>\n<style>.tdb_single_content{margin-bottom:0;*zoom:1}.tdb_single_content:before,.tdb_single_content:after{display:table;content:'';line-height:0}.tdb_single_content:after{clear:both}.tdb_single_content .tdb-block-inner>*:not(.wp-block-quote):not(.alignwide):not(.alignfull.wp-block-cover.has-parallax):not(.td-a-ad){margin-left:auto;margin-right:auto}.tdb_single_content a{pointer-events:auto}.tdb_single_content .td-spot-id-top_ad .tdc-placeholder-title:before{content:'Najlepsza reklama artyku\u0142u'!important}.tdb_single_content .td-spot-id-inline_ad0 .tdc-placeholder-title:before{content:'Reklama wbudowana artyku\u0142u 1'!important}.tdb_single_content .td-spot-id-inline_ad1 .tdc-placeholder-title:before{content:'Reklama wbudowana w artyku\u0142 2'!important}.tdb_single_content .td-spot-id-inline_ad2 .tdc-placeholder-title:before{content:'Reklama wbudowana w artyku\u0142 3'!important}.tdb_single_content .td-spot-id-bottom_ad .tdc-placeholder-title:before{content:'Article Bottom Ad'!important}.tdb_single_content .id_top_ad,.tdb_single_content .id_bottom_ad{clear:both;margin-bottom:21px;text-align:center}.tdb_single_content .id_top_ad img,.tdb_single_content .id_bottom_ad img{margin-bottom:0}.tdb_single_content .id_top_ad .adsbygoogle,.tdb_single_content .id_bottom_ad .adsbygoogle{position:relative}.tdb_single_content .id_ad_content-horiz-left,.tdb_single_content .id_ad_content-horiz-right,.tdb_single_content .id_ad_content-horiz-center{margin-bottom:15px}.tdb_single_content .id_ad_content-horiz-left img,.tdb_single_content .id_ad_content-horiz-right img,.tdb_single_content .id_ad_content-horiz-center img{margin-bottom:0}.tdb_single_content .id_ad_content-horiz-center{text-align:center}.tdb_single_content .id_ad_content-horiz-center img{margin-right:auto;margin-left:auto}.tdb_single_content .id_ad_content-horiz-left{float:left;margin-top:9px;margin-right:21px}.tdb_single_content .id_ad_content-horiz-right{float:right;margin-top:6px;margin-left:21px}.tdb_single_content .tdc-a-ad .tdc-placeholder-title{width:300px;height:250px}.tdb_single_content .tdc-a-ad .tdc-placeholder-title:before{position:absolute;top:50%;-webkit-transform:translateY(-50%);transform:translateY(-50%);margin:auto;display:table;width:100%}.tdb_single_content .tdb-block-inner.td-fix-index{word-break:break-word}.tdi_41,.tdi_41>p,.tdi_41 .tdb-block-inner>p,.wp-block-column>p{font-size:16px!important;line-height:1.6!important}.tdi_41 .tdb-block-inner blockquote p{font-style:normal!important}@media (max-width:767px){.tdb_single_content .id_ad_content-horiz-left,.tdb_single_content .id_ad_content-horiz-right,.tdb_single_content .id_ad_content-horiz-center{margin:0 auto 26 pikseli auto}}@media (max-width:767px){.tdb_single_content .id_ad_content-horiz-left{margin-right:0}}@media (max-width:767px){.tdb_single_content .id_ad_content-horiz-right{margin-left:0}}@media (max-width:767px){.tdb_single_content .td-a-ad{float:none;text-align:center}.tdb_single_content .td-a-ad img{margin-right:auto;margin-left:auto}.tdb_single_content .tdc-a-ad{float:none}}<\/style>\n<div class=\"tdb-block-inner td-fix-index\">\n<p>&#8222;Nie zgadzam si\u0119 z orzeczeniem podwa\u017caj\u0105cym moj\u0105 bezstronno\u015b\u0107 i tym samym uchylaj\u0105cym wyrok s\u0105du, kt\u00f3remu przewodniczy\u0142em. Orzekam zgodnie ze swoim sumieniem i prawem&#8221; &#8211; powiedzia\u0142 portalowi informacyjnemu s\u0119dzia Daniel Jurkiewicz <em>Niezale\u017cna.pl.<\/em> Dzi\u015b uchylono wyrok do\u017cywocia wydany przez niego za potr\u00f3jne morderstwo, uznaj\u0105c go przez w\u0142adze za tzw. \u201eneos\u0119dziego\u201d.<\/p>\n<h2 class=\"wp-block-heading\">Wyrok uchylony ze wzgl\u0119du na status \u201eneo-s\u0119dziego\u201d.<\/h2>\n<p>S\u0119dzia Henryk Komisarski S\u0105du Apelacyjnego w Poznaniu uchyli\u0142 dzi\u015b wyrok do\u017cywocia wydany na Serhija T. za zab\u00f3jstwo \u017cony i dw\u00f3ch ma\u0142ych c\u00f3rek.<\/p>\n<p>Komisarski uzasadni\u0142 swoj\u0105 decyzj\u0119 stwierdzeniem, \u017ce orzeczenie zosta\u0142o wydane przy udziale Daniela Jurkiewicza \u2013 tzw. \u201eneo-s\u0119dziego\u201d, kt\u00f3ry jego zdaniem \u201enie zda\u0142 egzaminu niezawis\u0142o\u015bci i bezstronno\u015bci\u201d.<\/p>\n<p>Panel s\u0119dziowski sk\u0142ada\u0142 si\u0119 z nast\u0119puj\u0105cych cz\u0142onk\u00f3w:<\/p>\n<ul class=\"wp-block-list\">\n<li>Henryk Komisarski (sprawozdawca)<\/li>\n<li>Krzysztofa Lewandowskiego<\/li>\n<li>Izabela Pospieska<\/li>\n<li>Marek Kordowiecki<\/li>\n<li>Grzegorza Nowaka<\/li>\n<\/ul>\n<h2 class=\"wp-block-heading\">S\u0119dzia Jurkiewicz: Nie zgadzam si\u0119 z tym orzeczeniem<\/h2>\n<p>Niezale\u017cna.pl skontaktowa\u0142a si\u0119 z s\u0119dzi\u0105 Danielem Jurkiewiczem. Naturalnie by\u0142 ju\u017c \u015bwiadomy decyzji S\u0105du Apelacyjnego w Poznaniu o uchyleniu kary do\u017cywocia dla m\u0119\u017cczyzny skazanego za zamordowanie \u017cony i c\u00f3rek.<\/p>\n<p>\u201eNie zgadzam si\u0119 z orzeczeniem podwa\u017caj\u0105cym moj\u0105 bezstronno\u015b\u0107 i tym samym uchylaj\u0105cym wyrok s\u0105du, kt\u00f3remu przewodniczy\u0142em\u201d \u2013 powiedzia\u0142 s\u0119dzia Jurkiewicz <em>Niezale\u017cna.pl<\/em>podkre\u015blaj\u0105c, \u017ce post\u0119powanie trwa\u0142o wiele miesi\u0119cy i przes\u0142uchano licznych \u015bwiadk\u00f3w.<\/p>\n<p>\u201eCa\u0142y proces procesowy zosta\u0142 w pe\u0142ni zako\u0144czony\u201d \u2013 zauwa\u017cy\u0142.<\/p>\n<p>W toku post\u0119powania uczyni\u0142 to pe\u0142nomocnik oskar\u017conego <strong>nie<\/strong> sk\u0142ada\u0107 wnioski o wy\u0142\u0105czenie s\u0119dziego z uwagi na dat\u0119 jego powo\u0142ania.<\/p>\n<p>&#8222;Uwa\u017cam si\u0119 za ca\u0142kowicie bezstronnego s\u0119dziego. Orzekam zgodnie ze swoim sumieniem i przepisami prawa&#8221; &#8211; podkre\u015bli\u0142.<\/p>\n<p>S\u0119dzia Jurkiewicz przyzna\u0142, \u017ce to ju\u017c kolejny w ostatnich miesi\u0105cach uchylony wyrok w sprawie powa\u017cnego przest\u0119pstwa.<\/p>\n<p>&#8222;I dzieje si\u0119 to bez merytorycznego rozpatrzenia sprawy &#8211; jedynym powodem jest to\u017csamo\u015b\u0107 s\u0119dziego. Nie wiem, czy tak by\u0142o konkretnie w tym przypadku, bo nie widzia\u0142em akt sprawy, ale bior\u0105c pod uwag\u0119 to, co wydarzy\u0142o si\u0119 wcze\u015bniej, zak\u0142adam, \u017ce tym razem by\u0142o tak samo&#8221; &#8211; wyja\u015bni\u0142.<\/p>\n<p>S\u0119dzia Jurkiewicz nadal zasiada w sk\u0142adzie orzekaj\u0105cym w sprawach karnych S\u0105du Okr\u0119gowego w Poznaniu. Cho\u0107 nie zajmuje si\u0119 ju\u017c sprawami o morderstwa, wszystkie jego sprawy dotycz\u0105 bardzo powa\u017cnych przest\u0119pstw.<\/p>\n<p>Jest zatem wysoce prawdopodobne, \u017ce dodatkowe wyroki zostan\u0105 uniewa\u017cnione przez tzw. \u201eobro\u0144c\u00f3w praworz\u0105dno\u015bci\u201d, co doprowadzi do absurdalnych sytuacji.<\/p>\n<p>The <em>Niezale\u017cna.pl<\/em> Portal wielokrotnie informowa\u0142 o uniewa\u017cnieniu wyrok\u00f3w s\u0119dziego Jurkiewicza.<\/p>\n<\/div>\n<\/div>\n","protected":false},"excerpt":{"rendered":"<p>&#8222;Nie zgadzam si\u0119 z orzeczeniem podwa\u017caj\u0105cym moj\u0105 bezstronno\u015b\u0107 i tym samym uchylaj\u0105cym wyrok s\u0105du, kt\u00f3remu przewodniczy\u0142em. Orzekam zgodnie ze swoim<\/p>\n","protected":false},"author":1,"featured_media":9983,"comment_status":"open","ping_status":"open","sticky":false,"template":"","format":"standard","meta":{"footnotes":""},"categories":[4748],"tags":[6544,11490,11495,7259,11494,5179,11491,355,3212,3039,150,11492,11493,10944],"class_list":["post-9982","post","type-post","status-publish","format-standard","has-post-thumbnail","hentry","category-aktualne","tag-decyzji","tag-dozywocie","tag-jurkiewicz","tag-morderstwo","tag-neosedziego","tag-poniewaz","tag-potrojne","tag-przeciwko","tag-sedzia","tag-sedziego","tag-sie","tag-uchylone","tag-uznano","tag-wypowiada","generate-columns","tablet-grid-50","mobile-grid-100","grid-parent","grid-50","resize-featured-image"],"yoast_head":"<!-- This site is optimized with the Yoast SEO plugin v23.2 - https:\/\/yoast.com\/wordpress\/plugins\/seo\/ -->\n<title>Do\u017cywocie s\u0119dziego za potr\u00f3jne morderstwo uchylone, poniewa\u017c uznano go za \u201eneos\u0119dziego\u201d \u2013 s\u0119dzia Jurkiewicz wypowiada si\u0119 przeciwko decyzji - POGOTOWIE FLAGOWE\u00ae<\/title>\n<meta name=\"robots\" content=\"index, follow, max-snippet:-1, max-image-preview:large, max-video-preview:-1\" \/>\n<link rel=\"canonical\" href=\"https:\/\/www.pogotowieflagowe.pl\/aktualne\/dozywocie-sedziego-za-potrojne-morderstwo-uchylone-poniewaz-uznano-go-za-neosedziego-sedzia-jurkiewicz-wypowiada-sie-przeciwko-decyzji\/\" \/>\n<meta property=\"og:locale\" content=\"pl_PL\" \/>\n<meta property=\"og:type\" content=\"article\" \/>\n<meta property=\"og:title\" content=\"Do\u017cywocie s\u0119dziego za potr\u00f3jne morderstwo uchylone, poniewa\u017c uznano go za \u201eneos\u0119dziego\u201d \u2013 s\u0119dzia Jurkiewicz wypowiada si\u0119 przeciwko decyzji - POGOTOWIE FLAGOWE\u00ae\" \/>\n<meta property=\"og:description\" content=\"&#8222;Nie zgadzam si\u0119 z orzeczeniem podwa\u017caj\u0105cym moj\u0105 bezstronno\u015b\u0107 i tym samym uchylaj\u0105cym wyrok s\u0105du, kt\u00f3remu przewodniczy\u0142em. Orzekam zgodnie ze swoim\" \/>\n<meta property=\"og:url\" content=\"https:\/\/www.pogotowieflagowe.pl\/aktualne\/dozywocie-sedziego-za-potrojne-morderstwo-uchylone-poniewaz-uznano-go-za-neosedziego-sedzia-jurkiewicz-wypowiada-sie-przeciwko-decyzji\/\" \/>\n<meta property=\"og:site_name\" content=\"POGOTOWIE FLAGOWE\u00ae\" \/>\n<meta property=\"article:published_time\" content=\"2025-10-31T01:51:11+00:00\" \/>\n<meta property=\"article:modified_time\" content=\"2025-10-31T01:51:13+00:00\" \/>\n<meta property=\"og:image\" content=\"https:\/\/www.pogotowieflagowe.pl\/aktualne\/wp-content\/uploads\/2025\/10\/Dozywocie-sedziego-za-potrojne-morderstwo-uchylone-poniewaz-uznano-go-za.webp.webp\" \/>\n\t<meta property=\"og:image:width\" content=\"1280\" \/>\n\t<meta property=\"og:image:height\" content=\"720\" \/>\n\t<meta property=\"og:image:type\" content=\"image\/webp\" \/>\n<meta name=\"author\" content=\"Filip\" \/>\n<meta name=\"twitter:card\" content=\"summary_large_image\" \/>\n<meta name=\"twitter:label1\" content=\"Napisane przez\" \/>\n\t<meta name=\"twitter:data1\" content=\"Filip\" \/>\n\t<meta name=\"twitter:label2\" content=\"Szacowany czas czytania\" \/>\n\t<meta name=\"twitter:data2\" content=\"2 minuty\" \/>\n<script type=\"application\/ld+json\" class=\"yoast-schema-graph\">{\"@context\":\"https:\/\/schema.org\",\"@graph\":[{\"@type\":\"Article\",\"@id\":\"https:\/\/www.pogotowieflagowe.pl\/aktualne\/dozywocie-sedziego-za-potrojne-morderstwo-uchylone-poniewaz-uznano-go-za-neosedziego-sedzia-jurkiewicz-wypowiada-sie-przeciwko-decyzji\/#article\",\"isPartOf\":{\"@id\":\"https:\/\/www.pogotowieflagowe.pl\/aktualne\/dozywocie-sedziego-za-potrojne-morderstwo-uchylone-poniewaz-uznano-go-za-neosedziego-sedzia-jurkiewicz-wypowiada-sie-przeciwko-decyzji\/\"},\"author\":{\"name\":\"Filip\",\"@id\":\"https:\/\/www.pogotowieflagowe.pl\/aktualne\/#\/schema\/person\/9c2fb7d2362ebf6fa088960d7f0d27b0\"},\"headline\":\"Do\u017cywocie s\u0119dziego za potr\u00f3jne morderstwo uchylone, poniewa\u017c uznano go za \u201eneos\u0119dziego\u201d \u2013 s\u0119dzia Jurkiewicz wypowiada si\u0119 przeciwko decyzji\",\"datePublished\":\"2025-10-31T01:51:11+00:00\",\"dateModified\":\"2025-10-31T01:51:13+00:00\",\"mainEntityOfPage\":{\"@id\":\"https:\/\/www.pogotowieflagowe.pl\/aktualne\/dozywocie-sedziego-za-potrojne-morderstwo-uchylone-poniewaz-uznano-go-za-neosedziego-sedzia-jurkiewicz-wypowiada-sie-przeciwko-decyzji\/\"},\"wordCount\":474,\"commentCount\":0,\"publisher\":{\"@id\":\"https:\/\/www.pogotowieflagowe.pl\/aktualne\/#organization\"},\"image\":{\"@id\":\"https:\/\/www.pogotowieflagowe.pl\/aktualne\/dozywocie-sedziego-za-potrojne-morderstwo-uchylone-poniewaz-uznano-go-za-neosedziego-sedzia-jurkiewicz-wypowiada-sie-przeciwko-decyzji\/#primaryimage\"},\"thumbnailUrl\":\"https:\/\/www.pogotowieflagowe.pl\/aktualne\/wp-content\/uploads\/2025\/10\/Dozywocie-sedziego-za-potrojne-morderstwo-uchylone-poniewaz-uznano-go-za.webp.webp\",\"keywords\":[\"decyzji\",\"Do\u017cywocie\",\"Jurkiewicz\",\"Morderstwo\",\"neos\u0119dziego\",\"poniewa\u017c\",\"potr\u00f3jne\",\"przeciwko\",\"s\u0119dzia\",\"s\u0119dziego\",\"si\u0119\",\"uchylone\",\"uznano\",\"wypowiada\"],\"articleSection\":[\"Aktualne\"],\"inLanguage\":\"pl-PL\",\"potentialAction\":[{\"@type\":\"CommentAction\",\"name\":\"Comment\",\"target\":[\"https:\/\/www.pogotowieflagowe.pl\/aktualne\/dozywocie-sedziego-za-potrojne-morderstwo-uchylone-poniewaz-uznano-go-za-neosedziego-sedzia-jurkiewicz-wypowiada-sie-przeciwko-decyzji\/#respond\"]}]},{\"@type\":\"WebPage\",\"@id\":\"https:\/\/www.pogotowieflagowe.pl\/aktualne\/dozywocie-sedziego-za-potrojne-morderstwo-uchylone-poniewaz-uznano-go-za-neosedziego-sedzia-jurkiewicz-wypowiada-sie-przeciwko-decyzji\/\",\"url\":\"https:\/\/www.pogotowieflagowe.pl\/aktualne\/dozywocie-sedziego-za-potrojne-morderstwo-uchylone-poniewaz-uznano-go-za-neosedziego-sedzia-jurkiewicz-wypowiada-sie-przeciwko-decyzji\/\",\"name\":\"Do\u017cywocie s\u0119dziego za potr\u00f3jne morderstwo uchylone, poniewa\u017c uznano go za \u201eneos\u0119dziego\u201d \u2013 s\u0119dzia Jurkiewicz wypowiada si\u0119 przeciwko decyzji - POGOTOWIE FLAGOWE\u00ae\",\"isPartOf\":{\"@id\":\"https:\/\/www.pogotowieflagowe.pl\/aktualne\/#website\"},\"primaryImageOfPage\":{\"@id\":\"https:\/\/www.pogotowieflagowe.pl\/aktualne\/dozywocie-sedziego-za-potrojne-morderstwo-uchylone-poniewaz-uznano-go-za-neosedziego-sedzia-jurkiewicz-wypowiada-sie-przeciwko-decyzji\/#primaryimage\"},\"image\":{\"@id\":\"https:\/\/www.pogotowieflagowe.pl\/aktualne\/dozywocie-sedziego-za-potrojne-morderstwo-uchylone-poniewaz-uznano-go-za-neosedziego-sedzia-jurkiewicz-wypowiada-sie-przeciwko-decyzji\/#primaryimage\"},\"thumbnailUrl\":\"https:\/\/www.pogotowieflagowe.pl\/aktualne\/wp-content\/uploads\/2025\/10\/Dozywocie-sedziego-za-potrojne-morderstwo-uchylone-poniewaz-uznano-go-za.webp.webp\",\"datePublished\":\"2025-10-31T01:51:11+00:00\",\"dateModified\":\"2025-10-31T01:51:13+00:00\",\"breadcrumb\":{\"@id\":\"https:\/\/www.pogotowieflagowe.pl\/aktualne\/dozywocie-sedziego-za-potrojne-morderstwo-uchylone-poniewaz-uznano-go-za-neosedziego-sedzia-jurkiewicz-wypowiada-sie-przeciwko-decyzji\/#breadcrumb\"},\"inLanguage\":\"pl-PL\",\"potentialAction\":[{\"@type\":\"ReadAction\",\"target\":[\"https:\/\/www.pogotowieflagowe.pl\/aktualne\/dozywocie-sedziego-za-potrojne-morderstwo-uchylone-poniewaz-uznano-go-za-neosedziego-sedzia-jurkiewicz-wypowiada-sie-przeciwko-decyzji\/\"]}]},{\"@type\":\"ImageObject\",\"inLanguage\":\"pl-PL\",\"@id\":\"https:\/\/www.pogotowieflagowe.pl\/aktualne\/dozywocie-sedziego-za-potrojne-morderstwo-uchylone-poniewaz-uznano-go-za-neosedziego-sedzia-jurkiewicz-wypowiada-sie-przeciwko-decyzji\/#primaryimage\",\"url\":\"https:\/\/www.pogotowieflagowe.pl\/aktualne\/wp-content\/uploads\/2025\/10\/Dozywocie-sedziego-za-potrojne-morderstwo-uchylone-poniewaz-uznano-go-za.webp.webp\",\"contentUrl\":\"https:\/\/www.pogotowieflagowe.pl\/aktualne\/wp-content\/uploads\/2025\/10\/Dozywocie-sedziego-za-potrojne-morderstwo-uchylone-poniewaz-uznano-go-za.webp.webp\",\"width\":1280,\"height\":720,\"caption\":\"Do\u017cywocie s\u0119dziego za potr\u00f3jne morderstwo uchylone, poniewa\u017c uznano go za \u201eneos\u0119dziego\u201d \u2013 s\u0119dzia Jurkiewicz wypowiada si\u0119 przeciwko decyzji\"},{\"@type\":\"BreadcrumbList\",\"@id\":\"https:\/\/www.pogotowieflagowe.pl\/aktualne\/dozywocie-sedziego-za-potrojne-morderstwo-uchylone-poniewaz-uznano-go-za-neosedziego-sedzia-jurkiewicz-wypowiada-sie-przeciwko-decyzji\/#breadcrumb\",\"itemListElement\":[{\"@type\":\"ListItem\",\"position\":1,\"name\":\"Home\",\"item\":\"https:\/\/www.pogotowieflagowe.pl\/aktualne\/\"},{\"@type\":\"ListItem\",\"position\":2,\"name\":\"Do\u017cywocie s\u0119dziego za potr\u00f3jne morderstwo uchylone, poniewa\u017c uznano go za \u201eneos\u0119dziego\u201d \u2013 s\u0119dzia Jurkiewicz wypowiada si\u0119 przeciwko decyzji\"}]},{\"@type\":\"WebSite\",\"@id\":\"https:\/\/www.pogotowieflagowe.pl\/aktualne\/#website\",\"url\":\"https:\/\/www.pogotowieflagowe.pl\/aktualne\/\",\"name\":\"POGOTOWIE FLAGOWE\u00ae\",\"description\":\"\",\"publisher\":{\"@id\":\"https:\/\/www.pogotowieflagowe.pl\/aktualne\/#organization\"},\"potentialAction\":[{\"@type\":\"SearchAction\",\"target\":{\"@type\":\"EntryPoint\",\"urlTemplate\":\"https:\/\/www.pogotowieflagowe.pl\/aktualne\/?s={search_term_string}\"},\"query-input\":\"required name=search_term_string\"}],\"inLanguage\":\"pl-PL\"},{\"@type\":\"Organization\",\"@id\":\"https:\/\/www.pogotowieflagowe.pl\/aktualne\/#organization\",\"name\":\"POGOTOWIE FLAGOWE\u00ae\",\"url\":\"https:\/\/www.pogotowieflagowe.pl\/aktualne\/\",\"logo\":{\"@type\":\"ImageObject\",\"inLanguage\":\"pl-PL\",\"@id\":\"https:\/\/www.pogotowieflagowe.pl\/aktualne\/#\/schema\/logo\/image\/\",\"url\":\"https:\/\/www.pogotowieflagowe.pl\/aktualne\/wp-content\/uploads\/2024\/08\/cropped-pogotowieflagowe_flaga_projekt_sm.jpg\",\"contentUrl\":\"https:\/\/www.pogotowieflagowe.pl\/aktualne\/wp-content\/uploads\/2024\/08\/cropped-pogotowieflagowe_flaga_projekt_sm.jpg\",\"width\":250,\"height\":143,\"caption\":\"POGOTOWIE FLAGOWE\u00ae\"},\"image\":{\"@id\":\"https:\/\/www.pogotowieflagowe.pl\/aktualne\/#\/schema\/logo\/image\/\"}},{\"@type\":\"Person\",\"@id\":\"https:\/\/www.pogotowieflagowe.pl\/aktualne\/#\/schema\/person\/9c2fb7d2362ebf6fa088960d7f0d27b0\",\"name\":\"Filip\",\"image\":{\"@type\":\"ImageObject\",\"inLanguage\":\"pl-PL\",\"@id\":\"https:\/\/www.pogotowieflagowe.pl\/aktualne\/#\/schema\/person\/image\/\",\"url\":\"https:\/\/www.pogotowieflagowe.pl\/aktualne\/wp-content\/uploads\/2024\/08\/pogotowieflagowe.pl_.jpg\",\"contentUrl\":\"https:\/\/www.pogotowieflagowe.pl\/aktualne\/wp-content\/uploads\/2024\/08\/pogotowieflagowe.pl_.jpg\",\"caption\":\"Filip\"},\"description\":\"Jestem Filip, polski dziennikarz z dyplomem nauk politycznych Uniwersytetu Warszawskiego. Rozpoczynaj\u0105c swoj\u0105 karier\u0119 w r\u00f3\u017cnych lokalnych mediach, zdoby\u0142em solidne do\u015bwiadczenie w zakresie \u015bledztwa i redakcji. Obecnie jako redaktor w Pogotowie flagowe, staram si\u0119 dostarcza\u0107 dog\u0142\u0119bne i istotne analizy na temat najwa\u017cniejszych kwestii aktualno\u015bci, \u0142\u0105cz\u0105c rygor z pasj\u0105 dziennikarsk\u0105.\",\"sameAs\":[\"https:\/\/www.pogotowieflagowe.pl\/\"]}]}<\/script>\n<!-- \/ Yoast SEO plugin. -->","yoast_head_json":{"title":"Do\u017cywocie s\u0119dziego za potr\u00f3jne morderstwo uchylone, poniewa\u017c uznano go za \u201eneos\u0119dziego\u201d \u2013 s\u0119dzia Jurkiewicz wypowiada si\u0119 przeciwko decyzji - POGOTOWIE FLAGOWE\u00ae","robots":{"index":"index","follow":"follow","max-snippet":"max-snippet:-1","max-image-preview":"max-image-preview:large","max-video-preview":"max-video-preview:-1"},"canonical":"https:\/\/www.pogotowieflagowe.pl\/aktualne\/dozywocie-sedziego-za-potrojne-morderstwo-uchylone-poniewaz-uznano-go-za-neosedziego-sedzia-jurkiewicz-wypowiada-sie-przeciwko-decyzji\/","og_locale":"pl_PL","og_type":"article","og_title":"Do\u017cywocie s\u0119dziego za potr\u00f3jne morderstwo uchylone, poniewa\u017c uznano go za \u201eneos\u0119dziego\u201d \u2013 s\u0119dzia Jurkiewicz wypowiada si\u0119 przeciwko decyzji - POGOTOWIE FLAGOWE\u00ae","og_description":"&#8222;Nie zgadzam si\u0119 z orzeczeniem podwa\u017caj\u0105cym moj\u0105 bezstronno\u015b\u0107 i tym samym uchylaj\u0105cym wyrok s\u0105du, kt\u00f3remu przewodniczy\u0142em. Orzekam zgodnie ze swoim","og_url":"https:\/\/www.pogotowieflagowe.pl\/aktualne\/dozywocie-sedziego-za-potrojne-morderstwo-uchylone-poniewaz-uznano-go-za-neosedziego-sedzia-jurkiewicz-wypowiada-sie-przeciwko-decyzji\/","og_site_name":"POGOTOWIE FLAGOWE\u00ae","article_published_time":"2025-10-31T01:51:11+00:00","article_modified_time":"2025-10-31T01:51:13+00:00","og_image":[{"width":1280,"height":720,"url":"https:\/\/www.pogotowieflagowe.pl\/aktualne\/wp-content\/uploads\/2025\/10\/Dozywocie-sedziego-za-potrojne-morderstwo-uchylone-poniewaz-uznano-go-za.webp.webp","type":"image\/webp"}],"author":"Filip","twitter_card":"summary_large_image","twitter_misc":{"Napisane przez":"Filip","Szacowany czas czytania":"2 minuty"},"schema":{"@context":"https:\/\/schema.org","@graph":[{"@type":"Article","@id":"https:\/\/www.pogotowieflagowe.pl\/aktualne\/dozywocie-sedziego-za-potrojne-morderstwo-uchylone-poniewaz-uznano-go-za-neosedziego-sedzia-jurkiewicz-wypowiada-sie-przeciwko-decyzji\/#article","isPartOf":{"@id":"https:\/\/www.pogotowieflagowe.pl\/aktualne\/dozywocie-sedziego-za-potrojne-morderstwo-uchylone-poniewaz-uznano-go-za-neosedziego-sedzia-jurkiewicz-wypowiada-sie-przeciwko-decyzji\/"},"author":{"name":"Filip","@id":"https:\/\/www.pogotowieflagowe.pl\/aktualne\/#\/schema\/person\/9c2fb7d2362ebf6fa088960d7f0d27b0"},"headline":"Do\u017cywocie s\u0119dziego za potr\u00f3jne morderstwo uchylone, poniewa\u017c uznano go za \u201eneos\u0119dziego\u201d \u2013 s\u0119dzia Jurkiewicz wypowiada si\u0119 przeciwko decyzji","datePublished":"2025-10-31T01:51:11+00:00","dateModified":"2025-10-31T01:51:13+00:00","mainEntityOfPage":{"@id":"https:\/\/www.pogotowieflagowe.pl\/aktualne\/dozywocie-sedziego-za-potrojne-morderstwo-uchylone-poniewaz-uznano-go-za-neosedziego-sedzia-jurkiewicz-wypowiada-sie-przeciwko-decyzji\/"},"wordCount":474,"commentCount":0,"publisher":{"@id":"https:\/\/www.pogotowieflagowe.pl\/aktualne\/#organization"},"image":{"@id":"https:\/\/www.pogotowieflagowe.pl\/aktualne\/dozywocie-sedziego-za-potrojne-morderstwo-uchylone-poniewaz-uznano-go-za-neosedziego-sedzia-jurkiewicz-wypowiada-sie-przeciwko-decyzji\/#primaryimage"},"thumbnailUrl":"https:\/\/www.pogotowieflagowe.pl\/aktualne\/wp-content\/uploads\/2025\/10\/Dozywocie-sedziego-za-potrojne-morderstwo-uchylone-poniewaz-uznano-go-za.webp.webp","keywords":["decyzji","Do\u017cywocie","Jurkiewicz","Morderstwo","neos\u0119dziego","poniewa\u017c","potr\u00f3jne","przeciwko","s\u0119dzia","s\u0119dziego","si\u0119","uchylone","uznano","wypowiada"],"articleSection":["Aktualne"],"inLanguage":"pl-PL","potentialAction":[{"@type":"CommentAction","name":"Comment","target":["https:\/\/www.pogotowieflagowe.pl\/aktualne\/dozywocie-sedziego-za-potrojne-morderstwo-uchylone-poniewaz-uznano-go-za-neosedziego-sedzia-jurkiewicz-wypowiada-sie-przeciwko-decyzji\/#respond"]}]},{"@type":"WebPage","@id":"https:\/\/www.pogotowieflagowe.pl\/aktualne\/dozywocie-sedziego-za-potrojne-morderstwo-uchylone-poniewaz-uznano-go-za-neosedziego-sedzia-jurkiewicz-wypowiada-sie-przeciwko-decyzji\/","url":"https:\/\/www.pogotowieflagowe.pl\/aktualne\/dozywocie-sedziego-za-potrojne-morderstwo-uchylone-poniewaz-uznano-go-za-neosedziego-sedzia-jurkiewicz-wypowiada-sie-przeciwko-decyzji\/","name":"Do\u017cywocie s\u0119dziego za potr\u00f3jne morderstwo uchylone, poniewa\u017c uznano go za \u201eneos\u0119dziego\u201d \u2013 s\u0119dzia Jurkiewicz wypowiada si\u0119 przeciwko decyzji - POGOTOWIE FLAGOWE\u00ae","isPartOf":{"@id":"https:\/\/www.pogotowieflagowe.pl\/aktualne\/#website"},"primaryImageOfPage":{"@id":"https:\/\/www.pogotowieflagowe.pl\/aktualne\/dozywocie-sedziego-za-potrojne-morderstwo-uchylone-poniewaz-uznano-go-za-neosedziego-sedzia-jurkiewicz-wypowiada-sie-przeciwko-decyzji\/#primaryimage"},"image":{"@id":"https:\/\/www.pogotowieflagowe.pl\/aktualne\/dozywocie-sedziego-za-potrojne-morderstwo-uchylone-poniewaz-uznano-go-za-neosedziego-sedzia-jurkiewicz-wypowiada-sie-przeciwko-decyzji\/#primaryimage"},"thumbnailUrl":"https:\/\/www.pogotowieflagowe.pl\/aktualne\/wp-content\/uploads\/2025\/10\/Dozywocie-sedziego-za-potrojne-morderstwo-uchylone-poniewaz-uznano-go-za.webp.webp","datePublished":"2025-10-31T01:51:11+00:00","dateModified":"2025-10-31T01:51:13+00:00","breadcrumb":{"@id":"https:\/\/www.pogotowieflagowe.pl\/aktualne\/dozywocie-sedziego-za-potrojne-morderstwo-uchylone-poniewaz-uznano-go-za-neosedziego-sedzia-jurkiewicz-wypowiada-sie-przeciwko-decyzji\/#breadcrumb"},"inLanguage":"pl-PL","potentialAction":[{"@type":"ReadAction","target":["https:\/\/www.pogotowieflagowe.pl\/aktualne\/dozywocie-sedziego-za-potrojne-morderstwo-uchylone-poniewaz-uznano-go-za-neosedziego-sedzia-jurkiewicz-wypowiada-sie-przeciwko-decyzji\/"]}]},{"@type":"ImageObject","inLanguage":"pl-PL","@id":"https:\/\/www.pogotowieflagowe.pl\/aktualne\/dozywocie-sedziego-za-potrojne-morderstwo-uchylone-poniewaz-uznano-go-za-neosedziego-sedzia-jurkiewicz-wypowiada-sie-przeciwko-decyzji\/#primaryimage","url":"https:\/\/www.pogotowieflagowe.pl\/aktualne\/wp-content\/uploads\/2025\/10\/Dozywocie-sedziego-za-potrojne-morderstwo-uchylone-poniewaz-uznano-go-za.webp.webp","contentUrl":"https:\/\/www.pogotowieflagowe.pl\/aktualne\/wp-content\/uploads\/2025\/10\/Dozywocie-sedziego-za-potrojne-morderstwo-uchylone-poniewaz-uznano-go-za.webp.webp","width":1280,"height":720,"caption":"Do\u017cywocie s\u0119dziego za potr\u00f3jne morderstwo uchylone, poniewa\u017c uznano go za \u201eneos\u0119dziego\u201d \u2013 s\u0119dzia Jurkiewicz wypowiada si\u0119 przeciwko decyzji"},{"@type":"BreadcrumbList","@id":"https:\/\/www.pogotowieflagowe.pl\/aktualne\/dozywocie-sedziego-za-potrojne-morderstwo-uchylone-poniewaz-uznano-go-za-neosedziego-sedzia-jurkiewicz-wypowiada-sie-przeciwko-decyzji\/#breadcrumb","itemListElement":[{"@type":"ListItem","position":1,"name":"Home","item":"https:\/\/www.pogotowieflagowe.pl\/aktualne\/"},{"@type":"ListItem","position":2,"name":"Do\u017cywocie s\u0119dziego za potr\u00f3jne morderstwo uchylone, poniewa\u017c uznano go za \u201eneos\u0119dziego\u201d \u2013 s\u0119dzia Jurkiewicz wypowiada si\u0119 przeciwko decyzji"}]},{"@type":"WebSite","@id":"https:\/\/www.pogotowieflagowe.pl\/aktualne\/#website","url":"https:\/\/www.pogotowieflagowe.pl\/aktualne\/","name":"POGOTOWIE FLAGOWE\u00ae","description":"","publisher":{"@id":"https:\/\/www.pogotowieflagowe.pl\/aktualne\/#organization"},"potentialAction":[{"@type":"SearchAction","target":{"@type":"EntryPoint","urlTemplate":"https:\/\/www.pogotowieflagowe.pl\/aktualne\/?s={search_term_string}"},"query-input":"required name=search_term_string"}],"inLanguage":"pl-PL"},{"@type":"Organization","@id":"https:\/\/www.pogotowieflagowe.pl\/aktualne\/#organization","name":"POGOTOWIE FLAGOWE\u00ae","url":"https:\/\/www.pogotowieflagowe.pl\/aktualne\/","logo":{"@type":"ImageObject","inLanguage":"pl-PL","@id":"https:\/\/www.pogotowieflagowe.pl\/aktualne\/#\/schema\/logo\/image\/","url":"https:\/\/www.pogotowieflagowe.pl\/aktualne\/wp-content\/uploads\/2024\/08\/cropped-pogotowieflagowe_flaga_projekt_sm.jpg","contentUrl":"https:\/\/www.pogotowieflagowe.pl\/aktualne\/wp-content\/uploads\/2024\/08\/cropped-pogotowieflagowe_flaga_projekt_sm.jpg","width":250,"height":143,"caption":"POGOTOWIE FLAGOWE\u00ae"},"image":{"@id":"https:\/\/www.pogotowieflagowe.pl\/aktualne\/#\/schema\/logo\/image\/"}},{"@type":"Person","@id":"https:\/\/www.pogotowieflagowe.pl\/aktualne\/#\/schema\/person\/9c2fb7d2362ebf6fa088960d7f0d27b0","name":"Filip","image":{"@type":"ImageObject","inLanguage":"pl-PL","@id":"https:\/\/www.pogotowieflagowe.pl\/aktualne\/#\/schema\/person\/image\/","url":"https:\/\/www.pogotowieflagowe.pl\/aktualne\/wp-content\/uploads\/2024\/08\/pogotowieflagowe.pl_.jpg","contentUrl":"https:\/\/www.pogotowieflagowe.pl\/aktualne\/wp-content\/uploads\/2024\/08\/pogotowieflagowe.pl_.jpg","caption":"Filip"},"description":"Jestem Filip, polski dziennikarz z dyplomem nauk politycznych Uniwersytetu Warszawskiego. Rozpoczynaj\u0105c swoj\u0105 karier\u0119 w r\u00f3\u017cnych lokalnych mediach, zdoby\u0142em solidne do\u015bwiadczenie w zakresie \u015bledztwa i redakcji. Obecnie jako redaktor w Pogotowie flagowe, staram si\u0119 dostarcza\u0107 dog\u0142\u0119bne i istotne analizy na temat najwa\u017cniejszych kwestii aktualno\u015bci, \u0142\u0105cz\u0105c rygor z pasj\u0105 dziennikarsk\u0105.","sameAs":["https:\/\/www.pogotowieflagowe.pl\/"]}]}},"_links":{"self":[{"href":"https:\/\/www.pogotowieflagowe.pl\/aktualne\/wp-json\/wp\/v2\/posts\/9982","targetHints":{"allow":["GET"]}}],"collection":[{"href":"https:\/\/www.pogotowieflagowe.pl\/aktualne\/wp-json\/wp\/v2\/posts"}],"about":[{"href":"https:\/\/www.pogotowieflagowe.pl\/aktualne\/wp-json\/wp\/v2\/types\/post"}],"author":[{"embeddable":true,"href":"https:\/\/www.pogotowieflagowe.pl\/aktualne\/wp-json\/wp\/v2\/users\/1"}],"replies":[{"embeddable":true,"href":"https:\/\/www.pogotowieflagowe.pl\/aktualne\/wp-json\/wp\/v2\/comments?post=9982"}],"version-history":[{"count":1,"href":"https:\/\/www.pogotowieflagowe.pl\/aktualne\/wp-json\/wp\/v2\/posts\/9982\/revisions"}],"predecessor-version":[{"id":9984,"href":"https:\/\/www.pogotowieflagowe.pl\/aktualne\/wp-json\/wp\/v2\/posts\/9982\/revisions\/9984"}],"wp:featuredmedia":[{"embeddable":true,"href":"https:\/\/www.pogotowieflagowe.pl\/aktualne\/wp-json\/wp\/v2\/media\/9983"}],"wp:attachment":[{"href":"https:\/\/www.pogotowieflagowe.pl\/aktualne\/wp-json\/wp\/v2\/media?parent=9982"}],"wp:term":[{"taxonomy":"category","embeddable":true,"href":"https:\/\/www.pogotowieflagowe.pl\/aktualne\/wp-json\/wp\/v2\/categories?post=9982"},{"taxonomy":"post_tag","embeddable":true,"href":"https:\/\/www.pogotowieflagowe.pl\/aktualne\/wp-json\/wp\/v2\/tags?post=9982"}],"curies":[{"name":"wp","href":"https:\/\/api.w.org\/{rel}","templated":true}]}}