{"id":9988,"date":"2025-10-31T10:41:51","date_gmt":"2025-10-31T09:41:51","guid":{"rendered":"https:\/\/www.pogotowieflagowe.pl\/aktualne\/posel-pis-sugeruje-mozliwosc-wspolpracy-z-konfederacja-powolujac-sie-na-zmiane-zdania-mentzena-w-sprawie-cpk\/"},"modified":"2025-10-31T10:41:53","modified_gmt":"2025-10-31T09:41:53","slug":"posel-pis-sugeruje-mozliwosc-wspolpracy-z-konfederacja-powolujac-sie-na-zmiane-zdania-mentzena-w-sprawie-cpk","status":"publish","type":"post","link":"https:\/\/www.pogotowieflagowe.pl\/aktualne\/posel-pis-sugeruje-mozliwosc-wspolpracy-z-konfederacja-powolujac-sie-na-zmiane-zdania-mentzena-w-sprawie-cpk\/","title":{"rendered":"Pose\u0142 PiS sugeruje mo\u017cliwo\u015b\u0107 wsp\u00f3\u0142pracy z Konfederacj\u0105, powo\u0142uj\u0105c si\u0119 na zmian\u0119 zdania Mentzena w sprawie CPK"},"content":{"rendered":"\n<div class=\"td_block_wrap tdb_single_content tdi_41 td-pb-border-top td_block_template_8 td-post-content tagdiv-type\" data-td-block-uid=\"tdi_41\">\n<style>.tdi_41{margines-top:0px!important;margin-bottom:0px!important;dope\u0142nienie-g\u00f3ra:0px!important;dope\u0142nienie-d\u00f3\u0142:0px!important}<\/style>\n<style>.tdb_single_content{margin-bottom:0;*zoom:1}.tdb_single_content:before,.tdb_single_content:after{display:table;content:'';line-height:0}.tdb_single_content:after{clear:both}.tdb_single_content .tdb-block-inner>*:not(.wp-block-quote):not(.alignwide):not(.alignfull.wp-block-cover.has-parallax):not(.td-a-ad){margin-left:auto;margin-right:auto}.tdb_single_content a{pointer-events:auto}.tdb_single_content .td-spot-id-top_ad .tdc-placeholder-title:before{content:'Najlepsza reklama artyku\u0142u'!important}.tdb_single_content .td-spot-id-inline_ad0 .tdc-placeholder-title:before{content:'Reklama wbudowana artyku\u0142u 1'!important}.tdb_single_content .td-spot-id-inline_ad1 .tdc-placeholder-title:before{content:'Wbudowana reklama w artykule 2'!important}.tdb_single_content .td-spot-id-inline_ad2 .tdc-placeholder-title:before{content:'Wbudowana reklama w artykule 3'!important}.tdb_single_content .td-spot-id-bottom_ad .tdc-placeholder-title:before{content:'Article Bottom Ad'!important}.tdb_single_content .id_top_ad,.tdb_single_content .id_bottom_ad{clear:both;margin-bottom:21px;text-align:center}.tdb_single_content .id_top_ad img,.tdb_single_content .id_bottom_ad img{margin-bottom:0}.tdb_single_content .id_top_ad .adsbygoogle,.tdb_single_content .id_bottom_ad .adsbygoogle{position:relative}.tdb_single_content .id_ad_content-horiz-left,.tdb_single_content .id_ad_content-horiz-right,.tdb_single_content .id_ad_content-horiz-center{margin-bottom:15px}.tdb_single_content .id_ad_content-horiz-left img,.tdb_single_content .id_ad_content-horiz-right img,.tdb_single_content .id_ad_content-horiz-center img{margin-bottom:0}.tdb_single_content .id_ad_content-horiz-center{text-align:center}.tdb_single_content .id_ad_content-horiz-center img{margin-right:auto;margin-left:auto}.tdb_single_content .id_ad_content-horiz-left{float:left;margin-top:9px;margin-right:21px}.tdb_single_content .id_ad_content-horiz-right{float:right;margin-top:6px;margin-left:21px}.tdb_single_content .tdc-a-ad .tdc-placeholder-title{width:300px;height:250px}.tdb_single_content .tdc-a-ad .tdc-placeholder-title:before{position:absolute;top:50%;-webkit-transform:translateY(-50%);transform:translateY(-50%);margin:auto;display:table;width:100%}.tdb_single_content .tdb-block-inner.td-fix-index{word-break:break-word}.tdi_41,.tdi_41>p,.tdi_41 .tdb-block-inner>p,.wp-block-column>p{font-size:16px!important;line-height:1.6!important}.tdi_41 .tdb-block-inner blockquote p{font-style:normal!important}@media (max-width:767px){.tdb_single_content .id_ad_content-horiz-left,.tdb_single_content .id_ad_content-horiz-right,.tdb_single_content .id_ad_content-horiz-center{margin:0 auto 26 pikseli auto}}@media (max-width:767px){.tdb_single_content .id_ad_content-horiz-left{margin-right:0}}@media (max-width:767px){.tdb_single_content .id_ad_content-horiz-right{margin-left:0}}@media (max-width:767px){.tdb_single_content .td-a-ad{float:none;text-align:center}.tdb_single_content .td-a-ad img{margin-right:auto;margin-left:auto}.tdb_single_content .tdc-a-ad{float:none}}<\/style>\n<div class=\"tdb-block-inner td-fix-index\">\n<p>&#8222;S\u0142awomir Mentzen kwestionowa\u0142 sens inwestowania w CPK. Oczywi\u015bcie, gdy opinia publiczna uzna\u0142a, \u017ce \u200b\u200bCPK jest warto\u015bciowym programem, S\u0142awomir Mentzen zmieni\u0142 zdanie&#8221; &#8211; wspomina\u0142 w Radiu Plus Andrzej \u015aliwka. Pose\u0142 PiS sugerowa\u0142, \u017ce taka \u201ekonwersja\u201d by\u0142aby mo\u017cliwa tak\u017ce w odniesieniu do stosunku lidera Konfederacji do wsp\u00f3\u0142pracy z PiS. \u201eWr\u00f3g nie jest po prawej stronie!\u201d \u015aliwka zaapelowa\u0142a do Mentzena i jego partii.<\/p>\n<p>W wywiadzie radiowym pose\u0142 \u015aliwka odni\u00f3s\u0142 si\u0119 do kwestii sprzeda\u017cy dzia\u0142ki pod budow\u0119 CPK wiceprezesowi Dawtony. Poinformowa\u0142, \u017ce wczoraj przeprowadzi\u0142 kontrol\u0119 parlamentarn\u0105 w Ministerstwie Rolnictwa. <\/p>\n<figure class=\"wp-block-pullquote\">\n<blockquote>\n<p>&#8222;Przejrza\u0142em komplet dokument\u00f3w \u2013 mam nadziej\u0119, \u017ce udost\u0119pniono nam komplet dokument\u00f3w \u2013 korespondencj\u0119 pomi\u0119dzy CPK, KOWR, a Ministerstwem Rolnictwa. Szczerze mog\u0119 powiedzie\u0107, \u017ce to bardzo skandaliczna sytuacja, bo szef KOWR, dyrektor KOWR, pose\u0142 Smolarz, co te\u017c jest skandalem, kt\u00f3ry tam zarabia tysi\u0105ce z\u0142otych, przez dwa lata nic w tej sprawie nie zrobi\u0142, a powiem wi\u0119cej. Udawa\u0142, \u017ce nie nie widzi problemu w tej sprawie, otrzyma\u0142 formalne upomnienia z Centralnego Portu Komunikacyjnego i odpowiedzia\u0142 w spos\u00f3b tak bezczelny, \u017ce nie ma o czym rozmawia\u0107\u201d <\/p>\n<p><cite>\u2013 podkre\u015bli\u0142 Andrzej \u015aliwka.<\/cite><\/p><\/blockquote>\n<\/figure>\n<p>W dalszej cz\u0119\u015bci rozmowy poruszony zosta\u0142 temat ewentualnej wsp\u00f3\u0142pracy politycznej Konfederacji z Prawem i Sprawiedliwo\u015bci\u0105. Obecnie g\u0142\u00f3wnym \u201ehamulcem\u201d wydaje si\u0119 by\u0107 przyw\u00f3dca Konfederacji S\u0142awomir Mentzen, kt\u00f3ry wielokrotnie atakuje Jaros\u0142awa Kaczy\u0144skiego. Czy mo\u017cliwa jest zmiana jego postawy?<\/p>\n<p>Wed\u0142ug \u015aliwki tak \u2013 o czym \u015bwiadczy stanowisko Mentzena w sprawie Centralnego Portu Komunikacyjnego.<\/p>\n<figure class=\"wp-block-pullquote\">\n<blockquote>\n<p>&#8222;Ciesz\u0119 si\u0119 z nawr\u00f3cenia pana S\u0142awomira Mentzena, bo jak pami\u0119tacie, je\u015bli jest si\u0119 uwa\u017cnym obserwatorem sceny politycznej, S\u0142awomir Mentzen kwestionowa\u0142 sens tej inwestycji. Oczywi\u015bcie, gdy opinia publiczna uzna\u0142a, \u017ce \u200b\u200bCPK to warto\u015bciowy program, S\u0142awomir Mentzen zmieni\u0142 zdanie&#8221;<\/p>\n<p><cite>  \u2013 przypomnia\u0142a \u015aliwka, po czym zasugerowa\u0142a, \u017ce \u200b\u200btutaj mo\u017ce wydarzy\u0107 si\u0119 to samo.<\/cite><\/p><\/blockquote>\n<\/figure>\n<p>\u201ePrzewodnicz\u0105cy Jaros\u0142aw Kaczy\u0144ski podchodzi do polityk\u00f3w Konfederacji z otwartym sercem\u201d \u2013 kontynuowa\u0142. Zaapelowa\u0142 tak\u017ce bezpo\u015brednio do polityk\u00f3w Konfederacji.<\/p>\n<figure class=\"wp-block-pullquote\">\n<blockquote>\n<p>&#8222;Chcia\u0142bym szczerze zaapelowa\u0107 do moich koleg\u00f3w z Konfederacji, aby wr\u00f3g nie by\u0142 z prawicy. Je\u015bli naprawd\u0119 chc\u0105 zmian w Polsce, je\u015bli chc\u0105, \u017ceby Polska by\u0142a krajem rozwijaj\u0105cym si\u0119 i bezpiecznym, to proponuj\u0119 skierowa\u0107 swoje ataki na obecn\u0105 koalicj\u0119 rz\u0105dz\u0105c\u0105&#8221; <\/p>\n<p><cite>\u2013 powiedzia\u0142 Andrzej \u015aliwka.<\/cite><\/p><\/blockquote>\n<\/figure>\n<\/div>\n<\/div>\n","protected":false},"excerpt":{"rendered":"<p>&#8222;S\u0142awomir Mentzen kwestionowa\u0142 sens inwestowania w CPK. Oczywi\u015bcie, gdy opinia publiczna uzna\u0142a, \u017ce \u200b\u200bCPK jest warto\u015bciowym programem, S\u0142awomir Mentzen zmieni\u0142<\/p>\n","protected":false},"author":1,"featured_media":9989,"comment_status":"open","ping_status":"open","sticky":false,"template":"","format":"standard","meta":{"footnotes":""},"categories":[4748],"tags":[2225,3253,10416,5784,166,2543,9706,150,35,4536,2838,11498,1329],"class_list":["post-9988","post","type-post","status-publish","format-standard","has-post-thumbnail","hentry","category-aktualne","tag-cpk","tag-konfederacja","tag-mentzena","tag-mozliwosc","tag-pis","tag-posel","tag-powolujac","tag-sie","tag-sprawie","tag-sugeruje","tag-wspolpracy","tag-zdania","tag-zmiane","generate-columns","tablet-grid-50","mobile-grid-100","grid-parent","grid-50","resize-featured-image"],"yoast_head":"<!-- This site is optimized with the Yoast SEO plugin v23.2 - https:\/\/yoast.com\/wordpress\/plugins\/seo\/ -->\n<title>Pose\u0142 PiS sugeruje mo\u017cliwo\u015b\u0107 wsp\u00f3\u0142pracy z Konfederacj\u0105, powo\u0142uj\u0105c si\u0119 na zmian\u0119 zdania Mentzena w sprawie CPK - POGOTOWIE FLAGOWE\u00ae<\/title>\n<meta name=\"robots\" content=\"index, follow, max-snippet:-1, max-image-preview:large, max-video-preview:-1\" \/>\n<link rel=\"canonical\" href=\"https:\/\/www.pogotowieflagowe.pl\/aktualne\/posel-pis-sugeruje-mozliwosc-wspolpracy-z-konfederacja-powolujac-sie-na-zmiane-zdania-mentzena-w-sprawie-cpk\/\" \/>\n<meta property=\"og:locale\" content=\"pl_PL\" \/>\n<meta property=\"og:type\" content=\"article\" \/>\n<meta property=\"og:title\" content=\"Pose\u0142 PiS sugeruje mo\u017cliwo\u015b\u0107 wsp\u00f3\u0142pracy z Konfederacj\u0105, powo\u0142uj\u0105c si\u0119 na zmian\u0119 zdania Mentzena w sprawie CPK - POGOTOWIE FLAGOWE\u00ae\" \/>\n<meta property=\"og:description\" content=\"&#8222;S\u0142awomir Mentzen kwestionowa\u0142 sens inwestowania w CPK. Oczywi\u015bcie, gdy opinia publiczna uzna\u0142a, \u017ce \u200b\u200bCPK jest warto\u015bciowym programem, S\u0142awomir Mentzen zmieni\u0142\" \/>\n<meta property=\"og:url\" content=\"https:\/\/www.pogotowieflagowe.pl\/aktualne\/posel-pis-sugeruje-mozliwosc-wspolpracy-z-konfederacja-powolujac-sie-na-zmiane-zdania-mentzena-w-sprawie-cpk\/\" \/>\n<meta property=\"og:site_name\" content=\"POGOTOWIE FLAGOWE\u00ae\" \/>\n<meta property=\"article:published_time\" content=\"2025-10-31T09:41:51+00:00\" \/>\n<meta property=\"article:modified_time\" content=\"2025-10-31T09:41:53+00:00\" \/>\n<meta property=\"og:image\" content=\"https:\/\/www.pogotowieflagowe.pl\/aktualne\/wp-content\/uploads\/2025\/10\/Posel-PiS-sugeruje-mozliwosc-wspolpracy-z-Konfederacja-powolujac-sie-na.webp.webp\" \/>\n\t<meta property=\"og:image:width\" content=\"1280\" \/>\n\t<meta property=\"og:image:height\" content=\"720\" \/>\n\t<meta property=\"og:image:type\" content=\"image\/webp\" \/>\n<meta name=\"author\" content=\"Filip\" \/>\n<meta name=\"twitter:card\" content=\"summary_large_image\" \/>\n<meta name=\"twitter:label1\" content=\"Napisane przez\" \/>\n\t<meta name=\"twitter:data1\" content=\"Filip\" \/>\n\t<meta name=\"twitter:label2\" content=\"Szacowany czas czytania\" \/>\n\t<meta name=\"twitter:data2\" content=\"2 minuty\" \/>\n<script type=\"application\/ld+json\" class=\"yoast-schema-graph\">{\"@context\":\"https:\/\/schema.org\",\"@graph\":[{\"@type\":\"Article\",\"@id\":\"https:\/\/www.pogotowieflagowe.pl\/aktualne\/posel-pis-sugeruje-mozliwosc-wspolpracy-z-konfederacja-powolujac-sie-na-zmiane-zdania-mentzena-w-sprawie-cpk\/#article\",\"isPartOf\":{\"@id\":\"https:\/\/www.pogotowieflagowe.pl\/aktualne\/posel-pis-sugeruje-mozliwosc-wspolpracy-z-konfederacja-powolujac-sie-na-zmiane-zdania-mentzena-w-sprawie-cpk\/\"},\"author\":{\"name\":\"Filip\",\"@id\":\"https:\/\/www.pogotowieflagowe.pl\/aktualne\/#\/schema\/person\/9c2fb7d2362ebf6fa088960d7f0d27b0\"},\"headline\":\"Pose\u0142 PiS sugeruje mo\u017cliwo\u015b\u0107 wsp\u00f3\u0142pracy z Konfederacj\u0105, powo\u0142uj\u0105c si\u0119 na zmian\u0119 zdania Mentzena w sprawie CPK\",\"datePublished\":\"2025-10-31T09:41:51+00:00\",\"dateModified\":\"2025-10-31T09:41:53+00:00\",\"mainEntityOfPage\":{\"@id\":\"https:\/\/www.pogotowieflagowe.pl\/aktualne\/posel-pis-sugeruje-mozliwosc-wspolpracy-z-konfederacja-powolujac-sie-na-zmiane-zdania-mentzena-w-sprawie-cpk\/\"},\"wordCount\":411,\"commentCount\":0,\"publisher\":{\"@id\":\"https:\/\/www.pogotowieflagowe.pl\/aktualne\/#organization\"},\"image\":{\"@id\":\"https:\/\/www.pogotowieflagowe.pl\/aktualne\/posel-pis-sugeruje-mozliwosc-wspolpracy-z-konfederacja-powolujac-sie-na-zmiane-zdania-mentzena-w-sprawie-cpk\/#primaryimage\"},\"thumbnailUrl\":\"https:\/\/www.pogotowieflagowe.pl\/aktualne\/wp-content\/uploads\/2025\/10\/Posel-PiS-sugeruje-mozliwosc-wspolpracy-z-Konfederacja-powolujac-sie-na.webp.webp\",\"keywords\":[\"CPK\",\"Konfederacja\",\"Mentzena\",\"mo\u017cliwo\u015b\u0107\",\"PiS\",\"pose\u0142\",\"powo\u0142uj\u0105c\",\"si\u0119\",\"sprawie\",\"sugeruje\",\"wsp\u00f3\u0142pracy\",\"zdania\",\"zmian\u0119\"],\"articleSection\":[\"Aktualne\"],\"inLanguage\":\"pl-PL\",\"potentialAction\":[{\"@type\":\"CommentAction\",\"name\":\"Comment\",\"target\":[\"https:\/\/www.pogotowieflagowe.pl\/aktualne\/posel-pis-sugeruje-mozliwosc-wspolpracy-z-konfederacja-powolujac-sie-na-zmiane-zdania-mentzena-w-sprawie-cpk\/#respond\"]}]},{\"@type\":\"WebPage\",\"@id\":\"https:\/\/www.pogotowieflagowe.pl\/aktualne\/posel-pis-sugeruje-mozliwosc-wspolpracy-z-konfederacja-powolujac-sie-na-zmiane-zdania-mentzena-w-sprawie-cpk\/\",\"url\":\"https:\/\/www.pogotowieflagowe.pl\/aktualne\/posel-pis-sugeruje-mozliwosc-wspolpracy-z-konfederacja-powolujac-sie-na-zmiane-zdania-mentzena-w-sprawie-cpk\/\",\"name\":\"Pose\u0142 PiS sugeruje mo\u017cliwo\u015b\u0107 wsp\u00f3\u0142pracy z Konfederacj\u0105, powo\u0142uj\u0105c si\u0119 na zmian\u0119 zdania Mentzena w sprawie CPK - POGOTOWIE FLAGOWE\u00ae\",\"isPartOf\":{\"@id\":\"https:\/\/www.pogotowieflagowe.pl\/aktualne\/#website\"},\"primaryImageOfPage\":{\"@id\":\"https:\/\/www.pogotowieflagowe.pl\/aktualne\/posel-pis-sugeruje-mozliwosc-wspolpracy-z-konfederacja-powolujac-sie-na-zmiane-zdania-mentzena-w-sprawie-cpk\/#primaryimage\"},\"image\":{\"@id\":\"https:\/\/www.pogotowieflagowe.pl\/aktualne\/posel-pis-sugeruje-mozliwosc-wspolpracy-z-konfederacja-powolujac-sie-na-zmiane-zdania-mentzena-w-sprawie-cpk\/#primaryimage\"},\"thumbnailUrl\":\"https:\/\/www.pogotowieflagowe.pl\/aktualne\/wp-content\/uploads\/2025\/10\/Posel-PiS-sugeruje-mozliwosc-wspolpracy-z-Konfederacja-powolujac-sie-na.webp.webp\",\"datePublished\":\"2025-10-31T09:41:51+00:00\",\"dateModified\":\"2025-10-31T09:41:53+00:00\",\"breadcrumb\":{\"@id\":\"https:\/\/www.pogotowieflagowe.pl\/aktualne\/posel-pis-sugeruje-mozliwosc-wspolpracy-z-konfederacja-powolujac-sie-na-zmiane-zdania-mentzena-w-sprawie-cpk\/#breadcrumb\"},\"inLanguage\":\"pl-PL\",\"potentialAction\":[{\"@type\":\"ReadAction\",\"target\":[\"https:\/\/www.pogotowieflagowe.pl\/aktualne\/posel-pis-sugeruje-mozliwosc-wspolpracy-z-konfederacja-powolujac-sie-na-zmiane-zdania-mentzena-w-sprawie-cpk\/\"]}]},{\"@type\":\"ImageObject\",\"inLanguage\":\"pl-PL\",\"@id\":\"https:\/\/www.pogotowieflagowe.pl\/aktualne\/posel-pis-sugeruje-mozliwosc-wspolpracy-z-konfederacja-powolujac-sie-na-zmiane-zdania-mentzena-w-sprawie-cpk\/#primaryimage\",\"url\":\"https:\/\/www.pogotowieflagowe.pl\/aktualne\/wp-content\/uploads\/2025\/10\/Posel-PiS-sugeruje-mozliwosc-wspolpracy-z-Konfederacja-powolujac-sie-na.webp.webp\",\"contentUrl\":\"https:\/\/www.pogotowieflagowe.pl\/aktualne\/wp-content\/uploads\/2025\/10\/Posel-PiS-sugeruje-mozliwosc-wspolpracy-z-Konfederacja-powolujac-sie-na.webp.webp\",\"width\":1280,\"height\":720,\"caption\":\"Pose\u0142 PiS sugeruje mo\u017cliwo\u015b\u0107 wsp\u00f3\u0142pracy z Konfederacj\u0105, powo\u0142uj\u0105c si\u0119 na zmian\u0119 zdania Mentzena w sprawie CPK\"},{\"@type\":\"BreadcrumbList\",\"@id\":\"https:\/\/www.pogotowieflagowe.pl\/aktualne\/posel-pis-sugeruje-mozliwosc-wspolpracy-z-konfederacja-powolujac-sie-na-zmiane-zdania-mentzena-w-sprawie-cpk\/#breadcrumb\",\"itemListElement\":[{\"@type\":\"ListItem\",\"position\":1,\"name\":\"Home\",\"item\":\"https:\/\/www.pogotowieflagowe.pl\/aktualne\/\"},{\"@type\":\"ListItem\",\"position\":2,\"name\":\"Pose\u0142 PiS sugeruje mo\u017cliwo\u015b\u0107 wsp\u00f3\u0142pracy z Konfederacj\u0105, powo\u0142uj\u0105c si\u0119 na zmian\u0119 zdania Mentzena w sprawie CPK\"}]},{\"@type\":\"WebSite\",\"@id\":\"https:\/\/www.pogotowieflagowe.pl\/aktualne\/#website\",\"url\":\"https:\/\/www.pogotowieflagowe.pl\/aktualne\/\",\"name\":\"POGOTOWIE FLAGOWE\u00ae\",\"description\":\"\",\"publisher\":{\"@id\":\"https:\/\/www.pogotowieflagowe.pl\/aktualne\/#organization\"},\"potentialAction\":[{\"@type\":\"SearchAction\",\"target\":{\"@type\":\"EntryPoint\",\"urlTemplate\":\"https:\/\/www.pogotowieflagowe.pl\/aktualne\/?s={search_term_string}\"},\"query-input\":\"required name=search_term_string\"}],\"inLanguage\":\"pl-PL\"},{\"@type\":\"Organization\",\"@id\":\"https:\/\/www.pogotowieflagowe.pl\/aktualne\/#organization\",\"name\":\"POGOTOWIE FLAGOWE\u00ae\",\"url\":\"https:\/\/www.pogotowieflagowe.pl\/aktualne\/\",\"logo\":{\"@type\":\"ImageObject\",\"inLanguage\":\"pl-PL\",\"@id\":\"https:\/\/www.pogotowieflagowe.pl\/aktualne\/#\/schema\/logo\/image\/\",\"url\":\"https:\/\/www.pogotowieflagowe.pl\/aktualne\/wp-content\/uploads\/2024\/08\/cropped-pogotowieflagowe_flaga_projekt_sm.jpg\",\"contentUrl\":\"https:\/\/www.pogotowieflagowe.pl\/aktualne\/wp-content\/uploads\/2024\/08\/cropped-pogotowieflagowe_flaga_projekt_sm.jpg\",\"width\":250,\"height\":143,\"caption\":\"POGOTOWIE FLAGOWE\u00ae\"},\"image\":{\"@id\":\"https:\/\/www.pogotowieflagowe.pl\/aktualne\/#\/schema\/logo\/image\/\"}},{\"@type\":\"Person\",\"@id\":\"https:\/\/www.pogotowieflagowe.pl\/aktualne\/#\/schema\/person\/9c2fb7d2362ebf6fa088960d7f0d27b0\",\"name\":\"Filip\",\"image\":{\"@type\":\"ImageObject\",\"inLanguage\":\"pl-PL\",\"@id\":\"https:\/\/www.pogotowieflagowe.pl\/aktualne\/#\/schema\/person\/image\/\",\"url\":\"https:\/\/www.pogotowieflagowe.pl\/aktualne\/wp-content\/uploads\/2024\/08\/pogotowieflagowe.pl_.jpg\",\"contentUrl\":\"https:\/\/www.pogotowieflagowe.pl\/aktualne\/wp-content\/uploads\/2024\/08\/pogotowieflagowe.pl_.jpg\",\"caption\":\"Filip\"},\"description\":\"Jestem Filip, polski dziennikarz z dyplomem nauk politycznych Uniwersytetu Warszawskiego. Rozpoczynaj\u0105c swoj\u0105 karier\u0119 w r\u00f3\u017cnych lokalnych mediach, zdoby\u0142em solidne do\u015bwiadczenie w zakresie \u015bledztwa i redakcji. Obecnie jako redaktor w Pogotowie flagowe, staram si\u0119 dostarcza\u0107 dog\u0142\u0119bne i istotne analizy na temat najwa\u017cniejszych kwestii aktualno\u015bci, \u0142\u0105cz\u0105c rygor z pasj\u0105 dziennikarsk\u0105.\",\"sameAs\":[\"https:\/\/www.pogotowieflagowe.pl\/\"]}]}<\/script>\n<!-- \/ Yoast SEO plugin. -->","yoast_head_json":{"title":"Pose\u0142 PiS sugeruje mo\u017cliwo\u015b\u0107 wsp\u00f3\u0142pracy z Konfederacj\u0105, powo\u0142uj\u0105c si\u0119 na zmian\u0119 zdania Mentzena w sprawie CPK - POGOTOWIE FLAGOWE\u00ae","robots":{"index":"index","follow":"follow","max-snippet":"max-snippet:-1","max-image-preview":"max-image-preview:large","max-video-preview":"max-video-preview:-1"},"canonical":"https:\/\/www.pogotowieflagowe.pl\/aktualne\/posel-pis-sugeruje-mozliwosc-wspolpracy-z-konfederacja-powolujac-sie-na-zmiane-zdania-mentzena-w-sprawie-cpk\/","og_locale":"pl_PL","og_type":"article","og_title":"Pose\u0142 PiS sugeruje mo\u017cliwo\u015b\u0107 wsp\u00f3\u0142pracy z Konfederacj\u0105, powo\u0142uj\u0105c si\u0119 na zmian\u0119 zdania Mentzena w sprawie CPK - POGOTOWIE FLAGOWE\u00ae","og_description":"&#8222;S\u0142awomir Mentzen kwestionowa\u0142 sens inwestowania w CPK. Oczywi\u015bcie, gdy opinia publiczna uzna\u0142a, \u017ce \u200b\u200bCPK jest warto\u015bciowym programem, S\u0142awomir Mentzen zmieni\u0142","og_url":"https:\/\/www.pogotowieflagowe.pl\/aktualne\/posel-pis-sugeruje-mozliwosc-wspolpracy-z-konfederacja-powolujac-sie-na-zmiane-zdania-mentzena-w-sprawie-cpk\/","og_site_name":"POGOTOWIE FLAGOWE\u00ae","article_published_time":"2025-10-31T09:41:51+00:00","article_modified_time":"2025-10-31T09:41:53+00:00","og_image":[{"width":1280,"height":720,"url":"https:\/\/www.pogotowieflagowe.pl\/aktualne\/wp-content\/uploads\/2025\/10\/Posel-PiS-sugeruje-mozliwosc-wspolpracy-z-Konfederacja-powolujac-sie-na.webp.webp","type":"image\/webp"}],"author":"Filip","twitter_card":"summary_large_image","twitter_misc":{"Napisane przez":"Filip","Szacowany czas czytania":"2 minuty"},"schema":{"@context":"https:\/\/schema.org","@graph":[{"@type":"Article","@id":"https:\/\/www.pogotowieflagowe.pl\/aktualne\/posel-pis-sugeruje-mozliwosc-wspolpracy-z-konfederacja-powolujac-sie-na-zmiane-zdania-mentzena-w-sprawie-cpk\/#article","isPartOf":{"@id":"https:\/\/www.pogotowieflagowe.pl\/aktualne\/posel-pis-sugeruje-mozliwosc-wspolpracy-z-konfederacja-powolujac-sie-na-zmiane-zdania-mentzena-w-sprawie-cpk\/"},"author":{"name":"Filip","@id":"https:\/\/www.pogotowieflagowe.pl\/aktualne\/#\/schema\/person\/9c2fb7d2362ebf6fa088960d7f0d27b0"},"headline":"Pose\u0142 PiS sugeruje mo\u017cliwo\u015b\u0107 wsp\u00f3\u0142pracy z Konfederacj\u0105, powo\u0142uj\u0105c si\u0119 na zmian\u0119 zdania Mentzena w sprawie CPK","datePublished":"2025-10-31T09:41:51+00:00","dateModified":"2025-10-31T09:41:53+00:00","mainEntityOfPage":{"@id":"https:\/\/www.pogotowieflagowe.pl\/aktualne\/posel-pis-sugeruje-mozliwosc-wspolpracy-z-konfederacja-powolujac-sie-na-zmiane-zdania-mentzena-w-sprawie-cpk\/"},"wordCount":411,"commentCount":0,"publisher":{"@id":"https:\/\/www.pogotowieflagowe.pl\/aktualne\/#organization"},"image":{"@id":"https:\/\/www.pogotowieflagowe.pl\/aktualne\/posel-pis-sugeruje-mozliwosc-wspolpracy-z-konfederacja-powolujac-sie-na-zmiane-zdania-mentzena-w-sprawie-cpk\/#primaryimage"},"thumbnailUrl":"https:\/\/www.pogotowieflagowe.pl\/aktualne\/wp-content\/uploads\/2025\/10\/Posel-PiS-sugeruje-mozliwosc-wspolpracy-z-Konfederacja-powolujac-sie-na.webp.webp","keywords":["CPK","Konfederacja","Mentzena","mo\u017cliwo\u015b\u0107","PiS","pose\u0142","powo\u0142uj\u0105c","si\u0119","sprawie","sugeruje","wsp\u00f3\u0142pracy","zdania","zmian\u0119"],"articleSection":["Aktualne"],"inLanguage":"pl-PL","potentialAction":[{"@type":"CommentAction","name":"Comment","target":["https:\/\/www.pogotowieflagowe.pl\/aktualne\/posel-pis-sugeruje-mozliwosc-wspolpracy-z-konfederacja-powolujac-sie-na-zmiane-zdania-mentzena-w-sprawie-cpk\/#respond"]}]},{"@type":"WebPage","@id":"https:\/\/www.pogotowieflagowe.pl\/aktualne\/posel-pis-sugeruje-mozliwosc-wspolpracy-z-konfederacja-powolujac-sie-na-zmiane-zdania-mentzena-w-sprawie-cpk\/","url":"https:\/\/www.pogotowieflagowe.pl\/aktualne\/posel-pis-sugeruje-mozliwosc-wspolpracy-z-konfederacja-powolujac-sie-na-zmiane-zdania-mentzena-w-sprawie-cpk\/","name":"Pose\u0142 PiS sugeruje mo\u017cliwo\u015b\u0107 wsp\u00f3\u0142pracy z Konfederacj\u0105, powo\u0142uj\u0105c si\u0119 na zmian\u0119 zdania Mentzena w sprawie CPK - POGOTOWIE FLAGOWE\u00ae","isPartOf":{"@id":"https:\/\/www.pogotowieflagowe.pl\/aktualne\/#website"},"primaryImageOfPage":{"@id":"https:\/\/www.pogotowieflagowe.pl\/aktualne\/posel-pis-sugeruje-mozliwosc-wspolpracy-z-konfederacja-powolujac-sie-na-zmiane-zdania-mentzena-w-sprawie-cpk\/#primaryimage"},"image":{"@id":"https:\/\/www.pogotowieflagowe.pl\/aktualne\/posel-pis-sugeruje-mozliwosc-wspolpracy-z-konfederacja-powolujac-sie-na-zmiane-zdania-mentzena-w-sprawie-cpk\/#primaryimage"},"thumbnailUrl":"https:\/\/www.pogotowieflagowe.pl\/aktualne\/wp-content\/uploads\/2025\/10\/Posel-PiS-sugeruje-mozliwosc-wspolpracy-z-Konfederacja-powolujac-sie-na.webp.webp","datePublished":"2025-10-31T09:41:51+00:00","dateModified":"2025-10-31T09:41:53+00:00","breadcrumb":{"@id":"https:\/\/www.pogotowieflagowe.pl\/aktualne\/posel-pis-sugeruje-mozliwosc-wspolpracy-z-konfederacja-powolujac-sie-na-zmiane-zdania-mentzena-w-sprawie-cpk\/#breadcrumb"},"inLanguage":"pl-PL","potentialAction":[{"@type":"ReadAction","target":["https:\/\/www.pogotowieflagowe.pl\/aktualne\/posel-pis-sugeruje-mozliwosc-wspolpracy-z-konfederacja-powolujac-sie-na-zmiane-zdania-mentzena-w-sprawie-cpk\/"]}]},{"@type":"ImageObject","inLanguage":"pl-PL","@id":"https:\/\/www.pogotowieflagowe.pl\/aktualne\/posel-pis-sugeruje-mozliwosc-wspolpracy-z-konfederacja-powolujac-sie-na-zmiane-zdania-mentzena-w-sprawie-cpk\/#primaryimage","url":"https:\/\/www.pogotowieflagowe.pl\/aktualne\/wp-content\/uploads\/2025\/10\/Posel-PiS-sugeruje-mozliwosc-wspolpracy-z-Konfederacja-powolujac-sie-na.webp.webp","contentUrl":"https:\/\/www.pogotowieflagowe.pl\/aktualne\/wp-content\/uploads\/2025\/10\/Posel-PiS-sugeruje-mozliwosc-wspolpracy-z-Konfederacja-powolujac-sie-na.webp.webp","width":1280,"height":720,"caption":"Pose\u0142 PiS sugeruje mo\u017cliwo\u015b\u0107 wsp\u00f3\u0142pracy z Konfederacj\u0105, powo\u0142uj\u0105c si\u0119 na zmian\u0119 zdania Mentzena w sprawie CPK"},{"@type":"BreadcrumbList","@id":"https:\/\/www.pogotowieflagowe.pl\/aktualne\/posel-pis-sugeruje-mozliwosc-wspolpracy-z-konfederacja-powolujac-sie-na-zmiane-zdania-mentzena-w-sprawie-cpk\/#breadcrumb","itemListElement":[{"@type":"ListItem","position":1,"name":"Home","item":"https:\/\/www.pogotowieflagowe.pl\/aktualne\/"},{"@type":"ListItem","position":2,"name":"Pose\u0142 PiS sugeruje mo\u017cliwo\u015b\u0107 wsp\u00f3\u0142pracy z Konfederacj\u0105, powo\u0142uj\u0105c si\u0119 na zmian\u0119 zdania Mentzena w sprawie CPK"}]},{"@type":"WebSite","@id":"https:\/\/www.pogotowieflagowe.pl\/aktualne\/#website","url":"https:\/\/www.pogotowieflagowe.pl\/aktualne\/","name":"POGOTOWIE FLAGOWE\u00ae","description":"","publisher":{"@id":"https:\/\/www.pogotowieflagowe.pl\/aktualne\/#organization"},"potentialAction":[{"@type":"SearchAction","target":{"@type":"EntryPoint","urlTemplate":"https:\/\/www.pogotowieflagowe.pl\/aktualne\/?s={search_term_string}"},"query-input":"required name=search_term_string"}],"inLanguage":"pl-PL"},{"@type":"Organization","@id":"https:\/\/www.pogotowieflagowe.pl\/aktualne\/#organization","name":"POGOTOWIE FLAGOWE\u00ae","url":"https:\/\/www.pogotowieflagowe.pl\/aktualne\/","logo":{"@type":"ImageObject","inLanguage":"pl-PL","@id":"https:\/\/www.pogotowieflagowe.pl\/aktualne\/#\/schema\/logo\/image\/","url":"https:\/\/www.pogotowieflagowe.pl\/aktualne\/wp-content\/uploads\/2024\/08\/cropped-pogotowieflagowe_flaga_projekt_sm.jpg","contentUrl":"https:\/\/www.pogotowieflagowe.pl\/aktualne\/wp-content\/uploads\/2024\/08\/cropped-pogotowieflagowe_flaga_projekt_sm.jpg","width":250,"height":143,"caption":"POGOTOWIE FLAGOWE\u00ae"},"image":{"@id":"https:\/\/www.pogotowieflagowe.pl\/aktualne\/#\/schema\/logo\/image\/"}},{"@type":"Person","@id":"https:\/\/www.pogotowieflagowe.pl\/aktualne\/#\/schema\/person\/9c2fb7d2362ebf6fa088960d7f0d27b0","name":"Filip","image":{"@type":"ImageObject","inLanguage":"pl-PL","@id":"https:\/\/www.pogotowieflagowe.pl\/aktualne\/#\/schema\/person\/image\/","url":"https:\/\/www.pogotowieflagowe.pl\/aktualne\/wp-content\/uploads\/2024\/08\/pogotowieflagowe.pl_.jpg","contentUrl":"https:\/\/www.pogotowieflagowe.pl\/aktualne\/wp-content\/uploads\/2024\/08\/pogotowieflagowe.pl_.jpg","caption":"Filip"},"description":"Jestem Filip, polski dziennikarz z dyplomem nauk politycznych Uniwersytetu Warszawskiego. Rozpoczynaj\u0105c swoj\u0105 karier\u0119 w r\u00f3\u017cnych lokalnych mediach, zdoby\u0142em solidne do\u015bwiadczenie w zakresie \u015bledztwa i redakcji. Obecnie jako redaktor w Pogotowie flagowe, staram si\u0119 dostarcza\u0107 dog\u0142\u0119bne i istotne analizy na temat najwa\u017cniejszych kwestii aktualno\u015bci, \u0142\u0105cz\u0105c rygor z pasj\u0105 dziennikarsk\u0105.","sameAs":["https:\/\/www.pogotowieflagowe.pl\/"]}]}},"_links":{"self":[{"href":"https:\/\/www.pogotowieflagowe.pl\/aktualne\/wp-json\/wp\/v2\/posts\/9988","targetHints":{"allow":["GET"]}}],"collection":[{"href":"https:\/\/www.pogotowieflagowe.pl\/aktualne\/wp-json\/wp\/v2\/posts"}],"about":[{"href":"https:\/\/www.pogotowieflagowe.pl\/aktualne\/wp-json\/wp\/v2\/types\/post"}],"author":[{"embeddable":true,"href":"https:\/\/www.pogotowieflagowe.pl\/aktualne\/wp-json\/wp\/v2\/users\/1"}],"replies":[{"embeddable":true,"href":"https:\/\/www.pogotowieflagowe.pl\/aktualne\/wp-json\/wp\/v2\/comments?post=9988"}],"version-history":[{"count":1,"href":"https:\/\/www.pogotowieflagowe.pl\/aktualne\/wp-json\/wp\/v2\/posts\/9988\/revisions"}],"predecessor-version":[{"id":9990,"href":"https:\/\/www.pogotowieflagowe.pl\/aktualne\/wp-json\/wp\/v2\/posts\/9988\/revisions\/9990"}],"wp:featuredmedia":[{"embeddable":true,"href":"https:\/\/www.pogotowieflagowe.pl\/aktualne\/wp-json\/wp\/v2\/media\/9989"}],"wp:attachment":[{"href":"https:\/\/www.pogotowieflagowe.pl\/aktualne\/wp-json\/wp\/v2\/media?parent=9988"}],"wp:term":[{"taxonomy":"category","embeddable":true,"href":"https:\/\/www.pogotowieflagowe.pl\/aktualne\/wp-json\/wp\/v2\/categories?post=9988"},{"taxonomy":"post_tag","embeddable":true,"href":"https:\/\/www.pogotowieflagowe.pl\/aktualne\/wp-json\/wp\/v2\/tags?post=9988"}],"curies":[{"name":"wp","href":"https:\/\/api.w.org\/{rel}","templated":true}]}}