{"id":9994,"date":"2025-10-31T14:21:52","date_gmt":"2025-10-31T13:21:52","guid":{"rendered":"https:\/\/www.pogotowieflagowe.pl\/aktualne\/politycy-pis-staja-w-obronie-ziobry-zyjemy-w-czasach-rezimu\/"},"modified":"2025-10-31T14:21:54","modified_gmt":"2025-10-31T13:21:54","slug":"politycy-pis-staja-w-obronie-ziobry-zyjemy-w-czasach-rezimu","status":"publish","type":"post","link":"https:\/\/www.pogotowieflagowe.pl\/aktualne\/politycy-pis-staja-w-obronie-ziobry-zyjemy-w-czasach-rezimu\/","title":{"rendered":"Politycy PiS staj\u0105 w obronie Ziobry: \u201e\u017byjemy w czasach re\u017cimu\u201d"},"content":{"rendered":"\n<div class=\"td_block_wrap tdb_single_content tdi_41 td-pb-border-top td_block_template_8 td-post-content tagdiv-type\" data-td-block-uid=\"tdi_41\">\n<style>.tdi_41{margines-top:0px!important;margin-bottom:0px!important;dope\u0142nienie-g\u00f3ra:0px!important;dope\u0142nienie-d\u00f3\u0142:0px!important}<\/style>\n<style>.tdb_single_content{margin-bottom:0;*zoom:1}.tdb_single_content:before,.tdb_single_content:after{display:table;content:'';line-height:0}.tdb_single_content:after{clear:both}.tdb_single_content .tdb-block-inner>*:not(.wp-block-quote):not(.alignwide):not(.alignfull.wp-block-cover.has-parallax):not(.td-a-ad){margin-left:auto;margin-right:auto}.tdb_single_content a{pointer-events:auto}.tdb_single_content .td-spot-id-top_ad .tdc-placeholder-title:before{content:'Najlepsza reklama artyku\u0142u'!important}.tdb_single_content .td-spot-id-inline_ad0 .tdc-placeholder-title:before{content:'Reklama wbudowana artyku\u0142u 1'!important}.tdb_single_content .td-spot-id-inline_ad1 .tdc-placeholder-title:before{content:'Wbudowana reklama w artykule 2'!important}.tdb_single_content .td-spot-id-inline_ad2 .tdc-placeholder-title:before{content:'Wbudowana reklama w artykule 3'!important}.tdb_single_content .td-spot-id-bottom_ad .tdc-placeholder-title:before{content:'Article Bottom Ad'!important}.tdb_single_content .id_top_ad,.tdb_single_content .id_bottom_ad{clear:both;margin-bottom:21px;text-align:center}.tdb_single_content .id_top_ad img,.tdb_single_content .id_bottom_ad img{margin-bottom:0}.tdb_single_content .id_top_ad .adsbygoogle,.tdb_single_content .id_bottom_ad .adsbygoogle{position:relative}.tdb_single_content .id_ad_content-horiz-left,.tdb_single_content .id_ad_content-horiz-right,.tdb_single_content .id_ad_content-horiz-center{margin-bottom:15px}.tdb_single_content .id_ad_content-horiz-left img,.tdb_single_content .id_ad_content-horiz-right img,.tdb_single_content .id_ad_content-horiz-center img{margin-bottom:0}.tdb_single_content .id_ad_content-horiz-center{text-align:center}.tdb_single_content .id_ad_content-horiz-center img{margin-right:auto;margin-left:auto}.tdb_single_content .id_ad_content-horiz-left{float:left;margin-top:9px;margin-right:21px}.tdb_single_content .id_ad_content-horiz-right{float:right;margin-top:6px;margin-left:21px}.tdb_single_content .tdc-a-ad .tdc-placeholder-title{width:300px;height:250px}.tdb_single_content .tdc-a-ad .tdc-placeholder-title:before{position:absolute;top:50%;-webkit-transform:translateY(-50%);transform:translateY(-50%);margin:auto;display:table;width:100%}.tdb_single_content .tdb-block-inner.td-fix-index{word-break:break-word}.tdi_41,.tdi_41>p,.tdi_41 .tdb-block-inner>p,.wp-block-column>p{font-size:16px!important;line-height:1.6!important}.tdi_41 .tdb-block-inner blockquote p{font-style:normal!important}@media (max-width:767px){.tdb_single_content .id_ad_content-horiz-left,.tdb_single_content .id_ad_content-horiz-right,.tdb_single_content .id_ad_content-horiz-center{margin:0 auto 26 pikseli auto}}@media (max-width:767px){.tdb_single_content .id_ad_content-horiz-left{margin-right:0}}@media (max-width:767px){.tdb_single_content .id_ad_content-horiz-right{margin-left:0}}@media (max-width:767px){.tdb_single_content .td-a-ad{float:none;text-align:center}.tdb_single_content .td-a-ad img{margin-right:auto;margin-left:auto}.tdb_single_content .tdc-a-ad{float:none}}<\/style>\n<div class=\"tdb-block-inner td-fix-index\">\n<p>Upad\u0142a ca\u0142a narracja, \u017ce \u200b\u200bco\u015b jest nielegalne. Nawet by\u0142y Minister Sprawiedliwo\u015bci i by\u0142y Prezydent RP <em>Najwy\u017csza Izba Kontroli<\/em> (<em>NIK<\/em>), Krzysztof Kwiatkowski, powiedzia\u0142, <strong>\u201eNie z\u0142o\u017cy\u0142em \u017cadnego zawiadomienia, bo nie z\u0142amano prawa\u201d<\/strong> \u2013 przypomnia\u0142 Micha\u0142 W\u00f3jcik, odnosz\u0105c si\u0119 do \u015bledztwa ws <em>Fundusz Sprawiedliwo\u015bci<\/em>.<\/p>\n<figure class=\"wp-block-pullquote\">\n<blockquote>\n<p><strong>&#8222;Sprawiedliwo\u015b\u0107 dla Polski! Polska prawica odnios\u0142a wielkie zwyci\u0119stwo w wyborach prezydenckich. Od tego czasu probrukselski rz\u0105d polski rozpocz\u0105\u0142 przeciwko niej polityczne polowanie na czarownice&#8221;<\/strong> \u2013 napisa\u0142 w mediach spo\u0142eczno\u015bciowych Viktor Orb\u00e1n, zamieszczaj\u0105c zdj\u0119cie z Ziobr\u0105.<\/p>\n<\/blockquote>\n<\/figure>\n<figure class=\"wp-block-embed is-type-rich is-provider-twitter wp-block-embed-twitter\">\n<div class=\"wp-block-embed__wrapper\">\n<blockquote class=\"twitter-tweet\" data-width=\"550\" data-dnt=\"true\">\n<p lang=\"en\" dir=\"ltr\">\ud83c\uddf5\ud83c\uddf1 Sprawiedliwo\u015b\u0107 dla Polski! Polska prawica odnios\u0142a ogromne zwyci\u0119stwo w wyborach prezydenckich. Od tego czasu probrukselski polski rz\u0105d rozpocz\u0105\u0142 przeciwko nim polityczne polowanie na czarownice.<\/p>\n<p>Spotka\u0142em si\u0119 dzisiaj z by\u0142ym Ministrem Sprawiedliwo\u015bci <a rel=\"nofollow\" href=\"https:\/\/twitter.com\/ZiobroPL?ref_src=twsrc%5Etfw\">@ZiobroPL<\/a> w Budapeszcie. Polski\u2026 <a rel=\"nofollow\" href=\"https:\/\/t.co\/U5WtAGyhhW\">pic.twitter.com\/U5WtAGyhhW<\/a><\/p>\n<p>\u2014 Orb\u00e1n Viktor (@PM_ViktorOrban) <a rel=\"nofollow\" href=\"https:\/\/twitter.com\/PM_ViktorOrban\/status\/1983926753702576556?ref_src=twsrc%5Etfw\">30 pa\u017adziernika 2025 r<\/a><\/p><\/blockquote>\n<\/div>\n<\/figure>\n<p>Tymczasem w Polsce w\u0142adze podj\u0119\u0142y dalsze dzia\u0142ania przeciwko politykowi. We wtorek Minister Sprawiedliwo\u015bci i Prokurator Generalny Waldemar \u017burek z\u0142o\u017cy\u0142 wniosek do <em>Sejm<\/em> o uchylenie immunitetu Ziobry oraz wyra\u017cenie zgody na jego zatrzymanie i aresztowanie.<\/p>\n<p>Cz\u0142onkowie <em>Prawo i Sprawiedliwo\u015b\u0107<\/em> (<em>PiS<\/em>) wypowiada\u0142 si\u0119 dzisiaj w tej sprawie. <strong>&#8222;Donald Tusk wydaje wyroki. On decyduje, kto p\u00f3jdzie do wi\u0119zienia. Jak wida\u0107 to nie wymiar sprawiedliwo\u015bci, tylko Donald Tusk. Zamiast zajmowa\u0107 si\u0119 sprawami Polski, skupia si\u0119 na walce z opozycj\u0105, na walce <em>Prawo i Sprawiedliwo\u015b\u0107<\/em>\u201d<\/strong> \u2013 zacz\u0105\u0142 Mariusz B\u0142aszczak, kierownik ds <em>PiS<\/em> klub parlamentarny.<\/p>\n<figure class=\"wp-block-embed is-type-rich is-provider-twitter wp-block-embed-twitter\">\n<div class=\"wp-block-embed__wrapper\">\n<blockquote class=\"twitter-tweet\" data-width=\"550\" data-dnt=\"true\">\n<p lang=\"pl\" dir=\"ltr\">\ud83d\udcac Przewodnicz\u0105cy KP PiS <a href=\"https:\/\/twitter.com\/mblaszczak?ref_src=twsrc%5Etfw\">@mblaszczak<\/a>: D. Tusk feruje wyroki, m\u00f3wi, kto b\u0119dzie siedzia\u0142 w wi\u0119zieniu. Mamy do czynienia z bezpodstawnymi atakami na ministra Ziobr\u0119, ministra Wosia, na pos\u0142a Dariusza Mateckiego. To wszystko, co zwi\u0105zane jest z brakiem praworz\u0105dno\u015bci, naruszaniem\u2026 <a href=\"https:\/\/t.co\/eMzAEvO2Co\">pic.twitter.com\/eMzAEvO2Co<\/a><\/p>\n<p>&mdash; Prawo i Sprawiedliwo\u015b\u0107 (@pisorgpl) <a href=\"https:\/\/twitter.com\/pisorgpl\/status\/1984199770278187367?ref_src=twsrc%5Etfw\">October 31, 2025<\/a><\/p><\/blockquote>\n<p><script async src=\"https:\/\/platform.twitter.com\/widgets.js\" charset=\"utf-8\"><\/script>\n<\/div>\n<\/figure>\n<p>Za nim poszed\u0142 by\u0142y wiceminister sprawiedliwo\u015bci Micha\u0142 W\u00f3jcik.<\/p>\n<figure class=\"wp-block-pullquote\">\n<blockquote>\n<p><strong>\u201eUpad\u0142a ca\u0142a narracja, \u017ce \u200b\u200bco\u015b jest niezgodne z prawem. Nawet by\u0142y Minister Sprawiedliwo\u015bci i by\u0142y Prezydent RP <em>Najwy\u017csza Izba Kontroli<\/em> (<em>NIK<\/em>), Krzysztof Kwiatkowski, stwierdzi\u0142: \u201eNie z\u0142o\u017cy\u0142em \u017cadnego zawiadomienia, bo nie zosta\u0142o z\u0142amane prawo\u201d. O czym teraz m\u00f3wimy? M\u00f3wimy o tym, co napisa\u0142 premier Viktor Orb\u00e1n po spotkaniu ze Zbigniewem Ziobr\u0105 w Budapeszcie. Spotkanie trwa\u0142o wiele godzin. Nast\u0119pnie w\u0119gierski przyw\u00f3dca przyzna\u0142, \u017ce \u201ew sercu Europy opozycja jest niszczona przy pomocy instytucji pa\u0144stwowych\u201d \u2013 doda\u0142.<\/strong> \u2013 zauwa\u017cy\u0142.<\/p>\n<\/blockquote>\n<\/figure>\n<figure class=\"wp-block-pullquote\">\n<blockquote>\n<p>Jak argumentowa\u0142, <strong>&#8222;Chodzi o niszczenie opozycji, poni\u017canie i \u0142amanie konkretnych jednostek. W przypadku Zbigniewa Ziobry chodzi o sensacyjne obrazy &#8211; polityka w kajdankach, a p\u00f3\u017aniej za kratami. To haniebne. Re\u017cim budowano dwa lata. Najpierw przej\u0119li media publiczne, brutalnie \u0142ami\u0105c prawo. Potem zaatakowali prokuratur\u0119. Dzi\u015b mamy nielegalnego szefa prokuratury <em>Prokuratura Krajowa<\/em>. Nast\u0119pnie zaatakowali <em>Trybuna\u0142 Konstytucyjny<\/em>. Jeste\u015bmy jedynym krajem na \u015bwiecie, w kt\u00f3rym s\u0119dziowie takiego trybuna\u0142u nie otrzymuj\u0105 wynagrodze\u0144. Zaatakowali s\u0105dy, ich prezes\u00f3w i wiceprezes\u00f3w\u201d<\/strong> powiedzia\u0142 W\u00f3jcik.<\/p>\n<\/blockquote>\n<\/figure>\n<figure class=\"wp-block-embed is-type-rich is-provider-twitter wp-block-embed-twitter\">\n<div class=\"wp-block-embed__wrapper\">\n<blockquote class=\"twitter-tweet\" data-width=\"550\" data-dnt=\"true\">\n<p lang=\"pl\" dir=\"ltr\">\ud83d\udcac Pose\u0142 PiS <a href=\"https:\/\/twitter.com\/mwojcik_?ref_src=twsrc%5Etfw\">@mwojcik_<\/a>: Viktor Orban po spotkaniu z ministrem Ziobr\u0105 napisa\u0142, \u017ce takie rzeczy dziej\u0105 si\u0119 w\u0142a\u015bnie w sercu Europy &#8211; aresztuje si\u0119 ludzi z opozycji, przy milczeniu instytucji UE, kt\u00f3re na ustach maj\u0105 r\u00f3\u017cne frazesy o demokracji i praworz\u0105dno\u015bci. Chodzi o to, \u017ceby\u2026 <a href=\"https:\/\/t.co\/alckBnlj28\">pic.twitter.com\/alckBnlj28<\/a><\/p>\n<p>&mdash; Prawo i Sprawiedliwo\u015b\u0107 (@pisorgpl) <a href=\"https:\/\/twitter.com\/pisorgpl\/status\/1984200426678255711?ref_src=twsrc%5Etfw\">October 31, 2025<\/a><\/p><\/blockquote>\n<p><script async src=\"https:\/\/platform.twitter.com\/widgets.js\" charset=\"utf-8\"><\/script>\n<\/div>\n<\/figure>\n<p>I kontynuowa\u0142:<\/p>\n<figure class=\"wp-block-pullquote\">\n<blockquote>\n<p><strong>&#8222;Przejmuj\u0105c kontrol\u0119 nad prokuratur\u0105 i s\u0105dami, przeszli na przejrzysto\u015b\u0107. W ten spos\u00f3b usuni\u0119to System Losowego Przydzia\u0142u Spraw. Poniewa\u017c nie mogli tego zrobi\u0107 legalnie, zmienili prawo rozporz\u0105dzeniem. To jest niedopuszczalne. Prezydent skierowa\u0142 spraw\u0119 do <em>Trybuna\u0142 Konstytucyjny<\/em>z\u0142o\u017cono tak\u017ce zawiadomienie do prokuratury. To wszystko pokazuje, co dzieje si\u0119 w Polsce. \u017byjemy w czasach re\u017cimu. W XXI wieku nasz nar\u00f3d osi\u0105gn\u0105\u0142 punkt, w kt\u00f3rym poza naszymi granicami szaleje wojna, podczas gdy wewn\u0105trz rz\u0105d niszczy i poni\u017ca swoich przeciwnik\u00f3w\u201d.<\/strong><\/p>\n<\/blockquote>\n<\/figure>\n<\/div>\n<\/div>\n<p><script async src=\"https:\/\/platform.twitter.com\/widgets.js\" charset=\"utf-8\"><\/script><\/p>\n","protected":false},"excerpt":{"rendered":"<p>Upad\u0142a ca\u0142a narracja, \u017ce \u200b\u200bco\u015b jest nielegalne. Nawet by\u0142y Minister Sprawiedliwo\u015bci i by\u0142y Prezydent RP Najwy\u017csza Izba Kontroli (NIK), Krzysztof<\/p>\n","protected":false},"author":1,"featured_media":9995,"comment_status":"open","ping_status":"open","sticky":false,"template":"","format":"standard","meta":{"footnotes":""},"categories":[4748],"tags":[11504,4345,166,6547,5603,9057,11424,11503],"class_list":["post-9994","post","type-post","status-publish","format-standard","has-post-thumbnail","hentry","category-aktualne","tag-czasach","tag-obronie","tag-pis","tag-politycy","tag-rezimu","tag-staja","tag-ziobry","tag-zyjemy","generate-columns","tablet-grid-50","mobile-grid-100","grid-parent","grid-50","resize-featured-image"],"yoast_head":"<!-- This site is optimized with the Yoast SEO plugin v23.2 - https:\/\/yoast.com\/wordpress\/plugins\/seo\/ -->\n<title>Politycy PiS staj\u0105 w obronie Ziobry: \u201e\u017byjemy w czasach re\u017cimu\u201d - POGOTOWIE FLAGOWE\u00ae<\/title>\n<meta name=\"robots\" content=\"index, follow, max-snippet:-1, max-image-preview:large, max-video-preview:-1\" \/>\n<link rel=\"canonical\" href=\"https:\/\/www.pogotowieflagowe.pl\/aktualne\/politycy-pis-staja-w-obronie-ziobry-zyjemy-w-czasach-rezimu\/\" \/>\n<meta property=\"og:locale\" content=\"pl_PL\" \/>\n<meta property=\"og:type\" content=\"article\" \/>\n<meta property=\"og:title\" content=\"Politycy PiS staj\u0105 w obronie Ziobry: \u201e\u017byjemy w czasach re\u017cimu\u201d - POGOTOWIE FLAGOWE\u00ae\" \/>\n<meta property=\"og:description\" content=\"Upad\u0142a ca\u0142a narracja, \u017ce \u200b\u200bco\u015b jest nielegalne. Nawet by\u0142y Minister Sprawiedliwo\u015bci i by\u0142y Prezydent RP Najwy\u017csza Izba Kontroli (NIK), Krzysztof\" \/>\n<meta property=\"og:url\" content=\"https:\/\/www.pogotowieflagowe.pl\/aktualne\/politycy-pis-staja-w-obronie-ziobry-zyjemy-w-czasach-rezimu\/\" \/>\n<meta property=\"og:site_name\" content=\"POGOTOWIE FLAGOWE\u00ae\" \/>\n<meta property=\"article:published_time\" content=\"2025-10-31T13:21:52+00:00\" \/>\n<meta property=\"article:modified_time\" content=\"2025-10-31T13:21:54+00:00\" \/>\n<meta property=\"og:image\" content=\"https:\/\/www.pogotowieflagowe.pl\/aktualne\/wp-content\/uploads\/2025\/10\/Politycy-PiS-staja-w-obronie-Ziobry-\u201eZyjemy-w-czasach-rezimu.webp.webp\" \/>\n\t<meta property=\"og:image:width\" content=\"1280\" \/>\n\t<meta property=\"og:image:height\" content=\"720\" \/>\n\t<meta property=\"og:image:type\" content=\"image\/webp\" \/>\n<meta name=\"author\" content=\"Filip\" \/>\n<meta name=\"twitter:card\" content=\"summary_large_image\" \/>\n<meta name=\"twitter:label1\" content=\"Napisane przez\" \/>\n\t<meta name=\"twitter:data1\" content=\"Filip\" \/>\n\t<meta name=\"twitter:label2\" content=\"Szacowany czas czytania\" \/>\n\t<meta name=\"twitter:data2\" content=\"3 minuty\" \/>\n<script type=\"application\/ld+json\" class=\"yoast-schema-graph\">{\"@context\":\"https:\/\/schema.org\",\"@graph\":[{\"@type\":\"Article\",\"@id\":\"https:\/\/www.pogotowieflagowe.pl\/aktualne\/politycy-pis-staja-w-obronie-ziobry-zyjemy-w-czasach-rezimu\/#article\",\"isPartOf\":{\"@id\":\"https:\/\/www.pogotowieflagowe.pl\/aktualne\/politycy-pis-staja-w-obronie-ziobry-zyjemy-w-czasach-rezimu\/\"},\"author\":{\"name\":\"Filip\",\"@id\":\"https:\/\/www.pogotowieflagowe.pl\/aktualne\/#\/schema\/person\/9c2fb7d2362ebf6fa088960d7f0d27b0\"},\"headline\":\"Politycy PiS staj\u0105 w obronie Ziobry: \u201e\u017byjemy w czasach re\u017cimu\u201d\",\"datePublished\":\"2025-10-31T13:21:52+00:00\",\"dateModified\":\"2025-10-31T13:21:54+00:00\",\"mainEntityOfPage\":{\"@id\":\"https:\/\/www.pogotowieflagowe.pl\/aktualne\/politycy-pis-staja-w-obronie-ziobry-zyjemy-w-czasach-rezimu\/\"},\"wordCount\":556,\"commentCount\":0,\"publisher\":{\"@id\":\"https:\/\/www.pogotowieflagowe.pl\/aktualne\/#organization\"},\"image\":{\"@id\":\"https:\/\/www.pogotowieflagowe.pl\/aktualne\/politycy-pis-staja-w-obronie-ziobry-zyjemy-w-czasach-rezimu\/#primaryimage\"},\"thumbnailUrl\":\"https:\/\/www.pogotowieflagowe.pl\/aktualne\/wp-content\/uploads\/2025\/10\/Politycy-PiS-staja-w-obronie-Ziobry-\u201eZyjemy-w-czasach-rezimu.webp.webp\",\"keywords\":[\"czasach\",\"obronie\",\"PiS\",\"Politycy\",\"re\u017cimu\",\"staj\u0105\",\"Ziobry\",\"\u017byjemy\"],\"articleSection\":[\"Aktualne\"],\"inLanguage\":\"pl-PL\",\"potentialAction\":[{\"@type\":\"CommentAction\",\"name\":\"Comment\",\"target\":[\"https:\/\/www.pogotowieflagowe.pl\/aktualne\/politycy-pis-staja-w-obronie-ziobry-zyjemy-w-czasach-rezimu\/#respond\"]}]},{\"@type\":\"WebPage\",\"@id\":\"https:\/\/www.pogotowieflagowe.pl\/aktualne\/politycy-pis-staja-w-obronie-ziobry-zyjemy-w-czasach-rezimu\/\",\"url\":\"https:\/\/www.pogotowieflagowe.pl\/aktualne\/politycy-pis-staja-w-obronie-ziobry-zyjemy-w-czasach-rezimu\/\",\"name\":\"Politycy PiS staj\u0105 w obronie Ziobry: \u201e\u017byjemy w czasach re\u017cimu\u201d - POGOTOWIE FLAGOWE\u00ae\",\"isPartOf\":{\"@id\":\"https:\/\/www.pogotowieflagowe.pl\/aktualne\/#website\"},\"primaryImageOfPage\":{\"@id\":\"https:\/\/www.pogotowieflagowe.pl\/aktualne\/politycy-pis-staja-w-obronie-ziobry-zyjemy-w-czasach-rezimu\/#primaryimage\"},\"image\":{\"@id\":\"https:\/\/www.pogotowieflagowe.pl\/aktualne\/politycy-pis-staja-w-obronie-ziobry-zyjemy-w-czasach-rezimu\/#primaryimage\"},\"thumbnailUrl\":\"https:\/\/www.pogotowieflagowe.pl\/aktualne\/wp-content\/uploads\/2025\/10\/Politycy-PiS-staja-w-obronie-Ziobry-\u201eZyjemy-w-czasach-rezimu.webp.webp\",\"datePublished\":\"2025-10-31T13:21:52+00:00\",\"dateModified\":\"2025-10-31T13:21:54+00:00\",\"breadcrumb\":{\"@id\":\"https:\/\/www.pogotowieflagowe.pl\/aktualne\/politycy-pis-staja-w-obronie-ziobry-zyjemy-w-czasach-rezimu\/#breadcrumb\"},\"inLanguage\":\"pl-PL\",\"potentialAction\":[{\"@type\":\"ReadAction\",\"target\":[\"https:\/\/www.pogotowieflagowe.pl\/aktualne\/politycy-pis-staja-w-obronie-ziobry-zyjemy-w-czasach-rezimu\/\"]}]},{\"@type\":\"ImageObject\",\"inLanguage\":\"pl-PL\",\"@id\":\"https:\/\/www.pogotowieflagowe.pl\/aktualne\/politycy-pis-staja-w-obronie-ziobry-zyjemy-w-czasach-rezimu\/#primaryimage\",\"url\":\"https:\/\/www.pogotowieflagowe.pl\/aktualne\/wp-content\/uploads\/2025\/10\/Politycy-PiS-staja-w-obronie-Ziobry-\u201eZyjemy-w-czasach-rezimu.webp.webp\",\"contentUrl\":\"https:\/\/www.pogotowieflagowe.pl\/aktualne\/wp-content\/uploads\/2025\/10\/Politycy-PiS-staja-w-obronie-Ziobry-\u201eZyjemy-w-czasach-rezimu.webp.webp\",\"width\":1280,\"height\":720,\"caption\":\"Politycy PiS staj\u0105 w obronie Ziobry: \u201e\u017byjemy w czasach re\u017cimu\u201d\"},{\"@type\":\"BreadcrumbList\",\"@id\":\"https:\/\/www.pogotowieflagowe.pl\/aktualne\/politycy-pis-staja-w-obronie-ziobry-zyjemy-w-czasach-rezimu\/#breadcrumb\",\"itemListElement\":[{\"@type\":\"ListItem\",\"position\":1,\"name\":\"Home\",\"item\":\"https:\/\/www.pogotowieflagowe.pl\/aktualne\/\"},{\"@type\":\"ListItem\",\"position\":2,\"name\":\"Politycy PiS staj\u0105 w obronie Ziobry: \u201e\u017byjemy w czasach re\u017cimu\u201d\"}]},{\"@type\":\"WebSite\",\"@id\":\"https:\/\/www.pogotowieflagowe.pl\/aktualne\/#website\",\"url\":\"https:\/\/www.pogotowieflagowe.pl\/aktualne\/\",\"name\":\"POGOTOWIE FLAGOWE\u00ae\",\"description\":\"\",\"publisher\":{\"@id\":\"https:\/\/www.pogotowieflagowe.pl\/aktualne\/#organization\"},\"potentialAction\":[{\"@type\":\"SearchAction\",\"target\":{\"@type\":\"EntryPoint\",\"urlTemplate\":\"https:\/\/www.pogotowieflagowe.pl\/aktualne\/?s={search_term_string}\"},\"query-input\":\"required name=search_term_string\"}],\"inLanguage\":\"pl-PL\"},{\"@type\":\"Organization\",\"@id\":\"https:\/\/www.pogotowieflagowe.pl\/aktualne\/#organization\",\"name\":\"POGOTOWIE FLAGOWE\u00ae\",\"url\":\"https:\/\/www.pogotowieflagowe.pl\/aktualne\/\",\"logo\":{\"@type\":\"ImageObject\",\"inLanguage\":\"pl-PL\",\"@id\":\"https:\/\/www.pogotowieflagowe.pl\/aktualne\/#\/schema\/logo\/image\/\",\"url\":\"https:\/\/www.pogotowieflagowe.pl\/aktualne\/wp-content\/uploads\/2024\/08\/cropped-pogotowieflagowe_flaga_projekt_sm.jpg\",\"contentUrl\":\"https:\/\/www.pogotowieflagowe.pl\/aktualne\/wp-content\/uploads\/2024\/08\/cropped-pogotowieflagowe_flaga_projekt_sm.jpg\",\"width\":250,\"height\":143,\"caption\":\"POGOTOWIE FLAGOWE\u00ae\"},\"image\":{\"@id\":\"https:\/\/www.pogotowieflagowe.pl\/aktualne\/#\/schema\/logo\/image\/\"}},{\"@type\":\"Person\",\"@id\":\"https:\/\/www.pogotowieflagowe.pl\/aktualne\/#\/schema\/person\/9c2fb7d2362ebf6fa088960d7f0d27b0\",\"name\":\"Filip\",\"image\":{\"@type\":\"ImageObject\",\"inLanguage\":\"pl-PL\",\"@id\":\"https:\/\/www.pogotowieflagowe.pl\/aktualne\/#\/schema\/person\/image\/\",\"url\":\"https:\/\/www.pogotowieflagowe.pl\/aktualne\/wp-content\/uploads\/2024\/08\/pogotowieflagowe.pl_.jpg\",\"contentUrl\":\"https:\/\/www.pogotowieflagowe.pl\/aktualne\/wp-content\/uploads\/2024\/08\/pogotowieflagowe.pl_.jpg\",\"caption\":\"Filip\"},\"description\":\"Jestem Filip, polski dziennikarz z dyplomem nauk politycznych Uniwersytetu Warszawskiego. Rozpoczynaj\u0105c swoj\u0105 karier\u0119 w r\u00f3\u017cnych lokalnych mediach, zdoby\u0142em solidne do\u015bwiadczenie w zakresie \u015bledztwa i redakcji. Obecnie jako redaktor w Pogotowie flagowe, staram si\u0119 dostarcza\u0107 dog\u0142\u0119bne i istotne analizy na temat najwa\u017cniejszych kwestii aktualno\u015bci, \u0142\u0105cz\u0105c rygor z pasj\u0105 dziennikarsk\u0105.\",\"sameAs\":[\"https:\/\/www.pogotowieflagowe.pl\/\"]}]}<\/script>\n<!-- \/ Yoast SEO plugin. -->","yoast_head_json":{"title":"Politycy PiS staj\u0105 w obronie Ziobry: \u201e\u017byjemy w czasach re\u017cimu\u201d - POGOTOWIE FLAGOWE\u00ae","robots":{"index":"index","follow":"follow","max-snippet":"max-snippet:-1","max-image-preview":"max-image-preview:large","max-video-preview":"max-video-preview:-1"},"canonical":"https:\/\/www.pogotowieflagowe.pl\/aktualne\/politycy-pis-staja-w-obronie-ziobry-zyjemy-w-czasach-rezimu\/","og_locale":"pl_PL","og_type":"article","og_title":"Politycy PiS staj\u0105 w obronie Ziobry: \u201e\u017byjemy w czasach re\u017cimu\u201d - POGOTOWIE FLAGOWE\u00ae","og_description":"Upad\u0142a ca\u0142a narracja, \u017ce \u200b\u200bco\u015b jest nielegalne. Nawet by\u0142y Minister Sprawiedliwo\u015bci i by\u0142y Prezydent RP Najwy\u017csza Izba Kontroli (NIK), Krzysztof","og_url":"https:\/\/www.pogotowieflagowe.pl\/aktualne\/politycy-pis-staja-w-obronie-ziobry-zyjemy-w-czasach-rezimu\/","og_site_name":"POGOTOWIE FLAGOWE\u00ae","article_published_time":"2025-10-31T13:21:52+00:00","article_modified_time":"2025-10-31T13:21:54+00:00","og_image":[{"width":1280,"height":720,"url":"https:\/\/www.pogotowieflagowe.pl\/aktualne\/wp-content\/uploads\/2025\/10\/Politycy-PiS-staja-w-obronie-Ziobry-\u201eZyjemy-w-czasach-rezimu.webp.webp","type":"image\/webp"}],"author":"Filip","twitter_card":"summary_large_image","twitter_misc":{"Napisane przez":"Filip","Szacowany czas czytania":"3 minuty"},"schema":{"@context":"https:\/\/schema.org","@graph":[{"@type":"Article","@id":"https:\/\/www.pogotowieflagowe.pl\/aktualne\/politycy-pis-staja-w-obronie-ziobry-zyjemy-w-czasach-rezimu\/#article","isPartOf":{"@id":"https:\/\/www.pogotowieflagowe.pl\/aktualne\/politycy-pis-staja-w-obronie-ziobry-zyjemy-w-czasach-rezimu\/"},"author":{"name":"Filip","@id":"https:\/\/www.pogotowieflagowe.pl\/aktualne\/#\/schema\/person\/9c2fb7d2362ebf6fa088960d7f0d27b0"},"headline":"Politycy PiS staj\u0105 w obronie Ziobry: \u201e\u017byjemy w czasach re\u017cimu\u201d","datePublished":"2025-10-31T13:21:52+00:00","dateModified":"2025-10-31T13:21:54+00:00","mainEntityOfPage":{"@id":"https:\/\/www.pogotowieflagowe.pl\/aktualne\/politycy-pis-staja-w-obronie-ziobry-zyjemy-w-czasach-rezimu\/"},"wordCount":556,"commentCount":0,"publisher":{"@id":"https:\/\/www.pogotowieflagowe.pl\/aktualne\/#organization"},"image":{"@id":"https:\/\/www.pogotowieflagowe.pl\/aktualne\/politycy-pis-staja-w-obronie-ziobry-zyjemy-w-czasach-rezimu\/#primaryimage"},"thumbnailUrl":"https:\/\/www.pogotowieflagowe.pl\/aktualne\/wp-content\/uploads\/2025\/10\/Politycy-PiS-staja-w-obronie-Ziobry-\u201eZyjemy-w-czasach-rezimu.webp.webp","keywords":["czasach","obronie","PiS","Politycy","re\u017cimu","staj\u0105","Ziobry","\u017byjemy"],"articleSection":["Aktualne"],"inLanguage":"pl-PL","potentialAction":[{"@type":"CommentAction","name":"Comment","target":["https:\/\/www.pogotowieflagowe.pl\/aktualne\/politycy-pis-staja-w-obronie-ziobry-zyjemy-w-czasach-rezimu\/#respond"]}]},{"@type":"WebPage","@id":"https:\/\/www.pogotowieflagowe.pl\/aktualne\/politycy-pis-staja-w-obronie-ziobry-zyjemy-w-czasach-rezimu\/","url":"https:\/\/www.pogotowieflagowe.pl\/aktualne\/politycy-pis-staja-w-obronie-ziobry-zyjemy-w-czasach-rezimu\/","name":"Politycy PiS staj\u0105 w obronie Ziobry: \u201e\u017byjemy w czasach re\u017cimu\u201d - POGOTOWIE FLAGOWE\u00ae","isPartOf":{"@id":"https:\/\/www.pogotowieflagowe.pl\/aktualne\/#website"},"primaryImageOfPage":{"@id":"https:\/\/www.pogotowieflagowe.pl\/aktualne\/politycy-pis-staja-w-obronie-ziobry-zyjemy-w-czasach-rezimu\/#primaryimage"},"image":{"@id":"https:\/\/www.pogotowieflagowe.pl\/aktualne\/politycy-pis-staja-w-obronie-ziobry-zyjemy-w-czasach-rezimu\/#primaryimage"},"thumbnailUrl":"https:\/\/www.pogotowieflagowe.pl\/aktualne\/wp-content\/uploads\/2025\/10\/Politycy-PiS-staja-w-obronie-Ziobry-\u201eZyjemy-w-czasach-rezimu.webp.webp","datePublished":"2025-10-31T13:21:52+00:00","dateModified":"2025-10-31T13:21:54+00:00","breadcrumb":{"@id":"https:\/\/www.pogotowieflagowe.pl\/aktualne\/politycy-pis-staja-w-obronie-ziobry-zyjemy-w-czasach-rezimu\/#breadcrumb"},"inLanguage":"pl-PL","potentialAction":[{"@type":"ReadAction","target":["https:\/\/www.pogotowieflagowe.pl\/aktualne\/politycy-pis-staja-w-obronie-ziobry-zyjemy-w-czasach-rezimu\/"]}]},{"@type":"ImageObject","inLanguage":"pl-PL","@id":"https:\/\/www.pogotowieflagowe.pl\/aktualne\/politycy-pis-staja-w-obronie-ziobry-zyjemy-w-czasach-rezimu\/#primaryimage","url":"https:\/\/www.pogotowieflagowe.pl\/aktualne\/wp-content\/uploads\/2025\/10\/Politycy-PiS-staja-w-obronie-Ziobry-\u201eZyjemy-w-czasach-rezimu.webp.webp","contentUrl":"https:\/\/www.pogotowieflagowe.pl\/aktualne\/wp-content\/uploads\/2025\/10\/Politycy-PiS-staja-w-obronie-Ziobry-\u201eZyjemy-w-czasach-rezimu.webp.webp","width":1280,"height":720,"caption":"Politycy PiS staj\u0105 w obronie Ziobry: \u201e\u017byjemy w czasach re\u017cimu\u201d"},{"@type":"BreadcrumbList","@id":"https:\/\/www.pogotowieflagowe.pl\/aktualne\/politycy-pis-staja-w-obronie-ziobry-zyjemy-w-czasach-rezimu\/#breadcrumb","itemListElement":[{"@type":"ListItem","position":1,"name":"Home","item":"https:\/\/www.pogotowieflagowe.pl\/aktualne\/"},{"@type":"ListItem","position":2,"name":"Politycy PiS staj\u0105 w obronie Ziobry: \u201e\u017byjemy w czasach re\u017cimu\u201d"}]},{"@type":"WebSite","@id":"https:\/\/www.pogotowieflagowe.pl\/aktualne\/#website","url":"https:\/\/www.pogotowieflagowe.pl\/aktualne\/","name":"POGOTOWIE FLAGOWE\u00ae","description":"","publisher":{"@id":"https:\/\/www.pogotowieflagowe.pl\/aktualne\/#organization"},"potentialAction":[{"@type":"SearchAction","target":{"@type":"EntryPoint","urlTemplate":"https:\/\/www.pogotowieflagowe.pl\/aktualne\/?s={search_term_string}"},"query-input":"required name=search_term_string"}],"inLanguage":"pl-PL"},{"@type":"Organization","@id":"https:\/\/www.pogotowieflagowe.pl\/aktualne\/#organization","name":"POGOTOWIE FLAGOWE\u00ae","url":"https:\/\/www.pogotowieflagowe.pl\/aktualne\/","logo":{"@type":"ImageObject","inLanguage":"pl-PL","@id":"https:\/\/www.pogotowieflagowe.pl\/aktualne\/#\/schema\/logo\/image\/","url":"https:\/\/www.pogotowieflagowe.pl\/aktualne\/wp-content\/uploads\/2024\/08\/cropped-pogotowieflagowe_flaga_projekt_sm.jpg","contentUrl":"https:\/\/www.pogotowieflagowe.pl\/aktualne\/wp-content\/uploads\/2024\/08\/cropped-pogotowieflagowe_flaga_projekt_sm.jpg","width":250,"height":143,"caption":"POGOTOWIE FLAGOWE\u00ae"},"image":{"@id":"https:\/\/www.pogotowieflagowe.pl\/aktualne\/#\/schema\/logo\/image\/"}},{"@type":"Person","@id":"https:\/\/www.pogotowieflagowe.pl\/aktualne\/#\/schema\/person\/9c2fb7d2362ebf6fa088960d7f0d27b0","name":"Filip","image":{"@type":"ImageObject","inLanguage":"pl-PL","@id":"https:\/\/www.pogotowieflagowe.pl\/aktualne\/#\/schema\/person\/image\/","url":"https:\/\/www.pogotowieflagowe.pl\/aktualne\/wp-content\/uploads\/2024\/08\/pogotowieflagowe.pl_.jpg","contentUrl":"https:\/\/www.pogotowieflagowe.pl\/aktualne\/wp-content\/uploads\/2024\/08\/pogotowieflagowe.pl_.jpg","caption":"Filip"},"description":"Jestem Filip, polski dziennikarz z dyplomem nauk politycznych Uniwersytetu Warszawskiego. Rozpoczynaj\u0105c swoj\u0105 karier\u0119 w r\u00f3\u017cnych lokalnych mediach, zdoby\u0142em solidne do\u015bwiadczenie w zakresie \u015bledztwa i redakcji. Obecnie jako redaktor w Pogotowie flagowe, staram si\u0119 dostarcza\u0107 dog\u0142\u0119bne i istotne analizy na temat najwa\u017cniejszych kwestii aktualno\u015bci, \u0142\u0105cz\u0105c rygor z pasj\u0105 dziennikarsk\u0105.","sameAs":["https:\/\/www.pogotowieflagowe.pl\/"]}]}},"_links":{"self":[{"href":"https:\/\/www.pogotowieflagowe.pl\/aktualne\/wp-json\/wp\/v2\/posts\/9994","targetHints":{"allow":["GET"]}}],"collection":[{"href":"https:\/\/www.pogotowieflagowe.pl\/aktualne\/wp-json\/wp\/v2\/posts"}],"about":[{"href":"https:\/\/www.pogotowieflagowe.pl\/aktualne\/wp-json\/wp\/v2\/types\/post"}],"author":[{"embeddable":true,"href":"https:\/\/www.pogotowieflagowe.pl\/aktualne\/wp-json\/wp\/v2\/users\/1"}],"replies":[{"embeddable":true,"href":"https:\/\/www.pogotowieflagowe.pl\/aktualne\/wp-json\/wp\/v2\/comments?post=9994"}],"version-history":[{"count":1,"href":"https:\/\/www.pogotowieflagowe.pl\/aktualne\/wp-json\/wp\/v2\/posts\/9994\/revisions"}],"predecessor-version":[{"id":9996,"href":"https:\/\/www.pogotowieflagowe.pl\/aktualne\/wp-json\/wp\/v2\/posts\/9994\/revisions\/9996"}],"wp:featuredmedia":[{"embeddable":true,"href":"https:\/\/www.pogotowieflagowe.pl\/aktualne\/wp-json\/wp\/v2\/media\/9995"}],"wp:attachment":[{"href":"https:\/\/www.pogotowieflagowe.pl\/aktualne\/wp-json\/wp\/v2\/media?parent=9994"}],"wp:term":[{"taxonomy":"category","embeddable":true,"href":"https:\/\/www.pogotowieflagowe.pl\/aktualne\/wp-json\/wp\/v2\/categories?post=9994"},{"taxonomy":"post_tag","embeddable":true,"href":"https:\/\/www.pogotowieflagowe.pl\/aktualne\/wp-json\/wp\/v2\/tags?post=9994"}],"curies":[{"name":"wp","href":"https:\/\/api.w.org\/{rel}","templated":true}]}}